{"id":5608,"date":"2019-06-01T12:22:36","date_gmt":"2019-06-01T17:22:36","guid":{"rendered":"https:\/\/canal7slp.tv\/2019\/?p=5608"},"modified":"2019-06-01T12:22:36","modified_gmt":"2019-06-01T17:22:36","slug":"eduardo-hernandez-nuevo-campeon-junior-de-peso-ligero-de-la-nabf","status":"publish","type":"post","link":"https:\/\/canal7slp.tv\/2019\/eduardo-hernandez-nuevo-campeon-junior-de-peso-ligero-de-la-nabf\/","title":{"rendered":"Eduardo Hern\u00e1ndez nuevo campe\u00f3n Junior de peso ligero de la NABF"},"content":{"rendered":"<p style=\"text-align: justify\">M\u00e9xico.- Eduardo Hern\u00e1ndez Rizo conquist\u00f3 el vacante t\u00edtulo Junior de peso ligero de la Asociaci\u00f3n Norteamericana de Boxeo (NABF) avalado por el Consejo Mundial de Boxeo (CMB), al vencer por decisi\u00f3n mayoritaria a Jerson Aguilar.<\/p>\n<p style=\"text-align: justify\">M\u00e1s all\u00e1 que Hern\u00e1ndez Rizo busc\u00f3 la pelea, en los primeros episodios Jerson supo controlarlo y pese a que solt\u00f3 menos golpes era m\u00e1s eficiente, y m\u00e1s h\u00e1bil para quitarse el castigo.<\/p>\n<p style=\"text-align: justify\">Su movilidad de piernas le permiti\u00f3 salir de las cuerdas cuando Rizo lo trataba de arrinconar para conectarle un golpe que inclinara la balanza a su favor.<\/p>\n<p style=\"text-align: justify\">Tras escuchar que las tarjetas favorec\u00edan a Aguilar, Hern\u00e1ndez Rizo entendi\u00f3 que necesitaba ser m\u00e1s certero y vivi\u00f3 grandes momentos en el quinto round en los que conect\u00f3 una serie de combinaciones que lastimaron a Jerson.<\/p>\n<p style=\"text-align: justify\">El control se mantuvo para el sexto, en el que Aguilar tuvo que ser revisado por el m\u00e9dico por un corte en la ceja izquierda, debido a que ya era superado por su contrincante.<\/p>\n<p style=\"text-align: justify\">Aguilar, no obstante, se recuper\u00f3 en el s\u00e9ptimo, y emparej\u00f3 la balanza al dar, pero tambi\u00e9n recibir sobre todo volados que lo sacud\u00edan. Uno de estos golpes mand\u00f3 a la lona a Jerson en el d\u00e9cimo, en el cual parec\u00eda llegar\u00eda a su fin la pelea, pero Hern\u00e1ndez Rizo no lo pudo liquidar.<\/p>\n<p style=\"text-align: justify\">Los dos se castigaron en el und\u00e9cimo, con ligera ventaja para Rizo que encontr\u00f3 en el volado la llave para acertar sus golpes.<\/p>\n<p style=\"text-align: justify\">Para el \u00faltimo episodio salieron decididos a pegar y a recibir, no pod\u00edan especular y ofrecieron un ida y vuelta valiente, lleno de \u201chambre\u201d de triunfo en el que los jueces vieron mejor a Rizo que se coron\u00f3 nuevo monarca.<\/p>\n<p style=\"text-align: justify\">En la semifinal, Adri\u00e1n Pacheco derrot\u00f3 por nocaut efectivo al 1:49 del segundo round al veracruzano Isaac Cast\u00e1n en peso s\u00faper pluma que estaba pactada a ocho vueltas.<\/p>\n<p style=\"text-align: justify\">Desde el inicio el \u201cGallero\u201d demostr\u00f3 una mayor t\u00e9cnica y mejor manejo de pies. Adem\u00e1s, ten\u00eda un mayor alcance, lo cual Cast\u00e1n busc\u00f3 contrarrestar con golpes r\u00e1pidos, sobre todo volados.<\/p>\n<p style=\"text-align: justify\">Pacheco, sin embargo, dej\u00f3 en clara su superioridad al conectar un zurdazo implacable a zona hep\u00e1tica que derrib\u00f3 a su rival, que escuch\u00f3 el conteo y aunque hizo el esfuerzo por levantarse el da\u00f1o estaba hecho.<\/p>\n<p style=\"text-align: justify\">Por su parte, Clara Alc\u00e1ntara se llev\u00f3 la victoria por decisi\u00f3n mayoritaria sobre Luc\u00eda Hern\u00e1ndez a ocho rounds en peso mosca.<\/p>\n<p style=\"text-align: justify\">Pelea muy cerrada en la que las dos demostraron sus deseos por ganar, pero con la \u201cChina\u201d Alc\u00e1ntara un poco m\u00e1s certera en sus embates, sobre todo al momento de soltar el gancho derecho.<\/p>\n<p style=\"text-align: justify\">\u201cLa Polic\u00eda\u201d Hern\u00e1ndez, sin embargo, no fue menos, s\u00f3lo que en ese af\u00e1n de ir al frente fue conectada en varias ocasiones, con la capacidad para responder y da\u00f1ar tambi\u00e9n a su rival.<\/p>\n<p style=\"text-align: justify\">Lucia vivi\u00f3 sus mejores momentos en el round siete en el que con buenas combinaciones cimbr\u00f3 el rostro de Alc\u00e1ntara que ya lucia cansada.<\/p>\n<p style=\"text-align: justify\">Conscientes que la puntuaci\u00f3n era muy pareja, ambas pugilistas aventaron todo en el \u00faltimo episodio en el que la \u201cChina\u201d termin\u00f3 lo que empez\u00f3 para salir con el brazo en alto.<\/p>\n<p style=\"text-align: justify\">En otro combate, Nallely Verde se recuper\u00f3 de cuatro rounds muy complicados para derribar a Estefan\u00eda Nolasco en la recta final de la pelea, y as\u00ed llevarse el triunfo por decisi\u00f3n divid\u00eda en peso minimosca a seis vueltas.<\/p>\n<p style=\"text-align: justify\">La velocidad en sus brazos le permiti\u00f3 a la \u201cChiquita\u201d Nolasco controlar el combate en el inicio, pese a la desventaja que ten\u00eda por la estatura frente a una rival de la superaba en alcance, pero sin el mismo poder para responder de igual manera los golpes que recib\u00eda.<\/p>\n<p style=\"text-align: justify\">La \u201cDiablita\u201d Verde intent\u00f3 mantener el combate a distancia, pero con poco \u00e9xito, ya que la \u201cChiquita\u201d llev\u00f3 la pelea al terreno corto donde era m\u00e1s eficiente en sus golpes y con los que m\u00e1s de una vez cimbr\u00f3 el rostro de Nallely.<\/p>\n<p style=\"text-align: justify\">Con m\u00e1s coraz\u00f3n que fuerza, Nallely Verde soport\u00f3 el castigo y hasta respondi\u00f3 algunos golpes de izquierda que entraron de lleno en el rostro de Nolasco, quien parec\u00eda no resentirlos.<\/p>\n<p style=\"text-align: justify\">El sexto y \u00faltimo episodio fue toma y daca, en el que la \u201cDiablita\u201d, pese a que luc\u00eda agotada por el esfuerzo f\u00edsico, sac\u00f3 fuerzas de lo m\u00e1s profundo de su dignidad.<\/p>\n<p style=\"text-align: justify\">Nalley no rehuy\u00f3 al intercambio de golpes y cerca del final conect\u00f3 una zurda al ment\u00f3n que mand\u00f3 a la lona a la \u201cChiquita\u201d que se levant\u00f3 solo para escuchar la campana que decret\u00f3 el fin de la pelea.<\/p>\n<p style=\"text-align: justify\">En la segunda de la noche, Karla Mar\u00eda Carmona venci\u00f3 por decisi\u00f3n un\u00e1nime a Johanna Loukannen en pelea pactada a cuatro rounds en 48 kilos con 500 gramos.<\/p>\n<p style=\"text-align: justify\">Pelea en la que Carmona mostr\u00f3 mayores recursos, tanto para ir al frente como para defender, ante Loukannen, quien fue valiente, pero era inferior.<\/p>\n<p style=\"text-align: justify\">En su af\u00e1n de atacar, Loukannen dejaba abierta su defensa, lo que aprovechaba su rival para prenderla con rectos de derecha que le hicieron da\u00f1o y que a la postre le dieron el triunfo a Carmona.<\/p>\n<p style=\"text-align: justify\">En la inicial, en duelo de capitalinos, Miguel \u00c1ngel Luna se impuso por decisi\u00f3n divid\u00eda a Roberto Palomares en peso mosca a cuatro rounds.<\/p>\n<p style=\"text-align: justify\">Combate en el que ninguno de los dos no se guard\u00f3 nada, ya que desde el primer episodio salieron a buscar la pelea frontal, en la que Palomares trato de aprovechar su mayor estatura en largo alcance.<\/p>\n<p style=\"text-align: justify\">Mientras que \u201cCharal\u201d Luna intent\u00f3 la media y corta distancia, con volados de derecha que pegaron de manera certera en el rostro de su rival, por lo que vivi\u00f3 sus mejores momentos en el tercer round con volado de derecha que provoc\u00f3 que Palomares perdiera su protector bucal.<\/p>\n<p style=\"text-align: justify\">Al sentirse abajo de las puntuaciones, Palomares escuela al frente en el cuarto y \u00faltimo round, en la que los dos no duraron en dejar todo en busca de ese golpe que les diera el triunfo.<\/p>\n","protected":false},"excerpt":{"rendered":"<p>M\u00e9xico.- Eduardo Hern\u00e1ndez Rizo conquist\u00f3 el vacante t\u00edtulo Junior de peso ligero de la Asociaci\u00f3n Norteamericana de Boxeo (NABF) avalado por el Consejo Mundial de Boxeo (CMB), al vencer por decisi\u00f3n mayoritaria a Jerson Aguilar. M\u00e1s all\u00e1 que Hern\u00e1ndez Rizo busc\u00f3 la pelea, en los primeros episodios Jerson supo controlarlo y pese a que solt\u00f3 [&hellip;]<\/p>\n","protected":false},"author":2,"featured_media":5609,"comment_status":"open","ping_status":"open","sticky":false,"template":"","format":"standard","meta":{"footnotes":""},"categories":[96],"tags":[],"class_list":["post-5608","post","type-post","status-publish","format-standard","has-post-thumbnail","hentry","category-deportes"],"yoast_head":"<!-- This site is optimized with the Yoast SEO plugin v27.5 - https:\/\/yoast.com\/product\/yoast-seo-wordpress\/ -->\n<title>Eduardo Hern\u00e1ndez nuevo campe\u00f3n Junior de peso ligero de la NABF - Canal 7 SLP - 2019<\/title>\n<meta name=\"robots\" content=\"index, follow, max-snippet:-1, max-image-preview:large, max-video-preview:-1\" \/>\n<link rel=\"canonical\" href=\"https:\/\/canal7slp.tv\/2019\/eduardo-hernandez-nuevo-campeon-junior-de-peso-ligero-de-la-nabf\/\" \/>\n<meta property=\"og:locale\" content=\"es_ES\" \/>\n<meta property=\"og:type\" content=\"article\" \/>\n<meta property=\"og:title\" content=\"Eduardo Hern\u00e1ndez nuevo campe\u00f3n Junior de peso ligero de la NABF - Canal 7 SLP - 2019\" \/>\n<meta property=\"og:description\" content=\"M\u00e9xico.- Eduardo Hern\u00e1ndez Rizo conquist\u00f3 el vacante t\u00edtulo Junior de peso ligero de la Asociaci\u00f3n Norteamericana de Boxeo (NABF) avalado por el Consejo Mundial de Boxeo (CMB), al vencer por decisi\u00f3n mayoritaria a Jerson Aguilar. M\u00e1s all\u00e1 que Hern\u00e1ndez Rizo busc\u00f3 la pelea, en los primeros episodios Jerson supo controlarlo y pese a que solt\u00f3 [&hellip;]\" \/>\n<meta property=\"og:url\" content=\"https:\/\/canal7slp.tv\/2019\/eduardo-hernandez-nuevo-campeon-junior-de-peso-ligero-de-la-nabf\/\" \/>\n<meta property=\"og:site_name\" content=\"Canal 7 SLP - 2019\" \/>\n<meta property=\"article:publisher\" content=\"https:\/\/www.facebook.com\/CANAL7SLP\/\" \/>\n<meta property=\"article:published_time\" content=\"2019-06-01T17:22:36+00:00\" \/>\n<meta property=\"og:image\" content=\"https:\/\/canal7slp.tv\/2019\/wp-content\/uploads\/2019\/06\/1350.jpg\" \/>\n\t<meta property=\"og:image:width\" content=\"800\" \/>\n\t<meta property=\"og:image:height\" content=\"580\" \/>\n\t<meta property=\"og:image:type\" content=\"image\/jpeg\" \/>\n<meta name=\"author\" content=\"edicionweb\" \/>\n<meta name=\"twitter:card\" content=\"summary_large_image\" \/>\n<meta name=\"twitter:creator\" content=\"@canal7_slp\" \/>\n<meta name=\"twitter:site\" content=\"@canal7_slp\" \/>\n<meta name=\"twitter:label1\" content=\"Escrito por\" \/>\n\t<meta name=\"twitter:data1\" content=\"edicionweb\" \/>\n\t<meta name=\"twitter:label2\" content=\"Tiempo de lectura\" \/>\n\t<meta name=\"twitter:data2\" content=\"5 minutos\" \/>\n<script type=\"application\/ld+json\" class=\"yoast-schema-graph\">{\"@context\":\"https:\\\/\\\/schema.org\",\"@graph\":[{\"@type\":\"Article\",\"@id\":\"https:\\\/\\\/canal7slp.tv\\\/2019\\\/eduardo-hernandez-nuevo-campeon-junior-de-peso-ligero-de-la-nabf\\\/#article\",\"isPartOf\":{\"@id\":\"https:\\\/\\\/canal7slp.tv\\\/2019\\\/eduardo-hernandez-nuevo-campeon-junior-de-peso-ligero-de-la-nabf\\\/\"},\"author\":{\"name\":\"edicionweb\",\"@id\":\"https:\\\/\\\/canal7slp.tv\\\/2019\\\/#\\\/schema\\\/person\\\/11d941c1c6ca30ac0a46b95fa37aa2e3\"},\"headline\":\"Eduardo Hern\u00e1ndez nuevo campe\u00f3n Junior de peso ligero de la NABF\",\"datePublished\":\"2019-06-01T17:22:36+00:00\",\"mainEntityOfPage\":{\"@id\":\"https:\\\/\\\/canal7slp.tv\\\/2019\\\/eduardo-hernandez-nuevo-campeon-junior-de-peso-ligero-de-la-nabf\\\/\"},\"wordCount\":1060,\"commentCount\":0,\"publisher\":{\"@id\":\"https:\\\/\\\/canal7slp.tv\\\/2019\\\/#organization\"},\"image\":{\"@id\":\"https:\\\/\\\/canal7slp.tv\\\/2019\\\/eduardo-hernandez-nuevo-campeon-junior-de-peso-ligero-de-la-nabf\\\/#primaryimage\"},\"thumbnailUrl\":\"https:\\\/\\\/canal7slp.tv\\\/2019\\\/wp-content\\\/uploads\\\/2019\\\/06\\\/1350.jpg\",\"articleSection\":[\"DEPORTES\"],\"inLanguage\":\"es\",\"potentialAction\":[{\"@type\":\"CommentAction\",\"name\":\"Comment\",\"target\":[\"https:\\\/\\\/canal7slp.tv\\\/2019\\\/eduardo-hernandez-nuevo-campeon-junior-de-peso-ligero-de-la-nabf\\\/#respond\"]}]},{\"@type\":\"WebPage\",\"@id\":\"https:\\\/\\\/canal7slp.tv\\\/2019\\\/eduardo-hernandez-nuevo-campeon-junior-de-peso-ligero-de-la-nabf\\\/\",\"url\":\"https:\\\/\\\/canal7slp.tv\\\/2019\\\/eduardo-hernandez-nuevo-campeon-junior-de-peso-ligero-de-la-nabf\\\/\",\"name\":\"Eduardo Hern\u00e1ndez nuevo campe\u00f3n Junior de peso ligero de la NABF - Canal 7 SLP - 2019\",\"isPartOf\":{\"@id\":\"https:\\\/\\\/canal7slp.tv\\\/2019\\\/#website\"},\"primaryImageOfPage\":{\"@id\":\"https:\\\/\\\/canal7slp.tv\\\/2019\\\/eduardo-hernandez-nuevo-campeon-junior-de-peso-ligero-de-la-nabf\\\/#primaryimage\"},\"image\":{\"@id\":\"https:\\\/\\\/canal7slp.tv\\\/2019\\\/eduardo-hernandez-nuevo-campeon-junior-de-peso-ligero-de-la-nabf\\\/#primaryimage\"},\"thumbnailUrl\":\"https:\\\/\\\/canal7slp.tv\\\/2019\\\/wp-content\\\/uploads\\\/2019\\\/06\\\/1350.jpg\",\"datePublished\":\"2019-06-01T17:22:36+00:00\",\"breadcrumb\":{\"@id\":\"https:\\\/\\\/canal7slp.tv\\\/2019\\\/eduardo-hernandez-nuevo-campeon-junior-de-peso-ligero-de-la-nabf\\\/#breadcrumb\"},\"inLanguage\":\"es\",\"potentialAction\":[{\"@type\":\"ReadAction\",\"target\":[\"https:\\\/\\\/canal7slp.tv\\\/2019\\\/eduardo-hernandez-nuevo-campeon-junior-de-peso-ligero-de-la-nabf\\\/\"]}]},{\"@type\":\"ImageObject\",\"inLanguage\":\"es\",\"@id\":\"https:\\\/\\\/canal7slp.tv\\\/2019\\\/eduardo-hernandez-nuevo-campeon-junior-de-peso-ligero-de-la-nabf\\\/#primaryimage\",\"url\":\"https:\\\/\\\/canal7slp.tv\\\/2019\\\/wp-content\\\/uploads\\\/2019\\\/06\\\/1350.jpg\",\"contentUrl\":\"https:\\\/\\\/canal7slp.tv\\\/2019\\\/wp-content\\\/uploads\\\/2019\\\/06\\\/1350.jpg\",\"width\":800,\"height\":580},{\"@type\":\"BreadcrumbList\",\"@id\":\"https:\\\/\\\/canal7slp.tv\\\/2019\\\/eduardo-hernandez-nuevo-campeon-junior-de-peso-ligero-de-la-nabf\\\/#breadcrumb\",\"itemListElement\":[{\"@type\":\"ListItem\",\"position\":1,\"name\":\"Home\",\"item\":\"https:\\\/\\\/canal7slp.tv\\\/2019\\\/\"},{\"@type\":\"ListItem\",\"position\":2,\"name\":\"Eduardo Hern\u00e1ndez nuevo campe\u00f3n Junior de peso ligero de la NABF\"}]},{\"@type\":\"WebSite\",\"@id\":\"https:\\\/\\\/canal7slp.tv\\\/2019\\\/#website\",\"url\":\"https:\\\/\\\/canal7slp.tv\\\/2019\\\/\",\"name\":\"Canal 7 SLP - Somos TV\",\"description\":\"Somos un Canal de 10\",\"publisher\":{\"@id\":\"https:\\\/\\\/canal7slp.tv\\\/2019\\\/#organization\"},\"potentialAction\":[{\"@type\":\"SearchAction\",\"target\":{\"@type\":\"EntryPoint\",\"urlTemplate\":\"https:\\\/\\\/canal7slp.tv\\\/2019\\\/?s={search_term_string}\"},\"query-input\":{\"@type\":\"PropertyValueSpecification\",\"valueRequired\":true,\"valueName\":\"search_term_string\"}}],\"inLanguage\":\"es\"},{\"@type\":\"Organization\",\"@id\":\"https:\\\/\\\/canal7slp.tv\\\/2019\\\/#organization\",\"name\":\"Comunicaci\u00f3n 2000 S.A. de C.V.\",\"url\":\"https:\\\/\\\/canal7slp.tv\\\/2019\\\/\",\"logo\":{\"@type\":\"ImageObject\",\"inLanguage\":\"es\",\"@id\":\"https:\\\/\\\/canal7slp.tv\\\/2019\\\/#\\\/schema\\\/logo\\\/image\\\/\",\"url\":\"https:\\\/\\\/canal7slp.tv\\\/2019\\\/wp-content\\\/uploads\\\/2019\\\/07\\\/logo-c7.png\",\"contentUrl\":\"https:\\\/\\\/canal7slp.tv\\\/2019\\\/wp-content\\\/uploads\\\/2019\\\/07\\\/logo-c7.png\",\"width\":220,\"height\":60,\"caption\":\"Comunicaci\u00f3n 2000 S.A. de C.V.\"},\"image\":{\"@id\":\"https:\\\/\\\/canal7slp.tv\\\/2019\\\/#\\\/schema\\\/logo\\\/image\\\/\"},\"sameAs\":[\"https:\\\/\\\/www.facebook.com\\\/CANAL7SLP\\\/\",\"https:\\\/\\\/x.com\\\/canal7_slp\",\"https:\\\/\\\/www.instagram.com\\\/canal7_slp\",\"https:\\\/\\\/www.youtube.com\\\/user\\\/NOTICIEROSCANAL7SLP\\\/\"]},{\"@type\":\"Person\",\"@id\":\"https:\\\/\\\/canal7slp.tv\\\/2019\\\/#\\\/schema\\\/person\\\/11d941c1c6ca30ac0a46b95fa37aa2e3\",\"name\":\"edicionweb\",\"image\":{\"@type\":\"ImageObject\",\"inLanguage\":\"es\",\"@id\":\"https:\\\/\\\/secure.gravatar.com\\\/avatar\\\/eee448fc3f7164808013b816ba91ac7e43bbe82a70bebac296f8bc6f0addaa1a?s=96&d=mm&r=g\",\"url\":\"https:\\\/\\\/secure.gravatar.com\\\/avatar\\\/eee448fc3f7164808013b816ba91ac7e43bbe82a70bebac296f8bc6f0addaa1a?s=96&d=mm&r=g\",\"contentUrl\":\"https:\\\/\\\/secure.gravatar.com\\\/avatar\\\/eee448fc3f7164808013b816ba91ac7e43bbe82a70bebac296f8bc6f0addaa1a?s=96&d=mm&r=g\",\"caption\":\"edicionweb\"}}]}<\/script>\n<!-- \/ Yoast SEO plugin. -->","yoast_head_json":{"title":"Eduardo Hern\u00e1ndez nuevo campe\u00f3n Junior de peso ligero de la NABF - Canal 7 SLP - 2019","robots":{"index":"index","follow":"follow","max-snippet":"max-snippet:-1","max-image-preview":"max-image-preview:large","max-video-preview":"max-video-preview:-1"},"canonical":"https:\/\/canal7slp.tv\/2019\/eduardo-hernandez-nuevo-campeon-junior-de-peso-ligero-de-la-nabf\/","og_locale":"es_ES","og_type":"article","og_title":"Eduardo Hern\u00e1ndez nuevo campe\u00f3n Junior de peso ligero de la NABF - Canal 7 SLP - 2019","og_description":"M\u00e9xico.- Eduardo Hern\u00e1ndez Rizo conquist\u00f3 el vacante t\u00edtulo Junior de peso ligero de la Asociaci\u00f3n Norteamericana de Boxeo (NABF) avalado por el Consejo Mundial de Boxeo (CMB), al vencer por decisi\u00f3n mayoritaria a Jerson Aguilar. M\u00e1s all\u00e1 que Hern\u00e1ndez Rizo busc\u00f3 la pelea, en los primeros episodios Jerson supo controlarlo y pese a que solt\u00f3 [&hellip;]","og_url":"https:\/\/canal7slp.tv\/2019\/eduardo-hernandez-nuevo-campeon-junior-de-peso-ligero-de-la-nabf\/","og_site_name":"Canal 7 SLP - 2019","article_publisher":"https:\/\/www.facebook.com\/CANAL7SLP\/","article_published_time":"2019-06-01T17:22:36+00:00","og_image":[{"width":800,"height":580,"url":"https:\/\/canal7slp.tv\/2019\/wp-content\/uploads\/2019\/06\/1350.jpg","type":"image\/jpeg"}],"author":"edicionweb","twitter_card":"summary_large_image","twitter_creator":"@canal7_slp","twitter_site":"@canal7_slp","twitter_misc":{"Escrito por":"edicionweb","Tiempo de lectura":"5 minutos"},"schema":{"@context":"https:\/\/schema.org","@graph":[{"@type":"Article","@id":"https:\/\/canal7slp.tv\/2019\/eduardo-hernandez-nuevo-campeon-junior-de-peso-ligero-de-la-nabf\/#article","isPartOf":{"@id":"https:\/\/canal7slp.tv\/2019\/eduardo-hernandez-nuevo-campeon-junior-de-peso-ligero-de-la-nabf\/"},"author":{"name":"edicionweb","@id":"https:\/\/canal7slp.tv\/2019\/#\/schema\/person\/11d941c1c6ca30ac0a46b95fa37aa2e3"},"headline":"Eduardo Hern\u00e1ndez nuevo campe\u00f3n Junior de peso ligero de la NABF","datePublished":"2019-06-01T17:22:36+00:00","mainEntityOfPage":{"@id":"https:\/\/canal7slp.tv\/2019\/eduardo-hernandez-nuevo-campeon-junior-de-peso-ligero-de-la-nabf\/"},"wordCount":1060,"commentCount":0,"publisher":{"@id":"https:\/\/canal7slp.tv\/2019\/#organization"},"image":{"@id":"https:\/\/canal7slp.tv\/2019\/eduardo-hernandez-nuevo-campeon-junior-de-peso-ligero-de-la-nabf\/#primaryimage"},"thumbnailUrl":"https:\/\/canal7slp.tv\/2019\/wp-content\/uploads\/2019\/06\/1350.jpg","articleSection":["DEPORTES"],"inLanguage":"es","potentialAction":[{"@type":"CommentAction","name":"Comment","target":["https:\/\/canal7slp.tv\/2019\/eduardo-hernandez-nuevo-campeon-junior-de-peso-ligero-de-la-nabf\/#respond"]}]},{"@type":"WebPage","@id":"https:\/\/canal7slp.tv\/2019\/eduardo-hernandez-nuevo-campeon-junior-de-peso-ligero-de-la-nabf\/","url":"https:\/\/canal7slp.tv\/2019\/eduardo-hernandez-nuevo-campeon-junior-de-peso-ligero-de-la-nabf\/","name":"Eduardo Hern\u00e1ndez nuevo campe\u00f3n Junior de peso ligero de la NABF - Canal 7 SLP - 2019","isPartOf":{"@id":"https:\/\/canal7slp.tv\/2019\/#website"},"primaryImageOfPage":{"@id":"https:\/\/canal7slp.tv\/2019\/eduardo-hernandez-nuevo-campeon-junior-de-peso-ligero-de-la-nabf\/#primaryimage"},"image":{"@id":"https:\/\/canal7slp.tv\/2019\/eduardo-hernandez-nuevo-campeon-junior-de-peso-ligero-de-la-nabf\/#primaryimage"},"thumbnailUrl":"https:\/\/canal7slp.tv\/2019\/wp-content\/uploads\/2019\/06\/1350.jpg","datePublished":"2019-06-01T17:22:36+00:00","breadcrumb":{"@id":"https:\/\/canal7slp.tv\/2019\/eduardo-hernandez-nuevo-campeon-junior-de-peso-ligero-de-la-nabf\/#breadcrumb"},"inLanguage":"es","potentialAction":[{"@type":"ReadAction","target":["https:\/\/canal7slp.tv\/2019\/eduardo-hernandez-nuevo-campeon-junior-de-peso-ligero-de-la-nabf\/"]}]},{"@type":"ImageObject","inLanguage":"es","@id":"https:\/\/canal7slp.tv\/2019\/eduardo-hernandez-nuevo-campeon-junior-de-peso-ligero-de-la-nabf\/#primaryimage","url":"https:\/\/canal7slp.tv\/2019\/wp-content\/uploads\/2019\/06\/1350.jpg","contentUrl":"https:\/\/canal7slp.tv\/2019\/wp-content\/uploads\/2019\/06\/1350.jpg","width":800,"height":580},{"@type":"BreadcrumbList","@id":"https:\/\/canal7slp.tv\/2019\/eduardo-hernandez-nuevo-campeon-junior-de-peso-ligero-de-la-nabf\/#breadcrumb","itemListElement":[{"@type":"ListItem","position":1,"name":"Home","item":"https:\/\/canal7slp.tv\/2019\/"},{"@type":"ListItem","position":2,"name":"Eduardo Hern\u00e1ndez nuevo campe\u00f3n Junior de peso ligero de la NABF"}]},{"@type":"WebSite","@id":"https:\/\/canal7slp.tv\/2019\/#website","url":"https:\/\/canal7slp.tv\/2019\/","name":"Canal 7 SLP - Somos TV","description":"Somos un Canal de 10","publisher":{"@id":"https:\/\/canal7slp.tv\/2019\/#organization"},"potentialAction":[{"@type":"SearchAction","target":{"@type":"EntryPoint","urlTemplate":"https:\/\/canal7slp.tv\/2019\/?s={search_term_string}"},"query-input":{"@type":"PropertyValueSpecification","valueRequired":true,"valueName":"search_term_string"}}],"inLanguage":"es"},{"@type":"Organization","@id":"https:\/\/canal7slp.tv\/2019\/#organization","name":"Comunicaci\u00f3n 2000 S.A. de C.V.","url":"https:\/\/canal7slp.tv\/2019\/","logo":{"@type":"ImageObject","inLanguage":"es","@id":"https:\/\/canal7slp.tv\/2019\/#\/schema\/logo\/image\/","url":"https:\/\/canal7slp.tv\/2019\/wp-content\/uploads\/2019\/07\/logo-c7.png","contentUrl":"https:\/\/canal7slp.tv\/2019\/wp-content\/uploads\/2019\/07\/logo-c7.png","width":220,"height":60,"caption":"Comunicaci\u00f3n 2000 S.A. de C.V."},"image":{"@id":"https:\/\/canal7slp.tv\/2019\/#\/schema\/logo\/image\/"},"sameAs":["https:\/\/www.facebook.com\/CANAL7SLP\/","https:\/\/x.com\/canal7_slp","https:\/\/www.instagram.com\/canal7_slp","https:\/\/www.youtube.com\/user\/NOTICIEROSCANAL7SLP\/"]},{"@type":"Person","@id":"https:\/\/canal7slp.tv\/2019\/#\/schema\/person\/11d941c1c6ca30ac0a46b95fa37aa2e3","name":"edicionweb","image":{"@type":"ImageObject","inLanguage":"es","@id":"https:\/\/secure.gravatar.com\/avatar\/eee448fc3f7164808013b816ba91ac7e43bbe82a70bebac296f8bc6f0addaa1a?s=96&d=mm&r=g","url":"https:\/\/secure.gravatar.com\/avatar\/eee448fc3f7164808013b816ba91ac7e43bbe82a70bebac296f8bc6f0addaa1a?s=96&d=mm&r=g","contentUrl":"https:\/\/secure.gravatar.com\/avatar\/eee448fc3f7164808013b816ba91ac7e43bbe82a70bebac296f8bc6f0addaa1a?s=96&d=mm&r=g","caption":"edicionweb"}}]}},"amp_enabled":true,"cmb2":{"video_ids_in_playlist":{"vid_p_videos":""},"video_ids_in_channel":{"vid_c_videos":""},"playlist_ids_in_channel":{"vid_c_playlists":""},"series_ids_in_channel":{"vid_c_series":""},"channel_images":{"vid_c_logo":"","vid_c_banner":""},"poster_feature_image":{"vid_m_poster_image":""},"gif_feature_image":{"vid_m_gif_image":""},"video_movie_settings":{"vid_m_director":"","vid_m_actor":"","vid_m_imdb_ratings":"","vid_m_amazon_associates":""},"vid_youtube_broadcasts_settings":{"vid_yb_broadcast_title":"","vid_yb_q":"","vid_yb_channelid":"","vid_yb_videocategoryid":"","vid_yb_maxresults":"","vid_yb_order":"","vid_yb_regioncode":"","vid_yb_videosyndicated":"","vid_yb_style":"","vid_yb_reload_first":""},"video_series_settings":{"vid_m_director":"","vid_m_actor":"","vid_m_imdb_ratings":"","video_series_group":""},"amazon_associates_settings":{"amazon_associates":"","amazon_native_ad":""},"vid_youtube_automatic_settings":{"vid_ya_youtube_source":"","vid_ya_update_every":"","vid_ya_update_unit":"","vid_ya_categories":"","vid_ya_published_after":"","vid_ya_published_before":"","vid_ya_playlists":"","vid_ya_channels":"","vid_ya_director":"","vid_ya_actor":"","vid_ya_author":"","vid_ya_import_post_date":"","vid_ya_status":"","vid_ya_sub_api_key":""},"vid_ads_m_videoads_settings_post":{"vid_ads_m_video_ads":"","vid_ads_m_video_ads_type":"","vid_ads_m_group_google_ima":"","vid_ads_m_group_image":"","vid_ads_m_group_html5_video":"","vid_ads_m_group_html":"","vid_ads_m_vast_preroll":"","vid_ads_m_vast_postroll":"","vid_ads_m_vast_pauseroll":"","vid_ads_m_vast_midroll":[{"vid_ads_m_vast_timer_seconds":"50"}],"vid_ads_m_time_to_show_ads":"","vid_ads_m_time_skip_ads":"","vid_ads_m_time_to_hide_ads":""},"page_slider_settings":{"display_slider_group":"","page_slider_group":""},"blog_page_settings":{"blog_page_title":"","blog_page_heading":"","blog_page_ic":"","blog_page_it":"","blog_page_ec":"","blog_page_ip":"","archive_loop_style":"","blog_image_ratio":"","blog_show_categories":"","blog_show_excerpt":"","blog_show_author":"","blog_show_date":"","blog_show_comment_count":"","blog_show_view_count":"","blog_show_like_count":"","blog_show_dislike_count":"","blog_items_per_page":"","blog_pag_type":""},"page_options":{"get_page_template":"","color_mode":"","main_layout":"","main_layout_full_with":"","main_logo":"","main_logo_retina":"","main_logo_mobile":"","main_logo_mobile_retina":"","sticky_logo":"","sticky_logo_retina":"","main_nav_layout":"","ajax_search":"","header_background":"","theme_sidebar":"","instagram_feed":"","instagram_feed_position":"","popular_videos":"","popular_videos_title_1":"","popular_videos_title_2":"","popular_videos_ic":"","popular_videos_it":"","theme_background":"","page_custom_css":""},"feature_image_settings":{"feature_image_position":""},"video_player_settings":{"single_video_style":"","video_player_position":"","vm_video_url":"","video_player_library":"","video_streaming":"","vm_media_sources":"","vid_auto_play":"","vm_video_shortcode":"","vid_p_sync_playlist":"","vid_c_sync_channel":"","get_post_format":"","multiple_links_structure":"default","multi_links_title":"","vm_video_multi_links":"","vm_duration":"","vid_social_locker":"off","vid_social_locker_id":"","vid_membership_action":"content-video","vm_video_trailer_url":"","vid_download_type":"free","vid_download_target":"download","vid_woo_product":"","vm_media_download":"","user_rating":"","user_rating_position":"","user_rating_mode":"","user_rating_multi_sets":""},"video_auto_fetch_settings":{"vm_video_fetch":"on"},"video_fake_views_likes":{"vm_fake_views":"","vm_fake_likes":"","vm_fake_dislikes":""},"gallery_settings":{"gallery_position":""},"quote_settings":{"quote_position":""},"post_options":{"main_layout":"","main_logo":"","main_logo_retina":"","main_logo_mobile":"","main_logo_mobile_retina":"","sticky_logo":"","sticky_logo_retina":"","main_nav_layout":"","header_background":"","theme_sidebar":"","single_post_comment_type":"","theme_background":""}},"_links":{"self":[{"href":"https:\/\/canal7slp.tv\/2019\/wp-json\/wp\/v2\/posts\/5608","targetHints":{"allow":["GET"]}}],"collection":[{"href":"https:\/\/canal7slp.tv\/2019\/wp-json\/wp\/v2\/posts"}],"about":[{"href":"https:\/\/canal7slp.tv\/2019\/wp-json\/wp\/v2\/types\/post"}],"author":[{"embeddable":true,"href":"https:\/\/canal7slp.tv\/2019\/wp-json\/wp\/v2\/users\/2"}],"replies":[{"embeddable":true,"href":"https:\/\/canal7slp.tv\/2019\/wp-json\/wp\/v2\/comments?post=5608"}],"version-history":[{"count":0,"href":"https:\/\/canal7slp.tv\/2019\/wp-json\/wp\/v2\/posts\/5608\/revisions"}],"wp:featuredmedia":[{"embeddable":true,"href":"https:\/\/canal7slp.tv\/2019\/wp-json\/wp\/v2\/media\/5609"}],"wp:attachment":[{"href":"https:\/\/canal7slp.tv\/2019\/wp-json\/wp\/v2\/media?parent=5608"}],"wp:term":[{"taxonomy":"category","embeddable":true,"href":"https:\/\/canal7slp.tv\/2019\/wp-json\/wp\/v2\/categories?post=5608"},{"taxonomy":"post_tag","embeddable":true,"href":"https:\/\/canal7slp.tv\/2019\/wp-json\/wp\/v2\/tags?post=5608"}],"curies":[{"name":"wp","href":"https:\/\/api.w.org\/{rel}","templated":true}]}}