{"id":55156,"date":"2019-08-26T09:17:10","date_gmt":"2019-08-26T14:17:10","guid":{"rendered":"https:\/\/canal7slp.tv\/2019\/?p=55156"},"modified":"2019-08-26T09:17:10","modified_gmt":"2019-08-26T14:17:10","slug":"refugiados-rohingyas-cumplen-dos-anos-de-exodo-a-bangladesh","status":"publish","type":"post","link":"https:\/\/canal7slp.tv\/2019\/refugiados-rohingyas-cumplen-dos-anos-de-exodo-a-bangladesh\/","title":{"rendered":"Refugiados rohingyas cumplen dos a\u00f1os de \u00e9xodo a Bangladesh"},"content":{"rendered":"<p style=\"text-align: justify\">Bangladesh.- Refugiados rohingyas realizaron hoy manifestaciones pac\u00edficas dentro de los campamentos que los acogen en Bangladesh, para exigir sus derechos y ciudadan\u00eda, en el segundo aniversario de su \u00e9xodo despu\u00e9s de la represi\u00f3n de Myanmar.<\/p>\n<p style=\"text-align: justify\">Los refugiados rohingya se reunieron para conmemorar el segundo aniversario del \u00e9xodo en el campamento de Kutupalong en Cox\u2019s Bazar, Bangladesh, despu\u00e9s de un fallido segundo intento de repatriar a los refugiados, en el que ni un solo rohingya decidi\u00f3 regresar.<\/p>\n<p style=\"text-align: justify\">El retorno es voluntario y casi ninguno ha regresado, mientras Myanmar contin\u00faa neg\u00e1ndoles la ciudadan\u00eda. Este pa\u00eds ha ofrecido permitir la libertad de movimiento rohingya si aceptan una tarjeta de identificaci\u00f3n nacional, lo cual, seg\u00fan la etnia, significar\u00eda reconocer su condici\u00f3n de inmigrantes ilegales.<\/p>\n<p style=\"text-align: justify\">El intento de repatriaci\u00f3n se registr\u00f3 el jueves e involucr\u00f3 a casi 300 familias, con autobuses listos para llevarlos de regreso a Myanmar. La agencia de las Naciones Unidas para los refugiados dijo que hasta ahora, ninguno ha indicado su disposici\u00f3n a repatriarse en este momento.<\/p>\n<p style=\"text-align: justify\">Varios de los refugiados expresaron su deseo de recuperar sus derechos,y entre sus demandas est\u00e1n la tarjeta de ciudadan\u00eda, en la que se reconozca su etnia, que garantice sus seguridad con la presencia de una fuerza internacional, que se les traslade a los terrenos que pose\u00edan antes de su huida, inform\u00f3 la BBC de Londres.<\/p>\n<p style=\"text-align: justify\">Alrededor de un mill\u00f3n de personas desplazadas viven ahora en Bangladesh, la mayor\u00eda en enormes y extensos campos de refugiados, el mayor de los cuales alberga a m\u00e1s de medio mill\u00f3n de personas, lo que representa una carga econ\u00f3mica para el pa\u00eds asi\u00e1tico.<\/p>\n<p style=\"text-align: justify\">A principios de este a\u00f1o, Bangladesh dijo que ya no pod\u00eda aceptar m\u00e1s refugiados, ya que un acuerdo de enero de 2018 entre \u00e9l y Myanmar para repatriar a los rohingya no se materializ\u00f3. Sin embargo, aunque con muchas carencias la etnia ha elegido vivir de manera m\u00e1s segura en Bangladesh.<\/p>\n<p style=\"text-align: justify\">Hasta ahora, los dos intentos de iniciar el proceso de repatriaci\u00f3n han fracasado, el \u00faltimo de ellos esta semana, al no presentarse ning\u00fan voluntario por la falta de garant\u00edas en Myanmar.<\/p>\n<p style=\"text-align: justify\">Los rohingya son una minor\u00eda \u00e9tnica musulmana en Myanmar, la mayor\u00eda de los cuales viven en el estado de Rakhine, y tienen su propio idioma y cultura. Pero a pesar de vivir en Myanmar por generaciones, no son reconocidos como ciudadanos ni contados en el censo.<\/p>\n<p style=\"text-align: justify\">El 25 de agosto de 2017, casi 740 mil rohingya, de mayor\u00eda musulmana, huyeron del estado de Rakhine hacia Bangladesh, uni\u00e9ndose a 200 mil que ya estaban all\u00ed, despu\u00e9s de que las fuerzas armadas de Myanmar lanzaron una brutal represi\u00f3n tras los ataques a los puestos de seguridad.<\/p>\n<p style=\"text-align: justify\">La respuesta de las autoridades, aunque supuestamente fue un intento de arrestar a militantes, quem\u00f3 pueblos enteros y atac\u00f3 a civiles, de acuerdo con una investigaci\u00f3n establecida por la ONU que recomend\u00f3 el enjuiciamiento de los principales comandantes militares de Myanmar por genocidio, cr\u00edmenes de guerra y cr\u00edmenes contra la humanidad.<\/p>\n","protected":false},"excerpt":{"rendered":"<p>Bangladesh.- Refugiados rohingyas realizaron hoy manifestaciones pac\u00edficas dentro de los campamentos que los acogen en Bangladesh, para exigir sus derechos y ciudadan\u00eda, en el segundo aniversario de su \u00e9xodo despu\u00e9s de la represi\u00f3n de Myanmar. Los refugiados rohingya se reunieron para conmemorar el segundo aniversario del \u00e9xodo en el campamento de Kutupalong en Cox\u2019s Bazar, [&hellip;]<\/p>\n","protected":false},"author":2,"featured_media":55157,"comment_status":"open","ping_status":"open","sticky":false,"template":"","format":"standard","meta":{"footnotes":""},"categories":[18],"tags":[],"class_list":["post-55156","post","type-post","status-publish","format-standard","has-post-thumbnail","hentry","category-internacional"],"yoast_head":"<!-- This site is optimized with the Yoast SEO plugin v27.5 - https:\/\/yoast.com\/product\/yoast-seo-wordpress\/ -->\n<title>Refugiados rohingyas cumplen dos a\u00f1os de \u00e9xodo a Bangladesh - Canal 7 SLP - 2019<\/title>\n<meta name=\"robots\" content=\"index, follow, max-snippet:-1, max-image-preview:large, max-video-preview:-1\" \/>\n<link rel=\"canonical\" href=\"https:\/\/canal7slp.tv\/2019\/refugiados-rohingyas-cumplen-dos-anos-de-exodo-a-bangladesh\/\" \/>\n<meta property=\"og:locale\" content=\"es_ES\" \/>\n<meta property=\"og:type\" content=\"article\" \/>\n<meta property=\"og:title\" content=\"Refugiados rohingyas cumplen dos a\u00f1os de \u00e9xodo a Bangladesh - Canal 7 SLP - 2019\" \/>\n<meta property=\"og:description\" content=\"Bangladesh.- Refugiados rohingyas realizaron hoy manifestaciones pac\u00edficas dentro de los campamentos que los acogen en Bangladesh, para exigir sus derechos y ciudadan\u00eda, en el segundo aniversario de su \u00e9xodo despu\u00e9s de la represi\u00f3n de Myanmar. Los refugiados rohingya se reunieron para conmemorar el segundo aniversario del \u00e9xodo en el campamento de Kutupalong en Cox\u2019s Bazar, [&hellip;]\" \/>\n<meta property=\"og:url\" content=\"https:\/\/canal7slp.tv\/2019\/refugiados-rohingyas-cumplen-dos-anos-de-exodo-a-bangladesh\/\" \/>\n<meta property=\"og:site_name\" content=\"Canal 7 SLP - 2019\" \/>\n<meta property=\"article:publisher\" content=\"https:\/\/www.facebook.com\/CANAL7SLP\/\" \/>\n<meta property=\"article:published_time\" content=\"2019-08-26T14:17:10+00:00\" \/>\n<meta property=\"og:image\" content=\"https:\/\/canal7slp.tv\/2019\/wp-content\/uploads\/2019\/08\/1030-18.jpg\" \/>\n\t<meta property=\"og:image:width\" content=\"733\" \/>\n\t<meta property=\"og:image:height\" content=\"410\" \/>\n\t<meta property=\"og:image:type\" content=\"image\/jpeg\" \/>\n<meta name=\"author\" content=\"edicionweb\" \/>\n<meta name=\"twitter:card\" content=\"summary_large_image\" \/>\n<meta name=\"twitter:creator\" content=\"@canal7_slp\" \/>\n<meta name=\"twitter:site\" content=\"@canal7_slp\" \/>\n<meta name=\"twitter:label1\" content=\"Escrito por\" \/>\n\t<meta name=\"twitter:data1\" content=\"edicionweb\" \/>\n\t<meta name=\"twitter:label2\" content=\"Tiempo de lectura\" \/>\n\t<meta name=\"twitter:data2\" content=\"3 minutos\" \/>\n<script type=\"application\/ld+json\" class=\"yoast-schema-graph\">{\"@context\":\"https:\\\/\\\/schema.org\",\"@graph\":[{\"@type\":\"Article\",\"@id\":\"https:\\\/\\\/canal7slp.tv\\\/2019\\\/refugiados-rohingyas-cumplen-dos-anos-de-exodo-a-bangladesh\\\/#article\",\"isPartOf\":{\"@id\":\"https:\\\/\\\/canal7slp.tv\\\/2019\\\/refugiados-rohingyas-cumplen-dos-anos-de-exodo-a-bangladesh\\\/\"},\"author\":{\"name\":\"edicionweb\",\"@id\":\"https:\\\/\\\/canal7slp.tv\\\/2019\\\/#\\\/schema\\\/person\\\/11d941c1c6ca30ac0a46b95fa37aa2e3\"},\"headline\":\"Refugiados rohingyas cumplen dos a\u00f1os de \u00e9xodo a Bangladesh\",\"datePublished\":\"2019-08-26T14:17:10+00:00\",\"mainEntityOfPage\":{\"@id\":\"https:\\\/\\\/canal7slp.tv\\\/2019\\\/refugiados-rohingyas-cumplen-dos-anos-de-exodo-a-bangladesh\\\/\"},\"wordCount\":539,\"commentCount\":0,\"publisher\":{\"@id\":\"https:\\\/\\\/canal7slp.tv\\\/2019\\\/#organization\"},\"image\":{\"@id\":\"https:\\\/\\\/canal7slp.tv\\\/2019\\\/refugiados-rohingyas-cumplen-dos-anos-de-exodo-a-bangladesh\\\/#primaryimage\"},\"thumbnailUrl\":\"https:\\\/\\\/canal7slp.tv\\\/2019\\\/wp-content\\\/uploads\\\/2019\\\/08\\\/1030-18.jpg\",\"articleSection\":[\"INTERNACIONAL\"],\"inLanguage\":\"es\",\"potentialAction\":[{\"@type\":\"CommentAction\",\"name\":\"Comment\",\"target\":[\"https:\\\/\\\/canal7slp.tv\\\/2019\\\/refugiados-rohingyas-cumplen-dos-anos-de-exodo-a-bangladesh\\\/#respond\"]}]},{\"@type\":\"WebPage\",\"@id\":\"https:\\\/\\\/canal7slp.tv\\\/2019\\\/refugiados-rohingyas-cumplen-dos-anos-de-exodo-a-bangladesh\\\/\",\"url\":\"https:\\\/\\\/canal7slp.tv\\\/2019\\\/refugiados-rohingyas-cumplen-dos-anos-de-exodo-a-bangladesh\\\/\",\"name\":\"Refugiados rohingyas cumplen dos a\u00f1os de \u00e9xodo a Bangladesh - Canal 7 SLP - 2019\",\"isPartOf\":{\"@id\":\"https:\\\/\\\/canal7slp.tv\\\/2019\\\/#website\"},\"primaryImageOfPage\":{\"@id\":\"https:\\\/\\\/canal7slp.tv\\\/2019\\\/refugiados-rohingyas-cumplen-dos-anos-de-exodo-a-bangladesh\\\/#primaryimage\"},\"image\":{\"@id\":\"https:\\\/\\\/canal7slp.tv\\\/2019\\\/refugiados-rohingyas-cumplen-dos-anos-de-exodo-a-bangladesh\\\/#primaryimage\"},\"thumbnailUrl\":\"https:\\\/\\\/canal7slp.tv\\\/2019\\\/wp-content\\\/uploads\\\/2019\\\/08\\\/1030-18.jpg\",\"datePublished\":\"2019-08-26T14:17:10+00:00\",\"breadcrumb\":{\"@id\":\"https:\\\/\\\/canal7slp.tv\\\/2019\\\/refugiados-rohingyas-cumplen-dos-anos-de-exodo-a-bangladesh\\\/#breadcrumb\"},\"inLanguage\":\"es\",\"potentialAction\":[{\"@type\":\"ReadAction\",\"target\":[\"https:\\\/\\\/canal7slp.tv\\\/2019\\\/refugiados-rohingyas-cumplen-dos-anos-de-exodo-a-bangladesh\\\/\"]}]},{\"@type\":\"ImageObject\",\"inLanguage\":\"es\",\"@id\":\"https:\\\/\\\/canal7slp.tv\\\/2019\\\/refugiados-rohingyas-cumplen-dos-anos-de-exodo-a-bangladesh\\\/#primaryimage\",\"url\":\"https:\\\/\\\/canal7slp.tv\\\/2019\\\/wp-content\\\/uploads\\\/2019\\\/08\\\/1030-18.jpg\",\"contentUrl\":\"https:\\\/\\\/canal7slp.tv\\\/2019\\\/wp-content\\\/uploads\\\/2019\\\/08\\\/1030-18.jpg\",\"width\":733,\"height\":410},{\"@type\":\"BreadcrumbList\",\"@id\":\"https:\\\/\\\/canal7slp.tv\\\/2019\\\/refugiados-rohingyas-cumplen-dos-anos-de-exodo-a-bangladesh\\\/#breadcrumb\",\"itemListElement\":[{\"@type\":\"ListItem\",\"position\":1,\"name\":\"Home\",\"item\":\"https:\\\/\\\/canal7slp.tv\\\/2019\\\/\"},{\"@type\":\"ListItem\",\"position\":2,\"name\":\"Refugiados rohingyas cumplen dos a\u00f1os de \u00e9xodo a Bangladesh\"}]},{\"@type\":\"WebSite\",\"@id\":\"https:\\\/\\\/canal7slp.tv\\\/2019\\\/#website\",\"url\":\"https:\\\/\\\/canal7slp.tv\\\/2019\\\/\",\"name\":\"Canal 7 SLP - Somos TV\",\"description\":\"Somos un Canal de 10\",\"publisher\":{\"@id\":\"https:\\\/\\\/canal7slp.tv\\\/2019\\\/#organization\"},\"potentialAction\":[{\"@type\":\"SearchAction\",\"target\":{\"@type\":\"EntryPoint\",\"urlTemplate\":\"https:\\\/\\\/canal7slp.tv\\\/2019\\\/?s={search_term_string}\"},\"query-input\":{\"@type\":\"PropertyValueSpecification\",\"valueRequired\":true,\"valueName\":\"search_term_string\"}}],\"inLanguage\":\"es\"},{\"@type\":\"Organization\",\"@id\":\"https:\\\/\\\/canal7slp.tv\\\/2019\\\/#organization\",\"name\":\"Comunicaci\u00f3n 2000 S.A. de C.V.\",\"url\":\"https:\\\/\\\/canal7slp.tv\\\/2019\\\/\",\"logo\":{\"@type\":\"ImageObject\",\"inLanguage\":\"es\",\"@id\":\"https:\\\/\\\/canal7slp.tv\\\/2019\\\/#\\\/schema\\\/logo\\\/image\\\/\",\"url\":\"https:\\\/\\\/canal7slp.tv\\\/2019\\\/wp-content\\\/uploads\\\/2019\\\/07\\\/logo-c7.png\",\"contentUrl\":\"https:\\\/\\\/canal7slp.tv\\\/2019\\\/wp-content\\\/uploads\\\/2019\\\/07\\\/logo-c7.png\",\"width\":220,\"height\":60,\"caption\":\"Comunicaci\u00f3n 2000 S.A. de C.V.\"},\"image\":{\"@id\":\"https:\\\/\\\/canal7slp.tv\\\/2019\\\/#\\\/schema\\\/logo\\\/image\\\/\"},\"sameAs\":[\"https:\\\/\\\/www.facebook.com\\\/CANAL7SLP\\\/\",\"https:\\\/\\\/x.com\\\/canal7_slp\",\"https:\\\/\\\/www.instagram.com\\\/canal7_slp\",\"https:\\\/\\\/www.youtube.com\\\/user\\\/NOTICIEROSCANAL7SLP\\\/\"]},{\"@type\":\"Person\",\"@id\":\"https:\\\/\\\/canal7slp.tv\\\/2019\\\/#\\\/schema\\\/person\\\/11d941c1c6ca30ac0a46b95fa37aa2e3\",\"name\":\"edicionweb\",\"image\":{\"@type\":\"ImageObject\",\"inLanguage\":\"es\",\"@id\":\"https:\\\/\\\/secure.gravatar.com\\\/avatar\\\/eee448fc3f7164808013b816ba91ac7e43bbe82a70bebac296f8bc6f0addaa1a?s=96&d=mm&r=g\",\"url\":\"https:\\\/\\\/secure.gravatar.com\\\/avatar\\\/eee448fc3f7164808013b816ba91ac7e43bbe82a70bebac296f8bc6f0addaa1a?s=96&d=mm&r=g\",\"contentUrl\":\"https:\\\/\\\/secure.gravatar.com\\\/avatar\\\/eee448fc3f7164808013b816ba91ac7e43bbe82a70bebac296f8bc6f0addaa1a?s=96&d=mm&r=g\",\"caption\":\"edicionweb\"}}]}<\/script>\n<!-- \/ Yoast SEO plugin. -->","yoast_head_json":{"title":"Refugiados rohingyas cumplen dos a\u00f1os de \u00e9xodo a Bangladesh - Canal 7 SLP - 2019","robots":{"index":"index","follow":"follow","max-snippet":"max-snippet:-1","max-image-preview":"max-image-preview:large","max-video-preview":"max-video-preview:-1"},"canonical":"https:\/\/canal7slp.tv\/2019\/refugiados-rohingyas-cumplen-dos-anos-de-exodo-a-bangladesh\/","og_locale":"es_ES","og_type":"article","og_title":"Refugiados rohingyas cumplen dos a\u00f1os de \u00e9xodo a Bangladesh - Canal 7 SLP - 2019","og_description":"Bangladesh.- Refugiados rohingyas realizaron hoy manifestaciones pac\u00edficas dentro de los campamentos que los acogen en Bangladesh, para exigir sus derechos y ciudadan\u00eda, en el segundo aniversario de su \u00e9xodo despu\u00e9s de la represi\u00f3n de Myanmar. Los refugiados rohingya se reunieron para conmemorar el segundo aniversario del \u00e9xodo en el campamento de Kutupalong en Cox\u2019s Bazar, [&hellip;]","og_url":"https:\/\/canal7slp.tv\/2019\/refugiados-rohingyas-cumplen-dos-anos-de-exodo-a-bangladesh\/","og_site_name":"Canal 7 SLP - 2019","article_publisher":"https:\/\/www.facebook.com\/CANAL7SLP\/","article_published_time":"2019-08-26T14:17:10+00:00","og_image":[{"width":733,"height":410,"url":"https:\/\/canal7slp.tv\/2019\/wp-content\/uploads\/2019\/08\/1030-18.jpg","type":"image\/jpeg"}],"author":"edicionweb","twitter_card":"summary_large_image","twitter_creator":"@canal7_slp","twitter_site":"@canal7_slp","twitter_misc":{"Escrito por":"edicionweb","Tiempo de lectura":"3 minutos"},"schema":{"@context":"https:\/\/schema.org","@graph":[{"@type":"Article","@id":"https:\/\/canal7slp.tv\/2019\/refugiados-rohingyas-cumplen-dos-anos-de-exodo-a-bangladesh\/#article","isPartOf":{"@id":"https:\/\/canal7slp.tv\/2019\/refugiados-rohingyas-cumplen-dos-anos-de-exodo-a-bangladesh\/"},"author":{"name":"edicionweb","@id":"https:\/\/canal7slp.tv\/2019\/#\/schema\/person\/11d941c1c6ca30ac0a46b95fa37aa2e3"},"headline":"Refugiados rohingyas cumplen dos a\u00f1os de \u00e9xodo a Bangladesh","datePublished":"2019-08-26T14:17:10+00:00","mainEntityOfPage":{"@id":"https:\/\/canal7slp.tv\/2019\/refugiados-rohingyas-cumplen-dos-anos-de-exodo-a-bangladesh\/"},"wordCount":539,"commentCount":0,"publisher":{"@id":"https:\/\/canal7slp.tv\/2019\/#organization"},"image":{"@id":"https:\/\/canal7slp.tv\/2019\/refugiados-rohingyas-cumplen-dos-anos-de-exodo-a-bangladesh\/#primaryimage"},"thumbnailUrl":"https:\/\/canal7slp.tv\/2019\/wp-content\/uploads\/2019\/08\/1030-18.jpg","articleSection":["INTERNACIONAL"],"inLanguage":"es","potentialAction":[{"@type":"CommentAction","name":"Comment","target":["https:\/\/canal7slp.tv\/2019\/refugiados-rohingyas-cumplen-dos-anos-de-exodo-a-bangladesh\/#respond"]}]},{"@type":"WebPage","@id":"https:\/\/canal7slp.tv\/2019\/refugiados-rohingyas-cumplen-dos-anos-de-exodo-a-bangladesh\/","url":"https:\/\/canal7slp.tv\/2019\/refugiados-rohingyas-cumplen-dos-anos-de-exodo-a-bangladesh\/","name":"Refugiados rohingyas cumplen dos a\u00f1os de \u00e9xodo a Bangladesh - Canal 7 SLP - 2019","isPartOf":{"@id":"https:\/\/canal7slp.tv\/2019\/#website"},"primaryImageOfPage":{"@id":"https:\/\/canal7slp.tv\/2019\/refugiados-rohingyas-cumplen-dos-anos-de-exodo-a-bangladesh\/#primaryimage"},"image":{"@id":"https:\/\/canal7slp.tv\/2019\/refugiados-rohingyas-cumplen-dos-anos-de-exodo-a-bangladesh\/#primaryimage"},"thumbnailUrl":"https:\/\/canal7slp.tv\/2019\/wp-content\/uploads\/2019\/08\/1030-18.jpg","datePublished":"2019-08-26T14:17:10+00:00","breadcrumb":{"@id":"https:\/\/canal7slp.tv\/2019\/refugiados-rohingyas-cumplen-dos-anos-de-exodo-a-bangladesh\/#breadcrumb"},"inLanguage":"es","potentialAction":[{"@type":"ReadAction","target":["https:\/\/canal7slp.tv\/2019\/refugiados-rohingyas-cumplen-dos-anos-de-exodo-a-bangladesh\/"]}]},{"@type":"ImageObject","inLanguage":"es","@id":"https:\/\/canal7slp.tv\/2019\/refugiados-rohingyas-cumplen-dos-anos-de-exodo-a-bangladesh\/#primaryimage","url":"https:\/\/canal7slp.tv\/2019\/wp-content\/uploads\/2019\/08\/1030-18.jpg","contentUrl":"https:\/\/canal7slp.tv\/2019\/wp-content\/uploads\/2019\/08\/1030-18.jpg","width":733,"height":410},{"@type":"BreadcrumbList","@id":"https:\/\/canal7slp.tv\/2019\/refugiados-rohingyas-cumplen-dos-anos-de-exodo-a-bangladesh\/#breadcrumb","itemListElement":[{"@type":"ListItem","position":1,"name":"Home","item":"https:\/\/canal7slp.tv\/2019\/"},{"@type":"ListItem","position":2,"name":"Refugiados rohingyas cumplen dos a\u00f1os de \u00e9xodo a Bangladesh"}]},{"@type":"WebSite","@id":"https:\/\/canal7slp.tv\/2019\/#website","url":"https:\/\/canal7slp.tv\/2019\/","name":"Canal 7 SLP - Somos TV","description":"Somos un Canal de 10","publisher":{"@id":"https:\/\/canal7slp.tv\/2019\/#organization"},"potentialAction":[{"@type":"SearchAction","target":{"@type":"EntryPoint","urlTemplate":"https:\/\/canal7slp.tv\/2019\/?s={search_term_string}"},"query-input":{"@type":"PropertyValueSpecification","valueRequired":true,"valueName":"search_term_string"}}],"inLanguage":"es"},{"@type":"Organization","@id":"https:\/\/canal7slp.tv\/2019\/#organization","name":"Comunicaci\u00f3n 2000 S.A. de C.V.","url":"https:\/\/canal7slp.tv\/2019\/","logo":{"@type":"ImageObject","inLanguage":"es","@id":"https:\/\/canal7slp.tv\/2019\/#\/schema\/logo\/image\/","url":"https:\/\/canal7slp.tv\/2019\/wp-content\/uploads\/2019\/07\/logo-c7.png","contentUrl":"https:\/\/canal7slp.tv\/2019\/wp-content\/uploads\/2019\/07\/logo-c7.png","width":220,"height":60,"caption":"Comunicaci\u00f3n 2000 S.A. de C.V."},"image":{"@id":"https:\/\/canal7slp.tv\/2019\/#\/schema\/logo\/image\/"},"sameAs":["https:\/\/www.facebook.com\/CANAL7SLP\/","https:\/\/x.com\/canal7_slp","https:\/\/www.instagram.com\/canal7_slp","https:\/\/www.youtube.com\/user\/NOTICIEROSCANAL7SLP\/"]},{"@type":"Person","@id":"https:\/\/canal7slp.tv\/2019\/#\/schema\/person\/11d941c1c6ca30ac0a46b95fa37aa2e3","name":"edicionweb","image":{"@type":"ImageObject","inLanguage":"es","@id":"https:\/\/secure.gravatar.com\/avatar\/eee448fc3f7164808013b816ba91ac7e43bbe82a70bebac296f8bc6f0addaa1a?s=96&d=mm&r=g","url":"https:\/\/secure.gravatar.com\/avatar\/eee448fc3f7164808013b816ba91ac7e43bbe82a70bebac296f8bc6f0addaa1a?s=96&d=mm&r=g","contentUrl":"https:\/\/secure.gravatar.com\/avatar\/eee448fc3f7164808013b816ba91ac7e43bbe82a70bebac296f8bc6f0addaa1a?s=96&d=mm&r=g","caption":"edicionweb"}}]}},"amp_enabled":true,"cmb2":{"video_ids_in_playlist":{"vid_p_videos":""},"video_ids_in_channel":{"vid_c_videos":""},"playlist_ids_in_channel":{"vid_c_playlists":""},"series_ids_in_channel":{"vid_c_series":""},"channel_images":{"vid_c_logo":"","vid_c_banner":""},"poster_feature_image":{"vid_m_poster_image":""},"gif_feature_image":{"vid_m_gif_image":""},"video_movie_settings":{"vid_m_director":"","vid_m_actor":"","vid_m_imdb_ratings":"","vid_m_amazon_associates":""},"vid_youtube_broadcasts_settings":{"vid_yb_broadcast_title":"","vid_yb_q":"","vid_yb_channelid":"","vid_yb_videocategoryid":"","vid_yb_maxresults":"","vid_yb_order":"","vid_yb_regioncode":"","vid_yb_videosyndicated":"","vid_yb_style":"","vid_yb_reload_first":""},"video_series_settings":{"vid_m_director":"","vid_m_actor":"","vid_m_imdb_ratings":"","video_series_group":""},"amazon_associates_settings":{"amazon_associates":"","amazon_native_ad":""},"vid_youtube_automatic_settings":{"vid_ya_youtube_source":"","vid_ya_update_every":"","vid_ya_update_unit":"","vid_ya_categories":"","vid_ya_published_after":"","vid_ya_published_before":"","vid_ya_playlists":"","vid_ya_channels":"","vid_ya_director":"","vid_ya_actor":"","vid_ya_author":"","vid_ya_import_post_date":"","vid_ya_status":"","vid_ya_sub_api_key":""},"vid_ads_m_videoads_settings_post":{"vid_ads_m_video_ads":"","vid_ads_m_video_ads_type":"","vid_ads_m_group_google_ima":"","vid_ads_m_group_image":"","vid_ads_m_group_html5_video":"","vid_ads_m_group_html":"","vid_ads_m_vast_preroll":"","vid_ads_m_vast_postroll":"","vid_ads_m_vast_pauseroll":"","vid_ads_m_vast_midroll":[{"vid_ads_m_vast_timer_seconds":"50"}],"vid_ads_m_time_to_show_ads":"","vid_ads_m_time_skip_ads":"","vid_ads_m_time_to_hide_ads":""},"page_slider_settings":{"display_slider_group":"","page_slider_group":""},"blog_page_settings":{"blog_page_title":"","blog_page_heading":"","blog_page_ic":"","blog_page_it":"","blog_page_ec":"","blog_page_ip":"","archive_loop_style":"","blog_image_ratio":"","blog_show_categories":"","blog_show_excerpt":"","blog_show_author":"","blog_show_date":"","blog_show_comment_count":"","blog_show_view_count":"","blog_show_like_count":"","blog_show_dislike_count":"","blog_items_per_page":"","blog_pag_type":""},"page_options":{"get_page_template":"","color_mode":"","main_layout":"","main_layout_full_with":"","main_logo":"","main_logo_retina":"","main_logo_mobile":"","main_logo_mobile_retina":"","sticky_logo":"","sticky_logo_retina":"","main_nav_layout":"","ajax_search":"","header_background":"","theme_sidebar":"","instagram_feed":"","instagram_feed_position":"","popular_videos":"","popular_videos_title_1":"","popular_videos_title_2":"","popular_videos_ic":"","popular_videos_it":"","theme_background":"","page_custom_css":""},"feature_image_settings":{"feature_image_position":""},"video_player_settings":{"single_video_style":"","video_player_position":"","vm_video_url":"","video_player_library":"","video_streaming":"","vm_media_sources":"","vid_auto_play":"","vm_video_shortcode":"","vid_p_sync_playlist":"","vid_c_sync_channel":"","get_post_format":"","multiple_links_structure":"default","multi_links_title":"","vm_video_multi_links":"","vm_duration":"","vid_social_locker":"off","vid_social_locker_id":"","vid_membership_action":"content-video","vm_video_trailer_url":"","vid_download_type":"free","vid_download_target":"download","vid_woo_product":"","vm_media_download":"","user_rating":"","user_rating_position":"","user_rating_mode":"","user_rating_multi_sets":""},"video_auto_fetch_settings":{"vm_video_fetch":"on"},"video_fake_views_likes":{"vm_fake_views":"","vm_fake_likes":"","vm_fake_dislikes":""},"gallery_settings":{"gallery_position":""},"quote_settings":{"quote_position":""},"post_options":{"main_layout":"","main_logo":"","main_logo_retina":"","main_logo_mobile":"","main_logo_mobile_retina":"","sticky_logo":"","sticky_logo_retina":"","main_nav_layout":"","header_background":"","theme_sidebar":"","single_post_comment_type":"","theme_background":""}},"_links":{"self":[{"href":"https:\/\/canal7slp.tv\/2019\/wp-json\/wp\/v2\/posts\/55156","targetHints":{"allow":["GET"]}}],"collection":[{"href":"https:\/\/canal7slp.tv\/2019\/wp-json\/wp\/v2\/posts"}],"about":[{"href":"https:\/\/canal7slp.tv\/2019\/wp-json\/wp\/v2\/types\/post"}],"author":[{"embeddable":true,"href":"https:\/\/canal7slp.tv\/2019\/wp-json\/wp\/v2\/users\/2"}],"replies":[{"embeddable":true,"href":"https:\/\/canal7slp.tv\/2019\/wp-json\/wp\/v2\/comments?post=55156"}],"version-history":[{"count":0,"href":"https:\/\/canal7slp.tv\/2019\/wp-json\/wp\/v2\/posts\/55156\/revisions"}],"wp:featuredmedia":[{"embeddable":true,"href":"https:\/\/canal7slp.tv\/2019\/wp-json\/wp\/v2\/media\/55157"}],"wp:attachment":[{"href":"https:\/\/canal7slp.tv\/2019\/wp-json\/wp\/v2\/media?parent=55156"}],"wp:term":[{"taxonomy":"category","embeddable":true,"href":"https:\/\/canal7slp.tv\/2019\/wp-json\/wp\/v2\/categories?post=55156"},{"taxonomy":"post_tag","embeddable":true,"href":"https:\/\/canal7slp.tv\/2019\/wp-json\/wp\/v2\/tags?post=55156"}],"curies":[{"name":"wp","href":"https:\/\/api.w.org\/{rel}","templated":true}]}}