{"id":55153,"date":"2019-08-26T09:10:02","date_gmt":"2019-08-26T14:10:02","guid":{"rendered":"https:\/\/canal7slp.tv\/2019\/?p=55153"},"modified":"2019-08-26T09:10:02","modified_gmt":"2019-08-26T14:10:02","slug":"red-de-extorsion-habria-sido-operada-desde-la-uif-de-epn-y-despachos-ligados-a-presidencia","status":"publish","type":"post","link":"https:\/\/canal7slp.tv\/2019\/red-de-extorsion-habria-sido-operada-desde-la-uif-de-epn-y-despachos-ligados-a-presidencia\/","title":{"rendered":"Red de extorsi\u00f3n habr\u00eda sido operada desde la UIF de EPN y despachos ligados a Presidencia"},"content":{"rendered":"<p style=\"text-align: justify\">M\u00e9xico.- El gobierno de M\u00e9xico sigue pistas en el sistema financiero nacional e internacional sobre las finanzas del expresidente Enrique Pe\u00f1a Nieto que podr\u00edan apuntar a posibles actos de corrupci\u00f3n.<\/p>\n<p style=\"text-align: justify\">As\u00ed lo revel\u00f3 en entrevista Santiago Nieto, titular de la Unidad de Inteligencia Financiera (UIF) de la Secretar\u00eda de Hacienda y Cr\u00e9dito P\u00fablico (SHCP).<\/p>\n<p style=\"text-align: justify\">\u201cS\u00ed, apenas estamos trabajando en eso (revisar finanzas de Pe\u00f1a Nieto)\u201d, dijo el funcionario.<\/p>\n<p style=\"text-align: justify\">Nieto se\u00f1al\u00f3 que, para llevar a cabo la revisi\u00f3n de las finanzas de Pe\u00f1a Nieto, la UIF colabora con autoridades de diversos gobiernos extranjeros.<\/p>\n<p style=\"text-align: justify\">Al cuestionarle sobre cu\u00e1ndo estar\u00eda listo el expediente completo del caso sobre las finanzas de Pe\u00f1a Nieto, el titular de la UIF dijo que en \u201cunos meses\u201d, antes de que termine este a\u00f1o, ser\u00eda concluido.<\/p>\n<p style=\"text-align: justify\">\u201cLo que estamos haciendo es la construcci\u00f3n de abajo hacia arriba, entonces las ligas te tienen que llevar (\u2026), es un tema metodol\u00f3gico, a partir de ah\u00ed hay que armarlo, hay que avanzar,\u201d dijo Nieto.<\/p>\n<p style=\"text-align: justify\">Nieto, extitular de la Fiscal\u00eda Especializada en Delitos Electorales (Fepade), sostuvo que los casos de la exsecretaria de Estado, Rosario Robles, el exdirector de Pemex, Emilio Lozoya, y del abogado Juan Collado, tambi\u00e9n cercano a Pe\u00f1a Nieto, est\u00e1n siendo tomados en cuenta en la investigaci\u00f3n sobre las finanzas del ex presidente EPN.<\/p>\n<p style=\"text-align: justify\">\u201cYo creo que todo apunta (a Pe\u00f1a Nieto), pero todav\u00eda no tengo ning\u00fan elemento probatorio real, en eso estamos, estamos haciendo el proceso de investigaci\u00f3n,\u201d dijo Nieto.<\/p>\n<p style=\"text-align: justify\">Mientras que Robles y Collado est\u00e1n actualmente presos acusados de diversos delitos, Lozoya es considerado pr\u00f3fugo de la justicia, acusado de delincuencia organizada, cohecho y operaciones con recursos de procedencia il\u00edcita o lavado de dinero.<\/p>\n<p style=\"text-align: justify\">\u201cCreo que Pe\u00f1a Nieto estaba enterado de cualquier acto de corrupci\u00f3n, de los grandes actos de corrupci\u00f3n\u201d, sostuvo Nieto.<\/p>\n<p style=\"text-align: justify\">Incluso, dijo que, adem\u00e1s de la investigaci\u00f3n sobre las finanzas de Pe\u00f1a Nieto, la UIF ya comenz\u00f3 a armar un expediente sobre el dos veces secretario de Estado, Luis Videgaray, considerado uno de los m\u00e1s cercanos colaboradores del expresidente.<\/p>\n<p style=\"text-align: justify\">Al preguntarle si coincid\u00eda con la propuesta del presidente Andr\u00e9s Manuel L\u00f3pez Obrador de implementar un \u201cpunto final\u201d y no perseguir los cr\u00edmenes cometidos por expresidentes, Nieto dijo que la orden de L\u00f3pez Obrador a funcionarios federales fue de no permitir la impunidad en ning\u00fan caso.<\/p>\n<p style=\"text-align: justify\">\u201cLo que vimos con (Carlos) Romero (Deschamps), con Lozoya, con Rosario, no podr\u00eda darse sin el conocimiento del presidente. Lo que me ha dicho (L\u00f3pez Obrador), es si encontramos cualquier irregularidad, se denuncie, no me ha dicho que no vayamos contra nadie en particular (\u2026) creo que tenemos que cumplir las normas del Estado de Derecho,\u201d expres\u00f3 Nieto.<\/p>\n<p style=\"text-align: justify\">Cuestionado sobre la posibilidad de investigar las finanzas personales de los expresidentes que precedieron a Pe\u00f1a Nieto, el titular de la UIF declar\u00f3 que se investigar\u00eda cualquier caso en que se presuman actos de corrupci\u00f3n.<\/p>\n<p style=\"text-align: justify\">Sin embargo, dijo que, considerando que los delitos financieros prescriben luego de 10 a\u00f1os, \u201cno tendr\u00eda sentido\u201d investigar las finanzas de expresidentes como las del priista Carlos Salinas de Gortari, quien gobern\u00f3 de 1988 a 1994.<\/p>\n<p style=\"text-align: justify\">Agreg\u00f3 que, en el caso del expresidente Felipe Calder\u00f3n, se podr\u00edan investigar actividades il\u00edcitas cometidas del 2009 en adelante.<\/p>\n<p style=\"text-align: justify\">\u201cNosotros podemos actuar, ahorita, de 2009 a 2019, en realidad ser\u00eda la parte final del gobierno de Calder\u00f3n, y todo el gobierno de Pe\u00f1a Nieto, por eso las cosas se han enfocado en el tema de Pe\u00f1a Nieto, m\u00e1s hacia atr\u00e1s no tendr\u00eda sentido,\u201d agreg\u00f3.<\/p>\n<p style=\"text-align: justify\">Nieto dijo que, al asumir la jefatura de la UIF, tres informantes lo alertaron sobre un presunto esquema de extorsi\u00f3n que habr\u00eda sido operado dentro de la unidad bajo las \u00f3rdenes de Humberto Castillejos, entonces consejero jur\u00eddico del Presidente Enrique Pe\u00f1a Nieto.<\/p>\n<p style=\"text-align: justify\">Durante la gesti\u00f3n de Pe\u00f1a Nieto, Castillejos fue considerado uno de los m\u00e1s influyentes funcionarios del gobierno federal.<\/p>\n<p style=\"text-align: justify\">La UIF estuvo encabezada por Alberto Bazbaz desde enero del 2013 hasta enero del 2018. Al dejar la UIF, Bazbaz fue nombrado titular del Centro de Investigaci\u00f3n y Seguridad Nacional (Cisen) por Pe\u00f1a Nieto.<\/p>\n<p style=\"text-align: justify\">El actual titular de la UIF se\u00f1al\u00f3 que el esquema de extorsi\u00f3n presuntamente operado desde la la unidad consisti\u00f3 en solicitar sobornos a 722 particulares y compa\u00f1\u00edas cuyas cuentas bancarias les hab\u00edan sido congeladas desde la UIF entre el 2014 y 2018.<\/p>\n<p style=\"text-align: justify\">Dichas cuentas hab\u00edan sido congeladas bajo sospechas de lavado de dinero.<\/p>\n<p style=\"text-align: justify\">Los sobornos presuntamente fueron cobrados a trav\u00e9s de representantes de al menos cinco despachos jur\u00eddicos ligados a Castillejos, acus\u00f3 Nieto.<\/p>\n<p style=\"text-align: justify\">\u201cLo que s\u00ed nos explicaron (los informantes) es que hab\u00eda despachos, que eran despachos cercanos a Los Pinos, que eran los que los buscaban (\u2026), entonces, \u00bfqu\u00e9 es lo que hac\u00edan?, no es que desde la UIF fuera gente a extorsionarlos, a los empresarios, a los que estaban con las cuentas bloqueadas.<\/p>\n<p style=\"text-align: justify\">\u201cEs que ven\u00edan los despachos de Los Pinos, los contactaban a la gente que estaba bloqueada, y la pregunta es \u00bfc\u00f3mo pod\u00edan tener esa informaci\u00f3n?, y partir de ah\u00ed se generaba el caso\u201d, explic\u00f3 el funcionario.<\/p>\n<p style=\"text-align: justify\">Incluso, Nieto expres\u00f3 que dos de los tres informantes que lo alertaron sobre este esquema dijeron haber sido v\u00edctimas de la extorsi\u00f3n operada desde la UIF. El tercer informante fue un funcionario de un gobierno estatal con conocimiento de la operaci\u00f3n.<\/p>\n<p style=\"text-align: justify\">\u201cEl que era el consejero jur\u00eddico, Humberto Castillejos, operaba todo desde una serie de despachos (\u2026), estos eran los despachos que se encargaban de defender a las personas en contra de la UIF\u201d, sostuvo Nieto.<\/p>\n<p style=\"text-align: justify\">Nieto dijo que el desbloqueo injustificado de las cuentas qued\u00f3 asentado en un \u201cAcuerdo de Desbloqueo\u201d expedido por la UIF en junio del 2018. Castillejos renunci\u00f3 a la consejer\u00eda jur\u00eddica de la presidencia en junio del 2017, un a\u00f1o antes del desbloqueo.<\/p>\n<p style=\"text-align: justify\">\u201cHay un acuerdo (de desbloqueo), (que consiste en) tres hojitas, donde dicen que es porque ya est\u00e1n denunciados (los casos de cuentas bloqueadas), y porque ya est\u00e1n aseguradas las cuentas por el Ministerio P\u00fablico, cuando hacemos el recorrido con el Ministerio P\u00fablico para ver si esto era cierto, resulta que no era cierto.\u201d, dijo Nieto.<\/p>\n<p style=\"text-align: justify\">Nieto dijo que dicho \u201cAcuerdo de Desbloqueo\u201d fue firmado por Mauricio Moreno, quien fung\u00eda como director de Procesos Legales de la UIF. Nieto sostuvo que la UIF present\u00f3 una queja ante la Fiscal\u00eda General de la Rep\u00fablica (FGR) para que investigue el caso en contra de quien resulte responsable.<\/p>\n<p style=\"text-align: justify\">Al cuestionarle si se presum\u00eda que Pe\u00f1a Nieto tuvo conocimiento de este esquema de extorsi\u00f3n, Nieto dijo que dif\u00edcilmente el presidente pudo haber ignorado la operaci\u00f3n de dicho esquema.<\/p>\n<p style=\"text-align: justify\">\u201cEste era un acto, a lo mejor, chico, si lo comparamos con la \u2018Estafa Maestra\u2019, con Odebrecht, con el Viaducto Bicentenario, el Circuito Exterior Mexiquense, digamos hubo mayores actos de corrupci\u00f3n, y yo no encuentro de qu\u00e9 forma Pe\u00f1a Nieto no pudiera estar enterado\u201d, dijo Nieto.<\/p>\n<p style=\"text-align: justify\">El titular de la UIF sostuvo que durante la gesti\u00f3n de Pe\u00f1a la unidad fue principalmente utilizada para atacar a opositores pol\u00edticos y no para combatir actividades il\u00edcitas en el sistema financiero mexicano, funci\u00f3n para la que fue creada la dependencia.<\/p>\n<p style=\"text-align: justify\">Nieto dijo que, entre quienes fueron investigados desde la UIF con fines pol\u00edticos durante la administraci\u00f3n anterior estuvieron el ahora Presidente L\u00f3pez Obrador y el excandidato presidencial del Partido Acci\u00f3n Nacional (PAN), Ricardo Anaya, as\u00ed como la ex-l\u00edder magisterial Elba Esther Gordillo.<\/p>\n<p style=\"text-align: justify\">Tambi\u00e9n fueron investigados desde la UIF en la \u00e9poca de Pe\u00f1a Nieto otros pol\u00edticos prominentes como Alfonso Durazo, actual Secretario de Seguridad federal, Olga S\u00e1nchez Cordero, actual Secretaria de Gobernaci\u00f3n, y hasta la excandidata presidencial panista Josefina V\u00e1zquez Mota.<\/p>\n<p style=\"text-align: justify\">El funcionario dijo que, incluso, informaci\u00f3n publicada por el sitio web lanzado durante el proceso electoral presidencial del 2018 llamado \u201cPejeleaks\u201d, dedicado a publicar datos relacionados con L\u00f3pez Obrador y sus colaboradores, \u201cvinieron de la UIF\u201d.<\/p>\n<p style=\"text-align: justify\">Tambi\u00e9n datos de de la UIF en la \u00e9poca de Pe\u00f1a Nieto fueron utilizados en el documental \u201cPopulismo en Am\u00e9rica\u201d, se\u00f1al\u00f3.<\/p>\n<p style=\"text-align: justify\">Nieto a\u00f1adi\u00f3 que \u00e9l mismo fue investigado por la UIF, algo que descubri\u00f3 al revisar los archivos internos elaborados por la unidad durante el anterior gobierno al asumir la jefatura de la unidad.<\/p>\n<p style=\"text-align: justify\">Agreg\u00f3 que, en contraste, la UIF en la actual administraci\u00f3n ha incrementado el n\u00famero de casos investigados por presunto lavado de dinero.<\/p>\n<p style=\"text-align: justify\">Tan solo en lo que va del 2019, la UIF ha presentado 118 denuncias ante la FGR, lo que supera el r\u00e9cord hist\u00f3rico de la unidad de 113 denuncias en un periodo de un a\u00f1o.<\/p>\n<p style=\"text-align: justify\">Al asumir las riendas de la UIF, el equipo t\u00e9cnico alert\u00f3 a Nieto sobre una vulneraci\u00f3n a la que fue expuesto el sistema inform\u00e1tico interno de la agencia durante la anterior gesti\u00f3n.<\/p>\n<p style=\"text-align: justify\">Dicha vulneraci\u00f3n dej\u00f3 el funcionamiento de la unidad sin las protecciones necesarias para evitar robos de informaci\u00f3n, dijo el funcionario.<\/p>\n<p style=\"text-align: justify\">Nieto dijo que la UIF actualmente investiga al personal que estuvo encargado de garantizar el funcionamiento t\u00e9cnico e inform\u00e1tico de la unidad.<\/p>\n<p style=\"text-align: justify\">Al asumir las riendas de la UIF, el equipo t\u00e9cnico alert\u00f3 a Nieto sobre una vulneraci\u00f3n a la que fue expuesto el sistema inform\u00e1tico interno de la agencia durante la anterior gesti\u00f3n.<\/p>\n<p style=\"text-align: justify\">Dicha vulneraci\u00f3n dej\u00f3 el funcionamiento de la unidad sin las protecciones necesarias para evitar robos de informaci\u00f3n, dijo el funcionario.<\/p>\n<p style=\"text-align: justify\">Nieto dijo que la UIF actualmente investiga al personal que estuvo encargado de garantizar el funcionamiento t\u00e9cnico e inform\u00e1tico de la unidad.<\/p>\n<p style=\"text-align: justify\">Agreg\u00f3 que, una vez detectada la vulneraci\u00f3n a la que fue expuesto el sistema interno, la UIF increment\u00f3 la seguridad inform\u00e1tica de sus sistemas internos para garantizar la seguridad de la informaci\u00f3n.<\/p>\n<p style=\"text-align: justify\">Con estas revelaciones, el funcionario federal hace \u00e9nfasis en el trabajo que realiza la UIF en relaci\u00f3n con casos de corrupci\u00f3n que se presume se configuraron en el anterior gobierno, como la red de altos ex funcionarios de Los Pinos que actualmente son investigados y que podr\u00edan llevar a un caso mayor que incluir\u00eda al ex presidente Enrique Pe\u00f1a Nieto.<\/p>\n<p style=\"text-align: justify\">\n","protected":false},"excerpt":{"rendered":"<p>M\u00e9xico.- El gobierno de M\u00e9xico sigue pistas en el sistema financiero nacional e internacional sobre las finanzas del expresidente Enrique Pe\u00f1a Nieto que podr\u00edan apuntar a posibles actos de corrupci\u00f3n. As\u00ed lo revel\u00f3 en entrevista Santiago Nieto, titular de la Unidad de Inteligencia Financiera (UIF) de la Secretar\u00eda de Hacienda y Cr\u00e9dito P\u00fablico (SHCP). \u201cS\u00ed, [&hellip;]<\/p>\n","protected":false},"author":2,"featured_media":55154,"comment_status":"open","ping_status":"open","sticky":false,"template":"","format":"standard","meta":{"footnotes":""},"categories":[30],"tags":[],"class_list":["post-55153","post","type-post","status-publish","format-standard","has-post-thumbnail","hentry","category-nacional"],"yoast_head":"<!-- This site is optimized with the Yoast SEO plugin v27.5 - https:\/\/yoast.com\/product\/yoast-seo-wordpress\/ -->\n<title>Red de extorsi\u00f3n habr\u00eda sido operada desde la UIF de EPN y despachos ligados a Presidencia - Canal 7 SLP - 2019<\/title>\n<meta name=\"robots\" content=\"index, follow, max-snippet:-1, max-image-preview:large, max-video-preview:-1\" \/>\n<link rel=\"canonical\" href=\"https:\/\/canal7slp.tv\/2019\/red-de-extorsion-habria-sido-operada-desde-la-uif-de-epn-y-despachos-ligados-a-presidencia\/\" \/>\n<meta property=\"og:locale\" content=\"es_ES\" \/>\n<meta property=\"og:type\" content=\"article\" \/>\n<meta property=\"og:title\" content=\"Red de extorsi\u00f3n habr\u00eda sido operada desde la UIF de EPN y despachos ligados a Presidencia - Canal 7 SLP - 2019\" \/>\n<meta property=\"og:description\" content=\"M\u00e9xico.- El gobierno de M\u00e9xico sigue pistas en el sistema financiero nacional e internacional sobre las finanzas del expresidente Enrique Pe\u00f1a Nieto que podr\u00edan apuntar a posibles actos de corrupci\u00f3n. As\u00ed lo revel\u00f3 en entrevista Santiago Nieto, titular de la Unidad de Inteligencia Financiera (UIF) de la Secretar\u00eda de Hacienda y Cr\u00e9dito P\u00fablico (SHCP). \u201cS\u00ed, [&hellip;]\" \/>\n<meta property=\"og:url\" content=\"https:\/\/canal7slp.tv\/2019\/red-de-extorsion-habria-sido-operada-desde-la-uif-de-epn-y-despachos-ligados-a-presidencia\/\" \/>\n<meta property=\"og:site_name\" content=\"Canal 7 SLP - 2019\" \/>\n<meta property=\"article:publisher\" content=\"https:\/\/www.facebook.com\/CANAL7SLP\/\" \/>\n<meta property=\"article:published_time\" content=\"2019-08-26T14:10:02+00:00\" \/>\n<meta property=\"og:image\" content=\"https:\/\/canal7slp.tv\/2019\/wp-content\/uploads\/2019\/08\/1015-18.jpg\" \/>\n\t<meta property=\"og:image:width\" content=\"897\" \/>\n\t<meta property=\"og:image:height\" content=\"410\" \/>\n\t<meta property=\"og:image:type\" content=\"image\/jpeg\" \/>\n<meta name=\"author\" content=\"edicionweb\" \/>\n<meta name=\"twitter:card\" content=\"summary_large_image\" \/>\n<meta name=\"twitter:creator\" content=\"@canal7_slp\" \/>\n<meta name=\"twitter:site\" content=\"@canal7_slp\" \/>\n<meta name=\"twitter:label1\" content=\"Escrito por\" \/>\n\t<meta name=\"twitter:data1\" content=\"edicionweb\" \/>\n\t<meta name=\"twitter:label2\" content=\"Tiempo de lectura\" \/>\n\t<meta name=\"twitter:data2\" content=\"9 minutos\" \/>\n<script type=\"application\/ld+json\" class=\"yoast-schema-graph\">{\"@context\":\"https:\\\/\\\/schema.org\",\"@graph\":[{\"@type\":\"Article\",\"@id\":\"https:\\\/\\\/canal7slp.tv\\\/2019\\\/red-de-extorsion-habria-sido-operada-desde-la-uif-de-epn-y-despachos-ligados-a-presidencia\\\/#article\",\"isPartOf\":{\"@id\":\"https:\\\/\\\/canal7slp.tv\\\/2019\\\/red-de-extorsion-habria-sido-operada-desde-la-uif-de-epn-y-despachos-ligados-a-presidencia\\\/\"},\"author\":{\"name\":\"edicionweb\",\"@id\":\"https:\\\/\\\/canal7slp.tv\\\/2019\\\/#\\\/schema\\\/person\\\/11d941c1c6ca30ac0a46b95fa37aa2e3\"},\"headline\":\"Red de extorsi\u00f3n habr\u00eda sido operada desde la UIF de EPN y despachos ligados a Presidencia\",\"datePublished\":\"2019-08-26T14:10:02+00:00\",\"mainEntityOfPage\":{\"@id\":\"https:\\\/\\\/canal7slp.tv\\\/2019\\\/red-de-extorsion-habria-sido-operada-desde-la-uif-de-epn-y-despachos-ligados-a-presidencia\\\/\"},\"wordCount\":1788,\"commentCount\":0,\"publisher\":{\"@id\":\"https:\\\/\\\/canal7slp.tv\\\/2019\\\/#organization\"},\"image\":{\"@id\":\"https:\\\/\\\/canal7slp.tv\\\/2019\\\/red-de-extorsion-habria-sido-operada-desde-la-uif-de-epn-y-despachos-ligados-a-presidencia\\\/#primaryimage\"},\"thumbnailUrl\":\"https:\\\/\\\/canal7slp.tv\\\/2019\\\/wp-content\\\/uploads\\\/2019\\\/08\\\/1015-18.jpg\",\"articleSection\":[\"NACIONAL\"],\"inLanguage\":\"es\",\"potentialAction\":[{\"@type\":\"CommentAction\",\"name\":\"Comment\",\"target\":[\"https:\\\/\\\/canal7slp.tv\\\/2019\\\/red-de-extorsion-habria-sido-operada-desde-la-uif-de-epn-y-despachos-ligados-a-presidencia\\\/#respond\"]}]},{\"@type\":\"WebPage\",\"@id\":\"https:\\\/\\\/canal7slp.tv\\\/2019\\\/red-de-extorsion-habria-sido-operada-desde-la-uif-de-epn-y-despachos-ligados-a-presidencia\\\/\",\"url\":\"https:\\\/\\\/canal7slp.tv\\\/2019\\\/red-de-extorsion-habria-sido-operada-desde-la-uif-de-epn-y-despachos-ligados-a-presidencia\\\/\",\"name\":\"Red de extorsi\u00f3n habr\u00eda sido operada desde la UIF de EPN y despachos ligados a Presidencia - Canal 7 SLP - 2019\",\"isPartOf\":{\"@id\":\"https:\\\/\\\/canal7slp.tv\\\/2019\\\/#website\"},\"primaryImageOfPage\":{\"@id\":\"https:\\\/\\\/canal7slp.tv\\\/2019\\\/red-de-extorsion-habria-sido-operada-desde-la-uif-de-epn-y-despachos-ligados-a-presidencia\\\/#primaryimage\"},\"image\":{\"@id\":\"https:\\\/\\\/canal7slp.tv\\\/2019\\\/red-de-extorsion-habria-sido-operada-desde-la-uif-de-epn-y-despachos-ligados-a-presidencia\\\/#primaryimage\"},\"thumbnailUrl\":\"https:\\\/\\\/canal7slp.tv\\\/2019\\\/wp-content\\\/uploads\\\/2019\\\/08\\\/1015-18.jpg\",\"datePublished\":\"2019-08-26T14:10:02+00:00\",\"breadcrumb\":{\"@id\":\"https:\\\/\\\/canal7slp.tv\\\/2019\\\/red-de-extorsion-habria-sido-operada-desde-la-uif-de-epn-y-despachos-ligados-a-presidencia\\\/#breadcrumb\"},\"inLanguage\":\"es\",\"potentialAction\":[{\"@type\":\"ReadAction\",\"target\":[\"https:\\\/\\\/canal7slp.tv\\\/2019\\\/red-de-extorsion-habria-sido-operada-desde-la-uif-de-epn-y-despachos-ligados-a-presidencia\\\/\"]}]},{\"@type\":\"ImageObject\",\"inLanguage\":\"es\",\"@id\":\"https:\\\/\\\/canal7slp.tv\\\/2019\\\/red-de-extorsion-habria-sido-operada-desde-la-uif-de-epn-y-despachos-ligados-a-presidencia\\\/#primaryimage\",\"url\":\"https:\\\/\\\/canal7slp.tv\\\/2019\\\/wp-content\\\/uploads\\\/2019\\\/08\\\/1015-18.jpg\",\"contentUrl\":\"https:\\\/\\\/canal7slp.tv\\\/2019\\\/wp-content\\\/uploads\\\/2019\\\/08\\\/1015-18.jpg\",\"width\":897,\"height\":410},{\"@type\":\"BreadcrumbList\",\"@id\":\"https:\\\/\\\/canal7slp.tv\\\/2019\\\/red-de-extorsion-habria-sido-operada-desde-la-uif-de-epn-y-despachos-ligados-a-presidencia\\\/#breadcrumb\",\"itemListElement\":[{\"@type\":\"ListItem\",\"position\":1,\"name\":\"Home\",\"item\":\"https:\\\/\\\/canal7slp.tv\\\/2019\\\/\"},{\"@type\":\"ListItem\",\"position\":2,\"name\":\"Red de extorsi\u00f3n habr\u00eda sido operada desde la UIF de EPN y despachos ligados a Presidencia\"}]},{\"@type\":\"WebSite\",\"@id\":\"https:\\\/\\\/canal7slp.tv\\\/2019\\\/#website\",\"url\":\"https:\\\/\\\/canal7slp.tv\\\/2019\\\/\",\"name\":\"Canal 7 SLP - Somos TV\",\"description\":\"Somos un Canal de 10\",\"publisher\":{\"@id\":\"https:\\\/\\\/canal7slp.tv\\\/2019\\\/#organization\"},\"potentialAction\":[{\"@type\":\"SearchAction\",\"target\":{\"@type\":\"EntryPoint\",\"urlTemplate\":\"https:\\\/\\\/canal7slp.tv\\\/2019\\\/?s={search_term_string}\"},\"query-input\":{\"@type\":\"PropertyValueSpecification\",\"valueRequired\":true,\"valueName\":\"search_term_string\"}}],\"inLanguage\":\"es\"},{\"@type\":\"Organization\",\"@id\":\"https:\\\/\\\/canal7slp.tv\\\/2019\\\/#organization\",\"name\":\"Comunicaci\u00f3n 2000 S.A. de C.V.\",\"url\":\"https:\\\/\\\/canal7slp.tv\\\/2019\\\/\",\"logo\":{\"@type\":\"ImageObject\",\"inLanguage\":\"es\",\"@id\":\"https:\\\/\\\/canal7slp.tv\\\/2019\\\/#\\\/schema\\\/logo\\\/image\\\/\",\"url\":\"https:\\\/\\\/canal7slp.tv\\\/2019\\\/wp-content\\\/uploads\\\/2019\\\/07\\\/logo-c7.png\",\"contentUrl\":\"https:\\\/\\\/canal7slp.tv\\\/2019\\\/wp-content\\\/uploads\\\/2019\\\/07\\\/logo-c7.png\",\"width\":220,\"height\":60,\"caption\":\"Comunicaci\u00f3n 2000 S.A. de C.V.\"},\"image\":{\"@id\":\"https:\\\/\\\/canal7slp.tv\\\/2019\\\/#\\\/schema\\\/logo\\\/image\\\/\"},\"sameAs\":[\"https:\\\/\\\/www.facebook.com\\\/CANAL7SLP\\\/\",\"https:\\\/\\\/x.com\\\/canal7_slp\",\"https:\\\/\\\/www.instagram.com\\\/canal7_slp\",\"https:\\\/\\\/www.youtube.com\\\/user\\\/NOTICIEROSCANAL7SLP\\\/\"]},{\"@type\":\"Person\",\"@id\":\"https:\\\/\\\/canal7slp.tv\\\/2019\\\/#\\\/schema\\\/person\\\/11d941c1c6ca30ac0a46b95fa37aa2e3\",\"name\":\"edicionweb\",\"image\":{\"@type\":\"ImageObject\",\"inLanguage\":\"es\",\"@id\":\"https:\\\/\\\/secure.gravatar.com\\\/avatar\\\/eee448fc3f7164808013b816ba91ac7e43bbe82a70bebac296f8bc6f0addaa1a?s=96&d=mm&r=g\",\"url\":\"https:\\\/\\\/secure.gravatar.com\\\/avatar\\\/eee448fc3f7164808013b816ba91ac7e43bbe82a70bebac296f8bc6f0addaa1a?s=96&d=mm&r=g\",\"contentUrl\":\"https:\\\/\\\/secure.gravatar.com\\\/avatar\\\/eee448fc3f7164808013b816ba91ac7e43bbe82a70bebac296f8bc6f0addaa1a?s=96&d=mm&r=g\",\"caption\":\"edicionweb\"}}]}<\/script>\n<!-- \/ Yoast SEO plugin. -->","yoast_head_json":{"title":"Red de extorsi\u00f3n habr\u00eda sido operada desde la UIF de EPN y despachos ligados a Presidencia - Canal 7 SLP - 2019","robots":{"index":"index","follow":"follow","max-snippet":"max-snippet:-1","max-image-preview":"max-image-preview:large","max-video-preview":"max-video-preview:-1"},"canonical":"https:\/\/canal7slp.tv\/2019\/red-de-extorsion-habria-sido-operada-desde-la-uif-de-epn-y-despachos-ligados-a-presidencia\/","og_locale":"es_ES","og_type":"article","og_title":"Red de extorsi\u00f3n habr\u00eda sido operada desde la UIF de EPN y despachos ligados a Presidencia - Canal 7 SLP - 2019","og_description":"M\u00e9xico.- El gobierno de M\u00e9xico sigue pistas en el sistema financiero nacional e internacional sobre las finanzas del expresidente Enrique Pe\u00f1a Nieto que podr\u00edan apuntar a posibles actos de corrupci\u00f3n. As\u00ed lo revel\u00f3 en entrevista Santiago Nieto, titular de la Unidad de Inteligencia Financiera (UIF) de la Secretar\u00eda de Hacienda y Cr\u00e9dito P\u00fablico (SHCP). \u201cS\u00ed, [&hellip;]","og_url":"https:\/\/canal7slp.tv\/2019\/red-de-extorsion-habria-sido-operada-desde-la-uif-de-epn-y-despachos-ligados-a-presidencia\/","og_site_name":"Canal 7 SLP - 2019","article_publisher":"https:\/\/www.facebook.com\/CANAL7SLP\/","article_published_time":"2019-08-26T14:10:02+00:00","og_image":[{"width":897,"height":410,"url":"https:\/\/canal7slp.tv\/2019\/wp-content\/uploads\/2019\/08\/1015-18.jpg","type":"image\/jpeg"}],"author":"edicionweb","twitter_card":"summary_large_image","twitter_creator":"@canal7_slp","twitter_site":"@canal7_slp","twitter_misc":{"Escrito por":"edicionweb","Tiempo de lectura":"9 minutos"},"schema":{"@context":"https:\/\/schema.org","@graph":[{"@type":"Article","@id":"https:\/\/canal7slp.tv\/2019\/red-de-extorsion-habria-sido-operada-desde-la-uif-de-epn-y-despachos-ligados-a-presidencia\/#article","isPartOf":{"@id":"https:\/\/canal7slp.tv\/2019\/red-de-extorsion-habria-sido-operada-desde-la-uif-de-epn-y-despachos-ligados-a-presidencia\/"},"author":{"name":"edicionweb","@id":"https:\/\/canal7slp.tv\/2019\/#\/schema\/person\/11d941c1c6ca30ac0a46b95fa37aa2e3"},"headline":"Red de extorsi\u00f3n habr\u00eda sido operada desde la UIF de EPN y despachos ligados a Presidencia","datePublished":"2019-08-26T14:10:02+00:00","mainEntityOfPage":{"@id":"https:\/\/canal7slp.tv\/2019\/red-de-extorsion-habria-sido-operada-desde-la-uif-de-epn-y-despachos-ligados-a-presidencia\/"},"wordCount":1788,"commentCount":0,"publisher":{"@id":"https:\/\/canal7slp.tv\/2019\/#organization"},"image":{"@id":"https:\/\/canal7slp.tv\/2019\/red-de-extorsion-habria-sido-operada-desde-la-uif-de-epn-y-despachos-ligados-a-presidencia\/#primaryimage"},"thumbnailUrl":"https:\/\/canal7slp.tv\/2019\/wp-content\/uploads\/2019\/08\/1015-18.jpg","articleSection":["NACIONAL"],"inLanguage":"es","potentialAction":[{"@type":"CommentAction","name":"Comment","target":["https:\/\/canal7slp.tv\/2019\/red-de-extorsion-habria-sido-operada-desde-la-uif-de-epn-y-despachos-ligados-a-presidencia\/#respond"]}]},{"@type":"WebPage","@id":"https:\/\/canal7slp.tv\/2019\/red-de-extorsion-habria-sido-operada-desde-la-uif-de-epn-y-despachos-ligados-a-presidencia\/","url":"https:\/\/canal7slp.tv\/2019\/red-de-extorsion-habria-sido-operada-desde-la-uif-de-epn-y-despachos-ligados-a-presidencia\/","name":"Red de extorsi\u00f3n habr\u00eda sido operada desde la UIF de EPN y despachos ligados a Presidencia - Canal 7 SLP - 2019","isPartOf":{"@id":"https:\/\/canal7slp.tv\/2019\/#website"},"primaryImageOfPage":{"@id":"https:\/\/canal7slp.tv\/2019\/red-de-extorsion-habria-sido-operada-desde-la-uif-de-epn-y-despachos-ligados-a-presidencia\/#primaryimage"},"image":{"@id":"https:\/\/canal7slp.tv\/2019\/red-de-extorsion-habria-sido-operada-desde-la-uif-de-epn-y-despachos-ligados-a-presidencia\/#primaryimage"},"thumbnailUrl":"https:\/\/canal7slp.tv\/2019\/wp-content\/uploads\/2019\/08\/1015-18.jpg","datePublished":"2019-08-26T14:10:02+00:00","breadcrumb":{"@id":"https:\/\/canal7slp.tv\/2019\/red-de-extorsion-habria-sido-operada-desde-la-uif-de-epn-y-despachos-ligados-a-presidencia\/#breadcrumb"},"inLanguage":"es","potentialAction":[{"@type":"ReadAction","target":["https:\/\/canal7slp.tv\/2019\/red-de-extorsion-habria-sido-operada-desde-la-uif-de-epn-y-despachos-ligados-a-presidencia\/"]}]},{"@type":"ImageObject","inLanguage":"es","@id":"https:\/\/canal7slp.tv\/2019\/red-de-extorsion-habria-sido-operada-desde-la-uif-de-epn-y-despachos-ligados-a-presidencia\/#primaryimage","url":"https:\/\/canal7slp.tv\/2019\/wp-content\/uploads\/2019\/08\/1015-18.jpg","contentUrl":"https:\/\/canal7slp.tv\/2019\/wp-content\/uploads\/2019\/08\/1015-18.jpg","width":897,"height":410},{"@type":"BreadcrumbList","@id":"https:\/\/canal7slp.tv\/2019\/red-de-extorsion-habria-sido-operada-desde-la-uif-de-epn-y-despachos-ligados-a-presidencia\/#breadcrumb","itemListElement":[{"@type":"ListItem","position":1,"name":"Home","item":"https:\/\/canal7slp.tv\/2019\/"},{"@type":"ListItem","position":2,"name":"Red de extorsi\u00f3n habr\u00eda sido operada desde la UIF de EPN y despachos ligados a Presidencia"}]},{"@type":"WebSite","@id":"https:\/\/canal7slp.tv\/2019\/#website","url":"https:\/\/canal7slp.tv\/2019\/","name":"Canal 7 SLP - Somos TV","description":"Somos un Canal de 10","publisher":{"@id":"https:\/\/canal7slp.tv\/2019\/#organization"},"potentialAction":[{"@type":"SearchAction","target":{"@type":"EntryPoint","urlTemplate":"https:\/\/canal7slp.tv\/2019\/?s={search_term_string}"},"query-input":{"@type":"PropertyValueSpecification","valueRequired":true,"valueName":"search_term_string"}}],"inLanguage":"es"},{"@type":"Organization","@id":"https:\/\/canal7slp.tv\/2019\/#organization","name":"Comunicaci\u00f3n 2000 S.A. de C.V.","url":"https:\/\/canal7slp.tv\/2019\/","logo":{"@type":"ImageObject","inLanguage":"es","@id":"https:\/\/canal7slp.tv\/2019\/#\/schema\/logo\/image\/","url":"https:\/\/canal7slp.tv\/2019\/wp-content\/uploads\/2019\/07\/logo-c7.png","contentUrl":"https:\/\/canal7slp.tv\/2019\/wp-content\/uploads\/2019\/07\/logo-c7.png","width":220,"height":60,"caption":"Comunicaci\u00f3n 2000 S.A. de C.V."},"image":{"@id":"https:\/\/canal7slp.tv\/2019\/#\/schema\/logo\/image\/"},"sameAs":["https:\/\/www.facebook.com\/CANAL7SLP\/","https:\/\/x.com\/canal7_slp","https:\/\/www.instagram.com\/canal7_slp","https:\/\/www.youtube.com\/user\/NOTICIEROSCANAL7SLP\/"]},{"@type":"Person","@id":"https:\/\/canal7slp.tv\/2019\/#\/schema\/person\/11d941c1c6ca30ac0a46b95fa37aa2e3","name":"edicionweb","image":{"@type":"ImageObject","inLanguage":"es","@id":"https:\/\/secure.gravatar.com\/avatar\/eee448fc3f7164808013b816ba91ac7e43bbe82a70bebac296f8bc6f0addaa1a?s=96&d=mm&r=g","url":"https:\/\/secure.gravatar.com\/avatar\/eee448fc3f7164808013b816ba91ac7e43bbe82a70bebac296f8bc6f0addaa1a?s=96&d=mm&r=g","contentUrl":"https:\/\/secure.gravatar.com\/avatar\/eee448fc3f7164808013b816ba91ac7e43bbe82a70bebac296f8bc6f0addaa1a?s=96&d=mm&r=g","caption":"edicionweb"}}]}},"amp_enabled":true,"cmb2":{"video_ids_in_playlist":{"vid_p_videos":""},"video_ids_in_channel":{"vid_c_videos":""},"playlist_ids_in_channel":{"vid_c_playlists":""},"series_ids_in_channel":{"vid_c_series":""},"channel_images":{"vid_c_logo":"","vid_c_banner":""},"poster_feature_image":{"vid_m_poster_image":""},"gif_feature_image":{"vid_m_gif_image":""},"video_movie_settings":{"vid_m_director":"","vid_m_actor":"","vid_m_imdb_ratings":"","vid_m_amazon_associates":""},"vid_youtube_broadcasts_settings":{"vid_yb_broadcast_title":"","vid_yb_q":"","vid_yb_channelid":"","vid_yb_videocategoryid":"","vid_yb_maxresults":"","vid_yb_order":"","vid_yb_regioncode":"","vid_yb_videosyndicated":"","vid_yb_style":"","vid_yb_reload_first":""},"video_series_settings":{"vid_m_director":"","vid_m_actor":"","vid_m_imdb_ratings":"","video_series_group":""},"amazon_associates_settings":{"amazon_associates":"","amazon_native_ad":""},"vid_youtube_automatic_settings":{"vid_ya_youtube_source":"","vid_ya_update_every":"","vid_ya_update_unit":"","vid_ya_categories":"","vid_ya_published_after":"","vid_ya_published_before":"","vid_ya_playlists":"","vid_ya_channels":"","vid_ya_director":"","vid_ya_actor":"","vid_ya_author":"","vid_ya_import_post_date":"","vid_ya_status":"","vid_ya_sub_api_key":""},"vid_ads_m_videoads_settings_post":{"vid_ads_m_video_ads":"","vid_ads_m_video_ads_type":"","vid_ads_m_group_google_ima":"","vid_ads_m_group_image":"","vid_ads_m_group_html5_video":"","vid_ads_m_group_html":"","vid_ads_m_vast_preroll":"","vid_ads_m_vast_postroll":"","vid_ads_m_vast_pauseroll":"","vid_ads_m_vast_midroll":[{"vid_ads_m_vast_timer_seconds":"50"}],"vid_ads_m_time_to_show_ads":"","vid_ads_m_time_skip_ads":"","vid_ads_m_time_to_hide_ads":""},"page_slider_settings":{"display_slider_group":"","page_slider_group":""},"blog_page_settings":{"blog_page_title":"","blog_page_heading":"","blog_page_ic":"","blog_page_it":"","blog_page_ec":"","blog_page_ip":"","archive_loop_style":"","blog_image_ratio":"","blog_show_categories":"","blog_show_excerpt":"","blog_show_author":"","blog_show_date":"","blog_show_comment_count":"","blog_show_view_count":"","blog_show_like_count":"","blog_show_dislike_count":"","blog_items_per_page":"","blog_pag_type":""},"page_options":{"get_page_template":"","color_mode":"","main_layout":"","main_layout_full_with":"","main_logo":"","main_logo_retina":"","main_logo_mobile":"","main_logo_mobile_retina":"","sticky_logo":"","sticky_logo_retina":"","main_nav_layout":"","ajax_search":"","header_background":"","theme_sidebar":"","instagram_feed":"","instagram_feed_position":"","popular_videos":"","popular_videos_title_1":"","popular_videos_title_2":"","popular_videos_ic":"","popular_videos_it":"","theme_background":"","page_custom_css":""},"feature_image_settings":{"feature_image_position":""},"video_player_settings":{"single_video_style":"","video_player_position":"","vm_video_url":"","video_player_library":"","video_streaming":"","vm_media_sources":"","vid_auto_play":"","vm_video_shortcode":"","vid_p_sync_playlist":"","vid_c_sync_channel":"","get_post_format":"","multiple_links_structure":"default","multi_links_title":"","vm_video_multi_links":"","vm_duration":"","vid_social_locker":"off","vid_social_locker_id":"","vid_membership_action":"content-video","vm_video_trailer_url":"","vid_download_type":"free","vid_download_target":"download","vid_woo_product":"","vm_media_download":"","user_rating":"","user_rating_position":"","user_rating_mode":"","user_rating_multi_sets":""},"video_auto_fetch_settings":{"vm_video_fetch":"on"},"video_fake_views_likes":{"vm_fake_views":"","vm_fake_likes":"","vm_fake_dislikes":""},"gallery_settings":{"gallery_position":""},"quote_settings":{"quote_position":""},"post_options":{"main_layout":"","main_logo":"","main_logo_retina":"","main_logo_mobile":"","main_logo_mobile_retina":"","sticky_logo":"","sticky_logo_retina":"","main_nav_layout":"","header_background":"","theme_sidebar":"","single_post_comment_type":"","theme_background":""}},"_links":{"self":[{"href":"https:\/\/canal7slp.tv\/2019\/wp-json\/wp\/v2\/posts\/55153","targetHints":{"allow":["GET"]}}],"collection":[{"href":"https:\/\/canal7slp.tv\/2019\/wp-json\/wp\/v2\/posts"}],"about":[{"href":"https:\/\/canal7slp.tv\/2019\/wp-json\/wp\/v2\/types\/post"}],"author":[{"embeddable":true,"href":"https:\/\/canal7slp.tv\/2019\/wp-json\/wp\/v2\/users\/2"}],"replies":[{"embeddable":true,"href":"https:\/\/canal7slp.tv\/2019\/wp-json\/wp\/v2\/comments?post=55153"}],"version-history":[{"count":0,"href":"https:\/\/canal7slp.tv\/2019\/wp-json\/wp\/v2\/posts\/55153\/revisions"}],"wp:featuredmedia":[{"embeddable":true,"href":"https:\/\/canal7slp.tv\/2019\/wp-json\/wp\/v2\/media\/55154"}],"wp:attachment":[{"href":"https:\/\/canal7slp.tv\/2019\/wp-json\/wp\/v2\/media?parent=55153"}],"wp:term":[{"taxonomy":"category","embeddable":true,"href":"https:\/\/canal7slp.tv\/2019\/wp-json\/wp\/v2\/categories?post=55153"},{"taxonomy":"post_tag","embeddable":true,"href":"https:\/\/canal7slp.tv\/2019\/wp-json\/wp\/v2\/tags?post=55153"}],"curies":[{"name":"wp","href":"https:\/\/api.w.org\/{rel}","templated":true}]}}