{"id":55144,"date":"2019-08-26T08:57:49","date_gmt":"2019-08-26T13:57:49","guid":{"rendered":"https:\/\/canal7slp.tv\/2019\/?p=55144"},"modified":"2019-08-26T08:57:49","modified_gmt":"2019-08-26T13:57:49","slug":"las-bolsas-europeas-comienzan-la-sesion-en-numeros-rojos","status":"publish","type":"post","link":"https:\/\/canal7slp.tv\/2019\/las-bolsas-europeas-comienzan-la-sesion-en-numeros-rojos\/","title":{"rendered":"Las bolsas europeas comienzan la sesi\u00f3n en n\u00fameros rojos"},"content":{"rendered":"<p style=\"text-align: justify\">Madrid.- Los mercados europeos comienzan la sesi\u00f3n en negativo tras el cruce de amenazas entre Estados Unidos y China. A pesar del mensaje pacifista del pa\u00eds asi\u00e1tico, pesan m\u00e1s las amenazas de Trump pidiendo que las empresas estadounidenses salgan de China.<\/p>\n<p style=\"text-align: justify\">Siguen las declaraciones en torno a la guerra comercial entre China y EEUU. Si el viernes era Donald Trump el que anunci\u00f3 que someter\u00eda a las importaciones chinas a un arancel adicional del 5%, en respuesta a la imposici\u00f3n de aranceles por parte de Pek\u00edn, hoy es China la que da una respuesta \u201cpacifista\u201d diciendo que est\u00e1 dispuesta a resolver su disputa con Estados Unidos de forma tranquila al tiempo que se opone resueltamente a la escalada del conflicto.<\/p>\n<p style=\"text-align: justify\">Una situaci\u00f3n que ha provocado que el bono a diez a\u00f1os de Estados Unidos haya roto m\u00ednimos y cotiza en el 1,44%, el nivel m\u00e1s bajo desde 2016. El hecho de que la guerra comercial, y los efectos que pueda tener sobre la econom\u00eda a nivel global, pueda favorecer una bajada de tipos alimenta las ca\u00eddas en los intereses de la deuda. El yuan, por su parte, tambi\u00e9n marca nuevos m\u00ednimos frente al d\u00f3lar.<\/p>\n<p style=\"text-align: justify\">Sea cual sea la estrategia de ambos gobiernos, la realidad, como afirm\u00f3 en Jackson Hole el gobernador del Banco de Inglaterra, el canadiense Carney, la guerra comercial ya est\u00e1 pasando factura al crecimiento global, algo que est\u00e1n reflejando las compa\u00f1\u00edas c\u00edclicas cotizadas en sus valoraciones. \u201cDe no ponerse freno a la actual escalada de las hostilidades comerciales, el impacto en el comercio y en la econom\u00eda mundial ir\u00e1n a m\u00e1s, pudiendo abocar a algunas potencias econ\u00f3micas occidentales a entrar en recesi\u00f3n\u201d, reconocen los expertos de Link Securites que creen que la capacidad de actuaci\u00f3n de los bancos centrales es limitada.<\/p>\n<p style=\"text-align: justify\">Con todo, hoy se abre una semana que vendr\u00e1 con importantes datos macro en la Eurozona, como el PIB de Alemania o el IFO del mes de agosto, que intentar\u00e1n medir la confianza de los empresarios del pa\u00eds. Referencias que llegar\u00e1n antes de que, el pr\u00f3ximo viernes, se de a conocer la \u00faltima lectura de inflaci\u00f3n de la Zona del euro. Por lo tanto, \u201csemana compleja para los mercados de valores occidentales en la que, si nada lo remedia, la volatilidad volver\u00e1 a ser la principal protagonista\u201d.<\/p>\n<p style=\"text-align: justify\">En Italia, su presidente Sergio Mattarela, ha dado de plazo hasta ma\u00f1ana para negociar un nuevo gobierno tras las consultas con los partidos. \u201cParece que la mayor\u00eda parlamentaria est\u00e1 dispuesta a sondear la posibilidad de un nuevo Gobierno, lo que permitir\u00e1 estas negociaciones y convocar\u00e1 de nuevo a los grupos pol\u00edticos ma\u00f1ana\u201d, aseguran los expertos de Divacons Alphavalue.<\/p>\n<p style=\"text-align: justify\">A nivel empresarial, la compa\u00f1\u00eda EMS Chemie Holding ha dado a conocer sus resultados del primer semestre con unas ventas de 1.154 millones de francos suizos y beneficio neto de 266 millones.<\/p>\n<p style=\"text-align: justify\">Hoy comenta The Wall Street Journal que UBS mantuvo conversaciones de fusi\u00f3n de su divisi\u00f3n de banca de inversi\u00f3n con Deutsche Bank, negociaciones que no llegaron a buen puerto por problemas con los equipos directivos de distribuci\u00f3n de poderes. El banco alem\u00e1n despierta hoy con ligeras subidas despu\u00e9s de que el pasado viernes corrigiera despu\u00e9s de conocer que pagar\u00e1 16,2 millones de sanci\u00f3n por la SEC por el caso \u201cpriceling\u201d de presunta violaci\u00f3n de leyes estadounidenses sobre corrupci\u00f3n en la contrataci\u00f3n de familiares de funcionarios de gobiernos extranjeros. Adem\u00e1s, la entidad prepara transferir hasta 800 empleados a BNP Paribas como parte del acuerdo de toma de control de la unidad de brokerage.<\/p>\n<p style=\"text-align: justify\">La divisi\u00f3n sider\u00fargica de Thyssenkrupp estar\u00eda manteniendo conversaciones de fusiones con Kloeckner tras el intento fallido de fusi\u00f3n con Tata Steel.<\/p>\n<p style=\"text-align: justify\">Adem\u00e1s, la prensa alemana recoge hoy los numerosos cierres de plantas que estar\u00eda llevando a cabo Continental, se habla de 32 plantas a nivel mundial.<\/p>\n","protected":false},"excerpt":{"rendered":"<p>Madrid.- Los mercados europeos comienzan la sesi\u00f3n en negativo tras el cruce de amenazas entre Estados Unidos y China. A pesar del mensaje pacifista del pa\u00eds asi\u00e1tico, pesan m\u00e1s las amenazas de Trump pidiendo que las empresas estadounidenses salgan de China. Siguen las declaraciones en torno a la guerra comercial entre China y EEUU. Si [&hellip;]<\/p>\n","protected":false},"author":2,"featured_media":55145,"comment_status":"open","ping_status":"open","sticky":false,"template":"","format":"standard","meta":{"footnotes":""},"categories":[98],"tags":[],"class_list":["post-55144","post","type-post","status-publish","format-standard","has-post-thumbnail","hentry","category-finanzas"],"yoast_head":"<!-- This site is optimized with the Yoast SEO plugin v27.5 - https:\/\/yoast.com\/product\/yoast-seo-wordpress\/ -->\n<title>Las bolsas europeas comienzan la sesi\u00f3n en n\u00fameros rojos - Canal 7 SLP - 2019<\/title>\n<meta name=\"robots\" content=\"index, follow, max-snippet:-1, max-image-preview:large, max-video-preview:-1\" \/>\n<link rel=\"canonical\" href=\"https:\/\/canal7slp.tv\/2019\/las-bolsas-europeas-comienzan-la-sesion-en-numeros-rojos\/\" \/>\n<meta property=\"og:locale\" content=\"es_ES\" \/>\n<meta property=\"og:type\" content=\"article\" \/>\n<meta property=\"og:title\" content=\"Las bolsas europeas comienzan la sesi\u00f3n en n\u00fameros rojos - Canal 7 SLP - 2019\" \/>\n<meta property=\"og:description\" content=\"Madrid.- Los mercados europeos comienzan la sesi\u00f3n en negativo tras el cruce de amenazas entre Estados Unidos y China. A pesar del mensaje pacifista del pa\u00eds asi\u00e1tico, pesan m\u00e1s las amenazas de Trump pidiendo que las empresas estadounidenses salgan de China. Siguen las declaraciones en torno a la guerra comercial entre China y EEUU. Si [&hellip;]\" \/>\n<meta property=\"og:url\" content=\"https:\/\/canal7slp.tv\/2019\/las-bolsas-europeas-comienzan-la-sesion-en-numeros-rojos\/\" \/>\n<meta property=\"og:site_name\" content=\"Canal 7 SLP - 2019\" \/>\n<meta property=\"article:publisher\" content=\"https:\/\/www.facebook.com\/CANAL7SLP\/\" \/>\n<meta property=\"article:published_time\" content=\"2019-08-26T13:57:49+00:00\" \/>\n<meta property=\"og:image\" content=\"https:\/\/canal7slp.tv\/2019\/wp-content\/uploads\/2019\/08\/930-16.jpg\" \/>\n\t<meta property=\"og:image:width\" content=\"755\" \/>\n\t<meta property=\"og:image:height\" content=\"410\" \/>\n\t<meta property=\"og:image:type\" content=\"image\/jpeg\" \/>\n<meta name=\"author\" content=\"edicionweb\" \/>\n<meta name=\"twitter:card\" content=\"summary_large_image\" \/>\n<meta name=\"twitter:creator\" content=\"@canal7_slp\" \/>\n<meta name=\"twitter:site\" content=\"@canal7_slp\" \/>\n<meta name=\"twitter:label1\" content=\"Escrito por\" \/>\n\t<meta name=\"twitter:data1\" content=\"edicionweb\" \/>\n\t<meta name=\"twitter:label2\" content=\"Tiempo de lectura\" \/>\n\t<meta name=\"twitter:data2\" content=\"3 minutos\" \/>\n<script type=\"application\/ld+json\" class=\"yoast-schema-graph\">{\"@context\":\"https:\\\/\\\/schema.org\",\"@graph\":[{\"@type\":\"Article\",\"@id\":\"https:\\\/\\\/canal7slp.tv\\\/2019\\\/las-bolsas-europeas-comienzan-la-sesion-en-numeros-rojos\\\/#article\",\"isPartOf\":{\"@id\":\"https:\\\/\\\/canal7slp.tv\\\/2019\\\/las-bolsas-europeas-comienzan-la-sesion-en-numeros-rojos\\\/\"},\"author\":{\"name\":\"edicionweb\",\"@id\":\"https:\\\/\\\/canal7slp.tv\\\/2019\\\/#\\\/schema\\\/person\\\/11d941c1c6ca30ac0a46b95fa37aa2e3\"},\"headline\":\"Las bolsas europeas comienzan la sesi\u00f3n en n\u00fameros rojos\",\"datePublished\":\"2019-08-26T13:57:49+00:00\",\"mainEntityOfPage\":{\"@id\":\"https:\\\/\\\/canal7slp.tv\\\/2019\\\/las-bolsas-europeas-comienzan-la-sesion-en-numeros-rojos\\\/\"},\"wordCount\":686,\"commentCount\":0,\"publisher\":{\"@id\":\"https:\\\/\\\/canal7slp.tv\\\/2019\\\/#organization\"},\"image\":{\"@id\":\"https:\\\/\\\/canal7slp.tv\\\/2019\\\/las-bolsas-europeas-comienzan-la-sesion-en-numeros-rojos\\\/#primaryimage\"},\"thumbnailUrl\":\"https:\\\/\\\/canal7slp.tv\\\/2019\\\/wp-content\\\/uploads\\\/2019\\\/08\\\/930-16.jpg\",\"articleSection\":[\"FINANZAS\"],\"inLanguage\":\"es\",\"potentialAction\":[{\"@type\":\"CommentAction\",\"name\":\"Comment\",\"target\":[\"https:\\\/\\\/canal7slp.tv\\\/2019\\\/las-bolsas-europeas-comienzan-la-sesion-en-numeros-rojos\\\/#respond\"]}]},{\"@type\":\"WebPage\",\"@id\":\"https:\\\/\\\/canal7slp.tv\\\/2019\\\/las-bolsas-europeas-comienzan-la-sesion-en-numeros-rojos\\\/\",\"url\":\"https:\\\/\\\/canal7slp.tv\\\/2019\\\/las-bolsas-europeas-comienzan-la-sesion-en-numeros-rojos\\\/\",\"name\":\"Las bolsas europeas comienzan la sesi\u00f3n en n\u00fameros rojos - Canal 7 SLP - 2019\",\"isPartOf\":{\"@id\":\"https:\\\/\\\/canal7slp.tv\\\/2019\\\/#website\"},\"primaryImageOfPage\":{\"@id\":\"https:\\\/\\\/canal7slp.tv\\\/2019\\\/las-bolsas-europeas-comienzan-la-sesion-en-numeros-rojos\\\/#primaryimage\"},\"image\":{\"@id\":\"https:\\\/\\\/canal7slp.tv\\\/2019\\\/las-bolsas-europeas-comienzan-la-sesion-en-numeros-rojos\\\/#primaryimage\"},\"thumbnailUrl\":\"https:\\\/\\\/canal7slp.tv\\\/2019\\\/wp-content\\\/uploads\\\/2019\\\/08\\\/930-16.jpg\",\"datePublished\":\"2019-08-26T13:57:49+00:00\",\"breadcrumb\":{\"@id\":\"https:\\\/\\\/canal7slp.tv\\\/2019\\\/las-bolsas-europeas-comienzan-la-sesion-en-numeros-rojos\\\/#breadcrumb\"},\"inLanguage\":\"es\",\"potentialAction\":[{\"@type\":\"ReadAction\",\"target\":[\"https:\\\/\\\/canal7slp.tv\\\/2019\\\/las-bolsas-europeas-comienzan-la-sesion-en-numeros-rojos\\\/\"]}]},{\"@type\":\"ImageObject\",\"inLanguage\":\"es\",\"@id\":\"https:\\\/\\\/canal7slp.tv\\\/2019\\\/las-bolsas-europeas-comienzan-la-sesion-en-numeros-rojos\\\/#primaryimage\",\"url\":\"https:\\\/\\\/canal7slp.tv\\\/2019\\\/wp-content\\\/uploads\\\/2019\\\/08\\\/930-16.jpg\",\"contentUrl\":\"https:\\\/\\\/canal7slp.tv\\\/2019\\\/wp-content\\\/uploads\\\/2019\\\/08\\\/930-16.jpg\",\"width\":755,\"height\":410},{\"@type\":\"BreadcrumbList\",\"@id\":\"https:\\\/\\\/canal7slp.tv\\\/2019\\\/las-bolsas-europeas-comienzan-la-sesion-en-numeros-rojos\\\/#breadcrumb\",\"itemListElement\":[{\"@type\":\"ListItem\",\"position\":1,\"name\":\"Home\",\"item\":\"https:\\\/\\\/canal7slp.tv\\\/2019\\\/\"},{\"@type\":\"ListItem\",\"position\":2,\"name\":\"Las bolsas europeas comienzan la sesi\u00f3n en n\u00fameros rojos\"}]},{\"@type\":\"WebSite\",\"@id\":\"https:\\\/\\\/canal7slp.tv\\\/2019\\\/#website\",\"url\":\"https:\\\/\\\/canal7slp.tv\\\/2019\\\/\",\"name\":\"Canal 7 SLP - Somos TV\",\"description\":\"Somos un Canal de 10\",\"publisher\":{\"@id\":\"https:\\\/\\\/canal7slp.tv\\\/2019\\\/#organization\"},\"potentialAction\":[{\"@type\":\"SearchAction\",\"target\":{\"@type\":\"EntryPoint\",\"urlTemplate\":\"https:\\\/\\\/canal7slp.tv\\\/2019\\\/?s={search_term_string}\"},\"query-input\":{\"@type\":\"PropertyValueSpecification\",\"valueRequired\":true,\"valueName\":\"search_term_string\"}}],\"inLanguage\":\"es\"},{\"@type\":\"Organization\",\"@id\":\"https:\\\/\\\/canal7slp.tv\\\/2019\\\/#organization\",\"name\":\"Comunicaci\u00f3n 2000 S.A. de C.V.\",\"url\":\"https:\\\/\\\/canal7slp.tv\\\/2019\\\/\",\"logo\":{\"@type\":\"ImageObject\",\"inLanguage\":\"es\",\"@id\":\"https:\\\/\\\/canal7slp.tv\\\/2019\\\/#\\\/schema\\\/logo\\\/image\\\/\",\"url\":\"https:\\\/\\\/canal7slp.tv\\\/2019\\\/wp-content\\\/uploads\\\/2019\\\/07\\\/logo-c7.png\",\"contentUrl\":\"https:\\\/\\\/canal7slp.tv\\\/2019\\\/wp-content\\\/uploads\\\/2019\\\/07\\\/logo-c7.png\",\"width\":220,\"height\":60,\"caption\":\"Comunicaci\u00f3n 2000 S.A. de C.V.\"},\"image\":{\"@id\":\"https:\\\/\\\/canal7slp.tv\\\/2019\\\/#\\\/schema\\\/logo\\\/image\\\/\"},\"sameAs\":[\"https:\\\/\\\/www.facebook.com\\\/CANAL7SLP\\\/\",\"https:\\\/\\\/x.com\\\/canal7_slp\",\"https:\\\/\\\/www.instagram.com\\\/canal7_slp\",\"https:\\\/\\\/www.youtube.com\\\/user\\\/NOTICIEROSCANAL7SLP\\\/\"]},{\"@type\":\"Person\",\"@id\":\"https:\\\/\\\/canal7slp.tv\\\/2019\\\/#\\\/schema\\\/person\\\/11d941c1c6ca30ac0a46b95fa37aa2e3\",\"name\":\"edicionweb\",\"image\":{\"@type\":\"ImageObject\",\"inLanguage\":\"es\",\"@id\":\"https:\\\/\\\/secure.gravatar.com\\\/avatar\\\/eee448fc3f7164808013b816ba91ac7e43bbe82a70bebac296f8bc6f0addaa1a?s=96&d=mm&r=g\",\"url\":\"https:\\\/\\\/secure.gravatar.com\\\/avatar\\\/eee448fc3f7164808013b816ba91ac7e43bbe82a70bebac296f8bc6f0addaa1a?s=96&d=mm&r=g\",\"contentUrl\":\"https:\\\/\\\/secure.gravatar.com\\\/avatar\\\/eee448fc3f7164808013b816ba91ac7e43bbe82a70bebac296f8bc6f0addaa1a?s=96&d=mm&r=g\",\"caption\":\"edicionweb\"}}]}<\/script>\n<!-- \/ Yoast SEO plugin. -->","yoast_head_json":{"title":"Las bolsas europeas comienzan la sesi\u00f3n en n\u00fameros rojos - Canal 7 SLP - 2019","robots":{"index":"index","follow":"follow","max-snippet":"max-snippet:-1","max-image-preview":"max-image-preview:large","max-video-preview":"max-video-preview:-1"},"canonical":"https:\/\/canal7slp.tv\/2019\/las-bolsas-europeas-comienzan-la-sesion-en-numeros-rojos\/","og_locale":"es_ES","og_type":"article","og_title":"Las bolsas europeas comienzan la sesi\u00f3n en n\u00fameros rojos - Canal 7 SLP - 2019","og_description":"Madrid.- Los mercados europeos comienzan la sesi\u00f3n en negativo tras el cruce de amenazas entre Estados Unidos y China. A pesar del mensaje pacifista del pa\u00eds asi\u00e1tico, pesan m\u00e1s las amenazas de Trump pidiendo que las empresas estadounidenses salgan de China. Siguen las declaraciones en torno a la guerra comercial entre China y EEUU. Si [&hellip;]","og_url":"https:\/\/canal7slp.tv\/2019\/las-bolsas-europeas-comienzan-la-sesion-en-numeros-rojos\/","og_site_name":"Canal 7 SLP - 2019","article_publisher":"https:\/\/www.facebook.com\/CANAL7SLP\/","article_published_time":"2019-08-26T13:57:49+00:00","og_image":[{"width":755,"height":410,"url":"https:\/\/canal7slp.tv\/2019\/wp-content\/uploads\/2019\/08\/930-16.jpg","type":"image\/jpeg"}],"author":"edicionweb","twitter_card":"summary_large_image","twitter_creator":"@canal7_slp","twitter_site":"@canal7_slp","twitter_misc":{"Escrito por":"edicionweb","Tiempo de lectura":"3 minutos"},"schema":{"@context":"https:\/\/schema.org","@graph":[{"@type":"Article","@id":"https:\/\/canal7slp.tv\/2019\/las-bolsas-europeas-comienzan-la-sesion-en-numeros-rojos\/#article","isPartOf":{"@id":"https:\/\/canal7slp.tv\/2019\/las-bolsas-europeas-comienzan-la-sesion-en-numeros-rojos\/"},"author":{"name":"edicionweb","@id":"https:\/\/canal7slp.tv\/2019\/#\/schema\/person\/11d941c1c6ca30ac0a46b95fa37aa2e3"},"headline":"Las bolsas europeas comienzan la sesi\u00f3n en n\u00fameros rojos","datePublished":"2019-08-26T13:57:49+00:00","mainEntityOfPage":{"@id":"https:\/\/canal7slp.tv\/2019\/las-bolsas-europeas-comienzan-la-sesion-en-numeros-rojos\/"},"wordCount":686,"commentCount":0,"publisher":{"@id":"https:\/\/canal7slp.tv\/2019\/#organization"},"image":{"@id":"https:\/\/canal7slp.tv\/2019\/las-bolsas-europeas-comienzan-la-sesion-en-numeros-rojos\/#primaryimage"},"thumbnailUrl":"https:\/\/canal7slp.tv\/2019\/wp-content\/uploads\/2019\/08\/930-16.jpg","articleSection":["FINANZAS"],"inLanguage":"es","potentialAction":[{"@type":"CommentAction","name":"Comment","target":["https:\/\/canal7slp.tv\/2019\/las-bolsas-europeas-comienzan-la-sesion-en-numeros-rojos\/#respond"]}]},{"@type":"WebPage","@id":"https:\/\/canal7slp.tv\/2019\/las-bolsas-europeas-comienzan-la-sesion-en-numeros-rojos\/","url":"https:\/\/canal7slp.tv\/2019\/las-bolsas-europeas-comienzan-la-sesion-en-numeros-rojos\/","name":"Las bolsas europeas comienzan la sesi\u00f3n en n\u00fameros rojos - Canal 7 SLP - 2019","isPartOf":{"@id":"https:\/\/canal7slp.tv\/2019\/#website"},"primaryImageOfPage":{"@id":"https:\/\/canal7slp.tv\/2019\/las-bolsas-europeas-comienzan-la-sesion-en-numeros-rojos\/#primaryimage"},"image":{"@id":"https:\/\/canal7slp.tv\/2019\/las-bolsas-europeas-comienzan-la-sesion-en-numeros-rojos\/#primaryimage"},"thumbnailUrl":"https:\/\/canal7slp.tv\/2019\/wp-content\/uploads\/2019\/08\/930-16.jpg","datePublished":"2019-08-26T13:57:49+00:00","breadcrumb":{"@id":"https:\/\/canal7slp.tv\/2019\/las-bolsas-europeas-comienzan-la-sesion-en-numeros-rojos\/#breadcrumb"},"inLanguage":"es","potentialAction":[{"@type":"ReadAction","target":["https:\/\/canal7slp.tv\/2019\/las-bolsas-europeas-comienzan-la-sesion-en-numeros-rojos\/"]}]},{"@type":"ImageObject","inLanguage":"es","@id":"https:\/\/canal7slp.tv\/2019\/las-bolsas-europeas-comienzan-la-sesion-en-numeros-rojos\/#primaryimage","url":"https:\/\/canal7slp.tv\/2019\/wp-content\/uploads\/2019\/08\/930-16.jpg","contentUrl":"https:\/\/canal7slp.tv\/2019\/wp-content\/uploads\/2019\/08\/930-16.jpg","width":755,"height":410},{"@type":"BreadcrumbList","@id":"https:\/\/canal7slp.tv\/2019\/las-bolsas-europeas-comienzan-la-sesion-en-numeros-rojos\/#breadcrumb","itemListElement":[{"@type":"ListItem","position":1,"name":"Home","item":"https:\/\/canal7slp.tv\/2019\/"},{"@type":"ListItem","position":2,"name":"Las bolsas europeas comienzan la sesi\u00f3n en n\u00fameros rojos"}]},{"@type":"WebSite","@id":"https:\/\/canal7slp.tv\/2019\/#website","url":"https:\/\/canal7slp.tv\/2019\/","name":"Canal 7 SLP - Somos TV","description":"Somos un Canal de 10","publisher":{"@id":"https:\/\/canal7slp.tv\/2019\/#organization"},"potentialAction":[{"@type":"SearchAction","target":{"@type":"EntryPoint","urlTemplate":"https:\/\/canal7slp.tv\/2019\/?s={search_term_string}"},"query-input":{"@type":"PropertyValueSpecification","valueRequired":true,"valueName":"search_term_string"}}],"inLanguage":"es"},{"@type":"Organization","@id":"https:\/\/canal7slp.tv\/2019\/#organization","name":"Comunicaci\u00f3n 2000 S.A. de C.V.","url":"https:\/\/canal7slp.tv\/2019\/","logo":{"@type":"ImageObject","inLanguage":"es","@id":"https:\/\/canal7slp.tv\/2019\/#\/schema\/logo\/image\/","url":"https:\/\/canal7slp.tv\/2019\/wp-content\/uploads\/2019\/07\/logo-c7.png","contentUrl":"https:\/\/canal7slp.tv\/2019\/wp-content\/uploads\/2019\/07\/logo-c7.png","width":220,"height":60,"caption":"Comunicaci\u00f3n 2000 S.A. de C.V."},"image":{"@id":"https:\/\/canal7slp.tv\/2019\/#\/schema\/logo\/image\/"},"sameAs":["https:\/\/www.facebook.com\/CANAL7SLP\/","https:\/\/x.com\/canal7_slp","https:\/\/www.instagram.com\/canal7_slp","https:\/\/www.youtube.com\/user\/NOTICIEROSCANAL7SLP\/"]},{"@type":"Person","@id":"https:\/\/canal7slp.tv\/2019\/#\/schema\/person\/11d941c1c6ca30ac0a46b95fa37aa2e3","name":"edicionweb","image":{"@type":"ImageObject","inLanguage":"es","@id":"https:\/\/secure.gravatar.com\/avatar\/eee448fc3f7164808013b816ba91ac7e43bbe82a70bebac296f8bc6f0addaa1a?s=96&d=mm&r=g","url":"https:\/\/secure.gravatar.com\/avatar\/eee448fc3f7164808013b816ba91ac7e43bbe82a70bebac296f8bc6f0addaa1a?s=96&d=mm&r=g","contentUrl":"https:\/\/secure.gravatar.com\/avatar\/eee448fc3f7164808013b816ba91ac7e43bbe82a70bebac296f8bc6f0addaa1a?s=96&d=mm&r=g","caption":"edicionweb"}}]}},"amp_enabled":true,"cmb2":{"video_ids_in_playlist":{"vid_p_videos":""},"video_ids_in_channel":{"vid_c_videos":""},"playlist_ids_in_channel":{"vid_c_playlists":""},"series_ids_in_channel":{"vid_c_series":""},"channel_images":{"vid_c_logo":"","vid_c_banner":""},"poster_feature_image":{"vid_m_poster_image":""},"gif_feature_image":{"vid_m_gif_image":""},"video_movie_settings":{"vid_m_director":"","vid_m_actor":"","vid_m_imdb_ratings":"","vid_m_amazon_associates":""},"vid_youtube_broadcasts_settings":{"vid_yb_broadcast_title":"","vid_yb_q":"","vid_yb_channelid":"","vid_yb_videocategoryid":"","vid_yb_maxresults":"","vid_yb_order":"","vid_yb_regioncode":"","vid_yb_videosyndicated":"","vid_yb_style":"","vid_yb_reload_first":""},"video_series_settings":{"vid_m_director":"","vid_m_actor":"","vid_m_imdb_ratings":"","video_series_group":""},"amazon_associates_settings":{"amazon_associates":"","amazon_native_ad":""},"vid_youtube_automatic_settings":{"vid_ya_youtube_source":"","vid_ya_update_every":"","vid_ya_update_unit":"","vid_ya_categories":"","vid_ya_published_after":"","vid_ya_published_before":"","vid_ya_playlists":"","vid_ya_channels":"","vid_ya_director":"","vid_ya_actor":"","vid_ya_author":"","vid_ya_import_post_date":"","vid_ya_status":"","vid_ya_sub_api_key":""},"vid_ads_m_videoads_settings_post":{"vid_ads_m_video_ads":"","vid_ads_m_video_ads_type":"","vid_ads_m_group_google_ima":"","vid_ads_m_group_image":"","vid_ads_m_group_html5_video":"","vid_ads_m_group_html":"","vid_ads_m_vast_preroll":"","vid_ads_m_vast_postroll":"","vid_ads_m_vast_pauseroll":"","vid_ads_m_vast_midroll":[{"vid_ads_m_vast_timer_seconds":"50"}],"vid_ads_m_time_to_show_ads":"","vid_ads_m_time_skip_ads":"","vid_ads_m_time_to_hide_ads":""},"page_slider_settings":{"display_slider_group":"","page_slider_group":""},"blog_page_settings":{"blog_page_title":"","blog_page_heading":"","blog_page_ic":"","blog_page_it":"","blog_page_ec":"","blog_page_ip":"","archive_loop_style":"","blog_image_ratio":"","blog_show_categories":"","blog_show_excerpt":"","blog_show_author":"","blog_show_date":"","blog_show_comment_count":"","blog_show_view_count":"","blog_show_like_count":"","blog_show_dislike_count":"","blog_items_per_page":"","blog_pag_type":""},"page_options":{"get_page_template":"","color_mode":"","main_layout":"","main_layout_full_with":"","main_logo":"","main_logo_retina":"","main_logo_mobile":"","main_logo_mobile_retina":"","sticky_logo":"","sticky_logo_retina":"","main_nav_layout":"","ajax_search":"","header_background":"","theme_sidebar":"","instagram_feed":"","instagram_feed_position":"","popular_videos":"","popular_videos_title_1":"","popular_videos_title_2":"","popular_videos_ic":"","popular_videos_it":"","theme_background":"","page_custom_css":""},"feature_image_settings":{"feature_image_position":""},"video_player_settings":{"single_video_style":"","video_player_position":"","vm_video_url":"","video_player_library":"","video_streaming":"","vm_media_sources":"","vid_auto_play":"","vm_video_shortcode":"","vid_p_sync_playlist":"","vid_c_sync_channel":"","get_post_format":"","multiple_links_structure":"default","multi_links_title":"","vm_video_multi_links":"","vm_duration":"","vid_social_locker":"off","vid_social_locker_id":"","vid_membership_action":"content-video","vm_video_trailer_url":"","vid_download_type":"free","vid_download_target":"download","vid_woo_product":"","vm_media_download":"","user_rating":"","user_rating_position":"","user_rating_mode":"","user_rating_multi_sets":""},"video_auto_fetch_settings":{"vm_video_fetch":"on"},"video_fake_views_likes":{"vm_fake_views":"","vm_fake_likes":"","vm_fake_dislikes":""},"gallery_settings":{"gallery_position":""},"quote_settings":{"quote_position":""},"post_options":{"main_layout":"","main_logo":"","main_logo_retina":"","main_logo_mobile":"","main_logo_mobile_retina":"","sticky_logo":"","sticky_logo_retina":"","main_nav_layout":"","header_background":"","theme_sidebar":"","single_post_comment_type":"","theme_background":""}},"_links":{"self":[{"href":"https:\/\/canal7slp.tv\/2019\/wp-json\/wp\/v2\/posts\/55144","targetHints":{"allow":["GET"]}}],"collection":[{"href":"https:\/\/canal7slp.tv\/2019\/wp-json\/wp\/v2\/posts"}],"about":[{"href":"https:\/\/canal7slp.tv\/2019\/wp-json\/wp\/v2\/types\/post"}],"author":[{"embeddable":true,"href":"https:\/\/canal7slp.tv\/2019\/wp-json\/wp\/v2\/users\/2"}],"replies":[{"embeddable":true,"href":"https:\/\/canal7slp.tv\/2019\/wp-json\/wp\/v2\/comments?post=55144"}],"version-history":[{"count":0,"href":"https:\/\/canal7slp.tv\/2019\/wp-json\/wp\/v2\/posts\/55144\/revisions"}],"wp:featuredmedia":[{"embeddable":true,"href":"https:\/\/canal7slp.tv\/2019\/wp-json\/wp\/v2\/media\/55145"}],"wp:attachment":[{"href":"https:\/\/canal7slp.tv\/2019\/wp-json\/wp\/v2\/media?parent=55144"}],"wp:term":[{"taxonomy":"category","embeddable":true,"href":"https:\/\/canal7slp.tv\/2019\/wp-json\/wp\/v2\/categories?post=55144"},{"taxonomy":"post_tag","embeddable":true,"href":"https:\/\/canal7slp.tv\/2019\/wp-json\/wp\/v2\/tags?post=55144"}],"curies":[{"name":"wp","href":"https:\/\/api.w.org\/{rel}","templated":true}]}}