{"id":55128,"date":"2019-08-26T08:40:21","date_gmt":"2019-08-26T13:40:21","guid":{"rendered":"https:\/\/canal7slp.tv\/2019\/?p=55128"},"modified":"2019-08-26T08:40:21","modified_gmt":"2019-08-26T13:40:21","slug":"trump-dice-por-primera-vez-que-esta-arrepentido-de-lanzar-una-guerra-comercial-contra-china","status":"publish","type":"post","link":"https:\/\/canal7slp.tv\/2019\/trump-dice-por-primera-vez-que-esta-arrepentido-de-lanzar-una-guerra-comercial-contra-china\/","title":{"rendered":"Trump dice por primera vez que est\u00e1 arrepentido de lanzar una guerra comercial contra China"},"content":{"rendered":"<p style=\"text-align: justify\">Biarritz.- El Presidente Donald Trump mostr\u00f3 cierto grado de arrepentimiento este domingo en su disputa comercial con China, en una cumbre en que fue recibido tensamente por otros l\u00edderes mundiales.<\/p>\n<p style=\"text-align: justify\">El domingo, en Francia donde se encuentra en una cumbre del G-7, se le pregunt\u00f3 a Trump si se arrepent\u00eda de algo en cuanto a las relaciones con China.<\/p>\n<p style=\"text-align: justify\">\u201cS\u00ed, por supuesto, me arrepiento de una cantidad de cosas\u201d, respondi\u00f3 el mandatario, antes de insistir en que \u201cnos llevamos muy bien ahora mismo con China\u201d.<\/p>\n<p style=\"text-align: justify\">Trump hizo estas declaraciones en una reuni\u00f3n con el primer ministro brit\u00e1nico Boris Johnson, quien indirectamente amonest\u00f3 al mandatario estadounidense al decirle: \u201cSimplemente quiero expresar levemente nuestra posici\u00f3n en cuanto a la guerra comercial: preferimos una paz comercial\u201d.<\/p>\n<p style=\"text-align: justify\">China anunci\u00f3 el viernes un incremento de los aranceles para importaciones estadounidenses por un valor de 75 mil millones de d\u00f3lares, lo que enfureci\u00f3 a Trump y caus\u00f3 que los asesores de la Casa Blanca se dedicaran apresuradamente a buscar una respuesta.<\/p>\n<p style=\"text-align: justify\">Donald Trump amenaz\u00f3 el s\u00e1bado con ejercer los poderes de emergencia que le otorga una ley federal poco conocida para obligar a las empresas estadounidenses a acatar su \u201corden\u201d de cortar lazos con China, en medio de una guerra comercial entre ambas naciones.<\/p>\n<p style=\"text-align: justify\">El presidente arremeti\u00f3 por Twitter al dirigirse a las empresas estadounidenses que \u201cse les ordena por la presente empezar a buscar inmediatamente una alternativa a China\u201d. Posteriormente aclar\u00f3 que amenazaba con recurrir a la Ley de Poderes Econ\u00f3micos de Emergencia Internacional, generando interrogantes sobre la sensatez y pertinencia de convertir una ley de 1977 que fue utilizada para atacar reg\u00edmenes corruptos, terroristas y narcotraficantes en el arma m\u00e1s reciente en el choque entre las dos principales econom\u00edas del mundo.<\/p>\n<p style=\"text-align: justify\">Ser\u00eda el m\u00e1s reciente apoderamiento de autoridad de parte de Trump, quien ha reclamado poderes generalizados no pretendidos por sus predecesores pese a que \u00e9l mismo lleg\u00f3 a criticar a presidentes por el uso de poderes ejecutivos.<\/p>\n<p style=\"text-align: justify\">\u201cPara todos los Reporteros de las Noticias Falsas que no tienen idea de qu\u00e9 es la ley con relaci\u00f3n a los poderes presidenciales, China, etc., intenten buscar en la Ley de Poderes Econ\u00f3micos de Emergencia de 1977\u201d, tuite\u00f3 Trump la tarde del viernes. \u201c\u00a1Caso cerrado!\u201d.<\/p>\n<p style=\"text-align: justify\">La ley permite a los presidentes regular el comercio internacional durante tiempos de emergencias nacionales declaradas. Trump amenaz\u00f3 con usar esos poderes a principios de a\u00f1o para imponer aranceles a importaciones provenientes de M\u00e9xico en un intento por obligar a su vecino a tomar m\u00e1s medidas sobre el cruce de inmigrantes sin autorizaci\u00f3n legal en su frontera compartida.<\/p>\n<p style=\"text-align: justify\">De momento no queda claro c\u00f3mo Trump har\u00eda uso de la ley para obligar a las empresas a trasladar su producci\u00f3n de China a Estados Unidos, y la amenaza del mandatario estadounidense parec\u00eda prematura, dado que a\u00fan no ha declarado una emergencia con respecto a China.<\/p>\n<p style=\"text-align: justify\">Incluso sin la amenaza de una emergencia, la medida de represalia de Trump del viernes de aumentar a\u00fan m\u00e1s los aranceles a las exportaciones chinas a Estados Unidos ya empez\u00f3 a provocar indignaci\u00f3n en la comunidad empresarial.<\/p>\n<p style=\"text-align: justify\">\u201cEs imposible que las empresas planeen para el futuro bajo este tipo de ambiente\u201d, dijo en un comunicado David French, vicepresidente de relaciones gubernamentales de la Federaci\u00f3n Nacional de Minoristas de Estados Unidos.<\/p>\n<p style=\"text-align: justify\">Por su parte, la Asociaci\u00f3n de Tecnolog\u00eda de Consumo se\u00f1al\u00f3 que el aumento de aranceles es \u201cel peor error econ\u00f3mico desde la Ley de Aranceles Smoot-Hawley de 1930, una decisi\u00f3n que catapult\u00f3 a nuestro pa\u00eds a la Gran Recesi\u00f3n\u201d.<\/p>\n<p style=\"text-align: justify\">Y la asociaci\u00f3n comercial CompTIA advirti\u00f3 que la presi\u00f3n log\u00edstica continuar\u00eda si las compa\u00f1\u00edas se ven obligadas a sacar sus operaciones de China, algo que, afirm\u00f3, tomar\u00eda meses para la mayor\u00eda de las compa\u00f1\u00edas.<\/p>\n<p style=\"text-align: justify\">\u201cCualquier acci\u00f3n inmediata forzada resultar\u00eda en un caos\u201d, dijo el director general Todd Thibodeaux en comentarios enviados por correo electr\u00f3nico.<\/p>\n<p style=\"text-align: justify\">Las frecuentes fluctuaciones de aranceles complican la planeaci\u00f3n y arrojan incertidumbre sobre algunas inversiones, indic\u00f3 Peter Bragdon, vicepresidente ejecutivo y gerente general de Columbia Sportswear.<\/p>\n<p style=\"text-align: justify\">Columbia fabrica en m\u00e1s de 20 pa\u00edses, entre ellos China. Esta diversificaci\u00f3n ayuda a proteger a la compa\u00f1\u00eda de las fluctuaciones, pero China es una base importante para atender a los clientes chinos, as\u00ed como aquellos en otros pa\u00edses, de acuerdo con Bragdon. La compa\u00f1\u00eda planea seguir haciendo negocios ah\u00ed.<\/p>\n","protected":false},"excerpt":{"rendered":"<p>Biarritz.- El Presidente Donald Trump mostr\u00f3 cierto grado de arrepentimiento este domingo en su disputa comercial con China, en una cumbre en que fue recibido tensamente por otros l\u00edderes mundiales. El domingo, en Francia donde se encuentra en una cumbre del G-7, se le pregunt\u00f3 a Trump si se arrepent\u00eda de algo en cuanto a [&hellip;]<\/p>\n","protected":false},"author":2,"featured_media":55131,"comment_status":"open","ping_status":"open","sticky":false,"template":"","format":"standard","meta":{"footnotes":""},"categories":[18],"tags":[],"class_list":["post-55128","post","type-post","status-publish","format-standard","has-post-thumbnail","hentry","category-internacional"],"yoast_head":"<!-- This site is optimized with the Yoast SEO plugin v27.5 - https:\/\/yoast.com\/product\/yoast-seo-wordpress\/ -->\n<title>Trump dice por primera vez que est\u00e1 arrepentido de lanzar una guerra comercial contra China - Canal 7 SLP - 2019<\/title>\n<meta name=\"robots\" content=\"index, follow, max-snippet:-1, max-image-preview:large, max-video-preview:-1\" \/>\n<link rel=\"canonical\" href=\"https:\/\/canal7slp.tv\/2019\/trump-dice-por-primera-vez-que-esta-arrepentido-de-lanzar-una-guerra-comercial-contra-china\/\" \/>\n<meta property=\"og:locale\" content=\"es_ES\" \/>\n<meta property=\"og:type\" content=\"article\" \/>\n<meta property=\"og:title\" content=\"Trump dice por primera vez que est\u00e1 arrepentido de lanzar una guerra comercial contra China - Canal 7 SLP - 2019\" \/>\n<meta property=\"og:description\" content=\"Biarritz.- El Presidente Donald Trump mostr\u00f3 cierto grado de arrepentimiento este domingo en su disputa comercial con China, en una cumbre en que fue recibido tensamente por otros l\u00edderes mundiales. El domingo, en Francia donde se encuentra en una cumbre del G-7, se le pregunt\u00f3 a Trump si se arrepent\u00eda de algo en cuanto a [&hellip;]\" \/>\n<meta property=\"og:url\" content=\"https:\/\/canal7slp.tv\/2019\/trump-dice-por-primera-vez-que-esta-arrepentido-de-lanzar-una-guerra-comercial-contra-china\/\" \/>\n<meta property=\"og:site_name\" content=\"Canal 7 SLP - 2019\" \/>\n<meta property=\"article:publisher\" content=\"https:\/\/www.facebook.com\/CANAL7SLP\/\" \/>\n<meta property=\"article:published_time\" content=\"2019-08-26T13:40:21+00:00\" \/>\n<meta property=\"og:image\" content=\"https:\/\/canal7slp.tv\/2019\/wp-content\/uploads\/2019\/08\/845-15.jpg\" \/>\n\t<meta property=\"og:image:width\" content=\"615\" \/>\n\t<meta property=\"og:image:height\" content=\"410\" \/>\n\t<meta property=\"og:image:type\" content=\"image\/jpeg\" \/>\n<meta name=\"author\" content=\"edicionweb\" \/>\n<meta name=\"twitter:card\" content=\"summary_large_image\" \/>\n<meta name=\"twitter:creator\" content=\"@canal7_slp\" \/>\n<meta name=\"twitter:site\" content=\"@canal7_slp\" \/>\n<meta name=\"twitter:label1\" content=\"Escrito por\" \/>\n\t<meta name=\"twitter:data1\" content=\"edicionweb\" \/>\n\t<meta name=\"twitter:label2\" content=\"Tiempo de lectura\" \/>\n\t<meta name=\"twitter:data2\" content=\"4 minutos\" \/>\n<script type=\"application\/ld+json\" class=\"yoast-schema-graph\">{\"@context\":\"https:\\\/\\\/schema.org\",\"@graph\":[{\"@type\":\"Article\",\"@id\":\"https:\\\/\\\/canal7slp.tv\\\/2019\\\/trump-dice-por-primera-vez-que-esta-arrepentido-de-lanzar-una-guerra-comercial-contra-china\\\/#article\",\"isPartOf\":{\"@id\":\"https:\\\/\\\/canal7slp.tv\\\/2019\\\/trump-dice-por-primera-vez-que-esta-arrepentido-de-lanzar-una-guerra-comercial-contra-china\\\/\"},\"author\":{\"name\":\"edicionweb\",\"@id\":\"https:\\\/\\\/canal7slp.tv\\\/2019\\\/#\\\/schema\\\/person\\\/11d941c1c6ca30ac0a46b95fa37aa2e3\"},\"headline\":\"Trump dice por primera vez que est\u00e1 arrepentido de lanzar una guerra comercial contra China\",\"datePublished\":\"2019-08-26T13:40:21+00:00\",\"mainEntityOfPage\":{\"@id\":\"https:\\\/\\\/canal7slp.tv\\\/2019\\\/trump-dice-por-primera-vez-que-esta-arrepentido-de-lanzar-una-guerra-comercial-contra-china\\\/\"},\"wordCount\":775,\"commentCount\":0,\"publisher\":{\"@id\":\"https:\\\/\\\/canal7slp.tv\\\/2019\\\/#organization\"},\"image\":{\"@id\":\"https:\\\/\\\/canal7slp.tv\\\/2019\\\/trump-dice-por-primera-vez-que-esta-arrepentido-de-lanzar-una-guerra-comercial-contra-china\\\/#primaryimage\"},\"thumbnailUrl\":\"https:\\\/\\\/canal7slp.tv\\\/2019\\\/wp-content\\\/uploads\\\/2019\\\/08\\\/845-15.jpg\",\"articleSection\":[\"INTERNACIONAL\"],\"inLanguage\":\"es\",\"potentialAction\":[{\"@type\":\"CommentAction\",\"name\":\"Comment\",\"target\":[\"https:\\\/\\\/canal7slp.tv\\\/2019\\\/trump-dice-por-primera-vez-que-esta-arrepentido-de-lanzar-una-guerra-comercial-contra-china\\\/#respond\"]}]},{\"@type\":\"WebPage\",\"@id\":\"https:\\\/\\\/canal7slp.tv\\\/2019\\\/trump-dice-por-primera-vez-que-esta-arrepentido-de-lanzar-una-guerra-comercial-contra-china\\\/\",\"url\":\"https:\\\/\\\/canal7slp.tv\\\/2019\\\/trump-dice-por-primera-vez-que-esta-arrepentido-de-lanzar-una-guerra-comercial-contra-china\\\/\",\"name\":\"Trump dice por primera vez que est\u00e1 arrepentido de lanzar una guerra comercial contra China - Canal 7 SLP - 2019\",\"isPartOf\":{\"@id\":\"https:\\\/\\\/canal7slp.tv\\\/2019\\\/#website\"},\"primaryImageOfPage\":{\"@id\":\"https:\\\/\\\/canal7slp.tv\\\/2019\\\/trump-dice-por-primera-vez-que-esta-arrepentido-de-lanzar-una-guerra-comercial-contra-china\\\/#primaryimage\"},\"image\":{\"@id\":\"https:\\\/\\\/canal7slp.tv\\\/2019\\\/trump-dice-por-primera-vez-que-esta-arrepentido-de-lanzar-una-guerra-comercial-contra-china\\\/#primaryimage\"},\"thumbnailUrl\":\"https:\\\/\\\/canal7slp.tv\\\/2019\\\/wp-content\\\/uploads\\\/2019\\\/08\\\/845-15.jpg\",\"datePublished\":\"2019-08-26T13:40:21+00:00\",\"breadcrumb\":{\"@id\":\"https:\\\/\\\/canal7slp.tv\\\/2019\\\/trump-dice-por-primera-vez-que-esta-arrepentido-de-lanzar-una-guerra-comercial-contra-china\\\/#breadcrumb\"},\"inLanguage\":\"es\",\"potentialAction\":[{\"@type\":\"ReadAction\",\"target\":[\"https:\\\/\\\/canal7slp.tv\\\/2019\\\/trump-dice-por-primera-vez-que-esta-arrepentido-de-lanzar-una-guerra-comercial-contra-china\\\/\"]}]},{\"@type\":\"ImageObject\",\"inLanguage\":\"es\",\"@id\":\"https:\\\/\\\/canal7slp.tv\\\/2019\\\/trump-dice-por-primera-vez-que-esta-arrepentido-de-lanzar-una-guerra-comercial-contra-china\\\/#primaryimage\",\"url\":\"https:\\\/\\\/canal7slp.tv\\\/2019\\\/wp-content\\\/uploads\\\/2019\\\/08\\\/845-15.jpg\",\"contentUrl\":\"https:\\\/\\\/canal7slp.tv\\\/2019\\\/wp-content\\\/uploads\\\/2019\\\/08\\\/845-15.jpg\",\"width\":615,\"height\":410},{\"@type\":\"BreadcrumbList\",\"@id\":\"https:\\\/\\\/canal7slp.tv\\\/2019\\\/trump-dice-por-primera-vez-que-esta-arrepentido-de-lanzar-una-guerra-comercial-contra-china\\\/#breadcrumb\",\"itemListElement\":[{\"@type\":\"ListItem\",\"position\":1,\"name\":\"Home\",\"item\":\"https:\\\/\\\/canal7slp.tv\\\/2019\\\/\"},{\"@type\":\"ListItem\",\"position\":2,\"name\":\"Trump dice por primera vez que est\u00e1 arrepentido de lanzar una guerra comercial contra China\"}]},{\"@type\":\"WebSite\",\"@id\":\"https:\\\/\\\/canal7slp.tv\\\/2019\\\/#website\",\"url\":\"https:\\\/\\\/canal7slp.tv\\\/2019\\\/\",\"name\":\"Canal 7 SLP - Somos TV\",\"description\":\"Somos un Canal de 10\",\"publisher\":{\"@id\":\"https:\\\/\\\/canal7slp.tv\\\/2019\\\/#organization\"},\"potentialAction\":[{\"@type\":\"SearchAction\",\"target\":{\"@type\":\"EntryPoint\",\"urlTemplate\":\"https:\\\/\\\/canal7slp.tv\\\/2019\\\/?s={search_term_string}\"},\"query-input\":{\"@type\":\"PropertyValueSpecification\",\"valueRequired\":true,\"valueName\":\"search_term_string\"}}],\"inLanguage\":\"es\"},{\"@type\":\"Organization\",\"@id\":\"https:\\\/\\\/canal7slp.tv\\\/2019\\\/#organization\",\"name\":\"Comunicaci\u00f3n 2000 S.A. de C.V.\",\"url\":\"https:\\\/\\\/canal7slp.tv\\\/2019\\\/\",\"logo\":{\"@type\":\"ImageObject\",\"inLanguage\":\"es\",\"@id\":\"https:\\\/\\\/canal7slp.tv\\\/2019\\\/#\\\/schema\\\/logo\\\/image\\\/\",\"url\":\"https:\\\/\\\/canal7slp.tv\\\/2019\\\/wp-content\\\/uploads\\\/2019\\\/07\\\/logo-c7.png\",\"contentUrl\":\"https:\\\/\\\/canal7slp.tv\\\/2019\\\/wp-content\\\/uploads\\\/2019\\\/07\\\/logo-c7.png\",\"width\":220,\"height\":60,\"caption\":\"Comunicaci\u00f3n 2000 S.A. de C.V.\"},\"image\":{\"@id\":\"https:\\\/\\\/canal7slp.tv\\\/2019\\\/#\\\/schema\\\/logo\\\/image\\\/\"},\"sameAs\":[\"https:\\\/\\\/www.facebook.com\\\/CANAL7SLP\\\/\",\"https:\\\/\\\/x.com\\\/canal7_slp\",\"https:\\\/\\\/www.instagram.com\\\/canal7_slp\",\"https:\\\/\\\/www.youtube.com\\\/user\\\/NOTICIEROSCANAL7SLP\\\/\"]},{\"@type\":\"Person\",\"@id\":\"https:\\\/\\\/canal7slp.tv\\\/2019\\\/#\\\/schema\\\/person\\\/11d941c1c6ca30ac0a46b95fa37aa2e3\",\"name\":\"edicionweb\",\"image\":{\"@type\":\"ImageObject\",\"inLanguage\":\"es\",\"@id\":\"https:\\\/\\\/secure.gravatar.com\\\/avatar\\\/eee448fc3f7164808013b816ba91ac7e43bbe82a70bebac296f8bc6f0addaa1a?s=96&d=mm&r=g\",\"url\":\"https:\\\/\\\/secure.gravatar.com\\\/avatar\\\/eee448fc3f7164808013b816ba91ac7e43bbe82a70bebac296f8bc6f0addaa1a?s=96&d=mm&r=g\",\"contentUrl\":\"https:\\\/\\\/secure.gravatar.com\\\/avatar\\\/eee448fc3f7164808013b816ba91ac7e43bbe82a70bebac296f8bc6f0addaa1a?s=96&d=mm&r=g\",\"caption\":\"edicionweb\"}}]}<\/script>\n<!-- \/ Yoast SEO plugin. -->","yoast_head_json":{"title":"Trump dice por primera vez que est\u00e1 arrepentido de lanzar una guerra comercial contra China - Canal 7 SLP - 2019","robots":{"index":"index","follow":"follow","max-snippet":"max-snippet:-1","max-image-preview":"max-image-preview:large","max-video-preview":"max-video-preview:-1"},"canonical":"https:\/\/canal7slp.tv\/2019\/trump-dice-por-primera-vez-que-esta-arrepentido-de-lanzar-una-guerra-comercial-contra-china\/","og_locale":"es_ES","og_type":"article","og_title":"Trump dice por primera vez que est\u00e1 arrepentido de lanzar una guerra comercial contra China - Canal 7 SLP - 2019","og_description":"Biarritz.- El Presidente Donald Trump mostr\u00f3 cierto grado de arrepentimiento este domingo en su disputa comercial con China, en una cumbre en que fue recibido tensamente por otros l\u00edderes mundiales. El domingo, en Francia donde se encuentra en una cumbre del G-7, se le pregunt\u00f3 a Trump si se arrepent\u00eda de algo en cuanto a [&hellip;]","og_url":"https:\/\/canal7slp.tv\/2019\/trump-dice-por-primera-vez-que-esta-arrepentido-de-lanzar-una-guerra-comercial-contra-china\/","og_site_name":"Canal 7 SLP - 2019","article_publisher":"https:\/\/www.facebook.com\/CANAL7SLP\/","article_published_time":"2019-08-26T13:40:21+00:00","og_image":[{"width":615,"height":410,"url":"https:\/\/canal7slp.tv\/2019\/wp-content\/uploads\/2019\/08\/845-15.jpg","type":"image\/jpeg"}],"author":"edicionweb","twitter_card":"summary_large_image","twitter_creator":"@canal7_slp","twitter_site":"@canal7_slp","twitter_misc":{"Escrito por":"edicionweb","Tiempo de lectura":"4 minutos"},"schema":{"@context":"https:\/\/schema.org","@graph":[{"@type":"Article","@id":"https:\/\/canal7slp.tv\/2019\/trump-dice-por-primera-vez-que-esta-arrepentido-de-lanzar-una-guerra-comercial-contra-china\/#article","isPartOf":{"@id":"https:\/\/canal7slp.tv\/2019\/trump-dice-por-primera-vez-que-esta-arrepentido-de-lanzar-una-guerra-comercial-contra-china\/"},"author":{"name":"edicionweb","@id":"https:\/\/canal7slp.tv\/2019\/#\/schema\/person\/11d941c1c6ca30ac0a46b95fa37aa2e3"},"headline":"Trump dice por primera vez que est\u00e1 arrepentido de lanzar una guerra comercial contra China","datePublished":"2019-08-26T13:40:21+00:00","mainEntityOfPage":{"@id":"https:\/\/canal7slp.tv\/2019\/trump-dice-por-primera-vez-que-esta-arrepentido-de-lanzar-una-guerra-comercial-contra-china\/"},"wordCount":775,"commentCount":0,"publisher":{"@id":"https:\/\/canal7slp.tv\/2019\/#organization"},"image":{"@id":"https:\/\/canal7slp.tv\/2019\/trump-dice-por-primera-vez-que-esta-arrepentido-de-lanzar-una-guerra-comercial-contra-china\/#primaryimage"},"thumbnailUrl":"https:\/\/canal7slp.tv\/2019\/wp-content\/uploads\/2019\/08\/845-15.jpg","articleSection":["INTERNACIONAL"],"inLanguage":"es","potentialAction":[{"@type":"CommentAction","name":"Comment","target":["https:\/\/canal7slp.tv\/2019\/trump-dice-por-primera-vez-que-esta-arrepentido-de-lanzar-una-guerra-comercial-contra-china\/#respond"]}]},{"@type":"WebPage","@id":"https:\/\/canal7slp.tv\/2019\/trump-dice-por-primera-vez-que-esta-arrepentido-de-lanzar-una-guerra-comercial-contra-china\/","url":"https:\/\/canal7slp.tv\/2019\/trump-dice-por-primera-vez-que-esta-arrepentido-de-lanzar-una-guerra-comercial-contra-china\/","name":"Trump dice por primera vez que est\u00e1 arrepentido de lanzar una guerra comercial contra China - Canal 7 SLP - 2019","isPartOf":{"@id":"https:\/\/canal7slp.tv\/2019\/#website"},"primaryImageOfPage":{"@id":"https:\/\/canal7slp.tv\/2019\/trump-dice-por-primera-vez-que-esta-arrepentido-de-lanzar-una-guerra-comercial-contra-china\/#primaryimage"},"image":{"@id":"https:\/\/canal7slp.tv\/2019\/trump-dice-por-primera-vez-que-esta-arrepentido-de-lanzar-una-guerra-comercial-contra-china\/#primaryimage"},"thumbnailUrl":"https:\/\/canal7slp.tv\/2019\/wp-content\/uploads\/2019\/08\/845-15.jpg","datePublished":"2019-08-26T13:40:21+00:00","breadcrumb":{"@id":"https:\/\/canal7slp.tv\/2019\/trump-dice-por-primera-vez-que-esta-arrepentido-de-lanzar-una-guerra-comercial-contra-china\/#breadcrumb"},"inLanguage":"es","potentialAction":[{"@type":"ReadAction","target":["https:\/\/canal7slp.tv\/2019\/trump-dice-por-primera-vez-que-esta-arrepentido-de-lanzar-una-guerra-comercial-contra-china\/"]}]},{"@type":"ImageObject","inLanguage":"es","@id":"https:\/\/canal7slp.tv\/2019\/trump-dice-por-primera-vez-que-esta-arrepentido-de-lanzar-una-guerra-comercial-contra-china\/#primaryimage","url":"https:\/\/canal7slp.tv\/2019\/wp-content\/uploads\/2019\/08\/845-15.jpg","contentUrl":"https:\/\/canal7slp.tv\/2019\/wp-content\/uploads\/2019\/08\/845-15.jpg","width":615,"height":410},{"@type":"BreadcrumbList","@id":"https:\/\/canal7slp.tv\/2019\/trump-dice-por-primera-vez-que-esta-arrepentido-de-lanzar-una-guerra-comercial-contra-china\/#breadcrumb","itemListElement":[{"@type":"ListItem","position":1,"name":"Home","item":"https:\/\/canal7slp.tv\/2019\/"},{"@type":"ListItem","position":2,"name":"Trump dice por primera vez que est\u00e1 arrepentido de lanzar una guerra comercial contra China"}]},{"@type":"WebSite","@id":"https:\/\/canal7slp.tv\/2019\/#website","url":"https:\/\/canal7slp.tv\/2019\/","name":"Canal 7 SLP - Somos TV","description":"Somos un Canal de 10","publisher":{"@id":"https:\/\/canal7slp.tv\/2019\/#organization"},"potentialAction":[{"@type":"SearchAction","target":{"@type":"EntryPoint","urlTemplate":"https:\/\/canal7slp.tv\/2019\/?s={search_term_string}"},"query-input":{"@type":"PropertyValueSpecification","valueRequired":true,"valueName":"search_term_string"}}],"inLanguage":"es"},{"@type":"Organization","@id":"https:\/\/canal7slp.tv\/2019\/#organization","name":"Comunicaci\u00f3n 2000 S.A. de C.V.","url":"https:\/\/canal7slp.tv\/2019\/","logo":{"@type":"ImageObject","inLanguage":"es","@id":"https:\/\/canal7slp.tv\/2019\/#\/schema\/logo\/image\/","url":"https:\/\/canal7slp.tv\/2019\/wp-content\/uploads\/2019\/07\/logo-c7.png","contentUrl":"https:\/\/canal7slp.tv\/2019\/wp-content\/uploads\/2019\/07\/logo-c7.png","width":220,"height":60,"caption":"Comunicaci\u00f3n 2000 S.A. de C.V."},"image":{"@id":"https:\/\/canal7slp.tv\/2019\/#\/schema\/logo\/image\/"},"sameAs":["https:\/\/www.facebook.com\/CANAL7SLP\/","https:\/\/x.com\/canal7_slp","https:\/\/www.instagram.com\/canal7_slp","https:\/\/www.youtube.com\/user\/NOTICIEROSCANAL7SLP\/"]},{"@type":"Person","@id":"https:\/\/canal7slp.tv\/2019\/#\/schema\/person\/11d941c1c6ca30ac0a46b95fa37aa2e3","name":"edicionweb","image":{"@type":"ImageObject","inLanguage":"es","@id":"https:\/\/secure.gravatar.com\/avatar\/eee448fc3f7164808013b816ba91ac7e43bbe82a70bebac296f8bc6f0addaa1a?s=96&d=mm&r=g","url":"https:\/\/secure.gravatar.com\/avatar\/eee448fc3f7164808013b816ba91ac7e43bbe82a70bebac296f8bc6f0addaa1a?s=96&d=mm&r=g","contentUrl":"https:\/\/secure.gravatar.com\/avatar\/eee448fc3f7164808013b816ba91ac7e43bbe82a70bebac296f8bc6f0addaa1a?s=96&d=mm&r=g","caption":"edicionweb"}}]}},"amp_enabled":true,"cmb2":{"video_ids_in_playlist":{"vid_p_videos":""},"video_ids_in_channel":{"vid_c_videos":""},"playlist_ids_in_channel":{"vid_c_playlists":""},"series_ids_in_channel":{"vid_c_series":""},"channel_images":{"vid_c_logo":"","vid_c_banner":""},"poster_feature_image":{"vid_m_poster_image":""},"gif_feature_image":{"vid_m_gif_image":""},"video_movie_settings":{"vid_m_director":"","vid_m_actor":"","vid_m_imdb_ratings":"","vid_m_amazon_associates":""},"vid_youtube_broadcasts_settings":{"vid_yb_broadcast_title":"","vid_yb_q":"","vid_yb_channelid":"","vid_yb_videocategoryid":"","vid_yb_maxresults":"","vid_yb_order":"","vid_yb_regioncode":"","vid_yb_videosyndicated":"","vid_yb_style":"","vid_yb_reload_first":""},"video_series_settings":{"vid_m_director":"","vid_m_actor":"","vid_m_imdb_ratings":"","video_series_group":""},"amazon_associates_settings":{"amazon_associates":"","amazon_native_ad":""},"vid_youtube_automatic_settings":{"vid_ya_youtube_source":"","vid_ya_update_every":"","vid_ya_update_unit":"","vid_ya_categories":"","vid_ya_published_after":"","vid_ya_published_before":"","vid_ya_playlists":"","vid_ya_channels":"","vid_ya_director":"","vid_ya_actor":"","vid_ya_author":"","vid_ya_import_post_date":"","vid_ya_status":"","vid_ya_sub_api_key":""},"vid_ads_m_videoads_settings_post":{"vid_ads_m_video_ads":"","vid_ads_m_video_ads_type":"","vid_ads_m_group_google_ima":"","vid_ads_m_group_image":"","vid_ads_m_group_html5_video":"","vid_ads_m_group_html":"","vid_ads_m_vast_preroll":"","vid_ads_m_vast_postroll":"","vid_ads_m_vast_pauseroll":"","vid_ads_m_vast_midroll":[{"vid_ads_m_vast_timer_seconds":"50"}],"vid_ads_m_time_to_show_ads":"","vid_ads_m_time_skip_ads":"","vid_ads_m_time_to_hide_ads":""},"page_slider_settings":{"display_slider_group":"","page_slider_group":""},"blog_page_settings":{"blog_page_title":"","blog_page_heading":"","blog_page_ic":"","blog_page_it":"","blog_page_ec":"","blog_page_ip":"","archive_loop_style":"","blog_image_ratio":"","blog_show_categories":"","blog_show_excerpt":"","blog_show_author":"","blog_show_date":"","blog_show_comment_count":"","blog_show_view_count":"","blog_show_like_count":"","blog_show_dislike_count":"","blog_items_per_page":"","blog_pag_type":""},"page_options":{"get_page_template":"","color_mode":"","main_layout":"","main_layout_full_with":"","main_logo":"","main_logo_retina":"","main_logo_mobile":"","main_logo_mobile_retina":"","sticky_logo":"","sticky_logo_retina":"","main_nav_layout":"","ajax_search":"","header_background":"","theme_sidebar":"","instagram_feed":"","instagram_feed_position":"","popular_videos":"","popular_videos_title_1":"","popular_videos_title_2":"","popular_videos_ic":"","popular_videos_it":"","theme_background":"","page_custom_css":""},"feature_image_settings":{"feature_image_position":""},"video_player_settings":{"single_video_style":"","video_player_position":"","vm_video_url":"","video_player_library":"","video_streaming":"","vm_media_sources":"","vid_auto_play":"","vm_video_shortcode":"","vid_p_sync_playlist":"","vid_c_sync_channel":"","get_post_format":"","multiple_links_structure":"default","multi_links_title":"","vm_video_multi_links":"","vm_duration":"","vid_social_locker":"off","vid_social_locker_id":"","vid_membership_action":"content-video","vm_video_trailer_url":"","vid_download_type":"free","vid_download_target":"download","vid_woo_product":"","vm_media_download":"","user_rating":"","user_rating_position":"","user_rating_mode":"","user_rating_multi_sets":""},"video_auto_fetch_settings":{"vm_video_fetch":"on"},"video_fake_views_likes":{"vm_fake_views":"","vm_fake_likes":"","vm_fake_dislikes":""},"gallery_settings":{"gallery_position":""},"quote_settings":{"quote_position":""},"post_options":{"main_layout":"","main_logo":"","main_logo_retina":"","main_logo_mobile":"","main_logo_mobile_retina":"","sticky_logo":"","sticky_logo_retina":"","main_nav_layout":"","header_background":"","theme_sidebar":"","single_post_comment_type":"","theme_background":""}},"_links":{"self":[{"href":"https:\/\/canal7slp.tv\/2019\/wp-json\/wp\/v2\/posts\/55128","targetHints":{"allow":["GET"]}}],"collection":[{"href":"https:\/\/canal7slp.tv\/2019\/wp-json\/wp\/v2\/posts"}],"about":[{"href":"https:\/\/canal7slp.tv\/2019\/wp-json\/wp\/v2\/types\/post"}],"author":[{"embeddable":true,"href":"https:\/\/canal7slp.tv\/2019\/wp-json\/wp\/v2\/users\/2"}],"replies":[{"embeddable":true,"href":"https:\/\/canal7slp.tv\/2019\/wp-json\/wp\/v2\/comments?post=55128"}],"version-history":[{"count":0,"href":"https:\/\/canal7slp.tv\/2019\/wp-json\/wp\/v2\/posts\/55128\/revisions"}],"wp:featuredmedia":[{"embeddable":true,"href":"https:\/\/canal7slp.tv\/2019\/wp-json\/wp\/v2\/media\/55131"}],"wp:attachment":[{"href":"https:\/\/canal7slp.tv\/2019\/wp-json\/wp\/v2\/media?parent=55128"}],"wp:term":[{"taxonomy":"category","embeddable":true,"href":"https:\/\/canal7slp.tv\/2019\/wp-json\/wp\/v2\/categories?post=55128"},{"taxonomy":"post_tag","embeddable":true,"href":"https:\/\/canal7slp.tv\/2019\/wp-json\/wp\/v2\/tags?post=55128"}],"curies":[{"name":"wp","href":"https:\/\/api.w.org\/{rel}","templated":true}]}}