{"id":55125,"date":"2019-08-26T08:30:01","date_gmt":"2019-08-26T13:30:01","guid":{"rendered":"https:\/\/canal7slp.tv\/2019\/?p=55125"},"modified":"2019-08-26T08:30:01","modified_gmt":"2019-08-26T13:30:01","slug":"represion-en-hong-kong-por-primera-vez-la-policia-disparo-a-los-manifestantes-con-armas-de-fuego","status":"publish","type":"post","link":"https:\/\/canal7slp.tv\/2019\/represion-en-hong-kong-por-primera-vez-la-policia-disparo-a-los-manifestantes-con-armas-de-fuego\/","title":{"rendered":"Represi\u00f3n en Hong Kong: por primera vez, la polic\u00eda dispar\u00f3 a los manifestantes con armas de fuego"},"content":{"rendered":"<p style=\"text-align: justify\">Hong Kong.- Un polic\u00eda de Hong Kong dispar\u00f3 al menos una vez con su arma de fuego durante las protestas de este domingo, en el primer incidente de este tipo en tres meses de manifestantes en la ex colonia brit\u00e1nica.<\/p>\n<p style=\"text-align: justify\">&#8220;Por lo que supe, un colega acaba de disparar su arma de fuego. Un polic\u00eda uniformado dispar\u00f3&#8221;, dijo el oficial de polic\u00eda Leung Kwok Win ante periodistas.<\/p>\n<p style=\"text-align: justify\">El incidente se produjo en el marco de los enfrentamientos entre los manifestantes y la polic\u00eda en Tsuen Wan, a unos 10 kil\u00f3metros del centro de la ciudad.<\/p>\n<p style=\"text-align: justify\">El territorio semiaut\u00f3nomo, uno de los principales centros financieros del mundo, ha experimentado en los \u00faltimos tres meses su peor crisis pol\u00edtica desde su retrocesi\u00f3n a China en 1997.<\/p>\n<p style=\"text-align: justify\">El actual movimiento de protesta, nacido de la oposici\u00f3n a un proyecto de ley -ahora suspendido- para permitir las extradiciones hacia China continental, se ha convertido en una campa\u00f1a m\u00e1s global por democracia y protecci\u00f3n de las libertades locales.<\/p>\n<p style=\"text-align: justify\">Miles de hongkoneses desfilaron en silencio bajo la lluvia torrencial este domingo en el \u00e1rea de Tsuen Wan. Pero los manifestantes radicales levantaron una barricada y arrojaron adoquines y c\u00f3cteles molotov a la polic\u00eda.<\/p>\n<p style=\"text-align: justify\">Despu\u00e9s de lanzar gases lacrim\u00f3genos que no tuvieron el efecto deseado, la polic\u00eda antidisturbios utiliz\u00f3, por primera vez tambi\u00e9n, ca\u00f1ones de agua contra los manifestantes.<\/p>\n<p style=\"text-align: justify\">La polic\u00eda siempre afirm\u00f3 que reservaba esa t\u00e1ctica de dispersi\u00f3n de manifestaciones para casos de &#8220;perturbaci\u00f3n del orden p\u00fablico a gran escala&#8221;.<\/p>\n<p style=\"text-align: justify\">\nLos ca\u00f1ones lanzaagua son de uso inhabitual en Hong Kong y la poblaci\u00f3n es muy sensible a ellos. &#8220;Con la polic\u00eda y los manifestantes radicalizados, los ca\u00f1ones de agua se utilizar\u00e1n m\u00e1s en el futuro&#8221;, indic\u00f3 ante la agencia AFP un manifestante que se identific\u00f3 \u00fanicamente como Fong.<\/p>\n<p style=\"text-align: justify\">\nDesde el comienzo del movimiento, la reacci\u00f3n del gobierno central ha sido ambivalente.<\/p>\n<p style=\"text-align: justify\">\nSi bien no tiene derecho legal a intervenir directamente en Hong Kong, Beijing ha utilizado una variedad de m\u00e9todos, desde la intimidaci\u00f3n hasta la propaganda y presi\u00f3n econ\u00f3mica, para tratar de contener a la oposici\u00f3n.<\/p>\n<p style=\"text-align: justify\">\n<p style=\"text-align: justify\">El metro de Hong Kong es blanco de reproches luego de aparentemente haber cedido a las cr\u00edticas de los medios de prensa estatales chinos, que lo acusaron de actitudes que terminaban ayudando a los manifestantes.<\/p>\n<p style=\"text-align: justify\">Este domingo, la red de transporte cerr\u00f3 algunas estaciones del barrio Tsuen Wan, cerca del sitio de la protesta principal, por segundo d\u00eda consecutivo.<\/p>\n<p style=\"text-align: justify\">&#8220;Incluso si nuestro futuro es oscuro, tratamos de expresarnos de manera racional&#8221;, dijo a la AFP un joven manifestante de unos veinte a\u00f1os que se hace llamar Peter. &#8220;Confiamos en nosotros mismos y en nuestra ciudad, y un d\u00eda nuestras demandas se cumplir\u00e1n&#8221;, agreg\u00f3.<\/p>\n<p style=\"text-align: justify\">Una segunda reuni\u00f3n de varios centenares de personas, en la que participaron familiares de la polic\u00eda en apoyo a \u00e9sta, tambi\u00e9n se llev\u00f3 a cabo en otra parte de la ciudad.<\/p>\n<p style=\"text-align: justify\">El s\u00e1bado, los manifestantes levantaron una barricada y profirieron insultos contra la polic\u00eda, a la que acusan de cometer acciones de violencia.<\/p>\n<p style=\"text-align: justify\">Tras horas de tensi\u00f3n, las fuerzas de seguridad intervinieron lanzando gases lacrim\u00f3genos contra los manifestantes, que les arrojaron botellas, piedras y otros objetos. Diez personas fueron hospitalizadas tras esos enfrentamientos, dos de ellas en estado grave. Fuentes m\u00e9dicas no precisaron si se trataba de manifestantes o polic\u00edas.<\/p>\n","protected":false},"excerpt":{"rendered":"<p>Hong Kong.- Un polic\u00eda de Hong Kong dispar\u00f3 al menos una vez con su arma de fuego durante las protestas de este domingo, en el primer incidente de este tipo en tres meses de manifestantes en la ex colonia brit\u00e1nica. &#8220;Por lo que supe, un colega acaba de disparar su arma de fuego. Un polic\u00eda [&hellip;]<\/p>\n","protected":false},"author":2,"featured_media":55126,"comment_status":"open","ping_status":"open","sticky":false,"template":"","format":"standard","meta":{"footnotes":""},"categories":[18],"tags":[],"class_list":["post-55125","post","type-post","status-publish","format-standard","has-post-thumbnail","hentry","category-internacional"],"yoast_head":"<!-- This site is optimized with the Yoast SEO plugin v27.5 - https:\/\/yoast.com\/product\/yoast-seo-wordpress\/ -->\n<title>Represi\u00f3n en Hong Kong: por primera vez, la polic\u00eda dispar\u00f3 a los manifestantes con armas de fuego - Canal 7 SLP - 2019<\/title>\n<meta name=\"robots\" content=\"index, follow, max-snippet:-1, max-image-preview:large, max-video-preview:-1\" \/>\n<link rel=\"canonical\" href=\"https:\/\/canal7slp.tv\/2019\/represion-en-hong-kong-por-primera-vez-la-policia-disparo-a-los-manifestantes-con-armas-de-fuego\/\" \/>\n<meta property=\"og:locale\" content=\"es_ES\" \/>\n<meta property=\"og:type\" content=\"article\" \/>\n<meta property=\"og:title\" content=\"Represi\u00f3n en Hong Kong: por primera vez, la polic\u00eda dispar\u00f3 a los manifestantes con armas de fuego - Canal 7 SLP - 2019\" \/>\n<meta property=\"og:description\" content=\"Hong Kong.- Un polic\u00eda de Hong Kong dispar\u00f3 al menos una vez con su arma de fuego durante las protestas de este domingo, en el primer incidente de este tipo en tres meses de manifestantes en la ex colonia brit\u00e1nica. &#8220;Por lo que supe, un colega acaba de disparar su arma de fuego. Un polic\u00eda [&hellip;]\" \/>\n<meta property=\"og:url\" content=\"https:\/\/canal7slp.tv\/2019\/represion-en-hong-kong-por-primera-vez-la-policia-disparo-a-los-manifestantes-con-armas-de-fuego\/\" \/>\n<meta property=\"og:site_name\" content=\"Canal 7 SLP - 2019\" \/>\n<meta property=\"article:publisher\" content=\"https:\/\/www.facebook.com\/CANAL7SLP\/\" \/>\n<meta property=\"article:published_time\" content=\"2019-08-26T13:30:01+00:00\" \/>\n<meta property=\"og:image\" content=\"https:\/\/canal7slp.tv\/2019\/wp-content\/uploads\/2019\/08\/830-15.jpg\" \/>\n\t<meta property=\"og:image:width\" content=\"800\" \/>\n\t<meta property=\"og:image:height\" content=\"449\" \/>\n\t<meta property=\"og:image:type\" content=\"image\/jpeg\" \/>\n<meta name=\"author\" content=\"edicionweb\" \/>\n<meta name=\"twitter:card\" content=\"summary_large_image\" \/>\n<meta name=\"twitter:creator\" content=\"@canal7_slp\" \/>\n<meta name=\"twitter:site\" content=\"@canal7_slp\" \/>\n<meta name=\"twitter:label1\" content=\"Escrito por\" \/>\n\t<meta name=\"twitter:data1\" content=\"edicionweb\" \/>\n\t<meta name=\"twitter:label2\" content=\"Tiempo de lectura\" \/>\n\t<meta name=\"twitter:data2\" content=\"3 minutos\" \/>\n<script type=\"application\/ld+json\" class=\"yoast-schema-graph\">{\"@context\":\"https:\\\/\\\/schema.org\",\"@graph\":[{\"@type\":\"Article\",\"@id\":\"https:\\\/\\\/canal7slp.tv\\\/2019\\\/represion-en-hong-kong-por-primera-vez-la-policia-disparo-a-los-manifestantes-con-armas-de-fuego\\\/#article\",\"isPartOf\":{\"@id\":\"https:\\\/\\\/canal7slp.tv\\\/2019\\\/represion-en-hong-kong-por-primera-vez-la-policia-disparo-a-los-manifestantes-con-armas-de-fuego\\\/\"},\"author\":{\"name\":\"edicionweb\",\"@id\":\"https:\\\/\\\/canal7slp.tv\\\/2019\\\/#\\\/schema\\\/person\\\/11d941c1c6ca30ac0a46b95fa37aa2e3\"},\"headline\":\"Represi\u00f3n en Hong Kong: por primera vez, la polic\u00eda dispar\u00f3 a los manifestantes con armas de fuego\",\"datePublished\":\"2019-08-26T13:30:01+00:00\",\"mainEntityOfPage\":{\"@id\":\"https:\\\/\\\/canal7slp.tv\\\/2019\\\/represion-en-hong-kong-por-primera-vez-la-policia-disparo-a-los-manifestantes-con-armas-de-fuego\\\/\"},\"wordCount\":612,\"commentCount\":0,\"publisher\":{\"@id\":\"https:\\\/\\\/canal7slp.tv\\\/2019\\\/#organization\"},\"image\":{\"@id\":\"https:\\\/\\\/canal7slp.tv\\\/2019\\\/represion-en-hong-kong-por-primera-vez-la-policia-disparo-a-los-manifestantes-con-armas-de-fuego\\\/#primaryimage\"},\"thumbnailUrl\":\"https:\\\/\\\/canal7slp.tv\\\/2019\\\/wp-content\\\/uploads\\\/2019\\\/08\\\/830-15.jpg\",\"articleSection\":[\"INTERNACIONAL\"],\"inLanguage\":\"es\",\"potentialAction\":[{\"@type\":\"CommentAction\",\"name\":\"Comment\",\"target\":[\"https:\\\/\\\/canal7slp.tv\\\/2019\\\/represion-en-hong-kong-por-primera-vez-la-policia-disparo-a-los-manifestantes-con-armas-de-fuego\\\/#respond\"]}]},{\"@type\":\"WebPage\",\"@id\":\"https:\\\/\\\/canal7slp.tv\\\/2019\\\/represion-en-hong-kong-por-primera-vez-la-policia-disparo-a-los-manifestantes-con-armas-de-fuego\\\/\",\"url\":\"https:\\\/\\\/canal7slp.tv\\\/2019\\\/represion-en-hong-kong-por-primera-vez-la-policia-disparo-a-los-manifestantes-con-armas-de-fuego\\\/\",\"name\":\"Represi\u00f3n en Hong Kong: por primera vez, la polic\u00eda dispar\u00f3 a los manifestantes con armas de fuego - Canal 7 SLP - 2019\",\"isPartOf\":{\"@id\":\"https:\\\/\\\/canal7slp.tv\\\/2019\\\/#website\"},\"primaryImageOfPage\":{\"@id\":\"https:\\\/\\\/canal7slp.tv\\\/2019\\\/represion-en-hong-kong-por-primera-vez-la-policia-disparo-a-los-manifestantes-con-armas-de-fuego\\\/#primaryimage\"},\"image\":{\"@id\":\"https:\\\/\\\/canal7slp.tv\\\/2019\\\/represion-en-hong-kong-por-primera-vez-la-policia-disparo-a-los-manifestantes-con-armas-de-fuego\\\/#primaryimage\"},\"thumbnailUrl\":\"https:\\\/\\\/canal7slp.tv\\\/2019\\\/wp-content\\\/uploads\\\/2019\\\/08\\\/830-15.jpg\",\"datePublished\":\"2019-08-26T13:30:01+00:00\",\"breadcrumb\":{\"@id\":\"https:\\\/\\\/canal7slp.tv\\\/2019\\\/represion-en-hong-kong-por-primera-vez-la-policia-disparo-a-los-manifestantes-con-armas-de-fuego\\\/#breadcrumb\"},\"inLanguage\":\"es\",\"potentialAction\":[{\"@type\":\"ReadAction\",\"target\":[\"https:\\\/\\\/canal7slp.tv\\\/2019\\\/represion-en-hong-kong-por-primera-vez-la-policia-disparo-a-los-manifestantes-con-armas-de-fuego\\\/\"]}]},{\"@type\":\"ImageObject\",\"inLanguage\":\"es\",\"@id\":\"https:\\\/\\\/canal7slp.tv\\\/2019\\\/represion-en-hong-kong-por-primera-vez-la-policia-disparo-a-los-manifestantes-con-armas-de-fuego\\\/#primaryimage\",\"url\":\"https:\\\/\\\/canal7slp.tv\\\/2019\\\/wp-content\\\/uploads\\\/2019\\\/08\\\/830-15.jpg\",\"contentUrl\":\"https:\\\/\\\/canal7slp.tv\\\/2019\\\/wp-content\\\/uploads\\\/2019\\\/08\\\/830-15.jpg\",\"width\":800,\"height\":449,\"caption\":\"Police officers point their guns towards anti-extradition bill protesters after a clash, at Tsuen Wan, in Hong Kong, China August 25, 2019. REUTERS\\\/Tyrone Siu\"},{\"@type\":\"BreadcrumbList\",\"@id\":\"https:\\\/\\\/canal7slp.tv\\\/2019\\\/represion-en-hong-kong-por-primera-vez-la-policia-disparo-a-los-manifestantes-con-armas-de-fuego\\\/#breadcrumb\",\"itemListElement\":[{\"@type\":\"ListItem\",\"position\":1,\"name\":\"Home\",\"item\":\"https:\\\/\\\/canal7slp.tv\\\/2019\\\/\"},{\"@type\":\"ListItem\",\"position\":2,\"name\":\"Represi\u00f3n en Hong Kong: por primera vez, la polic\u00eda dispar\u00f3 a los manifestantes con armas de fuego\"}]},{\"@type\":\"WebSite\",\"@id\":\"https:\\\/\\\/canal7slp.tv\\\/2019\\\/#website\",\"url\":\"https:\\\/\\\/canal7slp.tv\\\/2019\\\/\",\"name\":\"Canal 7 SLP - Somos TV\",\"description\":\"Somos un Canal de 10\",\"publisher\":{\"@id\":\"https:\\\/\\\/canal7slp.tv\\\/2019\\\/#organization\"},\"potentialAction\":[{\"@type\":\"SearchAction\",\"target\":{\"@type\":\"EntryPoint\",\"urlTemplate\":\"https:\\\/\\\/canal7slp.tv\\\/2019\\\/?s={search_term_string}\"},\"query-input\":{\"@type\":\"PropertyValueSpecification\",\"valueRequired\":true,\"valueName\":\"search_term_string\"}}],\"inLanguage\":\"es\"},{\"@type\":\"Organization\",\"@id\":\"https:\\\/\\\/canal7slp.tv\\\/2019\\\/#organization\",\"name\":\"Comunicaci\u00f3n 2000 S.A. de C.V.\",\"url\":\"https:\\\/\\\/canal7slp.tv\\\/2019\\\/\",\"logo\":{\"@type\":\"ImageObject\",\"inLanguage\":\"es\",\"@id\":\"https:\\\/\\\/canal7slp.tv\\\/2019\\\/#\\\/schema\\\/logo\\\/image\\\/\",\"url\":\"https:\\\/\\\/canal7slp.tv\\\/2019\\\/wp-content\\\/uploads\\\/2019\\\/07\\\/logo-c7.png\",\"contentUrl\":\"https:\\\/\\\/canal7slp.tv\\\/2019\\\/wp-content\\\/uploads\\\/2019\\\/07\\\/logo-c7.png\",\"width\":220,\"height\":60,\"caption\":\"Comunicaci\u00f3n 2000 S.A. de C.V.\"},\"image\":{\"@id\":\"https:\\\/\\\/canal7slp.tv\\\/2019\\\/#\\\/schema\\\/logo\\\/image\\\/\"},\"sameAs\":[\"https:\\\/\\\/www.facebook.com\\\/CANAL7SLP\\\/\",\"https:\\\/\\\/x.com\\\/canal7_slp\",\"https:\\\/\\\/www.instagram.com\\\/canal7_slp\",\"https:\\\/\\\/www.youtube.com\\\/user\\\/NOTICIEROSCANAL7SLP\\\/\"]},{\"@type\":\"Person\",\"@id\":\"https:\\\/\\\/canal7slp.tv\\\/2019\\\/#\\\/schema\\\/person\\\/11d941c1c6ca30ac0a46b95fa37aa2e3\",\"name\":\"edicionweb\",\"image\":{\"@type\":\"ImageObject\",\"inLanguage\":\"es\",\"@id\":\"https:\\\/\\\/secure.gravatar.com\\\/avatar\\\/eee448fc3f7164808013b816ba91ac7e43bbe82a70bebac296f8bc6f0addaa1a?s=96&d=mm&r=g\",\"url\":\"https:\\\/\\\/secure.gravatar.com\\\/avatar\\\/eee448fc3f7164808013b816ba91ac7e43bbe82a70bebac296f8bc6f0addaa1a?s=96&d=mm&r=g\",\"contentUrl\":\"https:\\\/\\\/secure.gravatar.com\\\/avatar\\\/eee448fc3f7164808013b816ba91ac7e43bbe82a70bebac296f8bc6f0addaa1a?s=96&d=mm&r=g\",\"caption\":\"edicionweb\"}}]}<\/script>\n<!-- \/ Yoast SEO plugin. -->","yoast_head_json":{"title":"Represi\u00f3n en Hong Kong: por primera vez, la polic\u00eda dispar\u00f3 a los manifestantes con armas de fuego - Canal 7 SLP - 2019","robots":{"index":"index","follow":"follow","max-snippet":"max-snippet:-1","max-image-preview":"max-image-preview:large","max-video-preview":"max-video-preview:-1"},"canonical":"https:\/\/canal7slp.tv\/2019\/represion-en-hong-kong-por-primera-vez-la-policia-disparo-a-los-manifestantes-con-armas-de-fuego\/","og_locale":"es_ES","og_type":"article","og_title":"Represi\u00f3n en Hong Kong: por primera vez, la polic\u00eda dispar\u00f3 a los manifestantes con armas de fuego - Canal 7 SLP - 2019","og_description":"Hong Kong.- Un polic\u00eda de Hong Kong dispar\u00f3 al menos una vez con su arma de fuego durante las protestas de este domingo, en el primer incidente de este tipo en tres meses de manifestantes en la ex colonia brit\u00e1nica. &#8220;Por lo que supe, un colega acaba de disparar su arma de fuego. Un polic\u00eda [&hellip;]","og_url":"https:\/\/canal7slp.tv\/2019\/represion-en-hong-kong-por-primera-vez-la-policia-disparo-a-los-manifestantes-con-armas-de-fuego\/","og_site_name":"Canal 7 SLP - 2019","article_publisher":"https:\/\/www.facebook.com\/CANAL7SLP\/","article_published_time":"2019-08-26T13:30:01+00:00","og_image":[{"width":800,"height":449,"url":"https:\/\/canal7slp.tv\/2019\/wp-content\/uploads\/2019\/08\/830-15.jpg","type":"image\/jpeg"}],"author":"edicionweb","twitter_card":"summary_large_image","twitter_creator":"@canal7_slp","twitter_site":"@canal7_slp","twitter_misc":{"Escrito por":"edicionweb","Tiempo de lectura":"3 minutos"},"schema":{"@context":"https:\/\/schema.org","@graph":[{"@type":"Article","@id":"https:\/\/canal7slp.tv\/2019\/represion-en-hong-kong-por-primera-vez-la-policia-disparo-a-los-manifestantes-con-armas-de-fuego\/#article","isPartOf":{"@id":"https:\/\/canal7slp.tv\/2019\/represion-en-hong-kong-por-primera-vez-la-policia-disparo-a-los-manifestantes-con-armas-de-fuego\/"},"author":{"name":"edicionweb","@id":"https:\/\/canal7slp.tv\/2019\/#\/schema\/person\/11d941c1c6ca30ac0a46b95fa37aa2e3"},"headline":"Represi\u00f3n en Hong Kong: por primera vez, la polic\u00eda dispar\u00f3 a los manifestantes con armas de fuego","datePublished":"2019-08-26T13:30:01+00:00","mainEntityOfPage":{"@id":"https:\/\/canal7slp.tv\/2019\/represion-en-hong-kong-por-primera-vez-la-policia-disparo-a-los-manifestantes-con-armas-de-fuego\/"},"wordCount":612,"commentCount":0,"publisher":{"@id":"https:\/\/canal7slp.tv\/2019\/#organization"},"image":{"@id":"https:\/\/canal7slp.tv\/2019\/represion-en-hong-kong-por-primera-vez-la-policia-disparo-a-los-manifestantes-con-armas-de-fuego\/#primaryimage"},"thumbnailUrl":"https:\/\/canal7slp.tv\/2019\/wp-content\/uploads\/2019\/08\/830-15.jpg","articleSection":["INTERNACIONAL"],"inLanguage":"es","potentialAction":[{"@type":"CommentAction","name":"Comment","target":["https:\/\/canal7slp.tv\/2019\/represion-en-hong-kong-por-primera-vez-la-policia-disparo-a-los-manifestantes-con-armas-de-fuego\/#respond"]}]},{"@type":"WebPage","@id":"https:\/\/canal7slp.tv\/2019\/represion-en-hong-kong-por-primera-vez-la-policia-disparo-a-los-manifestantes-con-armas-de-fuego\/","url":"https:\/\/canal7slp.tv\/2019\/represion-en-hong-kong-por-primera-vez-la-policia-disparo-a-los-manifestantes-con-armas-de-fuego\/","name":"Represi\u00f3n en Hong Kong: por primera vez, la polic\u00eda dispar\u00f3 a los manifestantes con armas de fuego - Canal 7 SLP - 2019","isPartOf":{"@id":"https:\/\/canal7slp.tv\/2019\/#website"},"primaryImageOfPage":{"@id":"https:\/\/canal7slp.tv\/2019\/represion-en-hong-kong-por-primera-vez-la-policia-disparo-a-los-manifestantes-con-armas-de-fuego\/#primaryimage"},"image":{"@id":"https:\/\/canal7slp.tv\/2019\/represion-en-hong-kong-por-primera-vez-la-policia-disparo-a-los-manifestantes-con-armas-de-fuego\/#primaryimage"},"thumbnailUrl":"https:\/\/canal7slp.tv\/2019\/wp-content\/uploads\/2019\/08\/830-15.jpg","datePublished":"2019-08-26T13:30:01+00:00","breadcrumb":{"@id":"https:\/\/canal7slp.tv\/2019\/represion-en-hong-kong-por-primera-vez-la-policia-disparo-a-los-manifestantes-con-armas-de-fuego\/#breadcrumb"},"inLanguage":"es","potentialAction":[{"@type":"ReadAction","target":["https:\/\/canal7slp.tv\/2019\/represion-en-hong-kong-por-primera-vez-la-policia-disparo-a-los-manifestantes-con-armas-de-fuego\/"]}]},{"@type":"ImageObject","inLanguage":"es","@id":"https:\/\/canal7slp.tv\/2019\/represion-en-hong-kong-por-primera-vez-la-policia-disparo-a-los-manifestantes-con-armas-de-fuego\/#primaryimage","url":"https:\/\/canal7slp.tv\/2019\/wp-content\/uploads\/2019\/08\/830-15.jpg","contentUrl":"https:\/\/canal7slp.tv\/2019\/wp-content\/uploads\/2019\/08\/830-15.jpg","width":800,"height":449,"caption":"Police officers point their guns towards anti-extradition bill protesters after a clash, at Tsuen Wan, in Hong Kong, China August 25, 2019. REUTERS\/Tyrone Siu"},{"@type":"BreadcrumbList","@id":"https:\/\/canal7slp.tv\/2019\/represion-en-hong-kong-por-primera-vez-la-policia-disparo-a-los-manifestantes-con-armas-de-fuego\/#breadcrumb","itemListElement":[{"@type":"ListItem","position":1,"name":"Home","item":"https:\/\/canal7slp.tv\/2019\/"},{"@type":"ListItem","position":2,"name":"Represi\u00f3n en Hong Kong: por primera vez, la polic\u00eda dispar\u00f3 a los manifestantes con armas de fuego"}]},{"@type":"WebSite","@id":"https:\/\/canal7slp.tv\/2019\/#website","url":"https:\/\/canal7slp.tv\/2019\/","name":"Canal 7 SLP - Somos TV","description":"Somos un Canal de 10","publisher":{"@id":"https:\/\/canal7slp.tv\/2019\/#organization"},"potentialAction":[{"@type":"SearchAction","target":{"@type":"EntryPoint","urlTemplate":"https:\/\/canal7slp.tv\/2019\/?s={search_term_string}"},"query-input":{"@type":"PropertyValueSpecification","valueRequired":true,"valueName":"search_term_string"}}],"inLanguage":"es"},{"@type":"Organization","@id":"https:\/\/canal7slp.tv\/2019\/#organization","name":"Comunicaci\u00f3n 2000 S.A. de C.V.","url":"https:\/\/canal7slp.tv\/2019\/","logo":{"@type":"ImageObject","inLanguage":"es","@id":"https:\/\/canal7slp.tv\/2019\/#\/schema\/logo\/image\/","url":"https:\/\/canal7slp.tv\/2019\/wp-content\/uploads\/2019\/07\/logo-c7.png","contentUrl":"https:\/\/canal7slp.tv\/2019\/wp-content\/uploads\/2019\/07\/logo-c7.png","width":220,"height":60,"caption":"Comunicaci\u00f3n 2000 S.A. de C.V."},"image":{"@id":"https:\/\/canal7slp.tv\/2019\/#\/schema\/logo\/image\/"},"sameAs":["https:\/\/www.facebook.com\/CANAL7SLP\/","https:\/\/x.com\/canal7_slp","https:\/\/www.instagram.com\/canal7_slp","https:\/\/www.youtube.com\/user\/NOTICIEROSCANAL7SLP\/"]},{"@type":"Person","@id":"https:\/\/canal7slp.tv\/2019\/#\/schema\/person\/11d941c1c6ca30ac0a46b95fa37aa2e3","name":"edicionweb","image":{"@type":"ImageObject","inLanguage":"es","@id":"https:\/\/secure.gravatar.com\/avatar\/eee448fc3f7164808013b816ba91ac7e43bbe82a70bebac296f8bc6f0addaa1a?s=96&d=mm&r=g","url":"https:\/\/secure.gravatar.com\/avatar\/eee448fc3f7164808013b816ba91ac7e43bbe82a70bebac296f8bc6f0addaa1a?s=96&d=mm&r=g","contentUrl":"https:\/\/secure.gravatar.com\/avatar\/eee448fc3f7164808013b816ba91ac7e43bbe82a70bebac296f8bc6f0addaa1a?s=96&d=mm&r=g","caption":"edicionweb"}}]}},"amp_enabled":true,"cmb2":{"video_ids_in_playlist":{"vid_p_videos":""},"video_ids_in_channel":{"vid_c_videos":""},"playlist_ids_in_channel":{"vid_c_playlists":""},"series_ids_in_channel":{"vid_c_series":""},"channel_images":{"vid_c_logo":"","vid_c_banner":""},"poster_feature_image":{"vid_m_poster_image":""},"gif_feature_image":{"vid_m_gif_image":""},"video_movie_settings":{"vid_m_director":"","vid_m_actor":"","vid_m_imdb_ratings":"","vid_m_amazon_associates":""},"vid_youtube_broadcasts_settings":{"vid_yb_broadcast_title":"","vid_yb_q":"","vid_yb_channelid":"","vid_yb_videocategoryid":"","vid_yb_maxresults":"","vid_yb_order":"","vid_yb_regioncode":"","vid_yb_videosyndicated":"","vid_yb_style":"","vid_yb_reload_first":""},"video_series_settings":{"vid_m_director":"","vid_m_actor":"","vid_m_imdb_ratings":"","video_series_group":""},"amazon_associates_settings":{"amazon_associates":"","amazon_native_ad":""},"vid_youtube_automatic_settings":{"vid_ya_youtube_source":"","vid_ya_update_every":"","vid_ya_update_unit":"","vid_ya_categories":"","vid_ya_published_after":"","vid_ya_published_before":"","vid_ya_playlists":"","vid_ya_channels":"","vid_ya_director":"","vid_ya_actor":"","vid_ya_author":"","vid_ya_import_post_date":"","vid_ya_status":"","vid_ya_sub_api_key":""},"vid_ads_m_videoads_settings_post":{"vid_ads_m_video_ads":"","vid_ads_m_video_ads_type":"","vid_ads_m_group_google_ima":"","vid_ads_m_group_image":"","vid_ads_m_group_html5_video":"","vid_ads_m_group_html":"","vid_ads_m_vast_preroll":"","vid_ads_m_vast_postroll":"","vid_ads_m_vast_pauseroll":"","vid_ads_m_vast_midroll":[{"vid_ads_m_vast_timer_seconds":"50"}],"vid_ads_m_time_to_show_ads":"","vid_ads_m_time_skip_ads":"","vid_ads_m_time_to_hide_ads":""},"page_slider_settings":{"display_slider_group":"","page_slider_group":""},"blog_page_settings":{"blog_page_title":"","blog_page_heading":"","blog_page_ic":"","blog_page_it":"","blog_page_ec":"","blog_page_ip":"","archive_loop_style":"","blog_image_ratio":"","blog_show_categories":"","blog_show_excerpt":"","blog_show_author":"","blog_show_date":"","blog_show_comment_count":"","blog_show_view_count":"","blog_show_like_count":"","blog_show_dislike_count":"","blog_items_per_page":"","blog_pag_type":""},"page_options":{"get_page_template":"","color_mode":"","main_layout":"","main_layout_full_with":"","main_logo":"","main_logo_retina":"","main_logo_mobile":"","main_logo_mobile_retina":"","sticky_logo":"","sticky_logo_retina":"","main_nav_layout":"","ajax_search":"","header_background":"","theme_sidebar":"","instagram_feed":"","instagram_feed_position":"","popular_videos":"","popular_videos_title_1":"","popular_videos_title_2":"","popular_videos_ic":"","popular_videos_it":"","theme_background":"","page_custom_css":""},"feature_image_settings":{"feature_image_position":""},"video_player_settings":{"single_video_style":"","video_player_position":"","vm_video_url":"","video_player_library":"","video_streaming":"","vm_media_sources":"","vid_auto_play":"","vm_video_shortcode":"","vid_p_sync_playlist":"","vid_c_sync_channel":"","get_post_format":"","multiple_links_structure":"default","multi_links_title":"","vm_video_multi_links":"","vm_duration":"","vid_social_locker":"off","vid_social_locker_id":"","vid_membership_action":"content-video","vm_video_trailer_url":"","vid_download_type":"free","vid_download_target":"download","vid_woo_product":"","vm_media_download":"","user_rating":"","user_rating_position":"","user_rating_mode":"","user_rating_multi_sets":""},"video_auto_fetch_settings":{"vm_video_fetch":"on"},"video_fake_views_likes":{"vm_fake_views":"","vm_fake_likes":"","vm_fake_dislikes":""},"gallery_settings":{"gallery_position":""},"quote_settings":{"quote_position":""},"post_options":{"main_layout":"","main_logo":"","main_logo_retina":"","main_logo_mobile":"","main_logo_mobile_retina":"","sticky_logo":"","sticky_logo_retina":"","main_nav_layout":"","header_background":"","theme_sidebar":"","single_post_comment_type":"","theme_background":""}},"_links":{"self":[{"href":"https:\/\/canal7slp.tv\/2019\/wp-json\/wp\/v2\/posts\/55125","targetHints":{"allow":["GET"]}}],"collection":[{"href":"https:\/\/canal7slp.tv\/2019\/wp-json\/wp\/v2\/posts"}],"about":[{"href":"https:\/\/canal7slp.tv\/2019\/wp-json\/wp\/v2\/types\/post"}],"author":[{"embeddable":true,"href":"https:\/\/canal7slp.tv\/2019\/wp-json\/wp\/v2\/users\/2"}],"replies":[{"embeddable":true,"href":"https:\/\/canal7slp.tv\/2019\/wp-json\/wp\/v2\/comments?post=55125"}],"version-history":[{"count":0,"href":"https:\/\/canal7slp.tv\/2019\/wp-json\/wp\/v2\/posts\/55125\/revisions"}],"wp:featuredmedia":[{"embeddable":true,"href":"https:\/\/canal7slp.tv\/2019\/wp-json\/wp\/v2\/media\/55126"}],"wp:attachment":[{"href":"https:\/\/canal7slp.tv\/2019\/wp-json\/wp\/v2\/media?parent=55125"}],"wp:term":[{"taxonomy":"category","embeddable":true,"href":"https:\/\/canal7slp.tv\/2019\/wp-json\/wp\/v2\/categories?post=55125"},{"taxonomy":"post_tag","embeddable":true,"href":"https:\/\/canal7slp.tv\/2019\/wp-json\/wp\/v2\/tags?post=55125"}],"curies":[{"name":"wp","href":"https:\/\/api.w.org\/{rel}","templated":true}]}}