{"id":55107,"date":"2019-08-25T17:00:57","date_gmt":"2019-08-25T22:00:57","guid":{"rendered":"https:\/\/canal7slp.tv\/2019\/?p=55107"},"modified":"2019-08-25T19:49:39","modified_gmt":"2019-08-26T00:49:39","slug":"edgardo-jasso-nuevo-presidente-del-pan-en-la-capital-potosina","status":"publish","type":"post","link":"https:\/\/canal7slp.tv\/2019\/edgardo-jasso-nuevo-presidente-del-pan-en-la-capital-potosina\/","title":{"rendered":"Edgardo Jasso nuevo presidente del PAN en la capital potosina"},"content":{"rendered":"<ul>\n<li style=\"text-align: justify\">Por primera vez la militancia panista, consolida una candidatura de unidad en la renovaci\u00f3n del Comit\u00e9 Directivo Municipal.<\/li>\n<\/ul>\n<p style=\"text-align: justify\">SLP.- \u201cS\u00e9 que ha llegado el momento de definir una nueva historia para la democracia, unidos y echados para adelante en un mismo prop\u00f3sito, firmes y comprometidos con Acci\u00f3n Nacional; el ma\u00f1ana es ahora y el 2021 es nuestra ruta, hag\u00e1moslo con el coraz\u00f3n y dispuestos a caminar juntos con respeto, inclusi\u00f3n y enfocados en refrendar el triunfo en nuestra capital y recuperar el Gobierno del Estado\u201d.<\/p>\n<p style=\"text-align: justify\">Fue el mensaje que dio a la militancia panista de la capital potosina, el nuevo Presidente del Comit\u00e9 Directivo Municipal de Acci\u00f3n Nacional, Edgardo Jasso Puente; quien result\u00f3 electo en la asamblea por unanimidad, tras un registro total de 377 votos v\u00e1lidos.<\/p>\n<p style=\"text-align: justify\">Es la primera ocasi\u00f3n en casi 80 a\u00f1os de historia del Partido Acci\u00f3n Nacional en San Luis Potos\u00ed, que se registra una candidatura de unidad en la renovaci\u00f3n del Comit\u00e9 Directivo Municipal; \u201cun proyecto que de manera conjunta y con el apoyo de los militantes, nos da fortaleza rumbo al 2021; hoy queda claro que Acci\u00f3n Nacional est\u00e1 unido como un solo equipo\u201d, remarc\u00f3 Jasso Puente.<\/p>\n<p style=\"text-align: justify\">Edgardo Jasso asumi\u00f3 el compromiso ante la militancia panista de recorrer las 373 secciones electorales en el municipio, para llevar el mensaje de unidad y fortalecimiento del instituto pol\u00edtico promoviendo la inclusi\u00f3n y desarrollo de capacidades con el anuncio del programa \u201c\u00bfY t\u00fa, qu\u00e9 onda con la pol\u00edtica?, enfocado a las universidades para incentivar la participaci\u00f3n de los j\u00f3venes.<\/p>\n<p style=\"text-align: justify\">Anunci\u00f3 adem\u00e1s, la consolidaci\u00f3n de la oficina de Gesti\u00f3n Institucional con el objetivo de fortalecer la comunicaci\u00f3n y vinculaci\u00f3n entre funcionarios emanados de Acci\u00f3n Nacional, militancia y ciudadan\u00eda.<\/p>\n<p style=\"text-align: justify\">Jasso Puente dijo que ser\u00e1 una prioridad el fortalecimiento de la unidad en el PAN, siendo un partido de puertas abiertas que genera las mejores condiciones que est\u00e1n por vivirse en el 2021 y consolidar as\u00ed una estructura territorial y electoral s\u00f3lida que garantice el triunfo.<\/p>\n<p style=\"text-align: justify\">\u201cHoy incio un compromiso con la historia y con nuestro partido, abrazando las causas mas nobles de nuestra instituci\u00f3n e impulsando las mejores practicas para el crecimiento de la capital, una historia que no puede escribirse sin un equipo, las bases de nuestros ideales y los pilares del humanismo\u201d, concluy\u00f3 en su mensaje el Dirigente Municipal electo.<\/p>\n","protected":false},"excerpt":{"rendered":"<p>Por primera vez la militancia panista, consolida una candidatura de unidad en la renovaci\u00f3n del Comit\u00e9 Directivo Municipal. SLP.- \u201cS\u00e9 que ha llegado el momento de definir una nueva historia para la democracia, unidos y echados para adelante en un mismo prop\u00f3sito, firmes y comprometidos con Acci\u00f3n Nacional; el ma\u00f1ana es ahora y el 2021 [&hellip;]<\/p>\n","protected":false},"author":2,"featured_media":55109,"comment_status":"open","ping_status":"open","sticky":false,"template":"","format":"standard","meta":{"footnotes":""},"categories":[17],"tags":[],"class_list":["post-55107","post","type-post","status-publish","format-standard","has-post-thumbnail","hentry","category-localesyregionales"],"yoast_head":"<!-- This site is optimized with the Yoast SEO plugin v27.5 - https:\/\/yoast.com\/product\/yoast-seo-wordpress\/ -->\n<title>Edgardo Jasso nuevo presidente del PAN en la capital potosina - Canal 7 SLP - 2019<\/title>\n<meta name=\"robots\" content=\"index, follow, max-snippet:-1, max-image-preview:large, max-video-preview:-1\" \/>\n<link rel=\"canonical\" href=\"https:\/\/canal7slp.tv\/2019\/edgardo-jasso-nuevo-presidente-del-pan-en-la-capital-potosina\/\" \/>\n<meta property=\"og:locale\" content=\"es_ES\" \/>\n<meta property=\"og:type\" content=\"article\" \/>\n<meta property=\"og:title\" content=\"Edgardo Jasso nuevo presidente del PAN en la capital potosina - Canal 7 SLP - 2019\" \/>\n<meta property=\"og:description\" content=\"Por primera vez la militancia panista, consolida una candidatura de unidad en la renovaci\u00f3n del Comit\u00e9 Directivo Municipal. SLP.- \u201cS\u00e9 que ha llegado el momento de definir una nueva historia para la democracia, unidos y echados para adelante en un mismo prop\u00f3sito, firmes y comprometidos con Acci\u00f3n Nacional; el ma\u00f1ana es ahora y el 2021 [&hellip;]\" \/>\n<meta property=\"og:url\" content=\"https:\/\/canal7slp.tv\/2019\/edgardo-jasso-nuevo-presidente-del-pan-en-la-capital-potosina\/\" \/>\n<meta property=\"og:site_name\" content=\"Canal 7 SLP - 2019\" \/>\n<meta property=\"article:publisher\" content=\"https:\/\/www.facebook.com\/CANAL7SLP\/\" \/>\n<meta property=\"article:published_time\" content=\"2019-08-25T22:00:57+00:00\" \/>\n<meta property=\"article:modified_time\" content=\"2019-08-26T00:49:39+00:00\" \/>\n<meta property=\"og:image\" content=\"https:\/\/canal7slp.tv\/2019\/wp-content\/uploads\/2019\/08\/pan-6.jpg\" \/>\n\t<meta property=\"og:image:width\" content=\"750\" \/>\n\t<meta property=\"og:image:height\" content=\"500\" \/>\n\t<meta property=\"og:image:type\" content=\"image\/jpeg\" \/>\n<meta name=\"author\" content=\"edicionweb\" \/>\n<meta name=\"twitter:card\" content=\"summary_large_image\" \/>\n<meta name=\"twitter:creator\" content=\"@canal7_slp\" \/>\n<meta name=\"twitter:site\" content=\"@canal7_slp\" \/>\n<meta name=\"twitter:label1\" content=\"Escrito por\" \/>\n\t<meta name=\"twitter:data1\" content=\"edicionweb\" \/>\n\t<meta name=\"twitter:label2\" content=\"Tiempo de lectura\" \/>\n\t<meta name=\"twitter:data2\" content=\"2 minutos\" \/>\n<script type=\"application\/ld+json\" class=\"yoast-schema-graph\">{\"@context\":\"https:\\\/\\\/schema.org\",\"@graph\":[{\"@type\":\"Article\",\"@id\":\"https:\\\/\\\/canal7slp.tv\\\/2019\\\/edgardo-jasso-nuevo-presidente-del-pan-en-la-capital-potosina\\\/#article\",\"isPartOf\":{\"@id\":\"https:\\\/\\\/canal7slp.tv\\\/2019\\\/edgardo-jasso-nuevo-presidente-del-pan-en-la-capital-potosina\\\/\"},\"author\":{\"name\":\"edicionweb\",\"@id\":\"https:\\\/\\\/canal7slp.tv\\\/2019\\\/#\\\/schema\\\/person\\\/11d941c1c6ca30ac0a46b95fa37aa2e3\"},\"headline\":\"Edgardo Jasso nuevo presidente del PAN en la capital potosina\",\"datePublished\":\"2019-08-25T22:00:57+00:00\",\"dateModified\":\"2019-08-26T00:49:39+00:00\",\"mainEntityOfPage\":{\"@id\":\"https:\\\/\\\/canal7slp.tv\\\/2019\\\/edgardo-jasso-nuevo-presidente-del-pan-en-la-capital-potosina\\\/\"},\"wordCount\":417,\"commentCount\":0,\"publisher\":{\"@id\":\"https:\\\/\\\/canal7slp.tv\\\/2019\\\/#organization\"},\"image\":{\"@id\":\"https:\\\/\\\/canal7slp.tv\\\/2019\\\/edgardo-jasso-nuevo-presidente-del-pan-en-la-capital-potosina\\\/#primaryimage\"},\"thumbnailUrl\":\"https:\\\/\\\/canal7slp.tv\\\/2019\\\/wp-content\\\/uploads\\\/2019\\\/08\\\/pan-6.jpg\",\"articleSection\":[\"LOCALES Y REGIONALES\"],\"inLanguage\":\"es\",\"potentialAction\":[{\"@type\":\"CommentAction\",\"name\":\"Comment\",\"target\":[\"https:\\\/\\\/canal7slp.tv\\\/2019\\\/edgardo-jasso-nuevo-presidente-del-pan-en-la-capital-potosina\\\/#respond\"]}]},{\"@type\":\"WebPage\",\"@id\":\"https:\\\/\\\/canal7slp.tv\\\/2019\\\/edgardo-jasso-nuevo-presidente-del-pan-en-la-capital-potosina\\\/\",\"url\":\"https:\\\/\\\/canal7slp.tv\\\/2019\\\/edgardo-jasso-nuevo-presidente-del-pan-en-la-capital-potosina\\\/\",\"name\":\"Edgardo Jasso nuevo presidente del PAN en la capital potosina - Canal 7 SLP - 2019\",\"isPartOf\":{\"@id\":\"https:\\\/\\\/canal7slp.tv\\\/2019\\\/#website\"},\"primaryImageOfPage\":{\"@id\":\"https:\\\/\\\/canal7slp.tv\\\/2019\\\/edgardo-jasso-nuevo-presidente-del-pan-en-la-capital-potosina\\\/#primaryimage\"},\"image\":{\"@id\":\"https:\\\/\\\/canal7slp.tv\\\/2019\\\/edgardo-jasso-nuevo-presidente-del-pan-en-la-capital-potosina\\\/#primaryimage\"},\"thumbnailUrl\":\"https:\\\/\\\/canal7slp.tv\\\/2019\\\/wp-content\\\/uploads\\\/2019\\\/08\\\/pan-6.jpg\",\"datePublished\":\"2019-08-25T22:00:57+00:00\",\"dateModified\":\"2019-08-26T00:49:39+00:00\",\"breadcrumb\":{\"@id\":\"https:\\\/\\\/canal7slp.tv\\\/2019\\\/edgardo-jasso-nuevo-presidente-del-pan-en-la-capital-potosina\\\/#breadcrumb\"},\"inLanguage\":\"es\",\"potentialAction\":[{\"@type\":\"ReadAction\",\"target\":[\"https:\\\/\\\/canal7slp.tv\\\/2019\\\/edgardo-jasso-nuevo-presidente-del-pan-en-la-capital-potosina\\\/\"]}]},{\"@type\":\"ImageObject\",\"inLanguage\":\"es\",\"@id\":\"https:\\\/\\\/canal7slp.tv\\\/2019\\\/edgardo-jasso-nuevo-presidente-del-pan-en-la-capital-potosina\\\/#primaryimage\",\"url\":\"https:\\\/\\\/canal7slp.tv\\\/2019\\\/wp-content\\\/uploads\\\/2019\\\/08\\\/pan-6.jpg\",\"contentUrl\":\"https:\\\/\\\/canal7slp.tv\\\/2019\\\/wp-content\\\/uploads\\\/2019\\\/08\\\/pan-6.jpg\",\"width\":750,\"height\":500},{\"@type\":\"BreadcrumbList\",\"@id\":\"https:\\\/\\\/canal7slp.tv\\\/2019\\\/edgardo-jasso-nuevo-presidente-del-pan-en-la-capital-potosina\\\/#breadcrumb\",\"itemListElement\":[{\"@type\":\"ListItem\",\"position\":1,\"name\":\"Home\",\"item\":\"https:\\\/\\\/canal7slp.tv\\\/2019\\\/\"},{\"@type\":\"ListItem\",\"position\":2,\"name\":\"Edgardo Jasso nuevo presidente del PAN en la capital potosina\"}]},{\"@type\":\"WebSite\",\"@id\":\"https:\\\/\\\/canal7slp.tv\\\/2019\\\/#website\",\"url\":\"https:\\\/\\\/canal7slp.tv\\\/2019\\\/\",\"name\":\"Canal 7 SLP - Somos TV\",\"description\":\"Somos un Canal de 10\",\"publisher\":{\"@id\":\"https:\\\/\\\/canal7slp.tv\\\/2019\\\/#organization\"},\"potentialAction\":[{\"@type\":\"SearchAction\",\"target\":{\"@type\":\"EntryPoint\",\"urlTemplate\":\"https:\\\/\\\/canal7slp.tv\\\/2019\\\/?s={search_term_string}\"},\"query-input\":{\"@type\":\"PropertyValueSpecification\",\"valueRequired\":true,\"valueName\":\"search_term_string\"}}],\"inLanguage\":\"es\"},{\"@type\":\"Organization\",\"@id\":\"https:\\\/\\\/canal7slp.tv\\\/2019\\\/#organization\",\"name\":\"Comunicaci\u00f3n 2000 S.A. de C.V.\",\"url\":\"https:\\\/\\\/canal7slp.tv\\\/2019\\\/\",\"logo\":{\"@type\":\"ImageObject\",\"inLanguage\":\"es\",\"@id\":\"https:\\\/\\\/canal7slp.tv\\\/2019\\\/#\\\/schema\\\/logo\\\/image\\\/\",\"url\":\"https:\\\/\\\/canal7slp.tv\\\/2019\\\/wp-content\\\/uploads\\\/2019\\\/07\\\/logo-c7.png\",\"contentUrl\":\"https:\\\/\\\/canal7slp.tv\\\/2019\\\/wp-content\\\/uploads\\\/2019\\\/07\\\/logo-c7.png\",\"width\":220,\"height\":60,\"caption\":\"Comunicaci\u00f3n 2000 S.A. de C.V.\"},\"image\":{\"@id\":\"https:\\\/\\\/canal7slp.tv\\\/2019\\\/#\\\/schema\\\/logo\\\/image\\\/\"},\"sameAs\":[\"https:\\\/\\\/www.facebook.com\\\/CANAL7SLP\\\/\",\"https:\\\/\\\/x.com\\\/canal7_slp\",\"https:\\\/\\\/www.instagram.com\\\/canal7_slp\",\"https:\\\/\\\/www.youtube.com\\\/user\\\/NOTICIEROSCANAL7SLP\\\/\"]},{\"@type\":\"Person\",\"@id\":\"https:\\\/\\\/canal7slp.tv\\\/2019\\\/#\\\/schema\\\/person\\\/11d941c1c6ca30ac0a46b95fa37aa2e3\",\"name\":\"edicionweb\",\"image\":{\"@type\":\"ImageObject\",\"inLanguage\":\"es\",\"@id\":\"https:\\\/\\\/secure.gravatar.com\\\/avatar\\\/eee448fc3f7164808013b816ba91ac7e43bbe82a70bebac296f8bc6f0addaa1a?s=96&d=mm&r=g\",\"url\":\"https:\\\/\\\/secure.gravatar.com\\\/avatar\\\/eee448fc3f7164808013b816ba91ac7e43bbe82a70bebac296f8bc6f0addaa1a?s=96&d=mm&r=g\",\"contentUrl\":\"https:\\\/\\\/secure.gravatar.com\\\/avatar\\\/eee448fc3f7164808013b816ba91ac7e43bbe82a70bebac296f8bc6f0addaa1a?s=96&d=mm&r=g\",\"caption\":\"edicionweb\"}}]}<\/script>\n<!-- \/ Yoast SEO plugin. -->","yoast_head_json":{"title":"Edgardo Jasso nuevo presidente del PAN en la capital potosina - Canal 7 SLP - 2019","robots":{"index":"index","follow":"follow","max-snippet":"max-snippet:-1","max-image-preview":"max-image-preview:large","max-video-preview":"max-video-preview:-1"},"canonical":"https:\/\/canal7slp.tv\/2019\/edgardo-jasso-nuevo-presidente-del-pan-en-la-capital-potosina\/","og_locale":"es_ES","og_type":"article","og_title":"Edgardo Jasso nuevo presidente del PAN en la capital potosina - Canal 7 SLP - 2019","og_description":"Por primera vez la militancia panista, consolida una candidatura de unidad en la renovaci\u00f3n del Comit\u00e9 Directivo Municipal. SLP.- \u201cS\u00e9 que ha llegado el momento de definir una nueva historia para la democracia, unidos y echados para adelante en un mismo prop\u00f3sito, firmes y comprometidos con Acci\u00f3n Nacional; el ma\u00f1ana es ahora y el 2021 [&hellip;]","og_url":"https:\/\/canal7slp.tv\/2019\/edgardo-jasso-nuevo-presidente-del-pan-en-la-capital-potosina\/","og_site_name":"Canal 7 SLP - 2019","article_publisher":"https:\/\/www.facebook.com\/CANAL7SLP\/","article_published_time":"2019-08-25T22:00:57+00:00","article_modified_time":"2019-08-26T00:49:39+00:00","og_image":[{"width":750,"height":500,"url":"https:\/\/canal7slp.tv\/2019\/wp-content\/uploads\/2019\/08\/pan-6.jpg","type":"image\/jpeg"}],"author":"edicionweb","twitter_card":"summary_large_image","twitter_creator":"@canal7_slp","twitter_site":"@canal7_slp","twitter_misc":{"Escrito por":"edicionweb","Tiempo de lectura":"2 minutos"},"schema":{"@context":"https:\/\/schema.org","@graph":[{"@type":"Article","@id":"https:\/\/canal7slp.tv\/2019\/edgardo-jasso-nuevo-presidente-del-pan-en-la-capital-potosina\/#article","isPartOf":{"@id":"https:\/\/canal7slp.tv\/2019\/edgardo-jasso-nuevo-presidente-del-pan-en-la-capital-potosina\/"},"author":{"name":"edicionweb","@id":"https:\/\/canal7slp.tv\/2019\/#\/schema\/person\/11d941c1c6ca30ac0a46b95fa37aa2e3"},"headline":"Edgardo Jasso nuevo presidente del PAN en la capital potosina","datePublished":"2019-08-25T22:00:57+00:00","dateModified":"2019-08-26T00:49:39+00:00","mainEntityOfPage":{"@id":"https:\/\/canal7slp.tv\/2019\/edgardo-jasso-nuevo-presidente-del-pan-en-la-capital-potosina\/"},"wordCount":417,"commentCount":0,"publisher":{"@id":"https:\/\/canal7slp.tv\/2019\/#organization"},"image":{"@id":"https:\/\/canal7slp.tv\/2019\/edgardo-jasso-nuevo-presidente-del-pan-en-la-capital-potosina\/#primaryimage"},"thumbnailUrl":"https:\/\/canal7slp.tv\/2019\/wp-content\/uploads\/2019\/08\/pan-6.jpg","articleSection":["LOCALES Y REGIONALES"],"inLanguage":"es","potentialAction":[{"@type":"CommentAction","name":"Comment","target":["https:\/\/canal7slp.tv\/2019\/edgardo-jasso-nuevo-presidente-del-pan-en-la-capital-potosina\/#respond"]}]},{"@type":"WebPage","@id":"https:\/\/canal7slp.tv\/2019\/edgardo-jasso-nuevo-presidente-del-pan-en-la-capital-potosina\/","url":"https:\/\/canal7slp.tv\/2019\/edgardo-jasso-nuevo-presidente-del-pan-en-la-capital-potosina\/","name":"Edgardo Jasso nuevo presidente del PAN en la capital potosina - Canal 7 SLP - 2019","isPartOf":{"@id":"https:\/\/canal7slp.tv\/2019\/#website"},"primaryImageOfPage":{"@id":"https:\/\/canal7slp.tv\/2019\/edgardo-jasso-nuevo-presidente-del-pan-en-la-capital-potosina\/#primaryimage"},"image":{"@id":"https:\/\/canal7slp.tv\/2019\/edgardo-jasso-nuevo-presidente-del-pan-en-la-capital-potosina\/#primaryimage"},"thumbnailUrl":"https:\/\/canal7slp.tv\/2019\/wp-content\/uploads\/2019\/08\/pan-6.jpg","datePublished":"2019-08-25T22:00:57+00:00","dateModified":"2019-08-26T00:49:39+00:00","breadcrumb":{"@id":"https:\/\/canal7slp.tv\/2019\/edgardo-jasso-nuevo-presidente-del-pan-en-la-capital-potosina\/#breadcrumb"},"inLanguage":"es","potentialAction":[{"@type":"ReadAction","target":["https:\/\/canal7slp.tv\/2019\/edgardo-jasso-nuevo-presidente-del-pan-en-la-capital-potosina\/"]}]},{"@type":"ImageObject","inLanguage":"es","@id":"https:\/\/canal7slp.tv\/2019\/edgardo-jasso-nuevo-presidente-del-pan-en-la-capital-potosina\/#primaryimage","url":"https:\/\/canal7slp.tv\/2019\/wp-content\/uploads\/2019\/08\/pan-6.jpg","contentUrl":"https:\/\/canal7slp.tv\/2019\/wp-content\/uploads\/2019\/08\/pan-6.jpg","width":750,"height":500},{"@type":"BreadcrumbList","@id":"https:\/\/canal7slp.tv\/2019\/edgardo-jasso-nuevo-presidente-del-pan-en-la-capital-potosina\/#breadcrumb","itemListElement":[{"@type":"ListItem","position":1,"name":"Home","item":"https:\/\/canal7slp.tv\/2019\/"},{"@type":"ListItem","position":2,"name":"Edgardo Jasso nuevo presidente del PAN en la capital potosina"}]},{"@type":"WebSite","@id":"https:\/\/canal7slp.tv\/2019\/#website","url":"https:\/\/canal7slp.tv\/2019\/","name":"Canal 7 SLP - Somos TV","description":"Somos un Canal de 10","publisher":{"@id":"https:\/\/canal7slp.tv\/2019\/#organization"},"potentialAction":[{"@type":"SearchAction","target":{"@type":"EntryPoint","urlTemplate":"https:\/\/canal7slp.tv\/2019\/?s={search_term_string}"},"query-input":{"@type":"PropertyValueSpecification","valueRequired":true,"valueName":"search_term_string"}}],"inLanguage":"es"},{"@type":"Organization","@id":"https:\/\/canal7slp.tv\/2019\/#organization","name":"Comunicaci\u00f3n 2000 S.A. de C.V.","url":"https:\/\/canal7slp.tv\/2019\/","logo":{"@type":"ImageObject","inLanguage":"es","@id":"https:\/\/canal7slp.tv\/2019\/#\/schema\/logo\/image\/","url":"https:\/\/canal7slp.tv\/2019\/wp-content\/uploads\/2019\/07\/logo-c7.png","contentUrl":"https:\/\/canal7slp.tv\/2019\/wp-content\/uploads\/2019\/07\/logo-c7.png","width":220,"height":60,"caption":"Comunicaci\u00f3n 2000 S.A. de C.V."},"image":{"@id":"https:\/\/canal7slp.tv\/2019\/#\/schema\/logo\/image\/"},"sameAs":["https:\/\/www.facebook.com\/CANAL7SLP\/","https:\/\/x.com\/canal7_slp","https:\/\/www.instagram.com\/canal7_slp","https:\/\/www.youtube.com\/user\/NOTICIEROSCANAL7SLP\/"]},{"@type":"Person","@id":"https:\/\/canal7slp.tv\/2019\/#\/schema\/person\/11d941c1c6ca30ac0a46b95fa37aa2e3","name":"edicionweb","image":{"@type":"ImageObject","inLanguage":"es","@id":"https:\/\/secure.gravatar.com\/avatar\/eee448fc3f7164808013b816ba91ac7e43bbe82a70bebac296f8bc6f0addaa1a?s=96&d=mm&r=g","url":"https:\/\/secure.gravatar.com\/avatar\/eee448fc3f7164808013b816ba91ac7e43bbe82a70bebac296f8bc6f0addaa1a?s=96&d=mm&r=g","contentUrl":"https:\/\/secure.gravatar.com\/avatar\/eee448fc3f7164808013b816ba91ac7e43bbe82a70bebac296f8bc6f0addaa1a?s=96&d=mm&r=g","caption":"edicionweb"}}]}},"amp_enabled":true,"cmb2":{"video_ids_in_playlist":{"vid_p_videos":""},"video_ids_in_channel":{"vid_c_videos":""},"playlist_ids_in_channel":{"vid_c_playlists":""},"series_ids_in_channel":{"vid_c_series":""},"channel_images":{"vid_c_logo":"","vid_c_banner":""},"poster_feature_image":{"vid_m_poster_image":""},"gif_feature_image":{"vid_m_gif_image":""},"video_movie_settings":{"vid_m_director":"","vid_m_actor":"","vid_m_imdb_ratings":"","vid_m_amazon_associates":""},"vid_youtube_broadcasts_settings":{"vid_yb_broadcast_title":"","vid_yb_q":"","vid_yb_channelid":"","vid_yb_videocategoryid":"","vid_yb_maxresults":"","vid_yb_order":"","vid_yb_regioncode":"","vid_yb_videosyndicated":"","vid_yb_style":"","vid_yb_reload_first":""},"video_series_settings":{"vid_m_director":"","vid_m_actor":"","vid_m_imdb_ratings":"","video_series_group":""},"amazon_associates_settings":{"amazon_associates":"","amazon_native_ad":""},"vid_youtube_automatic_settings":{"vid_ya_youtube_source":"","vid_ya_update_every":"","vid_ya_update_unit":"","vid_ya_categories":"","vid_ya_published_after":"","vid_ya_published_before":"","vid_ya_playlists":"","vid_ya_channels":"","vid_ya_director":"","vid_ya_actor":"","vid_ya_author":"","vid_ya_import_post_date":"","vid_ya_status":"","vid_ya_sub_api_key":""},"vid_ads_m_videoads_settings_post":{"vid_ads_m_video_ads":"","vid_ads_m_video_ads_type":"","vid_ads_m_group_google_ima":"","vid_ads_m_group_image":"","vid_ads_m_group_html5_video":"","vid_ads_m_group_html":"","vid_ads_m_vast_preroll":"","vid_ads_m_vast_postroll":"","vid_ads_m_vast_pauseroll":"","vid_ads_m_vast_midroll":[{"vid_ads_m_vast_timer_seconds":"50"}],"vid_ads_m_time_to_show_ads":"","vid_ads_m_time_skip_ads":"","vid_ads_m_time_to_hide_ads":""},"page_slider_settings":{"display_slider_group":"","page_slider_group":""},"blog_page_settings":{"blog_page_title":"","blog_page_heading":"","blog_page_ic":"","blog_page_it":"","blog_page_ec":"","blog_page_ip":"","archive_loop_style":"","blog_image_ratio":"","blog_show_categories":"","blog_show_excerpt":"","blog_show_author":"","blog_show_date":"","blog_show_comment_count":"","blog_show_view_count":"","blog_show_like_count":"","blog_show_dislike_count":"","blog_items_per_page":"","blog_pag_type":""},"page_options":{"get_page_template":"","color_mode":"","main_layout":"","main_layout_full_with":"","main_logo":"","main_logo_retina":"","main_logo_mobile":"","main_logo_mobile_retina":"","sticky_logo":"","sticky_logo_retina":"","main_nav_layout":"","ajax_search":"","header_background":"","theme_sidebar":"","instagram_feed":"","instagram_feed_position":"","popular_videos":"","popular_videos_title_1":"","popular_videos_title_2":"","popular_videos_ic":"","popular_videos_it":"","theme_background":"","page_custom_css":""},"feature_image_settings":{"feature_image_position":""},"video_player_settings":{"single_video_style":"","video_player_position":"","vm_video_url":"","video_player_library":"","video_streaming":"","vm_media_sources":"","vid_auto_play":"","vm_video_shortcode":"","vid_p_sync_playlist":"","vid_c_sync_channel":"","get_post_format":"","multiple_links_structure":"default","multi_links_title":"","vm_video_multi_links":"","vm_duration":"","vid_social_locker":"off","vid_social_locker_id":"","vid_membership_action":"content-video","vm_video_trailer_url":"","vid_download_type":"free","vid_download_target":"download","vid_woo_product":"","vm_media_download":"","user_rating":"","user_rating_position":"","user_rating_mode":"","user_rating_multi_sets":""},"video_auto_fetch_settings":{"vm_video_fetch":"on"},"video_fake_views_likes":{"vm_fake_views":"","vm_fake_likes":"","vm_fake_dislikes":""},"gallery_settings":{"gallery_position":""},"quote_settings":{"quote_position":""},"post_options":{"main_layout":"","main_logo":"","main_logo_retina":"","main_logo_mobile":"","main_logo_mobile_retina":"","sticky_logo":"","sticky_logo_retina":"","main_nav_layout":"","header_background":"","theme_sidebar":"","single_post_comment_type":"","theme_background":""}},"_links":{"self":[{"href":"https:\/\/canal7slp.tv\/2019\/wp-json\/wp\/v2\/posts\/55107","targetHints":{"allow":["GET"]}}],"collection":[{"href":"https:\/\/canal7slp.tv\/2019\/wp-json\/wp\/v2\/posts"}],"about":[{"href":"https:\/\/canal7slp.tv\/2019\/wp-json\/wp\/v2\/types\/post"}],"author":[{"embeddable":true,"href":"https:\/\/canal7slp.tv\/2019\/wp-json\/wp\/v2\/users\/2"}],"replies":[{"embeddable":true,"href":"https:\/\/canal7slp.tv\/2019\/wp-json\/wp\/v2\/comments?post=55107"}],"version-history":[{"count":0,"href":"https:\/\/canal7slp.tv\/2019\/wp-json\/wp\/v2\/posts\/55107\/revisions"}],"wp:featuredmedia":[{"embeddable":true,"href":"https:\/\/canal7slp.tv\/2019\/wp-json\/wp\/v2\/media\/55109"}],"wp:attachment":[{"href":"https:\/\/canal7slp.tv\/2019\/wp-json\/wp\/v2\/media?parent=55107"}],"wp:term":[{"taxonomy":"category","embeddable":true,"href":"https:\/\/canal7slp.tv\/2019\/wp-json\/wp\/v2\/categories?post=55107"},{"taxonomy":"post_tag","embeddable":true,"href":"https:\/\/canal7slp.tv\/2019\/wp-json\/wp\/v2\/tags?post=55107"}],"curies":[{"name":"wp","href":"https:\/\/api.w.org\/{rel}","templated":true}]}}