{"id":55063,"date":"2019-08-25T09:54:23","date_gmt":"2019-08-25T14:54:23","guid":{"rendered":"https:\/\/canal7slp.tv\/2019\/?p=55063"},"modified":"2019-08-25T09:54:23","modified_gmt":"2019-08-25T14:54:23","slug":"union-europea-lanza-advertencias-contra-eua-rusia-y-brasil","status":"publish","type":"post","link":"https:\/\/canal7slp.tv\/2019\/union-europea-lanza-advertencias-contra-eua-rusia-y-brasil\/","title":{"rendered":"Uni\u00f3n Europea lanza advertencias contra EUA, Rusia y Brasil"},"content":{"rendered":"<p style=\"text-align: justify\">Par\u00eds.- El presidente del Consejo Europeo, Donald Tusk, comenz\u00f3 su participaci\u00f3n en la Cumbre del Grupo de los Siete (G7) pa\u00edses m\u00e1s industrializados con advertencias contra Estados Unidos, Rusia y Brasil.<\/p>\n<p style=\"text-align: justify\">Tusk, quien lleg\u00f3 este s\u00e1bado a Biarritz, en el suroeste de Francia, advirti\u00f3 en rueda de prensa que bajo ning\u00fan concepto se permitir\u00e1 que Rusia se reincorpore al G7, del que Mosc\u00fa form\u00f3 parte desde 2002 hasta 2014, a\u00f1o en el que fue expulsado por su anexi\u00f3n ilegal de la pen\u00ednsula ucraniana de Crimea.<\/p>\n<p style=\"text-align: justify\">&#8220;Bajo ning\u00fan concepto vamos a invitar de nuevo a Rusia al G7&#8221;, se\u00f1al\u00f3 Tusk, quien es el \u00fanico representante de las instituciones comunitarias de la Uni\u00f3n Europea (UE) en la Cumbre de Biarritz, que reunir\u00e1 a los dirigentes de Alemania, Canad\u00e1, Estados Unidos, Francia, Italia, Jap\u00f3n y Reino Unido.<\/p>\n<p style=\"text-align: justify\">Las declaraciones de Tusk se dieron luego que el presidente estadunidense Donald Trump, quien ha propuesto desde el a\u00f1o pasado el retorno de Mosc\u00fa al bloque, sugiri\u00f3 discutir el tema durante la cumbre al considerar que &#8220;es mucho m\u00e1s adecuado tener a Rusia dentro&#8221;.<\/p>\n<p style=\"text-align: justify\">Por otro lado, el presidente del Consejo Europeo asever\u00f3 que Estados Unidos se topar\u00e1 con una represalia de parte de la UE si decide imponer aranceles al vino franc\u00e9s, de acuerdo con la agencia de noticias Europa Press.<\/p>\n<p style=\"text-align: justify\">Tusk afirm\u00f3 que Trump no puede usar los aranceles por motivos pol\u00edticos, tras conocer que podr\u00eda imponer aranceles al vino franc\u00e9s si Par\u00eds hace efectiva su propuesta de gravar con un impuesto adicional (la &#8216;tasa GAFA&#8217; -Google, Apple, Facebook, Amazon-) a las gigantes tecnol\u00f3gicas que no tributan en el pa\u00eds donde hacen negocio.<\/p>\n<p style=\"text-align: justify\">&#8220;Proteger\u00e9 el vino franc\u00e9s con determinaci\u00f3n genuina por muchas razones. Si Estados Unidos impone aranceles a Francia, la UE responder\u00e1 del mismo modo&#8221;, sentenci\u00f3.<\/p>\n<p style=\"text-align: justify\">Record\u00f3 que las guerras comerciales solo llevan a la recesi\u00f3n, y que si \u00e9stas se libran entre miembros del G7 &#8220;solo conducir\u00e1n a erosionar la ya debilitada confianza entre nosotros&#8221;.<\/p>\n<p style=\"text-align: justify\">&#8220;Lo \u00faltimo que necesitamos es una confrontaci\u00f3n, especialmente con nuestro mejor aliado, Estados Unidos. (Pero) tenemos que estar listos para ese escenario, y lo estamos&#8221;, asever\u00f3.<\/p>\n<p style=\"text-align: justify\">Por otro lado, Tusk indic\u00f3 que no se &#8220;facilitar\u00e1&#8221; a Reino Unido su salida de la UE sin un acuerdo previo. Apunt\u00f3 que espera que el primer ministro brit\u00e1nico Boris Johnson no quiera pasar a la historia como &#8220;Don sin acuerdo&#8221;.<\/p>\n<p style=\"text-align: justify\">Reiter\u00f3, adem\u00e1s, que la Uni\u00f3n Europea respalda un acuerdo de libre comercio con el Mercado Com\u00fan del Sur (Mercosur) &#8220;pero es dif\u00edcil imaginar un proceso de ratificaci\u00f3n mientras el gobierno de Brasil permite la destrucci\u00f3n de la Amazonia&#8221;, en alusi\u00f3n a los incendios que han devastado esa regi\u00f3n.<\/p>\n<p style=\"text-align: justify\">Las declaraciones de Tusk siguieron a la acusaci\u00f3n que lanz\u00f3 la v\u00edspera el presidente franc\u00e9s Emmanuel Macron contra su colega brasile\u00f1o Jair Bolsonaro, al se\u00f1alar que &#8220;minti\u00f3&#8221; en sus compromisos medioambientales, por lo que se opondr\u00e1 a la firma del acuerdo Uni\u00f3n Europea-Mercosur. Tras manifestar que las im\u00e1genes de la selva amaz\u00f3nica en llamas &#8220;se han convertido en otro signo deprimente de nuestros tiempos&#8221;, afirm\u00f3 que la UE est\u00e1 dispuesta a ofrecer ayuda financiera a Brasil para luchar contra el fuego.<\/p>\n","protected":false},"excerpt":{"rendered":"<p>Par\u00eds.- El presidente del Consejo Europeo, Donald Tusk, comenz\u00f3 su participaci\u00f3n en la Cumbre del Grupo de los Siete (G7) pa\u00edses m\u00e1s industrializados con advertencias contra Estados Unidos, Rusia y Brasil. Tusk, quien lleg\u00f3 este s\u00e1bado a Biarritz, en el suroeste de Francia, advirti\u00f3 en rueda de prensa que bajo ning\u00fan concepto se permitir\u00e1 que [&hellip;]<\/p>\n","protected":false},"author":2,"featured_media":55064,"comment_status":"open","ping_status":"open","sticky":false,"template":"","format":"standard","meta":{"footnotes":""},"categories":[18],"tags":[],"class_list":["post-55063","post","type-post","status-publish","format-standard","has-post-thumbnail","hentry","category-internacional"],"yoast_head":"<!-- This site is optimized with the Yoast SEO plugin v27.5 - https:\/\/yoast.com\/product\/yoast-seo-wordpress\/ -->\n<title>Uni\u00f3n Europea lanza advertencias contra EUA, Rusia y Brasil - Canal 7 SLP - 2019<\/title>\n<meta name=\"robots\" content=\"index, follow, max-snippet:-1, max-image-preview:large, max-video-preview:-1\" \/>\n<link rel=\"canonical\" href=\"https:\/\/canal7slp.tv\/2019\/union-europea-lanza-advertencias-contra-eua-rusia-y-brasil\/\" \/>\n<meta property=\"og:locale\" content=\"es_ES\" \/>\n<meta property=\"og:type\" content=\"article\" \/>\n<meta property=\"og:title\" content=\"Uni\u00f3n Europea lanza advertencias contra EUA, Rusia y Brasil - Canal 7 SLP - 2019\" \/>\n<meta property=\"og:description\" content=\"Par\u00eds.- El presidente del Consejo Europeo, Donald Tusk, comenz\u00f3 su participaci\u00f3n en la Cumbre del Grupo de los Siete (G7) pa\u00edses m\u00e1s industrializados con advertencias contra Estados Unidos, Rusia y Brasil. Tusk, quien lleg\u00f3 este s\u00e1bado a Biarritz, en el suroeste de Francia, advirti\u00f3 en rueda de prensa que bajo ning\u00fan concepto se permitir\u00e1 que [&hellip;]\" \/>\n<meta property=\"og:url\" content=\"https:\/\/canal7slp.tv\/2019\/union-europea-lanza-advertencias-contra-eua-rusia-y-brasil\/\" \/>\n<meta property=\"og:site_name\" content=\"Canal 7 SLP - 2019\" \/>\n<meta property=\"article:publisher\" content=\"https:\/\/www.facebook.com\/CANAL7SLP\/\" \/>\n<meta property=\"article:published_time\" content=\"2019-08-25T14:54:23+00:00\" \/>\n<meta property=\"og:image\" content=\"https:\/\/canal7slp.tv\/2019\/wp-content\/uploads\/2019\/08\/1215-22.jpg\" \/>\n\t<meta property=\"og:image:width\" content=\"785\" \/>\n\t<meta property=\"og:image:height\" content=\"410\" \/>\n\t<meta property=\"og:image:type\" content=\"image\/jpeg\" \/>\n<meta name=\"author\" content=\"edicionweb\" \/>\n<meta name=\"twitter:card\" content=\"summary_large_image\" \/>\n<meta name=\"twitter:creator\" content=\"@canal7_slp\" \/>\n<meta name=\"twitter:site\" content=\"@canal7_slp\" \/>\n<meta name=\"twitter:label1\" content=\"Escrito por\" \/>\n\t<meta name=\"twitter:data1\" content=\"edicionweb\" \/>\n\t<meta name=\"twitter:label2\" content=\"Tiempo de lectura\" \/>\n\t<meta name=\"twitter:data2\" content=\"3 minutos\" \/>\n<script type=\"application\/ld+json\" class=\"yoast-schema-graph\">{\"@context\":\"https:\\\/\\\/schema.org\",\"@graph\":[{\"@type\":\"Article\",\"@id\":\"https:\\\/\\\/canal7slp.tv\\\/2019\\\/union-europea-lanza-advertencias-contra-eua-rusia-y-brasil\\\/#article\",\"isPartOf\":{\"@id\":\"https:\\\/\\\/canal7slp.tv\\\/2019\\\/union-europea-lanza-advertencias-contra-eua-rusia-y-brasil\\\/\"},\"author\":{\"name\":\"edicionweb\",\"@id\":\"https:\\\/\\\/canal7slp.tv\\\/2019\\\/#\\\/schema\\\/person\\\/11d941c1c6ca30ac0a46b95fa37aa2e3\"},\"headline\":\"Uni\u00f3n Europea lanza advertencias contra EUA, Rusia y Brasil\",\"datePublished\":\"2019-08-25T14:54:23+00:00\",\"mainEntityOfPage\":{\"@id\":\"https:\\\/\\\/canal7slp.tv\\\/2019\\\/union-europea-lanza-advertencias-contra-eua-rusia-y-brasil\\\/\"},\"wordCount\":572,\"commentCount\":0,\"publisher\":{\"@id\":\"https:\\\/\\\/canal7slp.tv\\\/2019\\\/#organization\"},\"image\":{\"@id\":\"https:\\\/\\\/canal7slp.tv\\\/2019\\\/union-europea-lanza-advertencias-contra-eua-rusia-y-brasil\\\/#primaryimage\"},\"thumbnailUrl\":\"https:\\\/\\\/canal7slp.tv\\\/2019\\\/wp-content\\\/uploads\\\/2019\\\/08\\\/1215-22.jpg\",\"articleSection\":[\"INTERNACIONAL\"],\"inLanguage\":\"es\",\"potentialAction\":[{\"@type\":\"CommentAction\",\"name\":\"Comment\",\"target\":[\"https:\\\/\\\/canal7slp.tv\\\/2019\\\/union-europea-lanza-advertencias-contra-eua-rusia-y-brasil\\\/#respond\"]}]},{\"@type\":\"WebPage\",\"@id\":\"https:\\\/\\\/canal7slp.tv\\\/2019\\\/union-europea-lanza-advertencias-contra-eua-rusia-y-brasil\\\/\",\"url\":\"https:\\\/\\\/canal7slp.tv\\\/2019\\\/union-europea-lanza-advertencias-contra-eua-rusia-y-brasil\\\/\",\"name\":\"Uni\u00f3n Europea lanza advertencias contra EUA, Rusia y Brasil - Canal 7 SLP - 2019\",\"isPartOf\":{\"@id\":\"https:\\\/\\\/canal7slp.tv\\\/2019\\\/#website\"},\"primaryImageOfPage\":{\"@id\":\"https:\\\/\\\/canal7slp.tv\\\/2019\\\/union-europea-lanza-advertencias-contra-eua-rusia-y-brasil\\\/#primaryimage\"},\"image\":{\"@id\":\"https:\\\/\\\/canal7slp.tv\\\/2019\\\/union-europea-lanza-advertencias-contra-eua-rusia-y-brasil\\\/#primaryimage\"},\"thumbnailUrl\":\"https:\\\/\\\/canal7slp.tv\\\/2019\\\/wp-content\\\/uploads\\\/2019\\\/08\\\/1215-22.jpg\",\"datePublished\":\"2019-08-25T14:54:23+00:00\",\"breadcrumb\":{\"@id\":\"https:\\\/\\\/canal7slp.tv\\\/2019\\\/union-europea-lanza-advertencias-contra-eua-rusia-y-brasil\\\/#breadcrumb\"},\"inLanguage\":\"es\",\"potentialAction\":[{\"@type\":\"ReadAction\",\"target\":[\"https:\\\/\\\/canal7slp.tv\\\/2019\\\/union-europea-lanza-advertencias-contra-eua-rusia-y-brasil\\\/\"]}]},{\"@type\":\"ImageObject\",\"inLanguage\":\"es\",\"@id\":\"https:\\\/\\\/canal7slp.tv\\\/2019\\\/union-europea-lanza-advertencias-contra-eua-rusia-y-brasil\\\/#primaryimage\",\"url\":\"https:\\\/\\\/canal7slp.tv\\\/2019\\\/wp-content\\\/uploads\\\/2019\\\/08\\\/1215-22.jpg\",\"contentUrl\":\"https:\\\/\\\/canal7slp.tv\\\/2019\\\/wp-content\\\/uploads\\\/2019\\\/08\\\/1215-22.jpg\",\"width\":785,\"height\":410},{\"@type\":\"BreadcrumbList\",\"@id\":\"https:\\\/\\\/canal7slp.tv\\\/2019\\\/union-europea-lanza-advertencias-contra-eua-rusia-y-brasil\\\/#breadcrumb\",\"itemListElement\":[{\"@type\":\"ListItem\",\"position\":1,\"name\":\"Home\",\"item\":\"https:\\\/\\\/canal7slp.tv\\\/2019\\\/\"},{\"@type\":\"ListItem\",\"position\":2,\"name\":\"Uni\u00f3n Europea lanza advertencias contra EUA, Rusia y Brasil\"}]},{\"@type\":\"WebSite\",\"@id\":\"https:\\\/\\\/canal7slp.tv\\\/2019\\\/#website\",\"url\":\"https:\\\/\\\/canal7slp.tv\\\/2019\\\/\",\"name\":\"Canal 7 SLP - Somos TV\",\"description\":\"Somos un Canal de 10\",\"publisher\":{\"@id\":\"https:\\\/\\\/canal7slp.tv\\\/2019\\\/#organization\"},\"potentialAction\":[{\"@type\":\"SearchAction\",\"target\":{\"@type\":\"EntryPoint\",\"urlTemplate\":\"https:\\\/\\\/canal7slp.tv\\\/2019\\\/?s={search_term_string}\"},\"query-input\":{\"@type\":\"PropertyValueSpecification\",\"valueRequired\":true,\"valueName\":\"search_term_string\"}}],\"inLanguage\":\"es\"},{\"@type\":\"Organization\",\"@id\":\"https:\\\/\\\/canal7slp.tv\\\/2019\\\/#organization\",\"name\":\"Comunicaci\u00f3n 2000 S.A. de C.V.\",\"url\":\"https:\\\/\\\/canal7slp.tv\\\/2019\\\/\",\"logo\":{\"@type\":\"ImageObject\",\"inLanguage\":\"es\",\"@id\":\"https:\\\/\\\/canal7slp.tv\\\/2019\\\/#\\\/schema\\\/logo\\\/image\\\/\",\"url\":\"https:\\\/\\\/canal7slp.tv\\\/2019\\\/wp-content\\\/uploads\\\/2019\\\/07\\\/logo-c7.png\",\"contentUrl\":\"https:\\\/\\\/canal7slp.tv\\\/2019\\\/wp-content\\\/uploads\\\/2019\\\/07\\\/logo-c7.png\",\"width\":220,\"height\":60,\"caption\":\"Comunicaci\u00f3n 2000 S.A. de C.V.\"},\"image\":{\"@id\":\"https:\\\/\\\/canal7slp.tv\\\/2019\\\/#\\\/schema\\\/logo\\\/image\\\/\"},\"sameAs\":[\"https:\\\/\\\/www.facebook.com\\\/CANAL7SLP\\\/\",\"https:\\\/\\\/x.com\\\/canal7_slp\",\"https:\\\/\\\/www.instagram.com\\\/canal7_slp\",\"https:\\\/\\\/www.youtube.com\\\/user\\\/NOTICIEROSCANAL7SLP\\\/\"]},{\"@type\":\"Person\",\"@id\":\"https:\\\/\\\/canal7slp.tv\\\/2019\\\/#\\\/schema\\\/person\\\/11d941c1c6ca30ac0a46b95fa37aa2e3\",\"name\":\"edicionweb\",\"image\":{\"@type\":\"ImageObject\",\"inLanguage\":\"es\",\"@id\":\"https:\\\/\\\/secure.gravatar.com\\\/avatar\\\/eee448fc3f7164808013b816ba91ac7e43bbe82a70bebac296f8bc6f0addaa1a?s=96&d=mm&r=g\",\"url\":\"https:\\\/\\\/secure.gravatar.com\\\/avatar\\\/eee448fc3f7164808013b816ba91ac7e43bbe82a70bebac296f8bc6f0addaa1a?s=96&d=mm&r=g\",\"contentUrl\":\"https:\\\/\\\/secure.gravatar.com\\\/avatar\\\/eee448fc3f7164808013b816ba91ac7e43bbe82a70bebac296f8bc6f0addaa1a?s=96&d=mm&r=g\",\"caption\":\"edicionweb\"}}]}<\/script>\n<!-- \/ Yoast SEO plugin. -->","yoast_head_json":{"title":"Uni\u00f3n Europea lanza advertencias contra EUA, Rusia y Brasil - Canal 7 SLP - 2019","robots":{"index":"index","follow":"follow","max-snippet":"max-snippet:-1","max-image-preview":"max-image-preview:large","max-video-preview":"max-video-preview:-1"},"canonical":"https:\/\/canal7slp.tv\/2019\/union-europea-lanza-advertencias-contra-eua-rusia-y-brasil\/","og_locale":"es_ES","og_type":"article","og_title":"Uni\u00f3n Europea lanza advertencias contra EUA, Rusia y Brasil - Canal 7 SLP - 2019","og_description":"Par\u00eds.- El presidente del Consejo Europeo, Donald Tusk, comenz\u00f3 su participaci\u00f3n en la Cumbre del Grupo de los Siete (G7) pa\u00edses m\u00e1s industrializados con advertencias contra Estados Unidos, Rusia y Brasil. Tusk, quien lleg\u00f3 este s\u00e1bado a Biarritz, en el suroeste de Francia, advirti\u00f3 en rueda de prensa que bajo ning\u00fan concepto se permitir\u00e1 que [&hellip;]","og_url":"https:\/\/canal7slp.tv\/2019\/union-europea-lanza-advertencias-contra-eua-rusia-y-brasil\/","og_site_name":"Canal 7 SLP - 2019","article_publisher":"https:\/\/www.facebook.com\/CANAL7SLP\/","article_published_time":"2019-08-25T14:54:23+00:00","og_image":[{"width":785,"height":410,"url":"https:\/\/canal7slp.tv\/2019\/wp-content\/uploads\/2019\/08\/1215-22.jpg","type":"image\/jpeg"}],"author":"edicionweb","twitter_card":"summary_large_image","twitter_creator":"@canal7_slp","twitter_site":"@canal7_slp","twitter_misc":{"Escrito por":"edicionweb","Tiempo de lectura":"3 minutos"},"schema":{"@context":"https:\/\/schema.org","@graph":[{"@type":"Article","@id":"https:\/\/canal7slp.tv\/2019\/union-europea-lanza-advertencias-contra-eua-rusia-y-brasil\/#article","isPartOf":{"@id":"https:\/\/canal7slp.tv\/2019\/union-europea-lanza-advertencias-contra-eua-rusia-y-brasil\/"},"author":{"name":"edicionweb","@id":"https:\/\/canal7slp.tv\/2019\/#\/schema\/person\/11d941c1c6ca30ac0a46b95fa37aa2e3"},"headline":"Uni\u00f3n Europea lanza advertencias contra EUA, Rusia y Brasil","datePublished":"2019-08-25T14:54:23+00:00","mainEntityOfPage":{"@id":"https:\/\/canal7slp.tv\/2019\/union-europea-lanza-advertencias-contra-eua-rusia-y-brasil\/"},"wordCount":572,"commentCount":0,"publisher":{"@id":"https:\/\/canal7slp.tv\/2019\/#organization"},"image":{"@id":"https:\/\/canal7slp.tv\/2019\/union-europea-lanza-advertencias-contra-eua-rusia-y-brasil\/#primaryimage"},"thumbnailUrl":"https:\/\/canal7slp.tv\/2019\/wp-content\/uploads\/2019\/08\/1215-22.jpg","articleSection":["INTERNACIONAL"],"inLanguage":"es","potentialAction":[{"@type":"CommentAction","name":"Comment","target":["https:\/\/canal7slp.tv\/2019\/union-europea-lanza-advertencias-contra-eua-rusia-y-brasil\/#respond"]}]},{"@type":"WebPage","@id":"https:\/\/canal7slp.tv\/2019\/union-europea-lanza-advertencias-contra-eua-rusia-y-brasil\/","url":"https:\/\/canal7slp.tv\/2019\/union-europea-lanza-advertencias-contra-eua-rusia-y-brasil\/","name":"Uni\u00f3n Europea lanza advertencias contra EUA, Rusia y Brasil - Canal 7 SLP - 2019","isPartOf":{"@id":"https:\/\/canal7slp.tv\/2019\/#website"},"primaryImageOfPage":{"@id":"https:\/\/canal7slp.tv\/2019\/union-europea-lanza-advertencias-contra-eua-rusia-y-brasil\/#primaryimage"},"image":{"@id":"https:\/\/canal7slp.tv\/2019\/union-europea-lanza-advertencias-contra-eua-rusia-y-brasil\/#primaryimage"},"thumbnailUrl":"https:\/\/canal7slp.tv\/2019\/wp-content\/uploads\/2019\/08\/1215-22.jpg","datePublished":"2019-08-25T14:54:23+00:00","breadcrumb":{"@id":"https:\/\/canal7slp.tv\/2019\/union-europea-lanza-advertencias-contra-eua-rusia-y-brasil\/#breadcrumb"},"inLanguage":"es","potentialAction":[{"@type":"ReadAction","target":["https:\/\/canal7slp.tv\/2019\/union-europea-lanza-advertencias-contra-eua-rusia-y-brasil\/"]}]},{"@type":"ImageObject","inLanguage":"es","@id":"https:\/\/canal7slp.tv\/2019\/union-europea-lanza-advertencias-contra-eua-rusia-y-brasil\/#primaryimage","url":"https:\/\/canal7slp.tv\/2019\/wp-content\/uploads\/2019\/08\/1215-22.jpg","contentUrl":"https:\/\/canal7slp.tv\/2019\/wp-content\/uploads\/2019\/08\/1215-22.jpg","width":785,"height":410},{"@type":"BreadcrumbList","@id":"https:\/\/canal7slp.tv\/2019\/union-europea-lanza-advertencias-contra-eua-rusia-y-brasil\/#breadcrumb","itemListElement":[{"@type":"ListItem","position":1,"name":"Home","item":"https:\/\/canal7slp.tv\/2019\/"},{"@type":"ListItem","position":2,"name":"Uni\u00f3n Europea lanza advertencias contra EUA, Rusia y Brasil"}]},{"@type":"WebSite","@id":"https:\/\/canal7slp.tv\/2019\/#website","url":"https:\/\/canal7slp.tv\/2019\/","name":"Canal 7 SLP - Somos TV","description":"Somos un Canal de 10","publisher":{"@id":"https:\/\/canal7slp.tv\/2019\/#organization"},"potentialAction":[{"@type":"SearchAction","target":{"@type":"EntryPoint","urlTemplate":"https:\/\/canal7slp.tv\/2019\/?s={search_term_string}"},"query-input":{"@type":"PropertyValueSpecification","valueRequired":true,"valueName":"search_term_string"}}],"inLanguage":"es"},{"@type":"Organization","@id":"https:\/\/canal7slp.tv\/2019\/#organization","name":"Comunicaci\u00f3n 2000 S.A. de C.V.","url":"https:\/\/canal7slp.tv\/2019\/","logo":{"@type":"ImageObject","inLanguage":"es","@id":"https:\/\/canal7slp.tv\/2019\/#\/schema\/logo\/image\/","url":"https:\/\/canal7slp.tv\/2019\/wp-content\/uploads\/2019\/07\/logo-c7.png","contentUrl":"https:\/\/canal7slp.tv\/2019\/wp-content\/uploads\/2019\/07\/logo-c7.png","width":220,"height":60,"caption":"Comunicaci\u00f3n 2000 S.A. de C.V."},"image":{"@id":"https:\/\/canal7slp.tv\/2019\/#\/schema\/logo\/image\/"},"sameAs":["https:\/\/www.facebook.com\/CANAL7SLP\/","https:\/\/x.com\/canal7_slp","https:\/\/www.instagram.com\/canal7_slp","https:\/\/www.youtube.com\/user\/NOTICIEROSCANAL7SLP\/"]},{"@type":"Person","@id":"https:\/\/canal7slp.tv\/2019\/#\/schema\/person\/11d941c1c6ca30ac0a46b95fa37aa2e3","name":"edicionweb","image":{"@type":"ImageObject","inLanguage":"es","@id":"https:\/\/secure.gravatar.com\/avatar\/eee448fc3f7164808013b816ba91ac7e43bbe82a70bebac296f8bc6f0addaa1a?s=96&d=mm&r=g","url":"https:\/\/secure.gravatar.com\/avatar\/eee448fc3f7164808013b816ba91ac7e43bbe82a70bebac296f8bc6f0addaa1a?s=96&d=mm&r=g","contentUrl":"https:\/\/secure.gravatar.com\/avatar\/eee448fc3f7164808013b816ba91ac7e43bbe82a70bebac296f8bc6f0addaa1a?s=96&d=mm&r=g","caption":"edicionweb"}}]}},"amp_enabled":true,"cmb2":{"video_ids_in_playlist":{"vid_p_videos":""},"video_ids_in_channel":{"vid_c_videos":""},"playlist_ids_in_channel":{"vid_c_playlists":""},"series_ids_in_channel":{"vid_c_series":""},"channel_images":{"vid_c_logo":"","vid_c_banner":""},"poster_feature_image":{"vid_m_poster_image":""},"gif_feature_image":{"vid_m_gif_image":""},"video_movie_settings":{"vid_m_director":"","vid_m_actor":"","vid_m_imdb_ratings":"","vid_m_amazon_associates":""},"vid_youtube_broadcasts_settings":{"vid_yb_broadcast_title":"","vid_yb_q":"","vid_yb_channelid":"","vid_yb_videocategoryid":"","vid_yb_maxresults":"","vid_yb_order":"","vid_yb_regioncode":"","vid_yb_videosyndicated":"","vid_yb_style":"","vid_yb_reload_first":""},"video_series_settings":{"vid_m_director":"","vid_m_actor":"","vid_m_imdb_ratings":"","video_series_group":""},"amazon_associates_settings":{"amazon_associates":"","amazon_native_ad":""},"vid_youtube_automatic_settings":{"vid_ya_youtube_source":"","vid_ya_update_every":"","vid_ya_update_unit":"","vid_ya_categories":"","vid_ya_published_after":"","vid_ya_published_before":"","vid_ya_playlists":"","vid_ya_channels":"","vid_ya_director":"","vid_ya_actor":"","vid_ya_author":"","vid_ya_import_post_date":"","vid_ya_status":"","vid_ya_sub_api_key":""},"vid_ads_m_videoads_settings_post":{"vid_ads_m_video_ads":"","vid_ads_m_video_ads_type":"","vid_ads_m_group_google_ima":"","vid_ads_m_group_image":"","vid_ads_m_group_html5_video":"","vid_ads_m_group_html":"","vid_ads_m_vast_preroll":"","vid_ads_m_vast_postroll":"","vid_ads_m_vast_pauseroll":"","vid_ads_m_vast_midroll":[{"vid_ads_m_vast_timer_seconds":"50"}],"vid_ads_m_time_to_show_ads":"","vid_ads_m_time_skip_ads":"","vid_ads_m_time_to_hide_ads":""},"page_slider_settings":{"display_slider_group":"","page_slider_group":""},"blog_page_settings":{"blog_page_title":"","blog_page_heading":"","blog_page_ic":"","blog_page_it":"","blog_page_ec":"","blog_page_ip":"","archive_loop_style":"","blog_image_ratio":"","blog_show_categories":"","blog_show_excerpt":"","blog_show_author":"","blog_show_date":"","blog_show_comment_count":"","blog_show_view_count":"","blog_show_like_count":"","blog_show_dislike_count":"","blog_items_per_page":"","blog_pag_type":""},"page_options":{"get_page_template":"","color_mode":"","main_layout":"","main_layout_full_with":"","main_logo":"","main_logo_retina":"","main_logo_mobile":"","main_logo_mobile_retina":"","sticky_logo":"","sticky_logo_retina":"","main_nav_layout":"","ajax_search":"","header_background":"","theme_sidebar":"","instagram_feed":"","instagram_feed_position":"","popular_videos":"","popular_videos_title_1":"","popular_videos_title_2":"","popular_videos_ic":"","popular_videos_it":"","theme_background":"","page_custom_css":""},"feature_image_settings":{"feature_image_position":""},"video_player_settings":{"single_video_style":"","video_player_position":"","vm_video_url":"","video_player_library":"","video_streaming":"","vm_media_sources":"","vid_auto_play":"","vm_video_shortcode":"","vid_p_sync_playlist":"","vid_c_sync_channel":"","get_post_format":"","multiple_links_structure":"default","multi_links_title":"","vm_video_multi_links":"","vm_duration":"","vid_social_locker":"off","vid_social_locker_id":"","vid_membership_action":"content-video","vm_video_trailer_url":"","vid_download_type":"free","vid_download_target":"download","vid_woo_product":"","vm_media_download":"","user_rating":"","user_rating_position":"","user_rating_mode":"","user_rating_multi_sets":""},"video_auto_fetch_settings":{"vm_video_fetch":"on"},"video_fake_views_likes":{"vm_fake_views":"","vm_fake_likes":"","vm_fake_dislikes":""},"gallery_settings":{"gallery_position":""},"quote_settings":{"quote_position":""},"post_options":{"main_layout":"","main_logo":"","main_logo_retina":"","main_logo_mobile":"","main_logo_mobile_retina":"","sticky_logo":"","sticky_logo_retina":"","main_nav_layout":"","header_background":"","theme_sidebar":"","single_post_comment_type":"","theme_background":""}},"_links":{"self":[{"href":"https:\/\/canal7slp.tv\/2019\/wp-json\/wp\/v2\/posts\/55063","targetHints":{"allow":["GET"]}}],"collection":[{"href":"https:\/\/canal7slp.tv\/2019\/wp-json\/wp\/v2\/posts"}],"about":[{"href":"https:\/\/canal7slp.tv\/2019\/wp-json\/wp\/v2\/types\/post"}],"author":[{"embeddable":true,"href":"https:\/\/canal7slp.tv\/2019\/wp-json\/wp\/v2\/users\/2"}],"replies":[{"embeddable":true,"href":"https:\/\/canal7slp.tv\/2019\/wp-json\/wp\/v2\/comments?post=55063"}],"version-history":[{"count":0,"href":"https:\/\/canal7slp.tv\/2019\/wp-json\/wp\/v2\/posts\/55063\/revisions"}],"wp:featuredmedia":[{"embeddable":true,"href":"https:\/\/canal7slp.tv\/2019\/wp-json\/wp\/v2\/media\/55064"}],"wp:attachment":[{"href":"https:\/\/canal7slp.tv\/2019\/wp-json\/wp\/v2\/media?parent=55063"}],"wp:term":[{"taxonomy":"category","embeddable":true,"href":"https:\/\/canal7slp.tv\/2019\/wp-json\/wp\/v2\/categories?post=55063"},{"taxonomy":"post_tag","embeddable":true,"href":"https:\/\/canal7slp.tv\/2019\/wp-json\/wp\/v2\/tags?post=55063"}],"curies":[{"name":"wp","href":"https:\/\/api.w.org\/{rel}","templated":true}]}}