{"id":54913,"date":"2019-08-24T11:09:34","date_gmt":"2019-08-24T16:09:34","guid":{"rendered":"https:\/\/canal7slp.tv\/2019\/?p=54913"},"modified":"2019-08-24T11:09:34","modified_gmt":"2019-08-24T16:09:34","slug":"maria-victoria-emociona-con-cuidadito-en-festival-mundial-del-bolero","status":"publish","type":"post","link":"https:\/\/canal7slp.tv\/2019\/maria-victoria-emociona-con-cuidadito-en-festival-mundial-del-bolero\/","title":{"rendered":"Mar\u00eda Victoria emociona con \u201cCuidadito\u201d en Festival Mundial del Bolero"},"content":{"rendered":"<p style=\"text-align: justify\">M\u00e9xico.- Tras ocho a\u00f1os de no subir a un escenario, Mar\u00eda Victoria lo hizo para entonar \u201cCuidadito\u201d, una de las canciones m\u00e1s emblem\u00e1ticas en sus m\u00e1s de siete d\u00e9cadas de trayectoria art\u00edstica que fueron reconocidas durante la cuarta edici\u00f3n del Festival Mundial del Bolero.<\/p>\n<p style=\"text-align: justify\">La cantante y actriz mexicana fue agasajada durante casi tres horas por m\u00e1s de 25 exponentes de la m\u00fasica que, en el Teatro de la Ciudad \u201cEsperanza Iris\u201d, interpretaron algunos de sus temas m\u00e1s afamados.<\/p>\n<p style=\"text-align: justify\">Al finalizar el homenaje que se le rindi\u00f3, Mar\u00eda Victoria subi\u00f3 al escenario para recibir dos reconocimientos por su carrera y acompa\u00f1ada por el elenco del cartel, tom\u00f3 el micr\u00f3fono y se anim\u00f3 a cantar, lo que fue ovacionado por el p\u00fablico que abarrot\u00f3 el legendario recinto del Centro Hist\u00f3rico de esta ciudad.<\/p>\n<p style=\"text-align: justify\">\u201cEstoy tan emocionada que no puedo ni hablar. Tengo ocho a\u00f1os de que no trabajo para nada y cuando me dijeron esto, quise convivir con mi p\u00fablico y con mis compa\u00f1eros, a quienes les agradezco mucho que hayan venido\u201d, expres\u00f3.<\/p>\n<p style=\"text-align: justify\">El primer concierto del IV Festival Mundial del Bolero inici\u00f3 con la proyecci\u00f3n de una semblanza de Mar\u00eda Victoria, en la que el cantautor y productor musical Rodrigo de la Cadena destac\u00f3, a trav\u00e9s de fotograf\u00edas y videos, que Agust\u00edn Lara la defini\u00f3 como \u201cLa voz que se vuelve carne y perfume al mismo tiempo\u201d.<\/p>\n<p style=\"text-align: justify\">Tambi\u00e9n conocida como \u201cLa estatua que canta\u201d, subray\u00f3 que la originaria de Guadalajara, Jalisco es la sensitiva int\u00e9rprete que encumbr\u00f3 la sensualidad del bolero y se consolid\u00f3 como imagen y s\u00edmbolo de la belleza mexicana femenina a trav\u00e9s de m\u00e1s de 60 pel\u00edculas.<\/p>\n<p style=\"text-align: justify\">\u201cPoco valorado es el estilo de canto de quien, sin ser poseedora de una gran t\u00e9cnica, s\u00ed ten\u00eda una gran afinaci\u00f3n y un colosal sentido de la cuadratura, pues dominaba el rubato jugando con la r\u00edtmica, logrando un hechizante efecto al interpolar su media voz y falsete\u201d, resalt\u00f3 De la Cadena.<\/p>\n<p style=\"text-align: justify\">Luego de escucharse el sonido caracter\u00edstico de campanas tubulares que durante muchos a\u00f1os emiti\u00f3 el vibr\u00e1fono para identificar a la XEW, La voz de la Am\u00e9rica Latina desde M\u00e9xico, inici\u00f3 el espect\u00e1culo musical ante m\u00e1s de mil 300 personas, en su mayor\u00eda, personas de la tercera edad.<\/p>\n<p style=\"text-align: justify\">Con Rodrigo de la Cadena, director general del Festival Mundial del Bolero al piano, y \u201cdesde el Estudio Azul y Plata de la XEW\u201d, la agrupaci\u00f3n Los Miranda abri\u00f3 con un popurr\u00ed de las canciones que populariz\u00f3 Mar\u00eda Victoria.<\/p>\n<p style=\"text-align: justify\">Como si se hubiera viajado en el tiempo, justo a los a\u00f1os 50, Los Miranda tambi\u00e9n deleitaron al presentar los temas que vest\u00edan a los anuncios de los patrocinadores de la \u00e9poca: Canad\u00e1 Dry, Sal de uvas Picot, Jab\u00f3n Fab, Chocolates Tur\u00edn, Refrescos Jarritos y la crema Colgate.<\/p>\n<p style=\"text-align: justify\">Acompa\u00f1ada por la Orquesta Mexicana del Bolero dirigida por Enrique R\u00edos, Sof\u00eda Villa continu\u00f3 la velada con el tema \u201cEsta noche la paso\u201d y despu\u00e9s Juda Elohim con \u201cMe gustas mucho\u201d.<\/p>\n<p style=\"text-align: justify\">Con un vestido plateado de lentejuela, la modelo Carmen Campuzano fascin\u00f3 con \u201cRespeta mi dolor\u201d, mientras que Astrid Hadad emocionaba con \u201cComo un perro\u201d, composici\u00f3n de Severo Mir\u00f3n en la que, de acuerdo con De la Cadena, no se sab\u00eda a ciencia cierta si aquellos \u201cpujiditos\u201d de Mar\u00eda Victoria eran de dolor o de placer.<\/p>\n<p style=\"text-align: justify\">Uno de los momentos que caus\u00f3 mayor furor ocurri\u00f3 cuando Madame Chiang interpret\u00f3 \u201cCuidadito\u201d, del dominicano Mario de Jes\u00fas, y emulando algunos de los gestos de Mar\u00eda Victoria, quien en su \u00e9poca de gloria lleg\u00f3 a colocar muchos temas en el cat\u00e1logo de la disquera RCA V\u00edctor.<\/p>\n<p style=\"text-align: justify\">Exclamaciones como \u201c\u00a1Date la vuelta, Mar\u00eda!\u201d, \u201c\u00a1Canta de espaldas!\u201d, \u201c\u00a1Mamasota!\u201d, \u201c\u00a1Ah\u00ed viene mi vieja!\u201d, \u201c\u00a1Mi sirena de la calle!\u201d no se hac\u00edan esperar cuando la diosa del cabaret aparec\u00eda para cantar, resaltaba el cantautor.<\/p>\n<p style=\"text-align: justify\">Lo hac\u00eda, mencion\u00f3, \u201cataviada por guantes de seda hasta los codos y el cl\u00e1sico vestido de corte de sirena, dise\u00f1ado por Lolita y perfeccionado por el modisto Julio Ch\u00e1vez, hasta hoy a\u00fan conocido como \u201cel estilo Mar\u00eda Victoria\u201d con la cintura entallada y amp\u00f3n con tul o plumas de las rodillas para abajo.<\/p>\n<p style=\"text-align: justify\">En el programa prosigui\u00f3 Flor Amargo, quien deleit\u00f3 con \u201cTodav\u00eda no me muero\u201d, mientras que Rodrigo de la Cadena opt\u00f3 por \u201cBesar\u201d. Sin embargo, interrumpi\u00f3 su interpretaci\u00f3n al sentir que no estaba a tono, por lo que mejor entreg\u00f3 \u201cTengo ganas de un beso\u201d, que originalmente cantar\u00eda Lyn May, pero no lleg\u00f3 al evento.<\/p>\n<p style=\"text-align: justify\">Para ese momento, Mar\u00eda Victoria ya estaba muy emocionada, por lo que el p\u00fablico aprovech\u00f3 para ponerse de pie y rendirle una larga ovaci\u00f3n. Entre ellos, tambi\u00e9n estaba la actriz Irma Dorantes, quien sobresali\u00f3 en la llamada \u00c9poca de Oro del cine mexicano al lado de Pedro Infante.<\/p>\n<p style=\"text-align: justify\">\u201cCada a\u00f1o, Mar\u00eda organiza una pozoliza en su casa y hoy nos est\u00e1 invitando la boleriza con todo y tostadas\u201d, dijo De la Cadena para luego recordar que hace dos a\u00f1os en el Teatro de la Ciudad, durante el segundo Festival Mundial del Bolero, se dio a conocer la noticia de la muerte de Juan Gabriel.<\/p>\n<p style=\"text-align: justify\">Con la homenajeada en el escenario, acompa\u00f1ada de su hijo Rub\u00e9n Zepeda y todos los artistas cantando \u201cCuidadito\u201d con ella, concluy\u00f3 el primer espect\u00e1culo del magno festival que este s\u00e1bado rendir\u00e1 tributo a Jorge Mu\u00f1iz y el domingo a La Aut\u00e9ntica Santanera.<\/p>\n","protected":false},"excerpt":{"rendered":"<p>M\u00e9xico.- Tras ocho a\u00f1os de no subir a un escenario, Mar\u00eda Victoria lo hizo para entonar \u201cCuidadito\u201d, una de las canciones m\u00e1s emblem\u00e1ticas en sus m\u00e1s de siete d\u00e9cadas de trayectoria art\u00edstica que fueron reconocidas durante la cuarta edici\u00f3n del Festival Mundial del Bolero. La cantante y actriz mexicana fue agasajada durante casi tres horas [&hellip;]<\/p>\n","protected":false},"author":2,"featured_media":54914,"comment_status":"open","ping_status":"open","sticky":false,"template":"","format":"standard","meta":{"footnotes":""},"categories":[24],"tags":[],"class_list":["post-54913","post","type-post","status-publish","format-standard","has-post-thumbnail","hentry","category-espectaculos"],"yoast_head":"<!-- This site is optimized with the Yoast SEO plugin v27.5 - https:\/\/yoast.com\/product\/yoast-seo-wordpress\/ -->\n<title>Mar\u00eda Victoria emociona con \u201cCuidadito\u201d en Festival Mundial del Bolero - Canal 7 SLP - 2019<\/title>\n<meta name=\"robots\" content=\"index, follow, max-snippet:-1, max-image-preview:large, max-video-preview:-1\" \/>\n<link rel=\"canonical\" href=\"https:\/\/canal7slp.tv\/2019\/maria-victoria-emociona-con-cuidadito-en-festival-mundial-del-bolero\/\" \/>\n<meta property=\"og:locale\" content=\"es_ES\" \/>\n<meta property=\"og:type\" content=\"article\" \/>\n<meta property=\"og:title\" content=\"Mar\u00eda Victoria emociona con \u201cCuidadito\u201d en Festival Mundial del Bolero - Canal 7 SLP - 2019\" \/>\n<meta property=\"og:description\" content=\"M\u00e9xico.- Tras ocho a\u00f1os de no subir a un escenario, Mar\u00eda Victoria lo hizo para entonar \u201cCuidadito\u201d, una de las canciones m\u00e1s emblem\u00e1ticas en sus m\u00e1s de siete d\u00e9cadas de trayectoria art\u00edstica que fueron reconocidas durante la cuarta edici\u00f3n del Festival Mundial del Bolero. La cantante y actriz mexicana fue agasajada durante casi tres horas [&hellip;]\" \/>\n<meta property=\"og:url\" content=\"https:\/\/canal7slp.tv\/2019\/maria-victoria-emociona-con-cuidadito-en-festival-mundial-del-bolero\/\" \/>\n<meta property=\"og:site_name\" content=\"Canal 7 SLP - 2019\" \/>\n<meta property=\"article:publisher\" content=\"https:\/\/www.facebook.com\/CANAL7SLP\/\" \/>\n<meta property=\"article:published_time\" content=\"2019-08-24T16:09:34+00:00\" \/>\n<meta property=\"og:image\" content=\"https:\/\/canal7slp.tv\/2019\/wp-content\/uploads\/2019\/08\/1115-20.jpg\" \/>\n\t<meta property=\"og:image:width\" content=\"732\" \/>\n\t<meta property=\"og:image:height\" content=\"410\" \/>\n\t<meta property=\"og:image:type\" content=\"image\/jpeg\" \/>\n<meta name=\"author\" content=\"edicionweb\" \/>\n<meta name=\"twitter:card\" content=\"summary_large_image\" \/>\n<meta name=\"twitter:creator\" content=\"@canal7_slp\" \/>\n<meta name=\"twitter:site\" content=\"@canal7_slp\" \/>\n<meta name=\"twitter:label1\" content=\"Escrito por\" \/>\n\t<meta name=\"twitter:data1\" content=\"edicionweb\" \/>\n\t<meta name=\"twitter:label2\" content=\"Tiempo de lectura\" \/>\n\t<meta name=\"twitter:data2\" content=\"5 minutos\" \/>\n<script type=\"application\/ld+json\" class=\"yoast-schema-graph\">{\"@context\":\"https:\\\/\\\/schema.org\",\"@graph\":[{\"@type\":\"Article\",\"@id\":\"https:\\\/\\\/canal7slp.tv\\\/2019\\\/maria-victoria-emociona-con-cuidadito-en-festival-mundial-del-bolero\\\/#article\",\"isPartOf\":{\"@id\":\"https:\\\/\\\/canal7slp.tv\\\/2019\\\/maria-victoria-emociona-con-cuidadito-en-festival-mundial-del-bolero\\\/\"},\"author\":{\"name\":\"edicionweb\",\"@id\":\"https:\\\/\\\/canal7slp.tv\\\/2019\\\/#\\\/schema\\\/person\\\/11d941c1c6ca30ac0a46b95fa37aa2e3\"},\"headline\":\"Mar\u00eda Victoria emociona con \u201cCuidadito\u201d en Festival Mundial del Bolero\",\"datePublished\":\"2019-08-24T16:09:34+00:00\",\"mainEntityOfPage\":{\"@id\":\"https:\\\/\\\/canal7slp.tv\\\/2019\\\/maria-victoria-emociona-con-cuidadito-en-festival-mundial-del-bolero\\\/\"},\"wordCount\":971,\"commentCount\":0,\"publisher\":{\"@id\":\"https:\\\/\\\/canal7slp.tv\\\/2019\\\/#organization\"},\"image\":{\"@id\":\"https:\\\/\\\/canal7slp.tv\\\/2019\\\/maria-victoria-emociona-con-cuidadito-en-festival-mundial-del-bolero\\\/#primaryimage\"},\"thumbnailUrl\":\"https:\\\/\\\/canal7slp.tv\\\/2019\\\/wp-content\\\/uploads\\\/2019\\\/08\\\/1115-20.jpg\",\"articleSection\":[\"ESPECTACULOS\"],\"inLanguage\":\"es\",\"potentialAction\":[{\"@type\":\"CommentAction\",\"name\":\"Comment\",\"target\":[\"https:\\\/\\\/canal7slp.tv\\\/2019\\\/maria-victoria-emociona-con-cuidadito-en-festival-mundial-del-bolero\\\/#respond\"]}]},{\"@type\":\"WebPage\",\"@id\":\"https:\\\/\\\/canal7slp.tv\\\/2019\\\/maria-victoria-emociona-con-cuidadito-en-festival-mundial-del-bolero\\\/\",\"url\":\"https:\\\/\\\/canal7slp.tv\\\/2019\\\/maria-victoria-emociona-con-cuidadito-en-festival-mundial-del-bolero\\\/\",\"name\":\"Mar\u00eda Victoria emociona con \u201cCuidadito\u201d en Festival Mundial del Bolero - Canal 7 SLP - 2019\",\"isPartOf\":{\"@id\":\"https:\\\/\\\/canal7slp.tv\\\/2019\\\/#website\"},\"primaryImageOfPage\":{\"@id\":\"https:\\\/\\\/canal7slp.tv\\\/2019\\\/maria-victoria-emociona-con-cuidadito-en-festival-mundial-del-bolero\\\/#primaryimage\"},\"image\":{\"@id\":\"https:\\\/\\\/canal7slp.tv\\\/2019\\\/maria-victoria-emociona-con-cuidadito-en-festival-mundial-del-bolero\\\/#primaryimage\"},\"thumbnailUrl\":\"https:\\\/\\\/canal7slp.tv\\\/2019\\\/wp-content\\\/uploads\\\/2019\\\/08\\\/1115-20.jpg\",\"datePublished\":\"2019-08-24T16:09:34+00:00\",\"breadcrumb\":{\"@id\":\"https:\\\/\\\/canal7slp.tv\\\/2019\\\/maria-victoria-emociona-con-cuidadito-en-festival-mundial-del-bolero\\\/#breadcrumb\"},\"inLanguage\":\"es\",\"potentialAction\":[{\"@type\":\"ReadAction\",\"target\":[\"https:\\\/\\\/canal7slp.tv\\\/2019\\\/maria-victoria-emociona-con-cuidadito-en-festival-mundial-del-bolero\\\/\"]}]},{\"@type\":\"ImageObject\",\"inLanguage\":\"es\",\"@id\":\"https:\\\/\\\/canal7slp.tv\\\/2019\\\/maria-victoria-emociona-con-cuidadito-en-festival-mundial-del-bolero\\\/#primaryimage\",\"url\":\"https:\\\/\\\/canal7slp.tv\\\/2019\\\/wp-content\\\/uploads\\\/2019\\\/08\\\/1115-20.jpg\",\"contentUrl\":\"https:\\\/\\\/canal7slp.tv\\\/2019\\\/wp-content\\\/uploads\\\/2019\\\/08\\\/1115-20.jpg\",\"width\":732,\"height\":410},{\"@type\":\"BreadcrumbList\",\"@id\":\"https:\\\/\\\/canal7slp.tv\\\/2019\\\/maria-victoria-emociona-con-cuidadito-en-festival-mundial-del-bolero\\\/#breadcrumb\",\"itemListElement\":[{\"@type\":\"ListItem\",\"position\":1,\"name\":\"Home\",\"item\":\"https:\\\/\\\/canal7slp.tv\\\/2019\\\/\"},{\"@type\":\"ListItem\",\"position\":2,\"name\":\"Mar\u00eda Victoria emociona con \u201cCuidadito\u201d en Festival Mundial del Bolero\"}]},{\"@type\":\"WebSite\",\"@id\":\"https:\\\/\\\/canal7slp.tv\\\/2019\\\/#website\",\"url\":\"https:\\\/\\\/canal7slp.tv\\\/2019\\\/\",\"name\":\"Canal 7 SLP - Somos TV\",\"description\":\"Somos un Canal de 10\",\"publisher\":{\"@id\":\"https:\\\/\\\/canal7slp.tv\\\/2019\\\/#organization\"},\"potentialAction\":[{\"@type\":\"SearchAction\",\"target\":{\"@type\":\"EntryPoint\",\"urlTemplate\":\"https:\\\/\\\/canal7slp.tv\\\/2019\\\/?s={search_term_string}\"},\"query-input\":{\"@type\":\"PropertyValueSpecification\",\"valueRequired\":true,\"valueName\":\"search_term_string\"}}],\"inLanguage\":\"es\"},{\"@type\":\"Organization\",\"@id\":\"https:\\\/\\\/canal7slp.tv\\\/2019\\\/#organization\",\"name\":\"Comunicaci\u00f3n 2000 S.A. de C.V.\",\"url\":\"https:\\\/\\\/canal7slp.tv\\\/2019\\\/\",\"logo\":{\"@type\":\"ImageObject\",\"inLanguage\":\"es\",\"@id\":\"https:\\\/\\\/canal7slp.tv\\\/2019\\\/#\\\/schema\\\/logo\\\/image\\\/\",\"url\":\"https:\\\/\\\/canal7slp.tv\\\/2019\\\/wp-content\\\/uploads\\\/2019\\\/07\\\/logo-c7.png\",\"contentUrl\":\"https:\\\/\\\/canal7slp.tv\\\/2019\\\/wp-content\\\/uploads\\\/2019\\\/07\\\/logo-c7.png\",\"width\":220,\"height\":60,\"caption\":\"Comunicaci\u00f3n 2000 S.A. de C.V.\"},\"image\":{\"@id\":\"https:\\\/\\\/canal7slp.tv\\\/2019\\\/#\\\/schema\\\/logo\\\/image\\\/\"},\"sameAs\":[\"https:\\\/\\\/www.facebook.com\\\/CANAL7SLP\\\/\",\"https:\\\/\\\/x.com\\\/canal7_slp\",\"https:\\\/\\\/www.instagram.com\\\/canal7_slp\",\"https:\\\/\\\/www.youtube.com\\\/user\\\/NOTICIEROSCANAL7SLP\\\/\"]},{\"@type\":\"Person\",\"@id\":\"https:\\\/\\\/canal7slp.tv\\\/2019\\\/#\\\/schema\\\/person\\\/11d941c1c6ca30ac0a46b95fa37aa2e3\",\"name\":\"edicionweb\",\"image\":{\"@type\":\"ImageObject\",\"inLanguage\":\"es\",\"@id\":\"https:\\\/\\\/secure.gravatar.com\\\/avatar\\\/eee448fc3f7164808013b816ba91ac7e43bbe82a70bebac296f8bc6f0addaa1a?s=96&d=mm&r=g\",\"url\":\"https:\\\/\\\/secure.gravatar.com\\\/avatar\\\/eee448fc3f7164808013b816ba91ac7e43bbe82a70bebac296f8bc6f0addaa1a?s=96&d=mm&r=g\",\"contentUrl\":\"https:\\\/\\\/secure.gravatar.com\\\/avatar\\\/eee448fc3f7164808013b816ba91ac7e43bbe82a70bebac296f8bc6f0addaa1a?s=96&d=mm&r=g\",\"caption\":\"edicionweb\"}}]}<\/script>\n<!-- \/ Yoast SEO plugin. -->","yoast_head_json":{"title":"Mar\u00eda Victoria emociona con \u201cCuidadito\u201d en Festival Mundial del Bolero - Canal 7 SLP - 2019","robots":{"index":"index","follow":"follow","max-snippet":"max-snippet:-1","max-image-preview":"max-image-preview:large","max-video-preview":"max-video-preview:-1"},"canonical":"https:\/\/canal7slp.tv\/2019\/maria-victoria-emociona-con-cuidadito-en-festival-mundial-del-bolero\/","og_locale":"es_ES","og_type":"article","og_title":"Mar\u00eda Victoria emociona con \u201cCuidadito\u201d en Festival Mundial del Bolero - Canal 7 SLP - 2019","og_description":"M\u00e9xico.- Tras ocho a\u00f1os de no subir a un escenario, Mar\u00eda Victoria lo hizo para entonar \u201cCuidadito\u201d, una de las canciones m\u00e1s emblem\u00e1ticas en sus m\u00e1s de siete d\u00e9cadas de trayectoria art\u00edstica que fueron reconocidas durante la cuarta edici\u00f3n del Festival Mundial del Bolero. La cantante y actriz mexicana fue agasajada durante casi tres horas [&hellip;]","og_url":"https:\/\/canal7slp.tv\/2019\/maria-victoria-emociona-con-cuidadito-en-festival-mundial-del-bolero\/","og_site_name":"Canal 7 SLP - 2019","article_publisher":"https:\/\/www.facebook.com\/CANAL7SLP\/","article_published_time":"2019-08-24T16:09:34+00:00","og_image":[{"width":732,"height":410,"url":"https:\/\/canal7slp.tv\/2019\/wp-content\/uploads\/2019\/08\/1115-20.jpg","type":"image\/jpeg"}],"author":"edicionweb","twitter_card":"summary_large_image","twitter_creator":"@canal7_slp","twitter_site":"@canal7_slp","twitter_misc":{"Escrito por":"edicionweb","Tiempo de lectura":"5 minutos"},"schema":{"@context":"https:\/\/schema.org","@graph":[{"@type":"Article","@id":"https:\/\/canal7slp.tv\/2019\/maria-victoria-emociona-con-cuidadito-en-festival-mundial-del-bolero\/#article","isPartOf":{"@id":"https:\/\/canal7slp.tv\/2019\/maria-victoria-emociona-con-cuidadito-en-festival-mundial-del-bolero\/"},"author":{"name":"edicionweb","@id":"https:\/\/canal7slp.tv\/2019\/#\/schema\/person\/11d941c1c6ca30ac0a46b95fa37aa2e3"},"headline":"Mar\u00eda Victoria emociona con \u201cCuidadito\u201d en Festival Mundial del Bolero","datePublished":"2019-08-24T16:09:34+00:00","mainEntityOfPage":{"@id":"https:\/\/canal7slp.tv\/2019\/maria-victoria-emociona-con-cuidadito-en-festival-mundial-del-bolero\/"},"wordCount":971,"commentCount":0,"publisher":{"@id":"https:\/\/canal7slp.tv\/2019\/#organization"},"image":{"@id":"https:\/\/canal7slp.tv\/2019\/maria-victoria-emociona-con-cuidadito-en-festival-mundial-del-bolero\/#primaryimage"},"thumbnailUrl":"https:\/\/canal7slp.tv\/2019\/wp-content\/uploads\/2019\/08\/1115-20.jpg","articleSection":["ESPECTACULOS"],"inLanguage":"es","potentialAction":[{"@type":"CommentAction","name":"Comment","target":["https:\/\/canal7slp.tv\/2019\/maria-victoria-emociona-con-cuidadito-en-festival-mundial-del-bolero\/#respond"]}]},{"@type":"WebPage","@id":"https:\/\/canal7slp.tv\/2019\/maria-victoria-emociona-con-cuidadito-en-festival-mundial-del-bolero\/","url":"https:\/\/canal7slp.tv\/2019\/maria-victoria-emociona-con-cuidadito-en-festival-mundial-del-bolero\/","name":"Mar\u00eda Victoria emociona con \u201cCuidadito\u201d en Festival Mundial del Bolero - Canal 7 SLP - 2019","isPartOf":{"@id":"https:\/\/canal7slp.tv\/2019\/#website"},"primaryImageOfPage":{"@id":"https:\/\/canal7slp.tv\/2019\/maria-victoria-emociona-con-cuidadito-en-festival-mundial-del-bolero\/#primaryimage"},"image":{"@id":"https:\/\/canal7slp.tv\/2019\/maria-victoria-emociona-con-cuidadito-en-festival-mundial-del-bolero\/#primaryimage"},"thumbnailUrl":"https:\/\/canal7slp.tv\/2019\/wp-content\/uploads\/2019\/08\/1115-20.jpg","datePublished":"2019-08-24T16:09:34+00:00","breadcrumb":{"@id":"https:\/\/canal7slp.tv\/2019\/maria-victoria-emociona-con-cuidadito-en-festival-mundial-del-bolero\/#breadcrumb"},"inLanguage":"es","potentialAction":[{"@type":"ReadAction","target":["https:\/\/canal7slp.tv\/2019\/maria-victoria-emociona-con-cuidadito-en-festival-mundial-del-bolero\/"]}]},{"@type":"ImageObject","inLanguage":"es","@id":"https:\/\/canal7slp.tv\/2019\/maria-victoria-emociona-con-cuidadito-en-festival-mundial-del-bolero\/#primaryimage","url":"https:\/\/canal7slp.tv\/2019\/wp-content\/uploads\/2019\/08\/1115-20.jpg","contentUrl":"https:\/\/canal7slp.tv\/2019\/wp-content\/uploads\/2019\/08\/1115-20.jpg","width":732,"height":410},{"@type":"BreadcrumbList","@id":"https:\/\/canal7slp.tv\/2019\/maria-victoria-emociona-con-cuidadito-en-festival-mundial-del-bolero\/#breadcrumb","itemListElement":[{"@type":"ListItem","position":1,"name":"Home","item":"https:\/\/canal7slp.tv\/2019\/"},{"@type":"ListItem","position":2,"name":"Mar\u00eda Victoria emociona con \u201cCuidadito\u201d en Festival Mundial del Bolero"}]},{"@type":"WebSite","@id":"https:\/\/canal7slp.tv\/2019\/#website","url":"https:\/\/canal7slp.tv\/2019\/","name":"Canal 7 SLP - Somos TV","description":"Somos un Canal de 10","publisher":{"@id":"https:\/\/canal7slp.tv\/2019\/#organization"},"potentialAction":[{"@type":"SearchAction","target":{"@type":"EntryPoint","urlTemplate":"https:\/\/canal7slp.tv\/2019\/?s={search_term_string}"},"query-input":{"@type":"PropertyValueSpecification","valueRequired":true,"valueName":"search_term_string"}}],"inLanguage":"es"},{"@type":"Organization","@id":"https:\/\/canal7slp.tv\/2019\/#organization","name":"Comunicaci\u00f3n 2000 S.A. de C.V.","url":"https:\/\/canal7slp.tv\/2019\/","logo":{"@type":"ImageObject","inLanguage":"es","@id":"https:\/\/canal7slp.tv\/2019\/#\/schema\/logo\/image\/","url":"https:\/\/canal7slp.tv\/2019\/wp-content\/uploads\/2019\/07\/logo-c7.png","contentUrl":"https:\/\/canal7slp.tv\/2019\/wp-content\/uploads\/2019\/07\/logo-c7.png","width":220,"height":60,"caption":"Comunicaci\u00f3n 2000 S.A. de C.V."},"image":{"@id":"https:\/\/canal7slp.tv\/2019\/#\/schema\/logo\/image\/"},"sameAs":["https:\/\/www.facebook.com\/CANAL7SLP\/","https:\/\/x.com\/canal7_slp","https:\/\/www.instagram.com\/canal7_slp","https:\/\/www.youtube.com\/user\/NOTICIEROSCANAL7SLP\/"]},{"@type":"Person","@id":"https:\/\/canal7slp.tv\/2019\/#\/schema\/person\/11d941c1c6ca30ac0a46b95fa37aa2e3","name":"edicionweb","image":{"@type":"ImageObject","inLanguage":"es","@id":"https:\/\/secure.gravatar.com\/avatar\/eee448fc3f7164808013b816ba91ac7e43bbe82a70bebac296f8bc6f0addaa1a?s=96&d=mm&r=g","url":"https:\/\/secure.gravatar.com\/avatar\/eee448fc3f7164808013b816ba91ac7e43bbe82a70bebac296f8bc6f0addaa1a?s=96&d=mm&r=g","contentUrl":"https:\/\/secure.gravatar.com\/avatar\/eee448fc3f7164808013b816ba91ac7e43bbe82a70bebac296f8bc6f0addaa1a?s=96&d=mm&r=g","caption":"edicionweb"}}]}},"amp_enabled":true,"cmb2":{"video_ids_in_playlist":{"vid_p_videos":""},"video_ids_in_channel":{"vid_c_videos":""},"playlist_ids_in_channel":{"vid_c_playlists":""},"series_ids_in_channel":{"vid_c_series":""},"channel_images":{"vid_c_logo":"","vid_c_banner":""},"poster_feature_image":{"vid_m_poster_image":""},"gif_feature_image":{"vid_m_gif_image":""},"video_movie_settings":{"vid_m_director":"","vid_m_actor":"","vid_m_imdb_ratings":"","vid_m_amazon_associates":""},"vid_youtube_broadcasts_settings":{"vid_yb_broadcast_title":"","vid_yb_q":"","vid_yb_channelid":"","vid_yb_videocategoryid":"","vid_yb_maxresults":"","vid_yb_order":"","vid_yb_regioncode":"","vid_yb_videosyndicated":"","vid_yb_style":"","vid_yb_reload_first":""},"video_series_settings":{"vid_m_director":"","vid_m_actor":"","vid_m_imdb_ratings":"","video_series_group":""},"amazon_associates_settings":{"amazon_associates":"","amazon_native_ad":""},"vid_youtube_automatic_settings":{"vid_ya_youtube_source":"","vid_ya_update_every":"","vid_ya_update_unit":"","vid_ya_categories":"","vid_ya_published_after":"","vid_ya_published_before":"","vid_ya_playlists":"","vid_ya_channels":"","vid_ya_director":"","vid_ya_actor":"","vid_ya_author":"","vid_ya_import_post_date":"","vid_ya_status":"","vid_ya_sub_api_key":""},"vid_ads_m_videoads_settings_post":{"vid_ads_m_video_ads":"","vid_ads_m_video_ads_type":"","vid_ads_m_group_google_ima":"","vid_ads_m_group_image":"","vid_ads_m_group_html5_video":"","vid_ads_m_group_html":"","vid_ads_m_vast_preroll":"","vid_ads_m_vast_postroll":"","vid_ads_m_vast_pauseroll":"","vid_ads_m_vast_midroll":[{"vid_ads_m_vast_timer_seconds":"50"}],"vid_ads_m_time_to_show_ads":"","vid_ads_m_time_skip_ads":"","vid_ads_m_time_to_hide_ads":""},"page_slider_settings":{"display_slider_group":"","page_slider_group":""},"blog_page_settings":{"blog_page_title":"","blog_page_heading":"","blog_page_ic":"","blog_page_it":"","blog_page_ec":"","blog_page_ip":"","archive_loop_style":"","blog_image_ratio":"","blog_show_categories":"","blog_show_excerpt":"","blog_show_author":"","blog_show_date":"","blog_show_comment_count":"","blog_show_view_count":"","blog_show_like_count":"","blog_show_dislike_count":"","blog_items_per_page":"","blog_pag_type":""},"page_options":{"get_page_template":"","color_mode":"","main_layout":"","main_layout_full_with":"","main_logo":"","main_logo_retina":"","main_logo_mobile":"","main_logo_mobile_retina":"","sticky_logo":"","sticky_logo_retina":"","main_nav_layout":"","ajax_search":"","header_background":"","theme_sidebar":"","instagram_feed":"","instagram_feed_position":"","popular_videos":"","popular_videos_title_1":"","popular_videos_title_2":"","popular_videos_ic":"","popular_videos_it":"","theme_background":"","page_custom_css":""},"feature_image_settings":{"feature_image_position":""},"video_player_settings":{"single_video_style":"","video_player_position":"","vm_video_url":"","video_player_library":"","video_streaming":"","vm_media_sources":"","vid_auto_play":"","vm_video_shortcode":"","vid_p_sync_playlist":"","vid_c_sync_channel":"","get_post_format":"","multiple_links_structure":"default","multi_links_title":"","vm_video_multi_links":"","vm_duration":"","vid_social_locker":"off","vid_social_locker_id":"","vid_membership_action":"content-video","vm_video_trailer_url":"","vid_download_type":"free","vid_download_target":"download","vid_woo_product":"","vm_media_download":"","user_rating":"","user_rating_position":"","user_rating_mode":"","user_rating_multi_sets":""},"video_auto_fetch_settings":{"vm_video_fetch":"on"},"video_fake_views_likes":{"vm_fake_views":"","vm_fake_likes":"","vm_fake_dislikes":""},"gallery_settings":{"gallery_position":""},"quote_settings":{"quote_position":""},"post_options":{"main_layout":"","main_logo":"","main_logo_retina":"","main_logo_mobile":"","main_logo_mobile_retina":"","sticky_logo":"","sticky_logo_retina":"","main_nav_layout":"","header_background":"","theme_sidebar":"","single_post_comment_type":"","theme_background":""}},"_links":{"self":[{"href":"https:\/\/canal7slp.tv\/2019\/wp-json\/wp\/v2\/posts\/54913","targetHints":{"allow":["GET"]}}],"collection":[{"href":"https:\/\/canal7slp.tv\/2019\/wp-json\/wp\/v2\/posts"}],"about":[{"href":"https:\/\/canal7slp.tv\/2019\/wp-json\/wp\/v2\/types\/post"}],"author":[{"embeddable":true,"href":"https:\/\/canal7slp.tv\/2019\/wp-json\/wp\/v2\/users\/2"}],"replies":[{"embeddable":true,"href":"https:\/\/canal7slp.tv\/2019\/wp-json\/wp\/v2\/comments?post=54913"}],"version-history":[{"count":0,"href":"https:\/\/canal7slp.tv\/2019\/wp-json\/wp\/v2\/posts\/54913\/revisions"}],"wp:featuredmedia":[{"embeddable":true,"href":"https:\/\/canal7slp.tv\/2019\/wp-json\/wp\/v2\/media\/54914"}],"wp:attachment":[{"href":"https:\/\/canal7slp.tv\/2019\/wp-json\/wp\/v2\/media?parent=54913"}],"wp:term":[{"taxonomy":"category","embeddable":true,"href":"https:\/\/canal7slp.tv\/2019\/wp-json\/wp\/v2\/categories?post=54913"},{"taxonomy":"post_tag","embeddable":true,"href":"https:\/\/canal7slp.tv\/2019\/wp-json\/wp\/v2\/tags?post=54913"}],"curies":[{"name":"wp","href":"https:\/\/api.w.org\/{rel}","templated":true}]}}