{"id":54146,"date":"2019-08-23T11:50:13","date_gmt":"2019-08-23T16:50:13","guid":{"rendered":"https:\/\/canal7slp.tv\/2019\/?p=54146"},"modified":"2019-08-23T11:50:13","modified_gmt":"2019-08-23T16:50:13","slug":"el-ocean-viking-desembarcara-en-malta","status":"publish","type":"post","link":"https:\/\/canal7slp.tv\/2019\/el-ocean-viking-desembarcara-en-malta\/","title":{"rendered":"El &#8216;Ocean Viking&#8217; desembarcar\u00e1 en Malta"},"content":{"rendered":"<p style=\"text-align: justify\">Malta.- Las ONG que operan el barco &#8216;Ocean Viking&#8217;, M\u00e9dicos sin Fronteras y SOS M\u00e9diterran\u00e9, est\u00e1n m\u00e1s tranquilas por los 356 migrantes a los que rescataron frente a las costas libias una vez que se haya anunciado su desembarco en Malta y su posterior reparto por seis pa\u00edses europeos. &#8220;Estamos aliviados por esas 356 personas&#8221;, destac\u00f3 Fr\u00e9d\u00e9ric P\u00e9nard, portavoz de SOS M\u00e9diterran\u00e9e, que agradeci\u00f3 a Malta, a la Comisi\u00f3n Europea y a esos seis pa\u00edses (Francia, Alemania, Irlanda, Luxemburgo, Portugal y Ruman\u00eda) su implicaci\u00f3n para la soluci\u00f3n alcanzada.<\/p>\n<p style=\"text-align: justify\">P\u00e9nard hizo notar que la situaci\u00f3n a bordo &#8220;es muy precaria&#8221; porque algunos de los migrantes fueron rescatados hace ya 14 d\u00edas, y dos de ellos est\u00e1n siendo tratados por enfermedades cr\u00f3nicas. Por eso, pidi\u00f3 que los estados europeos pongan en marcha un dispositivo que tenga car\u00e1cter preventivo y permanente para que no se vuelva a repetir el tiempo de espera que se ha vivido con el &#8216;Ocean Viking&#8217; y con el barco &#8216;Open Arms&#8217;.<\/p>\n<p style=\"text-align: justify\">El portavoz dijo que el barco todav\u00eda no ha recibido instrucciones de las autoridades maltesas, y que se encuentra a unas 50 millas n\u00e1uticas de Malta. Seg\u00fan el primer ministro de ese pa\u00eds, Joseph Muscat, ser\u00e1n nav\u00edos de su Armada los que ir\u00e1n a buscar a los migrantes hasta aguas internacionales y los que los llevar\u00e1n a tierra firme.<\/p>\n<p style=\"text-align: justify\">Una vez se haya producido esa operaci\u00f3n, el barco humanitario tendr\u00e1 que dirigirse a un puerto todav\u00eda por determinar para aprovisionarse en carburante y v\u00edveres, as\u00ed como para cambiar una parte de la tripulaci\u00f3n, que se compone de 33 personas. El portavoz de SOS M\u00e9diterran\u00e9e indic\u00f3 que &#8220;muy r\u00e1pidamente&#8221; volver\u00e1 a sus labores de rescate en el Mediterr\u00e1neo central, que considera una zona desatendida por los barcos oficiales y donde sigue muriendo gente que se lanza al mar.<\/p>\n<p style=\"text-align: justify\">El Gobierno franc\u00e9s ha anunciado este viernes que el barco &#8216;Ocean Viking, que lleva a 356 inmigrantes a bordo, va a atracar en Malta, donde desembar\u00e1 a esas personas que ser\u00e1n repartidas entre seis pa\u00edses europeos.<\/p>\n<p style=\"text-align: justify\">El primer ministro malt\u00e9s, Joseph Muscat, inform\u00f3 en las redes sociales de que &#8220;tras un debate con la Comisi\u00f3n Europea y varios Estados miembros, a saber Francia y Alemania, Malta acord\u00f3 ser parte de la soluci\u00f3n para la par\u00e1lisis del &#8216;Ocean Viking&#8217;, que cuenta con 356 personas a bordo, sin perjudicar su posici\u00f3n legal&#8221;.<\/p>\n<p style=\"text-align: justify\">El mandatario explic\u00f3 que Malta trasladar\u00e1 a estas personas a barcos de su Armada, fuera de aguas territoriales, y los llevar\u00e1n &#8220;a tierra firme&#8221;, donde ser\u00e1n reubicados entre los seis mencionados pa\u00edses. &#8220;Ninguno quedar\u00e1 en Malta&#8221;, apunt\u00f3 el primer ministro.<\/p>\n<p style=\"text-align: justify\">El pasado 21 de agosto, SOS M\u00e9diterran\u00e9e advirti\u00f3 de que la embarcaci\u00f3n necesitaba una soluci\u00f3n &#8220;r\u00e1pida&#8221; para desembarcar a sus 356 inmigrantes -entre ellos 103 menores, la mayor\u00eda no acompa\u00f1ados- y evitar que la situaci\u00f3n degenerara a bordo.<\/p>\n<p style=\"text-align: justify\">El Ocean Viking realiz\u00f3 cuatro rescates sucesivos entre los pasados 9 y 12 de agosto, y desde entonces esperaba a una distancia equidistante de Italia y Malta a que alg\u00fan pa\u00eds europeo le autorizara un puerto en el que poder desembarcar a estas personas.<\/p>\n","protected":false},"excerpt":{"rendered":"<p>Malta.- Las ONG que operan el barco &#8216;Ocean Viking&#8217;, M\u00e9dicos sin Fronteras y SOS M\u00e9diterran\u00e9, est\u00e1n m\u00e1s tranquilas por los 356 migrantes a los que rescataron frente a las costas libias una vez que se haya anunciado su desembarco en Malta y su posterior reparto por seis pa\u00edses europeos. &#8220;Estamos aliviados por esas 356 personas&#8221;, [&hellip;]<\/p>\n","protected":false},"author":2,"featured_media":54147,"comment_status":"open","ping_status":"open","sticky":false,"template":"","format":"standard","meta":{"footnotes":""},"categories":[18],"tags":[],"class_list":["post-54146","post","type-post","status-publish","format-standard","has-post-thumbnail","hentry","category-internacional"],"yoast_head":"<!-- This site is optimized with the Yoast SEO plugin v27.5 - https:\/\/yoast.com\/product\/yoast-seo-wordpress\/ -->\n<title>El &#039;Ocean Viking&#039; desembarcar\u00e1 en Malta - Canal 7 SLP - 2019<\/title>\n<meta name=\"robots\" content=\"index, follow, max-snippet:-1, max-image-preview:large, max-video-preview:-1\" \/>\n<link rel=\"canonical\" href=\"https:\/\/canal7slp.tv\/2019\/el-ocean-viking-desembarcara-en-malta\/\" \/>\n<meta property=\"og:locale\" content=\"es_ES\" \/>\n<meta property=\"og:type\" content=\"article\" \/>\n<meta property=\"og:title\" content=\"El &#039;Ocean Viking&#039; desembarcar\u00e1 en Malta - Canal 7 SLP - 2019\" \/>\n<meta property=\"og:description\" content=\"Malta.- Las ONG que operan el barco &#8216;Ocean Viking&#8217;, M\u00e9dicos sin Fronteras y SOS M\u00e9diterran\u00e9, est\u00e1n m\u00e1s tranquilas por los 356 migrantes a los que rescataron frente a las costas libias una vez que se haya anunciado su desembarco en Malta y su posterior reparto por seis pa\u00edses europeos. &#8220;Estamos aliviados por esas 356 personas&#8221;, [&hellip;]\" \/>\n<meta property=\"og:url\" content=\"https:\/\/canal7slp.tv\/2019\/el-ocean-viking-desembarcara-en-malta\/\" \/>\n<meta property=\"og:site_name\" content=\"Canal 7 SLP - 2019\" \/>\n<meta property=\"article:publisher\" content=\"https:\/\/www.facebook.com\/CANAL7SLP\/\" \/>\n<meta property=\"article:published_time\" content=\"2019-08-23T16:50:13+00:00\" \/>\n<meta property=\"og:image\" content=\"https:\/\/canal7slp.tv\/2019\/wp-content\/uploads\/2019\/08\/1215-20.jpg\" \/>\n\t<meta property=\"og:image:width\" content=\"733\" \/>\n\t<meta property=\"og:image:height\" content=\"410\" \/>\n\t<meta property=\"og:image:type\" content=\"image\/jpeg\" \/>\n<meta name=\"author\" content=\"edicionweb\" \/>\n<meta name=\"twitter:card\" content=\"summary_large_image\" \/>\n<meta name=\"twitter:creator\" content=\"@canal7_slp\" \/>\n<meta name=\"twitter:site\" content=\"@canal7_slp\" \/>\n<meta name=\"twitter:label1\" content=\"Escrito por\" \/>\n\t<meta name=\"twitter:data1\" content=\"edicionweb\" \/>\n\t<meta name=\"twitter:label2\" content=\"Tiempo de lectura\" \/>\n\t<meta name=\"twitter:data2\" content=\"3 minutos\" \/>\n<script type=\"application\/ld+json\" class=\"yoast-schema-graph\">{\"@context\":\"https:\\\/\\\/schema.org\",\"@graph\":[{\"@type\":\"Article\",\"@id\":\"https:\\\/\\\/canal7slp.tv\\\/2019\\\/el-ocean-viking-desembarcara-en-malta\\\/#article\",\"isPartOf\":{\"@id\":\"https:\\\/\\\/canal7slp.tv\\\/2019\\\/el-ocean-viking-desembarcara-en-malta\\\/\"},\"author\":{\"name\":\"edicionweb\",\"@id\":\"https:\\\/\\\/canal7slp.tv\\\/2019\\\/#\\\/schema\\\/person\\\/11d941c1c6ca30ac0a46b95fa37aa2e3\"},\"headline\":\"El &#8216;Ocean Viking&#8217; desembarcar\u00e1 en Malta\",\"datePublished\":\"2019-08-23T16:50:13+00:00\",\"mainEntityOfPage\":{\"@id\":\"https:\\\/\\\/canal7slp.tv\\\/2019\\\/el-ocean-viking-desembarcara-en-malta\\\/\"},\"wordCount\":565,\"commentCount\":0,\"publisher\":{\"@id\":\"https:\\\/\\\/canal7slp.tv\\\/2019\\\/#organization\"},\"image\":{\"@id\":\"https:\\\/\\\/canal7slp.tv\\\/2019\\\/el-ocean-viking-desembarcara-en-malta\\\/#primaryimage\"},\"thumbnailUrl\":\"https:\\\/\\\/canal7slp.tv\\\/2019\\\/wp-content\\\/uploads\\\/2019\\\/08\\\/1215-20.jpg\",\"articleSection\":[\"INTERNACIONAL\"],\"inLanguage\":\"es\",\"potentialAction\":[{\"@type\":\"CommentAction\",\"name\":\"Comment\",\"target\":[\"https:\\\/\\\/canal7slp.tv\\\/2019\\\/el-ocean-viking-desembarcara-en-malta\\\/#respond\"]}]},{\"@type\":\"WebPage\",\"@id\":\"https:\\\/\\\/canal7slp.tv\\\/2019\\\/el-ocean-viking-desembarcara-en-malta\\\/\",\"url\":\"https:\\\/\\\/canal7slp.tv\\\/2019\\\/el-ocean-viking-desembarcara-en-malta\\\/\",\"name\":\"El 'Ocean Viking' desembarcar\u00e1 en Malta - Canal 7 SLP - 2019\",\"isPartOf\":{\"@id\":\"https:\\\/\\\/canal7slp.tv\\\/2019\\\/#website\"},\"primaryImageOfPage\":{\"@id\":\"https:\\\/\\\/canal7slp.tv\\\/2019\\\/el-ocean-viking-desembarcara-en-malta\\\/#primaryimage\"},\"image\":{\"@id\":\"https:\\\/\\\/canal7slp.tv\\\/2019\\\/el-ocean-viking-desembarcara-en-malta\\\/#primaryimage\"},\"thumbnailUrl\":\"https:\\\/\\\/canal7slp.tv\\\/2019\\\/wp-content\\\/uploads\\\/2019\\\/08\\\/1215-20.jpg\",\"datePublished\":\"2019-08-23T16:50:13+00:00\",\"breadcrumb\":{\"@id\":\"https:\\\/\\\/canal7slp.tv\\\/2019\\\/el-ocean-viking-desembarcara-en-malta\\\/#breadcrumb\"},\"inLanguage\":\"es\",\"potentialAction\":[{\"@type\":\"ReadAction\",\"target\":[\"https:\\\/\\\/canal7slp.tv\\\/2019\\\/el-ocean-viking-desembarcara-en-malta\\\/\"]}]},{\"@type\":\"ImageObject\",\"inLanguage\":\"es\",\"@id\":\"https:\\\/\\\/canal7slp.tv\\\/2019\\\/el-ocean-viking-desembarcara-en-malta\\\/#primaryimage\",\"url\":\"https:\\\/\\\/canal7slp.tv\\\/2019\\\/wp-content\\\/uploads\\\/2019\\\/08\\\/1215-20.jpg\",\"contentUrl\":\"https:\\\/\\\/canal7slp.tv\\\/2019\\\/wp-content\\\/uploads\\\/2019\\\/08\\\/1215-20.jpg\",\"width\":733,\"height\":410},{\"@type\":\"BreadcrumbList\",\"@id\":\"https:\\\/\\\/canal7slp.tv\\\/2019\\\/el-ocean-viking-desembarcara-en-malta\\\/#breadcrumb\",\"itemListElement\":[{\"@type\":\"ListItem\",\"position\":1,\"name\":\"Home\",\"item\":\"https:\\\/\\\/canal7slp.tv\\\/2019\\\/\"},{\"@type\":\"ListItem\",\"position\":2,\"name\":\"El &#8216;Ocean Viking&#8217; desembarcar\u00e1 en Malta\"}]},{\"@type\":\"WebSite\",\"@id\":\"https:\\\/\\\/canal7slp.tv\\\/2019\\\/#website\",\"url\":\"https:\\\/\\\/canal7slp.tv\\\/2019\\\/\",\"name\":\"Canal 7 SLP - Somos TV\",\"description\":\"Somos un Canal de 10\",\"publisher\":{\"@id\":\"https:\\\/\\\/canal7slp.tv\\\/2019\\\/#organization\"},\"potentialAction\":[{\"@type\":\"SearchAction\",\"target\":{\"@type\":\"EntryPoint\",\"urlTemplate\":\"https:\\\/\\\/canal7slp.tv\\\/2019\\\/?s={search_term_string}\"},\"query-input\":{\"@type\":\"PropertyValueSpecification\",\"valueRequired\":true,\"valueName\":\"search_term_string\"}}],\"inLanguage\":\"es\"},{\"@type\":\"Organization\",\"@id\":\"https:\\\/\\\/canal7slp.tv\\\/2019\\\/#organization\",\"name\":\"Comunicaci\u00f3n 2000 S.A. de C.V.\",\"url\":\"https:\\\/\\\/canal7slp.tv\\\/2019\\\/\",\"logo\":{\"@type\":\"ImageObject\",\"inLanguage\":\"es\",\"@id\":\"https:\\\/\\\/canal7slp.tv\\\/2019\\\/#\\\/schema\\\/logo\\\/image\\\/\",\"url\":\"https:\\\/\\\/canal7slp.tv\\\/2019\\\/wp-content\\\/uploads\\\/2019\\\/07\\\/logo-c7.png\",\"contentUrl\":\"https:\\\/\\\/canal7slp.tv\\\/2019\\\/wp-content\\\/uploads\\\/2019\\\/07\\\/logo-c7.png\",\"width\":220,\"height\":60,\"caption\":\"Comunicaci\u00f3n 2000 S.A. de C.V.\"},\"image\":{\"@id\":\"https:\\\/\\\/canal7slp.tv\\\/2019\\\/#\\\/schema\\\/logo\\\/image\\\/\"},\"sameAs\":[\"https:\\\/\\\/www.facebook.com\\\/CANAL7SLP\\\/\",\"https:\\\/\\\/x.com\\\/canal7_slp\",\"https:\\\/\\\/www.instagram.com\\\/canal7_slp\",\"https:\\\/\\\/www.youtube.com\\\/user\\\/NOTICIEROSCANAL7SLP\\\/\"]},{\"@type\":\"Person\",\"@id\":\"https:\\\/\\\/canal7slp.tv\\\/2019\\\/#\\\/schema\\\/person\\\/11d941c1c6ca30ac0a46b95fa37aa2e3\",\"name\":\"edicionweb\",\"image\":{\"@type\":\"ImageObject\",\"inLanguage\":\"es\",\"@id\":\"https:\\\/\\\/secure.gravatar.com\\\/avatar\\\/eee448fc3f7164808013b816ba91ac7e43bbe82a70bebac296f8bc6f0addaa1a?s=96&d=mm&r=g\",\"url\":\"https:\\\/\\\/secure.gravatar.com\\\/avatar\\\/eee448fc3f7164808013b816ba91ac7e43bbe82a70bebac296f8bc6f0addaa1a?s=96&d=mm&r=g\",\"contentUrl\":\"https:\\\/\\\/secure.gravatar.com\\\/avatar\\\/eee448fc3f7164808013b816ba91ac7e43bbe82a70bebac296f8bc6f0addaa1a?s=96&d=mm&r=g\",\"caption\":\"edicionweb\"}}]}<\/script>\n<!-- \/ Yoast SEO plugin. -->","yoast_head_json":{"title":"El 'Ocean Viking' desembarcar\u00e1 en Malta - Canal 7 SLP - 2019","robots":{"index":"index","follow":"follow","max-snippet":"max-snippet:-1","max-image-preview":"max-image-preview:large","max-video-preview":"max-video-preview:-1"},"canonical":"https:\/\/canal7slp.tv\/2019\/el-ocean-viking-desembarcara-en-malta\/","og_locale":"es_ES","og_type":"article","og_title":"El 'Ocean Viking' desembarcar\u00e1 en Malta - Canal 7 SLP - 2019","og_description":"Malta.- Las ONG que operan el barco &#8216;Ocean Viking&#8217;, M\u00e9dicos sin Fronteras y SOS M\u00e9diterran\u00e9, est\u00e1n m\u00e1s tranquilas por los 356 migrantes a los que rescataron frente a las costas libias una vez que se haya anunciado su desembarco en Malta y su posterior reparto por seis pa\u00edses europeos. &#8220;Estamos aliviados por esas 356 personas&#8221;, [&hellip;]","og_url":"https:\/\/canal7slp.tv\/2019\/el-ocean-viking-desembarcara-en-malta\/","og_site_name":"Canal 7 SLP - 2019","article_publisher":"https:\/\/www.facebook.com\/CANAL7SLP\/","article_published_time":"2019-08-23T16:50:13+00:00","og_image":[{"width":733,"height":410,"url":"https:\/\/canal7slp.tv\/2019\/wp-content\/uploads\/2019\/08\/1215-20.jpg","type":"image\/jpeg"}],"author":"edicionweb","twitter_card":"summary_large_image","twitter_creator":"@canal7_slp","twitter_site":"@canal7_slp","twitter_misc":{"Escrito por":"edicionweb","Tiempo de lectura":"3 minutos"},"schema":{"@context":"https:\/\/schema.org","@graph":[{"@type":"Article","@id":"https:\/\/canal7slp.tv\/2019\/el-ocean-viking-desembarcara-en-malta\/#article","isPartOf":{"@id":"https:\/\/canal7slp.tv\/2019\/el-ocean-viking-desembarcara-en-malta\/"},"author":{"name":"edicionweb","@id":"https:\/\/canal7slp.tv\/2019\/#\/schema\/person\/11d941c1c6ca30ac0a46b95fa37aa2e3"},"headline":"El &#8216;Ocean Viking&#8217; desembarcar\u00e1 en Malta","datePublished":"2019-08-23T16:50:13+00:00","mainEntityOfPage":{"@id":"https:\/\/canal7slp.tv\/2019\/el-ocean-viking-desembarcara-en-malta\/"},"wordCount":565,"commentCount":0,"publisher":{"@id":"https:\/\/canal7slp.tv\/2019\/#organization"},"image":{"@id":"https:\/\/canal7slp.tv\/2019\/el-ocean-viking-desembarcara-en-malta\/#primaryimage"},"thumbnailUrl":"https:\/\/canal7slp.tv\/2019\/wp-content\/uploads\/2019\/08\/1215-20.jpg","articleSection":["INTERNACIONAL"],"inLanguage":"es","potentialAction":[{"@type":"CommentAction","name":"Comment","target":["https:\/\/canal7slp.tv\/2019\/el-ocean-viking-desembarcara-en-malta\/#respond"]}]},{"@type":"WebPage","@id":"https:\/\/canal7slp.tv\/2019\/el-ocean-viking-desembarcara-en-malta\/","url":"https:\/\/canal7slp.tv\/2019\/el-ocean-viking-desembarcara-en-malta\/","name":"El 'Ocean Viking' desembarcar\u00e1 en Malta - Canal 7 SLP - 2019","isPartOf":{"@id":"https:\/\/canal7slp.tv\/2019\/#website"},"primaryImageOfPage":{"@id":"https:\/\/canal7slp.tv\/2019\/el-ocean-viking-desembarcara-en-malta\/#primaryimage"},"image":{"@id":"https:\/\/canal7slp.tv\/2019\/el-ocean-viking-desembarcara-en-malta\/#primaryimage"},"thumbnailUrl":"https:\/\/canal7slp.tv\/2019\/wp-content\/uploads\/2019\/08\/1215-20.jpg","datePublished":"2019-08-23T16:50:13+00:00","breadcrumb":{"@id":"https:\/\/canal7slp.tv\/2019\/el-ocean-viking-desembarcara-en-malta\/#breadcrumb"},"inLanguage":"es","potentialAction":[{"@type":"ReadAction","target":["https:\/\/canal7slp.tv\/2019\/el-ocean-viking-desembarcara-en-malta\/"]}]},{"@type":"ImageObject","inLanguage":"es","@id":"https:\/\/canal7slp.tv\/2019\/el-ocean-viking-desembarcara-en-malta\/#primaryimage","url":"https:\/\/canal7slp.tv\/2019\/wp-content\/uploads\/2019\/08\/1215-20.jpg","contentUrl":"https:\/\/canal7slp.tv\/2019\/wp-content\/uploads\/2019\/08\/1215-20.jpg","width":733,"height":410},{"@type":"BreadcrumbList","@id":"https:\/\/canal7slp.tv\/2019\/el-ocean-viking-desembarcara-en-malta\/#breadcrumb","itemListElement":[{"@type":"ListItem","position":1,"name":"Home","item":"https:\/\/canal7slp.tv\/2019\/"},{"@type":"ListItem","position":2,"name":"El &#8216;Ocean Viking&#8217; desembarcar\u00e1 en Malta"}]},{"@type":"WebSite","@id":"https:\/\/canal7slp.tv\/2019\/#website","url":"https:\/\/canal7slp.tv\/2019\/","name":"Canal 7 SLP - Somos TV","description":"Somos un Canal de 10","publisher":{"@id":"https:\/\/canal7slp.tv\/2019\/#organization"},"potentialAction":[{"@type":"SearchAction","target":{"@type":"EntryPoint","urlTemplate":"https:\/\/canal7slp.tv\/2019\/?s={search_term_string}"},"query-input":{"@type":"PropertyValueSpecification","valueRequired":true,"valueName":"search_term_string"}}],"inLanguage":"es"},{"@type":"Organization","@id":"https:\/\/canal7slp.tv\/2019\/#organization","name":"Comunicaci\u00f3n 2000 S.A. de C.V.","url":"https:\/\/canal7slp.tv\/2019\/","logo":{"@type":"ImageObject","inLanguage":"es","@id":"https:\/\/canal7slp.tv\/2019\/#\/schema\/logo\/image\/","url":"https:\/\/canal7slp.tv\/2019\/wp-content\/uploads\/2019\/07\/logo-c7.png","contentUrl":"https:\/\/canal7slp.tv\/2019\/wp-content\/uploads\/2019\/07\/logo-c7.png","width":220,"height":60,"caption":"Comunicaci\u00f3n 2000 S.A. de C.V."},"image":{"@id":"https:\/\/canal7slp.tv\/2019\/#\/schema\/logo\/image\/"},"sameAs":["https:\/\/www.facebook.com\/CANAL7SLP\/","https:\/\/x.com\/canal7_slp","https:\/\/www.instagram.com\/canal7_slp","https:\/\/www.youtube.com\/user\/NOTICIEROSCANAL7SLP\/"]},{"@type":"Person","@id":"https:\/\/canal7slp.tv\/2019\/#\/schema\/person\/11d941c1c6ca30ac0a46b95fa37aa2e3","name":"edicionweb","image":{"@type":"ImageObject","inLanguage":"es","@id":"https:\/\/secure.gravatar.com\/avatar\/eee448fc3f7164808013b816ba91ac7e43bbe82a70bebac296f8bc6f0addaa1a?s=96&d=mm&r=g","url":"https:\/\/secure.gravatar.com\/avatar\/eee448fc3f7164808013b816ba91ac7e43bbe82a70bebac296f8bc6f0addaa1a?s=96&d=mm&r=g","contentUrl":"https:\/\/secure.gravatar.com\/avatar\/eee448fc3f7164808013b816ba91ac7e43bbe82a70bebac296f8bc6f0addaa1a?s=96&d=mm&r=g","caption":"edicionweb"}}]}},"amp_enabled":true,"cmb2":{"video_ids_in_playlist":{"vid_p_videos":""},"video_ids_in_channel":{"vid_c_videos":""},"playlist_ids_in_channel":{"vid_c_playlists":""},"series_ids_in_channel":{"vid_c_series":""},"channel_images":{"vid_c_logo":"","vid_c_banner":""},"poster_feature_image":{"vid_m_poster_image":""},"gif_feature_image":{"vid_m_gif_image":""},"video_movie_settings":{"vid_m_director":"","vid_m_actor":"","vid_m_imdb_ratings":"","vid_m_amazon_associates":""},"vid_youtube_broadcasts_settings":{"vid_yb_broadcast_title":"","vid_yb_q":"","vid_yb_channelid":"","vid_yb_videocategoryid":"","vid_yb_maxresults":"","vid_yb_order":"","vid_yb_regioncode":"","vid_yb_videosyndicated":"","vid_yb_style":"","vid_yb_reload_first":""},"video_series_settings":{"vid_m_director":"","vid_m_actor":"","vid_m_imdb_ratings":"","video_series_group":""},"amazon_associates_settings":{"amazon_associates":"","amazon_native_ad":""},"vid_youtube_automatic_settings":{"vid_ya_youtube_source":"","vid_ya_update_every":"","vid_ya_update_unit":"","vid_ya_categories":"","vid_ya_published_after":"","vid_ya_published_before":"","vid_ya_playlists":"","vid_ya_channels":"","vid_ya_director":"","vid_ya_actor":"","vid_ya_author":"","vid_ya_import_post_date":"","vid_ya_status":"","vid_ya_sub_api_key":""},"vid_ads_m_videoads_settings_post":{"vid_ads_m_video_ads":"","vid_ads_m_video_ads_type":"","vid_ads_m_group_google_ima":"","vid_ads_m_group_image":"","vid_ads_m_group_html5_video":"","vid_ads_m_group_html":"","vid_ads_m_vast_preroll":"","vid_ads_m_vast_postroll":"","vid_ads_m_vast_pauseroll":"","vid_ads_m_vast_midroll":[{"vid_ads_m_vast_timer_seconds":"50"}],"vid_ads_m_time_to_show_ads":"","vid_ads_m_time_skip_ads":"","vid_ads_m_time_to_hide_ads":""},"page_slider_settings":{"display_slider_group":"","page_slider_group":""},"blog_page_settings":{"blog_page_title":"","blog_page_heading":"","blog_page_ic":"","blog_page_it":"","blog_page_ec":"","blog_page_ip":"","archive_loop_style":"","blog_image_ratio":"","blog_show_categories":"","blog_show_excerpt":"","blog_show_author":"","blog_show_date":"","blog_show_comment_count":"","blog_show_view_count":"","blog_show_like_count":"","blog_show_dislike_count":"","blog_items_per_page":"","blog_pag_type":""},"page_options":{"get_page_template":"","color_mode":"","main_layout":"","main_layout_full_with":"","main_logo":"","main_logo_retina":"","main_logo_mobile":"","main_logo_mobile_retina":"","sticky_logo":"","sticky_logo_retina":"","main_nav_layout":"","ajax_search":"","header_background":"","theme_sidebar":"","instagram_feed":"","instagram_feed_position":"","popular_videos":"","popular_videos_title_1":"","popular_videos_title_2":"","popular_videos_ic":"","popular_videos_it":"","theme_background":"","page_custom_css":""},"feature_image_settings":{"feature_image_position":""},"video_player_settings":{"single_video_style":"","video_player_position":"","vm_video_url":"","video_player_library":"","video_streaming":"","vm_media_sources":"","vid_auto_play":"","vm_video_shortcode":"","vid_p_sync_playlist":"","vid_c_sync_channel":"","get_post_format":"","multiple_links_structure":"default","multi_links_title":"","vm_video_multi_links":"","vm_duration":"","vid_social_locker":"off","vid_social_locker_id":"","vid_membership_action":"content-video","vm_video_trailer_url":"","vid_download_type":"free","vid_download_target":"download","vid_woo_product":"","vm_media_download":"","user_rating":"","user_rating_position":"","user_rating_mode":"","user_rating_multi_sets":""},"video_auto_fetch_settings":{"vm_video_fetch":"on"},"video_fake_views_likes":{"vm_fake_views":"","vm_fake_likes":"","vm_fake_dislikes":""},"gallery_settings":{"gallery_position":""},"quote_settings":{"quote_position":""},"post_options":{"main_layout":"","main_logo":"","main_logo_retina":"","main_logo_mobile":"","main_logo_mobile_retina":"","sticky_logo":"","sticky_logo_retina":"","main_nav_layout":"","header_background":"","theme_sidebar":"","single_post_comment_type":"","theme_background":""}},"_links":{"self":[{"href":"https:\/\/canal7slp.tv\/2019\/wp-json\/wp\/v2\/posts\/54146","targetHints":{"allow":["GET"]}}],"collection":[{"href":"https:\/\/canal7slp.tv\/2019\/wp-json\/wp\/v2\/posts"}],"about":[{"href":"https:\/\/canal7slp.tv\/2019\/wp-json\/wp\/v2\/types\/post"}],"author":[{"embeddable":true,"href":"https:\/\/canal7slp.tv\/2019\/wp-json\/wp\/v2\/users\/2"}],"replies":[{"embeddable":true,"href":"https:\/\/canal7slp.tv\/2019\/wp-json\/wp\/v2\/comments?post=54146"}],"version-history":[{"count":0,"href":"https:\/\/canal7slp.tv\/2019\/wp-json\/wp\/v2\/posts\/54146\/revisions"}],"wp:featuredmedia":[{"embeddable":true,"href":"https:\/\/canal7slp.tv\/2019\/wp-json\/wp\/v2\/media\/54147"}],"wp:attachment":[{"href":"https:\/\/canal7slp.tv\/2019\/wp-json\/wp\/v2\/media?parent=54146"}],"wp:term":[{"taxonomy":"category","embeddable":true,"href":"https:\/\/canal7slp.tv\/2019\/wp-json\/wp\/v2\/categories?post=54146"},{"taxonomy":"post_tag","embeddable":true,"href":"https:\/\/canal7slp.tv\/2019\/wp-json\/wp\/v2\/tags?post=54146"}],"curies":[{"name":"wp","href":"https:\/\/api.w.org\/{rel}","templated":true}]}}