{"id":53441,"date":"2019-08-22T10:13:37","date_gmt":"2019-08-22T15:13:37","guid":{"rendered":"https:\/\/canal7slp.tv\/2019\/?p=53441"},"modified":"2019-08-22T10:13:37","modified_gmt":"2019-08-22T15:13:37","slug":"ocean-viking-doce-dias-de-navegacion-silenciosa","status":"publish","type":"post","link":"https:\/\/canal7slp.tv\/2019\/ocean-viking-doce-dias-de-navegacion-silenciosa\/","title":{"rendered":"\u2018Ocean Viking\u2019: doce d\u00edas de navegaci\u00f3n silenciosa"},"content":{"rendered":"<p style=\"text-align: justify\">Roma.- \u201cNo sabemos cu\u00e1ntos d\u00edas m\u00e1s podremos seguir as\u00ed\u201d, dec\u00eda ayer a este diario Jay Berger desde el Ocean Viking , el barco de SOS M\u00e9diterran\u00e9e y M\u00e9dicos Sin Fronteras que lleva doce d\u00edas en el canal de Sicilia en espera de un puerto donde desembarcar a 356 personas recogidas en cuatro operaciones de rescate entre el 9 y el 12 de agosto. Berger es el coordinador de MSF, que tiene a bordo un equipo de nueve personas.<\/p>\n<p style=\"text-align: justify\">\u201cNo estamos recibiendo suministros y estamos racionando al m\u00e1ximo lo que tenemos. El solo hecho de tener tanta gente a bordo ya es una crisis. Estamos a tope, la tripulaci\u00f3n est\u00e1 cansada. Hay tensiones y hacemos todo lo posible por explicarle a la gente la situaci\u00f3n, y es muy dif\u00edcil hacerlo cada d\u00eda porque no sabemos cu\u00e1nto tiempo seguiremos as\u00ed; cada d\u00eda hemos de trabajar en esto, y se trata de personas de diferentes nacionalidades y culturas. Pero lo importante es llevarlos a puerto lo antes posible. Ten\u00eda que haber sido hace una semana\u201d.<\/p>\n<p style=\"text-align: justify\">En efecto, ya desde el primer rescate, el 9 de agosto, el Ocean Viking solicit\u00f3 un puerto a los centros de coordinaci\u00f3n de salvamento de Italia y Malta. Roma no ha respondido y en cuanto a Malta no s\u00f3lo la respuesta fue negativa sino que adem\u00e1s en la presente singladura del buque se le ha denegado repostar combustible, como ya le sucedi\u00f3 al Open Arms en una ocasi\u00f3n.<\/p>\n<p style=\"text-align: justify\">Fr\u00e9deric Penard, director de operaciones de SOS M\u00e9diterran\u00e9e, dijo a France Presse que \u201csabemos que muchos estados europeos trabajan por una soluci\u00f3n y desean acabar con las soluciones caso por caso y poner en marcha un sistema. Es lo que estamos pidiendo, pero la gente tiene que poder desembarcar mientras tanto, las negociaciones no se pueden ir desarrollando al tiempo que m\u00e1s de trescientas personas se encuentran en alta mar en condiciones dif\u00edciles\u201d. En el mismo sentido, fuentes de MSF afirman que \u201ccada salida parece ad hoc\u201d, es decir, cada misi\u00f3n acaba teniendo su propia resoluci\u00f3n, y ning\u00fan caso se parece a otro. A veces se desembarca, a veces se traslada a los n\u00e1ufragos a una embarcaci\u00f3n de guardacostas&#8230; En la situaci\u00f3n actual, por cierto, si los barcos de la misi\u00f3n europea Sof\u00eda estuvieran a disposici\u00f3n y no hubiesen sido retirados \u2013a pesar de que oficialmente la misi\u00f3n no termina hasta el 30 de septiembre\u2013 se podr\u00eda haber recurrido a ellos. Pero \u201clas soluciones ad hoc son cada vez m\u00e1s dif\u00edciles\u201d, se\u00f1alan en MSF.<\/p>\n<p style=\"text-align: justify\">Peor a\u00fan, no ha sido posible una salida com\u00fan para el Open Arms y el Ocean Viking. Ambos buques, y las organizaciones que los respaldan, han estado en contacto y compartido informaci\u00f3n, como el recurso de la oeneg\u00e9 catalana ante el tribunal administrativo del Lazio, que ayer fall\u00f3 en favor de la apertura del puerto de Lampedusa cuando ya el fiscal hab\u00eda impartido su orden. El ministro franc\u00e9s de Interior, Christophe Castaner, dec\u00eda el martes que su Gobierno estaba trabajando \u201cactivamente\u201d y \u201cprincipalmente con Malta\u201d para abrir un puerto, pero ni siquiera dej\u00f3 claro si Francia est\u00e1 dispuesta a acoger \u201c35 o 45\u201d personas como en el caso de los rescatados por el Open Arms o impondr\u00e1 otros criterios. Al mismo tiempo, las oeneg\u00e9s responsables del Ocean Viking hacen gestiones, tanto desde el barco como desde suelo europeo, y prefieren mantener la discreci\u00f3n. La preocupaci\u00f3n de todos es que ahora no hay ning\u00fan barco en la zona de rescate.<\/p>\n<p style=\"text-align: justify\">El \u2018Ocean Viking\u2019, que se mantiene en navegaci\u00f3n lenta, de norte a sur y de sur a norte, entre Malta y Lampedusa, sorprend\u00eda ayer por la ma\u00f1ana al haber trazado un coraz\u00f3n en su trayectoria, seg\u00fan se pod\u00eda observar en distintos portales de seguimiento del tr\u00e1fico marino.<\/p>\n<p style=\"text-align: justify\">\n","protected":false},"excerpt":{"rendered":"<p>Roma.- \u201cNo sabemos cu\u00e1ntos d\u00edas m\u00e1s podremos seguir as\u00ed\u201d, dec\u00eda ayer a este diario Jay Berger desde el Ocean Viking , el barco de SOS M\u00e9diterran\u00e9e y M\u00e9dicos Sin Fronteras que lleva doce d\u00edas en el canal de Sicilia en espera de un puerto donde desembarcar a 356 personas recogidas en cuatro operaciones de rescate [&hellip;]<\/p>\n","protected":false},"author":2,"featured_media":53442,"comment_status":"open","ping_status":"open","sticky":false,"template":"","format":"standard","meta":{"footnotes":""},"categories":[18],"tags":[],"class_list":["post-53441","post","type-post","status-publish","format-standard","has-post-thumbnail","hentry","category-internacional"],"yoast_head":"<!-- This site is optimized with the Yoast SEO plugin v27.5 - https:\/\/yoast.com\/product\/yoast-seo-wordpress\/ -->\n<title>\u2018Ocean Viking\u2019: doce d\u00edas de navegaci\u00f3n silenciosa - Canal 7 SLP - 2019<\/title>\n<meta name=\"robots\" content=\"index, follow, max-snippet:-1, max-image-preview:large, max-video-preview:-1\" \/>\n<link rel=\"canonical\" href=\"https:\/\/canal7slp.tv\/2019\/ocean-viking-doce-dias-de-navegacion-silenciosa\/\" \/>\n<meta property=\"og:locale\" content=\"es_ES\" \/>\n<meta property=\"og:type\" content=\"article\" \/>\n<meta property=\"og:title\" content=\"\u2018Ocean Viking\u2019: doce d\u00edas de navegaci\u00f3n silenciosa - Canal 7 SLP - 2019\" \/>\n<meta property=\"og:description\" content=\"Roma.- \u201cNo sabemos cu\u00e1ntos d\u00edas m\u00e1s podremos seguir as\u00ed\u201d, dec\u00eda ayer a este diario Jay Berger desde el Ocean Viking , el barco de SOS M\u00e9diterran\u00e9e y M\u00e9dicos Sin Fronteras que lleva doce d\u00edas en el canal de Sicilia en espera de un puerto donde desembarcar a 356 personas recogidas en cuatro operaciones de rescate [&hellip;]\" \/>\n<meta property=\"og:url\" content=\"https:\/\/canal7slp.tv\/2019\/ocean-viking-doce-dias-de-navegacion-silenciosa\/\" \/>\n<meta property=\"og:site_name\" content=\"Canal 7 SLP - 2019\" \/>\n<meta property=\"article:publisher\" content=\"https:\/\/www.facebook.com\/CANAL7SLP\/\" \/>\n<meta property=\"article:published_time\" content=\"2019-08-22T15:13:37+00:00\" \/>\n<meta property=\"og:image\" content=\"https:\/\/canal7slp.tv\/2019\/wp-content\/uploads\/2019\/08\/1045-20.jpg\" \/>\n\t<meta property=\"og:image:width\" content=\"728\" \/>\n\t<meta property=\"og:image:height\" content=\"410\" \/>\n\t<meta property=\"og:image:type\" content=\"image\/jpeg\" \/>\n<meta name=\"author\" content=\"edicionweb\" \/>\n<meta name=\"twitter:card\" content=\"summary_large_image\" \/>\n<meta name=\"twitter:creator\" content=\"@canal7_slp\" \/>\n<meta name=\"twitter:site\" content=\"@canal7_slp\" \/>\n<meta name=\"twitter:label1\" content=\"Escrito por\" \/>\n\t<meta name=\"twitter:data1\" content=\"edicionweb\" \/>\n\t<meta name=\"twitter:label2\" content=\"Tiempo de lectura\" \/>\n\t<meta name=\"twitter:data2\" content=\"3 minutos\" \/>\n<script type=\"application\/ld+json\" class=\"yoast-schema-graph\">{\"@context\":\"https:\\\/\\\/schema.org\",\"@graph\":[{\"@type\":\"Article\",\"@id\":\"https:\\\/\\\/canal7slp.tv\\\/2019\\\/ocean-viking-doce-dias-de-navegacion-silenciosa\\\/#article\",\"isPartOf\":{\"@id\":\"https:\\\/\\\/canal7slp.tv\\\/2019\\\/ocean-viking-doce-dias-de-navegacion-silenciosa\\\/\"},\"author\":{\"name\":\"edicionweb\",\"@id\":\"https:\\\/\\\/canal7slp.tv\\\/2019\\\/#\\\/schema\\\/person\\\/11d941c1c6ca30ac0a46b95fa37aa2e3\"},\"headline\":\"\u2018Ocean Viking\u2019: doce d\u00edas de navegaci\u00f3n silenciosa\",\"datePublished\":\"2019-08-22T15:13:37+00:00\",\"mainEntityOfPage\":{\"@id\":\"https:\\\/\\\/canal7slp.tv\\\/2019\\\/ocean-viking-doce-dias-de-navegacion-silenciosa\\\/\"},\"wordCount\":679,\"commentCount\":0,\"publisher\":{\"@id\":\"https:\\\/\\\/canal7slp.tv\\\/2019\\\/#organization\"},\"image\":{\"@id\":\"https:\\\/\\\/canal7slp.tv\\\/2019\\\/ocean-viking-doce-dias-de-navegacion-silenciosa\\\/#primaryimage\"},\"thumbnailUrl\":\"https:\\\/\\\/canal7slp.tv\\\/2019\\\/wp-content\\\/uploads\\\/2019\\\/08\\\/1045-20.jpg\",\"articleSection\":[\"INTERNACIONAL\"],\"inLanguage\":\"es\",\"potentialAction\":[{\"@type\":\"CommentAction\",\"name\":\"Comment\",\"target\":[\"https:\\\/\\\/canal7slp.tv\\\/2019\\\/ocean-viking-doce-dias-de-navegacion-silenciosa\\\/#respond\"]}]},{\"@type\":\"WebPage\",\"@id\":\"https:\\\/\\\/canal7slp.tv\\\/2019\\\/ocean-viking-doce-dias-de-navegacion-silenciosa\\\/\",\"url\":\"https:\\\/\\\/canal7slp.tv\\\/2019\\\/ocean-viking-doce-dias-de-navegacion-silenciosa\\\/\",\"name\":\"\u2018Ocean Viking\u2019: doce d\u00edas de navegaci\u00f3n silenciosa - Canal 7 SLP - 2019\",\"isPartOf\":{\"@id\":\"https:\\\/\\\/canal7slp.tv\\\/2019\\\/#website\"},\"primaryImageOfPage\":{\"@id\":\"https:\\\/\\\/canal7slp.tv\\\/2019\\\/ocean-viking-doce-dias-de-navegacion-silenciosa\\\/#primaryimage\"},\"image\":{\"@id\":\"https:\\\/\\\/canal7slp.tv\\\/2019\\\/ocean-viking-doce-dias-de-navegacion-silenciosa\\\/#primaryimage\"},\"thumbnailUrl\":\"https:\\\/\\\/canal7slp.tv\\\/2019\\\/wp-content\\\/uploads\\\/2019\\\/08\\\/1045-20.jpg\",\"datePublished\":\"2019-08-22T15:13:37+00:00\",\"breadcrumb\":{\"@id\":\"https:\\\/\\\/canal7slp.tv\\\/2019\\\/ocean-viking-doce-dias-de-navegacion-silenciosa\\\/#breadcrumb\"},\"inLanguage\":\"es\",\"potentialAction\":[{\"@type\":\"ReadAction\",\"target\":[\"https:\\\/\\\/canal7slp.tv\\\/2019\\\/ocean-viking-doce-dias-de-navegacion-silenciosa\\\/\"]}]},{\"@type\":\"ImageObject\",\"inLanguage\":\"es\",\"@id\":\"https:\\\/\\\/canal7slp.tv\\\/2019\\\/ocean-viking-doce-dias-de-navegacion-silenciosa\\\/#primaryimage\",\"url\":\"https:\\\/\\\/canal7slp.tv\\\/2019\\\/wp-content\\\/uploads\\\/2019\\\/08\\\/1045-20.jpg\",\"contentUrl\":\"https:\\\/\\\/canal7slp.tv\\\/2019\\\/wp-content\\\/uploads\\\/2019\\\/08\\\/1045-20.jpg\",\"width\":728,\"height\":410},{\"@type\":\"BreadcrumbList\",\"@id\":\"https:\\\/\\\/canal7slp.tv\\\/2019\\\/ocean-viking-doce-dias-de-navegacion-silenciosa\\\/#breadcrumb\",\"itemListElement\":[{\"@type\":\"ListItem\",\"position\":1,\"name\":\"Home\",\"item\":\"https:\\\/\\\/canal7slp.tv\\\/2019\\\/\"},{\"@type\":\"ListItem\",\"position\":2,\"name\":\"\u2018Ocean Viking\u2019: doce d\u00edas de navegaci\u00f3n silenciosa\"}]},{\"@type\":\"WebSite\",\"@id\":\"https:\\\/\\\/canal7slp.tv\\\/2019\\\/#website\",\"url\":\"https:\\\/\\\/canal7slp.tv\\\/2019\\\/\",\"name\":\"Canal 7 SLP - Somos TV\",\"description\":\"Somos un Canal de 10\",\"publisher\":{\"@id\":\"https:\\\/\\\/canal7slp.tv\\\/2019\\\/#organization\"},\"potentialAction\":[{\"@type\":\"SearchAction\",\"target\":{\"@type\":\"EntryPoint\",\"urlTemplate\":\"https:\\\/\\\/canal7slp.tv\\\/2019\\\/?s={search_term_string}\"},\"query-input\":{\"@type\":\"PropertyValueSpecification\",\"valueRequired\":true,\"valueName\":\"search_term_string\"}}],\"inLanguage\":\"es\"},{\"@type\":\"Organization\",\"@id\":\"https:\\\/\\\/canal7slp.tv\\\/2019\\\/#organization\",\"name\":\"Comunicaci\u00f3n 2000 S.A. de C.V.\",\"url\":\"https:\\\/\\\/canal7slp.tv\\\/2019\\\/\",\"logo\":{\"@type\":\"ImageObject\",\"inLanguage\":\"es\",\"@id\":\"https:\\\/\\\/canal7slp.tv\\\/2019\\\/#\\\/schema\\\/logo\\\/image\\\/\",\"url\":\"https:\\\/\\\/canal7slp.tv\\\/2019\\\/wp-content\\\/uploads\\\/2019\\\/07\\\/logo-c7.png\",\"contentUrl\":\"https:\\\/\\\/canal7slp.tv\\\/2019\\\/wp-content\\\/uploads\\\/2019\\\/07\\\/logo-c7.png\",\"width\":220,\"height\":60,\"caption\":\"Comunicaci\u00f3n 2000 S.A. de C.V.\"},\"image\":{\"@id\":\"https:\\\/\\\/canal7slp.tv\\\/2019\\\/#\\\/schema\\\/logo\\\/image\\\/\"},\"sameAs\":[\"https:\\\/\\\/www.facebook.com\\\/CANAL7SLP\\\/\",\"https:\\\/\\\/x.com\\\/canal7_slp\",\"https:\\\/\\\/www.instagram.com\\\/canal7_slp\",\"https:\\\/\\\/www.youtube.com\\\/user\\\/NOTICIEROSCANAL7SLP\\\/\"]},{\"@type\":\"Person\",\"@id\":\"https:\\\/\\\/canal7slp.tv\\\/2019\\\/#\\\/schema\\\/person\\\/11d941c1c6ca30ac0a46b95fa37aa2e3\",\"name\":\"edicionweb\",\"image\":{\"@type\":\"ImageObject\",\"inLanguage\":\"es\",\"@id\":\"https:\\\/\\\/secure.gravatar.com\\\/avatar\\\/eee448fc3f7164808013b816ba91ac7e43bbe82a70bebac296f8bc6f0addaa1a?s=96&d=mm&r=g\",\"url\":\"https:\\\/\\\/secure.gravatar.com\\\/avatar\\\/eee448fc3f7164808013b816ba91ac7e43bbe82a70bebac296f8bc6f0addaa1a?s=96&d=mm&r=g\",\"contentUrl\":\"https:\\\/\\\/secure.gravatar.com\\\/avatar\\\/eee448fc3f7164808013b816ba91ac7e43bbe82a70bebac296f8bc6f0addaa1a?s=96&d=mm&r=g\",\"caption\":\"edicionweb\"}}]}<\/script>\n<!-- \/ Yoast SEO plugin. -->","yoast_head_json":{"title":"\u2018Ocean Viking\u2019: doce d\u00edas de navegaci\u00f3n silenciosa - Canal 7 SLP - 2019","robots":{"index":"index","follow":"follow","max-snippet":"max-snippet:-1","max-image-preview":"max-image-preview:large","max-video-preview":"max-video-preview:-1"},"canonical":"https:\/\/canal7slp.tv\/2019\/ocean-viking-doce-dias-de-navegacion-silenciosa\/","og_locale":"es_ES","og_type":"article","og_title":"\u2018Ocean Viking\u2019: doce d\u00edas de navegaci\u00f3n silenciosa - Canal 7 SLP - 2019","og_description":"Roma.- \u201cNo sabemos cu\u00e1ntos d\u00edas m\u00e1s podremos seguir as\u00ed\u201d, dec\u00eda ayer a este diario Jay Berger desde el Ocean Viking , el barco de SOS M\u00e9diterran\u00e9e y M\u00e9dicos Sin Fronteras que lleva doce d\u00edas en el canal de Sicilia en espera de un puerto donde desembarcar a 356 personas recogidas en cuatro operaciones de rescate [&hellip;]","og_url":"https:\/\/canal7slp.tv\/2019\/ocean-viking-doce-dias-de-navegacion-silenciosa\/","og_site_name":"Canal 7 SLP - 2019","article_publisher":"https:\/\/www.facebook.com\/CANAL7SLP\/","article_published_time":"2019-08-22T15:13:37+00:00","og_image":[{"width":728,"height":410,"url":"https:\/\/canal7slp.tv\/2019\/wp-content\/uploads\/2019\/08\/1045-20.jpg","type":"image\/jpeg"}],"author":"edicionweb","twitter_card":"summary_large_image","twitter_creator":"@canal7_slp","twitter_site":"@canal7_slp","twitter_misc":{"Escrito por":"edicionweb","Tiempo de lectura":"3 minutos"},"schema":{"@context":"https:\/\/schema.org","@graph":[{"@type":"Article","@id":"https:\/\/canal7slp.tv\/2019\/ocean-viking-doce-dias-de-navegacion-silenciosa\/#article","isPartOf":{"@id":"https:\/\/canal7slp.tv\/2019\/ocean-viking-doce-dias-de-navegacion-silenciosa\/"},"author":{"name":"edicionweb","@id":"https:\/\/canal7slp.tv\/2019\/#\/schema\/person\/11d941c1c6ca30ac0a46b95fa37aa2e3"},"headline":"\u2018Ocean Viking\u2019: doce d\u00edas de navegaci\u00f3n silenciosa","datePublished":"2019-08-22T15:13:37+00:00","mainEntityOfPage":{"@id":"https:\/\/canal7slp.tv\/2019\/ocean-viking-doce-dias-de-navegacion-silenciosa\/"},"wordCount":679,"commentCount":0,"publisher":{"@id":"https:\/\/canal7slp.tv\/2019\/#organization"},"image":{"@id":"https:\/\/canal7slp.tv\/2019\/ocean-viking-doce-dias-de-navegacion-silenciosa\/#primaryimage"},"thumbnailUrl":"https:\/\/canal7slp.tv\/2019\/wp-content\/uploads\/2019\/08\/1045-20.jpg","articleSection":["INTERNACIONAL"],"inLanguage":"es","potentialAction":[{"@type":"CommentAction","name":"Comment","target":["https:\/\/canal7slp.tv\/2019\/ocean-viking-doce-dias-de-navegacion-silenciosa\/#respond"]}]},{"@type":"WebPage","@id":"https:\/\/canal7slp.tv\/2019\/ocean-viking-doce-dias-de-navegacion-silenciosa\/","url":"https:\/\/canal7slp.tv\/2019\/ocean-viking-doce-dias-de-navegacion-silenciosa\/","name":"\u2018Ocean Viking\u2019: doce d\u00edas de navegaci\u00f3n silenciosa - Canal 7 SLP - 2019","isPartOf":{"@id":"https:\/\/canal7slp.tv\/2019\/#website"},"primaryImageOfPage":{"@id":"https:\/\/canal7slp.tv\/2019\/ocean-viking-doce-dias-de-navegacion-silenciosa\/#primaryimage"},"image":{"@id":"https:\/\/canal7slp.tv\/2019\/ocean-viking-doce-dias-de-navegacion-silenciosa\/#primaryimage"},"thumbnailUrl":"https:\/\/canal7slp.tv\/2019\/wp-content\/uploads\/2019\/08\/1045-20.jpg","datePublished":"2019-08-22T15:13:37+00:00","breadcrumb":{"@id":"https:\/\/canal7slp.tv\/2019\/ocean-viking-doce-dias-de-navegacion-silenciosa\/#breadcrumb"},"inLanguage":"es","potentialAction":[{"@type":"ReadAction","target":["https:\/\/canal7slp.tv\/2019\/ocean-viking-doce-dias-de-navegacion-silenciosa\/"]}]},{"@type":"ImageObject","inLanguage":"es","@id":"https:\/\/canal7slp.tv\/2019\/ocean-viking-doce-dias-de-navegacion-silenciosa\/#primaryimage","url":"https:\/\/canal7slp.tv\/2019\/wp-content\/uploads\/2019\/08\/1045-20.jpg","contentUrl":"https:\/\/canal7slp.tv\/2019\/wp-content\/uploads\/2019\/08\/1045-20.jpg","width":728,"height":410},{"@type":"BreadcrumbList","@id":"https:\/\/canal7slp.tv\/2019\/ocean-viking-doce-dias-de-navegacion-silenciosa\/#breadcrumb","itemListElement":[{"@type":"ListItem","position":1,"name":"Home","item":"https:\/\/canal7slp.tv\/2019\/"},{"@type":"ListItem","position":2,"name":"\u2018Ocean Viking\u2019: doce d\u00edas de navegaci\u00f3n silenciosa"}]},{"@type":"WebSite","@id":"https:\/\/canal7slp.tv\/2019\/#website","url":"https:\/\/canal7slp.tv\/2019\/","name":"Canal 7 SLP - Somos TV","description":"Somos un Canal de 10","publisher":{"@id":"https:\/\/canal7slp.tv\/2019\/#organization"},"potentialAction":[{"@type":"SearchAction","target":{"@type":"EntryPoint","urlTemplate":"https:\/\/canal7slp.tv\/2019\/?s={search_term_string}"},"query-input":{"@type":"PropertyValueSpecification","valueRequired":true,"valueName":"search_term_string"}}],"inLanguage":"es"},{"@type":"Organization","@id":"https:\/\/canal7slp.tv\/2019\/#organization","name":"Comunicaci\u00f3n 2000 S.A. de C.V.","url":"https:\/\/canal7slp.tv\/2019\/","logo":{"@type":"ImageObject","inLanguage":"es","@id":"https:\/\/canal7slp.tv\/2019\/#\/schema\/logo\/image\/","url":"https:\/\/canal7slp.tv\/2019\/wp-content\/uploads\/2019\/07\/logo-c7.png","contentUrl":"https:\/\/canal7slp.tv\/2019\/wp-content\/uploads\/2019\/07\/logo-c7.png","width":220,"height":60,"caption":"Comunicaci\u00f3n 2000 S.A. de C.V."},"image":{"@id":"https:\/\/canal7slp.tv\/2019\/#\/schema\/logo\/image\/"},"sameAs":["https:\/\/www.facebook.com\/CANAL7SLP\/","https:\/\/x.com\/canal7_slp","https:\/\/www.instagram.com\/canal7_slp","https:\/\/www.youtube.com\/user\/NOTICIEROSCANAL7SLP\/"]},{"@type":"Person","@id":"https:\/\/canal7slp.tv\/2019\/#\/schema\/person\/11d941c1c6ca30ac0a46b95fa37aa2e3","name":"edicionweb","image":{"@type":"ImageObject","inLanguage":"es","@id":"https:\/\/secure.gravatar.com\/avatar\/eee448fc3f7164808013b816ba91ac7e43bbe82a70bebac296f8bc6f0addaa1a?s=96&d=mm&r=g","url":"https:\/\/secure.gravatar.com\/avatar\/eee448fc3f7164808013b816ba91ac7e43bbe82a70bebac296f8bc6f0addaa1a?s=96&d=mm&r=g","contentUrl":"https:\/\/secure.gravatar.com\/avatar\/eee448fc3f7164808013b816ba91ac7e43bbe82a70bebac296f8bc6f0addaa1a?s=96&d=mm&r=g","caption":"edicionweb"}}]}},"amp_enabled":true,"cmb2":{"video_ids_in_playlist":{"vid_p_videos":""},"video_ids_in_channel":{"vid_c_videos":""},"playlist_ids_in_channel":{"vid_c_playlists":""},"series_ids_in_channel":{"vid_c_series":""},"channel_images":{"vid_c_logo":"","vid_c_banner":""},"poster_feature_image":{"vid_m_poster_image":""},"gif_feature_image":{"vid_m_gif_image":""},"video_movie_settings":{"vid_m_director":"","vid_m_actor":"","vid_m_imdb_ratings":"","vid_m_amazon_associates":""},"vid_youtube_broadcasts_settings":{"vid_yb_broadcast_title":"","vid_yb_q":"","vid_yb_channelid":"","vid_yb_videocategoryid":"","vid_yb_maxresults":"","vid_yb_order":"","vid_yb_regioncode":"","vid_yb_videosyndicated":"","vid_yb_style":"","vid_yb_reload_first":""},"video_series_settings":{"vid_m_director":"","vid_m_actor":"","vid_m_imdb_ratings":"","video_series_group":""},"amazon_associates_settings":{"amazon_associates":"","amazon_native_ad":""},"vid_youtube_automatic_settings":{"vid_ya_youtube_source":"","vid_ya_update_every":"","vid_ya_update_unit":"","vid_ya_categories":"","vid_ya_published_after":"","vid_ya_published_before":"","vid_ya_playlists":"","vid_ya_channels":"","vid_ya_director":"","vid_ya_actor":"","vid_ya_author":"","vid_ya_import_post_date":"","vid_ya_status":"","vid_ya_sub_api_key":""},"vid_ads_m_videoads_settings_post":{"vid_ads_m_video_ads":"","vid_ads_m_video_ads_type":"","vid_ads_m_group_google_ima":"","vid_ads_m_group_image":"","vid_ads_m_group_html5_video":"","vid_ads_m_group_html":"","vid_ads_m_vast_preroll":"","vid_ads_m_vast_postroll":"","vid_ads_m_vast_pauseroll":"","vid_ads_m_vast_midroll":[{"vid_ads_m_vast_timer_seconds":"50"}],"vid_ads_m_time_to_show_ads":"","vid_ads_m_time_skip_ads":"","vid_ads_m_time_to_hide_ads":""},"page_slider_settings":{"display_slider_group":"","page_slider_group":""},"blog_page_settings":{"blog_page_title":"","blog_page_heading":"","blog_page_ic":"","blog_page_it":"","blog_page_ec":"","blog_page_ip":"","archive_loop_style":"","blog_image_ratio":"","blog_show_categories":"","blog_show_excerpt":"","blog_show_author":"","blog_show_date":"","blog_show_comment_count":"","blog_show_view_count":"","blog_show_like_count":"","blog_show_dislike_count":"","blog_items_per_page":"","blog_pag_type":""},"page_options":{"get_page_template":"","color_mode":"","main_layout":"","main_layout_full_with":"","main_logo":"","main_logo_retina":"","main_logo_mobile":"","main_logo_mobile_retina":"","sticky_logo":"","sticky_logo_retina":"","main_nav_layout":"","ajax_search":"","header_background":"","theme_sidebar":"","instagram_feed":"","instagram_feed_position":"","popular_videos":"","popular_videos_title_1":"","popular_videos_title_2":"","popular_videos_ic":"","popular_videos_it":"","theme_background":"","page_custom_css":""},"feature_image_settings":{"feature_image_position":""},"video_player_settings":{"single_video_style":"","video_player_position":"","vm_video_url":"","video_player_library":"","video_streaming":"","vm_media_sources":"","vid_auto_play":"","vm_video_shortcode":"","vid_p_sync_playlist":"","vid_c_sync_channel":"","get_post_format":"","multiple_links_structure":"default","multi_links_title":"","vm_video_multi_links":"","vm_duration":"","vid_social_locker":"off","vid_social_locker_id":"","vid_membership_action":"content-video","vm_video_trailer_url":"","vid_download_type":"free","vid_download_target":"download","vid_woo_product":"","vm_media_download":"","user_rating":"","user_rating_position":"","user_rating_mode":"","user_rating_multi_sets":""},"video_auto_fetch_settings":{"vm_video_fetch":"on"},"video_fake_views_likes":{"vm_fake_views":"","vm_fake_likes":"","vm_fake_dislikes":""},"gallery_settings":{"gallery_position":""},"quote_settings":{"quote_position":""},"post_options":{"main_layout":"","main_logo":"","main_logo_retina":"","main_logo_mobile":"","main_logo_mobile_retina":"","sticky_logo":"","sticky_logo_retina":"","main_nav_layout":"","header_background":"","theme_sidebar":"","single_post_comment_type":"","theme_background":""}},"_links":{"self":[{"href":"https:\/\/canal7slp.tv\/2019\/wp-json\/wp\/v2\/posts\/53441","targetHints":{"allow":["GET"]}}],"collection":[{"href":"https:\/\/canal7slp.tv\/2019\/wp-json\/wp\/v2\/posts"}],"about":[{"href":"https:\/\/canal7slp.tv\/2019\/wp-json\/wp\/v2\/types\/post"}],"author":[{"embeddable":true,"href":"https:\/\/canal7slp.tv\/2019\/wp-json\/wp\/v2\/users\/2"}],"replies":[{"embeddable":true,"href":"https:\/\/canal7slp.tv\/2019\/wp-json\/wp\/v2\/comments?post=53441"}],"version-history":[{"count":0,"href":"https:\/\/canal7slp.tv\/2019\/wp-json\/wp\/v2\/posts\/53441\/revisions"}],"wp:featuredmedia":[{"embeddable":true,"href":"https:\/\/canal7slp.tv\/2019\/wp-json\/wp\/v2\/media\/53442"}],"wp:attachment":[{"href":"https:\/\/canal7slp.tv\/2019\/wp-json\/wp\/v2\/media?parent=53441"}],"wp:term":[{"taxonomy":"category","embeddable":true,"href":"https:\/\/canal7slp.tv\/2019\/wp-json\/wp\/v2\/categories?post=53441"},{"taxonomy":"post_tag","embeddable":true,"href":"https:\/\/canal7slp.tv\/2019\/wp-json\/wp\/v2\/tags?post=53441"}],"curies":[{"name":"wp","href":"https:\/\/api.w.org\/{rel}","templated":true}]}}