{"id":5291,"date":"2019-05-31T20:59:17","date_gmt":"2019-06-01T01:59:17","guid":{"rendered":"https:\/\/canal7slp.tv\/2019\/polimorfismos-de-guillermo-gadda-pueden-verse-en-salon-de-la-plastica\/"},"modified":"2019-05-31T20:59:17","modified_gmt":"2019-06-01T01:59:17","slug":"polimorfismos-de-guillermo-gadda-pueden-verse-en-salon-de-la-plastica","status":"publish","type":"post","link":"https:\/\/canal7slp.tv\/2019\/polimorfismos-de-guillermo-gadda-pueden-verse-en-salon-de-la-plastica\/","title":{"rendered":"Polimorfismos de Guillermo Gadda pueden verse en Sal\u00f3n de la Pl\u00e1stica"},"content":{"rendered":"<p> [ad_1]<br \/>\n<\/p>\n<div class=\"pf-content\">\n<p style=\"text-align: justify\">M\u00e9xico.- Para homenajear el legado de Guillermo Gadda en el d\u00e9cimo aniversario de su muerte, el Sal\u00f3n de la Pl\u00e1stica Mexicana (SPM), de la que fue miembro, prepar\u00f3 una exposici\u00f3n centrada en los polimorfismos del artista veracruzano.<\/p>\n<p style=\"text-align: justify\">Con dicho termino Guillermo (1945-2009) denomin\u00f3 a los tableros desplegables en los que es necesaria la interacci\u00f3n de los espectadores, lo cual plantea la transfiguraci\u00f3n de su realidad, adem\u00e1s de la fidelidad a un realismo pict\u00f3rico cercano a lo fotogr\u00e1fico.<\/p>\n<p style=\"text-align: justify\">La coordinadora general del recinto, Cecilia Santacruz, indic\u00f3 que una de sus herencias al arte y la cultura de M\u00e9xico, son esta especie de tableros que conforme se abren ventanas se dan nuevas y muy variadas lecturas con una interpretaci\u00f3n independiente, por lo que la muestra consta de 10 polimorfismos.<\/p>\n<p style=\"text-align: justify\">La retrospectiva \u201cTransfiguraci\u00f3n del ensue\u00f1o. Homenaje a Guillermo Gadda\u201d, a cargo de la Secretar\u00eda de Cultura y el Instituto Nacional de Bellas Artes y Literatura (INBAL), estar\u00e1 abierta al p\u00fablico hasta el domingo 26 de mayo.<\/p>\n<p style=\"text-align: justify\">De acuerdo con el cr\u00edtico de arte Luis Carlos Emerich, Gadda recorri\u00f3 \u201ccon singular maestr\u00eda factual una diversidad tanto tem\u00e1tica como estil\u00edstica que solo \u00e9l puede unificar con una l\u00f3gica que escapa a razones ortodoxas\u201d.<\/p>\n<p style=\"text-align: justify\">\u201cM\u00e1gicamente su realismo fotogr\u00e1fico o su objetivismo \u2018m\u00e1s que real\u2019, su romanticismo a\u00f1orado o su simbolismo resucitado, o la sensualidad con que los acomete, obedecen a un mismo esp\u00edritu anhelante de lo sublime, de la perfecci\u00f3n como verdad \u00faltima\u201d, a\u00f1adi\u00f3.<\/p>\n<p style=\"text-align: justify\">Guillermo Gadda naci\u00f3 en Xalapa, Veracruz, y realiz\u00f3 estudios en la Escuela de Artes Pl\u00e1sticas de la Universidad Veracruzana. Particip\u00f3 en 15 exposiciones individuales y m\u00e1s de 135 colectivas en diferentes estados de la Rep\u00fablica Mexicana, Estados Unidos y Europa.<\/p>\n<p style=\"text-align: justify\">\n<\/div>\n<p>La entrada <a rel=\"nofollow\" href=\"http:\/\/canal7slp.com\/polimorfismos-de-guillermo-gadda-pueden-verse-en-salon-de-la-plastica\/\">Polimorfismos de Guillermo Gadda pueden verse en Sal\u00f3n de la Pl\u00e1stica<\/a> aparece primero en <a rel=\"nofollow\" href=\"http:\/\/canal7slp.com\">Canal Siete XHSLV | Televisi\u00f3n de San Luis Potos\u00ed<\/a>.<\/p>\n<p>[ad_2]<\/p>\n","protected":false},"excerpt":{"rendered":"<p>[ad_1] M\u00e9xico.- Para homenajear el legado de Guillermo Gadda en el d\u00e9cimo aniversario de su muerte, el Sal\u00f3n de la Pl\u00e1stica Mexicana (SPM), de la que fue miembro, prepar\u00f3 una exposici\u00f3n centrada en los polimorfismos del artista veracruzano. Con dicho termino Guillermo (1945-2009) denomin\u00f3 a los tableros desplegables en los que es necesaria la interacci\u00f3n [&hellip;]<\/p>\n","protected":false},"author":1,"featured_media":5292,"comment_status":"open","ping_status":"open","sticky":false,"template":"","format":"standard","meta":{"footnotes":""},"categories":[25],"tags":[],"class_list":["post-5291","post","type-post","status-publish","format-standard","has-post-thumbnail","hentry","category-cultura"],"yoast_head":"<!-- This site is optimized with the Yoast SEO plugin v27.5 - https:\/\/yoast.com\/product\/yoast-seo-wordpress\/ -->\n<title>Polimorfismos de Guillermo Gadda pueden verse en Sal\u00f3n de la Pl\u00e1stica - Canal 7 SLP - 2019<\/title>\n<meta name=\"robots\" content=\"index, follow, max-snippet:-1, max-image-preview:large, max-video-preview:-1\" \/>\n<link rel=\"canonical\" href=\"https:\/\/canal7slp.tv\/2019\/polimorfismos-de-guillermo-gadda-pueden-verse-en-salon-de-la-plastica\/\" \/>\n<meta property=\"og:locale\" content=\"es_ES\" \/>\n<meta property=\"og:type\" content=\"article\" \/>\n<meta property=\"og:title\" content=\"Polimorfismos de Guillermo Gadda pueden verse en Sal\u00f3n de la Pl\u00e1stica - Canal 7 SLP - 2019\" \/>\n<meta property=\"og:description\" content=\"[ad_1] M\u00e9xico.- Para homenajear el legado de Guillermo Gadda en el d\u00e9cimo aniversario de su muerte, el Sal\u00f3n de la Pl\u00e1stica Mexicana (SPM), de la que fue miembro, prepar\u00f3 una exposici\u00f3n centrada en los polimorfismos del artista veracruzano. Con dicho termino Guillermo (1945-2009) denomin\u00f3 a los tableros desplegables en los que es necesaria la interacci\u00f3n [&hellip;]\" \/>\n<meta property=\"og:url\" content=\"https:\/\/canal7slp.tv\/2019\/polimorfismos-de-guillermo-gadda-pueden-verse-en-salon-de-la-plastica\/\" \/>\n<meta property=\"og:site_name\" content=\"Canal 7 SLP - 2019\" \/>\n<meta property=\"article:publisher\" content=\"https:\/\/www.facebook.com\/CANAL7SLP\/\" \/>\n<meta property=\"article:published_time\" content=\"2019-06-01T01:59:17+00:00\" \/>\n<meta property=\"og:image\" content=\"https:\/\/canal7slp.tv\/2019\/wp-content\/uploads\/2019\/05\/111.jpg\" \/>\n\t<meta property=\"og:image:width\" content=\"642\" \/>\n\t<meta property=\"og:image:height\" content=\"410\" \/>\n\t<meta property=\"og:image:type\" content=\"image\/jpeg\" \/>\n<meta name=\"twitter:card\" content=\"summary_large_image\" \/>\n<meta name=\"twitter:creator\" content=\"@canal7_slp\" \/>\n<meta name=\"twitter:site\" content=\"@canal7_slp\" \/>\n<meta name=\"twitter:label1\" content=\"Escrito por\" \/>\n\t<meta name=\"twitter:data1\" content=\"\" \/>\n\t<meta name=\"twitter:label2\" content=\"Tiempo de lectura\" \/>\n\t<meta name=\"twitter:data2\" content=\"2 minutos\" \/>\n<script type=\"application\/ld+json\" class=\"yoast-schema-graph\">{\"@context\":\"https:\\\/\\\/schema.org\",\"@graph\":[{\"@type\":\"Article\",\"@id\":\"https:\\\/\\\/canal7slp.tv\\\/2019\\\/polimorfismos-de-guillermo-gadda-pueden-verse-en-salon-de-la-plastica\\\/#article\",\"isPartOf\":{\"@id\":\"https:\\\/\\\/canal7slp.tv\\\/2019\\\/polimorfismos-de-guillermo-gadda-pueden-verse-en-salon-de-la-plastica\\\/\"},\"author\":{\"name\":\"\",\"@id\":\"\"},\"headline\":\"Polimorfismos de Guillermo Gadda pueden verse en Sal\u00f3n de la Pl\u00e1stica\",\"datePublished\":\"2019-06-01T01:59:17+00:00\",\"mainEntityOfPage\":{\"@id\":\"https:\\\/\\\/canal7slp.tv\\\/2019\\\/polimorfismos-de-guillermo-gadda-pueden-verse-en-salon-de-la-plastica\\\/\"},\"wordCount\":348,\"commentCount\":0,\"publisher\":{\"@id\":\"https:\\\/\\\/canal7slp.tv\\\/2019\\\/#organization\"},\"image\":{\"@id\":\"https:\\\/\\\/canal7slp.tv\\\/2019\\\/polimorfismos-de-guillermo-gadda-pueden-verse-en-salon-de-la-plastica\\\/#primaryimage\"},\"thumbnailUrl\":\"https:\\\/\\\/canal7slp.tv\\\/2019\\\/wp-content\\\/uploads\\\/2019\\\/05\\\/111.jpg\",\"articleSection\":[\"CULTURA\"],\"inLanguage\":\"es\",\"potentialAction\":[{\"@type\":\"CommentAction\",\"name\":\"Comment\",\"target\":[\"https:\\\/\\\/canal7slp.tv\\\/2019\\\/polimorfismos-de-guillermo-gadda-pueden-verse-en-salon-de-la-plastica\\\/#respond\"]}]},{\"@type\":\"WebPage\",\"@id\":\"https:\\\/\\\/canal7slp.tv\\\/2019\\\/polimorfismos-de-guillermo-gadda-pueden-verse-en-salon-de-la-plastica\\\/\",\"url\":\"https:\\\/\\\/canal7slp.tv\\\/2019\\\/polimorfismos-de-guillermo-gadda-pueden-verse-en-salon-de-la-plastica\\\/\",\"name\":\"Polimorfismos de Guillermo Gadda pueden verse en Sal\u00f3n de la Pl\u00e1stica - Canal 7 SLP - 2019\",\"isPartOf\":{\"@id\":\"https:\\\/\\\/canal7slp.tv\\\/2019\\\/#website\"},\"primaryImageOfPage\":{\"@id\":\"https:\\\/\\\/canal7slp.tv\\\/2019\\\/polimorfismos-de-guillermo-gadda-pueden-verse-en-salon-de-la-plastica\\\/#primaryimage\"},\"image\":{\"@id\":\"https:\\\/\\\/canal7slp.tv\\\/2019\\\/polimorfismos-de-guillermo-gadda-pueden-verse-en-salon-de-la-plastica\\\/#primaryimage\"},\"thumbnailUrl\":\"https:\\\/\\\/canal7slp.tv\\\/2019\\\/wp-content\\\/uploads\\\/2019\\\/05\\\/111.jpg\",\"datePublished\":\"2019-06-01T01:59:17+00:00\",\"breadcrumb\":{\"@id\":\"https:\\\/\\\/canal7slp.tv\\\/2019\\\/polimorfismos-de-guillermo-gadda-pueden-verse-en-salon-de-la-plastica\\\/#breadcrumb\"},\"inLanguage\":\"es\",\"potentialAction\":[{\"@type\":\"ReadAction\",\"target\":[\"https:\\\/\\\/canal7slp.tv\\\/2019\\\/polimorfismos-de-guillermo-gadda-pueden-verse-en-salon-de-la-plastica\\\/\"]}]},{\"@type\":\"ImageObject\",\"inLanguage\":\"es\",\"@id\":\"https:\\\/\\\/canal7slp.tv\\\/2019\\\/polimorfismos-de-guillermo-gadda-pueden-verse-en-salon-de-la-plastica\\\/#primaryimage\",\"url\":\"https:\\\/\\\/canal7slp.tv\\\/2019\\\/wp-content\\\/uploads\\\/2019\\\/05\\\/111.jpg\",\"contentUrl\":\"https:\\\/\\\/canal7slp.tv\\\/2019\\\/wp-content\\\/uploads\\\/2019\\\/05\\\/111.jpg\",\"width\":642,\"height\":410},{\"@type\":\"BreadcrumbList\",\"@id\":\"https:\\\/\\\/canal7slp.tv\\\/2019\\\/polimorfismos-de-guillermo-gadda-pueden-verse-en-salon-de-la-plastica\\\/#breadcrumb\",\"itemListElement\":[{\"@type\":\"ListItem\",\"position\":1,\"name\":\"Home\",\"item\":\"https:\\\/\\\/canal7slp.tv\\\/2019\\\/\"},{\"@type\":\"ListItem\",\"position\":2,\"name\":\"Polimorfismos de Guillermo Gadda pueden verse en Sal\u00f3n de la Pl\u00e1stica\"}]},{\"@type\":\"WebSite\",\"@id\":\"https:\\\/\\\/canal7slp.tv\\\/2019\\\/#website\",\"url\":\"https:\\\/\\\/canal7slp.tv\\\/2019\\\/\",\"name\":\"Canal 7 SLP - Somos TV\",\"description\":\"Somos un Canal de 10\",\"publisher\":{\"@id\":\"https:\\\/\\\/canal7slp.tv\\\/2019\\\/#organization\"},\"potentialAction\":[{\"@type\":\"SearchAction\",\"target\":{\"@type\":\"EntryPoint\",\"urlTemplate\":\"https:\\\/\\\/canal7slp.tv\\\/2019\\\/?s={search_term_string}\"},\"query-input\":{\"@type\":\"PropertyValueSpecification\",\"valueRequired\":true,\"valueName\":\"search_term_string\"}}],\"inLanguage\":\"es\"},{\"@type\":\"Organization\",\"@id\":\"https:\\\/\\\/canal7slp.tv\\\/2019\\\/#organization\",\"name\":\"Comunicaci\u00f3n 2000 S.A. de C.V.\",\"url\":\"https:\\\/\\\/canal7slp.tv\\\/2019\\\/\",\"logo\":{\"@type\":\"ImageObject\",\"inLanguage\":\"es\",\"@id\":\"https:\\\/\\\/canal7slp.tv\\\/2019\\\/#\\\/schema\\\/logo\\\/image\\\/\",\"url\":\"https:\\\/\\\/canal7slp.tv\\\/2019\\\/wp-content\\\/uploads\\\/2019\\\/07\\\/logo-c7.png\",\"contentUrl\":\"https:\\\/\\\/canal7slp.tv\\\/2019\\\/wp-content\\\/uploads\\\/2019\\\/07\\\/logo-c7.png\",\"width\":220,\"height\":60,\"caption\":\"Comunicaci\u00f3n 2000 S.A. de C.V.\"},\"image\":{\"@id\":\"https:\\\/\\\/canal7slp.tv\\\/2019\\\/#\\\/schema\\\/logo\\\/image\\\/\"},\"sameAs\":[\"https:\\\/\\\/www.facebook.com\\\/CANAL7SLP\\\/\",\"https:\\\/\\\/x.com\\\/canal7_slp\",\"https:\\\/\\\/www.instagram.com\\\/canal7_slp\",\"https:\\\/\\\/www.youtube.com\\\/user\\\/NOTICIEROSCANAL7SLP\\\/\"]},{\"@type\":\"Person\",\"@id\":\"\"}]}<\/script>\n<!-- \/ Yoast SEO plugin. -->","yoast_head_json":{"title":"Polimorfismos de Guillermo Gadda pueden verse en Sal\u00f3n de la Pl\u00e1stica - Canal 7 SLP - 2019","robots":{"index":"index","follow":"follow","max-snippet":"max-snippet:-1","max-image-preview":"max-image-preview:large","max-video-preview":"max-video-preview:-1"},"canonical":"https:\/\/canal7slp.tv\/2019\/polimorfismos-de-guillermo-gadda-pueden-verse-en-salon-de-la-plastica\/","og_locale":"es_ES","og_type":"article","og_title":"Polimorfismos de Guillermo Gadda pueden verse en Sal\u00f3n de la Pl\u00e1stica - Canal 7 SLP - 2019","og_description":"[ad_1] M\u00e9xico.- Para homenajear el legado de Guillermo Gadda en el d\u00e9cimo aniversario de su muerte, el Sal\u00f3n de la Pl\u00e1stica Mexicana (SPM), de la que fue miembro, prepar\u00f3 una exposici\u00f3n centrada en los polimorfismos del artista veracruzano. Con dicho termino Guillermo (1945-2009) denomin\u00f3 a los tableros desplegables en los que es necesaria la interacci\u00f3n [&hellip;]","og_url":"https:\/\/canal7slp.tv\/2019\/polimorfismos-de-guillermo-gadda-pueden-verse-en-salon-de-la-plastica\/","og_site_name":"Canal 7 SLP - 2019","article_publisher":"https:\/\/www.facebook.com\/CANAL7SLP\/","article_published_time":"2019-06-01T01:59:17+00:00","og_image":[{"width":642,"height":410,"url":"https:\/\/canal7slp.tv\/2019\/wp-content\/uploads\/2019\/05\/111.jpg","type":"image\/jpeg"}],"twitter_card":"summary_large_image","twitter_creator":"@canal7_slp","twitter_site":"@canal7_slp","twitter_misc":{"Escrito por":"","Tiempo de lectura":"2 minutos"},"schema":{"@context":"https:\/\/schema.org","@graph":[{"@type":"Article","@id":"https:\/\/canal7slp.tv\/2019\/polimorfismos-de-guillermo-gadda-pueden-verse-en-salon-de-la-plastica\/#article","isPartOf":{"@id":"https:\/\/canal7slp.tv\/2019\/polimorfismos-de-guillermo-gadda-pueden-verse-en-salon-de-la-plastica\/"},"author":{"name":"","@id":""},"headline":"Polimorfismos de Guillermo Gadda pueden verse en Sal\u00f3n de la Pl\u00e1stica","datePublished":"2019-06-01T01:59:17+00:00","mainEntityOfPage":{"@id":"https:\/\/canal7slp.tv\/2019\/polimorfismos-de-guillermo-gadda-pueden-verse-en-salon-de-la-plastica\/"},"wordCount":348,"commentCount":0,"publisher":{"@id":"https:\/\/canal7slp.tv\/2019\/#organization"},"image":{"@id":"https:\/\/canal7slp.tv\/2019\/polimorfismos-de-guillermo-gadda-pueden-verse-en-salon-de-la-plastica\/#primaryimage"},"thumbnailUrl":"https:\/\/canal7slp.tv\/2019\/wp-content\/uploads\/2019\/05\/111.jpg","articleSection":["CULTURA"],"inLanguage":"es","potentialAction":[{"@type":"CommentAction","name":"Comment","target":["https:\/\/canal7slp.tv\/2019\/polimorfismos-de-guillermo-gadda-pueden-verse-en-salon-de-la-plastica\/#respond"]}]},{"@type":"WebPage","@id":"https:\/\/canal7slp.tv\/2019\/polimorfismos-de-guillermo-gadda-pueden-verse-en-salon-de-la-plastica\/","url":"https:\/\/canal7slp.tv\/2019\/polimorfismos-de-guillermo-gadda-pueden-verse-en-salon-de-la-plastica\/","name":"Polimorfismos de Guillermo Gadda pueden verse en Sal\u00f3n de la Pl\u00e1stica - Canal 7 SLP - 2019","isPartOf":{"@id":"https:\/\/canal7slp.tv\/2019\/#website"},"primaryImageOfPage":{"@id":"https:\/\/canal7slp.tv\/2019\/polimorfismos-de-guillermo-gadda-pueden-verse-en-salon-de-la-plastica\/#primaryimage"},"image":{"@id":"https:\/\/canal7slp.tv\/2019\/polimorfismos-de-guillermo-gadda-pueden-verse-en-salon-de-la-plastica\/#primaryimage"},"thumbnailUrl":"https:\/\/canal7slp.tv\/2019\/wp-content\/uploads\/2019\/05\/111.jpg","datePublished":"2019-06-01T01:59:17+00:00","breadcrumb":{"@id":"https:\/\/canal7slp.tv\/2019\/polimorfismos-de-guillermo-gadda-pueden-verse-en-salon-de-la-plastica\/#breadcrumb"},"inLanguage":"es","potentialAction":[{"@type":"ReadAction","target":["https:\/\/canal7slp.tv\/2019\/polimorfismos-de-guillermo-gadda-pueden-verse-en-salon-de-la-plastica\/"]}]},{"@type":"ImageObject","inLanguage":"es","@id":"https:\/\/canal7slp.tv\/2019\/polimorfismos-de-guillermo-gadda-pueden-verse-en-salon-de-la-plastica\/#primaryimage","url":"https:\/\/canal7slp.tv\/2019\/wp-content\/uploads\/2019\/05\/111.jpg","contentUrl":"https:\/\/canal7slp.tv\/2019\/wp-content\/uploads\/2019\/05\/111.jpg","width":642,"height":410},{"@type":"BreadcrumbList","@id":"https:\/\/canal7slp.tv\/2019\/polimorfismos-de-guillermo-gadda-pueden-verse-en-salon-de-la-plastica\/#breadcrumb","itemListElement":[{"@type":"ListItem","position":1,"name":"Home","item":"https:\/\/canal7slp.tv\/2019\/"},{"@type":"ListItem","position":2,"name":"Polimorfismos de Guillermo Gadda pueden verse en Sal\u00f3n de la Pl\u00e1stica"}]},{"@type":"WebSite","@id":"https:\/\/canal7slp.tv\/2019\/#website","url":"https:\/\/canal7slp.tv\/2019\/","name":"Canal 7 SLP - Somos TV","description":"Somos un Canal de 10","publisher":{"@id":"https:\/\/canal7slp.tv\/2019\/#organization"},"potentialAction":[{"@type":"SearchAction","target":{"@type":"EntryPoint","urlTemplate":"https:\/\/canal7slp.tv\/2019\/?s={search_term_string}"},"query-input":{"@type":"PropertyValueSpecification","valueRequired":true,"valueName":"search_term_string"}}],"inLanguage":"es"},{"@type":"Organization","@id":"https:\/\/canal7slp.tv\/2019\/#organization","name":"Comunicaci\u00f3n 2000 S.A. de C.V.","url":"https:\/\/canal7slp.tv\/2019\/","logo":{"@type":"ImageObject","inLanguage":"es","@id":"https:\/\/canal7slp.tv\/2019\/#\/schema\/logo\/image\/","url":"https:\/\/canal7slp.tv\/2019\/wp-content\/uploads\/2019\/07\/logo-c7.png","contentUrl":"https:\/\/canal7slp.tv\/2019\/wp-content\/uploads\/2019\/07\/logo-c7.png","width":220,"height":60,"caption":"Comunicaci\u00f3n 2000 S.A. de C.V."},"image":{"@id":"https:\/\/canal7slp.tv\/2019\/#\/schema\/logo\/image\/"},"sameAs":["https:\/\/www.facebook.com\/CANAL7SLP\/","https:\/\/x.com\/canal7_slp","https:\/\/www.instagram.com\/canal7_slp","https:\/\/www.youtube.com\/user\/NOTICIEROSCANAL7SLP\/"]},{"@type":"Person","@id":""}]}},"amp_enabled":true,"cmb2":{"video_ids_in_playlist":{"vid_p_videos":""},"video_ids_in_channel":{"vid_c_videos":""},"playlist_ids_in_channel":{"vid_c_playlists":""},"series_ids_in_channel":{"vid_c_series":""},"channel_images":{"vid_c_logo":"","vid_c_banner":""},"poster_feature_image":{"vid_m_poster_image":""},"gif_feature_image":{"vid_m_gif_image":""},"video_movie_settings":{"vid_m_director":"","vid_m_actor":"","vid_m_imdb_ratings":"","vid_m_amazon_associates":""},"vid_youtube_broadcasts_settings":{"vid_yb_broadcast_title":"","vid_yb_q":"","vid_yb_channelid":"","vid_yb_videocategoryid":"","vid_yb_maxresults":"","vid_yb_order":"","vid_yb_regioncode":"","vid_yb_videosyndicated":"","vid_yb_style":"","vid_yb_reload_first":""},"video_series_settings":{"vid_m_director":"","vid_m_actor":"","vid_m_imdb_ratings":"","video_series_group":""},"amazon_associates_settings":{"amazon_associates":"","amazon_native_ad":""},"vid_youtube_automatic_settings":{"vid_ya_youtube_source":"","vid_ya_update_every":"","vid_ya_update_unit":"","vid_ya_categories":"","vid_ya_published_after":"","vid_ya_published_before":"","vid_ya_playlists":"","vid_ya_channels":"","vid_ya_director":"","vid_ya_actor":"","vid_ya_author":"","vid_ya_import_post_date":"","vid_ya_status":"","vid_ya_sub_api_key":""},"vid_ads_m_videoads_settings_post":{"vid_ads_m_video_ads":"","vid_ads_m_video_ads_type":"","vid_ads_m_group_google_ima":"","vid_ads_m_group_image":"","vid_ads_m_group_html5_video":"","vid_ads_m_group_html":"","vid_ads_m_vast_preroll":"","vid_ads_m_vast_postroll":"","vid_ads_m_vast_pauseroll":"","vid_ads_m_vast_midroll":"","vid_ads_m_time_to_show_ads":"","vid_ads_m_time_skip_ads":"","vid_ads_m_time_to_hide_ads":""},"page_slider_settings":{"display_slider_group":"","page_slider_group":""},"blog_page_settings":{"blog_page_title":"","blog_page_heading":"","blog_page_ic":"","blog_page_it":"","blog_page_ec":"","blog_page_ip":"","archive_loop_style":"","blog_image_ratio":"","blog_show_categories":"","blog_show_excerpt":"","blog_show_author":"","blog_show_date":"","blog_show_comment_count":"","blog_show_view_count":"","blog_show_like_count":"","blog_show_dislike_count":"","blog_items_per_page":"","blog_pag_type":""},"page_options":{"get_page_template":"","color_mode":"","main_layout":"","main_layout_full_with":"","main_logo":"","main_logo_retina":"","main_logo_mobile":"","main_logo_mobile_retina":"","sticky_logo":"","sticky_logo_retina":"","main_nav_layout":"","ajax_search":"","header_background":"","theme_sidebar":"","instagram_feed":"","instagram_feed_position":"","popular_videos":"","popular_videos_title_1":"","popular_videos_title_2":"","popular_videos_ic":"","popular_videos_it":"","theme_background":"","page_custom_css":""},"feature_image_settings":{"feature_image_position":""},"video_player_settings":{"single_video_style":"","video_player_position":"","vm_video_url":"","video_player_library":"","video_streaming":"","vm_media_sources":"","vid_auto_play":"","vm_video_shortcode":"","vid_p_sync_playlist":"","vid_c_sync_channel":"","get_post_format":"","multiple_links_structure":"","multi_links_title":"","vm_video_multi_links":"","vm_duration":"","vid_social_locker":"","vid_social_locker_id":"","vid_membership_action":"","vm_video_trailer_url":"","vid_download_type":"","vid_download_target":"","vid_woo_product":"","vm_media_download":"","user_rating":"","user_rating_position":"","user_rating_mode":"","user_rating_multi_sets":""},"video_auto_fetch_settings":{"vm_video_fetch":""},"video_fake_views_likes":{"vm_fake_views":"","vm_fake_likes":"","vm_fake_dislikes":""},"gallery_settings":{"gallery_position":""},"quote_settings":{"quote_position":""},"post_options":{"main_layout":"","main_logo":"","main_logo_retina":"","main_logo_mobile":"","main_logo_mobile_retina":"","sticky_logo":"","sticky_logo_retina":"","main_nav_layout":"","header_background":"","theme_sidebar":"","single_post_comment_type":"","theme_background":""}},"_links":{"self":[{"href":"https:\/\/canal7slp.tv\/2019\/wp-json\/wp\/v2\/posts\/5291","targetHints":{"allow":["GET"]}}],"collection":[{"href":"https:\/\/canal7slp.tv\/2019\/wp-json\/wp\/v2\/posts"}],"about":[{"href":"https:\/\/canal7slp.tv\/2019\/wp-json\/wp\/v2\/types\/post"}],"author":[{"embeddable":true,"href":"https:\/\/canal7slp.tv\/2019\/wp-json\/wp\/v2\/users\/1"}],"replies":[{"embeddable":true,"href":"https:\/\/canal7slp.tv\/2019\/wp-json\/wp\/v2\/comments?post=5291"}],"version-history":[{"count":0,"href":"https:\/\/canal7slp.tv\/2019\/wp-json\/wp\/v2\/posts\/5291\/revisions"}],"wp:featuredmedia":[{"embeddable":true,"href":"https:\/\/canal7slp.tv\/2019\/wp-json\/wp\/v2\/media\/5292"}],"wp:attachment":[{"href":"https:\/\/canal7slp.tv\/2019\/wp-json\/wp\/v2\/media?parent=5291"}],"wp:term":[{"taxonomy":"category","embeddable":true,"href":"https:\/\/canal7slp.tv\/2019\/wp-json\/wp\/v2\/categories?post=5291"},{"taxonomy":"post_tag","embeddable":true,"href":"https:\/\/canal7slp.tv\/2019\/wp-json\/wp\/v2\/tags?post=5291"}],"curies":[{"name":"wp","href":"https:\/\/api.w.org\/{rel}","templated":true}]}}