{"id":5284,"date":"2019-05-31T18:41:34","date_gmt":"2019-05-31T23:41:34","guid":{"rendered":"https:\/\/canal7slp.tv\/2019\/rafael-nadal-avanza-a-octavos-de-final-de-roland-garros\/"},"modified":"2019-05-31T18:41:34","modified_gmt":"2019-05-31T23:41:34","slug":"rafael-nadal-avanza-a-octavos-de-final-de-roland-garros","status":"publish","type":"post","link":"https:\/\/canal7slp.tv\/2019\/rafael-nadal-avanza-a-octavos-de-final-de-roland-garros\/","title":{"rendered":"Rafael Nadal avanza a octavos de final de Roland Garros"},"content":{"rendered":"<p> [ad_1]<br \/>\n<\/p>\n<div class=\"pf-content\">\n<p style=\"text-align: justify\">Par\u00eds.- El tenista espa\u00f1ol Rafael Nadal, sigue en la b\u00fasqueda de su doceavo t\u00edtulo en el Torneo de Roland Garros despu\u00e9s de imponerse en cuatro sets de 6-1, 6-3, 4-6 y 6-3 a David Goffin de B\u00e9lgica y obtener su pase a los octavos de final del certamen parisino.<\/p>\n<p style=\"text-align: justify\">En dos horas y 49 minutos, el n\u00famero dos del mundo dio raz\u00f3n de David en la cancha del remodelado Philippe-Chatrier para detener cualquier aspiraci\u00f3n del 29 del ranking de la ATP.<\/p>\n<p style=\"text-align: justify\">El espa\u00f1ol marc\u00f3 el ritmo del primer set a trav\u00e9s de su contundente derecha para elevar el ritmo de Goffin, quien no pudo aprovechar los pocos errores de Nadal y perdi\u00f3 6-1 en menos de 30 minutos; en el segundo set, \u201cRafa\u201d mantuvo en dominio y con buena colocaci\u00f3n gan\u00f3 el parcial 6-3.<\/p>\n<p style=\"text-align: justify\">A causa de los derechazos a fondo, por parte del oriundo de Mallorca, Goffin, super\u00f3 el empate a 4-4 en el tercer set del encuentro y con 6-4 se llev\u00f3\u00a0su primer parcial; sin embargo, Nadal recuper\u00f3 impuls\u00f3 y fuerza en sus servicios y consum\u00f3 su victoria en el cuarto sets.<\/p>\n<p style=\"text-align: justify\">En otros resultados los argentinos Leonardo Mayer, n\u00famero 68 del ranking, y Juan Ignacio L\u00f3ndero, 78 del orbe, superaron sus pruebas en la arcilla parisina para acceder a los octavos de final.<\/p>\n<p style=\"text-align: justify\">Mayer dio se impuso ante el franc\u00e9s Nicolas Mahut en sets de 3-6, 7-6, 6-4 y 7-6 en tres horas y 28 minutos; en el mismo lapso de tiempo, L\u00f3ndero hizo lo propio contra otro de los anfitriones, Corentin Moutet, con parciales de 2-6, 6-3, 6-4, 5-7 y 6-4.<\/p>\n<p style=\"text-align: justify\">El mismo Juan Ignacio L\u00f3ndero ser\u00e1 el pr\u00f3ximo rival del \u201cMatador\u201d, quien tratar\u00e1 de mejorar su marca de 89 triunfos y dos derrotas en la arcilla francesa.<\/p>\n<\/div>\n<p>La entrada <a rel=\"nofollow\" href=\"http:\/\/canal7slp.com\/rafael-nadal-avanza-a-octavos-de-final-de-roland-garros\/\">Rafael Nadal avanza a octavos de final de Roland Garros<\/a> aparece primero en <a rel=\"nofollow\" href=\"http:\/\/canal7slp.com\">Canal Siete XHSLV | Televisi\u00f3n de San Luis Potos\u00ed<\/a>.<\/p>\n<p>[ad_2]<\/p>\n","protected":false},"excerpt":{"rendered":"<p>[ad_1] Par\u00eds.- El tenista espa\u00f1ol Rafael Nadal, sigue en la b\u00fasqueda de su doceavo t\u00edtulo en el Torneo de Roland Garros despu\u00e9s de imponerse en cuatro sets de 6-1, 6-3, 4-6 y 6-3 a David Goffin de B\u00e9lgica y obtener su pase a los octavos de final del certamen parisino. En dos horas y 49 [&hellip;]<\/p>\n","protected":false},"author":1,"featured_media":5285,"comment_status":"open","ping_status":"open","sticky":false,"template":"","format":"standard","meta":{"footnotes":""},"categories":[96],"tags":[],"class_list":["post-5284","post","type-post","status-publish","format-standard","has-post-thumbnail","hentry","category-deportes"],"yoast_head":"<!-- This site is optimized with the Yoast SEO plugin v27.5 - https:\/\/yoast.com\/product\/yoast-seo-wordpress\/ -->\n<title>Rafael Nadal avanza a octavos de final de Roland Garros - Canal 7 SLP - 2019<\/title>\n<meta name=\"robots\" content=\"index, follow, max-snippet:-1, max-image-preview:large, max-video-preview:-1\" \/>\n<link rel=\"canonical\" href=\"https:\/\/canal7slp.tv\/2019\/rafael-nadal-avanza-a-octavos-de-final-de-roland-garros\/\" \/>\n<meta property=\"og:locale\" content=\"es_ES\" \/>\n<meta property=\"og:type\" content=\"article\" \/>\n<meta property=\"og:title\" content=\"Rafael Nadal avanza a octavos de final de Roland Garros - Canal 7 SLP - 2019\" \/>\n<meta property=\"og:description\" content=\"[ad_1] Par\u00eds.- El tenista espa\u00f1ol Rafael Nadal, sigue en la b\u00fasqueda de su doceavo t\u00edtulo en el Torneo de Roland Garros despu\u00e9s de imponerse en cuatro sets de 6-1, 6-3, 4-6 y 6-3 a David Goffin de B\u00e9lgica y obtener su pase a los octavos de final del certamen parisino. En dos horas y 49 [&hellip;]\" \/>\n<meta property=\"og:url\" content=\"https:\/\/canal7slp.tv\/2019\/rafael-nadal-avanza-a-octavos-de-final-de-roland-garros\/\" \/>\n<meta property=\"og:site_name\" content=\"Canal 7 SLP - 2019\" \/>\n<meta property=\"article:publisher\" content=\"https:\/\/www.facebook.com\/CANAL7SLP\/\" \/>\n<meta property=\"article:published_time\" content=\"2019-05-31T23:41:34+00:00\" \/>\n<meta property=\"og:image\" content=\"https:\/\/canal7slp.tv\/2019\/wp-content\/uploads\/2019\/05\/1426.jpg\" \/>\n\t<meta property=\"og:image:width\" content=\"663\" \/>\n\t<meta property=\"og:image:height\" content=\"410\" \/>\n\t<meta property=\"og:image:type\" content=\"image\/jpeg\" \/>\n<meta name=\"twitter:card\" content=\"summary_large_image\" \/>\n<meta name=\"twitter:creator\" content=\"@canal7_slp\" \/>\n<meta name=\"twitter:site\" content=\"@canal7_slp\" \/>\n<meta name=\"twitter:label1\" content=\"Escrito por\" \/>\n\t<meta name=\"twitter:data1\" content=\"\" \/>\n\t<meta name=\"twitter:label2\" content=\"Tiempo de lectura\" \/>\n\t<meta name=\"twitter:data2\" content=\"2 minutos\" \/>\n<script type=\"application\/ld+json\" class=\"yoast-schema-graph\">{\"@context\":\"https:\\\/\\\/schema.org\",\"@graph\":[{\"@type\":\"Article\",\"@id\":\"https:\\\/\\\/canal7slp.tv\\\/2019\\\/rafael-nadal-avanza-a-octavos-de-final-de-roland-garros\\\/#article\",\"isPartOf\":{\"@id\":\"https:\\\/\\\/canal7slp.tv\\\/2019\\\/rafael-nadal-avanza-a-octavos-de-final-de-roland-garros\\\/\"},\"author\":{\"name\":\"\",\"@id\":\"\"},\"headline\":\"Rafael Nadal avanza a octavos de final de Roland Garros\",\"datePublished\":\"2019-05-31T23:41:34+00:00\",\"mainEntityOfPage\":{\"@id\":\"https:\\\/\\\/canal7slp.tv\\\/2019\\\/rafael-nadal-avanza-a-octavos-de-final-de-roland-garros\\\/\"},\"wordCount\":341,\"commentCount\":0,\"publisher\":{\"@id\":\"https:\\\/\\\/canal7slp.tv\\\/2019\\\/#organization\"},\"image\":{\"@id\":\"https:\\\/\\\/canal7slp.tv\\\/2019\\\/rafael-nadal-avanza-a-octavos-de-final-de-roland-garros\\\/#primaryimage\"},\"thumbnailUrl\":\"https:\\\/\\\/canal7slp.tv\\\/2019\\\/wp-content\\\/uploads\\\/2019\\\/05\\\/1426.jpg\",\"articleSection\":[\"DEPORTES\"],\"inLanguage\":\"es\",\"potentialAction\":[{\"@type\":\"CommentAction\",\"name\":\"Comment\",\"target\":[\"https:\\\/\\\/canal7slp.tv\\\/2019\\\/rafael-nadal-avanza-a-octavos-de-final-de-roland-garros\\\/#respond\"]}]},{\"@type\":\"WebPage\",\"@id\":\"https:\\\/\\\/canal7slp.tv\\\/2019\\\/rafael-nadal-avanza-a-octavos-de-final-de-roland-garros\\\/\",\"url\":\"https:\\\/\\\/canal7slp.tv\\\/2019\\\/rafael-nadal-avanza-a-octavos-de-final-de-roland-garros\\\/\",\"name\":\"Rafael Nadal avanza a octavos de final de Roland Garros - Canal 7 SLP - 2019\",\"isPartOf\":{\"@id\":\"https:\\\/\\\/canal7slp.tv\\\/2019\\\/#website\"},\"primaryImageOfPage\":{\"@id\":\"https:\\\/\\\/canal7slp.tv\\\/2019\\\/rafael-nadal-avanza-a-octavos-de-final-de-roland-garros\\\/#primaryimage\"},\"image\":{\"@id\":\"https:\\\/\\\/canal7slp.tv\\\/2019\\\/rafael-nadal-avanza-a-octavos-de-final-de-roland-garros\\\/#primaryimage\"},\"thumbnailUrl\":\"https:\\\/\\\/canal7slp.tv\\\/2019\\\/wp-content\\\/uploads\\\/2019\\\/05\\\/1426.jpg\",\"datePublished\":\"2019-05-31T23:41:34+00:00\",\"breadcrumb\":{\"@id\":\"https:\\\/\\\/canal7slp.tv\\\/2019\\\/rafael-nadal-avanza-a-octavos-de-final-de-roland-garros\\\/#breadcrumb\"},\"inLanguage\":\"es\",\"potentialAction\":[{\"@type\":\"ReadAction\",\"target\":[\"https:\\\/\\\/canal7slp.tv\\\/2019\\\/rafael-nadal-avanza-a-octavos-de-final-de-roland-garros\\\/\"]}]},{\"@type\":\"ImageObject\",\"inLanguage\":\"es\",\"@id\":\"https:\\\/\\\/canal7slp.tv\\\/2019\\\/rafael-nadal-avanza-a-octavos-de-final-de-roland-garros\\\/#primaryimage\",\"url\":\"https:\\\/\\\/canal7slp.tv\\\/2019\\\/wp-content\\\/uploads\\\/2019\\\/05\\\/1426.jpg\",\"contentUrl\":\"https:\\\/\\\/canal7slp.tv\\\/2019\\\/wp-content\\\/uploads\\\/2019\\\/05\\\/1426.jpg\",\"width\":663,\"height\":410},{\"@type\":\"BreadcrumbList\",\"@id\":\"https:\\\/\\\/canal7slp.tv\\\/2019\\\/rafael-nadal-avanza-a-octavos-de-final-de-roland-garros\\\/#breadcrumb\",\"itemListElement\":[{\"@type\":\"ListItem\",\"position\":1,\"name\":\"Home\",\"item\":\"https:\\\/\\\/canal7slp.tv\\\/2019\\\/\"},{\"@type\":\"ListItem\",\"position\":2,\"name\":\"Rafael Nadal avanza a octavos de final de Roland Garros\"}]},{\"@type\":\"WebSite\",\"@id\":\"https:\\\/\\\/canal7slp.tv\\\/2019\\\/#website\",\"url\":\"https:\\\/\\\/canal7slp.tv\\\/2019\\\/\",\"name\":\"Canal 7 SLP - Somos TV\",\"description\":\"Somos un Canal de 10\",\"publisher\":{\"@id\":\"https:\\\/\\\/canal7slp.tv\\\/2019\\\/#organization\"},\"potentialAction\":[{\"@type\":\"SearchAction\",\"target\":{\"@type\":\"EntryPoint\",\"urlTemplate\":\"https:\\\/\\\/canal7slp.tv\\\/2019\\\/?s={search_term_string}\"},\"query-input\":{\"@type\":\"PropertyValueSpecification\",\"valueRequired\":true,\"valueName\":\"search_term_string\"}}],\"inLanguage\":\"es\"},{\"@type\":\"Organization\",\"@id\":\"https:\\\/\\\/canal7slp.tv\\\/2019\\\/#organization\",\"name\":\"Comunicaci\u00f3n 2000 S.A. de C.V.\",\"url\":\"https:\\\/\\\/canal7slp.tv\\\/2019\\\/\",\"logo\":{\"@type\":\"ImageObject\",\"inLanguage\":\"es\",\"@id\":\"https:\\\/\\\/canal7slp.tv\\\/2019\\\/#\\\/schema\\\/logo\\\/image\\\/\",\"url\":\"https:\\\/\\\/canal7slp.tv\\\/2019\\\/wp-content\\\/uploads\\\/2019\\\/07\\\/logo-c7.png\",\"contentUrl\":\"https:\\\/\\\/canal7slp.tv\\\/2019\\\/wp-content\\\/uploads\\\/2019\\\/07\\\/logo-c7.png\",\"width\":220,\"height\":60,\"caption\":\"Comunicaci\u00f3n 2000 S.A. de C.V.\"},\"image\":{\"@id\":\"https:\\\/\\\/canal7slp.tv\\\/2019\\\/#\\\/schema\\\/logo\\\/image\\\/\"},\"sameAs\":[\"https:\\\/\\\/www.facebook.com\\\/CANAL7SLP\\\/\",\"https:\\\/\\\/x.com\\\/canal7_slp\",\"https:\\\/\\\/www.instagram.com\\\/canal7_slp\",\"https:\\\/\\\/www.youtube.com\\\/user\\\/NOTICIEROSCANAL7SLP\\\/\"]},{\"@type\":\"Person\",\"@id\":\"\"}]}<\/script>\n<!-- \/ Yoast SEO plugin. -->","yoast_head_json":{"title":"Rafael Nadal avanza a octavos de final de Roland Garros - Canal 7 SLP - 2019","robots":{"index":"index","follow":"follow","max-snippet":"max-snippet:-1","max-image-preview":"max-image-preview:large","max-video-preview":"max-video-preview:-1"},"canonical":"https:\/\/canal7slp.tv\/2019\/rafael-nadal-avanza-a-octavos-de-final-de-roland-garros\/","og_locale":"es_ES","og_type":"article","og_title":"Rafael Nadal avanza a octavos de final de Roland Garros - Canal 7 SLP - 2019","og_description":"[ad_1] Par\u00eds.- El tenista espa\u00f1ol Rafael Nadal, sigue en la b\u00fasqueda de su doceavo t\u00edtulo en el Torneo de Roland Garros despu\u00e9s de imponerse en cuatro sets de 6-1, 6-3, 4-6 y 6-3 a David Goffin de B\u00e9lgica y obtener su pase a los octavos de final del certamen parisino. En dos horas y 49 [&hellip;]","og_url":"https:\/\/canal7slp.tv\/2019\/rafael-nadal-avanza-a-octavos-de-final-de-roland-garros\/","og_site_name":"Canal 7 SLP - 2019","article_publisher":"https:\/\/www.facebook.com\/CANAL7SLP\/","article_published_time":"2019-05-31T23:41:34+00:00","og_image":[{"width":663,"height":410,"url":"https:\/\/canal7slp.tv\/2019\/wp-content\/uploads\/2019\/05\/1426.jpg","type":"image\/jpeg"}],"twitter_card":"summary_large_image","twitter_creator":"@canal7_slp","twitter_site":"@canal7_slp","twitter_misc":{"Escrito por":"","Tiempo de lectura":"2 minutos"},"schema":{"@context":"https:\/\/schema.org","@graph":[{"@type":"Article","@id":"https:\/\/canal7slp.tv\/2019\/rafael-nadal-avanza-a-octavos-de-final-de-roland-garros\/#article","isPartOf":{"@id":"https:\/\/canal7slp.tv\/2019\/rafael-nadal-avanza-a-octavos-de-final-de-roland-garros\/"},"author":{"name":"","@id":""},"headline":"Rafael Nadal avanza a octavos de final de Roland Garros","datePublished":"2019-05-31T23:41:34+00:00","mainEntityOfPage":{"@id":"https:\/\/canal7slp.tv\/2019\/rafael-nadal-avanza-a-octavos-de-final-de-roland-garros\/"},"wordCount":341,"commentCount":0,"publisher":{"@id":"https:\/\/canal7slp.tv\/2019\/#organization"},"image":{"@id":"https:\/\/canal7slp.tv\/2019\/rafael-nadal-avanza-a-octavos-de-final-de-roland-garros\/#primaryimage"},"thumbnailUrl":"https:\/\/canal7slp.tv\/2019\/wp-content\/uploads\/2019\/05\/1426.jpg","articleSection":["DEPORTES"],"inLanguage":"es","potentialAction":[{"@type":"CommentAction","name":"Comment","target":["https:\/\/canal7slp.tv\/2019\/rafael-nadal-avanza-a-octavos-de-final-de-roland-garros\/#respond"]}]},{"@type":"WebPage","@id":"https:\/\/canal7slp.tv\/2019\/rafael-nadal-avanza-a-octavos-de-final-de-roland-garros\/","url":"https:\/\/canal7slp.tv\/2019\/rafael-nadal-avanza-a-octavos-de-final-de-roland-garros\/","name":"Rafael Nadal avanza a octavos de final de Roland Garros - Canal 7 SLP - 2019","isPartOf":{"@id":"https:\/\/canal7slp.tv\/2019\/#website"},"primaryImageOfPage":{"@id":"https:\/\/canal7slp.tv\/2019\/rafael-nadal-avanza-a-octavos-de-final-de-roland-garros\/#primaryimage"},"image":{"@id":"https:\/\/canal7slp.tv\/2019\/rafael-nadal-avanza-a-octavos-de-final-de-roland-garros\/#primaryimage"},"thumbnailUrl":"https:\/\/canal7slp.tv\/2019\/wp-content\/uploads\/2019\/05\/1426.jpg","datePublished":"2019-05-31T23:41:34+00:00","breadcrumb":{"@id":"https:\/\/canal7slp.tv\/2019\/rafael-nadal-avanza-a-octavos-de-final-de-roland-garros\/#breadcrumb"},"inLanguage":"es","potentialAction":[{"@type":"ReadAction","target":["https:\/\/canal7slp.tv\/2019\/rafael-nadal-avanza-a-octavos-de-final-de-roland-garros\/"]}]},{"@type":"ImageObject","inLanguage":"es","@id":"https:\/\/canal7slp.tv\/2019\/rafael-nadal-avanza-a-octavos-de-final-de-roland-garros\/#primaryimage","url":"https:\/\/canal7slp.tv\/2019\/wp-content\/uploads\/2019\/05\/1426.jpg","contentUrl":"https:\/\/canal7slp.tv\/2019\/wp-content\/uploads\/2019\/05\/1426.jpg","width":663,"height":410},{"@type":"BreadcrumbList","@id":"https:\/\/canal7slp.tv\/2019\/rafael-nadal-avanza-a-octavos-de-final-de-roland-garros\/#breadcrumb","itemListElement":[{"@type":"ListItem","position":1,"name":"Home","item":"https:\/\/canal7slp.tv\/2019\/"},{"@type":"ListItem","position":2,"name":"Rafael Nadal avanza a octavos de final de Roland Garros"}]},{"@type":"WebSite","@id":"https:\/\/canal7slp.tv\/2019\/#website","url":"https:\/\/canal7slp.tv\/2019\/","name":"Canal 7 SLP - Somos TV","description":"Somos un Canal de 10","publisher":{"@id":"https:\/\/canal7slp.tv\/2019\/#organization"},"potentialAction":[{"@type":"SearchAction","target":{"@type":"EntryPoint","urlTemplate":"https:\/\/canal7slp.tv\/2019\/?s={search_term_string}"},"query-input":{"@type":"PropertyValueSpecification","valueRequired":true,"valueName":"search_term_string"}}],"inLanguage":"es"},{"@type":"Organization","@id":"https:\/\/canal7slp.tv\/2019\/#organization","name":"Comunicaci\u00f3n 2000 S.A. de C.V.","url":"https:\/\/canal7slp.tv\/2019\/","logo":{"@type":"ImageObject","inLanguage":"es","@id":"https:\/\/canal7slp.tv\/2019\/#\/schema\/logo\/image\/","url":"https:\/\/canal7slp.tv\/2019\/wp-content\/uploads\/2019\/07\/logo-c7.png","contentUrl":"https:\/\/canal7slp.tv\/2019\/wp-content\/uploads\/2019\/07\/logo-c7.png","width":220,"height":60,"caption":"Comunicaci\u00f3n 2000 S.A. de C.V."},"image":{"@id":"https:\/\/canal7slp.tv\/2019\/#\/schema\/logo\/image\/"},"sameAs":["https:\/\/www.facebook.com\/CANAL7SLP\/","https:\/\/x.com\/canal7_slp","https:\/\/www.instagram.com\/canal7_slp","https:\/\/www.youtube.com\/user\/NOTICIEROSCANAL7SLP\/"]},{"@type":"Person","@id":""}]}},"amp_enabled":true,"cmb2":{"video_ids_in_playlist":{"vid_p_videos":""},"video_ids_in_channel":{"vid_c_videos":""},"playlist_ids_in_channel":{"vid_c_playlists":""},"series_ids_in_channel":{"vid_c_series":""},"channel_images":{"vid_c_logo":"","vid_c_banner":""},"poster_feature_image":{"vid_m_poster_image":""},"gif_feature_image":{"vid_m_gif_image":""},"video_movie_settings":{"vid_m_director":"","vid_m_actor":"","vid_m_imdb_ratings":"","vid_m_amazon_associates":""},"vid_youtube_broadcasts_settings":{"vid_yb_broadcast_title":"","vid_yb_q":"","vid_yb_channelid":"","vid_yb_videocategoryid":"","vid_yb_maxresults":"","vid_yb_order":"","vid_yb_regioncode":"","vid_yb_videosyndicated":"","vid_yb_style":"","vid_yb_reload_first":""},"video_series_settings":{"vid_m_director":"","vid_m_actor":"","vid_m_imdb_ratings":"","video_series_group":""},"amazon_associates_settings":{"amazon_associates":"","amazon_native_ad":""},"vid_youtube_automatic_settings":{"vid_ya_youtube_source":"","vid_ya_update_every":"","vid_ya_update_unit":"","vid_ya_categories":"","vid_ya_published_after":"","vid_ya_published_before":"","vid_ya_playlists":"","vid_ya_channels":"","vid_ya_director":"","vid_ya_actor":"","vid_ya_author":"","vid_ya_import_post_date":"","vid_ya_status":"","vid_ya_sub_api_key":""},"vid_ads_m_videoads_settings_post":{"vid_ads_m_video_ads":"","vid_ads_m_video_ads_type":"","vid_ads_m_group_google_ima":"","vid_ads_m_group_image":"","vid_ads_m_group_html5_video":"","vid_ads_m_group_html":"","vid_ads_m_vast_preroll":"","vid_ads_m_vast_postroll":"","vid_ads_m_vast_pauseroll":"","vid_ads_m_vast_midroll":"","vid_ads_m_time_to_show_ads":"","vid_ads_m_time_skip_ads":"","vid_ads_m_time_to_hide_ads":""},"page_slider_settings":{"display_slider_group":"","page_slider_group":""},"blog_page_settings":{"blog_page_title":"","blog_page_heading":"","blog_page_ic":"","blog_page_it":"","blog_page_ec":"","blog_page_ip":"","archive_loop_style":"","blog_image_ratio":"","blog_show_categories":"","blog_show_excerpt":"","blog_show_author":"","blog_show_date":"","blog_show_comment_count":"","blog_show_view_count":"","blog_show_like_count":"","blog_show_dislike_count":"","blog_items_per_page":"","blog_pag_type":""},"page_options":{"get_page_template":"","color_mode":"","main_layout":"","main_layout_full_with":"","main_logo":"","main_logo_retina":"","main_logo_mobile":"","main_logo_mobile_retina":"","sticky_logo":"","sticky_logo_retina":"","main_nav_layout":"","ajax_search":"","header_background":"","theme_sidebar":"","instagram_feed":"","instagram_feed_position":"","popular_videos":"","popular_videos_title_1":"","popular_videos_title_2":"","popular_videos_ic":"","popular_videos_it":"","theme_background":"","page_custom_css":""},"feature_image_settings":{"feature_image_position":""},"video_player_settings":{"single_video_style":"","video_player_position":"","vm_video_url":"","video_player_library":"","video_streaming":"","vm_media_sources":"","vid_auto_play":"","vm_video_shortcode":"","vid_p_sync_playlist":"","vid_c_sync_channel":"","get_post_format":"","multiple_links_structure":"","multi_links_title":"","vm_video_multi_links":"","vm_duration":"","vid_social_locker":"","vid_social_locker_id":"","vid_membership_action":"","vm_video_trailer_url":"","vid_download_type":"","vid_download_target":"","vid_woo_product":"","vm_media_download":"","user_rating":"","user_rating_position":"","user_rating_mode":"","user_rating_multi_sets":""},"video_auto_fetch_settings":{"vm_video_fetch":""},"video_fake_views_likes":{"vm_fake_views":"","vm_fake_likes":"","vm_fake_dislikes":""},"gallery_settings":{"gallery_position":""},"quote_settings":{"quote_position":""},"post_options":{"main_layout":"","main_logo":"","main_logo_retina":"","main_logo_mobile":"","main_logo_mobile_retina":"","sticky_logo":"","sticky_logo_retina":"","main_nav_layout":"","header_background":"","theme_sidebar":"","single_post_comment_type":"","theme_background":""}},"_links":{"self":[{"href":"https:\/\/canal7slp.tv\/2019\/wp-json\/wp\/v2\/posts\/5284","targetHints":{"allow":["GET"]}}],"collection":[{"href":"https:\/\/canal7slp.tv\/2019\/wp-json\/wp\/v2\/posts"}],"about":[{"href":"https:\/\/canal7slp.tv\/2019\/wp-json\/wp\/v2\/types\/post"}],"author":[{"embeddable":true,"href":"https:\/\/canal7slp.tv\/2019\/wp-json\/wp\/v2\/users\/1"}],"replies":[{"embeddable":true,"href":"https:\/\/canal7slp.tv\/2019\/wp-json\/wp\/v2\/comments?post=5284"}],"version-history":[{"count":0,"href":"https:\/\/canal7slp.tv\/2019\/wp-json\/wp\/v2\/posts\/5284\/revisions"}],"wp:featuredmedia":[{"embeddable":true,"href":"https:\/\/canal7slp.tv\/2019\/wp-json\/wp\/v2\/media\/5285"}],"wp:attachment":[{"href":"https:\/\/canal7slp.tv\/2019\/wp-json\/wp\/v2\/media?parent=5284"}],"wp:term":[{"taxonomy":"category","embeddable":true,"href":"https:\/\/canal7slp.tv\/2019\/wp-json\/wp\/v2\/categories?post=5284"},{"taxonomy":"post_tag","embeddable":true,"href":"https:\/\/canal7slp.tv\/2019\/wp-json\/wp\/v2\/tags?post=5284"}],"curies":[{"name":"wp","href":"https:\/\/api.w.org\/{rel}","templated":true}]}}