{"id":52628,"date":"2019-08-21T09:15:00","date_gmt":"2019-08-21T14:15:00","guid":{"rendered":"https:\/\/canal7slp.tv\/2019\/?p=52628"},"modified":"2019-08-21T09:15:00","modified_gmt":"2019-08-21T14:15:00","slug":"trump-cancela-su-viaje-a-dinamarca-ante-su-rechazo-a-discutir-la-venta-de-groenlandia","status":"publish","type":"post","link":"https:\/\/canal7slp.tv\/2019\/trump-cancela-su-viaje-a-dinamarca-ante-su-rechazo-a-discutir-la-venta-de-groenlandia\/","title":{"rendered":"Trump cancela su viaje a Dinamarca ante su rechazo a discutir la venta de Groenlandia"},"content":{"rendered":"<p style=\"text-align: justify\">EUA.- La capacidad de sorpresa de la diplomacia del 45\u00ba presidente de Estados Unidos parece no conocer l\u00edmites. Este martes, a \u00faltima hora de la tarde (madrugada en Europa), Donald Trump acaba de suspender, v\u00eda Twitter, un viaje oficial a Dinamarca porque su primera ministra no est\u00e1 dispuesta a debatir sobre si le vende o no Groenlandia a Estados Unidos.<\/p>\n<p style=\"text-align: justify\">\u201cDinamarca es un pa\u00eds muy especial con gente incre\u00edble, pero en base a los comentarios de la primera ministra Mette Frederiksen, de que no tendr\u00eda ning\u00fan inter\u00e9s en debatir sobre la compra de Groenlandia, pospondr\u00e9 nuestra reuni\u00f3n prevista para dentro de dos semanas para otro momento. La primera ministra ha sido capaz de ahorrar una buena cantidad de gasto y esfuerzo tanto a Estados Unidos como a Dinamarca siendo tan directa. \u00a1Le doy las gracias por ello y espero poder volver a agendar la cita en alg\u00fan momento futuro!\u201d, ha escrito el presidente en un hilo de tuits.<\/p>\n<p style=\"text-align: justify\">Todo esto sucede despu\u00e9s de que, la semana pasada, The Wall Street Journal adelantara la noticia de que Trump hab\u00eda mostrado reiteradamente su inter\u00e9s en adquirir el territorio aut\u00f3nomo perteneciente al reino de Dinamarca. La isla m\u00e1s grande del mundo, enclavada entre los oc\u00e9anos Atl\u00e1ntico y \u00c1rtico, mayormente cubierta de hielo y con 56.000 habitantes, es rica en recursos naturales y posee un importante valor estrat\u00e9gico para Estados Unidos.<\/p>\n<p style=\"text-align: justify\">Trump confirm\u00f3 el domingo la informaci\u00f3n y admiti\u00f3 que &#8220;surgi\u00f3 el concepto&#8221; y que consider\u00f3 que &#8220;estrat\u00e9gicamente es interesante&#8221;. &#8220;Esencialmente, es un gran negocio inmobiliario&#8221;, dijo, pero aclar\u00f3 que no es un asunto que est\u00e9 en primer plano. Ese mismo d\u00eda, la primera ministra danesa, Mette Frederiksen, explic\u00f3 que Groenlandia no est\u00e1 en el mercado. &#8220;Groenlandia no est\u00e1 en venta. Groenlandia no es danesa, es groenlandesa. Espero de verdad que no sea nada que se haya dicho en serio&#8221;, dijo. Pero resulta, a juzgar por la reacci\u00f3n de Trump, que s\u00ed iba en serio.<\/p>\n<p style=\"text-align: justify\">El lunes, el magnate inmobiliario metido a presidente de Estados Unidos aludi\u00f3 al asunto, en tono extra\u00f1amente jocoso, v\u00eda Twitter. \u201c\u00a1Prometo no hacerle esto a Groenlandia!\u201d, escribi\u00f3 sobre un fotomontaje de un rascacielos dorado con la marca Trump plantado en lo que parece un rudimentario asentamiento de viviendas en Groenlandia. Un d\u00eda y 27 tuits despu\u00e9s, Trump ha decidido cancelar, a trav\u00e9s de la misma red social, el viaje que ten\u00eda previsto realizar a Copenhague los pr\u00f3ximos d\u00edas 2 y 3 de septiembre, invitado por la reina Margarita II. La portavoc\u00eda de la Casa Blanca ha confirmado que dicho viaje no tendr\u00e1 lugar.<\/p>\n<p style=\"text-align: justify\">El presidente de un pa\u00eds que la propia Frederiksen, subrayando la relevancia de la visita, hab\u00eda descrito como &#8220;el m\u00e1s importante y fuerte aliado de Dinamarca en la OTAN&#8221; ten\u00eda previsto reunirse con l\u00edderes pol\u00edticos y empresariales daneses en su primera visita oficial.<\/p>\n<p style=\"text-align: justify\">&#8220;\u00a1Dinamarca est\u00e1 preparada para la visita del presidente Donald Trump! Socio, aliado, amigo&#8221;. El texto, acompa\u00f1ado de dos banderitas y la foto de lo que parece un cartel en un edificio con el nombre del mandatario republicano, lo hab\u00eda tuiteado la embajadora de EE UU en Dinamarca, Carla Sands, tres horas antes de que el viaje fuera cancelado.<\/p>\n<p style=\"text-align: justify\">Cuando confirm\u00f3 que se planteaba la posibilidad de adquirir Groenlandia, Trump tambi\u00e9n asegur\u00f3 que la potencial compraventa no era el motivo de su viaje a Dinamarca. &#8220;No es por esa raz\u00f3n en absoluto&#8221;, explic\u00f3. Dos d\u00edas despu\u00e9s, ha cancelado su viaje oficial porque la primera ministra danesa no quiere debatir sobre ello.<\/p>\n","protected":false},"excerpt":{"rendered":"<p>EUA.- La capacidad de sorpresa de la diplomacia del 45\u00ba presidente de Estados Unidos parece no conocer l\u00edmites. Este martes, a \u00faltima hora de la tarde (madrugada en Europa), Donald Trump acaba de suspender, v\u00eda Twitter, un viaje oficial a Dinamarca porque su primera ministra no est\u00e1 dispuesta a debatir sobre si le vende o [&hellip;]<\/p>\n","protected":false},"author":2,"featured_media":52629,"comment_status":"open","ping_status":"open","sticky":false,"template":"","format":"standard","meta":{"footnotes":""},"categories":[18],"tags":[],"class_list":["post-52628","post","type-post","status-publish","format-standard","has-post-thumbnail","hentry","category-internacional"],"yoast_head":"<!-- This site is optimized with the Yoast SEO plugin v27.5 - https:\/\/yoast.com\/product\/yoast-seo-wordpress\/ -->\n<title>Trump cancela su viaje a Dinamarca ante su rechazo a discutir la venta de Groenlandia - Canal 7 SLP - 2019<\/title>\n<meta name=\"robots\" content=\"index, follow, max-snippet:-1, max-image-preview:large, max-video-preview:-1\" \/>\n<link rel=\"canonical\" href=\"https:\/\/canal7slp.tv\/2019\/trump-cancela-su-viaje-a-dinamarca-ante-su-rechazo-a-discutir-la-venta-de-groenlandia\/\" \/>\n<meta property=\"og:locale\" content=\"es_ES\" \/>\n<meta property=\"og:type\" content=\"article\" \/>\n<meta property=\"og:title\" content=\"Trump cancela su viaje a Dinamarca ante su rechazo a discutir la venta de Groenlandia - Canal 7 SLP - 2019\" \/>\n<meta property=\"og:description\" content=\"EUA.- La capacidad de sorpresa de la diplomacia del 45\u00ba presidente de Estados Unidos parece no conocer l\u00edmites. Este martes, a \u00faltima hora de la tarde (madrugada en Europa), Donald Trump acaba de suspender, v\u00eda Twitter, un viaje oficial a Dinamarca porque su primera ministra no est\u00e1 dispuesta a debatir sobre si le vende o [&hellip;]\" \/>\n<meta property=\"og:url\" content=\"https:\/\/canal7slp.tv\/2019\/trump-cancela-su-viaje-a-dinamarca-ante-su-rechazo-a-discutir-la-venta-de-groenlandia\/\" \/>\n<meta property=\"og:site_name\" content=\"Canal 7 SLP - 2019\" \/>\n<meta property=\"article:publisher\" content=\"https:\/\/www.facebook.com\/CANAL7SLP\/\" \/>\n<meta property=\"article:published_time\" content=\"2019-08-21T14:15:00+00:00\" \/>\n<meta property=\"og:image\" content=\"https:\/\/canal7slp.tv\/2019\/wp-content\/uploads\/2019\/08\/1015-15.jpg\" \/>\n\t<meta property=\"og:image:width\" content=\"727\" \/>\n\t<meta property=\"og:image:height\" content=\"410\" \/>\n\t<meta property=\"og:image:type\" content=\"image\/jpeg\" \/>\n<meta name=\"author\" content=\"edicionweb\" \/>\n<meta name=\"twitter:card\" content=\"summary_large_image\" \/>\n<meta name=\"twitter:creator\" content=\"@canal7_slp\" \/>\n<meta name=\"twitter:site\" content=\"@canal7_slp\" \/>\n<meta name=\"twitter:label1\" content=\"Escrito por\" \/>\n\t<meta name=\"twitter:data1\" content=\"edicionweb\" \/>\n\t<meta name=\"twitter:label2\" content=\"Tiempo de lectura\" \/>\n\t<meta name=\"twitter:data2\" content=\"3 minutos\" \/>\n<script type=\"application\/ld+json\" class=\"yoast-schema-graph\">{\"@context\":\"https:\\\/\\\/schema.org\",\"@graph\":[{\"@type\":\"Article\",\"@id\":\"https:\\\/\\\/canal7slp.tv\\\/2019\\\/trump-cancela-su-viaje-a-dinamarca-ante-su-rechazo-a-discutir-la-venta-de-groenlandia\\\/#article\",\"isPartOf\":{\"@id\":\"https:\\\/\\\/canal7slp.tv\\\/2019\\\/trump-cancela-su-viaje-a-dinamarca-ante-su-rechazo-a-discutir-la-venta-de-groenlandia\\\/\"},\"author\":{\"name\":\"edicionweb\",\"@id\":\"https:\\\/\\\/canal7slp.tv\\\/2019\\\/#\\\/schema\\\/person\\\/11d941c1c6ca30ac0a46b95fa37aa2e3\"},\"headline\":\"Trump cancela su viaje a Dinamarca ante su rechazo a discutir la venta de Groenlandia\",\"datePublished\":\"2019-08-21T14:15:00+00:00\",\"mainEntityOfPage\":{\"@id\":\"https:\\\/\\\/canal7slp.tv\\\/2019\\\/trump-cancela-su-viaje-a-dinamarca-ante-su-rechazo-a-discutir-la-venta-de-groenlandia\\\/\"},\"wordCount\":630,\"commentCount\":0,\"publisher\":{\"@id\":\"https:\\\/\\\/canal7slp.tv\\\/2019\\\/#organization\"},\"image\":{\"@id\":\"https:\\\/\\\/canal7slp.tv\\\/2019\\\/trump-cancela-su-viaje-a-dinamarca-ante-su-rechazo-a-discutir-la-venta-de-groenlandia\\\/#primaryimage\"},\"thumbnailUrl\":\"https:\\\/\\\/canal7slp.tv\\\/2019\\\/wp-content\\\/uploads\\\/2019\\\/08\\\/1015-15.jpg\",\"articleSection\":[\"INTERNACIONAL\"],\"inLanguage\":\"es\",\"potentialAction\":[{\"@type\":\"CommentAction\",\"name\":\"Comment\",\"target\":[\"https:\\\/\\\/canal7slp.tv\\\/2019\\\/trump-cancela-su-viaje-a-dinamarca-ante-su-rechazo-a-discutir-la-venta-de-groenlandia\\\/#respond\"]}]},{\"@type\":\"WebPage\",\"@id\":\"https:\\\/\\\/canal7slp.tv\\\/2019\\\/trump-cancela-su-viaje-a-dinamarca-ante-su-rechazo-a-discutir-la-venta-de-groenlandia\\\/\",\"url\":\"https:\\\/\\\/canal7slp.tv\\\/2019\\\/trump-cancela-su-viaje-a-dinamarca-ante-su-rechazo-a-discutir-la-venta-de-groenlandia\\\/\",\"name\":\"Trump cancela su viaje a Dinamarca ante su rechazo a discutir la venta de Groenlandia - Canal 7 SLP - 2019\",\"isPartOf\":{\"@id\":\"https:\\\/\\\/canal7slp.tv\\\/2019\\\/#website\"},\"primaryImageOfPage\":{\"@id\":\"https:\\\/\\\/canal7slp.tv\\\/2019\\\/trump-cancela-su-viaje-a-dinamarca-ante-su-rechazo-a-discutir-la-venta-de-groenlandia\\\/#primaryimage\"},\"image\":{\"@id\":\"https:\\\/\\\/canal7slp.tv\\\/2019\\\/trump-cancela-su-viaje-a-dinamarca-ante-su-rechazo-a-discutir-la-venta-de-groenlandia\\\/#primaryimage\"},\"thumbnailUrl\":\"https:\\\/\\\/canal7slp.tv\\\/2019\\\/wp-content\\\/uploads\\\/2019\\\/08\\\/1015-15.jpg\",\"datePublished\":\"2019-08-21T14:15:00+00:00\",\"breadcrumb\":{\"@id\":\"https:\\\/\\\/canal7slp.tv\\\/2019\\\/trump-cancela-su-viaje-a-dinamarca-ante-su-rechazo-a-discutir-la-venta-de-groenlandia\\\/#breadcrumb\"},\"inLanguage\":\"es\",\"potentialAction\":[{\"@type\":\"ReadAction\",\"target\":[\"https:\\\/\\\/canal7slp.tv\\\/2019\\\/trump-cancela-su-viaje-a-dinamarca-ante-su-rechazo-a-discutir-la-venta-de-groenlandia\\\/\"]}]},{\"@type\":\"ImageObject\",\"inLanguage\":\"es\",\"@id\":\"https:\\\/\\\/canal7slp.tv\\\/2019\\\/trump-cancela-su-viaje-a-dinamarca-ante-su-rechazo-a-discutir-la-venta-de-groenlandia\\\/#primaryimage\",\"url\":\"https:\\\/\\\/canal7slp.tv\\\/2019\\\/wp-content\\\/uploads\\\/2019\\\/08\\\/1015-15.jpg\",\"contentUrl\":\"https:\\\/\\\/canal7slp.tv\\\/2019\\\/wp-content\\\/uploads\\\/2019\\\/08\\\/1015-15.jpg\",\"width\":727,\"height\":410},{\"@type\":\"BreadcrumbList\",\"@id\":\"https:\\\/\\\/canal7slp.tv\\\/2019\\\/trump-cancela-su-viaje-a-dinamarca-ante-su-rechazo-a-discutir-la-venta-de-groenlandia\\\/#breadcrumb\",\"itemListElement\":[{\"@type\":\"ListItem\",\"position\":1,\"name\":\"Home\",\"item\":\"https:\\\/\\\/canal7slp.tv\\\/2019\\\/\"},{\"@type\":\"ListItem\",\"position\":2,\"name\":\"Trump cancela su viaje a Dinamarca ante su rechazo a discutir la venta de Groenlandia\"}]},{\"@type\":\"WebSite\",\"@id\":\"https:\\\/\\\/canal7slp.tv\\\/2019\\\/#website\",\"url\":\"https:\\\/\\\/canal7slp.tv\\\/2019\\\/\",\"name\":\"Canal 7 SLP - Somos TV\",\"description\":\"Somos un Canal de 10\",\"publisher\":{\"@id\":\"https:\\\/\\\/canal7slp.tv\\\/2019\\\/#organization\"},\"potentialAction\":[{\"@type\":\"SearchAction\",\"target\":{\"@type\":\"EntryPoint\",\"urlTemplate\":\"https:\\\/\\\/canal7slp.tv\\\/2019\\\/?s={search_term_string}\"},\"query-input\":{\"@type\":\"PropertyValueSpecification\",\"valueRequired\":true,\"valueName\":\"search_term_string\"}}],\"inLanguage\":\"es\"},{\"@type\":\"Organization\",\"@id\":\"https:\\\/\\\/canal7slp.tv\\\/2019\\\/#organization\",\"name\":\"Comunicaci\u00f3n 2000 S.A. de C.V.\",\"url\":\"https:\\\/\\\/canal7slp.tv\\\/2019\\\/\",\"logo\":{\"@type\":\"ImageObject\",\"inLanguage\":\"es\",\"@id\":\"https:\\\/\\\/canal7slp.tv\\\/2019\\\/#\\\/schema\\\/logo\\\/image\\\/\",\"url\":\"https:\\\/\\\/canal7slp.tv\\\/2019\\\/wp-content\\\/uploads\\\/2019\\\/07\\\/logo-c7.png\",\"contentUrl\":\"https:\\\/\\\/canal7slp.tv\\\/2019\\\/wp-content\\\/uploads\\\/2019\\\/07\\\/logo-c7.png\",\"width\":220,\"height\":60,\"caption\":\"Comunicaci\u00f3n 2000 S.A. de C.V.\"},\"image\":{\"@id\":\"https:\\\/\\\/canal7slp.tv\\\/2019\\\/#\\\/schema\\\/logo\\\/image\\\/\"},\"sameAs\":[\"https:\\\/\\\/www.facebook.com\\\/CANAL7SLP\\\/\",\"https:\\\/\\\/x.com\\\/canal7_slp\",\"https:\\\/\\\/www.instagram.com\\\/canal7_slp\",\"https:\\\/\\\/www.youtube.com\\\/user\\\/NOTICIEROSCANAL7SLP\\\/\"]},{\"@type\":\"Person\",\"@id\":\"https:\\\/\\\/canal7slp.tv\\\/2019\\\/#\\\/schema\\\/person\\\/11d941c1c6ca30ac0a46b95fa37aa2e3\",\"name\":\"edicionweb\",\"image\":{\"@type\":\"ImageObject\",\"inLanguage\":\"es\",\"@id\":\"https:\\\/\\\/secure.gravatar.com\\\/avatar\\\/eee448fc3f7164808013b816ba91ac7e43bbe82a70bebac296f8bc6f0addaa1a?s=96&d=mm&r=g\",\"url\":\"https:\\\/\\\/secure.gravatar.com\\\/avatar\\\/eee448fc3f7164808013b816ba91ac7e43bbe82a70bebac296f8bc6f0addaa1a?s=96&d=mm&r=g\",\"contentUrl\":\"https:\\\/\\\/secure.gravatar.com\\\/avatar\\\/eee448fc3f7164808013b816ba91ac7e43bbe82a70bebac296f8bc6f0addaa1a?s=96&d=mm&r=g\",\"caption\":\"edicionweb\"}}]}<\/script>\n<!-- \/ Yoast SEO plugin. -->","yoast_head_json":{"title":"Trump cancela su viaje a Dinamarca ante su rechazo a discutir la venta de Groenlandia - Canal 7 SLP - 2019","robots":{"index":"index","follow":"follow","max-snippet":"max-snippet:-1","max-image-preview":"max-image-preview:large","max-video-preview":"max-video-preview:-1"},"canonical":"https:\/\/canal7slp.tv\/2019\/trump-cancela-su-viaje-a-dinamarca-ante-su-rechazo-a-discutir-la-venta-de-groenlandia\/","og_locale":"es_ES","og_type":"article","og_title":"Trump cancela su viaje a Dinamarca ante su rechazo a discutir la venta de Groenlandia - Canal 7 SLP - 2019","og_description":"EUA.- La capacidad de sorpresa de la diplomacia del 45\u00ba presidente de Estados Unidos parece no conocer l\u00edmites. Este martes, a \u00faltima hora de la tarde (madrugada en Europa), Donald Trump acaba de suspender, v\u00eda Twitter, un viaje oficial a Dinamarca porque su primera ministra no est\u00e1 dispuesta a debatir sobre si le vende o [&hellip;]","og_url":"https:\/\/canal7slp.tv\/2019\/trump-cancela-su-viaje-a-dinamarca-ante-su-rechazo-a-discutir-la-venta-de-groenlandia\/","og_site_name":"Canal 7 SLP - 2019","article_publisher":"https:\/\/www.facebook.com\/CANAL7SLP\/","article_published_time":"2019-08-21T14:15:00+00:00","og_image":[{"width":727,"height":410,"url":"https:\/\/canal7slp.tv\/2019\/wp-content\/uploads\/2019\/08\/1015-15.jpg","type":"image\/jpeg"}],"author":"edicionweb","twitter_card":"summary_large_image","twitter_creator":"@canal7_slp","twitter_site":"@canal7_slp","twitter_misc":{"Escrito por":"edicionweb","Tiempo de lectura":"3 minutos"},"schema":{"@context":"https:\/\/schema.org","@graph":[{"@type":"Article","@id":"https:\/\/canal7slp.tv\/2019\/trump-cancela-su-viaje-a-dinamarca-ante-su-rechazo-a-discutir-la-venta-de-groenlandia\/#article","isPartOf":{"@id":"https:\/\/canal7slp.tv\/2019\/trump-cancela-su-viaje-a-dinamarca-ante-su-rechazo-a-discutir-la-venta-de-groenlandia\/"},"author":{"name":"edicionweb","@id":"https:\/\/canal7slp.tv\/2019\/#\/schema\/person\/11d941c1c6ca30ac0a46b95fa37aa2e3"},"headline":"Trump cancela su viaje a Dinamarca ante su rechazo a discutir la venta de Groenlandia","datePublished":"2019-08-21T14:15:00+00:00","mainEntityOfPage":{"@id":"https:\/\/canal7slp.tv\/2019\/trump-cancela-su-viaje-a-dinamarca-ante-su-rechazo-a-discutir-la-venta-de-groenlandia\/"},"wordCount":630,"commentCount":0,"publisher":{"@id":"https:\/\/canal7slp.tv\/2019\/#organization"},"image":{"@id":"https:\/\/canal7slp.tv\/2019\/trump-cancela-su-viaje-a-dinamarca-ante-su-rechazo-a-discutir-la-venta-de-groenlandia\/#primaryimage"},"thumbnailUrl":"https:\/\/canal7slp.tv\/2019\/wp-content\/uploads\/2019\/08\/1015-15.jpg","articleSection":["INTERNACIONAL"],"inLanguage":"es","potentialAction":[{"@type":"CommentAction","name":"Comment","target":["https:\/\/canal7slp.tv\/2019\/trump-cancela-su-viaje-a-dinamarca-ante-su-rechazo-a-discutir-la-venta-de-groenlandia\/#respond"]}]},{"@type":"WebPage","@id":"https:\/\/canal7slp.tv\/2019\/trump-cancela-su-viaje-a-dinamarca-ante-su-rechazo-a-discutir-la-venta-de-groenlandia\/","url":"https:\/\/canal7slp.tv\/2019\/trump-cancela-su-viaje-a-dinamarca-ante-su-rechazo-a-discutir-la-venta-de-groenlandia\/","name":"Trump cancela su viaje a Dinamarca ante su rechazo a discutir la venta de Groenlandia - Canal 7 SLP - 2019","isPartOf":{"@id":"https:\/\/canal7slp.tv\/2019\/#website"},"primaryImageOfPage":{"@id":"https:\/\/canal7slp.tv\/2019\/trump-cancela-su-viaje-a-dinamarca-ante-su-rechazo-a-discutir-la-venta-de-groenlandia\/#primaryimage"},"image":{"@id":"https:\/\/canal7slp.tv\/2019\/trump-cancela-su-viaje-a-dinamarca-ante-su-rechazo-a-discutir-la-venta-de-groenlandia\/#primaryimage"},"thumbnailUrl":"https:\/\/canal7slp.tv\/2019\/wp-content\/uploads\/2019\/08\/1015-15.jpg","datePublished":"2019-08-21T14:15:00+00:00","breadcrumb":{"@id":"https:\/\/canal7slp.tv\/2019\/trump-cancela-su-viaje-a-dinamarca-ante-su-rechazo-a-discutir-la-venta-de-groenlandia\/#breadcrumb"},"inLanguage":"es","potentialAction":[{"@type":"ReadAction","target":["https:\/\/canal7slp.tv\/2019\/trump-cancela-su-viaje-a-dinamarca-ante-su-rechazo-a-discutir-la-venta-de-groenlandia\/"]}]},{"@type":"ImageObject","inLanguage":"es","@id":"https:\/\/canal7slp.tv\/2019\/trump-cancela-su-viaje-a-dinamarca-ante-su-rechazo-a-discutir-la-venta-de-groenlandia\/#primaryimage","url":"https:\/\/canal7slp.tv\/2019\/wp-content\/uploads\/2019\/08\/1015-15.jpg","contentUrl":"https:\/\/canal7slp.tv\/2019\/wp-content\/uploads\/2019\/08\/1015-15.jpg","width":727,"height":410},{"@type":"BreadcrumbList","@id":"https:\/\/canal7slp.tv\/2019\/trump-cancela-su-viaje-a-dinamarca-ante-su-rechazo-a-discutir-la-venta-de-groenlandia\/#breadcrumb","itemListElement":[{"@type":"ListItem","position":1,"name":"Home","item":"https:\/\/canal7slp.tv\/2019\/"},{"@type":"ListItem","position":2,"name":"Trump cancela su viaje a Dinamarca ante su rechazo a discutir la venta de Groenlandia"}]},{"@type":"WebSite","@id":"https:\/\/canal7slp.tv\/2019\/#website","url":"https:\/\/canal7slp.tv\/2019\/","name":"Canal 7 SLP - Somos TV","description":"Somos un Canal de 10","publisher":{"@id":"https:\/\/canal7slp.tv\/2019\/#organization"},"potentialAction":[{"@type":"SearchAction","target":{"@type":"EntryPoint","urlTemplate":"https:\/\/canal7slp.tv\/2019\/?s={search_term_string}"},"query-input":{"@type":"PropertyValueSpecification","valueRequired":true,"valueName":"search_term_string"}}],"inLanguage":"es"},{"@type":"Organization","@id":"https:\/\/canal7slp.tv\/2019\/#organization","name":"Comunicaci\u00f3n 2000 S.A. de C.V.","url":"https:\/\/canal7slp.tv\/2019\/","logo":{"@type":"ImageObject","inLanguage":"es","@id":"https:\/\/canal7slp.tv\/2019\/#\/schema\/logo\/image\/","url":"https:\/\/canal7slp.tv\/2019\/wp-content\/uploads\/2019\/07\/logo-c7.png","contentUrl":"https:\/\/canal7slp.tv\/2019\/wp-content\/uploads\/2019\/07\/logo-c7.png","width":220,"height":60,"caption":"Comunicaci\u00f3n 2000 S.A. de C.V."},"image":{"@id":"https:\/\/canal7slp.tv\/2019\/#\/schema\/logo\/image\/"},"sameAs":["https:\/\/www.facebook.com\/CANAL7SLP\/","https:\/\/x.com\/canal7_slp","https:\/\/www.instagram.com\/canal7_slp","https:\/\/www.youtube.com\/user\/NOTICIEROSCANAL7SLP\/"]},{"@type":"Person","@id":"https:\/\/canal7slp.tv\/2019\/#\/schema\/person\/11d941c1c6ca30ac0a46b95fa37aa2e3","name":"edicionweb","image":{"@type":"ImageObject","inLanguage":"es","@id":"https:\/\/secure.gravatar.com\/avatar\/eee448fc3f7164808013b816ba91ac7e43bbe82a70bebac296f8bc6f0addaa1a?s=96&d=mm&r=g","url":"https:\/\/secure.gravatar.com\/avatar\/eee448fc3f7164808013b816ba91ac7e43bbe82a70bebac296f8bc6f0addaa1a?s=96&d=mm&r=g","contentUrl":"https:\/\/secure.gravatar.com\/avatar\/eee448fc3f7164808013b816ba91ac7e43bbe82a70bebac296f8bc6f0addaa1a?s=96&d=mm&r=g","caption":"edicionweb"}}]}},"amp_enabled":true,"cmb2":{"video_ids_in_playlist":{"vid_p_videos":""},"video_ids_in_channel":{"vid_c_videos":""},"playlist_ids_in_channel":{"vid_c_playlists":""},"series_ids_in_channel":{"vid_c_series":""},"channel_images":{"vid_c_logo":"","vid_c_banner":""},"poster_feature_image":{"vid_m_poster_image":""},"gif_feature_image":{"vid_m_gif_image":""},"video_movie_settings":{"vid_m_director":"","vid_m_actor":"","vid_m_imdb_ratings":"","vid_m_amazon_associates":""},"vid_youtube_broadcasts_settings":{"vid_yb_broadcast_title":"","vid_yb_q":"","vid_yb_channelid":"","vid_yb_videocategoryid":"","vid_yb_maxresults":"","vid_yb_order":"","vid_yb_regioncode":"","vid_yb_videosyndicated":"","vid_yb_style":"","vid_yb_reload_first":""},"video_series_settings":{"vid_m_director":"","vid_m_actor":"","vid_m_imdb_ratings":"","video_series_group":""},"amazon_associates_settings":{"amazon_associates":"","amazon_native_ad":""},"vid_youtube_automatic_settings":{"vid_ya_youtube_source":"","vid_ya_update_every":"","vid_ya_update_unit":"","vid_ya_categories":"","vid_ya_published_after":"","vid_ya_published_before":"","vid_ya_playlists":"","vid_ya_channels":"","vid_ya_director":"","vid_ya_actor":"","vid_ya_author":"","vid_ya_import_post_date":"","vid_ya_status":"","vid_ya_sub_api_key":""},"vid_ads_m_videoads_settings_post":{"vid_ads_m_video_ads":"","vid_ads_m_video_ads_type":"","vid_ads_m_group_google_ima":"","vid_ads_m_group_image":"","vid_ads_m_group_html5_video":"","vid_ads_m_group_html":"","vid_ads_m_vast_preroll":"","vid_ads_m_vast_postroll":"","vid_ads_m_vast_pauseroll":"","vid_ads_m_vast_midroll":[{"vid_ads_m_vast_timer_seconds":"50"}],"vid_ads_m_time_to_show_ads":"","vid_ads_m_time_skip_ads":"","vid_ads_m_time_to_hide_ads":""},"page_slider_settings":{"display_slider_group":"","page_slider_group":""},"blog_page_settings":{"blog_page_title":"","blog_page_heading":"","blog_page_ic":"","blog_page_it":"","blog_page_ec":"","blog_page_ip":"","archive_loop_style":"","blog_image_ratio":"","blog_show_categories":"","blog_show_excerpt":"","blog_show_author":"","blog_show_date":"","blog_show_comment_count":"","blog_show_view_count":"","blog_show_like_count":"","blog_show_dislike_count":"","blog_items_per_page":"","blog_pag_type":""},"page_options":{"get_page_template":"","color_mode":"","main_layout":"","main_layout_full_with":"","main_logo":"","main_logo_retina":"","main_logo_mobile":"","main_logo_mobile_retina":"","sticky_logo":"","sticky_logo_retina":"","main_nav_layout":"","ajax_search":"","header_background":"","theme_sidebar":"","instagram_feed":"","instagram_feed_position":"","popular_videos":"","popular_videos_title_1":"","popular_videos_title_2":"","popular_videos_ic":"","popular_videos_it":"","theme_background":"","page_custom_css":""},"feature_image_settings":{"feature_image_position":""},"video_player_settings":{"single_video_style":"","video_player_position":"","vm_video_url":"","video_player_library":"","video_streaming":"","vm_media_sources":"","vid_auto_play":"","vm_video_shortcode":"","vid_p_sync_playlist":"","vid_c_sync_channel":"","get_post_format":"","multiple_links_structure":"default","multi_links_title":"","vm_video_multi_links":"","vm_duration":"","vid_social_locker":"off","vid_social_locker_id":"","vid_membership_action":"content-video","vm_video_trailer_url":"","vid_download_type":"free","vid_download_target":"download","vid_woo_product":"","vm_media_download":"","user_rating":"","user_rating_position":"","user_rating_mode":"","user_rating_multi_sets":""},"video_auto_fetch_settings":{"vm_video_fetch":"on"},"video_fake_views_likes":{"vm_fake_views":"","vm_fake_likes":"","vm_fake_dislikes":""},"gallery_settings":{"gallery_position":""},"quote_settings":{"quote_position":""},"post_options":{"main_layout":"","main_logo":"","main_logo_retina":"","main_logo_mobile":"","main_logo_mobile_retina":"","sticky_logo":"","sticky_logo_retina":"","main_nav_layout":"","header_background":"","theme_sidebar":"","single_post_comment_type":"","theme_background":""}},"_links":{"self":[{"href":"https:\/\/canal7slp.tv\/2019\/wp-json\/wp\/v2\/posts\/52628","targetHints":{"allow":["GET"]}}],"collection":[{"href":"https:\/\/canal7slp.tv\/2019\/wp-json\/wp\/v2\/posts"}],"about":[{"href":"https:\/\/canal7slp.tv\/2019\/wp-json\/wp\/v2\/types\/post"}],"author":[{"embeddable":true,"href":"https:\/\/canal7slp.tv\/2019\/wp-json\/wp\/v2\/users\/2"}],"replies":[{"embeddable":true,"href":"https:\/\/canal7slp.tv\/2019\/wp-json\/wp\/v2\/comments?post=52628"}],"version-history":[{"count":0,"href":"https:\/\/canal7slp.tv\/2019\/wp-json\/wp\/v2\/posts\/52628\/revisions"}],"wp:featuredmedia":[{"embeddable":true,"href":"https:\/\/canal7slp.tv\/2019\/wp-json\/wp\/v2\/media\/52629"}],"wp:attachment":[{"href":"https:\/\/canal7slp.tv\/2019\/wp-json\/wp\/v2\/media?parent=52628"}],"wp:term":[{"taxonomy":"category","embeddable":true,"href":"https:\/\/canal7slp.tv\/2019\/wp-json\/wp\/v2\/categories?post=52628"},{"taxonomy":"post_tag","embeddable":true,"href":"https:\/\/canal7slp.tv\/2019\/wp-json\/wp\/v2\/tags?post=52628"}],"curies":[{"name":"wp","href":"https:\/\/api.w.org\/{rel}","templated":true}]}}