{"id":52625,"date":"2019-08-21T09:10:06","date_gmt":"2019-08-21T14:10:06","guid":{"rendered":"https:\/\/canal7slp.tv\/2019\/?p=52625"},"modified":"2019-08-21T09:10:06","modified_gmt":"2019-08-21T14:10:06","slug":"navarra-bloqueada-por-la-cumbre-del-g-7-en-biarriz-recomiendan-posponer-los-viajes-hasta-el-martes","status":"publish","type":"post","link":"https:\/\/canal7slp.tv\/2019\/navarra-bloqueada-por-la-cumbre-del-g-7-en-biarriz-recomiendan-posponer-los-viajes-hasta-el-martes\/","title":{"rendered":"Navarra, &#8216;bloqueada&#8217; por la cumbre del G-7 en Biarriz: recomiendan posponer los viajes hasta el martes"},"content":{"rendered":"<p style=\"text-align: justify\">Navarra.- El Gobierno de Navarra ha recomendado a la ciudadan\u00eda y al sector profesional del transporte que posponga hasta al menos el pr\u00f3ximo martes, 27 de agosto, cualquier desplazamiento previsto entre la Comunidad foral y Francia, en ambos sentidos, debido a las previsibles afecciones al tr\u00e1fico derivadas de la cumbre del G-7 que tendr\u00e1 lugar en Biarritz del 22 al 26 de agosto.<\/p>\n<p style=\"text-align: justify\">En el caso de los viajes impostergables en turismo entre Francia y Navarra, la recomendaci\u00f3n es utilizar la carretera N-135 Pamplona &#8211; Francia por Luzaide \/ Valcarlos. Para el tr\u00e1fico pesado, la recomendaci\u00f3n es utilizar el paso fronterizo de la Jonquera (Girona), en el corredor mediterr\u00e1neo entre Espa\u00f1a y Francia.<\/p>\n<p style=\"text-align: justify\">As\u00ed lo ha explicado este mi\u00e9rcoles el vicepresidente del Ejecutivo foral, Javier Rem\u00edrez, en la rueda de prensa posterior a la sesi\u00f3n de Gobierno, quien ha esperado que la cumbre de Biarritz &#8220;cree el menor n\u00famero de problemas a la poblaci\u00f3n en general&#8221;.<\/p>\n<p style=\"text-align: justify\">El tambi\u00e9n y consejero de Presidencia, Igualdad, Funci\u00f3n P\u00fablica e Interior, ha dado cuenta en esta reuni\u00f3n de la creaci\u00f3n ayer martes de un grupo de trabajo interdepartamental con el fin de gestionar las consecuencias en la Comunidad foral de la cumbre del G-7. En el grupo participan los directores generales de Interior, Amparo L\u00f3pez; de Transportes, Berta Miranda; de Comunicaci\u00f3n y Relaciones Institucionales, Pablo Roncal; de Transformaci\u00f3n Digital, Guzm\u00e1n Garmendia (competente en materia de telecomunicaciones); representantes del Servicio de Navarro de Salud; y el jefe de la Polic\u00eda Foral, Juan Carlos Zapico.<\/p>\n<p style=\"text-align: justify\">El grupo de trabajo tiene por objeto estudiar y hacer un seguimiento continuo de las consecuencias de la cumbre en los aspectos de seguridad y emergencias de las localidades lim\u00edtrofes con Francia, as\u00ed como del tr\u00e1fico rodado en Navarra. Dicho grupo y sus responsables est\u00e1n trabajando de manera coordinada con responsables de seguridad y tr\u00e1fico del Gobierno Vasco y del Gobierno central, as\u00ed como con las empresas de transportes. La Polic\u00eda Foral se est\u00e1 coordinando igualmente con Guardia Civil, Polic\u00eda Nacional, Ertzaintza y Gendarmeria Francesa para que &#8220;garantizar en todo momento la seguridad ciudadana y un tr\u00e1fico lo m\u00e1s fluido posible&#8221;.<\/p>\n<p style=\"text-align: justify\">Desde este jueves, la se\u00f1alizaci\u00f3n electr\u00f3nica de las carreteras y autov\u00edas navarras, tambi\u00e9n en los puntos de acceso desde el sur a Navarra, ofrecer\u00e1 estas recomendaciones e ir\u00e1 informando permanentemente de la evoluci\u00f3n del tr\u00e1fico en la zona fronteriza.<\/p>\n<p style=\"text-align: justify\">Asimismo, tres patrullas de tr\u00e1fico de la Polic\u00eda Foral trabajar\u00e1n en turnos de ma\u00f1ana, tarde y noche en la regulaci\u00f3n y apoyo al tr\u00e1fico en tr\u00e1nsito entre Navarra y Francia, con el apoyo de otra veintena de patrullas policiales de las comisar\u00edas de Alsasua, Elizondo (Baztan), Sang\u00fcesa y Pamplona para las actuaciones concretas que sean precisas en sus \u00e1reas de influencia.<\/p>\n<p style=\"text-align: justify\">La Polic\u00eda Foral, adem\u00e1s, a trav\u00e9s de su cuenta de Twitter @policiaforal_na ofrecer\u00e1 informaci\u00f3n permanente sobre las afecciones de tr\u00e1fico en la red foral de carreteras durante todo el fin de semana; y tanto la web de carreteras.navarra.es como el tel\u00e9fono de informaci\u00f3n 848-42 35 00 informar\u00e1n de los cortes y embotellamientos que puedan surgir. La informaci\u00f3n sobre el paso a Francia por la localidad guipuzcoana de Ir\u00fan podr\u00e1 consultarse en esta web.<\/p>\n<p style=\"text-align: justify\">El \u00faltimo fin de semana de agosto es una fecha que tradicionalmente provoca largas retenciones en el paso fronterizo de Ir\u00fan. Con los problemas que por a\u00f1adidura puede provocar el dispositivo de seguridad que rodea a la cumbre de Biarritz, el Gobierno Vasco, competente en materia de tr\u00e1fico, ha acordado restricciones preventivas al tr\u00e1fico pesado y de mercanc\u00edas para esas fechas.<\/p>\n<p style=\"text-align: justify\">Adem\u00e1s, baraja escenarios alternativos de cortes puntuales o totales de tr\u00e1fico en la Comunidad Aut\u00f3noma Vasca, que podr\u00edan afectar a las carreteras navarras, especialmente en Alsasua (Autov\u00eda del Norte A-1 y Autov\u00eda de la Sakana A-10), Leiza (A-15, Autov\u00eda de Leizaran) y Bera (N-121-A, Pamplona &#8211; Francia por Behobia).<\/p>\n<p style=\"text-align: justify\">En este sentido, y en colaboraci\u00f3n con la Ertzaintza y la Gendarmeria Francesa, Polic\u00eda Foral y Guardia Civil trabajar\u00e1n para, adem\u00e1s de regular el tr\u00e1fico propio de Navarra con direcci\u00f3n al pa\u00eds galo, los desv\u00edos que puedan arbitrarse desde la CAV discurran con fluidez hasta la capital navarra, donde se habilitar\u00e1n bolsas de aparcamiento en los pol\u00edgonos industriales habituales o se ofrecer\u00e1 al tr\u00e1fico pesado la opci\u00f3n de continuar viaje por la Autopista de Navarra (AP-15) hacia el corredor mediterr\u00e1neo.<\/p>\n<p style=\"text-align: justify\">La Direcci\u00f3n General de Interior tambi\u00e9n baraja habilitar, si la situaci\u00f3n lo requiere, otras bolsas de aparcamiento en las zonas contiguas al corredor de la Autov\u00eda del Norte (A-1), en Alsasua, y en la N-121-A, en los municipios del Valle del Bidasoa. Y est\u00e1 en contacto con las asociaciones colaboradoras por si hubiera que asistir a estos viajeros y transportistas.<\/p>\n<p style=\"text-align: justify\">Por su parte, el Servicio Navarro de Salud &#8220;garantiza la normal prestaci\u00f3n de los servicios habituales&#8221; de los centros de salud y consultorios de las zonas lim\u00edtrofes con Francia, as\u00ed como de los servicios extrahospitalarios de urgencias de estos enclaves durante el fin de semana.<\/p>\n<p style=\"text-align: justify\">Salud est\u00e1 en contacto tanto con el Servicio Vasco de Salud como con el Hospital de Bayona para coordinar y garantizar las derivaciones hospitalarias ordinarias que por cercan\u00eda se realizan desde localidades navarras a hospitales guipuzcoanos y al mencionado de Bayona.<\/p>\n<p style=\"text-align: justify\">Asimismo, en previsi\u00f3n de escenarios de dificultades importantes para los desplazamientos en las localidades lim\u00edtrofes con Francia, la Sala de Coordinaci\u00f3n 112 har\u00e1 uso de los helic\u00f3pteros para el traslado a centros sanitarios y hospitalarios de pacientes graves que, en otra situaci\u00f3n, ser\u00edan evacuados en ambulancia.<\/p>\n<p style=\"text-align: justify\">Finalmente, la Direcci\u00f3n General de Transportes ha abierto un canal permanente de comunicaci\u00f3n con las principales asociaciones del sector para que &#8220;la informaci\u00f3n con los profesionales fluya bidireccionalmente y con rapidez&#8221;.<\/p>\n","protected":false},"excerpt":{"rendered":"<p>Navarra.- El Gobierno de Navarra ha recomendado a la ciudadan\u00eda y al sector profesional del transporte que posponga hasta al menos el pr\u00f3ximo martes, 27 de agosto, cualquier desplazamiento previsto entre la Comunidad foral y Francia, en ambos sentidos, debido a las previsibles afecciones al tr\u00e1fico derivadas de la cumbre del G-7 que tendr\u00e1 lugar [&hellip;]<\/p>\n","protected":false},"author":2,"featured_media":52626,"comment_status":"open","ping_status":"open","sticky":false,"template":"","format":"standard","meta":{"footnotes":""},"categories":[18],"tags":[],"class_list":["post-52625","post","type-post","status-publish","format-standard","has-post-thumbnail","hentry","category-internacional"],"yoast_head":"<!-- This site is optimized with the Yoast SEO plugin v27.5 - https:\/\/yoast.com\/product\/yoast-seo-wordpress\/ -->\n<title>Navarra, &#039;bloqueada&#039; por la cumbre del G-7 en Biarriz: recomiendan posponer los viajes hasta el martes - Canal 7 SLP - 2019<\/title>\n<meta name=\"robots\" content=\"index, follow, max-snippet:-1, max-image-preview:large, max-video-preview:-1\" \/>\n<link rel=\"canonical\" href=\"https:\/\/canal7slp.tv\/2019\/navarra-bloqueada-por-la-cumbre-del-g-7-en-biarriz-recomiendan-posponer-los-viajes-hasta-el-martes\/\" \/>\n<meta property=\"og:locale\" content=\"es_ES\" \/>\n<meta property=\"og:type\" content=\"article\" \/>\n<meta property=\"og:title\" content=\"Navarra, &#039;bloqueada&#039; por la cumbre del G-7 en Biarriz: recomiendan posponer los viajes hasta el martes - Canal 7 SLP - 2019\" \/>\n<meta property=\"og:description\" content=\"Navarra.- El Gobierno de Navarra ha recomendado a la ciudadan\u00eda y al sector profesional del transporte que posponga hasta al menos el pr\u00f3ximo martes, 27 de agosto, cualquier desplazamiento previsto entre la Comunidad foral y Francia, en ambos sentidos, debido a las previsibles afecciones al tr\u00e1fico derivadas de la cumbre del G-7 que tendr\u00e1 lugar [&hellip;]\" \/>\n<meta property=\"og:url\" content=\"https:\/\/canal7slp.tv\/2019\/navarra-bloqueada-por-la-cumbre-del-g-7-en-biarriz-recomiendan-posponer-los-viajes-hasta-el-martes\/\" \/>\n<meta property=\"og:site_name\" content=\"Canal 7 SLP - 2019\" \/>\n<meta property=\"article:publisher\" content=\"https:\/\/www.facebook.com\/CANAL7SLP\/\" \/>\n<meta property=\"article:published_time\" content=\"2019-08-21T14:10:06+00:00\" \/>\n<meta property=\"og:image\" content=\"https:\/\/canal7slp.tv\/2019\/wp-content\/uploads\/2019\/08\/1000-17.jpg\" \/>\n\t<meta property=\"og:image:width\" content=\"729\" \/>\n\t<meta property=\"og:image:height\" content=\"410\" \/>\n\t<meta property=\"og:image:type\" content=\"image\/jpeg\" \/>\n<meta name=\"author\" content=\"edicionweb\" \/>\n<meta name=\"twitter:card\" content=\"summary_large_image\" \/>\n<meta name=\"twitter:creator\" content=\"@canal7_slp\" \/>\n<meta name=\"twitter:site\" content=\"@canal7_slp\" \/>\n<meta name=\"twitter:label1\" content=\"Escrito por\" \/>\n\t<meta name=\"twitter:data1\" content=\"edicionweb\" \/>\n\t<meta name=\"twitter:label2\" content=\"Tiempo de lectura\" \/>\n\t<meta name=\"twitter:data2\" content=\"5 minutos\" \/>\n<script type=\"application\/ld+json\" class=\"yoast-schema-graph\">{\"@context\":\"https:\\\/\\\/schema.org\",\"@graph\":[{\"@type\":\"Article\",\"@id\":\"https:\\\/\\\/canal7slp.tv\\\/2019\\\/navarra-bloqueada-por-la-cumbre-del-g-7-en-biarriz-recomiendan-posponer-los-viajes-hasta-el-martes\\\/#article\",\"isPartOf\":{\"@id\":\"https:\\\/\\\/canal7slp.tv\\\/2019\\\/navarra-bloqueada-por-la-cumbre-del-g-7-en-biarriz-recomiendan-posponer-los-viajes-hasta-el-martes\\\/\"},\"author\":{\"name\":\"edicionweb\",\"@id\":\"https:\\\/\\\/canal7slp.tv\\\/2019\\\/#\\\/schema\\\/person\\\/11d941c1c6ca30ac0a46b95fa37aa2e3\"},\"headline\":\"Navarra, &#8216;bloqueada&#8217; por la cumbre del G-7 en Biarriz: recomiendan posponer los viajes hasta el martes\",\"datePublished\":\"2019-08-21T14:10:06+00:00\",\"mainEntityOfPage\":{\"@id\":\"https:\\\/\\\/canal7slp.tv\\\/2019\\\/navarra-bloqueada-por-la-cumbre-del-g-7-en-biarriz-recomiendan-posponer-los-viajes-hasta-el-martes\\\/\"},\"wordCount\":1049,\"commentCount\":0,\"publisher\":{\"@id\":\"https:\\\/\\\/canal7slp.tv\\\/2019\\\/#organization\"},\"image\":{\"@id\":\"https:\\\/\\\/canal7slp.tv\\\/2019\\\/navarra-bloqueada-por-la-cumbre-del-g-7-en-biarriz-recomiendan-posponer-los-viajes-hasta-el-martes\\\/#primaryimage\"},\"thumbnailUrl\":\"https:\\\/\\\/canal7slp.tv\\\/2019\\\/wp-content\\\/uploads\\\/2019\\\/08\\\/1000-17.jpg\",\"articleSection\":[\"INTERNACIONAL\"],\"inLanguage\":\"es\",\"potentialAction\":[{\"@type\":\"CommentAction\",\"name\":\"Comment\",\"target\":[\"https:\\\/\\\/canal7slp.tv\\\/2019\\\/navarra-bloqueada-por-la-cumbre-del-g-7-en-biarriz-recomiendan-posponer-los-viajes-hasta-el-martes\\\/#respond\"]}]},{\"@type\":\"WebPage\",\"@id\":\"https:\\\/\\\/canal7slp.tv\\\/2019\\\/navarra-bloqueada-por-la-cumbre-del-g-7-en-biarriz-recomiendan-posponer-los-viajes-hasta-el-martes\\\/\",\"url\":\"https:\\\/\\\/canal7slp.tv\\\/2019\\\/navarra-bloqueada-por-la-cumbre-del-g-7-en-biarriz-recomiendan-posponer-los-viajes-hasta-el-martes\\\/\",\"name\":\"Navarra, 'bloqueada' por la cumbre del G-7 en Biarriz: recomiendan posponer los viajes hasta el martes - Canal 7 SLP - 2019\",\"isPartOf\":{\"@id\":\"https:\\\/\\\/canal7slp.tv\\\/2019\\\/#website\"},\"primaryImageOfPage\":{\"@id\":\"https:\\\/\\\/canal7slp.tv\\\/2019\\\/navarra-bloqueada-por-la-cumbre-del-g-7-en-biarriz-recomiendan-posponer-los-viajes-hasta-el-martes\\\/#primaryimage\"},\"image\":{\"@id\":\"https:\\\/\\\/canal7slp.tv\\\/2019\\\/navarra-bloqueada-por-la-cumbre-del-g-7-en-biarriz-recomiendan-posponer-los-viajes-hasta-el-martes\\\/#primaryimage\"},\"thumbnailUrl\":\"https:\\\/\\\/canal7slp.tv\\\/2019\\\/wp-content\\\/uploads\\\/2019\\\/08\\\/1000-17.jpg\",\"datePublished\":\"2019-08-21T14:10:06+00:00\",\"breadcrumb\":{\"@id\":\"https:\\\/\\\/canal7slp.tv\\\/2019\\\/navarra-bloqueada-por-la-cumbre-del-g-7-en-biarriz-recomiendan-posponer-los-viajes-hasta-el-martes\\\/#breadcrumb\"},\"inLanguage\":\"es\",\"potentialAction\":[{\"@type\":\"ReadAction\",\"target\":[\"https:\\\/\\\/canal7slp.tv\\\/2019\\\/navarra-bloqueada-por-la-cumbre-del-g-7-en-biarriz-recomiendan-posponer-los-viajes-hasta-el-martes\\\/\"]}]},{\"@type\":\"ImageObject\",\"inLanguage\":\"es\",\"@id\":\"https:\\\/\\\/canal7slp.tv\\\/2019\\\/navarra-bloqueada-por-la-cumbre-del-g-7-en-biarriz-recomiendan-posponer-los-viajes-hasta-el-martes\\\/#primaryimage\",\"url\":\"https:\\\/\\\/canal7slp.tv\\\/2019\\\/wp-content\\\/uploads\\\/2019\\\/08\\\/1000-17.jpg\",\"contentUrl\":\"https:\\\/\\\/canal7slp.tv\\\/2019\\\/wp-content\\\/uploads\\\/2019\\\/08\\\/1000-17.jpg\",\"width\":729,\"height\":410},{\"@type\":\"BreadcrumbList\",\"@id\":\"https:\\\/\\\/canal7slp.tv\\\/2019\\\/navarra-bloqueada-por-la-cumbre-del-g-7-en-biarriz-recomiendan-posponer-los-viajes-hasta-el-martes\\\/#breadcrumb\",\"itemListElement\":[{\"@type\":\"ListItem\",\"position\":1,\"name\":\"Home\",\"item\":\"https:\\\/\\\/canal7slp.tv\\\/2019\\\/\"},{\"@type\":\"ListItem\",\"position\":2,\"name\":\"Navarra, &#8216;bloqueada&#8217; por la cumbre del G-7 en Biarriz: recomiendan posponer los viajes hasta el martes\"}]},{\"@type\":\"WebSite\",\"@id\":\"https:\\\/\\\/canal7slp.tv\\\/2019\\\/#website\",\"url\":\"https:\\\/\\\/canal7slp.tv\\\/2019\\\/\",\"name\":\"Canal 7 SLP - Somos TV\",\"description\":\"Somos un Canal de 10\",\"publisher\":{\"@id\":\"https:\\\/\\\/canal7slp.tv\\\/2019\\\/#organization\"},\"potentialAction\":[{\"@type\":\"SearchAction\",\"target\":{\"@type\":\"EntryPoint\",\"urlTemplate\":\"https:\\\/\\\/canal7slp.tv\\\/2019\\\/?s={search_term_string}\"},\"query-input\":{\"@type\":\"PropertyValueSpecification\",\"valueRequired\":true,\"valueName\":\"search_term_string\"}}],\"inLanguage\":\"es\"},{\"@type\":\"Organization\",\"@id\":\"https:\\\/\\\/canal7slp.tv\\\/2019\\\/#organization\",\"name\":\"Comunicaci\u00f3n 2000 S.A. de C.V.\",\"url\":\"https:\\\/\\\/canal7slp.tv\\\/2019\\\/\",\"logo\":{\"@type\":\"ImageObject\",\"inLanguage\":\"es\",\"@id\":\"https:\\\/\\\/canal7slp.tv\\\/2019\\\/#\\\/schema\\\/logo\\\/image\\\/\",\"url\":\"https:\\\/\\\/canal7slp.tv\\\/2019\\\/wp-content\\\/uploads\\\/2019\\\/07\\\/logo-c7.png\",\"contentUrl\":\"https:\\\/\\\/canal7slp.tv\\\/2019\\\/wp-content\\\/uploads\\\/2019\\\/07\\\/logo-c7.png\",\"width\":220,\"height\":60,\"caption\":\"Comunicaci\u00f3n 2000 S.A. de C.V.\"},\"image\":{\"@id\":\"https:\\\/\\\/canal7slp.tv\\\/2019\\\/#\\\/schema\\\/logo\\\/image\\\/\"},\"sameAs\":[\"https:\\\/\\\/www.facebook.com\\\/CANAL7SLP\\\/\",\"https:\\\/\\\/x.com\\\/canal7_slp\",\"https:\\\/\\\/www.instagram.com\\\/canal7_slp\",\"https:\\\/\\\/www.youtube.com\\\/user\\\/NOTICIEROSCANAL7SLP\\\/\"]},{\"@type\":\"Person\",\"@id\":\"https:\\\/\\\/canal7slp.tv\\\/2019\\\/#\\\/schema\\\/person\\\/11d941c1c6ca30ac0a46b95fa37aa2e3\",\"name\":\"edicionweb\",\"image\":{\"@type\":\"ImageObject\",\"inLanguage\":\"es\",\"@id\":\"https:\\\/\\\/secure.gravatar.com\\\/avatar\\\/eee448fc3f7164808013b816ba91ac7e43bbe82a70bebac296f8bc6f0addaa1a?s=96&d=mm&r=g\",\"url\":\"https:\\\/\\\/secure.gravatar.com\\\/avatar\\\/eee448fc3f7164808013b816ba91ac7e43bbe82a70bebac296f8bc6f0addaa1a?s=96&d=mm&r=g\",\"contentUrl\":\"https:\\\/\\\/secure.gravatar.com\\\/avatar\\\/eee448fc3f7164808013b816ba91ac7e43bbe82a70bebac296f8bc6f0addaa1a?s=96&d=mm&r=g\",\"caption\":\"edicionweb\"}}]}<\/script>\n<!-- \/ Yoast SEO plugin. -->","yoast_head_json":{"title":"Navarra, 'bloqueada' por la cumbre del G-7 en Biarriz: recomiendan posponer los viajes hasta el martes - Canal 7 SLP - 2019","robots":{"index":"index","follow":"follow","max-snippet":"max-snippet:-1","max-image-preview":"max-image-preview:large","max-video-preview":"max-video-preview:-1"},"canonical":"https:\/\/canal7slp.tv\/2019\/navarra-bloqueada-por-la-cumbre-del-g-7-en-biarriz-recomiendan-posponer-los-viajes-hasta-el-martes\/","og_locale":"es_ES","og_type":"article","og_title":"Navarra, 'bloqueada' por la cumbre del G-7 en Biarriz: recomiendan posponer los viajes hasta el martes - Canal 7 SLP - 2019","og_description":"Navarra.- El Gobierno de Navarra ha recomendado a la ciudadan\u00eda y al sector profesional del transporte que posponga hasta al menos el pr\u00f3ximo martes, 27 de agosto, cualquier desplazamiento previsto entre la Comunidad foral y Francia, en ambos sentidos, debido a las previsibles afecciones al tr\u00e1fico derivadas de la cumbre del G-7 que tendr\u00e1 lugar [&hellip;]","og_url":"https:\/\/canal7slp.tv\/2019\/navarra-bloqueada-por-la-cumbre-del-g-7-en-biarriz-recomiendan-posponer-los-viajes-hasta-el-martes\/","og_site_name":"Canal 7 SLP - 2019","article_publisher":"https:\/\/www.facebook.com\/CANAL7SLP\/","article_published_time":"2019-08-21T14:10:06+00:00","og_image":[{"width":729,"height":410,"url":"https:\/\/canal7slp.tv\/2019\/wp-content\/uploads\/2019\/08\/1000-17.jpg","type":"image\/jpeg"}],"author":"edicionweb","twitter_card":"summary_large_image","twitter_creator":"@canal7_slp","twitter_site":"@canal7_slp","twitter_misc":{"Escrito por":"edicionweb","Tiempo de lectura":"5 minutos"},"schema":{"@context":"https:\/\/schema.org","@graph":[{"@type":"Article","@id":"https:\/\/canal7slp.tv\/2019\/navarra-bloqueada-por-la-cumbre-del-g-7-en-biarriz-recomiendan-posponer-los-viajes-hasta-el-martes\/#article","isPartOf":{"@id":"https:\/\/canal7slp.tv\/2019\/navarra-bloqueada-por-la-cumbre-del-g-7-en-biarriz-recomiendan-posponer-los-viajes-hasta-el-martes\/"},"author":{"name":"edicionweb","@id":"https:\/\/canal7slp.tv\/2019\/#\/schema\/person\/11d941c1c6ca30ac0a46b95fa37aa2e3"},"headline":"Navarra, &#8216;bloqueada&#8217; por la cumbre del G-7 en Biarriz: recomiendan posponer los viajes hasta el martes","datePublished":"2019-08-21T14:10:06+00:00","mainEntityOfPage":{"@id":"https:\/\/canal7slp.tv\/2019\/navarra-bloqueada-por-la-cumbre-del-g-7-en-biarriz-recomiendan-posponer-los-viajes-hasta-el-martes\/"},"wordCount":1049,"commentCount":0,"publisher":{"@id":"https:\/\/canal7slp.tv\/2019\/#organization"},"image":{"@id":"https:\/\/canal7slp.tv\/2019\/navarra-bloqueada-por-la-cumbre-del-g-7-en-biarriz-recomiendan-posponer-los-viajes-hasta-el-martes\/#primaryimage"},"thumbnailUrl":"https:\/\/canal7slp.tv\/2019\/wp-content\/uploads\/2019\/08\/1000-17.jpg","articleSection":["INTERNACIONAL"],"inLanguage":"es","potentialAction":[{"@type":"CommentAction","name":"Comment","target":["https:\/\/canal7slp.tv\/2019\/navarra-bloqueada-por-la-cumbre-del-g-7-en-biarriz-recomiendan-posponer-los-viajes-hasta-el-martes\/#respond"]}]},{"@type":"WebPage","@id":"https:\/\/canal7slp.tv\/2019\/navarra-bloqueada-por-la-cumbre-del-g-7-en-biarriz-recomiendan-posponer-los-viajes-hasta-el-martes\/","url":"https:\/\/canal7slp.tv\/2019\/navarra-bloqueada-por-la-cumbre-del-g-7-en-biarriz-recomiendan-posponer-los-viajes-hasta-el-martes\/","name":"Navarra, 'bloqueada' por la cumbre del G-7 en Biarriz: recomiendan posponer los viajes hasta el martes - Canal 7 SLP - 2019","isPartOf":{"@id":"https:\/\/canal7slp.tv\/2019\/#website"},"primaryImageOfPage":{"@id":"https:\/\/canal7slp.tv\/2019\/navarra-bloqueada-por-la-cumbre-del-g-7-en-biarriz-recomiendan-posponer-los-viajes-hasta-el-martes\/#primaryimage"},"image":{"@id":"https:\/\/canal7slp.tv\/2019\/navarra-bloqueada-por-la-cumbre-del-g-7-en-biarriz-recomiendan-posponer-los-viajes-hasta-el-martes\/#primaryimage"},"thumbnailUrl":"https:\/\/canal7slp.tv\/2019\/wp-content\/uploads\/2019\/08\/1000-17.jpg","datePublished":"2019-08-21T14:10:06+00:00","breadcrumb":{"@id":"https:\/\/canal7slp.tv\/2019\/navarra-bloqueada-por-la-cumbre-del-g-7-en-biarriz-recomiendan-posponer-los-viajes-hasta-el-martes\/#breadcrumb"},"inLanguage":"es","potentialAction":[{"@type":"ReadAction","target":["https:\/\/canal7slp.tv\/2019\/navarra-bloqueada-por-la-cumbre-del-g-7-en-biarriz-recomiendan-posponer-los-viajes-hasta-el-martes\/"]}]},{"@type":"ImageObject","inLanguage":"es","@id":"https:\/\/canal7slp.tv\/2019\/navarra-bloqueada-por-la-cumbre-del-g-7-en-biarriz-recomiendan-posponer-los-viajes-hasta-el-martes\/#primaryimage","url":"https:\/\/canal7slp.tv\/2019\/wp-content\/uploads\/2019\/08\/1000-17.jpg","contentUrl":"https:\/\/canal7slp.tv\/2019\/wp-content\/uploads\/2019\/08\/1000-17.jpg","width":729,"height":410},{"@type":"BreadcrumbList","@id":"https:\/\/canal7slp.tv\/2019\/navarra-bloqueada-por-la-cumbre-del-g-7-en-biarriz-recomiendan-posponer-los-viajes-hasta-el-martes\/#breadcrumb","itemListElement":[{"@type":"ListItem","position":1,"name":"Home","item":"https:\/\/canal7slp.tv\/2019\/"},{"@type":"ListItem","position":2,"name":"Navarra, &#8216;bloqueada&#8217; por la cumbre del G-7 en Biarriz: recomiendan posponer los viajes hasta el martes"}]},{"@type":"WebSite","@id":"https:\/\/canal7slp.tv\/2019\/#website","url":"https:\/\/canal7slp.tv\/2019\/","name":"Canal 7 SLP - Somos TV","description":"Somos un Canal de 10","publisher":{"@id":"https:\/\/canal7slp.tv\/2019\/#organization"},"potentialAction":[{"@type":"SearchAction","target":{"@type":"EntryPoint","urlTemplate":"https:\/\/canal7slp.tv\/2019\/?s={search_term_string}"},"query-input":{"@type":"PropertyValueSpecification","valueRequired":true,"valueName":"search_term_string"}}],"inLanguage":"es"},{"@type":"Organization","@id":"https:\/\/canal7slp.tv\/2019\/#organization","name":"Comunicaci\u00f3n 2000 S.A. de C.V.","url":"https:\/\/canal7slp.tv\/2019\/","logo":{"@type":"ImageObject","inLanguage":"es","@id":"https:\/\/canal7slp.tv\/2019\/#\/schema\/logo\/image\/","url":"https:\/\/canal7slp.tv\/2019\/wp-content\/uploads\/2019\/07\/logo-c7.png","contentUrl":"https:\/\/canal7slp.tv\/2019\/wp-content\/uploads\/2019\/07\/logo-c7.png","width":220,"height":60,"caption":"Comunicaci\u00f3n 2000 S.A. de C.V."},"image":{"@id":"https:\/\/canal7slp.tv\/2019\/#\/schema\/logo\/image\/"},"sameAs":["https:\/\/www.facebook.com\/CANAL7SLP\/","https:\/\/x.com\/canal7_slp","https:\/\/www.instagram.com\/canal7_slp","https:\/\/www.youtube.com\/user\/NOTICIEROSCANAL7SLP\/"]},{"@type":"Person","@id":"https:\/\/canal7slp.tv\/2019\/#\/schema\/person\/11d941c1c6ca30ac0a46b95fa37aa2e3","name":"edicionweb","image":{"@type":"ImageObject","inLanguage":"es","@id":"https:\/\/secure.gravatar.com\/avatar\/eee448fc3f7164808013b816ba91ac7e43bbe82a70bebac296f8bc6f0addaa1a?s=96&d=mm&r=g","url":"https:\/\/secure.gravatar.com\/avatar\/eee448fc3f7164808013b816ba91ac7e43bbe82a70bebac296f8bc6f0addaa1a?s=96&d=mm&r=g","contentUrl":"https:\/\/secure.gravatar.com\/avatar\/eee448fc3f7164808013b816ba91ac7e43bbe82a70bebac296f8bc6f0addaa1a?s=96&d=mm&r=g","caption":"edicionweb"}}]}},"amp_enabled":true,"cmb2":{"video_ids_in_playlist":{"vid_p_videos":""},"video_ids_in_channel":{"vid_c_videos":""},"playlist_ids_in_channel":{"vid_c_playlists":""},"series_ids_in_channel":{"vid_c_series":""},"channel_images":{"vid_c_logo":"","vid_c_banner":""},"poster_feature_image":{"vid_m_poster_image":""},"gif_feature_image":{"vid_m_gif_image":""},"video_movie_settings":{"vid_m_director":"","vid_m_actor":"","vid_m_imdb_ratings":"","vid_m_amazon_associates":""},"vid_youtube_broadcasts_settings":{"vid_yb_broadcast_title":"","vid_yb_q":"","vid_yb_channelid":"","vid_yb_videocategoryid":"","vid_yb_maxresults":"","vid_yb_order":"","vid_yb_regioncode":"","vid_yb_videosyndicated":"","vid_yb_style":"","vid_yb_reload_first":""},"video_series_settings":{"vid_m_director":"","vid_m_actor":"","vid_m_imdb_ratings":"","video_series_group":""},"amazon_associates_settings":{"amazon_associates":"","amazon_native_ad":""},"vid_youtube_automatic_settings":{"vid_ya_youtube_source":"","vid_ya_update_every":"","vid_ya_update_unit":"","vid_ya_categories":"","vid_ya_published_after":"","vid_ya_published_before":"","vid_ya_playlists":"","vid_ya_channels":"","vid_ya_director":"","vid_ya_actor":"","vid_ya_author":"","vid_ya_import_post_date":"","vid_ya_status":"","vid_ya_sub_api_key":""},"vid_ads_m_videoads_settings_post":{"vid_ads_m_video_ads":"","vid_ads_m_video_ads_type":"","vid_ads_m_group_google_ima":"","vid_ads_m_group_image":"","vid_ads_m_group_html5_video":"","vid_ads_m_group_html":"","vid_ads_m_vast_preroll":"","vid_ads_m_vast_postroll":"","vid_ads_m_vast_pauseroll":"","vid_ads_m_vast_midroll":[{"vid_ads_m_vast_timer_seconds":"50"}],"vid_ads_m_time_to_show_ads":"","vid_ads_m_time_skip_ads":"","vid_ads_m_time_to_hide_ads":""},"page_slider_settings":{"display_slider_group":"","page_slider_group":""},"blog_page_settings":{"blog_page_title":"","blog_page_heading":"","blog_page_ic":"","blog_page_it":"","blog_page_ec":"","blog_page_ip":"","archive_loop_style":"","blog_image_ratio":"","blog_show_categories":"","blog_show_excerpt":"","blog_show_author":"","blog_show_date":"","blog_show_comment_count":"","blog_show_view_count":"","blog_show_like_count":"","blog_show_dislike_count":"","blog_items_per_page":"","blog_pag_type":""},"page_options":{"get_page_template":"","color_mode":"","main_layout":"","main_layout_full_with":"","main_logo":"","main_logo_retina":"","main_logo_mobile":"","main_logo_mobile_retina":"","sticky_logo":"","sticky_logo_retina":"","main_nav_layout":"","ajax_search":"","header_background":"","theme_sidebar":"","instagram_feed":"","instagram_feed_position":"","popular_videos":"","popular_videos_title_1":"","popular_videos_title_2":"","popular_videos_ic":"","popular_videos_it":"","theme_background":"","page_custom_css":""},"feature_image_settings":{"feature_image_position":""},"video_player_settings":{"single_video_style":"","video_player_position":"","vm_video_url":"","video_player_library":"","video_streaming":"","vm_media_sources":"","vid_auto_play":"","vm_video_shortcode":"","vid_p_sync_playlist":"","vid_c_sync_channel":"","get_post_format":"","multiple_links_structure":"default","multi_links_title":"","vm_video_multi_links":"","vm_duration":"","vid_social_locker":"off","vid_social_locker_id":"","vid_membership_action":"content-video","vm_video_trailer_url":"","vid_download_type":"free","vid_download_target":"download","vid_woo_product":"","vm_media_download":"","user_rating":"","user_rating_position":"","user_rating_mode":"","user_rating_multi_sets":""},"video_auto_fetch_settings":{"vm_video_fetch":"on"},"video_fake_views_likes":{"vm_fake_views":"","vm_fake_likes":"","vm_fake_dislikes":""},"gallery_settings":{"gallery_position":""},"quote_settings":{"quote_position":""},"post_options":{"main_layout":"","main_logo":"","main_logo_retina":"","main_logo_mobile":"","main_logo_mobile_retina":"","sticky_logo":"","sticky_logo_retina":"","main_nav_layout":"","header_background":"","theme_sidebar":"","single_post_comment_type":"","theme_background":""}},"_links":{"self":[{"href":"https:\/\/canal7slp.tv\/2019\/wp-json\/wp\/v2\/posts\/52625","targetHints":{"allow":["GET"]}}],"collection":[{"href":"https:\/\/canal7slp.tv\/2019\/wp-json\/wp\/v2\/posts"}],"about":[{"href":"https:\/\/canal7slp.tv\/2019\/wp-json\/wp\/v2\/types\/post"}],"author":[{"embeddable":true,"href":"https:\/\/canal7slp.tv\/2019\/wp-json\/wp\/v2\/users\/2"}],"replies":[{"embeddable":true,"href":"https:\/\/canal7slp.tv\/2019\/wp-json\/wp\/v2\/comments?post=52625"}],"version-history":[{"count":0,"href":"https:\/\/canal7slp.tv\/2019\/wp-json\/wp\/v2\/posts\/52625\/revisions"}],"wp:featuredmedia":[{"embeddable":true,"href":"https:\/\/canal7slp.tv\/2019\/wp-json\/wp\/v2\/media\/52626"}],"wp:attachment":[{"href":"https:\/\/canal7slp.tv\/2019\/wp-json\/wp\/v2\/media?parent=52625"}],"wp:term":[{"taxonomy":"category","embeddable":true,"href":"https:\/\/canal7slp.tv\/2019\/wp-json\/wp\/v2\/categories?post=52625"},{"taxonomy":"post_tag","embeddable":true,"href":"https:\/\/canal7slp.tv\/2019\/wp-json\/wp\/v2\/tags?post=52625"}],"curies":[{"name":"wp","href":"https:\/\/api.w.org\/{rel}","templated":true}]}}