{"id":52606,"date":"2019-08-21T07:46:33","date_gmt":"2019-08-21T12:46:33","guid":{"rendered":"https:\/\/canal7slp.tv\/2019\/?p=52606"},"modified":"2019-08-21T07:46:33","modified_gmt":"2019-08-21T12:46:33","slug":"cancilleres-de-japon-y-surcorea-se-reunen-para-tratar-temas-conflictivos","status":"publish","type":"post","link":"https:\/\/canal7slp.tv\/2019\/cancilleres-de-japon-y-surcorea-se-reunen-para-tratar-temas-conflictivos\/","title":{"rendered":"Cancilleres de Jap\u00f3n y Surcorea se re\u00fanen para tratar temas conflictivos"},"content":{"rendered":"<p id=\"m54-53-55\" class=\"paragraph \" style=\"text-align: justify\">Tokio.- El canciller japon\u00e9s, Taro Kono, y su hom\u00f3loga surcoreana, Kang Kyung-wha, se reunir\u00e1n este mi\u00e9rcoles en China, en momentos en que Se\u00fal analiza si renueva un acuerdo bilateral para compartir la inteligencia militar conforme a la fecha l\u00edmite para su decisi\u00f3n, programada para el s\u00e1bado.<\/p>\n<p id=\"m59-58-60\" class=\"paragraph \" style=\"text-align: justify\">La jefa diplom\u00e1tica surcoreana dijo antes de partir rumbo a China que el Gobierno surcoreano a\u00fan est\u00e1 revisando si mantendr\u00e1 el pacto, que ser\u00e1 renovado autom\u00e1ticamente cada a\u00f1o a no ser que una de las partes exprese la intenci\u00f3n de terminarlo, destac\u00f3 la agencia noticiosa Yonhap.<\/p>\n<p id=\"m64-63-65\" class=\"paragraph \" style=\"text-align: justify\">En tanto, en la cita se espera que Kono aproveche la ocasi\u00f3n para exigir a Kang una explicaci\u00f3n de la postura de Corea del Sur con respecto a un asunto de trabajos en tiempos de guerra.<\/p>\n<div id=\"axds-Intext\" class=\"axds\" style=\"text-align: justify\"><\/div>\n<p id=\"m69-68-70\" class=\"paragraph \" style=\"text-align: justify\">El canciller nip\u00f3n expres\u00f3 la v\u00edspera que espera recibir una respuesta de peso de la parte surcoreana sobre la cuesti\u00f3n. Agreg\u00f3 que instar\u00e1 a Se\u00fal a rectificar cuanto antes lo que Tokio ha descrito como &#8220;una violaci\u00f3n de la ley internacional&#8221;, destac\u00f3 la cadena NHK.<\/p>\n<p id=\"m74-73-75\" class=\"paragraph \" style=\"text-align: justify\">El Gobierno de Jap\u00f3n sostiene que el derecho a exigir compensaciones es un asunto que se zanj\u00f3 con la firma de un acuerdo bilateral en 1965.<\/p>\n<p id=\"m79-78-80\" class=\"paragraph \" style=\"text-align: justify\">Por otro lado, se espera que Kono y Kang dialoguen sobre los controles japoneses a la exportaci\u00f3n. Este ser\u00e1 su primer encuentro desde que Jap\u00f3n decidi\u00f3 retirar a Corea del Sur de una lista de socios comerciales con los que aplica unos procedimientos simplificados en las exportaciones.<\/p>\n<p id=\"m84-83-85\" class=\"paragraph \" style=\"text-align: justify\">Las tensiones tambi\u00e9n son altas, dado que est\u00e1 previsto que entre en vigor el 28 de agosto la decisi\u00f3n tomada a comienzos de este mes por Jap\u00f3n para eliminar a Corea del Sur de su lista de socios comerciales de confianza.<\/p>\n<p id=\"m89-88-90\" class=\"paragraph \" style=\"text-align: justify\">Se\u00fal considera la medida como una represalia pol\u00edtica por las sentencias del a\u00f1o pasado del Tribunal Supremo surcoreano, que ordenaron a las firmas japonesas compensar a las v\u00edctimas surcoreanas del trabajo forzado durante la Segunda Guerra Mundial.<\/p>\n<p id=\"m94-93-95\" class=\"paragraph \" style=\"text-align: justify\">Kono y Kang tambi\u00e9n se reunir\u00e1n con su hom\u00f3logo de China, Wang Yi, en lo representa la primera reuni\u00f3n trilateral de tal tipo desde la \u00faltima sesi\u00f3n celebrada en agosto de 2016 en Tokio.<\/p>\n","protected":false},"excerpt":{"rendered":"<p>Tokio.- El canciller japon\u00e9s, Taro Kono, y su hom\u00f3loga surcoreana, Kang Kyung-wha, se reunir\u00e1n este mi\u00e9rcoles en China, en momentos en que Se\u00fal analiza si renueva un acuerdo bilateral para compartir la inteligencia militar conforme a la fecha l\u00edmite para su decisi\u00f3n, programada para el s\u00e1bado. La jefa diplom\u00e1tica surcoreana dijo antes de partir rumbo [&hellip;]<\/p>\n","protected":false},"author":2,"featured_media":52607,"comment_status":"open","ping_status":"open","sticky":false,"template":"","format":"standard","meta":{"footnotes":""},"categories":[18],"tags":[],"class_list":["post-52606","post","type-post","status-publish","format-standard","has-post-thumbnail","hentry","category-internacional"],"yoast_head":"<!-- This site is optimized with the Yoast SEO plugin v27.5 - https:\/\/yoast.com\/product\/yoast-seo-wordpress\/ -->\n<title>Cancilleres de Jap\u00f3n y Surcorea se re\u00fanen para tratar temas conflictivos - Canal 7 SLP - 2019<\/title>\n<meta name=\"robots\" content=\"index, follow, max-snippet:-1, max-image-preview:large, max-video-preview:-1\" \/>\n<link rel=\"canonical\" href=\"https:\/\/canal7slp.tv\/2019\/cancilleres-de-japon-y-surcorea-se-reunen-para-tratar-temas-conflictivos\/\" \/>\n<meta property=\"og:locale\" content=\"es_ES\" \/>\n<meta property=\"og:type\" content=\"article\" \/>\n<meta property=\"og:title\" content=\"Cancilleres de Jap\u00f3n y Surcorea se re\u00fanen para tratar temas conflictivos - Canal 7 SLP - 2019\" \/>\n<meta property=\"og:description\" content=\"Tokio.- El canciller japon\u00e9s, Taro Kono, y su hom\u00f3loga surcoreana, Kang Kyung-wha, se reunir\u00e1n este mi\u00e9rcoles en China, en momentos en que Se\u00fal analiza si renueva un acuerdo bilateral para compartir la inteligencia militar conforme a la fecha l\u00edmite para su decisi\u00f3n, programada para el s\u00e1bado. La jefa diplom\u00e1tica surcoreana dijo antes de partir rumbo [&hellip;]\" \/>\n<meta property=\"og:url\" content=\"https:\/\/canal7slp.tv\/2019\/cancilleres-de-japon-y-surcorea-se-reunen-para-tratar-temas-conflictivos\/\" \/>\n<meta property=\"og:site_name\" content=\"Canal 7 SLP - 2019\" \/>\n<meta property=\"article:publisher\" content=\"https:\/\/www.facebook.com\/CANAL7SLP\/\" \/>\n<meta property=\"article:published_time\" content=\"2019-08-21T12:46:33+00:00\" \/>\n<meta property=\"og:image\" content=\"https:\/\/canal7slp.tv\/2019\/wp-content\/uploads\/2019\/08\/830-12.jpg\" \/>\n\t<meta property=\"og:image:width\" content=\"680\" \/>\n\t<meta property=\"og:image:height\" content=\"410\" \/>\n\t<meta property=\"og:image:type\" content=\"image\/jpeg\" \/>\n<meta name=\"author\" content=\"edicionweb\" \/>\n<meta name=\"twitter:card\" content=\"summary_large_image\" \/>\n<meta name=\"twitter:creator\" content=\"@canal7_slp\" \/>\n<meta name=\"twitter:site\" content=\"@canal7_slp\" \/>\n<meta name=\"twitter:label1\" content=\"Escrito por\" \/>\n\t<meta name=\"twitter:data1\" content=\"edicionweb\" \/>\n\t<meta name=\"twitter:label2\" content=\"Tiempo de lectura\" \/>\n\t<meta name=\"twitter:data2\" content=\"2 minutos\" \/>\n<script type=\"application\/ld+json\" class=\"yoast-schema-graph\">{\"@context\":\"https:\\\/\\\/schema.org\",\"@graph\":[{\"@type\":\"Article\",\"@id\":\"https:\\\/\\\/canal7slp.tv\\\/2019\\\/cancilleres-de-japon-y-surcorea-se-reunen-para-tratar-temas-conflictivos\\\/#article\",\"isPartOf\":{\"@id\":\"https:\\\/\\\/canal7slp.tv\\\/2019\\\/cancilleres-de-japon-y-surcorea-se-reunen-para-tratar-temas-conflictivos\\\/\"},\"author\":{\"name\":\"edicionweb\",\"@id\":\"https:\\\/\\\/canal7slp.tv\\\/2019\\\/#\\\/schema\\\/person\\\/11d941c1c6ca30ac0a46b95fa37aa2e3\"},\"headline\":\"Cancilleres de Jap\u00f3n y Surcorea se re\u00fanen para tratar temas conflictivos\",\"datePublished\":\"2019-08-21T12:46:33+00:00\",\"mainEntityOfPage\":{\"@id\":\"https:\\\/\\\/canal7slp.tv\\\/2019\\\/cancilleres-de-japon-y-surcorea-se-reunen-para-tratar-temas-conflictivos\\\/\"},\"wordCount\":404,\"commentCount\":0,\"publisher\":{\"@id\":\"https:\\\/\\\/canal7slp.tv\\\/2019\\\/#organization\"},\"image\":{\"@id\":\"https:\\\/\\\/canal7slp.tv\\\/2019\\\/cancilleres-de-japon-y-surcorea-se-reunen-para-tratar-temas-conflictivos\\\/#primaryimage\"},\"thumbnailUrl\":\"https:\\\/\\\/canal7slp.tv\\\/2019\\\/wp-content\\\/uploads\\\/2019\\\/08\\\/830-12.jpg\",\"articleSection\":[\"INTERNACIONAL\"],\"inLanguage\":\"es\",\"potentialAction\":[{\"@type\":\"CommentAction\",\"name\":\"Comment\",\"target\":[\"https:\\\/\\\/canal7slp.tv\\\/2019\\\/cancilleres-de-japon-y-surcorea-se-reunen-para-tratar-temas-conflictivos\\\/#respond\"]}]},{\"@type\":\"WebPage\",\"@id\":\"https:\\\/\\\/canal7slp.tv\\\/2019\\\/cancilleres-de-japon-y-surcorea-se-reunen-para-tratar-temas-conflictivos\\\/\",\"url\":\"https:\\\/\\\/canal7slp.tv\\\/2019\\\/cancilleres-de-japon-y-surcorea-se-reunen-para-tratar-temas-conflictivos\\\/\",\"name\":\"Cancilleres de Jap\u00f3n y Surcorea se re\u00fanen para tratar temas conflictivos - Canal 7 SLP - 2019\",\"isPartOf\":{\"@id\":\"https:\\\/\\\/canal7slp.tv\\\/2019\\\/#website\"},\"primaryImageOfPage\":{\"@id\":\"https:\\\/\\\/canal7slp.tv\\\/2019\\\/cancilleres-de-japon-y-surcorea-se-reunen-para-tratar-temas-conflictivos\\\/#primaryimage\"},\"image\":{\"@id\":\"https:\\\/\\\/canal7slp.tv\\\/2019\\\/cancilleres-de-japon-y-surcorea-se-reunen-para-tratar-temas-conflictivos\\\/#primaryimage\"},\"thumbnailUrl\":\"https:\\\/\\\/canal7slp.tv\\\/2019\\\/wp-content\\\/uploads\\\/2019\\\/08\\\/830-12.jpg\",\"datePublished\":\"2019-08-21T12:46:33+00:00\",\"breadcrumb\":{\"@id\":\"https:\\\/\\\/canal7slp.tv\\\/2019\\\/cancilleres-de-japon-y-surcorea-se-reunen-para-tratar-temas-conflictivos\\\/#breadcrumb\"},\"inLanguage\":\"es\",\"potentialAction\":[{\"@type\":\"ReadAction\",\"target\":[\"https:\\\/\\\/canal7slp.tv\\\/2019\\\/cancilleres-de-japon-y-surcorea-se-reunen-para-tratar-temas-conflictivos\\\/\"]}]},{\"@type\":\"ImageObject\",\"inLanguage\":\"es\",\"@id\":\"https:\\\/\\\/canal7slp.tv\\\/2019\\\/cancilleres-de-japon-y-surcorea-se-reunen-para-tratar-temas-conflictivos\\\/#primaryimage\",\"url\":\"https:\\\/\\\/canal7slp.tv\\\/2019\\\/wp-content\\\/uploads\\\/2019\\\/08\\\/830-12.jpg\",\"contentUrl\":\"https:\\\/\\\/canal7slp.tv\\\/2019\\\/wp-content\\\/uploads\\\/2019\\\/08\\\/830-12.jpg\",\"width\":680,\"height\":410},{\"@type\":\"BreadcrumbList\",\"@id\":\"https:\\\/\\\/canal7slp.tv\\\/2019\\\/cancilleres-de-japon-y-surcorea-se-reunen-para-tratar-temas-conflictivos\\\/#breadcrumb\",\"itemListElement\":[{\"@type\":\"ListItem\",\"position\":1,\"name\":\"Home\",\"item\":\"https:\\\/\\\/canal7slp.tv\\\/2019\\\/\"},{\"@type\":\"ListItem\",\"position\":2,\"name\":\"Cancilleres de Jap\u00f3n y Surcorea se re\u00fanen para tratar temas conflictivos\"}]},{\"@type\":\"WebSite\",\"@id\":\"https:\\\/\\\/canal7slp.tv\\\/2019\\\/#website\",\"url\":\"https:\\\/\\\/canal7slp.tv\\\/2019\\\/\",\"name\":\"Canal 7 SLP - Somos TV\",\"description\":\"Somos un Canal de 10\",\"publisher\":{\"@id\":\"https:\\\/\\\/canal7slp.tv\\\/2019\\\/#organization\"},\"potentialAction\":[{\"@type\":\"SearchAction\",\"target\":{\"@type\":\"EntryPoint\",\"urlTemplate\":\"https:\\\/\\\/canal7slp.tv\\\/2019\\\/?s={search_term_string}\"},\"query-input\":{\"@type\":\"PropertyValueSpecification\",\"valueRequired\":true,\"valueName\":\"search_term_string\"}}],\"inLanguage\":\"es\"},{\"@type\":\"Organization\",\"@id\":\"https:\\\/\\\/canal7slp.tv\\\/2019\\\/#organization\",\"name\":\"Comunicaci\u00f3n 2000 S.A. de C.V.\",\"url\":\"https:\\\/\\\/canal7slp.tv\\\/2019\\\/\",\"logo\":{\"@type\":\"ImageObject\",\"inLanguage\":\"es\",\"@id\":\"https:\\\/\\\/canal7slp.tv\\\/2019\\\/#\\\/schema\\\/logo\\\/image\\\/\",\"url\":\"https:\\\/\\\/canal7slp.tv\\\/2019\\\/wp-content\\\/uploads\\\/2019\\\/07\\\/logo-c7.png\",\"contentUrl\":\"https:\\\/\\\/canal7slp.tv\\\/2019\\\/wp-content\\\/uploads\\\/2019\\\/07\\\/logo-c7.png\",\"width\":220,\"height\":60,\"caption\":\"Comunicaci\u00f3n 2000 S.A. de C.V.\"},\"image\":{\"@id\":\"https:\\\/\\\/canal7slp.tv\\\/2019\\\/#\\\/schema\\\/logo\\\/image\\\/\"},\"sameAs\":[\"https:\\\/\\\/www.facebook.com\\\/CANAL7SLP\\\/\",\"https:\\\/\\\/x.com\\\/canal7_slp\",\"https:\\\/\\\/www.instagram.com\\\/canal7_slp\",\"https:\\\/\\\/www.youtube.com\\\/user\\\/NOTICIEROSCANAL7SLP\\\/\"]},{\"@type\":\"Person\",\"@id\":\"https:\\\/\\\/canal7slp.tv\\\/2019\\\/#\\\/schema\\\/person\\\/11d941c1c6ca30ac0a46b95fa37aa2e3\",\"name\":\"edicionweb\",\"image\":{\"@type\":\"ImageObject\",\"inLanguage\":\"es\",\"@id\":\"https:\\\/\\\/secure.gravatar.com\\\/avatar\\\/eee448fc3f7164808013b816ba91ac7e43bbe82a70bebac296f8bc6f0addaa1a?s=96&d=mm&r=g\",\"url\":\"https:\\\/\\\/secure.gravatar.com\\\/avatar\\\/eee448fc3f7164808013b816ba91ac7e43bbe82a70bebac296f8bc6f0addaa1a?s=96&d=mm&r=g\",\"contentUrl\":\"https:\\\/\\\/secure.gravatar.com\\\/avatar\\\/eee448fc3f7164808013b816ba91ac7e43bbe82a70bebac296f8bc6f0addaa1a?s=96&d=mm&r=g\",\"caption\":\"edicionweb\"}}]}<\/script>\n<!-- \/ Yoast SEO plugin. -->","yoast_head_json":{"title":"Cancilleres de Jap\u00f3n y Surcorea se re\u00fanen para tratar temas conflictivos - Canal 7 SLP - 2019","robots":{"index":"index","follow":"follow","max-snippet":"max-snippet:-1","max-image-preview":"max-image-preview:large","max-video-preview":"max-video-preview:-1"},"canonical":"https:\/\/canal7slp.tv\/2019\/cancilleres-de-japon-y-surcorea-se-reunen-para-tratar-temas-conflictivos\/","og_locale":"es_ES","og_type":"article","og_title":"Cancilleres de Jap\u00f3n y Surcorea se re\u00fanen para tratar temas conflictivos - Canal 7 SLP - 2019","og_description":"Tokio.- El canciller japon\u00e9s, Taro Kono, y su hom\u00f3loga surcoreana, Kang Kyung-wha, se reunir\u00e1n este mi\u00e9rcoles en China, en momentos en que Se\u00fal analiza si renueva un acuerdo bilateral para compartir la inteligencia militar conforme a la fecha l\u00edmite para su decisi\u00f3n, programada para el s\u00e1bado. La jefa diplom\u00e1tica surcoreana dijo antes de partir rumbo [&hellip;]","og_url":"https:\/\/canal7slp.tv\/2019\/cancilleres-de-japon-y-surcorea-se-reunen-para-tratar-temas-conflictivos\/","og_site_name":"Canal 7 SLP - 2019","article_publisher":"https:\/\/www.facebook.com\/CANAL7SLP\/","article_published_time":"2019-08-21T12:46:33+00:00","og_image":[{"width":680,"height":410,"url":"https:\/\/canal7slp.tv\/2019\/wp-content\/uploads\/2019\/08\/830-12.jpg","type":"image\/jpeg"}],"author":"edicionweb","twitter_card":"summary_large_image","twitter_creator":"@canal7_slp","twitter_site":"@canal7_slp","twitter_misc":{"Escrito por":"edicionweb","Tiempo de lectura":"2 minutos"},"schema":{"@context":"https:\/\/schema.org","@graph":[{"@type":"Article","@id":"https:\/\/canal7slp.tv\/2019\/cancilleres-de-japon-y-surcorea-se-reunen-para-tratar-temas-conflictivos\/#article","isPartOf":{"@id":"https:\/\/canal7slp.tv\/2019\/cancilleres-de-japon-y-surcorea-se-reunen-para-tratar-temas-conflictivos\/"},"author":{"name":"edicionweb","@id":"https:\/\/canal7slp.tv\/2019\/#\/schema\/person\/11d941c1c6ca30ac0a46b95fa37aa2e3"},"headline":"Cancilleres de Jap\u00f3n y Surcorea se re\u00fanen para tratar temas conflictivos","datePublished":"2019-08-21T12:46:33+00:00","mainEntityOfPage":{"@id":"https:\/\/canal7slp.tv\/2019\/cancilleres-de-japon-y-surcorea-se-reunen-para-tratar-temas-conflictivos\/"},"wordCount":404,"commentCount":0,"publisher":{"@id":"https:\/\/canal7slp.tv\/2019\/#organization"},"image":{"@id":"https:\/\/canal7slp.tv\/2019\/cancilleres-de-japon-y-surcorea-se-reunen-para-tratar-temas-conflictivos\/#primaryimage"},"thumbnailUrl":"https:\/\/canal7slp.tv\/2019\/wp-content\/uploads\/2019\/08\/830-12.jpg","articleSection":["INTERNACIONAL"],"inLanguage":"es","potentialAction":[{"@type":"CommentAction","name":"Comment","target":["https:\/\/canal7slp.tv\/2019\/cancilleres-de-japon-y-surcorea-se-reunen-para-tratar-temas-conflictivos\/#respond"]}]},{"@type":"WebPage","@id":"https:\/\/canal7slp.tv\/2019\/cancilleres-de-japon-y-surcorea-se-reunen-para-tratar-temas-conflictivos\/","url":"https:\/\/canal7slp.tv\/2019\/cancilleres-de-japon-y-surcorea-se-reunen-para-tratar-temas-conflictivos\/","name":"Cancilleres de Jap\u00f3n y Surcorea se re\u00fanen para tratar temas conflictivos - Canal 7 SLP - 2019","isPartOf":{"@id":"https:\/\/canal7slp.tv\/2019\/#website"},"primaryImageOfPage":{"@id":"https:\/\/canal7slp.tv\/2019\/cancilleres-de-japon-y-surcorea-se-reunen-para-tratar-temas-conflictivos\/#primaryimage"},"image":{"@id":"https:\/\/canal7slp.tv\/2019\/cancilleres-de-japon-y-surcorea-se-reunen-para-tratar-temas-conflictivos\/#primaryimage"},"thumbnailUrl":"https:\/\/canal7slp.tv\/2019\/wp-content\/uploads\/2019\/08\/830-12.jpg","datePublished":"2019-08-21T12:46:33+00:00","breadcrumb":{"@id":"https:\/\/canal7slp.tv\/2019\/cancilleres-de-japon-y-surcorea-se-reunen-para-tratar-temas-conflictivos\/#breadcrumb"},"inLanguage":"es","potentialAction":[{"@type":"ReadAction","target":["https:\/\/canal7slp.tv\/2019\/cancilleres-de-japon-y-surcorea-se-reunen-para-tratar-temas-conflictivos\/"]}]},{"@type":"ImageObject","inLanguage":"es","@id":"https:\/\/canal7slp.tv\/2019\/cancilleres-de-japon-y-surcorea-se-reunen-para-tratar-temas-conflictivos\/#primaryimage","url":"https:\/\/canal7slp.tv\/2019\/wp-content\/uploads\/2019\/08\/830-12.jpg","contentUrl":"https:\/\/canal7slp.tv\/2019\/wp-content\/uploads\/2019\/08\/830-12.jpg","width":680,"height":410},{"@type":"BreadcrumbList","@id":"https:\/\/canal7slp.tv\/2019\/cancilleres-de-japon-y-surcorea-se-reunen-para-tratar-temas-conflictivos\/#breadcrumb","itemListElement":[{"@type":"ListItem","position":1,"name":"Home","item":"https:\/\/canal7slp.tv\/2019\/"},{"@type":"ListItem","position":2,"name":"Cancilleres de Jap\u00f3n y Surcorea se re\u00fanen para tratar temas conflictivos"}]},{"@type":"WebSite","@id":"https:\/\/canal7slp.tv\/2019\/#website","url":"https:\/\/canal7slp.tv\/2019\/","name":"Canal 7 SLP - Somos TV","description":"Somos un Canal de 10","publisher":{"@id":"https:\/\/canal7slp.tv\/2019\/#organization"},"potentialAction":[{"@type":"SearchAction","target":{"@type":"EntryPoint","urlTemplate":"https:\/\/canal7slp.tv\/2019\/?s={search_term_string}"},"query-input":{"@type":"PropertyValueSpecification","valueRequired":true,"valueName":"search_term_string"}}],"inLanguage":"es"},{"@type":"Organization","@id":"https:\/\/canal7slp.tv\/2019\/#organization","name":"Comunicaci\u00f3n 2000 S.A. de C.V.","url":"https:\/\/canal7slp.tv\/2019\/","logo":{"@type":"ImageObject","inLanguage":"es","@id":"https:\/\/canal7slp.tv\/2019\/#\/schema\/logo\/image\/","url":"https:\/\/canal7slp.tv\/2019\/wp-content\/uploads\/2019\/07\/logo-c7.png","contentUrl":"https:\/\/canal7slp.tv\/2019\/wp-content\/uploads\/2019\/07\/logo-c7.png","width":220,"height":60,"caption":"Comunicaci\u00f3n 2000 S.A. de C.V."},"image":{"@id":"https:\/\/canal7slp.tv\/2019\/#\/schema\/logo\/image\/"},"sameAs":["https:\/\/www.facebook.com\/CANAL7SLP\/","https:\/\/x.com\/canal7_slp","https:\/\/www.instagram.com\/canal7_slp","https:\/\/www.youtube.com\/user\/NOTICIEROSCANAL7SLP\/"]},{"@type":"Person","@id":"https:\/\/canal7slp.tv\/2019\/#\/schema\/person\/11d941c1c6ca30ac0a46b95fa37aa2e3","name":"edicionweb","image":{"@type":"ImageObject","inLanguage":"es","@id":"https:\/\/secure.gravatar.com\/avatar\/eee448fc3f7164808013b816ba91ac7e43bbe82a70bebac296f8bc6f0addaa1a?s=96&d=mm&r=g","url":"https:\/\/secure.gravatar.com\/avatar\/eee448fc3f7164808013b816ba91ac7e43bbe82a70bebac296f8bc6f0addaa1a?s=96&d=mm&r=g","contentUrl":"https:\/\/secure.gravatar.com\/avatar\/eee448fc3f7164808013b816ba91ac7e43bbe82a70bebac296f8bc6f0addaa1a?s=96&d=mm&r=g","caption":"edicionweb"}}]}},"amp_enabled":true,"cmb2":{"video_ids_in_playlist":{"vid_p_videos":""},"video_ids_in_channel":{"vid_c_videos":""},"playlist_ids_in_channel":{"vid_c_playlists":""},"series_ids_in_channel":{"vid_c_series":""},"channel_images":{"vid_c_logo":"","vid_c_banner":""},"poster_feature_image":{"vid_m_poster_image":""},"gif_feature_image":{"vid_m_gif_image":""},"video_movie_settings":{"vid_m_director":"","vid_m_actor":"","vid_m_imdb_ratings":"","vid_m_amazon_associates":""},"vid_youtube_broadcasts_settings":{"vid_yb_broadcast_title":"","vid_yb_q":"","vid_yb_channelid":"","vid_yb_videocategoryid":"","vid_yb_maxresults":"","vid_yb_order":"","vid_yb_regioncode":"","vid_yb_videosyndicated":"","vid_yb_style":"","vid_yb_reload_first":""},"video_series_settings":{"vid_m_director":"","vid_m_actor":"","vid_m_imdb_ratings":"","video_series_group":""},"amazon_associates_settings":{"amazon_associates":"","amazon_native_ad":""},"vid_youtube_automatic_settings":{"vid_ya_youtube_source":"","vid_ya_update_every":"","vid_ya_update_unit":"","vid_ya_categories":"","vid_ya_published_after":"","vid_ya_published_before":"","vid_ya_playlists":"","vid_ya_channels":"","vid_ya_director":"","vid_ya_actor":"","vid_ya_author":"","vid_ya_import_post_date":"","vid_ya_status":"","vid_ya_sub_api_key":""},"vid_ads_m_videoads_settings_post":{"vid_ads_m_video_ads":"","vid_ads_m_video_ads_type":"","vid_ads_m_group_google_ima":"","vid_ads_m_group_image":"","vid_ads_m_group_html5_video":"","vid_ads_m_group_html":"","vid_ads_m_vast_preroll":"","vid_ads_m_vast_postroll":"","vid_ads_m_vast_pauseroll":"","vid_ads_m_vast_midroll":[{"vid_ads_m_vast_timer_seconds":"50"}],"vid_ads_m_time_to_show_ads":"","vid_ads_m_time_skip_ads":"","vid_ads_m_time_to_hide_ads":""},"page_slider_settings":{"display_slider_group":"","page_slider_group":""},"blog_page_settings":{"blog_page_title":"","blog_page_heading":"","blog_page_ic":"","blog_page_it":"","blog_page_ec":"","blog_page_ip":"","archive_loop_style":"","blog_image_ratio":"","blog_show_categories":"","blog_show_excerpt":"","blog_show_author":"","blog_show_date":"","blog_show_comment_count":"","blog_show_view_count":"","blog_show_like_count":"","blog_show_dislike_count":"","blog_items_per_page":"","blog_pag_type":""},"page_options":{"get_page_template":"","color_mode":"","main_layout":"","main_layout_full_with":"","main_logo":"","main_logo_retina":"","main_logo_mobile":"","main_logo_mobile_retina":"","sticky_logo":"","sticky_logo_retina":"","main_nav_layout":"","ajax_search":"","header_background":"","theme_sidebar":"","instagram_feed":"","instagram_feed_position":"","popular_videos":"","popular_videos_title_1":"","popular_videos_title_2":"","popular_videos_ic":"","popular_videos_it":"","theme_background":"","page_custom_css":""},"feature_image_settings":{"feature_image_position":""},"video_player_settings":{"single_video_style":"","video_player_position":"","vm_video_url":"","video_player_library":"","video_streaming":"","vm_media_sources":"","vid_auto_play":"","vm_video_shortcode":"","vid_p_sync_playlist":"","vid_c_sync_channel":"","get_post_format":"","multiple_links_structure":"default","multi_links_title":"","vm_video_multi_links":"","vm_duration":"","vid_social_locker":"off","vid_social_locker_id":"","vid_membership_action":"content-video","vm_video_trailer_url":"","vid_download_type":"free","vid_download_target":"download","vid_woo_product":"","vm_media_download":"","user_rating":"","user_rating_position":"","user_rating_mode":"","user_rating_multi_sets":""},"video_auto_fetch_settings":{"vm_video_fetch":"on"},"video_fake_views_likes":{"vm_fake_views":"","vm_fake_likes":"","vm_fake_dislikes":""},"gallery_settings":{"gallery_position":""},"quote_settings":{"quote_position":""},"post_options":{"main_layout":"","main_logo":"","main_logo_retina":"","main_logo_mobile":"","main_logo_mobile_retina":"","sticky_logo":"","sticky_logo_retina":"","main_nav_layout":"","header_background":"","theme_sidebar":"","single_post_comment_type":"","theme_background":""}},"_links":{"self":[{"href":"https:\/\/canal7slp.tv\/2019\/wp-json\/wp\/v2\/posts\/52606","targetHints":{"allow":["GET"]}}],"collection":[{"href":"https:\/\/canal7slp.tv\/2019\/wp-json\/wp\/v2\/posts"}],"about":[{"href":"https:\/\/canal7slp.tv\/2019\/wp-json\/wp\/v2\/types\/post"}],"author":[{"embeddable":true,"href":"https:\/\/canal7slp.tv\/2019\/wp-json\/wp\/v2\/users\/2"}],"replies":[{"embeddable":true,"href":"https:\/\/canal7slp.tv\/2019\/wp-json\/wp\/v2\/comments?post=52606"}],"version-history":[{"count":0,"href":"https:\/\/canal7slp.tv\/2019\/wp-json\/wp\/v2\/posts\/52606\/revisions"}],"wp:featuredmedia":[{"embeddable":true,"href":"https:\/\/canal7slp.tv\/2019\/wp-json\/wp\/v2\/media\/52607"}],"wp:attachment":[{"href":"https:\/\/canal7slp.tv\/2019\/wp-json\/wp\/v2\/media?parent=52606"}],"wp:term":[{"taxonomy":"category","embeddable":true,"href":"https:\/\/canal7slp.tv\/2019\/wp-json\/wp\/v2\/categories?post=52606"},{"taxonomy":"post_tag","embeddable":true,"href":"https:\/\/canal7slp.tv\/2019\/wp-json\/wp\/v2\/tags?post=52606"}],"curies":[{"name":"wp","href":"https:\/\/api.w.org\/{rel}","templated":true}]}}