{"id":52594,"date":"2019-08-20T20:01:59","date_gmt":"2019-08-21T01:01:59","guid":{"rendered":"https:\/\/canal7slp.tv\/2019\/?p=52594"},"modified":"2019-08-20T20:01:59","modified_gmt":"2019-08-21T01:01:59","slug":"marti-batres-impugnara-eleccion-interna-de-morena-que-evita-su-reeleccion-en-la-presidencia-del-senado","status":"publish","type":"post","link":"https:\/\/canal7slp.tv\/2019\/marti-batres-impugnara-eleccion-interna-de-morena-que-evita-su-reeleccion-en-la-presidencia-del-senado\/","title":{"rendered":"Mart\u00ed Batres impugnar\u00e1 elecci\u00f3n interna de Morena que evita su reelecci\u00f3n en la Presidencia del Senado"},"content":{"rendered":"<p style=\"text-align: justify\">M\u00e9xico.- El senador Mart\u00ed Batres dijo este martes que impugnar\u00e1 la decisi\u00f3n del grupo parlamentario de Morena de rechazar la reelecci\u00f3n de la actual Mesa Directiva del Senado y en su lugar optar por otros miembros, entre ellos M\u00f3nica Fern\u00e1ndez Balboa en la Presidencia de C\u00e1mara alta.<\/p>\n<p style=\"text-align: justify\">El rechazo de la reelecci\u00f3n de esta Mesa Directiva evita que Batres repita por un periodo legislativo m\u00e1s en la Presidencia del Senado.<\/p>\n<p style=\"text-align: justify\">&#8220;Voy a presentar, tengo preparada ya despu\u00e9s del trabajo de abogados, un recurso ante la Comisi\u00f3n Nacional de Honestidad y Justicia de Morena, que atestigu\u00f3 el proceso que se llev\u00f3 a cabo el d\u00eda de ayer, planteando las irregularidades que se cometieron en este proceso interno&#8221;, coment\u00f3 Batres en conferencia de prensa.<\/p>\n<p style=\"text-align: justify\">El presidente del Senado a\u00f1adi\u00f3 que tiene elementos necesarios para presentar la impugnaci\u00f3n, como que la convocatoria fue firmada por Ricardo Monreal, mismo al que acusa de no haberla respetado al dejar votar a senadores y senadoras del PES y no al PT, cuando se indicaba que solo votar\u00edan los de Morena.<\/p>\n<p style=\"text-align: justify\">Batres agreg\u00f3 que presentar\u00e1 la impugnaci\u00f3n entre este martes y el jueves.<\/p>\n<p style=\"text-align: justify\">M\u00e1s temprano este martes, el coordinador de los senadores de Morena, Ricardo Monreal, asegur\u00f3 que durante una reuni\u00f3n con legisladores del partido, puso a disposici\u00f3n su renuncia, misma que fue rechazada.<\/p>\n<p style=\"text-align: justify\">En su mensaje, Monreal coment\u00f3 que est\u00e1 contra la divisi\u00f3n de su partido, luego de los se\u00f1alamientos que le ha hecho Batres.<\/p>\n<p style=\"text-align: justify\">El senador se disculp\u00f3 por la querella y ofreci\u00f3 su apoyo a Batres.<\/p>\n<p style=\"text-align: justify\">&#8220;A los ciudadanos y ciudadanas simpatizantes de Morena: con sinceridad y humildad, les ofrezco una disculpa porque estos acontecimientos no nos sit\u00faan de manera correcta (&#8230;) No vamos a actuar contra ning\u00fan compa\u00f1ero o compa\u00f1era ni a insultarlo (&#8230;) Le tendemos la mano al licenciado Mart\u00ed Batres, a su equipo y a sus simpatizantes y seguidores. No vamos a acudir a la polarizaci\u00f3n&#8221;, puntualiz\u00f3 Monreal.<\/p>\n<p style=\"text-align: justify\">El &#8216;choque&#8217; entre ambos legisladores inici\u00f3 el lunes cuando Batres se\u00f1al\u00f3 a Monreal de ensuciar el proceso interno de Morena para definir la Mesa Directiva del Senado del pr\u00f3ximo periodo legislativo.<\/p>\n<p style=\"text-align: justify\">&#8220;El senador @RicardoMonrealA ensuci\u00f3 el proceso interno del Grupo Parlamentario de #Morena a lo largo de todas estas semanas y con una maniobra de \u00faltimo momento al dejar votar a legisladores que no eran de #Morena&#8221;, escribi\u00f3 Batres en su cuenta de Twitter.<\/p>\n<p style=\"text-align: justify\">&#8220;Durante meses el senador @RicardoMonrealA me persigui\u00f3 y me combati\u00f3 para sacarme de la Mesa Directiva. \u00bfQu\u00e9 logr\u00f3? Exhibirse como un pol\u00edtico faccioso incapaz de encabezar un amplio movimiento. El riesgo es que regresemos a las \u00e9pocas del cacicazgo y el poder de un s\u00f3lo individuo&#8221;, agreg\u00f3.<\/p>\n","protected":false},"excerpt":{"rendered":"<p>M\u00e9xico.- El senador Mart\u00ed Batres dijo este martes que impugnar\u00e1 la decisi\u00f3n del grupo parlamentario de Morena de rechazar la reelecci\u00f3n de la actual Mesa Directiva del Senado y en su lugar optar por otros miembros, entre ellos M\u00f3nica Fern\u00e1ndez Balboa en la Presidencia de C\u00e1mara alta. El rechazo de la reelecci\u00f3n de esta Mesa [&hellip;]<\/p>\n","protected":false},"author":2,"featured_media":52595,"comment_status":"open","ping_status":"open","sticky":false,"template":"","format":"standard","meta":{"footnotes":""},"categories":[30],"tags":[],"class_list":["post-52594","post","type-post","status-publish","format-standard","has-post-thumbnail","hentry","category-nacional"],"yoast_head":"<!-- This site is optimized with the Yoast SEO plugin v27.5 - https:\/\/yoast.com\/product\/yoast-seo-wordpress\/ -->\n<title>Mart\u00ed Batres impugnar\u00e1 elecci\u00f3n interna de Morena que evita su reelecci\u00f3n en la Presidencia del Senado - Canal 7 SLP - 2019<\/title>\n<meta name=\"robots\" content=\"index, follow, max-snippet:-1, max-image-preview:large, max-video-preview:-1\" \/>\n<link rel=\"canonical\" href=\"https:\/\/canal7slp.tv\/2019\/marti-batres-impugnara-eleccion-interna-de-morena-que-evita-su-reeleccion-en-la-presidencia-del-senado\/\" \/>\n<meta property=\"og:locale\" content=\"es_ES\" \/>\n<meta property=\"og:type\" content=\"article\" \/>\n<meta property=\"og:title\" content=\"Mart\u00ed Batres impugnar\u00e1 elecci\u00f3n interna de Morena que evita su reelecci\u00f3n en la Presidencia del Senado - Canal 7 SLP - 2019\" \/>\n<meta property=\"og:description\" content=\"M\u00e9xico.- El senador Mart\u00ed Batres dijo este martes que impugnar\u00e1 la decisi\u00f3n del grupo parlamentario de Morena de rechazar la reelecci\u00f3n de la actual Mesa Directiva del Senado y en su lugar optar por otros miembros, entre ellos M\u00f3nica Fern\u00e1ndez Balboa en la Presidencia de C\u00e1mara alta. El rechazo de la reelecci\u00f3n de esta Mesa [&hellip;]\" \/>\n<meta property=\"og:url\" content=\"https:\/\/canal7slp.tv\/2019\/marti-batres-impugnara-eleccion-interna-de-morena-que-evita-su-reeleccion-en-la-presidencia-del-senado\/\" \/>\n<meta property=\"og:site_name\" content=\"Canal 7 SLP - 2019\" \/>\n<meta property=\"article:publisher\" content=\"https:\/\/www.facebook.com\/CANAL7SLP\/\" \/>\n<meta property=\"article:published_time\" content=\"2019-08-21T01:01:59+00:00\" \/>\n<meta property=\"og:image\" content=\"https:\/\/canal7slp.tv\/2019\/wp-content\/uploads\/2019\/08\/06-2.jpeg\" \/>\n\t<meta property=\"og:image:width\" content=\"729\" \/>\n\t<meta property=\"og:image:height\" content=\"410\" \/>\n\t<meta property=\"og:image:type\" content=\"image\/jpeg\" \/>\n<meta name=\"author\" content=\"edicionweb\" \/>\n<meta name=\"twitter:card\" content=\"summary_large_image\" \/>\n<meta name=\"twitter:creator\" content=\"@canal7_slp\" \/>\n<meta name=\"twitter:site\" content=\"@canal7_slp\" \/>\n<meta name=\"twitter:label1\" content=\"Escrito por\" \/>\n\t<meta name=\"twitter:data1\" content=\"edicionweb\" \/>\n\t<meta name=\"twitter:label2\" content=\"Tiempo de lectura\" \/>\n\t<meta name=\"twitter:data2\" content=\"2 minutos\" \/>\n<script type=\"application\/ld+json\" class=\"yoast-schema-graph\">{\"@context\":\"https:\\\/\\\/schema.org\",\"@graph\":[{\"@type\":\"Article\",\"@id\":\"https:\\\/\\\/canal7slp.tv\\\/2019\\\/marti-batres-impugnara-eleccion-interna-de-morena-que-evita-su-reeleccion-en-la-presidencia-del-senado\\\/#article\",\"isPartOf\":{\"@id\":\"https:\\\/\\\/canal7slp.tv\\\/2019\\\/marti-batres-impugnara-eleccion-interna-de-morena-que-evita-su-reeleccion-en-la-presidencia-del-senado\\\/\"},\"author\":{\"name\":\"edicionweb\",\"@id\":\"https:\\\/\\\/canal7slp.tv\\\/2019\\\/#\\\/schema\\\/person\\\/11d941c1c6ca30ac0a46b95fa37aa2e3\"},\"headline\":\"Mart\u00ed Batres impugnar\u00e1 elecci\u00f3n interna de Morena que evita su reelecci\u00f3n en la Presidencia del Senado\",\"datePublished\":\"2019-08-21T01:01:59+00:00\",\"mainEntityOfPage\":{\"@id\":\"https:\\\/\\\/canal7slp.tv\\\/2019\\\/marti-batres-impugnara-eleccion-interna-de-morena-que-evita-su-reeleccion-en-la-presidencia-del-senado\\\/\"},\"wordCount\":484,\"commentCount\":0,\"publisher\":{\"@id\":\"https:\\\/\\\/canal7slp.tv\\\/2019\\\/#organization\"},\"image\":{\"@id\":\"https:\\\/\\\/canal7slp.tv\\\/2019\\\/marti-batres-impugnara-eleccion-interna-de-morena-que-evita-su-reeleccion-en-la-presidencia-del-senado\\\/#primaryimage\"},\"thumbnailUrl\":\"https:\\\/\\\/canal7slp.tv\\\/2019\\\/wp-content\\\/uploads\\\/2019\\\/08\\\/06-2.jpeg\",\"articleSection\":[\"NACIONAL\"],\"inLanguage\":\"es\",\"potentialAction\":[{\"@type\":\"CommentAction\",\"name\":\"Comment\",\"target\":[\"https:\\\/\\\/canal7slp.tv\\\/2019\\\/marti-batres-impugnara-eleccion-interna-de-morena-que-evita-su-reeleccion-en-la-presidencia-del-senado\\\/#respond\"]}]},{\"@type\":\"WebPage\",\"@id\":\"https:\\\/\\\/canal7slp.tv\\\/2019\\\/marti-batres-impugnara-eleccion-interna-de-morena-que-evita-su-reeleccion-en-la-presidencia-del-senado\\\/\",\"url\":\"https:\\\/\\\/canal7slp.tv\\\/2019\\\/marti-batres-impugnara-eleccion-interna-de-morena-que-evita-su-reeleccion-en-la-presidencia-del-senado\\\/\",\"name\":\"Mart\u00ed Batres impugnar\u00e1 elecci\u00f3n interna de Morena que evita su reelecci\u00f3n en la Presidencia del Senado - Canal 7 SLP - 2019\",\"isPartOf\":{\"@id\":\"https:\\\/\\\/canal7slp.tv\\\/2019\\\/#website\"},\"primaryImageOfPage\":{\"@id\":\"https:\\\/\\\/canal7slp.tv\\\/2019\\\/marti-batres-impugnara-eleccion-interna-de-morena-que-evita-su-reeleccion-en-la-presidencia-del-senado\\\/#primaryimage\"},\"image\":{\"@id\":\"https:\\\/\\\/canal7slp.tv\\\/2019\\\/marti-batres-impugnara-eleccion-interna-de-morena-que-evita-su-reeleccion-en-la-presidencia-del-senado\\\/#primaryimage\"},\"thumbnailUrl\":\"https:\\\/\\\/canal7slp.tv\\\/2019\\\/wp-content\\\/uploads\\\/2019\\\/08\\\/06-2.jpeg\",\"datePublished\":\"2019-08-21T01:01:59+00:00\",\"breadcrumb\":{\"@id\":\"https:\\\/\\\/canal7slp.tv\\\/2019\\\/marti-batres-impugnara-eleccion-interna-de-morena-que-evita-su-reeleccion-en-la-presidencia-del-senado\\\/#breadcrumb\"},\"inLanguage\":\"es\",\"potentialAction\":[{\"@type\":\"ReadAction\",\"target\":[\"https:\\\/\\\/canal7slp.tv\\\/2019\\\/marti-batres-impugnara-eleccion-interna-de-morena-que-evita-su-reeleccion-en-la-presidencia-del-senado\\\/\"]}]},{\"@type\":\"ImageObject\",\"inLanguage\":\"es\",\"@id\":\"https:\\\/\\\/canal7slp.tv\\\/2019\\\/marti-batres-impugnara-eleccion-interna-de-morena-que-evita-su-reeleccion-en-la-presidencia-del-senado\\\/#primaryimage\",\"url\":\"https:\\\/\\\/canal7slp.tv\\\/2019\\\/wp-content\\\/uploads\\\/2019\\\/08\\\/06-2.jpeg\",\"contentUrl\":\"https:\\\/\\\/canal7slp.tv\\\/2019\\\/wp-content\\\/uploads\\\/2019\\\/08\\\/06-2.jpeg\",\"width\":729,\"height\":410},{\"@type\":\"BreadcrumbList\",\"@id\":\"https:\\\/\\\/canal7slp.tv\\\/2019\\\/marti-batres-impugnara-eleccion-interna-de-morena-que-evita-su-reeleccion-en-la-presidencia-del-senado\\\/#breadcrumb\",\"itemListElement\":[{\"@type\":\"ListItem\",\"position\":1,\"name\":\"Home\",\"item\":\"https:\\\/\\\/canal7slp.tv\\\/2019\\\/\"},{\"@type\":\"ListItem\",\"position\":2,\"name\":\"Mart\u00ed Batres impugnar\u00e1 elecci\u00f3n interna de Morena que evita su reelecci\u00f3n en la Presidencia del Senado\"}]},{\"@type\":\"WebSite\",\"@id\":\"https:\\\/\\\/canal7slp.tv\\\/2019\\\/#website\",\"url\":\"https:\\\/\\\/canal7slp.tv\\\/2019\\\/\",\"name\":\"Canal 7 SLP - Somos TV\",\"description\":\"Somos un Canal de 10\",\"publisher\":{\"@id\":\"https:\\\/\\\/canal7slp.tv\\\/2019\\\/#organization\"},\"potentialAction\":[{\"@type\":\"SearchAction\",\"target\":{\"@type\":\"EntryPoint\",\"urlTemplate\":\"https:\\\/\\\/canal7slp.tv\\\/2019\\\/?s={search_term_string}\"},\"query-input\":{\"@type\":\"PropertyValueSpecification\",\"valueRequired\":true,\"valueName\":\"search_term_string\"}}],\"inLanguage\":\"es\"},{\"@type\":\"Organization\",\"@id\":\"https:\\\/\\\/canal7slp.tv\\\/2019\\\/#organization\",\"name\":\"Comunicaci\u00f3n 2000 S.A. de C.V.\",\"url\":\"https:\\\/\\\/canal7slp.tv\\\/2019\\\/\",\"logo\":{\"@type\":\"ImageObject\",\"inLanguage\":\"es\",\"@id\":\"https:\\\/\\\/canal7slp.tv\\\/2019\\\/#\\\/schema\\\/logo\\\/image\\\/\",\"url\":\"https:\\\/\\\/canal7slp.tv\\\/2019\\\/wp-content\\\/uploads\\\/2019\\\/07\\\/logo-c7.png\",\"contentUrl\":\"https:\\\/\\\/canal7slp.tv\\\/2019\\\/wp-content\\\/uploads\\\/2019\\\/07\\\/logo-c7.png\",\"width\":220,\"height\":60,\"caption\":\"Comunicaci\u00f3n 2000 S.A. de C.V.\"},\"image\":{\"@id\":\"https:\\\/\\\/canal7slp.tv\\\/2019\\\/#\\\/schema\\\/logo\\\/image\\\/\"},\"sameAs\":[\"https:\\\/\\\/www.facebook.com\\\/CANAL7SLP\\\/\",\"https:\\\/\\\/x.com\\\/canal7_slp\",\"https:\\\/\\\/www.instagram.com\\\/canal7_slp\",\"https:\\\/\\\/www.youtube.com\\\/user\\\/NOTICIEROSCANAL7SLP\\\/\"]},{\"@type\":\"Person\",\"@id\":\"https:\\\/\\\/canal7slp.tv\\\/2019\\\/#\\\/schema\\\/person\\\/11d941c1c6ca30ac0a46b95fa37aa2e3\",\"name\":\"edicionweb\",\"image\":{\"@type\":\"ImageObject\",\"inLanguage\":\"es\",\"@id\":\"https:\\\/\\\/secure.gravatar.com\\\/avatar\\\/eee448fc3f7164808013b816ba91ac7e43bbe82a70bebac296f8bc6f0addaa1a?s=96&d=mm&r=g\",\"url\":\"https:\\\/\\\/secure.gravatar.com\\\/avatar\\\/eee448fc3f7164808013b816ba91ac7e43bbe82a70bebac296f8bc6f0addaa1a?s=96&d=mm&r=g\",\"contentUrl\":\"https:\\\/\\\/secure.gravatar.com\\\/avatar\\\/eee448fc3f7164808013b816ba91ac7e43bbe82a70bebac296f8bc6f0addaa1a?s=96&d=mm&r=g\",\"caption\":\"edicionweb\"}}]}<\/script>\n<!-- \/ Yoast SEO plugin. -->","yoast_head_json":{"title":"Mart\u00ed Batres impugnar\u00e1 elecci\u00f3n interna de Morena que evita su reelecci\u00f3n en la Presidencia del Senado - Canal 7 SLP - 2019","robots":{"index":"index","follow":"follow","max-snippet":"max-snippet:-1","max-image-preview":"max-image-preview:large","max-video-preview":"max-video-preview:-1"},"canonical":"https:\/\/canal7slp.tv\/2019\/marti-batres-impugnara-eleccion-interna-de-morena-que-evita-su-reeleccion-en-la-presidencia-del-senado\/","og_locale":"es_ES","og_type":"article","og_title":"Mart\u00ed Batres impugnar\u00e1 elecci\u00f3n interna de Morena que evita su reelecci\u00f3n en la Presidencia del Senado - Canal 7 SLP - 2019","og_description":"M\u00e9xico.- El senador Mart\u00ed Batres dijo este martes que impugnar\u00e1 la decisi\u00f3n del grupo parlamentario de Morena de rechazar la reelecci\u00f3n de la actual Mesa Directiva del Senado y en su lugar optar por otros miembros, entre ellos M\u00f3nica Fern\u00e1ndez Balboa en la Presidencia de C\u00e1mara alta. El rechazo de la reelecci\u00f3n de esta Mesa [&hellip;]","og_url":"https:\/\/canal7slp.tv\/2019\/marti-batres-impugnara-eleccion-interna-de-morena-que-evita-su-reeleccion-en-la-presidencia-del-senado\/","og_site_name":"Canal 7 SLP - 2019","article_publisher":"https:\/\/www.facebook.com\/CANAL7SLP\/","article_published_time":"2019-08-21T01:01:59+00:00","og_image":[{"width":729,"height":410,"url":"https:\/\/canal7slp.tv\/2019\/wp-content\/uploads\/2019\/08\/06-2.jpeg","type":"image\/jpeg"}],"author":"edicionweb","twitter_card":"summary_large_image","twitter_creator":"@canal7_slp","twitter_site":"@canal7_slp","twitter_misc":{"Escrito por":"edicionweb","Tiempo de lectura":"2 minutos"},"schema":{"@context":"https:\/\/schema.org","@graph":[{"@type":"Article","@id":"https:\/\/canal7slp.tv\/2019\/marti-batres-impugnara-eleccion-interna-de-morena-que-evita-su-reeleccion-en-la-presidencia-del-senado\/#article","isPartOf":{"@id":"https:\/\/canal7slp.tv\/2019\/marti-batres-impugnara-eleccion-interna-de-morena-que-evita-su-reeleccion-en-la-presidencia-del-senado\/"},"author":{"name":"edicionweb","@id":"https:\/\/canal7slp.tv\/2019\/#\/schema\/person\/11d941c1c6ca30ac0a46b95fa37aa2e3"},"headline":"Mart\u00ed Batres impugnar\u00e1 elecci\u00f3n interna de Morena que evita su reelecci\u00f3n en la Presidencia del Senado","datePublished":"2019-08-21T01:01:59+00:00","mainEntityOfPage":{"@id":"https:\/\/canal7slp.tv\/2019\/marti-batres-impugnara-eleccion-interna-de-morena-que-evita-su-reeleccion-en-la-presidencia-del-senado\/"},"wordCount":484,"commentCount":0,"publisher":{"@id":"https:\/\/canal7slp.tv\/2019\/#organization"},"image":{"@id":"https:\/\/canal7slp.tv\/2019\/marti-batres-impugnara-eleccion-interna-de-morena-que-evita-su-reeleccion-en-la-presidencia-del-senado\/#primaryimage"},"thumbnailUrl":"https:\/\/canal7slp.tv\/2019\/wp-content\/uploads\/2019\/08\/06-2.jpeg","articleSection":["NACIONAL"],"inLanguage":"es","potentialAction":[{"@type":"CommentAction","name":"Comment","target":["https:\/\/canal7slp.tv\/2019\/marti-batres-impugnara-eleccion-interna-de-morena-que-evita-su-reeleccion-en-la-presidencia-del-senado\/#respond"]}]},{"@type":"WebPage","@id":"https:\/\/canal7slp.tv\/2019\/marti-batres-impugnara-eleccion-interna-de-morena-que-evita-su-reeleccion-en-la-presidencia-del-senado\/","url":"https:\/\/canal7slp.tv\/2019\/marti-batres-impugnara-eleccion-interna-de-morena-que-evita-su-reeleccion-en-la-presidencia-del-senado\/","name":"Mart\u00ed Batres impugnar\u00e1 elecci\u00f3n interna de Morena que evita su reelecci\u00f3n en la Presidencia del Senado - Canal 7 SLP - 2019","isPartOf":{"@id":"https:\/\/canal7slp.tv\/2019\/#website"},"primaryImageOfPage":{"@id":"https:\/\/canal7slp.tv\/2019\/marti-batres-impugnara-eleccion-interna-de-morena-que-evita-su-reeleccion-en-la-presidencia-del-senado\/#primaryimage"},"image":{"@id":"https:\/\/canal7slp.tv\/2019\/marti-batres-impugnara-eleccion-interna-de-morena-que-evita-su-reeleccion-en-la-presidencia-del-senado\/#primaryimage"},"thumbnailUrl":"https:\/\/canal7slp.tv\/2019\/wp-content\/uploads\/2019\/08\/06-2.jpeg","datePublished":"2019-08-21T01:01:59+00:00","breadcrumb":{"@id":"https:\/\/canal7slp.tv\/2019\/marti-batres-impugnara-eleccion-interna-de-morena-que-evita-su-reeleccion-en-la-presidencia-del-senado\/#breadcrumb"},"inLanguage":"es","potentialAction":[{"@type":"ReadAction","target":["https:\/\/canal7slp.tv\/2019\/marti-batres-impugnara-eleccion-interna-de-morena-que-evita-su-reeleccion-en-la-presidencia-del-senado\/"]}]},{"@type":"ImageObject","inLanguage":"es","@id":"https:\/\/canal7slp.tv\/2019\/marti-batres-impugnara-eleccion-interna-de-morena-que-evita-su-reeleccion-en-la-presidencia-del-senado\/#primaryimage","url":"https:\/\/canal7slp.tv\/2019\/wp-content\/uploads\/2019\/08\/06-2.jpeg","contentUrl":"https:\/\/canal7slp.tv\/2019\/wp-content\/uploads\/2019\/08\/06-2.jpeg","width":729,"height":410},{"@type":"BreadcrumbList","@id":"https:\/\/canal7slp.tv\/2019\/marti-batres-impugnara-eleccion-interna-de-morena-que-evita-su-reeleccion-en-la-presidencia-del-senado\/#breadcrumb","itemListElement":[{"@type":"ListItem","position":1,"name":"Home","item":"https:\/\/canal7slp.tv\/2019\/"},{"@type":"ListItem","position":2,"name":"Mart\u00ed Batres impugnar\u00e1 elecci\u00f3n interna de Morena que evita su reelecci\u00f3n en la Presidencia del Senado"}]},{"@type":"WebSite","@id":"https:\/\/canal7slp.tv\/2019\/#website","url":"https:\/\/canal7slp.tv\/2019\/","name":"Canal 7 SLP - Somos TV","description":"Somos un Canal de 10","publisher":{"@id":"https:\/\/canal7slp.tv\/2019\/#organization"},"potentialAction":[{"@type":"SearchAction","target":{"@type":"EntryPoint","urlTemplate":"https:\/\/canal7slp.tv\/2019\/?s={search_term_string}"},"query-input":{"@type":"PropertyValueSpecification","valueRequired":true,"valueName":"search_term_string"}}],"inLanguage":"es"},{"@type":"Organization","@id":"https:\/\/canal7slp.tv\/2019\/#organization","name":"Comunicaci\u00f3n 2000 S.A. de C.V.","url":"https:\/\/canal7slp.tv\/2019\/","logo":{"@type":"ImageObject","inLanguage":"es","@id":"https:\/\/canal7slp.tv\/2019\/#\/schema\/logo\/image\/","url":"https:\/\/canal7slp.tv\/2019\/wp-content\/uploads\/2019\/07\/logo-c7.png","contentUrl":"https:\/\/canal7slp.tv\/2019\/wp-content\/uploads\/2019\/07\/logo-c7.png","width":220,"height":60,"caption":"Comunicaci\u00f3n 2000 S.A. de C.V."},"image":{"@id":"https:\/\/canal7slp.tv\/2019\/#\/schema\/logo\/image\/"},"sameAs":["https:\/\/www.facebook.com\/CANAL7SLP\/","https:\/\/x.com\/canal7_slp","https:\/\/www.instagram.com\/canal7_slp","https:\/\/www.youtube.com\/user\/NOTICIEROSCANAL7SLP\/"]},{"@type":"Person","@id":"https:\/\/canal7slp.tv\/2019\/#\/schema\/person\/11d941c1c6ca30ac0a46b95fa37aa2e3","name":"edicionweb","image":{"@type":"ImageObject","inLanguage":"es","@id":"https:\/\/secure.gravatar.com\/avatar\/eee448fc3f7164808013b816ba91ac7e43bbe82a70bebac296f8bc6f0addaa1a?s=96&d=mm&r=g","url":"https:\/\/secure.gravatar.com\/avatar\/eee448fc3f7164808013b816ba91ac7e43bbe82a70bebac296f8bc6f0addaa1a?s=96&d=mm&r=g","contentUrl":"https:\/\/secure.gravatar.com\/avatar\/eee448fc3f7164808013b816ba91ac7e43bbe82a70bebac296f8bc6f0addaa1a?s=96&d=mm&r=g","caption":"edicionweb"}}]}},"amp_enabled":true,"cmb2":{"video_ids_in_playlist":{"vid_p_videos":""},"video_ids_in_channel":{"vid_c_videos":""},"playlist_ids_in_channel":{"vid_c_playlists":""},"series_ids_in_channel":{"vid_c_series":""},"channel_images":{"vid_c_logo":"","vid_c_banner":""},"poster_feature_image":{"vid_m_poster_image":""},"gif_feature_image":{"vid_m_gif_image":""},"video_movie_settings":{"vid_m_director":"","vid_m_actor":"","vid_m_imdb_ratings":"","vid_m_amazon_associates":""},"vid_youtube_broadcasts_settings":{"vid_yb_broadcast_title":"","vid_yb_q":"","vid_yb_channelid":"","vid_yb_videocategoryid":"","vid_yb_maxresults":"","vid_yb_order":"","vid_yb_regioncode":"","vid_yb_videosyndicated":"","vid_yb_style":"","vid_yb_reload_first":""},"video_series_settings":{"vid_m_director":"","vid_m_actor":"","vid_m_imdb_ratings":"","video_series_group":""},"amazon_associates_settings":{"amazon_associates":"","amazon_native_ad":""},"vid_youtube_automatic_settings":{"vid_ya_youtube_source":"","vid_ya_update_every":"","vid_ya_update_unit":"","vid_ya_categories":"","vid_ya_published_after":"","vid_ya_published_before":"","vid_ya_playlists":"","vid_ya_channels":"","vid_ya_director":"","vid_ya_actor":"","vid_ya_author":"","vid_ya_import_post_date":"","vid_ya_status":"","vid_ya_sub_api_key":""},"vid_ads_m_videoads_settings_post":{"vid_ads_m_video_ads":"","vid_ads_m_video_ads_type":"","vid_ads_m_group_google_ima":"","vid_ads_m_group_image":"","vid_ads_m_group_html5_video":"","vid_ads_m_group_html":"","vid_ads_m_vast_preroll":"","vid_ads_m_vast_postroll":"","vid_ads_m_vast_pauseroll":"","vid_ads_m_vast_midroll":[{"vid_ads_m_vast_timer_seconds":"50"}],"vid_ads_m_time_to_show_ads":"","vid_ads_m_time_skip_ads":"","vid_ads_m_time_to_hide_ads":""},"page_slider_settings":{"display_slider_group":"","page_slider_group":""},"blog_page_settings":{"blog_page_title":"","blog_page_heading":"","blog_page_ic":"","blog_page_it":"","blog_page_ec":"","blog_page_ip":"","archive_loop_style":"","blog_image_ratio":"","blog_show_categories":"","blog_show_excerpt":"","blog_show_author":"","blog_show_date":"","blog_show_comment_count":"","blog_show_view_count":"","blog_show_like_count":"","blog_show_dislike_count":"","blog_items_per_page":"","blog_pag_type":""},"page_options":{"get_page_template":"","color_mode":"","main_layout":"","main_layout_full_with":"","main_logo":"","main_logo_retina":"","main_logo_mobile":"","main_logo_mobile_retina":"","sticky_logo":"","sticky_logo_retina":"","main_nav_layout":"","ajax_search":"","header_background":"","theme_sidebar":"","instagram_feed":"","instagram_feed_position":"","popular_videos":"","popular_videos_title_1":"","popular_videos_title_2":"","popular_videos_ic":"","popular_videos_it":"","theme_background":"","page_custom_css":""},"feature_image_settings":{"feature_image_position":""},"video_player_settings":{"single_video_style":"","video_player_position":"","vm_video_url":"","video_player_library":"","video_streaming":"","vm_media_sources":"","vid_auto_play":"","vm_video_shortcode":"","vid_p_sync_playlist":"","vid_c_sync_channel":"","get_post_format":"","multiple_links_structure":"default","multi_links_title":"","vm_video_multi_links":"","vm_duration":"","vid_social_locker":"off","vid_social_locker_id":"","vid_membership_action":"content-video","vm_video_trailer_url":"","vid_download_type":"free","vid_download_target":"download","vid_woo_product":"","vm_media_download":"","user_rating":"","user_rating_position":"","user_rating_mode":"","user_rating_multi_sets":""},"video_auto_fetch_settings":{"vm_video_fetch":"on"},"video_fake_views_likes":{"vm_fake_views":"","vm_fake_likes":"","vm_fake_dislikes":""},"gallery_settings":{"gallery_position":""},"quote_settings":{"quote_position":""},"post_options":{"main_layout":"","main_logo":"","main_logo_retina":"","main_logo_mobile":"","main_logo_mobile_retina":"","sticky_logo":"","sticky_logo_retina":"","main_nav_layout":"","header_background":"","theme_sidebar":"","single_post_comment_type":"","theme_background":""}},"_links":{"self":[{"href":"https:\/\/canal7slp.tv\/2019\/wp-json\/wp\/v2\/posts\/52594","targetHints":{"allow":["GET"]}}],"collection":[{"href":"https:\/\/canal7slp.tv\/2019\/wp-json\/wp\/v2\/posts"}],"about":[{"href":"https:\/\/canal7slp.tv\/2019\/wp-json\/wp\/v2\/types\/post"}],"author":[{"embeddable":true,"href":"https:\/\/canal7slp.tv\/2019\/wp-json\/wp\/v2\/users\/2"}],"replies":[{"embeddable":true,"href":"https:\/\/canal7slp.tv\/2019\/wp-json\/wp\/v2\/comments?post=52594"}],"version-history":[{"count":0,"href":"https:\/\/canal7slp.tv\/2019\/wp-json\/wp\/v2\/posts\/52594\/revisions"}],"wp:featuredmedia":[{"embeddable":true,"href":"https:\/\/canal7slp.tv\/2019\/wp-json\/wp\/v2\/media\/52595"}],"wp:attachment":[{"href":"https:\/\/canal7slp.tv\/2019\/wp-json\/wp\/v2\/media?parent=52594"}],"wp:term":[{"taxonomy":"category","embeddable":true,"href":"https:\/\/canal7slp.tv\/2019\/wp-json\/wp\/v2\/categories?post=52594"},{"taxonomy":"post_tag","embeddable":true,"href":"https:\/\/canal7slp.tv\/2019\/wp-json\/wp\/v2\/tags?post=52594"}],"curies":[{"name":"wp","href":"https:\/\/api.w.org\/{rel}","templated":true}]}}