{"id":52578,"date":"2019-08-20T19:36:14","date_gmt":"2019-08-21T00:36:14","guid":{"rendered":"https:\/\/canal7slp.tv\/2019\/?p=52578"},"modified":"2019-08-20T19:36:14","modified_gmt":"2019-08-21T00:36:14","slug":"spider-man-dice-adios-a-las-peliculas-de-marvel-tras-ruptura-disney-sony","status":"publish","type":"post","link":"https:\/\/canal7slp.tv\/2019\/spider-man-dice-adios-a-las-peliculas-de-marvel-tras-ruptura-disney-sony\/","title":{"rendered":"Spider-Man dice adi\u00f3s a las pel\u00edculas de Marvel tras ruptura Disney-Sony"},"content":{"rendered":"<p style=\"text-align: justify\">EUA.- Por la falta de un acuerdo entre los estudios Disney y Sony, Spider-Man qued\u00f3 fuera del Universo Cinematogr\u00e1fico de Marvel.<\/p>\n<p style=\"text-align: justify\">Sony, poseedor de los derechos para producir pel\u00edculas de superh\u00e9roe ar\u00e1cnido, uno de los m\u00e1s populares \u2013y rentables\u2013 del mundo, rechaz\u00f3 la oferta de Disney, due\u00f1o de Marvel Studios, para seguir haciendo pel\u00edculas juntos.<\/p>\n<p style=\"text-align: justify\">Seg\u00fan public\u00f3 en exclusiva el portal Deadline, Disney pidi\u00f3 que las futuras pel\u00edculas de Spider-Man fueran bajo una cofinanciaci\u00f3n 50%-50%, lo cual rechaz\u00f3 Sony.<\/p>\n<p style=\"text-align: justify\">Las dos \u00faltimas pel\u00edculas del personaje de Peter Parker, interpretado por el actor Tom Holland, fueron realizadas con un acuerdo del \u201cprimer d\u00f3lar bruto\u201d, como se conoce en el cine a la pr\u00e1ctica en la que un participante gana un porcentaje de los ingresos de taquilla del primer d\u00eda de estreno de la cinta, de acuerdo con publicaciones especializadas.<\/p>\n<p style=\"text-align: justify\">De esta forma, Spider-Man pudo incorporarse en 2016 al Universo Cinematogr\u00e1fico de Marvel y convivir con los personajes de \u00e9ste, primero con una participaci\u00f3n en la pel\u00edcula \u201cCapit\u00e1n Am\u00e9rica: Civil War\u201d. Posteriormente, vino el reboot de las pel\u00edculas en solitario del superh\u00e9roe con \u201cSpider-Man: De regreso a casa\u201d.<\/p>\n<p style=\"text-align: justify\">El joven \u201cPeter Parker\u201d fue incluido en \u201cAvengers: Infinity War\u201d y \u201cAvengers: Endgame\u201d \u2013esta \u00faltima la pel\u00edcula m\u00e1s taquillera de la historia\u2013 y luego la cinta \u201cSpider-Man: Lejos de casa\u201d, la cual se posicion\u00f3 como la de mayor \u00e9xito entre las producciones de Sony al recaudar 1,109 millones de d\u00f3lares.<\/p>\n<p style=\"text-align: justify\">De acuerdo con Deadline, Holland y Jon Watts, director de las dos \u00faltimas pel\u00edculas de Spider-Man, est\u00e1n firmados para otras dos cintas.<\/p>\n<p style=\"text-align: justify\">Mientras Marvel contin\u00faa como el due\u00f1o de los derechos de todo el merchandising del superh\u00e9roe, Sony est\u00e1 en posibilidad de usar unos 900 personajes del propio universo de Spider-Man y prepara ya la secuela de \u201cVenom\u201d, con Andy Serkis como director.<\/p>\n<p style=\"text-align: justify\">Ante este escenario, la \u00fanica forma de que Marvel Studios recupere los derechos de Spider-Man, cedidos en los 90, es la cl\u00e1usula que establece que Sony debe hacer una pel\u00edcula del superh\u00e9roe cada tres a\u00f1os para evitar perderlos.<\/p>\n","protected":false},"excerpt":{"rendered":"<p>EUA.- Por la falta de un acuerdo entre los estudios Disney y Sony, Spider-Man qued\u00f3 fuera del Universo Cinematogr\u00e1fico de Marvel. Sony, poseedor de los derechos para producir pel\u00edculas de superh\u00e9roe ar\u00e1cnido, uno de los m\u00e1s populares \u2013y rentables\u2013 del mundo, rechaz\u00f3 la oferta de Disney, due\u00f1o de Marvel Studios, para seguir haciendo pel\u00edculas juntos. [&hellip;]<\/p>\n","protected":false},"author":2,"featured_media":52579,"comment_status":"open","ping_status":"open","sticky":false,"template":"","format":"standard","meta":{"footnotes":""},"categories":[24],"tags":[],"class_list":["post-52578","post","type-post","status-publish","format-standard","has-post-thumbnail","hentry","category-espectaculos"],"yoast_head":"<!-- This site is optimized with the Yoast SEO plugin v27.5 - https:\/\/yoast.com\/product\/yoast-seo-wordpress\/ -->\n<title>Spider-Man dice adi\u00f3s a las pel\u00edculas de Marvel tras ruptura Disney-Sony - Canal 7 SLP - 2019<\/title>\n<meta name=\"robots\" content=\"index, follow, max-snippet:-1, max-image-preview:large, max-video-preview:-1\" \/>\n<link rel=\"canonical\" href=\"https:\/\/canal7slp.tv\/2019\/spider-man-dice-adios-a-las-peliculas-de-marvel-tras-ruptura-disney-sony\/\" \/>\n<meta property=\"og:locale\" content=\"es_ES\" \/>\n<meta property=\"og:type\" content=\"article\" \/>\n<meta property=\"og:title\" content=\"Spider-Man dice adi\u00f3s a las pel\u00edculas de Marvel tras ruptura Disney-Sony - Canal 7 SLP - 2019\" \/>\n<meta property=\"og:description\" content=\"EUA.- Por la falta de un acuerdo entre los estudios Disney y Sony, Spider-Man qued\u00f3 fuera del Universo Cinematogr\u00e1fico de Marvel. Sony, poseedor de los derechos para producir pel\u00edculas de superh\u00e9roe ar\u00e1cnido, uno de los m\u00e1s populares \u2013y rentables\u2013 del mundo, rechaz\u00f3 la oferta de Disney, due\u00f1o de Marvel Studios, para seguir haciendo pel\u00edculas juntos. [&hellip;]\" \/>\n<meta property=\"og:url\" content=\"https:\/\/canal7slp.tv\/2019\/spider-man-dice-adios-a-las-peliculas-de-marvel-tras-ruptura-disney-sony\/\" \/>\n<meta property=\"og:site_name\" content=\"Canal 7 SLP - 2019\" \/>\n<meta property=\"article:publisher\" content=\"https:\/\/www.facebook.com\/CANAL7SLP\/\" \/>\n<meta property=\"article:published_time\" content=\"2019-08-21T00:36:14+00:00\" \/>\n<meta property=\"og:image\" content=\"https:\/\/canal7slp.tv\/2019\/wp-content\/uploads\/2019\/08\/01-18.jpg\" \/>\n\t<meta property=\"og:image:width\" content=\"728\" \/>\n\t<meta property=\"og:image:height\" content=\"410\" \/>\n\t<meta property=\"og:image:type\" content=\"image\/jpeg\" \/>\n<meta name=\"author\" content=\"edicionweb\" \/>\n<meta name=\"twitter:card\" content=\"summary_large_image\" \/>\n<meta name=\"twitter:creator\" content=\"@canal7_slp\" \/>\n<meta name=\"twitter:site\" content=\"@canal7_slp\" \/>\n<meta name=\"twitter:label1\" content=\"Escrito por\" \/>\n\t<meta name=\"twitter:data1\" content=\"edicionweb\" \/>\n\t<meta name=\"twitter:label2\" content=\"Tiempo de lectura\" \/>\n\t<meta name=\"twitter:data2\" content=\"2 minutos\" \/>\n<script type=\"application\/ld+json\" class=\"yoast-schema-graph\">{\"@context\":\"https:\\\/\\\/schema.org\",\"@graph\":[{\"@type\":\"Article\",\"@id\":\"https:\\\/\\\/canal7slp.tv\\\/2019\\\/spider-man-dice-adios-a-las-peliculas-de-marvel-tras-ruptura-disney-sony\\\/#article\",\"isPartOf\":{\"@id\":\"https:\\\/\\\/canal7slp.tv\\\/2019\\\/spider-man-dice-adios-a-las-peliculas-de-marvel-tras-ruptura-disney-sony\\\/\"},\"author\":{\"name\":\"edicionweb\",\"@id\":\"https:\\\/\\\/canal7slp.tv\\\/2019\\\/#\\\/schema\\\/person\\\/11d941c1c6ca30ac0a46b95fa37aa2e3\"},\"headline\":\"Spider-Man dice adi\u00f3s a las pel\u00edculas de Marvel tras ruptura Disney-Sony\",\"datePublished\":\"2019-08-21T00:36:14+00:00\",\"mainEntityOfPage\":{\"@id\":\"https:\\\/\\\/canal7slp.tv\\\/2019\\\/spider-man-dice-adios-a-las-peliculas-de-marvel-tras-ruptura-disney-sony\\\/\"},\"wordCount\":380,\"commentCount\":0,\"publisher\":{\"@id\":\"https:\\\/\\\/canal7slp.tv\\\/2019\\\/#organization\"},\"image\":{\"@id\":\"https:\\\/\\\/canal7slp.tv\\\/2019\\\/spider-man-dice-adios-a-las-peliculas-de-marvel-tras-ruptura-disney-sony\\\/#primaryimage\"},\"thumbnailUrl\":\"https:\\\/\\\/canal7slp.tv\\\/2019\\\/wp-content\\\/uploads\\\/2019\\\/08\\\/01-18.jpg\",\"articleSection\":[\"ESPECTACULOS\"],\"inLanguage\":\"es\",\"potentialAction\":[{\"@type\":\"CommentAction\",\"name\":\"Comment\",\"target\":[\"https:\\\/\\\/canal7slp.tv\\\/2019\\\/spider-man-dice-adios-a-las-peliculas-de-marvel-tras-ruptura-disney-sony\\\/#respond\"]}]},{\"@type\":\"WebPage\",\"@id\":\"https:\\\/\\\/canal7slp.tv\\\/2019\\\/spider-man-dice-adios-a-las-peliculas-de-marvel-tras-ruptura-disney-sony\\\/\",\"url\":\"https:\\\/\\\/canal7slp.tv\\\/2019\\\/spider-man-dice-adios-a-las-peliculas-de-marvel-tras-ruptura-disney-sony\\\/\",\"name\":\"Spider-Man dice adi\u00f3s a las pel\u00edculas de Marvel tras ruptura Disney-Sony - Canal 7 SLP - 2019\",\"isPartOf\":{\"@id\":\"https:\\\/\\\/canal7slp.tv\\\/2019\\\/#website\"},\"primaryImageOfPage\":{\"@id\":\"https:\\\/\\\/canal7slp.tv\\\/2019\\\/spider-man-dice-adios-a-las-peliculas-de-marvel-tras-ruptura-disney-sony\\\/#primaryimage\"},\"image\":{\"@id\":\"https:\\\/\\\/canal7slp.tv\\\/2019\\\/spider-man-dice-adios-a-las-peliculas-de-marvel-tras-ruptura-disney-sony\\\/#primaryimage\"},\"thumbnailUrl\":\"https:\\\/\\\/canal7slp.tv\\\/2019\\\/wp-content\\\/uploads\\\/2019\\\/08\\\/01-18.jpg\",\"datePublished\":\"2019-08-21T00:36:14+00:00\",\"breadcrumb\":{\"@id\":\"https:\\\/\\\/canal7slp.tv\\\/2019\\\/spider-man-dice-adios-a-las-peliculas-de-marvel-tras-ruptura-disney-sony\\\/#breadcrumb\"},\"inLanguage\":\"es\",\"potentialAction\":[{\"@type\":\"ReadAction\",\"target\":[\"https:\\\/\\\/canal7slp.tv\\\/2019\\\/spider-man-dice-adios-a-las-peliculas-de-marvel-tras-ruptura-disney-sony\\\/\"]}]},{\"@type\":\"ImageObject\",\"inLanguage\":\"es\",\"@id\":\"https:\\\/\\\/canal7slp.tv\\\/2019\\\/spider-man-dice-adios-a-las-peliculas-de-marvel-tras-ruptura-disney-sony\\\/#primaryimage\",\"url\":\"https:\\\/\\\/canal7slp.tv\\\/2019\\\/wp-content\\\/uploads\\\/2019\\\/08\\\/01-18.jpg\",\"contentUrl\":\"https:\\\/\\\/canal7slp.tv\\\/2019\\\/wp-content\\\/uploads\\\/2019\\\/08\\\/01-18.jpg\",\"width\":728,\"height\":410},{\"@type\":\"BreadcrumbList\",\"@id\":\"https:\\\/\\\/canal7slp.tv\\\/2019\\\/spider-man-dice-adios-a-las-peliculas-de-marvel-tras-ruptura-disney-sony\\\/#breadcrumb\",\"itemListElement\":[{\"@type\":\"ListItem\",\"position\":1,\"name\":\"Home\",\"item\":\"https:\\\/\\\/canal7slp.tv\\\/2019\\\/\"},{\"@type\":\"ListItem\",\"position\":2,\"name\":\"Spider-Man dice adi\u00f3s a las pel\u00edculas de Marvel tras ruptura Disney-Sony\"}]},{\"@type\":\"WebSite\",\"@id\":\"https:\\\/\\\/canal7slp.tv\\\/2019\\\/#website\",\"url\":\"https:\\\/\\\/canal7slp.tv\\\/2019\\\/\",\"name\":\"Canal 7 SLP - Somos TV\",\"description\":\"Somos un Canal de 10\",\"publisher\":{\"@id\":\"https:\\\/\\\/canal7slp.tv\\\/2019\\\/#organization\"},\"potentialAction\":[{\"@type\":\"SearchAction\",\"target\":{\"@type\":\"EntryPoint\",\"urlTemplate\":\"https:\\\/\\\/canal7slp.tv\\\/2019\\\/?s={search_term_string}\"},\"query-input\":{\"@type\":\"PropertyValueSpecification\",\"valueRequired\":true,\"valueName\":\"search_term_string\"}}],\"inLanguage\":\"es\"},{\"@type\":\"Organization\",\"@id\":\"https:\\\/\\\/canal7slp.tv\\\/2019\\\/#organization\",\"name\":\"Comunicaci\u00f3n 2000 S.A. de C.V.\",\"url\":\"https:\\\/\\\/canal7slp.tv\\\/2019\\\/\",\"logo\":{\"@type\":\"ImageObject\",\"inLanguage\":\"es\",\"@id\":\"https:\\\/\\\/canal7slp.tv\\\/2019\\\/#\\\/schema\\\/logo\\\/image\\\/\",\"url\":\"https:\\\/\\\/canal7slp.tv\\\/2019\\\/wp-content\\\/uploads\\\/2019\\\/07\\\/logo-c7.png\",\"contentUrl\":\"https:\\\/\\\/canal7slp.tv\\\/2019\\\/wp-content\\\/uploads\\\/2019\\\/07\\\/logo-c7.png\",\"width\":220,\"height\":60,\"caption\":\"Comunicaci\u00f3n 2000 S.A. de C.V.\"},\"image\":{\"@id\":\"https:\\\/\\\/canal7slp.tv\\\/2019\\\/#\\\/schema\\\/logo\\\/image\\\/\"},\"sameAs\":[\"https:\\\/\\\/www.facebook.com\\\/CANAL7SLP\\\/\",\"https:\\\/\\\/x.com\\\/canal7_slp\",\"https:\\\/\\\/www.instagram.com\\\/canal7_slp\",\"https:\\\/\\\/www.youtube.com\\\/user\\\/NOTICIEROSCANAL7SLP\\\/\"]},{\"@type\":\"Person\",\"@id\":\"https:\\\/\\\/canal7slp.tv\\\/2019\\\/#\\\/schema\\\/person\\\/11d941c1c6ca30ac0a46b95fa37aa2e3\",\"name\":\"edicionweb\",\"image\":{\"@type\":\"ImageObject\",\"inLanguage\":\"es\",\"@id\":\"https:\\\/\\\/secure.gravatar.com\\\/avatar\\\/eee448fc3f7164808013b816ba91ac7e43bbe82a70bebac296f8bc6f0addaa1a?s=96&d=mm&r=g\",\"url\":\"https:\\\/\\\/secure.gravatar.com\\\/avatar\\\/eee448fc3f7164808013b816ba91ac7e43bbe82a70bebac296f8bc6f0addaa1a?s=96&d=mm&r=g\",\"contentUrl\":\"https:\\\/\\\/secure.gravatar.com\\\/avatar\\\/eee448fc3f7164808013b816ba91ac7e43bbe82a70bebac296f8bc6f0addaa1a?s=96&d=mm&r=g\",\"caption\":\"edicionweb\"}}]}<\/script>\n<!-- \/ Yoast SEO plugin. -->","yoast_head_json":{"title":"Spider-Man dice adi\u00f3s a las pel\u00edculas de Marvel tras ruptura Disney-Sony - Canal 7 SLP - 2019","robots":{"index":"index","follow":"follow","max-snippet":"max-snippet:-1","max-image-preview":"max-image-preview:large","max-video-preview":"max-video-preview:-1"},"canonical":"https:\/\/canal7slp.tv\/2019\/spider-man-dice-adios-a-las-peliculas-de-marvel-tras-ruptura-disney-sony\/","og_locale":"es_ES","og_type":"article","og_title":"Spider-Man dice adi\u00f3s a las pel\u00edculas de Marvel tras ruptura Disney-Sony - Canal 7 SLP - 2019","og_description":"EUA.- Por la falta de un acuerdo entre los estudios Disney y Sony, Spider-Man qued\u00f3 fuera del Universo Cinematogr\u00e1fico de Marvel. Sony, poseedor de los derechos para producir pel\u00edculas de superh\u00e9roe ar\u00e1cnido, uno de los m\u00e1s populares \u2013y rentables\u2013 del mundo, rechaz\u00f3 la oferta de Disney, due\u00f1o de Marvel Studios, para seguir haciendo pel\u00edculas juntos. [&hellip;]","og_url":"https:\/\/canal7slp.tv\/2019\/spider-man-dice-adios-a-las-peliculas-de-marvel-tras-ruptura-disney-sony\/","og_site_name":"Canal 7 SLP - 2019","article_publisher":"https:\/\/www.facebook.com\/CANAL7SLP\/","article_published_time":"2019-08-21T00:36:14+00:00","og_image":[{"width":728,"height":410,"url":"https:\/\/canal7slp.tv\/2019\/wp-content\/uploads\/2019\/08\/01-18.jpg","type":"image\/jpeg"}],"author":"edicionweb","twitter_card":"summary_large_image","twitter_creator":"@canal7_slp","twitter_site":"@canal7_slp","twitter_misc":{"Escrito por":"edicionweb","Tiempo de lectura":"2 minutos"},"schema":{"@context":"https:\/\/schema.org","@graph":[{"@type":"Article","@id":"https:\/\/canal7slp.tv\/2019\/spider-man-dice-adios-a-las-peliculas-de-marvel-tras-ruptura-disney-sony\/#article","isPartOf":{"@id":"https:\/\/canal7slp.tv\/2019\/spider-man-dice-adios-a-las-peliculas-de-marvel-tras-ruptura-disney-sony\/"},"author":{"name":"edicionweb","@id":"https:\/\/canal7slp.tv\/2019\/#\/schema\/person\/11d941c1c6ca30ac0a46b95fa37aa2e3"},"headline":"Spider-Man dice adi\u00f3s a las pel\u00edculas de Marvel tras ruptura Disney-Sony","datePublished":"2019-08-21T00:36:14+00:00","mainEntityOfPage":{"@id":"https:\/\/canal7slp.tv\/2019\/spider-man-dice-adios-a-las-peliculas-de-marvel-tras-ruptura-disney-sony\/"},"wordCount":380,"commentCount":0,"publisher":{"@id":"https:\/\/canal7slp.tv\/2019\/#organization"},"image":{"@id":"https:\/\/canal7slp.tv\/2019\/spider-man-dice-adios-a-las-peliculas-de-marvel-tras-ruptura-disney-sony\/#primaryimage"},"thumbnailUrl":"https:\/\/canal7slp.tv\/2019\/wp-content\/uploads\/2019\/08\/01-18.jpg","articleSection":["ESPECTACULOS"],"inLanguage":"es","potentialAction":[{"@type":"CommentAction","name":"Comment","target":["https:\/\/canal7slp.tv\/2019\/spider-man-dice-adios-a-las-peliculas-de-marvel-tras-ruptura-disney-sony\/#respond"]}]},{"@type":"WebPage","@id":"https:\/\/canal7slp.tv\/2019\/spider-man-dice-adios-a-las-peliculas-de-marvel-tras-ruptura-disney-sony\/","url":"https:\/\/canal7slp.tv\/2019\/spider-man-dice-adios-a-las-peliculas-de-marvel-tras-ruptura-disney-sony\/","name":"Spider-Man dice adi\u00f3s a las pel\u00edculas de Marvel tras ruptura Disney-Sony - Canal 7 SLP - 2019","isPartOf":{"@id":"https:\/\/canal7slp.tv\/2019\/#website"},"primaryImageOfPage":{"@id":"https:\/\/canal7slp.tv\/2019\/spider-man-dice-adios-a-las-peliculas-de-marvel-tras-ruptura-disney-sony\/#primaryimage"},"image":{"@id":"https:\/\/canal7slp.tv\/2019\/spider-man-dice-adios-a-las-peliculas-de-marvel-tras-ruptura-disney-sony\/#primaryimage"},"thumbnailUrl":"https:\/\/canal7slp.tv\/2019\/wp-content\/uploads\/2019\/08\/01-18.jpg","datePublished":"2019-08-21T00:36:14+00:00","breadcrumb":{"@id":"https:\/\/canal7slp.tv\/2019\/spider-man-dice-adios-a-las-peliculas-de-marvel-tras-ruptura-disney-sony\/#breadcrumb"},"inLanguage":"es","potentialAction":[{"@type":"ReadAction","target":["https:\/\/canal7slp.tv\/2019\/spider-man-dice-adios-a-las-peliculas-de-marvel-tras-ruptura-disney-sony\/"]}]},{"@type":"ImageObject","inLanguage":"es","@id":"https:\/\/canal7slp.tv\/2019\/spider-man-dice-adios-a-las-peliculas-de-marvel-tras-ruptura-disney-sony\/#primaryimage","url":"https:\/\/canal7slp.tv\/2019\/wp-content\/uploads\/2019\/08\/01-18.jpg","contentUrl":"https:\/\/canal7slp.tv\/2019\/wp-content\/uploads\/2019\/08\/01-18.jpg","width":728,"height":410},{"@type":"BreadcrumbList","@id":"https:\/\/canal7slp.tv\/2019\/spider-man-dice-adios-a-las-peliculas-de-marvel-tras-ruptura-disney-sony\/#breadcrumb","itemListElement":[{"@type":"ListItem","position":1,"name":"Home","item":"https:\/\/canal7slp.tv\/2019\/"},{"@type":"ListItem","position":2,"name":"Spider-Man dice adi\u00f3s a las pel\u00edculas de Marvel tras ruptura Disney-Sony"}]},{"@type":"WebSite","@id":"https:\/\/canal7slp.tv\/2019\/#website","url":"https:\/\/canal7slp.tv\/2019\/","name":"Canal 7 SLP - Somos TV","description":"Somos un Canal de 10","publisher":{"@id":"https:\/\/canal7slp.tv\/2019\/#organization"},"potentialAction":[{"@type":"SearchAction","target":{"@type":"EntryPoint","urlTemplate":"https:\/\/canal7slp.tv\/2019\/?s={search_term_string}"},"query-input":{"@type":"PropertyValueSpecification","valueRequired":true,"valueName":"search_term_string"}}],"inLanguage":"es"},{"@type":"Organization","@id":"https:\/\/canal7slp.tv\/2019\/#organization","name":"Comunicaci\u00f3n 2000 S.A. de C.V.","url":"https:\/\/canal7slp.tv\/2019\/","logo":{"@type":"ImageObject","inLanguage":"es","@id":"https:\/\/canal7slp.tv\/2019\/#\/schema\/logo\/image\/","url":"https:\/\/canal7slp.tv\/2019\/wp-content\/uploads\/2019\/07\/logo-c7.png","contentUrl":"https:\/\/canal7slp.tv\/2019\/wp-content\/uploads\/2019\/07\/logo-c7.png","width":220,"height":60,"caption":"Comunicaci\u00f3n 2000 S.A. de C.V."},"image":{"@id":"https:\/\/canal7slp.tv\/2019\/#\/schema\/logo\/image\/"},"sameAs":["https:\/\/www.facebook.com\/CANAL7SLP\/","https:\/\/x.com\/canal7_slp","https:\/\/www.instagram.com\/canal7_slp","https:\/\/www.youtube.com\/user\/NOTICIEROSCANAL7SLP\/"]},{"@type":"Person","@id":"https:\/\/canal7slp.tv\/2019\/#\/schema\/person\/11d941c1c6ca30ac0a46b95fa37aa2e3","name":"edicionweb","image":{"@type":"ImageObject","inLanguage":"es","@id":"https:\/\/secure.gravatar.com\/avatar\/eee448fc3f7164808013b816ba91ac7e43bbe82a70bebac296f8bc6f0addaa1a?s=96&d=mm&r=g","url":"https:\/\/secure.gravatar.com\/avatar\/eee448fc3f7164808013b816ba91ac7e43bbe82a70bebac296f8bc6f0addaa1a?s=96&d=mm&r=g","contentUrl":"https:\/\/secure.gravatar.com\/avatar\/eee448fc3f7164808013b816ba91ac7e43bbe82a70bebac296f8bc6f0addaa1a?s=96&d=mm&r=g","caption":"edicionweb"}}]}},"amp_enabled":true,"cmb2":{"video_ids_in_playlist":{"vid_p_videos":""},"video_ids_in_channel":{"vid_c_videos":""},"playlist_ids_in_channel":{"vid_c_playlists":""},"series_ids_in_channel":{"vid_c_series":""},"channel_images":{"vid_c_logo":"","vid_c_banner":""},"poster_feature_image":{"vid_m_poster_image":""},"gif_feature_image":{"vid_m_gif_image":""},"video_movie_settings":{"vid_m_director":"","vid_m_actor":"","vid_m_imdb_ratings":"","vid_m_amazon_associates":""},"vid_youtube_broadcasts_settings":{"vid_yb_broadcast_title":"","vid_yb_q":"","vid_yb_channelid":"","vid_yb_videocategoryid":"","vid_yb_maxresults":"","vid_yb_order":"","vid_yb_regioncode":"","vid_yb_videosyndicated":"","vid_yb_style":"","vid_yb_reload_first":""},"video_series_settings":{"vid_m_director":"","vid_m_actor":"","vid_m_imdb_ratings":"","video_series_group":""},"amazon_associates_settings":{"amazon_associates":"","amazon_native_ad":""},"vid_youtube_automatic_settings":{"vid_ya_youtube_source":"","vid_ya_update_every":"","vid_ya_update_unit":"","vid_ya_categories":"","vid_ya_published_after":"","vid_ya_published_before":"","vid_ya_playlists":"","vid_ya_channels":"","vid_ya_director":"","vid_ya_actor":"","vid_ya_author":"","vid_ya_import_post_date":"","vid_ya_status":"","vid_ya_sub_api_key":""},"vid_ads_m_videoads_settings_post":{"vid_ads_m_video_ads":"","vid_ads_m_video_ads_type":"","vid_ads_m_group_google_ima":"","vid_ads_m_group_image":"","vid_ads_m_group_html5_video":"","vid_ads_m_group_html":"","vid_ads_m_vast_preroll":"","vid_ads_m_vast_postroll":"","vid_ads_m_vast_pauseroll":"","vid_ads_m_vast_midroll":[{"vid_ads_m_vast_timer_seconds":"50"}],"vid_ads_m_time_to_show_ads":"","vid_ads_m_time_skip_ads":"","vid_ads_m_time_to_hide_ads":""},"page_slider_settings":{"display_slider_group":"","page_slider_group":""},"blog_page_settings":{"blog_page_title":"","blog_page_heading":"","blog_page_ic":"","blog_page_it":"","blog_page_ec":"","blog_page_ip":"","archive_loop_style":"","blog_image_ratio":"","blog_show_categories":"","blog_show_excerpt":"","blog_show_author":"","blog_show_date":"","blog_show_comment_count":"","blog_show_view_count":"","blog_show_like_count":"","blog_show_dislike_count":"","blog_items_per_page":"","blog_pag_type":""},"page_options":{"get_page_template":"","color_mode":"","main_layout":"","main_layout_full_with":"","main_logo":"","main_logo_retina":"","main_logo_mobile":"","main_logo_mobile_retina":"","sticky_logo":"","sticky_logo_retina":"","main_nav_layout":"","ajax_search":"","header_background":"","theme_sidebar":"","instagram_feed":"","instagram_feed_position":"","popular_videos":"","popular_videos_title_1":"","popular_videos_title_2":"","popular_videos_ic":"","popular_videos_it":"","theme_background":"","page_custom_css":""},"feature_image_settings":{"feature_image_position":""},"video_player_settings":{"single_video_style":"","video_player_position":"","vm_video_url":"","video_player_library":"","video_streaming":"","vm_media_sources":"","vid_auto_play":"","vm_video_shortcode":"","vid_p_sync_playlist":"","vid_c_sync_channel":"","get_post_format":"","multiple_links_structure":"default","multi_links_title":"","vm_video_multi_links":"","vm_duration":"","vid_social_locker":"off","vid_social_locker_id":"","vid_membership_action":"content-video","vm_video_trailer_url":"","vid_download_type":"free","vid_download_target":"download","vid_woo_product":"","vm_media_download":"","user_rating":"","user_rating_position":"","user_rating_mode":"","user_rating_multi_sets":""},"video_auto_fetch_settings":{"vm_video_fetch":"on"},"video_fake_views_likes":{"vm_fake_views":"","vm_fake_likes":"","vm_fake_dislikes":""},"gallery_settings":{"gallery_position":""},"quote_settings":{"quote_position":""},"post_options":{"main_layout":"","main_logo":"","main_logo_retina":"","main_logo_mobile":"","main_logo_mobile_retina":"","sticky_logo":"","sticky_logo_retina":"","main_nav_layout":"","header_background":"","theme_sidebar":"","single_post_comment_type":"","theme_background":""}},"_links":{"self":[{"href":"https:\/\/canal7slp.tv\/2019\/wp-json\/wp\/v2\/posts\/52578","targetHints":{"allow":["GET"]}}],"collection":[{"href":"https:\/\/canal7slp.tv\/2019\/wp-json\/wp\/v2\/posts"}],"about":[{"href":"https:\/\/canal7slp.tv\/2019\/wp-json\/wp\/v2\/types\/post"}],"author":[{"embeddable":true,"href":"https:\/\/canal7slp.tv\/2019\/wp-json\/wp\/v2\/users\/2"}],"replies":[{"embeddable":true,"href":"https:\/\/canal7slp.tv\/2019\/wp-json\/wp\/v2\/comments?post=52578"}],"version-history":[{"count":0,"href":"https:\/\/canal7slp.tv\/2019\/wp-json\/wp\/v2\/posts\/52578\/revisions"}],"wp:featuredmedia":[{"embeddable":true,"href":"https:\/\/canal7slp.tv\/2019\/wp-json\/wp\/v2\/media\/52579"}],"wp:attachment":[{"href":"https:\/\/canal7slp.tv\/2019\/wp-json\/wp\/v2\/media?parent=52578"}],"wp:term":[{"taxonomy":"category","embeddable":true,"href":"https:\/\/canal7slp.tv\/2019\/wp-json\/wp\/v2\/categories?post=52578"},{"taxonomy":"post_tag","embeddable":true,"href":"https:\/\/canal7slp.tv\/2019\/wp-json\/wp\/v2\/tags?post=52578"}],"curies":[{"name":"wp","href":"https:\/\/api.w.org\/{rel}","templated":true}]}}