{"id":5247,"date":"2019-05-31T11:27:27","date_gmt":"2019-05-31T16:27:27","guid":{"rendered":"https:\/\/canal7slp.tv\/2019\/gobierno-de-a-pie-llevara-nuevas-luminarias-a-colonia-los-salazares\/"},"modified":"2019-05-31T11:27:27","modified_gmt":"2019-05-31T16:27:27","slug":"gobierno-de-a-pie-llevara-nuevas-luminarias-a-colonia-los-salazares","status":"publish","type":"post","link":"https:\/\/canal7slp.tv\/2019\/gobierno-de-a-pie-llevara-nuevas-luminarias-a-colonia-los-salazares\/","title":{"rendered":"Gobierno de a Pie llevar\u00e1 nuevas luminarias a Colonia los Salazares."},"content":{"rendered":"<p> [ad_1]<br \/>\n<\/p>\n<div class=\"pf-content\">\n<p style=\"text-align: justify\">SLP.- El Alcalde Capitalino Xavier Nava Palacios adelant\u00f3 que a fin de evitar que los habitantes de la Av. Los Salazares contin\u00faen transitando en penumbras y de forma insegura, se colocar\u00e1n\u00a0 nuevas luminarias.<\/p>\n<p style=\"text-align: justify\">Ante decenas de habitantes de Los Salazares del Programa Gobierno de a Pie, el jefe del Gobierno Capitalino Xavier Nava Palacios, anunci\u00f3 que se podar\u00e1n\u00a0 alrededor de diez \u00e1rboles ya que representan un peligro para los transe\u00fantes, adem\u00e1s de recoger escombro de m\u00e1s de diez mil metros cuadrados de calles y terrenos bald\u00edos.<\/p>\n<p style=\"text-align: justify\">Del mismo modo Nava Palacios se\u00f1al\u00f3 que se le dar\u00e1 seguimiento a los requerimientos hechos por los colonos de Salazares, en torno al tema de seguridad, por lo que se realiz\u00f3 el compromiso de que el jefe de comandancia del sector mantendr\u00e1 comunicaci\u00f3n de forma permanente con el representante de la Junta de Mejoras de Los Salazares \u201cesto permitir\u00e1 una comunicaci\u00f3n directa en torno a las estrategias y mecanismos encaminados a disminuir los \u00edndices de inseguridad\u201d agreg\u00f3 Nava Palacios.<\/p>\n<p style=\"text-align: justify\">Asimismo el Director de Servicios Municipales Gonzalo Benavente Gonz\u00e1lez indic\u00f3 que a trav\u00e9s su direcciones se dar\u00e1 soluci\u00f3n a la demanda del retiro de 640 m2 de grafiti, as\u00ed c\u00f3mo la poda de 15 \u00e1rboles, la limpieza de m\u00e1s de 10 mil m2 de terrenos y\/o lotes bald\u00edos; a fin de mejorar la imagen urbana.<\/p>\n<p style=\"text-align: justify\">De igual modo el Director de Obras P\u00fablicas Municipales Marco Uribe \u00c1vila adelant\u00f3 que entorno al tema de pavimentaci\u00f3n, ya hay un proyecto espec\u00edfico en beneficio de todos los vecinos de esta avenida.<\/p>\n<p style=\"text-align: justify\">Despu\u00e9s de que los colonos manifestaron respaldo de las autoridades municipales de la Capital Potosina; destacaron ser la primera ocasi\u00f3n en que un Presidente Municipal toma en cuenta las inquietudes de los vecinos, adem\u00e1s de ser la primera vez en presenciar que un Alcalde acude a Los Salazares para conocer de primera mano las carencias con las que viven quienes habitan este sector de la ciudad.<\/p>\n<p style=\"text-align: justify\">Por \u00faltimo el Alcalde Capitalino realiz\u00f3 un recorrido por las calles de la zona a fin de verificar personalmente y de manera directa las condiciones en las que este sector poblacional se encuentra.<\/p>\n<\/div>\n<p>La entrada <a rel=\"nofollow\" href=\"http:\/\/canal7slp.com\/gobierno-de-a-pie-llevara-nuevas-luminarias-a-colonia-los-salazares\/\">Gobierno de a Pie llevar\u00e1 nuevas luminarias a Colonia los Salazares.<\/a> aparece primero en <a rel=\"nofollow\" href=\"http:\/\/canal7slp.com\">Canal Siete XHSLV | Televisi\u00f3n de San Luis Potos\u00ed<\/a>.<\/p>\n<p>[ad_2]<\/p>\n","protected":false},"excerpt":{"rendered":"<p>[ad_1] SLP.- El Alcalde Capitalino Xavier Nava Palacios adelant\u00f3 que a fin de evitar que los habitantes de la Av. Los Salazares contin\u00faen transitando en penumbras y de forma insegura, se colocar\u00e1n\u00a0 nuevas luminarias. Ante decenas de habitantes de Los Salazares del Programa Gobierno de a Pie, el jefe del Gobierno Capitalino Xavier Nava Palacios, [&hellip;]<\/p>\n","protected":false},"author":1,"featured_media":5248,"comment_status":"open","ping_status":"open","sticky":false,"template":"","format":"standard","meta":{"footnotes":""},"categories":[17],"tags":[],"class_list":["post-5247","post","type-post","status-publish","format-standard","has-post-thumbnail","hentry","category-localesyregionales"],"yoast_head":"<!-- This site is optimized with the Yoast SEO plugin v27.5 - https:\/\/yoast.com\/product\/yoast-seo-wordpress\/ -->\n<title>Gobierno de a Pie llevar\u00e1 nuevas luminarias a Colonia los Salazares. - Canal 7 SLP - 2019<\/title>\n<meta name=\"robots\" content=\"index, follow, max-snippet:-1, max-image-preview:large, max-video-preview:-1\" \/>\n<link rel=\"canonical\" href=\"https:\/\/canal7slp.tv\/2019\/gobierno-de-a-pie-llevara-nuevas-luminarias-a-colonia-los-salazares\/\" \/>\n<meta property=\"og:locale\" content=\"es_ES\" \/>\n<meta property=\"og:type\" content=\"article\" \/>\n<meta property=\"og:title\" content=\"Gobierno de a Pie llevar\u00e1 nuevas luminarias a Colonia los Salazares. - Canal 7 SLP - 2019\" \/>\n<meta property=\"og:description\" content=\"[ad_1] SLP.- El Alcalde Capitalino Xavier Nava Palacios adelant\u00f3 que a fin de evitar que los habitantes de la Av. Los Salazares contin\u00faen transitando en penumbras y de forma insegura, se colocar\u00e1n\u00a0 nuevas luminarias. Ante decenas de habitantes de Los Salazares del Programa Gobierno de a Pie, el jefe del Gobierno Capitalino Xavier Nava Palacios, [&hellip;]\" \/>\n<meta property=\"og:url\" content=\"https:\/\/canal7slp.tv\/2019\/gobierno-de-a-pie-llevara-nuevas-luminarias-a-colonia-los-salazares\/\" \/>\n<meta property=\"og:site_name\" content=\"Canal 7 SLP - 2019\" \/>\n<meta property=\"article:publisher\" content=\"https:\/\/www.facebook.com\/CANAL7SLP\/\" \/>\n<meta property=\"article:published_time\" content=\"2019-05-31T16:27:27+00:00\" \/>\n<meta property=\"og:image\" content=\"https:\/\/canal7slp.tv\/2019\/wp-content\/uploads\/2019\/05\/ayu16.jpg\" \/>\n\t<meta property=\"og:image:width\" content=\"614\" \/>\n\t<meta property=\"og:image:height\" content=\"410\" \/>\n\t<meta property=\"og:image:type\" content=\"image\/jpeg\" \/>\n<meta name=\"twitter:card\" content=\"summary_large_image\" \/>\n<meta name=\"twitter:creator\" content=\"@canal7_slp\" \/>\n<meta name=\"twitter:site\" content=\"@canal7_slp\" \/>\n<meta name=\"twitter:label1\" content=\"Escrito por\" \/>\n\t<meta name=\"twitter:data1\" content=\"\" \/>\n\t<meta name=\"twitter:label2\" content=\"Tiempo de lectura\" \/>\n\t<meta name=\"twitter:data2\" content=\"2 minutos\" \/>\n<script type=\"application\/ld+json\" class=\"yoast-schema-graph\">{\"@context\":\"https:\\\/\\\/schema.org\",\"@graph\":[{\"@type\":\"Article\",\"@id\":\"https:\\\/\\\/canal7slp.tv\\\/2019\\\/gobierno-de-a-pie-llevara-nuevas-luminarias-a-colonia-los-salazares\\\/#article\",\"isPartOf\":{\"@id\":\"https:\\\/\\\/canal7slp.tv\\\/2019\\\/gobierno-de-a-pie-llevara-nuevas-luminarias-a-colonia-los-salazares\\\/\"},\"author\":{\"name\":\"\",\"@id\":\"\"},\"headline\":\"Gobierno de a Pie llevar\u00e1 nuevas luminarias a Colonia los Salazares.\",\"datePublished\":\"2019-05-31T16:27:27+00:00\",\"mainEntityOfPage\":{\"@id\":\"https:\\\/\\\/canal7slp.tv\\\/2019\\\/gobierno-de-a-pie-llevara-nuevas-luminarias-a-colonia-los-salazares\\\/\"},\"wordCount\":411,\"commentCount\":0,\"publisher\":{\"@id\":\"https:\\\/\\\/canal7slp.tv\\\/2019\\\/#organization\"},\"image\":{\"@id\":\"https:\\\/\\\/canal7slp.tv\\\/2019\\\/gobierno-de-a-pie-llevara-nuevas-luminarias-a-colonia-los-salazares\\\/#primaryimage\"},\"thumbnailUrl\":\"https:\\\/\\\/canal7slp.tv\\\/2019\\\/wp-content\\\/uploads\\\/2019\\\/05\\\/ayu16.jpg\",\"articleSection\":[\"LOCALES Y REGIONALES\"],\"inLanguage\":\"es\",\"potentialAction\":[{\"@type\":\"CommentAction\",\"name\":\"Comment\",\"target\":[\"https:\\\/\\\/canal7slp.tv\\\/2019\\\/gobierno-de-a-pie-llevara-nuevas-luminarias-a-colonia-los-salazares\\\/#respond\"]}]},{\"@type\":\"WebPage\",\"@id\":\"https:\\\/\\\/canal7slp.tv\\\/2019\\\/gobierno-de-a-pie-llevara-nuevas-luminarias-a-colonia-los-salazares\\\/\",\"url\":\"https:\\\/\\\/canal7slp.tv\\\/2019\\\/gobierno-de-a-pie-llevara-nuevas-luminarias-a-colonia-los-salazares\\\/\",\"name\":\"Gobierno de a Pie llevar\u00e1 nuevas luminarias a Colonia los Salazares. - Canal 7 SLP - 2019\",\"isPartOf\":{\"@id\":\"https:\\\/\\\/canal7slp.tv\\\/2019\\\/#website\"},\"primaryImageOfPage\":{\"@id\":\"https:\\\/\\\/canal7slp.tv\\\/2019\\\/gobierno-de-a-pie-llevara-nuevas-luminarias-a-colonia-los-salazares\\\/#primaryimage\"},\"image\":{\"@id\":\"https:\\\/\\\/canal7slp.tv\\\/2019\\\/gobierno-de-a-pie-llevara-nuevas-luminarias-a-colonia-los-salazares\\\/#primaryimage\"},\"thumbnailUrl\":\"https:\\\/\\\/canal7slp.tv\\\/2019\\\/wp-content\\\/uploads\\\/2019\\\/05\\\/ayu16.jpg\",\"datePublished\":\"2019-05-31T16:27:27+00:00\",\"breadcrumb\":{\"@id\":\"https:\\\/\\\/canal7slp.tv\\\/2019\\\/gobierno-de-a-pie-llevara-nuevas-luminarias-a-colonia-los-salazares\\\/#breadcrumb\"},\"inLanguage\":\"es\",\"potentialAction\":[{\"@type\":\"ReadAction\",\"target\":[\"https:\\\/\\\/canal7slp.tv\\\/2019\\\/gobierno-de-a-pie-llevara-nuevas-luminarias-a-colonia-los-salazares\\\/\"]}]},{\"@type\":\"ImageObject\",\"inLanguage\":\"es\",\"@id\":\"https:\\\/\\\/canal7slp.tv\\\/2019\\\/gobierno-de-a-pie-llevara-nuevas-luminarias-a-colonia-los-salazares\\\/#primaryimage\",\"url\":\"https:\\\/\\\/canal7slp.tv\\\/2019\\\/wp-content\\\/uploads\\\/2019\\\/05\\\/ayu16.jpg\",\"contentUrl\":\"https:\\\/\\\/canal7slp.tv\\\/2019\\\/wp-content\\\/uploads\\\/2019\\\/05\\\/ayu16.jpg\",\"width\":614,\"height\":410},{\"@type\":\"BreadcrumbList\",\"@id\":\"https:\\\/\\\/canal7slp.tv\\\/2019\\\/gobierno-de-a-pie-llevara-nuevas-luminarias-a-colonia-los-salazares\\\/#breadcrumb\",\"itemListElement\":[{\"@type\":\"ListItem\",\"position\":1,\"name\":\"Home\",\"item\":\"https:\\\/\\\/canal7slp.tv\\\/2019\\\/\"},{\"@type\":\"ListItem\",\"position\":2,\"name\":\"Gobierno de a Pie llevar\u00e1 nuevas luminarias a Colonia los Salazares.\"}]},{\"@type\":\"WebSite\",\"@id\":\"https:\\\/\\\/canal7slp.tv\\\/2019\\\/#website\",\"url\":\"https:\\\/\\\/canal7slp.tv\\\/2019\\\/\",\"name\":\"Canal 7 SLP - Somos TV\",\"description\":\"Somos un Canal de 10\",\"publisher\":{\"@id\":\"https:\\\/\\\/canal7slp.tv\\\/2019\\\/#organization\"},\"potentialAction\":[{\"@type\":\"SearchAction\",\"target\":{\"@type\":\"EntryPoint\",\"urlTemplate\":\"https:\\\/\\\/canal7slp.tv\\\/2019\\\/?s={search_term_string}\"},\"query-input\":{\"@type\":\"PropertyValueSpecification\",\"valueRequired\":true,\"valueName\":\"search_term_string\"}}],\"inLanguage\":\"es\"},{\"@type\":\"Organization\",\"@id\":\"https:\\\/\\\/canal7slp.tv\\\/2019\\\/#organization\",\"name\":\"Comunicaci\u00f3n 2000 S.A. de C.V.\",\"url\":\"https:\\\/\\\/canal7slp.tv\\\/2019\\\/\",\"logo\":{\"@type\":\"ImageObject\",\"inLanguage\":\"es\",\"@id\":\"https:\\\/\\\/canal7slp.tv\\\/2019\\\/#\\\/schema\\\/logo\\\/image\\\/\",\"url\":\"https:\\\/\\\/canal7slp.tv\\\/2019\\\/wp-content\\\/uploads\\\/2019\\\/07\\\/logo-c7.png\",\"contentUrl\":\"https:\\\/\\\/canal7slp.tv\\\/2019\\\/wp-content\\\/uploads\\\/2019\\\/07\\\/logo-c7.png\",\"width\":220,\"height\":60,\"caption\":\"Comunicaci\u00f3n 2000 S.A. de C.V.\"},\"image\":{\"@id\":\"https:\\\/\\\/canal7slp.tv\\\/2019\\\/#\\\/schema\\\/logo\\\/image\\\/\"},\"sameAs\":[\"https:\\\/\\\/www.facebook.com\\\/CANAL7SLP\\\/\",\"https:\\\/\\\/x.com\\\/canal7_slp\",\"https:\\\/\\\/www.instagram.com\\\/canal7_slp\",\"https:\\\/\\\/www.youtube.com\\\/user\\\/NOTICIEROSCANAL7SLP\\\/\"]},{\"@type\":\"Person\",\"@id\":\"\"}]}<\/script>\n<!-- \/ Yoast SEO plugin. -->","yoast_head_json":{"title":"Gobierno de a Pie llevar\u00e1 nuevas luminarias a Colonia los Salazares. - Canal 7 SLP - 2019","robots":{"index":"index","follow":"follow","max-snippet":"max-snippet:-1","max-image-preview":"max-image-preview:large","max-video-preview":"max-video-preview:-1"},"canonical":"https:\/\/canal7slp.tv\/2019\/gobierno-de-a-pie-llevara-nuevas-luminarias-a-colonia-los-salazares\/","og_locale":"es_ES","og_type":"article","og_title":"Gobierno de a Pie llevar\u00e1 nuevas luminarias a Colonia los Salazares. - Canal 7 SLP - 2019","og_description":"[ad_1] SLP.- El Alcalde Capitalino Xavier Nava Palacios adelant\u00f3 que a fin de evitar que los habitantes de la Av. Los Salazares contin\u00faen transitando en penumbras y de forma insegura, se colocar\u00e1n\u00a0 nuevas luminarias. Ante decenas de habitantes de Los Salazares del Programa Gobierno de a Pie, el jefe del Gobierno Capitalino Xavier Nava Palacios, [&hellip;]","og_url":"https:\/\/canal7slp.tv\/2019\/gobierno-de-a-pie-llevara-nuevas-luminarias-a-colonia-los-salazares\/","og_site_name":"Canal 7 SLP - 2019","article_publisher":"https:\/\/www.facebook.com\/CANAL7SLP\/","article_published_time":"2019-05-31T16:27:27+00:00","og_image":[{"width":614,"height":410,"url":"https:\/\/canal7slp.tv\/2019\/wp-content\/uploads\/2019\/05\/ayu16.jpg","type":"image\/jpeg"}],"twitter_card":"summary_large_image","twitter_creator":"@canal7_slp","twitter_site":"@canal7_slp","twitter_misc":{"Escrito por":"","Tiempo de lectura":"2 minutos"},"schema":{"@context":"https:\/\/schema.org","@graph":[{"@type":"Article","@id":"https:\/\/canal7slp.tv\/2019\/gobierno-de-a-pie-llevara-nuevas-luminarias-a-colonia-los-salazares\/#article","isPartOf":{"@id":"https:\/\/canal7slp.tv\/2019\/gobierno-de-a-pie-llevara-nuevas-luminarias-a-colonia-los-salazares\/"},"author":{"name":"","@id":""},"headline":"Gobierno de a Pie llevar\u00e1 nuevas luminarias a Colonia los Salazares.","datePublished":"2019-05-31T16:27:27+00:00","mainEntityOfPage":{"@id":"https:\/\/canal7slp.tv\/2019\/gobierno-de-a-pie-llevara-nuevas-luminarias-a-colonia-los-salazares\/"},"wordCount":411,"commentCount":0,"publisher":{"@id":"https:\/\/canal7slp.tv\/2019\/#organization"},"image":{"@id":"https:\/\/canal7slp.tv\/2019\/gobierno-de-a-pie-llevara-nuevas-luminarias-a-colonia-los-salazares\/#primaryimage"},"thumbnailUrl":"https:\/\/canal7slp.tv\/2019\/wp-content\/uploads\/2019\/05\/ayu16.jpg","articleSection":["LOCALES Y REGIONALES"],"inLanguage":"es","potentialAction":[{"@type":"CommentAction","name":"Comment","target":["https:\/\/canal7slp.tv\/2019\/gobierno-de-a-pie-llevara-nuevas-luminarias-a-colonia-los-salazares\/#respond"]}]},{"@type":"WebPage","@id":"https:\/\/canal7slp.tv\/2019\/gobierno-de-a-pie-llevara-nuevas-luminarias-a-colonia-los-salazares\/","url":"https:\/\/canal7slp.tv\/2019\/gobierno-de-a-pie-llevara-nuevas-luminarias-a-colonia-los-salazares\/","name":"Gobierno de a Pie llevar\u00e1 nuevas luminarias a Colonia los Salazares. - Canal 7 SLP - 2019","isPartOf":{"@id":"https:\/\/canal7slp.tv\/2019\/#website"},"primaryImageOfPage":{"@id":"https:\/\/canal7slp.tv\/2019\/gobierno-de-a-pie-llevara-nuevas-luminarias-a-colonia-los-salazares\/#primaryimage"},"image":{"@id":"https:\/\/canal7slp.tv\/2019\/gobierno-de-a-pie-llevara-nuevas-luminarias-a-colonia-los-salazares\/#primaryimage"},"thumbnailUrl":"https:\/\/canal7slp.tv\/2019\/wp-content\/uploads\/2019\/05\/ayu16.jpg","datePublished":"2019-05-31T16:27:27+00:00","breadcrumb":{"@id":"https:\/\/canal7slp.tv\/2019\/gobierno-de-a-pie-llevara-nuevas-luminarias-a-colonia-los-salazares\/#breadcrumb"},"inLanguage":"es","potentialAction":[{"@type":"ReadAction","target":["https:\/\/canal7slp.tv\/2019\/gobierno-de-a-pie-llevara-nuevas-luminarias-a-colonia-los-salazares\/"]}]},{"@type":"ImageObject","inLanguage":"es","@id":"https:\/\/canal7slp.tv\/2019\/gobierno-de-a-pie-llevara-nuevas-luminarias-a-colonia-los-salazares\/#primaryimage","url":"https:\/\/canal7slp.tv\/2019\/wp-content\/uploads\/2019\/05\/ayu16.jpg","contentUrl":"https:\/\/canal7slp.tv\/2019\/wp-content\/uploads\/2019\/05\/ayu16.jpg","width":614,"height":410},{"@type":"BreadcrumbList","@id":"https:\/\/canal7slp.tv\/2019\/gobierno-de-a-pie-llevara-nuevas-luminarias-a-colonia-los-salazares\/#breadcrumb","itemListElement":[{"@type":"ListItem","position":1,"name":"Home","item":"https:\/\/canal7slp.tv\/2019\/"},{"@type":"ListItem","position":2,"name":"Gobierno de a Pie llevar\u00e1 nuevas luminarias a Colonia los Salazares."}]},{"@type":"WebSite","@id":"https:\/\/canal7slp.tv\/2019\/#website","url":"https:\/\/canal7slp.tv\/2019\/","name":"Canal 7 SLP - Somos TV","description":"Somos un Canal de 10","publisher":{"@id":"https:\/\/canal7slp.tv\/2019\/#organization"},"potentialAction":[{"@type":"SearchAction","target":{"@type":"EntryPoint","urlTemplate":"https:\/\/canal7slp.tv\/2019\/?s={search_term_string}"},"query-input":{"@type":"PropertyValueSpecification","valueRequired":true,"valueName":"search_term_string"}}],"inLanguage":"es"},{"@type":"Organization","@id":"https:\/\/canal7slp.tv\/2019\/#organization","name":"Comunicaci\u00f3n 2000 S.A. de C.V.","url":"https:\/\/canal7slp.tv\/2019\/","logo":{"@type":"ImageObject","inLanguage":"es","@id":"https:\/\/canal7slp.tv\/2019\/#\/schema\/logo\/image\/","url":"https:\/\/canal7slp.tv\/2019\/wp-content\/uploads\/2019\/07\/logo-c7.png","contentUrl":"https:\/\/canal7slp.tv\/2019\/wp-content\/uploads\/2019\/07\/logo-c7.png","width":220,"height":60,"caption":"Comunicaci\u00f3n 2000 S.A. de C.V."},"image":{"@id":"https:\/\/canal7slp.tv\/2019\/#\/schema\/logo\/image\/"},"sameAs":["https:\/\/www.facebook.com\/CANAL7SLP\/","https:\/\/x.com\/canal7_slp","https:\/\/www.instagram.com\/canal7_slp","https:\/\/www.youtube.com\/user\/NOTICIEROSCANAL7SLP\/"]},{"@type":"Person","@id":""}]}},"amp_enabled":true,"cmb2":{"video_ids_in_playlist":{"vid_p_videos":""},"video_ids_in_channel":{"vid_c_videos":""},"playlist_ids_in_channel":{"vid_c_playlists":""},"series_ids_in_channel":{"vid_c_series":""},"channel_images":{"vid_c_logo":"","vid_c_banner":""},"poster_feature_image":{"vid_m_poster_image":""},"gif_feature_image":{"vid_m_gif_image":""},"video_movie_settings":{"vid_m_director":"","vid_m_actor":"","vid_m_imdb_ratings":"","vid_m_amazon_associates":""},"vid_youtube_broadcasts_settings":{"vid_yb_broadcast_title":"","vid_yb_q":"","vid_yb_channelid":"","vid_yb_videocategoryid":"","vid_yb_maxresults":"","vid_yb_order":"","vid_yb_regioncode":"","vid_yb_videosyndicated":"","vid_yb_style":"","vid_yb_reload_first":""},"video_series_settings":{"vid_m_director":"","vid_m_actor":"","vid_m_imdb_ratings":"","video_series_group":""},"amazon_associates_settings":{"amazon_associates":"","amazon_native_ad":""},"vid_youtube_automatic_settings":{"vid_ya_youtube_source":"","vid_ya_update_every":"","vid_ya_update_unit":"","vid_ya_categories":"","vid_ya_published_after":"","vid_ya_published_before":"","vid_ya_playlists":"","vid_ya_channels":"","vid_ya_director":"","vid_ya_actor":"","vid_ya_author":"","vid_ya_import_post_date":"","vid_ya_status":"","vid_ya_sub_api_key":""},"vid_ads_m_videoads_settings_post":{"vid_ads_m_video_ads":"","vid_ads_m_video_ads_type":"","vid_ads_m_group_google_ima":"","vid_ads_m_group_image":"","vid_ads_m_group_html5_video":"","vid_ads_m_group_html":"","vid_ads_m_vast_preroll":"","vid_ads_m_vast_postroll":"","vid_ads_m_vast_pauseroll":"","vid_ads_m_vast_midroll":"","vid_ads_m_time_to_show_ads":"","vid_ads_m_time_skip_ads":"","vid_ads_m_time_to_hide_ads":""},"page_slider_settings":{"display_slider_group":"","page_slider_group":""},"blog_page_settings":{"blog_page_title":"","blog_page_heading":"","blog_page_ic":"","blog_page_it":"","blog_page_ec":"","blog_page_ip":"","archive_loop_style":"","blog_image_ratio":"","blog_show_categories":"","blog_show_excerpt":"","blog_show_author":"","blog_show_date":"","blog_show_comment_count":"","blog_show_view_count":"","blog_show_like_count":"","blog_show_dislike_count":"","blog_items_per_page":"","blog_pag_type":""},"page_options":{"get_page_template":"","color_mode":"","main_layout":"","main_layout_full_with":"","main_logo":"","main_logo_retina":"","main_logo_mobile":"","main_logo_mobile_retina":"","sticky_logo":"","sticky_logo_retina":"","main_nav_layout":"","ajax_search":"","header_background":"","theme_sidebar":"","instagram_feed":"","instagram_feed_position":"","popular_videos":"","popular_videos_title_1":"","popular_videos_title_2":"","popular_videos_ic":"","popular_videos_it":"","theme_background":"","page_custom_css":""},"feature_image_settings":{"feature_image_position":""},"video_player_settings":{"single_video_style":"","video_player_position":"","vm_video_url":"","video_player_library":"","video_streaming":"","vm_media_sources":"","vid_auto_play":"","vm_video_shortcode":"","vid_p_sync_playlist":"","vid_c_sync_channel":"","get_post_format":"","multiple_links_structure":"","multi_links_title":"","vm_video_multi_links":"","vm_duration":"","vid_social_locker":"","vid_social_locker_id":"","vid_membership_action":"","vm_video_trailer_url":"","vid_download_type":"","vid_download_target":"","vid_woo_product":"","vm_media_download":"","user_rating":"","user_rating_position":"","user_rating_mode":"","user_rating_multi_sets":""},"video_auto_fetch_settings":{"vm_video_fetch":""},"video_fake_views_likes":{"vm_fake_views":"","vm_fake_likes":"","vm_fake_dislikes":""},"gallery_settings":{"gallery_position":""},"quote_settings":{"quote_position":""},"post_options":{"main_layout":"","main_logo":"","main_logo_retina":"","main_logo_mobile":"","main_logo_mobile_retina":"","sticky_logo":"","sticky_logo_retina":"","main_nav_layout":"","header_background":"","theme_sidebar":"","single_post_comment_type":"","theme_background":""}},"_links":{"self":[{"href":"https:\/\/canal7slp.tv\/2019\/wp-json\/wp\/v2\/posts\/5247","targetHints":{"allow":["GET"]}}],"collection":[{"href":"https:\/\/canal7slp.tv\/2019\/wp-json\/wp\/v2\/posts"}],"about":[{"href":"https:\/\/canal7slp.tv\/2019\/wp-json\/wp\/v2\/types\/post"}],"author":[{"embeddable":true,"href":"https:\/\/canal7slp.tv\/2019\/wp-json\/wp\/v2\/users\/1"}],"replies":[{"embeddable":true,"href":"https:\/\/canal7slp.tv\/2019\/wp-json\/wp\/v2\/comments?post=5247"}],"version-history":[{"count":0,"href":"https:\/\/canal7slp.tv\/2019\/wp-json\/wp\/v2\/posts\/5247\/revisions"}],"wp:featuredmedia":[{"embeddable":true,"href":"https:\/\/canal7slp.tv\/2019\/wp-json\/wp\/v2\/media\/5248"}],"wp:attachment":[{"href":"https:\/\/canal7slp.tv\/2019\/wp-json\/wp\/v2\/media?parent=5247"}],"wp:term":[{"taxonomy":"category","embeddable":true,"href":"https:\/\/canal7slp.tv\/2019\/wp-json\/wp\/v2\/categories?post=5247"},{"taxonomy":"post_tag","embeddable":true,"href":"https:\/\/canal7slp.tv\/2019\/wp-json\/wp\/v2\/tags?post=5247"}],"curies":[{"name":"wp","href":"https:\/\/api.w.org\/{rel}","templated":true}]}}