{"id":5217,"date":"2019-05-30T23:00:10","date_gmt":"2019-05-31T04:00:10","guid":{"rendered":"https:\/\/canal7slp.tv\/2019\/inicia-ultima-oportunidad-para-atletas-hacia-lima-2019\/"},"modified":"2019-05-30T23:00:10","modified_gmt":"2019-05-31T04:00:10","slug":"inicia-ultima-oportunidad-para-atletas-hacia-lima-2019","status":"publish","type":"post","link":"https:\/\/canal7slp.tv\/2019\/inicia-ultima-oportunidad-para-atletas-hacia-lima-2019\/","title":{"rendered":"Inicia \u00faltima oportunidad para atletas hacia Lima 2019"},"content":{"rendered":"<p> [ad_1]<br \/>\n<\/p>\n<div class=\"pf-content\">\n<p style=\"text-align: justify\">M\u00e9xico.- El Campeonato Nacional Abierto de Atletismo, programado para de este viernes a domingo en la ciudad de Chihuahua, ser\u00e1 la \u00faltima oportunidad para los competidores que tratan quedar seleccionados en definitiva para los Juegos Panamericanos Lima 2019.<\/p>\n<p style=\"text-align: justify\">Hasta hoy han dado marca calificatoria a la justa continental \u00darsula Patricia S\u00e1nchez Garc\u00eda (en mil 500 metros con 4:20.20 minutos; cinco mil metros con 16:01.12; y 10 mil metros con 33:00.33); Brenda Flores (mil 500 metros con 4:19.99 minutos y cinco mil con 15:39.96).<\/p>\n<p style=\"text-align: justify\">Tambi\u00e9n Laura Esther Galv\u00e1n (en mil 500 metros con 3:20.69 minutos y cinco mil con 16:15.29), Paola Mor\u00e1n (400 metros con 52.14 segundos), Alma Delia Cort\u00e9s (mil 500 metros 4:20.59), Estefan\u00eda Paredes (en cinco mil metros con 16:16.41).<\/p>\n<p style=\"text-align: justify\">En cinco mil metros aparecen Gabriela Eleno Hern\u00e1ndez (16:18.62), Andrea Soraya Ram\u00edrez (16:19.65) y Sandra L\u00f3pez Reyes (16:23.48).<\/p>\n<p style=\"text-align: justify\">Jes\u00fas Tonatiu (en 800 metros con 1:46.39 minutos), Jorge Arturo Montes (misma distancia con 1:46.63), Carlos Villarreal (mil 500 con 3:37.22), Jos\u00e9 Juan Esparza (cinco mil metros con 13:43.50) y Fernando Daniel Mart\u00ednez (misma distancia con 13:47.28).<\/p>\n<p style=\"text-align: justify\">Roberto Vilchis y Edgar Rivera (ambos en salto de altura con la misma marca de dos metros y 27 cent\u00edmetros), Uziel Mu\u00f1oz (lanzamiento de bala con 20.20 metros), Antonio Roberto Ruiz (garrocha con 5.53 metros), Diego del Real (martillo con 75.65 metros) y Jos\u00e9 Manuel Padilla (misma prueba con 71.64).<\/p>\n<p style=\"text-align: justify\">Tambi\u00e9n est\u00e1n los maratonistas Mada\u00ed Perez, Margarita Hern\u00e1ndez, Juan Joel Pacheco y Jos\u00e9 Luis Santana; los andarines Rebeca Pamela e Ilse Ariadna Guerrero, Carlos S\u00e1nchez y Andr\u00e9s Olivas (en 20 kil\u00f3metros), as\u00ed como Isaac Palma y Horacio Nava (en 50 kil\u00f3metros), pero ellos, obviamente, no van a participar en Chihuahua.<\/p>\n<p style=\"text-align: justify\">A su vez, Juan Luis Barrios desisti\u00f3 participar en los 100 mil metros en este Campeonato Nacional, por lo cual qued\u00f3 descartado para Lima 2019; mientras que en la prueba de marat\u00f3n pidi\u00f3 quedar fuera de la selecci\u00f3n para la justa continental.<\/p>\n<p style=\"text-align: justify\">Antonio Lozano, presidente de la Federaci\u00f3n Mexicana de Asociaciones de Atletismo (FMAA), explic\u00f3 que los triunfadores en Chihuahua en 10 mil metros, mil 500 y 800 varones calificar\u00e1n directo a Lima 2019; mientras que\u00a0 el segundo lugar lo ser\u00e1 si supera la marca pedida de 29:00.00 minutos, 3:43.00 y 1:47:00, en ese orden.<\/p>\n<p style=\"text-align: justify\">Este procedimiento tambi\u00e9n ser\u00e1 en damas en 10 mil metros y tres mil metros con obst\u00e1culos, donde los registros pedidos son de 33:10.00 minutos y 9:59.00, cada uno.<\/p>\n<p style=\"text-align: justify\">La referencia es que en esas pruebas fue donde el atletismo mexicano gan\u00f3 medalla de oro en los Juegos Centroamericanos y del Caribe Barranquilla 2018, y \u00darsula Patricia S\u00e1nchez fue una de las que subi\u00f3 a lo m\u00e1s alto del podio, en la prueba de los 10 mil metros, al igual que Tonatiu L\u00f3pez en los 800 metros.<\/p>\n<p style=\"text-align: justify\">En la pista y campo del Estadio Ol\u00edmpico de la Ciudad Deportiva de Chihuahua estar\u00e1 Diego del Real, cuarto lugar en martillo en los Juegos Ol\u00edmpicos R\u00edo 2016 con marca de 75.65 metros, entre otros destacados en las pruebas de pista y campo.<\/p>\n<\/div>\n<p>La entrada <a rel=\"nofollow\" href=\"http:\/\/canal7slp.com\/inicia-ultima-oportunidad-para-atletas-hacia-lima-2019\/\">Inicia \u00faltima oportunidad para atletas hacia Lima 2019<\/a> aparece primero en <a rel=\"nofollow\" href=\"http:\/\/canal7slp.com\">Canal Siete XHSLV | Televisi\u00f3n de San Luis Potos\u00ed<\/a>.<\/p>\n<p>[ad_2]<\/p>\n","protected":false},"excerpt":{"rendered":"<p>[ad_1] M\u00e9xico.- El Campeonato Nacional Abierto de Atletismo, programado para de este viernes a domingo en la ciudad de Chihuahua, ser\u00e1 la \u00faltima oportunidad para los competidores que tratan quedar seleccionados en definitiva para los Juegos Panamericanos Lima 2019. Hasta hoy han dado marca calificatoria a la justa continental \u00darsula Patricia S\u00e1nchez Garc\u00eda (en mil [&hellip;]<\/p>\n","protected":false},"author":2,"featured_media":5218,"comment_status":"open","ping_status":"open","sticky":false,"template":"","format":"standard","meta":{"footnotes":""},"categories":[96],"tags":[],"class_list":["post-5217","post","type-post","status-publish","format-standard","has-post-thumbnail","hentry","category-deportes"],"yoast_head":"<!-- This site is optimized with the Yoast SEO plugin v27.5 - https:\/\/yoast.com\/product\/yoast-seo-wordpress\/ -->\n<title>Inicia \u00faltima oportunidad para atletas hacia Lima 2019 - Canal 7 SLP - 2019<\/title>\n<meta name=\"robots\" content=\"index, follow, max-snippet:-1, max-image-preview:large, max-video-preview:-1\" \/>\n<link rel=\"canonical\" href=\"https:\/\/canal7slp.tv\/2019\/inicia-ultima-oportunidad-para-atletas-hacia-lima-2019\/\" \/>\n<meta property=\"og:locale\" content=\"es_ES\" \/>\n<meta property=\"og:type\" content=\"article\" \/>\n<meta property=\"og:title\" content=\"Inicia \u00faltima oportunidad para atletas hacia Lima 2019 - Canal 7 SLP - 2019\" \/>\n<meta property=\"og:description\" content=\"[ad_1] M\u00e9xico.- El Campeonato Nacional Abierto de Atletismo, programado para de este viernes a domingo en la ciudad de Chihuahua, ser\u00e1 la \u00faltima oportunidad para los competidores que tratan quedar seleccionados en definitiva para los Juegos Panamericanos Lima 2019. Hasta hoy han dado marca calificatoria a la justa continental \u00darsula Patricia S\u00e1nchez Garc\u00eda (en mil [&hellip;]\" \/>\n<meta property=\"og:url\" content=\"https:\/\/canal7slp.tv\/2019\/inicia-ultima-oportunidad-para-atletas-hacia-lima-2019\/\" \/>\n<meta property=\"og:site_name\" content=\"Canal 7 SLP - 2019\" \/>\n<meta property=\"article:publisher\" content=\"https:\/\/www.facebook.com\/CANAL7SLP\/\" \/>\n<meta property=\"article:published_time\" content=\"2019-05-31T04:00:10+00:00\" \/>\n<meta property=\"og:image\" content=\"https:\/\/canal7slp.tv\/2019\/wp-content\/uploads\/2019\/05\/1325.jpg\" \/>\n\t<meta property=\"og:image:width\" content=\"699\" \/>\n\t<meta property=\"og:image:height\" content=\"410\" \/>\n\t<meta property=\"og:image:type\" content=\"image\/jpeg\" \/>\n<meta name=\"author\" content=\"edicionweb\" \/>\n<meta name=\"twitter:card\" content=\"summary_large_image\" \/>\n<meta name=\"twitter:creator\" content=\"@canal7_slp\" \/>\n<meta name=\"twitter:site\" content=\"@canal7_slp\" \/>\n<meta name=\"twitter:label1\" content=\"Escrito por\" \/>\n\t<meta name=\"twitter:data1\" content=\"edicionweb\" \/>\n\t<meta name=\"twitter:label2\" content=\"Tiempo de lectura\" \/>\n\t<meta name=\"twitter:data2\" content=\"3 minutos\" \/>\n<script type=\"application\/ld+json\" class=\"yoast-schema-graph\">{\"@context\":\"https:\\\/\\\/schema.org\",\"@graph\":[{\"@type\":\"Article\",\"@id\":\"https:\\\/\\\/canal7slp.tv\\\/2019\\\/inicia-ultima-oportunidad-para-atletas-hacia-lima-2019\\\/#article\",\"isPartOf\":{\"@id\":\"https:\\\/\\\/canal7slp.tv\\\/2019\\\/inicia-ultima-oportunidad-para-atletas-hacia-lima-2019\\\/\"},\"author\":{\"name\":\"edicionweb\",\"@id\":\"https:\\\/\\\/canal7slp.tv\\\/2019\\\/#\\\/schema\\\/person\\\/11d941c1c6ca30ac0a46b95fa37aa2e3\"},\"headline\":\"Inicia \u00faltima oportunidad para atletas hacia Lima 2019\",\"datePublished\":\"2019-05-31T04:00:10+00:00\",\"mainEntityOfPage\":{\"@id\":\"https:\\\/\\\/canal7slp.tv\\\/2019\\\/inicia-ultima-oportunidad-para-atletas-hacia-lima-2019\\\/\"},\"wordCount\":514,\"commentCount\":0,\"publisher\":{\"@id\":\"https:\\\/\\\/canal7slp.tv\\\/2019\\\/#organization\"},\"image\":{\"@id\":\"https:\\\/\\\/canal7slp.tv\\\/2019\\\/inicia-ultima-oportunidad-para-atletas-hacia-lima-2019\\\/#primaryimage\"},\"thumbnailUrl\":\"https:\\\/\\\/canal7slp.tv\\\/2019\\\/wp-content\\\/uploads\\\/2019\\\/05\\\/1325.jpg\",\"articleSection\":[\"DEPORTES\"],\"inLanguage\":\"es\",\"potentialAction\":[{\"@type\":\"CommentAction\",\"name\":\"Comment\",\"target\":[\"https:\\\/\\\/canal7slp.tv\\\/2019\\\/inicia-ultima-oportunidad-para-atletas-hacia-lima-2019\\\/#respond\"]}]},{\"@type\":\"WebPage\",\"@id\":\"https:\\\/\\\/canal7slp.tv\\\/2019\\\/inicia-ultima-oportunidad-para-atletas-hacia-lima-2019\\\/\",\"url\":\"https:\\\/\\\/canal7slp.tv\\\/2019\\\/inicia-ultima-oportunidad-para-atletas-hacia-lima-2019\\\/\",\"name\":\"Inicia \u00faltima oportunidad para atletas hacia Lima 2019 - Canal 7 SLP - 2019\",\"isPartOf\":{\"@id\":\"https:\\\/\\\/canal7slp.tv\\\/2019\\\/#website\"},\"primaryImageOfPage\":{\"@id\":\"https:\\\/\\\/canal7slp.tv\\\/2019\\\/inicia-ultima-oportunidad-para-atletas-hacia-lima-2019\\\/#primaryimage\"},\"image\":{\"@id\":\"https:\\\/\\\/canal7slp.tv\\\/2019\\\/inicia-ultima-oportunidad-para-atletas-hacia-lima-2019\\\/#primaryimage\"},\"thumbnailUrl\":\"https:\\\/\\\/canal7slp.tv\\\/2019\\\/wp-content\\\/uploads\\\/2019\\\/05\\\/1325.jpg\",\"datePublished\":\"2019-05-31T04:00:10+00:00\",\"breadcrumb\":{\"@id\":\"https:\\\/\\\/canal7slp.tv\\\/2019\\\/inicia-ultima-oportunidad-para-atletas-hacia-lima-2019\\\/#breadcrumb\"},\"inLanguage\":\"es\",\"potentialAction\":[{\"@type\":\"ReadAction\",\"target\":[\"https:\\\/\\\/canal7slp.tv\\\/2019\\\/inicia-ultima-oportunidad-para-atletas-hacia-lima-2019\\\/\"]}]},{\"@type\":\"ImageObject\",\"inLanguage\":\"es\",\"@id\":\"https:\\\/\\\/canal7slp.tv\\\/2019\\\/inicia-ultima-oportunidad-para-atletas-hacia-lima-2019\\\/#primaryimage\",\"url\":\"https:\\\/\\\/canal7slp.tv\\\/2019\\\/wp-content\\\/uploads\\\/2019\\\/05\\\/1325.jpg\",\"contentUrl\":\"https:\\\/\\\/canal7slp.tv\\\/2019\\\/wp-content\\\/uploads\\\/2019\\\/05\\\/1325.jpg\",\"width\":699,\"height\":410},{\"@type\":\"BreadcrumbList\",\"@id\":\"https:\\\/\\\/canal7slp.tv\\\/2019\\\/inicia-ultima-oportunidad-para-atletas-hacia-lima-2019\\\/#breadcrumb\",\"itemListElement\":[{\"@type\":\"ListItem\",\"position\":1,\"name\":\"Home\",\"item\":\"https:\\\/\\\/canal7slp.tv\\\/2019\\\/\"},{\"@type\":\"ListItem\",\"position\":2,\"name\":\"Inicia \u00faltima oportunidad para atletas hacia Lima 2019\"}]},{\"@type\":\"WebSite\",\"@id\":\"https:\\\/\\\/canal7slp.tv\\\/2019\\\/#website\",\"url\":\"https:\\\/\\\/canal7slp.tv\\\/2019\\\/\",\"name\":\"Canal 7 SLP - Somos TV\",\"description\":\"Somos un Canal de 10\",\"publisher\":{\"@id\":\"https:\\\/\\\/canal7slp.tv\\\/2019\\\/#organization\"},\"potentialAction\":[{\"@type\":\"SearchAction\",\"target\":{\"@type\":\"EntryPoint\",\"urlTemplate\":\"https:\\\/\\\/canal7slp.tv\\\/2019\\\/?s={search_term_string}\"},\"query-input\":{\"@type\":\"PropertyValueSpecification\",\"valueRequired\":true,\"valueName\":\"search_term_string\"}}],\"inLanguage\":\"es\"},{\"@type\":\"Organization\",\"@id\":\"https:\\\/\\\/canal7slp.tv\\\/2019\\\/#organization\",\"name\":\"Comunicaci\u00f3n 2000 S.A. de C.V.\",\"url\":\"https:\\\/\\\/canal7slp.tv\\\/2019\\\/\",\"logo\":{\"@type\":\"ImageObject\",\"inLanguage\":\"es\",\"@id\":\"https:\\\/\\\/canal7slp.tv\\\/2019\\\/#\\\/schema\\\/logo\\\/image\\\/\",\"url\":\"https:\\\/\\\/canal7slp.tv\\\/2019\\\/wp-content\\\/uploads\\\/2019\\\/07\\\/logo-c7.png\",\"contentUrl\":\"https:\\\/\\\/canal7slp.tv\\\/2019\\\/wp-content\\\/uploads\\\/2019\\\/07\\\/logo-c7.png\",\"width\":220,\"height\":60,\"caption\":\"Comunicaci\u00f3n 2000 S.A. de C.V.\"},\"image\":{\"@id\":\"https:\\\/\\\/canal7slp.tv\\\/2019\\\/#\\\/schema\\\/logo\\\/image\\\/\"},\"sameAs\":[\"https:\\\/\\\/www.facebook.com\\\/CANAL7SLP\\\/\",\"https:\\\/\\\/x.com\\\/canal7_slp\",\"https:\\\/\\\/www.instagram.com\\\/canal7_slp\",\"https:\\\/\\\/www.youtube.com\\\/user\\\/NOTICIEROSCANAL7SLP\\\/\"]},{\"@type\":\"Person\",\"@id\":\"https:\\\/\\\/canal7slp.tv\\\/2019\\\/#\\\/schema\\\/person\\\/11d941c1c6ca30ac0a46b95fa37aa2e3\",\"name\":\"edicionweb\",\"image\":{\"@type\":\"ImageObject\",\"inLanguage\":\"es\",\"@id\":\"https:\\\/\\\/secure.gravatar.com\\\/avatar\\\/eee448fc3f7164808013b816ba91ac7e43bbe82a70bebac296f8bc6f0addaa1a?s=96&d=mm&r=g\",\"url\":\"https:\\\/\\\/secure.gravatar.com\\\/avatar\\\/eee448fc3f7164808013b816ba91ac7e43bbe82a70bebac296f8bc6f0addaa1a?s=96&d=mm&r=g\",\"contentUrl\":\"https:\\\/\\\/secure.gravatar.com\\\/avatar\\\/eee448fc3f7164808013b816ba91ac7e43bbe82a70bebac296f8bc6f0addaa1a?s=96&d=mm&r=g\",\"caption\":\"edicionweb\"}}]}<\/script>\n<!-- \/ Yoast SEO plugin. -->","yoast_head_json":{"title":"Inicia \u00faltima oportunidad para atletas hacia Lima 2019 - Canal 7 SLP - 2019","robots":{"index":"index","follow":"follow","max-snippet":"max-snippet:-1","max-image-preview":"max-image-preview:large","max-video-preview":"max-video-preview:-1"},"canonical":"https:\/\/canal7slp.tv\/2019\/inicia-ultima-oportunidad-para-atletas-hacia-lima-2019\/","og_locale":"es_ES","og_type":"article","og_title":"Inicia \u00faltima oportunidad para atletas hacia Lima 2019 - Canal 7 SLP - 2019","og_description":"[ad_1] M\u00e9xico.- El Campeonato Nacional Abierto de Atletismo, programado para de este viernes a domingo en la ciudad de Chihuahua, ser\u00e1 la \u00faltima oportunidad para los competidores que tratan quedar seleccionados en definitiva para los Juegos Panamericanos Lima 2019. Hasta hoy han dado marca calificatoria a la justa continental \u00darsula Patricia S\u00e1nchez Garc\u00eda (en mil [&hellip;]","og_url":"https:\/\/canal7slp.tv\/2019\/inicia-ultima-oportunidad-para-atletas-hacia-lima-2019\/","og_site_name":"Canal 7 SLP - 2019","article_publisher":"https:\/\/www.facebook.com\/CANAL7SLP\/","article_published_time":"2019-05-31T04:00:10+00:00","og_image":[{"width":699,"height":410,"url":"https:\/\/canal7slp.tv\/2019\/wp-content\/uploads\/2019\/05\/1325.jpg","type":"image\/jpeg"}],"author":"edicionweb","twitter_card":"summary_large_image","twitter_creator":"@canal7_slp","twitter_site":"@canal7_slp","twitter_misc":{"Escrito por":"edicionweb","Tiempo de lectura":"3 minutos"},"schema":{"@context":"https:\/\/schema.org","@graph":[{"@type":"Article","@id":"https:\/\/canal7slp.tv\/2019\/inicia-ultima-oportunidad-para-atletas-hacia-lima-2019\/#article","isPartOf":{"@id":"https:\/\/canal7slp.tv\/2019\/inicia-ultima-oportunidad-para-atletas-hacia-lima-2019\/"},"author":{"name":"edicionweb","@id":"https:\/\/canal7slp.tv\/2019\/#\/schema\/person\/11d941c1c6ca30ac0a46b95fa37aa2e3"},"headline":"Inicia \u00faltima oportunidad para atletas hacia Lima 2019","datePublished":"2019-05-31T04:00:10+00:00","mainEntityOfPage":{"@id":"https:\/\/canal7slp.tv\/2019\/inicia-ultima-oportunidad-para-atletas-hacia-lima-2019\/"},"wordCount":514,"commentCount":0,"publisher":{"@id":"https:\/\/canal7slp.tv\/2019\/#organization"},"image":{"@id":"https:\/\/canal7slp.tv\/2019\/inicia-ultima-oportunidad-para-atletas-hacia-lima-2019\/#primaryimage"},"thumbnailUrl":"https:\/\/canal7slp.tv\/2019\/wp-content\/uploads\/2019\/05\/1325.jpg","articleSection":["DEPORTES"],"inLanguage":"es","potentialAction":[{"@type":"CommentAction","name":"Comment","target":["https:\/\/canal7slp.tv\/2019\/inicia-ultima-oportunidad-para-atletas-hacia-lima-2019\/#respond"]}]},{"@type":"WebPage","@id":"https:\/\/canal7slp.tv\/2019\/inicia-ultima-oportunidad-para-atletas-hacia-lima-2019\/","url":"https:\/\/canal7slp.tv\/2019\/inicia-ultima-oportunidad-para-atletas-hacia-lima-2019\/","name":"Inicia \u00faltima oportunidad para atletas hacia Lima 2019 - Canal 7 SLP - 2019","isPartOf":{"@id":"https:\/\/canal7slp.tv\/2019\/#website"},"primaryImageOfPage":{"@id":"https:\/\/canal7slp.tv\/2019\/inicia-ultima-oportunidad-para-atletas-hacia-lima-2019\/#primaryimage"},"image":{"@id":"https:\/\/canal7slp.tv\/2019\/inicia-ultima-oportunidad-para-atletas-hacia-lima-2019\/#primaryimage"},"thumbnailUrl":"https:\/\/canal7slp.tv\/2019\/wp-content\/uploads\/2019\/05\/1325.jpg","datePublished":"2019-05-31T04:00:10+00:00","breadcrumb":{"@id":"https:\/\/canal7slp.tv\/2019\/inicia-ultima-oportunidad-para-atletas-hacia-lima-2019\/#breadcrumb"},"inLanguage":"es","potentialAction":[{"@type":"ReadAction","target":["https:\/\/canal7slp.tv\/2019\/inicia-ultima-oportunidad-para-atletas-hacia-lima-2019\/"]}]},{"@type":"ImageObject","inLanguage":"es","@id":"https:\/\/canal7slp.tv\/2019\/inicia-ultima-oportunidad-para-atletas-hacia-lima-2019\/#primaryimage","url":"https:\/\/canal7slp.tv\/2019\/wp-content\/uploads\/2019\/05\/1325.jpg","contentUrl":"https:\/\/canal7slp.tv\/2019\/wp-content\/uploads\/2019\/05\/1325.jpg","width":699,"height":410},{"@type":"BreadcrumbList","@id":"https:\/\/canal7slp.tv\/2019\/inicia-ultima-oportunidad-para-atletas-hacia-lima-2019\/#breadcrumb","itemListElement":[{"@type":"ListItem","position":1,"name":"Home","item":"https:\/\/canal7slp.tv\/2019\/"},{"@type":"ListItem","position":2,"name":"Inicia \u00faltima oportunidad para atletas hacia Lima 2019"}]},{"@type":"WebSite","@id":"https:\/\/canal7slp.tv\/2019\/#website","url":"https:\/\/canal7slp.tv\/2019\/","name":"Canal 7 SLP - Somos TV","description":"Somos un Canal de 10","publisher":{"@id":"https:\/\/canal7slp.tv\/2019\/#organization"},"potentialAction":[{"@type":"SearchAction","target":{"@type":"EntryPoint","urlTemplate":"https:\/\/canal7slp.tv\/2019\/?s={search_term_string}"},"query-input":{"@type":"PropertyValueSpecification","valueRequired":true,"valueName":"search_term_string"}}],"inLanguage":"es"},{"@type":"Organization","@id":"https:\/\/canal7slp.tv\/2019\/#organization","name":"Comunicaci\u00f3n 2000 S.A. de C.V.","url":"https:\/\/canal7slp.tv\/2019\/","logo":{"@type":"ImageObject","inLanguage":"es","@id":"https:\/\/canal7slp.tv\/2019\/#\/schema\/logo\/image\/","url":"https:\/\/canal7slp.tv\/2019\/wp-content\/uploads\/2019\/07\/logo-c7.png","contentUrl":"https:\/\/canal7slp.tv\/2019\/wp-content\/uploads\/2019\/07\/logo-c7.png","width":220,"height":60,"caption":"Comunicaci\u00f3n 2000 S.A. de C.V."},"image":{"@id":"https:\/\/canal7slp.tv\/2019\/#\/schema\/logo\/image\/"},"sameAs":["https:\/\/www.facebook.com\/CANAL7SLP\/","https:\/\/x.com\/canal7_slp","https:\/\/www.instagram.com\/canal7_slp","https:\/\/www.youtube.com\/user\/NOTICIEROSCANAL7SLP\/"]},{"@type":"Person","@id":"https:\/\/canal7slp.tv\/2019\/#\/schema\/person\/11d941c1c6ca30ac0a46b95fa37aa2e3","name":"edicionweb","image":{"@type":"ImageObject","inLanguage":"es","@id":"https:\/\/secure.gravatar.com\/avatar\/eee448fc3f7164808013b816ba91ac7e43bbe82a70bebac296f8bc6f0addaa1a?s=96&d=mm&r=g","url":"https:\/\/secure.gravatar.com\/avatar\/eee448fc3f7164808013b816ba91ac7e43bbe82a70bebac296f8bc6f0addaa1a?s=96&d=mm&r=g","contentUrl":"https:\/\/secure.gravatar.com\/avatar\/eee448fc3f7164808013b816ba91ac7e43bbe82a70bebac296f8bc6f0addaa1a?s=96&d=mm&r=g","caption":"edicionweb"}}]}},"amp_enabled":true,"cmb2":{"video_ids_in_playlist":{"vid_p_videos":""},"video_ids_in_channel":{"vid_c_videos":""},"playlist_ids_in_channel":{"vid_c_playlists":""},"series_ids_in_channel":{"vid_c_series":""},"channel_images":{"vid_c_logo":"","vid_c_banner":""},"poster_feature_image":{"vid_m_poster_image":""},"gif_feature_image":{"vid_m_gif_image":""},"video_movie_settings":{"vid_m_director":"","vid_m_actor":"","vid_m_imdb_ratings":"","vid_m_amazon_associates":""},"vid_youtube_broadcasts_settings":{"vid_yb_broadcast_title":"","vid_yb_q":"","vid_yb_channelid":"","vid_yb_videocategoryid":"","vid_yb_maxresults":"","vid_yb_order":"","vid_yb_regioncode":"","vid_yb_videosyndicated":"","vid_yb_style":"","vid_yb_reload_first":""},"video_series_settings":{"vid_m_director":"","vid_m_actor":"","vid_m_imdb_ratings":"","video_series_group":""},"amazon_associates_settings":{"amazon_associates":"","amazon_native_ad":""},"vid_youtube_automatic_settings":{"vid_ya_youtube_source":"","vid_ya_update_every":"","vid_ya_update_unit":"","vid_ya_categories":"","vid_ya_published_after":"","vid_ya_published_before":"","vid_ya_playlists":"","vid_ya_channels":"","vid_ya_director":"","vid_ya_actor":"","vid_ya_author":"","vid_ya_import_post_date":"","vid_ya_status":"","vid_ya_sub_api_key":""},"vid_ads_m_videoads_settings_post":{"vid_ads_m_video_ads":"","vid_ads_m_video_ads_type":"","vid_ads_m_group_google_ima":"","vid_ads_m_group_image":"","vid_ads_m_group_html5_video":"","vid_ads_m_group_html":"","vid_ads_m_vast_preroll":"","vid_ads_m_vast_postroll":"","vid_ads_m_vast_pauseroll":"","vid_ads_m_vast_midroll":"","vid_ads_m_time_to_show_ads":"","vid_ads_m_time_skip_ads":"","vid_ads_m_time_to_hide_ads":""},"page_slider_settings":{"display_slider_group":"","page_slider_group":""},"blog_page_settings":{"blog_page_title":"","blog_page_heading":"","blog_page_ic":"","blog_page_it":"","blog_page_ec":"","blog_page_ip":"","archive_loop_style":"","blog_image_ratio":"","blog_show_categories":"","blog_show_excerpt":"","blog_show_author":"","blog_show_date":"","blog_show_comment_count":"","blog_show_view_count":"","blog_show_like_count":"","blog_show_dislike_count":"","blog_items_per_page":"","blog_pag_type":""},"page_options":{"get_page_template":"","color_mode":"","main_layout":"","main_layout_full_with":"","main_logo":"","main_logo_retina":"","main_logo_mobile":"","main_logo_mobile_retina":"","sticky_logo":"","sticky_logo_retina":"","main_nav_layout":"","ajax_search":"","header_background":"","theme_sidebar":"","instagram_feed":"","instagram_feed_position":"","popular_videos":"","popular_videos_title_1":"","popular_videos_title_2":"","popular_videos_ic":"","popular_videos_it":"","theme_background":"","page_custom_css":""},"feature_image_settings":{"feature_image_position":""},"video_player_settings":{"single_video_style":"","video_player_position":"","vm_video_url":"","video_player_library":"","video_streaming":"","vm_media_sources":"","vid_auto_play":"","vm_video_shortcode":"","vid_p_sync_playlist":"","vid_c_sync_channel":"","get_post_format":"","multiple_links_structure":"","multi_links_title":"","vm_video_multi_links":"","vm_duration":"","vid_social_locker":"","vid_social_locker_id":"","vid_membership_action":"","vm_video_trailer_url":"","vid_download_type":"","vid_download_target":"","vid_woo_product":"","vm_media_download":"","user_rating":"","user_rating_position":"","user_rating_mode":"","user_rating_multi_sets":""},"video_auto_fetch_settings":{"vm_video_fetch":""},"video_fake_views_likes":{"vm_fake_views":"","vm_fake_likes":"","vm_fake_dislikes":""},"gallery_settings":{"gallery_position":""},"quote_settings":{"quote_position":""},"post_options":{"main_layout":"","main_logo":"","main_logo_retina":"","main_logo_mobile":"","main_logo_mobile_retina":"","sticky_logo":"","sticky_logo_retina":"","main_nav_layout":"","header_background":"","theme_sidebar":"","single_post_comment_type":"","theme_background":""}},"_links":{"self":[{"href":"https:\/\/canal7slp.tv\/2019\/wp-json\/wp\/v2\/posts\/5217","targetHints":{"allow":["GET"]}}],"collection":[{"href":"https:\/\/canal7slp.tv\/2019\/wp-json\/wp\/v2\/posts"}],"about":[{"href":"https:\/\/canal7slp.tv\/2019\/wp-json\/wp\/v2\/types\/post"}],"author":[{"embeddable":true,"href":"https:\/\/canal7slp.tv\/2019\/wp-json\/wp\/v2\/users\/2"}],"replies":[{"embeddable":true,"href":"https:\/\/canal7slp.tv\/2019\/wp-json\/wp\/v2\/comments?post=5217"}],"version-history":[{"count":0,"href":"https:\/\/canal7slp.tv\/2019\/wp-json\/wp\/v2\/posts\/5217\/revisions"}],"wp:featuredmedia":[{"embeddable":true,"href":"https:\/\/canal7slp.tv\/2019\/wp-json\/wp\/v2\/media\/5218"}],"wp:attachment":[{"href":"https:\/\/canal7slp.tv\/2019\/wp-json\/wp\/v2\/media?parent=5217"}],"wp:term":[{"taxonomy":"category","embeddable":true,"href":"https:\/\/canal7slp.tv\/2019\/wp-json\/wp\/v2\/categories?post=5217"},{"taxonomy":"post_tag","embeddable":true,"href":"https:\/\/canal7slp.tv\/2019\/wp-json\/wp\/v2\/tags?post=5217"}],"curies":[{"name":"wp","href":"https:\/\/api.w.org\/{rel}","templated":true}]}}