{"id":52148,"date":"2019-08-20T14:51:20","date_gmt":"2019-08-20T19:51:20","guid":{"rendered":"https:\/\/canal7slp.tv\/2019\/?p=52148"},"modified":"2019-08-20T14:51:20","modified_gmt":"2019-08-20T19:51:20","slug":"tenencia-vehicular-no-debe-regresar-gallardo-cardona","status":"publish","type":"post","link":"https:\/\/canal7slp.tv\/2019\/tenencia-vehicular-no-debe-regresar-gallardo-cardona\/","title":{"rendered":"Tenencia vehicular no debe regresar: Gallardo Cardona"},"content":{"rendered":"<p style=\"text-align: justify\">SLP.- Ricardo Gallardo Cardona se comprometi\u00f3 a no permitir que impuestos como la tenencia vehicular regresen a mermar el bolsillo de los mexicanos.<\/p>\n<p style=\"text-align: justify\">En tal sentido, el legislador federal anunci\u00f3: \u201cTrabajaremos en el presupuesto del 2020 con un sentido de justicia social, con un enfoque puesto en la redistribuci\u00f3n de la riqueza, para que esta llegue a quienes por d\u00e9cadas han vivido en la miseria o la penuria econ\u00f3mica\u201d.<\/p>\n<p style=\"text-align: justify\">Resalt\u00f3 en ese punto la pol\u00edtica federal del presidente Andr\u00e9s Manuel L\u00f3pez Obrador al se\u00f1alar que la columna vertebral del nuevo gobierno es el apoyo directo a la gente, sin intermediarios, y con programas sociales espec\u00edficos.<\/p>\n<p style=\"text-align: justify\">Respecto a las cargas impositivas a los ciudadanos, dijo que son indispensables, pero de antemano descart\u00f3 impuestos lesivos para la econom\u00eda de las familias, al recalcar: \u201cNo es factible para la econom\u00eda de los mexicanos que regrese la tenencia vehicular\u201d.<\/p>\n<p style=\"text-align: justify\">Dijo que su trabajo en la C\u00e1mara de Diputados, junto al bloque de diputados federales independientes que representa, es \u201ctrabajar en el presupuesto del pr\u00f3ximo a\u00f1o para que ning\u00fan impuesto como la tenencia vehicular regrese\u201d.<\/p>\n<p style=\"text-align: justify\">En torno al mismo tema de impuestos, se\u00f1al\u00f3: \u201cLa idea, y es lo que est\u00e1 haciendo el gobierno de AMLO, es que paguen quienes nunca pagaban, que no haya grandes condonaciones de impuestos, y que ya no sea el pueblo trabajador el que al final pagaba los platos rotos\u201d.<\/p>\n<p style=\"text-align: justify\">Sobre el conflicto en Villa de Zaragoza, lament\u00f3 los problemas pol\u00edticos que se viven en ese municipio, donde grupos inconformes mantienen tomada la presidencia municipal, afectando a toda la poblaci\u00f3n.<\/p>\n<p style=\"text-align: justify\">\u201cVemos una desorganizaci\u00f3n total del gobierno municipal, y un gobierno estatal que no ha entrado a apoyarlos, y del gobierno federal tampoco se han hecho presentes nadie\u201d, coment\u00f3.<\/p>\n<p style=\"text-align: justify\">En ese sentido, plante\u00f3: \u201cEs urgente que se den una vuelta a Zaragoza y atienden los problemas que se han generado, la presidencia municipal tiene 15 d\u00edas sin actividades, y obviamente los servicios est\u00e1n parados\u201d.<\/p>\n<p style=\"text-align: justify\">Ah\u00ed, hizo un llamado: \u201cLa gente de Zaragoza est\u00e1 descontenta porque se tienen empleados del Ayuntamiento aparentemente for\u00e1neos, y es un problema al que ya necesita entrarle el Gobierno del Estado, y ojal\u00e1 lo atienda pronto\u201d.<\/p>\n<p style=\"text-align: justify\">Gallardo visit\u00f3 esa demarcaci\u00f3n como parte del distrito que representa en la C\u00e1mara de Diputados, particip\u00f3 en un programa de mochilas y \u00fatiles escolares, y dialog\u00f3 con autoridades municipales y poblaci\u00f3n, a fin de establecer canales de di\u00e1logo para solucionar la inestabilidad que se vive ah\u00ed.<\/p>\n","protected":false},"excerpt":{"rendered":"<p>SLP.- Ricardo Gallardo Cardona se comprometi\u00f3 a no permitir que impuestos como la tenencia vehicular regresen a mermar el bolsillo de los mexicanos. En tal sentido, el legislador federal anunci\u00f3: \u201cTrabajaremos en el presupuesto del 2020 con un sentido de justicia social, con un enfoque puesto en la redistribuci\u00f3n de la riqueza, para que esta [&hellip;]<\/p>\n","protected":false},"author":2,"featured_media":52152,"comment_status":"open","ping_status":"open","sticky":false,"template":"","format":"standard","meta":{"footnotes":""},"categories":[17],"tags":[],"class_list":["post-52148","post","type-post","status-publish","format-standard","has-post-thumbnail","hentry","category-localesyregionales"],"yoast_head":"<!-- This site is optimized with the Yoast SEO plugin v27.5 - https:\/\/yoast.com\/product\/yoast-seo-wordpress\/ -->\n<title>Tenencia vehicular no debe regresar: Gallardo Cardona - Canal 7 SLP - 2019<\/title>\n<meta name=\"robots\" content=\"index, follow, max-snippet:-1, max-image-preview:large, max-video-preview:-1\" \/>\n<link rel=\"canonical\" href=\"https:\/\/canal7slp.tv\/2019\/tenencia-vehicular-no-debe-regresar-gallardo-cardona\/\" \/>\n<meta property=\"og:locale\" content=\"es_ES\" \/>\n<meta property=\"og:type\" content=\"article\" \/>\n<meta property=\"og:title\" content=\"Tenencia vehicular no debe regresar: Gallardo Cardona - Canal 7 SLP - 2019\" \/>\n<meta property=\"og:description\" content=\"SLP.- Ricardo Gallardo Cardona se comprometi\u00f3 a no permitir que impuestos como la tenencia vehicular regresen a mermar el bolsillo de los mexicanos. En tal sentido, el legislador federal anunci\u00f3: \u201cTrabajaremos en el presupuesto del 2020 con un sentido de justicia social, con un enfoque puesto en la redistribuci\u00f3n de la riqueza, para que esta [&hellip;]\" \/>\n<meta property=\"og:url\" content=\"https:\/\/canal7slp.tv\/2019\/tenencia-vehicular-no-debe-regresar-gallardo-cardona\/\" \/>\n<meta property=\"og:site_name\" content=\"Canal 7 SLP - 2019\" \/>\n<meta property=\"article:publisher\" content=\"https:\/\/www.facebook.com\/CANAL7SLP\/\" \/>\n<meta property=\"article:published_time\" content=\"2019-08-20T19:51:20+00:00\" \/>\n<meta property=\"og:image\" content=\"https:\/\/canal7slp.tv\/2019\/wp-content\/uploads\/2019\/08\/zz7-1.jpg\" \/>\n\t<meta property=\"og:image:width\" content=\"778\" \/>\n\t<meta property=\"og:image:height\" content=\"576\" \/>\n\t<meta property=\"og:image:type\" content=\"image\/jpeg\" \/>\n<meta name=\"author\" content=\"edicionweb\" \/>\n<meta name=\"twitter:card\" content=\"summary_large_image\" \/>\n<meta name=\"twitter:creator\" content=\"@canal7_slp\" \/>\n<meta name=\"twitter:site\" content=\"@canal7_slp\" \/>\n<meta name=\"twitter:label1\" content=\"Escrito por\" \/>\n\t<meta name=\"twitter:data1\" content=\"edicionweb\" \/>\n\t<meta name=\"twitter:label2\" content=\"Tiempo de lectura\" \/>\n\t<meta name=\"twitter:data2\" content=\"2 minutos\" \/>\n<script type=\"application\/ld+json\" class=\"yoast-schema-graph\">{\"@context\":\"https:\\\/\\\/schema.org\",\"@graph\":[{\"@type\":\"Article\",\"@id\":\"https:\\\/\\\/canal7slp.tv\\\/2019\\\/tenencia-vehicular-no-debe-regresar-gallardo-cardona\\\/#article\",\"isPartOf\":{\"@id\":\"https:\\\/\\\/canal7slp.tv\\\/2019\\\/tenencia-vehicular-no-debe-regresar-gallardo-cardona\\\/\"},\"author\":{\"name\":\"edicionweb\",\"@id\":\"https:\\\/\\\/canal7slp.tv\\\/2019\\\/#\\\/schema\\\/person\\\/11d941c1c6ca30ac0a46b95fa37aa2e3\"},\"headline\":\"Tenencia vehicular no debe regresar: Gallardo Cardona\",\"datePublished\":\"2019-08-20T19:51:20+00:00\",\"mainEntityOfPage\":{\"@id\":\"https:\\\/\\\/canal7slp.tv\\\/2019\\\/tenencia-vehicular-no-debe-regresar-gallardo-cardona\\\/\"},\"wordCount\":435,\"commentCount\":0,\"publisher\":{\"@id\":\"https:\\\/\\\/canal7slp.tv\\\/2019\\\/#organization\"},\"image\":{\"@id\":\"https:\\\/\\\/canal7slp.tv\\\/2019\\\/tenencia-vehicular-no-debe-regresar-gallardo-cardona\\\/#primaryimage\"},\"thumbnailUrl\":\"https:\\\/\\\/canal7slp.tv\\\/2019\\\/wp-content\\\/uploads\\\/2019\\\/08\\\/zz7-1.jpg\",\"articleSection\":[\"LOCALES Y REGIONALES\"],\"inLanguage\":\"es\",\"potentialAction\":[{\"@type\":\"CommentAction\",\"name\":\"Comment\",\"target\":[\"https:\\\/\\\/canal7slp.tv\\\/2019\\\/tenencia-vehicular-no-debe-regresar-gallardo-cardona\\\/#respond\"]}]},{\"@type\":\"WebPage\",\"@id\":\"https:\\\/\\\/canal7slp.tv\\\/2019\\\/tenencia-vehicular-no-debe-regresar-gallardo-cardona\\\/\",\"url\":\"https:\\\/\\\/canal7slp.tv\\\/2019\\\/tenencia-vehicular-no-debe-regresar-gallardo-cardona\\\/\",\"name\":\"Tenencia vehicular no debe regresar: Gallardo Cardona - Canal 7 SLP - 2019\",\"isPartOf\":{\"@id\":\"https:\\\/\\\/canal7slp.tv\\\/2019\\\/#website\"},\"primaryImageOfPage\":{\"@id\":\"https:\\\/\\\/canal7slp.tv\\\/2019\\\/tenencia-vehicular-no-debe-regresar-gallardo-cardona\\\/#primaryimage\"},\"image\":{\"@id\":\"https:\\\/\\\/canal7slp.tv\\\/2019\\\/tenencia-vehicular-no-debe-regresar-gallardo-cardona\\\/#primaryimage\"},\"thumbnailUrl\":\"https:\\\/\\\/canal7slp.tv\\\/2019\\\/wp-content\\\/uploads\\\/2019\\\/08\\\/zz7-1.jpg\",\"datePublished\":\"2019-08-20T19:51:20+00:00\",\"breadcrumb\":{\"@id\":\"https:\\\/\\\/canal7slp.tv\\\/2019\\\/tenencia-vehicular-no-debe-regresar-gallardo-cardona\\\/#breadcrumb\"},\"inLanguage\":\"es\",\"potentialAction\":[{\"@type\":\"ReadAction\",\"target\":[\"https:\\\/\\\/canal7slp.tv\\\/2019\\\/tenencia-vehicular-no-debe-regresar-gallardo-cardona\\\/\"]}]},{\"@type\":\"ImageObject\",\"inLanguage\":\"es\",\"@id\":\"https:\\\/\\\/canal7slp.tv\\\/2019\\\/tenencia-vehicular-no-debe-regresar-gallardo-cardona\\\/#primaryimage\",\"url\":\"https:\\\/\\\/canal7slp.tv\\\/2019\\\/wp-content\\\/uploads\\\/2019\\\/08\\\/zz7-1.jpg\",\"contentUrl\":\"https:\\\/\\\/canal7slp.tv\\\/2019\\\/wp-content\\\/uploads\\\/2019\\\/08\\\/zz7-1.jpg\",\"width\":778,\"height\":576},{\"@type\":\"BreadcrumbList\",\"@id\":\"https:\\\/\\\/canal7slp.tv\\\/2019\\\/tenencia-vehicular-no-debe-regresar-gallardo-cardona\\\/#breadcrumb\",\"itemListElement\":[{\"@type\":\"ListItem\",\"position\":1,\"name\":\"Home\",\"item\":\"https:\\\/\\\/canal7slp.tv\\\/2019\\\/\"},{\"@type\":\"ListItem\",\"position\":2,\"name\":\"Tenencia vehicular no debe regresar: Gallardo Cardona\"}]},{\"@type\":\"WebSite\",\"@id\":\"https:\\\/\\\/canal7slp.tv\\\/2019\\\/#website\",\"url\":\"https:\\\/\\\/canal7slp.tv\\\/2019\\\/\",\"name\":\"Canal 7 SLP - Somos TV\",\"description\":\"Somos un Canal de 10\",\"publisher\":{\"@id\":\"https:\\\/\\\/canal7slp.tv\\\/2019\\\/#organization\"},\"potentialAction\":[{\"@type\":\"SearchAction\",\"target\":{\"@type\":\"EntryPoint\",\"urlTemplate\":\"https:\\\/\\\/canal7slp.tv\\\/2019\\\/?s={search_term_string}\"},\"query-input\":{\"@type\":\"PropertyValueSpecification\",\"valueRequired\":true,\"valueName\":\"search_term_string\"}}],\"inLanguage\":\"es\"},{\"@type\":\"Organization\",\"@id\":\"https:\\\/\\\/canal7slp.tv\\\/2019\\\/#organization\",\"name\":\"Comunicaci\u00f3n 2000 S.A. de C.V.\",\"url\":\"https:\\\/\\\/canal7slp.tv\\\/2019\\\/\",\"logo\":{\"@type\":\"ImageObject\",\"inLanguage\":\"es\",\"@id\":\"https:\\\/\\\/canal7slp.tv\\\/2019\\\/#\\\/schema\\\/logo\\\/image\\\/\",\"url\":\"https:\\\/\\\/canal7slp.tv\\\/2019\\\/wp-content\\\/uploads\\\/2019\\\/07\\\/logo-c7.png\",\"contentUrl\":\"https:\\\/\\\/canal7slp.tv\\\/2019\\\/wp-content\\\/uploads\\\/2019\\\/07\\\/logo-c7.png\",\"width\":220,\"height\":60,\"caption\":\"Comunicaci\u00f3n 2000 S.A. de C.V.\"},\"image\":{\"@id\":\"https:\\\/\\\/canal7slp.tv\\\/2019\\\/#\\\/schema\\\/logo\\\/image\\\/\"},\"sameAs\":[\"https:\\\/\\\/www.facebook.com\\\/CANAL7SLP\\\/\",\"https:\\\/\\\/x.com\\\/canal7_slp\",\"https:\\\/\\\/www.instagram.com\\\/canal7_slp\",\"https:\\\/\\\/www.youtube.com\\\/user\\\/NOTICIEROSCANAL7SLP\\\/\"]},{\"@type\":\"Person\",\"@id\":\"https:\\\/\\\/canal7slp.tv\\\/2019\\\/#\\\/schema\\\/person\\\/11d941c1c6ca30ac0a46b95fa37aa2e3\",\"name\":\"edicionweb\",\"image\":{\"@type\":\"ImageObject\",\"inLanguage\":\"es\",\"@id\":\"https:\\\/\\\/secure.gravatar.com\\\/avatar\\\/eee448fc3f7164808013b816ba91ac7e43bbe82a70bebac296f8bc6f0addaa1a?s=96&d=mm&r=g\",\"url\":\"https:\\\/\\\/secure.gravatar.com\\\/avatar\\\/eee448fc3f7164808013b816ba91ac7e43bbe82a70bebac296f8bc6f0addaa1a?s=96&d=mm&r=g\",\"contentUrl\":\"https:\\\/\\\/secure.gravatar.com\\\/avatar\\\/eee448fc3f7164808013b816ba91ac7e43bbe82a70bebac296f8bc6f0addaa1a?s=96&d=mm&r=g\",\"caption\":\"edicionweb\"}}]}<\/script>\n<!-- \/ Yoast SEO plugin. -->","yoast_head_json":{"title":"Tenencia vehicular no debe regresar: Gallardo Cardona - Canal 7 SLP - 2019","robots":{"index":"index","follow":"follow","max-snippet":"max-snippet:-1","max-image-preview":"max-image-preview:large","max-video-preview":"max-video-preview:-1"},"canonical":"https:\/\/canal7slp.tv\/2019\/tenencia-vehicular-no-debe-regresar-gallardo-cardona\/","og_locale":"es_ES","og_type":"article","og_title":"Tenencia vehicular no debe regresar: Gallardo Cardona - Canal 7 SLP - 2019","og_description":"SLP.- Ricardo Gallardo Cardona se comprometi\u00f3 a no permitir que impuestos como la tenencia vehicular regresen a mermar el bolsillo de los mexicanos. En tal sentido, el legislador federal anunci\u00f3: \u201cTrabajaremos en el presupuesto del 2020 con un sentido de justicia social, con un enfoque puesto en la redistribuci\u00f3n de la riqueza, para que esta [&hellip;]","og_url":"https:\/\/canal7slp.tv\/2019\/tenencia-vehicular-no-debe-regresar-gallardo-cardona\/","og_site_name":"Canal 7 SLP - 2019","article_publisher":"https:\/\/www.facebook.com\/CANAL7SLP\/","article_published_time":"2019-08-20T19:51:20+00:00","og_image":[{"width":778,"height":576,"url":"https:\/\/canal7slp.tv\/2019\/wp-content\/uploads\/2019\/08\/zz7-1.jpg","type":"image\/jpeg"}],"author":"edicionweb","twitter_card":"summary_large_image","twitter_creator":"@canal7_slp","twitter_site":"@canal7_slp","twitter_misc":{"Escrito por":"edicionweb","Tiempo de lectura":"2 minutos"},"schema":{"@context":"https:\/\/schema.org","@graph":[{"@type":"Article","@id":"https:\/\/canal7slp.tv\/2019\/tenencia-vehicular-no-debe-regresar-gallardo-cardona\/#article","isPartOf":{"@id":"https:\/\/canal7slp.tv\/2019\/tenencia-vehicular-no-debe-regresar-gallardo-cardona\/"},"author":{"name":"edicionweb","@id":"https:\/\/canal7slp.tv\/2019\/#\/schema\/person\/11d941c1c6ca30ac0a46b95fa37aa2e3"},"headline":"Tenencia vehicular no debe regresar: Gallardo Cardona","datePublished":"2019-08-20T19:51:20+00:00","mainEntityOfPage":{"@id":"https:\/\/canal7slp.tv\/2019\/tenencia-vehicular-no-debe-regresar-gallardo-cardona\/"},"wordCount":435,"commentCount":0,"publisher":{"@id":"https:\/\/canal7slp.tv\/2019\/#organization"},"image":{"@id":"https:\/\/canal7slp.tv\/2019\/tenencia-vehicular-no-debe-regresar-gallardo-cardona\/#primaryimage"},"thumbnailUrl":"https:\/\/canal7slp.tv\/2019\/wp-content\/uploads\/2019\/08\/zz7-1.jpg","articleSection":["LOCALES Y REGIONALES"],"inLanguage":"es","potentialAction":[{"@type":"CommentAction","name":"Comment","target":["https:\/\/canal7slp.tv\/2019\/tenencia-vehicular-no-debe-regresar-gallardo-cardona\/#respond"]}]},{"@type":"WebPage","@id":"https:\/\/canal7slp.tv\/2019\/tenencia-vehicular-no-debe-regresar-gallardo-cardona\/","url":"https:\/\/canal7slp.tv\/2019\/tenencia-vehicular-no-debe-regresar-gallardo-cardona\/","name":"Tenencia vehicular no debe regresar: Gallardo Cardona - Canal 7 SLP - 2019","isPartOf":{"@id":"https:\/\/canal7slp.tv\/2019\/#website"},"primaryImageOfPage":{"@id":"https:\/\/canal7slp.tv\/2019\/tenencia-vehicular-no-debe-regresar-gallardo-cardona\/#primaryimage"},"image":{"@id":"https:\/\/canal7slp.tv\/2019\/tenencia-vehicular-no-debe-regresar-gallardo-cardona\/#primaryimage"},"thumbnailUrl":"https:\/\/canal7slp.tv\/2019\/wp-content\/uploads\/2019\/08\/zz7-1.jpg","datePublished":"2019-08-20T19:51:20+00:00","breadcrumb":{"@id":"https:\/\/canal7slp.tv\/2019\/tenencia-vehicular-no-debe-regresar-gallardo-cardona\/#breadcrumb"},"inLanguage":"es","potentialAction":[{"@type":"ReadAction","target":["https:\/\/canal7slp.tv\/2019\/tenencia-vehicular-no-debe-regresar-gallardo-cardona\/"]}]},{"@type":"ImageObject","inLanguage":"es","@id":"https:\/\/canal7slp.tv\/2019\/tenencia-vehicular-no-debe-regresar-gallardo-cardona\/#primaryimage","url":"https:\/\/canal7slp.tv\/2019\/wp-content\/uploads\/2019\/08\/zz7-1.jpg","contentUrl":"https:\/\/canal7slp.tv\/2019\/wp-content\/uploads\/2019\/08\/zz7-1.jpg","width":778,"height":576},{"@type":"BreadcrumbList","@id":"https:\/\/canal7slp.tv\/2019\/tenencia-vehicular-no-debe-regresar-gallardo-cardona\/#breadcrumb","itemListElement":[{"@type":"ListItem","position":1,"name":"Home","item":"https:\/\/canal7slp.tv\/2019\/"},{"@type":"ListItem","position":2,"name":"Tenencia vehicular no debe regresar: Gallardo Cardona"}]},{"@type":"WebSite","@id":"https:\/\/canal7slp.tv\/2019\/#website","url":"https:\/\/canal7slp.tv\/2019\/","name":"Canal 7 SLP - Somos TV","description":"Somos un Canal de 10","publisher":{"@id":"https:\/\/canal7slp.tv\/2019\/#organization"},"potentialAction":[{"@type":"SearchAction","target":{"@type":"EntryPoint","urlTemplate":"https:\/\/canal7slp.tv\/2019\/?s={search_term_string}"},"query-input":{"@type":"PropertyValueSpecification","valueRequired":true,"valueName":"search_term_string"}}],"inLanguage":"es"},{"@type":"Organization","@id":"https:\/\/canal7slp.tv\/2019\/#organization","name":"Comunicaci\u00f3n 2000 S.A. de C.V.","url":"https:\/\/canal7slp.tv\/2019\/","logo":{"@type":"ImageObject","inLanguage":"es","@id":"https:\/\/canal7slp.tv\/2019\/#\/schema\/logo\/image\/","url":"https:\/\/canal7slp.tv\/2019\/wp-content\/uploads\/2019\/07\/logo-c7.png","contentUrl":"https:\/\/canal7slp.tv\/2019\/wp-content\/uploads\/2019\/07\/logo-c7.png","width":220,"height":60,"caption":"Comunicaci\u00f3n 2000 S.A. de C.V."},"image":{"@id":"https:\/\/canal7slp.tv\/2019\/#\/schema\/logo\/image\/"},"sameAs":["https:\/\/www.facebook.com\/CANAL7SLP\/","https:\/\/x.com\/canal7_slp","https:\/\/www.instagram.com\/canal7_slp","https:\/\/www.youtube.com\/user\/NOTICIEROSCANAL7SLP\/"]},{"@type":"Person","@id":"https:\/\/canal7slp.tv\/2019\/#\/schema\/person\/11d941c1c6ca30ac0a46b95fa37aa2e3","name":"edicionweb","image":{"@type":"ImageObject","inLanguage":"es","@id":"https:\/\/secure.gravatar.com\/avatar\/eee448fc3f7164808013b816ba91ac7e43bbe82a70bebac296f8bc6f0addaa1a?s=96&d=mm&r=g","url":"https:\/\/secure.gravatar.com\/avatar\/eee448fc3f7164808013b816ba91ac7e43bbe82a70bebac296f8bc6f0addaa1a?s=96&d=mm&r=g","contentUrl":"https:\/\/secure.gravatar.com\/avatar\/eee448fc3f7164808013b816ba91ac7e43bbe82a70bebac296f8bc6f0addaa1a?s=96&d=mm&r=g","caption":"edicionweb"}}]}},"amp_enabled":true,"cmb2":{"video_ids_in_playlist":{"vid_p_videos":""},"video_ids_in_channel":{"vid_c_videos":""},"playlist_ids_in_channel":{"vid_c_playlists":""},"series_ids_in_channel":{"vid_c_series":""},"channel_images":{"vid_c_logo":"","vid_c_banner":""},"poster_feature_image":{"vid_m_poster_image":""},"gif_feature_image":{"vid_m_gif_image":""},"video_movie_settings":{"vid_m_director":"","vid_m_actor":"","vid_m_imdb_ratings":"","vid_m_amazon_associates":""},"vid_youtube_broadcasts_settings":{"vid_yb_broadcast_title":"","vid_yb_q":"","vid_yb_channelid":"","vid_yb_videocategoryid":"","vid_yb_maxresults":"","vid_yb_order":"","vid_yb_regioncode":"","vid_yb_videosyndicated":"","vid_yb_style":"","vid_yb_reload_first":""},"video_series_settings":{"vid_m_director":"","vid_m_actor":"","vid_m_imdb_ratings":"","video_series_group":""},"amazon_associates_settings":{"amazon_associates":"","amazon_native_ad":""},"vid_youtube_automatic_settings":{"vid_ya_youtube_source":"","vid_ya_update_every":"","vid_ya_update_unit":"","vid_ya_categories":"","vid_ya_published_after":"","vid_ya_published_before":"","vid_ya_playlists":"","vid_ya_channels":"","vid_ya_director":"","vid_ya_actor":"","vid_ya_author":"","vid_ya_import_post_date":"","vid_ya_status":"","vid_ya_sub_api_key":""},"vid_ads_m_videoads_settings_post":{"vid_ads_m_video_ads":"","vid_ads_m_video_ads_type":"","vid_ads_m_group_google_ima":"","vid_ads_m_group_image":"","vid_ads_m_group_html5_video":"","vid_ads_m_group_html":"","vid_ads_m_vast_preroll":"","vid_ads_m_vast_postroll":"","vid_ads_m_vast_pauseroll":"","vid_ads_m_vast_midroll":[{"vid_ads_m_vast_timer_seconds":"50"}],"vid_ads_m_time_to_show_ads":"","vid_ads_m_time_skip_ads":"","vid_ads_m_time_to_hide_ads":""},"page_slider_settings":{"display_slider_group":"","page_slider_group":""},"blog_page_settings":{"blog_page_title":"","blog_page_heading":"","blog_page_ic":"","blog_page_it":"","blog_page_ec":"","blog_page_ip":"","archive_loop_style":"","blog_image_ratio":"","blog_show_categories":"","blog_show_excerpt":"","blog_show_author":"","blog_show_date":"","blog_show_comment_count":"","blog_show_view_count":"","blog_show_like_count":"","blog_show_dislike_count":"","blog_items_per_page":"","blog_pag_type":""},"page_options":{"get_page_template":"","color_mode":"","main_layout":"","main_layout_full_with":"","main_logo":"","main_logo_retina":"","main_logo_mobile":"","main_logo_mobile_retina":"","sticky_logo":"","sticky_logo_retina":"","main_nav_layout":"","ajax_search":"","header_background":"","theme_sidebar":"","instagram_feed":"","instagram_feed_position":"","popular_videos":"","popular_videos_title_1":"","popular_videos_title_2":"","popular_videos_ic":"","popular_videos_it":"","theme_background":"","page_custom_css":""},"feature_image_settings":{"feature_image_position":""},"video_player_settings":{"single_video_style":"","video_player_position":"","vm_video_url":"","video_player_library":"","video_streaming":"","vm_media_sources":"","vid_auto_play":"","vm_video_shortcode":"","vid_p_sync_playlist":"","vid_c_sync_channel":"","get_post_format":"","multiple_links_structure":"default","multi_links_title":"","vm_video_multi_links":"","vm_duration":"","vid_social_locker":"off","vid_social_locker_id":"","vid_membership_action":"content-video","vm_video_trailer_url":"","vid_download_type":"free","vid_download_target":"download","vid_woo_product":"","vm_media_download":"","user_rating":"","user_rating_position":"","user_rating_mode":"","user_rating_multi_sets":""},"video_auto_fetch_settings":{"vm_video_fetch":"on"},"video_fake_views_likes":{"vm_fake_views":"","vm_fake_likes":"","vm_fake_dislikes":""},"gallery_settings":{"gallery_position":""},"quote_settings":{"quote_position":""},"post_options":{"main_layout":"","main_logo":"","main_logo_retina":"","main_logo_mobile":"","main_logo_mobile_retina":"","sticky_logo":"","sticky_logo_retina":"","main_nav_layout":"","header_background":"","theme_sidebar":"","single_post_comment_type":"","theme_background":""}},"_links":{"self":[{"href":"https:\/\/canal7slp.tv\/2019\/wp-json\/wp\/v2\/posts\/52148","targetHints":{"allow":["GET"]}}],"collection":[{"href":"https:\/\/canal7slp.tv\/2019\/wp-json\/wp\/v2\/posts"}],"about":[{"href":"https:\/\/canal7slp.tv\/2019\/wp-json\/wp\/v2\/types\/post"}],"author":[{"embeddable":true,"href":"https:\/\/canal7slp.tv\/2019\/wp-json\/wp\/v2\/users\/2"}],"replies":[{"embeddable":true,"href":"https:\/\/canal7slp.tv\/2019\/wp-json\/wp\/v2\/comments?post=52148"}],"version-history":[{"count":0,"href":"https:\/\/canal7slp.tv\/2019\/wp-json\/wp\/v2\/posts\/52148\/revisions"}],"wp:featuredmedia":[{"embeddable":true,"href":"https:\/\/canal7slp.tv\/2019\/wp-json\/wp\/v2\/media\/52152"}],"wp:attachment":[{"href":"https:\/\/canal7slp.tv\/2019\/wp-json\/wp\/v2\/media?parent=52148"}],"wp:term":[{"taxonomy":"category","embeddable":true,"href":"https:\/\/canal7slp.tv\/2019\/wp-json\/wp\/v2\/categories?post=52148"},{"taxonomy":"post_tag","embeddable":true,"href":"https:\/\/canal7slp.tv\/2019\/wp-json\/wp\/v2\/tags?post=52148"}],"curies":[{"name":"wp","href":"https:\/\/api.w.org\/{rel}","templated":true}]}}