{"id":52126,"date":"2019-08-20T13:51:46","date_gmt":"2019-08-20T18:51:46","guid":{"rendered":"https:\/\/canal7slp.tv\/2019\/?p=52126"},"modified":"2019-08-20T13:51:46","modified_gmt":"2019-08-20T18:51:46","slug":"berlin-se-prepara-para-recordar-tres-decadas-de-la-caida-del-muro","status":"publish","type":"post","link":"https:\/\/canal7slp.tv\/2019\/berlin-se-prepara-para-recordar-tres-decadas-de-la-caida-del-muro\/","title":{"rendered":"Berl\u00edn se prepara para recordar tres d\u00e9cadas de la ca\u00edda del Muro"},"content":{"rendered":"<p>Berl\u00edn.- Con un festival de siete d\u00edas de duraci\u00f3n, la capital de Alemania recordar\u00e1 el pr\u00f3ximo noviembre los 30 a\u00f1os de la ca\u00edda del Muro de Berl\u00edn, ocurrida el nueve de noviembre de 1989.<\/p>\n<p>Se tratar\u00e1 de un festival que exhibir\u00e1 im\u00e1genes hist\u00f3ricas y pel\u00edculas en un evento donde participan museos, sitios hist\u00f3ricos, instituciones educativas y grupos art\u00edsticos, inform\u00f3 hoy el sitio noticioso thelocal.de.<\/p>\n<p>En las exhibiciones se incluye el edificio del servicio secreto de la ex Rep\u00fablica Democr\u00e1tica Alemana, la Stasi, en cuya fachada se mostrar\u00e1n las demandas de los berlineses de hace tres d\u00e9cadas para su abolici\u00f3n.<\/p>\n<p>En la iglesia de Gethsemane habr\u00e1 una exhibici\u00f3n de p\u00e1neles donde se montar\u00e1n im\u00e1genes y textos con el papel que ese edificio jug\u00f3 hace 30 a\u00f1os, y se podr\u00e1 escuchar el audio de entrevistas a activistas de derechos civiles.<\/p>\n<p>En la c\u00e9ntrica avenida Kurf\u00fcrstendamm se exhibir\u00e1n las historias de familias berlinesas separadas por el Muro, mientras que en la plaza Schlossplat, en el centro de la ciudad, los materiales que se mostrar\u00e1n se referir\u00e1n a los primeros comicios libres.<\/p>\n<p>La v\u00edspera del nueve de noviembre se realizar\u00e1 conciertos en varios escenarios montados en sitios emblem\u00e1ticos de Berl\u00edn, donde actuar\u00e1n grupos y artistas relacionados con los eventos de 1989 y 1990.<\/p>\n<p>En la puerta de Brandenburgo la orquesta Staatskapelle, dirigida por Daniel Barenboim, abrir\u00e1 los conciertos que ser\u00e1n seguidos por la presentaci\u00f3n del DJ WestBam, que convertir\u00e1 el historio sitio en un \u201cClub Nocturno Europeo\u201d, una noche que ser\u00e1 celebrada en 27 centros nocturnos de la ciudad.<\/p>\n<p>El costo del festival que ir\u00e1 del cuatro al 10 de noviembre pr\u00f3ximo, tendr\u00e1 un costo de 10 millones de euros, constar\u00e1 de m\u00e1s de 100 eventos incluidos mesas de discusi\u00f3n, conciertos, visitas guiadas, talleres, series de pel\u00edculas, lecturas y producciones teatrales.<\/p>\n<p>Adem\u00e1s, considerando que ya existe la primera generaci\u00f3n de berlineses que ha nacido y crecido sin el Muro, se lanzar\u00e1 la aplicaci\u00f3n MauAR para mostrarles en tel\u00e9fonos inteligentes y tabletas la historia de la dividida ciudad.<\/p>\n<p>La edificaci\u00f3n del Muro comenz\u00f3 el 12 de agosto de 1961 para detener la salida de berlineses de la parte oriental hacia la occidental, en el marco de la Guerra Fr\u00eda que enfrent\u00f3 a las potencias nucleares luego de la II Guerra Mundial. edificaci\u00f3n que dur\u00f3 hasta el nueve de noviembre de 1989.<\/p>\n","protected":false},"excerpt":{"rendered":"<p>Berl\u00edn.- Con un festival de siete d\u00edas de duraci\u00f3n, la capital de Alemania recordar\u00e1 el pr\u00f3ximo noviembre los 30 a\u00f1os de la ca\u00edda del Muro de Berl\u00edn, ocurrida el nueve de noviembre de 1989. Se tratar\u00e1 de un festival que exhibir\u00e1 im\u00e1genes hist\u00f3ricas y pel\u00edculas en un evento donde participan museos, sitios hist\u00f3ricos, instituciones educativas [&hellip;]<\/p>\n","protected":false},"author":2,"featured_media":52127,"comment_status":"open","ping_status":"open","sticky":false,"template":"","format":"standard","meta":{"footnotes":""},"categories":[18],"tags":[],"class_list":["post-52126","post","type-post","status-publish","format-standard","has-post-thumbnail","hentry","category-internacional"],"yoast_head":"<!-- This site is optimized with the Yoast SEO plugin v27.5 - https:\/\/yoast.com\/product\/yoast-seo-wordpress\/ -->\n<title>Berl\u00edn se prepara para recordar tres d\u00e9cadas de la ca\u00edda del Muro - Canal 7 SLP - 2019<\/title>\n<meta name=\"robots\" content=\"index, follow, max-snippet:-1, max-image-preview:large, max-video-preview:-1\" \/>\n<link rel=\"canonical\" href=\"https:\/\/canal7slp.tv\/2019\/berlin-se-prepara-para-recordar-tres-decadas-de-la-caida-del-muro\/\" \/>\n<meta property=\"og:locale\" content=\"es_ES\" \/>\n<meta property=\"og:type\" content=\"article\" \/>\n<meta property=\"og:title\" content=\"Berl\u00edn se prepara para recordar tres d\u00e9cadas de la ca\u00edda del Muro - Canal 7 SLP - 2019\" \/>\n<meta property=\"og:description\" content=\"Berl\u00edn.- Con un festival de siete d\u00edas de duraci\u00f3n, la capital de Alemania recordar\u00e1 el pr\u00f3ximo noviembre los 30 a\u00f1os de la ca\u00edda del Muro de Berl\u00edn, ocurrida el nueve de noviembre de 1989. Se tratar\u00e1 de un festival que exhibir\u00e1 im\u00e1genes hist\u00f3ricas y pel\u00edculas en un evento donde participan museos, sitios hist\u00f3ricos, instituciones educativas [&hellip;]\" \/>\n<meta property=\"og:url\" content=\"https:\/\/canal7slp.tv\/2019\/berlin-se-prepara-para-recordar-tres-decadas-de-la-caida-del-muro\/\" \/>\n<meta property=\"og:site_name\" content=\"Canal 7 SLP - 2019\" \/>\n<meta property=\"article:publisher\" content=\"https:\/\/www.facebook.com\/CANAL7SLP\/\" \/>\n<meta property=\"article:published_time\" content=\"2019-08-20T18:51:46+00:00\" \/>\n<meta property=\"og:image\" content=\"https:\/\/canal7slp.tv\/2019\/wp-content\/uploads\/2019\/08\/09-12.jpg\" \/>\n\t<meta property=\"og:image:width\" content=\"602\" \/>\n\t<meta property=\"og:image:height\" content=\"410\" \/>\n\t<meta property=\"og:image:type\" content=\"image\/jpeg\" \/>\n<meta name=\"author\" content=\"edicionweb\" \/>\n<meta name=\"twitter:card\" content=\"summary_large_image\" \/>\n<meta name=\"twitter:creator\" content=\"@canal7_slp\" \/>\n<meta name=\"twitter:site\" content=\"@canal7_slp\" \/>\n<meta name=\"twitter:label1\" content=\"Escrito por\" \/>\n\t<meta name=\"twitter:data1\" content=\"edicionweb\" \/>\n\t<meta name=\"twitter:label2\" content=\"Tiempo de lectura\" \/>\n\t<meta name=\"twitter:data2\" content=\"2 minutos\" \/>\n<script type=\"application\/ld+json\" class=\"yoast-schema-graph\">{\"@context\":\"https:\\\/\\\/schema.org\",\"@graph\":[{\"@type\":\"Article\",\"@id\":\"https:\\\/\\\/canal7slp.tv\\\/2019\\\/berlin-se-prepara-para-recordar-tres-decadas-de-la-caida-del-muro\\\/#article\",\"isPartOf\":{\"@id\":\"https:\\\/\\\/canal7slp.tv\\\/2019\\\/berlin-se-prepara-para-recordar-tres-decadas-de-la-caida-del-muro\\\/\"},\"author\":{\"name\":\"edicionweb\",\"@id\":\"https:\\\/\\\/canal7slp.tv\\\/2019\\\/#\\\/schema\\\/person\\\/11d941c1c6ca30ac0a46b95fa37aa2e3\"},\"headline\":\"Berl\u00edn se prepara para recordar tres d\u00e9cadas de la ca\u00edda del Muro\",\"datePublished\":\"2019-08-20T18:51:46+00:00\",\"mainEntityOfPage\":{\"@id\":\"https:\\\/\\\/canal7slp.tv\\\/2019\\\/berlin-se-prepara-para-recordar-tres-decadas-de-la-caida-del-muro\\\/\"},\"wordCount\":435,\"commentCount\":0,\"publisher\":{\"@id\":\"https:\\\/\\\/canal7slp.tv\\\/2019\\\/#organization\"},\"image\":{\"@id\":\"https:\\\/\\\/canal7slp.tv\\\/2019\\\/berlin-se-prepara-para-recordar-tres-decadas-de-la-caida-del-muro\\\/#primaryimage\"},\"thumbnailUrl\":\"https:\\\/\\\/canal7slp.tv\\\/2019\\\/wp-content\\\/uploads\\\/2019\\\/08\\\/09-12.jpg\",\"articleSection\":[\"INTERNACIONAL\"],\"inLanguage\":\"es\",\"potentialAction\":[{\"@type\":\"CommentAction\",\"name\":\"Comment\",\"target\":[\"https:\\\/\\\/canal7slp.tv\\\/2019\\\/berlin-se-prepara-para-recordar-tres-decadas-de-la-caida-del-muro\\\/#respond\"]}]},{\"@type\":\"WebPage\",\"@id\":\"https:\\\/\\\/canal7slp.tv\\\/2019\\\/berlin-se-prepara-para-recordar-tres-decadas-de-la-caida-del-muro\\\/\",\"url\":\"https:\\\/\\\/canal7slp.tv\\\/2019\\\/berlin-se-prepara-para-recordar-tres-decadas-de-la-caida-del-muro\\\/\",\"name\":\"Berl\u00edn se prepara para recordar tres d\u00e9cadas de la ca\u00edda del Muro - Canal 7 SLP - 2019\",\"isPartOf\":{\"@id\":\"https:\\\/\\\/canal7slp.tv\\\/2019\\\/#website\"},\"primaryImageOfPage\":{\"@id\":\"https:\\\/\\\/canal7slp.tv\\\/2019\\\/berlin-se-prepara-para-recordar-tres-decadas-de-la-caida-del-muro\\\/#primaryimage\"},\"image\":{\"@id\":\"https:\\\/\\\/canal7slp.tv\\\/2019\\\/berlin-se-prepara-para-recordar-tres-decadas-de-la-caida-del-muro\\\/#primaryimage\"},\"thumbnailUrl\":\"https:\\\/\\\/canal7slp.tv\\\/2019\\\/wp-content\\\/uploads\\\/2019\\\/08\\\/09-12.jpg\",\"datePublished\":\"2019-08-20T18:51:46+00:00\",\"breadcrumb\":{\"@id\":\"https:\\\/\\\/canal7slp.tv\\\/2019\\\/berlin-se-prepara-para-recordar-tres-decadas-de-la-caida-del-muro\\\/#breadcrumb\"},\"inLanguage\":\"es\",\"potentialAction\":[{\"@type\":\"ReadAction\",\"target\":[\"https:\\\/\\\/canal7slp.tv\\\/2019\\\/berlin-se-prepara-para-recordar-tres-decadas-de-la-caida-del-muro\\\/\"]}]},{\"@type\":\"ImageObject\",\"inLanguage\":\"es\",\"@id\":\"https:\\\/\\\/canal7slp.tv\\\/2019\\\/berlin-se-prepara-para-recordar-tres-decadas-de-la-caida-del-muro\\\/#primaryimage\",\"url\":\"https:\\\/\\\/canal7slp.tv\\\/2019\\\/wp-content\\\/uploads\\\/2019\\\/08\\\/09-12.jpg\",\"contentUrl\":\"https:\\\/\\\/canal7slp.tv\\\/2019\\\/wp-content\\\/uploads\\\/2019\\\/08\\\/09-12.jpg\",\"width\":602,\"height\":410},{\"@type\":\"BreadcrumbList\",\"@id\":\"https:\\\/\\\/canal7slp.tv\\\/2019\\\/berlin-se-prepara-para-recordar-tres-decadas-de-la-caida-del-muro\\\/#breadcrumb\",\"itemListElement\":[{\"@type\":\"ListItem\",\"position\":1,\"name\":\"Home\",\"item\":\"https:\\\/\\\/canal7slp.tv\\\/2019\\\/\"},{\"@type\":\"ListItem\",\"position\":2,\"name\":\"Berl\u00edn se prepara para recordar tres d\u00e9cadas de la ca\u00edda del Muro\"}]},{\"@type\":\"WebSite\",\"@id\":\"https:\\\/\\\/canal7slp.tv\\\/2019\\\/#website\",\"url\":\"https:\\\/\\\/canal7slp.tv\\\/2019\\\/\",\"name\":\"Canal 7 SLP - Somos TV\",\"description\":\"Somos un Canal de 10\",\"publisher\":{\"@id\":\"https:\\\/\\\/canal7slp.tv\\\/2019\\\/#organization\"},\"potentialAction\":[{\"@type\":\"SearchAction\",\"target\":{\"@type\":\"EntryPoint\",\"urlTemplate\":\"https:\\\/\\\/canal7slp.tv\\\/2019\\\/?s={search_term_string}\"},\"query-input\":{\"@type\":\"PropertyValueSpecification\",\"valueRequired\":true,\"valueName\":\"search_term_string\"}}],\"inLanguage\":\"es\"},{\"@type\":\"Organization\",\"@id\":\"https:\\\/\\\/canal7slp.tv\\\/2019\\\/#organization\",\"name\":\"Comunicaci\u00f3n 2000 S.A. de C.V.\",\"url\":\"https:\\\/\\\/canal7slp.tv\\\/2019\\\/\",\"logo\":{\"@type\":\"ImageObject\",\"inLanguage\":\"es\",\"@id\":\"https:\\\/\\\/canal7slp.tv\\\/2019\\\/#\\\/schema\\\/logo\\\/image\\\/\",\"url\":\"https:\\\/\\\/canal7slp.tv\\\/2019\\\/wp-content\\\/uploads\\\/2019\\\/07\\\/logo-c7.png\",\"contentUrl\":\"https:\\\/\\\/canal7slp.tv\\\/2019\\\/wp-content\\\/uploads\\\/2019\\\/07\\\/logo-c7.png\",\"width\":220,\"height\":60,\"caption\":\"Comunicaci\u00f3n 2000 S.A. de C.V.\"},\"image\":{\"@id\":\"https:\\\/\\\/canal7slp.tv\\\/2019\\\/#\\\/schema\\\/logo\\\/image\\\/\"},\"sameAs\":[\"https:\\\/\\\/www.facebook.com\\\/CANAL7SLP\\\/\",\"https:\\\/\\\/x.com\\\/canal7_slp\",\"https:\\\/\\\/www.instagram.com\\\/canal7_slp\",\"https:\\\/\\\/www.youtube.com\\\/user\\\/NOTICIEROSCANAL7SLP\\\/\"]},{\"@type\":\"Person\",\"@id\":\"https:\\\/\\\/canal7slp.tv\\\/2019\\\/#\\\/schema\\\/person\\\/11d941c1c6ca30ac0a46b95fa37aa2e3\",\"name\":\"edicionweb\",\"image\":{\"@type\":\"ImageObject\",\"inLanguage\":\"es\",\"@id\":\"https:\\\/\\\/secure.gravatar.com\\\/avatar\\\/eee448fc3f7164808013b816ba91ac7e43bbe82a70bebac296f8bc6f0addaa1a?s=96&d=mm&r=g\",\"url\":\"https:\\\/\\\/secure.gravatar.com\\\/avatar\\\/eee448fc3f7164808013b816ba91ac7e43bbe82a70bebac296f8bc6f0addaa1a?s=96&d=mm&r=g\",\"contentUrl\":\"https:\\\/\\\/secure.gravatar.com\\\/avatar\\\/eee448fc3f7164808013b816ba91ac7e43bbe82a70bebac296f8bc6f0addaa1a?s=96&d=mm&r=g\",\"caption\":\"edicionweb\"}}]}<\/script>\n<!-- \/ Yoast SEO plugin. -->","yoast_head_json":{"title":"Berl\u00edn se prepara para recordar tres d\u00e9cadas de la ca\u00edda del Muro - Canal 7 SLP - 2019","robots":{"index":"index","follow":"follow","max-snippet":"max-snippet:-1","max-image-preview":"max-image-preview:large","max-video-preview":"max-video-preview:-1"},"canonical":"https:\/\/canal7slp.tv\/2019\/berlin-se-prepara-para-recordar-tres-decadas-de-la-caida-del-muro\/","og_locale":"es_ES","og_type":"article","og_title":"Berl\u00edn se prepara para recordar tres d\u00e9cadas de la ca\u00edda del Muro - Canal 7 SLP - 2019","og_description":"Berl\u00edn.- Con un festival de siete d\u00edas de duraci\u00f3n, la capital de Alemania recordar\u00e1 el pr\u00f3ximo noviembre los 30 a\u00f1os de la ca\u00edda del Muro de Berl\u00edn, ocurrida el nueve de noviembre de 1989. Se tratar\u00e1 de un festival que exhibir\u00e1 im\u00e1genes hist\u00f3ricas y pel\u00edculas en un evento donde participan museos, sitios hist\u00f3ricos, instituciones educativas [&hellip;]","og_url":"https:\/\/canal7slp.tv\/2019\/berlin-se-prepara-para-recordar-tres-decadas-de-la-caida-del-muro\/","og_site_name":"Canal 7 SLP - 2019","article_publisher":"https:\/\/www.facebook.com\/CANAL7SLP\/","article_published_time":"2019-08-20T18:51:46+00:00","og_image":[{"width":602,"height":410,"url":"https:\/\/canal7slp.tv\/2019\/wp-content\/uploads\/2019\/08\/09-12.jpg","type":"image\/jpeg"}],"author":"edicionweb","twitter_card":"summary_large_image","twitter_creator":"@canal7_slp","twitter_site":"@canal7_slp","twitter_misc":{"Escrito por":"edicionweb","Tiempo de lectura":"2 minutos"},"schema":{"@context":"https:\/\/schema.org","@graph":[{"@type":"Article","@id":"https:\/\/canal7slp.tv\/2019\/berlin-se-prepara-para-recordar-tres-decadas-de-la-caida-del-muro\/#article","isPartOf":{"@id":"https:\/\/canal7slp.tv\/2019\/berlin-se-prepara-para-recordar-tres-decadas-de-la-caida-del-muro\/"},"author":{"name":"edicionweb","@id":"https:\/\/canal7slp.tv\/2019\/#\/schema\/person\/11d941c1c6ca30ac0a46b95fa37aa2e3"},"headline":"Berl\u00edn se prepara para recordar tres d\u00e9cadas de la ca\u00edda del Muro","datePublished":"2019-08-20T18:51:46+00:00","mainEntityOfPage":{"@id":"https:\/\/canal7slp.tv\/2019\/berlin-se-prepara-para-recordar-tres-decadas-de-la-caida-del-muro\/"},"wordCount":435,"commentCount":0,"publisher":{"@id":"https:\/\/canal7slp.tv\/2019\/#organization"},"image":{"@id":"https:\/\/canal7slp.tv\/2019\/berlin-se-prepara-para-recordar-tres-decadas-de-la-caida-del-muro\/#primaryimage"},"thumbnailUrl":"https:\/\/canal7slp.tv\/2019\/wp-content\/uploads\/2019\/08\/09-12.jpg","articleSection":["INTERNACIONAL"],"inLanguage":"es","potentialAction":[{"@type":"CommentAction","name":"Comment","target":["https:\/\/canal7slp.tv\/2019\/berlin-se-prepara-para-recordar-tres-decadas-de-la-caida-del-muro\/#respond"]}]},{"@type":"WebPage","@id":"https:\/\/canal7slp.tv\/2019\/berlin-se-prepara-para-recordar-tres-decadas-de-la-caida-del-muro\/","url":"https:\/\/canal7slp.tv\/2019\/berlin-se-prepara-para-recordar-tres-decadas-de-la-caida-del-muro\/","name":"Berl\u00edn se prepara para recordar tres d\u00e9cadas de la ca\u00edda del Muro - Canal 7 SLP - 2019","isPartOf":{"@id":"https:\/\/canal7slp.tv\/2019\/#website"},"primaryImageOfPage":{"@id":"https:\/\/canal7slp.tv\/2019\/berlin-se-prepara-para-recordar-tres-decadas-de-la-caida-del-muro\/#primaryimage"},"image":{"@id":"https:\/\/canal7slp.tv\/2019\/berlin-se-prepara-para-recordar-tres-decadas-de-la-caida-del-muro\/#primaryimage"},"thumbnailUrl":"https:\/\/canal7slp.tv\/2019\/wp-content\/uploads\/2019\/08\/09-12.jpg","datePublished":"2019-08-20T18:51:46+00:00","breadcrumb":{"@id":"https:\/\/canal7slp.tv\/2019\/berlin-se-prepara-para-recordar-tres-decadas-de-la-caida-del-muro\/#breadcrumb"},"inLanguage":"es","potentialAction":[{"@type":"ReadAction","target":["https:\/\/canal7slp.tv\/2019\/berlin-se-prepara-para-recordar-tres-decadas-de-la-caida-del-muro\/"]}]},{"@type":"ImageObject","inLanguage":"es","@id":"https:\/\/canal7slp.tv\/2019\/berlin-se-prepara-para-recordar-tres-decadas-de-la-caida-del-muro\/#primaryimage","url":"https:\/\/canal7slp.tv\/2019\/wp-content\/uploads\/2019\/08\/09-12.jpg","contentUrl":"https:\/\/canal7slp.tv\/2019\/wp-content\/uploads\/2019\/08\/09-12.jpg","width":602,"height":410},{"@type":"BreadcrumbList","@id":"https:\/\/canal7slp.tv\/2019\/berlin-se-prepara-para-recordar-tres-decadas-de-la-caida-del-muro\/#breadcrumb","itemListElement":[{"@type":"ListItem","position":1,"name":"Home","item":"https:\/\/canal7slp.tv\/2019\/"},{"@type":"ListItem","position":2,"name":"Berl\u00edn se prepara para recordar tres d\u00e9cadas de la ca\u00edda del Muro"}]},{"@type":"WebSite","@id":"https:\/\/canal7slp.tv\/2019\/#website","url":"https:\/\/canal7slp.tv\/2019\/","name":"Canal 7 SLP - Somos TV","description":"Somos un Canal de 10","publisher":{"@id":"https:\/\/canal7slp.tv\/2019\/#organization"},"potentialAction":[{"@type":"SearchAction","target":{"@type":"EntryPoint","urlTemplate":"https:\/\/canal7slp.tv\/2019\/?s={search_term_string}"},"query-input":{"@type":"PropertyValueSpecification","valueRequired":true,"valueName":"search_term_string"}}],"inLanguage":"es"},{"@type":"Organization","@id":"https:\/\/canal7slp.tv\/2019\/#organization","name":"Comunicaci\u00f3n 2000 S.A. de C.V.","url":"https:\/\/canal7slp.tv\/2019\/","logo":{"@type":"ImageObject","inLanguage":"es","@id":"https:\/\/canal7slp.tv\/2019\/#\/schema\/logo\/image\/","url":"https:\/\/canal7slp.tv\/2019\/wp-content\/uploads\/2019\/07\/logo-c7.png","contentUrl":"https:\/\/canal7slp.tv\/2019\/wp-content\/uploads\/2019\/07\/logo-c7.png","width":220,"height":60,"caption":"Comunicaci\u00f3n 2000 S.A. de C.V."},"image":{"@id":"https:\/\/canal7slp.tv\/2019\/#\/schema\/logo\/image\/"},"sameAs":["https:\/\/www.facebook.com\/CANAL7SLP\/","https:\/\/x.com\/canal7_slp","https:\/\/www.instagram.com\/canal7_slp","https:\/\/www.youtube.com\/user\/NOTICIEROSCANAL7SLP\/"]},{"@type":"Person","@id":"https:\/\/canal7slp.tv\/2019\/#\/schema\/person\/11d941c1c6ca30ac0a46b95fa37aa2e3","name":"edicionweb","image":{"@type":"ImageObject","inLanguage":"es","@id":"https:\/\/secure.gravatar.com\/avatar\/eee448fc3f7164808013b816ba91ac7e43bbe82a70bebac296f8bc6f0addaa1a?s=96&d=mm&r=g","url":"https:\/\/secure.gravatar.com\/avatar\/eee448fc3f7164808013b816ba91ac7e43bbe82a70bebac296f8bc6f0addaa1a?s=96&d=mm&r=g","contentUrl":"https:\/\/secure.gravatar.com\/avatar\/eee448fc3f7164808013b816ba91ac7e43bbe82a70bebac296f8bc6f0addaa1a?s=96&d=mm&r=g","caption":"edicionweb"}}]}},"amp_enabled":true,"cmb2":{"video_ids_in_playlist":{"vid_p_videos":""},"video_ids_in_channel":{"vid_c_videos":""},"playlist_ids_in_channel":{"vid_c_playlists":""},"series_ids_in_channel":{"vid_c_series":""},"channel_images":{"vid_c_logo":"","vid_c_banner":""},"poster_feature_image":{"vid_m_poster_image":""},"gif_feature_image":{"vid_m_gif_image":""},"video_movie_settings":{"vid_m_director":"","vid_m_actor":"","vid_m_imdb_ratings":"","vid_m_amazon_associates":""},"vid_youtube_broadcasts_settings":{"vid_yb_broadcast_title":"","vid_yb_q":"","vid_yb_channelid":"","vid_yb_videocategoryid":"","vid_yb_maxresults":"","vid_yb_order":"","vid_yb_regioncode":"","vid_yb_videosyndicated":"","vid_yb_style":"","vid_yb_reload_first":""},"video_series_settings":{"vid_m_director":"","vid_m_actor":"","vid_m_imdb_ratings":"","video_series_group":""},"amazon_associates_settings":{"amazon_associates":"","amazon_native_ad":""},"vid_youtube_automatic_settings":{"vid_ya_youtube_source":"","vid_ya_update_every":"","vid_ya_update_unit":"","vid_ya_categories":"","vid_ya_published_after":"","vid_ya_published_before":"","vid_ya_playlists":"","vid_ya_channels":"","vid_ya_director":"","vid_ya_actor":"","vid_ya_author":"","vid_ya_import_post_date":"","vid_ya_status":"","vid_ya_sub_api_key":""},"vid_ads_m_videoads_settings_post":{"vid_ads_m_video_ads":"","vid_ads_m_video_ads_type":"","vid_ads_m_group_google_ima":"","vid_ads_m_group_image":"","vid_ads_m_group_html5_video":"","vid_ads_m_group_html":"","vid_ads_m_vast_preroll":"","vid_ads_m_vast_postroll":"","vid_ads_m_vast_pauseroll":"","vid_ads_m_vast_midroll":[{"vid_ads_m_vast_timer_seconds":"50"}],"vid_ads_m_time_to_show_ads":"","vid_ads_m_time_skip_ads":"","vid_ads_m_time_to_hide_ads":""},"page_slider_settings":{"display_slider_group":"","page_slider_group":""},"blog_page_settings":{"blog_page_title":"","blog_page_heading":"","blog_page_ic":"","blog_page_it":"","blog_page_ec":"","blog_page_ip":"","archive_loop_style":"","blog_image_ratio":"","blog_show_categories":"","blog_show_excerpt":"","blog_show_author":"","blog_show_date":"","blog_show_comment_count":"","blog_show_view_count":"","blog_show_like_count":"","blog_show_dislike_count":"","blog_items_per_page":"","blog_pag_type":""},"page_options":{"get_page_template":"","color_mode":"","main_layout":"","main_layout_full_with":"","main_logo":"","main_logo_retina":"","main_logo_mobile":"","main_logo_mobile_retina":"","sticky_logo":"","sticky_logo_retina":"","main_nav_layout":"","ajax_search":"","header_background":"","theme_sidebar":"","instagram_feed":"","instagram_feed_position":"","popular_videos":"","popular_videos_title_1":"","popular_videos_title_2":"","popular_videos_ic":"","popular_videos_it":"","theme_background":"","page_custom_css":""},"feature_image_settings":{"feature_image_position":""},"video_player_settings":{"single_video_style":"","video_player_position":"","vm_video_url":"","video_player_library":"","video_streaming":"","vm_media_sources":"","vid_auto_play":"","vm_video_shortcode":"","vid_p_sync_playlist":"","vid_c_sync_channel":"","get_post_format":"","multiple_links_structure":"default","multi_links_title":"","vm_video_multi_links":"","vm_duration":"","vid_social_locker":"off","vid_social_locker_id":"","vid_membership_action":"content-video","vm_video_trailer_url":"","vid_download_type":"free","vid_download_target":"download","vid_woo_product":"","vm_media_download":"","user_rating":"","user_rating_position":"","user_rating_mode":"","user_rating_multi_sets":""},"video_auto_fetch_settings":{"vm_video_fetch":"on"},"video_fake_views_likes":{"vm_fake_views":"","vm_fake_likes":"","vm_fake_dislikes":""},"gallery_settings":{"gallery_position":""},"quote_settings":{"quote_position":""},"post_options":{"main_layout":"","main_logo":"","main_logo_retina":"","main_logo_mobile":"","main_logo_mobile_retina":"","sticky_logo":"","sticky_logo_retina":"","main_nav_layout":"","header_background":"","theme_sidebar":"","single_post_comment_type":"","theme_background":""}},"_links":{"self":[{"href":"https:\/\/canal7slp.tv\/2019\/wp-json\/wp\/v2\/posts\/52126","targetHints":{"allow":["GET"]}}],"collection":[{"href":"https:\/\/canal7slp.tv\/2019\/wp-json\/wp\/v2\/posts"}],"about":[{"href":"https:\/\/canal7slp.tv\/2019\/wp-json\/wp\/v2\/types\/post"}],"author":[{"embeddable":true,"href":"https:\/\/canal7slp.tv\/2019\/wp-json\/wp\/v2\/users\/2"}],"replies":[{"embeddable":true,"href":"https:\/\/canal7slp.tv\/2019\/wp-json\/wp\/v2\/comments?post=52126"}],"version-history":[{"count":0,"href":"https:\/\/canal7slp.tv\/2019\/wp-json\/wp\/v2\/posts\/52126\/revisions"}],"wp:featuredmedia":[{"embeddable":true,"href":"https:\/\/canal7slp.tv\/2019\/wp-json\/wp\/v2\/media\/52127"}],"wp:attachment":[{"href":"https:\/\/canal7slp.tv\/2019\/wp-json\/wp\/v2\/media?parent=52126"}],"wp:term":[{"taxonomy":"category","embeddable":true,"href":"https:\/\/canal7slp.tv\/2019\/wp-json\/wp\/v2\/categories?post=52126"},{"taxonomy":"post_tag","embeddable":true,"href":"https:\/\/canal7slp.tv\/2019\/wp-json\/wp\/v2\/tags?post=52126"}],"curies":[{"name":"wp","href":"https:\/\/api.w.org\/{rel}","templated":true}]}}