{"id":51464,"date":"2019-08-19T15:18:06","date_gmt":"2019-08-19T20:18:06","guid":{"rendered":"https:\/\/canal7slp.tv\/2019\/?p=51464"},"modified":"2019-08-19T15:18:21","modified_gmt":"2019-08-19T20:18:21","slug":"islandia-despide-a-okjokuli-primer-glaciar-muerto-por-cambio-climatico","status":"publish","type":"post","link":"https:\/\/canal7slp.tv\/2019\/islandia-despide-a-okjokuli-primer-glaciar-muerto-por-cambio-climatico\/","title":{"rendered":"Islandia despide a Okj\u00f6kulI; primer glaciar muerto por cambio clim\u00e1tico"},"content":{"rendered":"<p style=\"text-align: justify;\">Islandia.- Islandeses, profesores, cient\u00edficos, ecologistas, e interesados en recordar los da\u00f1os que causa el cambio clim\u00e1tico, se dieron cita en la cima lo que hasta 2014 fue considerado un glaciar, en Islandia, con el objetivo de colocar un placa en honor a Okj\u00f6kull.<\/p>\n<p style=\"text-align: justify;\"><img decoding=\"async\" class=\"alignnone size-medium wp-image-51465\" src=\"https:\/\/canal7slp.tv\/2019\/wp-content\/uploads\/2019\/08\/19a-300x137.jpg\" alt=\"\" width=\"300\" height=\"137\" srcset=\"https:\/\/canal7slp.tv\/2019\/wp-content\/uploads\/2019\/08\/19a-300x137.jpg 300w, https:\/\/canal7slp.tv\/2019\/wp-content\/uploads\/2019\/08\/19a-768x351.jpg 768w, https:\/\/canal7slp.tv\/2019\/wp-content\/uploads\/2019\/08\/19a-560x256.jpg 560w, https:\/\/canal7slp.tv\/2019\/wp-content\/uploads\/2019\/08\/19a.jpg 897w\" sizes=\"(max-width: 300px) 100vw, 300px\" \/><\/p>\n<p style=\"text-align: justify;\">En su cuenta de Twitter, la Universidad Rice, de Estados Unidos, coloc\u00f3 fotograf\u00edas que muestran la placa que fue colocada en una piedra para recordar la muerte de este glaciar.<\/p>\n<p style=\"text-align: justify;\">En la placa se lee: \u201cEl Ok es el primer glaciar island\u00e9s en perder su estatus como glaciar. En los siguientes 200 a\u00f1os se espera que todos nuestros glaciares sigan el mismo camino. Este monumento es para reconocer que sabemos lo que est\u00e1 pasando y qu\u00e9 se necesita hacer. Solo ustedes sabr\u00e1n s\u00ed lo hicimos. Agosto 2019 415 ppm CO2\u201d.<\/p>\n<p style=\"text-align: justify;\">El texto en island\u00e9s e ingl\u00e9s, fue escrito por el habitante de este pa\u00eds n\u00f3rdico, Andri Snaer Magnason, el cual al final indica la fecha Agosto 2019, cuando se celebr\u00f3 la ceremonia, as\u00ed como la concentraci\u00f3n de di\u00f3xido de carbono en el aire a nivel mundial: 415 partes por mill\u00f3n (ppm).<\/p>\n<p style=\"text-align: justify;\">A la ceremonia de colocaci\u00f3n asistieron la primera ministra de Islandia, Katrin Jakobsdottir; el ministro de Medio Ambiente, Gudmundur Ingi Gudbrandsson, as\u00ed como la ex presidenta irlandesa, Mary Robinson.<\/p>\n<p style=\"text-align: justify;\">A\u00f1adi\u00f3 que un glaci\u00f3logo island\u00e9s comprob\u00f3 en 2014 que en menos de cien a\u00f1os el citado glaciar hab\u00eda pasado de 15 kil\u00f3metros cuadrados y un grosor de 50 metros, a tan solo un kil\u00f3metro cuadrado y 15 metros de grosor.<\/p>\n<p style=\"text-align: justify;\">Precis\u00f3 que este proyecto fue promovido por cient\u00edficos y ecologistas de Estados Unidos e Islandia ante la posible desaparici\u00f3n de muchos otros glaciares.<\/p>\n<p style=\"text-align: justify;\">Puntualiz\u00f3 que a esta naci\u00f3n europea se le conoce como la \u201ctierra de hielo\u201d, debido a los m\u00e1s de 400 glaciares en su superficie. (Ntx.)<\/p>\n<p style=\"text-align: justify;\">\n","protected":false},"excerpt":{"rendered":"<p>Islandia.- Islandeses, profesores, cient\u00edficos, ecologistas, e interesados en recordar los da\u00f1os que causa el cambio clim\u00e1tico, se dieron cita en la cima lo que hasta 2014 fue considerado un glaciar, en Islandia, con el objetivo de colocar un placa en honor a Okj\u00f6kull. En su cuenta de Twitter, la Universidad Rice, de Estados Unidos, coloc\u00f3 [&hellip;]<\/p>\n","protected":false},"author":2,"featured_media":51466,"comment_status":"open","ping_status":"open","sticky":false,"template":"","format":"standard","meta":{"footnotes":""},"categories":[18],"tags":[],"class_list":["post-51464","post","type-post","status-publish","format-standard","has-post-thumbnail","hentry","category-internacional"],"yoast_head":"<!-- This site is optimized with the Yoast SEO plugin v27.5 - https:\/\/yoast.com\/product\/yoast-seo-wordpress\/ -->\n<title>Islandia despide a Okj\u00f6kulI; primer glaciar muerto por cambio clim\u00e1tico - Canal 7 SLP - 2019<\/title>\n<meta name=\"robots\" content=\"index, follow, max-snippet:-1, max-image-preview:large, max-video-preview:-1\" \/>\n<link rel=\"canonical\" href=\"https:\/\/canal7slp.tv\/2019\/islandia-despide-a-okjokuli-primer-glaciar-muerto-por-cambio-climatico\/\" \/>\n<meta property=\"og:locale\" content=\"es_ES\" \/>\n<meta property=\"og:type\" content=\"article\" \/>\n<meta property=\"og:title\" content=\"Islandia despide a Okj\u00f6kulI; primer glaciar muerto por cambio clim\u00e1tico - Canal 7 SLP - 2019\" \/>\n<meta property=\"og:description\" content=\"Islandia.- Islandeses, profesores, cient\u00edficos, ecologistas, e interesados en recordar los da\u00f1os que causa el cambio clim\u00e1tico, se dieron cita en la cima lo que hasta 2014 fue considerado un glaciar, en Islandia, con el objetivo de colocar un placa en honor a Okj\u00f6kull. En su cuenta de Twitter, la Universidad Rice, de Estados Unidos, coloc\u00f3 [&hellip;]\" \/>\n<meta property=\"og:url\" content=\"https:\/\/canal7slp.tv\/2019\/islandia-despide-a-okjokuli-primer-glaciar-muerto-por-cambio-climatico\/\" \/>\n<meta property=\"og:site_name\" content=\"Canal 7 SLP - 2019\" \/>\n<meta property=\"article:publisher\" content=\"https:\/\/www.facebook.com\/CANAL7SLP\/\" \/>\n<meta property=\"article:published_time\" content=\"2019-08-19T20:18:06+00:00\" \/>\n<meta property=\"article:modified_time\" content=\"2019-08-19T20:18:21+00:00\" \/>\n<meta property=\"og:image\" content=\"https:\/\/canal7slp.tv\/2019\/wp-content\/uploads\/2019\/08\/19b.jpg\" \/>\n\t<meta property=\"og:image:width\" content=\"615\" \/>\n\t<meta property=\"og:image:height\" content=\"410\" \/>\n\t<meta property=\"og:image:type\" content=\"image\/jpeg\" \/>\n<meta name=\"author\" content=\"edicionweb\" \/>\n<meta name=\"twitter:card\" content=\"summary_large_image\" \/>\n<meta name=\"twitter:creator\" content=\"@canal7_slp\" \/>\n<meta name=\"twitter:site\" content=\"@canal7_slp\" \/>\n<meta name=\"twitter:label1\" content=\"Escrito por\" \/>\n\t<meta name=\"twitter:data1\" content=\"edicionweb\" \/>\n\t<meta name=\"twitter:label2\" content=\"Tiempo de lectura\" \/>\n\t<meta name=\"twitter:data2\" content=\"2 minutos\" \/>\n<script type=\"application\/ld+json\" class=\"yoast-schema-graph\">{\"@context\":\"https:\\\/\\\/schema.org\",\"@graph\":[{\"@type\":\"Article\",\"@id\":\"https:\\\/\\\/canal7slp.tv\\\/2019\\\/islandia-despide-a-okjokuli-primer-glaciar-muerto-por-cambio-climatico\\\/#article\",\"isPartOf\":{\"@id\":\"https:\\\/\\\/canal7slp.tv\\\/2019\\\/islandia-despide-a-okjokuli-primer-glaciar-muerto-por-cambio-climatico\\\/\"},\"author\":{\"name\":\"edicionweb\",\"@id\":\"https:\\\/\\\/canal7slp.tv\\\/2019\\\/#\\\/schema\\\/person\\\/11d941c1c6ca30ac0a46b95fa37aa2e3\"},\"headline\":\"Islandia despide a Okj\u00f6kulI; primer glaciar muerto por cambio clim\u00e1tico\",\"datePublished\":\"2019-08-19T20:18:06+00:00\",\"dateModified\":\"2019-08-19T20:18:21+00:00\",\"mainEntityOfPage\":{\"@id\":\"https:\\\/\\\/canal7slp.tv\\\/2019\\\/islandia-despide-a-okjokuli-primer-glaciar-muerto-por-cambio-climatico\\\/\"},\"wordCount\":330,\"commentCount\":0,\"publisher\":{\"@id\":\"https:\\\/\\\/canal7slp.tv\\\/2019\\\/#organization\"},\"image\":{\"@id\":\"https:\\\/\\\/canal7slp.tv\\\/2019\\\/islandia-despide-a-okjokuli-primer-glaciar-muerto-por-cambio-climatico\\\/#primaryimage\"},\"thumbnailUrl\":\"https:\\\/\\\/canal7slp.tv\\\/2019\\\/wp-content\\\/uploads\\\/2019\\\/08\\\/19b.jpg\",\"articleSection\":[\"INTERNACIONAL\"],\"inLanguage\":\"es\",\"potentialAction\":[{\"@type\":\"CommentAction\",\"name\":\"Comment\",\"target\":[\"https:\\\/\\\/canal7slp.tv\\\/2019\\\/islandia-despide-a-okjokuli-primer-glaciar-muerto-por-cambio-climatico\\\/#respond\"]}]},{\"@type\":\"WebPage\",\"@id\":\"https:\\\/\\\/canal7slp.tv\\\/2019\\\/islandia-despide-a-okjokuli-primer-glaciar-muerto-por-cambio-climatico\\\/\",\"url\":\"https:\\\/\\\/canal7slp.tv\\\/2019\\\/islandia-despide-a-okjokuli-primer-glaciar-muerto-por-cambio-climatico\\\/\",\"name\":\"Islandia despide a Okj\u00f6kulI; primer glaciar muerto por cambio clim\u00e1tico - Canal 7 SLP - 2019\",\"isPartOf\":{\"@id\":\"https:\\\/\\\/canal7slp.tv\\\/2019\\\/#website\"},\"primaryImageOfPage\":{\"@id\":\"https:\\\/\\\/canal7slp.tv\\\/2019\\\/islandia-despide-a-okjokuli-primer-glaciar-muerto-por-cambio-climatico\\\/#primaryimage\"},\"image\":{\"@id\":\"https:\\\/\\\/canal7slp.tv\\\/2019\\\/islandia-despide-a-okjokuli-primer-glaciar-muerto-por-cambio-climatico\\\/#primaryimage\"},\"thumbnailUrl\":\"https:\\\/\\\/canal7slp.tv\\\/2019\\\/wp-content\\\/uploads\\\/2019\\\/08\\\/19b.jpg\",\"datePublished\":\"2019-08-19T20:18:06+00:00\",\"dateModified\":\"2019-08-19T20:18:21+00:00\",\"breadcrumb\":{\"@id\":\"https:\\\/\\\/canal7slp.tv\\\/2019\\\/islandia-despide-a-okjokuli-primer-glaciar-muerto-por-cambio-climatico\\\/#breadcrumb\"},\"inLanguage\":\"es\",\"potentialAction\":[{\"@type\":\"ReadAction\",\"target\":[\"https:\\\/\\\/canal7slp.tv\\\/2019\\\/islandia-despide-a-okjokuli-primer-glaciar-muerto-por-cambio-climatico\\\/\"]}]},{\"@type\":\"ImageObject\",\"inLanguage\":\"es\",\"@id\":\"https:\\\/\\\/canal7slp.tv\\\/2019\\\/islandia-despide-a-okjokuli-primer-glaciar-muerto-por-cambio-climatico\\\/#primaryimage\",\"url\":\"https:\\\/\\\/canal7slp.tv\\\/2019\\\/wp-content\\\/uploads\\\/2019\\\/08\\\/19b.jpg\",\"contentUrl\":\"https:\\\/\\\/canal7slp.tv\\\/2019\\\/wp-content\\\/uploads\\\/2019\\\/08\\\/19b.jpg\",\"width\":615,\"height\":410},{\"@type\":\"BreadcrumbList\",\"@id\":\"https:\\\/\\\/canal7slp.tv\\\/2019\\\/islandia-despide-a-okjokuli-primer-glaciar-muerto-por-cambio-climatico\\\/#breadcrumb\",\"itemListElement\":[{\"@type\":\"ListItem\",\"position\":1,\"name\":\"Home\",\"item\":\"https:\\\/\\\/canal7slp.tv\\\/2019\\\/\"},{\"@type\":\"ListItem\",\"position\":2,\"name\":\"Islandia despide a Okj\u00f6kulI; primer glaciar muerto por cambio clim\u00e1tico\"}]},{\"@type\":\"WebSite\",\"@id\":\"https:\\\/\\\/canal7slp.tv\\\/2019\\\/#website\",\"url\":\"https:\\\/\\\/canal7slp.tv\\\/2019\\\/\",\"name\":\"Canal 7 SLP - Somos TV\",\"description\":\"Somos un Canal de 10\",\"publisher\":{\"@id\":\"https:\\\/\\\/canal7slp.tv\\\/2019\\\/#organization\"},\"potentialAction\":[{\"@type\":\"SearchAction\",\"target\":{\"@type\":\"EntryPoint\",\"urlTemplate\":\"https:\\\/\\\/canal7slp.tv\\\/2019\\\/?s={search_term_string}\"},\"query-input\":{\"@type\":\"PropertyValueSpecification\",\"valueRequired\":true,\"valueName\":\"search_term_string\"}}],\"inLanguage\":\"es\"},{\"@type\":\"Organization\",\"@id\":\"https:\\\/\\\/canal7slp.tv\\\/2019\\\/#organization\",\"name\":\"Comunicaci\u00f3n 2000 S.A. de C.V.\",\"url\":\"https:\\\/\\\/canal7slp.tv\\\/2019\\\/\",\"logo\":{\"@type\":\"ImageObject\",\"inLanguage\":\"es\",\"@id\":\"https:\\\/\\\/canal7slp.tv\\\/2019\\\/#\\\/schema\\\/logo\\\/image\\\/\",\"url\":\"https:\\\/\\\/canal7slp.tv\\\/2019\\\/wp-content\\\/uploads\\\/2019\\\/07\\\/logo-c7.png\",\"contentUrl\":\"https:\\\/\\\/canal7slp.tv\\\/2019\\\/wp-content\\\/uploads\\\/2019\\\/07\\\/logo-c7.png\",\"width\":220,\"height\":60,\"caption\":\"Comunicaci\u00f3n 2000 S.A. de C.V.\"},\"image\":{\"@id\":\"https:\\\/\\\/canal7slp.tv\\\/2019\\\/#\\\/schema\\\/logo\\\/image\\\/\"},\"sameAs\":[\"https:\\\/\\\/www.facebook.com\\\/CANAL7SLP\\\/\",\"https:\\\/\\\/x.com\\\/canal7_slp\",\"https:\\\/\\\/www.instagram.com\\\/canal7_slp\",\"https:\\\/\\\/www.youtube.com\\\/user\\\/NOTICIEROSCANAL7SLP\\\/\"]},{\"@type\":\"Person\",\"@id\":\"https:\\\/\\\/canal7slp.tv\\\/2019\\\/#\\\/schema\\\/person\\\/11d941c1c6ca30ac0a46b95fa37aa2e3\",\"name\":\"edicionweb\",\"image\":{\"@type\":\"ImageObject\",\"inLanguage\":\"es\",\"@id\":\"https:\\\/\\\/secure.gravatar.com\\\/avatar\\\/eee448fc3f7164808013b816ba91ac7e43bbe82a70bebac296f8bc6f0addaa1a?s=96&d=mm&r=g\",\"url\":\"https:\\\/\\\/secure.gravatar.com\\\/avatar\\\/eee448fc3f7164808013b816ba91ac7e43bbe82a70bebac296f8bc6f0addaa1a?s=96&d=mm&r=g\",\"contentUrl\":\"https:\\\/\\\/secure.gravatar.com\\\/avatar\\\/eee448fc3f7164808013b816ba91ac7e43bbe82a70bebac296f8bc6f0addaa1a?s=96&d=mm&r=g\",\"caption\":\"edicionweb\"}}]}<\/script>\n<!-- \/ Yoast SEO plugin. -->","yoast_head_json":{"title":"Islandia despide a Okj\u00f6kulI; primer glaciar muerto por cambio clim\u00e1tico - Canal 7 SLP - 2019","robots":{"index":"index","follow":"follow","max-snippet":"max-snippet:-1","max-image-preview":"max-image-preview:large","max-video-preview":"max-video-preview:-1"},"canonical":"https:\/\/canal7slp.tv\/2019\/islandia-despide-a-okjokuli-primer-glaciar-muerto-por-cambio-climatico\/","og_locale":"es_ES","og_type":"article","og_title":"Islandia despide a Okj\u00f6kulI; primer glaciar muerto por cambio clim\u00e1tico - Canal 7 SLP - 2019","og_description":"Islandia.- Islandeses, profesores, cient\u00edficos, ecologistas, e interesados en recordar los da\u00f1os que causa el cambio clim\u00e1tico, se dieron cita en la cima lo que hasta 2014 fue considerado un glaciar, en Islandia, con el objetivo de colocar un placa en honor a Okj\u00f6kull. En su cuenta de Twitter, la Universidad Rice, de Estados Unidos, coloc\u00f3 [&hellip;]","og_url":"https:\/\/canal7slp.tv\/2019\/islandia-despide-a-okjokuli-primer-glaciar-muerto-por-cambio-climatico\/","og_site_name":"Canal 7 SLP - 2019","article_publisher":"https:\/\/www.facebook.com\/CANAL7SLP\/","article_published_time":"2019-08-19T20:18:06+00:00","article_modified_time":"2019-08-19T20:18:21+00:00","og_image":[{"width":615,"height":410,"url":"https:\/\/canal7slp.tv\/2019\/wp-content\/uploads\/2019\/08\/19b.jpg","type":"image\/jpeg"}],"author":"edicionweb","twitter_card":"summary_large_image","twitter_creator":"@canal7_slp","twitter_site":"@canal7_slp","twitter_misc":{"Escrito por":"edicionweb","Tiempo de lectura":"2 minutos"},"schema":{"@context":"https:\/\/schema.org","@graph":[{"@type":"Article","@id":"https:\/\/canal7slp.tv\/2019\/islandia-despide-a-okjokuli-primer-glaciar-muerto-por-cambio-climatico\/#article","isPartOf":{"@id":"https:\/\/canal7slp.tv\/2019\/islandia-despide-a-okjokuli-primer-glaciar-muerto-por-cambio-climatico\/"},"author":{"name":"edicionweb","@id":"https:\/\/canal7slp.tv\/2019\/#\/schema\/person\/11d941c1c6ca30ac0a46b95fa37aa2e3"},"headline":"Islandia despide a Okj\u00f6kulI; primer glaciar muerto por cambio clim\u00e1tico","datePublished":"2019-08-19T20:18:06+00:00","dateModified":"2019-08-19T20:18:21+00:00","mainEntityOfPage":{"@id":"https:\/\/canal7slp.tv\/2019\/islandia-despide-a-okjokuli-primer-glaciar-muerto-por-cambio-climatico\/"},"wordCount":330,"commentCount":0,"publisher":{"@id":"https:\/\/canal7slp.tv\/2019\/#organization"},"image":{"@id":"https:\/\/canal7slp.tv\/2019\/islandia-despide-a-okjokuli-primer-glaciar-muerto-por-cambio-climatico\/#primaryimage"},"thumbnailUrl":"https:\/\/canal7slp.tv\/2019\/wp-content\/uploads\/2019\/08\/19b.jpg","articleSection":["INTERNACIONAL"],"inLanguage":"es","potentialAction":[{"@type":"CommentAction","name":"Comment","target":["https:\/\/canal7slp.tv\/2019\/islandia-despide-a-okjokuli-primer-glaciar-muerto-por-cambio-climatico\/#respond"]}]},{"@type":"WebPage","@id":"https:\/\/canal7slp.tv\/2019\/islandia-despide-a-okjokuli-primer-glaciar-muerto-por-cambio-climatico\/","url":"https:\/\/canal7slp.tv\/2019\/islandia-despide-a-okjokuli-primer-glaciar-muerto-por-cambio-climatico\/","name":"Islandia despide a Okj\u00f6kulI; primer glaciar muerto por cambio clim\u00e1tico - Canal 7 SLP - 2019","isPartOf":{"@id":"https:\/\/canal7slp.tv\/2019\/#website"},"primaryImageOfPage":{"@id":"https:\/\/canal7slp.tv\/2019\/islandia-despide-a-okjokuli-primer-glaciar-muerto-por-cambio-climatico\/#primaryimage"},"image":{"@id":"https:\/\/canal7slp.tv\/2019\/islandia-despide-a-okjokuli-primer-glaciar-muerto-por-cambio-climatico\/#primaryimage"},"thumbnailUrl":"https:\/\/canal7slp.tv\/2019\/wp-content\/uploads\/2019\/08\/19b.jpg","datePublished":"2019-08-19T20:18:06+00:00","dateModified":"2019-08-19T20:18:21+00:00","breadcrumb":{"@id":"https:\/\/canal7slp.tv\/2019\/islandia-despide-a-okjokuli-primer-glaciar-muerto-por-cambio-climatico\/#breadcrumb"},"inLanguage":"es","potentialAction":[{"@type":"ReadAction","target":["https:\/\/canal7slp.tv\/2019\/islandia-despide-a-okjokuli-primer-glaciar-muerto-por-cambio-climatico\/"]}]},{"@type":"ImageObject","inLanguage":"es","@id":"https:\/\/canal7slp.tv\/2019\/islandia-despide-a-okjokuli-primer-glaciar-muerto-por-cambio-climatico\/#primaryimage","url":"https:\/\/canal7slp.tv\/2019\/wp-content\/uploads\/2019\/08\/19b.jpg","contentUrl":"https:\/\/canal7slp.tv\/2019\/wp-content\/uploads\/2019\/08\/19b.jpg","width":615,"height":410},{"@type":"BreadcrumbList","@id":"https:\/\/canal7slp.tv\/2019\/islandia-despide-a-okjokuli-primer-glaciar-muerto-por-cambio-climatico\/#breadcrumb","itemListElement":[{"@type":"ListItem","position":1,"name":"Home","item":"https:\/\/canal7slp.tv\/2019\/"},{"@type":"ListItem","position":2,"name":"Islandia despide a Okj\u00f6kulI; primer glaciar muerto por cambio clim\u00e1tico"}]},{"@type":"WebSite","@id":"https:\/\/canal7slp.tv\/2019\/#website","url":"https:\/\/canal7slp.tv\/2019\/","name":"Canal 7 SLP - Somos TV","description":"Somos un Canal de 10","publisher":{"@id":"https:\/\/canal7slp.tv\/2019\/#organization"},"potentialAction":[{"@type":"SearchAction","target":{"@type":"EntryPoint","urlTemplate":"https:\/\/canal7slp.tv\/2019\/?s={search_term_string}"},"query-input":{"@type":"PropertyValueSpecification","valueRequired":true,"valueName":"search_term_string"}}],"inLanguage":"es"},{"@type":"Organization","@id":"https:\/\/canal7slp.tv\/2019\/#organization","name":"Comunicaci\u00f3n 2000 S.A. de C.V.","url":"https:\/\/canal7slp.tv\/2019\/","logo":{"@type":"ImageObject","inLanguage":"es","@id":"https:\/\/canal7slp.tv\/2019\/#\/schema\/logo\/image\/","url":"https:\/\/canal7slp.tv\/2019\/wp-content\/uploads\/2019\/07\/logo-c7.png","contentUrl":"https:\/\/canal7slp.tv\/2019\/wp-content\/uploads\/2019\/07\/logo-c7.png","width":220,"height":60,"caption":"Comunicaci\u00f3n 2000 S.A. de C.V."},"image":{"@id":"https:\/\/canal7slp.tv\/2019\/#\/schema\/logo\/image\/"},"sameAs":["https:\/\/www.facebook.com\/CANAL7SLP\/","https:\/\/x.com\/canal7_slp","https:\/\/www.instagram.com\/canal7_slp","https:\/\/www.youtube.com\/user\/NOTICIEROSCANAL7SLP\/"]},{"@type":"Person","@id":"https:\/\/canal7slp.tv\/2019\/#\/schema\/person\/11d941c1c6ca30ac0a46b95fa37aa2e3","name":"edicionweb","image":{"@type":"ImageObject","inLanguage":"es","@id":"https:\/\/secure.gravatar.com\/avatar\/eee448fc3f7164808013b816ba91ac7e43bbe82a70bebac296f8bc6f0addaa1a?s=96&d=mm&r=g","url":"https:\/\/secure.gravatar.com\/avatar\/eee448fc3f7164808013b816ba91ac7e43bbe82a70bebac296f8bc6f0addaa1a?s=96&d=mm&r=g","contentUrl":"https:\/\/secure.gravatar.com\/avatar\/eee448fc3f7164808013b816ba91ac7e43bbe82a70bebac296f8bc6f0addaa1a?s=96&d=mm&r=g","caption":"edicionweb"}}]}},"amp_enabled":true,"cmb2":{"video_ids_in_playlist":{"vid_p_videos":""},"video_ids_in_channel":{"vid_c_videos":""},"playlist_ids_in_channel":{"vid_c_playlists":""},"series_ids_in_channel":{"vid_c_series":""},"channel_images":{"vid_c_logo":"","vid_c_banner":""},"poster_feature_image":{"vid_m_poster_image":""},"gif_feature_image":{"vid_m_gif_image":""},"video_movie_settings":{"vid_m_director":"","vid_m_actor":"","vid_m_imdb_ratings":"","vid_m_amazon_associates":""},"vid_youtube_broadcasts_settings":{"vid_yb_broadcast_title":"","vid_yb_q":"","vid_yb_channelid":"","vid_yb_videocategoryid":"","vid_yb_maxresults":"","vid_yb_order":"","vid_yb_regioncode":"","vid_yb_videosyndicated":"","vid_yb_style":"","vid_yb_reload_first":""},"video_series_settings":{"vid_m_director":"","vid_m_actor":"","vid_m_imdb_ratings":"","video_series_group":""},"amazon_associates_settings":{"amazon_associates":"","amazon_native_ad":""},"vid_youtube_automatic_settings":{"vid_ya_youtube_source":"","vid_ya_update_every":"","vid_ya_update_unit":"","vid_ya_categories":"","vid_ya_published_after":"","vid_ya_published_before":"","vid_ya_playlists":"","vid_ya_channels":"","vid_ya_director":"","vid_ya_actor":"","vid_ya_author":"","vid_ya_import_post_date":"","vid_ya_status":"","vid_ya_sub_api_key":""},"vid_ads_m_videoads_settings_post":{"vid_ads_m_video_ads":"","vid_ads_m_video_ads_type":"","vid_ads_m_group_google_ima":"","vid_ads_m_group_image":"","vid_ads_m_group_html5_video":"","vid_ads_m_group_html":"","vid_ads_m_vast_preroll":"","vid_ads_m_vast_postroll":"","vid_ads_m_vast_pauseroll":"","vid_ads_m_vast_midroll":[{"vid_ads_m_vast_timer_seconds":"50"}],"vid_ads_m_time_to_show_ads":"","vid_ads_m_time_skip_ads":"","vid_ads_m_time_to_hide_ads":""},"page_slider_settings":{"display_slider_group":"","page_slider_group":""},"blog_page_settings":{"blog_page_title":"","blog_page_heading":"","blog_page_ic":"","blog_page_it":"","blog_page_ec":"","blog_page_ip":"","archive_loop_style":"","blog_image_ratio":"","blog_show_categories":"","blog_show_excerpt":"","blog_show_author":"","blog_show_date":"","blog_show_comment_count":"","blog_show_view_count":"","blog_show_like_count":"","blog_show_dislike_count":"","blog_items_per_page":"","blog_pag_type":""},"page_options":{"get_page_template":"","color_mode":"","main_layout":"","main_layout_full_with":"","main_logo":"","main_logo_retina":"","main_logo_mobile":"","main_logo_mobile_retina":"","sticky_logo":"","sticky_logo_retina":"","main_nav_layout":"","ajax_search":"","header_background":"","theme_sidebar":"","instagram_feed":"","instagram_feed_position":"","popular_videos":"","popular_videos_title_1":"","popular_videos_title_2":"","popular_videos_ic":"","popular_videos_it":"","theme_background":"","page_custom_css":""},"feature_image_settings":{"feature_image_position":""},"video_player_settings":{"single_video_style":"","video_player_position":"","vm_video_url":"","video_player_library":"","video_streaming":"","vm_media_sources":"","vid_auto_play":"","vm_video_shortcode":"","vid_p_sync_playlist":"","vid_c_sync_channel":"","get_post_format":"","multiple_links_structure":"default","multi_links_title":"","vm_video_multi_links":"","vm_duration":"","vid_social_locker":"off","vid_social_locker_id":"","vid_membership_action":"content-video","vm_video_trailer_url":"","vid_download_type":"free","vid_download_target":"download","vid_woo_product":"","vm_media_download":"","user_rating":"","user_rating_position":"","user_rating_mode":"","user_rating_multi_sets":""},"video_auto_fetch_settings":{"vm_video_fetch":"on"},"video_fake_views_likes":{"vm_fake_views":"","vm_fake_likes":"","vm_fake_dislikes":""},"gallery_settings":{"gallery_position":""},"quote_settings":{"quote_position":""},"post_options":{"main_layout":"","main_logo":"","main_logo_retina":"","main_logo_mobile":"","main_logo_mobile_retina":"","sticky_logo":"","sticky_logo_retina":"","main_nav_layout":"","header_background":"","theme_sidebar":"","single_post_comment_type":"","theme_background":""}},"_links":{"self":[{"href":"https:\/\/canal7slp.tv\/2019\/wp-json\/wp\/v2\/posts\/51464","targetHints":{"allow":["GET"]}}],"collection":[{"href":"https:\/\/canal7slp.tv\/2019\/wp-json\/wp\/v2\/posts"}],"about":[{"href":"https:\/\/canal7slp.tv\/2019\/wp-json\/wp\/v2\/types\/post"}],"author":[{"embeddable":true,"href":"https:\/\/canal7slp.tv\/2019\/wp-json\/wp\/v2\/users\/2"}],"replies":[{"embeddable":true,"href":"https:\/\/canal7slp.tv\/2019\/wp-json\/wp\/v2\/comments?post=51464"}],"version-history":[{"count":0,"href":"https:\/\/canal7slp.tv\/2019\/wp-json\/wp\/v2\/posts\/51464\/revisions"}],"wp:featuredmedia":[{"embeddable":true,"href":"https:\/\/canal7slp.tv\/2019\/wp-json\/wp\/v2\/media\/51466"}],"wp:attachment":[{"href":"https:\/\/canal7slp.tv\/2019\/wp-json\/wp\/v2\/media?parent=51464"}],"wp:term":[{"taxonomy":"category","embeddable":true,"href":"https:\/\/canal7slp.tv\/2019\/wp-json\/wp\/v2\/categories?post=51464"},{"taxonomy":"post_tag","embeddable":true,"href":"https:\/\/canal7slp.tv\/2019\/wp-json\/wp\/v2\/tags?post=51464"}],"curies":[{"name":"wp","href":"https:\/\/api.w.org\/{rel}","templated":true}]}}