{"id":51295,"date":"2019-08-19T08:45:45","date_gmt":"2019-08-19T13:45:45","guid":{"rendered":"https:\/\/canal7slp.tv\/2019\/?p=51295"},"modified":"2019-08-19T08:45:45","modified_gmt":"2019-08-19T13:45:45","slug":"las-bolsas-europeas-siguen-respirando-pese-a-las-advertencias-sobre-alemania","status":"publish","type":"post","link":"https:\/\/canal7slp.tv\/2019\/las-bolsas-europeas-siguen-respirando-pese-a-las-advertencias-sobre-alemania\/","title":{"rendered":"Las bolsas europeas siguen respirando pese a las advertencias sobre Alemania"},"content":{"rendered":"<p style=\"text-align: justify;\">Madird.- Las bolsas europeas siguen respirando (el Ibex sube un 0,9% y afianza los 8.700 puntos; el resto de selectivos suben un 1% de media), tras las nuevas perspectivas de est\u00edmulo econ\u00f3mico. Si hace unos d\u00edas era el Banco Central Europeo (BCE) el que reconoc\u00eda estar preparando un &#8220;fuerte paquete de medidas&#8221; para su reuni\u00f3n de septiembre, ahora Alemania ha reconocido que se plantea abandonar su pol\u00edtica de equilibrio presupuestario para luchar contra la amenaza de recesi\u00f3n. De hecho, el Bundesbank ya aleta de que los problemas est\u00e1n m\u00e1s cerca de lo que se cree.<\/p>\n<p style=\"text-align: justify;\">En la bolsa espa\u00f1ola destaca, por un lado la subida de PharmaMar, despu\u00e9s de anunciar que va a pedir en EEUU el registro de un nuevo f\u00e1rmaco contra el c\u00e1ncer de pulm\u00f3n. Sus t\u00edtulos suben ahora un 28%. Por otro lado, en el Ibex 35, mencionar el avance de M\u00e1sM\u00f3vil, que es la mejor del selectivo con un repunte superior al 5%, frente a las ca\u00eddas que registran BBVA (-0,6%), Bankinter (-0,5%) y Red El\u00e9ctrica (-0,3%).<\/p>\n<p style=\"text-align: justify;\">Este fin de semana el ministro alem\u00e1n de Finanzas, Olaf Scholz, ha asegurado que la mayor econom\u00eda de la Eurozona tiene fuerza fiscal suficiente para mitigar cualquier crisis econ\u00f3mica futura, de forma que, si llega, Alemania le plantar\u00e1 cara &#8220;toda su fuerza&#8221;. De hecho, sugiri\u00f3 que Berl\u00edn podr\u00eda aprobar alrededor de 50.000 millones de euros de gasto adicional, lo que supondr\u00eda abandonar la pol\u00edtica de equilibrio presupuestaria, conocida como &#8216;cero negro&#8217;, pero no dio ninguna pista que indicase que se har\u00eda de forma inminente. Sin embargo, podr\u00eda ser antes de lo previsto, ya que el Bundesbank ha confirmado que la &#8216;locomotora europea&#8217; est\u00e1 a un paso de la recesi\u00f3n.<\/p>\n<p style=\"text-align: justify;\">Como dicen los expertos de CMC Markets, &#8220;esto en s\u00ed mismo es significativo, dada la tendencia de Alemania a errar hacia la prudencia fiscal&#8221;, pero aunque es cierto que los datos econ\u00f3micos de la semana pasada fueron &#8220;decepcionantes&#8221;, tambi\u00e9n lo es que a\u00fan &#8220;est\u00e1n lejos de ser lo suficientemente malos como para llevar al gobierno alem\u00e1n a desviarse de su pol\u00edtica de d\u00e9ficit cero&#8221;.<\/p>\n<p style=\"text-align: justify;\">Pero los est\u00edmulos no acaban aqu\u00ed, ya que el Banco Central de China ha revelado que reformar\u00e1 los tipos de inter\u00e9s con la intenci\u00f3n de reducir el coste de los pr\u00e9stamos para las empresas y revitalizar la econom\u00eda, que est\u00e1 sufriendo, y mucho, por la guerra comercial que el gigante asi\u00e1tico mantiene con EEUU. Las bolsas asi\u00e1ticas han cerrado en verde tras esta noticia, lideradas por China continental.<\/p>\n<p style=\"text-align: justify;\">Precisamente, sobre la guerra comercial ha hablado el presidente estadounidense Donald Trump, que ha insistido que en a\u00fan &#8220;no est\u00e1 listo&#8221; para firmar un acuerdo con Pek\u00edn. De hecho, el republicano intenta quitar hierro a los temores de los inversores sobre una recesi\u00f3n, rechazando que el conflicto con China est\u00e9 haciendo da\u00f1o a EEUU, y ha remarcado que su administraci\u00f3n lo est\u00e1 haciendo &#8220;tremendamente bien&#8221;. Asimismo, ha incidido en que antes de llegar a un trato, le gustar\u00eda que primero China resolviese las protestas de Hong Kong de manera &#8220;humanitaria&#8221;. &#8220;Creo que ser\u00eda muy bueno para el acuerdo comercial&#8221;, ha sentenciado.<\/p>\n<p style=\"text-align: justify;\">Y, a la vez, Trump sigue presionando a la Reserva Federal (Fed) para que baje los tipos. Esta semana los bancos centrales volver\u00e1n a ser protagonistas, ya que en los pr\u00f3ximos d\u00edas se conocer\u00e1n las actas de la \u00faltima reuni\u00f3n de la Fed y del BCE. Y, adem\u00e1s, se celebra el simposio Jackson Hole, en el que la intervenci\u00f3n de Jerome Powell ser\u00e1 seguida con lupa por los inversores en busca de cualquier pista que adelante el camino que seguir\u00e1 el organismo en los pr\u00f3ximos meses.<\/p>\n<p style=\"text-align: justify;\">Por otro lado, los rendimientos de los bonos del Tesoro estadounidense, que han causando incertidumbre a nivel mundial por la posible recesi\u00f3n que adelantaba la inversi\u00f3n de la curva de tipos que se produjo la semana pasada, muestra ahora signos de recuperaci\u00f3n.<\/p>\n<p style=\"text-align: justify;\">En el plano macroecon\u00f3mico este lunes se ha conocido el dato final de la inflaci\u00f3n de la Eurozona en julio, que se ha debilitado al 1%, su nivel m\u00e1s bajo desde 2016, y la cuenta corriente de la regi\u00f3n del euro (el super\u00e1vit ha ca\u00eddo un 40% en el sexto mes del a\u00f1o).<\/p>\n","protected":false},"excerpt":{"rendered":"<p>Madird.- Las bolsas europeas siguen respirando (el Ibex sube un 0,9% y afianza los 8.700 puntos; el resto de selectivos suben un 1% de media), tras las nuevas perspectivas de est\u00edmulo econ\u00f3mico. Si hace unos d\u00edas era el Banco Central Europeo (BCE) el que reconoc\u00eda estar preparando un &#8220;fuerte paquete de medidas&#8221; para su reuni\u00f3n [&hellip;]<\/p>\n","protected":false},"author":2,"featured_media":51300,"comment_status":"open","ping_status":"open","sticky":false,"template":"","format":"standard","meta":{"footnotes":""},"categories":[98],"tags":[],"class_list":["post-51295","post","type-post","status-publish","format-standard","has-post-thumbnail","hentry","category-finanzas"],"yoast_head":"<!-- This site is optimized with the Yoast SEO plugin v27.5 - https:\/\/yoast.com\/product\/yoast-seo-wordpress\/ -->\n<title>Las bolsas europeas siguen respirando pese a las advertencias sobre Alemania - Canal 7 SLP - 2019<\/title>\n<meta name=\"robots\" content=\"index, follow, max-snippet:-1, max-image-preview:large, max-video-preview:-1\" \/>\n<link rel=\"canonical\" href=\"https:\/\/canal7slp.tv\/2019\/las-bolsas-europeas-siguen-respirando-pese-a-las-advertencias-sobre-alemania\/\" \/>\n<meta property=\"og:locale\" content=\"es_ES\" \/>\n<meta property=\"og:type\" content=\"article\" \/>\n<meta property=\"og:title\" content=\"Las bolsas europeas siguen respirando pese a las advertencias sobre Alemania - Canal 7 SLP - 2019\" \/>\n<meta property=\"og:description\" content=\"Madird.- Las bolsas europeas siguen respirando (el Ibex sube un 0,9% y afianza los 8.700 puntos; el resto de selectivos suben un 1% de media), tras las nuevas perspectivas de est\u00edmulo econ\u00f3mico. Si hace unos d\u00edas era el Banco Central Europeo (BCE) el que reconoc\u00eda estar preparando un &#8220;fuerte paquete de medidas&#8221; para su reuni\u00f3n [&hellip;]\" \/>\n<meta property=\"og:url\" content=\"https:\/\/canal7slp.tv\/2019\/las-bolsas-europeas-siguen-respirando-pese-a-las-advertencias-sobre-alemania\/\" \/>\n<meta property=\"og:site_name\" content=\"Canal 7 SLP - 2019\" \/>\n<meta property=\"article:publisher\" content=\"https:\/\/www.facebook.com\/CANAL7SLP\/\" \/>\n<meta property=\"article:published_time\" content=\"2019-08-19T13:45:45+00:00\" \/>\n<meta property=\"og:image\" content=\"https:\/\/canal7slp.tv\/2019\/wp-content\/uploads\/2019\/08\/900-10.jpg\" \/>\n\t<meta property=\"og:image:width\" content=\"669\" \/>\n\t<meta property=\"og:image:height\" content=\"410\" \/>\n\t<meta property=\"og:image:type\" content=\"image\/jpeg\" \/>\n<meta name=\"author\" content=\"edicionweb\" \/>\n<meta name=\"twitter:card\" content=\"summary_large_image\" \/>\n<meta name=\"twitter:creator\" content=\"@canal7_slp\" \/>\n<meta name=\"twitter:site\" content=\"@canal7_slp\" \/>\n<meta name=\"twitter:label1\" content=\"Escrito por\" \/>\n\t<meta name=\"twitter:data1\" content=\"edicionweb\" \/>\n\t<meta name=\"twitter:label2\" content=\"Tiempo de lectura\" \/>\n\t<meta name=\"twitter:data2\" content=\"4 minutos\" \/>\n<script type=\"application\/ld+json\" class=\"yoast-schema-graph\">{\"@context\":\"https:\\\/\\\/schema.org\",\"@graph\":[{\"@type\":\"Article\",\"@id\":\"https:\\\/\\\/canal7slp.tv\\\/2019\\\/las-bolsas-europeas-siguen-respirando-pese-a-las-advertencias-sobre-alemania\\\/#article\",\"isPartOf\":{\"@id\":\"https:\\\/\\\/canal7slp.tv\\\/2019\\\/las-bolsas-europeas-siguen-respirando-pese-a-las-advertencias-sobre-alemania\\\/\"},\"author\":{\"name\":\"edicionweb\",\"@id\":\"https:\\\/\\\/canal7slp.tv\\\/2019\\\/#\\\/schema\\\/person\\\/11d941c1c6ca30ac0a46b95fa37aa2e3\"},\"headline\":\"Las bolsas europeas siguen respirando pese a las advertencias sobre Alemania\",\"datePublished\":\"2019-08-19T13:45:45+00:00\",\"mainEntityOfPage\":{\"@id\":\"https:\\\/\\\/canal7slp.tv\\\/2019\\\/las-bolsas-europeas-siguen-respirando-pese-a-las-advertencias-sobre-alemania\\\/\"},\"wordCount\":764,\"commentCount\":0,\"publisher\":{\"@id\":\"https:\\\/\\\/canal7slp.tv\\\/2019\\\/#organization\"},\"image\":{\"@id\":\"https:\\\/\\\/canal7slp.tv\\\/2019\\\/las-bolsas-europeas-siguen-respirando-pese-a-las-advertencias-sobre-alemania\\\/#primaryimage\"},\"thumbnailUrl\":\"https:\\\/\\\/canal7slp.tv\\\/2019\\\/wp-content\\\/uploads\\\/2019\\\/08\\\/900-10.jpg\",\"articleSection\":[\"FINANZAS\"],\"inLanguage\":\"es\",\"potentialAction\":[{\"@type\":\"CommentAction\",\"name\":\"Comment\",\"target\":[\"https:\\\/\\\/canal7slp.tv\\\/2019\\\/las-bolsas-europeas-siguen-respirando-pese-a-las-advertencias-sobre-alemania\\\/#respond\"]}]},{\"@type\":\"WebPage\",\"@id\":\"https:\\\/\\\/canal7slp.tv\\\/2019\\\/las-bolsas-europeas-siguen-respirando-pese-a-las-advertencias-sobre-alemania\\\/\",\"url\":\"https:\\\/\\\/canal7slp.tv\\\/2019\\\/las-bolsas-europeas-siguen-respirando-pese-a-las-advertencias-sobre-alemania\\\/\",\"name\":\"Las bolsas europeas siguen respirando pese a las advertencias sobre Alemania - Canal 7 SLP - 2019\",\"isPartOf\":{\"@id\":\"https:\\\/\\\/canal7slp.tv\\\/2019\\\/#website\"},\"primaryImageOfPage\":{\"@id\":\"https:\\\/\\\/canal7slp.tv\\\/2019\\\/las-bolsas-europeas-siguen-respirando-pese-a-las-advertencias-sobre-alemania\\\/#primaryimage\"},\"image\":{\"@id\":\"https:\\\/\\\/canal7slp.tv\\\/2019\\\/las-bolsas-europeas-siguen-respirando-pese-a-las-advertencias-sobre-alemania\\\/#primaryimage\"},\"thumbnailUrl\":\"https:\\\/\\\/canal7slp.tv\\\/2019\\\/wp-content\\\/uploads\\\/2019\\\/08\\\/900-10.jpg\",\"datePublished\":\"2019-08-19T13:45:45+00:00\",\"breadcrumb\":{\"@id\":\"https:\\\/\\\/canal7slp.tv\\\/2019\\\/las-bolsas-europeas-siguen-respirando-pese-a-las-advertencias-sobre-alemania\\\/#breadcrumb\"},\"inLanguage\":\"es\",\"potentialAction\":[{\"@type\":\"ReadAction\",\"target\":[\"https:\\\/\\\/canal7slp.tv\\\/2019\\\/las-bolsas-europeas-siguen-respirando-pese-a-las-advertencias-sobre-alemania\\\/\"]}]},{\"@type\":\"ImageObject\",\"inLanguage\":\"es\",\"@id\":\"https:\\\/\\\/canal7slp.tv\\\/2019\\\/las-bolsas-europeas-siguen-respirando-pese-a-las-advertencias-sobre-alemania\\\/#primaryimage\",\"url\":\"https:\\\/\\\/canal7slp.tv\\\/2019\\\/wp-content\\\/uploads\\\/2019\\\/08\\\/900-10.jpg\",\"contentUrl\":\"https:\\\/\\\/canal7slp.tv\\\/2019\\\/wp-content\\\/uploads\\\/2019\\\/08\\\/900-10.jpg\",\"width\":669,\"height\":410},{\"@type\":\"BreadcrumbList\",\"@id\":\"https:\\\/\\\/canal7slp.tv\\\/2019\\\/las-bolsas-europeas-siguen-respirando-pese-a-las-advertencias-sobre-alemania\\\/#breadcrumb\",\"itemListElement\":[{\"@type\":\"ListItem\",\"position\":1,\"name\":\"Home\",\"item\":\"https:\\\/\\\/canal7slp.tv\\\/2019\\\/\"},{\"@type\":\"ListItem\",\"position\":2,\"name\":\"Las bolsas europeas siguen respirando pese a las advertencias sobre Alemania\"}]},{\"@type\":\"WebSite\",\"@id\":\"https:\\\/\\\/canal7slp.tv\\\/2019\\\/#website\",\"url\":\"https:\\\/\\\/canal7slp.tv\\\/2019\\\/\",\"name\":\"Canal 7 SLP - Somos TV\",\"description\":\"Somos un Canal de 10\",\"publisher\":{\"@id\":\"https:\\\/\\\/canal7slp.tv\\\/2019\\\/#organization\"},\"potentialAction\":[{\"@type\":\"SearchAction\",\"target\":{\"@type\":\"EntryPoint\",\"urlTemplate\":\"https:\\\/\\\/canal7slp.tv\\\/2019\\\/?s={search_term_string}\"},\"query-input\":{\"@type\":\"PropertyValueSpecification\",\"valueRequired\":true,\"valueName\":\"search_term_string\"}}],\"inLanguage\":\"es\"},{\"@type\":\"Organization\",\"@id\":\"https:\\\/\\\/canal7slp.tv\\\/2019\\\/#organization\",\"name\":\"Comunicaci\u00f3n 2000 S.A. de C.V.\",\"url\":\"https:\\\/\\\/canal7slp.tv\\\/2019\\\/\",\"logo\":{\"@type\":\"ImageObject\",\"inLanguage\":\"es\",\"@id\":\"https:\\\/\\\/canal7slp.tv\\\/2019\\\/#\\\/schema\\\/logo\\\/image\\\/\",\"url\":\"https:\\\/\\\/canal7slp.tv\\\/2019\\\/wp-content\\\/uploads\\\/2019\\\/07\\\/logo-c7.png\",\"contentUrl\":\"https:\\\/\\\/canal7slp.tv\\\/2019\\\/wp-content\\\/uploads\\\/2019\\\/07\\\/logo-c7.png\",\"width\":220,\"height\":60,\"caption\":\"Comunicaci\u00f3n 2000 S.A. de C.V.\"},\"image\":{\"@id\":\"https:\\\/\\\/canal7slp.tv\\\/2019\\\/#\\\/schema\\\/logo\\\/image\\\/\"},\"sameAs\":[\"https:\\\/\\\/www.facebook.com\\\/CANAL7SLP\\\/\",\"https:\\\/\\\/x.com\\\/canal7_slp\",\"https:\\\/\\\/www.instagram.com\\\/canal7_slp\",\"https:\\\/\\\/www.youtube.com\\\/user\\\/NOTICIEROSCANAL7SLP\\\/\"]},{\"@type\":\"Person\",\"@id\":\"https:\\\/\\\/canal7slp.tv\\\/2019\\\/#\\\/schema\\\/person\\\/11d941c1c6ca30ac0a46b95fa37aa2e3\",\"name\":\"edicionweb\",\"image\":{\"@type\":\"ImageObject\",\"inLanguage\":\"es\",\"@id\":\"https:\\\/\\\/secure.gravatar.com\\\/avatar\\\/eee448fc3f7164808013b816ba91ac7e43bbe82a70bebac296f8bc6f0addaa1a?s=96&d=mm&r=g\",\"url\":\"https:\\\/\\\/secure.gravatar.com\\\/avatar\\\/eee448fc3f7164808013b816ba91ac7e43bbe82a70bebac296f8bc6f0addaa1a?s=96&d=mm&r=g\",\"contentUrl\":\"https:\\\/\\\/secure.gravatar.com\\\/avatar\\\/eee448fc3f7164808013b816ba91ac7e43bbe82a70bebac296f8bc6f0addaa1a?s=96&d=mm&r=g\",\"caption\":\"edicionweb\"}}]}<\/script>\n<!-- \/ Yoast SEO plugin. -->","yoast_head_json":{"title":"Las bolsas europeas siguen respirando pese a las advertencias sobre Alemania - Canal 7 SLP - 2019","robots":{"index":"index","follow":"follow","max-snippet":"max-snippet:-1","max-image-preview":"max-image-preview:large","max-video-preview":"max-video-preview:-1"},"canonical":"https:\/\/canal7slp.tv\/2019\/las-bolsas-europeas-siguen-respirando-pese-a-las-advertencias-sobre-alemania\/","og_locale":"es_ES","og_type":"article","og_title":"Las bolsas europeas siguen respirando pese a las advertencias sobre Alemania - Canal 7 SLP - 2019","og_description":"Madird.- Las bolsas europeas siguen respirando (el Ibex sube un 0,9% y afianza los 8.700 puntos; el resto de selectivos suben un 1% de media), tras las nuevas perspectivas de est\u00edmulo econ\u00f3mico. Si hace unos d\u00edas era el Banco Central Europeo (BCE) el que reconoc\u00eda estar preparando un &#8220;fuerte paquete de medidas&#8221; para su reuni\u00f3n [&hellip;]","og_url":"https:\/\/canal7slp.tv\/2019\/las-bolsas-europeas-siguen-respirando-pese-a-las-advertencias-sobre-alemania\/","og_site_name":"Canal 7 SLP - 2019","article_publisher":"https:\/\/www.facebook.com\/CANAL7SLP\/","article_published_time":"2019-08-19T13:45:45+00:00","og_image":[{"width":669,"height":410,"url":"https:\/\/canal7slp.tv\/2019\/wp-content\/uploads\/2019\/08\/900-10.jpg","type":"image\/jpeg"}],"author":"edicionweb","twitter_card":"summary_large_image","twitter_creator":"@canal7_slp","twitter_site":"@canal7_slp","twitter_misc":{"Escrito por":"edicionweb","Tiempo de lectura":"4 minutos"},"schema":{"@context":"https:\/\/schema.org","@graph":[{"@type":"Article","@id":"https:\/\/canal7slp.tv\/2019\/las-bolsas-europeas-siguen-respirando-pese-a-las-advertencias-sobre-alemania\/#article","isPartOf":{"@id":"https:\/\/canal7slp.tv\/2019\/las-bolsas-europeas-siguen-respirando-pese-a-las-advertencias-sobre-alemania\/"},"author":{"name":"edicionweb","@id":"https:\/\/canal7slp.tv\/2019\/#\/schema\/person\/11d941c1c6ca30ac0a46b95fa37aa2e3"},"headline":"Las bolsas europeas siguen respirando pese a las advertencias sobre Alemania","datePublished":"2019-08-19T13:45:45+00:00","mainEntityOfPage":{"@id":"https:\/\/canal7slp.tv\/2019\/las-bolsas-europeas-siguen-respirando-pese-a-las-advertencias-sobre-alemania\/"},"wordCount":764,"commentCount":0,"publisher":{"@id":"https:\/\/canal7slp.tv\/2019\/#organization"},"image":{"@id":"https:\/\/canal7slp.tv\/2019\/las-bolsas-europeas-siguen-respirando-pese-a-las-advertencias-sobre-alemania\/#primaryimage"},"thumbnailUrl":"https:\/\/canal7slp.tv\/2019\/wp-content\/uploads\/2019\/08\/900-10.jpg","articleSection":["FINANZAS"],"inLanguage":"es","potentialAction":[{"@type":"CommentAction","name":"Comment","target":["https:\/\/canal7slp.tv\/2019\/las-bolsas-europeas-siguen-respirando-pese-a-las-advertencias-sobre-alemania\/#respond"]}]},{"@type":"WebPage","@id":"https:\/\/canal7slp.tv\/2019\/las-bolsas-europeas-siguen-respirando-pese-a-las-advertencias-sobre-alemania\/","url":"https:\/\/canal7slp.tv\/2019\/las-bolsas-europeas-siguen-respirando-pese-a-las-advertencias-sobre-alemania\/","name":"Las bolsas europeas siguen respirando pese a las advertencias sobre Alemania - Canal 7 SLP - 2019","isPartOf":{"@id":"https:\/\/canal7slp.tv\/2019\/#website"},"primaryImageOfPage":{"@id":"https:\/\/canal7slp.tv\/2019\/las-bolsas-europeas-siguen-respirando-pese-a-las-advertencias-sobre-alemania\/#primaryimage"},"image":{"@id":"https:\/\/canal7slp.tv\/2019\/las-bolsas-europeas-siguen-respirando-pese-a-las-advertencias-sobre-alemania\/#primaryimage"},"thumbnailUrl":"https:\/\/canal7slp.tv\/2019\/wp-content\/uploads\/2019\/08\/900-10.jpg","datePublished":"2019-08-19T13:45:45+00:00","breadcrumb":{"@id":"https:\/\/canal7slp.tv\/2019\/las-bolsas-europeas-siguen-respirando-pese-a-las-advertencias-sobre-alemania\/#breadcrumb"},"inLanguage":"es","potentialAction":[{"@type":"ReadAction","target":["https:\/\/canal7slp.tv\/2019\/las-bolsas-europeas-siguen-respirando-pese-a-las-advertencias-sobre-alemania\/"]}]},{"@type":"ImageObject","inLanguage":"es","@id":"https:\/\/canal7slp.tv\/2019\/las-bolsas-europeas-siguen-respirando-pese-a-las-advertencias-sobre-alemania\/#primaryimage","url":"https:\/\/canal7slp.tv\/2019\/wp-content\/uploads\/2019\/08\/900-10.jpg","contentUrl":"https:\/\/canal7slp.tv\/2019\/wp-content\/uploads\/2019\/08\/900-10.jpg","width":669,"height":410},{"@type":"BreadcrumbList","@id":"https:\/\/canal7slp.tv\/2019\/las-bolsas-europeas-siguen-respirando-pese-a-las-advertencias-sobre-alemania\/#breadcrumb","itemListElement":[{"@type":"ListItem","position":1,"name":"Home","item":"https:\/\/canal7slp.tv\/2019\/"},{"@type":"ListItem","position":2,"name":"Las bolsas europeas siguen respirando pese a las advertencias sobre Alemania"}]},{"@type":"WebSite","@id":"https:\/\/canal7slp.tv\/2019\/#website","url":"https:\/\/canal7slp.tv\/2019\/","name":"Canal 7 SLP - Somos TV","description":"Somos un Canal de 10","publisher":{"@id":"https:\/\/canal7slp.tv\/2019\/#organization"},"potentialAction":[{"@type":"SearchAction","target":{"@type":"EntryPoint","urlTemplate":"https:\/\/canal7slp.tv\/2019\/?s={search_term_string}"},"query-input":{"@type":"PropertyValueSpecification","valueRequired":true,"valueName":"search_term_string"}}],"inLanguage":"es"},{"@type":"Organization","@id":"https:\/\/canal7slp.tv\/2019\/#organization","name":"Comunicaci\u00f3n 2000 S.A. de C.V.","url":"https:\/\/canal7slp.tv\/2019\/","logo":{"@type":"ImageObject","inLanguage":"es","@id":"https:\/\/canal7slp.tv\/2019\/#\/schema\/logo\/image\/","url":"https:\/\/canal7slp.tv\/2019\/wp-content\/uploads\/2019\/07\/logo-c7.png","contentUrl":"https:\/\/canal7slp.tv\/2019\/wp-content\/uploads\/2019\/07\/logo-c7.png","width":220,"height":60,"caption":"Comunicaci\u00f3n 2000 S.A. de C.V."},"image":{"@id":"https:\/\/canal7slp.tv\/2019\/#\/schema\/logo\/image\/"},"sameAs":["https:\/\/www.facebook.com\/CANAL7SLP\/","https:\/\/x.com\/canal7_slp","https:\/\/www.instagram.com\/canal7_slp","https:\/\/www.youtube.com\/user\/NOTICIEROSCANAL7SLP\/"]},{"@type":"Person","@id":"https:\/\/canal7slp.tv\/2019\/#\/schema\/person\/11d941c1c6ca30ac0a46b95fa37aa2e3","name":"edicionweb","image":{"@type":"ImageObject","inLanguage":"es","@id":"https:\/\/secure.gravatar.com\/avatar\/eee448fc3f7164808013b816ba91ac7e43bbe82a70bebac296f8bc6f0addaa1a?s=96&d=mm&r=g","url":"https:\/\/secure.gravatar.com\/avatar\/eee448fc3f7164808013b816ba91ac7e43bbe82a70bebac296f8bc6f0addaa1a?s=96&d=mm&r=g","contentUrl":"https:\/\/secure.gravatar.com\/avatar\/eee448fc3f7164808013b816ba91ac7e43bbe82a70bebac296f8bc6f0addaa1a?s=96&d=mm&r=g","caption":"edicionweb"}}]}},"amp_enabled":true,"cmb2":{"video_ids_in_playlist":{"vid_p_videos":""},"video_ids_in_channel":{"vid_c_videos":""},"playlist_ids_in_channel":{"vid_c_playlists":""},"series_ids_in_channel":{"vid_c_series":""},"channel_images":{"vid_c_logo":"","vid_c_banner":""},"poster_feature_image":{"vid_m_poster_image":""},"gif_feature_image":{"vid_m_gif_image":""},"video_movie_settings":{"vid_m_director":"","vid_m_actor":"","vid_m_imdb_ratings":"","vid_m_amazon_associates":""},"vid_youtube_broadcasts_settings":{"vid_yb_broadcast_title":"","vid_yb_q":"","vid_yb_channelid":"","vid_yb_videocategoryid":"","vid_yb_maxresults":"","vid_yb_order":"","vid_yb_regioncode":"","vid_yb_videosyndicated":"","vid_yb_style":"","vid_yb_reload_first":""},"video_series_settings":{"vid_m_director":"","vid_m_actor":"","vid_m_imdb_ratings":"","video_series_group":""},"amazon_associates_settings":{"amazon_associates":"","amazon_native_ad":""},"vid_youtube_automatic_settings":{"vid_ya_youtube_source":"","vid_ya_update_every":"","vid_ya_update_unit":"","vid_ya_categories":"","vid_ya_published_after":"","vid_ya_published_before":"","vid_ya_playlists":"","vid_ya_channels":"","vid_ya_director":"","vid_ya_actor":"","vid_ya_author":"","vid_ya_import_post_date":"","vid_ya_status":"","vid_ya_sub_api_key":""},"vid_ads_m_videoads_settings_post":{"vid_ads_m_video_ads":"","vid_ads_m_video_ads_type":"","vid_ads_m_group_google_ima":"","vid_ads_m_group_image":"","vid_ads_m_group_html5_video":"","vid_ads_m_group_html":"","vid_ads_m_vast_preroll":"","vid_ads_m_vast_postroll":"","vid_ads_m_vast_pauseroll":"","vid_ads_m_vast_midroll":[{"vid_ads_m_vast_timer_seconds":"50"}],"vid_ads_m_time_to_show_ads":"","vid_ads_m_time_skip_ads":"","vid_ads_m_time_to_hide_ads":""},"page_slider_settings":{"display_slider_group":"","page_slider_group":""},"blog_page_settings":{"blog_page_title":"","blog_page_heading":"","blog_page_ic":"","blog_page_it":"","blog_page_ec":"","blog_page_ip":"","archive_loop_style":"","blog_image_ratio":"","blog_show_categories":"","blog_show_excerpt":"","blog_show_author":"","blog_show_date":"","blog_show_comment_count":"","blog_show_view_count":"","blog_show_like_count":"","blog_show_dislike_count":"","blog_items_per_page":"","blog_pag_type":""},"page_options":{"get_page_template":"","color_mode":"","main_layout":"","main_layout_full_with":"","main_logo":"","main_logo_retina":"","main_logo_mobile":"","main_logo_mobile_retina":"","sticky_logo":"","sticky_logo_retina":"","main_nav_layout":"","ajax_search":"","header_background":"","theme_sidebar":"","instagram_feed":"","instagram_feed_position":"","popular_videos":"","popular_videos_title_1":"","popular_videos_title_2":"","popular_videos_ic":"","popular_videos_it":"","theme_background":"","page_custom_css":""},"feature_image_settings":{"feature_image_position":""},"video_player_settings":{"single_video_style":"","video_player_position":"","vm_video_url":"","video_player_library":"","video_streaming":"","vm_media_sources":"","vid_auto_play":"","vm_video_shortcode":"","vid_p_sync_playlist":"","vid_c_sync_channel":"","get_post_format":"","multiple_links_structure":"default","multi_links_title":"","vm_video_multi_links":"","vm_duration":"","vid_social_locker":"off","vid_social_locker_id":"","vid_membership_action":"content-video","vm_video_trailer_url":"","vid_download_type":"free","vid_download_target":"download","vid_woo_product":"","vm_media_download":"","user_rating":"","user_rating_position":"","user_rating_mode":"","user_rating_multi_sets":""},"video_auto_fetch_settings":{"vm_video_fetch":"on"},"video_fake_views_likes":{"vm_fake_views":"","vm_fake_likes":"","vm_fake_dislikes":""},"gallery_settings":{"gallery_position":""},"quote_settings":{"quote_position":""},"post_options":{"main_layout":"","main_logo":"","main_logo_retina":"","main_logo_mobile":"","main_logo_mobile_retina":"","sticky_logo":"","sticky_logo_retina":"","main_nav_layout":"","header_background":"","theme_sidebar":"","single_post_comment_type":"","theme_background":""}},"_links":{"self":[{"href":"https:\/\/canal7slp.tv\/2019\/wp-json\/wp\/v2\/posts\/51295","targetHints":{"allow":["GET"]}}],"collection":[{"href":"https:\/\/canal7slp.tv\/2019\/wp-json\/wp\/v2\/posts"}],"about":[{"href":"https:\/\/canal7slp.tv\/2019\/wp-json\/wp\/v2\/types\/post"}],"author":[{"embeddable":true,"href":"https:\/\/canal7slp.tv\/2019\/wp-json\/wp\/v2\/users\/2"}],"replies":[{"embeddable":true,"href":"https:\/\/canal7slp.tv\/2019\/wp-json\/wp\/v2\/comments?post=51295"}],"version-history":[{"count":0,"href":"https:\/\/canal7slp.tv\/2019\/wp-json\/wp\/v2\/posts\/51295\/revisions"}],"wp:featuredmedia":[{"embeddable":true,"href":"https:\/\/canal7slp.tv\/2019\/wp-json\/wp\/v2\/media\/51300"}],"wp:attachment":[{"href":"https:\/\/canal7slp.tv\/2019\/wp-json\/wp\/v2\/media?parent=51295"}],"wp:term":[{"taxonomy":"category","embeddable":true,"href":"https:\/\/canal7slp.tv\/2019\/wp-json\/wp\/v2\/categories?post=51295"},{"taxonomy":"post_tag","embeddable":true,"href":"https:\/\/canal7slp.tv\/2019\/wp-json\/wp\/v2\/tags?post=51295"}],"curies":[{"name":"wp","href":"https:\/\/api.w.org\/{rel}","templated":true}]}}