{"id":5128,"date":"2019-05-28T20:34:04","date_gmt":"2019-05-29T01:34:04","guid":{"rendered":"https:\/\/canal7slp.tv\/2019\/2019\/05\/emilio-lozoya-y-alonso-ancira-unidos-por-la-corrupcion-en-odebrecht\/"},"modified":"2019-05-28T20:34:04","modified_gmt":"2019-05-29T01:34:04","slug":"emilio-lozoya-y-alonso-ancira-unidos-por-la-corrupcion-en-odebrecht","status":"publish","type":"post","link":"https:\/\/canal7slp.tv\/2019\/emilio-lozoya-y-alonso-ancira-unidos-por-la-corrupcion-en-odebrecht\/","title":{"rendered":"Emilio Lozoya y Alonso Ancira, unidos por la corrupci\u00f3n en Odebrecht"},"content":{"rendered":"<p> [ad_1]<br \/>\n<\/p>\n<p style=\"text-align: justify\">M\u00e9xico.- El exdirector de Pemex, Emilio Lozoya Austin, y Alonso Ancira, due\u00f1o de Altos Hornos de M\u00e9xico (AHMSA), pasaron de formar parte de los altos c\u00edrculos pol\u00edticos y empresariales, a ser requeridos por la justicia debido a presuntos actos de corrupci\u00f3n.<\/p>\n<p style=\"text-align: justify\">El com\u00fan denominador en ambos casos, de acuerdo con las investigaciones de autoridades mexicanas, parece ser la red de sobornos tendida por la empresa brasile\u00f1a Odebrecht.<\/p>\n<p style=\"text-align: justify\">Lozoya Austin es buscado por la justicia luego de que un juez federal le gir\u00f3 una orden de aprehensi\u00f3n. Seg\u00fan versiones hasta ahora sin confirmar, podr\u00eda estar oculto en Miami, Florida, Estados Unidos. En el caso de Ancira, fue arrestado este martes por agentes de la Interpol en Mallorca, Espa\u00f1a.<\/p>\n<p style=\"text-align: justify\">El extitular de Petr\u00f3leos Mexicanos (Pemex) durante el sexenio del presidente Enrique Pe\u00f1a Nieto est\u00e1 acusado de operaciones con recursos de procedencia il\u00edcita y tambi\u00e9n se le se\u00f1ala de recibir 10.5 millones de d\u00f3lares en sobornos de Odebrecht.<\/p>\n<p style=\"text-align: justify\">La semana pasada, la Secretar\u00eda de la Funci\u00f3n P\u00fablica dio a conocer su inhabilitaci\u00f3n por 10 a\u00f1os, &#8220;resultado de un cuidadoso procedimiento de responsabilidades administrativas en donde, entre otras cosas, se detect\u00f3 que proporcion\u00f3 informaci\u00f3n falsa en la declaraci\u00f3n patrimonial y en dos ocasiones se omiti\u00f3 una cuenta bancaria que registraba saldos de cientos de miles de pesos&#8221;, de acuerdo con un comunicado difundido por la dependencia.<\/p>\n<p style=\"text-align: justify\">La v\u00edspera, la Unidad de Inteligencia Financiera (UIF) de la Secretar\u00eda de Hacienda y Cr\u00e9dito P\u00fablico incluy\u00f3 a Lozoya Austin y AHMSA, propiedad de Alonso Ancira, en la \u201clista de personas bloqueadas\u201d, por lo que sus respectivas cuentas bancarias fueron congeladas.<\/p>\n<p style=\"text-align: justify\">En tanto, el presidente de Altos Hornos de M\u00e9xico, Alonso Ancira, fue detenido hoy en Mallorca, una de las Islas Baleares de Espa\u00f1a en el Mediterr\u00e1neo,\u00a0 por agentes de Interpol, tras su vinculaci\u00f3n con pagos ilegales de Odebrecht a Emilio Lozoya.<\/p>\n<p style=\"text-align: justify\">El arresto de Ancira, quien tambi\u00e9n est\u00e1 vinculado con la presunta venta irregular en 2013 de la empresa Agro Nitrogenados a Pemex, cuando la petrolera era dirigida por Lozoya Austin, fue solicitado por autoridades mexicanas y con fines de extradici\u00f3n, de acuerdo con fuentes de la Judicatura y la polic\u00eda espa\u00f1ola citadas por el diario El Pa\u00eds.<\/p>\n<p style=\"text-align: justify\">De acuerdo con el rotativo espa\u00f1ol, el director de AHMSA fue arrestado en el aeropuerto de Palma de Mallorca, al aterrizar esta noche en un vuelo privado, aunque no han sido revelados m\u00e1s detalles.<\/p>\n<p>La entrada <a rel=\"nofollow\" href=\"http:\/\/canal7slp.com\/emilio-lozoya-y-alonso-ancira-unidos-por-la-corrupcion-en-odebrecht\/\">Emilio Lozoya y Alonso Ancira, unidos por la corrupci\u00f3n en Odebrecht<\/a> aparece primero en <a rel=\"nofollow\" href=\"http:\/\/canal7slp.com\">Canal Siete XHSLV | Televisi\u00f3n de San Luis Potos\u00ed<\/a>.<\/p>\n<p>[ad_2]<\/p>\n","protected":false},"excerpt":{"rendered":"<p>[ad_1] M\u00e9xico.- El exdirector de Pemex, Emilio Lozoya Austin, y Alonso Ancira, due\u00f1o de Altos Hornos de M\u00e9xico (AHMSA), pasaron de formar parte de los altos c\u00edrculos pol\u00edticos y empresariales, a ser requeridos por la justicia debido a presuntos actos de corrupci\u00f3n. El com\u00fan denominador en ambos casos, de acuerdo con las investigaciones de autoridades [&hellip;]<\/p>\n","protected":false},"author":2,"featured_media":5129,"comment_status":"open","ping_status":"open","sticky":false,"template":"","format":"standard","meta":{"footnotes":""},"categories":[30],"tags":[],"class_list":["post-5128","post","type-post","status-publish","format-standard","has-post-thumbnail","hentry","category-nacional"],"yoast_head":"<!-- This site is optimized with the Yoast SEO plugin v27.5 - https:\/\/yoast.com\/product\/yoast-seo-wordpress\/ -->\n<title>Emilio Lozoya y Alonso Ancira, unidos por la corrupci\u00f3n en Odebrecht - Canal 7 SLP - 2019<\/title>\n<meta name=\"robots\" content=\"index, follow, max-snippet:-1, max-image-preview:large, max-video-preview:-1\" \/>\n<link rel=\"canonical\" href=\"https:\/\/canal7slp.tv\/2019\/emilio-lozoya-y-alonso-ancira-unidos-por-la-corrupcion-en-odebrecht\/\" \/>\n<meta property=\"og:locale\" content=\"es_ES\" \/>\n<meta property=\"og:type\" content=\"article\" \/>\n<meta property=\"og:title\" content=\"Emilio Lozoya y Alonso Ancira, unidos por la corrupci\u00f3n en Odebrecht - Canal 7 SLP - 2019\" \/>\n<meta property=\"og:description\" content=\"[ad_1] M\u00e9xico.- El exdirector de Pemex, Emilio Lozoya Austin, y Alonso Ancira, due\u00f1o de Altos Hornos de M\u00e9xico (AHMSA), pasaron de formar parte de los altos c\u00edrculos pol\u00edticos y empresariales, a ser requeridos por la justicia debido a presuntos actos de corrupci\u00f3n. El com\u00fan denominador en ambos casos, de acuerdo con las investigaciones de autoridades [&hellip;]\" \/>\n<meta property=\"og:url\" content=\"https:\/\/canal7slp.tv\/2019\/emilio-lozoya-y-alonso-ancira-unidos-por-la-corrupcion-en-odebrecht\/\" \/>\n<meta property=\"og:site_name\" content=\"Canal 7 SLP - 2019\" \/>\n<meta property=\"article:publisher\" content=\"https:\/\/www.facebook.com\/CANAL7SLP\/\" \/>\n<meta property=\"article:published_time\" content=\"2019-05-29T01:34:04+00:00\" \/>\n<meta property=\"og:image\" content=\"https:\/\/canal7slp.tv\/2019\/wp-content\/uploads\/2019\/05\/0730.jpg\" \/>\n\t<meta property=\"og:image:width\" content=\"554\" \/>\n\t<meta property=\"og:image:height\" content=\"410\" \/>\n\t<meta property=\"og:image:type\" content=\"image\/jpeg\" \/>\n<meta name=\"author\" content=\"edicionweb\" \/>\n<meta name=\"twitter:card\" content=\"summary_large_image\" \/>\n<meta name=\"twitter:creator\" content=\"@canal7_slp\" \/>\n<meta name=\"twitter:site\" content=\"@canal7_slp\" \/>\n<meta name=\"twitter:label1\" content=\"Escrito por\" \/>\n\t<meta name=\"twitter:data1\" content=\"edicionweb\" \/>\n\t<meta name=\"twitter:label2\" content=\"Tiempo de lectura\" \/>\n\t<meta name=\"twitter:data2\" content=\"2 minutos\" \/>\n<script type=\"application\/ld+json\" class=\"yoast-schema-graph\">{\"@context\":\"https:\\\/\\\/schema.org\",\"@graph\":[{\"@type\":\"Article\",\"@id\":\"https:\\\/\\\/canal7slp.tv\\\/2019\\\/emilio-lozoya-y-alonso-ancira-unidos-por-la-corrupcion-en-odebrecht\\\/#article\",\"isPartOf\":{\"@id\":\"https:\\\/\\\/canal7slp.tv\\\/2019\\\/emilio-lozoya-y-alonso-ancira-unidos-por-la-corrupcion-en-odebrecht\\\/\"},\"author\":{\"name\":\"edicionweb\",\"@id\":\"https:\\\/\\\/canal7slp.tv\\\/2019\\\/#\\\/schema\\\/person\\\/11d941c1c6ca30ac0a46b95fa37aa2e3\"},\"headline\":\"Emilio Lozoya y Alonso Ancira, unidos por la corrupci\u00f3n en Odebrecht\",\"datePublished\":\"2019-05-29T01:34:04+00:00\",\"mainEntityOfPage\":{\"@id\":\"https:\\\/\\\/canal7slp.tv\\\/2019\\\/emilio-lozoya-y-alonso-ancira-unidos-por-la-corrupcion-en-odebrecht\\\/\"},\"wordCount\":473,\"commentCount\":0,\"publisher\":{\"@id\":\"https:\\\/\\\/canal7slp.tv\\\/2019\\\/#organization\"},\"image\":{\"@id\":\"https:\\\/\\\/canal7slp.tv\\\/2019\\\/emilio-lozoya-y-alonso-ancira-unidos-por-la-corrupcion-en-odebrecht\\\/#primaryimage\"},\"thumbnailUrl\":\"https:\\\/\\\/canal7slp.tv\\\/2019\\\/wp-content\\\/uploads\\\/2019\\\/05\\\/0730.jpg\",\"articleSection\":[\"NACIONAL\"],\"inLanguage\":\"es\",\"potentialAction\":[{\"@type\":\"CommentAction\",\"name\":\"Comment\",\"target\":[\"https:\\\/\\\/canal7slp.tv\\\/2019\\\/emilio-lozoya-y-alonso-ancira-unidos-por-la-corrupcion-en-odebrecht\\\/#respond\"]}]},{\"@type\":\"WebPage\",\"@id\":\"https:\\\/\\\/canal7slp.tv\\\/2019\\\/emilio-lozoya-y-alonso-ancira-unidos-por-la-corrupcion-en-odebrecht\\\/\",\"url\":\"https:\\\/\\\/canal7slp.tv\\\/2019\\\/emilio-lozoya-y-alonso-ancira-unidos-por-la-corrupcion-en-odebrecht\\\/\",\"name\":\"Emilio Lozoya y Alonso Ancira, unidos por la corrupci\u00f3n en Odebrecht - Canal 7 SLP - 2019\",\"isPartOf\":{\"@id\":\"https:\\\/\\\/canal7slp.tv\\\/2019\\\/#website\"},\"primaryImageOfPage\":{\"@id\":\"https:\\\/\\\/canal7slp.tv\\\/2019\\\/emilio-lozoya-y-alonso-ancira-unidos-por-la-corrupcion-en-odebrecht\\\/#primaryimage\"},\"image\":{\"@id\":\"https:\\\/\\\/canal7slp.tv\\\/2019\\\/emilio-lozoya-y-alonso-ancira-unidos-por-la-corrupcion-en-odebrecht\\\/#primaryimage\"},\"thumbnailUrl\":\"https:\\\/\\\/canal7slp.tv\\\/2019\\\/wp-content\\\/uploads\\\/2019\\\/05\\\/0730.jpg\",\"datePublished\":\"2019-05-29T01:34:04+00:00\",\"breadcrumb\":{\"@id\":\"https:\\\/\\\/canal7slp.tv\\\/2019\\\/emilio-lozoya-y-alonso-ancira-unidos-por-la-corrupcion-en-odebrecht\\\/#breadcrumb\"},\"inLanguage\":\"es\",\"potentialAction\":[{\"@type\":\"ReadAction\",\"target\":[\"https:\\\/\\\/canal7slp.tv\\\/2019\\\/emilio-lozoya-y-alonso-ancira-unidos-por-la-corrupcion-en-odebrecht\\\/\"]}]},{\"@type\":\"ImageObject\",\"inLanguage\":\"es\",\"@id\":\"https:\\\/\\\/canal7slp.tv\\\/2019\\\/emilio-lozoya-y-alonso-ancira-unidos-por-la-corrupcion-en-odebrecht\\\/#primaryimage\",\"url\":\"https:\\\/\\\/canal7slp.tv\\\/2019\\\/wp-content\\\/uploads\\\/2019\\\/05\\\/0730.jpg\",\"contentUrl\":\"https:\\\/\\\/canal7slp.tv\\\/2019\\\/wp-content\\\/uploads\\\/2019\\\/05\\\/0730.jpg\",\"width\":554,\"height\":410},{\"@type\":\"BreadcrumbList\",\"@id\":\"https:\\\/\\\/canal7slp.tv\\\/2019\\\/emilio-lozoya-y-alonso-ancira-unidos-por-la-corrupcion-en-odebrecht\\\/#breadcrumb\",\"itemListElement\":[{\"@type\":\"ListItem\",\"position\":1,\"name\":\"Home\",\"item\":\"https:\\\/\\\/canal7slp.tv\\\/2019\\\/\"},{\"@type\":\"ListItem\",\"position\":2,\"name\":\"Emilio Lozoya y Alonso Ancira, unidos por la corrupci\u00f3n en Odebrecht\"}]},{\"@type\":\"WebSite\",\"@id\":\"https:\\\/\\\/canal7slp.tv\\\/2019\\\/#website\",\"url\":\"https:\\\/\\\/canal7slp.tv\\\/2019\\\/\",\"name\":\"Canal 7 SLP - Somos TV\",\"description\":\"Somos un Canal de 10\",\"publisher\":{\"@id\":\"https:\\\/\\\/canal7slp.tv\\\/2019\\\/#organization\"},\"potentialAction\":[{\"@type\":\"SearchAction\",\"target\":{\"@type\":\"EntryPoint\",\"urlTemplate\":\"https:\\\/\\\/canal7slp.tv\\\/2019\\\/?s={search_term_string}\"},\"query-input\":{\"@type\":\"PropertyValueSpecification\",\"valueRequired\":true,\"valueName\":\"search_term_string\"}}],\"inLanguage\":\"es\"},{\"@type\":\"Organization\",\"@id\":\"https:\\\/\\\/canal7slp.tv\\\/2019\\\/#organization\",\"name\":\"Comunicaci\u00f3n 2000 S.A. de C.V.\",\"url\":\"https:\\\/\\\/canal7slp.tv\\\/2019\\\/\",\"logo\":{\"@type\":\"ImageObject\",\"inLanguage\":\"es\",\"@id\":\"https:\\\/\\\/canal7slp.tv\\\/2019\\\/#\\\/schema\\\/logo\\\/image\\\/\",\"url\":\"https:\\\/\\\/canal7slp.tv\\\/2019\\\/wp-content\\\/uploads\\\/2019\\\/07\\\/logo-c7.png\",\"contentUrl\":\"https:\\\/\\\/canal7slp.tv\\\/2019\\\/wp-content\\\/uploads\\\/2019\\\/07\\\/logo-c7.png\",\"width\":220,\"height\":60,\"caption\":\"Comunicaci\u00f3n 2000 S.A. de C.V.\"},\"image\":{\"@id\":\"https:\\\/\\\/canal7slp.tv\\\/2019\\\/#\\\/schema\\\/logo\\\/image\\\/\"},\"sameAs\":[\"https:\\\/\\\/www.facebook.com\\\/CANAL7SLP\\\/\",\"https:\\\/\\\/x.com\\\/canal7_slp\",\"https:\\\/\\\/www.instagram.com\\\/canal7_slp\",\"https:\\\/\\\/www.youtube.com\\\/user\\\/NOTICIEROSCANAL7SLP\\\/\"]},{\"@type\":\"Person\",\"@id\":\"https:\\\/\\\/canal7slp.tv\\\/2019\\\/#\\\/schema\\\/person\\\/11d941c1c6ca30ac0a46b95fa37aa2e3\",\"name\":\"edicionweb\",\"image\":{\"@type\":\"ImageObject\",\"inLanguage\":\"es\",\"@id\":\"https:\\\/\\\/secure.gravatar.com\\\/avatar\\\/eee448fc3f7164808013b816ba91ac7e43bbe82a70bebac296f8bc6f0addaa1a?s=96&d=mm&r=g\",\"url\":\"https:\\\/\\\/secure.gravatar.com\\\/avatar\\\/eee448fc3f7164808013b816ba91ac7e43bbe82a70bebac296f8bc6f0addaa1a?s=96&d=mm&r=g\",\"contentUrl\":\"https:\\\/\\\/secure.gravatar.com\\\/avatar\\\/eee448fc3f7164808013b816ba91ac7e43bbe82a70bebac296f8bc6f0addaa1a?s=96&d=mm&r=g\",\"caption\":\"edicionweb\"}}]}<\/script>\n<!-- \/ Yoast SEO plugin. -->","yoast_head_json":{"title":"Emilio Lozoya y Alonso Ancira, unidos por la corrupci\u00f3n en Odebrecht - Canal 7 SLP - 2019","robots":{"index":"index","follow":"follow","max-snippet":"max-snippet:-1","max-image-preview":"max-image-preview:large","max-video-preview":"max-video-preview:-1"},"canonical":"https:\/\/canal7slp.tv\/2019\/emilio-lozoya-y-alonso-ancira-unidos-por-la-corrupcion-en-odebrecht\/","og_locale":"es_ES","og_type":"article","og_title":"Emilio Lozoya y Alonso Ancira, unidos por la corrupci\u00f3n en Odebrecht - Canal 7 SLP - 2019","og_description":"[ad_1] M\u00e9xico.- El exdirector de Pemex, Emilio Lozoya Austin, y Alonso Ancira, due\u00f1o de Altos Hornos de M\u00e9xico (AHMSA), pasaron de formar parte de los altos c\u00edrculos pol\u00edticos y empresariales, a ser requeridos por la justicia debido a presuntos actos de corrupci\u00f3n. El com\u00fan denominador en ambos casos, de acuerdo con las investigaciones de autoridades [&hellip;]","og_url":"https:\/\/canal7slp.tv\/2019\/emilio-lozoya-y-alonso-ancira-unidos-por-la-corrupcion-en-odebrecht\/","og_site_name":"Canal 7 SLP - 2019","article_publisher":"https:\/\/www.facebook.com\/CANAL7SLP\/","article_published_time":"2019-05-29T01:34:04+00:00","og_image":[{"width":554,"height":410,"url":"https:\/\/canal7slp.tv\/2019\/wp-content\/uploads\/2019\/05\/0730.jpg","type":"image\/jpeg"}],"author":"edicionweb","twitter_card":"summary_large_image","twitter_creator":"@canal7_slp","twitter_site":"@canal7_slp","twitter_misc":{"Escrito por":"edicionweb","Tiempo de lectura":"2 minutos"},"schema":{"@context":"https:\/\/schema.org","@graph":[{"@type":"Article","@id":"https:\/\/canal7slp.tv\/2019\/emilio-lozoya-y-alonso-ancira-unidos-por-la-corrupcion-en-odebrecht\/#article","isPartOf":{"@id":"https:\/\/canal7slp.tv\/2019\/emilio-lozoya-y-alonso-ancira-unidos-por-la-corrupcion-en-odebrecht\/"},"author":{"name":"edicionweb","@id":"https:\/\/canal7slp.tv\/2019\/#\/schema\/person\/11d941c1c6ca30ac0a46b95fa37aa2e3"},"headline":"Emilio Lozoya y Alonso Ancira, unidos por la corrupci\u00f3n en Odebrecht","datePublished":"2019-05-29T01:34:04+00:00","mainEntityOfPage":{"@id":"https:\/\/canal7slp.tv\/2019\/emilio-lozoya-y-alonso-ancira-unidos-por-la-corrupcion-en-odebrecht\/"},"wordCount":473,"commentCount":0,"publisher":{"@id":"https:\/\/canal7slp.tv\/2019\/#organization"},"image":{"@id":"https:\/\/canal7slp.tv\/2019\/emilio-lozoya-y-alonso-ancira-unidos-por-la-corrupcion-en-odebrecht\/#primaryimage"},"thumbnailUrl":"https:\/\/canal7slp.tv\/2019\/wp-content\/uploads\/2019\/05\/0730.jpg","articleSection":["NACIONAL"],"inLanguage":"es","potentialAction":[{"@type":"CommentAction","name":"Comment","target":["https:\/\/canal7slp.tv\/2019\/emilio-lozoya-y-alonso-ancira-unidos-por-la-corrupcion-en-odebrecht\/#respond"]}]},{"@type":"WebPage","@id":"https:\/\/canal7slp.tv\/2019\/emilio-lozoya-y-alonso-ancira-unidos-por-la-corrupcion-en-odebrecht\/","url":"https:\/\/canal7slp.tv\/2019\/emilio-lozoya-y-alonso-ancira-unidos-por-la-corrupcion-en-odebrecht\/","name":"Emilio Lozoya y Alonso Ancira, unidos por la corrupci\u00f3n en Odebrecht - Canal 7 SLP - 2019","isPartOf":{"@id":"https:\/\/canal7slp.tv\/2019\/#website"},"primaryImageOfPage":{"@id":"https:\/\/canal7slp.tv\/2019\/emilio-lozoya-y-alonso-ancira-unidos-por-la-corrupcion-en-odebrecht\/#primaryimage"},"image":{"@id":"https:\/\/canal7slp.tv\/2019\/emilio-lozoya-y-alonso-ancira-unidos-por-la-corrupcion-en-odebrecht\/#primaryimage"},"thumbnailUrl":"https:\/\/canal7slp.tv\/2019\/wp-content\/uploads\/2019\/05\/0730.jpg","datePublished":"2019-05-29T01:34:04+00:00","breadcrumb":{"@id":"https:\/\/canal7slp.tv\/2019\/emilio-lozoya-y-alonso-ancira-unidos-por-la-corrupcion-en-odebrecht\/#breadcrumb"},"inLanguage":"es","potentialAction":[{"@type":"ReadAction","target":["https:\/\/canal7slp.tv\/2019\/emilio-lozoya-y-alonso-ancira-unidos-por-la-corrupcion-en-odebrecht\/"]}]},{"@type":"ImageObject","inLanguage":"es","@id":"https:\/\/canal7slp.tv\/2019\/emilio-lozoya-y-alonso-ancira-unidos-por-la-corrupcion-en-odebrecht\/#primaryimage","url":"https:\/\/canal7slp.tv\/2019\/wp-content\/uploads\/2019\/05\/0730.jpg","contentUrl":"https:\/\/canal7slp.tv\/2019\/wp-content\/uploads\/2019\/05\/0730.jpg","width":554,"height":410},{"@type":"BreadcrumbList","@id":"https:\/\/canal7slp.tv\/2019\/emilio-lozoya-y-alonso-ancira-unidos-por-la-corrupcion-en-odebrecht\/#breadcrumb","itemListElement":[{"@type":"ListItem","position":1,"name":"Home","item":"https:\/\/canal7slp.tv\/2019\/"},{"@type":"ListItem","position":2,"name":"Emilio Lozoya y Alonso Ancira, unidos por la corrupci\u00f3n en Odebrecht"}]},{"@type":"WebSite","@id":"https:\/\/canal7slp.tv\/2019\/#website","url":"https:\/\/canal7slp.tv\/2019\/","name":"Canal 7 SLP - Somos TV","description":"Somos un Canal de 10","publisher":{"@id":"https:\/\/canal7slp.tv\/2019\/#organization"},"potentialAction":[{"@type":"SearchAction","target":{"@type":"EntryPoint","urlTemplate":"https:\/\/canal7slp.tv\/2019\/?s={search_term_string}"},"query-input":{"@type":"PropertyValueSpecification","valueRequired":true,"valueName":"search_term_string"}}],"inLanguage":"es"},{"@type":"Organization","@id":"https:\/\/canal7slp.tv\/2019\/#organization","name":"Comunicaci\u00f3n 2000 S.A. de C.V.","url":"https:\/\/canal7slp.tv\/2019\/","logo":{"@type":"ImageObject","inLanguage":"es","@id":"https:\/\/canal7slp.tv\/2019\/#\/schema\/logo\/image\/","url":"https:\/\/canal7slp.tv\/2019\/wp-content\/uploads\/2019\/07\/logo-c7.png","contentUrl":"https:\/\/canal7slp.tv\/2019\/wp-content\/uploads\/2019\/07\/logo-c7.png","width":220,"height":60,"caption":"Comunicaci\u00f3n 2000 S.A. de C.V."},"image":{"@id":"https:\/\/canal7slp.tv\/2019\/#\/schema\/logo\/image\/"},"sameAs":["https:\/\/www.facebook.com\/CANAL7SLP\/","https:\/\/x.com\/canal7_slp","https:\/\/www.instagram.com\/canal7_slp","https:\/\/www.youtube.com\/user\/NOTICIEROSCANAL7SLP\/"]},{"@type":"Person","@id":"https:\/\/canal7slp.tv\/2019\/#\/schema\/person\/11d941c1c6ca30ac0a46b95fa37aa2e3","name":"edicionweb","image":{"@type":"ImageObject","inLanguage":"es","@id":"https:\/\/secure.gravatar.com\/avatar\/eee448fc3f7164808013b816ba91ac7e43bbe82a70bebac296f8bc6f0addaa1a?s=96&d=mm&r=g","url":"https:\/\/secure.gravatar.com\/avatar\/eee448fc3f7164808013b816ba91ac7e43bbe82a70bebac296f8bc6f0addaa1a?s=96&d=mm&r=g","contentUrl":"https:\/\/secure.gravatar.com\/avatar\/eee448fc3f7164808013b816ba91ac7e43bbe82a70bebac296f8bc6f0addaa1a?s=96&d=mm&r=g","caption":"edicionweb"}}]}},"amp_enabled":true,"cmb2":{"video_ids_in_playlist":{"vid_p_videos":""},"video_ids_in_channel":{"vid_c_videos":""},"playlist_ids_in_channel":{"vid_c_playlists":""},"series_ids_in_channel":{"vid_c_series":""},"channel_images":{"vid_c_logo":"","vid_c_banner":""},"poster_feature_image":{"vid_m_poster_image":""},"gif_feature_image":{"vid_m_gif_image":""},"video_movie_settings":{"vid_m_director":"","vid_m_actor":"","vid_m_imdb_ratings":"","vid_m_amazon_associates":""},"vid_youtube_broadcasts_settings":{"vid_yb_broadcast_title":"","vid_yb_q":"","vid_yb_channelid":"","vid_yb_videocategoryid":"","vid_yb_maxresults":"","vid_yb_order":"","vid_yb_regioncode":"","vid_yb_videosyndicated":"","vid_yb_style":"","vid_yb_reload_first":""},"video_series_settings":{"vid_m_director":"","vid_m_actor":"","vid_m_imdb_ratings":"","video_series_group":""},"amazon_associates_settings":{"amazon_associates":"","amazon_native_ad":""},"vid_youtube_automatic_settings":{"vid_ya_youtube_source":"","vid_ya_update_every":"","vid_ya_update_unit":"","vid_ya_categories":"","vid_ya_published_after":"","vid_ya_published_before":"","vid_ya_playlists":"","vid_ya_channels":"","vid_ya_director":"","vid_ya_actor":"","vid_ya_author":"","vid_ya_import_post_date":"","vid_ya_status":"","vid_ya_sub_api_key":""},"vid_ads_m_videoads_settings_post":{"vid_ads_m_video_ads":"","vid_ads_m_video_ads_type":"","vid_ads_m_group_google_ima":"","vid_ads_m_group_image":"","vid_ads_m_group_html5_video":"","vid_ads_m_group_html":"","vid_ads_m_vast_preroll":"","vid_ads_m_vast_postroll":"","vid_ads_m_vast_pauseroll":"","vid_ads_m_vast_midroll":"","vid_ads_m_time_to_show_ads":"","vid_ads_m_time_skip_ads":"","vid_ads_m_time_to_hide_ads":""},"page_slider_settings":{"display_slider_group":"","page_slider_group":""},"blog_page_settings":{"blog_page_title":"","blog_page_heading":"","blog_page_ic":"","blog_page_it":"","blog_page_ec":"","blog_page_ip":"","archive_loop_style":"","blog_image_ratio":"","blog_show_categories":"","blog_show_excerpt":"","blog_show_author":"","blog_show_date":"","blog_show_comment_count":"","blog_show_view_count":"","blog_show_like_count":"","blog_show_dislike_count":"","blog_items_per_page":"","blog_pag_type":""},"page_options":{"get_page_template":"","color_mode":"","main_layout":"","main_layout_full_with":"","main_logo":"","main_logo_retina":"","main_logo_mobile":"","main_logo_mobile_retina":"","sticky_logo":"","sticky_logo_retina":"","main_nav_layout":"","ajax_search":"","header_background":"","theme_sidebar":"","instagram_feed":"","instagram_feed_position":"","popular_videos":"","popular_videos_title_1":"","popular_videos_title_2":"","popular_videos_ic":"","popular_videos_it":"","theme_background":"","page_custom_css":""},"feature_image_settings":{"feature_image_position":""},"video_player_settings":{"single_video_style":"","video_player_position":"","vm_video_url":"","video_player_library":"","video_streaming":"","vm_media_sources":"","vid_auto_play":"","vm_video_shortcode":"","vid_p_sync_playlist":"","vid_c_sync_channel":"","get_post_format":"","multiple_links_structure":"","multi_links_title":"","vm_video_multi_links":"","vm_duration":"","vid_social_locker":"","vid_social_locker_id":"","vid_membership_action":"","vm_video_trailer_url":"","vid_download_type":"","vid_download_target":"","vid_woo_product":"","vm_media_download":"","user_rating":"","user_rating_position":"","user_rating_mode":"","user_rating_multi_sets":""},"video_auto_fetch_settings":{"vm_video_fetch":""},"video_fake_views_likes":{"vm_fake_views":"","vm_fake_likes":"","vm_fake_dislikes":""},"gallery_settings":{"gallery_position":""},"quote_settings":{"quote_position":""},"post_options":{"main_layout":"","main_logo":"","main_logo_retina":"","main_logo_mobile":"","main_logo_mobile_retina":"","sticky_logo":"","sticky_logo_retina":"","main_nav_layout":"","header_background":"","theme_sidebar":"","single_post_comment_type":"","theme_background":""}},"_links":{"self":[{"href":"https:\/\/canal7slp.tv\/2019\/wp-json\/wp\/v2\/posts\/5128","targetHints":{"allow":["GET"]}}],"collection":[{"href":"https:\/\/canal7slp.tv\/2019\/wp-json\/wp\/v2\/posts"}],"about":[{"href":"https:\/\/canal7slp.tv\/2019\/wp-json\/wp\/v2\/types\/post"}],"author":[{"embeddable":true,"href":"https:\/\/canal7slp.tv\/2019\/wp-json\/wp\/v2\/users\/2"}],"replies":[{"embeddable":true,"href":"https:\/\/canal7slp.tv\/2019\/wp-json\/wp\/v2\/comments?post=5128"}],"version-history":[{"count":0,"href":"https:\/\/canal7slp.tv\/2019\/wp-json\/wp\/v2\/posts\/5128\/revisions"}],"wp:featuredmedia":[{"embeddable":true,"href":"https:\/\/canal7slp.tv\/2019\/wp-json\/wp\/v2\/media\/5129"}],"wp:attachment":[{"href":"https:\/\/canal7slp.tv\/2019\/wp-json\/wp\/v2\/media?parent=5128"}],"wp:term":[{"taxonomy":"category","embeddable":true,"href":"https:\/\/canal7slp.tv\/2019\/wp-json\/wp\/v2\/categories?post=5128"},{"taxonomy":"post_tag","embeddable":true,"href":"https:\/\/canal7slp.tv\/2019\/wp-json\/wp\/v2\/tags?post=5128"}],"curies":[{"name":"wp","href":"https:\/\/api.w.org\/{rel}","templated":true}]}}