{"id":5118,"date":"2019-05-28T16:50:03","date_gmt":"2019-05-28T21:50:03","guid":{"rendered":"https:\/\/canal7slp.tv\/2019\/2019\/05\/presidente-lopez-obrador-informa-avance-nacional-de-entrega-de-becas-educativas-y-apoyos-a-la-infancia\/"},"modified":"2019-05-28T16:50:03","modified_gmt":"2019-05-28T21:50:03","slug":"presidente-lopez-obrador-informa-avance-nacional-de-entrega-de-becas-educativas-y-apoyos-a-la-infancia","status":"publish","type":"post","link":"https:\/\/canal7slp.tv\/2019\/presidente-lopez-obrador-informa-avance-nacional-de-entrega-de-becas-educativas-y-apoyos-a-la-infancia\/","title":{"rendered":"Presidente L\u00f3pez Obrador informa avance nacional de entrega de becas educativas y apoyos a la infancia"},"content":{"rendered":"<p> [ad_1]<br \/>\n<\/p>\n<p style=\"text-align: justify\">Ciudad de M\u00e9xico.- En di\u00e1logo con medios de comunicaci\u00f3n, el presidente Andr\u00e9s Manuel L\u00f3pez Obrador expuso los avances de los distintos programas de becas para todos los niveles educativos. Dijo que, conforme se avanza en el plan de austeridad y combate a la corrupci\u00f3n, se obtienen importantes ahorros que ya tienen destino:<\/p>\n<p style=\"text-align: justify\">\u201cTodo lo que ahorramos, todo se destina al pueblo y de manera especial a la gente humilde. Sostenemos que, por el bien de todos, primero los pobres, los olvidados, los marginados.\u201d<\/p>\n<p style=\"text-align: justify\">La cobertura de los Programas Integrales para el Bienestar, dijo, \u201cparten de la periferia al centro, desde las comunidades m\u00e1s apartadas hacia las ciudades y en el caso de las ciudades se prioriza a las colonias marginadas\u201d.<\/p>\n<p style=\"text-align: justify\"><strong>M\u00e1s de 213 mil peque\u00f1os recibir\u00e1n apoyo para cuidados<\/strong><\/p>\n<p style=\"text-align: justify\">En primer t\u00e9rmino, las ni\u00f1as y los ni\u00f1os mexicanos de uno a seis a\u00f1os de edad se benefician a trav\u00e9s del Programa de Apoyos para el Bienestar de Ni\u00f1as y Ni\u00f1os Hijos de Madres Trabajadoras, que consiste en recibir mil 600 pesos bimestrales.<\/p>\n<p style=\"text-align: justify\">La meta final es de 213 mil 437 ni\u00f1os beneficiarios, de los cuales, 3 mil 101 padecen alguna discapacidad y m\u00e1s de 8 mil son ind\u00edgenas. Al momento se reporta un avance de 92.6 por ciento, es decir, m\u00e1s de 197 mil peque\u00f1os que ya cuentan con el apoyo.<\/p>\n<p style=\"text-align: justify\">Lo anterior fue informado por la secretaria de Bienestar, Mar\u00eda Luisa Albores Gonz\u00e1lez y la subsecretaria Ariadna Montiel Reyes.<\/p>\n<p style=\"text-align: justify\"><strong>Habr\u00e1 m\u00e1s de 7 millones de becarios en el pa\u00eds: Moctezuma<\/strong><\/p>\n<p style=\"text-align: justify\">En cuanto a los programas Becas para el Bienestar Benito Ju\u00e1rez, el secretario de Educaci\u00f3n P\u00fablica, Esteban Moctezuma Barrag\u00e1n, se\u00f1al\u00f3 que la meta es cubrir 7 millones 140 mil beneficiarios a nivel nacional.<\/p>\n<p style=\"text-align: justify\">Existen tres modalidades de estos apoyos. Las becas para todos los alumnos de educaci\u00f3n media superior llegar\u00e1n a 3 millones 154 mil 262 estudiantes, quienes reciben mil 600 pesos bimestrales. De este programa se ha logrado un avance del 97 por ciento, de los cuales han cobrado su beca el 82 por ciento.<\/p>\n<p style=\"text-align: justify\">Para alumnos de educaci\u00f3n superior, 300 mil en situaci\u00f3n de pobreza recibir\u00e1n 4 mil 800 pesos bimestrales. Hasta el momento se han dispersado recursos para 267 mil 78, es decir, 89.03 por ciento, de los cuales el 49.3 por ciento ha cobrado. Este programa se llama J\u00f3venes Escribiendo el Futuro.<\/p>\n<p style=\"text-align: justify\">As\u00ed lo inform\u00f3 Leticia \u00c1nimas Vargas, coordinadora nacional del Programa de Becas para el Bienestar Benito Ju\u00e1rez.<\/p>\n<p style=\"text-align: justify\"><strong>83 sedes universitarias ya imparten clases en M\u00e9xico<\/strong><\/p>\n<p style=\"text-align: justify\">Finalmente, Raquel Sosa El\u00edzaga, coordinadora del Sistema de Universidades P\u00fablicas Benito Ju\u00e1rez, que tiene a cargo la meta de instalar al menos 100 planteles universitarios en la presente administraci\u00f3n, se\u00f1al\u00f3 que hasta el momento se encuentran en marcha 83 sedes, seleccionadas de acuerdo a la densidad poblacional de entre 15 mil y 45 mil habitantes. Cada estado de la Rep\u00fablica cuenta con m\u00e1s de una sede.<\/p>\n<p style=\"text-align: justify\">\u201cEstas comunidades, adem\u00e1s, quiero decirlo con mucho agradecimiento, nos han donado terrenos, espacios, nos est\u00e1n prestando locales para iniciar nuestras actividades. Tenemos much\u00edsimo agradecimiento con toda la red que hemos formado a nivel nacional.\u201d<\/p>\n<p style=\"text-align: justify\"><strong>300 mil comit\u00e9s para reparaci\u00f3n de escuelas<\/strong><\/p>\n<p style=\"text-align: justify\">Respecto a la reuni\u00f3n encabezada por el mandatario con integrantes de la Coordinadora Nacional de Trabajadores de la Educaci\u00f3n (CNTE) se\u00f1al\u00f3:<\/p>\n<p style=\"text-align: justify\">\u201cAyer me reun\u00ed con los integrantes de la CNTE. Ya me reun\u00ed tambi\u00e9n con los maestros del SNTE, y adem\u00e1s de los cambios con la nueva reforma constitucional en materia de educaci\u00f3n, estamos ya proponiendo un programa para atender la necesidad de construir aulas, de reparar planteles educativos, de darle mantenimiento a las escuelas en todo el pa\u00eds, pero hacerlo de otra manera.\u201d<\/p>\n<p style=\"text-align: justify\">Agreg\u00f3 que, para tal efecto, se conformar\u00e1n 300 mil comit\u00e9s en las escuelas de todo el pa\u00eds. Ser\u00e1n integrados por estudiantes a partir de 4\u00b0 grado, madres, padres y docentes, con el fin de definir prioridades a resolver en cada plantel con asignaci\u00f3n directa de recursos.<\/p>\n<p>La entrada <a rel=\"nofollow\" href=\"http:\/\/canal7slp.com\/presidente-lopez-obrador-informa-avance-nacional-de-entrega-de-becas-educativas-y-apoyos-a-la-infancia\/\">Presidente L\u00f3pez Obrador informa avance nacional de entrega de becas educativas y apoyos a la infancia<\/a> aparece primero en <a rel=\"nofollow\" href=\"http:\/\/canal7slp.com\">Canal Siete XHSLV | Televisi\u00f3n de San Luis Potos\u00ed<\/a>.<\/p>\n<p>[ad_2]<\/p>\n","protected":false},"excerpt":{"rendered":"<p>[ad_1] Ciudad de M\u00e9xico.- En di\u00e1logo con medios de comunicaci\u00f3n, el presidente Andr\u00e9s Manuel L\u00f3pez Obrador expuso los avances de los distintos programas de becas para todos los niveles educativos. Dijo que, conforme se avanza en el plan de austeridad y combate a la corrupci\u00f3n, se obtienen importantes ahorros que ya tienen destino: \u201cTodo lo [&hellip;]<\/p>\n","protected":false},"author":2,"featured_media":5119,"comment_status":"open","ping_status":"open","sticky":false,"template":"","format":"standard","meta":{"footnotes":""},"categories":[30],"tags":[],"class_list":["post-5118","post","type-post","status-publish","format-standard","has-post-thumbnail","hentry","category-nacional"],"yoast_head":"<!-- This site is optimized with the Yoast SEO plugin v27.5 - https:\/\/yoast.com\/product\/yoast-seo-wordpress\/ -->\n<title>Presidente L\u00f3pez Obrador informa avance nacional de entrega de becas educativas y apoyos a la infancia - Canal 7 SLP - 2019<\/title>\n<meta name=\"robots\" content=\"index, follow, max-snippet:-1, max-image-preview:large, max-video-preview:-1\" \/>\n<link rel=\"canonical\" href=\"https:\/\/canal7slp.tv\/2019\/presidente-lopez-obrador-informa-avance-nacional-de-entrega-de-becas-educativas-y-apoyos-a-la-infancia\/\" \/>\n<meta property=\"og:locale\" content=\"es_ES\" \/>\n<meta property=\"og:type\" content=\"article\" \/>\n<meta property=\"og:title\" content=\"Presidente L\u00f3pez Obrador informa avance nacional de entrega de becas educativas y apoyos a la infancia - Canal 7 SLP - 2019\" \/>\n<meta property=\"og:description\" content=\"[ad_1] Ciudad de M\u00e9xico.- En di\u00e1logo con medios de comunicaci\u00f3n, el presidente Andr\u00e9s Manuel L\u00f3pez Obrador expuso los avances de los distintos programas de becas para todos los niveles educativos. Dijo que, conforme se avanza en el plan de austeridad y combate a la corrupci\u00f3n, se obtienen importantes ahorros que ya tienen destino: \u201cTodo lo [&hellip;]\" \/>\n<meta property=\"og:url\" content=\"https:\/\/canal7slp.tv\/2019\/presidente-lopez-obrador-informa-avance-nacional-de-entrega-de-becas-educativas-y-apoyos-a-la-infancia\/\" \/>\n<meta property=\"og:site_name\" content=\"Canal 7 SLP - 2019\" \/>\n<meta property=\"article:publisher\" content=\"https:\/\/www.facebook.com\/CANAL7SLP\/\" \/>\n<meta property=\"article:published_time\" content=\"2019-05-28T21:50:03+00:00\" \/>\n<meta property=\"og:image\" content=\"https:\/\/canal7slp.tv\/2019\/wp-content\/uploads\/2019\/05\/2019.jpg\" \/>\n\t<meta property=\"og:image:width\" content=\"640\" \/>\n\t<meta property=\"og:image:height\" content=\"410\" \/>\n\t<meta property=\"og:image:type\" content=\"image\/jpeg\" \/>\n<meta name=\"author\" content=\"edicionweb\" \/>\n<meta name=\"twitter:card\" content=\"summary_large_image\" \/>\n<meta name=\"twitter:creator\" content=\"@canal7_slp\" \/>\n<meta name=\"twitter:site\" content=\"@canal7_slp\" \/>\n<meta name=\"twitter:label1\" content=\"Escrito por\" \/>\n\t<meta name=\"twitter:data1\" content=\"edicionweb\" \/>\n\t<meta name=\"twitter:label2\" content=\"Tiempo de lectura\" \/>\n\t<meta name=\"twitter:data2\" content=\"4 minutos\" \/>\n<script type=\"application\/ld+json\" class=\"yoast-schema-graph\">{\"@context\":\"https:\\\/\\\/schema.org\",\"@graph\":[{\"@type\":\"Article\",\"@id\":\"https:\\\/\\\/canal7slp.tv\\\/2019\\\/presidente-lopez-obrador-informa-avance-nacional-de-entrega-de-becas-educativas-y-apoyos-a-la-infancia\\\/#article\",\"isPartOf\":{\"@id\":\"https:\\\/\\\/canal7slp.tv\\\/2019\\\/presidente-lopez-obrador-informa-avance-nacional-de-entrega-de-becas-educativas-y-apoyos-a-la-infancia\\\/\"},\"author\":{\"name\":\"edicionweb\",\"@id\":\"https:\\\/\\\/canal7slp.tv\\\/2019\\\/#\\\/schema\\\/person\\\/11d941c1c6ca30ac0a46b95fa37aa2e3\"},\"headline\":\"Presidente L\u00f3pez Obrador informa avance nacional de entrega de becas educativas y apoyos a la infancia\",\"datePublished\":\"2019-05-28T21:50:03+00:00\",\"mainEntityOfPage\":{\"@id\":\"https:\\\/\\\/canal7slp.tv\\\/2019\\\/presidente-lopez-obrador-informa-avance-nacional-de-entrega-de-becas-educativas-y-apoyos-a-la-infancia\\\/\"},\"wordCount\":730,\"commentCount\":0,\"publisher\":{\"@id\":\"https:\\\/\\\/canal7slp.tv\\\/2019\\\/#organization\"},\"image\":{\"@id\":\"https:\\\/\\\/canal7slp.tv\\\/2019\\\/presidente-lopez-obrador-informa-avance-nacional-de-entrega-de-becas-educativas-y-apoyos-a-la-infancia\\\/#primaryimage\"},\"thumbnailUrl\":\"https:\\\/\\\/canal7slp.tv\\\/2019\\\/wp-content\\\/uploads\\\/2019\\\/05\\\/2019.jpg\",\"articleSection\":[\"NACIONAL\"],\"inLanguage\":\"es\",\"potentialAction\":[{\"@type\":\"CommentAction\",\"name\":\"Comment\",\"target\":[\"https:\\\/\\\/canal7slp.tv\\\/2019\\\/presidente-lopez-obrador-informa-avance-nacional-de-entrega-de-becas-educativas-y-apoyos-a-la-infancia\\\/#respond\"]}]},{\"@type\":\"WebPage\",\"@id\":\"https:\\\/\\\/canal7slp.tv\\\/2019\\\/presidente-lopez-obrador-informa-avance-nacional-de-entrega-de-becas-educativas-y-apoyos-a-la-infancia\\\/\",\"url\":\"https:\\\/\\\/canal7slp.tv\\\/2019\\\/presidente-lopez-obrador-informa-avance-nacional-de-entrega-de-becas-educativas-y-apoyos-a-la-infancia\\\/\",\"name\":\"Presidente L\u00f3pez Obrador informa avance nacional de entrega de becas educativas y apoyos a la infancia - Canal 7 SLP - 2019\",\"isPartOf\":{\"@id\":\"https:\\\/\\\/canal7slp.tv\\\/2019\\\/#website\"},\"primaryImageOfPage\":{\"@id\":\"https:\\\/\\\/canal7slp.tv\\\/2019\\\/presidente-lopez-obrador-informa-avance-nacional-de-entrega-de-becas-educativas-y-apoyos-a-la-infancia\\\/#primaryimage\"},\"image\":{\"@id\":\"https:\\\/\\\/canal7slp.tv\\\/2019\\\/presidente-lopez-obrador-informa-avance-nacional-de-entrega-de-becas-educativas-y-apoyos-a-la-infancia\\\/#primaryimage\"},\"thumbnailUrl\":\"https:\\\/\\\/canal7slp.tv\\\/2019\\\/wp-content\\\/uploads\\\/2019\\\/05\\\/2019.jpg\",\"datePublished\":\"2019-05-28T21:50:03+00:00\",\"breadcrumb\":{\"@id\":\"https:\\\/\\\/canal7slp.tv\\\/2019\\\/presidente-lopez-obrador-informa-avance-nacional-de-entrega-de-becas-educativas-y-apoyos-a-la-infancia\\\/#breadcrumb\"},\"inLanguage\":\"es\",\"potentialAction\":[{\"@type\":\"ReadAction\",\"target\":[\"https:\\\/\\\/canal7slp.tv\\\/2019\\\/presidente-lopez-obrador-informa-avance-nacional-de-entrega-de-becas-educativas-y-apoyos-a-la-infancia\\\/\"]}]},{\"@type\":\"ImageObject\",\"inLanguage\":\"es\",\"@id\":\"https:\\\/\\\/canal7slp.tv\\\/2019\\\/presidente-lopez-obrador-informa-avance-nacional-de-entrega-de-becas-educativas-y-apoyos-a-la-infancia\\\/#primaryimage\",\"url\":\"https:\\\/\\\/canal7slp.tv\\\/2019\\\/wp-content\\\/uploads\\\/2019\\\/05\\\/2019.jpg\",\"contentUrl\":\"https:\\\/\\\/canal7slp.tv\\\/2019\\\/wp-content\\\/uploads\\\/2019\\\/05\\\/2019.jpg\",\"width\":640,\"height\":410},{\"@type\":\"BreadcrumbList\",\"@id\":\"https:\\\/\\\/canal7slp.tv\\\/2019\\\/presidente-lopez-obrador-informa-avance-nacional-de-entrega-de-becas-educativas-y-apoyos-a-la-infancia\\\/#breadcrumb\",\"itemListElement\":[{\"@type\":\"ListItem\",\"position\":1,\"name\":\"Home\",\"item\":\"https:\\\/\\\/canal7slp.tv\\\/2019\\\/\"},{\"@type\":\"ListItem\",\"position\":2,\"name\":\"Presidente L\u00f3pez Obrador informa avance nacional de entrega de becas educativas y apoyos a la infancia\"}]},{\"@type\":\"WebSite\",\"@id\":\"https:\\\/\\\/canal7slp.tv\\\/2019\\\/#website\",\"url\":\"https:\\\/\\\/canal7slp.tv\\\/2019\\\/\",\"name\":\"Canal 7 SLP - Somos TV\",\"description\":\"Somos un Canal de 10\",\"publisher\":{\"@id\":\"https:\\\/\\\/canal7slp.tv\\\/2019\\\/#organization\"},\"potentialAction\":[{\"@type\":\"SearchAction\",\"target\":{\"@type\":\"EntryPoint\",\"urlTemplate\":\"https:\\\/\\\/canal7slp.tv\\\/2019\\\/?s={search_term_string}\"},\"query-input\":{\"@type\":\"PropertyValueSpecification\",\"valueRequired\":true,\"valueName\":\"search_term_string\"}}],\"inLanguage\":\"es\"},{\"@type\":\"Organization\",\"@id\":\"https:\\\/\\\/canal7slp.tv\\\/2019\\\/#organization\",\"name\":\"Comunicaci\u00f3n 2000 S.A. de C.V.\",\"url\":\"https:\\\/\\\/canal7slp.tv\\\/2019\\\/\",\"logo\":{\"@type\":\"ImageObject\",\"inLanguage\":\"es\",\"@id\":\"https:\\\/\\\/canal7slp.tv\\\/2019\\\/#\\\/schema\\\/logo\\\/image\\\/\",\"url\":\"https:\\\/\\\/canal7slp.tv\\\/2019\\\/wp-content\\\/uploads\\\/2019\\\/07\\\/logo-c7.png\",\"contentUrl\":\"https:\\\/\\\/canal7slp.tv\\\/2019\\\/wp-content\\\/uploads\\\/2019\\\/07\\\/logo-c7.png\",\"width\":220,\"height\":60,\"caption\":\"Comunicaci\u00f3n 2000 S.A. de C.V.\"},\"image\":{\"@id\":\"https:\\\/\\\/canal7slp.tv\\\/2019\\\/#\\\/schema\\\/logo\\\/image\\\/\"},\"sameAs\":[\"https:\\\/\\\/www.facebook.com\\\/CANAL7SLP\\\/\",\"https:\\\/\\\/x.com\\\/canal7_slp\",\"https:\\\/\\\/www.instagram.com\\\/canal7_slp\",\"https:\\\/\\\/www.youtube.com\\\/user\\\/NOTICIEROSCANAL7SLP\\\/\"]},{\"@type\":\"Person\",\"@id\":\"https:\\\/\\\/canal7slp.tv\\\/2019\\\/#\\\/schema\\\/person\\\/11d941c1c6ca30ac0a46b95fa37aa2e3\",\"name\":\"edicionweb\",\"image\":{\"@type\":\"ImageObject\",\"inLanguage\":\"es\",\"@id\":\"https:\\\/\\\/secure.gravatar.com\\\/avatar\\\/eee448fc3f7164808013b816ba91ac7e43bbe82a70bebac296f8bc6f0addaa1a?s=96&d=mm&r=g\",\"url\":\"https:\\\/\\\/secure.gravatar.com\\\/avatar\\\/eee448fc3f7164808013b816ba91ac7e43bbe82a70bebac296f8bc6f0addaa1a?s=96&d=mm&r=g\",\"contentUrl\":\"https:\\\/\\\/secure.gravatar.com\\\/avatar\\\/eee448fc3f7164808013b816ba91ac7e43bbe82a70bebac296f8bc6f0addaa1a?s=96&d=mm&r=g\",\"caption\":\"edicionweb\"}}]}<\/script>\n<!-- \/ Yoast SEO plugin. -->","yoast_head_json":{"title":"Presidente L\u00f3pez Obrador informa avance nacional de entrega de becas educativas y apoyos a la infancia - Canal 7 SLP - 2019","robots":{"index":"index","follow":"follow","max-snippet":"max-snippet:-1","max-image-preview":"max-image-preview:large","max-video-preview":"max-video-preview:-1"},"canonical":"https:\/\/canal7slp.tv\/2019\/presidente-lopez-obrador-informa-avance-nacional-de-entrega-de-becas-educativas-y-apoyos-a-la-infancia\/","og_locale":"es_ES","og_type":"article","og_title":"Presidente L\u00f3pez Obrador informa avance nacional de entrega de becas educativas y apoyos a la infancia - Canal 7 SLP - 2019","og_description":"[ad_1] Ciudad de M\u00e9xico.- En di\u00e1logo con medios de comunicaci\u00f3n, el presidente Andr\u00e9s Manuel L\u00f3pez Obrador expuso los avances de los distintos programas de becas para todos los niveles educativos. Dijo que, conforme se avanza en el plan de austeridad y combate a la corrupci\u00f3n, se obtienen importantes ahorros que ya tienen destino: \u201cTodo lo [&hellip;]","og_url":"https:\/\/canal7slp.tv\/2019\/presidente-lopez-obrador-informa-avance-nacional-de-entrega-de-becas-educativas-y-apoyos-a-la-infancia\/","og_site_name":"Canal 7 SLP - 2019","article_publisher":"https:\/\/www.facebook.com\/CANAL7SLP\/","article_published_time":"2019-05-28T21:50:03+00:00","og_image":[{"width":640,"height":410,"url":"https:\/\/canal7slp.tv\/2019\/wp-content\/uploads\/2019\/05\/2019.jpg","type":"image\/jpeg"}],"author":"edicionweb","twitter_card":"summary_large_image","twitter_creator":"@canal7_slp","twitter_site":"@canal7_slp","twitter_misc":{"Escrito por":"edicionweb","Tiempo de lectura":"4 minutos"},"schema":{"@context":"https:\/\/schema.org","@graph":[{"@type":"Article","@id":"https:\/\/canal7slp.tv\/2019\/presidente-lopez-obrador-informa-avance-nacional-de-entrega-de-becas-educativas-y-apoyos-a-la-infancia\/#article","isPartOf":{"@id":"https:\/\/canal7slp.tv\/2019\/presidente-lopez-obrador-informa-avance-nacional-de-entrega-de-becas-educativas-y-apoyos-a-la-infancia\/"},"author":{"name":"edicionweb","@id":"https:\/\/canal7slp.tv\/2019\/#\/schema\/person\/11d941c1c6ca30ac0a46b95fa37aa2e3"},"headline":"Presidente L\u00f3pez Obrador informa avance nacional de entrega de becas educativas y apoyos a la infancia","datePublished":"2019-05-28T21:50:03+00:00","mainEntityOfPage":{"@id":"https:\/\/canal7slp.tv\/2019\/presidente-lopez-obrador-informa-avance-nacional-de-entrega-de-becas-educativas-y-apoyos-a-la-infancia\/"},"wordCount":730,"commentCount":0,"publisher":{"@id":"https:\/\/canal7slp.tv\/2019\/#organization"},"image":{"@id":"https:\/\/canal7slp.tv\/2019\/presidente-lopez-obrador-informa-avance-nacional-de-entrega-de-becas-educativas-y-apoyos-a-la-infancia\/#primaryimage"},"thumbnailUrl":"https:\/\/canal7slp.tv\/2019\/wp-content\/uploads\/2019\/05\/2019.jpg","articleSection":["NACIONAL"],"inLanguage":"es","potentialAction":[{"@type":"CommentAction","name":"Comment","target":["https:\/\/canal7slp.tv\/2019\/presidente-lopez-obrador-informa-avance-nacional-de-entrega-de-becas-educativas-y-apoyos-a-la-infancia\/#respond"]}]},{"@type":"WebPage","@id":"https:\/\/canal7slp.tv\/2019\/presidente-lopez-obrador-informa-avance-nacional-de-entrega-de-becas-educativas-y-apoyos-a-la-infancia\/","url":"https:\/\/canal7slp.tv\/2019\/presidente-lopez-obrador-informa-avance-nacional-de-entrega-de-becas-educativas-y-apoyos-a-la-infancia\/","name":"Presidente L\u00f3pez Obrador informa avance nacional de entrega de becas educativas y apoyos a la infancia - Canal 7 SLP - 2019","isPartOf":{"@id":"https:\/\/canal7slp.tv\/2019\/#website"},"primaryImageOfPage":{"@id":"https:\/\/canal7slp.tv\/2019\/presidente-lopez-obrador-informa-avance-nacional-de-entrega-de-becas-educativas-y-apoyos-a-la-infancia\/#primaryimage"},"image":{"@id":"https:\/\/canal7slp.tv\/2019\/presidente-lopez-obrador-informa-avance-nacional-de-entrega-de-becas-educativas-y-apoyos-a-la-infancia\/#primaryimage"},"thumbnailUrl":"https:\/\/canal7slp.tv\/2019\/wp-content\/uploads\/2019\/05\/2019.jpg","datePublished":"2019-05-28T21:50:03+00:00","breadcrumb":{"@id":"https:\/\/canal7slp.tv\/2019\/presidente-lopez-obrador-informa-avance-nacional-de-entrega-de-becas-educativas-y-apoyos-a-la-infancia\/#breadcrumb"},"inLanguage":"es","potentialAction":[{"@type":"ReadAction","target":["https:\/\/canal7slp.tv\/2019\/presidente-lopez-obrador-informa-avance-nacional-de-entrega-de-becas-educativas-y-apoyos-a-la-infancia\/"]}]},{"@type":"ImageObject","inLanguage":"es","@id":"https:\/\/canal7slp.tv\/2019\/presidente-lopez-obrador-informa-avance-nacional-de-entrega-de-becas-educativas-y-apoyos-a-la-infancia\/#primaryimage","url":"https:\/\/canal7slp.tv\/2019\/wp-content\/uploads\/2019\/05\/2019.jpg","contentUrl":"https:\/\/canal7slp.tv\/2019\/wp-content\/uploads\/2019\/05\/2019.jpg","width":640,"height":410},{"@type":"BreadcrumbList","@id":"https:\/\/canal7slp.tv\/2019\/presidente-lopez-obrador-informa-avance-nacional-de-entrega-de-becas-educativas-y-apoyos-a-la-infancia\/#breadcrumb","itemListElement":[{"@type":"ListItem","position":1,"name":"Home","item":"https:\/\/canal7slp.tv\/2019\/"},{"@type":"ListItem","position":2,"name":"Presidente L\u00f3pez Obrador informa avance nacional de entrega de becas educativas y apoyos a la infancia"}]},{"@type":"WebSite","@id":"https:\/\/canal7slp.tv\/2019\/#website","url":"https:\/\/canal7slp.tv\/2019\/","name":"Canal 7 SLP - Somos TV","description":"Somos un Canal de 10","publisher":{"@id":"https:\/\/canal7slp.tv\/2019\/#organization"},"potentialAction":[{"@type":"SearchAction","target":{"@type":"EntryPoint","urlTemplate":"https:\/\/canal7slp.tv\/2019\/?s={search_term_string}"},"query-input":{"@type":"PropertyValueSpecification","valueRequired":true,"valueName":"search_term_string"}}],"inLanguage":"es"},{"@type":"Organization","@id":"https:\/\/canal7slp.tv\/2019\/#organization","name":"Comunicaci\u00f3n 2000 S.A. de C.V.","url":"https:\/\/canal7slp.tv\/2019\/","logo":{"@type":"ImageObject","inLanguage":"es","@id":"https:\/\/canal7slp.tv\/2019\/#\/schema\/logo\/image\/","url":"https:\/\/canal7slp.tv\/2019\/wp-content\/uploads\/2019\/07\/logo-c7.png","contentUrl":"https:\/\/canal7slp.tv\/2019\/wp-content\/uploads\/2019\/07\/logo-c7.png","width":220,"height":60,"caption":"Comunicaci\u00f3n 2000 S.A. de C.V."},"image":{"@id":"https:\/\/canal7slp.tv\/2019\/#\/schema\/logo\/image\/"},"sameAs":["https:\/\/www.facebook.com\/CANAL7SLP\/","https:\/\/x.com\/canal7_slp","https:\/\/www.instagram.com\/canal7_slp","https:\/\/www.youtube.com\/user\/NOTICIEROSCANAL7SLP\/"]},{"@type":"Person","@id":"https:\/\/canal7slp.tv\/2019\/#\/schema\/person\/11d941c1c6ca30ac0a46b95fa37aa2e3","name":"edicionweb","image":{"@type":"ImageObject","inLanguage":"es","@id":"https:\/\/secure.gravatar.com\/avatar\/eee448fc3f7164808013b816ba91ac7e43bbe82a70bebac296f8bc6f0addaa1a?s=96&d=mm&r=g","url":"https:\/\/secure.gravatar.com\/avatar\/eee448fc3f7164808013b816ba91ac7e43bbe82a70bebac296f8bc6f0addaa1a?s=96&d=mm&r=g","contentUrl":"https:\/\/secure.gravatar.com\/avatar\/eee448fc3f7164808013b816ba91ac7e43bbe82a70bebac296f8bc6f0addaa1a?s=96&d=mm&r=g","caption":"edicionweb"}}]}},"amp_enabled":true,"cmb2":{"video_ids_in_playlist":{"vid_p_videos":""},"video_ids_in_channel":{"vid_c_videos":""},"playlist_ids_in_channel":{"vid_c_playlists":""},"series_ids_in_channel":{"vid_c_series":""},"channel_images":{"vid_c_logo":"","vid_c_banner":""},"poster_feature_image":{"vid_m_poster_image":""},"gif_feature_image":{"vid_m_gif_image":""},"video_movie_settings":{"vid_m_director":"","vid_m_actor":"","vid_m_imdb_ratings":"","vid_m_amazon_associates":""},"vid_youtube_broadcasts_settings":{"vid_yb_broadcast_title":"","vid_yb_q":"","vid_yb_channelid":"","vid_yb_videocategoryid":"","vid_yb_maxresults":"","vid_yb_order":"","vid_yb_regioncode":"","vid_yb_videosyndicated":"","vid_yb_style":"","vid_yb_reload_first":""},"video_series_settings":{"vid_m_director":"","vid_m_actor":"","vid_m_imdb_ratings":"","video_series_group":""},"amazon_associates_settings":{"amazon_associates":"","amazon_native_ad":""},"vid_youtube_automatic_settings":{"vid_ya_youtube_source":"","vid_ya_update_every":"","vid_ya_update_unit":"","vid_ya_categories":"","vid_ya_published_after":"","vid_ya_published_before":"","vid_ya_playlists":"","vid_ya_channels":"","vid_ya_director":"","vid_ya_actor":"","vid_ya_author":"","vid_ya_import_post_date":"","vid_ya_status":"","vid_ya_sub_api_key":""},"vid_ads_m_videoads_settings_post":{"vid_ads_m_video_ads":"","vid_ads_m_video_ads_type":"","vid_ads_m_group_google_ima":"","vid_ads_m_group_image":"","vid_ads_m_group_html5_video":"","vid_ads_m_group_html":"","vid_ads_m_vast_preroll":"","vid_ads_m_vast_postroll":"","vid_ads_m_vast_pauseroll":"","vid_ads_m_vast_midroll":"","vid_ads_m_time_to_show_ads":"","vid_ads_m_time_skip_ads":"","vid_ads_m_time_to_hide_ads":""},"page_slider_settings":{"display_slider_group":"","page_slider_group":""},"blog_page_settings":{"blog_page_title":"","blog_page_heading":"","blog_page_ic":"","blog_page_it":"","blog_page_ec":"","blog_page_ip":"","archive_loop_style":"","blog_image_ratio":"","blog_show_categories":"","blog_show_excerpt":"","blog_show_author":"","blog_show_date":"","blog_show_comment_count":"","blog_show_view_count":"","blog_show_like_count":"","blog_show_dislike_count":"","blog_items_per_page":"","blog_pag_type":""},"page_options":{"get_page_template":"","color_mode":"","main_layout":"","main_layout_full_with":"","main_logo":"","main_logo_retina":"","main_logo_mobile":"","main_logo_mobile_retina":"","sticky_logo":"","sticky_logo_retina":"","main_nav_layout":"","ajax_search":"","header_background":"","theme_sidebar":"","instagram_feed":"","instagram_feed_position":"","popular_videos":"","popular_videos_title_1":"","popular_videos_title_2":"","popular_videos_ic":"","popular_videos_it":"","theme_background":"","page_custom_css":""},"feature_image_settings":{"feature_image_position":""},"video_player_settings":{"single_video_style":"","video_player_position":"","vm_video_url":"","video_player_library":"","video_streaming":"","vm_media_sources":"","vid_auto_play":"","vm_video_shortcode":"","vid_p_sync_playlist":"","vid_c_sync_channel":"","get_post_format":"","multiple_links_structure":"","multi_links_title":"","vm_video_multi_links":"","vm_duration":"","vid_social_locker":"","vid_social_locker_id":"","vid_membership_action":"","vm_video_trailer_url":"","vid_download_type":"","vid_download_target":"","vid_woo_product":"","vm_media_download":"","user_rating":"","user_rating_position":"","user_rating_mode":"","user_rating_multi_sets":""},"video_auto_fetch_settings":{"vm_video_fetch":""},"video_fake_views_likes":{"vm_fake_views":"","vm_fake_likes":"","vm_fake_dislikes":""},"gallery_settings":{"gallery_position":""},"quote_settings":{"quote_position":""},"post_options":{"main_layout":"","main_logo":"","main_logo_retina":"","main_logo_mobile":"","main_logo_mobile_retina":"","sticky_logo":"","sticky_logo_retina":"","main_nav_layout":"","header_background":"","theme_sidebar":"","single_post_comment_type":"","theme_background":""}},"_links":{"self":[{"href":"https:\/\/canal7slp.tv\/2019\/wp-json\/wp\/v2\/posts\/5118","targetHints":{"allow":["GET"]}}],"collection":[{"href":"https:\/\/canal7slp.tv\/2019\/wp-json\/wp\/v2\/posts"}],"about":[{"href":"https:\/\/canal7slp.tv\/2019\/wp-json\/wp\/v2\/types\/post"}],"author":[{"embeddable":true,"href":"https:\/\/canal7slp.tv\/2019\/wp-json\/wp\/v2\/users\/2"}],"replies":[{"embeddable":true,"href":"https:\/\/canal7slp.tv\/2019\/wp-json\/wp\/v2\/comments?post=5118"}],"version-history":[{"count":0,"href":"https:\/\/canal7slp.tv\/2019\/wp-json\/wp\/v2\/posts\/5118\/revisions"}],"wp:featuredmedia":[{"embeddable":true,"href":"https:\/\/canal7slp.tv\/2019\/wp-json\/wp\/v2\/media\/5119"}],"wp:attachment":[{"href":"https:\/\/canal7slp.tv\/2019\/wp-json\/wp\/v2\/media?parent=5118"}],"wp:term":[{"taxonomy":"category","embeddable":true,"href":"https:\/\/canal7slp.tv\/2019\/wp-json\/wp\/v2\/categories?post=5118"},{"taxonomy":"post_tag","embeddable":true,"href":"https:\/\/canal7slp.tv\/2019\/wp-json\/wp\/v2\/tags?post=5118"}],"curies":[{"name":"wp","href":"https:\/\/api.w.org\/{rel}","templated":true}]}}