{"id":5106,"date":"2019-05-28T13:15:43","date_gmt":"2019-05-28T18:15:43","guid":{"rendered":"https:\/\/canal7slp.tv\/2019\/2019\/05\/el-automovilismo-nada-tiene-que-ver-con-el-genero-majo-rodriguez\/"},"modified":"2019-05-28T13:15:43","modified_gmt":"2019-05-28T18:15:43","slug":"el-automovilismo-nada-tiene-que-ver-con-el-genero-majo-rodriguez","status":"publish","type":"post","link":"https:\/\/canal7slp.tv\/2019\/el-automovilismo-nada-tiene-que-ver-con-el-genero-majo-rodriguez\/","title":{"rendered":"El automovilismo nada tiene que ver con el g\u00e9nero: \u201cMajo\u201d Rodr\u00edguez"},"content":{"rendered":"<p> [ad_1]<br \/>\n<\/p>\n<p style=\"text-align: justify\">M\u00e9xico.- Con la adrenalina del automovilismo corri\u00e9ndole por las venas desde la cuna, la piloto Mar\u00eda Jos\u00e9 \u201dMajo\u201d Rodr\u00edguez, asegura que de ninguna manera se siente fuera de lugar en un deporte considerado por muchos s\u00f3lo para hombres.<\/p>\n<p style=\"text-align: justify\">En entrevista con\u00a0<strong>Notimex<\/strong>, la corredora de autos de 18 a\u00f1os de edad dijo que est\u00e1 contenta de ser de las pocas mujeres en la categor\u00eda de Tractocamiones que disputar\u00e1 la S\u00faper Copa, que se llevar\u00e1 a cabo de junio a diciembre pr\u00f3ximos en ocho plazas diferentes y que arrancar\u00e1 en Quer\u00e9taro.<\/p>\n<p style=\"text-align: justify\">\u201cEsta es la cuarta ocasi\u00f3n que tengo de correr en esta categor\u00eda, de los cinco a\u00f1os que estoy en el automovilismo. Me siento s\u00faper contenta de ser de las \u00fanicas mujeres en la categor\u00eda. Siento que este deporte no tiene nada que ver con el g\u00e9nero\u201d, afirm\u00f3 la originaria de Puebla.<\/p>\n<p style=\"text-align: justify\">M\u00e1s que g\u00e9nero, es la pasi\u00f3n que se siente por este deporte, \u201csiempre he dicho que el automovilismo no es nada m\u00e1s para los hombres, es la pasi\u00f3n y la habilidad que hay por estar detr\u00e1s del volante en el auto, cualquiera lo puede hace con la pasi\u00f3n y la experiencia detr\u00e1s del volante\u201d, sostuvo \u201cMajo\u201d.<\/p>\n<p style=\"text-align: justify\">Mencion\u00f3 que se inclin\u00f3 por esta especialidad porque el gusto le viene de familia, ya que su pap\u00e1 tambi\u00e9n fue piloto, y al ver las carreras tanto en vivo como por televisi\u00f3n, comenz\u00f3 a sentir la adrenalina y la necesidad de conducir en las pistas.<\/p>\n<p style=\"text-align: justify\">\u201cEl gusto viene de familia, mi pap\u00e1 corr\u00eda y, pues, eso me llev\u00f3 a estar en el automovilismo. Al principio me encantaba ver este deporte en los aut\u00f3dromos en vivo y en la tele, y me he dado cuenta que es un deporte en el que no hay muchas mujeres\u201d, destac\u00f3 la poblana.<\/p>\n<p style=\"text-align: justify\">\u201cEntonces, desde chiquita me encantaba ver las carreras y desde entonces tuve el gusanito de ser piloto, ahora cumplo mis sue\u00f1os y con ocho a\u00f1os de trayectoria soy de las pocas mujeres en M\u00e9xico; espero ser motivaci\u00f3n para esas chavas que quieran entrar a este deporte\u201d, indic\u00f3 la piloto.<\/p>\n<p style=\"text-align: justify\">Sobre el hecho de conducir tractocamiones, aunque tambi\u00e9n lo hace con los S\u00faper Turismo Light y S\u00faper Turismo 1, relat\u00f3 que buscaban una mujer para hacerlo, por lo que acept\u00f3 la invitaci\u00f3n para demostrar que este g\u00e9nero puede con todo.<\/p>\n<p style=\"text-align: justify\">\u201cFue curioso, porque buscaban una mujer piloto para demostrar que hasta una mujer los puede manejar (los tractocamiones), afortunadamente fui yo y agradezco el apoyo de los que creyeron en m\u00ed. Ya es mi cuarto a\u00f1o, estoy muy contenta y dar\u00e9 mi mayor esfuerzo para estar en el podio\u201d, afirm\u00f3 \u201cMajo\u201d.<\/p>\n<p style=\"text-align: justify\">Rodeada de pilotos varones en la sesi\u00f3n de fotograf\u00edas con los veh\u00edculos que tomar\u00e1n parte en la S\u00faper Copa, describe qu\u00e9 le hace sentir la adrenalina de manejar ese tractocami\u00f3n, lo cual asegura que le gusta mucho.<\/p>\n<p style=\"text-align: justify\">\u201cEs una mayor adrenalina estar viendo desde lo alto, sientes una gran emoci\u00f3n por esas ganas de ir m\u00e1s r\u00e1pido. Los tractocamiones frenan a la perfecci\u00f3n, creo que mejor que un auto de carreras, te da la seguridad de que lo puedes llevar hasta el \u00faltimo metro para entrar a la curva\u201d, destac\u00f3 Rodr\u00edguez.<\/p>\n<p style=\"text-align: justify\">\u201cMe encanta estar arriba del tractocami\u00f3n, lo disfruto mucho, es una adrenalina incre\u00edble y es tan pareja la categor\u00eda que cualquier piloto puede ganar peleando la punta\u201d, explic\u00f3 con la emoci\u00f3n reflejada en el rostro, como si ya estuviera a bordo de ese \u201cmonstruo\u201d.<\/p>\n<p style=\"text-align: justify\">Explic\u00f3 que para subirse y amalgamarse con el veh\u00edculo para parecer uno mismo se alista tanto mental como f\u00edsicamente, pues, aunque parece dif\u00edcil llevar el cami\u00f3n, en realidad es f\u00e1cil gracias a la preparaci\u00f3n.<\/p>\n<p style=\"text-align: justify\">\u201cEs una preparaci\u00f3n f\u00edsica y mental para estar atr\u00e1s del volante, estar experimentando con las diferentes habilidades que puedo tener yendo al gimnasio, manejar un tracto se ve un poco dif\u00edcil, pero tiene muchas facilidades que nos ayudan, pero s\u00ed hay que tener una preparaci\u00f3n muy buena f\u00edsicamente, para poder aguantar las carreras\u201d, asegur\u00f3 la poblana.<\/p>\n<p style=\"text-align: justify\">Como suele suceder en este tipo de competencias, en las que correr a altas velocidades puede generar accidentes, \u201cMajo\u201d acept\u00f3 que ha tenido algunos incidentes leves que se curan con una terapia, pero que no la han llevado a pensar en dejar este deporte.<\/p>\n<p style=\"text-align: justify\">\u201cRealmente s\u00ed he tenido accidentes, nos exponemos a esto en cada carrera, pero afortunadamente no ha pasado a mayores, s\u00f3lo han sido algunos golpes f\u00edsicos que se han podido arreglar con terapias\u201d, afirm\u00f3.<\/p>\n<p style=\"text-align: justify\">\u201cPero nunca ha pasado por mi mente dejar el automovilismo, ya es parte de mi vida, es una pasi\u00f3n, ya es parte de m\u00ed, entonces, siento que todas esas barreras que hemos tenido, como los accidentes, se tienen que superar para tener mayor \u00e9xito despu\u00e9s\u201d, agreg\u00f3 confiada.<\/p>\n<p style=\"text-align: justify\">Entre los pilotos que la asombran se encuentra Homero Richards, por el hecho de que ha participado en todas las categor\u00edas: motos, tracto, f\u00f3rmula y turismo, y a quien admira mucho por su trayectoria y por c\u00f3mo es como persona.<\/p>\n<p style=\"text-align: justify\">Consciente del papel que juega en esta disciplina, dijo que como mujer sabe que debe demostrar los a\u00f1os que hay detr\u00e1s de toda preparaci\u00f3n y que las mujeres pueden, por lo que hace una invitaci\u00f3n a todas aquellas que quieran incursionar en el automovilismo deportivo.<\/p>\n<p style=\"text-align: justify\">\u201cQue sigan su sue\u00f1o, que sepan que a pesar de las circunstancias malas que se les presenten, sigan adelante, que sigan luchando, que sepan que todo es cuesti\u00f3n de amor y perseverancia para alcanzar lo que una se propone\u201d, finaliz\u00f3 la piloto.<\/p>\n<p>La entrada <a rel=\"nofollow\" href=\"http:\/\/canal7slp.com\/el-automovilismo-nada-tiene-que-ver-con-el-genero-majo-rodriguez\/\">El automovilismo nada tiene que ver con el g\u00e9nero: \u201cMajo\u201d Rodr\u00edguez<\/a> aparece primero en <a rel=\"nofollow\" href=\"http:\/\/canal7slp.com\">Canal Siete XHSLV | Televisi\u00f3n de San Luis Potos\u00ed<\/a>.<\/p>\n<p>[ad_2]<\/p>\n","protected":false},"excerpt":{"rendered":"<p>[ad_1] M\u00e9xico.- Con la adrenalina del automovilismo corri\u00e9ndole por las venas desde la cuna, la piloto Mar\u00eda Jos\u00e9 \u201dMajo\u201d Rodr\u00edguez, asegura que de ninguna manera se siente fuera de lugar en un deporte considerado por muchos s\u00f3lo para hombres. En entrevista con\u00a0Notimex, la corredora de autos de 18 a\u00f1os de edad dijo que est\u00e1 contenta [&hellip;]<\/p>\n","protected":false},"author":2,"featured_media":5107,"comment_status":"open","ping_status":"open","sticky":false,"template":"","format":"standard","meta":{"footnotes":""},"categories":[96],"tags":[],"class_list":["post-5106","post","type-post","status-publish","format-standard","has-post-thumbnail","hentry","category-deportes"],"yoast_head":"<!-- This site is optimized with the Yoast SEO plugin v27.5 - https:\/\/yoast.com\/product\/yoast-seo-wordpress\/ -->\n<title>El automovilismo nada tiene que ver con el g\u00e9nero: \u201cMajo\u201d Rodr\u00edguez - Canal 7 SLP - 2019<\/title>\n<meta name=\"robots\" content=\"index, follow, max-snippet:-1, max-image-preview:large, max-video-preview:-1\" \/>\n<link rel=\"canonical\" href=\"https:\/\/canal7slp.tv\/2019\/el-automovilismo-nada-tiene-que-ver-con-el-genero-majo-rodriguez\/\" \/>\n<meta property=\"og:locale\" content=\"es_ES\" \/>\n<meta property=\"og:type\" content=\"article\" \/>\n<meta property=\"og:title\" content=\"El automovilismo nada tiene que ver con el g\u00e9nero: \u201cMajo\u201d Rodr\u00edguez - Canal 7 SLP - 2019\" \/>\n<meta property=\"og:description\" content=\"[ad_1] M\u00e9xico.- Con la adrenalina del automovilismo corri\u00e9ndole por las venas desde la cuna, la piloto Mar\u00eda Jos\u00e9 \u201dMajo\u201d Rodr\u00edguez, asegura que de ninguna manera se siente fuera de lugar en un deporte considerado por muchos s\u00f3lo para hombres. En entrevista con\u00a0Notimex, la corredora de autos de 18 a\u00f1os de edad dijo que est\u00e1 contenta [&hellip;]\" \/>\n<meta property=\"og:url\" content=\"https:\/\/canal7slp.tv\/2019\/el-automovilismo-nada-tiene-que-ver-con-el-genero-majo-rodriguez\/\" \/>\n<meta property=\"og:site_name\" content=\"Canal 7 SLP - 2019\" \/>\n<meta property=\"article:publisher\" content=\"https:\/\/www.facebook.com\/CANAL7SLP\/\" \/>\n<meta property=\"article:published_time\" content=\"2019-05-28T18:15:43+00:00\" \/>\n<meta property=\"og:image\" content=\"https:\/\/canal7slp.tv\/2019\/wp-content\/uploads\/2019\/05\/0430.jpg\" \/>\n\t<meta property=\"og:image:width\" content=\"659\" \/>\n\t<meta property=\"og:image:height\" content=\"410\" \/>\n\t<meta property=\"og:image:type\" content=\"image\/jpeg\" \/>\n<meta name=\"author\" content=\"edicionweb\" \/>\n<meta name=\"twitter:card\" content=\"summary_large_image\" \/>\n<meta name=\"twitter:creator\" content=\"@canal7_slp\" \/>\n<meta name=\"twitter:site\" content=\"@canal7_slp\" \/>\n<meta name=\"twitter:label1\" content=\"Escrito por\" \/>\n\t<meta name=\"twitter:data1\" content=\"edicionweb\" \/>\n\t<meta name=\"twitter:label2\" content=\"Tiempo de lectura\" \/>\n\t<meta name=\"twitter:data2\" content=\"5 minutos\" \/>\n<script type=\"application\/ld+json\" class=\"yoast-schema-graph\">{\"@context\":\"https:\\\/\\\/schema.org\",\"@graph\":[{\"@type\":\"Article\",\"@id\":\"https:\\\/\\\/canal7slp.tv\\\/2019\\\/el-automovilismo-nada-tiene-que-ver-con-el-genero-majo-rodriguez\\\/#article\",\"isPartOf\":{\"@id\":\"https:\\\/\\\/canal7slp.tv\\\/2019\\\/el-automovilismo-nada-tiene-que-ver-con-el-genero-majo-rodriguez\\\/\"},\"author\":{\"name\":\"edicionweb\",\"@id\":\"https:\\\/\\\/canal7slp.tv\\\/2019\\\/#\\\/schema\\\/person\\\/11d941c1c6ca30ac0a46b95fa37aa2e3\"},\"headline\":\"El automovilismo nada tiene que ver con el g\u00e9nero: \u201cMajo\u201d Rodr\u00edguez\",\"datePublished\":\"2019-05-28T18:15:43+00:00\",\"mainEntityOfPage\":{\"@id\":\"https:\\\/\\\/canal7slp.tv\\\/2019\\\/el-automovilismo-nada-tiene-que-ver-con-el-genero-majo-rodriguez\\\/\"},\"wordCount\":1030,\"commentCount\":0,\"publisher\":{\"@id\":\"https:\\\/\\\/canal7slp.tv\\\/2019\\\/#organization\"},\"image\":{\"@id\":\"https:\\\/\\\/canal7slp.tv\\\/2019\\\/el-automovilismo-nada-tiene-que-ver-con-el-genero-majo-rodriguez\\\/#primaryimage\"},\"thumbnailUrl\":\"https:\\\/\\\/canal7slp.tv\\\/2019\\\/wp-content\\\/uploads\\\/2019\\\/05\\\/0430.jpg\",\"articleSection\":[\"DEPORTES\"],\"inLanguage\":\"es\",\"potentialAction\":[{\"@type\":\"CommentAction\",\"name\":\"Comment\",\"target\":[\"https:\\\/\\\/canal7slp.tv\\\/2019\\\/el-automovilismo-nada-tiene-que-ver-con-el-genero-majo-rodriguez\\\/#respond\"]}]},{\"@type\":\"WebPage\",\"@id\":\"https:\\\/\\\/canal7slp.tv\\\/2019\\\/el-automovilismo-nada-tiene-que-ver-con-el-genero-majo-rodriguez\\\/\",\"url\":\"https:\\\/\\\/canal7slp.tv\\\/2019\\\/el-automovilismo-nada-tiene-que-ver-con-el-genero-majo-rodriguez\\\/\",\"name\":\"El automovilismo nada tiene que ver con el g\u00e9nero: \u201cMajo\u201d Rodr\u00edguez - Canal 7 SLP - 2019\",\"isPartOf\":{\"@id\":\"https:\\\/\\\/canal7slp.tv\\\/2019\\\/#website\"},\"primaryImageOfPage\":{\"@id\":\"https:\\\/\\\/canal7slp.tv\\\/2019\\\/el-automovilismo-nada-tiene-que-ver-con-el-genero-majo-rodriguez\\\/#primaryimage\"},\"image\":{\"@id\":\"https:\\\/\\\/canal7slp.tv\\\/2019\\\/el-automovilismo-nada-tiene-que-ver-con-el-genero-majo-rodriguez\\\/#primaryimage\"},\"thumbnailUrl\":\"https:\\\/\\\/canal7slp.tv\\\/2019\\\/wp-content\\\/uploads\\\/2019\\\/05\\\/0430.jpg\",\"datePublished\":\"2019-05-28T18:15:43+00:00\",\"breadcrumb\":{\"@id\":\"https:\\\/\\\/canal7slp.tv\\\/2019\\\/el-automovilismo-nada-tiene-que-ver-con-el-genero-majo-rodriguez\\\/#breadcrumb\"},\"inLanguage\":\"es\",\"potentialAction\":[{\"@type\":\"ReadAction\",\"target\":[\"https:\\\/\\\/canal7slp.tv\\\/2019\\\/el-automovilismo-nada-tiene-que-ver-con-el-genero-majo-rodriguez\\\/\"]}]},{\"@type\":\"ImageObject\",\"inLanguage\":\"es\",\"@id\":\"https:\\\/\\\/canal7slp.tv\\\/2019\\\/el-automovilismo-nada-tiene-que-ver-con-el-genero-majo-rodriguez\\\/#primaryimage\",\"url\":\"https:\\\/\\\/canal7slp.tv\\\/2019\\\/wp-content\\\/uploads\\\/2019\\\/05\\\/0430.jpg\",\"contentUrl\":\"https:\\\/\\\/canal7slp.tv\\\/2019\\\/wp-content\\\/uploads\\\/2019\\\/05\\\/0430.jpg\",\"width\":659,\"height\":410},{\"@type\":\"BreadcrumbList\",\"@id\":\"https:\\\/\\\/canal7slp.tv\\\/2019\\\/el-automovilismo-nada-tiene-que-ver-con-el-genero-majo-rodriguez\\\/#breadcrumb\",\"itemListElement\":[{\"@type\":\"ListItem\",\"position\":1,\"name\":\"Home\",\"item\":\"https:\\\/\\\/canal7slp.tv\\\/2019\\\/\"},{\"@type\":\"ListItem\",\"position\":2,\"name\":\"El automovilismo nada tiene que ver con el g\u00e9nero: \u201cMajo\u201d Rodr\u00edguez\"}]},{\"@type\":\"WebSite\",\"@id\":\"https:\\\/\\\/canal7slp.tv\\\/2019\\\/#website\",\"url\":\"https:\\\/\\\/canal7slp.tv\\\/2019\\\/\",\"name\":\"Canal 7 SLP - Somos TV\",\"description\":\"Somos un Canal de 10\",\"publisher\":{\"@id\":\"https:\\\/\\\/canal7slp.tv\\\/2019\\\/#organization\"},\"potentialAction\":[{\"@type\":\"SearchAction\",\"target\":{\"@type\":\"EntryPoint\",\"urlTemplate\":\"https:\\\/\\\/canal7slp.tv\\\/2019\\\/?s={search_term_string}\"},\"query-input\":{\"@type\":\"PropertyValueSpecification\",\"valueRequired\":true,\"valueName\":\"search_term_string\"}}],\"inLanguage\":\"es\"},{\"@type\":\"Organization\",\"@id\":\"https:\\\/\\\/canal7slp.tv\\\/2019\\\/#organization\",\"name\":\"Comunicaci\u00f3n 2000 S.A. de C.V.\",\"url\":\"https:\\\/\\\/canal7slp.tv\\\/2019\\\/\",\"logo\":{\"@type\":\"ImageObject\",\"inLanguage\":\"es\",\"@id\":\"https:\\\/\\\/canal7slp.tv\\\/2019\\\/#\\\/schema\\\/logo\\\/image\\\/\",\"url\":\"https:\\\/\\\/canal7slp.tv\\\/2019\\\/wp-content\\\/uploads\\\/2019\\\/07\\\/logo-c7.png\",\"contentUrl\":\"https:\\\/\\\/canal7slp.tv\\\/2019\\\/wp-content\\\/uploads\\\/2019\\\/07\\\/logo-c7.png\",\"width\":220,\"height\":60,\"caption\":\"Comunicaci\u00f3n 2000 S.A. de C.V.\"},\"image\":{\"@id\":\"https:\\\/\\\/canal7slp.tv\\\/2019\\\/#\\\/schema\\\/logo\\\/image\\\/\"},\"sameAs\":[\"https:\\\/\\\/www.facebook.com\\\/CANAL7SLP\\\/\",\"https:\\\/\\\/x.com\\\/canal7_slp\",\"https:\\\/\\\/www.instagram.com\\\/canal7_slp\",\"https:\\\/\\\/www.youtube.com\\\/user\\\/NOTICIEROSCANAL7SLP\\\/\"]},{\"@type\":\"Person\",\"@id\":\"https:\\\/\\\/canal7slp.tv\\\/2019\\\/#\\\/schema\\\/person\\\/11d941c1c6ca30ac0a46b95fa37aa2e3\",\"name\":\"edicionweb\",\"image\":{\"@type\":\"ImageObject\",\"inLanguage\":\"es\",\"@id\":\"https:\\\/\\\/secure.gravatar.com\\\/avatar\\\/eee448fc3f7164808013b816ba91ac7e43bbe82a70bebac296f8bc6f0addaa1a?s=96&d=mm&r=g\",\"url\":\"https:\\\/\\\/secure.gravatar.com\\\/avatar\\\/eee448fc3f7164808013b816ba91ac7e43bbe82a70bebac296f8bc6f0addaa1a?s=96&d=mm&r=g\",\"contentUrl\":\"https:\\\/\\\/secure.gravatar.com\\\/avatar\\\/eee448fc3f7164808013b816ba91ac7e43bbe82a70bebac296f8bc6f0addaa1a?s=96&d=mm&r=g\",\"caption\":\"edicionweb\"}}]}<\/script>\n<!-- \/ Yoast SEO plugin. -->","yoast_head_json":{"title":"El automovilismo nada tiene que ver con el g\u00e9nero: \u201cMajo\u201d Rodr\u00edguez - Canal 7 SLP - 2019","robots":{"index":"index","follow":"follow","max-snippet":"max-snippet:-1","max-image-preview":"max-image-preview:large","max-video-preview":"max-video-preview:-1"},"canonical":"https:\/\/canal7slp.tv\/2019\/el-automovilismo-nada-tiene-que-ver-con-el-genero-majo-rodriguez\/","og_locale":"es_ES","og_type":"article","og_title":"El automovilismo nada tiene que ver con el g\u00e9nero: \u201cMajo\u201d Rodr\u00edguez - Canal 7 SLP - 2019","og_description":"[ad_1] M\u00e9xico.- Con la adrenalina del automovilismo corri\u00e9ndole por las venas desde la cuna, la piloto Mar\u00eda Jos\u00e9 \u201dMajo\u201d Rodr\u00edguez, asegura que de ninguna manera se siente fuera de lugar en un deporte considerado por muchos s\u00f3lo para hombres. En entrevista con\u00a0Notimex, la corredora de autos de 18 a\u00f1os de edad dijo que est\u00e1 contenta [&hellip;]","og_url":"https:\/\/canal7slp.tv\/2019\/el-automovilismo-nada-tiene-que-ver-con-el-genero-majo-rodriguez\/","og_site_name":"Canal 7 SLP - 2019","article_publisher":"https:\/\/www.facebook.com\/CANAL7SLP\/","article_published_time":"2019-05-28T18:15:43+00:00","og_image":[{"width":659,"height":410,"url":"https:\/\/canal7slp.tv\/2019\/wp-content\/uploads\/2019\/05\/0430.jpg","type":"image\/jpeg"}],"author":"edicionweb","twitter_card":"summary_large_image","twitter_creator":"@canal7_slp","twitter_site":"@canal7_slp","twitter_misc":{"Escrito por":"edicionweb","Tiempo de lectura":"5 minutos"},"schema":{"@context":"https:\/\/schema.org","@graph":[{"@type":"Article","@id":"https:\/\/canal7slp.tv\/2019\/el-automovilismo-nada-tiene-que-ver-con-el-genero-majo-rodriguez\/#article","isPartOf":{"@id":"https:\/\/canal7slp.tv\/2019\/el-automovilismo-nada-tiene-que-ver-con-el-genero-majo-rodriguez\/"},"author":{"name":"edicionweb","@id":"https:\/\/canal7slp.tv\/2019\/#\/schema\/person\/11d941c1c6ca30ac0a46b95fa37aa2e3"},"headline":"El automovilismo nada tiene que ver con el g\u00e9nero: \u201cMajo\u201d Rodr\u00edguez","datePublished":"2019-05-28T18:15:43+00:00","mainEntityOfPage":{"@id":"https:\/\/canal7slp.tv\/2019\/el-automovilismo-nada-tiene-que-ver-con-el-genero-majo-rodriguez\/"},"wordCount":1030,"commentCount":0,"publisher":{"@id":"https:\/\/canal7slp.tv\/2019\/#organization"},"image":{"@id":"https:\/\/canal7slp.tv\/2019\/el-automovilismo-nada-tiene-que-ver-con-el-genero-majo-rodriguez\/#primaryimage"},"thumbnailUrl":"https:\/\/canal7slp.tv\/2019\/wp-content\/uploads\/2019\/05\/0430.jpg","articleSection":["DEPORTES"],"inLanguage":"es","potentialAction":[{"@type":"CommentAction","name":"Comment","target":["https:\/\/canal7slp.tv\/2019\/el-automovilismo-nada-tiene-que-ver-con-el-genero-majo-rodriguez\/#respond"]}]},{"@type":"WebPage","@id":"https:\/\/canal7slp.tv\/2019\/el-automovilismo-nada-tiene-que-ver-con-el-genero-majo-rodriguez\/","url":"https:\/\/canal7slp.tv\/2019\/el-automovilismo-nada-tiene-que-ver-con-el-genero-majo-rodriguez\/","name":"El automovilismo nada tiene que ver con el g\u00e9nero: \u201cMajo\u201d Rodr\u00edguez - Canal 7 SLP - 2019","isPartOf":{"@id":"https:\/\/canal7slp.tv\/2019\/#website"},"primaryImageOfPage":{"@id":"https:\/\/canal7slp.tv\/2019\/el-automovilismo-nada-tiene-que-ver-con-el-genero-majo-rodriguez\/#primaryimage"},"image":{"@id":"https:\/\/canal7slp.tv\/2019\/el-automovilismo-nada-tiene-que-ver-con-el-genero-majo-rodriguez\/#primaryimage"},"thumbnailUrl":"https:\/\/canal7slp.tv\/2019\/wp-content\/uploads\/2019\/05\/0430.jpg","datePublished":"2019-05-28T18:15:43+00:00","breadcrumb":{"@id":"https:\/\/canal7slp.tv\/2019\/el-automovilismo-nada-tiene-que-ver-con-el-genero-majo-rodriguez\/#breadcrumb"},"inLanguage":"es","potentialAction":[{"@type":"ReadAction","target":["https:\/\/canal7slp.tv\/2019\/el-automovilismo-nada-tiene-que-ver-con-el-genero-majo-rodriguez\/"]}]},{"@type":"ImageObject","inLanguage":"es","@id":"https:\/\/canal7slp.tv\/2019\/el-automovilismo-nada-tiene-que-ver-con-el-genero-majo-rodriguez\/#primaryimage","url":"https:\/\/canal7slp.tv\/2019\/wp-content\/uploads\/2019\/05\/0430.jpg","contentUrl":"https:\/\/canal7slp.tv\/2019\/wp-content\/uploads\/2019\/05\/0430.jpg","width":659,"height":410},{"@type":"BreadcrumbList","@id":"https:\/\/canal7slp.tv\/2019\/el-automovilismo-nada-tiene-que-ver-con-el-genero-majo-rodriguez\/#breadcrumb","itemListElement":[{"@type":"ListItem","position":1,"name":"Home","item":"https:\/\/canal7slp.tv\/2019\/"},{"@type":"ListItem","position":2,"name":"El automovilismo nada tiene que ver con el g\u00e9nero: \u201cMajo\u201d Rodr\u00edguez"}]},{"@type":"WebSite","@id":"https:\/\/canal7slp.tv\/2019\/#website","url":"https:\/\/canal7slp.tv\/2019\/","name":"Canal 7 SLP - Somos TV","description":"Somos un Canal de 10","publisher":{"@id":"https:\/\/canal7slp.tv\/2019\/#organization"},"potentialAction":[{"@type":"SearchAction","target":{"@type":"EntryPoint","urlTemplate":"https:\/\/canal7slp.tv\/2019\/?s={search_term_string}"},"query-input":{"@type":"PropertyValueSpecification","valueRequired":true,"valueName":"search_term_string"}}],"inLanguage":"es"},{"@type":"Organization","@id":"https:\/\/canal7slp.tv\/2019\/#organization","name":"Comunicaci\u00f3n 2000 S.A. de C.V.","url":"https:\/\/canal7slp.tv\/2019\/","logo":{"@type":"ImageObject","inLanguage":"es","@id":"https:\/\/canal7slp.tv\/2019\/#\/schema\/logo\/image\/","url":"https:\/\/canal7slp.tv\/2019\/wp-content\/uploads\/2019\/07\/logo-c7.png","contentUrl":"https:\/\/canal7slp.tv\/2019\/wp-content\/uploads\/2019\/07\/logo-c7.png","width":220,"height":60,"caption":"Comunicaci\u00f3n 2000 S.A. de C.V."},"image":{"@id":"https:\/\/canal7slp.tv\/2019\/#\/schema\/logo\/image\/"},"sameAs":["https:\/\/www.facebook.com\/CANAL7SLP\/","https:\/\/x.com\/canal7_slp","https:\/\/www.instagram.com\/canal7_slp","https:\/\/www.youtube.com\/user\/NOTICIEROSCANAL7SLP\/"]},{"@type":"Person","@id":"https:\/\/canal7slp.tv\/2019\/#\/schema\/person\/11d941c1c6ca30ac0a46b95fa37aa2e3","name":"edicionweb","image":{"@type":"ImageObject","inLanguage":"es","@id":"https:\/\/secure.gravatar.com\/avatar\/eee448fc3f7164808013b816ba91ac7e43bbe82a70bebac296f8bc6f0addaa1a?s=96&d=mm&r=g","url":"https:\/\/secure.gravatar.com\/avatar\/eee448fc3f7164808013b816ba91ac7e43bbe82a70bebac296f8bc6f0addaa1a?s=96&d=mm&r=g","contentUrl":"https:\/\/secure.gravatar.com\/avatar\/eee448fc3f7164808013b816ba91ac7e43bbe82a70bebac296f8bc6f0addaa1a?s=96&d=mm&r=g","caption":"edicionweb"}}]}},"amp_enabled":true,"cmb2":{"video_ids_in_playlist":{"vid_p_videos":""},"video_ids_in_channel":{"vid_c_videos":""},"playlist_ids_in_channel":{"vid_c_playlists":""},"series_ids_in_channel":{"vid_c_series":""},"channel_images":{"vid_c_logo":"","vid_c_banner":""},"poster_feature_image":{"vid_m_poster_image":""},"gif_feature_image":{"vid_m_gif_image":""},"video_movie_settings":{"vid_m_director":"","vid_m_actor":"","vid_m_imdb_ratings":"","vid_m_amazon_associates":""},"vid_youtube_broadcasts_settings":{"vid_yb_broadcast_title":"","vid_yb_q":"","vid_yb_channelid":"","vid_yb_videocategoryid":"","vid_yb_maxresults":"","vid_yb_order":"","vid_yb_regioncode":"","vid_yb_videosyndicated":"","vid_yb_style":"","vid_yb_reload_first":""},"video_series_settings":{"vid_m_director":"","vid_m_actor":"","vid_m_imdb_ratings":"","video_series_group":""},"amazon_associates_settings":{"amazon_associates":"","amazon_native_ad":""},"vid_youtube_automatic_settings":{"vid_ya_youtube_source":"","vid_ya_update_every":"","vid_ya_update_unit":"","vid_ya_categories":"","vid_ya_published_after":"","vid_ya_published_before":"","vid_ya_playlists":"","vid_ya_channels":"","vid_ya_director":"","vid_ya_actor":"","vid_ya_author":"","vid_ya_import_post_date":"","vid_ya_status":"","vid_ya_sub_api_key":""},"vid_ads_m_videoads_settings_post":{"vid_ads_m_video_ads":"","vid_ads_m_video_ads_type":"","vid_ads_m_group_google_ima":"","vid_ads_m_group_image":"","vid_ads_m_group_html5_video":"","vid_ads_m_group_html":"","vid_ads_m_vast_preroll":"","vid_ads_m_vast_postroll":"","vid_ads_m_vast_pauseroll":"","vid_ads_m_vast_midroll":"","vid_ads_m_time_to_show_ads":"","vid_ads_m_time_skip_ads":"","vid_ads_m_time_to_hide_ads":""},"page_slider_settings":{"display_slider_group":"","page_slider_group":""},"blog_page_settings":{"blog_page_title":"","blog_page_heading":"","blog_page_ic":"","blog_page_it":"","blog_page_ec":"","blog_page_ip":"","archive_loop_style":"","blog_image_ratio":"","blog_show_categories":"","blog_show_excerpt":"","blog_show_author":"","blog_show_date":"","blog_show_comment_count":"","blog_show_view_count":"","blog_show_like_count":"","blog_show_dislike_count":"","blog_items_per_page":"","blog_pag_type":""},"page_options":{"get_page_template":"","color_mode":"","main_layout":"","main_layout_full_with":"","main_logo":"","main_logo_retina":"","main_logo_mobile":"","main_logo_mobile_retina":"","sticky_logo":"","sticky_logo_retina":"","main_nav_layout":"","ajax_search":"","header_background":"","theme_sidebar":"","instagram_feed":"","instagram_feed_position":"","popular_videos":"","popular_videos_title_1":"","popular_videos_title_2":"","popular_videos_ic":"","popular_videos_it":"","theme_background":"","page_custom_css":""},"feature_image_settings":{"feature_image_position":""},"video_player_settings":{"single_video_style":"","video_player_position":"","vm_video_url":"","video_player_library":"","video_streaming":"","vm_media_sources":"","vid_auto_play":"","vm_video_shortcode":"","vid_p_sync_playlist":"","vid_c_sync_channel":"","get_post_format":"","multiple_links_structure":"","multi_links_title":"","vm_video_multi_links":"","vm_duration":"","vid_social_locker":"","vid_social_locker_id":"","vid_membership_action":"","vm_video_trailer_url":"","vid_download_type":"","vid_download_target":"","vid_woo_product":"","vm_media_download":"","user_rating":"","user_rating_position":"","user_rating_mode":"","user_rating_multi_sets":""},"video_auto_fetch_settings":{"vm_video_fetch":""},"video_fake_views_likes":{"vm_fake_views":"","vm_fake_likes":"","vm_fake_dislikes":""},"gallery_settings":{"gallery_position":""},"quote_settings":{"quote_position":""},"post_options":{"main_layout":"","main_logo":"","main_logo_retina":"","main_logo_mobile":"","main_logo_mobile_retina":"","sticky_logo":"","sticky_logo_retina":"","main_nav_layout":"","header_background":"","theme_sidebar":"","single_post_comment_type":"","theme_background":""}},"_links":{"self":[{"href":"https:\/\/canal7slp.tv\/2019\/wp-json\/wp\/v2\/posts\/5106","targetHints":{"allow":["GET"]}}],"collection":[{"href":"https:\/\/canal7slp.tv\/2019\/wp-json\/wp\/v2\/posts"}],"about":[{"href":"https:\/\/canal7slp.tv\/2019\/wp-json\/wp\/v2\/types\/post"}],"author":[{"embeddable":true,"href":"https:\/\/canal7slp.tv\/2019\/wp-json\/wp\/v2\/users\/2"}],"replies":[{"embeddable":true,"href":"https:\/\/canal7slp.tv\/2019\/wp-json\/wp\/v2\/comments?post=5106"}],"version-history":[{"count":0,"href":"https:\/\/canal7slp.tv\/2019\/wp-json\/wp\/v2\/posts\/5106\/revisions"}],"wp:featuredmedia":[{"embeddable":true,"href":"https:\/\/canal7slp.tv\/2019\/wp-json\/wp\/v2\/media\/5107"}],"wp:attachment":[{"href":"https:\/\/canal7slp.tv\/2019\/wp-json\/wp\/v2\/media?parent=5106"}],"wp:term":[{"taxonomy":"category","embeddable":true,"href":"https:\/\/canal7slp.tv\/2019\/wp-json\/wp\/v2\/categories?post=5106"},{"taxonomy":"post_tag","embeddable":true,"href":"https:\/\/canal7slp.tv\/2019\/wp-json\/wp\/v2\/tags?post=5106"}],"curies":[{"name":"wp","href":"https:\/\/api.w.org\/{rel}","templated":true}]}}