{"id":5080,"date":"2019-05-28T03:11:22","date_gmt":"2019-05-28T08:11:22","guid":{"rendered":"https:\/\/canal7slp.tv\/2019\/2019\/05\/dif-estatal-lleva-la-campana-va-primero-mi-proyecto-de-vida-al-conalep\/"},"modified":"2019-05-28T03:11:22","modified_gmt":"2019-05-28T08:11:22","slug":"dif-estatal-lleva-la-campana-va-primero-mi-proyecto-de-vida-al-conalep","status":"publish","type":"post","link":"https:\/\/canal7slp.tv\/2019\/dif-estatal-lleva-la-campana-va-primero-mi-proyecto-de-vida-al-conalep\/","title":{"rendered":"DIF Estatal lleva la campa\u00f1a va Primero mi Proyecto de Vida al CONALEP"},"content":{"rendered":"<p> [ad_1]<br \/>\n<\/p>\n<p style=\"text-align: justify\">SLP.- Con la presencia de la Presidenta de la Junta Directiva del Sistema Estatal para el Desarrollo Integral de la Familia (DIF), Lorena Valle Rodr\u00edguez, se llev\u00f3 a cabo el arranque de la campa\u00f1a Va Primero mi Proyecto de Vida J\u00f3venes con Rumbo, en el Conalep, adem\u00e1s de que se realiz\u00f3 una firma de convenio entre ambas instituciones, para sumar esfuerzos por el bienestar de las y los estudiantes y sus familias.<\/p>\n<p style=\"text-align: justify\">El convenio fue suscrito por Lorena Valle Rodr\u00edguez; Mario Garc\u00eda Valdez, Director General de Colegio de Educaci\u00f3n Profesional T\u00e9cnica del Estado (Conalep); y Cecilia de los \u00c1ngeles Gonz\u00e1lez Gordoa, Directora de DIF Estatal. Derivado de este acuerdo, esta instituci\u00f3n educativa abrir\u00e1 sus puertas para llevar a cabo actividades preventivas con el estudiantado, docentes, madres y padres de familia.<\/p>\n<p style=\"text-align: justify\">En su mensaje, la Presidenta de la Junta Directiva, explic\u00f3 que esta campa\u00f1a estatal, se orienta a trabajar de cerca con la juventud, para que quieran perseguir sus sue\u00f1os y tengan un proyecto de vida. Al dirigirse a las y los j\u00f3venes destac\u00f3 que est\u00e1n en el momento en qu\u00e9 deben empezar a tener muy claro cu\u00e1les son las metas que quieren lograr y les dijo que para alcanzarlas enfrentar\u00e1n dificultades y requerir\u00e1n mucho empe\u00f1o y dedicaci\u00f3n.<\/p>\n<p style=\"text-align: justify\">Por su parte, el Director General del Conalep, agradeci\u00f3 que se lleven estas actividades a la instituci\u00f3n y asegur\u00f3 que para ellos son muy importantes, porque adem\u00e1s de formar a los j\u00f3venes para un trabajo, el Conalep busca apoyar el desarrollo personal de las y los estudiantes, para que consoliden su proyecto de vida.<\/p>\n<p style=\"text-align: justify\">Como parte de la campa\u00f1a Va Primero mi Proyecto de Vida J\u00f3venes con Rumbo, se cont\u00f3 con la participaci\u00f3n de Carlos Santamar\u00eda, ciclista profesional, quien cont\u00f3 su historia de c\u00f3mo ha hecho realidad su proyecto de vida y motiv\u00f3 a las y los estudiantes a confiar en que pueden lograr sus sue\u00f1os.<\/p>\n<p>La entrada <a rel=\"nofollow\" href=\"http:\/\/canal7slp.com\/dif-estatal-lleva-la-campana-va-primero-mi-proyecto-de-vida-al-conalep\/\">DIF Estatal lleva la campa\u00f1a va Primero mi Proyecto de Vida al CONALEP<\/a> aparece primero en <a rel=\"nofollow\" href=\"http:\/\/canal7slp.com\">Canal Siete XHSLV | Televisi\u00f3n de San Luis Potos\u00ed<\/a>.<\/p>\n<p>[ad_2]<\/p>\n","protected":false},"excerpt":{"rendered":"<p>[ad_1] SLP.- Con la presencia de la Presidenta de la Junta Directiva del Sistema Estatal para el Desarrollo Integral de la Familia (DIF), Lorena Valle Rodr\u00edguez, se llev\u00f3 a cabo el arranque de la campa\u00f1a Va Primero mi Proyecto de Vida J\u00f3venes con Rumbo, en el Conalep, adem\u00e1s de que se realiz\u00f3 una firma de [&hellip;]<\/p>\n","protected":false},"author":2,"featured_media":5081,"comment_status":"open","ping_status":"open","sticky":false,"template":"","format":"standard","meta":{"footnotes":""},"categories":[17],"tags":[],"class_list":["post-5080","post","type-post","status-publish","format-standard","has-post-thumbnail","hentry","category-localesyregionales"],"yoast_head":"<!-- This site is optimized with the Yoast SEO plugin v27.5 - https:\/\/yoast.com\/product\/yoast-seo-wordpress\/ -->\n<title>DIF Estatal lleva la campa\u00f1a va Primero mi Proyecto de Vida al CONALEP - Canal 7 SLP - 2019<\/title>\n<meta name=\"robots\" content=\"index, follow, max-snippet:-1, max-image-preview:large, max-video-preview:-1\" \/>\n<link rel=\"canonical\" href=\"https:\/\/canal7slp.tv\/2019\/dif-estatal-lleva-la-campana-va-primero-mi-proyecto-de-vida-al-conalep\/\" \/>\n<meta property=\"og:locale\" content=\"es_ES\" \/>\n<meta property=\"og:type\" content=\"article\" \/>\n<meta property=\"og:title\" content=\"DIF Estatal lleva la campa\u00f1a va Primero mi Proyecto de Vida al CONALEP - Canal 7 SLP - 2019\" \/>\n<meta property=\"og:description\" content=\"[ad_1] SLP.- Con la presencia de la Presidenta de la Junta Directiva del Sistema Estatal para el Desarrollo Integral de la Familia (DIF), Lorena Valle Rodr\u00edguez, se llev\u00f3 a cabo el arranque de la campa\u00f1a Va Primero mi Proyecto de Vida J\u00f3venes con Rumbo, en el Conalep, adem\u00e1s de que se realiz\u00f3 una firma de [&hellip;]\" \/>\n<meta property=\"og:url\" content=\"https:\/\/canal7slp.tv\/2019\/dif-estatal-lleva-la-campana-va-primero-mi-proyecto-de-vida-al-conalep\/\" \/>\n<meta property=\"og:site_name\" content=\"Canal 7 SLP - 2019\" \/>\n<meta property=\"article:publisher\" content=\"https:\/\/www.facebook.com\/CANAL7SLP\/\" \/>\n<meta property=\"article:published_time\" content=\"2019-05-28T08:11:22+00:00\" \/>\n<meta property=\"og:image\" content=\"https:\/\/canal7slp.tv\/2019\/wp-content\/uploads\/2019\/05\/gob210.jpg\" \/>\n\t<meta property=\"og:image:width\" content=\"990\" \/>\n\t<meta property=\"og:image:height\" content=\"659\" \/>\n\t<meta property=\"og:image:type\" content=\"image\/jpeg\" \/>\n<meta name=\"author\" content=\"edicionweb\" \/>\n<meta name=\"twitter:card\" content=\"summary_large_image\" \/>\n<meta name=\"twitter:creator\" content=\"@canal7_slp\" \/>\n<meta name=\"twitter:site\" content=\"@canal7_slp\" \/>\n<meta name=\"twitter:label1\" content=\"Escrito por\" \/>\n\t<meta name=\"twitter:data1\" content=\"edicionweb\" \/>\n\t<meta name=\"twitter:label2\" content=\"Tiempo de lectura\" \/>\n\t<meta name=\"twitter:data2\" content=\"2 minutos\" \/>\n<script type=\"application\/ld+json\" class=\"yoast-schema-graph\">{\"@context\":\"https:\\\/\\\/schema.org\",\"@graph\":[{\"@type\":\"Article\",\"@id\":\"https:\\\/\\\/canal7slp.tv\\\/2019\\\/dif-estatal-lleva-la-campana-va-primero-mi-proyecto-de-vida-al-conalep\\\/#article\",\"isPartOf\":{\"@id\":\"https:\\\/\\\/canal7slp.tv\\\/2019\\\/dif-estatal-lleva-la-campana-va-primero-mi-proyecto-de-vida-al-conalep\\\/\"},\"author\":{\"name\":\"edicionweb\",\"@id\":\"https:\\\/\\\/canal7slp.tv\\\/2019\\\/#\\\/schema\\\/person\\\/11d941c1c6ca30ac0a46b95fa37aa2e3\"},\"headline\":\"DIF Estatal lleva la campa\u00f1a va Primero mi Proyecto de Vida al CONALEP\",\"datePublished\":\"2019-05-28T08:11:22+00:00\",\"mainEntityOfPage\":{\"@id\":\"https:\\\/\\\/canal7slp.tv\\\/2019\\\/dif-estatal-lleva-la-campana-va-primero-mi-proyecto-de-vida-al-conalep\\\/\"},\"wordCount\":386,\"commentCount\":0,\"publisher\":{\"@id\":\"https:\\\/\\\/canal7slp.tv\\\/2019\\\/#organization\"},\"image\":{\"@id\":\"https:\\\/\\\/canal7slp.tv\\\/2019\\\/dif-estatal-lleva-la-campana-va-primero-mi-proyecto-de-vida-al-conalep\\\/#primaryimage\"},\"thumbnailUrl\":\"https:\\\/\\\/canal7slp.tv\\\/2019\\\/wp-content\\\/uploads\\\/2019\\\/05\\\/gob210.jpg\",\"articleSection\":[\"LOCALES Y REGIONALES\"],\"inLanguage\":\"es\",\"potentialAction\":[{\"@type\":\"CommentAction\",\"name\":\"Comment\",\"target\":[\"https:\\\/\\\/canal7slp.tv\\\/2019\\\/dif-estatal-lleva-la-campana-va-primero-mi-proyecto-de-vida-al-conalep\\\/#respond\"]}]},{\"@type\":\"WebPage\",\"@id\":\"https:\\\/\\\/canal7slp.tv\\\/2019\\\/dif-estatal-lleva-la-campana-va-primero-mi-proyecto-de-vida-al-conalep\\\/\",\"url\":\"https:\\\/\\\/canal7slp.tv\\\/2019\\\/dif-estatal-lleva-la-campana-va-primero-mi-proyecto-de-vida-al-conalep\\\/\",\"name\":\"DIF Estatal lleva la campa\u00f1a va Primero mi Proyecto de Vida al CONALEP - Canal 7 SLP - 2019\",\"isPartOf\":{\"@id\":\"https:\\\/\\\/canal7slp.tv\\\/2019\\\/#website\"},\"primaryImageOfPage\":{\"@id\":\"https:\\\/\\\/canal7slp.tv\\\/2019\\\/dif-estatal-lleva-la-campana-va-primero-mi-proyecto-de-vida-al-conalep\\\/#primaryimage\"},\"image\":{\"@id\":\"https:\\\/\\\/canal7slp.tv\\\/2019\\\/dif-estatal-lleva-la-campana-va-primero-mi-proyecto-de-vida-al-conalep\\\/#primaryimage\"},\"thumbnailUrl\":\"https:\\\/\\\/canal7slp.tv\\\/2019\\\/wp-content\\\/uploads\\\/2019\\\/05\\\/gob210.jpg\",\"datePublished\":\"2019-05-28T08:11:22+00:00\",\"breadcrumb\":{\"@id\":\"https:\\\/\\\/canal7slp.tv\\\/2019\\\/dif-estatal-lleva-la-campana-va-primero-mi-proyecto-de-vida-al-conalep\\\/#breadcrumb\"},\"inLanguage\":\"es\",\"potentialAction\":[{\"@type\":\"ReadAction\",\"target\":[\"https:\\\/\\\/canal7slp.tv\\\/2019\\\/dif-estatal-lleva-la-campana-va-primero-mi-proyecto-de-vida-al-conalep\\\/\"]}]},{\"@type\":\"ImageObject\",\"inLanguage\":\"es\",\"@id\":\"https:\\\/\\\/canal7slp.tv\\\/2019\\\/dif-estatal-lleva-la-campana-va-primero-mi-proyecto-de-vida-al-conalep\\\/#primaryimage\",\"url\":\"https:\\\/\\\/canal7slp.tv\\\/2019\\\/wp-content\\\/uploads\\\/2019\\\/05\\\/gob210.jpg\",\"contentUrl\":\"https:\\\/\\\/canal7slp.tv\\\/2019\\\/wp-content\\\/uploads\\\/2019\\\/05\\\/gob210.jpg\",\"width\":990,\"height\":659},{\"@type\":\"BreadcrumbList\",\"@id\":\"https:\\\/\\\/canal7slp.tv\\\/2019\\\/dif-estatal-lleva-la-campana-va-primero-mi-proyecto-de-vida-al-conalep\\\/#breadcrumb\",\"itemListElement\":[{\"@type\":\"ListItem\",\"position\":1,\"name\":\"Home\",\"item\":\"https:\\\/\\\/canal7slp.tv\\\/2019\\\/\"},{\"@type\":\"ListItem\",\"position\":2,\"name\":\"DIF Estatal lleva la campa\u00f1a va Primero mi Proyecto de Vida al CONALEP\"}]},{\"@type\":\"WebSite\",\"@id\":\"https:\\\/\\\/canal7slp.tv\\\/2019\\\/#website\",\"url\":\"https:\\\/\\\/canal7slp.tv\\\/2019\\\/\",\"name\":\"Canal 7 SLP - Somos TV\",\"description\":\"Somos un Canal de 10\",\"publisher\":{\"@id\":\"https:\\\/\\\/canal7slp.tv\\\/2019\\\/#organization\"},\"potentialAction\":[{\"@type\":\"SearchAction\",\"target\":{\"@type\":\"EntryPoint\",\"urlTemplate\":\"https:\\\/\\\/canal7slp.tv\\\/2019\\\/?s={search_term_string}\"},\"query-input\":{\"@type\":\"PropertyValueSpecification\",\"valueRequired\":true,\"valueName\":\"search_term_string\"}}],\"inLanguage\":\"es\"},{\"@type\":\"Organization\",\"@id\":\"https:\\\/\\\/canal7slp.tv\\\/2019\\\/#organization\",\"name\":\"Comunicaci\u00f3n 2000 S.A. de C.V.\",\"url\":\"https:\\\/\\\/canal7slp.tv\\\/2019\\\/\",\"logo\":{\"@type\":\"ImageObject\",\"inLanguage\":\"es\",\"@id\":\"https:\\\/\\\/canal7slp.tv\\\/2019\\\/#\\\/schema\\\/logo\\\/image\\\/\",\"url\":\"https:\\\/\\\/canal7slp.tv\\\/2019\\\/wp-content\\\/uploads\\\/2019\\\/07\\\/logo-c7.png\",\"contentUrl\":\"https:\\\/\\\/canal7slp.tv\\\/2019\\\/wp-content\\\/uploads\\\/2019\\\/07\\\/logo-c7.png\",\"width\":220,\"height\":60,\"caption\":\"Comunicaci\u00f3n 2000 S.A. de C.V.\"},\"image\":{\"@id\":\"https:\\\/\\\/canal7slp.tv\\\/2019\\\/#\\\/schema\\\/logo\\\/image\\\/\"},\"sameAs\":[\"https:\\\/\\\/www.facebook.com\\\/CANAL7SLP\\\/\",\"https:\\\/\\\/x.com\\\/canal7_slp\",\"https:\\\/\\\/www.instagram.com\\\/canal7_slp\",\"https:\\\/\\\/www.youtube.com\\\/user\\\/NOTICIEROSCANAL7SLP\\\/\"]},{\"@type\":\"Person\",\"@id\":\"https:\\\/\\\/canal7slp.tv\\\/2019\\\/#\\\/schema\\\/person\\\/11d941c1c6ca30ac0a46b95fa37aa2e3\",\"name\":\"edicionweb\",\"image\":{\"@type\":\"ImageObject\",\"inLanguage\":\"es\",\"@id\":\"https:\\\/\\\/secure.gravatar.com\\\/avatar\\\/eee448fc3f7164808013b816ba91ac7e43bbe82a70bebac296f8bc6f0addaa1a?s=96&d=mm&r=g\",\"url\":\"https:\\\/\\\/secure.gravatar.com\\\/avatar\\\/eee448fc3f7164808013b816ba91ac7e43bbe82a70bebac296f8bc6f0addaa1a?s=96&d=mm&r=g\",\"contentUrl\":\"https:\\\/\\\/secure.gravatar.com\\\/avatar\\\/eee448fc3f7164808013b816ba91ac7e43bbe82a70bebac296f8bc6f0addaa1a?s=96&d=mm&r=g\",\"caption\":\"edicionweb\"}}]}<\/script>\n<!-- \/ Yoast SEO plugin. -->","yoast_head_json":{"title":"DIF Estatal lleva la campa\u00f1a va Primero mi Proyecto de Vida al CONALEP - Canal 7 SLP - 2019","robots":{"index":"index","follow":"follow","max-snippet":"max-snippet:-1","max-image-preview":"max-image-preview:large","max-video-preview":"max-video-preview:-1"},"canonical":"https:\/\/canal7slp.tv\/2019\/dif-estatal-lleva-la-campana-va-primero-mi-proyecto-de-vida-al-conalep\/","og_locale":"es_ES","og_type":"article","og_title":"DIF Estatal lleva la campa\u00f1a va Primero mi Proyecto de Vida al CONALEP - Canal 7 SLP - 2019","og_description":"[ad_1] SLP.- Con la presencia de la Presidenta de la Junta Directiva del Sistema Estatal para el Desarrollo Integral de la Familia (DIF), Lorena Valle Rodr\u00edguez, se llev\u00f3 a cabo el arranque de la campa\u00f1a Va Primero mi Proyecto de Vida J\u00f3venes con Rumbo, en el Conalep, adem\u00e1s de que se realiz\u00f3 una firma de [&hellip;]","og_url":"https:\/\/canal7slp.tv\/2019\/dif-estatal-lleva-la-campana-va-primero-mi-proyecto-de-vida-al-conalep\/","og_site_name":"Canal 7 SLP - 2019","article_publisher":"https:\/\/www.facebook.com\/CANAL7SLP\/","article_published_time":"2019-05-28T08:11:22+00:00","og_image":[{"width":990,"height":659,"url":"https:\/\/canal7slp.tv\/2019\/wp-content\/uploads\/2019\/05\/gob210.jpg","type":"image\/jpeg"}],"author":"edicionweb","twitter_card":"summary_large_image","twitter_creator":"@canal7_slp","twitter_site":"@canal7_slp","twitter_misc":{"Escrito por":"edicionweb","Tiempo de lectura":"2 minutos"},"schema":{"@context":"https:\/\/schema.org","@graph":[{"@type":"Article","@id":"https:\/\/canal7slp.tv\/2019\/dif-estatal-lleva-la-campana-va-primero-mi-proyecto-de-vida-al-conalep\/#article","isPartOf":{"@id":"https:\/\/canal7slp.tv\/2019\/dif-estatal-lleva-la-campana-va-primero-mi-proyecto-de-vida-al-conalep\/"},"author":{"name":"edicionweb","@id":"https:\/\/canal7slp.tv\/2019\/#\/schema\/person\/11d941c1c6ca30ac0a46b95fa37aa2e3"},"headline":"DIF Estatal lleva la campa\u00f1a va Primero mi Proyecto de Vida al CONALEP","datePublished":"2019-05-28T08:11:22+00:00","mainEntityOfPage":{"@id":"https:\/\/canal7slp.tv\/2019\/dif-estatal-lleva-la-campana-va-primero-mi-proyecto-de-vida-al-conalep\/"},"wordCount":386,"commentCount":0,"publisher":{"@id":"https:\/\/canal7slp.tv\/2019\/#organization"},"image":{"@id":"https:\/\/canal7slp.tv\/2019\/dif-estatal-lleva-la-campana-va-primero-mi-proyecto-de-vida-al-conalep\/#primaryimage"},"thumbnailUrl":"https:\/\/canal7slp.tv\/2019\/wp-content\/uploads\/2019\/05\/gob210.jpg","articleSection":["LOCALES Y REGIONALES"],"inLanguage":"es","potentialAction":[{"@type":"CommentAction","name":"Comment","target":["https:\/\/canal7slp.tv\/2019\/dif-estatal-lleva-la-campana-va-primero-mi-proyecto-de-vida-al-conalep\/#respond"]}]},{"@type":"WebPage","@id":"https:\/\/canal7slp.tv\/2019\/dif-estatal-lleva-la-campana-va-primero-mi-proyecto-de-vida-al-conalep\/","url":"https:\/\/canal7slp.tv\/2019\/dif-estatal-lleva-la-campana-va-primero-mi-proyecto-de-vida-al-conalep\/","name":"DIF Estatal lleva la campa\u00f1a va Primero mi Proyecto de Vida al CONALEP - Canal 7 SLP - 2019","isPartOf":{"@id":"https:\/\/canal7slp.tv\/2019\/#website"},"primaryImageOfPage":{"@id":"https:\/\/canal7slp.tv\/2019\/dif-estatal-lleva-la-campana-va-primero-mi-proyecto-de-vida-al-conalep\/#primaryimage"},"image":{"@id":"https:\/\/canal7slp.tv\/2019\/dif-estatal-lleva-la-campana-va-primero-mi-proyecto-de-vida-al-conalep\/#primaryimage"},"thumbnailUrl":"https:\/\/canal7slp.tv\/2019\/wp-content\/uploads\/2019\/05\/gob210.jpg","datePublished":"2019-05-28T08:11:22+00:00","breadcrumb":{"@id":"https:\/\/canal7slp.tv\/2019\/dif-estatal-lleva-la-campana-va-primero-mi-proyecto-de-vida-al-conalep\/#breadcrumb"},"inLanguage":"es","potentialAction":[{"@type":"ReadAction","target":["https:\/\/canal7slp.tv\/2019\/dif-estatal-lleva-la-campana-va-primero-mi-proyecto-de-vida-al-conalep\/"]}]},{"@type":"ImageObject","inLanguage":"es","@id":"https:\/\/canal7slp.tv\/2019\/dif-estatal-lleva-la-campana-va-primero-mi-proyecto-de-vida-al-conalep\/#primaryimage","url":"https:\/\/canal7slp.tv\/2019\/wp-content\/uploads\/2019\/05\/gob210.jpg","contentUrl":"https:\/\/canal7slp.tv\/2019\/wp-content\/uploads\/2019\/05\/gob210.jpg","width":990,"height":659},{"@type":"BreadcrumbList","@id":"https:\/\/canal7slp.tv\/2019\/dif-estatal-lleva-la-campana-va-primero-mi-proyecto-de-vida-al-conalep\/#breadcrumb","itemListElement":[{"@type":"ListItem","position":1,"name":"Home","item":"https:\/\/canal7slp.tv\/2019\/"},{"@type":"ListItem","position":2,"name":"DIF Estatal lleva la campa\u00f1a va Primero mi Proyecto de Vida al CONALEP"}]},{"@type":"WebSite","@id":"https:\/\/canal7slp.tv\/2019\/#website","url":"https:\/\/canal7slp.tv\/2019\/","name":"Canal 7 SLP - Somos TV","description":"Somos un Canal de 10","publisher":{"@id":"https:\/\/canal7slp.tv\/2019\/#organization"},"potentialAction":[{"@type":"SearchAction","target":{"@type":"EntryPoint","urlTemplate":"https:\/\/canal7slp.tv\/2019\/?s={search_term_string}"},"query-input":{"@type":"PropertyValueSpecification","valueRequired":true,"valueName":"search_term_string"}}],"inLanguage":"es"},{"@type":"Organization","@id":"https:\/\/canal7slp.tv\/2019\/#organization","name":"Comunicaci\u00f3n 2000 S.A. de C.V.","url":"https:\/\/canal7slp.tv\/2019\/","logo":{"@type":"ImageObject","inLanguage":"es","@id":"https:\/\/canal7slp.tv\/2019\/#\/schema\/logo\/image\/","url":"https:\/\/canal7slp.tv\/2019\/wp-content\/uploads\/2019\/07\/logo-c7.png","contentUrl":"https:\/\/canal7slp.tv\/2019\/wp-content\/uploads\/2019\/07\/logo-c7.png","width":220,"height":60,"caption":"Comunicaci\u00f3n 2000 S.A. de C.V."},"image":{"@id":"https:\/\/canal7slp.tv\/2019\/#\/schema\/logo\/image\/"},"sameAs":["https:\/\/www.facebook.com\/CANAL7SLP\/","https:\/\/x.com\/canal7_slp","https:\/\/www.instagram.com\/canal7_slp","https:\/\/www.youtube.com\/user\/NOTICIEROSCANAL7SLP\/"]},{"@type":"Person","@id":"https:\/\/canal7slp.tv\/2019\/#\/schema\/person\/11d941c1c6ca30ac0a46b95fa37aa2e3","name":"edicionweb","image":{"@type":"ImageObject","inLanguage":"es","@id":"https:\/\/secure.gravatar.com\/avatar\/eee448fc3f7164808013b816ba91ac7e43bbe82a70bebac296f8bc6f0addaa1a?s=96&d=mm&r=g","url":"https:\/\/secure.gravatar.com\/avatar\/eee448fc3f7164808013b816ba91ac7e43bbe82a70bebac296f8bc6f0addaa1a?s=96&d=mm&r=g","contentUrl":"https:\/\/secure.gravatar.com\/avatar\/eee448fc3f7164808013b816ba91ac7e43bbe82a70bebac296f8bc6f0addaa1a?s=96&d=mm&r=g","caption":"edicionweb"}}]}},"amp_enabled":true,"cmb2":{"video_ids_in_playlist":{"vid_p_videos":""},"video_ids_in_channel":{"vid_c_videos":""},"playlist_ids_in_channel":{"vid_c_playlists":""},"series_ids_in_channel":{"vid_c_series":""},"channel_images":{"vid_c_logo":"","vid_c_banner":""},"poster_feature_image":{"vid_m_poster_image":""},"gif_feature_image":{"vid_m_gif_image":""},"video_movie_settings":{"vid_m_director":"","vid_m_actor":"","vid_m_imdb_ratings":"","vid_m_amazon_associates":""},"vid_youtube_broadcasts_settings":{"vid_yb_broadcast_title":"","vid_yb_q":"","vid_yb_channelid":"","vid_yb_videocategoryid":"","vid_yb_maxresults":"","vid_yb_order":"","vid_yb_regioncode":"","vid_yb_videosyndicated":"","vid_yb_style":"","vid_yb_reload_first":""},"video_series_settings":{"vid_m_director":"","vid_m_actor":"","vid_m_imdb_ratings":"","video_series_group":""},"amazon_associates_settings":{"amazon_associates":"","amazon_native_ad":""},"vid_youtube_automatic_settings":{"vid_ya_youtube_source":"","vid_ya_update_every":"","vid_ya_update_unit":"","vid_ya_categories":"","vid_ya_published_after":"","vid_ya_published_before":"","vid_ya_playlists":"","vid_ya_channels":"","vid_ya_director":"","vid_ya_actor":"","vid_ya_author":"","vid_ya_import_post_date":"","vid_ya_status":"","vid_ya_sub_api_key":""},"vid_ads_m_videoads_settings_post":{"vid_ads_m_video_ads":"","vid_ads_m_video_ads_type":"","vid_ads_m_group_google_ima":"","vid_ads_m_group_image":"","vid_ads_m_group_html5_video":"","vid_ads_m_group_html":"","vid_ads_m_vast_preroll":"","vid_ads_m_vast_postroll":"","vid_ads_m_vast_pauseroll":"","vid_ads_m_vast_midroll":"","vid_ads_m_time_to_show_ads":"","vid_ads_m_time_skip_ads":"","vid_ads_m_time_to_hide_ads":""},"page_slider_settings":{"display_slider_group":"","page_slider_group":""},"blog_page_settings":{"blog_page_title":"","blog_page_heading":"","blog_page_ic":"","blog_page_it":"","blog_page_ec":"","blog_page_ip":"","archive_loop_style":"","blog_image_ratio":"","blog_show_categories":"","blog_show_excerpt":"","blog_show_author":"","blog_show_date":"","blog_show_comment_count":"","blog_show_view_count":"","blog_show_like_count":"","blog_show_dislike_count":"","blog_items_per_page":"","blog_pag_type":""},"page_options":{"get_page_template":"","color_mode":"","main_layout":"","main_layout_full_with":"","main_logo":"","main_logo_retina":"","main_logo_mobile":"","main_logo_mobile_retina":"","sticky_logo":"","sticky_logo_retina":"","main_nav_layout":"","ajax_search":"","header_background":"","theme_sidebar":"","instagram_feed":"","instagram_feed_position":"","popular_videos":"","popular_videos_title_1":"","popular_videos_title_2":"","popular_videos_ic":"","popular_videos_it":"","theme_background":"","page_custom_css":""},"feature_image_settings":{"feature_image_position":""},"video_player_settings":{"single_video_style":"","video_player_position":"","vm_video_url":"","video_player_library":"","video_streaming":"","vm_media_sources":"","vid_auto_play":"","vm_video_shortcode":"","vid_p_sync_playlist":"","vid_c_sync_channel":"","get_post_format":"","multiple_links_structure":"","multi_links_title":"","vm_video_multi_links":"","vm_duration":"","vid_social_locker":"","vid_social_locker_id":"","vid_membership_action":"","vm_video_trailer_url":"","vid_download_type":"","vid_download_target":"","vid_woo_product":"","vm_media_download":"","user_rating":"","user_rating_position":"","user_rating_mode":"","user_rating_multi_sets":""},"video_auto_fetch_settings":{"vm_video_fetch":""},"video_fake_views_likes":{"vm_fake_views":"","vm_fake_likes":"","vm_fake_dislikes":""},"gallery_settings":{"gallery_position":""},"quote_settings":{"quote_position":""},"post_options":{"main_layout":"","main_logo":"","main_logo_retina":"","main_logo_mobile":"","main_logo_mobile_retina":"","sticky_logo":"","sticky_logo_retina":"","main_nav_layout":"","header_background":"","theme_sidebar":"","single_post_comment_type":"","theme_background":""}},"_links":{"self":[{"href":"https:\/\/canal7slp.tv\/2019\/wp-json\/wp\/v2\/posts\/5080","targetHints":{"allow":["GET"]}}],"collection":[{"href":"https:\/\/canal7slp.tv\/2019\/wp-json\/wp\/v2\/posts"}],"about":[{"href":"https:\/\/canal7slp.tv\/2019\/wp-json\/wp\/v2\/types\/post"}],"author":[{"embeddable":true,"href":"https:\/\/canal7slp.tv\/2019\/wp-json\/wp\/v2\/users\/2"}],"replies":[{"embeddable":true,"href":"https:\/\/canal7slp.tv\/2019\/wp-json\/wp\/v2\/comments?post=5080"}],"version-history":[{"count":0,"href":"https:\/\/canal7slp.tv\/2019\/wp-json\/wp\/v2\/posts\/5080\/revisions"}],"wp:featuredmedia":[{"embeddable":true,"href":"https:\/\/canal7slp.tv\/2019\/wp-json\/wp\/v2\/media\/5081"}],"wp:attachment":[{"href":"https:\/\/canal7slp.tv\/2019\/wp-json\/wp\/v2\/media?parent=5080"}],"wp:term":[{"taxonomy":"category","embeddable":true,"href":"https:\/\/canal7slp.tv\/2019\/wp-json\/wp\/v2\/categories?post=5080"},{"taxonomy":"post_tag","embeddable":true,"href":"https:\/\/canal7slp.tv\/2019\/wp-json\/wp\/v2\/tags?post=5080"}],"curies":[{"name":"wp","href":"https:\/\/api.w.org\/{rel}","templated":true}]}}