{"id":5068,"date":"2019-05-28T02:01:55","date_gmt":"2019-05-28T07:01:55","guid":{"rendered":"https:\/\/canal7slp.tv\/2019\/2019\/05\/antonio-aguilar-tendra-gran-homenaje-a-100-anos-de-su-nacimiento\/"},"modified":"2019-05-28T02:01:55","modified_gmt":"2019-05-28T07:01:55","slug":"antonio-aguilar-tendra-gran-homenaje-a-100-anos-de-su-nacimiento","status":"publish","type":"post","link":"https:\/\/canal7slp.tv\/2019\/antonio-aguilar-tendra-gran-homenaje-a-100-anos-de-su-nacimiento\/","title":{"rendered":"Antonio Aguilar tendr\u00e1 gran homenaje a 100 a\u00f1os de su nacimiento"},"content":{"rendered":"<p> [ad_1]<br \/>\n<\/p>\n<p style=\"text-align: justify\">Zacatecas.- Con amplio programa de actividades art\u00edsticas y culturales a efectuarse del 17 de mayo al 19 de junio, Zacatecas celebrar\u00e1 el centenario del nacimiento del cantante de m\u00fasica vern\u00e1cula Antonio Aguilar.<\/p>\n<p style=\"text-align: justify\">La jornada iniciar\u00e1 el viernes 17 de mayo, d\u00eda en que en el a\u00f1o de 1919 naci\u00f3 el tambi\u00e9n actor y cineasta mexicano en la comunidad de Tayahua, Villanueva, y concluir\u00e1n el 19 de junio, d\u00eda en que muri\u00f3, pero de 2007.<\/p>\n<p style=\"text-align: justify\">En rueda de prensa Alfonso V\u00e1zquez, director del Instituto Zacatecano de Cultura (IZC) \u201cRam\u00f3n L\u00f3pez Velarde\u201d, inform\u00f3 que con una verbena, conciertos, concursos de talento local, proyecciones cinematogr\u00e1ficas y exposiciones se reconocer\u00e1 el trabajo art\u00edstico de esa leyenda de la m\u00fasica.<\/p>\n<p style=\"text-align: justify\">Pascual Antonio Aguilar Barraza es el nombre real de que quien adem\u00e1s fue productor, guionista y experto jinete, que en los a\u00f1os 50 debut\u00f3 como actor de cine y cantante y cuya discograf\u00eda sobrepasa los 160 \u00e1lbumes y m\u00e1s de 25 millones de copias vendidas.<\/p>\n<p style=\"text-align: justify\">Por su m\u00fasica, espect\u00e1culo ecuestre y pel\u00edculas Antonio Aguilar es considerado un \u00edcono de la m\u00fasica popular mexicana. Particip\u00f3 en 167 cintas y recorri\u00f3 el mundo con su esposa y tambi\u00e9n cantante Flor Silvestre y sus hijos Antonio y Pepe.<\/p>\n<p style=\"text-align: justify\">Se le ubica como uno de los \u00faltimos grandes \u00edconos de la talla de Pedro Infante, Jorge Negrete, Luis Aguilar, Javier Sol\u00eds, Jos\u00e9 Alfredo Jim\u00e9nez y Miguel Aceves Mej\u00eda. Su mote de &#8220;El charro de M\u00e9xico&#8221; se debi\u00f3 a su aportaci\u00f3n al introducir la charrer\u00eda en el \u00e1mbito internacional.<\/p>\n<p style=\"text-align: justify\">El homenaje se llevar\u00e1 a cabo este 2019, al cumplirse 12 a\u00f1os de su deceso. De acuerdo con el programa el inicio de las actividades estar\u00e1 a cargo de la Banda Sinf\u00f3nica del Estado de Zacatecas, que el viernes 17 de mayo ofrecer\u00e1 un concierto con lo mejor de su repertorio.<\/p>\n<p style=\"text-align: justify\">De igual forma, se realizar\u00e1 una callejoneada, as\u00ed como una verbena y una gala de mariachi.<\/p>\n<p style=\"text-align: justify\">Como parte del tributo que el pueblo, gobierno y familiares har\u00e1n al int\u00e9rprete, en la conferencia se inform\u00f3 que el 4 de junio, en el Palacio de Gobierno, se abrir\u00e1 una exposici\u00f3n con art\u00edculos de la familia Aguilar. Tambi\u00e9n habr\u00e1 un concurso para int\u00e9rpretes regionales de m\u00fasica mexicana e imitadores de Antonio.<\/p>\n<p>La entrada <a rel=\"nofollow\" href=\"http:\/\/canal7slp.com\/antonio-aguilar-tendra-gran-homenaje-a-100-anos-de-su-nacimiento\/\">Antonio Aguilar tendr\u00e1 gran homenaje a 100 a\u00f1os de su nacimiento<\/a> aparece primero en <a rel=\"nofollow\" href=\"http:\/\/canal7slp.com\">Canal Siete XHSLV | Televisi\u00f3n de San Luis Potos\u00ed<\/a>.<\/p>\n<p>[ad_2]<\/p>\n","protected":false},"excerpt":{"rendered":"<p>[ad_1] Zacatecas.- Con amplio programa de actividades art\u00edsticas y culturales a efectuarse del 17 de mayo al 19 de junio, Zacatecas celebrar\u00e1 el centenario del nacimiento del cantante de m\u00fasica vern\u00e1cula Antonio Aguilar. La jornada iniciar\u00e1 el viernes 17 de mayo, d\u00eda en que en el a\u00f1o de 1919 naci\u00f3 el tambi\u00e9n actor y cineasta [&hellip;]<\/p>\n","protected":false},"author":2,"featured_media":5069,"comment_status":"open","ping_status":"open","sticky":false,"template":"","format":"standard","meta":{"footnotes":""},"categories":[25],"tags":[],"class_list":["post-5068","post","type-post","status-publish","format-standard","has-post-thumbnail","hentry","category-cultura"],"yoast_head":"<!-- This site is optimized with the Yoast SEO plugin v27.5 - https:\/\/yoast.com\/product\/yoast-seo-wordpress\/ -->\n<title>Antonio Aguilar tendr\u00e1 gran homenaje a 100 a\u00f1os de su nacimiento - Canal 7 SLP - 2019<\/title>\n<meta name=\"robots\" content=\"index, follow, max-snippet:-1, max-image-preview:large, max-video-preview:-1\" \/>\n<link rel=\"canonical\" href=\"https:\/\/canal7slp.tv\/2019\/antonio-aguilar-tendra-gran-homenaje-a-100-anos-de-su-nacimiento\/\" \/>\n<meta property=\"og:locale\" content=\"es_ES\" \/>\n<meta property=\"og:type\" content=\"article\" \/>\n<meta property=\"og:title\" content=\"Antonio Aguilar tendr\u00e1 gran homenaje a 100 a\u00f1os de su nacimiento - Canal 7 SLP - 2019\" \/>\n<meta property=\"og:description\" content=\"[ad_1] Zacatecas.- Con amplio programa de actividades art\u00edsticas y culturales a efectuarse del 17 de mayo al 19 de junio, Zacatecas celebrar\u00e1 el centenario del nacimiento del cantante de m\u00fasica vern\u00e1cula Antonio Aguilar. La jornada iniciar\u00e1 el viernes 17 de mayo, d\u00eda en que en el a\u00f1o de 1919 naci\u00f3 el tambi\u00e9n actor y cineasta [&hellip;]\" \/>\n<meta property=\"og:url\" content=\"https:\/\/canal7slp.tv\/2019\/antonio-aguilar-tendra-gran-homenaje-a-100-anos-de-su-nacimiento\/\" \/>\n<meta property=\"og:site_name\" content=\"Canal 7 SLP - 2019\" \/>\n<meta property=\"article:publisher\" content=\"https:\/\/www.facebook.com\/CANAL7SLP\/\" \/>\n<meta property=\"article:published_time\" content=\"2019-05-28T07:01:55+00:00\" \/>\n<meta property=\"og:image\" content=\"https:\/\/canal7slp.tv\/2019\/wp-content\/uploads\/2019\/05\/1015.jpg\" \/>\n\t<meta property=\"og:image:width\" content=\"555\" \/>\n\t<meta property=\"og:image:height\" content=\"410\" \/>\n\t<meta property=\"og:image:type\" content=\"image\/jpeg\" \/>\n<meta name=\"author\" content=\"edicionweb\" \/>\n<meta name=\"twitter:card\" content=\"summary_large_image\" \/>\n<meta name=\"twitter:creator\" content=\"@canal7_slp\" \/>\n<meta name=\"twitter:site\" content=\"@canal7_slp\" \/>\n<meta name=\"twitter:label1\" content=\"Escrito por\" \/>\n\t<meta name=\"twitter:data1\" content=\"edicionweb\" \/>\n\t<meta name=\"twitter:label2\" content=\"Tiempo de lectura\" \/>\n\t<meta name=\"twitter:data2\" content=\"2 minutos\" \/>\n<script type=\"application\/ld+json\" class=\"yoast-schema-graph\">{\"@context\":\"https:\\\/\\\/schema.org\",\"@graph\":[{\"@type\":\"Article\",\"@id\":\"https:\\\/\\\/canal7slp.tv\\\/2019\\\/antonio-aguilar-tendra-gran-homenaje-a-100-anos-de-su-nacimiento\\\/#article\",\"isPartOf\":{\"@id\":\"https:\\\/\\\/canal7slp.tv\\\/2019\\\/antonio-aguilar-tendra-gran-homenaje-a-100-anos-de-su-nacimiento\\\/\"},\"author\":{\"name\":\"edicionweb\",\"@id\":\"https:\\\/\\\/canal7slp.tv\\\/2019\\\/#\\\/schema\\\/person\\\/11d941c1c6ca30ac0a46b95fa37aa2e3\"},\"headline\":\"Antonio Aguilar tendr\u00e1 gran homenaje a 100 a\u00f1os de su nacimiento\",\"datePublished\":\"2019-05-28T07:01:55+00:00\",\"mainEntityOfPage\":{\"@id\":\"https:\\\/\\\/canal7slp.tv\\\/2019\\\/antonio-aguilar-tendra-gran-homenaje-a-100-anos-de-su-nacimiento\\\/\"},\"wordCount\":431,\"commentCount\":0,\"publisher\":{\"@id\":\"https:\\\/\\\/canal7slp.tv\\\/2019\\\/#organization\"},\"image\":{\"@id\":\"https:\\\/\\\/canal7slp.tv\\\/2019\\\/antonio-aguilar-tendra-gran-homenaje-a-100-anos-de-su-nacimiento\\\/#primaryimage\"},\"thumbnailUrl\":\"https:\\\/\\\/canal7slp.tv\\\/2019\\\/wp-content\\\/uploads\\\/2019\\\/05\\\/1015.jpg\",\"articleSection\":[\"CULTURA\"],\"inLanguage\":\"es\",\"potentialAction\":[{\"@type\":\"CommentAction\",\"name\":\"Comment\",\"target\":[\"https:\\\/\\\/canal7slp.tv\\\/2019\\\/antonio-aguilar-tendra-gran-homenaje-a-100-anos-de-su-nacimiento\\\/#respond\"]}]},{\"@type\":\"WebPage\",\"@id\":\"https:\\\/\\\/canal7slp.tv\\\/2019\\\/antonio-aguilar-tendra-gran-homenaje-a-100-anos-de-su-nacimiento\\\/\",\"url\":\"https:\\\/\\\/canal7slp.tv\\\/2019\\\/antonio-aguilar-tendra-gran-homenaje-a-100-anos-de-su-nacimiento\\\/\",\"name\":\"Antonio Aguilar tendr\u00e1 gran homenaje a 100 a\u00f1os de su nacimiento - Canal 7 SLP - 2019\",\"isPartOf\":{\"@id\":\"https:\\\/\\\/canal7slp.tv\\\/2019\\\/#website\"},\"primaryImageOfPage\":{\"@id\":\"https:\\\/\\\/canal7slp.tv\\\/2019\\\/antonio-aguilar-tendra-gran-homenaje-a-100-anos-de-su-nacimiento\\\/#primaryimage\"},\"image\":{\"@id\":\"https:\\\/\\\/canal7slp.tv\\\/2019\\\/antonio-aguilar-tendra-gran-homenaje-a-100-anos-de-su-nacimiento\\\/#primaryimage\"},\"thumbnailUrl\":\"https:\\\/\\\/canal7slp.tv\\\/2019\\\/wp-content\\\/uploads\\\/2019\\\/05\\\/1015.jpg\",\"datePublished\":\"2019-05-28T07:01:55+00:00\",\"breadcrumb\":{\"@id\":\"https:\\\/\\\/canal7slp.tv\\\/2019\\\/antonio-aguilar-tendra-gran-homenaje-a-100-anos-de-su-nacimiento\\\/#breadcrumb\"},\"inLanguage\":\"es\",\"potentialAction\":[{\"@type\":\"ReadAction\",\"target\":[\"https:\\\/\\\/canal7slp.tv\\\/2019\\\/antonio-aguilar-tendra-gran-homenaje-a-100-anos-de-su-nacimiento\\\/\"]}]},{\"@type\":\"ImageObject\",\"inLanguage\":\"es\",\"@id\":\"https:\\\/\\\/canal7slp.tv\\\/2019\\\/antonio-aguilar-tendra-gran-homenaje-a-100-anos-de-su-nacimiento\\\/#primaryimage\",\"url\":\"https:\\\/\\\/canal7slp.tv\\\/2019\\\/wp-content\\\/uploads\\\/2019\\\/05\\\/1015.jpg\",\"contentUrl\":\"https:\\\/\\\/canal7slp.tv\\\/2019\\\/wp-content\\\/uploads\\\/2019\\\/05\\\/1015.jpg\",\"width\":555,\"height\":410},{\"@type\":\"BreadcrumbList\",\"@id\":\"https:\\\/\\\/canal7slp.tv\\\/2019\\\/antonio-aguilar-tendra-gran-homenaje-a-100-anos-de-su-nacimiento\\\/#breadcrumb\",\"itemListElement\":[{\"@type\":\"ListItem\",\"position\":1,\"name\":\"Home\",\"item\":\"https:\\\/\\\/canal7slp.tv\\\/2019\\\/\"},{\"@type\":\"ListItem\",\"position\":2,\"name\":\"Antonio Aguilar tendr\u00e1 gran homenaje a 100 a\u00f1os de su nacimiento\"}]},{\"@type\":\"WebSite\",\"@id\":\"https:\\\/\\\/canal7slp.tv\\\/2019\\\/#website\",\"url\":\"https:\\\/\\\/canal7slp.tv\\\/2019\\\/\",\"name\":\"Canal 7 SLP - Somos TV\",\"description\":\"Somos un Canal de 10\",\"publisher\":{\"@id\":\"https:\\\/\\\/canal7slp.tv\\\/2019\\\/#organization\"},\"potentialAction\":[{\"@type\":\"SearchAction\",\"target\":{\"@type\":\"EntryPoint\",\"urlTemplate\":\"https:\\\/\\\/canal7slp.tv\\\/2019\\\/?s={search_term_string}\"},\"query-input\":{\"@type\":\"PropertyValueSpecification\",\"valueRequired\":true,\"valueName\":\"search_term_string\"}}],\"inLanguage\":\"es\"},{\"@type\":\"Organization\",\"@id\":\"https:\\\/\\\/canal7slp.tv\\\/2019\\\/#organization\",\"name\":\"Comunicaci\u00f3n 2000 S.A. de C.V.\",\"url\":\"https:\\\/\\\/canal7slp.tv\\\/2019\\\/\",\"logo\":{\"@type\":\"ImageObject\",\"inLanguage\":\"es\",\"@id\":\"https:\\\/\\\/canal7slp.tv\\\/2019\\\/#\\\/schema\\\/logo\\\/image\\\/\",\"url\":\"https:\\\/\\\/canal7slp.tv\\\/2019\\\/wp-content\\\/uploads\\\/2019\\\/07\\\/logo-c7.png\",\"contentUrl\":\"https:\\\/\\\/canal7slp.tv\\\/2019\\\/wp-content\\\/uploads\\\/2019\\\/07\\\/logo-c7.png\",\"width\":220,\"height\":60,\"caption\":\"Comunicaci\u00f3n 2000 S.A. de C.V.\"},\"image\":{\"@id\":\"https:\\\/\\\/canal7slp.tv\\\/2019\\\/#\\\/schema\\\/logo\\\/image\\\/\"},\"sameAs\":[\"https:\\\/\\\/www.facebook.com\\\/CANAL7SLP\\\/\",\"https:\\\/\\\/x.com\\\/canal7_slp\",\"https:\\\/\\\/www.instagram.com\\\/canal7_slp\",\"https:\\\/\\\/www.youtube.com\\\/user\\\/NOTICIEROSCANAL7SLP\\\/\"]},{\"@type\":\"Person\",\"@id\":\"https:\\\/\\\/canal7slp.tv\\\/2019\\\/#\\\/schema\\\/person\\\/11d941c1c6ca30ac0a46b95fa37aa2e3\",\"name\":\"edicionweb\",\"image\":{\"@type\":\"ImageObject\",\"inLanguage\":\"es\",\"@id\":\"https:\\\/\\\/secure.gravatar.com\\\/avatar\\\/eee448fc3f7164808013b816ba91ac7e43bbe82a70bebac296f8bc6f0addaa1a?s=96&d=mm&r=g\",\"url\":\"https:\\\/\\\/secure.gravatar.com\\\/avatar\\\/eee448fc3f7164808013b816ba91ac7e43bbe82a70bebac296f8bc6f0addaa1a?s=96&d=mm&r=g\",\"contentUrl\":\"https:\\\/\\\/secure.gravatar.com\\\/avatar\\\/eee448fc3f7164808013b816ba91ac7e43bbe82a70bebac296f8bc6f0addaa1a?s=96&d=mm&r=g\",\"caption\":\"edicionweb\"}}]}<\/script>\n<!-- \/ Yoast SEO plugin. -->","yoast_head_json":{"title":"Antonio Aguilar tendr\u00e1 gran homenaje a 100 a\u00f1os de su nacimiento - Canal 7 SLP - 2019","robots":{"index":"index","follow":"follow","max-snippet":"max-snippet:-1","max-image-preview":"max-image-preview:large","max-video-preview":"max-video-preview:-1"},"canonical":"https:\/\/canal7slp.tv\/2019\/antonio-aguilar-tendra-gran-homenaje-a-100-anos-de-su-nacimiento\/","og_locale":"es_ES","og_type":"article","og_title":"Antonio Aguilar tendr\u00e1 gran homenaje a 100 a\u00f1os de su nacimiento - Canal 7 SLP - 2019","og_description":"[ad_1] Zacatecas.- Con amplio programa de actividades art\u00edsticas y culturales a efectuarse del 17 de mayo al 19 de junio, Zacatecas celebrar\u00e1 el centenario del nacimiento del cantante de m\u00fasica vern\u00e1cula Antonio Aguilar. La jornada iniciar\u00e1 el viernes 17 de mayo, d\u00eda en que en el a\u00f1o de 1919 naci\u00f3 el tambi\u00e9n actor y cineasta [&hellip;]","og_url":"https:\/\/canal7slp.tv\/2019\/antonio-aguilar-tendra-gran-homenaje-a-100-anos-de-su-nacimiento\/","og_site_name":"Canal 7 SLP - 2019","article_publisher":"https:\/\/www.facebook.com\/CANAL7SLP\/","article_published_time":"2019-05-28T07:01:55+00:00","og_image":[{"width":555,"height":410,"url":"https:\/\/canal7slp.tv\/2019\/wp-content\/uploads\/2019\/05\/1015.jpg","type":"image\/jpeg"}],"author":"edicionweb","twitter_card":"summary_large_image","twitter_creator":"@canal7_slp","twitter_site":"@canal7_slp","twitter_misc":{"Escrito por":"edicionweb","Tiempo de lectura":"2 minutos"},"schema":{"@context":"https:\/\/schema.org","@graph":[{"@type":"Article","@id":"https:\/\/canal7slp.tv\/2019\/antonio-aguilar-tendra-gran-homenaje-a-100-anos-de-su-nacimiento\/#article","isPartOf":{"@id":"https:\/\/canal7slp.tv\/2019\/antonio-aguilar-tendra-gran-homenaje-a-100-anos-de-su-nacimiento\/"},"author":{"name":"edicionweb","@id":"https:\/\/canal7slp.tv\/2019\/#\/schema\/person\/11d941c1c6ca30ac0a46b95fa37aa2e3"},"headline":"Antonio Aguilar tendr\u00e1 gran homenaje a 100 a\u00f1os de su nacimiento","datePublished":"2019-05-28T07:01:55+00:00","mainEntityOfPage":{"@id":"https:\/\/canal7slp.tv\/2019\/antonio-aguilar-tendra-gran-homenaje-a-100-anos-de-su-nacimiento\/"},"wordCount":431,"commentCount":0,"publisher":{"@id":"https:\/\/canal7slp.tv\/2019\/#organization"},"image":{"@id":"https:\/\/canal7slp.tv\/2019\/antonio-aguilar-tendra-gran-homenaje-a-100-anos-de-su-nacimiento\/#primaryimage"},"thumbnailUrl":"https:\/\/canal7slp.tv\/2019\/wp-content\/uploads\/2019\/05\/1015.jpg","articleSection":["CULTURA"],"inLanguage":"es","potentialAction":[{"@type":"CommentAction","name":"Comment","target":["https:\/\/canal7slp.tv\/2019\/antonio-aguilar-tendra-gran-homenaje-a-100-anos-de-su-nacimiento\/#respond"]}]},{"@type":"WebPage","@id":"https:\/\/canal7slp.tv\/2019\/antonio-aguilar-tendra-gran-homenaje-a-100-anos-de-su-nacimiento\/","url":"https:\/\/canal7slp.tv\/2019\/antonio-aguilar-tendra-gran-homenaje-a-100-anos-de-su-nacimiento\/","name":"Antonio Aguilar tendr\u00e1 gran homenaje a 100 a\u00f1os de su nacimiento - Canal 7 SLP - 2019","isPartOf":{"@id":"https:\/\/canal7slp.tv\/2019\/#website"},"primaryImageOfPage":{"@id":"https:\/\/canal7slp.tv\/2019\/antonio-aguilar-tendra-gran-homenaje-a-100-anos-de-su-nacimiento\/#primaryimage"},"image":{"@id":"https:\/\/canal7slp.tv\/2019\/antonio-aguilar-tendra-gran-homenaje-a-100-anos-de-su-nacimiento\/#primaryimage"},"thumbnailUrl":"https:\/\/canal7slp.tv\/2019\/wp-content\/uploads\/2019\/05\/1015.jpg","datePublished":"2019-05-28T07:01:55+00:00","breadcrumb":{"@id":"https:\/\/canal7slp.tv\/2019\/antonio-aguilar-tendra-gran-homenaje-a-100-anos-de-su-nacimiento\/#breadcrumb"},"inLanguage":"es","potentialAction":[{"@type":"ReadAction","target":["https:\/\/canal7slp.tv\/2019\/antonio-aguilar-tendra-gran-homenaje-a-100-anos-de-su-nacimiento\/"]}]},{"@type":"ImageObject","inLanguage":"es","@id":"https:\/\/canal7slp.tv\/2019\/antonio-aguilar-tendra-gran-homenaje-a-100-anos-de-su-nacimiento\/#primaryimage","url":"https:\/\/canal7slp.tv\/2019\/wp-content\/uploads\/2019\/05\/1015.jpg","contentUrl":"https:\/\/canal7slp.tv\/2019\/wp-content\/uploads\/2019\/05\/1015.jpg","width":555,"height":410},{"@type":"BreadcrumbList","@id":"https:\/\/canal7slp.tv\/2019\/antonio-aguilar-tendra-gran-homenaje-a-100-anos-de-su-nacimiento\/#breadcrumb","itemListElement":[{"@type":"ListItem","position":1,"name":"Home","item":"https:\/\/canal7slp.tv\/2019\/"},{"@type":"ListItem","position":2,"name":"Antonio Aguilar tendr\u00e1 gran homenaje a 100 a\u00f1os de su nacimiento"}]},{"@type":"WebSite","@id":"https:\/\/canal7slp.tv\/2019\/#website","url":"https:\/\/canal7slp.tv\/2019\/","name":"Canal 7 SLP - Somos TV","description":"Somos un Canal de 10","publisher":{"@id":"https:\/\/canal7slp.tv\/2019\/#organization"},"potentialAction":[{"@type":"SearchAction","target":{"@type":"EntryPoint","urlTemplate":"https:\/\/canal7slp.tv\/2019\/?s={search_term_string}"},"query-input":{"@type":"PropertyValueSpecification","valueRequired":true,"valueName":"search_term_string"}}],"inLanguage":"es"},{"@type":"Organization","@id":"https:\/\/canal7slp.tv\/2019\/#organization","name":"Comunicaci\u00f3n 2000 S.A. de C.V.","url":"https:\/\/canal7slp.tv\/2019\/","logo":{"@type":"ImageObject","inLanguage":"es","@id":"https:\/\/canal7slp.tv\/2019\/#\/schema\/logo\/image\/","url":"https:\/\/canal7slp.tv\/2019\/wp-content\/uploads\/2019\/07\/logo-c7.png","contentUrl":"https:\/\/canal7slp.tv\/2019\/wp-content\/uploads\/2019\/07\/logo-c7.png","width":220,"height":60,"caption":"Comunicaci\u00f3n 2000 S.A. de C.V."},"image":{"@id":"https:\/\/canal7slp.tv\/2019\/#\/schema\/logo\/image\/"},"sameAs":["https:\/\/www.facebook.com\/CANAL7SLP\/","https:\/\/x.com\/canal7_slp","https:\/\/www.instagram.com\/canal7_slp","https:\/\/www.youtube.com\/user\/NOTICIEROSCANAL7SLP\/"]},{"@type":"Person","@id":"https:\/\/canal7slp.tv\/2019\/#\/schema\/person\/11d941c1c6ca30ac0a46b95fa37aa2e3","name":"edicionweb","image":{"@type":"ImageObject","inLanguage":"es","@id":"https:\/\/secure.gravatar.com\/avatar\/eee448fc3f7164808013b816ba91ac7e43bbe82a70bebac296f8bc6f0addaa1a?s=96&d=mm&r=g","url":"https:\/\/secure.gravatar.com\/avatar\/eee448fc3f7164808013b816ba91ac7e43bbe82a70bebac296f8bc6f0addaa1a?s=96&d=mm&r=g","contentUrl":"https:\/\/secure.gravatar.com\/avatar\/eee448fc3f7164808013b816ba91ac7e43bbe82a70bebac296f8bc6f0addaa1a?s=96&d=mm&r=g","caption":"edicionweb"}}]}},"amp_enabled":true,"cmb2":{"video_ids_in_playlist":{"vid_p_videos":""},"video_ids_in_channel":{"vid_c_videos":""},"playlist_ids_in_channel":{"vid_c_playlists":""},"series_ids_in_channel":{"vid_c_series":""},"channel_images":{"vid_c_logo":"","vid_c_banner":""},"poster_feature_image":{"vid_m_poster_image":""},"gif_feature_image":{"vid_m_gif_image":""},"video_movie_settings":{"vid_m_director":"","vid_m_actor":"","vid_m_imdb_ratings":"","vid_m_amazon_associates":""},"vid_youtube_broadcasts_settings":{"vid_yb_broadcast_title":"","vid_yb_q":"","vid_yb_channelid":"","vid_yb_videocategoryid":"","vid_yb_maxresults":"","vid_yb_order":"","vid_yb_regioncode":"","vid_yb_videosyndicated":"","vid_yb_style":"","vid_yb_reload_first":""},"video_series_settings":{"vid_m_director":"","vid_m_actor":"","vid_m_imdb_ratings":"","video_series_group":""},"amazon_associates_settings":{"amazon_associates":"","amazon_native_ad":""},"vid_youtube_automatic_settings":{"vid_ya_youtube_source":"","vid_ya_update_every":"","vid_ya_update_unit":"","vid_ya_categories":"","vid_ya_published_after":"","vid_ya_published_before":"","vid_ya_playlists":"","vid_ya_channels":"","vid_ya_director":"","vid_ya_actor":"","vid_ya_author":"","vid_ya_import_post_date":"","vid_ya_status":"","vid_ya_sub_api_key":""},"vid_ads_m_videoads_settings_post":{"vid_ads_m_video_ads":"","vid_ads_m_video_ads_type":"","vid_ads_m_group_google_ima":"","vid_ads_m_group_image":"","vid_ads_m_group_html5_video":"","vid_ads_m_group_html":"","vid_ads_m_vast_preroll":"","vid_ads_m_vast_postroll":"","vid_ads_m_vast_pauseroll":"","vid_ads_m_vast_midroll":"","vid_ads_m_time_to_show_ads":"","vid_ads_m_time_skip_ads":"","vid_ads_m_time_to_hide_ads":""},"page_slider_settings":{"display_slider_group":"","page_slider_group":""},"blog_page_settings":{"blog_page_title":"","blog_page_heading":"","blog_page_ic":"","blog_page_it":"","blog_page_ec":"","blog_page_ip":"","archive_loop_style":"","blog_image_ratio":"","blog_show_categories":"","blog_show_excerpt":"","blog_show_author":"","blog_show_date":"","blog_show_comment_count":"","blog_show_view_count":"","blog_show_like_count":"","blog_show_dislike_count":"","blog_items_per_page":"","blog_pag_type":""},"page_options":{"get_page_template":"","color_mode":"","main_layout":"","main_layout_full_with":"","main_logo":"","main_logo_retina":"","main_logo_mobile":"","main_logo_mobile_retina":"","sticky_logo":"","sticky_logo_retina":"","main_nav_layout":"","ajax_search":"","header_background":"","theme_sidebar":"","instagram_feed":"","instagram_feed_position":"","popular_videos":"","popular_videos_title_1":"","popular_videos_title_2":"","popular_videos_ic":"","popular_videos_it":"","theme_background":"","page_custom_css":""},"feature_image_settings":{"feature_image_position":""},"video_player_settings":{"single_video_style":"","video_player_position":"","vm_video_url":"","video_player_library":"","video_streaming":"","vm_media_sources":"","vid_auto_play":"","vm_video_shortcode":"","vid_p_sync_playlist":"","vid_c_sync_channel":"","get_post_format":"","multiple_links_structure":"","multi_links_title":"","vm_video_multi_links":"","vm_duration":"","vid_social_locker":"","vid_social_locker_id":"","vid_membership_action":"","vm_video_trailer_url":"","vid_download_type":"","vid_download_target":"","vid_woo_product":"","vm_media_download":"","user_rating":"","user_rating_position":"","user_rating_mode":"","user_rating_multi_sets":""},"video_auto_fetch_settings":{"vm_video_fetch":""},"video_fake_views_likes":{"vm_fake_views":"","vm_fake_likes":"","vm_fake_dislikes":""},"gallery_settings":{"gallery_position":""},"quote_settings":{"quote_position":""},"post_options":{"main_layout":"","main_logo":"","main_logo_retina":"","main_logo_mobile":"","main_logo_mobile_retina":"","sticky_logo":"","sticky_logo_retina":"","main_nav_layout":"","header_background":"","theme_sidebar":"","single_post_comment_type":"","theme_background":""}},"_links":{"self":[{"href":"https:\/\/canal7slp.tv\/2019\/wp-json\/wp\/v2\/posts\/5068","targetHints":{"allow":["GET"]}}],"collection":[{"href":"https:\/\/canal7slp.tv\/2019\/wp-json\/wp\/v2\/posts"}],"about":[{"href":"https:\/\/canal7slp.tv\/2019\/wp-json\/wp\/v2\/types\/post"}],"author":[{"embeddable":true,"href":"https:\/\/canal7slp.tv\/2019\/wp-json\/wp\/v2\/users\/2"}],"replies":[{"embeddable":true,"href":"https:\/\/canal7slp.tv\/2019\/wp-json\/wp\/v2\/comments?post=5068"}],"version-history":[{"count":0,"href":"https:\/\/canal7slp.tv\/2019\/wp-json\/wp\/v2\/posts\/5068\/revisions"}],"wp:featuredmedia":[{"embeddable":true,"href":"https:\/\/canal7slp.tv\/2019\/wp-json\/wp\/v2\/media\/5069"}],"wp:attachment":[{"href":"https:\/\/canal7slp.tv\/2019\/wp-json\/wp\/v2\/media?parent=5068"}],"wp:term":[{"taxonomy":"category","embeddable":true,"href":"https:\/\/canal7slp.tv\/2019\/wp-json\/wp\/v2\/categories?post=5068"},{"taxonomy":"post_tag","embeddable":true,"href":"https:\/\/canal7slp.tv\/2019\/wp-json\/wp\/v2\/tags?post=5068"}],"curies":[{"name":"wp","href":"https:\/\/api.w.org\/{rel}","templated":true}]}}