{"id":5056,"date":"2019-05-27T21:43:06","date_gmt":"2019-05-28T02:43:06","guid":{"rendered":"https:\/\/canal7slp.tv\/2019\/2019\/05\/amnistia-internacional-pide-a-eurocamara-contrarrestar-odio-y-miedo\/"},"modified":"2019-05-27T21:43:06","modified_gmt":"2019-05-28T02:43:06","slug":"amnistia-internacional-pide-a-eurocamara-contrarrestar-odio-y-miedo","status":"publish","type":"post","link":"https:\/\/canal7slp.tv\/2019\/amnistia-internacional-pide-a-eurocamara-contrarrestar-odio-y-miedo\/","title":{"rendered":"Amnist\u00eda Internacional pide a Euroc\u00e1mara contrarrestar odio y miedo"},"content":{"rendered":"<p> [ad_1]<br \/>\n<\/p>\n<p>Londres, 27 May (Notimex).- Amnist\u00eda Internacional (AI) convoc\u00f3 hoy a los reci\u00e9n electos miembros del Parlamento Europeo a contrarrestar el miedo y el odio que propagan pol\u00edticos y poderosos, los que reprimen el activismo pac\u00edfico e imponen pol\u00edticas que elevan la pobreza y destruyen el medio ambiente.<\/p>\n<p>En un texto suscrito por Alison Abrahams y difundido este lunes por el organismo en su p\u00e1gina web, se advierte que una vez pasadas las euroelecciones, &#8220;comienza el verdadero trabajo para el nuevo Parlamento Europeo&#8221;.<\/p>\n<p>La nueva c\u00e1mara asumir\u00e1 en un momento &#8220;de grandes turbulencias en Europa y en el mundo&#8221;, por lo que el texto llam\u00f3 a los nuevos eurodiputados a que cuando &#8220;ocupen sus esca\u00f1os para los pr\u00f3ximos cinco a\u00f1os&#8221;, trabajen para garantizar que &#8220;en la UE y en el mundo se respeten los derechos de todas las personas&#8221;.<\/p>\n<p>Apunt\u00f3 que en\u00a0el periodo previo a estas elecciones, &#8220;la juventud ha alzado la voz para decirnos que quiere una Europa libre y justa, que proteja a las personas y el medio ambiente. Hay cinco cosas que el nuevo Parlamento Europeo puede hacer para conseguir que sea as\u00ed&#8221;.<\/p>\n<p>Hay que reconocer\u00a0la situaci\u00f3n de emergencia clim\u00e1tica y tomar medidas porque &#8220;hemos llegado a un punto cr\u00edtico en lo que se refiere a abordar el cambio clim\u00e1tico: si no actuamos ya, ser\u00e1 demasiado tarde&#8221;, previno.<\/p>\n<p>&#8220;Queremos un Parlamento Europeo que reconozca la urgencia de la crisis clim\u00e1tica no s\u00f3lo con palabras, sino tambi\u00e9n con actos. El Parlamento Europeo tiene que revisar los objetivos clim\u00e1ticos para 2030 y adoptar una estrategia para garantizar una UE sin emisiones de carbono en 2040&#8243;, indic\u00f3.<\/p>\n<p>Otro de los puntos cr\u00edticos consiste en reconocer los derechos de las personas refugiadas y migrantes, al se\u00f1alar que\u00a0&#8220;Europa ha acogido siempre a personas de otros pa\u00edses, y esta bienvenida ha contribuido a enriquecer nuestro continente en materia de cultura, arquitectura, econom\u00eda y alimentaci\u00f3n&#8221;.<\/p>\n<p>Quienes huyen de la guerra o la persecuci\u00f3n y buscan seguridad en Europa necesitan y merecen dignidad y compasi\u00f3n, pero ahora muchos l\u00edderes de la UE est\u00e1n convirtiendo Europa en una fortaleza para impedirles entrar, alert\u00f3.<\/p>\n<p>Cuestiono que &#8220;son muchos los gobiernos cuyas pol\u00edticas no s\u00f3lo ponen a las personas refugiadas y solicitantes de asilo en situaci\u00f3n de riesgo, sino que tambi\u00e9n incumplen la obligaci\u00f3n que imponen los tratados de la UE de mostrar solidaridad con otros pa\u00edses&#8221;.<\/p>\n<p>Cit\u00f3 el acuerdo UE-Turqu\u00eda, que &#8220;ha dejado a miles de personas refugiadas y migrantes atrapadas en espantosas condiciones en las islas griegas&#8221;, as\u00ed como las\u00a0&#8220;medidas de control de la migraci\u00f3n con Libia&#8221;, para interceptar a refugiados y migrantes en el mar.<\/p>\n<p>Como tercer punto, mencion\u00f3\u00a0&#8220;el respeto de los derechos humanos&#8221;, que &#8220;es un principio b\u00e1sico de la UE&#8221;, pero &#8220;est\u00e1n amenazados en toda Europa&#8221;, y cit\u00f3 casos de menoscabo de estos derechos en naciones como Polonia o Hungr\u00eda.<\/p>\n<p>El texto de AI se pronunci\u00f3 en favor de que &#8220;Europa siga siendo un lugar donde todas las personas, con independencia de su g\u00e9nero, identidad de g\u00e9nero u orientaci\u00f3n sexual, pueden vivir sin sufrir discriminaci\u00f3n y violencia, pero algunos pol\u00edticos quieren volver al pasado&#8221;.<\/p>\n<p>&#8220;Estamos siendo testigos de un retroceso global con respecto a los logros alcanzados en materia de derechos humanos, con hechos como la salida de Estados Unidos del Consejo de Derechos Humanos de la ONU y la retirada de otros pa\u00edses de tribunales internacionales&#8221;, refiri\u00f3.<\/p>\n<p>En vista de estos vac\u00edos, alerta, &#8220;pa\u00edses como China y Rusia se oponen abiertamente a la universalidad de los derechos humanos e intentan silenciar a quienes los defienden&#8221;.<\/p>\n<p>&#8220;El Parlamento Europeo debe hacer cumplir a la UE su promesa de promover los derechos humanos en todas partes por medio de su pol\u00edtica exterior&#8221;, recomend\u00f3.<\/p>\n<p>El Parlamento Europeo tambi\u00e9n &#8220;debe trabajar en colaboraci\u00f3n con otras instituciones de la UE&#8221; para hacer que las empresas rindan cuentas en la materia y a desarrollar sus actividades con responsabilidad.<\/p>\n<p>&#8220;Queremos ver normas europeas vinculantes que las obliguen a respetar los derechos humanos&#8221;, manifiesta.<\/p>\n<p>La entrada <a rel=\"nofollow\" href=\"http:\/\/canal7slp.com\/amnistia-internacional-pide-a-eurocamara-contrarrestar-odio-y-miedo\/\">Amnist\u00eda Internacional pide a Euroc\u00e1mara contrarrestar odio y miedo<\/a> aparece primero en <a rel=\"nofollow\" href=\"http:\/\/canal7slp.com\">Canal Siete XHSLV | Televisi\u00f3n de San Luis Potos\u00ed<\/a>.<\/p>\n<p>[ad_2]<\/p>\n","protected":false},"excerpt":{"rendered":"<p>[ad_1] Londres, 27 May (Notimex).- Amnist\u00eda Internacional (AI) convoc\u00f3 hoy a los reci\u00e9n electos miembros del Parlamento Europeo a contrarrestar el miedo y el odio que propagan pol\u00edticos y poderosos, los que reprimen el activismo pac\u00edfico e imponen pol\u00edticas que elevan la pobreza y destruyen el medio ambiente. En un texto suscrito por Alison Abrahams [&hellip;]<\/p>\n","protected":false},"author":2,"featured_media":5057,"comment_status":"open","ping_status":"open","sticky":false,"template":"","format":"standard","meta":{"footnotes":""},"categories":[18],"tags":[],"class_list":["post-5056","post","type-post","status-publish","format-standard","has-post-thumbnail","hentry","category-internacional"],"yoast_head":"<!-- This site is optimized with the Yoast SEO plugin v27.5 - https:\/\/yoast.com\/product\/yoast-seo-wordpress\/ -->\n<title>Amnist\u00eda Internacional pide a Euroc\u00e1mara contrarrestar odio y miedo - Canal 7 SLP - 2019<\/title>\n<meta name=\"robots\" content=\"index, follow, max-snippet:-1, max-image-preview:large, max-video-preview:-1\" \/>\n<link rel=\"canonical\" href=\"https:\/\/canal7slp.tv\/2019\/amnistia-internacional-pide-a-eurocamara-contrarrestar-odio-y-miedo\/\" \/>\n<meta property=\"og:locale\" content=\"es_ES\" \/>\n<meta property=\"og:type\" content=\"article\" \/>\n<meta property=\"og:title\" content=\"Amnist\u00eda Internacional pide a Euroc\u00e1mara contrarrestar odio y miedo - Canal 7 SLP - 2019\" \/>\n<meta property=\"og:description\" content=\"[ad_1] Londres, 27 May (Notimex).- Amnist\u00eda Internacional (AI) convoc\u00f3 hoy a los reci\u00e9n electos miembros del Parlamento Europeo a contrarrestar el miedo y el odio que propagan pol\u00edticos y poderosos, los que reprimen el activismo pac\u00edfico e imponen pol\u00edticas que elevan la pobreza y destruyen el medio ambiente. En un texto suscrito por Alison Abrahams [&hellip;]\" \/>\n<meta property=\"og:url\" content=\"https:\/\/canal7slp.tv\/2019\/amnistia-internacional-pide-a-eurocamara-contrarrestar-odio-y-miedo\/\" \/>\n<meta property=\"og:site_name\" content=\"Canal 7 SLP - 2019\" \/>\n<meta property=\"article:publisher\" content=\"https:\/\/www.facebook.com\/CANAL7SLP\/\" \/>\n<meta property=\"article:published_time\" content=\"2019-05-28T02:43:06+00:00\" \/>\n<meta property=\"og:image\" content=\"https:\/\/canal7slp.tv\/2019\/wp-content\/uploads\/2019\/05\/0429.jpg\" \/>\n\t<meta property=\"og:image:width\" content=\"554\" \/>\n\t<meta property=\"og:image:height\" content=\"410\" \/>\n\t<meta property=\"og:image:type\" content=\"image\/jpeg\" \/>\n<meta name=\"author\" content=\"edicionweb\" \/>\n<meta name=\"twitter:card\" content=\"summary_large_image\" \/>\n<meta name=\"twitter:creator\" content=\"@canal7_slp\" \/>\n<meta name=\"twitter:site\" content=\"@canal7_slp\" \/>\n<meta name=\"twitter:label1\" content=\"Escrito por\" \/>\n\t<meta name=\"twitter:data1\" content=\"edicionweb\" \/>\n\t<meta name=\"twitter:label2\" content=\"Tiempo de lectura\" \/>\n\t<meta name=\"twitter:data2\" content=\"4 minutos\" \/>\n<script type=\"application\/ld+json\" class=\"yoast-schema-graph\">{\"@context\":\"https:\\\/\\\/schema.org\",\"@graph\":[{\"@type\":\"Article\",\"@id\":\"https:\\\/\\\/canal7slp.tv\\\/2019\\\/amnistia-internacional-pide-a-eurocamara-contrarrestar-odio-y-miedo\\\/#article\",\"isPartOf\":{\"@id\":\"https:\\\/\\\/canal7slp.tv\\\/2019\\\/amnistia-internacional-pide-a-eurocamara-contrarrestar-odio-y-miedo\\\/\"},\"author\":{\"name\":\"edicionweb\",\"@id\":\"https:\\\/\\\/canal7slp.tv\\\/2019\\\/#\\\/schema\\\/person\\\/11d941c1c6ca30ac0a46b95fa37aa2e3\"},\"headline\":\"Amnist\u00eda Internacional pide a Euroc\u00e1mara contrarrestar odio y miedo\",\"datePublished\":\"2019-05-28T02:43:06+00:00\",\"mainEntityOfPage\":{\"@id\":\"https:\\\/\\\/canal7slp.tv\\\/2019\\\/amnistia-internacional-pide-a-eurocamara-contrarrestar-odio-y-miedo\\\/\"},\"wordCount\":743,\"commentCount\":0,\"publisher\":{\"@id\":\"https:\\\/\\\/canal7slp.tv\\\/2019\\\/#organization\"},\"image\":{\"@id\":\"https:\\\/\\\/canal7slp.tv\\\/2019\\\/amnistia-internacional-pide-a-eurocamara-contrarrestar-odio-y-miedo\\\/#primaryimage\"},\"thumbnailUrl\":\"https:\\\/\\\/canal7slp.tv\\\/2019\\\/wp-content\\\/uploads\\\/2019\\\/05\\\/0429.jpg\",\"articleSection\":[\"INTERNACIONAL\"],\"inLanguage\":\"es\",\"potentialAction\":[{\"@type\":\"CommentAction\",\"name\":\"Comment\",\"target\":[\"https:\\\/\\\/canal7slp.tv\\\/2019\\\/amnistia-internacional-pide-a-eurocamara-contrarrestar-odio-y-miedo\\\/#respond\"]}]},{\"@type\":\"WebPage\",\"@id\":\"https:\\\/\\\/canal7slp.tv\\\/2019\\\/amnistia-internacional-pide-a-eurocamara-contrarrestar-odio-y-miedo\\\/\",\"url\":\"https:\\\/\\\/canal7slp.tv\\\/2019\\\/amnistia-internacional-pide-a-eurocamara-contrarrestar-odio-y-miedo\\\/\",\"name\":\"Amnist\u00eda Internacional pide a Euroc\u00e1mara contrarrestar odio y miedo - Canal 7 SLP - 2019\",\"isPartOf\":{\"@id\":\"https:\\\/\\\/canal7slp.tv\\\/2019\\\/#website\"},\"primaryImageOfPage\":{\"@id\":\"https:\\\/\\\/canal7slp.tv\\\/2019\\\/amnistia-internacional-pide-a-eurocamara-contrarrestar-odio-y-miedo\\\/#primaryimage\"},\"image\":{\"@id\":\"https:\\\/\\\/canal7slp.tv\\\/2019\\\/amnistia-internacional-pide-a-eurocamara-contrarrestar-odio-y-miedo\\\/#primaryimage\"},\"thumbnailUrl\":\"https:\\\/\\\/canal7slp.tv\\\/2019\\\/wp-content\\\/uploads\\\/2019\\\/05\\\/0429.jpg\",\"datePublished\":\"2019-05-28T02:43:06+00:00\",\"breadcrumb\":{\"@id\":\"https:\\\/\\\/canal7slp.tv\\\/2019\\\/amnistia-internacional-pide-a-eurocamara-contrarrestar-odio-y-miedo\\\/#breadcrumb\"},\"inLanguage\":\"es\",\"potentialAction\":[{\"@type\":\"ReadAction\",\"target\":[\"https:\\\/\\\/canal7slp.tv\\\/2019\\\/amnistia-internacional-pide-a-eurocamara-contrarrestar-odio-y-miedo\\\/\"]}]},{\"@type\":\"ImageObject\",\"inLanguage\":\"es\",\"@id\":\"https:\\\/\\\/canal7slp.tv\\\/2019\\\/amnistia-internacional-pide-a-eurocamara-contrarrestar-odio-y-miedo\\\/#primaryimage\",\"url\":\"https:\\\/\\\/canal7slp.tv\\\/2019\\\/wp-content\\\/uploads\\\/2019\\\/05\\\/0429.jpg\",\"contentUrl\":\"https:\\\/\\\/canal7slp.tv\\\/2019\\\/wp-content\\\/uploads\\\/2019\\\/05\\\/0429.jpg\",\"width\":554,\"height\":410},{\"@type\":\"BreadcrumbList\",\"@id\":\"https:\\\/\\\/canal7slp.tv\\\/2019\\\/amnistia-internacional-pide-a-eurocamara-contrarrestar-odio-y-miedo\\\/#breadcrumb\",\"itemListElement\":[{\"@type\":\"ListItem\",\"position\":1,\"name\":\"Home\",\"item\":\"https:\\\/\\\/canal7slp.tv\\\/2019\\\/\"},{\"@type\":\"ListItem\",\"position\":2,\"name\":\"Amnist\u00eda Internacional pide a Euroc\u00e1mara contrarrestar odio y miedo\"}]},{\"@type\":\"WebSite\",\"@id\":\"https:\\\/\\\/canal7slp.tv\\\/2019\\\/#website\",\"url\":\"https:\\\/\\\/canal7slp.tv\\\/2019\\\/\",\"name\":\"Canal 7 SLP - Somos TV\",\"description\":\"Somos un Canal de 10\",\"publisher\":{\"@id\":\"https:\\\/\\\/canal7slp.tv\\\/2019\\\/#organization\"},\"potentialAction\":[{\"@type\":\"SearchAction\",\"target\":{\"@type\":\"EntryPoint\",\"urlTemplate\":\"https:\\\/\\\/canal7slp.tv\\\/2019\\\/?s={search_term_string}\"},\"query-input\":{\"@type\":\"PropertyValueSpecification\",\"valueRequired\":true,\"valueName\":\"search_term_string\"}}],\"inLanguage\":\"es\"},{\"@type\":\"Organization\",\"@id\":\"https:\\\/\\\/canal7slp.tv\\\/2019\\\/#organization\",\"name\":\"Comunicaci\u00f3n 2000 S.A. de C.V.\",\"url\":\"https:\\\/\\\/canal7slp.tv\\\/2019\\\/\",\"logo\":{\"@type\":\"ImageObject\",\"inLanguage\":\"es\",\"@id\":\"https:\\\/\\\/canal7slp.tv\\\/2019\\\/#\\\/schema\\\/logo\\\/image\\\/\",\"url\":\"https:\\\/\\\/canal7slp.tv\\\/2019\\\/wp-content\\\/uploads\\\/2019\\\/07\\\/logo-c7.png\",\"contentUrl\":\"https:\\\/\\\/canal7slp.tv\\\/2019\\\/wp-content\\\/uploads\\\/2019\\\/07\\\/logo-c7.png\",\"width\":220,\"height\":60,\"caption\":\"Comunicaci\u00f3n 2000 S.A. de C.V.\"},\"image\":{\"@id\":\"https:\\\/\\\/canal7slp.tv\\\/2019\\\/#\\\/schema\\\/logo\\\/image\\\/\"},\"sameAs\":[\"https:\\\/\\\/www.facebook.com\\\/CANAL7SLP\\\/\",\"https:\\\/\\\/x.com\\\/canal7_slp\",\"https:\\\/\\\/www.instagram.com\\\/canal7_slp\",\"https:\\\/\\\/www.youtube.com\\\/user\\\/NOTICIEROSCANAL7SLP\\\/\"]},{\"@type\":\"Person\",\"@id\":\"https:\\\/\\\/canal7slp.tv\\\/2019\\\/#\\\/schema\\\/person\\\/11d941c1c6ca30ac0a46b95fa37aa2e3\",\"name\":\"edicionweb\",\"image\":{\"@type\":\"ImageObject\",\"inLanguage\":\"es\",\"@id\":\"https:\\\/\\\/secure.gravatar.com\\\/avatar\\\/eee448fc3f7164808013b816ba91ac7e43bbe82a70bebac296f8bc6f0addaa1a?s=96&d=mm&r=g\",\"url\":\"https:\\\/\\\/secure.gravatar.com\\\/avatar\\\/eee448fc3f7164808013b816ba91ac7e43bbe82a70bebac296f8bc6f0addaa1a?s=96&d=mm&r=g\",\"contentUrl\":\"https:\\\/\\\/secure.gravatar.com\\\/avatar\\\/eee448fc3f7164808013b816ba91ac7e43bbe82a70bebac296f8bc6f0addaa1a?s=96&d=mm&r=g\",\"caption\":\"edicionweb\"}}]}<\/script>\n<!-- \/ Yoast SEO plugin. -->","yoast_head_json":{"title":"Amnist\u00eda Internacional pide a Euroc\u00e1mara contrarrestar odio y miedo - Canal 7 SLP - 2019","robots":{"index":"index","follow":"follow","max-snippet":"max-snippet:-1","max-image-preview":"max-image-preview:large","max-video-preview":"max-video-preview:-1"},"canonical":"https:\/\/canal7slp.tv\/2019\/amnistia-internacional-pide-a-eurocamara-contrarrestar-odio-y-miedo\/","og_locale":"es_ES","og_type":"article","og_title":"Amnist\u00eda Internacional pide a Euroc\u00e1mara contrarrestar odio y miedo - Canal 7 SLP - 2019","og_description":"[ad_1] Londres, 27 May (Notimex).- Amnist\u00eda Internacional (AI) convoc\u00f3 hoy a los reci\u00e9n electos miembros del Parlamento Europeo a contrarrestar el miedo y el odio que propagan pol\u00edticos y poderosos, los que reprimen el activismo pac\u00edfico e imponen pol\u00edticas que elevan la pobreza y destruyen el medio ambiente. En un texto suscrito por Alison Abrahams [&hellip;]","og_url":"https:\/\/canal7slp.tv\/2019\/amnistia-internacional-pide-a-eurocamara-contrarrestar-odio-y-miedo\/","og_site_name":"Canal 7 SLP - 2019","article_publisher":"https:\/\/www.facebook.com\/CANAL7SLP\/","article_published_time":"2019-05-28T02:43:06+00:00","og_image":[{"width":554,"height":410,"url":"https:\/\/canal7slp.tv\/2019\/wp-content\/uploads\/2019\/05\/0429.jpg","type":"image\/jpeg"}],"author":"edicionweb","twitter_card":"summary_large_image","twitter_creator":"@canal7_slp","twitter_site":"@canal7_slp","twitter_misc":{"Escrito por":"edicionweb","Tiempo de lectura":"4 minutos"},"schema":{"@context":"https:\/\/schema.org","@graph":[{"@type":"Article","@id":"https:\/\/canal7slp.tv\/2019\/amnistia-internacional-pide-a-eurocamara-contrarrestar-odio-y-miedo\/#article","isPartOf":{"@id":"https:\/\/canal7slp.tv\/2019\/amnistia-internacional-pide-a-eurocamara-contrarrestar-odio-y-miedo\/"},"author":{"name":"edicionweb","@id":"https:\/\/canal7slp.tv\/2019\/#\/schema\/person\/11d941c1c6ca30ac0a46b95fa37aa2e3"},"headline":"Amnist\u00eda Internacional pide a Euroc\u00e1mara contrarrestar odio y miedo","datePublished":"2019-05-28T02:43:06+00:00","mainEntityOfPage":{"@id":"https:\/\/canal7slp.tv\/2019\/amnistia-internacional-pide-a-eurocamara-contrarrestar-odio-y-miedo\/"},"wordCount":743,"commentCount":0,"publisher":{"@id":"https:\/\/canal7slp.tv\/2019\/#organization"},"image":{"@id":"https:\/\/canal7slp.tv\/2019\/amnistia-internacional-pide-a-eurocamara-contrarrestar-odio-y-miedo\/#primaryimage"},"thumbnailUrl":"https:\/\/canal7slp.tv\/2019\/wp-content\/uploads\/2019\/05\/0429.jpg","articleSection":["INTERNACIONAL"],"inLanguage":"es","potentialAction":[{"@type":"CommentAction","name":"Comment","target":["https:\/\/canal7slp.tv\/2019\/amnistia-internacional-pide-a-eurocamara-contrarrestar-odio-y-miedo\/#respond"]}]},{"@type":"WebPage","@id":"https:\/\/canal7slp.tv\/2019\/amnistia-internacional-pide-a-eurocamara-contrarrestar-odio-y-miedo\/","url":"https:\/\/canal7slp.tv\/2019\/amnistia-internacional-pide-a-eurocamara-contrarrestar-odio-y-miedo\/","name":"Amnist\u00eda Internacional pide a Euroc\u00e1mara contrarrestar odio y miedo - Canal 7 SLP - 2019","isPartOf":{"@id":"https:\/\/canal7slp.tv\/2019\/#website"},"primaryImageOfPage":{"@id":"https:\/\/canal7slp.tv\/2019\/amnistia-internacional-pide-a-eurocamara-contrarrestar-odio-y-miedo\/#primaryimage"},"image":{"@id":"https:\/\/canal7slp.tv\/2019\/amnistia-internacional-pide-a-eurocamara-contrarrestar-odio-y-miedo\/#primaryimage"},"thumbnailUrl":"https:\/\/canal7slp.tv\/2019\/wp-content\/uploads\/2019\/05\/0429.jpg","datePublished":"2019-05-28T02:43:06+00:00","breadcrumb":{"@id":"https:\/\/canal7slp.tv\/2019\/amnistia-internacional-pide-a-eurocamara-contrarrestar-odio-y-miedo\/#breadcrumb"},"inLanguage":"es","potentialAction":[{"@type":"ReadAction","target":["https:\/\/canal7slp.tv\/2019\/amnistia-internacional-pide-a-eurocamara-contrarrestar-odio-y-miedo\/"]}]},{"@type":"ImageObject","inLanguage":"es","@id":"https:\/\/canal7slp.tv\/2019\/amnistia-internacional-pide-a-eurocamara-contrarrestar-odio-y-miedo\/#primaryimage","url":"https:\/\/canal7slp.tv\/2019\/wp-content\/uploads\/2019\/05\/0429.jpg","contentUrl":"https:\/\/canal7slp.tv\/2019\/wp-content\/uploads\/2019\/05\/0429.jpg","width":554,"height":410},{"@type":"BreadcrumbList","@id":"https:\/\/canal7slp.tv\/2019\/amnistia-internacional-pide-a-eurocamara-contrarrestar-odio-y-miedo\/#breadcrumb","itemListElement":[{"@type":"ListItem","position":1,"name":"Home","item":"https:\/\/canal7slp.tv\/2019\/"},{"@type":"ListItem","position":2,"name":"Amnist\u00eda Internacional pide a Euroc\u00e1mara contrarrestar odio y miedo"}]},{"@type":"WebSite","@id":"https:\/\/canal7slp.tv\/2019\/#website","url":"https:\/\/canal7slp.tv\/2019\/","name":"Canal 7 SLP - Somos TV","description":"Somos un Canal de 10","publisher":{"@id":"https:\/\/canal7slp.tv\/2019\/#organization"},"potentialAction":[{"@type":"SearchAction","target":{"@type":"EntryPoint","urlTemplate":"https:\/\/canal7slp.tv\/2019\/?s={search_term_string}"},"query-input":{"@type":"PropertyValueSpecification","valueRequired":true,"valueName":"search_term_string"}}],"inLanguage":"es"},{"@type":"Organization","@id":"https:\/\/canal7slp.tv\/2019\/#organization","name":"Comunicaci\u00f3n 2000 S.A. de C.V.","url":"https:\/\/canal7slp.tv\/2019\/","logo":{"@type":"ImageObject","inLanguage":"es","@id":"https:\/\/canal7slp.tv\/2019\/#\/schema\/logo\/image\/","url":"https:\/\/canal7slp.tv\/2019\/wp-content\/uploads\/2019\/07\/logo-c7.png","contentUrl":"https:\/\/canal7slp.tv\/2019\/wp-content\/uploads\/2019\/07\/logo-c7.png","width":220,"height":60,"caption":"Comunicaci\u00f3n 2000 S.A. de C.V."},"image":{"@id":"https:\/\/canal7slp.tv\/2019\/#\/schema\/logo\/image\/"},"sameAs":["https:\/\/www.facebook.com\/CANAL7SLP\/","https:\/\/x.com\/canal7_slp","https:\/\/www.instagram.com\/canal7_slp","https:\/\/www.youtube.com\/user\/NOTICIEROSCANAL7SLP\/"]},{"@type":"Person","@id":"https:\/\/canal7slp.tv\/2019\/#\/schema\/person\/11d941c1c6ca30ac0a46b95fa37aa2e3","name":"edicionweb","image":{"@type":"ImageObject","inLanguage":"es","@id":"https:\/\/secure.gravatar.com\/avatar\/eee448fc3f7164808013b816ba91ac7e43bbe82a70bebac296f8bc6f0addaa1a?s=96&d=mm&r=g","url":"https:\/\/secure.gravatar.com\/avatar\/eee448fc3f7164808013b816ba91ac7e43bbe82a70bebac296f8bc6f0addaa1a?s=96&d=mm&r=g","contentUrl":"https:\/\/secure.gravatar.com\/avatar\/eee448fc3f7164808013b816ba91ac7e43bbe82a70bebac296f8bc6f0addaa1a?s=96&d=mm&r=g","caption":"edicionweb"}}]}},"amp_enabled":true,"cmb2":{"video_ids_in_playlist":{"vid_p_videos":""},"video_ids_in_channel":{"vid_c_videos":""},"playlist_ids_in_channel":{"vid_c_playlists":""},"series_ids_in_channel":{"vid_c_series":""},"channel_images":{"vid_c_logo":"","vid_c_banner":""},"poster_feature_image":{"vid_m_poster_image":""},"gif_feature_image":{"vid_m_gif_image":""},"video_movie_settings":{"vid_m_director":"","vid_m_actor":"","vid_m_imdb_ratings":"","vid_m_amazon_associates":""},"vid_youtube_broadcasts_settings":{"vid_yb_broadcast_title":"","vid_yb_q":"","vid_yb_channelid":"","vid_yb_videocategoryid":"","vid_yb_maxresults":"","vid_yb_order":"","vid_yb_regioncode":"","vid_yb_videosyndicated":"","vid_yb_style":"","vid_yb_reload_first":""},"video_series_settings":{"vid_m_director":"","vid_m_actor":"","vid_m_imdb_ratings":"","video_series_group":""},"amazon_associates_settings":{"amazon_associates":"","amazon_native_ad":""},"vid_youtube_automatic_settings":{"vid_ya_youtube_source":"","vid_ya_update_every":"","vid_ya_update_unit":"","vid_ya_categories":"","vid_ya_published_after":"","vid_ya_published_before":"","vid_ya_playlists":"","vid_ya_channels":"","vid_ya_director":"","vid_ya_actor":"","vid_ya_author":"","vid_ya_import_post_date":"","vid_ya_status":"","vid_ya_sub_api_key":""},"vid_ads_m_videoads_settings_post":{"vid_ads_m_video_ads":"","vid_ads_m_video_ads_type":"","vid_ads_m_group_google_ima":"","vid_ads_m_group_image":"","vid_ads_m_group_html5_video":"","vid_ads_m_group_html":"","vid_ads_m_vast_preroll":"","vid_ads_m_vast_postroll":"","vid_ads_m_vast_pauseroll":"","vid_ads_m_vast_midroll":"","vid_ads_m_time_to_show_ads":"","vid_ads_m_time_skip_ads":"","vid_ads_m_time_to_hide_ads":""},"page_slider_settings":{"display_slider_group":"","page_slider_group":""},"blog_page_settings":{"blog_page_title":"","blog_page_heading":"","blog_page_ic":"","blog_page_it":"","blog_page_ec":"","blog_page_ip":"","archive_loop_style":"","blog_image_ratio":"","blog_show_categories":"","blog_show_excerpt":"","blog_show_author":"","blog_show_date":"","blog_show_comment_count":"","blog_show_view_count":"","blog_show_like_count":"","blog_show_dislike_count":"","blog_items_per_page":"","blog_pag_type":""},"page_options":{"get_page_template":"","color_mode":"","main_layout":"","main_layout_full_with":"","main_logo":"","main_logo_retina":"","main_logo_mobile":"","main_logo_mobile_retina":"","sticky_logo":"","sticky_logo_retina":"","main_nav_layout":"","ajax_search":"","header_background":"","theme_sidebar":"","instagram_feed":"","instagram_feed_position":"","popular_videos":"","popular_videos_title_1":"","popular_videos_title_2":"","popular_videos_ic":"","popular_videos_it":"","theme_background":"","page_custom_css":""},"feature_image_settings":{"feature_image_position":""},"video_player_settings":{"single_video_style":"","video_player_position":"","vm_video_url":"","video_player_library":"","video_streaming":"","vm_media_sources":"","vid_auto_play":"","vm_video_shortcode":"","vid_p_sync_playlist":"","vid_c_sync_channel":"","get_post_format":"","multiple_links_structure":"","multi_links_title":"","vm_video_multi_links":"","vm_duration":"","vid_social_locker":"","vid_social_locker_id":"","vid_membership_action":"","vm_video_trailer_url":"","vid_download_type":"","vid_download_target":"","vid_woo_product":"","vm_media_download":"","user_rating":"","user_rating_position":"","user_rating_mode":"","user_rating_multi_sets":""},"video_auto_fetch_settings":{"vm_video_fetch":""},"video_fake_views_likes":{"vm_fake_views":"","vm_fake_likes":"","vm_fake_dislikes":""},"gallery_settings":{"gallery_position":""},"quote_settings":{"quote_position":""},"post_options":{"main_layout":"","main_logo":"","main_logo_retina":"","main_logo_mobile":"","main_logo_mobile_retina":"","sticky_logo":"","sticky_logo_retina":"","main_nav_layout":"","header_background":"","theme_sidebar":"","single_post_comment_type":"","theme_background":""}},"_links":{"self":[{"href":"https:\/\/canal7slp.tv\/2019\/wp-json\/wp\/v2\/posts\/5056","targetHints":{"allow":["GET"]}}],"collection":[{"href":"https:\/\/canal7slp.tv\/2019\/wp-json\/wp\/v2\/posts"}],"about":[{"href":"https:\/\/canal7slp.tv\/2019\/wp-json\/wp\/v2\/types\/post"}],"author":[{"embeddable":true,"href":"https:\/\/canal7slp.tv\/2019\/wp-json\/wp\/v2\/users\/2"}],"replies":[{"embeddable":true,"href":"https:\/\/canal7slp.tv\/2019\/wp-json\/wp\/v2\/comments?post=5056"}],"version-history":[{"count":0,"href":"https:\/\/canal7slp.tv\/2019\/wp-json\/wp\/v2\/posts\/5056\/revisions"}],"wp:featuredmedia":[{"embeddable":true,"href":"https:\/\/canal7slp.tv\/2019\/wp-json\/wp\/v2\/media\/5057"}],"wp:attachment":[{"href":"https:\/\/canal7slp.tv\/2019\/wp-json\/wp\/v2\/media?parent=5056"}],"wp:term":[{"taxonomy":"category","embeddable":true,"href":"https:\/\/canal7slp.tv\/2019\/wp-json\/wp\/v2\/categories?post=5056"},{"taxonomy":"post_tag","embeddable":true,"href":"https:\/\/canal7slp.tv\/2019\/wp-json\/wp\/v2\/tags?post=5056"}],"curies":[{"name":"wp","href":"https:\/\/api.w.org\/{rel}","templated":true}]}}