{"id":50509,"date":"2019-08-16T12:37:56","date_gmt":"2019-08-16T17:37:56","guid":{"rendered":"https:\/\/canal7slp.tv\/2019\/?p=50509"},"modified":"2019-08-16T13:05:21","modified_gmt":"2019-08-16T18:05:21","slug":"guillermo-del-toro-inspira-el-primer-cine-de-terror-en-mexico","status":"publish","type":"post","link":"https:\/\/canal7slp.tv\/2019\/guillermo-del-toro-inspira-el-primer-cine-de-terror-en-mexico\/","title":{"rendered":"Guillermo Del Toro inspira el primer \u2018Cine de Terror\u2019 en M\u00e9xico"},"content":{"rendered":"<p style=\"text-align: justify;\">M\u00e9xico.- El cine Cin\u00e9polis Forum Buenavista se convierte a partir de esta noche en un cine de terror, el primero tematizado del g\u00e9nero en M\u00e9xico. El motivo: el estreno de la m\u00e1s reciente pel\u00edcula producida por Guillermo Del Toro, \u2018Historias de miedo para contar en la oscuridad\u2019, que invadi\u00f3 las instalaciones del Forum Buenavista para brindar una experiencia in\u00e9dita en nuestro pa\u00eds.<\/p>\n<p style=\"text-align: justify;\">Esta es la primera ocasi\u00f3n que un complejo se vestir\u00e1 por completo con la esencia de una producci\u00f3n de terror. Y ser\u00e1 a partir del estreno el 16 de agosto y hasta el pr\u00f3ximo 1 de septiembre cuando el Cin\u00e9polis Forum Buenavista, el cine m\u00e1s taquillero de la Ciudad de M\u00e9xico, ofrezca esta experiencia a sus visitantes.<\/p>\n<p style=\"text-align: justify;\">Este ser\u00e1 un evento interactivo donde los visitantes podr\u00e1n observar el m\u00e1gico mundo de terror de la nueva pel\u00edcula del cineasta mexicano. Durante largos cuatro meses, el equipo de mercadotecnia de Diamond Films, casa distribuidora de la pel\u00edcula en Latinoam\u00e9rica, estuvo preparando esta sorpresa supervisada por el mismo Del Toro.<\/p>\n<p style=\"text-align: justify;\">Las taquillas, la dulcer\u00eda y hasta los pasillos, han sido intervenidos para mostrar a cada uno de los monstruos del imaginario de Guillermo Del Toro, los cuales tomar\u00e1n vida en la m\u00e1s reciente producci\u00f3n cinematogr\u00e1fica en los diversos cuentos de terror.<\/p>\n<p style=\"text-align: justify;\">Este suceso nace desde que la compa\u00f1\u00eda tom\u00f3 en su poder la distribuci\u00f3n en el pasado Festival de Cannes, donde quer\u00edan hacer algo espectacular, nunca antes visto en nuestro pa\u00eds.<\/p>\n<p style=\"text-align: justify;\">\u201cDesde el primer momento tuvimos la idea de hacer algo grande para el estreno en M\u00e9xico pensando que a los mexicanos nos encanta asustarnos. Qu\u00e9 mejor planteamiento para su estreno en M\u00e9xico que de esta manera, con la relaci\u00f3n del director con su pa\u00eds natal\u201d, coment\u00f3 Giselle Abbud, Directora General de Diamond Films M\u00e9xico.<\/p>\n<p style=\"text-align: justify;\">Durante los \u00faltimos cuatro d\u00edas antes del estreno oficial de \u2018Historias de miedo para contar en la oscuridad\u2019, se ha realizado un intenso trabajo para vestir por completo el cine Cin\u00e9polis Forum Buenavista. El secreto fue guardado fuertemente, por lo que los primeros asistentes a la funci\u00f3n de estreno ser\u00e1n sorprendidos por la magnitud de la experiencia preparada.<\/p>\n<p style=\"text-align: justify;\">No te pierdas la oportunidad de vivirla. Recuerda que solo estar\u00e1 por unas semanas como manera de homenaje a la m\u00e1s reciente producci\u00f3n de uno de los m\u00e1s grandes directores mexicanos de todos los tiempos, el tapat\u00edo Guillermo Del Toro.<\/p>\n","protected":false},"excerpt":{"rendered":"<p>M\u00e9xico.- El cine Cin\u00e9polis Forum Buenavista se convierte a partir de esta noche en un cine de terror, el primero tematizado del g\u00e9nero en M\u00e9xico. El motivo: el estreno de la m\u00e1s reciente pel\u00edcula producida por Guillermo Del Toro, \u2018Historias de miedo para contar en la oscuridad\u2019, que invadi\u00f3 las instalaciones del Forum Buenavista para [&hellip;]<\/p>\n","protected":false},"author":2,"featured_media":50510,"comment_status":"open","ping_status":"open","sticky":false,"template":"","format":"standard","meta":{"footnotes":""},"categories":[24],"tags":[],"class_list":["post-50509","post","type-post","status-publish","format-standard","has-post-thumbnail","hentry","category-espectaculos"],"yoast_head":"<!-- This site is optimized with the Yoast SEO plugin v27.5 - https:\/\/yoast.com\/product\/yoast-seo-wordpress\/ -->\n<title>Guillermo Del Toro inspira el primer \u2018Cine de Terror\u2019 en M\u00e9xico - Canal 7 SLP - 2019<\/title>\n<meta name=\"robots\" content=\"index, follow, max-snippet:-1, max-image-preview:large, max-video-preview:-1\" \/>\n<link rel=\"canonical\" href=\"https:\/\/canal7slp.tv\/2019\/guillermo-del-toro-inspira-el-primer-cine-de-terror-en-mexico\/\" \/>\n<meta property=\"og:locale\" content=\"es_ES\" \/>\n<meta property=\"og:type\" content=\"article\" \/>\n<meta property=\"og:title\" content=\"Guillermo Del Toro inspira el primer \u2018Cine de Terror\u2019 en M\u00e9xico - Canal 7 SLP - 2019\" \/>\n<meta property=\"og:description\" content=\"M\u00e9xico.- El cine Cin\u00e9polis Forum Buenavista se convierte a partir de esta noche en un cine de terror, el primero tematizado del g\u00e9nero en M\u00e9xico. El motivo: el estreno de la m\u00e1s reciente pel\u00edcula producida por Guillermo Del Toro, \u2018Historias de miedo para contar en la oscuridad\u2019, que invadi\u00f3 las instalaciones del Forum Buenavista para [&hellip;]\" \/>\n<meta property=\"og:url\" content=\"https:\/\/canal7slp.tv\/2019\/guillermo-del-toro-inspira-el-primer-cine-de-terror-en-mexico\/\" \/>\n<meta property=\"og:site_name\" content=\"Canal 7 SLP - 2019\" \/>\n<meta property=\"article:publisher\" content=\"https:\/\/www.facebook.com\/CANAL7SLP\/\" \/>\n<meta property=\"article:published_time\" content=\"2019-08-16T17:37:56+00:00\" \/>\n<meta property=\"article:modified_time\" content=\"2019-08-16T18:05:21+00:00\" \/>\n<meta property=\"og:image\" content=\"https:\/\/canal7slp.tv\/2019\/wp-content\/uploads\/2019\/08\/01-15.jpg\" \/>\n\t<meta property=\"og:image:width\" content=\"635\" \/>\n\t<meta property=\"og:image:height\" content=\"410\" \/>\n\t<meta property=\"og:image:type\" content=\"image\/jpeg\" \/>\n<meta name=\"author\" content=\"edicionweb\" \/>\n<meta name=\"twitter:card\" content=\"summary_large_image\" \/>\n<meta name=\"twitter:creator\" content=\"@canal7_slp\" \/>\n<meta name=\"twitter:site\" content=\"@canal7_slp\" \/>\n<meta name=\"twitter:label1\" content=\"Escrito por\" \/>\n\t<meta name=\"twitter:data1\" content=\"edicionweb\" \/>\n\t<meta name=\"twitter:label2\" content=\"Tiempo de lectura\" \/>\n\t<meta name=\"twitter:data2\" content=\"2 minutos\" \/>\n<script type=\"application\/ld+json\" class=\"yoast-schema-graph\">{\"@context\":\"https:\\\/\\\/schema.org\",\"@graph\":[{\"@type\":\"Article\",\"@id\":\"https:\\\/\\\/canal7slp.tv\\\/2019\\\/guillermo-del-toro-inspira-el-primer-cine-de-terror-en-mexico\\\/#article\",\"isPartOf\":{\"@id\":\"https:\\\/\\\/canal7slp.tv\\\/2019\\\/guillermo-del-toro-inspira-el-primer-cine-de-terror-en-mexico\\\/\"},\"author\":{\"name\":\"edicionweb\",\"@id\":\"https:\\\/\\\/canal7slp.tv\\\/2019\\\/#\\\/schema\\\/person\\\/11d941c1c6ca30ac0a46b95fa37aa2e3\"},\"headline\":\"Guillermo Del Toro inspira el primer \u2018Cine de Terror\u2019 en M\u00e9xico\",\"datePublished\":\"2019-08-16T17:37:56+00:00\",\"dateModified\":\"2019-08-16T18:05:21+00:00\",\"mainEntityOfPage\":{\"@id\":\"https:\\\/\\\/canal7slp.tv\\\/2019\\\/guillermo-del-toro-inspira-el-primer-cine-de-terror-en-mexico\\\/\"},\"wordCount\":444,\"commentCount\":0,\"publisher\":{\"@id\":\"https:\\\/\\\/canal7slp.tv\\\/2019\\\/#organization\"},\"image\":{\"@id\":\"https:\\\/\\\/canal7slp.tv\\\/2019\\\/guillermo-del-toro-inspira-el-primer-cine-de-terror-en-mexico\\\/#primaryimage\"},\"thumbnailUrl\":\"https:\\\/\\\/canal7slp.tv\\\/2019\\\/wp-content\\\/uploads\\\/2019\\\/08\\\/01-15.jpg\",\"articleSection\":[\"ESPECTACULOS\"],\"inLanguage\":\"es\",\"potentialAction\":[{\"@type\":\"CommentAction\",\"name\":\"Comment\",\"target\":[\"https:\\\/\\\/canal7slp.tv\\\/2019\\\/guillermo-del-toro-inspira-el-primer-cine-de-terror-en-mexico\\\/#respond\"]}]},{\"@type\":\"WebPage\",\"@id\":\"https:\\\/\\\/canal7slp.tv\\\/2019\\\/guillermo-del-toro-inspira-el-primer-cine-de-terror-en-mexico\\\/\",\"url\":\"https:\\\/\\\/canal7slp.tv\\\/2019\\\/guillermo-del-toro-inspira-el-primer-cine-de-terror-en-mexico\\\/\",\"name\":\"Guillermo Del Toro inspira el primer \u2018Cine de Terror\u2019 en M\u00e9xico - Canal 7 SLP - 2019\",\"isPartOf\":{\"@id\":\"https:\\\/\\\/canal7slp.tv\\\/2019\\\/#website\"},\"primaryImageOfPage\":{\"@id\":\"https:\\\/\\\/canal7slp.tv\\\/2019\\\/guillermo-del-toro-inspira-el-primer-cine-de-terror-en-mexico\\\/#primaryimage\"},\"image\":{\"@id\":\"https:\\\/\\\/canal7slp.tv\\\/2019\\\/guillermo-del-toro-inspira-el-primer-cine-de-terror-en-mexico\\\/#primaryimage\"},\"thumbnailUrl\":\"https:\\\/\\\/canal7slp.tv\\\/2019\\\/wp-content\\\/uploads\\\/2019\\\/08\\\/01-15.jpg\",\"datePublished\":\"2019-08-16T17:37:56+00:00\",\"dateModified\":\"2019-08-16T18:05:21+00:00\",\"breadcrumb\":{\"@id\":\"https:\\\/\\\/canal7slp.tv\\\/2019\\\/guillermo-del-toro-inspira-el-primer-cine-de-terror-en-mexico\\\/#breadcrumb\"},\"inLanguage\":\"es\",\"potentialAction\":[{\"@type\":\"ReadAction\",\"target\":[\"https:\\\/\\\/canal7slp.tv\\\/2019\\\/guillermo-del-toro-inspira-el-primer-cine-de-terror-en-mexico\\\/\"]}]},{\"@type\":\"ImageObject\",\"inLanguage\":\"es\",\"@id\":\"https:\\\/\\\/canal7slp.tv\\\/2019\\\/guillermo-del-toro-inspira-el-primer-cine-de-terror-en-mexico\\\/#primaryimage\",\"url\":\"https:\\\/\\\/canal7slp.tv\\\/2019\\\/wp-content\\\/uploads\\\/2019\\\/08\\\/01-15.jpg\",\"contentUrl\":\"https:\\\/\\\/canal7slp.tv\\\/2019\\\/wp-content\\\/uploads\\\/2019\\\/08\\\/01-15.jpg\",\"width\":635,\"height\":410},{\"@type\":\"BreadcrumbList\",\"@id\":\"https:\\\/\\\/canal7slp.tv\\\/2019\\\/guillermo-del-toro-inspira-el-primer-cine-de-terror-en-mexico\\\/#breadcrumb\",\"itemListElement\":[{\"@type\":\"ListItem\",\"position\":1,\"name\":\"Home\",\"item\":\"https:\\\/\\\/canal7slp.tv\\\/2019\\\/\"},{\"@type\":\"ListItem\",\"position\":2,\"name\":\"Guillermo Del Toro inspira el primer \u2018Cine de Terror\u2019 en M\u00e9xico\"}]},{\"@type\":\"WebSite\",\"@id\":\"https:\\\/\\\/canal7slp.tv\\\/2019\\\/#website\",\"url\":\"https:\\\/\\\/canal7slp.tv\\\/2019\\\/\",\"name\":\"Canal 7 SLP - Somos TV\",\"description\":\"Somos un Canal de 10\",\"publisher\":{\"@id\":\"https:\\\/\\\/canal7slp.tv\\\/2019\\\/#organization\"},\"potentialAction\":[{\"@type\":\"SearchAction\",\"target\":{\"@type\":\"EntryPoint\",\"urlTemplate\":\"https:\\\/\\\/canal7slp.tv\\\/2019\\\/?s={search_term_string}\"},\"query-input\":{\"@type\":\"PropertyValueSpecification\",\"valueRequired\":true,\"valueName\":\"search_term_string\"}}],\"inLanguage\":\"es\"},{\"@type\":\"Organization\",\"@id\":\"https:\\\/\\\/canal7slp.tv\\\/2019\\\/#organization\",\"name\":\"Comunicaci\u00f3n 2000 S.A. de C.V.\",\"url\":\"https:\\\/\\\/canal7slp.tv\\\/2019\\\/\",\"logo\":{\"@type\":\"ImageObject\",\"inLanguage\":\"es\",\"@id\":\"https:\\\/\\\/canal7slp.tv\\\/2019\\\/#\\\/schema\\\/logo\\\/image\\\/\",\"url\":\"https:\\\/\\\/canal7slp.tv\\\/2019\\\/wp-content\\\/uploads\\\/2019\\\/07\\\/logo-c7.png\",\"contentUrl\":\"https:\\\/\\\/canal7slp.tv\\\/2019\\\/wp-content\\\/uploads\\\/2019\\\/07\\\/logo-c7.png\",\"width\":220,\"height\":60,\"caption\":\"Comunicaci\u00f3n 2000 S.A. de C.V.\"},\"image\":{\"@id\":\"https:\\\/\\\/canal7slp.tv\\\/2019\\\/#\\\/schema\\\/logo\\\/image\\\/\"},\"sameAs\":[\"https:\\\/\\\/www.facebook.com\\\/CANAL7SLP\\\/\",\"https:\\\/\\\/x.com\\\/canal7_slp\",\"https:\\\/\\\/www.instagram.com\\\/canal7_slp\",\"https:\\\/\\\/www.youtube.com\\\/user\\\/NOTICIEROSCANAL7SLP\\\/\"]},{\"@type\":\"Person\",\"@id\":\"https:\\\/\\\/canal7slp.tv\\\/2019\\\/#\\\/schema\\\/person\\\/11d941c1c6ca30ac0a46b95fa37aa2e3\",\"name\":\"edicionweb\",\"image\":{\"@type\":\"ImageObject\",\"inLanguage\":\"es\",\"@id\":\"https:\\\/\\\/secure.gravatar.com\\\/avatar\\\/eee448fc3f7164808013b816ba91ac7e43bbe82a70bebac296f8bc6f0addaa1a?s=96&d=mm&r=g\",\"url\":\"https:\\\/\\\/secure.gravatar.com\\\/avatar\\\/eee448fc3f7164808013b816ba91ac7e43bbe82a70bebac296f8bc6f0addaa1a?s=96&d=mm&r=g\",\"contentUrl\":\"https:\\\/\\\/secure.gravatar.com\\\/avatar\\\/eee448fc3f7164808013b816ba91ac7e43bbe82a70bebac296f8bc6f0addaa1a?s=96&d=mm&r=g\",\"caption\":\"edicionweb\"}}]}<\/script>\n<!-- \/ Yoast SEO plugin. -->","yoast_head_json":{"title":"Guillermo Del Toro inspira el primer \u2018Cine de Terror\u2019 en M\u00e9xico - Canal 7 SLP - 2019","robots":{"index":"index","follow":"follow","max-snippet":"max-snippet:-1","max-image-preview":"max-image-preview:large","max-video-preview":"max-video-preview:-1"},"canonical":"https:\/\/canal7slp.tv\/2019\/guillermo-del-toro-inspira-el-primer-cine-de-terror-en-mexico\/","og_locale":"es_ES","og_type":"article","og_title":"Guillermo Del Toro inspira el primer \u2018Cine de Terror\u2019 en M\u00e9xico - Canal 7 SLP - 2019","og_description":"M\u00e9xico.- El cine Cin\u00e9polis Forum Buenavista se convierte a partir de esta noche en un cine de terror, el primero tematizado del g\u00e9nero en M\u00e9xico. El motivo: el estreno de la m\u00e1s reciente pel\u00edcula producida por Guillermo Del Toro, \u2018Historias de miedo para contar en la oscuridad\u2019, que invadi\u00f3 las instalaciones del Forum Buenavista para [&hellip;]","og_url":"https:\/\/canal7slp.tv\/2019\/guillermo-del-toro-inspira-el-primer-cine-de-terror-en-mexico\/","og_site_name":"Canal 7 SLP - 2019","article_publisher":"https:\/\/www.facebook.com\/CANAL7SLP\/","article_published_time":"2019-08-16T17:37:56+00:00","article_modified_time":"2019-08-16T18:05:21+00:00","og_image":[{"width":635,"height":410,"url":"https:\/\/canal7slp.tv\/2019\/wp-content\/uploads\/2019\/08\/01-15.jpg","type":"image\/jpeg"}],"author":"edicionweb","twitter_card":"summary_large_image","twitter_creator":"@canal7_slp","twitter_site":"@canal7_slp","twitter_misc":{"Escrito por":"edicionweb","Tiempo de lectura":"2 minutos"},"schema":{"@context":"https:\/\/schema.org","@graph":[{"@type":"Article","@id":"https:\/\/canal7slp.tv\/2019\/guillermo-del-toro-inspira-el-primer-cine-de-terror-en-mexico\/#article","isPartOf":{"@id":"https:\/\/canal7slp.tv\/2019\/guillermo-del-toro-inspira-el-primer-cine-de-terror-en-mexico\/"},"author":{"name":"edicionweb","@id":"https:\/\/canal7slp.tv\/2019\/#\/schema\/person\/11d941c1c6ca30ac0a46b95fa37aa2e3"},"headline":"Guillermo Del Toro inspira el primer \u2018Cine de Terror\u2019 en M\u00e9xico","datePublished":"2019-08-16T17:37:56+00:00","dateModified":"2019-08-16T18:05:21+00:00","mainEntityOfPage":{"@id":"https:\/\/canal7slp.tv\/2019\/guillermo-del-toro-inspira-el-primer-cine-de-terror-en-mexico\/"},"wordCount":444,"commentCount":0,"publisher":{"@id":"https:\/\/canal7slp.tv\/2019\/#organization"},"image":{"@id":"https:\/\/canal7slp.tv\/2019\/guillermo-del-toro-inspira-el-primer-cine-de-terror-en-mexico\/#primaryimage"},"thumbnailUrl":"https:\/\/canal7slp.tv\/2019\/wp-content\/uploads\/2019\/08\/01-15.jpg","articleSection":["ESPECTACULOS"],"inLanguage":"es","potentialAction":[{"@type":"CommentAction","name":"Comment","target":["https:\/\/canal7slp.tv\/2019\/guillermo-del-toro-inspira-el-primer-cine-de-terror-en-mexico\/#respond"]}]},{"@type":"WebPage","@id":"https:\/\/canal7slp.tv\/2019\/guillermo-del-toro-inspira-el-primer-cine-de-terror-en-mexico\/","url":"https:\/\/canal7slp.tv\/2019\/guillermo-del-toro-inspira-el-primer-cine-de-terror-en-mexico\/","name":"Guillermo Del Toro inspira el primer \u2018Cine de Terror\u2019 en M\u00e9xico - Canal 7 SLP - 2019","isPartOf":{"@id":"https:\/\/canal7slp.tv\/2019\/#website"},"primaryImageOfPage":{"@id":"https:\/\/canal7slp.tv\/2019\/guillermo-del-toro-inspira-el-primer-cine-de-terror-en-mexico\/#primaryimage"},"image":{"@id":"https:\/\/canal7slp.tv\/2019\/guillermo-del-toro-inspira-el-primer-cine-de-terror-en-mexico\/#primaryimage"},"thumbnailUrl":"https:\/\/canal7slp.tv\/2019\/wp-content\/uploads\/2019\/08\/01-15.jpg","datePublished":"2019-08-16T17:37:56+00:00","dateModified":"2019-08-16T18:05:21+00:00","breadcrumb":{"@id":"https:\/\/canal7slp.tv\/2019\/guillermo-del-toro-inspira-el-primer-cine-de-terror-en-mexico\/#breadcrumb"},"inLanguage":"es","potentialAction":[{"@type":"ReadAction","target":["https:\/\/canal7slp.tv\/2019\/guillermo-del-toro-inspira-el-primer-cine-de-terror-en-mexico\/"]}]},{"@type":"ImageObject","inLanguage":"es","@id":"https:\/\/canal7slp.tv\/2019\/guillermo-del-toro-inspira-el-primer-cine-de-terror-en-mexico\/#primaryimage","url":"https:\/\/canal7slp.tv\/2019\/wp-content\/uploads\/2019\/08\/01-15.jpg","contentUrl":"https:\/\/canal7slp.tv\/2019\/wp-content\/uploads\/2019\/08\/01-15.jpg","width":635,"height":410},{"@type":"BreadcrumbList","@id":"https:\/\/canal7slp.tv\/2019\/guillermo-del-toro-inspira-el-primer-cine-de-terror-en-mexico\/#breadcrumb","itemListElement":[{"@type":"ListItem","position":1,"name":"Home","item":"https:\/\/canal7slp.tv\/2019\/"},{"@type":"ListItem","position":2,"name":"Guillermo Del Toro inspira el primer \u2018Cine de Terror\u2019 en M\u00e9xico"}]},{"@type":"WebSite","@id":"https:\/\/canal7slp.tv\/2019\/#website","url":"https:\/\/canal7slp.tv\/2019\/","name":"Canal 7 SLP - Somos TV","description":"Somos un Canal de 10","publisher":{"@id":"https:\/\/canal7slp.tv\/2019\/#organization"},"potentialAction":[{"@type":"SearchAction","target":{"@type":"EntryPoint","urlTemplate":"https:\/\/canal7slp.tv\/2019\/?s={search_term_string}"},"query-input":{"@type":"PropertyValueSpecification","valueRequired":true,"valueName":"search_term_string"}}],"inLanguage":"es"},{"@type":"Organization","@id":"https:\/\/canal7slp.tv\/2019\/#organization","name":"Comunicaci\u00f3n 2000 S.A. de C.V.","url":"https:\/\/canal7slp.tv\/2019\/","logo":{"@type":"ImageObject","inLanguage":"es","@id":"https:\/\/canal7slp.tv\/2019\/#\/schema\/logo\/image\/","url":"https:\/\/canal7slp.tv\/2019\/wp-content\/uploads\/2019\/07\/logo-c7.png","contentUrl":"https:\/\/canal7slp.tv\/2019\/wp-content\/uploads\/2019\/07\/logo-c7.png","width":220,"height":60,"caption":"Comunicaci\u00f3n 2000 S.A. de C.V."},"image":{"@id":"https:\/\/canal7slp.tv\/2019\/#\/schema\/logo\/image\/"},"sameAs":["https:\/\/www.facebook.com\/CANAL7SLP\/","https:\/\/x.com\/canal7_slp","https:\/\/www.instagram.com\/canal7_slp","https:\/\/www.youtube.com\/user\/NOTICIEROSCANAL7SLP\/"]},{"@type":"Person","@id":"https:\/\/canal7slp.tv\/2019\/#\/schema\/person\/11d941c1c6ca30ac0a46b95fa37aa2e3","name":"edicionweb","image":{"@type":"ImageObject","inLanguage":"es","@id":"https:\/\/secure.gravatar.com\/avatar\/eee448fc3f7164808013b816ba91ac7e43bbe82a70bebac296f8bc6f0addaa1a?s=96&d=mm&r=g","url":"https:\/\/secure.gravatar.com\/avatar\/eee448fc3f7164808013b816ba91ac7e43bbe82a70bebac296f8bc6f0addaa1a?s=96&d=mm&r=g","contentUrl":"https:\/\/secure.gravatar.com\/avatar\/eee448fc3f7164808013b816ba91ac7e43bbe82a70bebac296f8bc6f0addaa1a?s=96&d=mm&r=g","caption":"edicionweb"}}]}},"amp_enabled":true,"cmb2":{"video_ids_in_playlist":{"vid_p_videos":""},"video_ids_in_channel":{"vid_c_videos":""},"playlist_ids_in_channel":{"vid_c_playlists":""},"series_ids_in_channel":{"vid_c_series":""},"channel_images":{"vid_c_logo":"","vid_c_banner":""},"poster_feature_image":{"vid_m_poster_image":""},"gif_feature_image":{"vid_m_gif_image":""},"video_movie_settings":{"vid_m_director":"","vid_m_actor":"","vid_m_imdb_ratings":"","vid_m_amazon_associates":""},"vid_youtube_broadcasts_settings":{"vid_yb_broadcast_title":"","vid_yb_q":"","vid_yb_channelid":"","vid_yb_videocategoryid":"","vid_yb_maxresults":"","vid_yb_order":"","vid_yb_regioncode":"","vid_yb_videosyndicated":"","vid_yb_style":"","vid_yb_reload_first":""},"video_series_settings":{"vid_m_director":"","vid_m_actor":"","vid_m_imdb_ratings":"","video_series_group":""},"amazon_associates_settings":{"amazon_associates":"","amazon_native_ad":""},"vid_youtube_automatic_settings":{"vid_ya_youtube_source":"","vid_ya_update_every":"","vid_ya_update_unit":"","vid_ya_categories":"","vid_ya_published_after":"","vid_ya_published_before":"","vid_ya_playlists":"","vid_ya_channels":"","vid_ya_director":"","vid_ya_actor":"","vid_ya_author":"","vid_ya_import_post_date":"","vid_ya_status":"","vid_ya_sub_api_key":""},"vid_ads_m_videoads_settings_post":{"vid_ads_m_video_ads":"","vid_ads_m_video_ads_type":"","vid_ads_m_group_google_ima":"","vid_ads_m_group_image":"","vid_ads_m_group_html5_video":"","vid_ads_m_group_html":"","vid_ads_m_vast_preroll":"","vid_ads_m_vast_postroll":"","vid_ads_m_vast_pauseroll":"","vid_ads_m_vast_midroll":[{"vid_ads_m_vast_timer_seconds":"50"}],"vid_ads_m_time_to_show_ads":"","vid_ads_m_time_skip_ads":"","vid_ads_m_time_to_hide_ads":""},"page_slider_settings":{"display_slider_group":"","page_slider_group":""},"blog_page_settings":{"blog_page_title":"","blog_page_heading":"","blog_page_ic":"","blog_page_it":"","blog_page_ec":"","blog_page_ip":"","archive_loop_style":"","blog_image_ratio":"","blog_show_categories":"","blog_show_excerpt":"","blog_show_author":"","blog_show_date":"","blog_show_comment_count":"","blog_show_view_count":"","blog_show_like_count":"","blog_show_dislike_count":"","blog_items_per_page":"","blog_pag_type":""},"page_options":{"get_page_template":"","color_mode":"","main_layout":"","main_layout_full_with":"","main_logo":"","main_logo_retina":"","main_logo_mobile":"","main_logo_mobile_retina":"","sticky_logo":"","sticky_logo_retina":"","main_nav_layout":"","ajax_search":"","header_background":"","theme_sidebar":"","instagram_feed":"","instagram_feed_position":"","popular_videos":"","popular_videos_title_1":"","popular_videos_title_2":"","popular_videos_ic":"","popular_videos_it":"","theme_background":"","page_custom_css":""},"feature_image_settings":{"feature_image_position":""},"video_player_settings":{"single_video_style":"","video_player_position":"","vm_video_url":"","video_player_library":"","video_streaming":"","vm_media_sources":"","vid_auto_play":"","vm_video_shortcode":"","vid_p_sync_playlist":"","vid_c_sync_channel":"","get_post_format":"","multiple_links_structure":"default","multi_links_title":"","vm_video_multi_links":"","vm_duration":"","vid_social_locker":"off","vid_social_locker_id":"","vid_membership_action":"content-video","vm_video_trailer_url":"","vid_download_type":"free","vid_download_target":"download","vid_woo_product":"","vm_media_download":"","user_rating":"","user_rating_position":"","user_rating_mode":"","user_rating_multi_sets":""},"video_auto_fetch_settings":{"vm_video_fetch":"on"},"video_fake_views_likes":{"vm_fake_views":"","vm_fake_likes":"","vm_fake_dislikes":""},"gallery_settings":{"gallery_position":""},"quote_settings":{"quote_position":""},"post_options":{"main_layout":"","main_logo":"","main_logo_retina":"","main_logo_mobile":"","main_logo_mobile_retina":"","sticky_logo":"","sticky_logo_retina":"","main_nav_layout":"","header_background":"","theme_sidebar":"","single_post_comment_type":"","theme_background":""}},"_links":{"self":[{"href":"https:\/\/canal7slp.tv\/2019\/wp-json\/wp\/v2\/posts\/50509","targetHints":{"allow":["GET"]}}],"collection":[{"href":"https:\/\/canal7slp.tv\/2019\/wp-json\/wp\/v2\/posts"}],"about":[{"href":"https:\/\/canal7slp.tv\/2019\/wp-json\/wp\/v2\/types\/post"}],"author":[{"embeddable":true,"href":"https:\/\/canal7slp.tv\/2019\/wp-json\/wp\/v2\/users\/2"}],"replies":[{"embeddable":true,"href":"https:\/\/canal7slp.tv\/2019\/wp-json\/wp\/v2\/comments?post=50509"}],"version-history":[{"count":0,"href":"https:\/\/canal7slp.tv\/2019\/wp-json\/wp\/v2\/posts\/50509\/revisions"}],"wp:featuredmedia":[{"embeddable":true,"href":"https:\/\/canal7slp.tv\/2019\/wp-json\/wp\/v2\/media\/50510"}],"wp:attachment":[{"href":"https:\/\/canal7slp.tv\/2019\/wp-json\/wp\/v2\/media?parent=50509"}],"wp:term":[{"taxonomy":"category","embeddable":true,"href":"https:\/\/canal7slp.tv\/2019\/wp-json\/wp\/v2\/categories?post=50509"},{"taxonomy":"post_tag","embeddable":true,"href":"https:\/\/canal7slp.tv\/2019\/wp-json\/wp\/v2\/tags?post=50509"}],"curies":[{"name":"wp","href":"https:\/\/api.w.org\/{rel}","templated":true}]}}