{"id":50495,"date":"2019-08-16T10:03:38","date_gmt":"2019-08-16T15:03:38","guid":{"rendered":"https:\/\/canal7slp.tv\/2019\/?p=50495"},"modified":"2019-08-16T10:03:38","modified_gmt":"2019-08-16T15:03:38","slug":"no-estamos-a-la-venta-dice-groenlandia-a-trump","status":"publish","type":"post","link":"https:\/\/canal7slp.tv\/2019\/no-estamos-a-la-venta-dice-groenlandia-a-trump\/","title":{"rendered":"\u201cNo estamos a la venta\u201d dice Groenlandia a Trump"},"content":{"rendered":"<p style=\"text-align: justify;\">Copenhague.- Pol\u00edticos de Dinamarca calificaron hoy el inter\u00e9s que tendr\u00eda el presidente de Estados Unidos, Donald Trump, de comprar Groenlandia, como una broma o de plano \u201cla prueba final de que se ha vuelto loco\u201d, mientras la isla m\u00e1s grande del mundo enfatiz\u00f3 no estar en venta.<\/p>\n<p style=\"text-align: justify;\">La ministra de Relaciones Exteriores de Groenlandia, Ane Lone Bagger, asegur\u00f3 este viernes que la isla m\u00e1s grande del mundo \u201cse encuentra abierta a los negocios, pero no est\u00e1 a la venta\u201d.<\/p>\n<p style=\"text-align: justify;\">Seg\u00fan el diario The Wall Street Journal, el mandatario estadunidense ha mostrado su inter\u00e9s por la compra de Groenlandia, regi\u00f3n aut\u00f3noma danesa de m\u00e1s de 2.1 millones de kil\u00f3metros cuadrados y unos 56 mil habitantes, debido a sus \u201cabundantes recursos naturales e importancia geoestrat\u00e9gica por su cercan\u00eda al \u00c1rtico.<\/p>\n<p style=\"text-align: justify;\">Incluso ha pedido a sus asesores en la Casa Blanca averiguar si es posible comprarle Groenlandia a Dinamarca, informaron la v\u00edspera varios medios estadunidenses.<\/p>\n<p style=\"text-align: justify;\">A trav\u00e9s de su Twitter, el exprimer ministro dan\u00e9s y actual l\u00edder de la oposici\u00f3n, Lars L\u00f8kke Rasmussen, asegur\u00f3 que \u201cdebe ser una broma del 1 de abril completamente fuera de temporada\u201d, en alusi\u00f3n a la tradici\u00f3n sajona en esa fecha.<\/p>\n<p style=\"text-align: justify;\"><em>\u201cSi es cierto que est\u00e1 pensando en eso, es una muestra definitiva de que se ha vuelto loco. Tengo que decirlo como es: la idea de que Dinamarca venda 50 mil ciudadanos a Estados Unidos es una completa locura\u201d, dijo por su parte S\u00f8ren Espersen, vocero en asuntos exteriores del Partido Popular Dan\u00e9s, tercera fuerza parlamentaria.<\/em><\/p>\n<p style=\"text-align: justify;\">Su colega del Partido Social Liberal -cuarta fuerza en la C\u00e1mara- Martin Lidegaard, espera que se trate de una \u201cbroma\u201d, ya que en caso contrario ser\u00eda una idea \u201cterrible\u201d que supondr\u00eda una p\u00e9rdida de autonom\u00eda para los groenlandeses y una posible militarizaci\u00f3n de la isla, seg\u00fan el diari The Copenhagen Post.<\/p>\n<p style=\"text-align: justify;\">Por su parte, Aaja Chemnitz Larsen, una de las dos diputadas groenlandesas en el Parlamento dan\u00e9s, tambi\u00e9n se pronunci\u00f3 en el mismo sentido, al subrayar que Groenlandia no es una mefanc\u00eda que se pued vender.<\/p>\n<p style=\"text-align: justify;\">En 1946, Estados Unidos propuso a Dinamarca 100 millones de d\u00f3lares por la compra de Groenlandia, pero el gobierno dan\u00e9s rechaz\u00f3 la oferta.<\/p>\n<p style=\"text-align: justify;\">Groenlandia, ubicada en Am\u00e9rica del Norte, al noreste de Canad\u00e1, es uno de los dos territorios aut\u00f3nomos de ultramar del Reino de Dinamarca, que coloniz\u00f3 hace tres siglos la isla, cubierta por hielo en un 75 por ciento de su superficie.<\/p>\n<p style=\"text-align: justify;\">Pol\u00edticamente, Groenlandia pertenece a Dinamarca, aunque se trata de un territorio aut\u00f3nomo que desde 2009 maneja todas las competencias excepto pol\u00edtica exterior, defensa y pol\u00edtica monetaria.<\/p>\n<p style=\"text-align: justify;\">El presidente de Estados Unidos visitar\u00e1 Dinamarca los pr\u00f3ximos 2 y 3 de septiembre y uno de los asuntos que figuran en su agenda es Groenlandia, con cuyo presidente auton\u00f3mico tiene previsto reunirse, adem\u00e1s de su cita con la primera ministra danesa, Mette Frederiksen.<\/p>\n","protected":false},"excerpt":{"rendered":"<p>Copenhague.- Pol\u00edticos de Dinamarca calificaron hoy el inter\u00e9s que tendr\u00eda el presidente de Estados Unidos, Donald Trump, de comprar Groenlandia, como una broma o de plano \u201cla prueba final de que se ha vuelto loco\u201d, mientras la isla m\u00e1s grande del mundo enfatiz\u00f3 no estar en venta. La ministra de Relaciones Exteriores de Groenlandia, Ane [&hellip;]<\/p>\n","protected":false},"author":2,"featured_media":50496,"comment_status":"open","ping_status":"open","sticky":false,"template":"","format":"standard","meta":{"footnotes":""},"categories":[18],"tags":[],"class_list":["post-50495","post","type-post","status-publish","format-standard","has-post-thumbnail","hentry","category-internacional"],"yoast_head":"<!-- This site is optimized with the Yoast SEO plugin v27.5 - https:\/\/yoast.com\/product\/yoast-seo-wordpress\/ -->\n<title>\u201cNo estamos a la venta\u201d dice Groenlandia a Trump - Canal 7 SLP - 2019<\/title>\n<meta name=\"robots\" content=\"index, follow, max-snippet:-1, max-image-preview:large, max-video-preview:-1\" \/>\n<link rel=\"canonical\" href=\"https:\/\/canal7slp.tv\/2019\/no-estamos-a-la-venta-dice-groenlandia-a-trump\/\" \/>\n<meta property=\"og:locale\" content=\"es_ES\" \/>\n<meta property=\"og:type\" content=\"article\" \/>\n<meta property=\"og:title\" content=\"\u201cNo estamos a la venta\u201d dice Groenlandia a Trump - Canal 7 SLP - 2019\" \/>\n<meta property=\"og:description\" content=\"Copenhague.- Pol\u00edticos de Dinamarca calificaron hoy el inter\u00e9s que tendr\u00eda el presidente de Estados Unidos, Donald Trump, de comprar Groenlandia, como una broma o de plano \u201cla prueba final de que se ha vuelto loco\u201d, mientras la isla m\u00e1s grande del mundo enfatiz\u00f3 no estar en venta. La ministra de Relaciones Exteriores de Groenlandia, Ane [&hellip;]\" \/>\n<meta property=\"og:url\" content=\"https:\/\/canal7slp.tv\/2019\/no-estamos-a-la-venta-dice-groenlandia-a-trump\/\" \/>\n<meta property=\"og:site_name\" content=\"Canal 7 SLP - 2019\" \/>\n<meta property=\"article:publisher\" content=\"https:\/\/www.facebook.com\/CANAL7SLP\/\" \/>\n<meta property=\"article:published_time\" content=\"2019-08-16T15:03:38+00:00\" \/>\n<meta property=\"og:image\" content=\"https:\/\/canal7slp.tv\/2019\/wp-content\/uploads\/2019\/08\/1200-9.jpg\" \/>\n\t<meta property=\"og:image:width\" content=\"613\" \/>\n\t<meta property=\"og:image:height\" content=\"410\" \/>\n\t<meta property=\"og:image:type\" content=\"image\/jpeg\" \/>\n<meta name=\"author\" content=\"edicionweb\" \/>\n<meta name=\"twitter:card\" content=\"summary_large_image\" \/>\n<meta name=\"twitter:creator\" content=\"@canal7_slp\" \/>\n<meta name=\"twitter:site\" content=\"@canal7_slp\" \/>\n<meta name=\"twitter:label1\" content=\"Escrito por\" \/>\n\t<meta name=\"twitter:data1\" content=\"edicionweb\" \/>\n\t<meta name=\"twitter:label2\" content=\"Tiempo de lectura\" \/>\n\t<meta name=\"twitter:data2\" content=\"3 minutos\" \/>\n<script type=\"application\/ld+json\" class=\"yoast-schema-graph\">{\"@context\":\"https:\\\/\\\/schema.org\",\"@graph\":[{\"@type\":\"Article\",\"@id\":\"https:\\\/\\\/canal7slp.tv\\\/2019\\\/no-estamos-a-la-venta-dice-groenlandia-a-trump\\\/#article\",\"isPartOf\":{\"@id\":\"https:\\\/\\\/canal7slp.tv\\\/2019\\\/no-estamos-a-la-venta-dice-groenlandia-a-trump\\\/\"},\"author\":{\"name\":\"edicionweb\",\"@id\":\"https:\\\/\\\/canal7slp.tv\\\/2019\\\/#\\\/schema\\\/person\\\/11d941c1c6ca30ac0a46b95fa37aa2e3\"},\"headline\":\"\u201cNo estamos a la venta\u201d dice Groenlandia a Trump\",\"datePublished\":\"2019-08-16T15:03:38+00:00\",\"mainEntityOfPage\":{\"@id\":\"https:\\\/\\\/canal7slp.tv\\\/2019\\\/no-estamos-a-la-venta-dice-groenlandia-a-trump\\\/\"},\"wordCount\":513,\"commentCount\":0,\"publisher\":{\"@id\":\"https:\\\/\\\/canal7slp.tv\\\/2019\\\/#organization\"},\"image\":{\"@id\":\"https:\\\/\\\/canal7slp.tv\\\/2019\\\/no-estamos-a-la-venta-dice-groenlandia-a-trump\\\/#primaryimage\"},\"thumbnailUrl\":\"https:\\\/\\\/canal7slp.tv\\\/2019\\\/wp-content\\\/uploads\\\/2019\\\/08\\\/1200-9.jpg\",\"articleSection\":[\"INTERNACIONAL\"],\"inLanguage\":\"es\",\"potentialAction\":[{\"@type\":\"CommentAction\",\"name\":\"Comment\",\"target\":[\"https:\\\/\\\/canal7slp.tv\\\/2019\\\/no-estamos-a-la-venta-dice-groenlandia-a-trump\\\/#respond\"]}]},{\"@type\":\"WebPage\",\"@id\":\"https:\\\/\\\/canal7slp.tv\\\/2019\\\/no-estamos-a-la-venta-dice-groenlandia-a-trump\\\/\",\"url\":\"https:\\\/\\\/canal7slp.tv\\\/2019\\\/no-estamos-a-la-venta-dice-groenlandia-a-trump\\\/\",\"name\":\"\u201cNo estamos a la venta\u201d dice Groenlandia a Trump - Canal 7 SLP - 2019\",\"isPartOf\":{\"@id\":\"https:\\\/\\\/canal7slp.tv\\\/2019\\\/#website\"},\"primaryImageOfPage\":{\"@id\":\"https:\\\/\\\/canal7slp.tv\\\/2019\\\/no-estamos-a-la-venta-dice-groenlandia-a-trump\\\/#primaryimage\"},\"image\":{\"@id\":\"https:\\\/\\\/canal7slp.tv\\\/2019\\\/no-estamos-a-la-venta-dice-groenlandia-a-trump\\\/#primaryimage\"},\"thumbnailUrl\":\"https:\\\/\\\/canal7slp.tv\\\/2019\\\/wp-content\\\/uploads\\\/2019\\\/08\\\/1200-9.jpg\",\"datePublished\":\"2019-08-16T15:03:38+00:00\",\"breadcrumb\":{\"@id\":\"https:\\\/\\\/canal7slp.tv\\\/2019\\\/no-estamos-a-la-venta-dice-groenlandia-a-trump\\\/#breadcrumb\"},\"inLanguage\":\"es\",\"potentialAction\":[{\"@type\":\"ReadAction\",\"target\":[\"https:\\\/\\\/canal7slp.tv\\\/2019\\\/no-estamos-a-la-venta-dice-groenlandia-a-trump\\\/\"]}]},{\"@type\":\"ImageObject\",\"inLanguage\":\"es\",\"@id\":\"https:\\\/\\\/canal7slp.tv\\\/2019\\\/no-estamos-a-la-venta-dice-groenlandia-a-trump\\\/#primaryimage\",\"url\":\"https:\\\/\\\/canal7slp.tv\\\/2019\\\/wp-content\\\/uploads\\\/2019\\\/08\\\/1200-9.jpg\",\"contentUrl\":\"https:\\\/\\\/canal7slp.tv\\\/2019\\\/wp-content\\\/uploads\\\/2019\\\/08\\\/1200-9.jpg\",\"width\":613,\"height\":410},{\"@type\":\"BreadcrumbList\",\"@id\":\"https:\\\/\\\/canal7slp.tv\\\/2019\\\/no-estamos-a-la-venta-dice-groenlandia-a-trump\\\/#breadcrumb\",\"itemListElement\":[{\"@type\":\"ListItem\",\"position\":1,\"name\":\"Home\",\"item\":\"https:\\\/\\\/canal7slp.tv\\\/2019\\\/\"},{\"@type\":\"ListItem\",\"position\":2,\"name\":\"\u201cNo estamos a la venta\u201d dice Groenlandia a Trump\"}]},{\"@type\":\"WebSite\",\"@id\":\"https:\\\/\\\/canal7slp.tv\\\/2019\\\/#website\",\"url\":\"https:\\\/\\\/canal7slp.tv\\\/2019\\\/\",\"name\":\"Canal 7 SLP - Somos TV\",\"description\":\"Somos un Canal de 10\",\"publisher\":{\"@id\":\"https:\\\/\\\/canal7slp.tv\\\/2019\\\/#organization\"},\"potentialAction\":[{\"@type\":\"SearchAction\",\"target\":{\"@type\":\"EntryPoint\",\"urlTemplate\":\"https:\\\/\\\/canal7slp.tv\\\/2019\\\/?s={search_term_string}\"},\"query-input\":{\"@type\":\"PropertyValueSpecification\",\"valueRequired\":true,\"valueName\":\"search_term_string\"}}],\"inLanguage\":\"es\"},{\"@type\":\"Organization\",\"@id\":\"https:\\\/\\\/canal7slp.tv\\\/2019\\\/#organization\",\"name\":\"Comunicaci\u00f3n 2000 S.A. de C.V.\",\"url\":\"https:\\\/\\\/canal7slp.tv\\\/2019\\\/\",\"logo\":{\"@type\":\"ImageObject\",\"inLanguage\":\"es\",\"@id\":\"https:\\\/\\\/canal7slp.tv\\\/2019\\\/#\\\/schema\\\/logo\\\/image\\\/\",\"url\":\"https:\\\/\\\/canal7slp.tv\\\/2019\\\/wp-content\\\/uploads\\\/2019\\\/07\\\/logo-c7.png\",\"contentUrl\":\"https:\\\/\\\/canal7slp.tv\\\/2019\\\/wp-content\\\/uploads\\\/2019\\\/07\\\/logo-c7.png\",\"width\":220,\"height\":60,\"caption\":\"Comunicaci\u00f3n 2000 S.A. de C.V.\"},\"image\":{\"@id\":\"https:\\\/\\\/canal7slp.tv\\\/2019\\\/#\\\/schema\\\/logo\\\/image\\\/\"},\"sameAs\":[\"https:\\\/\\\/www.facebook.com\\\/CANAL7SLP\\\/\",\"https:\\\/\\\/x.com\\\/canal7_slp\",\"https:\\\/\\\/www.instagram.com\\\/canal7_slp\",\"https:\\\/\\\/www.youtube.com\\\/user\\\/NOTICIEROSCANAL7SLP\\\/\"]},{\"@type\":\"Person\",\"@id\":\"https:\\\/\\\/canal7slp.tv\\\/2019\\\/#\\\/schema\\\/person\\\/11d941c1c6ca30ac0a46b95fa37aa2e3\",\"name\":\"edicionweb\",\"image\":{\"@type\":\"ImageObject\",\"inLanguage\":\"es\",\"@id\":\"https:\\\/\\\/secure.gravatar.com\\\/avatar\\\/eee448fc3f7164808013b816ba91ac7e43bbe82a70bebac296f8bc6f0addaa1a?s=96&d=mm&r=g\",\"url\":\"https:\\\/\\\/secure.gravatar.com\\\/avatar\\\/eee448fc3f7164808013b816ba91ac7e43bbe82a70bebac296f8bc6f0addaa1a?s=96&d=mm&r=g\",\"contentUrl\":\"https:\\\/\\\/secure.gravatar.com\\\/avatar\\\/eee448fc3f7164808013b816ba91ac7e43bbe82a70bebac296f8bc6f0addaa1a?s=96&d=mm&r=g\",\"caption\":\"edicionweb\"}}]}<\/script>\n<!-- \/ Yoast SEO plugin. -->","yoast_head_json":{"title":"\u201cNo estamos a la venta\u201d dice Groenlandia a Trump - Canal 7 SLP - 2019","robots":{"index":"index","follow":"follow","max-snippet":"max-snippet:-1","max-image-preview":"max-image-preview:large","max-video-preview":"max-video-preview:-1"},"canonical":"https:\/\/canal7slp.tv\/2019\/no-estamos-a-la-venta-dice-groenlandia-a-trump\/","og_locale":"es_ES","og_type":"article","og_title":"\u201cNo estamos a la venta\u201d dice Groenlandia a Trump - Canal 7 SLP - 2019","og_description":"Copenhague.- Pol\u00edticos de Dinamarca calificaron hoy el inter\u00e9s que tendr\u00eda el presidente de Estados Unidos, Donald Trump, de comprar Groenlandia, como una broma o de plano \u201cla prueba final de que se ha vuelto loco\u201d, mientras la isla m\u00e1s grande del mundo enfatiz\u00f3 no estar en venta. La ministra de Relaciones Exteriores de Groenlandia, Ane [&hellip;]","og_url":"https:\/\/canal7slp.tv\/2019\/no-estamos-a-la-venta-dice-groenlandia-a-trump\/","og_site_name":"Canal 7 SLP - 2019","article_publisher":"https:\/\/www.facebook.com\/CANAL7SLP\/","article_published_time":"2019-08-16T15:03:38+00:00","og_image":[{"width":613,"height":410,"url":"https:\/\/canal7slp.tv\/2019\/wp-content\/uploads\/2019\/08\/1200-9.jpg","type":"image\/jpeg"}],"author":"edicionweb","twitter_card":"summary_large_image","twitter_creator":"@canal7_slp","twitter_site":"@canal7_slp","twitter_misc":{"Escrito por":"edicionweb","Tiempo de lectura":"3 minutos"},"schema":{"@context":"https:\/\/schema.org","@graph":[{"@type":"Article","@id":"https:\/\/canal7slp.tv\/2019\/no-estamos-a-la-venta-dice-groenlandia-a-trump\/#article","isPartOf":{"@id":"https:\/\/canal7slp.tv\/2019\/no-estamos-a-la-venta-dice-groenlandia-a-trump\/"},"author":{"name":"edicionweb","@id":"https:\/\/canal7slp.tv\/2019\/#\/schema\/person\/11d941c1c6ca30ac0a46b95fa37aa2e3"},"headline":"\u201cNo estamos a la venta\u201d dice Groenlandia a Trump","datePublished":"2019-08-16T15:03:38+00:00","mainEntityOfPage":{"@id":"https:\/\/canal7slp.tv\/2019\/no-estamos-a-la-venta-dice-groenlandia-a-trump\/"},"wordCount":513,"commentCount":0,"publisher":{"@id":"https:\/\/canal7slp.tv\/2019\/#organization"},"image":{"@id":"https:\/\/canal7slp.tv\/2019\/no-estamos-a-la-venta-dice-groenlandia-a-trump\/#primaryimage"},"thumbnailUrl":"https:\/\/canal7slp.tv\/2019\/wp-content\/uploads\/2019\/08\/1200-9.jpg","articleSection":["INTERNACIONAL"],"inLanguage":"es","potentialAction":[{"@type":"CommentAction","name":"Comment","target":["https:\/\/canal7slp.tv\/2019\/no-estamos-a-la-venta-dice-groenlandia-a-trump\/#respond"]}]},{"@type":"WebPage","@id":"https:\/\/canal7slp.tv\/2019\/no-estamos-a-la-venta-dice-groenlandia-a-trump\/","url":"https:\/\/canal7slp.tv\/2019\/no-estamos-a-la-venta-dice-groenlandia-a-trump\/","name":"\u201cNo estamos a la venta\u201d dice Groenlandia a Trump - Canal 7 SLP - 2019","isPartOf":{"@id":"https:\/\/canal7slp.tv\/2019\/#website"},"primaryImageOfPage":{"@id":"https:\/\/canal7slp.tv\/2019\/no-estamos-a-la-venta-dice-groenlandia-a-trump\/#primaryimage"},"image":{"@id":"https:\/\/canal7slp.tv\/2019\/no-estamos-a-la-venta-dice-groenlandia-a-trump\/#primaryimage"},"thumbnailUrl":"https:\/\/canal7slp.tv\/2019\/wp-content\/uploads\/2019\/08\/1200-9.jpg","datePublished":"2019-08-16T15:03:38+00:00","breadcrumb":{"@id":"https:\/\/canal7slp.tv\/2019\/no-estamos-a-la-venta-dice-groenlandia-a-trump\/#breadcrumb"},"inLanguage":"es","potentialAction":[{"@type":"ReadAction","target":["https:\/\/canal7slp.tv\/2019\/no-estamos-a-la-venta-dice-groenlandia-a-trump\/"]}]},{"@type":"ImageObject","inLanguage":"es","@id":"https:\/\/canal7slp.tv\/2019\/no-estamos-a-la-venta-dice-groenlandia-a-trump\/#primaryimage","url":"https:\/\/canal7slp.tv\/2019\/wp-content\/uploads\/2019\/08\/1200-9.jpg","contentUrl":"https:\/\/canal7slp.tv\/2019\/wp-content\/uploads\/2019\/08\/1200-9.jpg","width":613,"height":410},{"@type":"BreadcrumbList","@id":"https:\/\/canal7slp.tv\/2019\/no-estamos-a-la-venta-dice-groenlandia-a-trump\/#breadcrumb","itemListElement":[{"@type":"ListItem","position":1,"name":"Home","item":"https:\/\/canal7slp.tv\/2019\/"},{"@type":"ListItem","position":2,"name":"\u201cNo estamos a la venta\u201d dice Groenlandia a Trump"}]},{"@type":"WebSite","@id":"https:\/\/canal7slp.tv\/2019\/#website","url":"https:\/\/canal7slp.tv\/2019\/","name":"Canal 7 SLP - Somos TV","description":"Somos un Canal de 10","publisher":{"@id":"https:\/\/canal7slp.tv\/2019\/#organization"},"potentialAction":[{"@type":"SearchAction","target":{"@type":"EntryPoint","urlTemplate":"https:\/\/canal7slp.tv\/2019\/?s={search_term_string}"},"query-input":{"@type":"PropertyValueSpecification","valueRequired":true,"valueName":"search_term_string"}}],"inLanguage":"es"},{"@type":"Organization","@id":"https:\/\/canal7slp.tv\/2019\/#organization","name":"Comunicaci\u00f3n 2000 S.A. de C.V.","url":"https:\/\/canal7slp.tv\/2019\/","logo":{"@type":"ImageObject","inLanguage":"es","@id":"https:\/\/canal7slp.tv\/2019\/#\/schema\/logo\/image\/","url":"https:\/\/canal7slp.tv\/2019\/wp-content\/uploads\/2019\/07\/logo-c7.png","contentUrl":"https:\/\/canal7slp.tv\/2019\/wp-content\/uploads\/2019\/07\/logo-c7.png","width":220,"height":60,"caption":"Comunicaci\u00f3n 2000 S.A. de C.V."},"image":{"@id":"https:\/\/canal7slp.tv\/2019\/#\/schema\/logo\/image\/"},"sameAs":["https:\/\/www.facebook.com\/CANAL7SLP\/","https:\/\/x.com\/canal7_slp","https:\/\/www.instagram.com\/canal7_slp","https:\/\/www.youtube.com\/user\/NOTICIEROSCANAL7SLP\/"]},{"@type":"Person","@id":"https:\/\/canal7slp.tv\/2019\/#\/schema\/person\/11d941c1c6ca30ac0a46b95fa37aa2e3","name":"edicionweb","image":{"@type":"ImageObject","inLanguage":"es","@id":"https:\/\/secure.gravatar.com\/avatar\/eee448fc3f7164808013b816ba91ac7e43bbe82a70bebac296f8bc6f0addaa1a?s=96&d=mm&r=g","url":"https:\/\/secure.gravatar.com\/avatar\/eee448fc3f7164808013b816ba91ac7e43bbe82a70bebac296f8bc6f0addaa1a?s=96&d=mm&r=g","contentUrl":"https:\/\/secure.gravatar.com\/avatar\/eee448fc3f7164808013b816ba91ac7e43bbe82a70bebac296f8bc6f0addaa1a?s=96&d=mm&r=g","caption":"edicionweb"}}]}},"amp_enabled":true,"cmb2":{"video_ids_in_playlist":{"vid_p_videos":""},"video_ids_in_channel":{"vid_c_videos":""},"playlist_ids_in_channel":{"vid_c_playlists":""},"series_ids_in_channel":{"vid_c_series":""},"channel_images":{"vid_c_logo":"","vid_c_banner":""},"poster_feature_image":{"vid_m_poster_image":""},"gif_feature_image":{"vid_m_gif_image":""},"video_movie_settings":{"vid_m_director":"","vid_m_actor":"","vid_m_imdb_ratings":"","vid_m_amazon_associates":""},"vid_youtube_broadcasts_settings":{"vid_yb_broadcast_title":"","vid_yb_q":"","vid_yb_channelid":"","vid_yb_videocategoryid":"","vid_yb_maxresults":"","vid_yb_order":"","vid_yb_regioncode":"","vid_yb_videosyndicated":"","vid_yb_style":"","vid_yb_reload_first":""},"video_series_settings":{"vid_m_director":"","vid_m_actor":"","vid_m_imdb_ratings":"","video_series_group":""},"amazon_associates_settings":{"amazon_associates":"","amazon_native_ad":""},"vid_youtube_automatic_settings":{"vid_ya_youtube_source":"","vid_ya_update_every":"","vid_ya_update_unit":"","vid_ya_categories":"","vid_ya_published_after":"","vid_ya_published_before":"","vid_ya_playlists":"","vid_ya_channels":"","vid_ya_director":"","vid_ya_actor":"","vid_ya_author":"","vid_ya_import_post_date":"","vid_ya_status":"","vid_ya_sub_api_key":""},"vid_ads_m_videoads_settings_post":{"vid_ads_m_video_ads":"","vid_ads_m_video_ads_type":"","vid_ads_m_group_google_ima":"","vid_ads_m_group_image":"","vid_ads_m_group_html5_video":"","vid_ads_m_group_html":"","vid_ads_m_vast_preroll":"","vid_ads_m_vast_postroll":"","vid_ads_m_vast_pauseroll":"","vid_ads_m_vast_midroll":[{"vid_ads_m_vast_timer_seconds":"50"}],"vid_ads_m_time_to_show_ads":"","vid_ads_m_time_skip_ads":"","vid_ads_m_time_to_hide_ads":""},"page_slider_settings":{"display_slider_group":"","page_slider_group":""},"blog_page_settings":{"blog_page_title":"","blog_page_heading":"","blog_page_ic":"","blog_page_it":"","blog_page_ec":"","blog_page_ip":"","archive_loop_style":"","blog_image_ratio":"","blog_show_categories":"","blog_show_excerpt":"","blog_show_author":"","blog_show_date":"","blog_show_comment_count":"","blog_show_view_count":"","blog_show_like_count":"","blog_show_dislike_count":"","blog_items_per_page":"","blog_pag_type":""},"page_options":{"get_page_template":"","color_mode":"","main_layout":"","main_layout_full_with":"","main_logo":"","main_logo_retina":"","main_logo_mobile":"","main_logo_mobile_retina":"","sticky_logo":"","sticky_logo_retina":"","main_nav_layout":"","ajax_search":"","header_background":"","theme_sidebar":"","instagram_feed":"","instagram_feed_position":"","popular_videos":"","popular_videos_title_1":"","popular_videos_title_2":"","popular_videos_ic":"","popular_videos_it":"","theme_background":"","page_custom_css":""},"feature_image_settings":{"feature_image_position":""},"video_player_settings":{"single_video_style":"","video_player_position":"","vm_video_url":"","video_player_library":"","video_streaming":"","vm_media_sources":"","vid_auto_play":"","vm_video_shortcode":"","vid_p_sync_playlist":"","vid_c_sync_channel":"","get_post_format":"","multiple_links_structure":"default","multi_links_title":"","vm_video_multi_links":"","vm_duration":"","vid_social_locker":"off","vid_social_locker_id":"","vid_membership_action":"content-video","vm_video_trailer_url":"","vid_download_type":"free","vid_download_target":"download","vid_woo_product":"","vm_media_download":"","user_rating":"","user_rating_position":"","user_rating_mode":"","user_rating_multi_sets":""},"video_auto_fetch_settings":{"vm_video_fetch":"on"},"video_fake_views_likes":{"vm_fake_views":"","vm_fake_likes":"","vm_fake_dislikes":""},"gallery_settings":{"gallery_position":""},"quote_settings":{"quote_position":""},"post_options":{"main_layout":"","main_logo":"","main_logo_retina":"","main_logo_mobile":"","main_logo_mobile_retina":"","sticky_logo":"","sticky_logo_retina":"","main_nav_layout":"","header_background":"","theme_sidebar":"","single_post_comment_type":"","theme_background":""}},"_links":{"self":[{"href":"https:\/\/canal7slp.tv\/2019\/wp-json\/wp\/v2\/posts\/50495","targetHints":{"allow":["GET"]}}],"collection":[{"href":"https:\/\/canal7slp.tv\/2019\/wp-json\/wp\/v2\/posts"}],"about":[{"href":"https:\/\/canal7slp.tv\/2019\/wp-json\/wp\/v2\/types\/post"}],"author":[{"embeddable":true,"href":"https:\/\/canal7slp.tv\/2019\/wp-json\/wp\/v2\/users\/2"}],"replies":[{"embeddable":true,"href":"https:\/\/canal7slp.tv\/2019\/wp-json\/wp\/v2\/comments?post=50495"}],"version-history":[{"count":0,"href":"https:\/\/canal7slp.tv\/2019\/wp-json\/wp\/v2\/posts\/50495\/revisions"}],"wp:featuredmedia":[{"embeddable":true,"href":"https:\/\/canal7slp.tv\/2019\/wp-json\/wp\/v2\/media\/50496"}],"wp:attachment":[{"href":"https:\/\/canal7slp.tv\/2019\/wp-json\/wp\/v2\/media?parent=50495"}],"wp:term":[{"taxonomy":"category","embeddable":true,"href":"https:\/\/canal7slp.tv\/2019\/wp-json\/wp\/v2\/categories?post=50495"},{"taxonomy":"post_tag","embeddable":true,"href":"https:\/\/canal7slp.tv\/2019\/wp-json\/wp\/v2\/tags?post=50495"}],"curies":[{"name":"wp","href":"https:\/\/api.w.org\/{rel}","templated":true}]}}