{"id":50480,"date":"2019-08-16T09:44:19","date_gmt":"2019-08-16T14:44:19","guid":{"rendered":"https:\/\/canal7slp.tv\/2019\/?p=50480"},"modified":"2019-08-16T09:44:19","modified_gmt":"2019-08-16T14:44:19","slug":"decision-de-banxico-permitira-estabilidad-economica-y-crecimiento-amlo","status":"publish","type":"post","link":"https:\/\/canal7slp.tv\/2019\/decision-de-banxico-permitira-estabilidad-economica-y-crecimiento-amlo\/","title":{"rendered":"Decisi\u00f3n de Banxico permitir\u00e1 estabilidad econ\u00f3mica y crecimiento: AMLO"},"content":{"rendered":"<p style=\"text-align: justify;\">M\u00e9xico.- El presidente Andr\u00e9s Manuel L\u00f3pez Obrador destac\u00f3 que aunque existe un entorno econ\u00f3mico mundial dif\u00edcil, la decisi\u00f3n del Banco de M\u00e9xico (Banxico) de bajar las tasas de inter\u00e9s es favorable, porque permitir\u00e1 mantener la estabilidad y estimular el crecimiento interno del pa\u00eds, adem\u00e1s de respetar la autonom\u00eda del Banco Central.<\/p>\n<p style=\"text-align: justify;\">Durante la jornada de ayer, el Banco de M\u00e9xico disminuy\u00f3 25 puntos porcentuales la tasa de referencia al pasar de 8.25 a 8.0 por ciento, por primera vez, en cinco a\u00f1os.<\/p>\n<p style=\"text-align: justify;\">Tras asegurar que no pretende culpar a los factores externos de la situaci\u00f3n econ\u00f3mica del pa\u00eds y que respeta la decisi\u00f3n del banco central, dijo que lo m\u00e1s importante es consolidar a la econom\u00eda nacional al interior.<\/p>\n<p style=\"text-align: justify;\">En su conferencia de prensa matutina, reiter\u00f3 que \u201cen M\u00e9xico estamos bien, tenemos suficientes reservas, no tenemos problemas de inflaci\u00f3n, ni depreciaci\u00f3n de la moneda\u201d.<\/p>\n<p style=\"text-align: justify;\">Admiti\u00f3 que debido a los pron\u00f3sticos de recesi\u00f3n de la econom\u00eda mundial, problemas en Europa, menor crecimiento en China, la guerra comercial entre China y Estados Unidos, incluso lo que pasa en Argentina, se prev\u00e9n efectos negativos en M\u00e9xico.<\/p>\n<p style=\"text-align: justify;\">Sin embargo, de acuerdo con distintos analistas, el ajuste de la tasa de inter\u00e9s por parte del Banco de M\u00e9xico es reflejo de la preocupaci\u00f3n que existe en la Junta de Gobierno por la desaceleraci\u00f3n econ\u00f3mica del pa\u00eds, los riesgos de un decrecimiento global, adem\u00e1s de una presi\u00f3n por parte de la Reserva Federal de Estados Unidos (FED, por sus siglas en ingl\u00e9s).<\/p>\n<p style=\"text-align: justify;\">Sin embargo, L\u00f3pez Obrador apunt\u00f3, \u201cpensamos que estamos bien, tenemos ventajas, es importante tener control de la inflaci\u00f3n, que siga llegando inversi\u00f3n extranjera, que siga creciendo el comercio exterior, inclusive que tengamos el apoyo de los paisanos migrantes que env\u00edan muchos recursos, como nunca a sus familiares\u201d.<\/p>\n<p style=\"text-align: justify;\">En Palacio Nacional, el mandatario sostuvo que todo eso mantiene bien la econom\u00eda y en ese marco el Banxico decidi\u00f3 bajar la tasa de inter\u00e9s.<\/p>\n<p style=\"text-align: justify;\">\u201cEsto es importante porque de esta manera estimula el crecimiento, hay m\u00e1s est\u00edmulos para invertir, para apoyarse con cr\u00e9dito, en m\u00e1s rentable para la actividad productiva, tasas de inter\u00e9s m\u00e1s bajas y se puede hacer esto porque hay estabilidad\u201d, enfatiz\u00f3.<\/p>\n<p style=\"text-align: justify;\">L\u00f3pez Obrador puntualiz\u00f3 que la decisi\u00f3n del banco central fue positiva; \u201crespeto la decisi\u00f3n de Banxico, son aut\u00f3nomos, nosotros no nos metemos en esas decisiones, cada quien lo que tiene con su funci\u00f3n\u201d, agreg\u00f3.<\/p>\n","protected":false},"excerpt":{"rendered":"<p>M\u00e9xico.- El presidente Andr\u00e9s Manuel L\u00f3pez Obrador destac\u00f3 que aunque existe un entorno econ\u00f3mico mundial dif\u00edcil, la decisi\u00f3n del Banco de M\u00e9xico (Banxico) de bajar las tasas de inter\u00e9s es favorable, porque permitir\u00e1 mantener la estabilidad y estimular el crecimiento interno del pa\u00eds, adem\u00e1s de respetar la autonom\u00eda del Banco Central. Durante la jornada de [&hellip;]<\/p>\n","protected":false},"author":2,"featured_media":50481,"comment_status":"open","ping_status":"open","sticky":false,"template":"","format":"standard","meta":{"footnotes":""},"categories":[30],"tags":[],"class_list":["post-50480","post","type-post","status-publish","format-standard","has-post-thumbnail","hentry","category-nacional"],"yoast_head":"<!-- This site is optimized with the Yoast SEO plugin v27.5 - https:\/\/yoast.com\/product\/yoast-seo-wordpress\/ -->\n<title>Decisi\u00f3n de Banxico permitir\u00e1 estabilidad econ\u00f3mica y crecimiento: AMLO - Canal 7 SLP - 2019<\/title>\n<meta name=\"robots\" content=\"index, follow, max-snippet:-1, max-image-preview:large, max-video-preview:-1\" \/>\n<link rel=\"canonical\" href=\"https:\/\/canal7slp.tv\/2019\/decision-de-banxico-permitira-estabilidad-economica-y-crecimiento-amlo\/\" \/>\n<meta property=\"og:locale\" content=\"es_ES\" \/>\n<meta property=\"og:type\" content=\"article\" \/>\n<meta property=\"og:title\" content=\"Decisi\u00f3n de Banxico permitir\u00e1 estabilidad econ\u00f3mica y crecimiento: AMLO - Canal 7 SLP - 2019\" \/>\n<meta property=\"og:description\" content=\"M\u00e9xico.- El presidente Andr\u00e9s Manuel L\u00f3pez Obrador destac\u00f3 que aunque existe un entorno econ\u00f3mico mundial dif\u00edcil, la decisi\u00f3n del Banco de M\u00e9xico (Banxico) de bajar las tasas de inter\u00e9s es favorable, porque permitir\u00e1 mantener la estabilidad y estimular el crecimiento interno del pa\u00eds, adem\u00e1s de respetar la autonom\u00eda del Banco Central. Durante la jornada de [&hellip;]\" \/>\n<meta property=\"og:url\" content=\"https:\/\/canal7slp.tv\/2019\/decision-de-banxico-permitira-estabilidad-economica-y-crecimiento-amlo\/\" \/>\n<meta property=\"og:site_name\" content=\"Canal 7 SLP - 2019\" \/>\n<meta property=\"article:publisher\" content=\"https:\/\/www.facebook.com\/CANAL7SLP\/\" \/>\n<meta property=\"article:published_time\" content=\"2019-08-16T14:44:19+00:00\" \/>\n<meta property=\"og:image\" content=\"https:\/\/canal7slp.tv\/2019\/wp-content\/uploads\/2019\/08\/1045-14.jpg\" \/>\n\t<meta property=\"og:image:width\" content=\"615\" \/>\n\t<meta property=\"og:image:height\" content=\"410\" \/>\n\t<meta property=\"og:image:type\" content=\"image\/jpeg\" \/>\n<meta name=\"author\" content=\"edicionweb\" \/>\n<meta name=\"twitter:card\" content=\"summary_large_image\" \/>\n<meta name=\"twitter:creator\" content=\"@canal7_slp\" \/>\n<meta name=\"twitter:site\" content=\"@canal7_slp\" \/>\n<meta name=\"twitter:label1\" content=\"Escrito por\" \/>\n\t<meta name=\"twitter:data1\" content=\"edicionweb\" \/>\n\t<meta name=\"twitter:label2\" content=\"Tiempo de lectura\" \/>\n\t<meta name=\"twitter:data2\" content=\"2 minutos\" \/>\n<script type=\"application\/ld+json\" class=\"yoast-schema-graph\">{\"@context\":\"https:\\\/\\\/schema.org\",\"@graph\":[{\"@type\":\"Article\",\"@id\":\"https:\\\/\\\/canal7slp.tv\\\/2019\\\/decision-de-banxico-permitira-estabilidad-economica-y-crecimiento-amlo\\\/#article\",\"isPartOf\":{\"@id\":\"https:\\\/\\\/canal7slp.tv\\\/2019\\\/decision-de-banxico-permitira-estabilidad-economica-y-crecimiento-amlo\\\/\"},\"author\":{\"name\":\"edicionweb\",\"@id\":\"https:\\\/\\\/canal7slp.tv\\\/2019\\\/#\\\/schema\\\/person\\\/11d941c1c6ca30ac0a46b95fa37aa2e3\"},\"headline\":\"Decisi\u00f3n de Banxico permitir\u00e1 estabilidad econ\u00f3mica y crecimiento: AMLO\",\"datePublished\":\"2019-08-16T14:44:19+00:00\",\"mainEntityOfPage\":{\"@id\":\"https:\\\/\\\/canal7slp.tv\\\/2019\\\/decision-de-banxico-permitira-estabilidad-economica-y-crecimiento-amlo\\\/\"},\"wordCount\":454,\"commentCount\":0,\"publisher\":{\"@id\":\"https:\\\/\\\/canal7slp.tv\\\/2019\\\/#organization\"},\"image\":{\"@id\":\"https:\\\/\\\/canal7slp.tv\\\/2019\\\/decision-de-banxico-permitira-estabilidad-economica-y-crecimiento-amlo\\\/#primaryimage\"},\"thumbnailUrl\":\"https:\\\/\\\/canal7slp.tv\\\/2019\\\/wp-content\\\/uploads\\\/2019\\\/08\\\/1045-14.jpg\",\"articleSection\":[\"NACIONAL\"],\"inLanguage\":\"es\",\"potentialAction\":[{\"@type\":\"CommentAction\",\"name\":\"Comment\",\"target\":[\"https:\\\/\\\/canal7slp.tv\\\/2019\\\/decision-de-banxico-permitira-estabilidad-economica-y-crecimiento-amlo\\\/#respond\"]}]},{\"@type\":\"WebPage\",\"@id\":\"https:\\\/\\\/canal7slp.tv\\\/2019\\\/decision-de-banxico-permitira-estabilidad-economica-y-crecimiento-amlo\\\/\",\"url\":\"https:\\\/\\\/canal7slp.tv\\\/2019\\\/decision-de-banxico-permitira-estabilidad-economica-y-crecimiento-amlo\\\/\",\"name\":\"Decisi\u00f3n de Banxico permitir\u00e1 estabilidad econ\u00f3mica y crecimiento: AMLO - Canal 7 SLP - 2019\",\"isPartOf\":{\"@id\":\"https:\\\/\\\/canal7slp.tv\\\/2019\\\/#website\"},\"primaryImageOfPage\":{\"@id\":\"https:\\\/\\\/canal7slp.tv\\\/2019\\\/decision-de-banxico-permitira-estabilidad-economica-y-crecimiento-amlo\\\/#primaryimage\"},\"image\":{\"@id\":\"https:\\\/\\\/canal7slp.tv\\\/2019\\\/decision-de-banxico-permitira-estabilidad-economica-y-crecimiento-amlo\\\/#primaryimage\"},\"thumbnailUrl\":\"https:\\\/\\\/canal7slp.tv\\\/2019\\\/wp-content\\\/uploads\\\/2019\\\/08\\\/1045-14.jpg\",\"datePublished\":\"2019-08-16T14:44:19+00:00\",\"breadcrumb\":{\"@id\":\"https:\\\/\\\/canal7slp.tv\\\/2019\\\/decision-de-banxico-permitira-estabilidad-economica-y-crecimiento-amlo\\\/#breadcrumb\"},\"inLanguage\":\"es\",\"potentialAction\":[{\"@type\":\"ReadAction\",\"target\":[\"https:\\\/\\\/canal7slp.tv\\\/2019\\\/decision-de-banxico-permitira-estabilidad-economica-y-crecimiento-amlo\\\/\"]}]},{\"@type\":\"ImageObject\",\"inLanguage\":\"es\",\"@id\":\"https:\\\/\\\/canal7slp.tv\\\/2019\\\/decision-de-banxico-permitira-estabilidad-economica-y-crecimiento-amlo\\\/#primaryimage\",\"url\":\"https:\\\/\\\/canal7slp.tv\\\/2019\\\/wp-content\\\/uploads\\\/2019\\\/08\\\/1045-14.jpg\",\"contentUrl\":\"https:\\\/\\\/canal7slp.tv\\\/2019\\\/wp-content\\\/uploads\\\/2019\\\/08\\\/1045-14.jpg\",\"width\":615,\"height\":410},{\"@type\":\"BreadcrumbList\",\"@id\":\"https:\\\/\\\/canal7slp.tv\\\/2019\\\/decision-de-banxico-permitira-estabilidad-economica-y-crecimiento-amlo\\\/#breadcrumb\",\"itemListElement\":[{\"@type\":\"ListItem\",\"position\":1,\"name\":\"Home\",\"item\":\"https:\\\/\\\/canal7slp.tv\\\/2019\\\/\"},{\"@type\":\"ListItem\",\"position\":2,\"name\":\"Decisi\u00f3n de Banxico permitir\u00e1 estabilidad econ\u00f3mica y crecimiento: AMLO\"}]},{\"@type\":\"WebSite\",\"@id\":\"https:\\\/\\\/canal7slp.tv\\\/2019\\\/#website\",\"url\":\"https:\\\/\\\/canal7slp.tv\\\/2019\\\/\",\"name\":\"Canal 7 SLP - Somos TV\",\"description\":\"Somos un Canal de 10\",\"publisher\":{\"@id\":\"https:\\\/\\\/canal7slp.tv\\\/2019\\\/#organization\"},\"potentialAction\":[{\"@type\":\"SearchAction\",\"target\":{\"@type\":\"EntryPoint\",\"urlTemplate\":\"https:\\\/\\\/canal7slp.tv\\\/2019\\\/?s={search_term_string}\"},\"query-input\":{\"@type\":\"PropertyValueSpecification\",\"valueRequired\":true,\"valueName\":\"search_term_string\"}}],\"inLanguage\":\"es\"},{\"@type\":\"Organization\",\"@id\":\"https:\\\/\\\/canal7slp.tv\\\/2019\\\/#organization\",\"name\":\"Comunicaci\u00f3n 2000 S.A. de C.V.\",\"url\":\"https:\\\/\\\/canal7slp.tv\\\/2019\\\/\",\"logo\":{\"@type\":\"ImageObject\",\"inLanguage\":\"es\",\"@id\":\"https:\\\/\\\/canal7slp.tv\\\/2019\\\/#\\\/schema\\\/logo\\\/image\\\/\",\"url\":\"https:\\\/\\\/canal7slp.tv\\\/2019\\\/wp-content\\\/uploads\\\/2019\\\/07\\\/logo-c7.png\",\"contentUrl\":\"https:\\\/\\\/canal7slp.tv\\\/2019\\\/wp-content\\\/uploads\\\/2019\\\/07\\\/logo-c7.png\",\"width\":220,\"height\":60,\"caption\":\"Comunicaci\u00f3n 2000 S.A. de C.V.\"},\"image\":{\"@id\":\"https:\\\/\\\/canal7slp.tv\\\/2019\\\/#\\\/schema\\\/logo\\\/image\\\/\"},\"sameAs\":[\"https:\\\/\\\/www.facebook.com\\\/CANAL7SLP\\\/\",\"https:\\\/\\\/x.com\\\/canal7_slp\",\"https:\\\/\\\/www.instagram.com\\\/canal7_slp\",\"https:\\\/\\\/www.youtube.com\\\/user\\\/NOTICIEROSCANAL7SLP\\\/\"]},{\"@type\":\"Person\",\"@id\":\"https:\\\/\\\/canal7slp.tv\\\/2019\\\/#\\\/schema\\\/person\\\/11d941c1c6ca30ac0a46b95fa37aa2e3\",\"name\":\"edicionweb\",\"image\":{\"@type\":\"ImageObject\",\"inLanguage\":\"es\",\"@id\":\"https:\\\/\\\/secure.gravatar.com\\\/avatar\\\/eee448fc3f7164808013b816ba91ac7e43bbe82a70bebac296f8bc6f0addaa1a?s=96&d=mm&r=g\",\"url\":\"https:\\\/\\\/secure.gravatar.com\\\/avatar\\\/eee448fc3f7164808013b816ba91ac7e43bbe82a70bebac296f8bc6f0addaa1a?s=96&d=mm&r=g\",\"contentUrl\":\"https:\\\/\\\/secure.gravatar.com\\\/avatar\\\/eee448fc3f7164808013b816ba91ac7e43bbe82a70bebac296f8bc6f0addaa1a?s=96&d=mm&r=g\",\"caption\":\"edicionweb\"}}]}<\/script>\n<!-- \/ Yoast SEO plugin. -->","yoast_head_json":{"title":"Decisi\u00f3n de Banxico permitir\u00e1 estabilidad econ\u00f3mica y crecimiento: AMLO - Canal 7 SLP - 2019","robots":{"index":"index","follow":"follow","max-snippet":"max-snippet:-1","max-image-preview":"max-image-preview:large","max-video-preview":"max-video-preview:-1"},"canonical":"https:\/\/canal7slp.tv\/2019\/decision-de-banxico-permitira-estabilidad-economica-y-crecimiento-amlo\/","og_locale":"es_ES","og_type":"article","og_title":"Decisi\u00f3n de Banxico permitir\u00e1 estabilidad econ\u00f3mica y crecimiento: AMLO - Canal 7 SLP - 2019","og_description":"M\u00e9xico.- El presidente Andr\u00e9s Manuel L\u00f3pez Obrador destac\u00f3 que aunque existe un entorno econ\u00f3mico mundial dif\u00edcil, la decisi\u00f3n del Banco de M\u00e9xico (Banxico) de bajar las tasas de inter\u00e9s es favorable, porque permitir\u00e1 mantener la estabilidad y estimular el crecimiento interno del pa\u00eds, adem\u00e1s de respetar la autonom\u00eda del Banco Central. Durante la jornada de [&hellip;]","og_url":"https:\/\/canal7slp.tv\/2019\/decision-de-banxico-permitira-estabilidad-economica-y-crecimiento-amlo\/","og_site_name":"Canal 7 SLP - 2019","article_publisher":"https:\/\/www.facebook.com\/CANAL7SLP\/","article_published_time":"2019-08-16T14:44:19+00:00","og_image":[{"width":615,"height":410,"url":"https:\/\/canal7slp.tv\/2019\/wp-content\/uploads\/2019\/08\/1045-14.jpg","type":"image\/jpeg"}],"author":"edicionweb","twitter_card":"summary_large_image","twitter_creator":"@canal7_slp","twitter_site":"@canal7_slp","twitter_misc":{"Escrito por":"edicionweb","Tiempo de lectura":"2 minutos"},"schema":{"@context":"https:\/\/schema.org","@graph":[{"@type":"Article","@id":"https:\/\/canal7slp.tv\/2019\/decision-de-banxico-permitira-estabilidad-economica-y-crecimiento-amlo\/#article","isPartOf":{"@id":"https:\/\/canal7slp.tv\/2019\/decision-de-banxico-permitira-estabilidad-economica-y-crecimiento-amlo\/"},"author":{"name":"edicionweb","@id":"https:\/\/canal7slp.tv\/2019\/#\/schema\/person\/11d941c1c6ca30ac0a46b95fa37aa2e3"},"headline":"Decisi\u00f3n de Banxico permitir\u00e1 estabilidad econ\u00f3mica y crecimiento: AMLO","datePublished":"2019-08-16T14:44:19+00:00","mainEntityOfPage":{"@id":"https:\/\/canal7slp.tv\/2019\/decision-de-banxico-permitira-estabilidad-economica-y-crecimiento-amlo\/"},"wordCount":454,"commentCount":0,"publisher":{"@id":"https:\/\/canal7slp.tv\/2019\/#organization"},"image":{"@id":"https:\/\/canal7slp.tv\/2019\/decision-de-banxico-permitira-estabilidad-economica-y-crecimiento-amlo\/#primaryimage"},"thumbnailUrl":"https:\/\/canal7slp.tv\/2019\/wp-content\/uploads\/2019\/08\/1045-14.jpg","articleSection":["NACIONAL"],"inLanguage":"es","potentialAction":[{"@type":"CommentAction","name":"Comment","target":["https:\/\/canal7slp.tv\/2019\/decision-de-banxico-permitira-estabilidad-economica-y-crecimiento-amlo\/#respond"]}]},{"@type":"WebPage","@id":"https:\/\/canal7slp.tv\/2019\/decision-de-banxico-permitira-estabilidad-economica-y-crecimiento-amlo\/","url":"https:\/\/canal7slp.tv\/2019\/decision-de-banxico-permitira-estabilidad-economica-y-crecimiento-amlo\/","name":"Decisi\u00f3n de Banxico permitir\u00e1 estabilidad econ\u00f3mica y crecimiento: AMLO - Canal 7 SLP - 2019","isPartOf":{"@id":"https:\/\/canal7slp.tv\/2019\/#website"},"primaryImageOfPage":{"@id":"https:\/\/canal7slp.tv\/2019\/decision-de-banxico-permitira-estabilidad-economica-y-crecimiento-amlo\/#primaryimage"},"image":{"@id":"https:\/\/canal7slp.tv\/2019\/decision-de-banxico-permitira-estabilidad-economica-y-crecimiento-amlo\/#primaryimage"},"thumbnailUrl":"https:\/\/canal7slp.tv\/2019\/wp-content\/uploads\/2019\/08\/1045-14.jpg","datePublished":"2019-08-16T14:44:19+00:00","breadcrumb":{"@id":"https:\/\/canal7slp.tv\/2019\/decision-de-banxico-permitira-estabilidad-economica-y-crecimiento-amlo\/#breadcrumb"},"inLanguage":"es","potentialAction":[{"@type":"ReadAction","target":["https:\/\/canal7slp.tv\/2019\/decision-de-banxico-permitira-estabilidad-economica-y-crecimiento-amlo\/"]}]},{"@type":"ImageObject","inLanguage":"es","@id":"https:\/\/canal7slp.tv\/2019\/decision-de-banxico-permitira-estabilidad-economica-y-crecimiento-amlo\/#primaryimage","url":"https:\/\/canal7slp.tv\/2019\/wp-content\/uploads\/2019\/08\/1045-14.jpg","contentUrl":"https:\/\/canal7slp.tv\/2019\/wp-content\/uploads\/2019\/08\/1045-14.jpg","width":615,"height":410},{"@type":"BreadcrumbList","@id":"https:\/\/canal7slp.tv\/2019\/decision-de-banxico-permitira-estabilidad-economica-y-crecimiento-amlo\/#breadcrumb","itemListElement":[{"@type":"ListItem","position":1,"name":"Home","item":"https:\/\/canal7slp.tv\/2019\/"},{"@type":"ListItem","position":2,"name":"Decisi\u00f3n de Banxico permitir\u00e1 estabilidad econ\u00f3mica y crecimiento: AMLO"}]},{"@type":"WebSite","@id":"https:\/\/canal7slp.tv\/2019\/#website","url":"https:\/\/canal7slp.tv\/2019\/","name":"Canal 7 SLP - Somos TV","description":"Somos un Canal de 10","publisher":{"@id":"https:\/\/canal7slp.tv\/2019\/#organization"},"potentialAction":[{"@type":"SearchAction","target":{"@type":"EntryPoint","urlTemplate":"https:\/\/canal7slp.tv\/2019\/?s={search_term_string}"},"query-input":{"@type":"PropertyValueSpecification","valueRequired":true,"valueName":"search_term_string"}}],"inLanguage":"es"},{"@type":"Organization","@id":"https:\/\/canal7slp.tv\/2019\/#organization","name":"Comunicaci\u00f3n 2000 S.A. de C.V.","url":"https:\/\/canal7slp.tv\/2019\/","logo":{"@type":"ImageObject","inLanguage":"es","@id":"https:\/\/canal7slp.tv\/2019\/#\/schema\/logo\/image\/","url":"https:\/\/canal7slp.tv\/2019\/wp-content\/uploads\/2019\/07\/logo-c7.png","contentUrl":"https:\/\/canal7slp.tv\/2019\/wp-content\/uploads\/2019\/07\/logo-c7.png","width":220,"height":60,"caption":"Comunicaci\u00f3n 2000 S.A. de C.V."},"image":{"@id":"https:\/\/canal7slp.tv\/2019\/#\/schema\/logo\/image\/"},"sameAs":["https:\/\/www.facebook.com\/CANAL7SLP\/","https:\/\/x.com\/canal7_slp","https:\/\/www.instagram.com\/canal7_slp","https:\/\/www.youtube.com\/user\/NOTICIEROSCANAL7SLP\/"]},{"@type":"Person","@id":"https:\/\/canal7slp.tv\/2019\/#\/schema\/person\/11d941c1c6ca30ac0a46b95fa37aa2e3","name":"edicionweb","image":{"@type":"ImageObject","inLanguage":"es","@id":"https:\/\/secure.gravatar.com\/avatar\/eee448fc3f7164808013b816ba91ac7e43bbe82a70bebac296f8bc6f0addaa1a?s=96&d=mm&r=g","url":"https:\/\/secure.gravatar.com\/avatar\/eee448fc3f7164808013b816ba91ac7e43bbe82a70bebac296f8bc6f0addaa1a?s=96&d=mm&r=g","contentUrl":"https:\/\/secure.gravatar.com\/avatar\/eee448fc3f7164808013b816ba91ac7e43bbe82a70bebac296f8bc6f0addaa1a?s=96&d=mm&r=g","caption":"edicionweb"}}]}},"amp_enabled":true,"cmb2":{"video_ids_in_playlist":{"vid_p_videos":""},"video_ids_in_channel":{"vid_c_videos":""},"playlist_ids_in_channel":{"vid_c_playlists":""},"series_ids_in_channel":{"vid_c_series":""},"channel_images":{"vid_c_logo":"","vid_c_banner":""},"poster_feature_image":{"vid_m_poster_image":""},"gif_feature_image":{"vid_m_gif_image":""},"video_movie_settings":{"vid_m_director":"","vid_m_actor":"","vid_m_imdb_ratings":"","vid_m_amazon_associates":""},"vid_youtube_broadcasts_settings":{"vid_yb_broadcast_title":"","vid_yb_q":"","vid_yb_channelid":"","vid_yb_videocategoryid":"","vid_yb_maxresults":"","vid_yb_order":"","vid_yb_regioncode":"","vid_yb_videosyndicated":"","vid_yb_style":"","vid_yb_reload_first":""},"video_series_settings":{"vid_m_director":"","vid_m_actor":"","vid_m_imdb_ratings":"","video_series_group":""},"amazon_associates_settings":{"amazon_associates":"","amazon_native_ad":""},"vid_youtube_automatic_settings":{"vid_ya_youtube_source":"","vid_ya_update_every":"","vid_ya_update_unit":"","vid_ya_categories":"","vid_ya_published_after":"","vid_ya_published_before":"","vid_ya_playlists":"","vid_ya_channels":"","vid_ya_director":"","vid_ya_actor":"","vid_ya_author":"","vid_ya_import_post_date":"","vid_ya_status":"","vid_ya_sub_api_key":""},"vid_ads_m_videoads_settings_post":{"vid_ads_m_video_ads":"","vid_ads_m_video_ads_type":"","vid_ads_m_group_google_ima":"","vid_ads_m_group_image":"","vid_ads_m_group_html5_video":"","vid_ads_m_group_html":"","vid_ads_m_vast_preroll":"","vid_ads_m_vast_postroll":"","vid_ads_m_vast_pauseroll":"","vid_ads_m_vast_midroll":[{"vid_ads_m_vast_timer_seconds":"50"}],"vid_ads_m_time_to_show_ads":"","vid_ads_m_time_skip_ads":"","vid_ads_m_time_to_hide_ads":""},"page_slider_settings":{"display_slider_group":"","page_slider_group":""},"blog_page_settings":{"blog_page_title":"","blog_page_heading":"","blog_page_ic":"","blog_page_it":"","blog_page_ec":"","blog_page_ip":"","archive_loop_style":"","blog_image_ratio":"","blog_show_categories":"","blog_show_excerpt":"","blog_show_author":"","blog_show_date":"","blog_show_comment_count":"","blog_show_view_count":"","blog_show_like_count":"","blog_show_dislike_count":"","blog_items_per_page":"","blog_pag_type":""},"page_options":{"get_page_template":"","color_mode":"","main_layout":"","main_layout_full_with":"","main_logo":"","main_logo_retina":"","main_logo_mobile":"","main_logo_mobile_retina":"","sticky_logo":"","sticky_logo_retina":"","main_nav_layout":"","ajax_search":"","header_background":"","theme_sidebar":"","instagram_feed":"","instagram_feed_position":"","popular_videos":"","popular_videos_title_1":"","popular_videos_title_2":"","popular_videos_ic":"","popular_videos_it":"","theme_background":"","page_custom_css":""},"feature_image_settings":{"feature_image_position":""},"video_player_settings":{"single_video_style":"","video_player_position":"","vm_video_url":"","video_player_library":"","video_streaming":"","vm_media_sources":"","vid_auto_play":"","vm_video_shortcode":"","vid_p_sync_playlist":"","vid_c_sync_channel":"","get_post_format":"","multiple_links_structure":"default","multi_links_title":"","vm_video_multi_links":"","vm_duration":"","vid_social_locker":"off","vid_social_locker_id":"","vid_membership_action":"content-video","vm_video_trailer_url":"","vid_download_type":"free","vid_download_target":"download","vid_woo_product":"","vm_media_download":"","user_rating":"","user_rating_position":"","user_rating_mode":"","user_rating_multi_sets":""},"video_auto_fetch_settings":{"vm_video_fetch":"on"},"video_fake_views_likes":{"vm_fake_views":"","vm_fake_likes":"","vm_fake_dislikes":""},"gallery_settings":{"gallery_position":""},"quote_settings":{"quote_position":""},"post_options":{"main_layout":"","main_logo":"","main_logo_retina":"","main_logo_mobile":"","main_logo_mobile_retina":"","sticky_logo":"","sticky_logo_retina":"","main_nav_layout":"","header_background":"","theme_sidebar":"","single_post_comment_type":"","theme_background":""}},"_links":{"self":[{"href":"https:\/\/canal7slp.tv\/2019\/wp-json\/wp\/v2\/posts\/50480","targetHints":{"allow":["GET"]}}],"collection":[{"href":"https:\/\/canal7slp.tv\/2019\/wp-json\/wp\/v2\/posts"}],"about":[{"href":"https:\/\/canal7slp.tv\/2019\/wp-json\/wp\/v2\/types\/post"}],"author":[{"embeddable":true,"href":"https:\/\/canal7slp.tv\/2019\/wp-json\/wp\/v2\/users\/2"}],"replies":[{"embeddable":true,"href":"https:\/\/canal7slp.tv\/2019\/wp-json\/wp\/v2\/comments?post=50480"}],"version-history":[{"count":0,"href":"https:\/\/canal7slp.tv\/2019\/wp-json\/wp\/v2\/posts\/50480\/revisions"}],"wp:featuredmedia":[{"embeddable":true,"href":"https:\/\/canal7slp.tv\/2019\/wp-json\/wp\/v2\/media\/50481"}],"wp:attachment":[{"href":"https:\/\/canal7slp.tv\/2019\/wp-json\/wp\/v2\/media?parent=50480"}],"wp:term":[{"taxonomy":"category","embeddable":true,"href":"https:\/\/canal7slp.tv\/2019\/wp-json\/wp\/v2\/categories?post=50480"},{"taxonomy":"post_tag","embeddable":true,"href":"https:\/\/canal7slp.tv\/2019\/wp-json\/wp\/v2\/tags?post=50480"}],"curies":[{"name":"wp","href":"https:\/\/api.w.org\/{rel}","templated":true}]}}