{"id":50329,"date":"2019-08-15T18:40:56","date_gmt":"2019-08-15T23:40:56","guid":{"rendered":"https:\/\/canal7slp.tv\/2019\/?p=50329"},"modified":"2019-08-15T18:40:56","modified_gmt":"2019-08-15T23:40:56","slug":"logra-fiscalia-prision-preventiva-a-presunto-homicida-de-policia-rural","status":"publish","type":"post","link":"https:\/\/canal7slp.tv\/2019\/logra-fiscalia-prision-preventiva-a-presunto-homicida-de-policia-rural\/","title":{"rendered":"Logra Fiscal\u00eda prisi\u00f3n preventiva a presunto homicida de polic\u00eda rural"},"content":{"rendered":"<ul>\n<li style=\"text-align: justify;\">Fue vinculado a proceso y qued\u00f3 recluido en el centro penitenciario de Xolol<\/li>\n<\/ul>\n<p style=\"text-align: justify;\">Tancanhuitz.- En continuaci\u00f3n de audiencia inicial, se vincul\u00f3 a proceso a un hombre de 21 a\u00f1os de edad quien presuntamente le quit\u00f3 la vida a un polic\u00eda comunitario en un hecho ocurrido en la localidad de Tlamaya municipio de Xilitla, esto despu\u00e9s de que litigantes de la Fiscal\u00eda General del Estado de San Luis Potos\u00ed (FGESLP) aportaran datos de prueba de su presunta responsabilidad.<\/p>\n<p style=\"text-align: justify;\">Fue personal de la Novena Delegaci\u00f3n quienes establecieron sus argumentos ante el Juez de Control el cual determin\u00f3 que se le impusiera la prisi\u00f3n preventiva al imputado y fij\u00f3 un plazo de cuatro meses para las investigaciones complementarias, tiempo en que las partes en este caso deber\u00e1n aportar mayores pruebas sobre el hecho.<\/p>\n<p style=\"text-align: justify;\">Como se recordar\u00e1, fue el d\u00eda 5 de agosto del a\u00f1o 2019 cuando la v\u00edctima quien fung\u00eda como polic\u00eda de la comunidad antes mencionada, fue convocado por el de Juez del lugar para auxiliar a la poblaci\u00f3n, ya que dos vecinos se encontraban en estado de ebriedad y agrediendo a varios ciudadanos.<\/p>\n<p style=\"text-align: justify;\">De un momento a otro uno de los sujetos sac\u00f3 de entre su ropa un cuchillo con el cual lesion\u00f3 al polic\u00eda rural, lo que provoc\u00f3 que perdiera la vida.<\/p>\n<p style=\"text-align: justify;\">Al contar con la identificaci\u00f3n del probable, se solicit\u00f3 la orden de aprehensi\u00f3n, y los agentes de la Direcci\u00f3n de M\u00e9todos de Investigaci\u00f3n realizaron un operativo para localizar al requerido logrando su detenci\u00f3n, para ponerlo a disposici\u00f3n del Juez de Control que lo requer\u00eda.<\/p>\n<p style=\"text-align: justify;\">El individuo identificado como Sergio \u201cN\u201d estar\u00e1 recluido en el centro penitenciario de Xolol, mientras concluyen las investigaciones complementarias, y se define su situaci\u00f3n jur\u00eddica final.<\/p>\n","protected":false},"excerpt":{"rendered":"<p>Fue vinculado a proceso y qued\u00f3 recluido en el centro penitenciario de Xolol Tancanhuitz.- En continuaci\u00f3n de audiencia inicial, se vincul\u00f3 a proceso a un hombre de 21 a\u00f1os de edad quien presuntamente le quit\u00f3 la vida a un polic\u00eda comunitario en un hecho ocurrido en la localidad de Tlamaya municipio de Xilitla, esto despu\u00e9s [&hellip;]<\/p>\n","protected":false},"author":2,"featured_media":50330,"comment_status":"open","ping_status":"open","sticky":false,"template":"","format":"standard","meta":{"footnotes":""},"categories":[29],"tags":[],"class_list":["post-50329","post","type-post","status-publish","format-standard","has-post-thumbnail","hentry","category-reporte7"],"yoast_head":"<!-- This site is optimized with the Yoast SEO plugin v27.4 - https:\/\/yoast.com\/product\/yoast-seo-wordpress\/ -->\n<title>Logra Fiscal\u00eda prisi\u00f3n preventiva a presunto homicida de polic\u00eda rural - Canal 7 SLP - 2019<\/title>\n<meta name=\"robots\" content=\"index, follow, max-snippet:-1, max-image-preview:large, max-video-preview:-1\" \/>\n<link rel=\"canonical\" href=\"https:\/\/canal7slp.tv\/2019\/logra-fiscalia-prision-preventiva-a-presunto-homicida-de-policia-rural\/\" \/>\n<meta property=\"og:locale\" content=\"es_ES\" \/>\n<meta property=\"og:type\" content=\"article\" \/>\n<meta property=\"og:title\" content=\"Logra Fiscal\u00eda prisi\u00f3n preventiva a presunto homicida de polic\u00eda rural - Canal 7 SLP - 2019\" \/>\n<meta property=\"og:description\" content=\"Fue vinculado a proceso y qued\u00f3 recluido en el centro penitenciario de Xolol Tancanhuitz.- En continuaci\u00f3n de audiencia inicial, se vincul\u00f3 a proceso a un hombre de 21 a\u00f1os de edad quien presuntamente le quit\u00f3 la vida a un polic\u00eda comunitario en un hecho ocurrido en la localidad de Tlamaya municipio de Xilitla, esto despu\u00e9s [&hellip;]\" \/>\n<meta property=\"og:url\" content=\"https:\/\/canal7slp.tv\/2019\/logra-fiscalia-prision-preventiva-a-presunto-homicida-de-policia-rural\/\" \/>\n<meta property=\"og:site_name\" content=\"Canal 7 SLP - 2019\" \/>\n<meta property=\"article:publisher\" content=\"https:\/\/www.facebook.com\/CANAL7SLP\/\" \/>\n<meta property=\"article:published_time\" content=\"2019-08-15T23:40:56+00:00\" \/>\n<meta property=\"og:image\" content=\"https:\/\/canal7slp.tv\/2019\/wp-content\/uploads\/2019\/08\/zz2-6.jpg\" \/>\n\t<meta property=\"og:image:width\" content=\"447\" \/>\n\t<meta property=\"og:image:height\" content=\"558\" \/>\n\t<meta property=\"og:image:type\" content=\"image\/jpeg\" \/>\n<meta name=\"author\" content=\"edicionweb\" \/>\n<meta name=\"twitter:card\" content=\"summary_large_image\" \/>\n<meta name=\"twitter:creator\" content=\"@canal7_slp\" \/>\n<meta name=\"twitter:site\" content=\"@canal7_slp\" \/>\n<meta name=\"twitter:label1\" content=\"Escrito por\" \/>\n\t<meta name=\"twitter:data1\" content=\"edicionweb\" \/>\n\t<meta name=\"twitter:label2\" content=\"Tiempo de lectura\" \/>\n\t<meta name=\"twitter:data2\" content=\"2 minutos\" \/>\n<script type=\"application\/ld+json\" class=\"yoast-schema-graph\">{\"@context\":\"https:\\\/\\\/schema.org\",\"@graph\":[{\"@type\":\"Article\",\"@id\":\"https:\\\/\\\/canal7slp.tv\\\/2019\\\/logra-fiscalia-prision-preventiva-a-presunto-homicida-de-policia-rural\\\/#article\",\"isPartOf\":{\"@id\":\"https:\\\/\\\/canal7slp.tv\\\/2019\\\/logra-fiscalia-prision-preventiva-a-presunto-homicida-de-policia-rural\\\/\"},\"author\":{\"name\":\"edicionweb\",\"@id\":\"https:\\\/\\\/canal7slp.tv\\\/2019\\\/#\\\/schema\\\/person\\\/11d941c1c6ca30ac0a46b95fa37aa2e3\"},\"headline\":\"Logra Fiscal\u00eda prisi\u00f3n preventiva a presunto homicida de polic\u00eda rural\",\"datePublished\":\"2019-08-15T23:40:56+00:00\",\"mainEntityOfPage\":{\"@id\":\"https:\\\/\\\/canal7slp.tv\\\/2019\\\/logra-fiscalia-prision-preventiva-a-presunto-homicida-de-policia-rural\\\/\"},\"wordCount\":318,\"commentCount\":0,\"publisher\":{\"@id\":\"https:\\\/\\\/canal7slp.tv\\\/2019\\\/#organization\"},\"image\":{\"@id\":\"https:\\\/\\\/canal7slp.tv\\\/2019\\\/logra-fiscalia-prision-preventiva-a-presunto-homicida-de-policia-rural\\\/#primaryimage\"},\"thumbnailUrl\":\"https:\\\/\\\/canal7slp.tv\\\/2019\\\/wp-content\\\/uploads\\\/2019\\\/08\\\/zz2-6.jpg\",\"articleSection\":[\"REPORTE 7\"],\"inLanguage\":\"es\",\"potentialAction\":[{\"@type\":\"CommentAction\",\"name\":\"Comment\",\"target\":[\"https:\\\/\\\/canal7slp.tv\\\/2019\\\/logra-fiscalia-prision-preventiva-a-presunto-homicida-de-policia-rural\\\/#respond\"]}]},{\"@type\":\"WebPage\",\"@id\":\"https:\\\/\\\/canal7slp.tv\\\/2019\\\/logra-fiscalia-prision-preventiva-a-presunto-homicida-de-policia-rural\\\/\",\"url\":\"https:\\\/\\\/canal7slp.tv\\\/2019\\\/logra-fiscalia-prision-preventiva-a-presunto-homicida-de-policia-rural\\\/\",\"name\":\"Logra Fiscal\u00eda prisi\u00f3n preventiva a presunto homicida de polic\u00eda rural - Canal 7 SLP - 2019\",\"isPartOf\":{\"@id\":\"https:\\\/\\\/canal7slp.tv\\\/2019\\\/#website\"},\"primaryImageOfPage\":{\"@id\":\"https:\\\/\\\/canal7slp.tv\\\/2019\\\/logra-fiscalia-prision-preventiva-a-presunto-homicida-de-policia-rural\\\/#primaryimage\"},\"image\":{\"@id\":\"https:\\\/\\\/canal7slp.tv\\\/2019\\\/logra-fiscalia-prision-preventiva-a-presunto-homicida-de-policia-rural\\\/#primaryimage\"},\"thumbnailUrl\":\"https:\\\/\\\/canal7slp.tv\\\/2019\\\/wp-content\\\/uploads\\\/2019\\\/08\\\/zz2-6.jpg\",\"datePublished\":\"2019-08-15T23:40:56+00:00\",\"breadcrumb\":{\"@id\":\"https:\\\/\\\/canal7slp.tv\\\/2019\\\/logra-fiscalia-prision-preventiva-a-presunto-homicida-de-policia-rural\\\/#breadcrumb\"},\"inLanguage\":\"es\",\"potentialAction\":[{\"@type\":\"ReadAction\",\"target\":[\"https:\\\/\\\/canal7slp.tv\\\/2019\\\/logra-fiscalia-prision-preventiva-a-presunto-homicida-de-policia-rural\\\/\"]}]},{\"@type\":\"ImageObject\",\"inLanguage\":\"es\",\"@id\":\"https:\\\/\\\/canal7slp.tv\\\/2019\\\/logra-fiscalia-prision-preventiva-a-presunto-homicida-de-policia-rural\\\/#primaryimage\",\"url\":\"https:\\\/\\\/canal7slp.tv\\\/2019\\\/wp-content\\\/uploads\\\/2019\\\/08\\\/zz2-6.jpg\",\"contentUrl\":\"https:\\\/\\\/canal7slp.tv\\\/2019\\\/wp-content\\\/uploads\\\/2019\\\/08\\\/zz2-6.jpg\",\"width\":447,\"height\":558},{\"@type\":\"BreadcrumbList\",\"@id\":\"https:\\\/\\\/canal7slp.tv\\\/2019\\\/logra-fiscalia-prision-preventiva-a-presunto-homicida-de-policia-rural\\\/#breadcrumb\",\"itemListElement\":[{\"@type\":\"ListItem\",\"position\":1,\"name\":\"Home\",\"item\":\"https:\\\/\\\/canal7slp.tv\\\/2019\\\/\"},{\"@type\":\"ListItem\",\"position\":2,\"name\":\"Logra Fiscal\u00eda prisi\u00f3n preventiva a presunto homicida de polic\u00eda rural\"}]},{\"@type\":\"WebSite\",\"@id\":\"https:\\\/\\\/canal7slp.tv\\\/2019\\\/#website\",\"url\":\"https:\\\/\\\/canal7slp.tv\\\/2019\\\/\",\"name\":\"Canal 7 SLP - Somos TV\",\"description\":\"Somos un Canal de 10\",\"publisher\":{\"@id\":\"https:\\\/\\\/canal7slp.tv\\\/2019\\\/#organization\"},\"potentialAction\":[{\"@type\":\"SearchAction\",\"target\":{\"@type\":\"EntryPoint\",\"urlTemplate\":\"https:\\\/\\\/canal7slp.tv\\\/2019\\\/?s={search_term_string}\"},\"query-input\":{\"@type\":\"PropertyValueSpecification\",\"valueRequired\":true,\"valueName\":\"search_term_string\"}}],\"inLanguage\":\"es\"},{\"@type\":\"Organization\",\"@id\":\"https:\\\/\\\/canal7slp.tv\\\/2019\\\/#organization\",\"name\":\"Comunicaci\u00f3n 2000 S.A. de C.V.\",\"url\":\"https:\\\/\\\/canal7slp.tv\\\/2019\\\/\",\"logo\":{\"@type\":\"ImageObject\",\"inLanguage\":\"es\",\"@id\":\"https:\\\/\\\/canal7slp.tv\\\/2019\\\/#\\\/schema\\\/logo\\\/image\\\/\",\"url\":\"https:\\\/\\\/canal7slp.tv\\\/2019\\\/wp-content\\\/uploads\\\/2019\\\/07\\\/logo-c7.png\",\"contentUrl\":\"https:\\\/\\\/canal7slp.tv\\\/2019\\\/wp-content\\\/uploads\\\/2019\\\/07\\\/logo-c7.png\",\"width\":220,\"height\":60,\"caption\":\"Comunicaci\u00f3n 2000 S.A. de C.V.\"},\"image\":{\"@id\":\"https:\\\/\\\/canal7slp.tv\\\/2019\\\/#\\\/schema\\\/logo\\\/image\\\/\"},\"sameAs\":[\"https:\\\/\\\/www.facebook.com\\\/CANAL7SLP\\\/\",\"https:\\\/\\\/x.com\\\/canal7_slp\",\"https:\\\/\\\/www.instagram.com\\\/canal7_slp\",\"https:\\\/\\\/www.youtube.com\\\/user\\\/NOTICIEROSCANAL7SLP\\\/\"]},{\"@type\":\"Person\",\"@id\":\"https:\\\/\\\/canal7slp.tv\\\/2019\\\/#\\\/schema\\\/person\\\/11d941c1c6ca30ac0a46b95fa37aa2e3\",\"name\":\"edicionweb\",\"image\":{\"@type\":\"ImageObject\",\"inLanguage\":\"es\",\"@id\":\"https:\\\/\\\/secure.gravatar.com\\\/avatar\\\/eee448fc3f7164808013b816ba91ac7e43bbe82a70bebac296f8bc6f0addaa1a?s=96&d=mm&r=g\",\"url\":\"https:\\\/\\\/secure.gravatar.com\\\/avatar\\\/eee448fc3f7164808013b816ba91ac7e43bbe82a70bebac296f8bc6f0addaa1a?s=96&d=mm&r=g\",\"contentUrl\":\"https:\\\/\\\/secure.gravatar.com\\\/avatar\\\/eee448fc3f7164808013b816ba91ac7e43bbe82a70bebac296f8bc6f0addaa1a?s=96&d=mm&r=g\",\"caption\":\"edicionweb\"}}]}<\/script>\n<!-- \/ Yoast SEO plugin. -->","yoast_head_json":{"title":"Logra Fiscal\u00eda prisi\u00f3n preventiva a presunto homicida de polic\u00eda rural - Canal 7 SLP - 2019","robots":{"index":"index","follow":"follow","max-snippet":"max-snippet:-1","max-image-preview":"max-image-preview:large","max-video-preview":"max-video-preview:-1"},"canonical":"https:\/\/canal7slp.tv\/2019\/logra-fiscalia-prision-preventiva-a-presunto-homicida-de-policia-rural\/","og_locale":"es_ES","og_type":"article","og_title":"Logra Fiscal\u00eda prisi\u00f3n preventiva a presunto homicida de polic\u00eda rural - Canal 7 SLP - 2019","og_description":"Fue vinculado a proceso y qued\u00f3 recluido en el centro penitenciario de Xolol Tancanhuitz.- En continuaci\u00f3n de audiencia inicial, se vincul\u00f3 a proceso a un hombre de 21 a\u00f1os de edad quien presuntamente le quit\u00f3 la vida a un polic\u00eda comunitario en un hecho ocurrido en la localidad de Tlamaya municipio de Xilitla, esto despu\u00e9s [&hellip;]","og_url":"https:\/\/canal7slp.tv\/2019\/logra-fiscalia-prision-preventiva-a-presunto-homicida-de-policia-rural\/","og_site_name":"Canal 7 SLP - 2019","article_publisher":"https:\/\/www.facebook.com\/CANAL7SLP\/","article_published_time":"2019-08-15T23:40:56+00:00","og_image":[{"width":447,"height":558,"url":"https:\/\/canal7slp.tv\/2019\/wp-content\/uploads\/2019\/08\/zz2-6.jpg","type":"image\/jpeg"}],"author":"edicionweb","twitter_card":"summary_large_image","twitter_creator":"@canal7_slp","twitter_site":"@canal7_slp","twitter_misc":{"Escrito por":"edicionweb","Tiempo de lectura":"2 minutos"},"schema":{"@context":"https:\/\/schema.org","@graph":[{"@type":"Article","@id":"https:\/\/canal7slp.tv\/2019\/logra-fiscalia-prision-preventiva-a-presunto-homicida-de-policia-rural\/#article","isPartOf":{"@id":"https:\/\/canal7slp.tv\/2019\/logra-fiscalia-prision-preventiva-a-presunto-homicida-de-policia-rural\/"},"author":{"name":"edicionweb","@id":"https:\/\/canal7slp.tv\/2019\/#\/schema\/person\/11d941c1c6ca30ac0a46b95fa37aa2e3"},"headline":"Logra Fiscal\u00eda prisi\u00f3n preventiva a presunto homicida de polic\u00eda rural","datePublished":"2019-08-15T23:40:56+00:00","mainEntityOfPage":{"@id":"https:\/\/canal7slp.tv\/2019\/logra-fiscalia-prision-preventiva-a-presunto-homicida-de-policia-rural\/"},"wordCount":318,"commentCount":0,"publisher":{"@id":"https:\/\/canal7slp.tv\/2019\/#organization"},"image":{"@id":"https:\/\/canal7slp.tv\/2019\/logra-fiscalia-prision-preventiva-a-presunto-homicida-de-policia-rural\/#primaryimage"},"thumbnailUrl":"https:\/\/canal7slp.tv\/2019\/wp-content\/uploads\/2019\/08\/zz2-6.jpg","articleSection":["REPORTE 7"],"inLanguage":"es","potentialAction":[{"@type":"CommentAction","name":"Comment","target":["https:\/\/canal7slp.tv\/2019\/logra-fiscalia-prision-preventiva-a-presunto-homicida-de-policia-rural\/#respond"]}]},{"@type":"WebPage","@id":"https:\/\/canal7slp.tv\/2019\/logra-fiscalia-prision-preventiva-a-presunto-homicida-de-policia-rural\/","url":"https:\/\/canal7slp.tv\/2019\/logra-fiscalia-prision-preventiva-a-presunto-homicida-de-policia-rural\/","name":"Logra Fiscal\u00eda prisi\u00f3n preventiva a presunto homicida de polic\u00eda rural - Canal 7 SLP - 2019","isPartOf":{"@id":"https:\/\/canal7slp.tv\/2019\/#website"},"primaryImageOfPage":{"@id":"https:\/\/canal7slp.tv\/2019\/logra-fiscalia-prision-preventiva-a-presunto-homicida-de-policia-rural\/#primaryimage"},"image":{"@id":"https:\/\/canal7slp.tv\/2019\/logra-fiscalia-prision-preventiva-a-presunto-homicida-de-policia-rural\/#primaryimage"},"thumbnailUrl":"https:\/\/canal7slp.tv\/2019\/wp-content\/uploads\/2019\/08\/zz2-6.jpg","datePublished":"2019-08-15T23:40:56+00:00","breadcrumb":{"@id":"https:\/\/canal7slp.tv\/2019\/logra-fiscalia-prision-preventiva-a-presunto-homicida-de-policia-rural\/#breadcrumb"},"inLanguage":"es","potentialAction":[{"@type":"ReadAction","target":["https:\/\/canal7slp.tv\/2019\/logra-fiscalia-prision-preventiva-a-presunto-homicida-de-policia-rural\/"]}]},{"@type":"ImageObject","inLanguage":"es","@id":"https:\/\/canal7slp.tv\/2019\/logra-fiscalia-prision-preventiva-a-presunto-homicida-de-policia-rural\/#primaryimage","url":"https:\/\/canal7slp.tv\/2019\/wp-content\/uploads\/2019\/08\/zz2-6.jpg","contentUrl":"https:\/\/canal7slp.tv\/2019\/wp-content\/uploads\/2019\/08\/zz2-6.jpg","width":447,"height":558},{"@type":"BreadcrumbList","@id":"https:\/\/canal7slp.tv\/2019\/logra-fiscalia-prision-preventiva-a-presunto-homicida-de-policia-rural\/#breadcrumb","itemListElement":[{"@type":"ListItem","position":1,"name":"Home","item":"https:\/\/canal7slp.tv\/2019\/"},{"@type":"ListItem","position":2,"name":"Logra Fiscal\u00eda prisi\u00f3n preventiva a presunto homicida de polic\u00eda rural"}]},{"@type":"WebSite","@id":"https:\/\/canal7slp.tv\/2019\/#website","url":"https:\/\/canal7slp.tv\/2019\/","name":"Canal 7 SLP - Somos TV","description":"Somos un Canal de 10","publisher":{"@id":"https:\/\/canal7slp.tv\/2019\/#organization"},"potentialAction":[{"@type":"SearchAction","target":{"@type":"EntryPoint","urlTemplate":"https:\/\/canal7slp.tv\/2019\/?s={search_term_string}"},"query-input":{"@type":"PropertyValueSpecification","valueRequired":true,"valueName":"search_term_string"}}],"inLanguage":"es"},{"@type":"Organization","@id":"https:\/\/canal7slp.tv\/2019\/#organization","name":"Comunicaci\u00f3n 2000 S.A. de C.V.","url":"https:\/\/canal7slp.tv\/2019\/","logo":{"@type":"ImageObject","inLanguage":"es","@id":"https:\/\/canal7slp.tv\/2019\/#\/schema\/logo\/image\/","url":"https:\/\/canal7slp.tv\/2019\/wp-content\/uploads\/2019\/07\/logo-c7.png","contentUrl":"https:\/\/canal7slp.tv\/2019\/wp-content\/uploads\/2019\/07\/logo-c7.png","width":220,"height":60,"caption":"Comunicaci\u00f3n 2000 S.A. de C.V."},"image":{"@id":"https:\/\/canal7slp.tv\/2019\/#\/schema\/logo\/image\/"},"sameAs":["https:\/\/www.facebook.com\/CANAL7SLP\/","https:\/\/x.com\/canal7_slp","https:\/\/www.instagram.com\/canal7_slp","https:\/\/www.youtube.com\/user\/NOTICIEROSCANAL7SLP\/"]},{"@type":"Person","@id":"https:\/\/canal7slp.tv\/2019\/#\/schema\/person\/11d941c1c6ca30ac0a46b95fa37aa2e3","name":"edicionweb","image":{"@type":"ImageObject","inLanguage":"es","@id":"https:\/\/secure.gravatar.com\/avatar\/eee448fc3f7164808013b816ba91ac7e43bbe82a70bebac296f8bc6f0addaa1a?s=96&d=mm&r=g","url":"https:\/\/secure.gravatar.com\/avatar\/eee448fc3f7164808013b816ba91ac7e43bbe82a70bebac296f8bc6f0addaa1a?s=96&d=mm&r=g","contentUrl":"https:\/\/secure.gravatar.com\/avatar\/eee448fc3f7164808013b816ba91ac7e43bbe82a70bebac296f8bc6f0addaa1a?s=96&d=mm&r=g","caption":"edicionweb"}}]}},"amp_enabled":true,"cmb2":{"video_ids_in_playlist":{"vid_p_videos":""},"video_ids_in_channel":{"vid_c_videos":""},"playlist_ids_in_channel":{"vid_c_playlists":""},"series_ids_in_channel":{"vid_c_series":""},"channel_images":{"vid_c_logo":"","vid_c_banner":""},"poster_feature_image":{"vid_m_poster_image":""},"gif_feature_image":{"vid_m_gif_image":""},"video_movie_settings":{"vid_m_director":"","vid_m_actor":"","vid_m_imdb_ratings":"","vid_m_amazon_associates":""},"vid_youtube_broadcasts_settings":{"vid_yb_broadcast_title":"","vid_yb_q":"","vid_yb_channelid":"","vid_yb_videocategoryid":"","vid_yb_maxresults":"","vid_yb_order":"","vid_yb_regioncode":"","vid_yb_videosyndicated":"","vid_yb_style":"","vid_yb_reload_first":""},"video_series_settings":{"vid_m_director":"","vid_m_actor":"","vid_m_imdb_ratings":"","video_series_group":""},"amazon_associates_settings":{"amazon_associates":"","amazon_native_ad":""},"vid_youtube_automatic_settings":{"vid_ya_youtube_source":"","vid_ya_update_every":"","vid_ya_update_unit":"","vid_ya_categories":"","vid_ya_published_after":"","vid_ya_published_before":"","vid_ya_playlists":"","vid_ya_channels":"","vid_ya_director":"","vid_ya_actor":"","vid_ya_author":"","vid_ya_import_post_date":"","vid_ya_status":"","vid_ya_sub_api_key":""},"vid_ads_m_videoads_settings_post":{"vid_ads_m_video_ads":"","vid_ads_m_video_ads_type":"","vid_ads_m_group_google_ima":"","vid_ads_m_group_image":"","vid_ads_m_group_html5_video":"","vid_ads_m_group_html":"","vid_ads_m_vast_preroll":"","vid_ads_m_vast_postroll":"","vid_ads_m_vast_pauseroll":"","vid_ads_m_vast_midroll":[{"vid_ads_m_vast_timer_seconds":"50"}],"vid_ads_m_time_to_show_ads":"","vid_ads_m_time_skip_ads":"","vid_ads_m_time_to_hide_ads":""},"page_slider_settings":{"display_slider_group":"","page_slider_group":""},"blog_page_settings":{"blog_page_title":"","blog_page_heading":"","blog_page_ic":"","blog_page_it":"","blog_page_ec":"","blog_page_ip":"","archive_loop_style":"","blog_image_ratio":"","blog_show_categories":"","blog_show_excerpt":"","blog_show_author":"","blog_show_date":"","blog_show_comment_count":"","blog_show_view_count":"","blog_show_like_count":"","blog_show_dislike_count":"","blog_items_per_page":"","blog_pag_type":""},"page_options":{"get_page_template":"","color_mode":"","main_layout":"","main_layout_full_with":"","main_logo":"","main_logo_retina":"","main_logo_mobile":"","main_logo_mobile_retina":"","sticky_logo":"","sticky_logo_retina":"","main_nav_layout":"","ajax_search":"","header_background":"","theme_sidebar":"","instagram_feed":"","instagram_feed_position":"","popular_videos":"","popular_videos_title_1":"","popular_videos_title_2":"","popular_videos_ic":"","popular_videos_it":"","theme_background":"","page_custom_css":""},"feature_image_settings":{"feature_image_position":""},"video_player_settings":{"single_video_style":"","video_player_position":"","vm_video_url":"","video_player_library":"","video_streaming":"","vm_media_sources":"","vid_auto_play":"","vm_video_shortcode":"","vid_p_sync_playlist":"","vid_c_sync_channel":"","get_post_format":"","multiple_links_structure":"default","multi_links_title":"","vm_video_multi_links":"","vm_duration":"","vid_social_locker":"off","vid_social_locker_id":"","vid_membership_action":"content-video","vm_video_trailer_url":"","vid_download_type":"free","vid_download_target":"download","vid_woo_product":"","vm_media_download":"","user_rating":"","user_rating_position":"","user_rating_mode":"","user_rating_multi_sets":""},"video_auto_fetch_settings":{"vm_video_fetch":"on"},"video_fake_views_likes":{"vm_fake_views":"","vm_fake_likes":"","vm_fake_dislikes":""},"gallery_settings":{"gallery_position":""},"quote_settings":{"quote_position":""},"post_options":{"main_layout":"","main_logo":"","main_logo_retina":"","main_logo_mobile":"","main_logo_mobile_retina":"","sticky_logo":"","sticky_logo_retina":"","main_nav_layout":"","header_background":"","theme_sidebar":"","single_post_comment_type":"","theme_background":""}},"_links":{"self":[{"href":"https:\/\/canal7slp.tv\/2019\/wp-json\/wp\/v2\/posts\/50329","targetHints":{"allow":["GET"]}}],"collection":[{"href":"https:\/\/canal7slp.tv\/2019\/wp-json\/wp\/v2\/posts"}],"about":[{"href":"https:\/\/canal7slp.tv\/2019\/wp-json\/wp\/v2\/types\/post"}],"author":[{"embeddable":true,"href":"https:\/\/canal7slp.tv\/2019\/wp-json\/wp\/v2\/users\/2"}],"replies":[{"embeddable":true,"href":"https:\/\/canal7slp.tv\/2019\/wp-json\/wp\/v2\/comments?post=50329"}],"version-history":[{"count":0,"href":"https:\/\/canal7slp.tv\/2019\/wp-json\/wp\/v2\/posts\/50329\/revisions"}],"wp:featuredmedia":[{"embeddable":true,"href":"https:\/\/canal7slp.tv\/2019\/wp-json\/wp\/v2\/media\/50330"}],"wp:attachment":[{"href":"https:\/\/canal7slp.tv\/2019\/wp-json\/wp\/v2\/media?parent=50329"}],"wp:term":[{"taxonomy":"category","embeddable":true,"href":"https:\/\/canal7slp.tv\/2019\/wp-json\/wp\/v2\/categories?post=50329"},{"taxonomy":"post_tag","embeddable":true,"href":"https:\/\/canal7slp.tv\/2019\/wp-json\/wp\/v2\/tags?post=50329"}],"curies":[{"name":"wp","href":"https:\/\/api.w.org\/{rel}","templated":true}]}}