{"id":49169,"date":"2019-08-13T19:36:30","date_gmt":"2019-08-14T00:36:30","guid":{"rendered":"https:\/\/canal7slp.tv\/2019\/?p=49169"},"modified":"2019-08-13T19:36:30","modified_gmt":"2019-08-14T00:36:30","slug":"imes-realizara-foro-interdisciplinario-para-prevenir-y-atender-la-violencia-obstetrica-2","status":"publish","type":"post","link":"https:\/\/canal7slp.tv\/2019\/imes-realizara-foro-interdisciplinario-para-prevenir-y-atender-la-violencia-obstetrica-2\/","title":{"rendered":"IMES realizar\u00e1 Foro Interdisciplinario para prevenir y atender la violencia obst\u00e9trica"},"content":{"rendered":"<p style=\"text-align: justify;\">SLP.- Este mi\u00e9rcoles 14 de agosto, se llevar\u00e1 a cabo el Foro Interdisciplinario para Prevenir y Atender la Violencia Obst\u00e9trica en el Centro Cultural Universitario Bicentenario (CC200), inform\u00f3 la Directora General del Instituto de las Mujeres del Estado de San Luis Potos\u00ed (IMES), Erika Vel\u00e1zquez Guti\u00e9rrez.<\/p>\n<p style=\"text-align: justify;\">La funcionaria estatal, invit\u00f3 al personal que trabaja en instituciones de los tres niveles de gobierno, procuraci\u00f3n de justicia, salud o derechos humanos, o bien, a quienes tengan inter\u00e9s en aprender m\u00e1s del tema de la atenci\u00f3n y prevenci\u00f3n de la Violencia Obst\u00e9trica, a que se registren en el tel\u00e9fono celular 4442 84 25 93 o al correo electr\u00f3nico gamezb@hotmail.com.<\/p>\n<p style=\"text-align: justify;\">Erika Vel\u00e1zquez dijo que, el foro arrancar\u00e1 a las 8:00 horas con el registro, a las 9:00 horas se llevar\u00e1 a cabo la inauguraci\u00f3n, y enseguida se instalar\u00e1n las mesas de trabajo con el tema de salud, mismas que ser\u00e1n presididas por Paulo Meade Trevi\u00f1o, Coordinador de salud Materna de la Federaci\u00f3n Latinoamericana de Sociedades de Obstetricia y Ginecolog\u00eda; el M\u00e9dico Cirujano Marco Antonio V\u00e1zquez Rosales, Especialista en Medicina Familiar de la Profesi\u00f3n M\u00e9dica del Estado; la Trabajadora Social Martina Ch\u00e1vez Rivera, del Colegio Potosino de Profesionales de Trabajo Social A.C.; as\u00ed como de Ricardo G\u00e1mez Barbosa, del Colegio de Enfermer\u00eda de San Luis Potos\u00ed.<\/p>\n<p style=\"text-align: justify;\">Tambi\u00e9n coment\u00f3 que el programa de trabajo contempla un panel de experiencias de trabajo con las mujeres y j\u00f3venes de la micro regi\u00f3n Huasteca Centro, a cargo de Juana Mart\u00ednez Enr\u00edquez, Sandra Hern\u00e1ndez Mart\u00ednez y Yanen Espinosa Isabel, as\u00ed como de profesionistas del M\u00f3dulo Fijo de Atenci\u00f3n Integral para las Mujeres del municipio de Tancanhuitz participar\u00e1n compartiendo sus conocimientos en el tema.<\/p>\n<p style=\"text-align: justify;\">Por \u00faltimo, se llevar\u00e1 a cabo la mesa de las instituciones que ser\u00e1 presidida por Erika Vel\u00e1zquez Guti\u00e9rrez, Directora General del Instituto de las Mujeres del Estado de San Luis Potos\u00ed, Juana Mar\u00eda Castillo Ortega, Fiscal Especializada para la Atenci\u00f3n de la Mujer, la Familia y Delitos Sexuales, Urenda Queletzu Navarro S\u00e1nchez, profesora investigadora de la Universidad Aut\u00f3noma de San Luis Potos\u00ed y Jorge Andr\u00e9s L\u00f3pez Espinoza, Presidente de la Comisi\u00f3n Estatal de Derechos Humanos.<\/p>\n<p style=\"text-align: justify;\">Para mayores informes las personas interesadas en participar en el foro puede comunicarse al tel\u00e9fono: 144 29 20 en horario de 8:00 a 20:00 horas o bien visitar las redes sociales en Facebook: Instituto de las Mujeres del Estado de San Luis Potos\u00ed y Twitter@IMESSLP.<\/p>\n<p style=\"text-align: justify;\">En este foro participar\u00e1n el Colegio de Enfermer\u00eda y de la Profesi\u00f3n M\u00e9dica de San Luis Potos\u00ed, el Colegio Potosino de Profesionistas de Trabajo Social, la Federaci\u00f3n Latinoamericana de Sociedades de Obstetricia y Ginecolog\u00eda, la Fiscal\u00eda General del Estado, el Instituto de las Mujeres del Estado y la Comisi\u00f3n Estatal de Derechos Humanos.<\/p>\n","protected":false},"excerpt":{"rendered":"<p>SLP.- Este mi\u00e9rcoles 14 de agosto, se llevar\u00e1 a cabo el Foro Interdisciplinario para Prevenir y Atender la Violencia Obst\u00e9trica en el Centro Cultural Universitario Bicentenario (CC200), inform\u00f3 la Directora General del Instituto de las Mujeres del Estado de San Luis Potos\u00ed (IMES), Erika Vel\u00e1zquez Guti\u00e9rrez. La funcionaria estatal, invit\u00f3 al personal que trabaja en [&hellip;]<\/p>\n","protected":false},"author":2,"featured_media":49171,"comment_status":"open","ping_status":"closed","sticky":false,"template":"","format":"standard","meta":{"footnotes":""},"categories":[17],"tags":[],"class_list":["post-49169","post","type-post","status-publish","format-standard","has-post-thumbnail","hentry","category-localesyregionales"],"yoast_head":"<!-- This site is optimized with the Yoast SEO plugin v27.4 - https:\/\/yoast.com\/product\/yoast-seo-wordpress\/ -->\n<title>IMES realizar\u00e1 Foro Interdisciplinario para prevenir y atender la violencia obst\u00e9trica - Canal 7 SLP - 2019<\/title>\n<meta name=\"robots\" content=\"index, follow, max-snippet:-1, max-image-preview:large, max-video-preview:-1\" \/>\n<link rel=\"canonical\" href=\"https:\/\/canal7slp.tv\/2019\/imes-realizara-foro-interdisciplinario-para-prevenir-y-atender-la-violencia-obstetrica-2\/\" \/>\n<meta property=\"og:locale\" content=\"es_ES\" \/>\n<meta property=\"og:type\" content=\"article\" \/>\n<meta property=\"og:title\" content=\"IMES realizar\u00e1 Foro Interdisciplinario para prevenir y atender la violencia obst\u00e9trica - Canal 7 SLP - 2019\" \/>\n<meta property=\"og:description\" content=\"SLP.- Este mi\u00e9rcoles 14 de agosto, se llevar\u00e1 a cabo el Foro Interdisciplinario para Prevenir y Atender la Violencia Obst\u00e9trica en el Centro Cultural Universitario Bicentenario (CC200), inform\u00f3 la Directora General del Instituto de las Mujeres del Estado de San Luis Potos\u00ed (IMES), Erika Vel\u00e1zquez Guti\u00e9rrez. La funcionaria estatal, invit\u00f3 al personal que trabaja en [&hellip;]\" \/>\n<meta property=\"og:url\" content=\"https:\/\/canal7slp.tv\/2019\/imes-realizara-foro-interdisciplinario-para-prevenir-y-atender-la-violencia-obstetrica-2\/\" \/>\n<meta property=\"og:site_name\" content=\"Canal 7 SLP - 2019\" \/>\n<meta property=\"article:publisher\" content=\"https:\/\/www.facebook.com\/CANAL7SLP\/\" \/>\n<meta property=\"article:published_time\" content=\"2019-08-14T00:36:30+00:00\" \/>\n<meta property=\"og:image\" content=\"https:\/\/canal7slp.tv\/2019\/wp-content\/uploads\/2019\/08\/g5-5.jpg\" \/>\n\t<meta property=\"og:image:width\" content=\"800\" \/>\n\t<meta property=\"og:image:height\" content=\"520\" \/>\n\t<meta property=\"og:image:type\" content=\"image\/jpeg\" \/>\n<meta name=\"author\" content=\"edicionweb\" \/>\n<meta name=\"twitter:card\" content=\"summary_large_image\" \/>\n<meta name=\"twitter:creator\" content=\"@canal7_slp\" \/>\n<meta name=\"twitter:site\" content=\"@canal7_slp\" \/>\n<meta name=\"twitter:label1\" content=\"Escrito por\" \/>\n\t<meta name=\"twitter:data1\" content=\"edicionweb\" \/>\n\t<meta name=\"twitter:label2\" content=\"Tiempo de lectura\" \/>\n\t<meta name=\"twitter:data2\" content=\"2 minutos\" \/>\n<script type=\"application\/ld+json\" class=\"yoast-schema-graph\">{\"@context\":\"https:\\\/\\\/schema.org\",\"@graph\":[{\"@type\":\"Article\",\"@id\":\"https:\\\/\\\/canal7slp.tv\\\/2019\\\/imes-realizara-foro-interdisciplinario-para-prevenir-y-atender-la-violencia-obstetrica-2\\\/#article\",\"isPartOf\":{\"@id\":\"https:\\\/\\\/canal7slp.tv\\\/2019\\\/imes-realizara-foro-interdisciplinario-para-prevenir-y-atender-la-violencia-obstetrica-2\\\/\"},\"author\":{\"name\":\"edicionweb\",\"@id\":\"https:\\\/\\\/canal7slp.tv\\\/2019\\\/#\\\/schema\\\/person\\\/11d941c1c6ca30ac0a46b95fa37aa2e3\"},\"headline\":\"IMES realizar\u00e1 Foro Interdisciplinario para prevenir y atender la violencia obst\u00e9trica\",\"datePublished\":\"2019-08-14T00:36:30+00:00\",\"mainEntityOfPage\":{\"@id\":\"https:\\\/\\\/canal7slp.tv\\\/2019\\\/imes-realizara-foro-interdisciplinario-para-prevenir-y-atender-la-violencia-obstetrica-2\\\/\"},\"wordCount\":505,\"commentCount\":0,\"publisher\":{\"@id\":\"https:\\\/\\\/canal7slp.tv\\\/2019\\\/#organization\"},\"image\":{\"@id\":\"https:\\\/\\\/canal7slp.tv\\\/2019\\\/imes-realizara-foro-interdisciplinario-para-prevenir-y-atender-la-violencia-obstetrica-2\\\/#primaryimage\"},\"thumbnailUrl\":\"https:\\\/\\\/canal7slp.tv\\\/2019\\\/wp-content\\\/uploads\\\/2019\\\/08\\\/g5-5.jpg\",\"articleSection\":[\"LOCALES Y REGIONALES\"],\"inLanguage\":\"es\",\"potentialAction\":[{\"@type\":\"CommentAction\",\"name\":\"Comment\",\"target\":[\"https:\\\/\\\/canal7slp.tv\\\/2019\\\/imes-realizara-foro-interdisciplinario-para-prevenir-y-atender-la-violencia-obstetrica-2\\\/#respond\"]}]},{\"@type\":\"WebPage\",\"@id\":\"https:\\\/\\\/canal7slp.tv\\\/2019\\\/imes-realizara-foro-interdisciplinario-para-prevenir-y-atender-la-violencia-obstetrica-2\\\/\",\"url\":\"https:\\\/\\\/canal7slp.tv\\\/2019\\\/imes-realizara-foro-interdisciplinario-para-prevenir-y-atender-la-violencia-obstetrica-2\\\/\",\"name\":\"IMES realizar\u00e1 Foro Interdisciplinario para prevenir y atender la violencia obst\u00e9trica - Canal 7 SLP - 2019\",\"isPartOf\":{\"@id\":\"https:\\\/\\\/canal7slp.tv\\\/2019\\\/#website\"},\"primaryImageOfPage\":{\"@id\":\"https:\\\/\\\/canal7slp.tv\\\/2019\\\/imes-realizara-foro-interdisciplinario-para-prevenir-y-atender-la-violencia-obstetrica-2\\\/#primaryimage\"},\"image\":{\"@id\":\"https:\\\/\\\/canal7slp.tv\\\/2019\\\/imes-realizara-foro-interdisciplinario-para-prevenir-y-atender-la-violencia-obstetrica-2\\\/#primaryimage\"},\"thumbnailUrl\":\"https:\\\/\\\/canal7slp.tv\\\/2019\\\/wp-content\\\/uploads\\\/2019\\\/08\\\/g5-5.jpg\",\"datePublished\":\"2019-08-14T00:36:30+00:00\",\"breadcrumb\":{\"@id\":\"https:\\\/\\\/canal7slp.tv\\\/2019\\\/imes-realizara-foro-interdisciplinario-para-prevenir-y-atender-la-violencia-obstetrica-2\\\/#breadcrumb\"},\"inLanguage\":\"es\",\"potentialAction\":[{\"@type\":\"ReadAction\",\"target\":[\"https:\\\/\\\/canal7slp.tv\\\/2019\\\/imes-realizara-foro-interdisciplinario-para-prevenir-y-atender-la-violencia-obstetrica-2\\\/\"]}]},{\"@type\":\"ImageObject\",\"inLanguage\":\"es\",\"@id\":\"https:\\\/\\\/canal7slp.tv\\\/2019\\\/imes-realizara-foro-interdisciplinario-para-prevenir-y-atender-la-violencia-obstetrica-2\\\/#primaryimage\",\"url\":\"https:\\\/\\\/canal7slp.tv\\\/2019\\\/wp-content\\\/uploads\\\/2019\\\/08\\\/g5-5.jpg\",\"contentUrl\":\"https:\\\/\\\/canal7slp.tv\\\/2019\\\/wp-content\\\/uploads\\\/2019\\\/08\\\/g5-5.jpg\",\"width\":800,\"height\":520},{\"@type\":\"BreadcrumbList\",\"@id\":\"https:\\\/\\\/canal7slp.tv\\\/2019\\\/imes-realizara-foro-interdisciplinario-para-prevenir-y-atender-la-violencia-obstetrica-2\\\/#breadcrumb\",\"itemListElement\":[{\"@type\":\"ListItem\",\"position\":1,\"name\":\"Home\",\"item\":\"https:\\\/\\\/canal7slp.tv\\\/2019\\\/\"},{\"@type\":\"ListItem\",\"position\":2,\"name\":\"IMES realizar\u00e1 Foro Interdisciplinario para prevenir y atender la violencia obst\u00e9trica\"}]},{\"@type\":\"WebSite\",\"@id\":\"https:\\\/\\\/canal7slp.tv\\\/2019\\\/#website\",\"url\":\"https:\\\/\\\/canal7slp.tv\\\/2019\\\/\",\"name\":\"Canal 7 SLP - Somos TV\",\"description\":\"Somos un Canal de 10\",\"publisher\":{\"@id\":\"https:\\\/\\\/canal7slp.tv\\\/2019\\\/#organization\"},\"potentialAction\":[{\"@type\":\"SearchAction\",\"target\":{\"@type\":\"EntryPoint\",\"urlTemplate\":\"https:\\\/\\\/canal7slp.tv\\\/2019\\\/?s={search_term_string}\"},\"query-input\":{\"@type\":\"PropertyValueSpecification\",\"valueRequired\":true,\"valueName\":\"search_term_string\"}}],\"inLanguage\":\"es\"},{\"@type\":\"Organization\",\"@id\":\"https:\\\/\\\/canal7slp.tv\\\/2019\\\/#organization\",\"name\":\"Comunicaci\u00f3n 2000 S.A. de C.V.\",\"url\":\"https:\\\/\\\/canal7slp.tv\\\/2019\\\/\",\"logo\":{\"@type\":\"ImageObject\",\"inLanguage\":\"es\",\"@id\":\"https:\\\/\\\/canal7slp.tv\\\/2019\\\/#\\\/schema\\\/logo\\\/image\\\/\",\"url\":\"https:\\\/\\\/canal7slp.tv\\\/2019\\\/wp-content\\\/uploads\\\/2019\\\/07\\\/logo-c7.png\",\"contentUrl\":\"https:\\\/\\\/canal7slp.tv\\\/2019\\\/wp-content\\\/uploads\\\/2019\\\/07\\\/logo-c7.png\",\"width\":220,\"height\":60,\"caption\":\"Comunicaci\u00f3n 2000 S.A. de C.V.\"},\"image\":{\"@id\":\"https:\\\/\\\/canal7slp.tv\\\/2019\\\/#\\\/schema\\\/logo\\\/image\\\/\"},\"sameAs\":[\"https:\\\/\\\/www.facebook.com\\\/CANAL7SLP\\\/\",\"https:\\\/\\\/x.com\\\/canal7_slp\",\"https:\\\/\\\/www.instagram.com\\\/canal7_slp\",\"https:\\\/\\\/www.youtube.com\\\/user\\\/NOTICIEROSCANAL7SLP\\\/\"]},{\"@type\":\"Person\",\"@id\":\"https:\\\/\\\/canal7slp.tv\\\/2019\\\/#\\\/schema\\\/person\\\/11d941c1c6ca30ac0a46b95fa37aa2e3\",\"name\":\"edicionweb\",\"image\":{\"@type\":\"ImageObject\",\"inLanguage\":\"es\",\"@id\":\"https:\\\/\\\/secure.gravatar.com\\\/avatar\\\/eee448fc3f7164808013b816ba91ac7e43bbe82a70bebac296f8bc6f0addaa1a?s=96&d=mm&r=g\",\"url\":\"https:\\\/\\\/secure.gravatar.com\\\/avatar\\\/eee448fc3f7164808013b816ba91ac7e43bbe82a70bebac296f8bc6f0addaa1a?s=96&d=mm&r=g\",\"contentUrl\":\"https:\\\/\\\/secure.gravatar.com\\\/avatar\\\/eee448fc3f7164808013b816ba91ac7e43bbe82a70bebac296f8bc6f0addaa1a?s=96&d=mm&r=g\",\"caption\":\"edicionweb\"}}]}<\/script>\n<!-- \/ Yoast SEO plugin. -->","yoast_head_json":{"title":"IMES realizar\u00e1 Foro Interdisciplinario para prevenir y atender la violencia obst\u00e9trica - Canal 7 SLP - 2019","robots":{"index":"index","follow":"follow","max-snippet":"max-snippet:-1","max-image-preview":"max-image-preview:large","max-video-preview":"max-video-preview:-1"},"canonical":"https:\/\/canal7slp.tv\/2019\/imes-realizara-foro-interdisciplinario-para-prevenir-y-atender-la-violencia-obstetrica-2\/","og_locale":"es_ES","og_type":"article","og_title":"IMES realizar\u00e1 Foro Interdisciplinario para prevenir y atender la violencia obst\u00e9trica - Canal 7 SLP - 2019","og_description":"SLP.- Este mi\u00e9rcoles 14 de agosto, se llevar\u00e1 a cabo el Foro Interdisciplinario para Prevenir y Atender la Violencia Obst\u00e9trica en el Centro Cultural Universitario Bicentenario (CC200), inform\u00f3 la Directora General del Instituto de las Mujeres del Estado de San Luis Potos\u00ed (IMES), Erika Vel\u00e1zquez Guti\u00e9rrez. La funcionaria estatal, invit\u00f3 al personal que trabaja en [&hellip;]","og_url":"https:\/\/canal7slp.tv\/2019\/imes-realizara-foro-interdisciplinario-para-prevenir-y-atender-la-violencia-obstetrica-2\/","og_site_name":"Canal 7 SLP - 2019","article_publisher":"https:\/\/www.facebook.com\/CANAL7SLP\/","article_published_time":"2019-08-14T00:36:30+00:00","og_image":[{"width":800,"height":520,"url":"https:\/\/canal7slp.tv\/2019\/wp-content\/uploads\/2019\/08\/g5-5.jpg","type":"image\/jpeg"}],"author":"edicionweb","twitter_card":"summary_large_image","twitter_creator":"@canal7_slp","twitter_site":"@canal7_slp","twitter_misc":{"Escrito por":"edicionweb","Tiempo de lectura":"2 minutos"},"schema":{"@context":"https:\/\/schema.org","@graph":[{"@type":"Article","@id":"https:\/\/canal7slp.tv\/2019\/imes-realizara-foro-interdisciplinario-para-prevenir-y-atender-la-violencia-obstetrica-2\/#article","isPartOf":{"@id":"https:\/\/canal7slp.tv\/2019\/imes-realizara-foro-interdisciplinario-para-prevenir-y-atender-la-violencia-obstetrica-2\/"},"author":{"name":"edicionweb","@id":"https:\/\/canal7slp.tv\/2019\/#\/schema\/person\/11d941c1c6ca30ac0a46b95fa37aa2e3"},"headline":"IMES realizar\u00e1 Foro Interdisciplinario para prevenir y atender la violencia obst\u00e9trica","datePublished":"2019-08-14T00:36:30+00:00","mainEntityOfPage":{"@id":"https:\/\/canal7slp.tv\/2019\/imes-realizara-foro-interdisciplinario-para-prevenir-y-atender-la-violencia-obstetrica-2\/"},"wordCount":505,"commentCount":0,"publisher":{"@id":"https:\/\/canal7slp.tv\/2019\/#organization"},"image":{"@id":"https:\/\/canal7slp.tv\/2019\/imes-realizara-foro-interdisciplinario-para-prevenir-y-atender-la-violencia-obstetrica-2\/#primaryimage"},"thumbnailUrl":"https:\/\/canal7slp.tv\/2019\/wp-content\/uploads\/2019\/08\/g5-5.jpg","articleSection":["LOCALES Y REGIONALES"],"inLanguage":"es","potentialAction":[{"@type":"CommentAction","name":"Comment","target":["https:\/\/canal7slp.tv\/2019\/imes-realizara-foro-interdisciplinario-para-prevenir-y-atender-la-violencia-obstetrica-2\/#respond"]}]},{"@type":"WebPage","@id":"https:\/\/canal7slp.tv\/2019\/imes-realizara-foro-interdisciplinario-para-prevenir-y-atender-la-violencia-obstetrica-2\/","url":"https:\/\/canal7slp.tv\/2019\/imes-realizara-foro-interdisciplinario-para-prevenir-y-atender-la-violencia-obstetrica-2\/","name":"IMES realizar\u00e1 Foro Interdisciplinario para prevenir y atender la violencia obst\u00e9trica - Canal 7 SLP - 2019","isPartOf":{"@id":"https:\/\/canal7slp.tv\/2019\/#website"},"primaryImageOfPage":{"@id":"https:\/\/canal7slp.tv\/2019\/imes-realizara-foro-interdisciplinario-para-prevenir-y-atender-la-violencia-obstetrica-2\/#primaryimage"},"image":{"@id":"https:\/\/canal7slp.tv\/2019\/imes-realizara-foro-interdisciplinario-para-prevenir-y-atender-la-violencia-obstetrica-2\/#primaryimage"},"thumbnailUrl":"https:\/\/canal7slp.tv\/2019\/wp-content\/uploads\/2019\/08\/g5-5.jpg","datePublished":"2019-08-14T00:36:30+00:00","breadcrumb":{"@id":"https:\/\/canal7slp.tv\/2019\/imes-realizara-foro-interdisciplinario-para-prevenir-y-atender-la-violencia-obstetrica-2\/#breadcrumb"},"inLanguage":"es","potentialAction":[{"@type":"ReadAction","target":["https:\/\/canal7slp.tv\/2019\/imes-realizara-foro-interdisciplinario-para-prevenir-y-atender-la-violencia-obstetrica-2\/"]}]},{"@type":"ImageObject","inLanguage":"es","@id":"https:\/\/canal7slp.tv\/2019\/imes-realizara-foro-interdisciplinario-para-prevenir-y-atender-la-violencia-obstetrica-2\/#primaryimage","url":"https:\/\/canal7slp.tv\/2019\/wp-content\/uploads\/2019\/08\/g5-5.jpg","contentUrl":"https:\/\/canal7slp.tv\/2019\/wp-content\/uploads\/2019\/08\/g5-5.jpg","width":800,"height":520},{"@type":"BreadcrumbList","@id":"https:\/\/canal7slp.tv\/2019\/imes-realizara-foro-interdisciplinario-para-prevenir-y-atender-la-violencia-obstetrica-2\/#breadcrumb","itemListElement":[{"@type":"ListItem","position":1,"name":"Home","item":"https:\/\/canal7slp.tv\/2019\/"},{"@type":"ListItem","position":2,"name":"IMES realizar\u00e1 Foro Interdisciplinario para prevenir y atender la violencia obst\u00e9trica"}]},{"@type":"WebSite","@id":"https:\/\/canal7slp.tv\/2019\/#website","url":"https:\/\/canal7slp.tv\/2019\/","name":"Canal 7 SLP - Somos TV","description":"Somos un Canal de 10","publisher":{"@id":"https:\/\/canal7slp.tv\/2019\/#organization"},"potentialAction":[{"@type":"SearchAction","target":{"@type":"EntryPoint","urlTemplate":"https:\/\/canal7slp.tv\/2019\/?s={search_term_string}"},"query-input":{"@type":"PropertyValueSpecification","valueRequired":true,"valueName":"search_term_string"}}],"inLanguage":"es"},{"@type":"Organization","@id":"https:\/\/canal7slp.tv\/2019\/#organization","name":"Comunicaci\u00f3n 2000 S.A. de C.V.","url":"https:\/\/canal7slp.tv\/2019\/","logo":{"@type":"ImageObject","inLanguage":"es","@id":"https:\/\/canal7slp.tv\/2019\/#\/schema\/logo\/image\/","url":"https:\/\/canal7slp.tv\/2019\/wp-content\/uploads\/2019\/07\/logo-c7.png","contentUrl":"https:\/\/canal7slp.tv\/2019\/wp-content\/uploads\/2019\/07\/logo-c7.png","width":220,"height":60,"caption":"Comunicaci\u00f3n 2000 S.A. de C.V."},"image":{"@id":"https:\/\/canal7slp.tv\/2019\/#\/schema\/logo\/image\/"},"sameAs":["https:\/\/www.facebook.com\/CANAL7SLP\/","https:\/\/x.com\/canal7_slp","https:\/\/www.instagram.com\/canal7_slp","https:\/\/www.youtube.com\/user\/NOTICIEROSCANAL7SLP\/"]},{"@type":"Person","@id":"https:\/\/canal7slp.tv\/2019\/#\/schema\/person\/11d941c1c6ca30ac0a46b95fa37aa2e3","name":"edicionweb","image":{"@type":"ImageObject","inLanguage":"es","@id":"https:\/\/secure.gravatar.com\/avatar\/eee448fc3f7164808013b816ba91ac7e43bbe82a70bebac296f8bc6f0addaa1a?s=96&d=mm&r=g","url":"https:\/\/secure.gravatar.com\/avatar\/eee448fc3f7164808013b816ba91ac7e43bbe82a70bebac296f8bc6f0addaa1a?s=96&d=mm&r=g","contentUrl":"https:\/\/secure.gravatar.com\/avatar\/eee448fc3f7164808013b816ba91ac7e43bbe82a70bebac296f8bc6f0addaa1a?s=96&d=mm&r=g","caption":"edicionweb"}}]}},"amp_enabled":true,"cmb2":{"video_ids_in_playlist":{"vid_p_videos":""},"video_ids_in_channel":{"vid_c_videos":""},"playlist_ids_in_channel":{"vid_c_playlists":""},"series_ids_in_channel":{"vid_c_series":""},"channel_images":{"vid_c_logo":"","vid_c_banner":""},"poster_feature_image":{"vid_m_poster_image":""},"gif_feature_image":{"vid_m_gif_image":""},"video_movie_settings":{"vid_m_director":"","vid_m_actor":"","vid_m_imdb_ratings":"","vid_m_amazon_associates":""},"vid_youtube_broadcasts_settings":{"vid_yb_broadcast_title":"","vid_yb_q":"","vid_yb_channelid":"","vid_yb_videocategoryid":"","vid_yb_maxresults":"","vid_yb_order":"","vid_yb_regioncode":"","vid_yb_videosyndicated":"","vid_yb_style":"","vid_yb_reload_first":""},"video_series_settings":{"vid_m_director":"","vid_m_actor":"","vid_m_imdb_ratings":"","video_series_group":""},"amazon_associates_settings":{"amazon_associates":"","amazon_native_ad":""},"vid_youtube_automatic_settings":{"vid_ya_youtube_source":"","vid_ya_update_every":"","vid_ya_update_unit":"","vid_ya_categories":"","vid_ya_published_after":"","vid_ya_published_before":"","vid_ya_playlists":"","vid_ya_channels":"","vid_ya_director":"","vid_ya_actor":"","vid_ya_author":"","vid_ya_import_post_date":"","vid_ya_status":"","vid_ya_sub_api_key":""},"vid_ads_m_videoads_settings_post":{"vid_ads_m_video_ads":"","vid_ads_m_video_ads_type":"","vid_ads_m_group_google_ima":"","vid_ads_m_group_image":"","vid_ads_m_group_html5_video":"","vid_ads_m_group_html":"","vid_ads_m_vast_preroll":"","vid_ads_m_vast_postroll":"","vid_ads_m_vast_pauseroll":"","vid_ads_m_vast_midroll":[{"vid_ads_m_vast_timer_seconds":"50"}],"vid_ads_m_time_to_show_ads":"","vid_ads_m_time_skip_ads":"","vid_ads_m_time_to_hide_ads":""},"page_slider_settings":{"display_slider_group":"","page_slider_group":""},"blog_page_settings":{"blog_page_title":"","blog_page_heading":"","blog_page_ic":"","blog_page_it":"","blog_page_ec":"","blog_page_ip":"","archive_loop_style":"","blog_image_ratio":"","blog_show_categories":"","blog_show_excerpt":"","blog_show_author":"","blog_show_date":"","blog_show_comment_count":"","blog_show_view_count":"","blog_show_like_count":"","blog_show_dislike_count":"","blog_items_per_page":"","blog_pag_type":""},"page_options":{"get_page_template":"","color_mode":"","main_layout":"","main_layout_full_with":"","main_logo":"","main_logo_retina":"","main_logo_mobile":"","main_logo_mobile_retina":"","sticky_logo":"","sticky_logo_retina":"","main_nav_layout":"","ajax_search":"","header_background":"","theme_sidebar":"","instagram_feed":"","instagram_feed_position":"","popular_videos":"","popular_videos_title_1":"","popular_videos_title_2":"","popular_videos_ic":"","popular_videos_it":"","theme_background":"","page_custom_css":""},"feature_image_settings":{"feature_image_position":""},"video_player_settings":{"single_video_style":"","video_player_position":"","vm_video_url":"","video_player_library":"","video_streaming":"","vm_media_sources":"","vid_auto_play":"","vm_video_shortcode":"","vid_p_sync_playlist":"","vid_c_sync_channel":"","get_post_format":"","multiple_links_structure":"default","multi_links_title":"","vm_video_multi_links":"","vm_duration":"","vid_social_locker":"off","vid_social_locker_id":"","vid_membership_action":"content-video","vm_video_trailer_url":"","vid_download_type":"free","vid_download_target":"download","vid_woo_product":"","vm_media_download":"","user_rating":"","user_rating_position":"","user_rating_mode":"","user_rating_multi_sets":""},"video_auto_fetch_settings":{"vm_video_fetch":"on"},"video_fake_views_likes":{"vm_fake_views":"","vm_fake_likes":"","vm_fake_dislikes":""},"gallery_settings":{"gallery_position":""},"quote_settings":{"quote_position":""},"post_options":{"main_layout":"","main_logo":"","main_logo_retina":"","main_logo_mobile":"","main_logo_mobile_retina":"","sticky_logo":"","sticky_logo_retina":"","main_nav_layout":"","header_background":"","theme_sidebar":"","single_post_comment_type":"","theme_background":""}},"_links":{"self":[{"href":"https:\/\/canal7slp.tv\/2019\/wp-json\/wp\/v2\/posts\/49169","targetHints":{"allow":["GET"]}}],"collection":[{"href":"https:\/\/canal7slp.tv\/2019\/wp-json\/wp\/v2\/posts"}],"about":[{"href":"https:\/\/canal7slp.tv\/2019\/wp-json\/wp\/v2\/types\/post"}],"author":[{"embeddable":true,"href":"https:\/\/canal7slp.tv\/2019\/wp-json\/wp\/v2\/users\/2"}],"replies":[{"embeddable":true,"href":"https:\/\/canal7slp.tv\/2019\/wp-json\/wp\/v2\/comments?post=49169"}],"version-history":[{"count":0,"href":"https:\/\/canal7slp.tv\/2019\/wp-json\/wp\/v2\/posts\/49169\/revisions"}],"wp:featuredmedia":[{"embeddable":true,"href":"https:\/\/canal7slp.tv\/2019\/wp-json\/wp\/v2\/media\/49171"}],"wp:attachment":[{"href":"https:\/\/canal7slp.tv\/2019\/wp-json\/wp\/v2\/media?parent=49169"}],"wp:term":[{"taxonomy":"category","embeddable":true,"href":"https:\/\/canal7slp.tv\/2019\/wp-json\/wp\/v2\/categories?post=49169"},{"taxonomy":"post_tag","embeddable":true,"href":"https:\/\/canal7slp.tv\/2019\/wp-json\/wp\/v2\/tags?post=49169"}],"curies":[{"name":"wp","href":"https:\/\/api.w.org\/{rel}","templated":true}]}}