{"id":48559,"date":"2019-08-13T13:59:59","date_gmt":"2019-08-13T18:59:59","guid":{"rendered":"https:\/\/canal7slp.tv\/2019\/?p=48559"},"modified":"2019-08-13T13:59:59","modified_gmt":"2019-08-13T18:59:59","slug":"blackbird-con-susan-sarandon-y-kate-winslet-inaugurara-el-festival-de-san-sebastian","status":"publish","type":"post","link":"https:\/\/canal7slp.tv\/2019\/blackbird-con-susan-sarandon-y-kate-winslet-inaugurara-el-festival-de-san-sebastian\/","title":{"rendered":"\u2018Blackbird\u2019, con Susan Sarandon y Kate Winslet, inaugurar\u00e1 el festival de San Sebasti\u00e1n"},"content":{"rendered":"<p style=\"text-align: justify;\">San Sebasti\u00e1n, Espa\u00f1a.- La pel\u00edcula Blackbird, dirigida por Roger Michell y protagonizada por Susan Sarandon, Kate Winslet, Mia Wasikowska y Sam Neill, inaugurar\u00e1 el Festival de San Sebasti\u00e1n, el pr\u00f3ximo 20 de septiembre, como ha anunciado hoy el propio certamen. El largo, que competir\u00e1 por la Concha de Oro, es un remake de Coraz\u00f3n silencioso, el drama con el que Bille August ya compiti\u00f3 en Zinemaldia y Paprika Steen gan\u00f3 la Concha de Plata a la mejor actriz. Adem\u00e1s, la proyecci\u00f3n de Blackbird supondr\u00e1 el estreno europeo del filme.<\/p>\n<p style=\"text-align: justify;\">En el festival de San Sebasti\u00e1n, tambi\u00e9n se ver\u00e1 el documental Santuario, dirigido por \u00c1lvaro Longoria (Dos Catalu\u00f1as, Propaganda Game) y protagonizado por Javier y Carlos Bardem, dentro de la secci\u00f3n Otras Actividades del Festival. &#8220;Esta es la historia de c\u00f3mo conseguir crear el mayor Santuario marino de la tierra, en el Oc\u00e9ano Ant\u00e1rtico. Acompa\u00f1amos a los hermanos Javier y Carlos Bardem, portavoces de la campa\u00f1a del Santuario Ant\u00e1rtico, en su lucha por conseguir el apoyo popular necesario para poner en marcha esta iniciativa&#8221;, afirma la sinopsis del filme.<\/p>\n<p style=\"text-align: justify;\">En cambio, la trama de Blackbird se resume as\u00ed, seg\u00fan una nota del festival de San Sebasti\u00e1n: \u201cSusan Sarandon encarna a una enferma terminal que desea poner fin a su sufrimiento. Aunque en principio su familia apoya su decisi\u00f3n de morir con dignidad, sus hijas (Winslet y Wasikowska) descubren secretos familiares que complican m\u00e1s a\u00fan la situaci\u00f3n\u201d. Christian Torpe, autor del libreto original de Coraz\u00f3n silencioso, es tambi\u00e9n guionista de su remake.<\/p>\n<p style=\"text-align: justify;\">Roger Michell es el director de Notting Hill, la comedia rom\u00e1ntica con Julia Roberts y Hugh Grant que supuso un taquillazo en 1999, entre otros filmes. Tambi\u00e9n es el responsable de pel\u00edculas como Al l\u00edmite de la verdad o Le Week-End.<\/p>\n<p style=\"text-align: justify;\">La 67\u00aa edici\u00f3n del Festival de San Sebasti\u00e1n se celebra entre el 20 y el 28 de septiembre. Como ya se anunci\u00f3, habr\u00e1 tres pel\u00edculas espa\u00f1olas a concurso: La trinchera infinita, de Jon Gara\u00f1o, Aitor Arregi y Jose Mari Goenaga, los creadores de Handia y Loreak, que cuentan la historia de un topo que tras la Guerra Civil vive 30 a\u00f1os escondido; Mientras dure la guerra, de Alejandro Amen\u00e1bar, que recrea los \u00faltimos meses de la vida de Miguel de Unamuno, desde que estalla la Guerra Civil hasta su muerte; y La hija de un ladr\u00f3n, de la debutante Bel\u00e9n Funes, con Eduard Fern\u00e1ndez y Greta Fern\u00e1ndez, padre e hija en la vida real, como padre e hija de ficci\u00f3n. Adem\u00e1s, Pen\u00e9lope Cruz recoger\u00e1 el premio Donostia por su carrera.<\/p>\n","protected":false},"excerpt":{"rendered":"<p>San Sebasti\u00e1n, Espa\u00f1a.- La pel\u00edcula Blackbird, dirigida por Roger Michell y protagonizada por Susan Sarandon, Kate Winslet, Mia Wasikowska y Sam Neill, inaugurar\u00e1 el Festival de San Sebasti\u00e1n, el pr\u00f3ximo 20 de septiembre, como ha anunciado hoy el propio certamen. El largo, que competir\u00e1 por la Concha de Oro, es un remake de Coraz\u00f3n silencioso, [&hellip;]<\/p>\n","protected":false},"author":2,"featured_media":48560,"comment_status":"open","ping_status":"closed","sticky":false,"template":"","format":"standard","meta":{"footnotes":""},"categories":[24],"tags":[],"class_list":["post-48559","post","type-post","status-publish","format-standard","has-post-thumbnail","hentry","category-espectaculos"],"yoast_head":"<!-- This site is optimized with the Yoast SEO plugin v27.4 - https:\/\/yoast.com\/product\/yoast-seo-wordpress\/ -->\n<title>\u2018Blackbird\u2019, con Susan Sarandon y Kate Winslet, inaugurar\u00e1 el festival de San Sebasti\u00e1n - Canal 7 SLP - 2019<\/title>\n<meta name=\"robots\" content=\"index, follow, max-snippet:-1, max-image-preview:large, max-video-preview:-1\" \/>\n<link rel=\"canonical\" href=\"https:\/\/canal7slp.tv\/2019\/blackbird-con-susan-sarandon-y-kate-winslet-inaugurara-el-festival-de-san-sebastian\/\" \/>\n<meta property=\"og:locale\" content=\"es_ES\" \/>\n<meta property=\"og:type\" content=\"article\" \/>\n<meta property=\"og:title\" content=\"\u2018Blackbird\u2019, con Susan Sarandon y Kate Winslet, inaugurar\u00e1 el festival de San Sebasti\u00e1n - Canal 7 SLP - 2019\" \/>\n<meta property=\"og:description\" content=\"San Sebasti\u00e1n, Espa\u00f1a.- La pel\u00edcula Blackbird, dirigida por Roger Michell y protagonizada por Susan Sarandon, Kate Winslet, Mia Wasikowska y Sam Neill, inaugurar\u00e1 el Festival de San Sebasti\u00e1n, el pr\u00f3ximo 20 de septiembre, como ha anunciado hoy el propio certamen. El largo, que competir\u00e1 por la Concha de Oro, es un remake de Coraz\u00f3n silencioso, [&hellip;]\" \/>\n<meta property=\"og:url\" content=\"https:\/\/canal7slp.tv\/2019\/blackbird-con-susan-sarandon-y-kate-winslet-inaugurara-el-festival-de-san-sebastian\/\" \/>\n<meta property=\"og:site_name\" content=\"Canal 7 SLP - 2019\" \/>\n<meta property=\"article:publisher\" content=\"https:\/\/www.facebook.com\/CANAL7SLP\/\" \/>\n<meta property=\"article:published_time\" content=\"2019-08-13T18:59:59+00:00\" \/>\n<meta property=\"og:image\" content=\"https:\/\/canal7slp.tv\/2019\/wp-content\/uploads\/2019\/08\/11-8.jpg\" \/>\n\t<meta property=\"og:image:width\" content=\"754\" \/>\n\t<meta property=\"og:image:height\" content=\"410\" \/>\n\t<meta property=\"og:image:type\" content=\"image\/jpeg\" \/>\n<meta name=\"author\" content=\"edicionweb\" \/>\n<meta name=\"twitter:card\" content=\"summary_large_image\" \/>\n<meta name=\"twitter:creator\" content=\"@canal7_slp\" \/>\n<meta name=\"twitter:site\" content=\"@canal7_slp\" \/>\n<meta name=\"twitter:label1\" content=\"Escrito por\" \/>\n\t<meta name=\"twitter:data1\" content=\"edicionweb\" \/>\n\t<meta name=\"twitter:label2\" content=\"Tiempo de lectura\" \/>\n\t<meta name=\"twitter:data2\" content=\"2 minutos\" \/>\n<script type=\"application\/ld+json\" class=\"yoast-schema-graph\">{\"@context\":\"https:\\\/\\\/schema.org\",\"@graph\":[{\"@type\":\"Article\",\"@id\":\"https:\\\/\\\/canal7slp.tv\\\/2019\\\/blackbird-con-susan-sarandon-y-kate-winslet-inaugurara-el-festival-de-san-sebastian\\\/#article\",\"isPartOf\":{\"@id\":\"https:\\\/\\\/canal7slp.tv\\\/2019\\\/blackbird-con-susan-sarandon-y-kate-winslet-inaugurara-el-festival-de-san-sebastian\\\/\"},\"author\":{\"name\":\"edicionweb\",\"@id\":\"https:\\\/\\\/canal7slp.tv\\\/2019\\\/#\\\/schema\\\/person\\\/11d941c1c6ca30ac0a46b95fa37aa2e3\"},\"headline\":\"\u2018Blackbird\u2019, con Susan Sarandon y Kate Winslet, inaugurar\u00e1 el festival de San Sebasti\u00e1n\",\"datePublished\":\"2019-08-13T18:59:59+00:00\",\"mainEntityOfPage\":{\"@id\":\"https:\\\/\\\/canal7slp.tv\\\/2019\\\/blackbird-con-susan-sarandon-y-kate-winslet-inaugurara-el-festival-de-san-sebastian\\\/\"},\"wordCount\":474,\"commentCount\":0,\"publisher\":{\"@id\":\"https:\\\/\\\/canal7slp.tv\\\/2019\\\/#organization\"},\"image\":{\"@id\":\"https:\\\/\\\/canal7slp.tv\\\/2019\\\/blackbird-con-susan-sarandon-y-kate-winslet-inaugurara-el-festival-de-san-sebastian\\\/#primaryimage\"},\"thumbnailUrl\":\"https:\\\/\\\/canal7slp.tv\\\/2019\\\/wp-content\\\/uploads\\\/2019\\\/08\\\/11-8.jpg\",\"articleSection\":[\"ESPECTACULOS\"],\"inLanguage\":\"es\",\"potentialAction\":[{\"@type\":\"CommentAction\",\"name\":\"Comment\",\"target\":[\"https:\\\/\\\/canal7slp.tv\\\/2019\\\/blackbird-con-susan-sarandon-y-kate-winslet-inaugurara-el-festival-de-san-sebastian\\\/#respond\"]}]},{\"@type\":\"WebPage\",\"@id\":\"https:\\\/\\\/canal7slp.tv\\\/2019\\\/blackbird-con-susan-sarandon-y-kate-winslet-inaugurara-el-festival-de-san-sebastian\\\/\",\"url\":\"https:\\\/\\\/canal7slp.tv\\\/2019\\\/blackbird-con-susan-sarandon-y-kate-winslet-inaugurara-el-festival-de-san-sebastian\\\/\",\"name\":\"\u2018Blackbird\u2019, con Susan Sarandon y Kate Winslet, inaugurar\u00e1 el festival de San Sebasti\u00e1n - Canal 7 SLP - 2019\",\"isPartOf\":{\"@id\":\"https:\\\/\\\/canal7slp.tv\\\/2019\\\/#website\"},\"primaryImageOfPage\":{\"@id\":\"https:\\\/\\\/canal7slp.tv\\\/2019\\\/blackbird-con-susan-sarandon-y-kate-winslet-inaugurara-el-festival-de-san-sebastian\\\/#primaryimage\"},\"image\":{\"@id\":\"https:\\\/\\\/canal7slp.tv\\\/2019\\\/blackbird-con-susan-sarandon-y-kate-winslet-inaugurara-el-festival-de-san-sebastian\\\/#primaryimage\"},\"thumbnailUrl\":\"https:\\\/\\\/canal7slp.tv\\\/2019\\\/wp-content\\\/uploads\\\/2019\\\/08\\\/11-8.jpg\",\"datePublished\":\"2019-08-13T18:59:59+00:00\",\"breadcrumb\":{\"@id\":\"https:\\\/\\\/canal7slp.tv\\\/2019\\\/blackbird-con-susan-sarandon-y-kate-winslet-inaugurara-el-festival-de-san-sebastian\\\/#breadcrumb\"},\"inLanguage\":\"es\",\"potentialAction\":[{\"@type\":\"ReadAction\",\"target\":[\"https:\\\/\\\/canal7slp.tv\\\/2019\\\/blackbird-con-susan-sarandon-y-kate-winslet-inaugurara-el-festival-de-san-sebastian\\\/\"]}]},{\"@type\":\"ImageObject\",\"inLanguage\":\"es\",\"@id\":\"https:\\\/\\\/canal7slp.tv\\\/2019\\\/blackbird-con-susan-sarandon-y-kate-winslet-inaugurara-el-festival-de-san-sebastian\\\/#primaryimage\",\"url\":\"https:\\\/\\\/canal7slp.tv\\\/2019\\\/wp-content\\\/uploads\\\/2019\\\/08\\\/11-8.jpg\",\"contentUrl\":\"https:\\\/\\\/canal7slp.tv\\\/2019\\\/wp-content\\\/uploads\\\/2019\\\/08\\\/11-8.jpg\",\"width\":754,\"height\":410},{\"@type\":\"BreadcrumbList\",\"@id\":\"https:\\\/\\\/canal7slp.tv\\\/2019\\\/blackbird-con-susan-sarandon-y-kate-winslet-inaugurara-el-festival-de-san-sebastian\\\/#breadcrumb\",\"itemListElement\":[{\"@type\":\"ListItem\",\"position\":1,\"name\":\"Home\",\"item\":\"https:\\\/\\\/canal7slp.tv\\\/2019\\\/\"},{\"@type\":\"ListItem\",\"position\":2,\"name\":\"\u2018Blackbird\u2019, con Susan Sarandon y Kate Winslet, inaugurar\u00e1 el festival de San Sebasti\u00e1n\"}]},{\"@type\":\"WebSite\",\"@id\":\"https:\\\/\\\/canal7slp.tv\\\/2019\\\/#website\",\"url\":\"https:\\\/\\\/canal7slp.tv\\\/2019\\\/\",\"name\":\"Canal 7 SLP - Somos TV\",\"description\":\"Somos un Canal de 10\",\"publisher\":{\"@id\":\"https:\\\/\\\/canal7slp.tv\\\/2019\\\/#organization\"},\"potentialAction\":[{\"@type\":\"SearchAction\",\"target\":{\"@type\":\"EntryPoint\",\"urlTemplate\":\"https:\\\/\\\/canal7slp.tv\\\/2019\\\/?s={search_term_string}\"},\"query-input\":{\"@type\":\"PropertyValueSpecification\",\"valueRequired\":true,\"valueName\":\"search_term_string\"}}],\"inLanguage\":\"es\"},{\"@type\":\"Organization\",\"@id\":\"https:\\\/\\\/canal7slp.tv\\\/2019\\\/#organization\",\"name\":\"Comunicaci\u00f3n 2000 S.A. de C.V.\",\"url\":\"https:\\\/\\\/canal7slp.tv\\\/2019\\\/\",\"logo\":{\"@type\":\"ImageObject\",\"inLanguage\":\"es\",\"@id\":\"https:\\\/\\\/canal7slp.tv\\\/2019\\\/#\\\/schema\\\/logo\\\/image\\\/\",\"url\":\"https:\\\/\\\/canal7slp.tv\\\/2019\\\/wp-content\\\/uploads\\\/2019\\\/07\\\/logo-c7.png\",\"contentUrl\":\"https:\\\/\\\/canal7slp.tv\\\/2019\\\/wp-content\\\/uploads\\\/2019\\\/07\\\/logo-c7.png\",\"width\":220,\"height\":60,\"caption\":\"Comunicaci\u00f3n 2000 S.A. de C.V.\"},\"image\":{\"@id\":\"https:\\\/\\\/canal7slp.tv\\\/2019\\\/#\\\/schema\\\/logo\\\/image\\\/\"},\"sameAs\":[\"https:\\\/\\\/www.facebook.com\\\/CANAL7SLP\\\/\",\"https:\\\/\\\/x.com\\\/canal7_slp\",\"https:\\\/\\\/www.instagram.com\\\/canal7_slp\",\"https:\\\/\\\/www.youtube.com\\\/user\\\/NOTICIEROSCANAL7SLP\\\/\"]},{\"@type\":\"Person\",\"@id\":\"https:\\\/\\\/canal7slp.tv\\\/2019\\\/#\\\/schema\\\/person\\\/11d941c1c6ca30ac0a46b95fa37aa2e3\",\"name\":\"edicionweb\",\"image\":{\"@type\":\"ImageObject\",\"inLanguage\":\"es\",\"@id\":\"https:\\\/\\\/secure.gravatar.com\\\/avatar\\\/eee448fc3f7164808013b816ba91ac7e43bbe82a70bebac296f8bc6f0addaa1a?s=96&d=mm&r=g\",\"url\":\"https:\\\/\\\/secure.gravatar.com\\\/avatar\\\/eee448fc3f7164808013b816ba91ac7e43bbe82a70bebac296f8bc6f0addaa1a?s=96&d=mm&r=g\",\"contentUrl\":\"https:\\\/\\\/secure.gravatar.com\\\/avatar\\\/eee448fc3f7164808013b816ba91ac7e43bbe82a70bebac296f8bc6f0addaa1a?s=96&d=mm&r=g\",\"caption\":\"edicionweb\"}}]}<\/script>\n<!-- \/ Yoast SEO plugin. -->","yoast_head_json":{"title":"\u2018Blackbird\u2019, con Susan Sarandon y Kate Winslet, inaugurar\u00e1 el festival de San Sebasti\u00e1n - Canal 7 SLP - 2019","robots":{"index":"index","follow":"follow","max-snippet":"max-snippet:-1","max-image-preview":"max-image-preview:large","max-video-preview":"max-video-preview:-1"},"canonical":"https:\/\/canal7slp.tv\/2019\/blackbird-con-susan-sarandon-y-kate-winslet-inaugurara-el-festival-de-san-sebastian\/","og_locale":"es_ES","og_type":"article","og_title":"\u2018Blackbird\u2019, con Susan Sarandon y Kate Winslet, inaugurar\u00e1 el festival de San Sebasti\u00e1n - Canal 7 SLP - 2019","og_description":"San Sebasti\u00e1n, Espa\u00f1a.- La pel\u00edcula Blackbird, dirigida por Roger Michell y protagonizada por Susan Sarandon, Kate Winslet, Mia Wasikowska y Sam Neill, inaugurar\u00e1 el Festival de San Sebasti\u00e1n, el pr\u00f3ximo 20 de septiembre, como ha anunciado hoy el propio certamen. El largo, que competir\u00e1 por la Concha de Oro, es un remake de Coraz\u00f3n silencioso, [&hellip;]","og_url":"https:\/\/canal7slp.tv\/2019\/blackbird-con-susan-sarandon-y-kate-winslet-inaugurara-el-festival-de-san-sebastian\/","og_site_name":"Canal 7 SLP - 2019","article_publisher":"https:\/\/www.facebook.com\/CANAL7SLP\/","article_published_time":"2019-08-13T18:59:59+00:00","og_image":[{"width":754,"height":410,"url":"https:\/\/canal7slp.tv\/2019\/wp-content\/uploads\/2019\/08\/11-8.jpg","type":"image\/jpeg"}],"author":"edicionweb","twitter_card":"summary_large_image","twitter_creator":"@canal7_slp","twitter_site":"@canal7_slp","twitter_misc":{"Escrito por":"edicionweb","Tiempo de lectura":"2 minutos"},"schema":{"@context":"https:\/\/schema.org","@graph":[{"@type":"Article","@id":"https:\/\/canal7slp.tv\/2019\/blackbird-con-susan-sarandon-y-kate-winslet-inaugurara-el-festival-de-san-sebastian\/#article","isPartOf":{"@id":"https:\/\/canal7slp.tv\/2019\/blackbird-con-susan-sarandon-y-kate-winslet-inaugurara-el-festival-de-san-sebastian\/"},"author":{"name":"edicionweb","@id":"https:\/\/canal7slp.tv\/2019\/#\/schema\/person\/11d941c1c6ca30ac0a46b95fa37aa2e3"},"headline":"\u2018Blackbird\u2019, con Susan Sarandon y Kate Winslet, inaugurar\u00e1 el festival de San Sebasti\u00e1n","datePublished":"2019-08-13T18:59:59+00:00","mainEntityOfPage":{"@id":"https:\/\/canal7slp.tv\/2019\/blackbird-con-susan-sarandon-y-kate-winslet-inaugurara-el-festival-de-san-sebastian\/"},"wordCount":474,"commentCount":0,"publisher":{"@id":"https:\/\/canal7slp.tv\/2019\/#organization"},"image":{"@id":"https:\/\/canal7slp.tv\/2019\/blackbird-con-susan-sarandon-y-kate-winslet-inaugurara-el-festival-de-san-sebastian\/#primaryimage"},"thumbnailUrl":"https:\/\/canal7slp.tv\/2019\/wp-content\/uploads\/2019\/08\/11-8.jpg","articleSection":["ESPECTACULOS"],"inLanguage":"es","potentialAction":[{"@type":"CommentAction","name":"Comment","target":["https:\/\/canal7slp.tv\/2019\/blackbird-con-susan-sarandon-y-kate-winslet-inaugurara-el-festival-de-san-sebastian\/#respond"]}]},{"@type":"WebPage","@id":"https:\/\/canal7slp.tv\/2019\/blackbird-con-susan-sarandon-y-kate-winslet-inaugurara-el-festival-de-san-sebastian\/","url":"https:\/\/canal7slp.tv\/2019\/blackbird-con-susan-sarandon-y-kate-winslet-inaugurara-el-festival-de-san-sebastian\/","name":"\u2018Blackbird\u2019, con Susan Sarandon y Kate Winslet, inaugurar\u00e1 el festival de San Sebasti\u00e1n - Canal 7 SLP - 2019","isPartOf":{"@id":"https:\/\/canal7slp.tv\/2019\/#website"},"primaryImageOfPage":{"@id":"https:\/\/canal7slp.tv\/2019\/blackbird-con-susan-sarandon-y-kate-winslet-inaugurara-el-festival-de-san-sebastian\/#primaryimage"},"image":{"@id":"https:\/\/canal7slp.tv\/2019\/blackbird-con-susan-sarandon-y-kate-winslet-inaugurara-el-festival-de-san-sebastian\/#primaryimage"},"thumbnailUrl":"https:\/\/canal7slp.tv\/2019\/wp-content\/uploads\/2019\/08\/11-8.jpg","datePublished":"2019-08-13T18:59:59+00:00","breadcrumb":{"@id":"https:\/\/canal7slp.tv\/2019\/blackbird-con-susan-sarandon-y-kate-winslet-inaugurara-el-festival-de-san-sebastian\/#breadcrumb"},"inLanguage":"es","potentialAction":[{"@type":"ReadAction","target":["https:\/\/canal7slp.tv\/2019\/blackbird-con-susan-sarandon-y-kate-winslet-inaugurara-el-festival-de-san-sebastian\/"]}]},{"@type":"ImageObject","inLanguage":"es","@id":"https:\/\/canal7slp.tv\/2019\/blackbird-con-susan-sarandon-y-kate-winslet-inaugurara-el-festival-de-san-sebastian\/#primaryimage","url":"https:\/\/canal7slp.tv\/2019\/wp-content\/uploads\/2019\/08\/11-8.jpg","contentUrl":"https:\/\/canal7slp.tv\/2019\/wp-content\/uploads\/2019\/08\/11-8.jpg","width":754,"height":410},{"@type":"BreadcrumbList","@id":"https:\/\/canal7slp.tv\/2019\/blackbird-con-susan-sarandon-y-kate-winslet-inaugurara-el-festival-de-san-sebastian\/#breadcrumb","itemListElement":[{"@type":"ListItem","position":1,"name":"Home","item":"https:\/\/canal7slp.tv\/2019\/"},{"@type":"ListItem","position":2,"name":"\u2018Blackbird\u2019, con Susan Sarandon y Kate Winslet, inaugurar\u00e1 el festival de San Sebasti\u00e1n"}]},{"@type":"WebSite","@id":"https:\/\/canal7slp.tv\/2019\/#website","url":"https:\/\/canal7slp.tv\/2019\/","name":"Canal 7 SLP - Somos TV","description":"Somos un Canal de 10","publisher":{"@id":"https:\/\/canal7slp.tv\/2019\/#organization"},"potentialAction":[{"@type":"SearchAction","target":{"@type":"EntryPoint","urlTemplate":"https:\/\/canal7slp.tv\/2019\/?s={search_term_string}"},"query-input":{"@type":"PropertyValueSpecification","valueRequired":true,"valueName":"search_term_string"}}],"inLanguage":"es"},{"@type":"Organization","@id":"https:\/\/canal7slp.tv\/2019\/#organization","name":"Comunicaci\u00f3n 2000 S.A. de C.V.","url":"https:\/\/canal7slp.tv\/2019\/","logo":{"@type":"ImageObject","inLanguage":"es","@id":"https:\/\/canal7slp.tv\/2019\/#\/schema\/logo\/image\/","url":"https:\/\/canal7slp.tv\/2019\/wp-content\/uploads\/2019\/07\/logo-c7.png","contentUrl":"https:\/\/canal7slp.tv\/2019\/wp-content\/uploads\/2019\/07\/logo-c7.png","width":220,"height":60,"caption":"Comunicaci\u00f3n 2000 S.A. de C.V."},"image":{"@id":"https:\/\/canal7slp.tv\/2019\/#\/schema\/logo\/image\/"},"sameAs":["https:\/\/www.facebook.com\/CANAL7SLP\/","https:\/\/x.com\/canal7_slp","https:\/\/www.instagram.com\/canal7_slp","https:\/\/www.youtube.com\/user\/NOTICIEROSCANAL7SLP\/"]},{"@type":"Person","@id":"https:\/\/canal7slp.tv\/2019\/#\/schema\/person\/11d941c1c6ca30ac0a46b95fa37aa2e3","name":"edicionweb","image":{"@type":"ImageObject","inLanguage":"es","@id":"https:\/\/secure.gravatar.com\/avatar\/eee448fc3f7164808013b816ba91ac7e43bbe82a70bebac296f8bc6f0addaa1a?s=96&d=mm&r=g","url":"https:\/\/secure.gravatar.com\/avatar\/eee448fc3f7164808013b816ba91ac7e43bbe82a70bebac296f8bc6f0addaa1a?s=96&d=mm&r=g","contentUrl":"https:\/\/secure.gravatar.com\/avatar\/eee448fc3f7164808013b816ba91ac7e43bbe82a70bebac296f8bc6f0addaa1a?s=96&d=mm&r=g","caption":"edicionweb"}}]}},"amp_enabled":true,"cmb2":{"video_ids_in_playlist":{"vid_p_videos":""},"video_ids_in_channel":{"vid_c_videos":""},"playlist_ids_in_channel":{"vid_c_playlists":""},"series_ids_in_channel":{"vid_c_series":""},"channel_images":{"vid_c_logo":"","vid_c_banner":""},"poster_feature_image":{"vid_m_poster_image":""},"gif_feature_image":{"vid_m_gif_image":""},"video_movie_settings":{"vid_m_director":"","vid_m_actor":"","vid_m_imdb_ratings":"","vid_m_amazon_associates":""},"vid_youtube_broadcasts_settings":{"vid_yb_broadcast_title":"","vid_yb_q":"","vid_yb_channelid":"","vid_yb_videocategoryid":"","vid_yb_maxresults":"","vid_yb_order":"","vid_yb_regioncode":"","vid_yb_videosyndicated":"","vid_yb_style":"","vid_yb_reload_first":""},"video_series_settings":{"vid_m_director":"","vid_m_actor":"","vid_m_imdb_ratings":"","video_series_group":""},"amazon_associates_settings":{"amazon_associates":"","amazon_native_ad":""},"vid_youtube_automatic_settings":{"vid_ya_youtube_source":"","vid_ya_update_every":"","vid_ya_update_unit":"","vid_ya_categories":"","vid_ya_published_after":"","vid_ya_published_before":"","vid_ya_playlists":"","vid_ya_channels":"","vid_ya_director":"","vid_ya_actor":"","vid_ya_author":"","vid_ya_import_post_date":"","vid_ya_status":"","vid_ya_sub_api_key":""},"vid_ads_m_videoads_settings_post":{"vid_ads_m_video_ads":"","vid_ads_m_video_ads_type":"","vid_ads_m_group_google_ima":"","vid_ads_m_group_image":"","vid_ads_m_group_html5_video":"","vid_ads_m_group_html":"","vid_ads_m_vast_preroll":"","vid_ads_m_vast_postroll":"","vid_ads_m_vast_pauseroll":"","vid_ads_m_vast_midroll":[{"vid_ads_m_vast_timer_seconds":"50"}],"vid_ads_m_time_to_show_ads":"","vid_ads_m_time_skip_ads":"","vid_ads_m_time_to_hide_ads":""},"page_slider_settings":{"display_slider_group":"","page_slider_group":""},"blog_page_settings":{"blog_page_title":"","blog_page_heading":"","blog_page_ic":"","blog_page_it":"","blog_page_ec":"","blog_page_ip":"","archive_loop_style":"","blog_image_ratio":"","blog_show_categories":"","blog_show_excerpt":"","blog_show_author":"","blog_show_date":"","blog_show_comment_count":"","blog_show_view_count":"","blog_show_like_count":"","blog_show_dislike_count":"","blog_items_per_page":"","blog_pag_type":""},"page_options":{"get_page_template":"","color_mode":"","main_layout":"","main_layout_full_with":"","main_logo":"","main_logo_retina":"","main_logo_mobile":"","main_logo_mobile_retina":"","sticky_logo":"","sticky_logo_retina":"","main_nav_layout":"","ajax_search":"","header_background":"","theme_sidebar":"","instagram_feed":"","instagram_feed_position":"","popular_videos":"","popular_videos_title_1":"","popular_videos_title_2":"","popular_videos_ic":"","popular_videos_it":"","theme_background":"","page_custom_css":""},"feature_image_settings":{"feature_image_position":""},"video_player_settings":{"single_video_style":"","video_player_position":"","vm_video_url":"","video_player_library":"","video_streaming":"","vm_media_sources":"","vid_auto_play":"","vm_video_shortcode":"","vid_p_sync_playlist":"","vid_c_sync_channel":"","get_post_format":"","multiple_links_structure":"default","multi_links_title":"","vm_video_multi_links":"","vm_duration":"","vid_social_locker":"off","vid_social_locker_id":"","vid_membership_action":"content-video","vm_video_trailer_url":"","vid_download_type":"free","vid_download_target":"download","vid_woo_product":"","vm_media_download":"","user_rating":"","user_rating_position":"","user_rating_mode":"","user_rating_multi_sets":""},"video_auto_fetch_settings":{"vm_video_fetch":"on"},"video_fake_views_likes":{"vm_fake_views":"","vm_fake_likes":"","vm_fake_dislikes":""},"gallery_settings":{"gallery_position":""},"quote_settings":{"quote_position":""},"post_options":{"main_layout":"","main_logo":"","main_logo_retina":"","main_logo_mobile":"","main_logo_mobile_retina":"","sticky_logo":"","sticky_logo_retina":"","main_nav_layout":"","header_background":"","theme_sidebar":"","single_post_comment_type":"","theme_background":""}},"_links":{"self":[{"href":"https:\/\/canal7slp.tv\/2019\/wp-json\/wp\/v2\/posts\/48559","targetHints":{"allow":["GET"]}}],"collection":[{"href":"https:\/\/canal7slp.tv\/2019\/wp-json\/wp\/v2\/posts"}],"about":[{"href":"https:\/\/canal7slp.tv\/2019\/wp-json\/wp\/v2\/types\/post"}],"author":[{"embeddable":true,"href":"https:\/\/canal7slp.tv\/2019\/wp-json\/wp\/v2\/users\/2"}],"replies":[{"embeddable":true,"href":"https:\/\/canal7slp.tv\/2019\/wp-json\/wp\/v2\/comments?post=48559"}],"version-history":[{"count":0,"href":"https:\/\/canal7slp.tv\/2019\/wp-json\/wp\/v2\/posts\/48559\/revisions"}],"wp:featuredmedia":[{"embeddable":true,"href":"https:\/\/canal7slp.tv\/2019\/wp-json\/wp\/v2\/media\/48560"}],"wp:attachment":[{"href":"https:\/\/canal7slp.tv\/2019\/wp-json\/wp\/v2\/media?parent=48559"}],"wp:term":[{"taxonomy":"category","embeddable":true,"href":"https:\/\/canal7slp.tv\/2019\/wp-json\/wp\/v2\/categories?post=48559"},{"taxonomy":"post_tag","embeddable":true,"href":"https:\/\/canal7slp.tv\/2019\/wp-json\/wp\/v2\/tags?post=48559"}],"curies":[{"name":"wp","href":"https:\/\/api.w.org\/{rel}","templated":true}]}}