{"id":48206,"date":"2019-08-12T18:14:32","date_gmt":"2019-08-12T23:14:32","guid":{"rendered":"https:\/\/canal7slp.tv\/2019\/?p=48206"},"modified":"2019-08-12T18:14:32","modified_gmt":"2019-08-12T23:14:32","slug":"anuncia-titular-de-la-sep-incremento-al-presupuesto-en-educacion-superior-para-el-proximo-ano","status":"publish","type":"post","link":"https:\/\/canal7slp.tv\/2019\/anuncia-titular-de-la-sep-incremento-al-presupuesto-en-educacion-superior-para-el-proximo-ano\/","title":{"rendered":"Anuncia, titular de la SEP, incremento al presupuesto en educaci\u00f3n superior para el pr\u00f3ximo a\u00f1o"},"content":{"rendered":"<ul>\n<li style=\"text-align: justify;\">Reconoce los avances del IPN en materia de inclusi\u00f3n al ampliar su matr\u00edcula escolar, en 7 mil 200 estudiantes.<\/li>\n<\/ul>\n<p style=\"text-align: justify;\">M\u00e9xico.- El Secretario de Educaci\u00f3n P\u00fablica, Esteban Moctezuma Barrag\u00e1n, anunci\u00f3 que. para el pr\u00f3ximo a\u00f1o, se incrementar\u00e1 el presupuesto en educaci\u00f3n superior, as\u00ed como en programas espec\u00edficos de ese nivel educativo para contribuir a la mejora administrativa de las instituciones universitarias, y alcanzar la meta sexenal de cero rechazados.<\/p>\n<p style=\"text-align: justify;\">Al inaugurar el ciclo escolar 2019-2010 en el Instituto Polit\u00e9cnico Nacional (IPN), acompa\u00f1ado del Director General del IPN, Mario Alberto Rodr\u00edguez Casas, el titular de la SEP afirm\u00f3 que el Polit\u00e9cnico es uno de los puntales del Sistema Educativo Nacional; reconoci\u00f3 sus avances en materia de inclusi\u00f3n al ampliar su matr\u00edcula escolar, en 7 mil 200 estudiantes, en nivel superior, y garantiz\u00f3 que la SEP conservar\u00e1 una posici\u00f3n de respeto ante sus decisiones acad\u00e9micas y de gobierno.<\/p>\n<p style=\"text-align: justify;\">Asimismo, Moctezuma Barrag\u00e1n explic\u00f3 que, con el Acuerdo Educativo Nacional, que impulsa el Presidente de M\u00e9xico, Andr\u00e9s Manuel L\u00f3pez Obrador, no se afectar\u00e1 la integridad institucional del Polit\u00e9cnico; reiter\u00f3 que ninguna de las modificaciones constitucionales, ni las tres leyes secundarias en materia educativa, contempla alteraci\u00f3n alguna al orden estructural del IPN.<\/p>\n<p style=\"text-align: justify;\">Por su parte, el Director General del IPN, Mario Alberto Rodr\u00edguez Casas, felicit\u00f3 a Alan Armenta, egresado polit\u00e9cnico y \u00c1mbar Garnica, alumna de la Unidad Profesional Interdisciplinaria de Ingenier\u00eda y Ciencias Sociales y Administrativas (UPIICSA), por haber obtenido medallas de oro (remo combinado) y bronce (lucha libre), respectivamente, en los Juegos Panamericanos 2019.<\/p>\n<p style=\"text-align: justify;\">\n\u201cEn el Polit\u00e9cnico estamos cambiando, que se escuche claro, y que se escuche fuerte: Cambiamos para ser mejores, para ser m\u00e1s pertinentes, m\u00e1s democr\u00e1ticos y m\u00e1s incluyentes. Estamos cambiando para seguir sirviendo a M\u00e9xico como una instituci\u00f3n p\u00fablica de la SEP. Estamos cambiando a trav\u00e9s de la Agenda Estrat\u00e9gica de Transformaci\u00f3n, una ruta de navegaci\u00f3n institucional centrada en la Educaci\u00f3n 4.0\u201d, asever\u00f3<\/p>\n<p style=\"text-align: justify;\">Sostuvo, adem\u00e1s, que el cambio m\u00e1s profundo vendr\u00e1 desde el interior, desde el Congreso Nacional Polit\u00e9cnico, un espacio de propuesta, an\u00e1lisis y discusi\u00f3n de los grandes temas institucionales, nuestras funciones sustantivas, programas, identidad y valores del Instituto, a la luz de las necesidades de una nueva Patria.<\/p>\n","protected":false},"excerpt":{"rendered":"<p>Reconoce los avances del IPN en materia de inclusi\u00f3n al ampliar su matr\u00edcula escolar, en 7 mil 200 estudiantes. M\u00e9xico.- El Secretario de Educaci\u00f3n P\u00fablica, Esteban Moctezuma Barrag\u00e1n, anunci\u00f3 que. para el pr\u00f3ximo a\u00f1o, se incrementar\u00e1 el presupuesto en educaci\u00f3n superior, as\u00ed como en programas espec\u00edficos de ese nivel educativo para contribuir a la mejora [&hellip;]<\/p>\n","protected":false},"author":2,"featured_media":48210,"comment_status":"open","ping_status":"closed","sticky":false,"template":"","format":"standard","meta":{"footnotes":""},"categories":[30],"tags":[1414],"class_list":["post-48206","post","type-post","status-publish","format-standard","has-post-thumbnail","hentry","category-nacional","tag-sep"],"yoast_head":"<!-- This site is optimized with the Yoast SEO plugin v27.4 - https:\/\/yoast.com\/product\/yoast-seo-wordpress\/ -->\n<title>Anuncia, titular de la SEP, incremento al presupuesto en educaci\u00f3n superior para el pr\u00f3ximo a\u00f1o - Canal 7 SLP - 2019<\/title>\n<meta name=\"robots\" content=\"index, follow, max-snippet:-1, max-image-preview:large, max-video-preview:-1\" \/>\n<link rel=\"canonical\" href=\"https:\/\/canal7slp.tv\/2019\/anuncia-titular-de-la-sep-incremento-al-presupuesto-en-educacion-superior-para-el-proximo-ano\/\" \/>\n<meta property=\"og:locale\" content=\"es_ES\" \/>\n<meta property=\"og:type\" content=\"article\" \/>\n<meta property=\"og:title\" content=\"Anuncia, titular de la SEP, incremento al presupuesto en educaci\u00f3n superior para el pr\u00f3ximo a\u00f1o - Canal 7 SLP - 2019\" \/>\n<meta property=\"og:description\" content=\"Reconoce los avances del IPN en materia de inclusi\u00f3n al ampliar su matr\u00edcula escolar, en 7 mil 200 estudiantes. M\u00e9xico.- El Secretario de Educaci\u00f3n P\u00fablica, Esteban Moctezuma Barrag\u00e1n, anunci\u00f3 que. para el pr\u00f3ximo a\u00f1o, se incrementar\u00e1 el presupuesto en educaci\u00f3n superior, as\u00ed como en programas espec\u00edficos de ese nivel educativo para contribuir a la mejora [&hellip;]\" \/>\n<meta property=\"og:url\" content=\"https:\/\/canal7slp.tv\/2019\/anuncia-titular-de-la-sep-incremento-al-presupuesto-en-educacion-superior-para-el-proximo-ano\/\" \/>\n<meta property=\"og:site_name\" content=\"Canal 7 SLP - 2019\" \/>\n<meta property=\"article:publisher\" content=\"https:\/\/www.facebook.com\/CANAL7SLP\/\" \/>\n<meta property=\"article:published_time\" content=\"2019-08-12T23:14:32+00:00\" \/>\n<meta property=\"og:image\" content=\"https:\/\/canal7slp.tv\/2019\/wp-content\/uploads\/2019\/08\/sep.jpg\" \/>\n\t<meta property=\"og:image:width\" content=\"750\" \/>\n\t<meta property=\"og:image:height\" content=\"499\" \/>\n\t<meta property=\"og:image:type\" content=\"image\/jpeg\" \/>\n<meta name=\"author\" content=\"edicionweb\" \/>\n<meta name=\"twitter:card\" content=\"summary_large_image\" \/>\n<meta name=\"twitter:creator\" content=\"@canal7_slp\" \/>\n<meta name=\"twitter:site\" content=\"@canal7_slp\" \/>\n<meta name=\"twitter:label1\" content=\"Escrito por\" \/>\n\t<meta name=\"twitter:data1\" content=\"edicionweb\" \/>\n\t<meta name=\"twitter:label2\" content=\"Tiempo de lectura\" \/>\n\t<meta name=\"twitter:data2\" content=\"2 minutos\" \/>\n<script type=\"application\/ld+json\" class=\"yoast-schema-graph\">{\"@context\":\"https:\\\/\\\/schema.org\",\"@graph\":[{\"@type\":\"Article\",\"@id\":\"https:\\\/\\\/canal7slp.tv\\\/2019\\\/anuncia-titular-de-la-sep-incremento-al-presupuesto-en-educacion-superior-para-el-proximo-ano\\\/#article\",\"isPartOf\":{\"@id\":\"https:\\\/\\\/canal7slp.tv\\\/2019\\\/anuncia-titular-de-la-sep-incremento-al-presupuesto-en-educacion-superior-para-el-proximo-ano\\\/\"},\"author\":{\"name\":\"edicionweb\",\"@id\":\"https:\\\/\\\/canal7slp.tv\\\/2019\\\/#\\\/schema\\\/person\\\/11d941c1c6ca30ac0a46b95fa37aa2e3\"},\"headline\":\"Anuncia, titular de la SEP, incremento al presupuesto en educaci\u00f3n superior para el pr\u00f3ximo a\u00f1o\",\"datePublished\":\"2019-08-12T23:14:32+00:00\",\"mainEntityOfPage\":{\"@id\":\"https:\\\/\\\/canal7slp.tv\\\/2019\\\/anuncia-titular-de-la-sep-incremento-al-presupuesto-en-educacion-superior-para-el-proximo-ano\\\/\"},\"wordCount\":416,\"commentCount\":0,\"publisher\":{\"@id\":\"https:\\\/\\\/canal7slp.tv\\\/2019\\\/#organization\"},\"image\":{\"@id\":\"https:\\\/\\\/canal7slp.tv\\\/2019\\\/anuncia-titular-de-la-sep-incremento-al-presupuesto-en-educacion-superior-para-el-proximo-ano\\\/#primaryimage\"},\"thumbnailUrl\":\"https:\\\/\\\/canal7slp.tv\\\/2019\\\/wp-content\\\/uploads\\\/2019\\\/08\\\/sep.jpg\",\"keywords\":[\"SEP\"],\"articleSection\":[\"NACIONAL\"],\"inLanguage\":\"es\",\"potentialAction\":[{\"@type\":\"CommentAction\",\"name\":\"Comment\",\"target\":[\"https:\\\/\\\/canal7slp.tv\\\/2019\\\/anuncia-titular-de-la-sep-incremento-al-presupuesto-en-educacion-superior-para-el-proximo-ano\\\/#respond\"]}]},{\"@type\":\"WebPage\",\"@id\":\"https:\\\/\\\/canal7slp.tv\\\/2019\\\/anuncia-titular-de-la-sep-incremento-al-presupuesto-en-educacion-superior-para-el-proximo-ano\\\/\",\"url\":\"https:\\\/\\\/canal7slp.tv\\\/2019\\\/anuncia-titular-de-la-sep-incremento-al-presupuesto-en-educacion-superior-para-el-proximo-ano\\\/\",\"name\":\"Anuncia, titular de la SEP, incremento al presupuesto en educaci\u00f3n superior para el pr\u00f3ximo a\u00f1o - Canal 7 SLP - 2019\",\"isPartOf\":{\"@id\":\"https:\\\/\\\/canal7slp.tv\\\/2019\\\/#website\"},\"primaryImageOfPage\":{\"@id\":\"https:\\\/\\\/canal7slp.tv\\\/2019\\\/anuncia-titular-de-la-sep-incremento-al-presupuesto-en-educacion-superior-para-el-proximo-ano\\\/#primaryimage\"},\"image\":{\"@id\":\"https:\\\/\\\/canal7slp.tv\\\/2019\\\/anuncia-titular-de-la-sep-incremento-al-presupuesto-en-educacion-superior-para-el-proximo-ano\\\/#primaryimage\"},\"thumbnailUrl\":\"https:\\\/\\\/canal7slp.tv\\\/2019\\\/wp-content\\\/uploads\\\/2019\\\/08\\\/sep.jpg\",\"datePublished\":\"2019-08-12T23:14:32+00:00\",\"breadcrumb\":{\"@id\":\"https:\\\/\\\/canal7slp.tv\\\/2019\\\/anuncia-titular-de-la-sep-incremento-al-presupuesto-en-educacion-superior-para-el-proximo-ano\\\/#breadcrumb\"},\"inLanguage\":\"es\",\"potentialAction\":[{\"@type\":\"ReadAction\",\"target\":[\"https:\\\/\\\/canal7slp.tv\\\/2019\\\/anuncia-titular-de-la-sep-incremento-al-presupuesto-en-educacion-superior-para-el-proximo-ano\\\/\"]}]},{\"@type\":\"ImageObject\",\"inLanguage\":\"es\",\"@id\":\"https:\\\/\\\/canal7slp.tv\\\/2019\\\/anuncia-titular-de-la-sep-incremento-al-presupuesto-en-educacion-superior-para-el-proximo-ano\\\/#primaryimage\",\"url\":\"https:\\\/\\\/canal7slp.tv\\\/2019\\\/wp-content\\\/uploads\\\/2019\\\/08\\\/sep.jpg\",\"contentUrl\":\"https:\\\/\\\/canal7slp.tv\\\/2019\\\/wp-content\\\/uploads\\\/2019\\\/08\\\/sep.jpg\",\"width\":750,\"height\":499},{\"@type\":\"BreadcrumbList\",\"@id\":\"https:\\\/\\\/canal7slp.tv\\\/2019\\\/anuncia-titular-de-la-sep-incremento-al-presupuesto-en-educacion-superior-para-el-proximo-ano\\\/#breadcrumb\",\"itemListElement\":[{\"@type\":\"ListItem\",\"position\":1,\"name\":\"Home\",\"item\":\"https:\\\/\\\/canal7slp.tv\\\/2019\\\/\"},{\"@type\":\"ListItem\",\"position\":2,\"name\":\"Anuncia, titular de la SEP, incremento al presupuesto en educaci\u00f3n superior para el pr\u00f3ximo a\u00f1o\"}]},{\"@type\":\"WebSite\",\"@id\":\"https:\\\/\\\/canal7slp.tv\\\/2019\\\/#website\",\"url\":\"https:\\\/\\\/canal7slp.tv\\\/2019\\\/\",\"name\":\"Canal 7 SLP - Somos TV\",\"description\":\"Somos un Canal de 10\",\"publisher\":{\"@id\":\"https:\\\/\\\/canal7slp.tv\\\/2019\\\/#organization\"},\"potentialAction\":[{\"@type\":\"SearchAction\",\"target\":{\"@type\":\"EntryPoint\",\"urlTemplate\":\"https:\\\/\\\/canal7slp.tv\\\/2019\\\/?s={search_term_string}\"},\"query-input\":{\"@type\":\"PropertyValueSpecification\",\"valueRequired\":true,\"valueName\":\"search_term_string\"}}],\"inLanguage\":\"es\"},{\"@type\":\"Organization\",\"@id\":\"https:\\\/\\\/canal7slp.tv\\\/2019\\\/#organization\",\"name\":\"Comunicaci\u00f3n 2000 S.A. de C.V.\",\"url\":\"https:\\\/\\\/canal7slp.tv\\\/2019\\\/\",\"logo\":{\"@type\":\"ImageObject\",\"inLanguage\":\"es\",\"@id\":\"https:\\\/\\\/canal7slp.tv\\\/2019\\\/#\\\/schema\\\/logo\\\/image\\\/\",\"url\":\"https:\\\/\\\/canal7slp.tv\\\/2019\\\/wp-content\\\/uploads\\\/2019\\\/07\\\/logo-c7.png\",\"contentUrl\":\"https:\\\/\\\/canal7slp.tv\\\/2019\\\/wp-content\\\/uploads\\\/2019\\\/07\\\/logo-c7.png\",\"width\":220,\"height\":60,\"caption\":\"Comunicaci\u00f3n 2000 S.A. de C.V.\"},\"image\":{\"@id\":\"https:\\\/\\\/canal7slp.tv\\\/2019\\\/#\\\/schema\\\/logo\\\/image\\\/\"},\"sameAs\":[\"https:\\\/\\\/www.facebook.com\\\/CANAL7SLP\\\/\",\"https:\\\/\\\/x.com\\\/canal7_slp\",\"https:\\\/\\\/www.instagram.com\\\/canal7_slp\",\"https:\\\/\\\/www.youtube.com\\\/user\\\/NOTICIEROSCANAL7SLP\\\/\"]},{\"@type\":\"Person\",\"@id\":\"https:\\\/\\\/canal7slp.tv\\\/2019\\\/#\\\/schema\\\/person\\\/11d941c1c6ca30ac0a46b95fa37aa2e3\",\"name\":\"edicionweb\",\"image\":{\"@type\":\"ImageObject\",\"inLanguage\":\"es\",\"@id\":\"https:\\\/\\\/secure.gravatar.com\\\/avatar\\\/eee448fc3f7164808013b816ba91ac7e43bbe82a70bebac296f8bc6f0addaa1a?s=96&d=mm&r=g\",\"url\":\"https:\\\/\\\/secure.gravatar.com\\\/avatar\\\/eee448fc3f7164808013b816ba91ac7e43bbe82a70bebac296f8bc6f0addaa1a?s=96&d=mm&r=g\",\"contentUrl\":\"https:\\\/\\\/secure.gravatar.com\\\/avatar\\\/eee448fc3f7164808013b816ba91ac7e43bbe82a70bebac296f8bc6f0addaa1a?s=96&d=mm&r=g\",\"caption\":\"edicionweb\"}}]}<\/script>\n<!-- \/ Yoast SEO plugin. -->","yoast_head_json":{"title":"Anuncia, titular de la SEP, incremento al presupuesto en educaci\u00f3n superior para el pr\u00f3ximo a\u00f1o - Canal 7 SLP - 2019","robots":{"index":"index","follow":"follow","max-snippet":"max-snippet:-1","max-image-preview":"max-image-preview:large","max-video-preview":"max-video-preview:-1"},"canonical":"https:\/\/canal7slp.tv\/2019\/anuncia-titular-de-la-sep-incremento-al-presupuesto-en-educacion-superior-para-el-proximo-ano\/","og_locale":"es_ES","og_type":"article","og_title":"Anuncia, titular de la SEP, incremento al presupuesto en educaci\u00f3n superior para el pr\u00f3ximo a\u00f1o - Canal 7 SLP - 2019","og_description":"Reconoce los avances del IPN en materia de inclusi\u00f3n al ampliar su matr\u00edcula escolar, en 7 mil 200 estudiantes. M\u00e9xico.- El Secretario de Educaci\u00f3n P\u00fablica, Esteban Moctezuma Barrag\u00e1n, anunci\u00f3 que. para el pr\u00f3ximo a\u00f1o, se incrementar\u00e1 el presupuesto en educaci\u00f3n superior, as\u00ed como en programas espec\u00edficos de ese nivel educativo para contribuir a la mejora [&hellip;]","og_url":"https:\/\/canal7slp.tv\/2019\/anuncia-titular-de-la-sep-incremento-al-presupuesto-en-educacion-superior-para-el-proximo-ano\/","og_site_name":"Canal 7 SLP - 2019","article_publisher":"https:\/\/www.facebook.com\/CANAL7SLP\/","article_published_time":"2019-08-12T23:14:32+00:00","og_image":[{"width":750,"height":499,"url":"https:\/\/canal7slp.tv\/2019\/wp-content\/uploads\/2019\/08\/sep.jpg","type":"image\/jpeg"}],"author":"edicionweb","twitter_card":"summary_large_image","twitter_creator":"@canal7_slp","twitter_site":"@canal7_slp","twitter_misc":{"Escrito por":"edicionweb","Tiempo de lectura":"2 minutos"},"schema":{"@context":"https:\/\/schema.org","@graph":[{"@type":"Article","@id":"https:\/\/canal7slp.tv\/2019\/anuncia-titular-de-la-sep-incremento-al-presupuesto-en-educacion-superior-para-el-proximo-ano\/#article","isPartOf":{"@id":"https:\/\/canal7slp.tv\/2019\/anuncia-titular-de-la-sep-incremento-al-presupuesto-en-educacion-superior-para-el-proximo-ano\/"},"author":{"name":"edicionweb","@id":"https:\/\/canal7slp.tv\/2019\/#\/schema\/person\/11d941c1c6ca30ac0a46b95fa37aa2e3"},"headline":"Anuncia, titular de la SEP, incremento al presupuesto en educaci\u00f3n superior para el pr\u00f3ximo a\u00f1o","datePublished":"2019-08-12T23:14:32+00:00","mainEntityOfPage":{"@id":"https:\/\/canal7slp.tv\/2019\/anuncia-titular-de-la-sep-incremento-al-presupuesto-en-educacion-superior-para-el-proximo-ano\/"},"wordCount":416,"commentCount":0,"publisher":{"@id":"https:\/\/canal7slp.tv\/2019\/#organization"},"image":{"@id":"https:\/\/canal7slp.tv\/2019\/anuncia-titular-de-la-sep-incremento-al-presupuesto-en-educacion-superior-para-el-proximo-ano\/#primaryimage"},"thumbnailUrl":"https:\/\/canal7slp.tv\/2019\/wp-content\/uploads\/2019\/08\/sep.jpg","keywords":["SEP"],"articleSection":["NACIONAL"],"inLanguage":"es","potentialAction":[{"@type":"CommentAction","name":"Comment","target":["https:\/\/canal7slp.tv\/2019\/anuncia-titular-de-la-sep-incremento-al-presupuesto-en-educacion-superior-para-el-proximo-ano\/#respond"]}]},{"@type":"WebPage","@id":"https:\/\/canal7slp.tv\/2019\/anuncia-titular-de-la-sep-incremento-al-presupuesto-en-educacion-superior-para-el-proximo-ano\/","url":"https:\/\/canal7slp.tv\/2019\/anuncia-titular-de-la-sep-incremento-al-presupuesto-en-educacion-superior-para-el-proximo-ano\/","name":"Anuncia, titular de la SEP, incremento al presupuesto en educaci\u00f3n superior para el pr\u00f3ximo a\u00f1o - Canal 7 SLP - 2019","isPartOf":{"@id":"https:\/\/canal7slp.tv\/2019\/#website"},"primaryImageOfPage":{"@id":"https:\/\/canal7slp.tv\/2019\/anuncia-titular-de-la-sep-incremento-al-presupuesto-en-educacion-superior-para-el-proximo-ano\/#primaryimage"},"image":{"@id":"https:\/\/canal7slp.tv\/2019\/anuncia-titular-de-la-sep-incremento-al-presupuesto-en-educacion-superior-para-el-proximo-ano\/#primaryimage"},"thumbnailUrl":"https:\/\/canal7slp.tv\/2019\/wp-content\/uploads\/2019\/08\/sep.jpg","datePublished":"2019-08-12T23:14:32+00:00","breadcrumb":{"@id":"https:\/\/canal7slp.tv\/2019\/anuncia-titular-de-la-sep-incremento-al-presupuesto-en-educacion-superior-para-el-proximo-ano\/#breadcrumb"},"inLanguage":"es","potentialAction":[{"@type":"ReadAction","target":["https:\/\/canal7slp.tv\/2019\/anuncia-titular-de-la-sep-incremento-al-presupuesto-en-educacion-superior-para-el-proximo-ano\/"]}]},{"@type":"ImageObject","inLanguage":"es","@id":"https:\/\/canal7slp.tv\/2019\/anuncia-titular-de-la-sep-incremento-al-presupuesto-en-educacion-superior-para-el-proximo-ano\/#primaryimage","url":"https:\/\/canal7slp.tv\/2019\/wp-content\/uploads\/2019\/08\/sep.jpg","contentUrl":"https:\/\/canal7slp.tv\/2019\/wp-content\/uploads\/2019\/08\/sep.jpg","width":750,"height":499},{"@type":"BreadcrumbList","@id":"https:\/\/canal7slp.tv\/2019\/anuncia-titular-de-la-sep-incremento-al-presupuesto-en-educacion-superior-para-el-proximo-ano\/#breadcrumb","itemListElement":[{"@type":"ListItem","position":1,"name":"Home","item":"https:\/\/canal7slp.tv\/2019\/"},{"@type":"ListItem","position":2,"name":"Anuncia, titular de la SEP, incremento al presupuesto en educaci\u00f3n superior para el pr\u00f3ximo a\u00f1o"}]},{"@type":"WebSite","@id":"https:\/\/canal7slp.tv\/2019\/#website","url":"https:\/\/canal7slp.tv\/2019\/","name":"Canal 7 SLP - Somos TV","description":"Somos un Canal de 10","publisher":{"@id":"https:\/\/canal7slp.tv\/2019\/#organization"},"potentialAction":[{"@type":"SearchAction","target":{"@type":"EntryPoint","urlTemplate":"https:\/\/canal7slp.tv\/2019\/?s={search_term_string}"},"query-input":{"@type":"PropertyValueSpecification","valueRequired":true,"valueName":"search_term_string"}}],"inLanguage":"es"},{"@type":"Organization","@id":"https:\/\/canal7slp.tv\/2019\/#organization","name":"Comunicaci\u00f3n 2000 S.A. de C.V.","url":"https:\/\/canal7slp.tv\/2019\/","logo":{"@type":"ImageObject","inLanguage":"es","@id":"https:\/\/canal7slp.tv\/2019\/#\/schema\/logo\/image\/","url":"https:\/\/canal7slp.tv\/2019\/wp-content\/uploads\/2019\/07\/logo-c7.png","contentUrl":"https:\/\/canal7slp.tv\/2019\/wp-content\/uploads\/2019\/07\/logo-c7.png","width":220,"height":60,"caption":"Comunicaci\u00f3n 2000 S.A. de C.V."},"image":{"@id":"https:\/\/canal7slp.tv\/2019\/#\/schema\/logo\/image\/"},"sameAs":["https:\/\/www.facebook.com\/CANAL7SLP\/","https:\/\/x.com\/canal7_slp","https:\/\/www.instagram.com\/canal7_slp","https:\/\/www.youtube.com\/user\/NOTICIEROSCANAL7SLP\/"]},{"@type":"Person","@id":"https:\/\/canal7slp.tv\/2019\/#\/schema\/person\/11d941c1c6ca30ac0a46b95fa37aa2e3","name":"edicionweb","image":{"@type":"ImageObject","inLanguage":"es","@id":"https:\/\/secure.gravatar.com\/avatar\/eee448fc3f7164808013b816ba91ac7e43bbe82a70bebac296f8bc6f0addaa1a?s=96&d=mm&r=g","url":"https:\/\/secure.gravatar.com\/avatar\/eee448fc3f7164808013b816ba91ac7e43bbe82a70bebac296f8bc6f0addaa1a?s=96&d=mm&r=g","contentUrl":"https:\/\/secure.gravatar.com\/avatar\/eee448fc3f7164808013b816ba91ac7e43bbe82a70bebac296f8bc6f0addaa1a?s=96&d=mm&r=g","caption":"edicionweb"}}]}},"amp_enabled":true,"cmb2":{"video_ids_in_playlist":{"vid_p_videos":""},"video_ids_in_channel":{"vid_c_videos":""},"playlist_ids_in_channel":{"vid_c_playlists":""},"series_ids_in_channel":{"vid_c_series":""},"channel_images":{"vid_c_logo":"","vid_c_banner":""},"poster_feature_image":{"vid_m_poster_image":""},"gif_feature_image":{"vid_m_gif_image":""},"video_movie_settings":{"vid_m_director":"","vid_m_actor":"","vid_m_imdb_ratings":"","vid_m_amazon_associates":""},"vid_youtube_broadcasts_settings":{"vid_yb_broadcast_title":"","vid_yb_q":"","vid_yb_channelid":"","vid_yb_videocategoryid":"","vid_yb_maxresults":"","vid_yb_order":"","vid_yb_regioncode":"","vid_yb_videosyndicated":"","vid_yb_style":"","vid_yb_reload_first":""},"video_series_settings":{"vid_m_director":"","vid_m_actor":"","vid_m_imdb_ratings":"","video_series_group":""},"amazon_associates_settings":{"amazon_associates":"","amazon_native_ad":""},"vid_youtube_automatic_settings":{"vid_ya_youtube_source":"","vid_ya_update_every":"","vid_ya_update_unit":"","vid_ya_categories":"","vid_ya_published_after":"","vid_ya_published_before":"","vid_ya_playlists":"","vid_ya_channels":"","vid_ya_director":"","vid_ya_actor":"","vid_ya_author":"","vid_ya_import_post_date":"","vid_ya_status":"","vid_ya_sub_api_key":""},"vid_ads_m_videoads_settings_post":{"vid_ads_m_video_ads":"","vid_ads_m_video_ads_type":"","vid_ads_m_group_google_ima":"","vid_ads_m_group_image":"","vid_ads_m_group_html5_video":"","vid_ads_m_group_html":"","vid_ads_m_vast_preroll":"","vid_ads_m_vast_postroll":"","vid_ads_m_vast_pauseroll":"","vid_ads_m_vast_midroll":[{"vid_ads_m_vast_timer_seconds":"50"}],"vid_ads_m_time_to_show_ads":"","vid_ads_m_time_skip_ads":"","vid_ads_m_time_to_hide_ads":""},"page_slider_settings":{"display_slider_group":"","page_slider_group":""},"blog_page_settings":{"blog_page_title":"","blog_page_heading":"","blog_page_ic":"","blog_page_it":"","blog_page_ec":"","blog_page_ip":"","archive_loop_style":"","blog_image_ratio":"","blog_show_categories":"","blog_show_excerpt":"","blog_show_author":"","blog_show_date":"","blog_show_comment_count":"","blog_show_view_count":"","blog_show_like_count":"","blog_show_dislike_count":"","blog_items_per_page":"","blog_pag_type":""},"page_options":{"get_page_template":"","color_mode":"","main_layout":"","main_layout_full_with":"","main_logo":"","main_logo_retina":"","main_logo_mobile":"","main_logo_mobile_retina":"","sticky_logo":"","sticky_logo_retina":"","main_nav_layout":"","ajax_search":"","header_background":"","theme_sidebar":"","instagram_feed":"","instagram_feed_position":"","popular_videos":"","popular_videos_title_1":"","popular_videos_title_2":"","popular_videos_ic":"","popular_videos_it":"","theme_background":"","page_custom_css":""},"feature_image_settings":{"feature_image_position":""},"video_player_settings":{"single_video_style":"","video_player_position":"","vm_video_url":"","video_player_library":"","video_streaming":"","vm_media_sources":"","vid_auto_play":"","vm_video_shortcode":"","vid_p_sync_playlist":"","vid_c_sync_channel":"","get_post_format":"","multiple_links_structure":"default","multi_links_title":"","vm_video_multi_links":"","vm_duration":"","vid_social_locker":"off","vid_social_locker_id":"","vid_membership_action":"content-video","vm_video_trailer_url":"","vid_download_type":"free","vid_download_target":"download","vid_woo_product":"","vm_media_download":"","user_rating":"","user_rating_position":"","user_rating_mode":"","user_rating_multi_sets":""},"video_auto_fetch_settings":{"vm_video_fetch":"on"},"video_fake_views_likes":{"vm_fake_views":"","vm_fake_likes":"","vm_fake_dislikes":""},"gallery_settings":{"gallery_position":""},"quote_settings":{"quote_position":""},"post_options":{"main_layout":"","main_logo":"","main_logo_retina":"","main_logo_mobile":"","main_logo_mobile_retina":"","sticky_logo":"","sticky_logo_retina":"","main_nav_layout":"","header_background":"","theme_sidebar":"","single_post_comment_type":"","theme_background":""}},"_links":{"self":[{"href":"https:\/\/canal7slp.tv\/2019\/wp-json\/wp\/v2\/posts\/48206","targetHints":{"allow":["GET"]}}],"collection":[{"href":"https:\/\/canal7slp.tv\/2019\/wp-json\/wp\/v2\/posts"}],"about":[{"href":"https:\/\/canal7slp.tv\/2019\/wp-json\/wp\/v2\/types\/post"}],"author":[{"embeddable":true,"href":"https:\/\/canal7slp.tv\/2019\/wp-json\/wp\/v2\/users\/2"}],"replies":[{"embeddable":true,"href":"https:\/\/canal7slp.tv\/2019\/wp-json\/wp\/v2\/comments?post=48206"}],"version-history":[{"count":0,"href":"https:\/\/canal7slp.tv\/2019\/wp-json\/wp\/v2\/posts\/48206\/revisions"}],"wp:featuredmedia":[{"embeddable":true,"href":"https:\/\/canal7slp.tv\/2019\/wp-json\/wp\/v2\/media\/48210"}],"wp:attachment":[{"href":"https:\/\/canal7slp.tv\/2019\/wp-json\/wp\/v2\/media?parent=48206"}],"wp:term":[{"taxonomy":"category","embeddable":true,"href":"https:\/\/canal7slp.tv\/2019\/wp-json\/wp\/v2\/categories?post=48206"},{"taxonomy":"post_tag","embeddable":true,"href":"https:\/\/canal7slp.tv\/2019\/wp-json\/wp\/v2\/tags?post=48206"}],"curies":[{"name":"wp","href":"https:\/\/api.w.org\/{rel}","templated":true}]}}