{"id":48202,"date":"2019-08-12T18:07:48","date_gmt":"2019-08-12T23:07:48","guid":{"rendered":"https:\/\/canal7slp.tv\/2019\/?p=48202"},"modified":"2019-08-12T18:07:48","modified_gmt":"2019-08-12T23:07:48","slug":"fiscal-se-reune-con-agrupaciones-y-asociaciones-de-abogados-del-altiplano","status":"publish","type":"post","link":"https:\/\/canal7slp.tv\/2019\/fiscal-se-reune-con-agrupaciones-y-asociaciones-de-abogados-del-altiplano\/","title":{"rendered":"Fiscal se reune con agrupaciones y asociaciones de abogados del Altiplano"},"content":{"rendered":"<ul>\n<li style=\"text-align: justify;\">El objetivo es sumar esfuerzos para una mejor procuraci\u00f3n de justicia en la regi\u00f3n<\/li>\n<li style=\"text-align: justify;\">Se acord\u00f3 un Foro en pr\u00f3ximos d\u00edas para socializar la funci\u00f3n de la FGE y del NSJP<\/li>\n<\/ul>\n<p style=\"text-align: justify;\">Matehuala.- El Fiscala General del Estado, Federico Garza Herrera se reuni\u00f3 con representantes de asociaciones y agrupaciones de abogados y abogadas en Matehuala con el objetivo de sumar esfuerzos para llevar en conjunto una mejor procuraci\u00f3n de justicia en la zona Altiplano de San Luis Potos\u00ed, cada uno desde sus \u00e1mbitos.<\/p>\n<p style=\"text-align: justify;\">Adem\u00e1s de escuchar las necesidades de las y los litigadores, el funcionario del ente aut\u00f3nomo, indic\u00f3 que est\u00e1 acudiendo personalmente para corregir las problem\u00e1ticas de lo que pudiera presentarse con la reciente creaci\u00f3n de las delegaciones en que se dividi\u00f3 el estado \u201cvengo a saber la problem\u00e1tica de la regi\u00f3n para corregir y entre todos y todas, conformar un sistema de justicia penal uniforme con buenos resultados en beneficio de la poblaci\u00f3n\u201d.<\/p>\n<p style=\"text-align: justify;\">Algunos de los asistentes se\u00f1alaron en el conversatorio que en la Delegaci\u00f3n de Matehuala se han visto mejoras con los recientes cambios, sin embargo es necesario redoblar esfuerzos y seguir capacitando al personal para que brinden una mejor atenci\u00f3n a los usuarios y usuarias que acuden d\u00eda con d\u00eda a alg\u00fan servicio, al igual que se cuente con espacios dignos tanto como para Ministerios P\u00fablicos como Polic\u00edas de Investigaci\u00f3n.<\/p>\n<p style=\"text-align: justify;\">Asimismo, uno de los acuerdos que se tuvo fue el de realizar un foro el pr\u00f3ximo mes de septiembre en el que se invite a diversos sectores de la poblaci\u00f3n para socializar la funci\u00f3n que lleva acabo la Fiscal\u00eda General del Estado y lo concerniente al nuevo sistema de justicia penal para que de una forma accesible, las y los habitantes comprendan, tanto la transici\u00f3n de la instituci\u00f3n como el nuevo paradigma de justicia que ha generado a\u00fan muchas dudas en todo el pa\u00eds.<\/p>\n<p style=\"text-align: justify;\">De igual forma, Garza Herrera coment\u00f3 que siempre hay apertura en Fiscal\u00eda y con la conformaci\u00f3n del Instituto Universitario de Ciencias Penales y Forenses, se buscar\u00e1 generar capacitaci\u00f3n a las y los abogados que as\u00ed lo requieran para que se profesionalicen en su labor.<\/p>\n<p style=\"text-align: justify;\">A la reuni\u00f3n tambi\u00e9n acudi\u00f3 personal de la Comisi\u00f3n Estatal de Derechos Humanos (CEDH); de la Delegaci\u00f3n de la Fiscal\u00eda General de la Rep\u00fablica (FGR); Jueces de Control; el Vicefiscal y la Coordinadora de Delegaciones de la FGESLP; entre otros asistentes.<\/p>\n","protected":false},"excerpt":{"rendered":"<p>El objetivo es sumar esfuerzos para una mejor procuraci\u00f3n de justicia en la regi\u00f3n Se acord\u00f3 un Foro en pr\u00f3ximos d\u00edas para socializar la funci\u00f3n de la FGE y del NSJP Matehuala.- El Fiscala General del Estado, Federico Garza Herrera se reuni\u00f3 con representantes de asociaciones y agrupaciones de abogados y abogadas en Matehuala con [&hellip;]<\/p>\n","protected":false},"author":2,"featured_media":48204,"comment_status":"open","ping_status":"closed","sticky":false,"template":"","format":"standard","meta":{"footnotes":""},"categories":[17],"tags":[],"class_list":["post-48202","post","type-post","status-publish","format-standard","has-post-thumbnail","hentry","category-localesyregionales"],"yoast_head":"<!-- This site is optimized with the Yoast SEO plugin v27.4 - https:\/\/yoast.com\/product\/yoast-seo-wordpress\/ -->\n<title>Fiscal se reune con agrupaciones y asociaciones de abogados del Altiplano - Canal 7 SLP - 2019<\/title>\n<meta name=\"robots\" content=\"index, follow, max-snippet:-1, max-image-preview:large, max-video-preview:-1\" \/>\n<link rel=\"canonical\" href=\"https:\/\/canal7slp.tv\/2019\/fiscal-se-reune-con-agrupaciones-y-asociaciones-de-abogados-del-altiplano\/\" \/>\n<meta property=\"og:locale\" content=\"es_ES\" \/>\n<meta property=\"og:type\" content=\"article\" \/>\n<meta property=\"og:title\" content=\"Fiscal se reune con agrupaciones y asociaciones de abogados del Altiplano - Canal 7 SLP - 2019\" \/>\n<meta property=\"og:description\" content=\"El objetivo es sumar esfuerzos para una mejor procuraci\u00f3n de justicia en la regi\u00f3n Se acord\u00f3 un Foro en pr\u00f3ximos d\u00edas para socializar la funci\u00f3n de la FGE y del NSJP Matehuala.- El Fiscala General del Estado, Federico Garza Herrera se reuni\u00f3 con representantes de asociaciones y agrupaciones de abogados y abogadas en Matehuala con [&hellip;]\" \/>\n<meta property=\"og:url\" content=\"https:\/\/canal7slp.tv\/2019\/fiscal-se-reune-con-agrupaciones-y-asociaciones-de-abogados-del-altiplano\/\" \/>\n<meta property=\"og:site_name\" content=\"Canal 7 SLP - 2019\" \/>\n<meta property=\"article:publisher\" content=\"https:\/\/www.facebook.com\/CANAL7SLP\/\" \/>\n<meta property=\"article:published_time\" content=\"2019-08-12T23:07:48+00:00\" \/>\n<meta property=\"og:image\" content=\"https:\/\/canal7slp.tv\/2019\/wp-content\/uploads\/2019\/08\/gob1.jpg\" \/>\n\t<meta property=\"og:image:width\" content=\"750\" \/>\n\t<meta property=\"og:image:height\" content=\"438\" \/>\n\t<meta property=\"og:image:type\" content=\"image\/jpeg\" \/>\n<meta name=\"author\" content=\"edicionweb\" \/>\n<meta name=\"twitter:card\" content=\"summary_large_image\" \/>\n<meta name=\"twitter:creator\" content=\"@canal7_slp\" \/>\n<meta name=\"twitter:site\" content=\"@canal7_slp\" \/>\n<meta name=\"twitter:label1\" content=\"Escrito por\" \/>\n\t<meta name=\"twitter:data1\" content=\"edicionweb\" \/>\n\t<meta name=\"twitter:label2\" content=\"Tiempo de lectura\" \/>\n\t<meta name=\"twitter:data2\" content=\"2 minutos\" \/>\n<script type=\"application\/ld+json\" class=\"yoast-schema-graph\">{\"@context\":\"https:\\\/\\\/schema.org\",\"@graph\":[{\"@type\":\"Article\",\"@id\":\"https:\\\/\\\/canal7slp.tv\\\/2019\\\/fiscal-se-reune-con-agrupaciones-y-asociaciones-de-abogados-del-altiplano\\\/#article\",\"isPartOf\":{\"@id\":\"https:\\\/\\\/canal7slp.tv\\\/2019\\\/fiscal-se-reune-con-agrupaciones-y-asociaciones-de-abogados-del-altiplano\\\/\"},\"author\":{\"name\":\"edicionweb\",\"@id\":\"https:\\\/\\\/canal7slp.tv\\\/2019\\\/#\\\/schema\\\/person\\\/11d941c1c6ca30ac0a46b95fa37aa2e3\"},\"headline\":\"Fiscal se reune con agrupaciones y asociaciones de abogados del Altiplano\",\"datePublished\":\"2019-08-12T23:07:48+00:00\",\"mainEntityOfPage\":{\"@id\":\"https:\\\/\\\/canal7slp.tv\\\/2019\\\/fiscal-se-reune-con-agrupaciones-y-asociaciones-de-abogados-del-altiplano\\\/\"},\"wordCount\":443,\"commentCount\":0,\"publisher\":{\"@id\":\"https:\\\/\\\/canal7slp.tv\\\/2019\\\/#organization\"},\"image\":{\"@id\":\"https:\\\/\\\/canal7slp.tv\\\/2019\\\/fiscal-se-reune-con-agrupaciones-y-asociaciones-de-abogados-del-altiplano\\\/#primaryimage\"},\"thumbnailUrl\":\"https:\\\/\\\/canal7slp.tv\\\/2019\\\/wp-content\\\/uploads\\\/2019\\\/08\\\/gob1.jpg\",\"articleSection\":[\"LOCALES Y REGIONALES\"],\"inLanguage\":\"es\",\"potentialAction\":[{\"@type\":\"CommentAction\",\"name\":\"Comment\",\"target\":[\"https:\\\/\\\/canal7slp.tv\\\/2019\\\/fiscal-se-reune-con-agrupaciones-y-asociaciones-de-abogados-del-altiplano\\\/#respond\"]}]},{\"@type\":\"WebPage\",\"@id\":\"https:\\\/\\\/canal7slp.tv\\\/2019\\\/fiscal-se-reune-con-agrupaciones-y-asociaciones-de-abogados-del-altiplano\\\/\",\"url\":\"https:\\\/\\\/canal7slp.tv\\\/2019\\\/fiscal-se-reune-con-agrupaciones-y-asociaciones-de-abogados-del-altiplano\\\/\",\"name\":\"Fiscal se reune con agrupaciones y asociaciones de abogados del Altiplano - Canal 7 SLP - 2019\",\"isPartOf\":{\"@id\":\"https:\\\/\\\/canal7slp.tv\\\/2019\\\/#website\"},\"primaryImageOfPage\":{\"@id\":\"https:\\\/\\\/canal7slp.tv\\\/2019\\\/fiscal-se-reune-con-agrupaciones-y-asociaciones-de-abogados-del-altiplano\\\/#primaryimage\"},\"image\":{\"@id\":\"https:\\\/\\\/canal7slp.tv\\\/2019\\\/fiscal-se-reune-con-agrupaciones-y-asociaciones-de-abogados-del-altiplano\\\/#primaryimage\"},\"thumbnailUrl\":\"https:\\\/\\\/canal7slp.tv\\\/2019\\\/wp-content\\\/uploads\\\/2019\\\/08\\\/gob1.jpg\",\"datePublished\":\"2019-08-12T23:07:48+00:00\",\"breadcrumb\":{\"@id\":\"https:\\\/\\\/canal7slp.tv\\\/2019\\\/fiscal-se-reune-con-agrupaciones-y-asociaciones-de-abogados-del-altiplano\\\/#breadcrumb\"},\"inLanguage\":\"es\",\"potentialAction\":[{\"@type\":\"ReadAction\",\"target\":[\"https:\\\/\\\/canal7slp.tv\\\/2019\\\/fiscal-se-reune-con-agrupaciones-y-asociaciones-de-abogados-del-altiplano\\\/\"]}]},{\"@type\":\"ImageObject\",\"inLanguage\":\"es\",\"@id\":\"https:\\\/\\\/canal7slp.tv\\\/2019\\\/fiscal-se-reune-con-agrupaciones-y-asociaciones-de-abogados-del-altiplano\\\/#primaryimage\",\"url\":\"https:\\\/\\\/canal7slp.tv\\\/2019\\\/wp-content\\\/uploads\\\/2019\\\/08\\\/gob1.jpg\",\"contentUrl\":\"https:\\\/\\\/canal7slp.tv\\\/2019\\\/wp-content\\\/uploads\\\/2019\\\/08\\\/gob1.jpg\",\"width\":750,\"height\":438},{\"@type\":\"BreadcrumbList\",\"@id\":\"https:\\\/\\\/canal7slp.tv\\\/2019\\\/fiscal-se-reune-con-agrupaciones-y-asociaciones-de-abogados-del-altiplano\\\/#breadcrumb\",\"itemListElement\":[{\"@type\":\"ListItem\",\"position\":1,\"name\":\"Home\",\"item\":\"https:\\\/\\\/canal7slp.tv\\\/2019\\\/\"},{\"@type\":\"ListItem\",\"position\":2,\"name\":\"Fiscal se reune con agrupaciones y asociaciones de abogados del Altiplano\"}]},{\"@type\":\"WebSite\",\"@id\":\"https:\\\/\\\/canal7slp.tv\\\/2019\\\/#website\",\"url\":\"https:\\\/\\\/canal7slp.tv\\\/2019\\\/\",\"name\":\"Canal 7 SLP - Somos TV\",\"description\":\"Somos un Canal de 10\",\"publisher\":{\"@id\":\"https:\\\/\\\/canal7slp.tv\\\/2019\\\/#organization\"},\"potentialAction\":[{\"@type\":\"SearchAction\",\"target\":{\"@type\":\"EntryPoint\",\"urlTemplate\":\"https:\\\/\\\/canal7slp.tv\\\/2019\\\/?s={search_term_string}\"},\"query-input\":{\"@type\":\"PropertyValueSpecification\",\"valueRequired\":true,\"valueName\":\"search_term_string\"}}],\"inLanguage\":\"es\"},{\"@type\":\"Organization\",\"@id\":\"https:\\\/\\\/canal7slp.tv\\\/2019\\\/#organization\",\"name\":\"Comunicaci\u00f3n 2000 S.A. de C.V.\",\"url\":\"https:\\\/\\\/canal7slp.tv\\\/2019\\\/\",\"logo\":{\"@type\":\"ImageObject\",\"inLanguage\":\"es\",\"@id\":\"https:\\\/\\\/canal7slp.tv\\\/2019\\\/#\\\/schema\\\/logo\\\/image\\\/\",\"url\":\"https:\\\/\\\/canal7slp.tv\\\/2019\\\/wp-content\\\/uploads\\\/2019\\\/07\\\/logo-c7.png\",\"contentUrl\":\"https:\\\/\\\/canal7slp.tv\\\/2019\\\/wp-content\\\/uploads\\\/2019\\\/07\\\/logo-c7.png\",\"width\":220,\"height\":60,\"caption\":\"Comunicaci\u00f3n 2000 S.A. de C.V.\"},\"image\":{\"@id\":\"https:\\\/\\\/canal7slp.tv\\\/2019\\\/#\\\/schema\\\/logo\\\/image\\\/\"},\"sameAs\":[\"https:\\\/\\\/www.facebook.com\\\/CANAL7SLP\\\/\",\"https:\\\/\\\/x.com\\\/canal7_slp\",\"https:\\\/\\\/www.instagram.com\\\/canal7_slp\",\"https:\\\/\\\/www.youtube.com\\\/user\\\/NOTICIEROSCANAL7SLP\\\/\"]},{\"@type\":\"Person\",\"@id\":\"https:\\\/\\\/canal7slp.tv\\\/2019\\\/#\\\/schema\\\/person\\\/11d941c1c6ca30ac0a46b95fa37aa2e3\",\"name\":\"edicionweb\",\"image\":{\"@type\":\"ImageObject\",\"inLanguage\":\"es\",\"@id\":\"https:\\\/\\\/secure.gravatar.com\\\/avatar\\\/eee448fc3f7164808013b816ba91ac7e43bbe82a70bebac296f8bc6f0addaa1a?s=96&d=mm&r=g\",\"url\":\"https:\\\/\\\/secure.gravatar.com\\\/avatar\\\/eee448fc3f7164808013b816ba91ac7e43bbe82a70bebac296f8bc6f0addaa1a?s=96&d=mm&r=g\",\"contentUrl\":\"https:\\\/\\\/secure.gravatar.com\\\/avatar\\\/eee448fc3f7164808013b816ba91ac7e43bbe82a70bebac296f8bc6f0addaa1a?s=96&d=mm&r=g\",\"caption\":\"edicionweb\"}}]}<\/script>\n<!-- \/ Yoast SEO plugin. -->","yoast_head_json":{"title":"Fiscal se reune con agrupaciones y asociaciones de abogados del Altiplano - Canal 7 SLP - 2019","robots":{"index":"index","follow":"follow","max-snippet":"max-snippet:-1","max-image-preview":"max-image-preview:large","max-video-preview":"max-video-preview:-1"},"canonical":"https:\/\/canal7slp.tv\/2019\/fiscal-se-reune-con-agrupaciones-y-asociaciones-de-abogados-del-altiplano\/","og_locale":"es_ES","og_type":"article","og_title":"Fiscal se reune con agrupaciones y asociaciones de abogados del Altiplano - Canal 7 SLP - 2019","og_description":"El objetivo es sumar esfuerzos para una mejor procuraci\u00f3n de justicia en la regi\u00f3n Se acord\u00f3 un Foro en pr\u00f3ximos d\u00edas para socializar la funci\u00f3n de la FGE y del NSJP Matehuala.- El Fiscala General del Estado, Federico Garza Herrera se reuni\u00f3 con representantes de asociaciones y agrupaciones de abogados y abogadas en Matehuala con [&hellip;]","og_url":"https:\/\/canal7slp.tv\/2019\/fiscal-se-reune-con-agrupaciones-y-asociaciones-de-abogados-del-altiplano\/","og_site_name":"Canal 7 SLP - 2019","article_publisher":"https:\/\/www.facebook.com\/CANAL7SLP\/","article_published_time":"2019-08-12T23:07:48+00:00","og_image":[{"width":750,"height":438,"url":"https:\/\/canal7slp.tv\/2019\/wp-content\/uploads\/2019\/08\/gob1.jpg","type":"image\/jpeg"}],"author":"edicionweb","twitter_card":"summary_large_image","twitter_creator":"@canal7_slp","twitter_site":"@canal7_slp","twitter_misc":{"Escrito por":"edicionweb","Tiempo de lectura":"2 minutos"},"schema":{"@context":"https:\/\/schema.org","@graph":[{"@type":"Article","@id":"https:\/\/canal7slp.tv\/2019\/fiscal-se-reune-con-agrupaciones-y-asociaciones-de-abogados-del-altiplano\/#article","isPartOf":{"@id":"https:\/\/canal7slp.tv\/2019\/fiscal-se-reune-con-agrupaciones-y-asociaciones-de-abogados-del-altiplano\/"},"author":{"name":"edicionweb","@id":"https:\/\/canal7slp.tv\/2019\/#\/schema\/person\/11d941c1c6ca30ac0a46b95fa37aa2e3"},"headline":"Fiscal se reune con agrupaciones y asociaciones de abogados del Altiplano","datePublished":"2019-08-12T23:07:48+00:00","mainEntityOfPage":{"@id":"https:\/\/canal7slp.tv\/2019\/fiscal-se-reune-con-agrupaciones-y-asociaciones-de-abogados-del-altiplano\/"},"wordCount":443,"commentCount":0,"publisher":{"@id":"https:\/\/canal7slp.tv\/2019\/#organization"},"image":{"@id":"https:\/\/canal7slp.tv\/2019\/fiscal-se-reune-con-agrupaciones-y-asociaciones-de-abogados-del-altiplano\/#primaryimage"},"thumbnailUrl":"https:\/\/canal7slp.tv\/2019\/wp-content\/uploads\/2019\/08\/gob1.jpg","articleSection":["LOCALES Y REGIONALES"],"inLanguage":"es","potentialAction":[{"@type":"CommentAction","name":"Comment","target":["https:\/\/canal7slp.tv\/2019\/fiscal-se-reune-con-agrupaciones-y-asociaciones-de-abogados-del-altiplano\/#respond"]}]},{"@type":"WebPage","@id":"https:\/\/canal7slp.tv\/2019\/fiscal-se-reune-con-agrupaciones-y-asociaciones-de-abogados-del-altiplano\/","url":"https:\/\/canal7slp.tv\/2019\/fiscal-se-reune-con-agrupaciones-y-asociaciones-de-abogados-del-altiplano\/","name":"Fiscal se reune con agrupaciones y asociaciones de abogados del Altiplano - Canal 7 SLP - 2019","isPartOf":{"@id":"https:\/\/canal7slp.tv\/2019\/#website"},"primaryImageOfPage":{"@id":"https:\/\/canal7slp.tv\/2019\/fiscal-se-reune-con-agrupaciones-y-asociaciones-de-abogados-del-altiplano\/#primaryimage"},"image":{"@id":"https:\/\/canal7slp.tv\/2019\/fiscal-se-reune-con-agrupaciones-y-asociaciones-de-abogados-del-altiplano\/#primaryimage"},"thumbnailUrl":"https:\/\/canal7slp.tv\/2019\/wp-content\/uploads\/2019\/08\/gob1.jpg","datePublished":"2019-08-12T23:07:48+00:00","breadcrumb":{"@id":"https:\/\/canal7slp.tv\/2019\/fiscal-se-reune-con-agrupaciones-y-asociaciones-de-abogados-del-altiplano\/#breadcrumb"},"inLanguage":"es","potentialAction":[{"@type":"ReadAction","target":["https:\/\/canal7slp.tv\/2019\/fiscal-se-reune-con-agrupaciones-y-asociaciones-de-abogados-del-altiplano\/"]}]},{"@type":"ImageObject","inLanguage":"es","@id":"https:\/\/canal7slp.tv\/2019\/fiscal-se-reune-con-agrupaciones-y-asociaciones-de-abogados-del-altiplano\/#primaryimage","url":"https:\/\/canal7slp.tv\/2019\/wp-content\/uploads\/2019\/08\/gob1.jpg","contentUrl":"https:\/\/canal7slp.tv\/2019\/wp-content\/uploads\/2019\/08\/gob1.jpg","width":750,"height":438},{"@type":"BreadcrumbList","@id":"https:\/\/canal7slp.tv\/2019\/fiscal-se-reune-con-agrupaciones-y-asociaciones-de-abogados-del-altiplano\/#breadcrumb","itemListElement":[{"@type":"ListItem","position":1,"name":"Home","item":"https:\/\/canal7slp.tv\/2019\/"},{"@type":"ListItem","position":2,"name":"Fiscal se reune con agrupaciones y asociaciones de abogados del Altiplano"}]},{"@type":"WebSite","@id":"https:\/\/canal7slp.tv\/2019\/#website","url":"https:\/\/canal7slp.tv\/2019\/","name":"Canal 7 SLP - Somos TV","description":"Somos un Canal de 10","publisher":{"@id":"https:\/\/canal7slp.tv\/2019\/#organization"},"potentialAction":[{"@type":"SearchAction","target":{"@type":"EntryPoint","urlTemplate":"https:\/\/canal7slp.tv\/2019\/?s={search_term_string}"},"query-input":{"@type":"PropertyValueSpecification","valueRequired":true,"valueName":"search_term_string"}}],"inLanguage":"es"},{"@type":"Organization","@id":"https:\/\/canal7slp.tv\/2019\/#organization","name":"Comunicaci\u00f3n 2000 S.A. de C.V.","url":"https:\/\/canal7slp.tv\/2019\/","logo":{"@type":"ImageObject","inLanguage":"es","@id":"https:\/\/canal7slp.tv\/2019\/#\/schema\/logo\/image\/","url":"https:\/\/canal7slp.tv\/2019\/wp-content\/uploads\/2019\/07\/logo-c7.png","contentUrl":"https:\/\/canal7slp.tv\/2019\/wp-content\/uploads\/2019\/07\/logo-c7.png","width":220,"height":60,"caption":"Comunicaci\u00f3n 2000 S.A. de C.V."},"image":{"@id":"https:\/\/canal7slp.tv\/2019\/#\/schema\/logo\/image\/"},"sameAs":["https:\/\/www.facebook.com\/CANAL7SLP\/","https:\/\/x.com\/canal7_slp","https:\/\/www.instagram.com\/canal7_slp","https:\/\/www.youtube.com\/user\/NOTICIEROSCANAL7SLP\/"]},{"@type":"Person","@id":"https:\/\/canal7slp.tv\/2019\/#\/schema\/person\/11d941c1c6ca30ac0a46b95fa37aa2e3","name":"edicionweb","image":{"@type":"ImageObject","inLanguage":"es","@id":"https:\/\/secure.gravatar.com\/avatar\/eee448fc3f7164808013b816ba91ac7e43bbe82a70bebac296f8bc6f0addaa1a?s=96&d=mm&r=g","url":"https:\/\/secure.gravatar.com\/avatar\/eee448fc3f7164808013b816ba91ac7e43bbe82a70bebac296f8bc6f0addaa1a?s=96&d=mm&r=g","contentUrl":"https:\/\/secure.gravatar.com\/avatar\/eee448fc3f7164808013b816ba91ac7e43bbe82a70bebac296f8bc6f0addaa1a?s=96&d=mm&r=g","caption":"edicionweb"}}]}},"amp_enabled":true,"cmb2":{"video_ids_in_playlist":{"vid_p_videos":""},"video_ids_in_channel":{"vid_c_videos":""},"playlist_ids_in_channel":{"vid_c_playlists":""},"series_ids_in_channel":{"vid_c_series":""},"channel_images":{"vid_c_logo":"","vid_c_banner":""},"poster_feature_image":{"vid_m_poster_image":""},"gif_feature_image":{"vid_m_gif_image":""},"video_movie_settings":{"vid_m_director":"","vid_m_actor":"","vid_m_imdb_ratings":"","vid_m_amazon_associates":""},"vid_youtube_broadcasts_settings":{"vid_yb_broadcast_title":"","vid_yb_q":"","vid_yb_channelid":"","vid_yb_videocategoryid":"","vid_yb_maxresults":"","vid_yb_order":"","vid_yb_regioncode":"","vid_yb_videosyndicated":"","vid_yb_style":"","vid_yb_reload_first":""},"video_series_settings":{"vid_m_director":"","vid_m_actor":"","vid_m_imdb_ratings":"","video_series_group":""},"amazon_associates_settings":{"amazon_associates":"","amazon_native_ad":""},"vid_youtube_automatic_settings":{"vid_ya_youtube_source":"","vid_ya_update_every":"","vid_ya_update_unit":"","vid_ya_categories":"","vid_ya_published_after":"","vid_ya_published_before":"","vid_ya_playlists":"","vid_ya_channels":"","vid_ya_director":"","vid_ya_actor":"","vid_ya_author":"","vid_ya_import_post_date":"","vid_ya_status":"","vid_ya_sub_api_key":""},"vid_ads_m_videoads_settings_post":{"vid_ads_m_video_ads":"","vid_ads_m_video_ads_type":"","vid_ads_m_group_google_ima":"","vid_ads_m_group_image":"","vid_ads_m_group_html5_video":"","vid_ads_m_group_html":"","vid_ads_m_vast_preroll":"","vid_ads_m_vast_postroll":"","vid_ads_m_vast_pauseroll":"","vid_ads_m_vast_midroll":[{"vid_ads_m_vast_timer_seconds":"50"}],"vid_ads_m_time_to_show_ads":"","vid_ads_m_time_skip_ads":"","vid_ads_m_time_to_hide_ads":""},"page_slider_settings":{"display_slider_group":"","page_slider_group":""},"blog_page_settings":{"blog_page_title":"","blog_page_heading":"","blog_page_ic":"","blog_page_it":"","blog_page_ec":"","blog_page_ip":"","archive_loop_style":"","blog_image_ratio":"","blog_show_categories":"","blog_show_excerpt":"","blog_show_author":"","blog_show_date":"","blog_show_comment_count":"","blog_show_view_count":"","blog_show_like_count":"","blog_show_dislike_count":"","blog_items_per_page":"","blog_pag_type":""},"page_options":{"get_page_template":"","color_mode":"","main_layout":"","main_layout_full_with":"","main_logo":"","main_logo_retina":"","main_logo_mobile":"","main_logo_mobile_retina":"","sticky_logo":"","sticky_logo_retina":"","main_nav_layout":"","ajax_search":"","header_background":"","theme_sidebar":"","instagram_feed":"","instagram_feed_position":"","popular_videos":"","popular_videos_title_1":"","popular_videos_title_2":"","popular_videos_ic":"","popular_videos_it":"","theme_background":"","page_custom_css":""},"feature_image_settings":{"feature_image_position":""},"video_player_settings":{"single_video_style":"","video_player_position":"","vm_video_url":"","video_player_library":"","video_streaming":"","vm_media_sources":"","vid_auto_play":"","vm_video_shortcode":"","vid_p_sync_playlist":"","vid_c_sync_channel":"","get_post_format":"","multiple_links_structure":"default","multi_links_title":"","vm_video_multi_links":"","vm_duration":"","vid_social_locker":"off","vid_social_locker_id":"","vid_membership_action":"content-video","vm_video_trailer_url":"","vid_download_type":"free","vid_download_target":"download","vid_woo_product":"","vm_media_download":"","user_rating":"","user_rating_position":"","user_rating_mode":"","user_rating_multi_sets":""},"video_auto_fetch_settings":{"vm_video_fetch":"on"},"video_fake_views_likes":{"vm_fake_views":"","vm_fake_likes":"","vm_fake_dislikes":""},"gallery_settings":{"gallery_position":""},"quote_settings":{"quote_position":""},"post_options":{"main_layout":"","main_logo":"","main_logo_retina":"","main_logo_mobile":"","main_logo_mobile_retina":"","sticky_logo":"","sticky_logo_retina":"","main_nav_layout":"","header_background":"","theme_sidebar":"","single_post_comment_type":"","theme_background":""}},"_links":{"self":[{"href":"https:\/\/canal7slp.tv\/2019\/wp-json\/wp\/v2\/posts\/48202","targetHints":{"allow":["GET"]}}],"collection":[{"href":"https:\/\/canal7slp.tv\/2019\/wp-json\/wp\/v2\/posts"}],"about":[{"href":"https:\/\/canal7slp.tv\/2019\/wp-json\/wp\/v2\/types\/post"}],"author":[{"embeddable":true,"href":"https:\/\/canal7slp.tv\/2019\/wp-json\/wp\/v2\/users\/2"}],"replies":[{"embeddable":true,"href":"https:\/\/canal7slp.tv\/2019\/wp-json\/wp\/v2\/comments?post=48202"}],"version-history":[{"count":0,"href":"https:\/\/canal7slp.tv\/2019\/wp-json\/wp\/v2\/posts\/48202\/revisions"}],"wp:featuredmedia":[{"embeddable":true,"href":"https:\/\/canal7slp.tv\/2019\/wp-json\/wp\/v2\/media\/48204"}],"wp:attachment":[{"href":"https:\/\/canal7slp.tv\/2019\/wp-json\/wp\/v2\/media?parent=48202"}],"wp:term":[{"taxonomy":"category","embeddable":true,"href":"https:\/\/canal7slp.tv\/2019\/wp-json\/wp\/v2\/categories?post=48202"},{"taxonomy":"post_tag","embeddable":true,"href":"https:\/\/canal7slp.tv\/2019\/wp-json\/wp\/v2\/tags?post=48202"}],"curies":[{"name":"wp","href":"https:\/\/api.w.org\/{rel}","templated":true}]}}