{"id":47891,"date":"2019-08-12T14:56:38","date_gmt":"2019-08-12T19:56:38","guid":{"rendered":"https:\/\/canal7slp.tv\/2019\/?p=47891"},"modified":"2019-08-12T14:56:38","modified_gmt":"2019-08-12T19:56:38","slug":"alejandro-moreno-gana-la-interna-del-pri-en-eleccion-desangelada","status":"publish","type":"post","link":"https:\/\/canal7slp.tv\/2019\/alejandro-moreno-gana-la-interna-del-pri-en-eleccion-desangelada\/","title":{"rendered":"Alejandro Moreno gana la interna del PRI en elecci\u00f3n desangelada"},"content":{"rendered":"<p style=\"text-align: justify;\">SLP.- El gobernador con licencia de Campeche, Alejandro Moreno, Alito, aventaja en la elecci\u00f3n interna del Partido Revolucionario Institucional (PRI) y se perfila como el pr\u00f3ximo presidente del priismo nacional.<\/p>\n<p>Anoche, la Comisi\u00f3n Nacional de Procesos Internos (CNPI) inform\u00f3 que con 59.5% de las actas de votaci\u00f3n computadas, la f\u00f3rmula Alejandro Moreno-Carolina Viggiano tiene 83.04% de las preferencias.<\/p>\n<p>En segundo lugar va la f\u00f3rmula de Ivonne Ortega y Jos\u00e9 Encarnaci\u00f3n Alfaro, con 9.11%, seguida de Lorena Pi\u00f1\u00f3n y Daniel Santos, con 2.97% de preferencia; 1.64% de los votantes prefiri\u00f3 f\u00f3rmulas no registradas y 3.23% fueron votos nulos.<\/p>\n<p>Lorena Pi\u00f1\u00f3n reconoci\u00f3 el triunfo de Moreno C\u00e1rdenas. En tanto, Ivonne Ortega dijo que perdi\u00f3, pero \u201cno porque no hayan votado por nosotros, sino porque robaron la elecci\u00f3n\u201d.<\/p>\n<p>As\u00ed, el PRI realiz\u00f3 ayer una votaci\u00f3n para elegir a su nueva dirigencia nacional que cubrir\u00e1 el periodo estatutario 2019-2023.<\/p>\n<p>Desde las 8:30 horas, la CNPI , que encabeza Rub\u00e9n Escajeda Jim\u00e9nez , se instal\u00f3 para la apertura de 6 mil 150 mesas receptoras del voto.<\/p>\n<p>No se abrieron 10 porque en Aguascalientes hubo robo de papeler\u00eda electoral; en Michoac\u00e1n se dej\u00f3 de instalar una mesa por el clima; en Chihuahua , siete mesas quedaron fuera por condiciones geogr\u00e1ficas, lo mismo que una en Chiapas .<\/p>\n<p>La votaci\u00f3n se hizo con un padr\u00f3n de 6 millones 764 mil 615 militantes. Para la jornada se registraron solamente 32 observadores distribuidos en Tabasco, Guanajuato, San Luis Potos\u00ed y la Ciudad de M\u00e9xico.<\/p>\n<p>Procesos Internos no se aventur\u00f3 a dar una cifra de participaci\u00f3n en la jornada, empero, presumi\u00f3 alta participaci\u00f3n en el Estado de M\u00e9xico, Coahuila, Durango y Oaxaca.<\/p>\n<p>La empresa Mitofsky inform\u00f3 a las 19:00 horas el resultado de sus encuestas de salida: 80.9% para Alejandro Moreno; 15.2% para Ivonne Ortega y 3.9% para Lorena Pi\u00f1\u00f3n.<\/p>\n<p>En conferencia de prensa al concluir la jornada, Escajeda Jim\u00e9nez dijo que la comisi\u00f3n qued\u00f3 satisfecha por el desarrollo de la votaci\u00f3n, que no registr\u00f3 incidentes.<\/p>\n<p>Sobre la serie de denuncias que se difundi\u00f3 (principalmente por parte de Ivonne Ortega) durante la jornada, mencion\u00f3 que se seguir\u00e1 de oficio, pero hasta el cierre no se present\u00f3 ninguna impugnaci\u00f3n de manera formal. \u201cNo voy a calificar algunas conductas que no dejan de ser propias de un proceso\u201d, dijo.<\/p>\n<p>El pr\u00f3ximo 13 de agosto comenzar\u00e1 el c\u00f3mputo de la elecci\u00f3n, el 14 se dar\u00e1 el triunfo oficial y se entregar\u00e1 la constancia de mayor\u00eda. La nueva dirigencia nacional tomar\u00e1 posesi\u00f3n el 18 de agosto.<\/p>\n<p>La votaci\u00f3n. Las mesas receptoras abrieron desde las 09:00 horas, en las que la militancia del partido, desde gobernadores, alcaldes y legisladores, sufrag\u00f3 en medio de cuestionamientos.<\/p>\n<p>El gobernador de Hidalgo, Omar Fayad, acus\u00f3 que priistas \u201cde cepa\u201d no aparecieron en el padr\u00f3n, en tanto que algunos que incluso no est\u00e1n en las filas del partido siguieron apareciendo.<\/p>\n<p>En Guerrero, el gobernador H\u00e9ctor Astudillo Flores reconoci\u00f3 que los comicios ocurren en momentos complicados para el partido. Se\u00f1al\u00f3 que el padr\u00f3n estatal para estas elecciones fue \u201cmuy limitado\u201d, de apenas unos 53 militantes.<\/p>\n<p>Quirino Ordaz Coppel, gobernador de Sinaloa, calific\u00f3 la jornada como democr\u00e1tica. En Tamaulipas, cinco presidentes de comit\u00e9s municipales se manifestaron frente a las instalaciones del PRI estatal por la cancelaci\u00f3n de casillas, lo que afect\u00f3, dijeron, a m\u00e1s de 5 mil 400 priistas.<\/p>\n<p>El triunfo. A pesar de que la comisi\u00f3n organizadora record\u00f3 que de acuerdo con el reglamento de la contienda estar\u00eda prohibido para las f\u00f3rmulas participantes proclamarse ganadoras, la regla no se cumpli\u00f3.<\/p>\n<p>Alejandro Moreno y Carolina Viggiano salieron a las 19:00 horas a proclamarse ganadores. El campechano dijo que las tendencias le favorec\u00edan hasta ese momento. Invit\u00f3 a toda la militancia a unirse a lo que consider\u00f3 \u201cser\u00e1n nuevos br\u00edos para el partido\u201d.<\/p>\n<p>Llam\u00f3 a Ivonne Ortega y a Lorena Pi\u00f1\u00f3n a sumarse y trabajar por el partido: \u201cLos priistas no quieren divisiones, queremos reconciliaciones. Quieren un partido fuerte, vigoroso y siempre unido. Les puedo decir con plena responsabilidad que todas las tendencias nos favorecen y es absolutamente irreversible\u201d.<\/p>\n<p>Moreno C\u00e1rdenas se comprometi\u00f3 a ser una oposici\u00f3n firme y f\u00e9rrea ante el gobierno federal.<\/p>\n","protected":false},"excerpt":{"rendered":"<p>SLP.- El gobernador con licencia de Campeche, Alejandro Moreno, Alito, aventaja en la elecci\u00f3n interna del Partido Revolucionario Institucional (PRI) y se perfila como el pr\u00f3ximo presidente del priismo nacional. Anoche, la Comisi\u00f3n Nacional de Procesos Internos (CNPI) inform\u00f3 que con 59.5% de las actas de votaci\u00f3n computadas, la f\u00f3rmula Alejandro Moreno-Carolina Viggiano tiene 83.04% [&hellip;]<\/p>\n","protected":false},"author":2,"featured_media":47892,"comment_status":"open","ping_status":"closed","sticky":false,"template":"","format":"standard","meta":{"footnotes":""},"categories":[30],"tags":[],"class_list":["post-47891","post","type-post","status-publish","format-standard","has-post-thumbnail","hentry","category-nacional"],"yoast_head":"<!-- This site is optimized with the Yoast SEO plugin v27.5 - https:\/\/yoast.com\/product\/yoast-seo-wordpress\/ -->\n<title>Alejandro Moreno gana la interna del PRI en elecci\u00f3n desangelada - Canal 7 SLP - 2019<\/title>\n<meta name=\"robots\" content=\"index, follow, max-snippet:-1, max-image-preview:large, max-video-preview:-1\" \/>\n<link rel=\"canonical\" href=\"https:\/\/canal7slp.tv\/2019\/alejandro-moreno-gana-la-interna-del-pri-en-eleccion-desangelada\/\" \/>\n<meta property=\"og:locale\" content=\"es_ES\" \/>\n<meta property=\"og:type\" content=\"article\" \/>\n<meta property=\"og:title\" content=\"Alejandro Moreno gana la interna del PRI en elecci\u00f3n desangelada - Canal 7 SLP - 2019\" \/>\n<meta property=\"og:description\" content=\"SLP.- El gobernador con licencia de Campeche, Alejandro Moreno, Alito, aventaja en la elecci\u00f3n interna del Partido Revolucionario Institucional (PRI) y se perfila como el pr\u00f3ximo presidente del priismo nacional. Anoche, la Comisi\u00f3n Nacional de Procesos Internos (CNPI) inform\u00f3 que con 59.5% de las actas de votaci\u00f3n computadas, la f\u00f3rmula Alejandro Moreno-Carolina Viggiano tiene 83.04% [&hellip;]\" \/>\n<meta property=\"og:url\" content=\"https:\/\/canal7slp.tv\/2019\/alejandro-moreno-gana-la-interna-del-pri-en-eleccion-desangelada\/\" \/>\n<meta property=\"og:site_name\" content=\"Canal 7 SLP - 2019\" \/>\n<meta property=\"article:publisher\" content=\"https:\/\/www.facebook.com\/CANAL7SLP\/\" \/>\n<meta property=\"article:published_time\" content=\"2019-08-12T19:56:38+00:00\" \/>\n<meta property=\"og:image\" content=\"https:\/\/canal7slp.tv\/2019\/wp-content\/uploads\/2019\/08\/15-6.jpg\" \/>\n\t<meta property=\"og:image:width\" content=\"667\" \/>\n\t<meta property=\"og:image:height\" content=\"410\" \/>\n\t<meta property=\"og:image:type\" content=\"image\/jpeg\" \/>\n<meta name=\"author\" content=\"edicionweb\" \/>\n<meta name=\"twitter:card\" content=\"summary_large_image\" \/>\n<meta name=\"twitter:creator\" content=\"@canal7_slp\" \/>\n<meta name=\"twitter:site\" content=\"@canal7_slp\" \/>\n<meta name=\"twitter:label1\" content=\"Escrito por\" \/>\n\t<meta name=\"twitter:data1\" content=\"edicionweb\" \/>\n\t<meta name=\"twitter:label2\" content=\"Tiempo de lectura\" \/>\n\t<meta name=\"twitter:data2\" content=\"4 minutos\" \/>\n<script type=\"application\/ld+json\" class=\"yoast-schema-graph\">{\"@context\":\"https:\\\/\\\/schema.org\",\"@graph\":[{\"@type\":\"Article\",\"@id\":\"https:\\\/\\\/canal7slp.tv\\\/2019\\\/alejandro-moreno-gana-la-interna-del-pri-en-eleccion-desangelada\\\/#article\",\"isPartOf\":{\"@id\":\"https:\\\/\\\/canal7slp.tv\\\/2019\\\/alejandro-moreno-gana-la-interna-del-pri-en-eleccion-desangelada\\\/\"},\"author\":{\"name\":\"edicionweb\",\"@id\":\"https:\\\/\\\/canal7slp.tv\\\/2019\\\/#\\\/schema\\\/person\\\/11d941c1c6ca30ac0a46b95fa37aa2e3\"},\"headline\":\"Alejandro Moreno gana la interna del PRI en elecci\u00f3n desangelada\",\"datePublished\":\"2019-08-12T19:56:38+00:00\",\"mainEntityOfPage\":{\"@id\":\"https:\\\/\\\/canal7slp.tv\\\/2019\\\/alejandro-moreno-gana-la-interna-del-pri-en-eleccion-desangelada\\\/\"},\"wordCount\":717,\"commentCount\":0,\"publisher\":{\"@id\":\"https:\\\/\\\/canal7slp.tv\\\/2019\\\/#organization\"},\"image\":{\"@id\":\"https:\\\/\\\/canal7slp.tv\\\/2019\\\/alejandro-moreno-gana-la-interna-del-pri-en-eleccion-desangelada\\\/#primaryimage\"},\"thumbnailUrl\":\"https:\\\/\\\/canal7slp.tv\\\/2019\\\/wp-content\\\/uploads\\\/2019\\\/08\\\/15-6.jpg\",\"articleSection\":[\"NACIONAL\"],\"inLanguage\":\"es\",\"potentialAction\":[{\"@type\":\"CommentAction\",\"name\":\"Comment\",\"target\":[\"https:\\\/\\\/canal7slp.tv\\\/2019\\\/alejandro-moreno-gana-la-interna-del-pri-en-eleccion-desangelada\\\/#respond\"]}]},{\"@type\":\"WebPage\",\"@id\":\"https:\\\/\\\/canal7slp.tv\\\/2019\\\/alejandro-moreno-gana-la-interna-del-pri-en-eleccion-desangelada\\\/\",\"url\":\"https:\\\/\\\/canal7slp.tv\\\/2019\\\/alejandro-moreno-gana-la-interna-del-pri-en-eleccion-desangelada\\\/\",\"name\":\"Alejandro Moreno gana la interna del PRI en elecci\u00f3n desangelada - Canal 7 SLP - 2019\",\"isPartOf\":{\"@id\":\"https:\\\/\\\/canal7slp.tv\\\/2019\\\/#website\"},\"primaryImageOfPage\":{\"@id\":\"https:\\\/\\\/canal7slp.tv\\\/2019\\\/alejandro-moreno-gana-la-interna-del-pri-en-eleccion-desangelada\\\/#primaryimage\"},\"image\":{\"@id\":\"https:\\\/\\\/canal7slp.tv\\\/2019\\\/alejandro-moreno-gana-la-interna-del-pri-en-eleccion-desangelada\\\/#primaryimage\"},\"thumbnailUrl\":\"https:\\\/\\\/canal7slp.tv\\\/2019\\\/wp-content\\\/uploads\\\/2019\\\/08\\\/15-6.jpg\",\"datePublished\":\"2019-08-12T19:56:38+00:00\",\"breadcrumb\":{\"@id\":\"https:\\\/\\\/canal7slp.tv\\\/2019\\\/alejandro-moreno-gana-la-interna-del-pri-en-eleccion-desangelada\\\/#breadcrumb\"},\"inLanguage\":\"es\",\"potentialAction\":[{\"@type\":\"ReadAction\",\"target\":[\"https:\\\/\\\/canal7slp.tv\\\/2019\\\/alejandro-moreno-gana-la-interna-del-pri-en-eleccion-desangelada\\\/\"]}]},{\"@type\":\"ImageObject\",\"inLanguage\":\"es\",\"@id\":\"https:\\\/\\\/canal7slp.tv\\\/2019\\\/alejandro-moreno-gana-la-interna-del-pri-en-eleccion-desangelada\\\/#primaryimage\",\"url\":\"https:\\\/\\\/canal7slp.tv\\\/2019\\\/wp-content\\\/uploads\\\/2019\\\/08\\\/15-6.jpg\",\"contentUrl\":\"https:\\\/\\\/canal7slp.tv\\\/2019\\\/wp-content\\\/uploads\\\/2019\\\/08\\\/15-6.jpg\",\"width\":667,\"height\":410},{\"@type\":\"BreadcrumbList\",\"@id\":\"https:\\\/\\\/canal7slp.tv\\\/2019\\\/alejandro-moreno-gana-la-interna-del-pri-en-eleccion-desangelada\\\/#breadcrumb\",\"itemListElement\":[{\"@type\":\"ListItem\",\"position\":1,\"name\":\"Home\",\"item\":\"https:\\\/\\\/canal7slp.tv\\\/2019\\\/\"},{\"@type\":\"ListItem\",\"position\":2,\"name\":\"Alejandro Moreno gana la interna del PRI en elecci\u00f3n desangelada\"}]},{\"@type\":\"WebSite\",\"@id\":\"https:\\\/\\\/canal7slp.tv\\\/2019\\\/#website\",\"url\":\"https:\\\/\\\/canal7slp.tv\\\/2019\\\/\",\"name\":\"Canal 7 SLP - Somos TV\",\"description\":\"Somos un Canal de 10\",\"publisher\":{\"@id\":\"https:\\\/\\\/canal7slp.tv\\\/2019\\\/#organization\"},\"potentialAction\":[{\"@type\":\"SearchAction\",\"target\":{\"@type\":\"EntryPoint\",\"urlTemplate\":\"https:\\\/\\\/canal7slp.tv\\\/2019\\\/?s={search_term_string}\"},\"query-input\":{\"@type\":\"PropertyValueSpecification\",\"valueRequired\":true,\"valueName\":\"search_term_string\"}}],\"inLanguage\":\"es\"},{\"@type\":\"Organization\",\"@id\":\"https:\\\/\\\/canal7slp.tv\\\/2019\\\/#organization\",\"name\":\"Comunicaci\u00f3n 2000 S.A. de C.V.\",\"url\":\"https:\\\/\\\/canal7slp.tv\\\/2019\\\/\",\"logo\":{\"@type\":\"ImageObject\",\"inLanguage\":\"es\",\"@id\":\"https:\\\/\\\/canal7slp.tv\\\/2019\\\/#\\\/schema\\\/logo\\\/image\\\/\",\"url\":\"https:\\\/\\\/canal7slp.tv\\\/2019\\\/wp-content\\\/uploads\\\/2019\\\/07\\\/logo-c7.png\",\"contentUrl\":\"https:\\\/\\\/canal7slp.tv\\\/2019\\\/wp-content\\\/uploads\\\/2019\\\/07\\\/logo-c7.png\",\"width\":220,\"height\":60,\"caption\":\"Comunicaci\u00f3n 2000 S.A. de C.V.\"},\"image\":{\"@id\":\"https:\\\/\\\/canal7slp.tv\\\/2019\\\/#\\\/schema\\\/logo\\\/image\\\/\"},\"sameAs\":[\"https:\\\/\\\/www.facebook.com\\\/CANAL7SLP\\\/\",\"https:\\\/\\\/x.com\\\/canal7_slp\",\"https:\\\/\\\/www.instagram.com\\\/canal7_slp\",\"https:\\\/\\\/www.youtube.com\\\/user\\\/NOTICIEROSCANAL7SLP\\\/\"]},{\"@type\":\"Person\",\"@id\":\"https:\\\/\\\/canal7slp.tv\\\/2019\\\/#\\\/schema\\\/person\\\/11d941c1c6ca30ac0a46b95fa37aa2e3\",\"name\":\"edicionweb\",\"image\":{\"@type\":\"ImageObject\",\"inLanguage\":\"es\",\"@id\":\"https:\\\/\\\/secure.gravatar.com\\\/avatar\\\/eee448fc3f7164808013b816ba91ac7e43bbe82a70bebac296f8bc6f0addaa1a?s=96&d=mm&r=g\",\"url\":\"https:\\\/\\\/secure.gravatar.com\\\/avatar\\\/eee448fc3f7164808013b816ba91ac7e43bbe82a70bebac296f8bc6f0addaa1a?s=96&d=mm&r=g\",\"contentUrl\":\"https:\\\/\\\/secure.gravatar.com\\\/avatar\\\/eee448fc3f7164808013b816ba91ac7e43bbe82a70bebac296f8bc6f0addaa1a?s=96&d=mm&r=g\",\"caption\":\"edicionweb\"}}]}<\/script>\n<!-- \/ Yoast SEO plugin. -->","yoast_head_json":{"title":"Alejandro Moreno gana la interna del PRI en elecci\u00f3n desangelada - Canal 7 SLP - 2019","robots":{"index":"index","follow":"follow","max-snippet":"max-snippet:-1","max-image-preview":"max-image-preview:large","max-video-preview":"max-video-preview:-1"},"canonical":"https:\/\/canal7slp.tv\/2019\/alejandro-moreno-gana-la-interna-del-pri-en-eleccion-desangelada\/","og_locale":"es_ES","og_type":"article","og_title":"Alejandro Moreno gana la interna del PRI en elecci\u00f3n desangelada - Canal 7 SLP - 2019","og_description":"SLP.- El gobernador con licencia de Campeche, Alejandro Moreno, Alito, aventaja en la elecci\u00f3n interna del Partido Revolucionario Institucional (PRI) y se perfila como el pr\u00f3ximo presidente del priismo nacional. Anoche, la Comisi\u00f3n Nacional de Procesos Internos (CNPI) inform\u00f3 que con 59.5% de las actas de votaci\u00f3n computadas, la f\u00f3rmula Alejandro Moreno-Carolina Viggiano tiene 83.04% [&hellip;]","og_url":"https:\/\/canal7slp.tv\/2019\/alejandro-moreno-gana-la-interna-del-pri-en-eleccion-desangelada\/","og_site_name":"Canal 7 SLP - 2019","article_publisher":"https:\/\/www.facebook.com\/CANAL7SLP\/","article_published_time":"2019-08-12T19:56:38+00:00","og_image":[{"width":667,"height":410,"url":"https:\/\/canal7slp.tv\/2019\/wp-content\/uploads\/2019\/08\/15-6.jpg","type":"image\/jpeg"}],"author":"edicionweb","twitter_card":"summary_large_image","twitter_creator":"@canal7_slp","twitter_site":"@canal7_slp","twitter_misc":{"Escrito por":"edicionweb","Tiempo de lectura":"4 minutos"},"schema":{"@context":"https:\/\/schema.org","@graph":[{"@type":"Article","@id":"https:\/\/canal7slp.tv\/2019\/alejandro-moreno-gana-la-interna-del-pri-en-eleccion-desangelada\/#article","isPartOf":{"@id":"https:\/\/canal7slp.tv\/2019\/alejandro-moreno-gana-la-interna-del-pri-en-eleccion-desangelada\/"},"author":{"name":"edicionweb","@id":"https:\/\/canal7slp.tv\/2019\/#\/schema\/person\/11d941c1c6ca30ac0a46b95fa37aa2e3"},"headline":"Alejandro Moreno gana la interna del PRI en elecci\u00f3n desangelada","datePublished":"2019-08-12T19:56:38+00:00","mainEntityOfPage":{"@id":"https:\/\/canal7slp.tv\/2019\/alejandro-moreno-gana-la-interna-del-pri-en-eleccion-desangelada\/"},"wordCount":717,"commentCount":0,"publisher":{"@id":"https:\/\/canal7slp.tv\/2019\/#organization"},"image":{"@id":"https:\/\/canal7slp.tv\/2019\/alejandro-moreno-gana-la-interna-del-pri-en-eleccion-desangelada\/#primaryimage"},"thumbnailUrl":"https:\/\/canal7slp.tv\/2019\/wp-content\/uploads\/2019\/08\/15-6.jpg","articleSection":["NACIONAL"],"inLanguage":"es","potentialAction":[{"@type":"CommentAction","name":"Comment","target":["https:\/\/canal7slp.tv\/2019\/alejandro-moreno-gana-la-interna-del-pri-en-eleccion-desangelada\/#respond"]}]},{"@type":"WebPage","@id":"https:\/\/canal7slp.tv\/2019\/alejandro-moreno-gana-la-interna-del-pri-en-eleccion-desangelada\/","url":"https:\/\/canal7slp.tv\/2019\/alejandro-moreno-gana-la-interna-del-pri-en-eleccion-desangelada\/","name":"Alejandro Moreno gana la interna del PRI en elecci\u00f3n desangelada - Canal 7 SLP - 2019","isPartOf":{"@id":"https:\/\/canal7slp.tv\/2019\/#website"},"primaryImageOfPage":{"@id":"https:\/\/canal7slp.tv\/2019\/alejandro-moreno-gana-la-interna-del-pri-en-eleccion-desangelada\/#primaryimage"},"image":{"@id":"https:\/\/canal7slp.tv\/2019\/alejandro-moreno-gana-la-interna-del-pri-en-eleccion-desangelada\/#primaryimage"},"thumbnailUrl":"https:\/\/canal7slp.tv\/2019\/wp-content\/uploads\/2019\/08\/15-6.jpg","datePublished":"2019-08-12T19:56:38+00:00","breadcrumb":{"@id":"https:\/\/canal7slp.tv\/2019\/alejandro-moreno-gana-la-interna-del-pri-en-eleccion-desangelada\/#breadcrumb"},"inLanguage":"es","potentialAction":[{"@type":"ReadAction","target":["https:\/\/canal7slp.tv\/2019\/alejandro-moreno-gana-la-interna-del-pri-en-eleccion-desangelada\/"]}]},{"@type":"ImageObject","inLanguage":"es","@id":"https:\/\/canal7slp.tv\/2019\/alejandro-moreno-gana-la-interna-del-pri-en-eleccion-desangelada\/#primaryimage","url":"https:\/\/canal7slp.tv\/2019\/wp-content\/uploads\/2019\/08\/15-6.jpg","contentUrl":"https:\/\/canal7slp.tv\/2019\/wp-content\/uploads\/2019\/08\/15-6.jpg","width":667,"height":410},{"@type":"BreadcrumbList","@id":"https:\/\/canal7slp.tv\/2019\/alejandro-moreno-gana-la-interna-del-pri-en-eleccion-desangelada\/#breadcrumb","itemListElement":[{"@type":"ListItem","position":1,"name":"Home","item":"https:\/\/canal7slp.tv\/2019\/"},{"@type":"ListItem","position":2,"name":"Alejandro Moreno gana la interna del PRI en elecci\u00f3n desangelada"}]},{"@type":"WebSite","@id":"https:\/\/canal7slp.tv\/2019\/#website","url":"https:\/\/canal7slp.tv\/2019\/","name":"Canal 7 SLP - Somos TV","description":"Somos un Canal de 10","publisher":{"@id":"https:\/\/canal7slp.tv\/2019\/#organization"},"potentialAction":[{"@type":"SearchAction","target":{"@type":"EntryPoint","urlTemplate":"https:\/\/canal7slp.tv\/2019\/?s={search_term_string}"},"query-input":{"@type":"PropertyValueSpecification","valueRequired":true,"valueName":"search_term_string"}}],"inLanguage":"es"},{"@type":"Organization","@id":"https:\/\/canal7slp.tv\/2019\/#organization","name":"Comunicaci\u00f3n 2000 S.A. de C.V.","url":"https:\/\/canal7slp.tv\/2019\/","logo":{"@type":"ImageObject","inLanguage":"es","@id":"https:\/\/canal7slp.tv\/2019\/#\/schema\/logo\/image\/","url":"https:\/\/canal7slp.tv\/2019\/wp-content\/uploads\/2019\/07\/logo-c7.png","contentUrl":"https:\/\/canal7slp.tv\/2019\/wp-content\/uploads\/2019\/07\/logo-c7.png","width":220,"height":60,"caption":"Comunicaci\u00f3n 2000 S.A. de C.V."},"image":{"@id":"https:\/\/canal7slp.tv\/2019\/#\/schema\/logo\/image\/"},"sameAs":["https:\/\/www.facebook.com\/CANAL7SLP\/","https:\/\/x.com\/canal7_slp","https:\/\/www.instagram.com\/canal7_slp","https:\/\/www.youtube.com\/user\/NOTICIEROSCANAL7SLP\/"]},{"@type":"Person","@id":"https:\/\/canal7slp.tv\/2019\/#\/schema\/person\/11d941c1c6ca30ac0a46b95fa37aa2e3","name":"edicionweb","image":{"@type":"ImageObject","inLanguage":"es","@id":"https:\/\/secure.gravatar.com\/avatar\/eee448fc3f7164808013b816ba91ac7e43bbe82a70bebac296f8bc6f0addaa1a?s=96&d=mm&r=g","url":"https:\/\/secure.gravatar.com\/avatar\/eee448fc3f7164808013b816ba91ac7e43bbe82a70bebac296f8bc6f0addaa1a?s=96&d=mm&r=g","contentUrl":"https:\/\/secure.gravatar.com\/avatar\/eee448fc3f7164808013b816ba91ac7e43bbe82a70bebac296f8bc6f0addaa1a?s=96&d=mm&r=g","caption":"edicionweb"}}]}},"amp_enabled":true,"cmb2":{"video_ids_in_playlist":{"vid_p_videos":""},"video_ids_in_channel":{"vid_c_videos":""},"playlist_ids_in_channel":{"vid_c_playlists":""},"series_ids_in_channel":{"vid_c_series":""},"channel_images":{"vid_c_logo":"","vid_c_banner":""},"poster_feature_image":{"vid_m_poster_image":""},"gif_feature_image":{"vid_m_gif_image":""},"video_movie_settings":{"vid_m_director":"","vid_m_actor":"","vid_m_imdb_ratings":"","vid_m_amazon_associates":""},"vid_youtube_broadcasts_settings":{"vid_yb_broadcast_title":"","vid_yb_q":"","vid_yb_channelid":"","vid_yb_videocategoryid":"","vid_yb_maxresults":"","vid_yb_order":"","vid_yb_regioncode":"","vid_yb_videosyndicated":"","vid_yb_style":"","vid_yb_reload_first":""},"video_series_settings":{"vid_m_director":"","vid_m_actor":"","vid_m_imdb_ratings":"","video_series_group":""},"amazon_associates_settings":{"amazon_associates":"","amazon_native_ad":""},"vid_youtube_automatic_settings":{"vid_ya_youtube_source":"","vid_ya_update_every":"","vid_ya_update_unit":"","vid_ya_categories":"","vid_ya_published_after":"","vid_ya_published_before":"","vid_ya_playlists":"","vid_ya_channels":"","vid_ya_director":"","vid_ya_actor":"","vid_ya_author":"","vid_ya_import_post_date":"","vid_ya_status":"","vid_ya_sub_api_key":""},"vid_ads_m_videoads_settings_post":{"vid_ads_m_video_ads":"","vid_ads_m_video_ads_type":"","vid_ads_m_group_google_ima":"","vid_ads_m_group_image":"","vid_ads_m_group_html5_video":"","vid_ads_m_group_html":"","vid_ads_m_vast_preroll":"","vid_ads_m_vast_postroll":"","vid_ads_m_vast_pauseroll":"","vid_ads_m_vast_midroll":[{"vid_ads_m_vast_timer_seconds":"50"}],"vid_ads_m_time_to_show_ads":"","vid_ads_m_time_skip_ads":"","vid_ads_m_time_to_hide_ads":""},"page_slider_settings":{"display_slider_group":"","page_slider_group":""},"blog_page_settings":{"blog_page_title":"","blog_page_heading":"","blog_page_ic":"","blog_page_it":"","blog_page_ec":"","blog_page_ip":"","archive_loop_style":"","blog_image_ratio":"","blog_show_categories":"","blog_show_excerpt":"","blog_show_author":"","blog_show_date":"","blog_show_comment_count":"","blog_show_view_count":"","blog_show_like_count":"","blog_show_dislike_count":"","blog_items_per_page":"","blog_pag_type":""},"page_options":{"get_page_template":"","color_mode":"","main_layout":"","main_layout_full_with":"","main_logo":"","main_logo_retina":"","main_logo_mobile":"","main_logo_mobile_retina":"","sticky_logo":"","sticky_logo_retina":"","main_nav_layout":"","ajax_search":"","header_background":"","theme_sidebar":"","instagram_feed":"","instagram_feed_position":"","popular_videos":"","popular_videos_title_1":"","popular_videos_title_2":"","popular_videos_ic":"","popular_videos_it":"","theme_background":"","page_custom_css":""},"feature_image_settings":{"feature_image_position":""},"video_player_settings":{"single_video_style":"","video_player_position":"","vm_video_url":"","video_player_library":"","video_streaming":"","vm_media_sources":"","vid_auto_play":"","vm_video_shortcode":"","vid_p_sync_playlist":"","vid_c_sync_channel":"","get_post_format":"","multiple_links_structure":"default","multi_links_title":"","vm_video_multi_links":"","vm_duration":"","vid_social_locker":"off","vid_social_locker_id":"","vid_membership_action":"content-video","vm_video_trailer_url":"","vid_download_type":"free","vid_download_target":"download","vid_woo_product":"","vm_media_download":"","user_rating":"","user_rating_position":"","user_rating_mode":"","user_rating_multi_sets":""},"video_auto_fetch_settings":{"vm_video_fetch":"on"},"video_fake_views_likes":{"vm_fake_views":"","vm_fake_likes":"","vm_fake_dislikes":""},"gallery_settings":{"gallery_position":""},"quote_settings":{"quote_position":""},"post_options":{"main_layout":"","main_logo":"","main_logo_retina":"","main_logo_mobile":"","main_logo_mobile_retina":"","sticky_logo":"","sticky_logo_retina":"","main_nav_layout":"","header_background":"","theme_sidebar":"","single_post_comment_type":"","theme_background":""}},"_links":{"self":[{"href":"https:\/\/canal7slp.tv\/2019\/wp-json\/wp\/v2\/posts\/47891","targetHints":{"allow":["GET"]}}],"collection":[{"href":"https:\/\/canal7slp.tv\/2019\/wp-json\/wp\/v2\/posts"}],"about":[{"href":"https:\/\/canal7slp.tv\/2019\/wp-json\/wp\/v2\/types\/post"}],"author":[{"embeddable":true,"href":"https:\/\/canal7slp.tv\/2019\/wp-json\/wp\/v2\/users\/2"}],"replies":[{"embeddable":true,"href":"https:\/\/canal7slp.tv\/2019\/wp-json\/wp\/v2\/comments?post=47891"}],"version-history":[{"count":0,"href":"https:\/\/canal7slp.tv\/2019\/wp-json\/wp\/v2\/posts\/47891\/revisions"}],"wp:featuredmedia":[{"embeddable":true,"href":"https:\/\/canal7slp.tv\/2019\/wp-json\/wp\/v2\/media\/47892"}],"wp:attachment":[{"href":"https:\/\/canal7slp.tv\/2019\/wp-json\/wp\/v2\/media?parent=47891"}],"wp:term":[{"taxonomy":"category","embeddable":true,"href":"https:\/\/canal7slp.tv\/2019\/wp-json\/wp\/v2\/categories?post=47891"},{"taxonomy":"post_tag","embeddable":true,"href":"https:\/\/canal7slp.tv\/2019\/wp-json\/wp\/v2\/tags?post=47891"}],"curies":[{"name":"wp","href":"https:\/\/api.w.org\/{rel}","templated":true}]}}