{"id":47598,"date":"2019-08-10T13:07:52","date_gmt":"2019-08-10T18:07:52","guid":{"rendered":"https:\/\/canal7slp.tv\/2019\/?p=47598"},"modified":"2019-08-10T13:07:52","modified_gmt":"2019-08-10T18:07:52","slug":"libertad-de-christian-chavez-tiene-un-segundo-aire","status":"publish","type":"post","link":"https:\/\/canal7slp.tv\/2019\/libertad-de-christian-chavez-tiene-un-segundo-aire\/","title":{"rendered":"\u201cLibertad\u201d, de Christian Ch\u00e1vez, tiene un segundo aire"},"content":{"rendered":"<p>M\u00e9xico.- Hace casi una d\u00e9cada su m\u00fasica era censurada por hablar de la libertad sexual, y en la actualidad Christian Ch\u00e1vez celebra que existan avances en esta materia, al tiempo que temas como Libertad tengan una segunda oportunidad gracias al p\u00fablico.<\/p>\n<p>\u201cEn aquel entonces cuando present\u00e9 el tema me dec\u00edan que no hab\u00eda espacio para la m\u00fasica gay, lo que no sab\u00edan es que era el comienzo de la apertura\u201d, apunt\u00f3 el ex-RBD en entrevista con Notimex, quien desde entonces ha luchado por el respeto y la igualdad a la comunidad LGBTTTI (lesbianas, gays, bisexuales, transg\u00e9neros, travestis, transexuales e intersexuales).<\/p>\n<p>Por lo que ahora es un gusto que Libertad, que habla de la diversidad sexual, la libre expresi\u00f3n y el respeto hacia los dem\u00e1s, tenga un nuevo aire gracias al p\u00fablico que le ha dado una segunda vida al escucharla y compartirla, afirm\u00f3.<\/p>\n<p>\u201cEsta canci\u00f3n la escrib\u00ed junto con Samo, de Camila, y film\u00e9 el video en Los \u00c1ngeles en dos d\u00edas. Este tema se volvi\u00f3 muy importante para m\u00ed, porque acababa de lanzar mi disco Almas transparentes y me dijeron que en la radio no hab\u00eda espacio para este tipo de letras\u201d, explic\u00f3.<\/p>\n<p>El tambi\u00e9n actor destac\u00f3 que cuando le dijeron eso acompa\u00f1ado de la frase: \u201cNo hay espacio para la m\u00fasica gay\u201d, entendi\u00f3 que hab\u00eda que hacer algo al respecto y fue cuando naci\u00f3 Libertad, que la considera como un himno a la intolerancia y una forma de alzar la voz.<\/p>\n<p>Comparti\u00f3 que Samo y Sebasti\u00e1n J\u00e1come (productor musical) fueron quienes lo respaldaron con esta canci\u00f3n, lo mismo que Anah\u00ed. \u201cElla siempre me ha apoyado y esa ocasi\u00f3n no fue la excepci\u00f3n, causamos pol\u00e9mica en ese momento con el video; sin embargo, a la distancia podemos decir que el panorama es otro y aunque falta mucho por hacer, hemos avanzado.<\/p>\n<p>\u201cYo no me tomo las cosas de forma personal, s\u00e9 que eran otros tiempos y que tambi\u00e9n yo apost\u00e9 por no quedarme callado y hablar sobre mi sexualidad a trav\u00e9s de esta canci\u00f3n y video\u201d.<\/p>\n<p>Mencion\u00f3 que en M\u00e9xico fue sumamente criticado por este trabajo, en el que expuso a la comunidad gay con lo bueno y lo malo que tiene, \u201cyo siempre les dije que al igual que en el mundo heterosexual, (en el LGBTTTI) estamos llenos de claroscuros.<\/p>\n<p>\u201cEl video lo que muestra es c\u00f3mo una persona al descubrirse se topa con distintas cosas que son parte de la realidad, como son las drogas, las fiestas, una vida sexual sin l\u00edmites en ocasiones, y por ello muchos confunden la libertad con el libertinaje\u201d.<\/p>\n<p>Comparti\u00f3 que tampoco pens\u00f3 en generar falsos conceptos de la comunidad, \u201ccreo que lo mejor es no juzgar, porque todo tiene su lado bueno y malo, debemos aprender a convivir sin meternos en la vida de otros\u201d.<\/p>\n<p>De ah\u00ed que tambi\u00e9n a trav\u00e9s de im\u00e1genes reafirmara en el video lo que ha simbolizado la libertad a lo largo de la historia de la humanidad, as\u00ed como la defensa de los derechos humanos.<\/p>\n<p>Christian actualmente le ha dado prioridad a su faceta como actor, ya que desea disfrutar m\u00e1s de la estabilidad, aunque la m\u00fasica sigue presente en su vida.<\/p>\n<p>Muestra de ello es que viajar\u00e1 a Brasil para hacer una serie de cuatro de presentaciones al lado de reconocidos int\u00e9rpretes de ese pa\u00eds sudamericano, donde gracias a RBD es muy querido.<\/p>\n<p>Los &#8220;shows&#8221; son con motivo de un disco de corta duraci\u00f3n (EP) que grab\u00f3 como una forma de agradecerle al p\u00fablico su cari\u00f1o.<\/p>\n<p>Christian Ch\u00e1vez en fecha reciente intervino en la serie Run coyote run, del productor mexicano Gustavo Loza, y adem\u00e1s prepara otros proyectos actorales.<\/p>\n","protected":false},"excerpt":{"rendered":"<p>M\u00e9xico.- Hace casi una d\u00e9cada su m\u00fasica era censurada por hablar de la libertad sexual, y en la actualidad Christian Ch\u00e1vez celebra que existan avances en esta materia, al tiempo que temas como Libertad tengan una segunda oportunidad gracias al p\u00fablico. \u201cEn aquel entonces cuando present\u00e9 el tema me dec\u00edan que no hab\u00eda espacio para [&hellip;]<\/p>\n","protected":false},"author":2,"featured_media":47599,"comment_status":"open","ping_status":"closed","sticky":false,"template":"","format":"standard","meta":{"footnotes":""},"categories":[24],"tags":[],"class_list":["post-47598","post","type-post","status-publish","format-standard","has-post-thumbnail","hentry","category-espectaculos"],"yoast_head":"<!-- This site is optimized with the Yoast SEO plugin v27.5 - https:\/\/yoast.com\/product\/yoast-seo-wordpress\/ -->\n<title>\u201cLibertad\u201d, de Christian Ch\u00e1vez, tiene un segundo aire - Canal 7 SLP - 2019<\/title>\n<meta name=\"robots\" content=\"index, follow, max-snippet:-1, max-image-preview:large, max-video-preview:-1\" \/>\n<link rel=\"canonical\" href=\"https:\/\/canal7slp.tv\/2019\/libertad-de-christian-chavez-tiene-un-segundo-aire\/\" \/>\n<meta property=\"og:locale\" content=\"es_ES\" \/>\n<meta property=\"og:type\" content=\"article\" \/>\n<meta property=\"og:title\" content=\"\u201cLibertad\u201d, de Christian Ch\u00e1vez, tiene un segundo aire - Canal 7 SLP - 2019\" \/>\n<meta property=\"og:description\" content=\"M\u00e9xico.- Hace casi una d\u00e9cada su m\u00fasica era censurada por hablar de la libertad sexual, y en la actualidad Christian Ch\u00e1vez celebra que existan avances en esta materia, al tiempo que temas como Libertad tengan una segunda oportunidad gracias al p\u00fablico. \u201cEn aquel entonces cuando present\u00e9 el tema me dec\u00edan que no hab\u00eda espacio para [&hellip;]\" \/>\n<meta property=\"og:url\" content=\"https:\/\/canal7slp.tv\/2019\/libertad-de-christian-chavez-tiene-un-segundo-aire\/\" \/>\n<meta property=\"og:site_name\" content=\"Canal 7 SLP - 2019\" \/>\n<meta property=\"article:publisher\" content=\"https:\/\/www.facebook.com\/CANAL7SLP\/\" \/>\n<meta property=\"article:published_time\" content=\"2019-08-10T18:07:52+00:00\" \/>\n<meta property=\"og:image\" content=\"https:\/\/canal7slp.tv\/2019\/wp-content\/uploads\/2019\/08\/1500-2.jpg\" \/>\n\t<meta property=\"og:image:width\" content=\"713\" \/>\n\t<meta property=\"og:image:height\" content=\"410\" \/>\n\t<meta property=\"og:image:type\" content=\"image\/jpeg\" \/>\n<meta name=\"author\" content=\"edicionweb\" \/>\n<meta name=\"twitter:card\" content=\"summary_large_image\" \/>\n<meta name=\"twitter:creator\" content=\"@canal7_slp\" \/>\n<meta name=\"twitter:site\" content=\"@canal7_slp\" \/>\n<meta name=\"twitter:label1\" content=\"Escrito por\" \/>\n\t<meta name=\"twitter:data1\" content=\"edicionweb\" \/>\n\t<meta name=\"twitter:label2\" content=\"Tiempo de lectura\" \/>\n\t<meta name=\"twitter:data2\" content=\"3 minutos\" \/>\n<script type=\"application\/ld+json\" class=\"yoast-schema-graph\">{\"@context\":\"https:\\\/\\\/schema.org\",\"@graph\":[{\"@type\":\"Article\",\"@id\":\"https:\\\/\\\/canal7slp.tv\\\/2019\\\/libertad-de-christian-chavez-tiene-un-segundo-aire\\\/#article\",\"isPartOf\":{\"@id\":\"https:\\\/\\\/canal7slp.tv\\\/2019\\\/libertad-de-christian-chavez-tiene-un-segundo-aire\\\/\"},\"author\":{\"name\":\"edicionweb\",\"@id\":\"https:\\\/\\\/canal7slp.tv\\\/2019\\\/#\\\/schema\\\/person\\\/11d941c1c6ca30ac0a46b95fa37aa2e3\"},\"headline\":\"\u201cLibertad\u201d, de Christian Ch\u00e1vez, tiene un segundo aire\",\"datePublished\":\"2019-08-10T18:07:52+00:00\",\"mainEntityOfPage\":{\"@id\":\"https:\\\/\\\/canal7slp.tv\\\/2019\\\/libertad-de-christian-chavez-tiene-un-segundo-aire\\\/\"},\"wordCount\":658,\"commentCount\":0,\"publisher\":{\"@id\":\"https:\\\/\\\/canal7slp.tv\\\/2019\\\/#organization\"},\"image\":{\"@id\":\"https:\\\/\\\/canal7slp.tv\\\/2019\\\/libertad-de-christian-chavez-tiene-un-segundo-aire\\\/#primaryimage\"},\"thumbnailUrl\":\"https:\\\/\\\/canal7slp.tv\\\/2019\\\/wp-content\\\/uploads\\\/2019\\\/08\\\/1500-2.jpg\",\"articleSection\":[\"ESPECTACULOS\"],\"inLanguage\":\"es\",\"potentialAction\":[{\"@type\":\"CommentAction\",\"name\":\"Comment\",\"target\":[\"https:\\\/\\\/canal7slp.tv\\\/2019\\\/libertad-de-christian-chavez-tiene-un-segundo-aire\\\/#respond\"]}]},{\"@type\":\"WebPage\",\"@id\":\"https:\\\/\\\/canal7slp.tv\\\/2019\\\/libertad-de-christian-chavez-tiene-un-segundo-aire\\\/\",\"url\":\"https:\\\/\\\/canal7slp.tv\\\/2019\\\/libertad-de-christian-chavez-tiene-un-segundo-aire\\\/\",\"name\":\"\u201cLibertad\u201d, de Christian Ch\u00e1vez, tiene un segundo aire - Canal 7 SLP - 2019\",\"isPartOf\":{\"@id\":\"https:\\\/\\\/canal7slp.tv\\\/2019\\\/#website\"},\"primaryImageOfPage\":{\"@id\":\"https:\\\/\\\/canal7slp.tv\\\/2019\\\/libertad-de-christian-chavez-tiene-un-segundo-aire\\\/#primaryimage\"},\"image\":{\"@id\":\"https:\\\/\\\/canal7slp.tv\\\/2019\\\/libertad-de-christian-chavez-tiene-un-segundo-aire\\\/#primaryimage\"},\"thumbnailUrl\":\"https:\\\/\\\/canal7slp.tv\\\/2019\\\/wp-content\\\/uploads\\\/2019\\\/08\\\/1500-2.jpg\",\"datePublished\":\"2019-08-10T18:07:52+00:00\",\"breadcrumb\":{\"@id\":\"https:\\\/\\\/canal7slp.tv\\\/2019\\\/libertad-de-christian-chavez-tiene-un-segundo-aire\\\/#breadcrumb\"},\"inLanguage\":\"es\",\"potentialAction\":[{\"@type\":\"ReadAction\",\"target\":[\"https:\\\/\\\/canal7slp.tv\\\/2019\\\/libertad-de-christian-chavez-tiene-un-segundo-aire\\\/\"]}]},{\"@type\":\"ImageObject\",\"inLanguage\":\"es\",\"@id\":\"https:\\\/\\\/canal7slp.tv\\\/2019\\\/libertad-de-christian-chavez-tiene-un-segundo-aire\\\/#primaryimage\",\"url\":\"https:\\\/\\\/canal7slp.tv\\\/2019\\\/wp-content\\\/uploads\\\/2019\\\/08\\\/1500-2.jpg\",\"contentUrl\":\"https:\\\/\\\/canal7slp.tv\\\/2019\\\/wp-content\\\/uploads\\\/2019\\\/08\\\/1500-2.jpg\",\"width\":713,\"height\":410},{\"@type\":\"BreadcrumbList\",\"@id\":\"https:\\\/\\\/canal7slp.tv\\\/2019\\\/libertad-de-christian-chavez-tiene-un-segundo-aire\\\/#breadcrumb\",\"itemListElement\":[{\"@type\":\"ListItem\",\"position\":1,\"name\":\"Home\",\"item\":\"https:\\\/\\\/canal7slp.tv\\\/2019\\\/\"},{\"@type\":\"ListItem\",\"position\":2,\"name\":\"\u201cLibertad\u201d, de Christian Ch\u00e1vez, tiene un segundo aire\"}]},{\"@type\":\"WebSite\",\"@id\":\"https:\\\/\\\/canal7slp.tv\\\/2019\\\/#website\",\"url\":\"https:\\\/\\\/canal7slp.tv\\\/2019\\\/\",\"name\":\"Canal 7 SLP - Somos TV\",\"description\":\"Somos un Canal de 10\",\"publisher\":{\"@id\":\"https:\\\/\\\/canal7slp.tv\\\/2019\\\/#organization\"},\"potentialAction\":[{\"@type\":\"SearchAction\",\"target\":{\"@type\":\"EntryPoint\",\"urlTemplate\":\"https:\\\/\\\/canal7slp.tv\\\/2019\\\/?s={search_term_string}\"},\"query-input\":{\"@type\":\"PropertyValueSpecification\",\"valueRequired\":true,\"valueName\":\"search_term_string\"}}],\"inLanguage\":\"es\"},{\"@type\":\"Organization\",\"@id\":\"https:\\\/\\\/canal7slp.tv\\\/2019\\\/#organization\",\"name\":\"Comunicaci\u00f3n 2000 S.A. de C.V.\",\"url\":\"https:\\\/\\\/canal7slp.tv\\\/2019\\\/\",\"logo\":{\"@type\":\"ImageObject\",\"inLanguage\":\"es\",\"@id\":\"https:\\\/\\\/canal7slp.tv\\\/2019\\\/#\\\/schema\\\/logo\\\/image\\\/\",\"url\":\"https:\\\/\\\/canal7slp.tv\\\/2019\\\/wp-content\\\/uploads\\\/2019\\\/07\\\/logo-c7.png\",\"contentUrl\":\"https:\\\/\\\/canal7slp.tv\\\/2019\\\/wp-content\\\/uploads\\\/2019\\\/07\\\/logo-c7.png\",\"width\":220,\"height\":60,\"caption\":\"Comunicaci\u00f3n 2000 S.A. de C.V.\"},\"image\":{\"@id\":\"https:\\\/\\\/canal7slp.tv\\\/2019\\\/#\\\/schema\\\/logo\\\/image\\\/\"},\"sameAs\":[\"https:\\\/\\\/www.facebook.com\\\/CANAL7SLP\\\/\",\"https:\\\/\\\/x.com\\\/canal7_slp\",\"https:\\\/\\\/www.instagram.com\\\/canal7_slp\",\"https:\\\/\\\/www.youtube.com\\\/user\\\/NOTICIEROSCANAL7SLP\\\/\"]},{\"@type\":\"Person\",\"@id\":\"https:\\\/\\\/canal7slp.tv\\\/2019\\\/#\\\/schema\\\/person\\\/11d941c1c6ca30ac0a46b95fa37aa2e3\",\"name\":\"edicionweb\",\"image\":{\"@type\":\"ImageObject\",\"inLanguage\":\"es\",\"@id\":\"https:\\\/\\\/secure.gravatar.com\\\/avatar\\\/eee448fc3f7164808013b816ba91ac7e43bbe82a70bebac296f8bc6f0addaa1a?s=96&d=mm&r=g\",\"url\":\"https:\\\/\\\/secure.gravatar.com\\\/avatar\\\/eee448fc3f7164808013b816ba91ac7e43bbe82a70bebac296f8bc6f0addaa1a?s=96&d=mm&r=g\",\"contentUrl\":\"https:\\\/\\\/secure.gravatar.com\\\/avatar\\\/eee448fc3f7164808013b816ba91ac7e43bbe82a70bebac296f8bc6f0addaa1a?s=96&d=mm&r=g\",\"caption\":\"edicionweb\"}}]}<\/script>\n<!-- \/ Yoast SEO plugin. -->","yoast_head_json":{"title":"\u201cLibertad\u201d, de Christian Ch\u00e1vez, tiene un segundo aire - Canal 7 SLP - 2019","robots":{"index":"index","follow":"follow","max-snippet":"max-snippet:-1","max-image-preview":"max-image-preview:large","max-video-preview":"max-video-preview:-1"},"canonical":"https:\/\/canal7slp.tv\/2019\/libertad-de-christian-chavez-tiene-un-segundo-aire\/","og_locale":"es_ES","og_type":"article","og_title":"\u201cLibertad\u201d, de Christian Ch\u00e1vez, tiene un segundo aire - Canal 7 SLP - 2019","og_description":"M\u00e9xico.- Hace casi una d\u00e9cada su m\u00fasica era censurada por hablar de la libertad sexual, y en la actualidad Christian Ch\u00e1vez celebra que existan avances en esta materia, al tiempo que temas como Libertad tengan una segunda oportunidad gracias al p\u00fablico. \u201cEn aquel entonces cuando present\u00e9 el tema me dec\u00edan que no hab\u00eda espacio para [&hellip;]","og_url":"https:\/\/canal7slp.tv\/2019\/libertad-de-christian-chavez-tiene-un-segundo-aire\/","og_site_name":"Canal 7 SLP - 2019","article_publisher":"https:\/\/www.facebook.com\/CANAL7SLP\/","article_published_time":"2019-08-10T18:07:52+00:00","og_image":[{"width":713,"height":410,"url":"https:\/\/canal7slp.tv\/2019\/wp-content\/uploads\/2019\/08\/1500-2.jpg","type":"image\/jpeg"}],"author":"edicionweb","twitter_card":"summary_large_image","twitter_creator":"@canal7_slp","twitter_site":"@canal7_slp","twitter_misc":{"Escrito por":"edicionweb","Tiempo de lectura":"3 minutos"},"schema":{"@context":"https:\/\/schema.org","@graph":[{"@type":"Article","@id":"https:\/\/canal7slp.tv\/2019\/libertad-de-christian-chavez-tiene-un-segundo-aire\/#article","isPartOf":{"@id":"https:\/\/canal7slp.tv\/2019\/libertad-de-christian-chavez-tiene-un-segundo-aire\/"},"author":{"name":"edicionweb","@id":"https:\/\/canal7slp.tv\/2019\/#\/schema\/person\/11d941c1c6ca30ac0a46b95fa37aa2e3"},"headline":"\u201cLibertad\u201d, de Christian Ch\u00e1vez, tiene un segundo aire","datePublished":"2019-08-10T18:07:52+00:00","mainEntityOfPage":{"@id":"https:\/\/canal7slp.tv\/2019\/libertad-de-christian-chavez-tiene-un-segundo-aire\/"},"wordCount":658,"commentCount":0,"publisher":{"@id":"https:\/\/canal7slp.tv\/2019\/#organization"},"image":{"@id":"https:\/\/canal7slp.tv\/2019\/libertad-de-christian-chavez-tiene-un-segundo-aire\/#primaryimage"},"thumbnailUrl":"https:\/\/canal7slp.tv\/2019\/wp-content\/uploads\/2019\/08\/1500-2.jpg","articleSection":["ESPECTACULOS"],"inLanguage":"es","potentialAction":[{"@type":"CommentAction","name":"Comment","target":["https:\/\/canal7slp.tv\/2019\/libertad-de-christian-chavez-tiene-un-segundo-aire\/#respond"]}]},{"@type":"WebPage","@id":"https:\/\/canal7slp.tv\/2019\/libertad-de-christian-chavez-tiene-un-segundo-aire\/","url":"https:\/\/canal7slp.tv\/2019\/libertad-de-christian-chavez-tiene-un-segundo-aire\/","name":"\u201cLibertad\u201d, de Christian Ch\u00e1vez, tiene un segundo aire - Canal 7 SLP - 2019","isPartOf":{"@id":"https:\/\/canal7slp.tv\/2019\/#website"},"primaryImageOfPage":{"@id":"https:\/\/canal7slp.tv\/2019\/libertad-de-christian-chavez-tiene-un-segundo-aire\/#primaryimage"},"image":{"@id":"https:\/\/canal7slp.tv\/2019\/libertad-de-christian-chavez-tiene-un-segundo-aire\/#primaryimage"},"thumbnailUrl":"https:\/\/canal7slp.tv\/2019\/wp-content\/uploads\/2019\/08\/1500-2.jpg","datePublished":"2019-08-10T18:07:52+00:00","breadcrumb":{"@id":"https:\/\/canal7slp.tv\/2019\/libertad-de-christian-chavez-tiene-un-segundo-aire\/#breadcrumb"},"inLanguage":"es","potentialAction":[{"@type":"ReadAction","target":["https:\/\/canal7slp.tv\/2019\/libertad-de-christian-chavez-tiene-un-segundo-aire\/"]}]},{"@type":"ImageObject","inLanguage":"es","@id":"https:\/\/canal7slp.tv\/2019\/libertad-de-christian-chavez-tiene-un-segundo-aire\/#primaryimage","url":"https:\/\/canal7slp.tv\/2019\/wp-content\/uploads\/2019\/08\/1500-2.jpg","contentUrl":"https:\/\/canal7slp.tv\/2019\/wp-content\/uploads\/2019\/08\/1500-2.jpg","width":713,"height":410},{"@type":"BreadcrumbList","@id":"https:\/\/canal7slp.tv\/2019\/libertad-de-christian-chavez-tiene-un-segundo-aire\/#breadcrumb","itemListElement":[{"@type":"ListItem","position":1,"name":"Home","item":"https:\/\/canal7slp.tv\/2019\/"},{"@type":"ListItem","position":2,"name":"\u201cLibertad\u201d, de Christian Ch\u00e1vez, tiene un segundo aire"}]},{"@type":"WebSite","@id":"https:\/\/canal7slp.tv\/2019\/#website","url":"https:\/\/canal7slp.tv\/2019\/","name":"Canal 7 SLP - Somos TV","description":"Somos un Canal de 10","publisher":{"@id":"https:\/\/canal7slp.tv\/2019\/#organization"},"potentialAction":[{"@type":"SearchAction","target":{"@type":"EntryPoint","urlTemplate":"https:\/\/canal7slp.tv\/2019\/?s={search_term_string}"},"query-input":{"@type":"PropertyValueSpecification","valueRequired":true,"valueName":"search_term_string"}}],"inLanguage":"es"},{"@type":"Organization","@id":"https:\/\/canal7slp.tv\/2019\/#organization","name":"Comunicaci\u00f3n 2000 S.A. de C.V.","url":"https:\/\/canal7slp.tv\/2019\/","logo":{"@type":"ImageObject","inLanguage":"es","@id":"https:\/\/canal7slp.tv\/2019\/#\/schema\/logo\/image\/","url":"https:\/\/canal7slp.tv\/2019\/wp-content\/uploads\/2019\/07\/logo-c7.png","contentUrl":"https:\/\/canal7slp.tv\/2019\/wp-content\/uploads\/2019\/07\/logo-c7.png","width":220,"height":60,"caption":"Comunicaci\u00f3n 2000 S.A. de C.V."},"image":{"@id":"https:\/\/canal7slp.tv\/2019\/#\/schema\/logo\/image\/"},"sameAs":["https:\/\/www.facebook.com\/CANAL7SLP\/","https:\/\/x.com\/canal7_slp","https:\/\/www.instagram.com\/canal7_slp","https:\/\/www.youtube.com\/user\/NOTICIEROSCANAL7SLP\/"]},{"@type":"Person","@id":"https:\/\/canal7slp.tv\/2019\/#\/schema\/person\/11d941c1c6ca30ac0a46b95fa37aa2e3","name":"edicionweb","image":{"@type":"ImageObject","inLanguage":"es","@id":"https:\/\/secure.gravatar.com\/avatar\/eee448fc3f7164808013b816ba91ac7e43bbe82a70bebac296f8bc6f0addaa1a?s=96&d=mm&r=g","url":"https:\/\/secure.gravatar.com\/avatar\/eee448fc3f7164808013b816ba91ac7e43bbe82a70bebac296f8bc6f0addaa1a?s=96&d=mm&r=g","contentUrl":"https:\/\/secure.gravatar.com\/avatar\/eee448fc3f7164808013b816ba91ac7e43bbe82a70bebac296f8bc6f0addaa1a?s=96&d=mm&r=g","caption":"edicionweb"}}]}},"amp_enabled":true,"cmb2":{"video_ids_in_playlist":{"vid_p_videos":""},"video_ids_in_channel":{"vid_c_videos":""},"playlist_ids_in_channel":{"vid_c_playlists":""},"series_ids_in_channel":{"vid_c_series":""},"channel_images":{"vid_c_logo":"","vid_c_banner":""},"poster_feature_image":{"vid_m_poster_image":""},"gif_feature_image":{"vid_m_gif_image":""},"video_movie_settings":{"vid_m_director":"","vid_m_actor":"","vid_m_imdb_ratings":"","vid_m_amazon_associates":""},"vid_youtube_broadcasts_settings":{"vid_yb_broadcast_title":"","vid_yb_q":"","vid_yb_channelid":"","vid_yb_videocategoryid":"","vid_yb_maxresults":"","vid_yb_order":"","vid_yb_regioncode":"","vid_yb_videosyndicated":"","vid_yb_style":"","vid_yb_reload_first":""},"video_series_settings":{"vid_m_director":"","vid_m_actor":"","vid_m_imdb_ratings":"","video_series_group":""},"amazon_associates_settings":{"amazon_associates":"","amazon_native_ad":""},"vid_youtube_automatic_settings":{"vid_ya_youtube_source":"","vid_ya_update_every":"","vid_ya_update_unit":"","vid_ya_categories":"","vid_ya_published_after":"","vid_ya_published_before":"","vid_ya_playlists":"","vid_ya_channels":"","vid_ya_director":"","vid_ya_actor":"","vid_ya_author":"","vid_ya_import_post_date":"","vid_ya_status":"","vid_ya_sub_api_key":""},"vid_ads_m_videoads_settings_post":{"vid_ads_m_video_ads":"","vid_ads_m_video_ads_type":"","vid_ads_m_group_google_ima":"","vid_ads_m_group_image":"","vid_ads_m_group_html5_video":"","vid_ads_m_group_html":"","vid_ads_m_vast_preroll":"","vid_ads_m_vast_postroll":"","vid_ads_m_vast_pauseroll":"","vid_ads_m_vast_midroll":[{"vid_ads_m_vast_timer_seconds":"50"}],"vid_ads_m_time_to_show_ads":"","vid_ads_m_time_skip_ads":"","vid_ads_m_time_to_hide_ads":""},"page_slider_settings":{"display_slider_group":"","page_slider_group":""},"blog_page_settings":{"blog_page_title":"","blog_page_heading":"","blog_page_ic":"","blog_page_it":"","blog_page_ec":"","blog_page_ip":"","archive_loop_style":"","blog_image_ratio":"","blog_show_categories":"","blog_show_excerpt":"","blog_show_author":"","blog_show_date":"","blog_show_comment_count":"","blog_show_view_count":"","blog_show_like_count":"","blog_show_dislike_count":"","blog_items_per_page":"","blog_pag_type":""},"page_options":{"get_page_template":"","color_mode":"","main_layout":"","main_layout_full_with":"","main_logo":"","main_logo_retina":"","main_logo_mobile":"","main_logo_mobile_retina":"","sticky_logo":"","sticky_logo_retina":"","main_nav_layout":"","ajax_search":"","header_background":"","theme_sidebar":"","instagram_feed":"","instagram_feed_position":"","popular_videos":"","popular_videos_title_1":"","popular_videos_title_2":"","popular_videos_ic":"","popular_videos_it":"","theme_background":"","page_custom_css":""},"feature_image_settings":{"feature_image_position":""},"video_player_settings":{"single_video_style":"","video_player_position":"","vm_video_url":"","video_player_library":"","video_streaming":"","vm_media_sources":"","vid_auto_play":"","vm_video_shortcode":"","vid_p_sync_playlist":"","vid_c_sync_channel":"","get_post_format":"","multiple_links_structure":"default","multi_links_title":"","vm_video_multi_links":"","vm_duration":"","vid_social_locker":"off","vid_social_locker_id":"","vid_membership_action":"content-video","vm_video_trailer_url":"","vid_download_type":"free","vid_download_target":"download","vid_woo_product":"","vm_media_download":"","user_rating":"","user_rating_position":"","user_rating_mode":"","user_rating_multi_sets":""},"video_auto_fetch_settings":{"vm_video_fetch":"on"},"video_fake_views_likes":{"vm_fake_views":"","vm_fake_likes":"","vm_fake_dislikes":""},"gallery_settings":{"gallery_position":""},"quote_settings":{"quote_position":""},"post_options":{"main_layout":"","main_logo":"","main_logo_retina":"","main_logo_mobile":"","main_logo_mobile_retina":"","sticky_logo":"","sticky_logo_retina":"","main_nav_layout":"","header_background":"","theme_sidebar":"","single_post_comment_type":"","theme_background":""}},"_links":{"self":[{"href":"https:\/\/canal7slp.tv\/2019\/wp-json\/wp\/v2\/posts\/47598","targetHints":{"allow":["GET"]}}],"collection":[{"href":"https:\/\/canal7slp.tv\/2019\/wp-json\/wp\/v2\/posts"}],"about":[{"href":"https:\/\/canal7slp.tv\/2019\/wp-json\/wp\/v2\/types\/post"}],"author":[{"embeddable":true,"href":"https:\/\/canal7slp.tv\/2019\/wp-json\/wp\/v2\/users\/2"}],"replies":[{"embeddable":true,"href":"https:\/\/canal7slp.tv\/2019\/wp-json\/wp\/v2\/comments?post=47598"}],"version-history":[{"count":0,"href":"https:\/\/canal7slp.tv\/2019\/wp-json\/wp\/v2\/posts\/47598\/revisions"}],"wp:featuredmedia":[{"embeddable":true,"href":"https:\/\/canal7slp.tv\/2019\/wp-json\/wp\/v2\/media\/47599"}],"wp:attachment":[{"href":"https:\/\/canal7slp.tv\/2019\/wp-json\/wp\/v2\/media?parent=47598"}],"wp:term":[{"taxonomy":"category","embeddable":true,"href":"https:\/\/canal7slp.tv\/2019\/wp-json\/wp\/v2\/categories?post=47598"},{"taxonomy":"post_tag","embeddable":true,"href":"https:\/\/canal7slp.tv\/2019\/wp-json\/wp\/v2\/tags?post=47598"}],"curies":[{"name":"wp","href":"https:\/\/api.w.org\/{rel}","templated":true}]}}