{"id":47578,"date":"2019-08-10T12:14:29","date_gmt":"2019-08-10T17:14:29","guid":{"rendered":"https:\/\/canal7slp.tv\/2019\/?p=47578"},"modified":"2019-08-10T12:14:29","modified_gmt":"2019-08-10T17:14:29","slug":"se-suicida-en-su-celda-el-multimillonario-jeffrey-epstein","status":"publish","type":"post","link":"https:\/\/canal7slp.tv\/2019\/se-suicida-en-su-celda-el-multimillonario-jeffrey-epstein\/","title":{"rendered":"Se suicida en su celda el multimillonario Jeffrey Epstein"},"content":{"rendered":"<p style=\"text-align: justify;\">Nueva York.- Jeffrey Epstein, el multimillonario estadounidense acusado de tr\u00e1fico y abuso sexual de menores, fue encontrado muerto en su celda en Nueva York este s\u00e1bado.<\/p>\n<p style=\"text-align: justify;\">Los medios locales indican que Epstein se ahorc\u00f3 y que su cuerpo fue descubierto a las 7:30 hora local en el Centro Penitenciario Metropolitano en Manhattan.<\/p>\n<p style=\"text-align: justify;\">El FBI est\u00e1 investigando el incidente.<\/p>\n<p style=\"text-align: justify;\">&#8220;[El] fue encontrado inconsciente en su celda [&#8230;] por un aparente suicidio&#8221;, afirm\u00f3 el Departamento de Justicia en un comunicado&#8221;.<\/p>\n<p style=\"text-align: justify;\">&#8220;El se\u00f1or Epstein fue transportado&#8230;a un hospital local para ser tratado de sus heridas con riesgo vital, y posteriormente declarado muerto&#8221;, a\u00f1adi\u00f3.<\/p>\n<p style=\"text-align: justify;\">El empresario de 66 a\u00f1os, que se codeaba con las altas esferas pol\u00edticas y culturales en todo el mundo -desde presidentes hasta miembros de la realeza-, estaba detenido sin derecho a fianza en la prisi\u00f3n en Nueva York mientras era llevado a juicio.<\/p>\n<p style=\"text-align: justify;\">Enfrentaba una posible pena de hasta 45 a\u00f1os de c\u00e1rcel.<\/p>\n<p style=\"text-align: justify;\">Epstein se hab\u00eda declarado no culpable de las acusaciones de tr\u00e1fico sexual y conspiraci\u00f3n.<\/p>\n<p style=\"text-align: justify;\">A\u00fan no est\u00e1n claras las circunstancias de su muerte. Se inform\u00f3 que estaba siendo monitoreado para evitar un suicidio despu\u00e9s de un incidente hace unas semanas.<\/p>\n<p style=\"text-align: justify;\">En julio fue encontrado semi inconsciente en su celda con heridas en el cuello. Se le traslad\u00f3 a un hospital cercano y posteriormente regres\u00f3 a la prisi\u00f3n.<\/p>\n<p style=\"text-align: justify;\">Acusaciones<br \/>\nEl que fuera amigo del Pr\u00edncipe Andrew de Inglaterra, el ex presidente de Estados Unidos Bill Clinton y el actual presidente estadounidense Donald Trump, entre otros reconocibles nombres, fue detenido el 6 de julio por el FBI cuando aterriz\u00f3 en Nueva Jersey en su avi\u00f3n privado de regreso de sus vacaciones en Europa.<\/p>\n<p style=\"text-align: justify;\">La fiscal\u00eda federal de Manhattan present\u00f3 posteriormente cargos contra Epstein por tr\u00e1fico sexual de menores. Pero los detalles de su conducta se hab\u00edan estado conociendo desde hace d\u00e9cadas.<\/p>\n<p style=\"text-align: justify;\">Epstein evit\u00f3 una imputaci\u00f3n similar en 2008 tras un controvertido acuerdo secreto con la fiscal\u00eda de Florida y se declar\u00f3 culpable de un cargo menor.<\/p>\n<p style=\"text-align: justify;\">Ese acuerdo fue examinado cuidadosamente el mes pasado y como resultado el Secretario del Trabajo de Estados Unidos, Alex Acosta, -quien estuvo involucrado en el caso de Epstein cuando era fiscal de Florida- present\u00f3 su renuncia.<\/p>\n<p style=\"text-align: justify;\">Seg\u00fan la acusaci\u00f3n presentada en julio, que se hizo p\u00fablica, Epstein, presuntamente reclutaba a v\u00edctimas de hasta 14 a\u00f1os para que le dieran &#8220;masajes&#8221; desnudas o semidesnudas.<\/p>\n<p style=\"text-align: justify;\">Los fiscales aseguran que los encuentros acababan siendo cada vez m\u00e1s sexuales, incluyendo a veces tocamientos y contacto indirecto con los genitales de las v\u00edctimas, mientras Epstein &#8220;habitualmente se masturbaba y ped\u00eda a las v\u00edctimas que le tocaran mientras lo hac\u00eda&#8221;, recoge la agencia Reuters.<\/p>\n<p style=\"text-align: justify;\">El multimillonario supuestamente pag\u00f3 a j\u00f3venes para que &#8220;reclutaran&#8221; a m\u00e1s menores para asegurar &#8220;un suministro constante de nuevas v\u00edctimas a las que explotar&#8221;, seg\u00fan los fiscales.<\/p>\n<p style=\"text-align: justify;\">La acusaci\u00f3n se\u00f1ala que tres empleados de Epstein, uno en Manhattan y dos en Florida, le ayudaron a organizar sus &#8220;encuentros sexuales&#8221;.<\/p>\n<p style=\"text-align: justify;\">\u00bfQui\u00e9n era Jeffrey Epstein?<br \/>\nEpstein, multimillonario, inversor de \u00e9xito y bien relacionado en la esfera pol\u00edtica y econ\u00f3mica estadounidense, empez\u00f3 su carrera como profesor de matem\u00e1ticas y f\u00edsica en el elitista Dalton School, en Nueva York.<\/p>\n<p style=\"text-align: justify;\">Por recomendaci\u00f3n del padre de un alumno, en 1976 ingres\u00f3 en el banco de inversiones Bear Stearns, donde ascendi\u00f3 hasta convertirse en socio de la firma.<\/p>\n<p style=\"text-align: justify;\">Fue all\u00ed donde teji\u00f3 su red de contactos entre la gente m\u00e1s adinerada de Estados Unidos.<\/p>\n<p style=\"text-align: justify;\">&#8220;Dada su formaci\u00f3n matem\u00e1tica, lo colocamos en nuestra divisi\u00f3n de productos especiales, donde aconseja a nuestros clientes m\u00e1s ricos sobre las implicaciones fiscales de sus inversiones&#8221;, explic\u00f3 a la revista New York Magazine, Jimmy Cayne, director ejecutivo de Bear Stearns, en 2002.<\/p>\n<p style=\"text-align: justify;\">Adem\u00e1s, ampli\u00f3 sus contactos hasta tal punto que en 1982 lanz\u00f3 su propia firma de inversiones: J. Epstein and Co.<\/p>\n<p style=\"text-align: justify;\">Los medios estadounidenses coinciden en se\u00f1alar que las actividades financieras de Epstein se volvieron muy opacas.<\/p>\n<p style=\"text-align: justify;\">La firma solo aceptaba clientes con activos superiores a los US$1.000 millones.<\/p>\n<p style=\"text-align: justify;\">El \u00fanico nombre conocido entre sus clientes era Les Wexner, el fundador de la marca de ropa The Limited, que agrupa marcas como Victoria&#8217;s Secret o Bath &amp; Body Work.<\/p>\n<p style=\"text-align: justify;\">Donald Trump dijo hace unos a\u00f1os cuando a\u00fan no era presidente de Estados Unidos: &#8220;Conozco a Jeff desde hace 15 a\u00f1os&#8221;.<\/p>\n<p style=\"text-align: justify;\">&#8220;Es un tipo estupendo. Es muy divertido estar con \u00e9l. Se dice incluso que le gustan las mujeres hermosas tanto como a m\u00ed, y muchas de ellas est\u00e1n entre las m\u00e1s j\u00f3venes&#8221;, asegur\u00f3.<\/p>\n","protected":false},"excerpt":{"rendered":"<p>Nueva York.- Jeffrey Epstein, el multimillonario estadounidense acusado de tr\u00e1fico y abuso sexual de menores, fue encontrado muerto en su celda en Nueva York este s\u00e1bado. Los medios locales indican que Epstein se ahorc\u00f3 y que su cuerpo fue descubierto a las 7:30 hora local en el Centro Penitenciario Metropolitano en Manhattan. El FBI est\u00e1 [&hellip;]<\/p>\n","protected":false},"author":2,"featured_media":47579,"comment_status":"open","ping_status":"closed","sticky":false,"template":"","format":"standard","meta":{"footnotes":""},"categories":[18],"tags":[],"class_list":["post-47578","post","type-post","status-publish","format-standard","has-post-thumbnail","hentry","category-internacional"],"yoast_head":"<!-- This site is optimized with the Yoast SEO plugin v27.5 - https:\/\/yoast.com\/product\/yoast-seo-wordpress\/ -->\n<title>Se suicida en su celda el multimillonario Jeffrey Epstein - Canal 7 SLP - 2019<\/title>\n<meta name=\"robots\" content=\"index, follow, max-snippet:-1, max-image-preview:large, max-video-preview:-1\" \/>\n<link rel=\"canonical\" href=\"https:\/\/canal7slp.tv\/2019\/se-suicida-en-su-celda-el-multimillonario-jeffrey-epstein\/\" \/>\n<meta property=\"og:locale\" content=\"es_ES\" \/>\n<meta property=\"og:type\" content=\"article\" \/>\n<meta property=\"og:title\" content=\"Se suicida en su celda el multimillonario Jeffrey Epstein - Canal 7 SLP - 2019\" \/>\n<meta property=\"og:description\" content=\"Nueva York.- Jeffrey Epstein, el multimillonario estadounidense acusado de tr\u00e1fico y abuso sexual de menores, fue encontrado muerto en su celda en Nueva York este s\u00e1bado. Los medios locales indican que Epstein se ahorc\u00f3 y que su cuerpo fue descubierto a las 7:30 hora local en el Centro Penitenciario Metropolitano en Manhattan. El FBI est\u00e1 [&hellip;]\" \/>\n<meta property=\"og:url\" content=\"https:\/\/canal7slp.tv\/2019\/se-suicida-en-su-celda-el-multimillonario-jeffrey-epstein\/\" \/>\n<meta property=\"og:site_name\" content=\"Canal 7 SLP - 2019\" \/>\n<meta property=\"article:publisher\" content=\"https:\/\/www.facebook.com\/CANAL7SLP\/\" \/>\n<meta property=\"article:published_time\" content=\"2019-08-10T17:14:29+00:00\" \/>\n<meta property=\"og:image\" content=\"https:\/\/canal7slp.tv\/2019\/wp-content\/uploads\/2019\/08\/1315-2.jpg\" \/>\n\t<meta property=\"og:image:width\" content=\"643\" \/>\n\t<meta property=\"og:image:height\" content=\"410\" \/>\n\t<meta property=\"og:image:type\" content=\"image\/jpeg\" \/>\n<meta name=\"author\" content=\"edicionweb\" \/>\n<meta name=\"twitter:card\" content=\"summary_large_image\" \/>\n<meta name=\"twitter:creator\" content=\"@canal7_slp\" \/>\n<meta name=\"twitter:site\" content=\"@canal7_slp\" \/>\n<meta name=\"twitter:label1\" content=\"Escrito por\" \/>\n\t<meta name=\"twitter:data1\" content=\"edicionweb\" \/>\n\t<meta name=\"twitter:label2\" content=\"Tiempo de lectura\" \/>\n\t<meta name=\"twitter:data2\" content=\"4 minutos\" \/>\n<script type=\"application\/ld+json\" class=\"yoast-schema-graph\">{\"@context\":\"https:\\\/\\\/schema.org\",\"@graph\":[{\"@type\":\"Article\",\"@id\":\"https:\\\/\\\/canal7slp.tv\\\/2019\\\/se-suicida-en-su-celda-el-multimillonario-jeffrey-epstein\\\/#article\",\"isPartOf\":{\"@id\":\"https:\\\/\\\/canal7slp.tv\\\/2019\\\/se-suicida-en-su-celda-el-multimillonario-jeffrey-epstein\\\/\"},\"author\":{\"name\":\"edicionweb\",\"@id\":\"https:\\\/\\\/canal7slp.tv\\\/2019\\\/#\\\/schema\\\/person\\\/11d941c1c6ca30ac0a46b95fa37aa2e3\"},\"headline\":\"Se suicida en su celda el multimillonario Jeffrey Epstein\",\"datePublished\":\"2019-08-10T17:14:29+00:00\",\"mainEntityOfPage\":{\"@id\":\"https:\\\/\\\/canal7slp.tv\\\/2019\\\/se-suicida-en-su-celda-el-multimillonario-jeffrey-epstein\\\/\"},\"wordCount\":796,\"commentCount\":0,\"publisher\":{\"@id\":\"https:\\\/\\\/canal7slp.tv\\\/2019\\\/#organization\"},\"image\":{\"@id\":\"https:\\\/\\\/canal7slp.tv\\\/2019\\\/se-suicida-en-su-celda-el-multimillonario-jeffrey-epstein\\\/#primaryimage\"},\"thumbnailUrl\":\"https:\\\/\\\/canal7slp.tv\\\/2019\\\/wp-content\\\/uploads\\\/2019\\\/08\\\/1315-2.jpg\",\"articleSection\":[\"INTERNACIONAL\"],\"inLanguage\":\"es\",\"potentialAction\":[{\"@type\":\"CommentAction\",\"name\":\"Comment\",\"target\":[\"https:\\\/\\\/canal7slp.tv\\\/2019\\\/se-suicida-en-su-celda-el-multimillonario-jeffrey-epstein\\\/#respond\"]}]},{\"@type\":\"WebPage\",\"@id\":\"https:\\\/\\\/canal7slp.tv\\\/2019\\\/se-suicida-en-su-celda-el-multimillonario-jeffrey-epstein\\\/\",\"url\":\"https:\\\/\\\/canal7slp.tv\\\/2019\\\/se-suicida-en-su-celda-el-multimillonario-jeffrey-epstein\\\/\",\"name\":\"Se suicida en su celda el multimillonario Jeffrey Epstein - Canal 7 SLP - 2019\",\"isPartOf\":{\"@id\":\"https:\\\/\\\/canal7slp.tv\\\/2019\\\/#website\"},\"primaryImageOfPage\":{\"@id\":\"https:\\\/\\\/canal7slp.tv\\\/2019\\\/se-suicida-en-su-celda-el-multimillonario-jeffrey-epstein\\\/#primaryimage\"},\"image\":{\"@id\":\"https:\\\/\\\/canal7slp.tv\\\/2019\\\/se-suicida-en-su-celda-el-multimillonario-jeffrey-epstein\\\/#primaryimage\"},\"thumbnailUrl\":\"https:\\\/\\\/canal7slp.tv\\\/2019\\\/wp-content\\\/uploads\\\/2019\\\/08\\\/1315-2.jpg\",\"datePublished\":\"2019-08-10T17:14:29+00:00\",\"breadcrumb\":{\"@id\":\"https:\\\/\\\/canal7slp.tv\\\/2019\\\/se-suicida-en-su-celda-el-multimillonario-jeffrey-epstein\\\/#breadcrumb\"},\"inLanguage\":\"es\",\"potentialAction\":[{\"@type\":\"ReadAction\",\"target\":[\"https:\\\/\\\/canal7slp.tv\\\/2019\\\/se-suicida-en-su-celda-el-multimillonario-jeffrey-epstein\\\/\"]}]},{\"@type\":\"ImageObject\",\"inLanguage\":\"es\",\"@id\":\"https:\\\/\\\/canal7slp.tv\\\/2019\\\/se-suicida-en-su-celda-el-multimillonario-jeffrey-epstein\\\/#primaryimage\",\"url\":\"https:\\\/\\\/canal7slp.tv\\\/2019\\\/wp-content\\\/uploads\\\/2019\\\/08\\\/1315-2.jpg\",\"contentUrl\":\"https:\\\/\\\/canal7slp.tv\\\/2019\\\/wp-content\\\/uploads\\\/2019\\\/08\\\/1315-2.jpg\",\"width\":643,\"height\":410},{\"@type\":\"BreadcrumbList\",\"@id\":\"https:\\\/\\\/canal7slp.tv\\\/2019\\\/se-suicida-en-su-celda-el-multimillonario-jeffrey-epstein\\\/#breadcrumb\",\"itemListElement\":[{\"@type\":\"ListItem\",\"position\":1,\"name\":\"Home\",\"item\":\"https:\\\/\\\/canal7slp.tv\\\/2019\\\/\"},{\"@type\":\"ListItem\",\"position\":2,\"name\":\"Se suicida en su celda el multimillonario Jeffrey Epstein\"}]},{\"@type\":\"WebSite\",\"@id\":\"https:\\\/\\\/canal7slp.tv\\\/2019\\\/#website\",\"url\":\"https:\\\/\\\/canal7slp.tv\\\/2019\\\/\",\"name\":\"Canal 7 SLP - Somos TV\",\"description\":\"Somos un Canal de 10\",\"publisher\":{\"@id\":\"https:\\\/\\\/canal7slp.tv\\\/2019\\\/#organization\"},\"potentialAction\":[{\"@type\":\"SearchAction\",\"target\":{\"@type\":\"EntryPoint\",\"urlTemplate\":\"https:\\\/\\\/canal7slp.tv\\\/2019\\\/?s={search_term_string}\"},\"query-input\":{\"@type\":\"PropertyValueSpecification\",\"valueRequired\":true,\"valueName\":\"search_term_string\"}}],\"inLanguage\":\"es\"},{\"@type\":\"Organization\",\"@id\":\"https:\\\/\\\/canal7slp.tv\\\/2019\\\/#organization\",\"name\":\"Comunicaci\u00f3n 2000 S.A. de C.V.\",\"url\":\"https:\\\/\\\/canal7slp.tv\\\/2019\\\/\",\"logo\":{\"@type\":\"ImageObject\",\"inLanguage\":\"es\",\"@id\":\"https:\\\/\\\/canal7slp.tv\\\/2019\\\/#\\\/schema\\\/logo\\\/image\\\/\",\"url\":\"https:\\\/\\\/canal7slp.tv\\\/2019\\\/wp-content\\\/uploads\\\/2019\\\/07\\\/logo-c7.png\",\"contentUrl\":\"https:\\\/\\\/canal7slp.tv\\\/2019\\\/wp-content\\\/uploads\\\/2019\\\/07\\\/logo-c7.png\",\"width\":220,\"height\":60,\"caption\":\"Comunicaci\u00f3n 2000 S.A. de C.V.\"},\"image\":{\"@id\":\"https:\\\/\\\/canal7slp.tv\\\/2019\\\/#\\\/schema\\\/logo\\\/image\\\/\"},\"sameAs\":[\"https:\\\/\\\/www.facebook.com\\\/CANAL7SLP\\\/\",\"https:\\\/\\\/x.com\\\/canal7_slp\",\"https:\\\/\\\/www.instagram.com\\\/canal7_slp\",\"https:\\\/\\\/www.youtube.com\\\/user\\\/NOTICIEROSCANAL7SLP\\\/\"]},{\"@type\":\"Person\",\"@id\":\"https:\\\/\\\/canal7slp.tv\\\/2019\\\/#\\\/schema\\\/person\\\/11d941c1c6ca30ac0a46b95fa37aa2e3\",\"name\":\"edicionweb\",\"image\":{\"@type\":\"ImageObject\",\"inLanguage\":\"es\",\"@id\":\"https:\\\/\\\/secure.gravatar.com\\\/avatar\\\/eee448fc3f7164808013b816ba91ac7e43bbe82a70bebac296f8bc6f0addaa1a?s=96&d=mm&r=g\",\"url\":\"https:\\\/\\\/secure.gravatar.com\\\/avatar\\\/eee448fc3f7164808013b816ba91ac7e43bbe82a70bebac296f8bc6f0addaa1a?s=96&d=mm&r=g\",\"contentUrl\":\"https:\\\/\\\/secure.gravatar.com\\\/avatar\\\/eee448fc3f7164808013b816ba91ac7e43bbe82a70bebac296f8bc6f0addaa1a?s=96&d=mm&r=g\",\"caption\":\"edicionweb\"}}]}<\/script>\n<!-- \/ Yoast SEO plugin. -->","yoast_head_json":{"title":"Se suicida en su celda el multimillonario Jeffrey Epstein - Canal 7 SLP - 2019","robots":{"index":"index","follow":"follow","max-snippet":"max-snippet:-1","max-image-preview":"max-image-preview:large","max-video-preview":"max-video-preview:-1"},"canonical":"https:\/\/canal7slp.tv\/2019\/se-suicida-en-su-celda-el-multimillonario-jeffrey-epstein\/","og_locale":"es_ES","og_type":"article","og_title":"Se suicida en su celda el multimillonario Jeffrey Epstein - Canal 7 SLP - 2019","og_description":"Nueva York.- Jeffrey Epstein, el multimillonario estadounidense acusado de tr\u00e1fico y abuso sexual de menores, fue encontrado muerto en su celda en Nueva York este s\u00e1bado. Los medios locales indican que Epstein se ahorc\u00f3 y que su cuerpo fue descubierto a las 7:30 hora local en el Centro Penitenciario Metropolitano en Manhattan. El FBI est\u00e1 [&hellip;]","og_url":"https:\/\/canal7slp.tv\/2019\/se-suicida-en-su-celda-el-multimillonario-jeffrey-epstein\/","og_site_name":"Canal 7 SLP - 2019","article_publisher":"https:\/\/www.facebook.com\/CANAL7SLP\/","article_published_time":"2019-08-10T17:14:29+00:00","og_image":[{"width":643,"height":410,"url":"https:\/\/canal7slp.tv\/2019\/wp-content\/uploads\/2019\/08\/1315-2.jpg","type":"image\/jpeg"}],"author":"edicionweb","twitter_card":"summary_large_image","twitter_creator":"@canal7_slp","twitter_site":"@canal7_slp","twitter_misc":{"Escrito por":"edicionweb","Tiempo de lectura":"4 minutos"},"schema":{"@context":"https:\/\/schema.org","@graph":[{"@type":"Article","@id":"https:\/\/canal7slp.tv\/2019\/se-suicida-en-su-celda-el-multimillonario-jeffrey-epstein\/#article","isPartOf":{"@id":"https:\/\/canal7slp.tv\/2019\/se-suicida-en-su-celda-el-multimillonario-jeffrey-epstein\/"},"author":{"name":"edicionweb","@id":"https:\/\/canal7slp.tv\/2019\/#\/schema\/person\/11d941c1c6ca30ac0a46b95fa37aa2e3"},"headline":"Se suicida en su celda el multimillonario Jeffrey Epstein","datePublished":"2019-08-10T17:14:29+00:00","mainEntityOfPage":{"@id":"https:\/\/canal7slp.tv\/2019\/se-suicida-en-su-celda-el-multimillonario-jeffrey-epstein\/"},"wordCount":796,"commentCount":0,"publisher":{"@id":"https:\/\/canal7slp.tv\/2019\/#organization"},"image":{"@id":"https:\/\/canal7slp.tv\/2019\/se-suicida-en-su-celda-el-multimillonario-jeffrey-epstein\/#primaryimage"},"thumbnailUrl":"https:\/\/canal7slp.tv\/2019\/wp-content\/uploads\/2019\/08\/1315-2.jpg","articleSection":["INTERNACIONAL"],"inLanguage":"es","potentialAction":[{"@type":"CommentAction","name":"Comment","target":["https:\/\/canal7slp.tv\/2019\/se-suicida-en-su-celda-el-multimillonario-jeffrey-epstein\/#respond"]}]},{"@type":"WebPage","@id":"https:\/\/canal7slp.tv\/2019\/se-suicida-en-su-celda-el-multimillonario-jeffrey-epstein\/","url":"https:\/\/canal7slp.tv\/2019\/se-suicida-en-su-celda-el-multimillonario-jeffrey-epstein\/","name":"Se suicida en su celda el multimillonario Jeffrey Epstein - Canal 7 SLP - 2019","isPartOf":{"@id":"https:\/\/canal7slp.tv\/2019\/#website"},"primaryImageOfPage":{"@id":"https:\/\/canal7slp.tv\/2019\/se-suicida-en-su-celda-el-multimillonario-jeffrey-epstein\/#primaryimage"},"image":{"@id":"https:\/\/canal7slp.tv\/2019\/se-suicida-en-su-celda-el-multimillonario-jeffrey-epstein\/#primaryimage"},"thumbnailUrl":"https:\/\/canal7slp.tv\/2019\/wp-content\/uploads\/2019\/08\/1315-2.jpg","datePublished":"2019-08-10T17:14:29+00:00","breadcrumb":{"@id":"https:\/\/canal7slp.tv\/2019\/se-suicida-en-su-celda-el-multimillonario-jeffrey-epstein\/#breadcrumb"},"inLanguage":"es","potentialAction":[{"@type":"ReadAction","target":["https:\/\/canal7slp.tv\/2019\/se-suicida-en-su-celda-el-multimillonario-jeffrey-epstein\/"]}]},{"@type":"ImageObject","inLanguage":"es","@id":"https:\/\/canal7slp.tv\/2019\/se-suicida-en-su-celda-el-multimillonario-jeffrey-epstein\/#primaryimage","url":"https:\/\/canal7slp.tv\/2019\/wp-content\/uploads\/2019\/08\/1315-2.jpg","contentUrl":"https:\/\/canal7slp.tv\/2019\/wp-content\/uploads\/2019\/08\/1315-2.jpg","width":643,"height":410},{"@type":"BreadcrumbList","@id":"https:\/\/canal7slp.tv\/2019\/se-suicida-en-su-celda-el-multimillonario-jeffrey-epstein\/#breadcrumb","itemListElement":[{"@type":"ListItem","position":1,"name":"Home","item":"https:\/\/canal7slp.tv\/2019\/"},{"@type":"ListItem","position":2,"name":"Se suicida en su celda el multimillonario Jeffrey Epstein"}]},{"@type":"WebSite","@id":"https:\/\/canal7slp.tv\/2019\/#website","url":"https:\/\/canal7slp.tv\/2019\/","name":"Canal 7 SLP - Somos TV","description":"Somos un Canal de 10","publisher":{"@id":"https:\/\/canal7slp.tv\/2019\/#organization"},"potentialAction":[{"@type":"SearchAction","target":{"@type":"EntryPoint","urlTemplate":"https:\/\/canal7slp.tv\/2019\/?s={search_term_string}"},"query-input":{"@type":"PropertyValueSpecification","valueRequired":true,"valueName":"search_term_string"}}],"inLanguage":"es"},{"@type":"Organization","@id":"https:\/\/canal7slp.tv\/2019\/#organization","name":"Comunicaci\u00f3n 2000 S.A. de C.V.","url":"https:\/\/canal7slp.tv\/2019\/","logo":{"@type":"ImageObject","inLanguage":"es","@id":"https:\/\/canal7slp.tv\/2019\/#\/schema\/logo\/image\/","url":"https:\/\/canal7slp.tv\/2019\/wp-content\/uploads\/2019\/07\/logo-c7.png","contentUrl":"https:\/\/canal7slp.tv\/2019\/wp-content\/uploads\/2019\/07\/logo-c7.png","width":220,"height":60,"caption":"Comunicaci\u00f3n 2000 S.A. de C.V."},"image":{"@id":"https:\/\/canal7slp.tv\/2019\/#\/schema\/logo\/image\/"},"sameAs":["https:\/\/www.facebook.com\/CANAL7SLP\/","https:\/\/x.com\/canal7_slp","https:\/\/www.instagram.com\/canal7_slp","https:\/\/www.youtube.com\/user\/NOTICIEROSCANAL7SLP\/"]},{"@type":"Person","@id":"https:\/\/canal7slp.tv\/2019\/#\/schema\/person\/11d941c1c6ca30ac0a46b95fa37aa2e3","name":"edicionweb","image":{"@type":"ImageObject","inLanguage":"es","@id":"https:\/\/secure.gravatar.com\/avatar\/eee448fc3f7164808013b816ba91ac7e43bbe82a70bebac296f8bc6f0addaa1a?s=96&d=mm&r=g","url":"https:\/\/secure.gravatar.com\/avatar\/eee448fc3f7164808013b816ba91ac7e43bbe82a70bebac296f8bc6f0addaa1a?s=96&d=mm&r=g","contentUrl":"https:\/\/secure.gravatar.com\/avatar\/eee448fc3f7164808013b816ba91ac7e43bbe82a70bebac296f8bc6f0addaa1a?s=96&d=mm&r=g","caption":"edicionweb"}}]}},"amp_enabled":true,"cmb2":{"video_ids_in_playlist":{"vid_p_videos":""},"video_ids_in_channel":{"vid_c_videos":""},"playlist_ids_in_channel":{"vid_c_playlists":""},"series_ids_in_channel":{"vid_c_series":""},"channel_images":{"vid_c_logo":"","vid_c_banner":""},"poster_feature_image":{"vid_m_poster_image":""},"gif_feature_image":{"vid_m_gif_image":""},"video_movie_settings":{"vid_m_director":"","vid_m_actor":"","vid_m_imdb_ratings":"","vid_m_amazon_associates":""},"vid_youtube_broadcasts_settings":{"vid_yb_broadcast_title":"","vid_yb_q":"","vid_yb_channelid":"","vid_yb_videocategoryid":"","vid_yb_maxresults":"","vid_yb_order":"","vid_yb_regioncode":"","vid_yb_videosyndicated":"","vid_yb_style":"","vid_yb_reload_first":""},"video_series_settings":{"vid_m_director":"","vid_m_actor":"","vid_m_imdb_ratings":"","video_series_group":""},"amazon_associates_settings":{"amazon_associates":"","amazon_native_ad":""},"vid_youtube_automatic_settings":{"vid_ya_youtube_source":"","vid_ya_update_every":"","vid_ya_update_unit":"","vid_ya_categories":"","vid_ya_published_after":"","vid_ya_published_before":"","vid_ya_playlists":"","vid_ya_channels":"","vid_ya_director":"","vid_ya_actor":"","vid_ya_author":"","vid_ya_import_post_date":"","vid_ya_status":"","vid_ya_sub_api_key":""},"vid_ads_m_videoads_settings_post":{"vid_ads_m_video_ads":"","vid_ads_m_video_ads_type":"","vid_ads_m_group_google_ima":"","vid_ads_m_group_image":"","vid_ads_m_group_html5_video":"","vid_ads_m_group_html":"","vid_ads_m_vast_preroll":"","vid_ads_m_vast_postroll":"","vid_ads_m_vast_pauseroll":"","vid_ads_m_vast_midroll":[{"vid_ads_m_vast_timer_seconds":"50"}],"vid_ads_m_time_to_show_ads":"","vid_ads_m_time_skip_ads":"","vid_ads_m_time_to_hide_ads":""},"page_slider_settings":{"display_slider_group":"","page_slider_group":""},"blog_page_settings":{"blog_page_title":"","blog_page_heading":"","blog_page_ic":"","blog_page_it":"","blog_page_ec":"","blog_page_ip":"","archive_loop_style":"","blog_image_ratio":"","blog_show_categories":"","blog_show_excerpt":"","blog_show_author":"","blog_show_date":"","blog_show_comment_count":"","blog_show_view_count":"","blog_show_like_count":"","blog_show_dislike_count":"","blog_items_per_page":"","blog_pag_type":""},"page_options":{"get_page_template":"","color_mode":"","main_layout":"","main_layout_full_with":"","main_logo":"","main_logo_retina":"","main_logo_mobile":"","main_logo_mobile_retina":"","sticky_logo":"","sticky_logo_retina":"","main_nav_layout":"","ajax_search":"","header_background":"","theme_sidebar":"","instagram_feed":"","instagram_feed_position":"","popular_videos":"","popular_videos_title_1":"","popular_videos_title_2":"","popular_videos_ic":"","popular_videos_it":"","theme_background":"","page_custom_css":""},"feature_image_settings":{"feature_image_position":""},"video_player_settings":{"single_video_style":"","video_player_position":"","vm_video_url":"","video_player_library":"","video_streaming":"","vm_media_sources":"","vid_auto_play":"","vm_video_shortcode":"","vid_p_sync_playlist":"","vid_c_sync_channel":"","get_post_format":"","multiple_links_structure":"default","multi_links_title":"","vm_video_multi_links":"","vm_duration":"","vid_social_locker":"off","vid_social_locker_id":"","vid_membership_action":"content-video","vm_video_trailer_url":"","vid_download_type":"free","vid_download_target":"download","vid_woo_product":"","vm_media_download":"","user_rating":"","user_rating_position":"","user_rating_mode":"","user_rating_multi_sets":""},"video_auto_fetch_settings":{"vm_video_fetch":"on"},"video_fake_views_likes":{"vm_fake_views":"","vm_fake_likes":"","vm_fake_dislikes":""},"gallery_settings":{"gallery_position":""},"quote_settings":{"quote_position":""},"post_options":{"main_layout":"","main_logo":"","main_logo_retina":"","main_logo_mobile":"","main_logo_mobile_retina":"","sticky_logo":"","sticky_logo_retina":"","main_nav_layout":"","header_background":"","theme_sidebar":"","single_post_comment_type":"","theme_background":""}},"_links":{"self":[{"href":"https:\/\/canal7slp.tv\/2019\/wp-json\/wp\/v2\/posts\/47578","targetHints":{"allow":["GET"]}}],"collection":[{"href":"https:\/\/canal7slp.tv\/2019\/wp-json\/wp\/v2\/posts"}],"about":[{"href":"https:\/\/canal7slp.tv\/2019\/wp-json\/wp\/v2\/types\/post"}],"author":[{"embeddable":true,"href":"https:\/\/canal7slp.tv\/2019\/wp-json\/wp\/v2\/users\/2"}],"replies":[{"embeddable":true,"href":"https:\/\/canal7slp.tv\/2019\/wp-json\/wp\/v2\/comments?post=47578"}],"version-history":[{"count":0,"href":"https:\/\/canal7slp.tv\/2019\/wp-json\/wp\/v2\/posts\/47578\/revisions"}],"wp:featuredmedia":[{"embeddable":true,"href":"https:\/\/canal7slp.tv\/2019\/wp-json\/wp\/v2\/media\/47579"}],"wp:attachment":[{"href":"https:\/\/canal7slp.tv\/2019\/wp-json\/wp\/v2\/media?parent=47578"}],"wp:term":[{"taxonomy":"category","embeddable":true,"href":"https:\/\/canal7slp.tv\/2019\/wp-json\/wp\/v2\/categories?post=47578"},{"taxonomy":"post_tag","embeddable":true,"href":"https:\/\/canal7slp.tv\/2019\/wp-json\/wp\/v2\/tags?post=47578"}],"curies":[{"name":"wp","href":"https:\/\/api.w.org\/{rel}","templated":true}]}}