{"id":47539,"date":"2019-08-10T10:08:57","date_gmt":"2019-08-10T15:08:57","guid":{"rendered":"https:\/\/canal7slp.tv\/2019\/?p=47539"},"modified":"2019-08-10T10:09:17","modified_gmt":"2019-08-10T15:09:17","slug":"pueblos-indigenas-viven-en-permanente-amenaza-de-desaparicion-onu","status":"publish","type":"post","link":"https:\/\/canal7slp.tv\/2019\/pueblos-indigenas-viven-en-permanente-amenaza-de-desaparicion-onu\/","title":{"rendered":"pueblos indigenas viven en permanente amenaza de desaparici\u00f3n: ONU"},"content":{"rendered":"<p id=\"m54-53-55\" class=\"paragraph \" style=\"text-align: justify;\">M\u00e9xico.- Los pueblos ind\u00edgenas del mundo sufren la constante p\u00e9rdida de territorios y recursos naturales desde hace bastantes a\u00f1os, lo que pone en peligro la existencia misma de muchas de las cinco mil culturas aut\u00f3ctonas del orbe, pese a las medidas de la Organizaci\u00f3n de las Naciones Unidas (ONU) para detener ese deterioro.<\/p>\n<p id=\"m59-58-60\" class=\"paragraph \" style=\"text-align: justify;\">A la p\u00e9rdida de sus tierras, de la discriminaci\u00f3n y depredaci\u00f3n del medio ambiente donde habitan, las culturas ind\u00edgenas se encuentran en pobreza extrema en una clasificaci\u00f3n global que los ubica en el 15 por ciento de los m\u00e1s pobres del mundo.<\/p>\n<p id=\"m64-63-65\" class=\"paragraph \" style=\"text-align: justify;\">Los pueblos tribales conformados por un aproximado de 370 millones de personas est\u00e1n a la zaga en todos los indicadores sociales y econ\u00f3micos, con esperanza de vida m\u00e1s corta y desempleo con tasas m\u00e1s elevadas, mientras la calidad de educaci\u00f3n que reciben es de bajo nivel.<\/p>\n<div id=\"axds-Intext\" class=\"axds\" style=\"text-align: justify;\"><\/div>\n<p id=\"m69-68-70\" class=\"paragraph \" style=\"text-align: justify;\">En la actualidad existen entre seis mil y siete mil lenguas orales ind\u00edgenas en el mundo, la mayor\u00eda con muy pocos hablantes, y \u201ccada dos semanas muere una lengua ind\u00edgena\u201d, poniendo en riesgo sus respectivas culturas y sus conocimientos, indica en su sitio web la Organizaci\u00f3n de las Naciones Unidas (ONU).<\/p>\n<p id=\"m74-73-75\" class=\"paragraph \" style=\"text-align: justify;\">A\u00fan m\u00e1s, en el presente siglo se estima que se extinguir\u00e1 la mitad de los idiomas que existen a nivel global, indica en Banco Mundial (BM) en su documento \u201cLenguas ind\u00edgenas, un legado en extinci\u00f3n\u201d.<\/p>\n<p id=\"m79-78-80\" class=\"paragraph \" style=\"text-align: justify;\">En Am\u00e9rica Latina, ejemplifica, hay 42 millones de personas de los pueblos aut\u00f3ctonos en 800 poblaciones, que hablan 560 idiomas nativos, de las cuales en las \u00faltimas d\u00e9cadas se ha perdido una de cada cinco lenguas, con lo que ahora hablan espa\u00f1ol o portugu\u00e9s.<\/p>\n<p id=\"m84-83-85\" class=\"paragraph \" style=\"text-align: justify;\">Un caso significativo es el de la protagonista de la pel\u00edcula multipremiada Roma, Yalitza Aparicio, quien es de origen ind\u00edgena de Oaxaca, que no sabe el idioma mixteco de sus padres, porque no le ense\u00f1aron para evitar que fuera discriminada por hablarlo.<\/p>\n<p id=\"m89-88-90\" class=\"paragraph \" style=\"text-align: justify;\">La desaparici\u00f3n de las lenguas aut\u00f3ctonas, que en varios casos implica el deterioro de las culturas, se agrega a los principales elementos que provocan que diversas culturas est\u00e9n a punto de su extinci\u00f3n en el mundo: p\u00e9rdida de tierras, de territorio y recursos naturales.<\/p>\n<p id=\"m94-93-95\" class=\"paragraph \" style=\"text-align: justify;\">Las culturas est\u00e1n a punto de desaparecer porque los pueblos ind\u00edgenas han sido excluidos de los procesos de toma de decisiones y de las leyes en los Estados en que viven, se\u00f1ala el documento \u201cLa situaci\u00f3n de los pueblos ind\u00edgenas del mundo\u201d, de la ONU.<\/p>\n<p id=\"m99-98-100\" class=\"paragraph \" style=\"text-align: justify;\">La situaci\u00f3n de los Pueblos Ind\u00edgenas sigue en deterioro, pese a que desde 1982 se realiz\u00f3 la primera reuni\u00f3n del grupo de trabajo sobre los Pueblos Ind\u00edgenas y de que en 1994 la ONU declar\u00f3 que el D\u00eda Internacional de los Pueblos Ind\u00edgenas fuera el 9 de agosto de cada a\u00f1o en conmemoraci\u00f3n de la primera reuni\u00f3n sobre el tema.<\/p>\n<p id=\"m104-103-105\" class=\"paragraph \" style=\"text-align: justify;\">A\u00fan m\u00e1s, fue adoptada por la Asamblea General de la ONU en 2007 la Declaraci\u00f3n de las Naciones Unidas sobre los Derechos de los Pueblos Ind\u00edgenas, que establece derechos colectivos, culturales y la identidad, los derechos a la salud, la educaci\u00f3n y el empleo de los pueblos aut\u00f3ctonos, adem\u00e1s de que favorece sus esfuerzos por combatir la discriminaci\u00f3n y el racismo.<\/p>\n<p id=\"m109-108-110\" class=\"paragraph \" style=\"text-align: justify;\">Problemas regionales de los Pueblos Ind\u00edgenas<\/p>\n<p id=\"m114-113-115\" class=\"paragraph \" style=\"text-align: justify;\">De acuerdo con el Foro Permanente para las Cuestiones Ind\u00edgenas del Consejo Econ\u00f3mico y Social de la ONU, los pueblos ind\u00edgenas de El Caribe, Centro y Sudam\u00e9rica refieren problemas por la aplicaci\u00f3n de la Declaraci\u00f3n y los mecanismos de participaci\u00f3n regional y di\u00e1logo con los Estados.<\/p>\n<p id=\"m119-118-120\" class=\"paragraph \" style=\"text-align: justify;\">El Foro menciona tambi\u00e9n al respecto de la zona su preocupaci\u00f3n por el aumento del n\u00famero de asesinatos de dirigentes ind\u00edgenas, en la defensa de los territorios y los recursos naturales.<\/p>\n<p id=\"m124-123-125\" class=\"paragraph \" style=\"text-align: justify;\">La problem\u00e1tica de los pueblos ind\u00edgenas de Am\u00e9rica del Norte -Canad\u00e1, Estados Unidos y M\u00e9xico- es por el despojo de las tierras y el agua; la violencia contra las mujeres y ni\u00f1as ind\u00edgenas; las acusaciones por la protecci\u00f3n de sus lugares sagrados y el mantenimiento de las pr\u00e1cticas culturales.<\/p>\n<p id=\"m129-128-130\" class=\"paragraph \" style=\"text-align: justify;\">En esta regi\u00f3n se\u00f1alaron tambi\u00e9n el gran porcentaje de ni\u00f1os ind\u00edgenas que se encuentran en hogares de guarda; los ind\u00edgenas encarcelados; la preocupaci\u00f3n de las econom\u00edas ind\u00edgenas sostenibles, as\u00ed como la reconciliaci\u00f3n y el trauma intergeneracional.<\/p>\n<p id=\"m134-133-135\" class=\"paragraph \" style=\"text-align: justify;\">En el continente africano tiene otros tintes problem\u00e1ticos, donde es necesario promover y proteger los derechos humanos; dar seguridad y protecci\u00f3n de las zonas que salen de un conflicto promoviendo la inclusi\u00f3n de los pueblos ind\u00edgenas.<\/p>\n<p id=\"m139-138-140\" class=\"paragraph \" style=\"text-align: justify;\">Adem\u00e1s, considerar los sistemas tradicionales en la soluci\u00f3n de conflictos para construir una paz duradera, siempre con la inclusi\u00f3n de las mujeres y la juventud.<\/p>\n<p id=\"m144-143-145\" class=\"paragraph \" style=\"text-align: justify;\">En los pueblos del \u00c1rtico, las quejas tienen que ver con la confiscaci\u00f3n de tierras de los cazadores y n\u00f3madas, fortalecer el ordenamiento de tierras, aguas y los recursos, as\u00ed como fomentar \u00f3rganos rectores ind\u00edgenas aut\u00f3nomos y elaborar proyectos con su consentimiento y sin que amenacen sus medios de vida.<\/p>\n<p id=\"m149-148-150\" class=\"paragraph \" style=\"text-align: justify;\">Los pueblos ind\u00edgenas de Asia refieren conflictos por la tierra y los efectos por los proyectos econ\u00f3micos y de desarrollo en gran escala y en el Pac\u00edfico se refirieron principalmente al cambio clim\u00e1tico como una amenaza a su existencia.<\/p>\n<p id=\"m154-153-155\" class=\"paragraph \" style=\"text-align: justify;\">En Europa del Este, la Federaci\u00f3n de Rusia, Asia Central y Transcaucasia tienen entre sus problem\u00e1ticas el cambio clim\u00e1tico y los problemas ambientales que ponen en peligro a los pueblos tribales, adem\u00e1s de los derechos de los pueblos a controlar sus tierras y recursos, establece el Foro Permanente.<\/p>\n<p id=\"m159-158-160\" class=\"paragraph \" style=\"text-align: justify;\">Hasta el momento avanzan m\u00e1s r\u00e1pido los factores que ponen en peligro la desaparici\u00f3n de los pueblos ind\u00edgenas que los mecanismos internacionales de protecci\u00f3n, cuando las legislaciones que deben protegerlos no se aplican en los pa\u00edses, cuando sigue el despojo de sus territorios y recursos naturales y cuando no se les consulta ni se les incluye en los proyectos de desarrollo de gobiernos y empresas.<\/p>\n","protected":false},"excerpt":{"rendered":"<p>M\u00e9xico.- Los pueblos ind\u00edgenas del mundo sufren la constante p\u00e9rdida de territorios y recursos naturales desde hace bastantes a\u00f1os, lo que pone en peligro la existencia misma de muchas de las cinco mil culturas aut\u00f3ctonas del orbe, pese a las medidas de la Organizaci\u00f3n de las Naciones Unidas (ONU) para detener ese deterioro. A la [&hellip;]<\/p>\n","protected":false},"author":2,"featured_media":47540,"comment_status":"open","ping_status":"closed","sticky":false,"template":"","format":"standard","meta":{"footnotes":""},"categories":[18],"tags":[],"class_list":["post-47539","post","type-post","status-publish","format-standard","has-post-thumbnail","hentry","category-internacional"],"yoast_head":"<!-- This site is optimized with the Yoast SEO plugin v27.5 - https:\/\/yoast.com\/product\/yoast-seo-wordpress\/ -->\n<title>pueblos indigenas viven en permanente amenaza de desaparici\u00f3n: ONU - Canal 7 SLP - 2019<\/title>\n<meta name=\"robots\" content=\"index, follow, max-snippet:-1, max-image-preview:large, max-video-preview:-1\" \/>\n<link rel=\"canonical\" href=\"https:\/\/canal7slp.tv\/2019\/pueblos-indigenas-viven-en-permanente-amenaza-de-desaparicion-onu\/\" \/>\n<meta property=\"og:locale\" content=\"es_ES\" \/>\n<meta property=\"og:type\" content=\"article\" \/>\n<meta property=\"og:title\" content=\"pueblos indigenas viven en permanente amenaza de desaparici\u00f3n: ONU - Canal 7 SLP - 2019\" \/>\n<meta property=\"og:description\" content=\"M\u00e9xico.- Los pueblos ind\u00edgenas del mundo sufren la constante p\u00e9rdida de territorios y recursos naturales desde hace bastantes a\u00f1os, lo que pone en peligro la existencia misma de muchas de las cinco mil culturas aut\u00f3ctonas del orbe, pese a las medidas de la Organizaci\u00f3n de las Naciones Unidas (ONU) para detener ese deterioro. A la [&hellip;]\" \/>\n<meta property=\"og:url\" content=\"https:\/\/canal7slp.tv\/2019\/pueblos-indigenas-viven-en-permanente-amenaza-de-desaparicion-onu\/\" \/>\n<meta property=\"og:site_name\" content=\"Canal 7 SLP - 2019\" \/>\n<meta property=\"article:publisher\" content=\"https:\/\/www.facebook.com\/CANAL7SLP\/\" \/>\n<meta property=\"article:published_time\" content=\"2019-08-10T15:08:57+00:00\" \/>\n<meta property=\"article:modified_time\" content=\"2019-08-10T15:09:17+00:00\" \/>\n<meta property=\"og:image\" content=\"https:\/\/canal7slp.tv\/2019\/wp-content\/uploads\/2019\/08\/1030-7.jpg\" \/>\n\t<meta property=\"og:image:width\" content=\"622\" \/>\n\t<meta property=\"og:image:height\" content=\"410\" \/>\n\t<meta property=\"og:image:type\" content=\"image\/jpeg\" \/>\n<meta name=\"author\" content=\"edicionweb\" \/>\n<meta name=\"twitter:card\" content=\"summary_large_image\" \/>\n<meta name=\"twitter:creator\" content=\"@canal7_slp\" \/>\n<meta name=\"twitter:site\" content=\"@canal7_slp\" \/>\n<meta name=\"twitter:label1\" content=\"Escrito por\" \/>\n\t<meta name=\"twitter:data1\" content=\"edicionweb\" \/>\n\t<meta name=\"twitter:label2\" content=\"Tiempo de lectura\" \/>\n\t<meta name=\"twitter:data2\" content=\"5 minutos\" \/>\n<script type=\"application\/ld+json\" class=\"yoast-schema-graph\">{\"@context\":\"https:\\\/\\\/schema.org\",\"@graph\":[{\"@type\":\"Article\",\"@id\":\"https:\\\/\\\/canal7slp.tv\\\/2019\\\/pueblos-indigenas-viven-en-permanente-amenaza-de-desaparicion-onu\\\/#article\",\"isPartOf\":{\"@id\":\"https:\\\/\\\/canal7slp.tv\\\/2019\\\/pueblos-indigenas-viven-en-permanente-amenaza-de-desaparicion-onu\\\/\"},\"author\":{\"name\":\"edicionweb\",\"@id\":\"https:\\\/\\\/canal7slp.tv\\\/2019\\\/#\\\/schema\\\/person\\\/11d941c1c6ca30ac0a46b95fa37aa2e3\"},\"headline\":\"pueblos indigenas viven en permanente amenaza de desaparici\u00f3n: ONU\",\"datePublished\":\"2019-08-10T15:08:57+00:00\",\"dateModified\":\"2019-08-10T15:09:17+00:00\",\"mainEntityOfPage\":{\"@id\":\"https:\\\/\\\/canal7slp.tv\\\/2019\\\/pueblos-indigenas-viven-en-permanente-amenaza-de-desaparicion-onu\\\/\"},\"wordCount\":1072,\"commentCount\":0,\"publisher\":{\"@id\":\"https:\\\/\\\/canal7slp.tv\\\/2019\\\/#organization\"},\"image\":{\"@id\":\"https:\\\/\\\/canal7slp.tv\\\/2019\\\/pueblos-indigenas-viven-en-permanente-amenaza-de-desaparicion-onu\\\/#primaryimage\"},\"thumbnailUrl\":\"https:\\\/\\\/canal7slp.tv\\\/2019\\\/wp-content\\\/uploads\\\/2019\\\/08\\\/1030-7.jpg\",\"articleSection\":[\"INTERNACIONAL\"],\"inLanguage\":\"es\",\"potentialAction\":[{\"@type\":\"CommentAction\",\"name\":\"Comment\",\"target\":[\"https:\\\/\\\/canal7slp.tv\\\/2019\\\/pueblos-indigenas-viven-en-permanente-amenaza-de-desaparicion-onu\\\/#respond\"]}]},{\"@type\":\"WebPage\",\"@id\":\"https:\\\/\\\/canal7slp.tv\\\/2019\\\/pueblos-indigenas-viven-en-permanente-amenaza-de-desaparicion-onu\\\/\",\"url\":\"https:\\\/\\\/canal7slp.tv\\\/2019\\\/pueblos-indigenas-viven-en-permanente-amenaza-de-desaparicion-onu\\\/\",\"name\":\"pueblos indigenas viven en permanente amenaza de desaparici\u00f3n: ONU - Canal 7 SLP - 2019\",\"isPartOf\":{\"@id\":\"https:\\\/\\\/canal7slp.tv\\\/2019\\\/#website\"},\"primaryImageOfPage\":{\"@id\":\"https:\\\/\\\/canal7slp.tv\\\/2019\\\/pueblos-indigenas-viven-en-permanente-amenaza-de-desaparicion-onu\\\/#primaryimage\"},\"image\":{\"@id\":\"https:\\\/\\\/canal7slp.tv\\\/2019\\\/pueblos-indigenas-viven-en-permanente-amenaza-de-desaparicion-onu\\\/#primaryimage\"},\"thumbnailUrl\":\"https:\\\/\\\/canal7slp.tv\\\/2019\\\/wp-content\\\/uploads\\\/2019\\\/08\\\/1030-7.jpg\",\"datePublished\":\"2019-08-10T15:08:57+00:00\",\"dateModified\":\"2019-08-10T15:09:17+00:00\",\"breadcrumb\":{\"@id\":\"https:\\\/\\\/canal7slp.tv\\\/2019\\\/pueblos-indigenas-viven-en-permanente-amenaza-de-desaparicion-onu\\\/#breadcrumb\"},\"inLanguage\":\"es\",\"potentialAction\":[{\"@type\":\"ReadAction\",\"target\":[\"https:\\\/\\\/canal7slp.tv\\\/2019\\\/pueblos-indigenas-viven-en-permanente-amenaza-de-desaparicion-onu\\\/\"]}]},{\"@type\":\"ImageObject\",\"inLanguage\":\"es\",\"@id\":\"https:\\\/\\\/canal7slp.tv\\\/2019\\\/pueblos-indigenas-viven-en-permanente-amenaza-de-desaparicion-onu\\\/#primaryimage\",\"url\":\"https:\\\/\\\/canal7slp.tv\\\/2019\\\/wp-content\\\/uploads\\\/2019\\\/08\\\/1030-7.jpg\",\"contentUrl\":\"https:\\\/\\\/canal7slp.tv\\\/2019\\\/wp-content\\\/uploads\\\/2019\\\/08\\\/1030-7.jpg\",\"width\":622,\"height\":410},{\"@type\":\"BreadcrumbList\",\"@id\":\"https:\\\/\\\/canal7slp.tv\\\/2019\\\/pueblos-indigenas-viven-en-permanente-amenaza-de-desaparicion-onu\\\/#breadcrumb\",\"itemListElement\":[{\"@type\":\"ListItem\",\"position\":1,\"name\":\"Home\",\"item\":\"https:\\\/\\\/canal7slp.tv\\\/2019\\\/\"},{\"@type\":\"ListItem\",\"position\":2,\"name\":\"pueblos indigenas viven en permanente amenaza de desaparici\u00f3n: ONU\"}]},{\"@type\":\"WebSite\",\"@id\":\"https:\\\/\\\/canal7slp.tv\\\/2019\\\/#website\",\"url\":\"https:\\\/\\\/canal7slp.tv\\\/2019\\\/\",\"name\":\"Canal 7 SLP - Somos TV\",\"description\":\"Somos un Canal de 10\",\"publisher\":{\"@id\":\"https:\\\/\\\/canal7slp.tv\\\/2019\\\/#organization\"},\"potentialAction\":[{\"@type\":\"SearchAction\",\"target\":{\"@type\":\"EntryPoint\",\"urlTemplate\":\"https:\\\/\\\/canal7slp.tv\\\/2019\\\/?s={search_term_string}\"},\"query-input\":{\"@type\":\"PropertyValueSpecification\",\"valueRequired\":true,\"valueName\":\"search_term_string\"}}],\"inLanguage\":\"es\"},{\"@type\":\"Organization\",\"@id\":\"https:\\\/\\\/canal7slp.tv\\\/2019\\\/#organization\",\"name\":\"Comunicaci\u00f3n 2000 S.A. de C.V.\",\"url\":\"https:\\\/\\\/canal7slp.tv\\\/2019\\\/\",\"logo\":{\"@type\":\"ImageObject\",\"inLanguage\":\"es\",\"@id\":\"https:\\\/\\\/canal7slp.tv\\\/2019\\\/#\\\/schema\\\/logo\\\/image\\\/\",\"url\":\"https:\\\/\\\/canal7slp.tv\\\/2019\\\/wp-content\\\/uploads\\\/2019\\\/07\\\/logo-c7.png\",\"contentUrl\":\"https:\\\/\\\/canal7slp.tv\\\/2019\\\/wp-content\\\/uploads\\\/2019\\\/07\\\/logo-c7.png\",\"width\":220,\"height\":60,\"caption\":\"Comunicaci\u00f3n 2000 S.A. de C.V.\"},\"image\":{\"@id\":\"https:\\\/\\\/canal7slp.tv\\\/2019\\\/#\\\/schema\\\/logo\\\/image\\\/\"},\"sameAs\":[\"https:\\\/\\\/www.facebook.com\\\/CANAL7SLP\\\/\",\"https:\\\/\\\/x.com\\\/canal7_slp\",\"https:\\\/\\\/www.instagram.com\\\/canal7_slp\",\"https:\\\/\\\/www.youtube.com\\\/user\\\/NOTICIEROSCANAL7SLP\\\/\"]},{\"@type\":\"Person\",\"@id\":\"https:\\\/\\\/canal7slp.tv\\\/2019\\\/#\\\/schema\\\/person\\\/11d941c1c6ca30ac0a46b95fa37aa2e3\",\"name\":\"edicionweb\",\"image\":{\"@type\":\"ImageObject\",\"inLanguage\":\"es\",\"@id\":\"https:\\\/\\\/secure.gravatar.com\\\/avatar\\\/eee448fc3f7164808013b816ba91ac7e43bbe82a70bebac296f8bc6f0addaa1a?s=96&d=mm&r=g\",\"url\":\"https:\\\/\\\/secure.gravatar.com\\\/avatar\\\/eee448fc3f7164808013b816ba91ac7e43bbe82a70bebac296f8bc6f0addaa1a?s=96&d=mm&r=g\",\"contentUrl\":\"https:\\\/\\\/secure.gravatar.com\\\/avatar\\\/eee448fc3f7164808013b816ba91ac7e43bbe82a70bebac296f8bc6f0addaa1a?s=96&d=mm&r=g\",\"caption\":\"edicionweb\"}}]}<\/script>\n<!-- \/ Yoast SEO plugin. -->","yoast_head_json":{"title":"pueblos indigenas viven en permanente amenaza de desaparici\u00f3n: ONU - Canal 7 SLP - 2019","robots":{"index":"index","follow":"follow","max-snippet":"max-snippet:-1","max-image-preview":"max-image-preview:large","max-video-preview":"max-video-preview:-1"},"canonical":"https:\/\/canal7slp.tv\/2019\/pueblos-indigenas-viven-en-permanente-amenaza-de-desaparicion-onu\/","og_locale":"es_ES","og_type":"article","og_title":"pueblos indigenas viven en permanente amenaza de desaparici\u00f3n: ONU - Canal 7 SLP - 2019","og_description":"M\u00e9xico.- Los pueblos ind\u00edgenas del mundo sufren la constante p\u00e9rdida de territorios y recursos naturales desde hace bastantes a\u00f1os, lo que pone en peligro la existencia misma de muchas de las cinco mil culturas aut\u00f3ctonas del orbe, pese a las medidas de la Organizaci\u00f3n de las Naciones Unidas (ONU) para detener ese deterioro. A la [&hellip;]","og_url":"https:\/\/canal7slp.tv\/2019\/pueblos-indigenas-viven-en-permanente-amenaza-de-desaparicion-onu\/","og_site_name":"Canal 7 SLP - 2019","article_publisher":"https:\/\/www.facebook.com\/CANAL7SLP\/","article_published_time":"2019-08-10T15:08:57+00:00","article_modified_time":"2019-08-10T15:09:17+00:00","og_image":[{"width":622,"height":410,"url":"https:\/\/canal7slp.tv\/2019\/wp-content\/uploads\/2019\/08\/1030-7.jpg","type":"image\/jpeg"}],"author":"edicionweb","twitter_card":"summary_large_image","twitter_creator":"@canal7_slp","twitter_site":"@canal7_slp","twitter_misc":{"Escrito por":"edicionweb","Tiempo de lectura":"5 minutos"},"schema":{"@context":"https:\/\/schema.org","@graph":[{"@type":"Article","@id":"https:\/\/canal7slp.tv\/2019\/pueblos-indigenas-viven-en-permanente-amenaza-de-desaparicion-onu\/#article","isPartOf":{"@id":"https:\/\/canal7slp.tv\/2019\/pueblos-indigenas-viven-en-permanente-amenaza-de-desaparicion-onu\/"},"author":{"name":"edicionweb","@id":"https:\/\/canal7slp.tv\/2019\/#\/schema\/person\/11d941c1c6ca30ac0a46b95fa37aa2e3"},"headline":"pueblos indigenas viven en permanente amenaza de desaparici\u00f3n: ONU","datePublished":"2019-08-10T15:08:57+00:00","dateModified":"2019-08-10T15:09:17+00:00","mainEntityOfPage":{"@id":"https:\/\/canal7slp.tv\/2019\/pueblos-indigenas-viven-en-permanente-amenaza-de-desaparicion-onu\/"},"wordCount":1072,"commentCount":0,"publisher":{"@id":"https:\/\/canal7slp.tv\/2019\/#organization"},"image":{"@id":"https:\/\/canal7slp.tv\/2019\/pueblos-indigenas-viven-en-permanente-amenaza-de-desaparicion-onu\/#primaryimage"},"thumbnailUrl":"https:\/\/canal7slp.tv\/2019\/wp-content\/uploads\/2019\/08\/1030-7.jpg","articleSection":["INTERNACIONAL"],"inLanguage":"es","potentialAction":[{"@type":"CommentAction","name":"Comment","target":["https:\/\/canal7slp.tv\/2019\/pueblos-indigenas-viven-en-permanente-amenaza-de-desaparicion-onu\/#respond"]}]},{"@type":"WebPage","@id":"https:\/\/canal7slp.tv\/2019\/pueblos-indigenas-viven-en-permanente-amenaza-de-desaparicion-onu\/","url":"https:\/\/canal7slp.tv\/2019\/pueblos-indigenas-viven-en-permanente-amenaza-de-desaparicion-onu\/","name":"pueblos indigenas viven en permanente amenaza de desaparici\u00f3n: ONU - Canal 7 SLP - 2019","isPartOf":{"@id":"https:\/\/canal7slp.tv\/2019\/#website"},"primaryImageOfPage":{"@id":"https:\/\/canal7slp.tv\/2019\/pueblos-indigenas-viven-en-permanente-amenaza-de-desaparicion-onu\/#primaryimage"},"image":{"@id":"https:\/\/canal7slp.tv\/2019\/pueblos-indigenas-viven-en-permanente-amenaza-de-desaparicion-onu\/#primaryimage"},"thumbnailUrl":"https:\/\/canal7slp.tv\/2019\/wp-content\/uploads\/2019\/08\/1030-7.jpg","datePublished":"2019-08-10T15:08:57+00:00","dateModified":"2019-08-10T15:09:17+00:00","breadcrumb":{"@id":"https:\/\/canal7slp.tv\/2019\/pueblos-indigenas-viven-en-permanente-amenaza-de-desaparicion-onu\/#breadcrumb"},"inLanguage":"es","potentialAction":[{"@type":"ReadAction","target":["https:\/\/canal7slp.tv\/2019\/pueblos-indigenas-viven-en-permanente-amenaza-de-desaparicion-onu\/"]}]},{"@type":"ImageObject","inLanguage":"es","@id":"https:\/\/canal7slp.tv\/2019\/pueblos-indigenas-viven-en-permanente-amenaza-de-desaparicion-onu\/#primaryimage","url":"https:\/\/canal7slp.tv\/2019\/wp-content\/uploads\/2019\/08\/1030-7.jpg","contentUrl":"https:\/\/canal7slp.tv\/2019\/wp-content\/uploads\/2019\/08\/1030-7.jpg","width":622,"height":410},{"@type":"BreadcrumbList","@id":"https:\/\/canal7slp.tv\/2019\/pueblos-indigenas-viven-en-permanente-amenaza-de-desaparicion-onu\/#breadcrumb","itemListElement":[{"@type":"ListItem","position":1,"name":"Home","item":"https:\/\/canal7slp.tv\/2019\/"},{"@type":"ListItem","position":2,"name":"pueblos indigenas viven en permanente amenaza de desaparici\u00f3n: ONU"}]},{"@type":"WebSite","@id":"https:\/\/canal7slp.tv\/2019\/#website","url":"https:\/\/canal7slp.tv\/2019\/","name":"Canal 7 SLP - Somos TV","description":"Somos un Canal de 10","publisher":{"@id":"https:\/\/canal7slp.tv\/2019\/#organization"},"potentialAction":[{"@type":"SearchAction","target":{"@type":"EntryPoint","urlTemplate":"https:\/\/canal7slp.tv\/2019\/?s={search_term_string}"},"query-input":{"@type":"PropertyValueSpecification","valueRequired":true,"valueName":"search_term_string"}}],"inLanguage":"es"},{"@type":"Organization","@id":"https:\/\/canal7slp.tv\/2019\/#organization","name":"Comunicaci\u00f3n 2000 S.A. de C.V.","url":"https:\/\/canal7slp.tv\/2019\/","logo":{"@type":"ImageObject","inLanguage":"es","@id":"https:\/\/canal7slp.tv\/2019\/#\/schema\/logo\/image\/","url":"https:\/\/canal7slp.tv\/2019\/wp-content\/uploads\/2019\/07\/logo-c7.png","contentUrl":"https:\/\/canal7slp.tv\/2019\/wp-content\/uploads\/2019\/07\/logo-c7.png","width":220,"height":60,"caption":"Comunicaci\u00f3n 2000 S.A. de C.V."},"image":{"@id":"https:\/\/canal7slp.tv\/2019\/#\/schema\/logo\/image\/"},"sameAs":["https:\/\/www.facebook.com\/CANAL7SLP\/","https:\/\/x.com\/canal7_slp","https:\/\/www.instagram.com\/canal7_slp","https:\/\/www.youtube.com\/user\/NOTICIEROSCANAL7SLP\/"]},{"@type":"Person","@id":"https:\/\/canal7slp.tv\/2019\/#\/schema\/person\/11d941c1c6ca30ac0a46b95fa37aa2e3","name":"edicionweb","image":{"@type":"ImageObject","inLanguage":"es","@id":"https:\/\/secure.gravatar.com\/avatar\/eee448fc3f7164808013b816ba91ac7e43bbe82a70bebac296f8bc6f0addaa1a?s=96&d=mm&r=g","url":"https:\/\/secure.gravatar.com\/avatar\/eee448fc3f7164808013b816ba91ac7e43bbe82a70bebac296f8bc6f0addaa1a?s=96&d=mm&r=g","contentUrl":"https:\/\/secure.gravatar.com\/avatar\/eee448fc3f7164808013b816ba91ac7e43bbe82a70bebac296f8bc6f0addaa1a?s=96&d=mm&r=g","caption":"edicionweb"}}]}},"amp_enabled":true,"cmb2":{"video_ids_in_playlist":{"vid_p_videos":""},"video_ids_in_channel":{"vid_c_videos":""},"playlist_ids_in_channel":{"vid_c_playlists":""},"series_ids_in_channel":{"vid_c_series":""},"channel_images":{"vid_c_logo":"","vid_c_banner":""},"poster_feature_image":{"vid_m_poster_image":""},"gif_feature_image":{"vid_m_gif_image":""},"video_movie_settings":{"vid_m_director":"","vid_m_actor":"","vid_m_imdb_ratings":"","vid_m_amazon_associates":""},"vid_youtube_broadcasts_settings":{"vid_yb_broadcast_title":"","vid_yb_q":"","vid_yb_channelid":"","vid_yb_videocategoryid":"","vid_yb_maxresults":"","vid_yb_order":"","vid_yb_regioncode":"","vid_yb_videosyndicated":"","vid_yb_style":"","vid_yb_reload_first":""},"video_series_settings":{"vid_m_director":"","vid_m_actor":"","vid_m_imdb_ratings":"","video_series_group":""},"amazon_associates_settings":{"amazon_associates":"","amazon_native_ad":""},"vid_youtube_automatic_settings":{"vid_ya_youtube_source":"","vid_ya_update_every":"","vid_ya_update_unit":"","vid_ya_categories":"","vid_ya_published_after":"","vid_ya_published_before":"","vid_ya_playlists":"","vid_ya_channels":"","vid_ya_director":"","vid_ya_actor":"","vid_ya_author":"","vid_ya_import_post_date":"","vid_ya_status":"","vid_ya_sub_api_key":""},"vid_ads_m_videoads_settings_post":{"vid_ads_m_video_ads":"","vid_ads_m_video_ads_type":"","vid_ads_m_group_google_ima":"","vid_ads_m_group_image":"","vid_ads_m_group_html5_video":"","vid_ads_m_group_html":"","vid_ads_m_vast_preroll":"","vid_ads_m_vast_postroll":"","vid_ads_m_vast_pauseroll":"","vid_ads_m_vast_midroll":[{"vid_ads_m_vast_timer_seconds":"50"}],"vid_ads_m_time_to_show_ads":"","vid_ads_m_time_skip_ads":"","vid_ads_m_time_to_hide_ads":""},"page_slider_settings":{"display_slider_group":"","page_slider_group":""},"blog_page_settings":{"blog_page_title":"","blog_page_heading":"","blog_page_ic":"","blog_page_it":"","blog_page_ec":"","blog_page_ip":"","archive_loop_style":"","blog_image_ratio":"","blog_show_categories":"","blog_show_excerpt":"","blog_show_author":"","blog_show_date":"","blog_show_comment_count":"","blog_show_view_count":"","blog_show_like_count":"","blog_show_dislike_count":"","blog_items_per_page":"","blog_pag_type":""},"page_options":{"get_page_template":"","color_mode":"","main_layout":"","main_layout_full_with":"","main_logo":"","main_logo_retina":"","main_logo_mobile":"","main_logo_mobile_retina":"","sticky_logo":"","sticky_logo_retina":"","main_nav_layout":"","ajax_search":"","header_background":"","theme_sidebar":"","instagram_feed":"","instagram_feed_position":"","popular_videos":"","popular_videos_title_1":"","popular_videos_title_2":"","popular_videos_ic":"","popular_videos_it":"","theme_background":"","page_custom_css":""},"feature_image_settings":{"feature_image_position":""},"video_player_settings":{"single_video_style":"","video_player_position":"","vm_video_url":"","video_player_library":"","video_streaming":"","vm_media_sources":"","vid_auto_play":"","vm_video_shortcode":"","vid_p_sync_playlist":"","vid_c_sync_channel":"","get_post_format":"","multiple_links_structure":"default","multi_links_title":"","vm_video_multi_links":"","vm_duration":"","vid_social_locker":"off","vid_social_locker_id":"","vid_membership_action":"content-video","vm_video_trailer_url":"","vid_download_type":"free","vid_download_target":"download","vid_woo_product":"","vm_media_download":"","user_rating":"","user_rating_position":"","user_rating_mode":"","user_rating_multi_sets":""},"video_auto_fetch_settings":{"vm_video_fetch":"on"},"video_fake_views_likes":{"vm_fake_views":"","vm_fake_likes":"","vm_fake_dislikes":""},"gallery_settings":{"gallery_position":""},"quote_settings":{"quote_position":""},"post_options":{"main_layout":"","main_logo":"","main_logo_retina":"","main_logo_mobile":"","main_logo_mobile_retina":"","sticky_logo":"","sticky_logo_retina":"","main_nav_layout":"","header_background":"","theme_sidebar":"","single_post_comment_type":"","theme_background":""}},"_links":{"self":[{"href":"https:\/\/canal7slp.tv\/2019\/wp-json\/wp\/v2\/posts\/47539","targetHints":{"allow":["GET"]}}],"collection":[{"href":"https:\/\/canal7slp.tv\/2019\/wp-json\/wp\/v2\/posts"}],"about":[{"href":"https:\/\/canal7slp.tv\/2019\/wp-json\/wp\/v2\/types\/post"}],"author":[{"embeddable":true,"href":"https:\/\/canal7slp.tv\/2019\/wp-json\/wp\/v2\/users\/2"}],"replies":[{"embeddable":true,"href":"https:\/\/canal7slp.tv\/2019\/wp-json\/wp\/v2\/comments?post=47539"}],"version-history":[{"count":0,"href":"https:\/\/canal7slp.tv\/2019\/wp-json\/wp\/v2\/posts\/47539\/revisions"}],"wp:featuredmedia":[{"embeddable":true,"href":"https:\/\/canal7slp.tv\/2019\/wp-json\/wp\/v2\/media\/47540"}],"wp:attachment":[{"href":"https:\/\/canal7slp.tv\/2019\/wp-json\/wp\/v2\/media?parent=47539"}],"wp:term":[{"taxonomy":"category","embeddable":true,"href":"https:\/\/canal7slp.tv\/2019\/wp-json\/wp\/v2\/categories?post=47539"},{"taxonomy":"post_tag","embeddable":true,"href":"https:\/\/canal7slp.tv\/2019\/wp-json\/wp\/v2\/tags?post=47539"}],"curies":[{"name":"wp","href":"https:\/\/api.w.org\/{rel}","templated":true}]}}