{"id":47514,"date":"2019-08-09T19:01:00","date_gmt":"2019-08-10T00:01:00","guid":{"rendered":"https:\/\/canal7slp.tv\/2019\/?p=47514"},"modified":"2019-08-09T19:01:00","modified_gmt":"2019-08-10T00:01:00","slug":"slp-mejoro-en-tres-posiciones-a-nivel-nacional-en-disminucion-del-rezago-educativo","status":"publish","type":"post","link":"https:\/\/canal7slp.tv\/2019\/slp-mejoro-en-tres-posiciones-a-nivel-nacional-en-disminucion-del-rezago-educativo\/","title":{"rendered":"SLP mejor\u00f3 en tres posiciones a nivel nacional en disminuci\u00f3n del rezago educativo"},"content":{"rendered":"<p style=\"text-align: justify;\">SLP.- San Luis Potos\u00ed avanz\u00f3 tres lugares a nivel nacional en el combate al rezago educativo, inform\u00f3 el Secretario de Educaci\u00f3n de Gobierno del Estado (SEGE), Joel Ram\u00edrez D\u00edaz, tras los indicadores del Consejo Nacional de Evaluaci\u00f3n de la Pol\u00edtica de Desarrollo Social (CONEVAL), del estudio de Medici\u00f3n de la Pobreza 2018, se pas\u00f3 de 17.5 a 16.9 por ciento.<\/p>\n<p style=\"text-align: justify;\">El titular de SEGE destac\u00f3 que San Luis Potos\u00ed, en dos a\u00f1os, entre 2016 y 2018, 7 mil 200 personas superaron el rezago educativo y dijo que en este periodo se registr\u00f3 una tendencia de avance superior a lo registrado en el promedio en el pa\u00eds, pues bajamos 0.6 por ciento el indicador, mayor al 0.5 por ciento de la reducci\u00f3n nacional, es decir del puesto 22 al 19.<\/p>\n<p style=\"text-align: justify;\">Adem\u00e1s, Ram\u00edrez D\u00edaz, destac\u00f3 que San Luis Potos\u00ed se mantiene entre los estados donde mayor porcentaje de ni\u00f1os y adolescentes de 3 a 15 a\u00f1os asisten a la escuela y concluyeron su educaci\u00f3n, es decir un 94.7 por ciento ya cuentan con una educaci\u00f3n b\u00e1sica terminada.<\/p>\n<p style=\"text-align: justify;\">De acuerdo a esta informaci\u00f3n, la entidad potosina ocupa el lugar 30 con un 5.3 por ciento de poblaci\u00f3n en este rango de edad, mientras que la media nacional est\u00e1 en 8 por ciento, es decir SLP registra 2.7 por ciento menos. En el caso de los j\u00f3venes que no contaban con educaci\u00f3n secundaria, 15 mil 700 j\u00f3venes de 16 a\u00f1os o m\u00e1s, salieron del rezago en estos dos a\u00f1os, el indicador es de 13 por ciento, el cual es mejor al nacional de 15.3 por ciento.<\/p>\n<p style=\"text-align: justify;\">El titular de SEGE dijo que: \u201creconocemos que el reto para nuestro Estado es redoblar esfuerzos en rubros como el de que la poblaci\u00f3n de 16 a\u00f1os o m\u00e1s concluya su educaci\u00f3n primaria, pues a\u00fan tenemos 29.2 por ciento en este rubro\u201d.<\/p>\n<p style=\"text-align: justify;\">Finalmente mencion\u00f3 que el CONEVAL considera los avances en 6 indicadores de carencia social: acceso a los servicios de salud, a la seguridad social, por calidad y espacios de la vivienda, acceso a los servicios b\u00e1sicos en la vivienda, acceso a la alimentaci\u00f3n y el rezago educativo.<\/p>\n","protected":false},"excerpt":{"rendered":"<p>SLP.- San Luis Potos\u00ed avanz\u00f3 tres lugares a nivel nacional en el combate al rezago educativo, inform\u00f3 el Secretario de Educaci\u00f3n de Gobierno del Estado (SEGE), Joel Ram\u00edrez D\u00edaz, tras los indicadores del Consejo Nacional de Evaluaci\u00f3n de la Pol\u00edtica de Desarrollo Social (CONEVAL), del estudio de Medici\u00f3n de la Pobreza 2018, se pas\u00f3 de [&hellip;]<\/p>\n","protected":false},"author":2,"featured_media":47515,"comment_status":"open","ping_status":"closed","sticky":false,"template":"","format":"standard","meta":{"footnotes":""},"categories":[17],"tags":[],"class_list":["post-47514","post","type-post","status-publish","format-standard","has-post-thumbnail","hentry","category-localesyregionales"],"yoast_head":"<!-- This site is optimized with the Yoast SEO plugin v27.5 - https:\/\/yoast.com\/product\/yoast-seo-wordpress\/ -->\n<title>SLP mejor\u00f3 en tres posiciones a nivel nacional en disminuci\u00f3n del rezago educativo - Canal 7 SLP - 2019<\/title>\n<meta name=\"robots\" content=\"index, follow, max-snippet:-1, max-image-preview:large, max-video-preview:-1\" \/>\n<link rel=\"canonical\" href=\"https:\/\/canal7slp.tv\/2019\/slp-mejoro-en-tres-posiciones-a-nivel-nacional-en-disminucion-del-rezago-educativo\/\" \/>\n<meta property=\"og:locale\" content=\"es_ES\" \/>\n<meta property=\"og:type\" content=\"article\" \/>\n<meta property=\"og:title\" content=\"SLP mejor\u00f3 en tres posiciones a nivel nacional en disminuci\u00f3n del rezago educativo - Canal 7 SLP - 2019\" \/>\n<meta property=\"og:description\" content=\"SLP.- San Luis Potos\u00ed avanz\u00f3 tres lugares a nivel nacional en el combate al rezago educativo, inform\u00f3 el Secretario de Educaci\u00f3n de Gobierno del Estado (SEGE), Joel Ram\u00edrez D\u00edaz, tras los indicadores del Consejo Nacional de Evaluaci\u00f3n de la Pol\u00edtica de Desarrollo Social (CONEVAL), del estudio de Medici\u00f3n de la Pobreza 2018, se pas\u00f3 de [&hellip;]\" \/>\n<meta property=\"og:url\" content=\"https:\/\/canal7slp.tv\/2019\/slp-mejoro-en-tres-posiciones-a-nivel-nacional-en-disminucion-del-rezago-educativo\/\" \/>\n<meta property=\"og:site_name\" content=\"Canal 7 SLP - 2019\" \/>\n<meta property=\"article:publisher\" content=\"https:\/\/www.facebook.com\/CANAL7SLP\/\" \/>\n<meta property=\"article:published_time\" content=\"2019-08-10T00:01:00+00:00\" \/>\n<meta property=\"og:image\" content=\"https:\/\/canal7slp.tv\/2019\/wp-content\/uploads\/2019\/08\/g4-3.jpg\" \/>\n\t<meta property=\"og:image:width\" content=\"657\" \/>\n\t<meta property=\"og:image:height\" content=\"410\" \/>\n\t<meta property=\"og:image:type\" content=\"image\/jpeg\" \/>\n<meta name=\"author\" content=\"edicionweb\" \/>\n<meta name=\"twitter:card\" content=\"summary_large_image\" \/>\n<meta name=\"twitter:creator\" content=\"@canal7_slp\" \/>\n<meta name=\"twitter:site\" content=\"@canal7_slp\" \/>\n<meta name=\"twitter:label1\" content=\"Escrito por\" \/>\n\t<meta name=\"twitter:data1\" content=\"edicionweb\" \/>\n\t<meta name=\"twitter:label2\" content=\"Tiempo de lectura\" \/>\n\t<meta name=\"twitter:data2\" content=\"2 minutos\" \/>\n<script type=\"application\/ld+json\" class=\"yoast-schema-graph\">{\"@context\":\"https:\\\/\\\/schema.org\",\"@graph\":[{\"@type\":\"Article\",\"@id\":\"https:\\\/\\\/canal7slp.tv\\\/2019\\\/slp-mejoro-en-tres-posiciones-a-nivel-nacional-en-disminucion-del-rezago-educativo\\\/#article\",\"isPartOf\":{\"@id\":\"https:\\\/\\\/canal7slp.tv\\\/2019\\\/slp-mejoro-en-tres-posiciones-a-nivel-nacional-en-disminucion-del-rezago-educativo\\\/\"},\"author\":{\"name\":\"edicionweb\",\"@id\":\"https:\\\/\\\/canal7slp.tv\\\/2019\\\/#\\\/schema\\\/person\\\/11d941c1c6ca30ac0a46b95fa37aa2e3\"},\"headline\":\"SLP mejor\u00f3 en tres posiciones a nivel nacional en disminuci\u00f3n del rezago educativo\",\"datePublished\":\"2019-08-10T00:01:00+00:00\",\"mainEntityOfPage\":{\"@id\":\"https:\\\/\\\/canal7slp.tv\\\/2019\\\/slp-mejoro-en-tres-posiciones-a-nivel-nacional-en-disminucion-del-rezago-educativo\\\/\"},\"wordCount\":372,\"commentCount\":0,\"publisher\":{\"@id\":\"https:\\\/\\\/canal7slp.tv\\\/2019\\\/#organization\"},\"image\":{\"@id\":\"https:\\\/\\\/canal7slp.tv\\\/2019\\\/slp-mejoro-en-tres-posiciones-a-nivel-nacional-en-disminucion-del-rezago-educativo\\\/#primaryimage\"},\"thumbnailUrl\":\"https:\\\/\\\/canal7slp.tv\\\/2019\\\/wp-content\\\/uploads\\\/2019\\\/08\\\/g4-3.jpg\",\"articleSection\":[\"LOCALES Y REGIONALES\"],\"inLanguage\":\"es\",\"potentialAction\":[{\"@type\":\"CommentAction\",\"name\":\"Comment\",\"target\":[\"https:\\\/\\\/canal7slp.tv\\\/2019\\\/slp-mejoro-en-tres-posiciones-a-nivel-nacional-en-disminucion-del-rezago-educativo\\\/#respond\"]}]},{\"@type\":\"WebPage\",\"@id\":\"https:\\\/\\\/canal7slp.tv\\\/2019\\\/slp-mejoro-en-tres-posiciones-a-nivel-nacional-en-disminucion-del-rezago-educativo\\\/\",\"url\":\"https:\\\/\\\/canal7slp.tv\\\/2019\\\/slp-mejoro-en-tres-posiciones-a-nivel-nacional-en-disminucion-del-rezago-educativo\\\/\",\"name\":\"SLP mejor\u00f3 en tres posiciones a nivel nacional en disminuci\u00f3n del rezago educativo - Canal 7 SLP - 2019\",\"isPartOf\":{\"@id\":\"https:\\\/\\\/canal7slp.tv\\\/2019\\\/#website\"},\"primaryImageOfPage\":{\"@id\":\"https:\\\/\\\/canal7slp.tv\\\/2019\\\/slp-mejoro-en-tres-posiciones-a-nivel-nacional-en-disminucion-del-rezago-educativo\\\/#primaryimage\"},\"image\":{\"@id\":\"https:\\\/\\\/canal7slp.tv\\\/2019\\\/slp-mejoro-en-tres-posiciones-a-nivel-nacional-en-disminucion-del-rezago-educativo\\\/#primaryimage\"},\"thumbnailUrl\":\"https:\\\/\\\/canal7slp.tv\\\/2019\\\/wp-content\\\/uploads\\\/2019\\\/08\\\/g4-3.jpg\",\"datePublished\":\"2019-08-10T00:01:00+00:00\",\"breadcrumb\":{\"@id\":\"https:\\\/\\\/canal7slp.tv\\\/2019\\\/slp-mejoro-en-tres-posiciones-a-nivel-nacional-en-disminucion-del-rezago-educativo\\\/#breadcrumb\"},\"inLanguage\":\"es\",\"potentialAction\":[{\"@type\":\"ReadAction\",\"target\":[\"https:\\\/\\\/canal7slp.tv\\\/2019\\\/slp-mejoro-en-tres-posiciones-a-nivel-nacional-en-disminucion-del-rezago-educativo\\\/\"]}]},{\"@type\":\"ImageObject\",\"inLanguage\":\"es\",\"@id\":\"https:\\\/\\\/canal7slp.tv\\\/2019\\\/slp-mejoro-en-tres-posiciones-a-nivel-nacional-en-disminucion-del-rezago-educativo\\\/#primaryimage\",\"url\":\"https:\\\/\\\/canal7slp.tv\\\/2019\\\/wp-content\\\/uploads\\\/2019\\\/08\\\/g4-3.jpg\",\"contentUrl\":\"https:\\\/\\\/canal7slp.tv\\\/2019\\\/wp-content\\\/uploads\\\/2019\\\/08\\\/g4-3.jpg\",\"width\":657,\"height\":410},{\"@type\":\"BreadcrumbList\",\"@id\":\"https:\\\/\\\/canal7slp.tv\\\/2019\\\/slp-mejoro-en-tres-posiciones-a-nivel-nacional-en-disminucion-del-rezago-educativo\\\/#breadcrumb\",\"itemListElement\":[{\"@type\":\"ListItem\",\"position\":1,\"name\":\"Home\",\"item\":\"https:\\\/\\\/canal7slp.tv\\\/2019\\\/\"},{\"@type\":\"ListItem\",\"position\":2,\"name\":\"SLP mejor\u00f3 en tres posiciones a nivel nacional en disminuci\u00f3n del rezago educativo\"}]},{\"@type\":\"WebSite\",\"@id\":\"https:\\\/\\\/canal7slp.tv\\\/2019\\\/#website\",\"url\":\"https:\\\/\\\/canal7slp.tv\\\/2019\\\/\",\"name\":\"Canal 7 SLP - Somos TV\",\"description\":\"Somos un Canal de 10\",\"publisher\":{\"@id\":\"https:\\\/\\\/canal7slp.tv\\\/2019\\\/#organization\"},\"potentialAction\":[{\"@type\":\"SearchAction\",\"target\":{\"@type\":\"EntryPoint\",\"urlTemplate\":\"https:\\\/\\\/canal7slp.tv\\\/2019\\\/?s={search_term_string}\"},\"query-input\":{\"@type\":\"PropertyValueSpecification\",\"valueRequired\":true,\"valueName\":\"search_term_string\"}}],\"inLanguage\":\"es\"},{\"@type\":\"Organization\",\"@id\":\"https:\\\/\\\/canal7slp.tv\\\/2019\\\/#organization\",\"name\":\"Comunicaci\u00f3n 2000 S.A. de C.V.\",\"url\":\"https:\\\/\\\/canal7slp.tv\\\/2019\\\/\",\"logo\":{\"@type\":\"ImageObject\",\"inLanguage\":\"es\",\"@id\":\"https:\\\/\\\/canal7slp.tv\\\/2019\\\/#\\\/schema\\\/logo\\\/image\\\/\",\"url\":\"https:\\\/\\\/canal7slp.tv\\\/2019\\\/wp-content\\\/uploads\\\/2019\\\/07\\\/logo-c7.png\",\"contentUrl\":\"https:\\\/\\\/canal7slp.tv\\\/2019\\\/wp-content\\\/uploads\\\/2019\\\/07\\\/logo-c7.png\",\"width\":220,\"height\":60,\"caption\":\"Comunicaci\u00f3n 2000 S.A. de C.V.\"},\"image\":{\"@id\":\"https:\\\/\\\/canal7slp.tv\\\/2019\\\/#\\\/schema\\\/logo\\\/image\\\/\"},\"sameAs\":[\"https:\\\/\\\/www.facebook.com\\\/CANAL7SLP\\\/\",\"https:\\\/\\\/x.com\\\/canal7_slp\",\"https:\\\/\\\/www.instagram.com\\\/canal7_slp\",\"https:\\\/\\\/www.youtube.com\\\/user\\\/NOTICIEROSCANAL7SLP\\\/\"]},{\"@type\":\"Person\",\"@id\":\"https:\\\/\\\/canal7slp.tv\\\/2019\\\/#\\\/schema\\\/person\\\/11d941c1c6ca30ac0a46b95fa37aa2e3\",\"name\":\"edicionweb\",\"image\":{\"@type\":\"ImageObject\",\"inLanguage\":\"es\",\"@id\":\"https:\\\/\\\/secure.gravatar.com\\\/avatar\\\/eee448fc3f7164808013b816ba91ac7e43bbe82a70bebac296f8bc6f0addaa1a?s=96&d=mm&r=g\",\"url\":\"https:\\\/\\\/secure.gravatar.com\\\/avatar\\\/eee448fc3f7164808013b816ba91ac7e43bbe82a70bebac296f8bc6f0addaa1a?s=96&d=mm&r=g\",\"contentUrl\":\"https:\\\/\\\/secure.gravatar.com\\\/avatar\\\/eee448fc3f7164808013b816ba91ac7e43bbe82a70bebac296f8bc6f0addaa1a?s=96&d=mm&r=g\",\"caption\":\"edicionweb\"}}]}<\/script>\n<!-- \/ Yoast SEO plugin. -->","yoast_head_json":{"title":"SLP mejor\u00f3 en tres posiciones a nivel nacional en disminuci\u00f3n del rezago educativo - Canal 7 SLP - 2019","robots":{"index":"index","follow":"follow","max-snippet":"max-snippet:-1","max-image-preview":"max-image-preview:large","max-video-preview":"max-video-preview:-1"},"canonical":"https:\/\/canal7slp.tv\/2019\/slp-mejoro-en-tres-posiciones-a-nivel-nacional-en-disminucion-del-rezago-educativo\/","og_locale":"es_ES","og_type":"article","og_title":"SLP mejor\u00f3 en tres posiciones a nivel nacional en disminuci\u00f3n del rezago educativo - Canal 7 SLP - 2019","og_description":"SLP.- San Luis Potos\u00ed avanz\u00f3 tres lugares a nivel nacional en el combate al rezago educativo, inform\u00f3 el Secretario de Educaci\u00f3n de Gobierno del Estado (SEGE), Joel Ram\u00edrez D\u00edaz, tras los indicadores del Consejo Nacional de Evaluaci\u00f3n de la Pol\u00edtica de Desarrollo Social (CONEVAL), del estudio de Medici\u00f3n de la Pobreza 2018, se pas\u00f3 de [&hellip;]","og_url":"https:\/\/canal7slp.tv\/2019\/slp-mejoro-en-tres-posiciones-a-nivel-nacional-en-disminucion-del-rezago-educativo\/","og_site_name":"Canal 7 SLP - 2019","article_publisher":"https:\/\/www.facebook.com\/CANAL7SLP\/","article_published_time":"2019-08-10T00:01:00+00:00","og_image":[{"width":657,"height":410,"url":"https:\/\/canal7slp.tv\/2019\/wp-content\/uploads\/2019\/08\/g4-3.jpg","type":"image\/jpeg"}],"author":"edicionweb","twitter_card":"summary_large_image","twitter_creator":"@canal7_slp","twitter_site":"@canal7_slp","twitter_misc":{"Escrito por":"edicionweb","Tiempo de lectura":"2 minutos"},"schema":{"@context":"https:\/\/schema.org","@graph":[{"@type":"Article","@id":"https:\/\/canal7slp.tv\/2019\/slp-mejoro-en-tres-posiciones-a-nivel-nacional-en-disminucion-del-rezago-educativo\/#article","isPartOf":{"@id":"https:\/\/canal7slp.tv\/2019\/slp-mejoro-en-tres-posiciones-a-nivel-nacional-en-disminucion-del-rezago-educativo\/"},"author":{"name":"edicionweb","@id":"https:\/\/canal7slp.tv\/2019\/#\/schema\/person\/11d941c1c6ca30ac0a46b95fa37aa2e3"},"headline":"SLP mejor\u00f3 en tres posiciones a nivel nacional en disminuci\u00f3n del rezago educativo","datePublished":"2019-08-10T00:01:00+00:00","mainEntityOfPage":{"@id":"https:\/\/canal7slp.tv\/2019\/slp-mejoro-en-tres-posiciones-a-nivel-nacional-en-disminucion-del-rezago-educativo\/"},"wordCount":372,"commentCount":0,"publisher":{"@id":"https:\/\/canal7slp.tv\/2019\/#organization"},"image":{"@id":"https:\/\/canal7slp.tv\/2019\/slp-mejoro-en-tres-posiciones-a-nivel-nacional-en-disminucion-del-rezago-educativo\/#primaryimage"},"thumbnailUrl":"https:\/\/canal7slp.tv\/2019\/wp-content\/uploads\/2019\/08\/g4-3.jpg","articleSection":["LOCALES Y REGIONALES"],"inLanguage":"es","potentialAction":[{"@type":"CommentAction","name":"Comment","target":["https:\/\/canal7slp.tv\/2019\/slp-mejoro-en-tres-posiciones-a-nivel-nacional-en-disminucion-del-rezago-educativo\/#respond"]}]},{"@type":"WebPage","@id":"https:\/\/canal7slp.tv\/2019\/slp-mejoro-en-tres-posiciones-a-nivel-nacional-en-disminucion-del-rezago-educativo\/","url":"https:\/\/canal7slp.tv\/2019\/slp-mejoro-en-tres-posiciones-a-nivel-nacional-en-disminucion-del-rezago-educativo\/","name":"SLP mejor\u00f3 en tres posiciones a nivel nacional en disminuci\u00f3n del rezago educativo - Canal 7 SLP - 2019","isPartOf":{"@id":"https:\/\/canal7slp.tv\/2019\/#website"},"primaryImageOfPage":{"@id":"https:\/\/canal7slp.tv\/2019\/slp-mejoro-en-tres-posiciones-a-nivel-nacional-en-disminucion-del-rezago-educativo\/#primaryimage"},"image":{"@id":"https:\/\/canal7slp.tv\/2019\/slp-mejoro-en-tres-posiciones-a-nivel-nacional-en-disminucion-del-rezago-educativo\/#primaryimage"},"thumbnailUrl":"https:\/\/canal7slp.tv\/2019\/wp-content\/uploads\/2019\/08\/g4-3.jpg","datePublished":"2019-08-10T00:01:00+00:00","breadcrumb":{"@id":"https:\/\/canal7slp.tv\/2019\/slp-mejoro-en-tres-posiciones-a-nivel-nacional-en-disminucion-del-rezago-educativo\/#breadcrumb"},"inLanguage":"es","potentialAction":[{"@type":"ReadAction","target":["https:\/\/canal7slp.tv\/2019\/slp-mejoro-en-tres-posiciones-a-nivel-nacional-en-disminucion-del-rezago-educativo\/"]}]},{"@type":"ImageObject","inLanguage":"es","@id":"https:\/\/canal7slp.tv\/2019\/slp-mejoro-en-tres-posiciones-a-nivel-nacional-en-disminucion-del-rezago-educativo\/#primaryimage","url":"https:\/\/canal7slp.tv\/2019\/wp-content\/uploads\/2019\/08\/g4-3.jpg","contentUrl":"https:\/\/canal7slp.tv\/2019\/wp-content\/uploads\/2019\/08\/g4-3.jpg","width":657,"height":410},{"@type":"BreadcrumbList","@id":"https:\/\/canal7slp.tv\/2019\/slp-mejoro-en-tres-posiciones-a-nivel-nacional-en-disminucion-del-rezago-educativo\/#breadcrumb","itemListElement":[{"@type":"ListItem","position":1,"name":"Home","item":"https:\/\/canal7slp.tv\/2019\/"},{"@type":"ListItem","position":2,"name":"SLP mejor\u00f3 en tres posiciones a nivel nacional en disminuci\u00f3n del rezago educativo"}]},{"@type":"WebSite","@id":"https:\/\/canal7slp.tv\/2019\/#website","url":"https:\/\/canal7slp.tv\/2019\/","name":"Canal 7 SLP - Somos TV","description":"Somos un Canal de 10","publisher":{"@id":"https:\/\/canal7slp.tv\/2019\/#organization"},"potentialAction":[{"@type":"SearchAction","target":{"@type":"EntryPoint","urlTemplate":"https:\/\/canal7slp.tv\/2019\/?s={search_term_string}"},"query-input":{"@type":"PropertyValueSpecification","valueRequired":true,"valueName":"search_term_string"}}],"inLanguage":"es"},{"@type":"Organization","@id":"https:\/\/canal7slp.tv\/2019\/#organization","name":"Comunicaci\u00f3n 2000 S.A. de C.V.","url":"https:\/\/canal7slp.tv\/2019\/","logo":{"@type":"ImageObject","inLanguage":"es","@id":"https:\/\/canal7slp.tv\/2019\/#\/schema\/logo\/image\/","url":"https:\/\/canal7slp.tv\/2019\/wp-content\/uploads\/2019\/07\/logo-c7.png","contentUrl":"https:\/\/canal7slp.tv\/2019\/wp-content\/uploads\/2019\/07\/logo-c7.png","width":220,"height":60,"caption":"Comunicaci\u00f3n 2000 S.A. de C.V."},"image":{"@id":"https:\/\/canal7slp.tv\/2019\/#\/schema\/logo\/image\/"},"sameAs":["https:\/\/www.facebook.com\/CANAL7SLP\/","https:\/\/x.com\/canal7_slp","https:\/\/www.instagram.com\/canal7_slp","https:\/\/www.youtube.com\/user\/NOTICIEROSCANAL7SLP\/"]},{"@type":"Person","@id":"https:\/\/canal7slp.tv\/2019\/#\/schema\/person\/11d941c1c6ca30ac0a46b95fa37aa2e3","name":"edicionweb","image":{"@type":"ImageObject","inLanguage":"es","@id":"https:\/\/secure.gravatar.com\/avatar\/eee448fc3f7164808013b816ba91ac7e43bbe82a70bebac296f8bc6f0addaa1a?s=96&d=mm&r=g","url":"https:\/\/secure.gravatar.com\/avatar\/eee448fc3f7164808013b816ba91ac7e43bbe82a70bebac296f8bc6f0addaa1a?s=96&d=mm&r=g","contentUrl":"https:\/\/secure.gravatar.com\/avatar\/eee448fc3f7164808013b816ba91ac7e43bbe82a70bebac296f8bc6f0addaa1a?s=96&d=mm&r=g","caption":"edicionweb"}}]}},"amp_enabled":true,"cmb2":{"video_ids_in_playlist":{"vid_p_videos":""},"video_ids_in_channel":{"vid_c_videos":""},"playlist_ids_in_channel":{"vid_c_playlists":""},"series_ids_in_channel":{"vid_c_series":""},"channel_images":{"vid_c_logo":"","vid_c_banner":""},"poster_feature_image":{"vid_m_poster_image":""},"gif_feature_image":{"vid_m_gif_image":""},"video_movie_settings":{"vid_m_director":"","vid_m_actor":"","vid_m_imdb_ratings":"","vid_m_amazon_associates":""},"vid_youtube_broadcasts_settings":{"vid_yb_broadcast_title":"","vid_yb_q":"","vid_yb_channelid":"","vid_yb_videocategoryid":"","vid_yb_maxresults":"","vid_yb_order":"","vid_yb_regioncode":"","vid_yb_videosyndicated":"","vid_yb_style":"","vid_yb_reload_first":""},"video_series_settings":{"vid_m_director":"","vid_m_actor":"","vid_m_imdb_ratings":"","video_series_group":""},"amazon_associates_settings":{"amazon_associates":"","amazon_native_ad":""},"vid_youtube_automatic_settings":{"vid_ya_youtube_source":"","vid_ya_update_every":"","vid_ya_update_unit":"","vid_ya_categories":"","vid_ya_published_after":"","vid_ya_published_before":"","vid_ya_playlists":"","vid_ya_channels":"","vid_ya_director":"","vid_ya_actor":"","vid_ya_author":"","vid_ya_import_post_date":"","vid_ya_status":"","vid_ya_sub_api_key":""},"vid_ads_m_videoads_settings_post":{"vid_ads_m_video_ads":"","vid_ads_m_video_ads_type":"","vid_ads_m_group_google_ima":"","vid_ads_m_group_image":"","vid_ads_m_group_html5_video":"","vid_ads_m_group_html":"","vid_ads_m_vast_preroll":"","vid_ads_m_vast_postroll":"","vid_ads_m_vast_pauseroll":"","vid_ads_m_vast_midroll":[{"vid_ads_m_vast_timer_seconds":"50"}],"vid_ads_m_time_to_show_ads":"","vid_ads_m_time_skip_ads":"","vid_ads_m_time_to_hide_ads":""},"page_slider_settings":{"display_slider_group":"","page_slider_group":""},"blog_page_settings":{"blog_page_title":"","blog_page_heading":"","blog_page_ic":"","blog_page_it":"","blog_page_ec":"","blog_page_ip":"","archive_loop_style":"","blog_image_ratio":"","blog_show_categories":"","blog_show_excerpt":"","blog_show_author":"","blog_show_date":"","blog_show_comment_count":"","blog_show_view_count":"","blog_show_like_count":"","blog_show_dislike_count":"","blog_items_per_page":"","blog_pag_type":""},"page_options":{"get_page_template":"","color_mode":"","main_layout":"","main_layout_full_with":"","main_logo":"","main_logo_retina":"","main_logo_mobile":"","main_logo_mobile_retina":"","sticky_logo":"","sticky_logo_retina":"","main_nav_layout":"","ajax_search":"","header_background":"","theme_sidebar":"","instagram_feed":"","instagram_feed_position":"","popular_videos":"","popular_videos_title_1":"","popular_videos_title_2":"","popular_videos_ic":"","popular_videos_it":"","theme_background":"","page_custom_css":""},"feature_image_settings":{"feature_image_position":""},"video_player_settings":{"single_video_style":"","video_player_position":"","vm_video_url":"","video_player_library":"","video_streaming":"","vm_media_sources":"","vid_auto_play":"","vm_video_shortcode":"","vid_p_sync_playlist":"","vid_c_sync_channel":"","get_post_format":"","multiple_links_structure":"default","multi_links_title":"","vm_video_multi_links":"","vm_duration":"","vid_social_locker":"off","vid_social_locker_id":"","vid_membership_action":"content-video","vm_video_trailer_url":"","vid_download_type":"free","vid_download_target":"download","vid_woo_product":"","vm_media_download":"","user_rating":"","user_rating_position":"","user_rating_mode":"","user_rating_multi_sets":""},"video_auto_fetch_settings":{"vm_video_fetch":"on"},"video_fake_views_likes":{"vm_fake_views":"","vm_fake_likes":"","vm_fake_dislikes":""},"gallery_settings":{"gallery_position":""},"quote_settings":{"quote_position":""},"post_options":{"main_layout":"","main_logo":"","main_logo_retina":"","main_logo_mobile":"","main_logo_mobile_retina":"","sticky_logo":"","sticky_logo_retina":"","main_nav_layout":"","header_background":"","theme_sidebar":"","single_post_comment_type":"","theme_background":""}},"_links":{"self":[{"href":"https:\/\/canal7slp.tv\/2019\/wp-json\/wp\/v2\/posts\/47514","targetHints":{"allow":["GET"]}}],"collection":[{"href":"https:\/\/canal7slp.tv\/2019\/wp-json\/wp\/v2\/posts"}],"about":[{"href":"https:\/\/canal7slp.tv\/2019\/wp-json\/wp\/v2\/types\/post"}],"author":[{"embeddable":true,"href":"https:\/\/canal7slp.tv\/2019\/wp-json\/wp\/v2\/users\/2"}],"replies":[{"embeddable":true,"href":"https:\/\/canal7slp.tv\/2019\/wp-json\/wp\/v2\/comments?post=47514"}],"version-history":[{"count":0,"href":"https:\/\/canal7slp.tv\/2019\/wp-json\/wp\/v2\/posts\/47514\/revisions"}],"wp:featuredmedia":[{"embeddable":true,"href":"https:\/\/canal7slp.tv\/2019\/wp-json\/wp\/v2\/media\/47515"}],"wp:attachment":[{"href":"https:\/\/canal7slp.tv\/2019\/wp-json\/wp\/v2\/media?parent=47514"}],"wp:term":[{"taxonomy":"category","embeddable":true,"href":"https:\/\/canal7slp.tv\/2019\/wp-json\/wp\/v2\/categories?post=47514"},{"taxonomy":"post_tag","embeddable":true,"href":"https:\/\/canal7slp.tv\/2019\/wp-json\/wp\/v2\/tags?post=47514"}],"curies":[{"name":"wp","href":"https:\/\/api.w.org\/{rel}","templated":true}]}}