{"id":4745,"date":"2019-05-27T07:12:01","date_gmt":"2019-05-27T12:12:01","guid":{"rendered":"https:\/\/canal7slp.tv\/2019\/2019\/05\/el-altiplano-potosino-recibira-a-participantes-en-la-xvii-concentracion-mundial-biker\/"},"modified":"2019-05-27T07:12:01","modified_gmt":"2019-05-27T12:12:01","slug":"el-altiplano-potosino-recibira-a-participantes-en-la-xvii-concentracion-mundial-biker","status":"publish","type":"post","link":"https:\/\/canal7slp.tv\/2019\/el-altiplano-potosino-recibira-a-participantes-en-la-xvii-concentracion-mundial-biker\/","title":{"rendered":"El altiplano potosino recibir\u00e1 a participantes en la XVII Concentraci\u00f3n Mundial Biker"},"content":{"rendered":"<p> [ad_1]<br \/>\n<\/p>\n<p style=\"text-align: justify\">SLP.- Este fin de semana, Matehuala ser\u00e1 sede por d\u00e9cimo s\u00e9ptima ocasi\u00f3n de la concentraci\u00f3n anual de Bikers, un evento que espera reunir por lo menos mil 200 motociclistas de todo el pa\u00eds, e incluso del extranjero, por lo que se espera un importante beneficio para el sector servicios, turismo y comercio.<\/p>\n<p style=\"text-align: justify\">As\u00ed lo dio a conocer el Secretario de Turismo, Arturo Esper Sulaim\u00e1n, quien destac\u00f3 que ya se encuentra todo listo para recibir este encuentro que a\u00f1o con a\u00f1o coordina Edgar Manuel Moreno, y que gracias a su calidad en organizaci\u00f3n se ha vuelto una tradici\u00f3n y un referente en el turismo deportivo.<\/p>\n<p style=\"text-align: justify\">En esta edici\u00f3n el comit\u00e9 organizador confirm\u00f3 que, de los mil 200 participantes, se estima que un 80 por ciento ser\u00e1n for\u00e1neos de diferentes estados de la Rep\u00fablica Mexicana, as\u00ed como de Estados Unidos y Canad\u00e1.<\/p>\n<p style=\"text-align: justify\">La coordinaci\u00f3n general confirm\u00f3 que se encuentran listos para tener en Matehuala durante dos d\u00edas la base de operaciones para realizar la tradicional Ruta del Desierto Potosino que comprende los municipios de Matehuala-Cedral-Vanegas-Catorce-Charcas y Villa de Guadalupe, por lo que invitan a todo el p\u00fablico a disfrutar de esta caravana.<\/p>\n<p style=\"text-align: justify\">El Secretario de Turismo destac\u00f3 que se cuenta con el apoyo y respaldo de las diferentes corporaciones de seguridad, protecci\u00f3n civil y salud de nivel estatal que se requiere en estos casos, as\u00ed como con el apoyo de sus pares a nivel municipal, en una coordinaci\u00f3n y log\u00edstica que se lleva desde la propia dependencia, buscando siempre que la estancia de nuestros visitantes sea la mejor experiencia.<\/p>\n<p style=\"text-align: justify\">Cabe se\u00f1alar que las asociaciones de hoteleros del altiplano tambi\u00e9n apoyan este evento con tarifas preferenciales y facilitando instalaciones para mayor comodidad de los motociclistas, un evento que gracias a la promoci\u00f3n y garant\u00eda de calidad del mismo ha ido creciendo a\u00f1o con a\u00f1o para llegar a los 17 a\u00f1os ya de edici\u00f3n.<\/p>\n<p>La entrada <a rel=\"nofollow\" href=\"http:\/\/canal7slp.com\/el-altiplano-potosino-recibira-a-participantes-en-la-xvii-concentracion-mundial-biker\/\">El altiplano potosino recibir\u00e1 a participantes en la XVII Concentraci\u00f3n Mundial Biker<\/a> aparece primero en <a rel=\"nofollow\" href=\"http:\/\/canal7slp.com\">Canal Siete XHSLV | Televisi\u00f3n de San Luis Potos\u00ed<\/a>.<\/p>\n<p>[ad_2]<\/p>\n","protected":false},"excerpt":{"rendered":"<p>[ad_1] SLP.- Este fin de semana, Matehuala ser\u00e1 sede por d\u00e9cimo s\u00e9ptima ocasi\u00f3n de la concentraci\u00f3n anual de Bikers, un evento que espera reunir por lo menos mil 200 motociclistas de todo el pa\u00eds, e incluso del extranjero, por lo que se espera un importante beneficio para el sector servicios, turismo y comercio. As\u00ed lo [&hellip;]<\/p>\n","protected":false},"author":2,"featured_media":4746,"comment_status":"open","ping_status":"open","sticky":false,"template":"","format":"standard","meta":{"footnotes":""},"categories":[17],"tags":[],"class_list":["post-4745","post","type-post","status-publish","format-standard","has-post-thumbnail","hentry","category-localesyregionales"],"yoast_head":"<!-- This site is optimized with the Yoast SEO plugin v27.4 - https:\/\/yoast.com\/product\/yoast-seo-wordpress\/ -->\n<title>El altiplano potosino recibir\u00e1 a participantes en la XVII Concentraci\u00f3n Mundial Biker - Canal 7 SLP - 2019<\/title>\n<meta name=\"robots\" content=\"index, follow, max-snippet:-1, max-image-preview:large, max-video-preview:-1\" \/>\n<link rel=\"canonical\" href=\"https:\/\/canal7slp.tv\/2019\/el-altiplano-potosino-recibira-a-participantes-en-la-xvii-concentracion-mundial-biker\/\" \/>\n<meta property=\"og:locale\" content=\"es_ES\" \/>\n<meta property=\"og:type\" content=\"article\" \/>\n<meta property=\"og:title\" content=\"El altiplano potosino recibir\u00e1 a participantes en la XVII Concentraci\u00f3n Mundial Biker - Canal 7 SLP - 2019\" \/>\n<meta property=\"og:description\" content=\"[ad_1] SLP.- Este fin de semana, Matehuala ser\u00e1 sede por d\u00e9cimo s\u00e9ptima ocasi\u00f3n de la concentraci\u00f3n anual de Bikers, un evento que espera reunir por lo menos mil 200 motociclistas de todo el pa\u00eds, e incluso del extranjero, por lo que se espera un importante beneficio para el sector servicios, turismo y comercio. As\u00ed lo [&hellip;]\" \/>\n<meta property=\"og:url\" content=\"https:\/\/canal7slp.tv\/2019\/el-altiplano-potosino-recibira-a-participantes-en-la-xvii-concentracion-mundial-biker\/\" \/>\n<meta property=\"og:site_name\" content=\"Canal 7 SLP - 2019\" \/>\n<meta property=\"article:publisher\" content=\"https:\/\/www.facebook.com\/CANAL7SLP\/\" \/>\n<meta property=\"article:published_time\" content=\"2019-05-27T12:12:01+00:00\" \/>\n<meta property=\"og:image\" content=\"https:\/\/canal7slp.tv\/2019\/wp-content\/uploads\/2019\/05\/1600.jpeg\" \/>\n\t<meta property=\"og:image:width\" content=\"503\" \/>\n\t<meta property=\"og:image:height\" content=\"800\" \/>\n\t<meta property=\"og:image:type\" content=\"image\/jpeg\" \/>\n<meta name=\"author\" content=\"edicionweb\" \/>\n<meta name=\"twitter:card\" content=\"summary_large_image\" \/>\n<meta name=\"twitter:creator\" content=\"@canal7_slp\" \/>\n<meta name=\"twitter:site\" content=\"@canal7_slp\" \/>\n<meta name=\"twitter:label1\" content=\"Escrito por\" \/>\n\t<meta name=\"twitter:data1\" content=\"edicionweb\" \/>\n\t<meta name=\"twitter:label2\" content=\"Tiempo de lectura\" \/>\n\t<meta name=\"twitter:data2\" content=\"2 minutos\" \/>\n<script type=\"application\/ld+json\" class=\"yoast-schema-graph\">{\"@context\":\"https:\\\/\\\/schema.org\",\"@graph\":[{\"@type\":\"Article\",\"@id\":\"https:\\\/\\\/canal7slp.tv\\\/2019\\\/el-altiplano-potosino-recibira-a-participantes-en-la-xvii-concentracion-mundial-biker\\\/#article\",\"isPartOf\":{\"@id\":\"https:\\\/\\\/canal7slp.tv\\\/2019\\\/el-altiplano-potosino-recibira-a-participantes-en-la-xvii-concentracion-mundial-biker\\\/\"},\"author\":{\"name\":\"edicionweb\",\"@id\":\"https:\\\/\\\/canal7slp.tv\\\/2019\\\/#\\\/schema\\\/person\\\/11d941c1c6ca30ac0a46b95fa37aa2e3\"},\"headline\":\"El altiplano potosino recibir\u00e1 a participantes en la XVII Concentraci\u00f3n Mundial Biker\",\"datePublished\":\"2019-05-27T12:12:01+00:00\",\"mainEntityOfPage\":{\"@id\":\"https:\\\/\\\/canal7slp.tv\\\/2019\\\/el-altiplano-potosino-recibira-a-participantes-en-la-xvii-concentracion-mundial-biker\\\/\"},\"wordCount\":377,\"commentCount\":0,\"publisher\":{\"@id\":\"https:\\\/\\\/canal7slp.tv\\\/2019\\\/#organization\"},\"image\":{\"@id\":\"https:\\\/\\\/canal7slp.tv\\\/2019\\\/el-altiplano-potosino-recibira-a-participantes-en-la-xvii-concentracion-mundial-biker\\\/#primaryimage\"},\"thumbnailUrl\":\"https:\\\/\\\/canal7slp.tv\\\/2019\\\/wp-content\\\/uploads\\\/2019\\\/05\\\/1600.jpeg\",\"articleSection\":[\"LOCALES Y REGIONALES\"],\"inLanguage\":\"es\",\"potentialAction\":[{\"@type\":\"CommentAction\",\"name\":\"Comment\",\"target\":[\"https:\\\/\\\/canal7slp.tv\\\/2019\\\/el-altiplano-potosino-recibira-a-participantes-en-la-xvii-concentracion-mundial-biker\\\/#respond\"]}]},{\"@type\":\"WebPage\",\"@id\":\"https:\\\/\\\/canal7slp.tv\\\/2019\\\/el-altiplano-potosino-recibira-a-participantes-en-la-xvii-concentracion-mundial-biker\\\/\",\"url\":\"https:\\\/\\\/canal7slp.tv\\\/2019\\\/el-altiplano-potosino-recibira-a-participantes-en-la-xvii-concentracion-mundial-biker\\\/\",\"name\":\"El altiplano potosino recibir\u00e1 a participantes en la XVII Concentraci\u00f3n Mundial Biker - Canal 7 SLP - 2019\",\"isPartOf\":{\"@id\":\"https:\\\/\\\/canal7slp.tv\\\/2019\\\/#website\"},\"primaryImageOfPage\":{\"@id\":\"https:\\\/\\\/canal7slp.tv\\\/2019\\\/el-altiplano-potosino-recibira-a-participantes-en-la-xvii-concentracion-mundial-biker\\\/#primaryimage\"},\"image\":{\"@id\":\"https:\\\/\\\/canal7slp.tv\\\/2019\\\/el-altiplano-potosino-recibira-a-participantes-en-la-xvii-concentracion-mundial-biker\\\/#primaryimage\"},\"thumbnailUrl\":\"https:\\\/\\\/canal7slp.tv\\\/2019\\\/wp-content\\\/uploads\\\/2019\\\/05\\\/1600.jpeg\",\"datePublished\":\"2019-05-27T12:12:01+00:00\",\"breadcrumb\":{\"@id\":\"https:\\\/\\\/canal7slp.tv\\\/2019\\\/el-altiplano-potosino-recibira-a-participantes-en-la-xvii-concentracion-mundial-biker\\\/#breadcrumb\"},\"inLanguage\":\"es\",\"potentialAction\":[{\"@type\":\"ReadAction\",\"target\":[\"https:\\\/\\\/canal7slp.tv\\\/2019\\\/el-altiplano-potosino-recibira-a-participantes-en-la-xvii-concentracion-mundial-biker\\\/\"]}]},{\"@type\":\"ImageObject\",\"inLanguage\":\"es\",\"@id\":\"https:\\\/\\\/canal7slp.tv\\\/2019\\\/el-altiplano-potosino-recibira-a-participantes-en-la-xvii-concentracion-mundial-biker\\\/#primaryimage\",\"url\":\"https:\\\/\\\/canal7slp.tv\\\/2019\\\/wp-content\\\/uploads\\\/2019\\\/05\\\/1600.jpeg\",\"contentUrl\":\"https:\\\/\\\/canal7slp.tv\\\/2019\\\/wp-content\\\/uploads\\\/2019\\\/05\\\/1600.jpeg\",\"width\":503,\"height\":800},{\"@type\":\"BreadcrumbList\",\"@id\":\"https:\\\/\\\/canal7slp.tv\\\/2019\\\/el-altiplano-potosino-recibira-a-participantes-en-la-xvii-concentracion-mundial-biker\\\/#breadcrumb\",\"itemListElement\":[{\"@type\":\"ListItem\",\"position\":1,\"name\":\"Home\",\"item\":\"https:\\\/\\\/canal7slp.tv\\\/2019\\\/\"},{\"@type\":\"ListItem\",\"position\":2,\"name\":\"El altiplano potosino recibir\u00e1 a participantes en la XVII Concentraci\u00f3n Mundial Biker\"}]},{\"@type\":\"WebSite\",\"@id\":\"https:\\\/\\\/canal7slp.tv\\\/2019\\\/#website\",\"url\":\"https:\\\/\\\/canal7slp.tv\\\/2019\\\/\",\"name\":\"Canal 7 SLP - Somos TV\",\"description\":\"Somos un Canal de 10\",\"publisher\":{\"@id\":\"https:\\\/\\\/canal7slp.tv\\\/2019\\\/#organization\"},\"potentialAction\":[{\"@type\":\"SearchAction\",\"target\":{\"@type\":\"EntryPoint\",\"urlTemplate\":\"https:\\\/\\\/canal7slp.tv\\\/2019\\\/?s={search_term_string}\"},\"query-input\":{\"@type\":\"PropertyValueSpecification\",\"valueRequired\":true,\"valueName\":\"search_term_string\"}}],\"inLanguage\":\"es\"},{\"@type\":\"Organization\",\"@id\":\"https:\\\/\\\/canal7slp.tv\\\/2019\\\/#organization\",\"name\":\"Comunicaci\u00f3n 2000 S.A. de C.V.\",\"url\":\"https:\\\/\\\/canal7slp.tv\\\/2019\\\/\",\"logo\":{\"@type\":\"ImageObject\",\"inLanguage\":\"es\",\"@id\":\"https:\\\/\\\/canal7slp.tv\\\/2019\\\/#\\\/schema\\\/logo\\\/image\\\/\",\"url\":\"https:\\\/\\\/canal7slp.tv\\\/2019\\\/wp-content\\\/uploads\\\/2019\\\/07\\\/logo-c7.png\",\"contentUrl\":\"https:\\\/\\\/canal7slp.tv\\\/2019\\\/wp-content\\\/uploads\\\/2019\\\/07\\\/logo-c7.png\",\"width\":220,\"height\":60,\"caption\":\"Comunicaci\u00f3n 2000 S.A. de C.V.\"},\"image\":{\"@id\":\"https:\\\/\\\/canal7slp.tv\\\/2019\\\/#\\\/schema\\\/logo\\\/image\\\/\"},\"sameAs\":[\"https:\\\/\\\/www.facebook.com\\\/CANAL7SLP\\\/\",\"https:\\\/\\\/x.com\\\/canal7_slp\",\"https:\\\/\\\/www.instagram.com\\\/canal7_slp\",\"https:\\\/\\\/www.youtube.com\\\/user\\\/NOTICIEROSCANAL7SLP\\\/\"]},{\"@type\":\"Person\",\"@id\":\"https:\\\/\\\/canal7slp.tv\\\/2019\\\/#\\\/schema\\\/person\\\/11d941c1c6ca30ac0a46b95fa37aa2e3\",\"name\":\"edicionweb\",\"image\":{\"@type\":\"ImageObject\",\"inLanguage\":\"es\",\"@id\":\"https:\\\/\\\/secure.gravatar.com\\\/avatar\\\/eee448fc3f7164808013b816ba91ac7e43bbe82a70bebac296f8bc6f0addaa1a?s=96&d=mm&r=g\",\"url\":\"https:\\\/\\\/secure.gravatar.com\\\/avatar\\\/eee448fc3f7164808013b816ba91ac7e43bbe82a70bebac296f8bc6f0addaa1a?s=96&d=mm&r=g\",\"contentUrl\":\"https:\\\/\\\/secure.gravatar.com\\\/avatar\\\/eee448fc3f7164808013b816ba91ac7e43bbe82a70bebac296f8bc6f0addaa1a?s=96&d=mm&r=g\",\"caption\":\"edicionweb\"}}]}<\/script>\n<!-- \/ Yoast SEO plugin. -->","yoast_head_json":{"title":"El altiplano potosino recibir\u00e1 a participantes en la XVII Concentraci\u00f3n Mundial Biker - Canal 7 SLP - 2019","robots":{"index":"index","follow":"follow","max-snippet":"max-snippet:-1","max-image-preview":"max-image-preview:large","max-video-preview":"max-video-preview:-1"},"canonical":"https:\/\/canal7slp.tv\/2019\/el-altiplano-potosino-recibira-a-participantes-en-la-xvii-concentracion-mundial-biker\/","og_locale":"es_ES","og_type":"article","og_title":"El altiplano potosino recibir\u00e1 a participantes en la XVII Concentraci\u00f3n Mundial Biker - Canal 7 SLP - 2019","og_description":"[ad_1] SLP.- Este fin de semana, Matehuala ser\u00e1 sede por d\u00e9cimo s\u00e9ptima ocasi\u00f3n de la concentraci\u00f3n anual de Bikers, un evento que espera reunir por lo menos mil 200 motociclistas de todo el pa\u00eds, e incluso del extranjero, por lo que se espera un importante beneficio para el sector servicios, turismo y comercio. As\u00ed lo [&hellip;]","og_url":"https:\/\/canal7slp.tv\/2019\/el-altiplano-potosino-recibira-a-participantes-en-la-xvii-concentracion-mundial-biker\/","og_site_name":"Canal 7 SLP - 2019","article_publisher":"https:\/\/www.facebook.com\/CANAL7SLP\/","article_published_time":"2019-05-27T12:12:01+00:00","og_image":[{"width":503,"height":800,"url":"https:\/\/canal7slp.tv\/2019\/wp-content\/uploads\/2019\/05\/1600.jpeg","type":"image\/jpeg"}],"author":"edicionweb","twitter_card":"summary_large_image","twitter_creator":"@canal7_slp","twitter_site":"@canal7_slp","twitter_misc":{"Escrito por":"edicionweb","Tiempo de lectura":"2 minutos"},"schema":{"@context":"https:\/\/schema.org","@graph":[{"@type":"Article","@id":"https:\/\/canal7slp.tv\/2019\/el-altiplano-potosino-recibira-a-participantes-en-la-xvii-concentracion-mundial-biker\/#article","isPartOf":{"@id":"https:\/\/canal7slp.tv\/2019\/el-altiplano-potosino-recibira-a-participantes-en-la-xvii-concentracion-mundial-biker\/"},"author":{"name":"edicionweb","@id":"https:\/\/canal7slp.tv\/2019\/#\/schema\/person\/11d941c1c6ca30ac0a46b95fa37aa2e3"},"headline":"El altiplano potosino recibir\u00e1 a participantes en la XVII Concentraci\u00f3n Mundial Biker","datePublished":"2019-05-27T12:12:01+00:00","mainEntityOfPage":{"@id":"https:\/\/canal7slp.tv\/2019\/el-altiplano-potosino-recibira-a-participantes-en-la-xvii-concentracion-mundial-biker\/"},"wordCount":377,"commentCount":0,"publisher":{"@id":"https:\/\/canal7slp.tv\/2019\/#organization"},"image":{"@id":"https:\/\/canal7slp.tv\/2019\/el-altiplano-potosino-recibira-a-participantes-en-la-xvii-concentracion-mundial-biker\/#primaryimage"},"thumbnailUrl":"https:\/\/canal7slp.tv\/2019\/wp-content\/uploads\/2019\/05\/1600.jpeg","articleSection":["LOCALES Y REGIONALES"],"inLanguage":"es","potentialAction":[{"@type":"CommentAction","name":"Comment","target":["https:\/\/canal7slp.tv\/2019\/el-altiplano-potosino-recibira-a-participantes-en-la-xvii-concentracion-mundial-biker\/#respond"]}]},{"@type":"WebPage","@id":"https:\/\/canal7slp.tv\/2019\/el-altiplano-potosino-recibira-a-participantes-en-la-xvii-concentracion-mundial-biker\/","url":"https:\/\/canal7slp.tv\/2019\/el-altiplano-potosino-recibira-a-participantes-en-la-xvii-concentracion-mundial-biker\/","name":"El altiplano potosino recibir\u00e1 a participantes en la XVII Concentraci\u00f3n Mundial Biker - Canal 7 SLP - 2019","isPartOf":{"@id":"https:\/\/canal7slp.tv\/2019\/#website"},"primaryImageOfPage":{"@id":"https:\/\/canal7slp.tv\/2019\/el-altiplano-potosino-recibira-a-participantes-en-la-xvii-concentracion-mundial-biker\/#primaryimage"},"image":{"@id":"https:\/\/canal7slp.tv\/2019\/el-altiplano-potosino-recibira-a-participantes-en-la-xvii-concentracion-mundial-biker\/#primaryimage"},"thumbnailUrl":"https:\/\/canal7slp.tv\/2019\/wp-content\/uploads\/2019\/05\/1600.jpeg","datePublished":"2019-05-27T12:12:01+00:00","breadcrumb":{"@id":"https:\/\/canal7slp.tv\/2019\/el-altiplano-potosino-recibira-a-participantes-en-la-xvii-concentracion-mundial-biker\/#breadcrumb"},"inLanguage":"es","potentialAction":[{"@type":"ReadAction","target":["https:\/\/canal7slp.tv\/2019\/el-altiplano-potosino-recibira-a-participantes-en-la-xvii-concentracion-mundial-biker\/"]}]},{"@type":"ImageObject","inLanguage":"es","@id":"https:\/\/canal7slp.tv\/2019\/el-altiplano-potosino-recibira-a-participantes-en-la-xvii-concentracion-mundial-biker\/#primaryimage","url":"https:\/\/canal7slp.tv\/2019\/wp-content\/uploads\/2019\/05\/1600.jpeg","contentUrl":"https:\/\/canal7slp.tv\/2019\/wp-content\/uploads\/2019\/05\/1600.jpeg","width":503,"height":800},{"@type":"BreadcrumbList","@id":"https:\/\/canal7slp.tv\/2019\/el-altiplano-potosino-recibira-a-participantes-en-la-xvii-concentracion-mundial-biker\/#breadcrumb","itemListElement":[{"@type":"ListItem","position":1,"name":"Home","item":"https:\/\/canal7slp.tv\/2019\/"},{"@type":"ListItem","position":2,"name":"El altiplano potosino recibir\u00e1 a participantes en la XVII Concentraci\u00f3n Mundial Biker"}]},{"@type":"WebSite","@id":"https:\/\/canal7slp.tv\/2019\/#website","url":"https:\/\/canal7slp.tv\/2019\/","name":"Canal 7 SLP - Somos TV","description":"Somos un Canal de 10","publisher":{"@id":"https:\/\/canal7slp.tv\/2019\/#organization"},"potentialAction":[{"@type":"SearchAction","target":{"@type":"EntryPoint","urlTemplate":"https:\/\/canal7slp.tv\/2019\/?s={search_term_string}"},"query-input":{"@type":"PropertyValueSpecification","valueRequired":true,"valueName":"search_term_string"}}],"inLanguage":"es"},{"@type":"Organization","@id":"https:\/\/canal7slp.tv\/2019\/#organization","name":"Comunicaci\u00f3n 2000 S.A. de C.V.","url":"https:\/\/canal7slp.tv\/2019\/","logo":{"@type":"ImageObject","inLanguage":"es","@id":"https:\/\/canal7slp.tv\/2019\/#\/schema\/logo\/image\/","url":"https:\/\/canal7slp.tv\/2019\/wp-content\/uploads\/2019\/07\/logo-c7.png","contentUrl":"https:\/\/canal7slp.tv\/2019\/wp-content\/uploads\/2019\/07\/logo-c7.png","width":220,"height":60,"caption":"Comunicaci\u00f3n 2000 S.A. de C.V."},"image":{"@id":"https:\/\/canal7slp.tv\/2019\/#\/schema\/logo\/image\/"},"sameAs":["https:\/\/www.facebook.com\/CANAL7SLP\/","https:\/\/x.com\/canal7_slp","https:\/\/www.instagram.com\/canal7_slp","https:\/\/www.youtube.com\/user\/NOTICIEROSCANAL7SLP\/"]},{"@type":"Person","@id":"https:\/\/canal7slp.tv\/2019\/#\/schema\/person\/11d941c1c6ca30ac0a46b95fa37aa2e3","name":"edicionweb","image":{"@type":"ImageObject","inLanguage":"es","@id":"https:\/\/secure.gravatar.com\/avatar\/eee448fc3f7164808013b816ba91ac7e43bbe82a70bebac296f8bc6f0addaa1a?s=96&d=mm&r=g","url":"https:\/\/secure.gravatar.com\/avatar\/eee448fc3f7164808013b816ba91ac7e43bbe82a70bebac296f8bc6f0addaa1a?s=96&d=mm&r=g","contentUrl":"https:\/\/secure.gravatar.com\/avatar\/eee448fc3f7164808013b816ba91ac7e43bbe82a70bebac296f8bc6f0addaa1a?s=96&d=mm&r=g","caption":"edicionweb"}}]}},"amp_enabled":true,"cmb2":{"video_ids_in_playlist":{"vid_p_videos":""},"video_ids_in_channel":{"vid_c_videos":""},"playlist_ids_in_channel":{"vid_c_playlists":""},"series_ids_in_channel":{"vid_c_series":""},"channel_images":{"vid_c_logo":"","vid_c_banner":""},"poster_feature_image":{"vid_m_poster_image":""},"gif_feature_image":{"vid_m_gif_image":""},"video_movie_settings":{"vid_m_director":"","vid_m_actor":"","vid_m_imdb_ratings":"","vid_m_amazon_associates":""},"vid_youtube_broadcasts_settings":{"vid_yb_broadcast_title":"","vid_yb_q":"","vid_yb_channelid":"","vid_yb_videocategoryid":"","vid_yb_maxresults":"","vid_yb_order":"","vid_yb_regioncode":"","vid_yb_videosyndicated":"","vid_yb_style":"","vid_yb_reload_first":""},"video_series_settings":{"vid_m_director":"","vid_m_actor":"","vid_m_imdb_ratings":"","video_series_group":""},"amazon_associates_settings":{"amazon_associates":"","amazon_native_ad":""},"vid_youtube_automatic_settings":{"vid_ya_youtube_source":"","vid_ya_update_every":"","vid_ya_update_unit":"","vid_ya_categories":"","vid_ya_published_after":"","vid_ya_published_before":"","vid_ya_playlists":"","vid_ya_channels":"","vid_ya_director":"","vid_ya_actor":"","vid_ya_author":"","vid_ya_import_post_date":"","vid_ya_status":"","vid_ya_sub_api_key":""},"vid_ads_m_videoads_settings_post":{"vid_ads_m_video_ads":"","vid_ads_m_video_ads_type":"","vid_ads_m_group_google_ima":"","vid_ads_m_group_image":"","vid_ads_m_group_html5_video":"","vid_ads_m_group_html":"","vid_ads_m_vast_preroll":"","vid_ads_m_vast_postroll":"","vid_ads_m_vast_pauseroll":"","vid_ads_m_vast_midroll":"","vid_ads_m_time_to_show_ads":"","vid_ads_m_time_skip_ads":"","vid_ads_m_time_to_hide_ads":""},"page_slider_settings":{"display_slider_group":"","page_slider_group":""},"blog_page_settings":{"blog_page_title":"","blog_page_heading":"","blog_page_ic":"","blog_page_it":"","blog_page_ec":"","blog_page_ip":"","archive_loop_style":"","blog_image_ratio":"","blog_show_categories":"","blog_show_excerpt":"","blog_show_author":"","blog_show_date":"","blog_show_comment_count":"","blog_show_view_count":"","blog_show_like_count":"","blog_show_dislike_count":"","blog_items_per_page":"","blog_pag_type":""},"page_options":{"get_page_template":"","color_mode":"","main_layout":"","main_layout_full_with":"","main_logo":"","main_logo_retina":"","main_logo_mobile":"","main_logo_mobile_retina":"","sticky_logo":"","sticky_logo_retina":"","main_nav_layout":"","ajax_search":"","header_background":"","theme_sidebar":"","instagram_feed":"","instagram_feed_position":"","popular_videos":"","popular_videos_title_1":"","popular_videos_title_2":"","popular_videos_ic":"","popular_videos_it":"","theme_background":"","page_custom_css":""},"feature_image_settings":{"feature_image_position":""},"video_player_settings":{"single_video_style":"","video_player_position":"","vm_video_url":"","video_player_library":"","video_streaming":"","vm_media_sources":"","vid_auto_play":"","vm_video_shortcode":"","vid_p_sync_playlist":"","vid_c_sync_channel":"","get_post_format":"","multiple_links_structure":"","multi_links_title":"","vm_video_multi_links":"","vm_duration":"","vid_social_locker":"","vid_social_locker_id":"","vid_membership_action":"","vm_video_trailer_url":"","vid_download_type":"","vid_download_target":"","vid_woo_product":"","vm_media_download":"","user_rating":"","user_rating_position":"","user_rating_mode":"","user_rating_multi_sets":""},"video_auto_fetch_settings":{"vm_video_fetch":""},"video_fake_views_likes":{"vm_fake_views":"","vm_fake_likes":"","vm_fake_dislikes":""},"gallery_settings":{"gallery_position":""},"quote_settings":{"quote_position":""},"post_options":{"main_layout":"","main_logo":"","main_logo_retina":"","main_logo_mobile":"","main_logo_mobile_retina":"","sticky_logo":"","sticky_logo_retina":"","main_nav_layout":"","header_background":"","theme_sidebar":"","single_post_comment_type":"","theme_background":""}},"_links":{"self":[{"href":"https:\/\/canal7slp.tv\/2019\/wp-json\/wp\/v2\/posts\/4745","targetHints":{"allow":["GET"]}}],"collection":[{"href":"https:\/\/canal7slp.tv\/2019\/wp-json\/wp\/v2\/posts"}],"about":[{"href":"https:\/\/canal7slp.tv\/2019\/wp-json\/wp\/v2\/types\/post"}],"author":[{"embeddable":true,"href":"https:\/\/canal7slp.tv\/2019\/wp-json\/wp\/v2\/users\/2"}],"replies":[{"embeddable":true,"href":"https:\/\/canal7slp.tv\/2019\/wp-json\/wp\/v2\/comments?post=4745"}],"version-history":[{"count":0,"href":"https:\/\/canal7slp.tv\/2019\/wp-json\/wp\/v2\/posts\/4745\/revisions"}],"wp:featuredmedia":[{"embeddable":true,"href":"https:\/\/canal7slp.tv\/2019\/wp-json\/wp\/v2\/media\/4746"}],"wp:attachment":[{"href":"https:\/\/canal7slp.tv\/2019\/wp-json\/wp\/v2\/media?parent=4745"}],"wp:term":[{"taxonomy":"category","embeddable":true,"href":"https:\/\/canal7slp.tv\/2019\/wp-json\/wp\/v2\/categories?post=4745"},{"taxonomy":"post_tag","embeddable":true,"href":"https:\/\/canal7slp.tv\/2019\/wp-json\/wp\/v2\/tags?post=4745"}],"curies":[{"name":"wp","href":"https:\/\/api.w.org\/{rel}","templated":true}]}}