{"id":4733,"date":"2019-05-27T02:43:09","date_gmt":"2019-05-27T07:43:09","guid":{"rendered":"https:\/\/canal7slp.tv\/2019\/2019\/05\/mocedades-regresa-a-mexico-y-rendira-tributo-a-ruben-fuentes\/"},"modified":"2019-05-27T02:43:09","modified_gmt":"2019-05-27T07:43:09","slug":"mocedades-regresa-a-mexico-y-rendira-tributo-a-ruben-fuentes","status":"publish","type":"post","link":"https:\/\/canal7slp.tv\/2019\/mocedades-regresa-a-mexico-y-rendira-tributo-a-ruben-fuentes\/","title":{"rendered":"Mocedades regresa a M\u00e9xico y rendir\u00e1 tributo a Rub\u00e9n Fuentes"},"content":{"rendered":"<p> [ad_1]<br \/>\n<\/p>\n<p>M\u00e9xico.- En su regreso a M\u00e9xico, el legendario grupo espa\u00f1ol Mocedades, rendir\u00e1 homenaje al autor, compositor y arreglista de m\u00fasica vern\u00e1cula, Rub\u00e9n Fuentes.<\/p>\n<p>En entrevista telef\u00f3nica desde Madrid, el integrante del grupo, Jos\u00e9 Miguel Gonz\u00e1lez, se\u00f1al\u00f3 que el estilo de la canci\u00f3n mel\u00f3dica que vienen haciendo desde 1967, ha tenido un enriquecimiento importante con la fusi\u00f3n del sonido del mariachi.<\/p>\n<p>Afirm\u00f3 que esta fusi\u00f3n les ha retribuido en el n\u00famero de seguidores que ha incrementado: \u201cPorque la m\u00fasica de mariachi es m\u00e1gica, nos penetra el alma y estamos contentos de sentir los sonidos de las guitarras, vihuelas y trompetas en nuestras canciones\u201d, agreg\u00f3.<\/p>\n<p>Cuestionado sobre la figura de Rub\u00e9n Fuentes, uno de los compositores m\u00e1s grandes de la m\u00fasica ranchera, as\u00ed como vanguardista del g\u00e9nero, gracias a su creatividad como autor, arreglista y productor, Jos\u00e9 Miguel se\u00f1al\u00f3:<\/p>\n<p>\u201cQui\u00e9n no conoce a Rub\u00e9n Fuentes; para nosotros es quien cambi\u00f3 el rostro al mariachi y quien cre\u00f3 lo que hoy conocemos como sonido moderno de este g\u00e9nero, hizo un fen\u00f3meno a la m\u00fasica mexicana\u201d, dijo Jos\u00e9 Miguel Gonz\u00e1lez, quien se\u00f1al\u00f3 que rendir\u00e1n tributo al compositor mexicano en un foro del Estado de M\u00e9xico, los d\u00edas 6 y 7 de junio.<\/p>\n<p>Puntualiz\u00f3 que es un honor para los integrantes de Mocedades cantar con mariachi: \u201cSe nos pone la piel de gallina; sabemos del fervor, amor y pasi\u00f3n que tiene el p\u00fablico por su m\u00fasica\u201d.<\/p>\n<p>Agradeci\u00f3 al p\u00fablico mexicano el apoyo que ha brindado a sus dos \u00faltimas producciones discogr\u00e1ficas,\u00a0<em>Por Amor a M\u00e9xico<\/em>\u00a0y\u00a0<em>Por Amor a M\u00e9xico en vivo,<\/em>\u00a0el segundo grabado en el Auditorio Nacional.<\/p>\n<p>Por otra parte, el vocalista destac\u00f3 que Mocedades mantiene su esencia: \u201cLa madurez musical o vocal, as\u00ed como la inmadurez, puede que la tengas cien a\u00f1os, eso es relativo, lo que si es que los que reci\u00e9n entramos hemos aportado frescura y continuidad a la agrupaci\u00f3n\u201d.<\/p>\n<p>Agreg\u00f3 que \u201cen este regreso a M\u00e9xico, tambi\u00e9n vamos a grabar un video de uno de nuestros temas, para luego viajar a Colombia, Paraguay y Santiago de Chile con la gira del maestro Armando Manzanero&#8221;.<\/p>\n<p>Cabe destacar que la agrupaci\u00f3n original de Mocedades formada en 1967, se dividi\u00f3 en dos con el mismo nombre en 2014, una formaci\u00f3n liderada por Izaskun Uranga, y la otra por Javier Garay.<\/p>\n<p>La entrada <a rel=\"nofollow\" href=\"http:\/\/canal7slp.com\/mocedades-regresa-a-mexico-y-rendira-tributo-a-ruben-fuentes\/\">Mocedades regresa a M\u00e9xico y rendir\u00e1 tributo a Rub\u00e9n Fuentes<\/a> aparece primero en <a rel=\"nofollow\" href=\"http:\/\/canal7slp.com\">Canal Siete XHSLV | Televisi\u00f3n de San Luis Potos\u00ed<\/a>.<\/p>\n<p>[ad_2]<\/p>\n","protected":false},"excerpt":{"rendered":"<p>[ad_1] M\u00e9xico.- En su regreso a M\u00e9xico, el legendario grupo espa\u00f1ol Mocedades, rendir\u00e1 homenaje al autor, compositor y arreglista de m\u00fasica vern\u00e1cula, Rub\u00e9n Fuentes. En entrevista telef\u00f3nica desde Madrid, el integrante del grupo, Jos\u00e9 Miguel Gonz\u00e1lez, se\u00f1al\u00f3 que el estilo de la canci\u00f3n mel\u00f3dica que vienen haciendo desde 1967, ha tenido un enriquecimiento importante con [&hellip;]<\/p>\n","protected":false},"author":2,"featured_media":4734,"comment_status":"open","ping_status":"open","sticky":false,"template":"","format":"standard","meta":{"footnotes":""},"categories":[24],"tags":[],"class_list":["post-4733","post","type-post","status-publish","format-standard","has-post-thumbnail","hentry","category-espectaculos"],"yoast_head":"<!-- This site is optimized with the Yoast SEO plugin v27.4 - https:\/\/yoast.com\/product\/yoast-seo-wordpress\/ -->\n<title>Mocedades regresa a M\u00e9xico y rendir\u00e1 tributo a Rub\u00e9n Fuentes - Canal 7 SLP - 2019<\/title>\n<meta name=\"robots\" content=\"index, follow, max-snippet:-1, max-image-preview:large, max-video-preview:-1\" \/>\n<link rel=\"canonical\" href=\"https:\/\/canal7slp.tv\/2019\/mocedades-regresa-a-mexico-y-rendira-tributo-a-ruben-fuentes\/\" \/>\n<meta property=\"og:locale\" content=\"es_ES\" \/>\n<meta property=\"og:type\" content=\"article\" \/>\n<meta property=\"og:title\" content=\"Mocedades regresa a M\u00e9xico y rendir\u00e1 tributo a Rub\u00e9n Fuentes - Canal 7 SLP - 2019\" \/>\n<meta property=\"og:description\" content=\"[ad_1] M\u00e9xico.- En su regreso a M\u00e9xico, el legendario grupo espa\u00f1ol Mocedades, rendir\u00e1 homenaje al autor, compositor y arreglista de m\u00fasica vern\u00e1cula, Rub\u00e9n Fuentes. En entrevista telef\u00f3nica desde Madrid, el integrante del grupo, Jos\u00e9 Miguel Gonz\u00e1lez, se\u00f1al\u00f3 que el estilo de la canci\u00f3n mel\u00f3dica que vienen haciendo desde 1967, ha tenido un enriquecimiento importante con [&hellip;]\" \/>\n<meta property=\"og:url\" content=\"https:\/\/canal7slp.tv\/2019\/mocedades-regresa-a-mexico-y-rendira-tributo-a-ruben-fuentes\/\" \/>\n<meta property=\"og:site_name\" content=\"Canal 7 SLP - 2019\" \/>\n<meta property=\"article:publisher\" content=\"https:\/\/www.facebook.com\/CANAL7SLP\/\" \/>\n<meta property=\"article:published_time\" content=\"2019-05-27T07:43:09+00:00\" \/>\n<meta property=\"og:image\" content=\"https:\/\/canal7slp.tv\/2019\/wp-content\/uploads\/2019\/05\/0427.jpg\" \/>\n\t<meta property=\"og:image:width\" content=\"756\" \/>\n\t<meta property=\"og:image:height\" content=\"410\" \/>\n\t<meta property=\"og:image:type\" content=\"image\/jpeg\" \/>\n<meta name=\"author\" content=\"edicionweb\" \/>\n<meta name=\"twitter:card\" content=\"summary_large_image\" \/>\n<meta name=\"twitter:creator\" content=\"@canal7_slp\" \/>\n<meta name=\"twitter:site\" content=\"@canal7_slp\" \/>\n<meta name=\"twitter:label1\" content=\"Escrito por\" \/>\n\t<meta name=\"twitter:data1\" content=\"edicionweb\" \/>\n\t<meta name=\"twitter:label2\" content=\"Tiempo de lectura\" \/>\n\t<meta name=\"twitter:data2\" content=\"2 minutos\" \/>\n<script type=\"application\/ld+json\" class=\"yoast-schema-graph\">{\"@context\":\"https:\\\/\\\/schema.org\",\"@graph\":[{\"@type\":\"Article\",\"@id\":\"https:\\\/\\\/canal7slp.tv\\\/2019\\\/mocedades-regresa-a-mexico-y-rendira-tributo-a-ruben-fuentes\\\/#article\",\"isPartOf\":{\"@id\":\"https:\\\/\\\/canal7slp.tv\\\/2019\\\/mocedades-regresa-a-mexico-y-rendira-tributo-a-ruben-fuentes\\\/\"},\"author\":{\"name\":\"edicionweb\",\"@id\":\"https:\\\/\\\/canal7slp.tv\\\/2019\\\/#\\\/schema\\\/person\\\/11d941c1c6ca30ac0a46b95fa37aa2e3\"},\"headline\":\"Mocedades regresa a M\u00e9xico y rendir\u00e1 tributo a Rub\u00e9n Fuentes\",\"datePublished\":\"2019-05-27T07:43:09+00:00\",\"mainEntityOfPage\":{\"@id\":\"https:\\\/\\\/canal7slp.tv\\\/2019\\\/mocedades-regresa-a-mexico-y-rendira-tributo-a-ruben-fuentes\\\/\"},\"wordCount\":459,\"commentCount\":0,\"publisher\":{\"@id\":\"https:\\\/\\\/canal7slp.tv\\\/2019\\\/#organization\"},\"image\":{\"@id\":\"https:\\\/\\\/canal7slp.tv\\\/2019\\\/mocedades-regresa-a-mexico-y-rendira-tributo-a-ruben-fuentes\\\/#primaryimage\"},\"thumbnailUrl\":\"https:\\\/\\\/canal7slp.tv\\\/2019\\\/wp-content\\\/uploads\\\/2019\\\/05\\\/0427.jpg\",\"articleSection\":[\"ESPECTACULOS\"],\"inLanguage\":\"es\",\"potentialAction\":[{\"@type\":\"CommentAction\",\"name\":\"Comment\",\"target\":[\"https:\\\/\\\/canal7slp.tv\\\/2019\\\/mocedades-regresa-a-mexico-y-rendira-tributo-a-ruben-fuentes\\\/#respond\"]}]},{\"@type\":\"WebPage\",\"@id\":\"https:\\\/\\\/canal7slp.tv\\\/2019\\\/mocedades-regresa-a-mexico-y-rendira-tributo-a-ruben-fuentes\\\/\",\"url\":\"https:\\\/\\\/canal7slp.tv\\\/2019\\\/mocedades-regresa-a-mexico-y-rendira-tributo-a-ruben-fuentes\\\/\",\"name\":\"Mocedades regresa a M\u00e9xico y rendir\u00e1 tributo a Rub\u00e9n Fuentes - Canal 7 SLP - 2019\",\"isPartOf\":{\"@id\":\"https:\\\/\\\/canal7slp.tv\\\/2019\\\/#website\"},\"primaryImageOfPage\":{\"@id\":\"https:\\\/\\\/canal7slp.tv\\\/2019\\\/mocedades-regresa-a-mexico-y-rendira-tributo-a-ruben-fuentes\\\/#primaryimage\"},\"image\":{\"@id\":\"https:\\\/\\\/canal7slp.tv\\\/2019\\\/mocedades-regresa-a-mexico-y-rendira-tributo-a-ruben-fuentes\\\/#primaryimage\"},\"thumbnailUrl\":\"https:\\\/\\\/canal7slp.tv\\\/2019\\\/wp-content\\\/uploads\\\/2019\\\/05\\\/0427.jpg\",\"datePublished\":\"2019-05-27T07:43:09+00:00\",\"breadcrumb\":{\"@id\":\"https:\\\/\\\/canal7slp.tv\\\/2019\\\/mocedades-regresa-a-mexico-y-rendira-tributo-a-ruben-fuentes\\\/#breadcrumb\"},\"inLanguage\":\"es\",\"potentialAction\":[{\"@type\":\"ReadAction\",\"target\":[\"https:\\\/\\\/canal7slp.tv\\\/2019\\\/mocedades-regresa-a-mexico-y-rendira-tributo-a-ruben-fuentes\\\/\"]}]},{\"@type\":\"ImageObject\",\"inLanguage\":\"es\",\"@id\":\"https:\\\/\\\/canal7slp.tv\\\/2019\\\/mocedades-regresa-a-mexico-y-rendira-tributo-a-ruben-fuentes\\\/#primaryimage\",\"url\":\"https:\\\/\\\/canal7slp.tv\\\/2019\\\/wp-content\\\/uploads\\\/2019\\\/05\\\/0427.jpg\",\"contentUrl\":\"https:\\\/\\\/canal7slp.tv\\\/2019\\\/wp-content\\\/uploads\\\/2019\\\/05\\\/0427.jpg\",\"width\":756,\"height\":410},{\"@type\":\"BreadcrumbList\",\"@id\":\"https:\\\/\\\/canal7slp.tv\\\/2019\\\/mocedades-regresa-a-mexico-y-rendira-tributo-a-ruben-fuentes\\\/#breadcrumb\",\"itemListElement\":[{\"@type\":\"ListItem\",\"position\":1,\"name\":\"Home\",\"item\":\"https:\\\/\\\/canal7slp.tv\\\/2019\\\/\"},{\"@type\":\"ListItem\",\"position\":2,\"name\":\"Mocedades regresa a M\u00e9xico y rendir\u00e1 tributo a Rub\u00e9n Fuentes\"}]},{\"@type\":\"WebSite\",\"@id\":\"https:\\\/\\\/canal7slp.tv\\\/2019\\\/#website\",\"url\":\"https:\\\/\\\/canal7slp.tv\\\/2019\\\/\",\"name\":\"Canal 7 SLP - Somos TV\",\"description\":\"Somos un Canal de 10\",\"publisher\":{\"@id\":\"https:\\\/\\\/canal7slp.tv\\\/2019\\\/#organization\"},\"potentialAction\":[{\"@type\":\"SearchAction\",\"target\":{\"@type\":\"EntryPoint\",\"urlTemplate\":\"https:\\\/\\\/canal7slp.tv\\\/2019\\\/?s={search_term_string}\"},\"query-input\":{\"@type\":\"PropertyValueSpecification\",\"valueRequired\":true,\"valueName\":\"search_term_string\"}}],\"inLanguage\":\"es\"},{\"@type\":\"Organization\",\"@id\":\"https:\\\/\\\/canal7slp.tv\\\/2019\\\/#organization\",\"name\":\"Comunicaci\u00f3n 2000 S.A. de C.V.\",\"url\":\"https:\\\/\\\/canal7slp.tv\\\/2019\\\/\",\"logo\":{\"@type\":\"ImageObject\",\"inLanguage\":\"es\",\"@id\":\"https:\\\/\\\/canal7slp.tv\\\/2019\\\/#\\\/schema\\\/logo\\\/image\\\/\",\"url\":\"https:\\\/\\\/canal7slp.tv\\\/2019\\\/wp-content\\\/uploads\\\/2019\\\/07\\\/logo-c7.png\",\"contentUrl\":\"https:\\\/\\\/canal7slp.tv\\\/2019\\\/wp-content\\\/uploads\\\/2019\\\/07\\\/logo-c7.png\",\"width\":220,\"height\":60,\"caption\":\"Comunicaci\u00f3n 2000 S.A. de C.V.\"},\"image\":{\"@id\":\"https:\\\/\\\/canal7slp.tv\\\/2019\\\/#\\\/schema\\\/logo\\\/image\\\/\"},\"sameAs\":[\"https:\\\/\\\/www.facebook.com\\\/CANAL7SLP\\\/\",\"https:\\\/\\\/x.com\\\/canal7_slp\",\"https:\\\/\\\/www.instagram.com\\\/canal7_slp\",\"https:\\\/\\\/www.youtube.com\\\/user\\\/NOTICIEROSCANAL7SLP\\\/\"]},{\"@type\":\"Person\",\"@id\":\"https:\\\/\\\/canal7slp.tv\\\/2019\\\/#\\\/schema\\\/person\\\/11d941c1c6ca30ac0a46b95fa37aa2e3\",\"name\":\"edicionweb\",\"image\":{\"@type\":\"ImageObject\",\"inLanguage\":\"es\",\"@id\":\"https:\\\/\\\/secure.gravatar.com\\\/avatar\\\/eee448fc3f7164808013b816ba91ac7e43bbe82a70bebac296f8bc6f0addaa1a?s=96&d=mm&r=g\",\"url\":\"https:\\\/\\\/secure.gravatar.com\\\/avatar\\\/eee448fc3f7164808013b816ba91ac7e43bbe82a70bebac296f8bc6f0addaa1a?s=96&d=mm&r=g\",\"contentUrl\":\"https:\\\/\\\/secure.gravatar.com\\\/avatar\\\/eee448fc3f7164808013b816ba91ac7e43bbe82a70bebac296f8bc6f0addaa1a?s=96&d=mm&r=g\",\"caption\":\"edicionweb\"}}]}<\/script>\n<!-- \/ Yoast SEO plugin. -->","yoast_head_json":{"title":"Mocedades regresa a M\u00e9xico y rendir\u00e1 tributo a Rub\u00e9n Fuentes - Canal 7 SLP - 2019","robots":{"index":"index","follow":"follow","max-snippet":"max-snippet:-1","max-image-preview":"max-image-preview:large","max-video-preview":"max-video-preview:-1"},"canonical":"https:\/\/canal7slp.tv\/2019\/mocedades-regresa-a-mexico-y-rendira-tributo-a-ruben-fuentes\/","og_locale":"es_ES","og_type":"article","og_title":"Mocedades regresa a M\u00e9xico y rendir\u00e1 tributo a Rub\u00e9n Fuentes - Canal 7 SLP - 2019","og_description":"[ad_1] M\u00e9xico.- En su regreso a M\u00e9xico, el legendario grupo espa\u00f1ol Mocedades, rendir\u00e1 homenaje al autor, compositor y arreglista de m\u00fasica vern\u00e1cula, Rub\u00e9n Fuentes. En entrevista telef\u00f3nica desde Madrid, el integrante del grupo, Jos\u00e9 Miguel Gonz\u00e1lez, se\u00f1al\u00f3 que el estilo de la canci\u00f3n mel\u00f3dica que vienen haciendo desde 1967, ha tenido un enriquecimiento importante con [&hellip;]","og_url":"https:\/\/canal7slp.tv\/2019\/mocedades-regresa-a-mexico-y-rendira-tributo-a-ruben-fuentes\/","og_site_name":"Canal 7 SLP - 2019","article_publisher":"https:\/\/www.facebook.com\/CANAL7SLP\/","article_published_time":"2019-05-27T07:43:09+00:00","og_image":[{"width":756,"height":410,"url":"https:\/\/canal7slp.tv\/2019\/wp-content\/uploads\/2019\/05\/0427.jpg","type":"image\/jpeg"}],"author":"edicionweb","twitter_card":"summary_large_image","twitter_creator":"@canal7_slp","twitter_site":"@canal7_slp","twitter_misc":{"Escrito por":"edicionweb","Tiempo de lectura":"2 minutos"},"schema":{"@context":"https:\/\/schema.org","@graph":[{"@type":"Article","@id":"https:\/\/canal7slp.tv\/2019\/mocedades-regresa-a-mexico-y-rendira-tributo-a-ruben-fuentes\/#article","isPartOf":{"@id":"https:\/\/canal7slp.tv\/2019\/mocedades-regresa-a-mexico-y-rendira-tributo-a-ruben-fuentes\/"},"author":{"name":"edicionweb","@id":"https:\/\/canal7slp.tv\/2019\/#\/schema\/person\/11d941c1c6ca30ac0a46b95fa37aa2e3"},"headline":"Mocedades regresa a M\u00e9xico y rendir\u00e1 tributo a Rub\u00e9n Fuentes","datePublished":"2019-05-27T07:43:09+00:00","mainEntityOfPage":{"@id":"https:\/\/canal7slp.tv\/2019\/mocedades-regresa-a-mexico-y-rendira-tributo-a-ruben-fuentes\/"},"wordCount":459,"commentCount":0,"publisher":{"@id":"https:\/\/canal7slp.tv\/2019\/#organization"},"image":{"@id":"https:\/\/canal7slp.tv\/2019\/mocedades-regresa-a-mexico-y-rendira-tributo-a-ruben-fuentes\/#primaryimage"},"thumbnailUrl":"https:\/\/canal7slp.tv\/2019\/wp-content\/uploads\/2019\/05\/0427.jpg","articleSection":["ESPECTACULOS"],"inLanguage":"es","potentialAction":[{"@type":"CommentAction","name":"Comment","target":["https:\/\/canal7slp.tv\/2019\/mocedades-regresa-a-mexico-y-rendira-tributo-a-ruben-fuentes\/#respond"]}]},{"@type":"WebPage","@id":"https:\/\/canal7slp.tv\/2019\/mocedades-regresa-a-mexico-y-rendira-tributo-a-ruben-fuentes\/","url":"https:\/\/canal7slp.tv\/2019\/mocedades-regresa-a-mexico-y-rendira-tributo-a-ruben-fuentes\/","name":"Mocedades regresa a M\u00e9xico y rendir\u00e1 tributo a Rub\u00e9n Fuentes - Canal 7 SLP - 2019","isPartOf":{"@id":"https:\/\/canal7slp.tv\/2019\/#website"},"primaryImageOfPage":{"@id":"https:\/\/canal7slp.tv\/2019\/mocedades-regresa-a-mexico-y-rendira-tributo-a-ruben-fuentes\/#primaryimage"},"image":{"@id":"https:\/\/canal7slp.tv\/2019\/mocedades-regresa-a-mexico-y-rendira-tributo-a-ruben-fuentes\/#primaryimage"},"thumbnailUrl":"https:\/\/canal7slp.tv\/2019\/wp-content\/uploads\/2019\/05\/0427.jpg","datePublished":"2019-05-27T07:43:09+00:00","breadcrumb":{"@id":"https:\/\/canal7slp.tv\/2019\/mocedades-regresa-a-mexico-y-rendira-tributo-a-ruben-fuentes\/#breadcrumb"},"inLanguage":"es","potentialAction":[{"@type":"ReadAction","target":["https:\/\/canal7slp.tv\/2019\/mocedades-regresa-a-mexico-y-rendira-tributo-a-ruben-fuentes\/"]}]},{"@type":"ImageObject","inLanguage":"es","@id":"https:\/\/canal7slp.tv\/2019\/mocedades-regresa-a-mexico-y-rendira-tributo-a-ruben-fuentes\/#primaryimage","url":"https:\/\/canal7slp.tv\/2019\/wp-content\/uploads\/2019\/05\/0427.jpg","contentUrl":"https:\/\/canal7slp.tv\/2019\/wp-content\/uploads\/2019\/05\/0427.jpg","width":756,"height":410},{"@type":"BreadcrumbList","@id":"https:\/\/canal7slp.tv\/2019\/mocedades-regresa-a-mexico-y-rendira-tributo-a-ruben-fuentes\/#breadcrumb","itemListElement":[{"@type":"ListItem","position":1,"name":"Home","item":"https:\/\/canal7slp.tv\/2019\/"},{"@type":"ListItem","position":2,"name":"Mocedades regresa a M\u00e9xico y rendir\u00e1 tributo a Rub\u00e9n Fuentes"}]},{"@type":"WebSite","@id":"https:\/\/canal7slp.tv\/2019\/#website","url":"https:\/\/canal7slp.tv\/2019\/","name":"Canal 7 SLP - Somos TV","description":"Somos un Canal de 10","publisher":{"@id":"https:\/\/canal7slp.tv\/2019\/#organization"},"potentialAction":[{"@type":"SearchAction","target":{"@type":"EntryPoint","urlTemplate":"https:\/\/canal7slp.tv\/2019\/?s={search_term_string}"},"query-input":{"@type":"PropertyValueSpecification","valueRequired":true,"valueName":"search_term_string"}}],"inLanguage":"es"},{"@type":"Organization","@id":"https:\/\/canal7slp.tv\/2019\/#organization","name":"Comunicaci\u00f3n 2000 S.A. de C.V.","url":"https:\/\/canal7slp.tv\/2019\/","logo":{"@type":"ImageObject","inLanguage":"es","@id":"https:\/\/canal7slp.tv\/2019\/#\/schema\/logo\/image\/","url":"https:\/\/canal7slp.tv\/2019\/wp-content\/uploads\/2019\/07\/logo-c7.png","contentUrl":"https:\/\/canal7slp.tv\/2019\/wp-content\/uploads\/2019\/07\/logo-c7.png","width":220,"height":60,"caption":"Comunicaci\u00f3n 2000 S.A. de C.V."},"image":{"@id":"https:\/\/canal7slp.tv\/2019\/#\/schema\/logo\/image\/"},"sameAs":["https:\/\/www.facebook.com\/CANAL7SLP\/","https:\/\/x.com\/canal7_slp","https:\/\/www.instagram.com\/canal7_slp","https:\/\/www.youtube.com\/user\/NOTICIEROSCANAL7SLP\/"]},{"@type":"Person","@id":"https:\/\/canal7slp.tv\/2019\/#\/schema\/person\/11d941c1c6ca30ac0a46b95fa37aa2e3","name":"edicionweb","image":{"@type":"ImageObject","inLanguage":"es","@id":"https:\/\/secure.gravatar.com\/avatar\/eee448fc3f7164808013b816ba91ac7e43bbe82a70bebac296f8bc6f0addaa1a?s=96&d=mm&r=g","url":"https:\/\/secure.gravatar.com\/avatar\/eee448fc3f7164808013b816ba91ac7e43bbe82a70bebac296f8bc6f0addaa1a?s=96&d=mm&r=g","contentUrl":"https:\/\/secure.gravatar.com\/avatar\/eee448fc3f7164808013b816ba91ac7e43bbe82a70bebac296f8bc6f0addaa1a?s=96&d=mm&r=g","caption":"edicionweb"}}]}},"amp_enabled":true,"cmb2":{"video_ids_in_playlist":{"vid_p_videos":""},"video_ids_in_channel":{"vid_c_videos":""},"playlist_ids_in_channel":{"vid_c_playlists":""},"series_ids_in_channel":{"vid_c_series":""},"channel_images":{"vid_c_logo":"","vid_c_banner":""},"poster_feature_image":{"vid_m_poster_image":""},"gif_feature_image":{"vid_m_gif_image":""},"video_movie_settings":{"vid_m_director":"","vid_m_actor":"","vid_m_imdb_ratings":"","vid_m_amazon_associates":""},"vid_youtube_broadcasts_settings":{"vid_yb_broadcast_title":"","vid_yb_q":"","vid_yb_channelid":"","vid_yb_videocategoryid":"","vid_yb_maxresults":"","vid_yb_order":"","vid_yb_regioncode":"","vid_yb_videosyndicated":"","vid_yb_style":"","vid_yb_reload_first":""},"video_series_settings":{"vid_m_director":"","vid_m_actor":"","vid_m_imdb_ratings":"","video_series_group":""},"amazon_associates_settings":{"amazon_associates":"","amazon_native_ad":""},"vid_youtube_automatic_settings":{"vid_ya_youtube_source":"","vid_ya_update_every":"","vid_ya_update_unit":"","vid_ya_categories":"","vid_ya_published_after":"","vid_ya_published_before":"","vid_ya_playlists":"","vid_ya_channels":"","vid_ya_director":"","vid_ya_actor":"","vid_ya_author":"","vid_ya_import_post_date":"","vid_ya_status":"","vid_ya_sub_api_key":""},"vid_ads_m_videoads_settings_post":{"vid_ads_m_video_ads":"","vid_ads_m_video_ads_type":"","vid_ads_m_group_google_ima":"","vid_ads_m_group_image":"","vid_ads_m_group_html5_video":"","vid_ads_m_group_html":"","vid_ads_m_vast_preroll":"","vid_ads_m_vast_postroll":"","vid_ads_m_vast_pauseroll":"","vid_ads_m_vast_midroll":"","vid_ads_m_time_to_show_ads":"","vid_ads_m_time_skip_ads":"","vid_ads_m_time_to_hide_ads":""},"page_slider_settings":{"display_slider_group":"","page_slider_group":""},"blog_page_settings":{"blog_page_title":"","blog_page_heading":"","blog_page_ic":"","blog_page_it":"","blog_page_ec":"","blog_page_ip":"","archive_loop_style":"","blog_image_ratio":"","blog_show_categories":"","blog_show_excerpt":"","blog_show_author":"","blog_show_date":"","blog_show_comment_count":"","blog_show_view_count":"","blog_show_like_count":"","blog_show_dislike_count":"","blog_items_per_page":"","blog_pag_type":""},"page_options":{"get_page_template":"","color_mode":"","main_layout":"","main_layout_full_with":"","main_logo":"","main_logo_retina":"","main_logo_mobile":"","main_logo_mobile_retina":"","sticky_logo":"","sticky_logo_retina":"","main_nav_layout":"","ajax_search":"","header_background":"","theme_sidebar":"","instagram_feed":"","instagram_feed_position":"","popular_videos":"","popular_videos_title_1":"","popular_videos_title_2":"","popular_videos_ic":"","popular_videos_it":"","theme_background":"","page_custom_css":""},"feature_image_settings":{"feature_image_position":""},"video_player_settings":{"single_video_style":"","video_player_position":"","vm_video_url":"","video_player_library":"","video_streaming":"","vm_media_sources":"","vid_auto_play":"","vm_video_shortcode":"","vid_p_sync_playlist":"","vid_c_sync_channel":"","get_post_format":"","multiple_links_structure":"","multi_links_title":"","vm_video_multi_links":"","vm_duration":"","vid_social_locker":"","vid_social_locker_id":"","vid_membership_action":"","vm_video_trailer_url":"","vid_download_type":"","vid_download_target":"","vid_woo_product":"","vm_media_download":"","user_rating":"","user_rating_position":"","user_rating_mode":"","user_rating_multi_sets":""},"video_auto_fetch_settings":{"vm_video_fetch":""},"video_fake_views_likes":{"vm_fake_views":"","vm_fake_likes":"","vm_fake_dislikes":""},"gallery_settings":{"gallery_position":""},"quote_settings":{"quote_position":""},"post_options":{"main_layout":"","main_logo":"","main_logo_retina":"","main_logo_mobile":"","main_logo_mobile_retina":"","sticky_logo":"","sticky_logo_retina":"","main_nav_layout":"","header_background":"","theme_sidebar":"","single_post_comment_type":"","theme_background":""}},"_links":{"self":[{"href":"https:\/\/canal7slp.tv\/2019\/wp-json\/wp\/v2\/posts\/4733","targetHints":{"allow":["GET"]}}],"collection":[{"href":"https:\/\/canal7slp.tv\/2019\/wp-json\/wp\/v2\/posts"}],"about":[{"href":"https:\/\/canal7slp.tv\/2019\/wp-json\/wp\/v2\/types\/post"}],"author":[{"embeddable":true,"href":"https:\/\/canal7slp.tv\/2019\/wp-json\/wp\/v2\/users\/2"}],"replies":[{"embeddable":true,"href":"https:\/\/canal7slp.tv\/2019\/wp-json\/wp\/v2\/comments?post=4733"}],"version-history":[{"count":0,"href":"https:\/\/canal7slp.tv\/2019\/wp-json\/wp\/v2\/posts\/4733\/revisions"}],"wp:featuredmedia":[{"embeddable":true,"href":"https:\/\/canal7slp.tv\/2019\/wp-json\/wp\/v2\/media\/4734"}],"wp:attachment":[{"href":"https:\/\/canal7slp.tv\/2019\/wp-json\/wp\/v2\/media?parent=4733"}],"wp:term":[{"taxonomy":"category","embeddable":true,"href":"https:\/\/canal7slp.tv\/2019\/wp-json\/wp\/v2\/categories?post=4733"},{"taxonomy":"post_tag","embeddable":true,"href":"https:\/\/canal7slp.tv\/2019\/wp-json\/wp\/v2\/tags?post=4733"}],"curies":[{"name":"wp","href":"https:\/\/api.w.org\/{rel}","templated":true}]}}