{"id":4710,"date":"2019-05-27T02:19:56","date_gmt":"2019-05-27T07:19:56","guid":{"rendered":"https:\/\/canal7slp.tv\/2019\/2019\/05\/un-joven-fue-detenido-por-agentes-de-la-fge-acusado-por-probables-lesiones-calificadas\/"},"modified":"2019-05-27T02:19:56","modified_gmt":"2019-05-27T07:19:56","slug":"un-joven-fue-detenido-por-agentes-de-la-fge-acusado-por-probables-lesiones-calificadas","status":"publish","type":"post","link":"https:\/\/canal7slp.tv\/2019\/un-joven-fue-detenido-por-agentes-de-la-fge-acusado-por-probables-lesiones-calificadas\/","title":{"rendered":"Un joven fue detenido por agentes de la FGE acusado por probables lesiones calificadas"},"content":{"rendered":"<p> [ad_1]<br \/>\n<\/p>\n<p style=\"text-align: justify\">\u2022 Al intentar defender a un familiar en una ri\u00f1a, lesion\u00f3 con arma de fuego a dos mujeres<\/p>\n<p style=\"text-align: justify\">Villa de Reyes. &#8211; Por el probable delito de lesiones calificadas, un joven de 19 a\u00f1os de edad fue capturado en Villa de Reyes por agentes investigadores de la Fiscal\u00eda General del Estado de San Luis Potos\u00ed (FGESLP), poni\u00e9ndolo a disposici\u00f3n del juez que lo requiere para dar inicio a su proceso legal.<\/p>\n<p style=\"text-align: justify\">La afectada refiri\u00f3 que el 4 de febrero del 2018, aproximadamente las 23:20 horas, se encontraba en el interior de su domicilio ubicado en la localidad Ojo de Gato, en el municipio indicado, cuando escuch\u00f3 gritos e insultos en el exterior, por lo que sali\u00f3 a ver lo que pasaba y se dio cuenta que su esposo discut\u00eda con una persona que portaba un machete en la mano.<\/p>\n<p style=\"text-align: justify\">Cuando estaban a punto de llegar a los golpes, ella trat\u00f3 de disuadir a su pareja y lo mismo hizo la hermana de la persona con la que estaba discutiendo, pero en ese momento sali\u00f3 Juan \u201cN\u201d, sobrino de su esposo, con un arma de fuego en la mano.<\/p>\n<p style=\"text-align: justify\">Debido a que el joven le apunaba al rival de su t\u00edo, el hombre trat\u00f3 de quitarle el arma y fue cuando el indiciado comenz\u00f3 a disparar, lesionando a las dos mujeres, siendo las dos trasladadas al Hospital Central de San Luis Potos\u00ed a recibir atenci\u00f3n m\u00e9dica.<\/p>\n<p style=\"text-align: justify\">Cabe se\u00f1alar que adem\u00e1s de la orden de aprehensi\u00f3n que se le cumpliment\u00f3 ahora por el delito de lesiones calificadas, tambi\u00e9n se inici\u00f3 una carpeta de investigaci\u00f3n en contra de Juan \u201cN\u201d, por el delito de homicidio, ya que la otra mujer falleci\u00f3 por las lesiones que le provoc\u00f3.<\/p>\n<p>La entrada <a rel=\"nofollow\" href=\"http:\/\/canal7slp.com\/un-joven-fue-detenido-por-agentes-de-la-fge-acusado-por-probables-lesiones-calificadas\/\">Un joven fue detenido por agentes de la FGE acusado por probables lesiones calificadas<\/a> aparece primero en <a rel=\"nofollow\" href=\"http:\/\/canal7slp.com\">Canal Siete XHSLV | Televisi\u00f3n de San Luis Potos\u00ed<\/a>.<\/p>\n<p>[ad_2]<br \/>\n<br \/><a href=\"http:\/\/canal7slp.com\/un-joven-fue-detenido-por-agentes-de-la-fge-acusado-por-probables-lesiones-calificadas\/\">Source link <\/a><\/p>\n","protected":false},"excerpt":{"rendered":"<p>[ad_1] \u2022 Al intentar defender a un familiar en una ri\u00f1a, lesion\u00f3 con arma de fuego a dos mujeres Villa de Reyes. &#8211; Por el probable delito de lesiones calificadas, un joven de 19 a\u00f1os de edad fue capturado en Villa de Reyes por agentes investigadores de la Fiscal\u00eda General del Estado de San Luis [&hellip;]<\/p>\n","protected":false},"author":2,"featured_media":4711,"comment_status":"open","ping_status":"open","sticky":false,"template":"","format":"standard","meta":{"footnotes":""},"categories":[28],"tags":[],"class_list":["post-4710","post","type-post","status-publish","format-standard","has-post-thumbnail","hentry","category-interior"],"yoast_head":"<!-- This site is optimized with the Yoast SEO plugin v27.4 - https:\/\/yoast.com\/product\/yoast-seo-wordpress\/ -->\n<title>Un joven fue detenido por agentes de la FGE acusado por probables lesiones calificadas - Canal 7 SLP - 2019<\/title>\n<meta name=\"robots\" content=\"index, follow, max-snippet:-1, max-image-preview:large, max-video-preview:-1\" \/>\n<link rel=\"canonical\" href=\"https:\/\/canal7slp.tv\/2019\/un-joven-fue-detenido-por-agentes-de-la-fge-acusado-por-probables-lesiones-calificadas\/\" \/>\n<meta property=\"og:locale\" content=\"es_ES\" \/>\n<meta property=\"og:type\" content=\"article\" \/>\n<meta property=\"og:title\" content=\"Un joven fue detenido por agentes de la FGE acusado por probables lesiones calificadas - Canal 7 SLP - 2019\" \/>\n<meta property=\"og:description\" content=\"[ad_1] \u2022 Al intentar defender a un familiar en una ri\u00f1a, lesion\u00f3 con arma de fuego a dos mujeres Villa de Reyes. &#8211; Por el probable delito de lesiones calificadas, un joven de 19 a\u00f1os de edad fue capturado en Villa de Reyes por agentes investigadores de la Fiscal\u00eda General del Estado de San Luis [&hellip;]\" \/>\n<meta property=\"og:url\" content=\"https:\/\/canal7slp.tv\/2019\/un-joven-fue-detenido-por-agentes-de-la-fge-acusado-por-probables-lesiones-calificadas\/\" \/>\n<meta property=\"og:site_name\" content=\"Canal 7 SLP - 2019\" \/>\n<meta property=\"article:publisher\" content=\"https:\/\/www.facebook.com\/CANAL7SLP\/\" \/>\n<meta property=\"article:published_time\" content=\"2019-05-27T07:19:56+00:00\" \/>\n<meta property=\"og:image\" content=\"https:\/\/canal7slp.tv\/2019\/wp-content\/uploads\/2019\/05\/detenido25.jpg\" \/>\n\t<meta property=\"og:image:width\" content=\"447\" \/>\n\t<meta property=\"og:image:height\" content=\"558\" \/>\n\t<meta property=\"og:image:type\" content=\"image\/jpeg\" \/>\n<meta name=\"author\" content=\"edicionweb\" \/>\n<meta name=\"twitter:card\" content=\"summary_large_image\" \/>\n<meta name=\"twitter:creator\" content=\"@canal7_slp\" \/>\n<meta name=\"twitter:site\" content=\"@canal7_slp\" \/>\n<meta name=\"twitter:label1\" content=\"Escrito por\" \/>\n\t<meta name=\"twitter:data1\" content=\"edicionweb\" \/>\n\t<meta name=\"twitter:label2\" content=\"Tiempo de lectura\" \/>\n\t<meta name=\"twitter:data2\" content=\"2 minutos\" \/>\n<script type=\"application\/ld+json\" class=\"yoast-schema-graph\">{\"@context\":\"https:\\\/\\\/schema.org\",\"@graph\":[{\"@type\":\"Article\",\"@id\":\"https:\\\/\\\/canal7slp.tv\\\/2019\\\/un-joven-fue-detenido-por-agentes-de-la-fge-acusado-por-probables-lesiones-calificadas\\\/#article\",\"isPartOf\":{\"@id\":\"https:\\\/\\\/canal7slp.tv\\\/2019\\\/un-joven-fue-detenido-por-agentes-de-la-fge-acusado-por-probables-lesiones-calificadas\\\/\"},\"author\":{\"name\":\"edicionweb\",\"@id\":\"https:\\\/\\\/canal7slp.tv\\\/2019\\\/#\\\/schema\\\/person\\\/11d941c1c6ca30ac0a46b95fa37aa2e3\"},\"headline\":\"Un joven fue detenido por agentes de la FGE acusado por probables lesiones calificadas\",\"datePublished\":\"2019-05-27T07:19:56+00:00\",\"mainEntityOfPage\":{\"@id\":\"https:\\\/\\\/canal7slp.tv\\\/2019\\\/un-joven-fue-detenido-por-agentes-de-la-fge-acusado-por-probables-lesiones-calificadas\\\/\"},\"wordCount\":338,\"commentCount\":0,\"publisher\":{\"@id\":\"https:\\\/\\\/canal7slp.tv\\\/2019\\\/#organization\"},\"image\":{\"@id\":\"https:\\\/\\\/canal7slp.tv\\\/2019\\\/un-joven-fue-detenido-por-agentes-de-la-fge-acusado-por-probables-lesiones-calificadas\\\/#primaryimage\"},\"thumbnailUrl\":\"https:\\\/\\\/canal7slp.tv\\\/2019\\\/wp-content\\\/uploads\\\/2019\\\/05\\\/detenido25.jpg\",\"articleSection\":[\"INTERIOR DEL ESTADO\"],\"inLanguage\":\"es\",\"potentialAction\":[{\"@type\":\"CommentAction\",\"name\":\"Comment\",\"target\":[\"https:\\\/\\\/canal7slp.tv\\\/2019\\\/un-joven-fue-detenido-por-agentes-de-la-fge-acusado-por-probables-lesiones-calificadas\\\/#respond\"]}]},{\"@type\":\"WebPage\",\"@id\":\"https:\\\/\\\/canal7slp.tv\\\/2019\\\/un-joven-fue-detenido-por-agentes-de-la-fge-acusado-por-probables-lesiones-calificadas\\\/\",\"url\":\"https:\\\/\\\/canal7slp.tv\\\/2019\\\/un-joven-fue-detenido-por-agentes-de-la-fge-acusado-por-probables-lesiones-calificadas\\\/\",\"name\":\"Un joven fue detenido por agentes de la FGE acusado por probables lesiones calificadas - Canal 7 SLP - 2019\",\"isPartOf\":{\"@id\":\"https:\\\/\\\/canal7slp.tv\\\/2019\\\/#website\"},\"primaryImageOfPage\":{\"@id\":\"https:\\\/\\\/canal7slp.tv\\\/2019\\\/un-joven-fue-detenido-por-agentes-de-la-fge-acusado-por-probables-lesiones-calificadas\\\/#primaryimage\"},\"image\":{\"@id\":\"https:\\\/\\\/canal7slp.tv\\\/2019\\\/un-joven-fue-detenido-por-agentes-de-la-fge-acusado-por-probables-lesiones-calificadas\\\/#primaryimage\"},\"thumbnailUrl\":\"https:\\\/\\\/canal7slp.tv\\\/2019\\\/wp-content\\\/uploads\\\/2019\\\/05\\\/detenido25.jpg\",\"datePublished\":\"2019-05-27T07:19:56+00:00\",\"breadcrumb\":{\"@id\":\"https:\\\/\\\/canal7slp.tv\\\/2019\\\/un-joven-fue-detenido-por-agentes-de-la-fge-acusado-por-probables-lesiones-calificadas\\\/#breadcrumb\"},\"inLanguage\":\"es\",\"potentialAction\":[{\"@type\":\"ReadAction\",\"target\":[\"https:\\\/\\\/canal7slp.tv\\\/2019\\\/un-joven-fue-detenido-por-agentes-de-la-fge-acusado-por-probables-lesiones-calificadas\\\/\"]}]},{\"@type\":\"ImageObject\",\"inLanguage\":\"es\",\"@id\":\"https:\\\/\\\/canal7slp.tv\\\/2019\\\/un-joven-fue-detenido-por-agentes-de-la-fge-acusado-por-probables-lesiones-calificadas\\\/#primaryimage\",\"url\":\"https:\\\/\\\/canal7slp.tv\\\/2019\\\/wp-content\\\/uploads\\\/2019\\\/05\\\/detenido25.jpg\",\"contentUrl\":\"https:\\\/\\\/canal7slp.tv\\\/2019\\\/wp-content\\\/uploads\\\/2019\\\/05\\\/detenido25.jpg\",\"width\":447,\"height\":558},{\"@type\":\"BreadcrumbList\",\"@id\":\"https:\\\/\\\/canal7slp.tv\\\/2019\\\/un-joven-fue-detenido-por-agentes-de-la-fge-acusado-por-probables-lesiones-calificadas\\\/#breadcrumb\",\"itemListElement\":[{\"@type\":\"ListItem\",\"position\":1,\"name\":\"Home\",\"item\":\"https:\\\/\\\/canal7slp.tv\\\/2019\\\/\"},{\"@type\":\"ListItem\",\"position\":2,\"name\":\"Un joven fue detenido por agentes de la FGE acusado por probables lesiones calificadas\"}]},{\"@type\":\"WebSite\",\"@id\":\"https:\\\/\\\/canal7slp.tv\\\/2019\\\/#website\",\"url\":\"https:\\\/\\\/canal7slp.tv\\\/2019\\\/\",\"name\":\"Canal 7 SLP - Somos TV\",\"description\":\"Somos un Canal de 10\",\"publisher\":{\"@id\":\"https:\\\/\\\/canal7slp.tv\\\/2019\\\/#organization\"},\"potentialAction\":[{\"@type\":\"SearchAction\",\"target\":{\"@type\":\"EntryPoint\",\"urlTemplate\":\"https:\\\/\\\/canal7slp.tv\\\/2019\\\/?s={search_term_string}\"},\"query-input\":{\"@type\":\"PropertyValueSpecification\",\"valueRequired\":true,\"valueName\":\"search_term_string\"}}],\"inLanguage\":\"es\"},{\"@type\":\"Organization\",\"@id\":\"https:\\\/\\\/canal7slp.tv\\\/2019\\\/#organization\",\"name\":\"Comunicaci\u00f3n 2000 S.A. de C.V.\",\"url\":\"https:\\\/\\\/canal7slp.tv\\\/2019\\\/\",\"logo\":{\"@type\":\"ImageObject\",\"inLanguage\":\"es\",\"@id\":\"https:\\\/\\\/canal7slp.tv\\\/2019\\\/#\\\/schema\\\/logo\\\/image\\\/\",\"url\":\"https:\\\/\\\/canal7slp.tv\\\/2019\\\/wp-content\\\/uploads\\\/2019\\\/07\\\/logo-c7.png\",\"contentUrl\":\"https:\\\/\\\/canal7slp.tv\\\/2019\\\/wp-content\\\/uploads\\\/2019\\\/07\\\/logo-c7.png\",\"width\":220,\"height\":60,\"caption\":\"Comunicaci\u00f3n 2000 S.A. de C.V.\"},\"image\":{\"@id\":\"https:\\\/\\\/canal7slp.tv\\\/2019\\\/#\\\/schema\\\/logo\\\/image\\\/\"},\"sameAs\":[\"https:\\\/\\\/www.facebook.com\\\/CANAL7SLP\\\/\",\"https:\\\/\\\/x.com\\\/canal7_slp\",\"https:\\\/\\\/www.instagram.com\\\/canal7_slp\",\"https:\\\/\\\/www.youtube.com\\\/user\\\/NOTICIEROSCANAL7SLP\\\/\"]},{\"@type\":\"Person\",\"@id\":\"https:\\\/\\\/canal7slp.tv\\\/2019\\\/#\\\/schema\\\/person\\\/11d941c1c6ca30ac0a46b95fa37aa2e3\",\"name\":\"edicionweb\",\"image\":{\"@type\":\"ImageObject\",\"inLanguage\":\"es\",\"@id\":\"https:\\\/\\\/secure.gravatar.com\\\/avatar\\\/eee448fc3f7164808013b816ba91ac7e43bbe82a70bebac296f8bc6f0addaa1a?s=96&d=mm&r=g\",\"url\":\"https:\\\/\\\/secure.gravatar.com\\\/avatar\\\/eee448fc3f7164808013b816ba91ac7e43bbe82a70bebac296f8bc6f0addaa1a?s=96&d=mm&r=g\",\"contentUrl\":\"https:\\\/\\\/secure.gravatar.com\\\/avatar\\\/eee448fc3f7164808013b816ba91ac7e43bbe82a70bebac296f8bc6f0addaa1a?s=96&d=mm&r=g\",\"caption\":\"edicionweb\"}}]}<\/script>\n<!-- \/ Yoast SEO plugin. -->","yoast_head_json":{"title":"Un joven fue detenido por agentes de la FGE acusado por probables lesiones calificadas - Canal 7 SLP - 2019","robots":{"index":"index","follow":"follow","max-snippet":"max-snippet:-1","max-image-preview":"max-image-preview:large","max-video-preview":"max-video-preview:-1"},"canonical":"https:\/\/canal7slp.tv\/2019\/un-joven-fue-detenido-por-agentes-de-la-fge-acusado-por-probables-lesiones-calificadas\/","og_locale":"es_ES","og_type":"article","og_title":"Un joven fue detenido por agentes de la FGE acusado por probables lesiones calificadas - Canal 7 SLP - 2019","og_description":"[ad_1] \u2022 Al intentar defender a un familiar en una ri\u00f1a, lesion\u00f3 con arma de fuego a dos mujeres Villa de Reyes. &#8211; Por el probable delito de lesiones calificadas, un joven de 19 a\u00f1os de edad fue capturado en Villa de Reyes por agentes investigadores de la Fiscal\u00eda General del Estado de San Luis [&hellip;]","og_url":"https:\/\/canal7slp.tv\/2019\/un-joven-fue-detenido-por-agentes-de-la-fge-acusado-por-probables-lesiones-calificadas\/","og_site_name":"Canal 7 SLP - 2019","article_publisher":"https:\/\/www.facebook.com\/CANAL7SLP\/","article_published_time":"2019-05-27T07:19:56+00:00","og_image":[{"width":447,"height":558,"url":"https:\/\/canal7slp.tv\/2019\/wp-content\/uploads\/2019\/05\/detenido25.jpg","type":"image\/jpeg"}],"author":"edicionweb","twitter_card":"summary_large_image","twitter_creator":"@canal7_slp","twitter_site":"@canal7_slp","twitter_misc":{"Escrito por":"edicionweb","Tiempo de lectura":"2 minutos"},"schema":{"@context":"https:\/\/schema.org","@graph":[{"@type":"Article","@id":"https:\/\/canal7slp.tv\/2019\/un-joven-fue-detenido-por-agentes-de-la-fge-acusado-por-probables-lesiones-calificadas\/#article","isPartOf":{"@id":"https:\/\/canal7slp.tv\/2019\/un-joven-fue-detenido-por-agentes-de-la-fge-acusado-por-probables-lesiones-calificadas\/"},"author":{"name":"edicionweb","@id":"https:\/\/canal7slp.tv\/2019\/#\/schema\/person\/11d941c1c6ca30ac0a46b95fa37aa2e3"},"headline":"Un joven fue detenido por agentes de la FGE acusado por probables lesiones calificadas","datePublished":"2019-05-27T07:19:56+00:00","mainEntityOfPage":{"@id":"https:\/\/canal7slp.tv\/2019\/un-joven-fue-detenido-por-agentes-de-la-fge-acusado-por-probables-lesiones-calificadas\/"},"wordCount":338,"commentCount":0,"publisher":{"@id":"https:\/\/canal7slp.tv\/2019\/#organization"},"image":{"@id":"https:\/\/canal7slp.tv\/2019\/un-joven-fue-detenido-por-agentes-de-la-fge-acusado-por-probables-lesiones-calificadas\/#primaryimage"},"thumbnailUrl":"https:\/\/canal7slp.tv\/2019\/wp-content\/uploads\/2019\/05\/detenido25.jpg","articleSection":["INTERIOR DEL ESTADO"],"inLanguage":"es","potentialAction":[{"@type":"CommentAction","name":"Comment","target":["https:\/\/canal7slp.tv\/2019\/un-joven-fue-detenido-por-agentes-de-la-fge-acusado-por-probables-lesiones-calificadas\/#respond"]}]},{"@type":"WebPage","@id":"https:\/\/canal7slp.tv\/2019\/un-joven-fue-detenido-por-agentes-de-la-fge-acusado-por-probables-lesiones-calificadas\/","url":"https:\/\/canal7slp.tv\/2019\/un-joven-fue-detenido-por-agentes-de-la-fge-acusado-por-probables-lesiones-calificadas\/","name":"Un joven fue detenido por agentes de la FGE acusado por probables lesiones calificadas - Canal 7 SLP - 2019","isPartOf":{"@id":"https:\/\/canal7slp.tv\/2019\/#website"},"primaryImageOfPage":{"@id":"https:\/\/canal7slp.tv\/2019\/un-joven-fue-detenido-por-agentes-de-la-fge-acusado-por-probables-lesiones-calificadas\/#primaryimage"},"image":{"@id":"https:\/\/canal7slp.tv\/2019\/un-joven-fue-detenido-por-agentes-de-la-fge-acusado-por-probables-lesiones-calificadas\/#primaryimage"},"thumbnailUrl":"https:\/\/canal7slp.tv\/2019\/wp-content\/uploads\/2019\/05\/detenido25.jpg","datePublished":"2019-05-27T07:19:56+00:00","breadcrumb":{"@id":"https:\/\/canal7slp.tv\/2019\/un-joven-fue-detenido-por-agentes-de-la-fge-acusado-por-probables-lesiones-calificadas\/#breadcrumb"},"inLanguage":"es","potentialAction":[{"@type":"ReadAction","target":["https:\/\/canal7slp.tv\/2019\/un-joven-fue-detenido-por-agentes-de-la-fge-acusado-por-probables-lesiones-calificadas\/"]}]},{"@type":"ImageObject","inLanguage":"es","@id":"https:\/\/canal7slp.tv\/2019\/un-joven-fue-detenido-por-agentes-de-la-fge-acusado-por-probables-lesiones-calificadas\/#primaryimage","url":"https:\/\/canal7slp.tv\/2019\/wp-content\/uploads\/2019\/05\/detenido25.jpg","contentUrl":"https:\/\/canal7slp.tv\/2019\/wp-content\/uploads\/2019\/05\/detenido25.jpg","width":447,"height":558},{"@type":"BreadcrumbList","@id":"https:\/\/canal7slp.tv\/2019\/un-joven-fue-detenido-por-agentes-de-la-fge-acusado-por-probables-lesiones-calificadas\/#breadcrumb","itemListElement":[{"@type":"ListItem","position":1,"name":"Home","item":"https:\/\/canal7slp.tv\/2019\/"},{"@type":"ListItem","position":2,"name":"Un joven fue detenido por agentes de la FGE acusado por probables lesiones calificadas"}]},{"@type":"WebSite","@id":"https:\/\/canal7slp.tv\/2019\/#website","url":"https:\/\/canal7slp.tv\/2019\/","name":"Canal 7 SLP - Somos TV","description":"Somos un Canal de 10","publisher":{"@id":"https:\/\/canal7slp.tv\/2019\/#organization"},"potentialAction":[{"@type":"SearchAction","target":{"@type":"EntryPoint","urlTemplate":"https:\/\/canal7slp.tv\/2019\/?s={search_term_string}"},"query-input":{"@type":"PropertyValueSpecification","valueRequired":true,"valueName":"search_term_string"}}],"inLanguage":"es"},{"@type":"Organization","@id":"https:\/\/canal7slp.tv\/2019\/#organization","name":"Comunicaci\u00f3n 2000 S.A. de C.V.","url":"https:\/\/canal7slp.tv\/2019\/","logo":{"@type":"ImageObject","inLanguage":"es","@id":"https:\/\/canal7slp.tv\/2019\/#\/schema\/logo\/image\/","url":"https:\/\/canal7slp.tv\/2019\/wp-content\/uploads\/2019\/07\/logo-c7.png","contentUrl":"https:\/\/canal7slp.tv\/2019\/wp-content\/uploads\/2019\/07\/logo-c7.png","width":220,"height":60,"caption":"Comunicaci\u00f3n 2000 S.A. de C.V."},"image":{"@id":"https:\/\/canal7slp.tv\/2019\/#\/schema\/logo\/image\/"},"sameAs":["https:\/\/www.facebook.com\/CANAL7SLP\/","https:\/\/x.com\/canal7_slp","https:\/\/www.instagram.com\/canal7_slp","https:\/\/www.youtube.com\/user\/NOTICIEROSCANAL7SLP\/"]},{"@type":"Person","@id":"https:\/\/canal7slp.tv\/2019\/#\/schema\/person\/11d941c1c6ca30ac0a46b95fa37aa2e3","name":"edicionweb","image":{"@type":"ImageObject","inLanguage":"es","@id":"https:\/\/secure.gravatar.com\/avatar\/eee448fc3f7164808013b816ba91ac7e43bbe82a70bebac296f8bc6f0addaa1a?s=96&d=mm&r=g","url":"https:\/\/secure.gravatar.com\/avatar\/eee448fc3f7164808013b816ba91ac7e43bbe82a70bebac296f8bc6f0addaa1a?s=96&d=mm&r=g","contentUrl":"https:\/\/secure.gravatar.com\/avatar\/eee448fc3f7164808013b816ba91ac7e43bbe82a70bebac296f8bc6f0addaa1a?s=96&d=mm&r=g","caption":"edicionweb"}}]}},"amp_enabled":true,"cmb2":{"video_ids_in_playlist":{"vid_p_videos":""},"video_ids_in_channel":{"vid_c_videos":""},"playlist_ids_in_channel":{"vid_c_playlists":""},"series_ids_in_channel":{"vid_c_series":""},"channel_images":{"vid_c_logo":"","vid_c_banner":""},"poster_feature_image":{"vid_m_poster_image":""},"gif_feature_image":{"vid_m_gif_image":""},"video_movie_settings":{"vid_m_director":"","vid_m_actor":"","vid_m_imdb_ratings":"","vid_m_amazon_associates":""},"vid_youtube_broadcasts_settings":{"vid_yb_broadcast_title":"","vid_yb_q":"","vid_yb_channelid":"","vid_yb_videocategoryid":"","vid_yb_maxresults":"","vid_yb_order":"","vid_yb_regioncode":"","vid_yb_videosyndicated":"","vid_yb_style":"","vid_yb_reload_first":""},"video_series_settings":{"vid_m_director":"","vid_m_actor":"","vid_m_imdb_ratings":"","video_series_group":""},"amazon_associates_settings":{"amazon_associates":"","amazon_native_ad":""},"vid_youtube_automatic_settings":{"vid_ya_youtube_source":"","vid_ya_update_every":"","vid_ya_update_unit":"","vid_ya_categories":"","vid_ya_published_after":"","vid_ya_published_before":"","vid_ya_playlists":"","vid_ya_channels":"","vid_ya_director":"","vid_ya_actor":"","vid_ya_author":"","vid_ya_import_post_date":"","vid_ya_status":"","vid_ya_sub_api_key":""},"vid_ads_m_videoads_settings_post":{"vid_ads_m_video_ads":"","vid_ads_m_video_ads_type":"","vid_ads_m_group_google_ima":"","vid_ads_m_group_image":"","vid_ads_m_group_html5_video":"","vid_ads_m_group_html":"","vid_ads_m_vast_preroll":"","vid_ads_m_vast_postroll":"","vid_ads_m_vast_pauseroll":"","vid_ads_m_vast_midroll":"","vid_ads_m_time_to_show_ads":"","vid_ads_m_time_skip_ads":"","vid_ads_m_time_to_hide_ads":""},"page_slider_settings":{"display_slider_group":"","page_slider_group":""},"blog_page_settings":{"blog_page_title":"","blog_page_heading":"","blog_page_ic":"","blog_page_it":"","blog_page_ec":"","blog_page_ip":"","archive_loop_style":"","blog_image_ratio":"","blog_show_categories":"","blog_show_excerpt":"","blog_show_author":"","blog_show_date":"","blog_show_comment_count":"","blog_show_view_count":"","blog_show_like_count":"","blog_show_dislike_count":"","blog_items_per_page":"","blog_pag_type":""},"page_options":{"get_page_template":"","color_mode":"","main_layout":"","main_layout_full_with":"","main_logo":"","main_logo_retina":"","main_logo_mobile":"","main_logo_mobile_retina":"","sticky_logo":"","sticky_logo_retina":"","main_nav_layout":"","ajax_search":"","header_background":"","theme_sidebar":"","instagram_feed":"","instagram_feed_position":"","popular_videos":"","popular_videos_title_1":"","popular_videos_title_2":"","popular_videos_ic":"","popular_videos_it":"","theme_background":"","page_custom_css":""},"feature_image_settings":{"feature_image_position":""},"video_player_settings":{"single_video_style":"","video_player_position":"","vm_video_url":"","video_player_library":"","video_streaming":"","vm_media_sources":"","vid_auto_play":"","vm_video_shortcode":"","vid_p_sync_playlist":"","vid_c_sync_channel":"","get_post_format":"","multiple_links_structure":"","multi_links_title":"","vm_video_multi_links":"","vm_duration":"","vid_social_locker":"","vid_social_locker_id":"","vid_membership_action":"","vm_video_trailer_url":"","vid_download_type":"","vid_download_target":"","vid_woo_product":"","vm_media_download":"","user_rating":"","user_rating_position":"","user_rating_mode":"","user_rating_multi_sets":""},"video_auto_fetch_settings":{"vm_video_fetch":""},"video_fake_views_likes":{"vm_fake_views":"","vm_fake_likes":"","vm_fake_dislikes":""},"gallery_settings":{"gallery_position":""},"quote_settings":{"quote_position":""},"post_options":{"main_layout":"","main_logo":"","main_logo_retina":"","main_logo_mobile":"","main_logo_mobile_retina":"","sticky_logo":"","sticky_logo_retina":"","main_nav_layout":"","header_background":"","theme_sidebar":"","single_post_comment_type":"","theme_background":""}},"_links":{"self":[{"href":"https:\/\/canal7slp.tv\/2019\/wp-json\/wp\/v2\/posts\/4710","targetHints":{"allow":["GET"]}}],"collection":[{"href":"https:\/\/canal7slp.tv\/2019\/wp-json\/wp\/v2\/posts"}],"about":[{"href":"https:\/\/canal7slp.tv\/2019\/wp-json\/wp\/v2\/types\/post"}],"author":[{"embeddable":true,"href":"https:\/\/canal7slp.tv\/2019\/wp-json\/wp\/v2\/users\/2"}],"replies":[{"embeddable":true,"href":"https:\/\/canal7slp.tv\/2019\/wp-json\/wp\/v2\/comments?post=4710"}],"version-history":[{"count":0,"href":"https:\/\/canal7slp.tv\/2019\/wp-json\/wp\/v2\/posts\/4710\/revisions"}],"wp:featuredmedia":[{"embeddable":true,"href":"https:\/\/canal7slp.tv\/2019\/wp-json\/wp\/v2\/media\/4711"}],"wp:attachment":[{"href":"https:\/\/canal7slp.tv\/2019\/wp-json\/wp\/v2\/media?parent=4710"}],"wp:term":[{"taxonomy":"category","embeddable":true,"href":"https:\/\/canal7slp.tv\/2019\/wp-json\/wp\/v2\/categories?post=4710"},{"taxonomy":"post_tag","embeddable":true,"href":"https:\/\/canal7slp.tv\/2019\/wp-json\/wp\/v2\/tags?post=4710"}],"curies":[{"name":"wp","href":"https:\/\/api.w.org\/{rel}","templated":true}]}}