{"id":46929,"date":"2019-08-09T08:14:18","date_gmt":"2019-08-09T13:14:18","guid":{"rendered":"https:\/\/canal7slp.tv\/2019\/?p=46929"},"modified":"2019-08-09T08:14:18","modified_gmt":"2019-08-09T13:14:18","slug":"surge-conflicto-en-frontera-venezuela-colombia-por-grupos-armados","status":"publish","type":"post","link":"https:\/\/canal7slp.tv\/2019\/surge-conflicto-en-frontera-venezuela-colombia-por-grupos-armados\/","title":{"rendered":"Surge conflicto en frontera Venezuela-Colombia por grupos armados"},"content":{"rendered":"<p style=\"text-align: justify;\">Nueva York.- Human Rights Watch (HRW) denunci\u00f3 que grupos armados cometen abusos aberrantes -trata de personas, reclutamiento de ni\u00f1os soldado o cr\u00edmenes sexuales- contra los civiles colombianos y venezolanos en su disputa por el control territorial en la regi\u00f3n de Catatumbo, noreste de Colombia.<\/p>\n<p style=\"text-align: justify;\">En su informe publicado\u00a0la v\u00edspera y titulado \u201cLa guerra en el Catatumbo: Abusos de grupos armados contra civiles colombianos y venezolanos en el noreste de Colombia\u201d, la organizaci\u00f3n documenta asesinatos, desapariciones, cr\u00edmenes de violencia sexual, reclutamiento de ni\u00f1os como soldados y desplazamiento forzado.<\/p>\n<p style=\"text-align: justify;\">Todo esto cometido por el Ej\u00e9rcito de Liberaci\u00f3n Nacional (ELN), remanentes del rebelde Ej\u00e9rcito Popular de Liberaci\u00f3n (EPL) y un grupo disidente que surgi\u00f3 de las Fuerzas Armadas Revolucionarias de Colombia (FARC).<\/p>\n<p style=\"text-align: justify;\">Los grupos armados intentan controlar a la poblaci\u00f3n a trav\u00e9s de amenazas, incluso contra l\u00edderes sociales y defensores de derechos humanos, varios de los cuales han sido asesinados.<\/p>\n<p style=\"text-align: justify;\">El director para las Am\u00e9ricas de HRW, Jos\u00e9 Miguel Vivanco, indic\u00f3 que mientras los grupos armados se disputan el vac\u00edo que dejaron las FARC en Catatumbo, cientos de civiles han quedado en medio de un conflicto brutal, en referencia a las luchas de poder entre el ELN, EPL y fuerzas disidentes de las extintas FARC.<\/p>\n<p style=\"text-align: justify;\">Se\u00f1al\u00f3 que alrededor de 25 mil venezolanos que viven en Catatumbo, una subregi\u00f3n colombiana ubicada en el noreste del departamento de Norte de Santander, est\u00e1n atrapados en una encrucijada entre la guerra en Colombia y la desesperaci\u00f3n por salir de la emergencia humanitaria en su pa\u00eds.<\/p>\n<p style=\"text-align: justify;\">En abril de 2019, HRW inici\u00f3 una investigaci\u00f3n en Catatumbo en la que se recogieron testimonios de m\u00e1s de 80 personas, incluidas v\u00edctimas, l\u00edderes sociales, representantes eclesi\u00e1sticos, funcionarios de derechos humanos, autoridades locales, funcionarios judiciales y miembros de organizaciones humanitarias.<\/p>\n<p style=\"text-align: justify;\">De acuerdo con lo investigado, la violencia y los abusos han aumentado en el Catatumbo desde que las FARC se desmovilizaron en 2017 como parte de su acuerdo de paz con el gobierno.<\/p>\n<p style=\"text-align: justify;\">Las autoridades colombianas no han tomado medidas adecuadas para cumplir con sus obligaciones internacionales de proteger a la poblaci\u00f3n civil y asegurar que las v\u00edctimas reciban justicia, indic\u00f3 HRW en su reporte publicado en su p\u00e1gina web.<\/p>\n<p style=\"text-align: justify;\">Alrededor de 40 mil personas han sido desplazadas de sus hogares en Catatumbo desde 2017, la mayor\u00eda durante 2018, debido a los abusos recibidos, lo que constituye desplazamiento forzado, mientras los grupos armados intentan reclutar a los civiles en sus filas, incluyendo ni\u00f1os menores de 12 a\u00f1os.<\/p>\n<p style=\"text-align: justify;\">Seg\u00fan la Oficina de Coordinaci\u00f3n de Asuntos Humanitarios de las Naciones Unidas (OCHA), 109 personas fueron asesinadas por grupos armados en Catatumbo en 2018 y nueve defensores de los derechos humanos desde 2017.<\/p>\n<p style=\"text-align: justify;\">Los grupos armados en Catatumbo tambi\u00e9n han cometido secuestros, desapariciones y cr\u00edmenes sexuales, incluso han obligado, con amenazas, a ni\u00f1os de apenas 12 a\u00f1os a sumarse a sus filas.<\/p>\n<p style=\"text-align: justify;\">Hasta ahora, las autoridades colombianas no han logrado que se investiguen y castiguen los abusos cometidos por los grupos armados, a pesar de que la Fiscal\u00eda ten\u00eda hasta abril pasado m\u00e1s de 770 procesos por homicidios cometidos en el Catatumbo desde 2017.<\/p>\n<p style=\"text-align: justify;\">En octubre de 2018, el gobierno colombiano cre\u00f3 una Fuerza de Despliegue R\u00e1pido para llevar cinco mil 600 militares m\u00e1s a Catatumbo, pero desde entonces se han denunciado numerosos comportamientos abusivos por parte de la fuerza p\u00fablica en zona.<\/p>\n<p style=\"text-align: justify;\">Por \u00faltimo, HRW urgi\u00f3 al gobierno de Colombia a adoptar estrategias de seguridad respetuosas de los derechos humanos que est\u00e9n destinadas a proteger a la poblaci\u00f3n civil, aumentar los esfuerzos y capacidades para investigar abusos cometidos por grupos armados y procurar obtener asistencia internacional para los desplazados.<\/p>\n","protected":false},"excerpt":{"rendered":"<p>Nueva York.- Human Rights Watch (HRW) denunci\u00f3 que grupos armados cometen abusos aberrantes -trata de personas, reclutamiento de ni\u00f1os soldado o cr\u00edmenes sexuales- contra los civiles colombianos y venezolanos en su disputa por el control territorial en la regi\u00f3n de Catatumbo, noreste de Colombia. En su informe publicado\u00a0la v\u00edspera y titulado \u201cLa guerra en el [&hellip;]<\/p>\n","protected":false},"author":2,"featured_media":46930,"comment_status":"open","ping_status":"closed","sticky":false,"template":"","format":"standard","meta":{"footnotes":""},"categories":[18],"tags":[],"class_list":["post-46929","post","type-post","status-publish","format-standard","has-post-thumbnail","hentry","category-internacional"],"yoast_head":"<!-- This site is optimized with the Yoast SEO plugin v27.4 - https:\/\/yoast.com\/product\/yoast-seo-wordpress\/ -->\n<title>Surge conflicto en frontera Venezuela-Colombia por grupos armados - Canal 7 SLP - 2019<\/title>\n<meta name=\"robots\" content=\"index, follow, max-snippet:-1, max-image-preview:large, max-video-preview:-1\" \/>\n<link rel=\"canonical\" href=\"https:\/\/canal7slp.tv\/2019\/surge-conflicto-en-frontera-venezuela-colombia-por-grupos-armados\/\" \/>\n<meta property=\"og:locale\" content=\"es_ES\" \/>\n<meta property=\"og:type\" content=\"article\" \/>\n<meta property=\"og:title\" content=\"Surge conflicto en frontera Venezuela-Colombia por grupos armados - Canal 7 SLP - 2019\" \/>\n<meta property=\"og:description\" content=\"Nueva York.- Human Rights Watch (HRW) denunci\u00f3 que grupos armados cometen abusos aberrantes -trata de personas, reclutamiento de ni\u00f1os soldado o cr\u00edmenes sexuales- contra los civiles colombianos y venezolanos en su disputa por el control territorial en la regi\u00f3n de Catatumbo, noreste de Colombia. En su informe publicado\u00a0la v\u00edspera y titulado \u201cLa guerra en el [&hellip;]\" \/>\n<meta property=\"og:url\" content=\"https:\/\/canal7slp.tv\/2019\/surge-conflicto-en-frontera-venezuela-colombia-por-grupos-armados\/\" \/>\n<meta property=\"og:site_name\" content=\"Canal 7 SLP - 2019\" \/>\n<meta property=\"article:publisher\" content=\"https:\/\/www.facebook.com\/CANAL7SLP\/\" \/>\n<meta property=\"article:published_time\" content=\"2019-08-09T13:14:18+00:00\" \/>\n<meta property=\"og:image\" content=\"https:\/\/canal7slp.tv\/2019\/wp-content\/uploads\/2019\/08\/900.jpeg\" \/>\n\t<meta property=\"og:image:width\" content=\"729\" \/>\n\t<meta property=\"og:image:height\" content=\"410\" \/>\n\t<meta property=\"og:image:type\" content=\"image\/jpeg\" \/>\n<meta name=\"author\" content=\"edicionweb\" \/>\n<meta name=\"twitter:card\" content=\"summary_large_image\" \/>\n<meta name=\"twitter:creator\" content=\"@canal7_slp\" \/>\n<meta name=\"twitter:site\" content=\"@canal7_slp\" \/>\n<meta name=\"twitter:label1\" content=\"Escrito por\" \/>\n\t<meta name=\"twitter:data1\" content=\"edicionweb\" \/>\n\t<meta name=\"twitter:label2\" content=\"Tiempo de lectura\" \/>\n\t<meta name=\"twitter:data2\" content=\"3 minutos\" \/>\n<script type=\"application\/ld+json\" class=\"yoast-schema-graph\">{\"@context\":\"https:\\\/\\\/schema.org\",\"@graph\":[{\"@type\":\"Article\",\"@id\":\"https:\\\/\\\/canal7slp.tv\\\/2019\\\/surge-conflicto-en-frontera-venezuela-colombia-por-grupos-armados\\\/#article\",\"isPartOf\":{\"@id\":\"https:\\\/\\\/canal7slp.tv\\\/2019\\\/surge-conflicto-en-frontera-venezuela-colombia-por-grupos-armados\\\/\"},\"author\":{\"name\":\"edicionweb\",\"@id\":\"https:\\\/\\\/canal7slp.tv\\\/2019\\\/#\\\/schema\\\/person\\\/11d941c1c6ca30ac0a46b95fa37aa2e3\"},\"headline\":\"Surge conflicto en frontera Venezuela-Colombia por grupos armados\",\"datePublished\":\"2019-08-09T13:14:18+00:00\",\"mainEntityOfPage\":{\"@id\":\"https:\\\/\\\/canal7slp.tv\\\/2019\\\/surge-conflicto-en-frontera-venezuela-colombia-por-grupos-armados\\\/\"},\"wordCount\":635,\"commentCount\":0,\"publisher\":{\"@id\":\"https:\\\/\\\/canal7slp.tv\\\/2019\\\/#organization\"},\"image\":{\"@id\":\"https:\\\/\\\/canal7slp.tv\\\/2019\\\/surge-conflicto-en-frontera-venezuela-colombia-por-grupos-armados\\\/#primaryimage\"},\"thumbnailUrl\":\"https:\\\/\\\/canal7slp.tv\\\/2019\\\/wp-content\\\/uploads\\\/2019\\\/08\\\/900.jpeg\",\"articleSection\":[\"INTERNACIONAL\"],\"inLanguage\":\"es\",\"potentialAction\":[{\"@type\":\"CommentAction\",\"name\":\"Comment\",\"target\":[\"https:\\\/\\\/canal7slp.tv\\\/2019\\\/surge-conflicto-en-frontera-venezuela-colombia-por-grupos-armados\\\/#respond\"]}]},{\"@type\":\"WebPage\",\"@id\":\"https:\\\/\\\/canal7slp.tv\\\/2019\\\/surge-conflicto-en-frontera-venezuela-colombia-por-grupos-armados\\\/\",\"url\":\"https:\\\/\\\/canal7slp.tv\\\/2019\\\/surge-conflicto-en-frontera-venezuela-colombia-por-grupos-armados\\\/\",\"name\":\"Surge conflicto en frontera Venezuela-Colombia por grupos armados - Canal 7 SLP - 2019\",\"isPartOf\":{\"@id\":\"https:\\\/\\\/canal7slp.tv\\\/2019\\\/#website\"},\"primaryImageOfPage\":{\"@id\":\"https:\\\/\\\/canal7slp.tv\\\/2019\\\/surge-conflicto-en-frontera-venezuela-colombia-por-grupos-armados\\\/#primaryimage\"},\"image\":{\"@id\":\"https:\\\/\\\/canal7slp.tv\\\/2019\\\/surge-conflicto-en-frontera-venezuela-colombia-por-grupos-armados\\\/#primaryimage\"},\"thumbnailUrl\":\"https:\\\/\\\/canal7slp.tv\\\/2019\\\/wp-content\\\/uploads\\\/2019\\\/08\\\/900.jpeg\",\"datePublished\":\"2019-08-09T13:14:18+00:00\",\"breadcrumb\":{\"@id\":\"https:\\\/\\\/canal7slp.tv\\\/2019\\\/surge-conflicto-en-frontera-venezuela-colombia-por-grupos-armados\\\/#breadcrumb\"},\"inLanguage\":\"es\",\"potentialAction\":[{\"@type\":\"ReadAction\",\"target\":[\"https:\\\/\\\/canal7slp.tv\\\/2019\\\/surge-conflicto-en-frontera-venezuela-colombia-por-grupos-armados\\\/\"]}]},{\"@type\":\"ImageObject\",\"inLanguage\":\"es\",\"@id\":\"https:\\\/\\\/canal7slp.tv\\\/2019\\\/surge-conflicto-en-frontera-venezuela-colombia-por-grupos-armados\\\/#primaryimage\",\"url\":\"https:\\\/\\\/canal7slp.tv\\\/2019\\\/wp-content\\\/uploads\\\/2019\\\/08\\\/900.jpeg\",\"contentUrl\":\"https:\\\/\\\/canal7slp.tv\\\/2019\\\/wp-content\\\/uploads\\\/2019\\\/08\\\/900.jpeg\",\"width\":729,\"height\":410},{\"@type\":\"BreadcrumbList\",\"@id\":\"https:\\\/\\\/canal7slp.tv\\\/2019\\\/surge-conflicto-en-frontera-venezuela-colombia-por-grupos-armados\\\/#breadcrumb\",\"itemListElement\":[{\"@type\":\"ListItem\",\"position\":1,\"name\":\"Home\",\"item\":\"https:\\\/\\\/canal7slp.tv\\\/2019\\\/\"},{\"@type\":\"ListItem\",\"position\":2,\"name\":\"Surge conflicto en frontera Venezuela-Colombia por grupos armados\"}]},{\"@type\":\"WebSite\",\"@id\":\"https:\\\/\\\/canal7slp.tv\\\/2019\\\/#website\",\"url\":\"https:\\\/\\\/canal7slp.tv\\\/2019\\\/\",\"name\":\"Canal 7 SLP - Somos TV\",\"description\":\"Somos un Canal de 10\",\"publisher\":{\"@id\":\"https:\\\/\\\/canal7slp.tv\\\/2019\\\/#organization\"},\"potentialAction\":[{\"@type\":\"SearchAction\",\"target\":{\"@type\":\"EntryPoint\",\"urlTemplate\":\"https:\\\/\\\/canal7slp.tv\\\/2019\\\/?s={search_term_string}\"},\"query-input\":{\"@type\":\"PropertyValueSpecification\",\"valueRequired\":true,\"valueName\":\"search_term_string\"}}],\"inLanguage\":\"es\"},{\"@type\":\"Organization\",\"@id\":\"https:\\\/\\\/canal7slp.tv\\\/2019\\\/#organization\",\"name\":\"Comunicaci\u00f3n 2000 S.A. de C.V.\",\"url\":\"https:\\\/\\\/canal7slp.tv\\\/2019\\\/\",\"logo\":{\"@type\":\"ImageObject\",\"inLanguage\":\"es\",\"@id\":\"https:\\\/\\\/canal7slp.tv\\\/2019\\\/#\\\/schema\\\/logo\\\/image\\\/\",\"url\":\"https:\\\/\\\/canal7slp.tv\\\/2019\\\/wp-content\\\/uploads\\\/2019\\\/07\\\/logo-c7.png\",\"contentUrl\":\"https:\\\/\\\/canal7slp.tv\\\/2019\\\/wp-content\\\/uploads\\\/2019\\\/07\\\/logo-c7.png\",\"width\":220,\"height\":60,\"caption\":\"Comunicaci\u00f3n 2000 S.A. de C.V.\"},\"image\":{\"@id\":\"https:\\\/\\\/canal7slp.tv\\\/2019\\\/#\\\/schema\\\/logo\\\/image\\\/\"},\"sameAs\":[\"https:\\\/\\\/www.facebook.com\\\/CANAL7SLP\\\/\",\"https:\\\/\\\/x.com\\\/canal7_slp\",\"https:\\\/\\\/www.instagram.com\\\/canal7_slp\",\"https:\\\/\\\/www.youtube.com\\\/user\\\/NOTICIEROSCANAL7SLP\\\/\"]},{\"@type\":\"Person\",\"@id\":\"https:\\\/\\\/canal7slp.tv\\\/2019\\\/#\\\/schema\\\/person\\\/11d941c1c6ca30ac0a46b95fa37aa2e3\",\"name\":\"edicionweb\",\"image\":{\"@type\":\"ImageObject\",\"inLanguage\":\"es\",\"@id\":\"https:\\\/\\\/secure.gravatar.com\\\/avatar\\\/eee448fc3f7164808013b816ba91ac7e43bbe82a70bebac296f8bc6f0addaa1a?s=96&d=mm&r=g\",\"url\":\"https:\\\/\\\/secure.gravatar.com\\\/avatar\\\/eee448fc3f7164808013b816ba91ac7e43bbe82a70bebac296f8bc6f0addaa1a?s=96&d=mm&r=g\",\"contentUrl\":\"https:\\\/\\\/secure.gravatar.com\\\/avatar\\\/eee448fc3f7164808013b816ba91ac7e43bbe82a70bebac296f8bc6f0addaa1a?s=96&d=mm&r=g\",\"caption\":\"edicionweb\"}}]}<\/script>\n<!-- \/ Yoast SEO plugin. -->","yoast_head_json":{"title":"Surge conflicto en frontera Venezuela-Colombia por grupos armados - Canal 7 SLP - 2019","robots":{"index":"index","follow":"follow","max-snippet":"max-snippet:-1","max-image-preview":"max-image-preview:large","max-video-preview":"max-video-preview:-1"},"canonical":"https:\/\/canal7slp.tv\/2019\/surge-conflicto-en-frontera-venezuela-colombia-por-grupos-armados\/","og_locale":"es_ES","og_type":"article","og_title":"Surge conflicto en frontera Venezuela-Colombia por grupos armados - Canal 7 SLP - 2019","og_description":"Nueva York.- Human Rights Watch (HRW) denunci\u00f3 que grupos armados cometen abusos aberrantes -trata de personas, reclutamiento de ni\u00f1os soldado o cr\u00edmenes sexuales- contra los civiles colombianos y venezolanos en su disputa por el control territorial en la regi\u00f3n de Catatumbo, noreste de Colombia. En su informe publicado\u00a0la v\u00edspera y titulado \u201cLa guerra en el [&hellip;]","og_url":"https:\/\/canal7slp.tv\/2019\/surge-conflicto-en-frontera-venezuela-colombia-por-grupos-armados\/","og_site_name":"Canal 7 SLP - 2019","article_publisher":"https:\/\/www.facebook.com\/CANAL7SLP\/","article_published_time":"2019-08-09T13:14:18+00:00","og_image":[{"width":729,"height":410,"url":"https:\/\/canal7slp.tv\/2019\/wp-content\/uploads\/2019\/08\/900.jpeg","type":"image\/jpeg"}],"author":"edicionweb","twitter_card":"summary_large_image","twitter_creator":"@canal7_slp","twitter_site":"@canal7_slp","twitter_misc":{"Escrito por":"edicionweb","Tiempo de lectura":"3 minutos"},"schema":{"@context":"https:\/\/schema.org","@graph":[{"@type":"Article","@id":"https:\/\/canal7slp.tv\/2019\/surge-conflicto-en-frontera-venezuela-colombia-por-grupos-armados\/#article","isPartOf":{"@id":"https:\/\/canal7slp.tv\/2019\/surge-conflicto-en-frontera-venezuela-colombia-por-grupos-armados\/"},"author":{"name":"edicionweb","@id":"https:\/\/canal7slp.tv\/2019\/#\/schema\/person\/11d941c1c6ca30ac0a46b95fa37aa2e3"},"headline":"Surge conflicto en frontera Venezuela-Colombia por grupos armados","datePublished":"2019-08-09T13:14:18+00:00","mainEntityOfPage":{"@id":"https:\/\/canal7slp.tv\/2019\/surge-conflicto-en-frontera-venezuela-colombia-por-grupos-armados\/"},"wordCount":635,"commentCount":0,"publisher":{"@id":"https:\/\/canal7slp.tv\/2019\/#organization"},"image":{"@id":"https:\/\/canal7slp.tv\/2019\/surge-conflicto-en-frontera-venezuela-colombia-por-grupos-armados\/#primaryimage"},"thumbnailUrl":"https:\/\/canal7slp.tv\/2019\/wp-content\/uploads\/2019\/08\/900.jpeg","articleSection":["INTERNACIONAL"],"inLanguage":"es","potentialAction":[{"@type":"CommentAction","name":"Comment","target":["https:\/\/canal7slp.tv\/2019\/surge-conflicto-en-frontera-venezuela-colombia-por-grupos-armados\/#respond"]}]},{"@type":"WebPage","@id":"https:\/\/canal7slp.tv\/2019\/surge-conflicto-en-frontera-venezuela-colombia-por-grupos-armados\/","url":"https:\/\/canal7slp.tv\/2019\/surge-conflicto-en-frontera-venezuela-colombia-por-grupos-armados\/","name":"Surge conflicto en frontera Venezuela-Colombia por grupos armados - Canal 7 SLP - 2019","isPartOf":{"@id":"https:\/\/canal7slp.tv\/2019\/#website"},"primaryImageOfPage":{"@id":"https:\/\/canal7slp.tv\/2019\/surge-conflicto-en-frontera-venezuela-colombia-por-grupos-armados\/#primaryimage"},"image":{"@id":"https:\/\/canal7slp.tv\/2019\/surge-conflicto-en-frontera-venezuela-colombia-por-grupos-armados\/#primaryimage"},"thumbnailUrl":"https:\/\/canal7slp.tv\/2019\/wp-content\/uploads\/2019\/08\/900.jpeg","datePublished":"2019-08-09T13:14:18+00:00","breadcrumb":{"@id":"https:\/\/canal7slp.tv\/2019\/surge-conflicto-en-frontera-venezuela-colombia-por-grupos-armados\/#breadcrumb"},"inLanguage":"es","potentialAction":[{"@type":"ReadAction","target":["https:\/\/canal7slp.tv\/2019\/surge-conflicto-en-frontera-venezuela-colombia-por-grupos-armados\/"]}]},{"@type":"ImageObject","inLanguage":"es","@id":"https:\/\/canal7slp.tv\/2019\/surge-conflicto-en-frontera-venezuela-colombia-por-grupos-armados\/#primaryimage","url":"https:\/\/canal7slp.tv\/2019\/wp-content\/uploads\/2019\/08\/900.jpeg","contentUrl":"https:\/\/canal7slp.tv\/2019\/wp-content\/uploads\/2019\/08\/900.jpeg","width":729,"height":410},{"@type":"BreadcrumbList","@id":"https:\/\/canal7slp.tv\/2019\/surge-conflicto-en-frontera-venezuela-colombia-por-grupos-armados\/#breadcrumb","itemListElement":[{"@type":"ListItem","position":1,"name":"Home","item":"https:\/\/canal7slp.tv\/2019\/"},{"@type":"ListItem","position":2,"name":"Surge conflicto en frontera Venezuela-Colombia por grupos armados"}]},{"@type":"WebSite","@id":"https:\/\/canal7slp.tv\/2019\/#website","url":"https:\/\/canal7slp.tv\/2019\/","name":"Canal 7 SLP - Somos TV","description":"Somos un Canal de 10","publisher":{"@id":"https:\/\/canal7slp.tv\/2019\/#organization"},"potentialAction":[{"@type":"SearchAction","target":{"@type":"EntryPoint","urlTemplate":"https:\/\/canal7slp.tv\/2019\/?s={search_term_string}"},"query-input":{"@type":"PropertyValueSpecification","valueRequired":true,"valueName":"search_term_string"}}],"inLanguage":"es"},{"@type":"Organization","@id":"https:\/\/canal7slp.tv\/2019\/#organization","name":"Comunicaci\u00f3n 2000 S.A. de C.V.","url":"https:\/\/canal7slp.tv\/2019\/","logo":{"@type":"ImageObject","inLanguage":"es","@id":"https:\/\/canal7slp.tv\/2019\/#\/schema\/logo\/image\/","url":"https:\/\/canal7slp.tv\/2019\/wp-content\/uploads\/2019\/07\/logo-c7.png","contentUrl":"https:\/\/canal7slp.tv\/2019\/wp-content\/uploads\/2019\/07\/logo-c7.png","width":220,"height":60,"caption":"Comunicaci\u00f3n 2000 S.A. de C.V."},"image":{"@id":"https:\/\/canal7slp.tv\/2019\/#\/schema\/logo\/image\/"},"sameAs":["https:\/\/www.facebook.com\/CANAL7SLP\/","https:\/\/x.com\/canal7_slp","https:\/\/www.instagram.com\/canal7_slp","https:\/\/www.youtube.com\/user\/NOTICIEROSCANAL7SLP\/"]},{"@type":"Person","@id":"https:\/\/canal7slp.tv\/2019\/#\/schema\/person\/11d941c1c6ca30ac0a46b95fa37aa2e3","name":"edicionweb","image":{"@type":"ImageObject","inLanguage":"es","@id":"https:\/\/secure.gravatar.com\/avatar\/eee448fc3f7164808013b816ba91ac7e43bbe82a70bebac296f8bc6f0addaa1a?s=96&d=mm&r=g","url":"https:\/\/secure.gravatar.com\/avatar\/eee448fc3f7164808013b816ba91ac7e43bbe82a70bebac296f8bc6f0addaa1a?s=96&d=mm&r=g","contentUrl":"https:\/\/secure.gravatar.com\/avatar\/eee448fc3f7164808013b816ba91ac7e43bbe82a70bebac296f8bc6f0addaa1a?s=96&d=mm&r=g","caption":"edicionweb"}}]}},"amp_enabled":true,"cmb2":{"video_ids_in_playlist":{"vid_p_videos":""},"video_ids_in_channel":{"vid_c_videos":""},"playlist_ids_in_channel":{"vid_c_playlists":""},"series_ids_in_channel":{"vid_c_series":""},"channel_images":{"vid_c_logo":"","vid_c_banner":""},"poster_feature_image":{"vid_m_poster_image":""},"gif_feature_image":{"vid_m_gif_image":""},"video_movie_settings":{"vid_m_director":"","vid_m_actor":"","vid_m_imdb_ratings":"","vid_m_amazon_associates":""},"vid_youtube_broadcasts_settings":{"vid_yb_broadcast_title":"","vid_yb_q":"","vid_yb_channelid":"","vid_yb_videocategoryid":"","vid_yb_maxresults":"","vid_yb_order":"","vid_yb_regioncode":"","vid_yb_videosyndicated":"","vid_yb_style":"","vid_yb_reload_first":""},"video_series_settings":{"vid_m_director":"","vid_m_actor":"","vid_m_imdb_ratings":"","video_series_group":""},"amazon_associates_settings":{"amazon_associates":"","amazon_native_ad":""},"vid_youtube_automatic_settings":{"vid_ya_youtube_source":"","vid_ya_update_every":"","vid_ya_update_unit":"","vid_ya_categories":"","vid_ya_published_after":"","vid_ya_published_before":"","vid_ya_playlists":"","vid_ya_channels":"","vid_ya_director":"","vid_ya_actor":"","vid_ya_author":"","vid_ya_import_post_date":"","vid_ya_status":"","vid_ya_sub_api_key":""},"vid_ads_m_videoads_settings_post":{"vid_ads_m_video_ads":"","vid_ads_m_video_ads_type":"","vid_ads_m_group_google_ima":"","vid_ads_m_group_image":"","vid_ads_m_group_html5_video":"","vid_ads_m_group_html":"","vid_ads_m_vast_preroll":"","vid_ads_m_vast_postroll":"","vid_ads_m_vast_pauseroll":"","vid_ads_m_vast_midroll":[{"vid_ads_m_vast_timer_seconds":"50"}],"vid_ads_m_time_to_show_ads":"","vid_ads_m_time_skip_ads":"","vid_ads_m_time_to_hide_ads":""},"page_slider_settings":{"display_slider_group":"","page_slider_group":""},"blog_page_settings":{"blog_page_title":"","blog_page_heading":"","blog_page_ic":"","blog_page_it":"","blog_page_ec":"","blog_page_ip":"","archive_loop_style":"","blog_image_ratio":"","blog_show_categories":"","blog_show_excerpt":"","blog_show_author":"","blog_show_date":"","blog_show_comment_count":"","blog_show_view_count":"","blog_show_like_count":"","blog_show_dislike_count":"","blog_items_per_page":"","blog_pag_type":""},"page_options":{"get_page_template":"","color_mode":"","main_layout":"","main_layout_full_with":"","main_logo":"","main_logo_retina":"","main_logo_mobile":"","main_logo_mobile_retina":"","sticky_logo":"","sticky_logo_retina":"","main_nav_layout":"","ajax_search":"","header_background":"","theme_sidebar":"","instagram_feed":"","instagram_feed_position":"","popular_videos":"","popular_videos_title_1":"","popular_videos_title_2":"","popular_videos_ic":"","popular_videos_it":"","theme_background":"","page_custom_css":""},"feature_image_settings":{"feature_image_position":""},"video_player_settings":{"single_video_style":"","video_player_position":"","vm_video_url":"","video_player_library":"","video_streaming":"","vm_media_sources":"","vid_auto_play":"","vm_video_shortcode":"","vid_p_sync_playlist":"","vid_c_sync_channel":"","get_post_format":"","multiple_links_structure":"default","multi_links_title":"","vm_video_multi_links":"","vm_duration":"","vid_social_locker":"off","vid_social_locker_id":"","vid_membership_action":"content-video","vm_video_trailer_url":"","vid_download_type":"free","vid_download_target":"download","vid_woo_product":"","vm_media_download":"","user_rating":"","user_rating_position":"","user_rating_mode":"","user_rating_multi_sets":""},"video_auto_fetch_settings":{"vm_video_fetch":"on"},"video_fake_views_likes":{"vm_fake_views":"","vm_fake_likes":"","vm_fake_dislikes":""},"gallery_settings":{"gallery_position":""},"quote_settings":{"quote_position":""},"post_options":{"main_layout":"","main_logo":"","main_logo_retina":"","main_logo_mobile":"","main_logo_mobile_retina":"","sticky_logo":"","sticky_logo_retina":"","main_nav_layout":"","header_background":"","theme_sidebar":"","single_post_comment_type":"","theme_background":""}},"_links":{"self":[{"href":"https:\/\/canal7slp.tv\/2019\/wp-json\/wp\/v2\/posts\/46929","targetHints":{"allow":["GET"]}}],"collection":[{"href":"https:\/\/canal7slp.tv\/2019\/wp-json\/wp\/v2\/posts"}],"about":[{"href":"https:\/\/canal7slp.tv\/2019\/wp-json\/wp\/v2\/types\/post"}],"author":[{"embeddable":true,"href":"https:\/\/canal7slp.tv\/2019\/wp-json\/wp\/v2\/users\/2"}],"replies":[{"embeddable":true,"href":"https:\/\/canal7slp.tv\/2019\/wp-json\/wp\/v2\/comments?post=46929"}],"version-history":[{"count":0,"href":"https:\/\/canal7slp.tv\/2019\/wp-json\/wp\/v2\/posts\/46929\/revisions"}],"wp:featuredmedia":[{"embeddable":true,"href":"https:\/\/canal7slp.tv\/2019\/wp-json\/wp\/v2\/media\/46930"}],"wp:attachment":[{"href":"https:\/\/canal7slp.tv\/2019\/wp-json\/wp\/v2\/media?parent=46929"}],"wp:term":[{"taxonomy":"category","embeddable":true,"href":"https:\/\/canal7slp.tv\/2019\/wp-json\/wp\/v2\/categories?post=46929"},{"taxonomy":"post_tag","embeddable":true,"href":"https:\/\/canal7slp.tv\/2019\/wp-json\/wp\/v2\/tags?post=46929"}],"curies":[{"name":"wp","href":"https:\/\/api.w.org\/{rel}","templated":true}]}}