{"id":46899,"date":"2019-08-08T19:53:40","date_gmt":"2019-08-09T00:53:40","guid":{"rendered":"https:\/\/canal7slp.tv\/2019\/?p=46899"},"modified":"2019-08-08T19:53:40","modified_gmt":"2019-08-09T00:53:40","slug":"fiscalia-general-acusa-a-rosario-robles-por-desvio-de-mas-de-5-mil-mdp","status":"publish","type":"post","link":"https:\/\/canal7slp.tv\/2019\/fiscalia-general-acusa-a-rosario-robles-por-desvio-de-mas-de-5-mil-mdp\/","title":{"rendered":"Fiscal\u00eda General acusa a Rosario Robles por desv\u00edo de m\u00e1s de 5 mil mdp"},"content":{"rendered":"<p style=\"text-align: justify;\">M\u00e9xico.- La Fiscal\u00eda General de la Rep\u00fablica (FGR) imput\u00f3 a Rosario Robles Berlanga el desv\u00edo de cinco mil 73 millones 358 mil 846.25 pesos en contra del patrimonio de la Naci\u00f3n, cuando estuvo al frente de las secretar\u00edas de Desarrollo Social (Sedesol) y de Desarrollo Agrario, Territorial y Urbano (Sedatu).<\/p>\n<p style=\"text-align: justify;\">Asimismo, por haber sido omisa de operaciones dudosas que llevaron a cabo diversos subordinados mientras ella encabezaba dichas dependencias.<\/p>\n<p style=\"text-align: justify;\">Durante la audiencia inicial de este jueves en el Reclusorio Sur, en la que se decret\u00f3 un segundo receso, la defensa de la exfuncionaria federal argument\u00f3 que la Auditor\u00eda Superior de la Federaci\u00f3n (ASF) carec\u00eda de facultades para imputarla por da\u00f1os patrimoniales a la Naci\u00f3n.<\/p>\n<p style=\"text-align: justify;\">Sin embargo, el juez explic\u00f3 que si bien la ASF es un \u00f3rgano aut\u00f3nomo e independiente, est\u00e1 encargado de revisar y fiscalizar qu\u00e9 se hace con los recursos econ\u00f3micos de la Naci\u00f3n.<\/p>\n<p style=\"text-align: justify;\">El desv\u00edo de los m\u00e1s de\u00a0cinco mil millones de pesos habr\u00eda sido mediante 27 convenios, entre los que destacan el suscirto con la delegaci\u00f3n de la Sedesol en Morelos, as\u00ed como las universidades Aut\u00f3noma del Estado de M\u00e9xico y Polit\u00e9cnica de Hidalgo.<\/p>\n<p style=\"text-align: justify;\">Asimismo, con Televisora de Hermosillo, las universidades Polit\u00e9cnica de Quintana Roo y de Chiapas, as\u00ed como Radio y Tevisi\u00f3n de Hidalgo y con el Sistema Quintanarroense de Comunicaci\u00f3n Social.<\/p>\n<p style=\"text-align: justify;\">En torno a la culpabilidad por omisi\u00f3n, la FGR dio a conocer a la defensa de Robles Berlanga que hay tres personas que en su oportunidad informaron a la exfuncionaria de los desv\u00edos de recursos.<\/p>\n<p style=\"text-align: justify;\">Dicha personas fueron subordinados de Rosario Tobles y son Marcos Salvador Ibarra Infante, Jos\u00e9 Antolino Orozco Mart\u00ednez, Mar\u00eda del Carmen Guti\u00e9rrez Medina y Armando Salda\u00f1a Flores.<\/p>\n<p style=\"text-align: justify;\">Ante esto, la defensa de la tambi\u00e9n exjefa de gobierno capitalina pidi\u00f3 el desglose detallado, entre otras cosas, de la fecha y los montos de los mencionados convenios, por lo que el juzgador orden\u00f3 a la Fiscal\u00eda hacer dicho an\u00e1lisis, para lo cual se decret\u00f3 el receso de dos horas.<\/p>\n<p style=\"text-align: justify;\">En uno de los diversos intentos de la defensa por diferir la audiencia, el abogado Oscar Rogelio Ram\u00edrez argument\u00f3 que hab\u00eda un amparo en Chiapas desde el 19 de julio pasado, interpuesto por un tercer imputado en el caso, cuya identidad se neg\u00f3 a revelar.<\/p>\n<p style=\"text-align: justify;\">No obstante, el juez advirti\u00f3 al litigante que \u201cno me vengas con esos argumentos tramposamente.<\/p>\n<p style=\"text-align: justify;\">\u201cSi no conoces la ley de amparo, no voy a permitir que pretendas diferir la audiencia tramposamente por un amparo que interpuso un imputado que no quieres dar el nombre. Acate mi orden\u201d, afirm\u00f3 el juez Felipe de Jes\u00fas Delgadillo Padierna.<\/p>\n","protected":false},"excerpt":{"rendered":"<p>M\u00e9xico.- La Fiscal\u00eda General de la Rep\u00fablica (FGR) imput\u00f3 a Rosario Robles Berlanga el desv\u00edo de cinco mil 73 millones 358 mil 846.25 pesos en contra del patrimonio de la Naci\u00f3n, cuando estuvo al frente de las secretar\u00edas de Desarrollo Social (Sedesol) y de Desarrollo Agrario, Territorial y Urbano (Sedatu). Asimismo, por haber sido omisa [&hellip;]<\/p>\n","protected":false},"author":2,"featured_media":46901,"comment_status":"open","ping_status":"closed","sticky":false,"template":"","format":"standard","meta":{"footnotes":""},"categories":[30],"tags":[],"class_list":["post-46899","post","type-post","status-publish","format-standard","has-post-thumbnail","hentry","category-nacional"],"yoast_head":"<!-- This site is optimized with the Yoast SEO plugin v27.4 - https:\/\/yoast.com\/product\/yoast-seo-wordpress\/ -->\n<title>Fiscal\u00eda General acusa a Rosario Robles por desv\u00edo de m\u00e1s de 5 mil mdp - Canal 7 SLP - 2019<\/title>\n<meta name=\"robots\" content=\"index, follow, max-snippet:-1, max-image-preview:large, max-video-preview:-1\" \/>\n<link rel=\"canonical\" href=\"https:\/\/canal7slp.tv\/2019\/fiscalia-general-acusa-a-rosario-robles-por-desvio-de-mas-de-5-mil-mdp\/\" \/>\n<meta property=\"og:locale\" content=\"es_ES\" \/>\n<meta property=\"og:type\" content=\"article\" \/>\n<meta property=\"og:title\" content=\"Fiscal\u00eda General acusa a Rosario Robles por desv\u00edo de m\u00e1s de 5 mil mdp - Canal 7 SLP - 2019\" \/>\n<meta property=\"og:description\" content=\"M\u00e9xico.- La Fiscal\u00eda General de la Rep\u00fablica (FGR) imput\u00f3 a Rosario Robles Berlanga el desv\u00edo de cinco mil 73 millones 358 mil 846.25 pesos en contra del patrimonio de la Naci\u00f3n, cuando estuvo al frente de las secretar\u00edas de Desarrollo Social (Sedesol) y de Desarrollo Agrario, Territorial y Urbano (Sedatu). Asimismo, por haber sido omisa [&hellip;]\" \/>\n<meta property=\"og:url\" content=\"https:\/\/canal7slp.tv\/2019\/fiscalia-general-acusa-a-rosario-robles-por-desvio-de-mas-de-5-mil-mdp\/\" \/>\n<meta property=\"og:site_name\" content=\"Canal 7 SLP - 2019\" \/>\n<meta property=\"article:publisher\" content=\"https:\/\/www.facebook.com\/CANAL7SLP\/\" \/>\n<meta property=\"article:published_time\" content=\"2019-08-09T00:53:40+00:00\" \/>\n<meta property=\"og:image\" content=\"https:\/\/canal7slp.tv\/2019\/wp-content\/uploads\/2019\/08\/02-8.jpg\" \/>\n\t<meta property=\"og:image:width\" content=\"750\" \/>\n\t<meta property=\"og:image:height\" content=\"525\" \/>\n\t<meta property=\"og:image:type\" content=\"image\/jpeg\" \/>\n<meta name=\"author\" content=\"edicionweb\" \/>\n<meta name=\"twitter:card\" content=\"summary_large_image\" \/>\n<meta name=\"twitter:creator\" content=\"@canal7_slp\" \/>\n<meta name=\"twitter:site\" content=\"@canal7_slp\" \/>\n<meta name=\"twitter:label1\" content=\"Escrito por\" \/>\n\t<meta name=\"twitter:data1\" content=\"edicionweb\" \/>\n\t<meta name=\"twitter:label2\" content=\"Tiempo de lectura\" \/>\n\t<meta name=\"twitter:data2\" content=\"2 minutos\" \/>\n<script type=\"application\/ld+json\" class=\"yoast-schema-graph\">{\"@context\":\"https:\\\/\\\/schema.org\",\"@graph\":[{\"@type\":\"Article\",\"@id\":\"https:\\\/\\\/canal7slp.tv\\\/2019\\\/fiscalia-general-acusa-a-rosario-robles-por-desvio-de-mas-de-5-mil-mdp\\\/#article\",\"isPartOf\":{\"@id\":\"https:\\\/\\\/canal7slp.tv\\\/2019\\\/fiscalia-general-acusa-a-rosario-robles-por-desvio-de-mas-de-5-mil-mdp\\\/\"},\"author\":{\"name\":\"edicionweb\",\"@id\":\"https:\\\/\\\/canal7slp.tv\\\/2019\\\/#\\\/schema\\\/person\\\/11d941c1c6ca30ac0a46b95fa37aa2e3\"},\"headline\":\"Fiscal\u00eda General acusa a Rosario Robles por desv\u00edo de m\u00e1s de 5 mil mdp\",\"datePublished\":\"2019-08-09T00:53:40+00:00\",\"mainEntityOfPage\":{\"@id\":\"https:\\\/\\\/canal7slp.tv\\\/2019\\\/fiscalia-general-acusa-a-rosario-robles-por-desvio-de-mas-de-5-mil-mdp\\\/\"},\"wordCount\":478,\"commentCount\":0,\"publisher\":{\"@id\":\"https:\\\/\\\/canal7slp.tv\\\/2019\\\/#organization\"},\"image\":{\"@id\":\"https:\\\/\\\/canal7slp.tv\\\/2019\\\/fiscalia-general-acusa-a-rosario-robles-por-desvio-de-mas-de-5-mil-mdp\\\/#primaryimage\"},\"thumbnailUrl\":\"https:\\\/\\\/canal7slp.tv\\\/2019\\\/wp-content\\\/uploads\\\/2019\\\/08\\\/02-8.jpg\",\"articleSection\":[\"NACIONAL\"],\"inLanguage\":\"es\",\"potentialAction\":[{\"@type\":\"CommentAction\",\"name\":\"Comment\",\"target\":[\"https:\\\/\\\/canal7slp.tv\\\/2019\\\/fiscalia-general-acusa-a-rosario-robles-por-desvio-de-mas-de-5-mil-mdp\\\/#respond\"]}]},{\"@type\":\"WebPage\",\"@id\":\"https:\\\/\\\/canal7slp.tv\\\/2019\\\/fiscalia-general-acusa-a-rosario-robles-por-desvio-de-mas-de-5-mil-mdp\\\/\",\"url\":\"https:\\\/\\\/canal7slp.tv\\\/2019\\\/fiscalia-general-acusa-a-rosario-robles-por-desvio-de-mas-de-5-mil-mdp\\\/\",\"name\":\"Fiscal\u00eda General acusa a Rosario Robles por desv\u00edo de m\u00e1s de 5 mil mdp - Canal 7 SLP - 2019\",\"isPartOf\":{\"@id\":\"https:\\\/\\\/canal7slp.tv\\\/2019\\\/#website\"},\"primaryImageOfPage\":{\"@id\":\"https:\\\/\\\/canal7slp.tv\\\/2019\\\/fiscalia-general-acusa-a-rosario-robles-por-desvio-de-mas-de-5-mil-mdp\\\/#primaryimage\"},\"image\":{\"@id\":\"https:\\\/\\\/canal7slp.tv\\\/2019\\\/fiscalia-general-acusa-a-rosario-robles-por-desvio-de-mas-de-5-mil-mdp\\\/#primaryimage\"},\"thumbnailUrl\":\"https:\\\/\\\/canal7slp.tv\\\/2019\\\/wp-content\\\/uploads\\\/2019\\\/08\\\/02-8.jpg\",\"datePublished\":\"2019-08-09T00:53:40+00:00\",\"breadcrumb\":{\"@id\":\"https:\\\/\\\/canal7slp.tv\\\/2019\\\/fiscalia-general-acusa-a-rosario-robles-por-desvio-de-mas-de-5-mil-mdp\\\/#breadcrumb\"},\"inLanguage\":\"es\",\"potentialAction\":[{\"@type\":\"ReadAction\",\"target\":[\"https:\\\/\\\/canal7slp.tv\\\/2019\\\/fiscalia-general-acusa-a-rosario-robles-por-desvio-de-mas-de-5-mil-mdp\\\/\"]}]},{\"@type\":\"ImageObject\",\"inLanguage\":\"es\",\"@id\":\"https:\\\/\\\/canal7slp.tv\\\/2019\\\/fiscalia-general-acusa-a-rosario-robles-por-desvio-de-mas-de-5-mil-mdp\\\/#primaryimage\",\"url\":\"https:\\\/\\\/canal7slp.tv\\\/2019\\\/wp-content\\\/uploads\\\/2019\\\/08\\\/02-8.jpg\",\"contentUrl\":\"https:\\\/\\\/canal7slp.tv\\\/2019\\\/wp-content\\\/uploads\\\/2019\\\/08\\\/02-8.jpg\",\"width\":750,\"height\":525,\"caption\":\"90808013. M\u00e9xico, 8 Ago 2019 (Notimex-Especial).- Llega Rosario Robles al Reclusorio Sur para rendir comparecencia. Ciudad de M\u00e9xico, 8 de agosto de 2019. NOTIMEX\\\/FOTO\\\/ESPECIAL\\\/COR\\\/CLJ\"},{\"@type\":\"BreadcrumbList\",\"@id\":\"https:\\\/\\\/canal7slp.tv\\\/2019\\\/fiscalia-general-acusa-a-rosario-robles-por-desvio-de-mas-de-5-mil-mdp\\\/#breadcrumb\",\"itemListElement\":[{\"@type\":\"ListItem\",\"position\":1,\"name\":\"Home\",\"item\":\"https:\\\/\\\/canal7slp.tv\\\/2019\\\/\"},{\"@type\":\"ListItem\",\"position\":2,\"name\":\"Fiscal\u00eda General acusa a Rosario Robles por desv\u00edo de m\u00e1s de 5 mil mdp\"}]},{\"@type\":\"WebSite\",\"@id\":\"https:\\\/\\\/canal7slp.tv\\\/2019\\\/#website\",\"url\":\"https:\\\/\\\/canal7slp.tv\\\/2019\\\/\",\"name\":\"Canal 7 SLP - Somos TV\",\"description\":\"Somos un Canal de 10\",\"publisher\":{\"@id\":\"https:\\\/\\\/canal7slp.tv\\\/2019\\\/#organization\"},\"potentialAction\":[{\"@type\":\"SearchAction\",\"target\":{\"@type\":\"EntryPoint\",\"urlTemplate\":\"https:\\\/\\\/canal7slp.tv\\\/2019\\\/?s={search_term_string}\"},\"query-input\":{\"@type\":\"PropertyValueSpecification\",\"valueRequired\":true,\"valueName\":\"search_term_string\"}}],\"inLanguage\":\"es\"},{\"@type\":\"Organization\",\"@id\":\"https:\\\/\\\/canal7slp.tv\\\/2019\\\/#organization\",\"name\":\"Comunicaci\u00f3n 2000 S.A. de C.V.\",\"url\":\"https:\\\/\\\/canal7slp.tv\\\/2019\\\/\",\"logo\":{\"@type\":\"ImageObject\",\"inLanguage\":\"es\",\"@id\":\"https:\\\/\\\/canal7slp.tv\\\/2019\\\/#\\\/schema\\\/logo\\\/image\\\/\",\"url\":\"https:\\\/\\\/canal7slp.tv\\\/2019\\\/wp-content\\\/uploads\\\/2019\\\/07\\\/logo-c7.png\",\"contentUrl\":\"https:\\\/\\\/canal7slp.tv\\\/2019\\\/wp-content\\\/uploads\\\/2019\\\/07\\\/logo-c7.png\",\"width\":220,\"height\":60,\"caption\":\"Comunicaci\u00f3n 2000 S.A. de C.V.\"},\"image\":{\"@id\":\"https:\\\/\\\/canal7slp.tv\\\/2019\\\/#\\\/schema\\\/logo\\\/image\\\/\"},\"sameAs\":[\"https:\\\/\\\/www.facebook.com\\\/CANAL7SLP\\\/\",\"https:\\\/\\\/x.com\\\/canal7_slp\",\"https:\\\/\\\/www.instagram.com\\\/canal7_slp\",\"https:\\\/\\\/www.youtube.com\\\/user\\\/NOTICIEROSCANAL7SLP\\\/\"]},{\"@type\":\"Person\",\"@id\":\"https:\\\/\\\/canal7slp.tv\\\/2019\\\/#\\\/schema\\\/person\\\/11d941c1c6ca30ac0a46b95fa37aa2e3\",\"name\":\"edicionweb\",\"image\":{\"@type\":\"ImageObject\",\"inLanguage\":\"es\",\"@id\":\"https:\\\/\\\/secure.gravatar.com\\\/avatar\\\/eee448fc3f7164808013b816ba91ac7e43bbe82a70bebac296f8bc6f0addaa1a?s=96&d=mm&r=g\",\"url\":\"https:\\\/\\\/secure.gravatar.com\\\/avatar\\\/eee448fc3f7164808013b816ba91ac7e43bbe82a70bebac296f8bc6f0addaa1a?s=96&d=mm&r=g\",\"contentUrl\":\"https:\\\/\\\/secure.gravatar.com\\\/avatar\\\/eee448fc3f7164808013b816ba91ac7e43bbe82a70bebac296f8bc6f0addaa1a?s=96&d=mm&r=g\",\"caption\":\"edicionweb\"}}]}<\/script>\n<!-- \/ Yoast SEO plugin. -->","yoast_head_json":{"title":"Fiscal\u00eda General acusa a Rosario Robles por desv\u00edo de m\u00e1s de 5 mil mdp - Canal 7 SLP - 2019","robots":{"index":"index","follow":"follow","max-snippet":"max-snippet:-1","max-image-preview":"max-image-preview:large","max-video-preview":"max-video-preview:-1"},"canonical":"https:\/\/canal7slp.tv\/2019\/fiscalia-general-acusa-a-rosario-robles-por-desvio-de-mas-de-5-mil-mdp\/","og_locale":"es_ES","og_type":"article","og_title":"Fiscal\u00eda General acusa a Rosario Robles por desv\u00edo de m\u00e1s de 5 mil mdp - Canal 7 SLP - 2019","og_description":"M\u00e9xico.- La Fiscal\u00eda General de la Rep\u00fablica (FGR) imput\u00f3 a Rosario Robles Berlanga el desv\u00edo de cinco mil 73 millones 358 mil 846.25 pesos en contra del patrimonio de la Naci\u00f3n, cuando estuvo al frente de las secretar\u00edas de Desarrollo Social (Sedesol) y de Desarrollo Agrario, Territorial y Urbano (Sedatu). Asimismo, por haber sido omisa [&hellip;]","og_url":"https:\/\/canal7slp.tv\/2019\/fiscalia-general-acusa-a-rosario-robles-por-desvio-de-mas-de-5-mil-mdp\/","og_site_name":"Canal 7 SLP - 2019","article_publisher":"https:\/\/www.facebook.com\/CANAL7SLP\/","article_published_time":"2019-08-09T00:53:40+00:00","og_image":[{"width":750,"height":525,"url":"https:\/\/canal7slp.tv\/2019\/wp-content\/uploads\/2019\/08\/02-8.jpg","type":"image\/jpeg"}],"author":"edicionweb","twitter_card":"summary_large_image","twitter_creator":"@canal7_slp","twitter_site":"@canal7_slp","twitter_misc":{"Escrito por":"edicionweb","Tiempo de lectura":"2 minutos"},"schema":{"@context":"https:\/\/schema.org","@graph":[{"@type":"Article","@id":"https:\/\/canal7slp.tv\/2019\/fiscalia-general-acusa-a-rosario-robles-por-desvio-de-mas-de-5-mil-mdp\/#article","isPartOf":{"@id":"https:\/\/canal7slp.tv\/2019\/fiscalia-general-acusa-a-rosario-robles-por-desvio-de-mas-de-5-mil-mdp\/"},"author":{"name":"edicionweb","@id":"https:\/\/canal7slp.tv\/2019\/#\/schema\/person\/11d941c1c6ca30ac0a46b95fa37aa2e3"},"headline":"Fiscal\u00eda General acusa a Rosario Robles por desv\u00edo de m\u00e1s de 5 mil mdp","datePublished":"2019-08-09T00:53:40+00:00","mainEntityOfPage":{"@id":"https:\/\/canal7slp.tv\/2019\/fiscalia-general-acusa-a-rosario-robles-por-desvio-de-mas-de-5-mil-mdp\/"},"wordCount":478,"commentCount":0,"publisher":{"@id":"https:\/\/canal7slp.tv\/2019\/#organization"},"image":{"@id":"https:\/\/canal7slp.tv\/2019\/fiscalia-general-acusa-a-rosario-robles-por-desvio-de-mas-de-5-mil-mdp\/#primaryimage"},"thumbnailUrl":"https:\/\/canal7slp.tv\/2019\/wp-content\/uploads\/2019\/08\/02-8.jpg","articleSection":["NACIONAL"],"inLanguage":"es","potentialAction":[{"@type":"CommentAction","name":"Comment","target":["https:\/\/canal7slp.tv\/2019\/fiscalia-general-acusa-a-rosario-robles-por-desvio-de-mas-de-5-mil-mdp\/#respond"]}]},{"@type":"WebPage","@id":"https:\/\/canal7slp.tv\/2019\/fiscalia-general-acusa-a-rosario-robles-por-desvio-de-mas-de-5-mil-mdp\/","url":"https:\/\/canal7slp.tv\/2019\/fiscalia-general-acusa-a-rosario-robles-por-desvio-de-mas-de-5-mil-mdp\/","name":"Fiscal\u00eda General acusa a Rosario Robles por desv\u00edo de m\u00e1s de 5 mil mdp - Canal 7 SLP - 2019","isPartOf":{"@id":"https:\/\/canal7slp.tv\/2019\/#website"},"primaryImageOfPage":{"@id":"https:\/\/canal7slp.tv\/2019\/fiscalia-general-acusa-a-rosario-robles-por-desvio-de-mas-de-5-mil-mdp\/#primaryimage"},"image":{"@id":"https:\/\/canal7slp.tv\/2019\/fiscalia-general-acusa-a-rosario-robles-por-desvio-de-mas-de-5-mil-mdp\/#primaryimage"},"thumbnailUrl":"https:\/\/canal7slp.tv\/2019\/wp-content\/uploads\/2019\/08\/02-8.jpg","datePublished":"2019-08-09T00:53:40+00:00","breadcrumb":{"@id":"https:\/\/canal7slp.tv\/2019\/fiscalia-general-acusa-a-rosario-robles-por-desvio-de-mas-de-5-mil-mdp\/#breadcrumb"},"inLanguage":"es","potentialAction":[{"@type":"ReadAction","target":["https:\/\/canal7slp.tv\/2019\/fiscalia-general-acusa-a-rosario-robles-por-desvio-de-mas-de-5-mil-mdp\/"]}]},{"@type":"ImageObject","inLanguage":"es","@id":"https:\/\/canal7slp.tv\/2019\/fiscalia-general-acusa-a-rosario-robles-por-desvio-de-mas-de-5-mil-mdp\/#primaryimage","url":"https:\/\/canal7slp.tv\/2019\/wp-content\/uploads\/2019\/08\/02-8.jpg","contentUrl":"https:\/\/canal7slp.tv\/2019\/wp-content\/uploads\/2019\/08\/02-8.jpg","width":750,"height":525,"caption":"90808013. M\u00e9xico, 8 Ago 2019 (Notimex-Especial).- Llega Rosario Robles al Reclusorio Sur para rendir comparecencia. Ciudad de M\u00e9xico, 8 de agosto de 2019. NOTIMEX\/FOTO\/ESPECIAL\/COR\/CLJ"},{"@type":"BreadcrumbList","@id":"https:\/\/canal7slp.tv\/2019\/fiscalia-general-acusa-a-rosario-robles-por-desvio-de-mas-de-5-mil-mdp\/#breadcrumb","itemListElement":[{"@type":"ListItem","position":1,"name":"Home","item":"https:\/\/canal7slp.tv\/2019\/"},{"@type":"ListItem","position":2,"name":"Fiscal\u00eda General acusa a Rosario Robles por desv\u00edo de m\u00e1s de 5 mil mdp"}]},{"@type":"WebSite","@id":"https:\/\/canal7slp.tv\/2019\/#website","url":"https:\/\/canal7slp.tv\/2019\/","name":"Canal 7 SLP - Somos TV","description":"Somos un Canal de 10","publisher":{"@id":"https:\/\/canal7slp.tv\/2019\/#organization"},"potentialAction":[{"@type":"SearchAction","target":{"@type":"EntryPoint","urlTemplate":"https:\/\/canal7slp.tv\/2019\/?s={search_term_string}"},"query-input":{"@type":"PropertyValueSpecification","valueRequired":true,"valueName":"search_term_string"}}],"inLanguage":"es"},{"@type":"Organization","@id":"https:\/\/canal7slp.tv\/2019\/#organization","name":"Comunicaci\u00f3n 2000 S.A. de C.V.","url":"https:\/\/canal7slp.tv\/2019\/","logo":{"@type":"ImageObject","inLanguage":"es","@id":"https:\/\/canal7slp.tv\/2019\/#\/schema\/logo\/image\/","url":"https:\/\/canal7slp.tv\/2019\/wp-content\/uploads\/2019\/07\/logo-c7.png","contentUrl":"https:\/\/canal7slp.tv\/2019\/wp-content\/uploads\/2019\/07\/logo-c7.png","width":220,"height":60,"caption":"Comunicaci\u00f3n 2000 S.A. de C.V."},"image":{"@id":"https:\/\/canal7slp.tv\/2019\/#\/schema\/logo\/image\/"},"sameAs":["https:\/\/www.facebook.com\/CANAL7SLP\/","https:\/\/x.com\/canal7_slp","https:\/\/www.instagram.com\/canal7_slp","https:\/\/www.youtube.com\/user\/NOTICIEROSCANAL7SLP\/"]},{"@type":"Person","@id":"https:\/\/canal7slp.tv\/2019\/#\/schema\/person\/11d941c1c6ca30ac0a46b95fa37aa2e3","name":"edicionweb","image":{"@type":"ImageObject","inLanguage":"es","@id":"https:\/\/secure.gravatar.com\/avatar\/eee448fc3f7164808013b816ba91ac7e43bbe82a70bebac296f8bc6f0addaa1a?s=96&d=mm&r=g","url":"https:\/\/secure.gravatar.com\/avatar\/eee448fc3f7164808013b816ba91ac7e43bbe82a70bebac296f8bc6f0addaa1a?s=96&d=mm&r=g","contentUrl":"https:\/\/secure.gravatar.com\/avatar\/eee448fc3f7164808013b816ba91ac7e43bbe82a70bebac296f8bc6f0addaa1a?s=96&d=mm&r=g","caption":"edicionweb"}}]}},"amp_enabled":true,"cmb2":{"video_ids_in_playlist":{"vid_p_videos":""},"video_ids_in_channel":{"vid_c_videos":""},"playlist_ids_in_channel":{"vid_c_playlists":""},"series_ids_in_channel":{"vid_c_series":""},"channel_images":{"vid_c_logo":"","vid_c_banner":""},"poster_feature_image":{"vid_m_poster_image":""},"gif_feature_image":{"vid_m_gif_image":""},"video_movie_settings":{"vid_m_director":"","vid_m_actor":"","vid_m_imdb_ratings":"","vid_m_amazon_associates":""},"vid_youtube_broadcasts_settings":{"vid_yb_broadcast_title":"","vid_yb_q":"","vid_yb_channelid":"","vid_yb_videocategoryid":"","vid_yb_maxresults":"","vid_yb_order":"","vid_yb_regioncode":"","vid_yb_videosyndicated":"","vid_yb_style":"","vid_yb_reload_first":""},"video_series_settings":{"vid_m_director":"","vid_m_actor":"","vid_m_imdb_ratings":"","video_series_group":""},"amazon_associates_settings":{"amazon_associates":"","amazon_native_ad":""},"vid_youtube_automatic_settings":{"vid_ya_youtube_source":"","vid_ya_update_every":"","vid_ya_update_unit":"","vid_ya_categories":"","vid_ya_published_after":"","vid_ya_published_before":"","vid_ya_playlists":"","vid_ya_channels":"","vid_ya_director":"","vid_ya_actor":"","vid_ya_author":"","vid_ya_import_post_date":"","vid_ya_status":"","vid_ya_sub_api_key":""},"vid_ads_m_videoads_settings_post":{"vid_ads_m_video_ads":"","vid_ads_m_video_ads_type":"","vid_ads_m_group_google_ima":"","vid_ads_m_group_image":"","vid_ads_m_group_html5_video":"","vid_ads_m_group_html":"","vid_ads_m_vast_preroll":"","vid_ads_m_vast_postroll":"","vid_ads_m_vast_pauseroll":"","vid_ads_m_vast_midroll":[{"vid_ads_m_vast_timer_seconds":"50"}],"vid_ads_m_time_to_show_ads":"","vid_ads_m_time_skip_ads":"","vid_ads_m_time_to_hide_ads":""},"page_slider_settings":{"display_slider_group":"","page_slider_group":""},"blog_page_settings":{"blog_page_title":"","blog_page_heading":"","blog_page_ic":"","blog_page_it":"","blog_page_ec":"","blog_page_ip":"","archive_loop_style":"","blog_image_ratio":"","blog_show_categories":"","blog_show_excerpt":"","blog_show_author":"","blog_show_date":"","blog_show_comment_count":"","blog_show_view_count":"","blog_show_like_count":"","blog_show_dislike_count":"","blog_items_per_page":"","blog_pag_type":""},"page_options":{"get_page_template":"","color_mode":"","main_layout":"","main_layout_full_with":"","main_logo":"","main_logo_retina":"","main_logo_mobile":"","main_logo_mobile_retina":"","sticky_logo":"","sticky_logo_retina":"","main_nav_layout":"","ajax_search":"","header_background":"","theme_sidebar":"","instagram_feed":"","instagram_feed_position":"","popular_videos":"","popular_videos_title_1":"","popular_videos_title_2":"","popular_videos_ic":"","popular_videos_it":"","theme_background":"","page_custom_css":""},"feature_image_settings":{"feature_image_position":""},"video_player_settings":{"single_video_style":"","video_player_position":"","vm_video_url":"","video_player_library":"","video_streaming":"","vm_media_sources":"","vid_auto_play":"","vm_video_shortcode":"","vid_p_sync_playlist":"","vid_c_sync_channel":"","get_post_format":"","multiple_links_structure":"default","multi_links_title":"","vm_video_multi_links":"","vm_duration":"","vid_social_locker":"off","vid_social_locker_id":"","vid_membership_action":"content-video","vm_video_trailer_url":"","vid_download_type":"free","vid_download_target":"download","vid_woo_product":"","vm_media_download":"","user_rating":"","user_rating_position":"","user_rating_mode":"","user_rating_multi_sets":""},"video_auto_fetch_settings":{"vm_video_fetch":"on"},"video_fake_views_likes":{"vm_fake_views":"","vm_fake_likes":"","vm_fake_dislikes":""},"gallery_settings":{"gallery_position":""},"quote_settings":{"quote_position":""},"post_options":{"main_layout":"","main_logo":"","main_logo_retina":"","main_logo_mobile":"","main_logo_mobile_retina":"","sticky_logo":"","sticky_logo_retina":"","main_nav_layout":"","header_background":"","theme_sidebar":"","single_post_comment_type":"","theme_background":""}},"_links":{"self":[{"href":"https:\/\/canal7slp.tv\/2019\/wp-json\/wp\/v2\/posts\/46899","targetHints":{"allow":["GET"]}}],"collection":[{"href":"https:\/\/canal7slp.tv\/2019\/wp-json\/wp\/v2\/posts"}],"about":[{"href":"https:\/\/canal7slp.tv\/2019\/wp-json\/wp\/v2\/types\/post"}],"author":[{"embeddable":true,"href":"https:\/\/canal7slp.tv\/2019\/wp-json\/wp\/v2\/users\/2"}],"replies":[{"embeddable":true,"href":"https:\/\/canal7slp.tv\/2019\/wp-json\/wp\/v2\/comments?post=46899"}],"version-history":[{"count":0,"href":"https:\/\/canal7slp.tv\/2019\/wp-json\/wp\/v2\/posts\/46899\/revisions"}],"wp:featuredmedia":[{"embeddable":true,"href":"https:\/\/canal7slp.tv\/2019\/wp-json\/wp\/v2\/media\/46901"}],"wp:attachment":[{"href":"https:\/\/canal7slp.tv\/2019\/wp-json\/wp\/v2\/media?parent=46899"}],"wp:term":[{"taxonomy":"category","embeddable":true,"href":"https:\/\/canal7slp.tv\/2019\/wp-json\/wp\/v2\/categories?post=46899"},{"taxonomy":"post_tag","embeddable":true,"href":"https:\/\/canal7slp.tv\/2019\/wp-json\/wp\/v2\/tags?post=46899"}],"curies":[{"name":"wp","href":"https:\/\/api.w.org\/{rel}","templated":true}]}}