{"id":46842,"date":"2019-08-08T18:52:36","date_gmt":"2019-08-08T23:52:36","guid":{"rendered":"https:\/\/canal7slp.tv\/2019\/?p=46842"},"modified":"2019-08-08T18:52:36","modified_gmt":"2019-08-08T23:52:36","slug":"slp-con-historico-avance-en-el-combate-a-la-carencia-alimentaria-sube-11-posiciones-a-nivel-nacional","status":"publish","type":"post","link":"https:\/\/canal7slp.tv\/2019\/slp-con-historico-avance-en-el-combate-a-la-carencia-alimentaria-sube-11-posiciones-a-nivel-nacional\/","title":{"rendered":"SLP con hist\u00f3rico avance en el combate a la carencia alimentaria sube 11 posiciones a nivel nacional"},"content":{"rendered":"<ul>\n<li style=\"text-align: justify;\">En dos a\u00f1os, la entidad pas\u00f3 del lugar 20 al 9 con menor carencia alimentaria.<\/li>\n<li style=\"text-align: justify;\">Y del lugar 24 al 9 en carencia de inseguridad alimentaria severa.<\/li>\n<\/ul>\n<p style=\"text-align: justify;\">SLP.- San Luis Potos\u00ed subi\u00f3 11 posiciones a nivel nacional en dos a\u00f1os, ubic\u00e1ndose en el lugar n\u00famero 9 con menor carencia alimentaria, de acuerdo al Consejo Nacional de Evaluaci\u00f3n de la Pol\u00edtica Estatal para el Desarrollo Social (CONEVAL), inform\u00f3 la Presidenta de la Junta Directiva del Sistema para el Desarrollo Integral de la Familia (DIF), Estatal Lorena Valle Rodr\u00edguez.<\/p>\n<p style=\"text-align: justify;\">Destac\u00f3 que \u201cestos resultados son un referente de que los esfuerzos est\u00e1n bien orientados y que la estrategia implementada por el Gobernador del Estado, Juan Manuel Carreras L\u00f3pez desde el inicio de su gesti\u00f3n, est\u00e1 enfocada en el camino correcto para lograr que cada vez m\u00e1s potosinos tengan acceso a la alimentaci\u00f3n\u201d, tras informar que en este periodo se logr\u00f3 que 80 mil personas salieran de la carencia alimentaria, de las cuales 42 mil superaron la inseguridad alimentaria severa, con lo que San Luis Potos\u00ed avanz\u00f3 del lugar 24 al 9, es decir, 15 posiciones con respecto a este indicador.<\/p>\n<p style=\"text-align: justify;\">Valle Rodr\u00edguez, dijo que en lo que va de la administraci\u00f3n estatal, se habilitaron 414 espacios alimentarios y se incorporaron 12 mil nuevos beneficiarios, principalmente ni\u00f1os y ni\u00f1as de educaci\u00f3n b\u00e1sica y personas en desventaja a los Programas Alimentarios para una cobertura de 233 mil 747 personas, que representan un crecimiento del 52.9 por ciento, con relaci\u00f3n a 2015.<\/p>\n<p style=\"text-align: justify;\">Por su parte la Directora del DIF Estatal Cecilia Gonz\u00e1lez Gordoa mencion\u00f3 que, a trav\u00e9s de los programas alimentarios, se proporcionan desayunos y comidas a la poblaci\u00f3n en desventaja, insumos alimentarios para ni\u00f1as y ni\u00f1os menores de 5 a\u00f1os, as\u00ed como la entrega de dotaciones alimenticias a personas adultas mayores, con discapacidad, mujeres embarazadas y a estudiantes de zonas ind\u00edgenas que cursan educaci\u00f3n b\u00e1sica en escuelas de alta marginaci\u00f3n de todo el Estado.<\/p>\n<p style=\"text-align: justify;\">Agreg\u00f3 que \u201cde manera paralela, se llevan a cabo actividades de orientaci\u00f3n y capacitaci\u00f3n para informar a la poblaci\u00f3n sobre la importancia de contar con una alimentaci\u00f3n que proteja su salud y durante estos 4 a\u00f1os de Gobierno, el trabajo coordinado e interinstitucional con Diconsa S.A de C.V., ha permitido ahorro y buen uso de los recursos, para poder llegar a m\u00e1s potosinos que se encuentran en desventaja\u201d.<\/p>\n<p style=\"text-align: justify;\">Finalmente, la Directora General del DIF, hizo un reconocimiento al trabajo que realizan los 58 Ayuntamientos del Estado a trav\u00e9s de los Sistemas Municipales DIF, y al liderazgo de Lorena Valle Rodr\u00edguez, Presidenta de la Junta Directiva del organismo, para coordinar estos programas y en lo futuro continuar cosechando resultados positivos.<\/p>\n","protected":false},"excerpt":{"rendered":"<p>En dos a\u00f1os, la entidad pas\u00f3 del lugar 20 al 9 con menor carencia alimentaria. Y del lugar 24 al 9 en carencia de inseguridad alimentaria severa. SLP.- San Luis Potos\u00ed subi\u00f3 11 posiciones a nivel nacional en dos a\u00f1os, ubic\u00e1ndose en el lugar n\u00famero 9 con menor carencia alimentaria, de acuerdo al Consejo Nacional [&hellip;]<\/p>\n","protected":false},"author":2,"featured_media":46845,"comment_status":"open","ping_status":"closed","sticky":false,"template":"","format":"standard","meta":{"footnotes":""},"categories":[17],"tags":[111],"class_list":["post-46842","post","type-post","status-publish","format-standard","has-post-thumbnail","hentry","category-localesyregionales","tag-gobierno-slp"],"yoast_head":"<!-- This site is optimized with the Yoast SEO plugin v27.4 - https:\/\/yoast.com\/product\/yoast-seo-wordpress\/ -->\n<title>SLP con hist\u00f3rico avance en el combate a la carencia alimentaria sube 11 posiciones a nivel nacional - Canal 7 SLP - 2019<\/title>\n<meta name=\"robots\" content=\"index, follow, max-snippet:-1, max-image-preview:large, max-video-preview:-1\" \/>\n<link rel=\"canonical\" href=\"https:\/\/canal7slp.tv\/2019\/slp-con-historico-avance-en-el-combate-a-la-carencia-alimentaria-sube-11-posiciones-a-nivel-nacional\/\" \/>\n<meta property=\"og:locale\" content=\"es_ES\" \/>\n<meta property=\"og:type\" content=\"article\" \/>\n<meta property=\"og:title\" content=\"SLP con hist\u00f3rico avance en el combate a la carencia alimentaria sube 11 posiciones a nivel nacional - Canal 7 SLP - 2019\" \/>\n<meta property=\"og:description\" content=\"En dos a\u00f1os, la entidad pas\u00f3 del lugar 20 al 9 con menor carencia alimentaria. Y del lugar 24 al 9 en carencia de inseguridad alimentaria severa. SLP.- San Luis Potos\u00ed subi\u00f3 11 posiciones a nivel nacional en dos a\u00f1os, ubic\u00e1ndose en el lugar n\u00famero 9 con menor carencia alimentaria, de acuerdo al Consejo Nacional [&hellip;]\" \/>\n<meta property=\"og:url\" content=\"https:\/\/canal7slp.tv\/2019\/slp-con-historico-avance-en-el-combate-a-la-carencia-alimentaria-sube-11-posiciones-a-nivel-nacional\/\" \/>\n<meta property=\"og:site_name\" content=\"Canal 7 SLP - 2019\" \/>\n<meta property=\"article:publisher\" content=\"https:\/\/www.facebook.com\/CANAL7SLP\/\" \/>\n<meta property=\"article:published_time\" content=\"2019-08-08T23:52:36+00:00\" \/>\n<meta property=\"og:image\" content=\"https:\/\/canal7slp.tv\/2019\/wp-content\/uploads\/2019\/08\/g2-5.jpg\" \/>\n\t<meta property=\"og:image:width\" content=\"615\" \/>\n\t<meta property=\"og:image:height\" content=\"410\" \/>\n\t<meta property=\"og:image:type\" content=\"image\/jpeg\" \/>\n<meta name=\"author\" content=\"edicionweb\" \/>\n<meta name=\"twitter:card\" content=\"summary_large_image\" \/>\n<meta name=\"twitter:creator\" content=\"@canal7_slp\" \/>\n<meta name=\"twitter:site\" content=\"@canal7_slp\" \/>\n<meta name=\"twitter:label1\" content=\"Escrito por\" \/>\n\t<meta name=\"twitter:data1\" content=\"edicionweb\" \/>\n\t<meta name=\"twitter:label2\" content=\"Tiempo de lectura\" \/>\n\t<meta name=\"twitter:data2\" content=\"2 minutos\" \/>\n<script type=\"application\/ld+json\" class=\"yoast-schema-graph\">{\"@context\":\"https:\\\/\\\/schema.org\",\"@graph\":[{\"@type\":\"Article\",\"@id\":\"https:\\\/\\\/canal7slp.tv\\\/2019\\\/slp-con-historico-avance-en-el-combate-a-la-carencia-alimentaria-sube-11-posiciones-a-nivel-nacional\\\/#article\",\"isPartOf\":{\"@id\":\"https:\\\/\\\/canal7slp.tv\\\/2019\\\/slp-con-historico-avance-en-el-combate-a-la-carencia-alimentaria-sube-11-posiciones-a-nivel-nacional\\\/\"},\"author\":{\"name\":\"edicionweb\",\"@id\":\"https:\\\/\\\/canal7slp.tv\\\/2019\\\/#\\\/schema\\\/person\\\/11d941c1c6ca30ac0a46b95fa37aa2e3\"},\"headline\":\"SLP con hist\u00f3rico avance en el combate a la carencia alimentaria sube 11 posiciones a nivel nacional\",\"datePublished\":\"2019-08-08T23:52:36+00:00\",\"mainEntityOfPage\":{\"@id\":\"https:\\\/\\\/canal7slp.tv\\\/2019\\\/slp-con-historico-avance-en-el-combate-a-la-carencia-alimentaria-sube-11-posiciones-a-nivel-nacional\\\/\"},\"wordCount\":475,\"commentCount\":0,\"publisher\":{\"@id\":\"https:\\\/\\\/canal7slp.tv\\\/2019\\\/#organization\"},\"image\":{\"@id\":\"https:\\\/\\\/canal7slp.tv\\\/2019\\\/slp-con-historico-avance-en-el-combate-a-la-carencia-alimentaria-sube-11-posiciones-a-nivel-nacional\\\/#primaryimage\"},\"thumbnailUrl\":\"https:\\\/\\\/canal7slp.tv\\\/2019\\\/wp-content\\\/uploads\\\/2019\\\/08\\\/g2-5.jpg\",\"keywords\":[\"Gobierno SLP\"],\"articleSection\":[\"LOCALES Y REGIONALES\"],\"inLanguage\":\"es\",\"potentialAction\":[{\"@type\":\"CommentAction\",\"name\":\"Comment\",\"target\":[\"https:\\\/\\\/canal7slp.tv\\\/2019\\\/slp-con-historico-avance-en-el-combate-a-la-carencia-alimentaria-sube-11-posiciones-a-nivel-nacional\\\/#respond\"]}]},{\"@type\":\"WebPage\",\"@id\":\"https:\\\/\\\/canal7slp.tv\\\/2019\\\/slp-con-historico-avance-en-el-combate-a-la-carencia-alimentaria-sube-11-posiciones-a-nivel-nacional\\\/\",\"url\":\"https:\\\/\\\/canal7slp.tv\\\/2019\\\/slp-con-historico-avance-en-el-combate-a-la-carencia-alimentaria-sube-11-posiciones-a-nivel-nacional\\\/\",\"name\":\"SLP con hist\u00f3rico avance en el combate a la carencia alimentaria sube 11 posiciones a nivel nacional - Canal 7 SLP - 2019\",\"isPartOf\":{\"@id\":\"https:\\\/\\\/canal7slp.tv\\\/2019\\\/#website\"},\"primaryImageOfPage\":{\"@id\":\"https:\\\/\\\/canal7slp.tv\\\/2019\\\/slp-con-historico-avance-en-el-combate-a-la-carencia-alimentaria-sube-11-posiciones-a-nivel-nacional\\\/#primaryimage\"},\"image\":{\"@id\":\"https:\\\/\\\/canal7slp.tv\\\/2019\\\/slp-con-historico-avance-en-el-combate-a-la-carencia-alimentaria-sube-11-posiciones-a-nivel-nacional\\\/#primaryimage\"},\"thumbnailUrl\":\"https:\\\/\\\/canal7slp.tv\\\/2019\\\/wp-content\\\/uploads\\\/2019\\\/08\\\/g2-5.jpg\",\"datePublished\":\"2019-08-08T23:52:36+00:00\",\"breadcrumb\":{\"@id\":\"https:\\\/\\\/canal7slp.tv\\\/2019\\\/slp-con-historico-avance-en-el-combate-a-la-carencia-alimentaria-sube-11-posiciones-a-nivel-nacional\\\/#breadcrumb\"},\"inLanguage\":\"es\",\"potentialAction\":[{\"@type\":\"ReadAction\",\"target\":[\"https:\\\/\\\/canal7slp.tv\\\/2019\\\/slp-con-historico-avance-en-el-combate-a-la-carencia-alimentaria-sube-11-posiciones-a-nivel-nacional\\\/\"]}]},{\"@type\":\"ImageObject\",\"inLanguage\":\"es\",\"@id\":\"https:\\\/\\\/canal7slp.tv\\\/2019\\\/slp-con-historico-avance-en-el-combate-a-la-carencia-alimentaria-sube-11-posiciones-a-nivel-nacional\\\/#primaryimage\",\"url\":\"https:\\\/\\\/canal7slp.tv\\\/2019\\\/wp-content\\\/uploads\\\/2019\\\/08\\\/g2-5.jpg\",\"contentUrl\":\"https:\\\/\\\/canal7slp.tv\\\/2019\\\/wp-content\\\/uploads\\\/2019\\\/08\\\/g2-5.jpg\",\"width\":615,\"height\":410},{\"@type\":\"BreadcrumbList\",\"@id\":\"https:\\\/\\\/canal7slp.tv\\\/2019\\\/slp-con-historico-avance-en-el-combate-a-la-carencia-alimentaria-sube-11-posiciones-a-nivel-nacional\\\/#breadcrumb\",\"itemListElement\":[{\"@type\":\"ListItem\",\"position\":1,\"name\":\"Home\",\"item\":\"https:\\\/\\\/canal7slp.tv\\\/2019\\\/\"},{\"@type\":\"ListItem\",\"position\":2,\"name\":\"SLP con hist\u00f3rico avance en el combate a la carencia alimentaria sube 11 posiciones a nivel nacional\"}]},{\"@type\":\"WebSite\",\"@id\":\"https:\\\/\\\/canal7slp.tv\\\/2019\\\/#website\",\"url\":\"https:\\\/\\\/canal7slp.tv\\\/2019\\\/\",\"name\":\"Canal 7 SLP - Somos TV\",\"description\":\"Somos un Canal de 10\",\"publisher\":{\"@id\":\"https:\\\/\\\/canal7slp.tv\\\/2019\\\/#organization\"},\"potentialAction\":[{\"@type\":\"SearchAction\",\"target\":{\"@type\":\"EntryPoint\",\"urlTemplate\":\"https:\\\/\\\/canal7slp.tv\\\/2019\\\/?s={search_term_string}\"},\"query-input\":{\"@type\":\"PropertyValueSpecification\",\"valueRequired\":true,\"valueName\":\"search_term_string\"}}],\"inLanguage\":\"es\"},{\"@type\":\"Organization\",\"@id\":\"https:\\\/\\\/canal7slp.tv\\\/2019\\\/#organization\",\"name\":\"Comunicaci\u00f3n 2000 S.A. de C.V.\",\"url\":\"https:\\\/\\\/canal7slp.tv\\\/2019\\\/\",\"logo\":{\"@type\":\"ImageObject\",\"inLanguage\":\"es\",\"@id\":\"https:\\\/\\\/canal7slp.tv\\\/2019\\\/#\\\/schema\\\/logo\\\/image\\\/\",\"url\":\"https:\\\/\\\/canal7slp.tv\\\/2019\\\/wp-content\\\/uploads\\\/2019\\\/07\\\/logo-c7.png\",\"contentUrl\":\"https:\\\/\\\/canal7slp.tv\\\/2019\\\/wp-content\\\/uploads\\\/2019\\\/07\\\/logo-c7.png\",\"width\":220,\"height\":60,\"caption\":\"Comunicaci\u00f3n 2000 S.A. de C.V.\"},\"image\":{\"@id\":\"https:\\\/\\\/canal7slp.tv\\\/2019\\\/#\\\/schema\\\/logo\\\/image\\\/\"},\"sameAs\":[\"https:\\\/\\\/www.facebook.com\\\/CANAL7SLP\\\/\",\"https:\\\/\\\/x.com\\\/canal7_slp\",\"https:\\\/\\\/www.instagram.com\\\/canal7_slp\",\"https:\\\/\\\/www.youtube.com\\\/user\\\/NOTICIEROSCANAL7SLP\\\/\"]},{\"@type\":\"Person\",\"@id\":\"https:\\\/\\\/canal7slp.tv\\\/2019\\\/#\\\/schema\\\/person\\\/11d941c1c6ca30ac0a46b95fa37aa2e3\",\"name\":\"edicionweb\",\"image\":{\"@type\":\"ImageObject\",\"inLanguage\":\"es\",\"@id\":\"https:\\\/\\\/secure.gravatar.com\\\/avatar\\\/eee448fc3f7164808013b816ba91ac7e43bbe82a70bebac296f8bc6f0addaa1a?s=96&d=mm&r=g\",\"url\":\"https:\\\/\\\/secure.gravatar.com\\\/avatar\\\/eee448fc3f7164808013b816ba91ac7e43bbe82a70bebac296f8bc6f0addaa1a?s=96&d=mm&r=g\",\"contentUrl\":\"https:\\\/\\\/secure.gravatar.com\\\/avatar\\\/eee448fc3f7164808013b816ba91ac7e43bbe82a70bebac296f8bc6f0addaa1a?s=96&d=mm&r=g\",\"caption\":\"edicionweb\"}}]}<\/script>\n<!-- \/ Yoast SEO plugin. -->","yoast_head_json":{"title":"SLP con hist\u00f3rico avance en el combate a la carencia alimentaria sube 11 posiciones a nivel nacional - Canal 7 SLP - 2019","robots":{"index":"index","follow":"follow","max-snippet":"max-snippet:-1","max-image-preview":"max-image-preview:large","max-video-preview":"max-video-preview:-1"},"canonical":"https:\/\/canal7slp.tv\/2019\/slp-con-historico-avance-en-el-combate-a-la-carencia-alimentaria-sube-11-posiciones-a-nivel-nacional\/","og_locale":"es_ES","og_type":"article","og_title":"SLP con hist\u00f3rico avance en el combate a la carencia alimentaria sube 11 posiciones a nivel nacional - Canal 7 SLP - 2019","og_description":"En dos a\u00f1os, la entidad pas\u00f3 del lugar 20 al 9 con menor carencia alimentaria. Y del lugar 24 al 9 en carencia de inseguridad alimentaria severa. SLP.- San Luis Potos\u00ed subi\u00f3 11 posiciones a nivel nacional en dos a\u00f1os, ubic\u00e1ndose en el lugar n\u00famero 9 con menor carencia alimentaria, de acuerdo al Consejo Nacional [&hellip;]","og_url":"https:\/\/canal7slp.tv\/2019\/slp-con-historico-avance-en-el-combate-a-la-carencia-alimentaria-sube-11-posiciones-a-nivel-nacional\/","og_site_name":"Canal 7 SLP - 2019","article_publisher":"https:\/\/www.facebook.com\/CANAL7SLP\/","article_published_time":"2019-08-08T23:52:36+00:00","og_image":[{"width":615,"height":410,"url":"https:\/\/canal7slp.tv\/2019\/wp-content\/uploads\/2019\/08\/g2-5.jpg","type":"image\/jpeg"}],"author":"edicionweb","twitter_card":"summary_large_image","twitter_creator":"@canal7_slp","twitter_site":"@canal7_slp","twitter_misc":{"Escrito por":"edicionweb","Tiempo de lectura":"2 minutos"},"schema":{"@context":"https:\/\/schema.org","@graph":[{"@type":"Article","@id":"https:\/\/canal7slp.tv\/2019\/slp-con-historico-avance-en-el-combate-a-la-carencia-alimentaria-sube-11-posiciones-a-nivel-nacional\/#article","isPartOf":{"@id":"https:\/\/canal7slp.tv\/2019\/slp-con-historico-avance-en-el-combate-a-la-carencia-alimentaria-sube-11-posiciones-a-nivel-nacional\/"},"author":{"name":"edicionweb","@id":"https:\/\/canal7slp.tv\/2019\/#\/schema\/person\/11d941c1c6ca30ac0a46b95fa37aa2e3"},"headline":"SLP con hist\u00f3rico avance en el combate a la carencia alimentaria sube 11 posiciones a nivel nacional","datePublished":"2019-08-08T23:52:36+00:00","mainEntityOfPage":{"@id":"https:\/\/canal7slp.tv\/2019\/slp-con-historico-avance-en-el-combate-a-la-carencia-alimentaria-sube-11-posiciones-a-nivel-nacional\/"},"wordCount":475,"commentCount":0,"publisher":{"@id":"https:\/\/canal7slp.tv\/2019\/#organization"},"image":{"@id":"https:\/\/canal7slp.tv\/2019\/slp-con-historico-avance-en-el-combate-a-la-carencia-alimentaria-sube-11-posiciones-a-nivel-nacional\/#primaryimage"},"thumbnailUrl":"https:\/\/canal7slp.tv\/2019\/wp-content\/uploads\/2019\/08\/g2-5.jpg","keywords":["Gobierno SLP"],"articleSection":["LOCALES Y REGIONALES"],"inLanguage":"es","potentialAction":[{"@type":"CommentAction","name":"Comment","target":["https:\/\/canal7slp.tv\/2019\/slp-con-historico-avance-en-el-combate-a-la-carencia-alimentaria-sube-11-posiciones-a-nivel-nacional\/#respond"]}]},{"@type":"WebPage","@id":"https:\/\/canal7slp.tv\/2019\/slp-con-historico-avance-en-el-combate-a-la-carencia-alimentaria-sube-11-posiciones-a-nivel-nacional\/","url":"https:\/\/canal7slp.tv\/2019\/slp-con-historico-avance-en-el-combate-a-la-carencia-alimentaria-sube-11-posiciones-a-nivel-nacional\/","name":"SLP con hist\u00f3rico avance en el combate a la carencia alimentaria sube 11 posiciones a nivel nacional - Canal 7 SLP - 2019","isPartOf":{"@id":"https:\/\/canal7slp.tv\/2019\/#website"},"primaryImageOfPage":{"@id":"https:\/\/canal7slp.tv\/2019\/slp-con-historico-avance-en-el-combate-a-la-carencia-alimentaria-sube-11-posiciones-a-nivel-nacional\/#primaryimage"},"image":{"@id":"https:\/\/canal7slp.tv\/2019\/slp-con-historico-avance-en-el-combate-a-la-carencia-alimentaria-sube-11-posiciones-a-nivel-nacional\/#primaryimage"},"thumbnailUrl":"https:\/\/canal7slp.tv\/2019\/wp-content\/uploads\/2019\/08\/g2-5.jpg","datePublished":"2019-08-08T23:52:36+00:00","breadcrumb":{"@id":"https:\/\/canal7slp.tv\/2019\/slp-con-historico-avance-en-el-combate-a-la-carencia-alimentaria-sube-11-posiciones-a-nivel-nacional\/#breadcrumb"},"inLanguage":"es","potentialAction":[{"@type":"ReadAction","target":["https:\/\/canal7slp.tv\/2019\/slp-con-historico-avance-en-el-combate-a-la-carencia-alimentaria-sube-11-posiciones-a-nivel-nacional\/"]}]},{"@type":"ImageObject","inLanguage":"es","@id":"https:\/\/canal7slp.tv\/2019\/slp-con-historico-avance-en-el-combate-a-la-carencia-alimentaria-sube-11-posiciones-a-nivel-nacional\/#primaryimage","url":"https:\/\/canal7slp.tv\/2019\/wp-content\/uploads\/2019\/08\/g2-5.jpg","contentUrl":"https:\/\/canal7slp.tv\/2019\/wp-content\/uploads\/2019\/08\/g2-5.jpg","width":615,"height":410},{"@type":"BreadcrumbList","@id":"https:\/\/canal7slp.tv\/2019\/slp-con-historico-avance-en-el-combate-a-la-carencia-alimentaria-sube-11-posiciones-a-nivel-nacional\/#breadcrumb","itemListElement":[{"@type":"ListItem","position":1,"name":"Home","item":"https:\/\/canal7slp.tv\/2019\/"},{"@type":"ListItem","position":2,"name":"SLP con hist\u00f3rico avance en el combate a la carencia alimentaria sube 11 posiciones a nivel nacional"}]},{"@type":"WebSite","@id":"https:\/\/canal7slp.tv\/2019\/#website","url":"https:\/\/canal7slp.tv\/2019\/","name":"Canal 7 SLP - Somos TV","description":"Somos un Canal de 10","publisher":{"@id":"https:\/\/canal7slp.tv\/2019\/#organization"},"potentialAction":[{"@type":"SearchAction","target":{"@type":"EntryPoint","urlTemplate":"https:\/\/canal7slp.tv\/2019\/?s={search_term_string}"},"query-input":{"@type":"PropertyValueSpecification","valueRequired":true,"valueName":"search_term_string"}}],"inLanguage":"es"},{"@type":"Organization","@id":"https:\/\/canal7slp.tv\/2019\/#organization","name":"Comunicaci\u00f3n 2000 S.A. de C.V.","url":"https:\/\/canal7slp.tv\/2019\/","logo":{"@type":"ImageObject","inLanguage":"es","@id":"https:\/\/canal7slp.tv\/2019\/#\/schema\/logo\/image\/","url":"https:\/\/canal7slp.tv\/2019\/wp-content\/uploads\/2019\/07\/logo-c7.png","contentUrl":"https:\/\/canal7slp.tv\/2019\/wp-content\/uploads\/2019\/07\/logo-c7.png","width":220,"height":60,"caption":"Comunicaci\u00f3n 2000 S.A. de C.V."},"image":{"@id":"https:\/\/canal7slp.tv\/2019\/#\/schema\/logo\/image\/"},"sameAs":["https:\/\/www.facebook.com\/CANAL7SLP\/","https:\/\/x.com\/canal7_slp","https:\/\/www.instagram.com\/canal7_slp","https:\/\/www.youtube.com\/user\/NOTICIEROSCANAL7SLP\/"]},{"@type":"Person","@id":"https:\/\/canal7slp.tv\/2019\/#\/schema\/person\/11d941c1c6ca30ac0a46b95fa37aa2e3","name":"edicionweb","image":{"@type":"ImageObject","inLanguage":"es","@id":"https:\/\/secure.gravatar.com\/avatar\/eee448fc3f7164808013b816ba91ac7e43bbe82a70bebac296f8bc6f0addaa1a?s=96&d=mm&r=g","url":"https:\/\/secure.gravatar.com\/avatar\/eee448fc3f7164808013b816ba91ac7e43bbe82a70bebac296f8bc6f0addaa1a?s=96&d=mm&r=g","contentUrl":"https:\/\/secure.gravatar.com\/avatar\/eee448fc3f7164808013b816ba91ac7e43bbe82a70bebac296f8bc6f0addaa1a?s=96&d=mm&r=g","caption":"edicionweb"}}]}},"amp_enabled":true,"cmb2":{"video_ids_in_playlist":{"vid_p_videos":""},"video_ids_in_channel":{"vid_c_videos":""},"playlist_ids_in_channel":{"vid_c_playlists":""},"series_ids_in_channel":{"vid_c_series":""},"channel_images":{"vid_c_logo":"","vid_c_banner":""},"poster_feature_image":{"vid_m_poster_image":""},"gif_feature_image":{"vid_m_gif_image":""},"video_movie_settings":{"vid_m_director":"","vid_m_actor":"","vid_m_imdb_ratings":"","vid_m_amazon_associates":""},"vid_youtube_broadcasts_settings":{"vid_yb_broadcast_title":"","vid_yb_q":"","vid_yb_channelid":"","vid_yb_videocategoryid":"","vid_yb_maxresults":"","vid_yb_order":"","vid_yb_regioncode":"","vid_yb_videosyndicated":"","vid_yb_style":"","vid_yb_reload_first":""},"video_series_settings":{"vid_m_director":"","vid_m_actor":"","vid_m_imdb_ratings":"","video_series_group":""},"amazon_associates_settings":{"amazon_associates":"","amazon_native_ad":""},"vid_youtube_automatic_settings":{"vid_ya_youtube_source":"","vid_ya_update_every":"","vid_ya_update_unit":"","vid_ya_categories":"","vid_ya_published_after":"","vid_ya_published_before":"","vid_ya_playlists":"","vid_ya_channels":"","vid_ya_director":"","vid_ya_actor":"","vid_ya_author":"","vid_ya_import_post_date":"","vid_ya_status":"","vid_ya_sub_api_key":""},"vid_ads_m_videoads_settings_post":{"vid_ads_m_video_ads":"","vid_ads_m_video_ads_type":"","vid_ads_m_group_google_ima":"","vid_ads_m_group_image":"","vid_ads_m_group_html5_video":"","vid_ads_m_group_html":"","vid_ads_m_vast_preroll":"","vid_ads_m_vast_postroll":"","vid_ads_m_vast_pauseroll":"","vid_ads_m_vast_midroll":[{"vid_ads_m_vast_timer_seconds":"50"}],"vid_ads_m_time_to_show_ads":"","vid_ads_m_time_skip_ads":"","vid_ads_m_time_to_hide_ads":""},"page_slider_settings":{"display_slider_group":"","page_slider_group":""},"blog_page_settings":{"blog_page_title":"","blog_page_heading":"","blog_page_ic":"","blog_page_it":"","blog_page_ec":"","blog_page_ip":"","archive_loop_style":"","blog_image_ratio":"","blog_show_categories":"","blog_show_excerpt":"","blog_show_author":"","blog_show_date":"","blog_show_comment_count":"","blog_show_view_count":"","blog_show_like_count":"","blog_show_dislike_count":"","blog_items_per_page":"","blog_pag_type":""},"page_options":{"get_page_template":"","color_mode":"","main_layout":"","main_layout_full_with":"","main_logo":"","main_logo_retina":"","main_logo_mobile":"","main_logo_mobile_retina":"","sticky_logo":"","sticky_logo_retina":"","main_nav_layout":"","ajax_search":"","header_background":"","theme_sidebar":"","instagram_feed":"","instagram_feed_position":"","popular_videos":"","popular_videos_title_1":"","popular_videos_title_2":"","popular_videos_ic":"","popular_videos_it":"","theme_background":"","page_custom_css":""},"feature_image_settings":{"feature_image_position":""},"video_player_settings":{"single_video_style":"","video_player_position":"","vm_video_url":"","video_player_library":"","video_streaming":"","vm_media_sources":"","vid_auto_play":"","vm_video_shortcode":"","vid_p_sync_playlist":"","vid_c_sync_channel":"","get_post_format":"","multiple_links_structure":"default","multi_links_title":"","vm_video_multi_links":"","vm_duration":"","vid_social_locker":"off","vid_social_locker_id":"","vid_membership_action":"content-video","vm_video_trailer_url":"","vid_download_type":"free","vid_download_target":"download","vid_woo_product":"","vm_media_download":"","user_rating":"","user_rating_position":"","user_rating_mode":"","user_rating_multi_sets":""},"video_auto_fetch_settings":{"vm_video_fetch":"on"},"video_fake_views_likes":{"vm_fake_views":"","vm_fake_likes":"","vm_fake_dislikes":""},"gallery_settings":{"gallery_position":""},"quote_settings":{"quote_position":""},"post_options":{"main_layout":"","main_logo":"","main_logo_retina":"","main_logo_mobile":"","main_logo_mobile_retina":"","sticky_logo":"","sticky_logo_retina":"","main_nav_layout":"","header_background":"","theme_sidebar":"","single_post_comment_type":"","theme_background":""}},"_links":{"self":[{"href":"https:\/\/canal7slp.tv\/2019\/wp-json\/wp\/v2\/posts\/46842","targetHints":{"allow":["GET"]}}],"collection":[{"href":"https:\/\/canal7slp.tv\/2019\/wp-json\/wp\/v2\/posts"}],"about":[{"href":"https:\/\/canal7slp.tv\/2019\/wp-json\/wp\/v2\/types\/post"}],"author":[{"embeddable":true,"href":"https:\/\/canal7slp.tv\/2019\/wp-json\/wp\/v2\/users\/2"}],"replies":[{"embeddable":true,"href":"https:\/\/canal7slp.tv\/2019\/wp-json\/wp\/v2\/comments?post=46842"}],"version-history":[{"count":0,"href":"https:\/\/canal7slp.tv\/2019\/wp-json\/wp\/v2\/posts\/46842\/revisions"}],"wp:featuredmedia":[{"embeddable":true,"href":"https:\/\/canal7slp.tv\/2019\/wp-json\/wp\/v2\/media\/46845"}],"wp:attachment":[{"href":"https:\/\/canal7slp.tv\/2019\/wp-json\/wp\/v2\/media?parent=46842"}],"wp:term":[{"taxonomy":"category","embeddable":true,"href":"https:\/\/canal7slp.tv\/2019\/wp-json\/wp\/v2\/categories?post=46842"},{"taxonomy":"post_tag","embeddable":true,"href":"https:\/\/canal7slp.tv\/2019\/wp-json\/wp\/v2\/tags?post=46842"}],"curies":[{"name":"wp","href":"https:\/\/api.w.org\/{rel}","templated":true}]}}