{"id":46767,"date":"2019-08-08T18:12:42","date_gmt":"2019-08-08T23:12:42","guid":{"rendered":"https:\/\/canal7slp.tv\/2019\/?p=46767"},"modified":"2019-08-08T18:12:42","modified_gmt":"2019-08-08T23:12:42","slug":"congreso-del-estado-plantea-realizar-nuevo-periodo-extraordinario","status":"publish","type":"post","link":"https:\/\/canal7slp.tv\/2019\/congreso-del-estado-plantea-realizar-nuevo-periodo-extraordinario\/","title":{"rendered":"Congreso del Estado plantea realizar nuevo Periodo Extraordinario"},"content":{"rendered":"<p style=\"text-align: justify;\">SLP.- La diputada Sonia Mendoza D\u00edaz, presidenta de la Directiva, indic\u00f3 que se plantear\u00e1 convocar a un nuevo Periodo Extraordinario de Sesiones a finales del mes de agosto, una vez que se integre la agenda de asuntos planteadas por las diferentes comisiones legislativas.<\/p>\n<p style=\"text-align: justify;\">La diputada indic\u00f3 que se estar\u00e1n revisando los diferentes temas que son turnados a la Directiva por parte de las comisiones, para concretar la convocatoria el pr\u00f3ximo jueves en la sesi\u00f3n de la Diputaci\u00f3n Permanente.<\/p>\n<p style=\"text-align: justify;\">\u201cAunque todav\u00eda no se hace oficial, estamos previendo para tener un Periodo Extraordinario en los pr\u00f3ximos d\u00edas, todav\u00eda estamos precisamente en las comisiones de Gobernaci\u00f3n y Justicia en estos d\u00edas sesionando con algunos asuntos, esperemos que ya que nos pasen la agenda, y lo podamos agendar en la pr\u00f3xima permanente que ser\u00eda el pr\u00f3ximo jueves, y yo creo que ser\u00eda a finales de agosto\u201d.<\/p>\n<p style=\"text-align: justify;\">En sesi\u00f3n de la Diputaci\u00f3n Permanente, se dio entrada a la Iniciativa presentada por el diputado Edgardo Hern\u00e1ndez Contreras, para reformar el art\u00edculo 198 en su fracci\u00f3n XII, del Reglamento para el Gobierno Interior del Congreso del Estado de San Luis Potos\u00ed, la cual fue turnada para su an\u00e1lisis a las comisiones de Puntos Constitucionales; Gobernaci\u00f3n; y Transparencia y Acceso a la Informaci\u00f3n P\u00fablica.<\/p>\n<p style=\"text-align: justify;\">A la Comisi\u00f3n de Asuntos Migratorios, fue turnado el Punto de Acuerdo presentado por la diputada Marite Hern\u00e1ndez Contreras para exhortar al titular del Poder Ejecutivo del Estado a que, como medida preventiva urgente, instruya a los secretarios del ramo competentes para que emitan una Alerta Roja para advertir y recomendar a las y los potosinos eviten en lo posible visitar el estado de Texas, Estados Unidos de Norteam\u00e9rica, atendiendo a los riesgos que pueden presentar para su seguridad y la de sus familias, ingresar a un estado en el que no existe una adecuada regulaci\u00f3n para la venta de armas, lo que provoca la proliferaci\u00f3n y acceso indiscriminado a la compra de \u00e9stas, cuesti\u00f3n que aunado al clima xenof\u00f3bico que se ha manifestado, puede representar una amenaza para su seguridad.<\/p>\n<p style=\"text-align: justify;\">En el apartado de correspondencia, se turn\u00f3 a las diferentes comisiones legislativas la enviada por otros poderes del estado, ayuntamientos y organismos paramunicipales, y particulares.<\/p>\n<p style=\"text-align: justify;\">Agotados los asuntos, se cit\u00f3 a sesi\u00f3n de la Diputaci\u00f3n Permanente para el pr\u00f3ximo jueves 15 de agosto de 2019 a las 10:00 horas, en el sal\u00f3n de sesiones Ponciano Arriaga Leija, de Jard\u00edn Hidalgo 19.<\/p>\n","protected":false},"excerpt":{"rendered":"<p>SLP.- La diputada Sonia Mendoza D\u00edaz, presidenta de la Directiva, indic\u00f3 que se plantear\u00e1 convocar a un nuevo Periodo Extraordinario de Sesiones a finales del mes de agosto, una vez que se integre la agenda de asuntos planteadas por las diferentes comisiones legislativas. La diputada indic\u00f3 que se estar\u00e1n revisando los diferentes temas que son [&hellip;]<\/p>\n","protected":false},"author":2,"featured_media":46780,"comment_status":"open","ping_status":"closed","sticky":false,"template":"","format":"standard","meta":{"footnotes":""},"categories":[17],"tags":[109],"class_list":["post-46767","post","type-post","status-publish","format-standard","has-post-thumbnail","hentry","category-localesyregionales","tag-congreso-slp"],"yoast_head":"<!-- This site is optimized with the Yoast SEO plugin v27.4 - https:\/\/yoast.com\/product\/yoast-seo-wordpress\/ -->\n<title>Congreso del Estado plantea realizar nuevo Periodo Extraordinario - Canal 7 SLP - 2019<\/title>\n<meta name=\"robots\" content=\"index, follow, max-snippet:-1, max-image-preview:large, max-video-preview:-1\" \/>\n<link rel=\"canonical\" href=\"https:\/\/canal7slp.tv\/2019\/congreso-del-estado-plantea-realizar-nuevo-periodo-extraordinario\/\" \/>\n<meta property=\"og:locale\" content=\"es_ES\" \/>\n<meta property=\"og:type\" content=\"article\" \/>\n<meta property=\"og:title\" content=\"Congreso del Estado plantea realizar nuevo Periodo Extraordinario - Canal 7 SLP - 2019\" \/>\n<meta property=\"og:description\" content=\"SLP.- La diputada Sonia Mendoza D\u00edaz, presidenta de la Directiva, indic\u00f3 que se plantear\u00e1 convocar a un nuevo Periodo Extraordinario de Sesiones a finales del mes de agosto, una vez que se integre la agenda de asuntos planteadas por las diferentes comisiones legislativas. La diputada indic\u00f3 que se estar\u00e1n revisando los diferentes temas que son [&hellip;]\" \/>\n<meta property=\"og:url\" content=\"https:\/\/canal7slp.tv\/2019\/congreso-del-estado-plantea-realizar-nuevo-periodo-extraordinario\/\" \/>\n<meta property=\"og:site_name\" content=\"Canal 7 SLP - 2019\" \/>\n<meta property=\"article:publisher\" content=\"https:\/\/www.facebook.com\/CANAL7SLP\/\" \/>\n<meta property=\"article:published_time\" content=\"2019-08-08T23:12:42+00:00\" \/>\n<meta property=\"og:image\" content=\"https:\/\/canal7slp.tv\/2019\/wp-content\/uploads\/2019\/08\/c1-4.jpg\" \/>\n\t<meta property=\"og:image:width\" content=\"936\" \/>\n\t<meta property=\"og:image:height\" content=\"648\" \/>\n\t<meta property=\"og:image:type\" content=\"image\/jpeg\" \/>\n<meta name=\"author\" content=\"edicionweb\" \/>\n<meta name=\"twitter:card\" content=\"summary_large_image\" \/>\n<meta name=\"twitter:creator\" content=\"@canal7_slp\" \/>\n<meta name=\"twitter:site\" content=\"@canal7_slp\" \/>\n<meta name=\"twitter:label1\" content=\"Escrito por\" \/>\n\t<meta name=\"twitter:data1\" content=\"edicionweb\" \/>\n\t<meta name=\"twitter:label2\" content=\"Tiempo de lectura\" \/>\n\t<meta name=\"twitter:data2\" content=\"2 minutos\" \/>\n<script type=\"application\/ld+json\" class=\"yoast-schema-graph\">{\"@context\":\"https:\\\/\\\/schema.org\",\"@graph\":[{\"@type\":\"Article\",\"@id\":\"https:\\\/\\\/canal7slp.tv\\\/2019\\\/congreso-del-estado-plantea-realizar-nuevo-periodo-extraordinario\\\/#article\",\"isPartOf\":{\"@id\":\"https:\\\/\\\/canal7slp.tv\\\/2019\\\/congreso-del-estado-plantea-realizar-nuevo-periodo-extraordinario\\\/\"},\"author\":{\"name\":\"edicionweb\",\"@id\":\"https:\\\/\\\/canal7slp.tv\\\/2019\\\/#\\\/schema\\\/person\\\/11d941c1c6ca30ac0a46b95fa37aa2e3\"},\"headline\":\"Congreso del Estado plantea realizar nuevo Periodo Extraordinario\",\"datePublished\":\"2019-08-08T23:12:42+00:00\",\"mainEntityOfPage\":{\"@id\":\"https:\\\/\\\/canal7slp.tv\\\/2019\\\/congreso-del-estado-plantea-realizar-nuevo-periodo-extraordinario\\\/\"},\"wordCount\":438,\"commentCount\":0,\"publisher\":{\"@id\":\"https:\\\/\\\/canal7slp.tv\\\/2019\\\/#organization\"},\"image\":{\"@id\":\"https:\\\/\\\/canal7slp.tv\\\/2019\\\/congreso-del-estado-plantea-realizar-nuevo-periodo-extraordinario\\\/#primaryimage\"},\"thumbnailUrl\":\"https:\\\/\\\/canal7slp.tv\\\/2019\\\/wp-content\\\/uploads\\\/2019\\\/08\\\/c1-4.jpg\",\"keywords\":[\"Congreso SLP\"],\"articleSection\":[\"LOCALES Y REGIONALES\"],\"inLanguage\":\"es\",\"potentialAction\":[{\"@type\":\"CommentAction\",\"name\":\"Comment\",\"target\":[\"https:\\\/\\\/canal7slp.tv\\\/2019\\\/congreso-del-estado-plantea-realizar-nuevo-periodo-extraordinario\\\/#respond\"]}]},{\"@type\":\"WebPage\",\"@id\":\"https:\\\/\\\/canal7slp.tv\\\/2019\\\/congreso-del-estado-plantea-realizar-nuevo-periodo-extraordinario\\\/\",\"url\":\"https:\\\/\\\/canal7slp.tv\\\/2019\\\/congreso-del-estado-plantea-realizar-nuevo-periodo-extraordinario\\\/\",\"name\":\"Congreso del Estado plantea realizar nuevo Periodo Extraordinario - Canal 7 SLP - 2019\",\"isPartOf\":{\"@id\":\"https:\\\/\\\/canal7slp.tv\\\/2019\\\/#website\"},\"primaryImageOfPage\":{\"@id\":\"https:\\\/\\\/canal7slp.tv\\\/2019\\\/congreso-del-estado-plantea-realizar-nuevo-periodo-extraordinario\\\/#primaryimage\"},\"image\":{\"@id\":\"https:\\\/\\\/canal7slp.tv\\\/2019\\\/congreso-del-estado-plantea-realizar-nuevo-periodo-extraordinario\\\/#primaryimage\"},\"thumbnailUrl\":\"https:\\\/\\\/canal7slp.tv\\\/2019\\\/wp-content\\\/uploads\\\/2019\\\/08\\\/c1-4.jpg\",\"datePublished\":\"2019-08-08T23:12:42+00:00\",\"breadcrumb\":{\"@id\":\"https:\\\/\\\/canal7slp.tv\\\/2019\\\/congreso-del-estado-plantea-realizar-nuevo-periodo-extraordinario\\\/#breadcrumb\"},\"inLanguage\":\"es\",\"potentialAction\":[{\"@type\":\"ReadAction\",\"target\":[\"https:\\\/\\\/canal7slp.tv\\\/2019\\\/congreso-del-estado-plantea-realizar-nuevo-periodo-extraordinario\\\/\"]}]},{\"@type\":\"ImageObject\",\"inLanguage\":\"es\",\"@id\":\"https:\\\/\\\/canal7slp.tv\\\/2019\\\/congreso-del-estado-plantea-realizar-nuevo-periodo-extraordinario\\\/#primaryimage\",\"url\":\"https:\\\/\\\/canal7slp.tv\\\/2019\\\/wp-content\\\/uploads\\\/2019\\\/08\\\/c1-4.jpg\",\"contentUrl\":\"https:\\\/\\\/canal7slp.tv\\\/2019\\\/wp-content\\\/uploads\\\/2019\\\/08\\\/c1-4.jpg\",\"width\":936,\"height\":648},{\"@type\":\"BreadcrumbList\",\"@id\":\"https:\\\/\\\/canal7slp.tv\\\/2019\\\/congreso-del-estado-plantea-realizar-nuevo-periodo-extraordinario\\\/#breadcrumb\",\"itemListElement\":[{\"@type\":\"ListItem\",\"position\":1,\"name\":\"Home\",\"item\":\"https:\\\/\\\/canal7slp.tv\\\/2019\\\/\"},{\"@type\":\"ListItem\",\"position\":2,\"name\":\"Congreso del Estado plantea realizar nuevo Periodo Extraordinario\"}]},{\"@type\":\"WebSite\",\"@id\":\"https:\\\/\\\/canal7slp.tv\\\/2019\\\/#website\",\"url\":\"https:\\\/\\\/canal7slp.tv\\\/2019\\\/\",\"name\":\"Canal 7 SLP - Somos TV\",\"description\":\"Somos un Canal de 10\",\"publisher\":{\"@id\":\"https:\\\/\\\/canal7slp.tv\\\/2019\\\/#organization\"},\"potentialAction\":[{\"@type\":\"SearchAction\",\"target\":{\"@type\":\"EntryPoint\",\"urlTemplate\":\"https:\\\/\\\/canal7slp.tv\\\/2019\\\/?s={search_term_string}\"},\"query-input\":{\"@type\":\"PropertyValueSpecification\",\"valueRequired\":true,\"valueName\":\"search_term_string\"}}],\"inLanguage\":\"es\"},{\"@type\":\"Organization\",\"@id\":\"https:\\\/\\\/canal7slp.tv\\\/2019\\\/#organization\",\"name\":\"Comunicaci\u00f3n 2000 S.A. de C.V.\",\"url\":\"https:\\\/\\\/canal7slp.tv\\\/2019\\\/\",\"logo\":{\"@type\":\"ImageObject\",\"inLanguage\":\"es\",\"@id\":\"https:\\\/\\\/canal7slp.tv\\\/2019\\\/#\\\/schema\\\/logo\\\/image\\\/\",\"url\":\"https:\\\/\\\/canal7slp.tv\\\/2019\\\/wp-content\\\/uploads\\\/2019\\\/07\\\/logo-c7.png\",\"contentUrl\":\"https:\\\/\\\/canal7slp.tv\\\/2019\\\/wp-content\\\/uploads\\\/2019\\\/07\\\/logo-c7.png\",\"width\":220,\"height\":60,\"caption\":\"Comunicaci\u00f3n 2000 S.A. de C.V.\"},\"image\":{\"@id\":\"https:\\\/\\\/canal7slp.tv\\\/2019\\\/#\\\/schema\\\/logo\\\/image\\\/\"},\"sameAs\":[\"https:\\\/\\\/www.facebook.com\\\/CANAL7SLP\\\/\",\"https:\\\/\\\/x.com\\\/canal7_slp\",\"https:\\\/\\\/www.instagram.com\\\/canal7_slp\",\"https:\\\/\\\/www.youtube.com\\\/user\\\/NOTICIEROSCANAL7SLP\\\/\"]},{\"@type\":\"Person\",\"@id\":\"https:\\\/\\\/canal7slp.tv\\\/2019\\\/#\\\/schema\\\/person\\\/11d941c1c6ca30ac0a46b95fa37aa2e3\",\"name\":\"edicionweb\",\"image\":{\"@type\":\"ImageObject\",\"inLanguage\":\"es\",\"@id\":\"https:\\\/\\\/secure.gravatar.com\\\/avatar\\\/eee448fc3f7164808013b816ba91ac7e43bbe82a70bebac296f8bc6f0addaa1a?s=96&d=mm&r=g\",\"url\":\"https:\\\/\\\/secure.gravatar.com\\\/avatar\\\/eee448fc3f7164808013b816ba91ac7e43bbe82a70bebac296f8bc6f0addaa1a?s=96&d=mm&r=g\",\"contentUrl\":\"https:\\\/\\\/secure.gravatar.com\\\/avatar\\\/eee448fc3f7164808013b816ba91ac7e43bbe82a70bebac296f8bc6f0addaa1a?s=96&d=mm&r=g\",\"caption\":\"edicionweb\"}}]}<\/script>\n<!-- \/ Yoast SEO plugin. -->","yoast_head_json":{"title":"Congreso del Estado plantea realizar nuevo Periodo Extraordinario - Canal 7 SLP - 2019","robots":{"index":"index","follow":"follow","max-snippet":"max-snippet:-1","max-image-preview":"max-image-preview:large","max-video-preview":"max-video-preview:-1"},"canonical":"https:\/\/canal7slp.tv\/2019\/congreso-del-estado-plantea-realizar-nuevo-periodo-extraordinario\/","og_locale":"es_ES","og_type":"article","og_title":"Congreso del Estado plantea realizar nuevo Periodo Extraordinario - Canal 7 SLP - 2019","og_description":"SLP.- La diputada Sonia Mendoza D\u00edaz, presidenta de la Directiva, indic\u00f3 que se plantear\u00e1 convocar a un nuevo Periodo Extraordinario de Sesiones a finales del mes de agosto, una vez que se integre la agenda de asuntos planteadas por las diferentes comisiones legislativas. La diputada indic\u00f3 que se estar\u00e1n revisando los diferentes temas que son [&hellip;]","og_url":"https:\/\/canal7slp.tv\/2019\/congreso-del-estado-plantea-realizar-nuevo-periodo-extraordinario\/","og_site_name":"Canal 7 SLP - 2019","article_publisher":"https:\/\/www.facebook.com\/CANAL7SLP\/","article_published_time":"2019-08-08T23:12:42+00:00","og_image":[{"width":936,"height":648,"url":"https:\/\/canal7slp.tv\/2019\/wp-content\/uploads\/2019\/08\/c1-4.jpg","type":"image\/jpeg"}],"author":"edicionweb","twitter_card":"summary_large_image","twitter_creator":"@canal7_slp","twitter_site":"@canal7_slp","twitter_misc":{"Escrito por":"edicionweb","Tiempo de lectura":"2 minutos"},"schema":{"@context":"https:\/\/schema.org","@graph":[{"@type":"Article","@id":"https:\/\/canal7slp.tv\/2019\/congreso-del-estado-plantea-realizar-nuevo-periodo-extraordinario\/#article","isPartOf":{"@id":"https:\/\/canal7slp.tv\/2019\/congreso-del-estado-plantea-realizar-nuevo-periodo-extraordinario\/"},"author":{"name":"edicionweb","@id":"https:\/\/canal7slp.tv\/2019\/#\/schema\/person\/11d941c1c6ca30ac0a46b95fa37aa2e3"},"headline":"Congreso del Estado plantea realizar nuevo Periodo Extraordinario","datePublished":"2019-08-08T23:12:42+00:00","mainEntityOfPage":{"@id":"https:\/\/canal7slp.tv\/2019\/congreso-del-estado-plantea-realizar-nuevo-periodo-extraordinario\/"},"wordCount":438,"commentCount":0,"publisher":{"@id":"https:\/\/canal7slp.tv\/2019\/#organization"},"image":{"@id":"https:\/\/canal7slp.tv\/2019\/congreso-del-estado-plantea-realizar-nuevo-periodo-extraordinario\/#primaryimage"},"thumbnailUrl":"https:\/\/canal7slp.tv\/2019\/wp-content\/uploads\/2019\/08\/c1-4.jpg","keywords":["Congreso SLP"],"articleSection":["LOCALES Y REGIONALES"],"inLanguage":"es","potentialAction":[{"@type":"CommentAction","name":"Comment","target":["https:\/\/canal7slp.tv\/2019\/congreso-del-estado-plantea-realizar-nuevo-periodo-extraordinario\/#respond"]}]},{"@type":"WebPage","@id":"https:\/\/canal7slp.tv\/2019\/congreso-del-estado-plantea-realizar-nuevo-periodo-extraordinario\/","url":"https:\/\/canal7slp.tv\/2019\/congreso-del-estado-plantea-realizar-nuevo-periodo-extraordinario\/","name":"Congreso del Estado plantea realizar nuevo Periodo Extraordinario - Canal 7 SLP - 2019","isPartOf":{"@id":"https:\/\/canal7slp.tv\/2019\/#website"},"primaryImageOfPage":{"@id":"https:\/\/canal7slp.tv\/2019\/congreso-del-estado-plantea-realizar-nuevo-periodo-extraordinario\/#primaryimage"},"image":{"@id":"https:\/\/canal7slp.tv\/2019\/congreso-del-estado-plantea-realizar-nuevo-periodo-extraordinario\/#primaryimage"},"thumbnailUrl":"https:\/\/canal7slp.tv\/2019\/wp-content\/uploads\/2019\/08\/c1-4.jpg","datePublished":"2019-08-08T23:12:42+00:00","breadcrumb":{"@id":"https:\/\/canal7slp.tv\/2019\/congreso-del-estado-plantea-realizar-nuevo-periodo-extraordinario\/#breadcrumb"},"inLanguage":"es","potentialAction":[{"@type":"ReadAction","target":["https:\/\/canal7slp.tv\/2019\/congreso-del-estado-plantea-realizar-nuevo-periodo-extraordinario\/"]}]},{"@type":"ImageObject","inLanguage":"es","@id":"https:\/\/canal7slp.tv\/2019\/congreso-del-estado-plantea-realizar-nuevo-periodo-extraordinario\/#primaryimage","url":"https:\/\/canal7slp.tv\/2019\/wp-content\/uploads\/2019\/08\/c1-4.jpg","contentUrl":"https:\/\/canal7slp.tv\/2019\/wp-content\/uploads\/2019\/08\/c1-4.jpg","width":936,"height":648},{"@type":"BreadcrumbList","@id":"https:\/\/canal7slp.tv\/2019\/congreso-del-estado-plantea-realizar-nuevo-periodo-extraordinario\/#breadcrumb","itemListElement":[{"@type":"ListItem","position":1,"name":"Home","item":"https:\/\/canal7slp.tv\/2019\/"},{"@type":"ListItem","position":2,"name":"Congreso del Estado plantea realizar nuevo Periodo Extraordinario"}]},{"@type":"WebSite","@id":"https:\/\/canal7slp.tv\/2019\/#website","url":"https:\/\/canal7slp.tv\/2019\/","name":"Canal 7 SLP - Somos TV","description":"Somos un Canal de 10","publisher":{"@id":"https:\/\/canal7slp.tv\/2019\/#organization"},"potentialAction":[{"@type":"SearchAction","target":{"@type":"EntryPoint","urlTemplate":"https:\/\/canal7slp.tv\/2019\/?s={search_term_string}"},"query-input":{"@type":"PropertyValueSpecification","valueRequired":true,"valueName":"search_term_string"}}],"inLanguage":"es"},{"@type":"Organization","@id":"https:\/\/canal7slp.tv\/2019\/#organization","name":"Comunicaci\u00f3n 2000 S.A. de C.V.","url":"https:\/\/canal7slp.tv\/2019\/","logo":{"@type":"ImageObject","inLanguage":"es","@id":"https:\/\/canal7slp.tv\/2019\/#\/schema\/logo\/image\/","url":"https:\/\/canal7slp.tv\/2019\/wp-content\/uploads\/2019\/07\/logo-c7.png","contentUrl":"https:\/\/canal7slp.tv\/2019\/wp-content\/uploads\/2019\/07\/logo-c7.png","width":220,"height":60,"caption":"Comunicaci\u00f3n 2000 S.A. de C.V."},"image":{"@id":"https:\/\/canal7slp.tv\/2019\/#\/schema\/logo\/image\/"},"sameAs":["https:\/\/www.facebook.com\/CANAL7SLP\/","https:\/\/x.com\/canal7_slp","https:\/\/www.instagram.com\/canal7_slp","https:\/\/www.youtube.com\/user\/NOTICIEROSCANAL7SLP\/"]},{"@type":"Person","@id":"https:\/\/canal7slp.tv\/2019\/#\/schema\/person\/11d941c1c6ca30ac0a46b95fa37aa2e3","name":"edicionweb","image":{"@type":"ImageObject","inLanguage":"es","@id":"https:\/\/secure.gravatar.com\/avatar\/eee448fc3f7164808013b816ba91ac7e43bbe82a70bebac296f8bc6f0addaa1a?s=96&d=mm&r=g","url":"https:\/\/secure.gravatar.com\/avatar\/eee448fc3f7164808013b816ba91ac7e43bbe82a70bebac296f8bc6f0addaa1a?s=96&d=mm&r=g","contentUrl":"https:\/\/secure.gravatar.com\/avatar\/eee448fc3f7164808013b816ba91ac7e43bbe82a70bebac296f8bc6f0addaa1a?s=96&d=mm&r=g","caption":"edicionweb"}}]}},"amp_enabled":true,"cmb2":{"video_ids_in_playlist":{"vid_p_videos":""},"video_ids_in_channel":{"vid_c_videos":""},"playlist_ids_in_channel":{"vid_c_playlists":""},"series_ids_in_channel":{"vid_c_series":""},"channel_images":{"vid_c_logo":"","vid_c_banner":""},"poster_feature_image":{"vid_m_poster_image":""},"gif_feature_image":{"vid_m_gif_image":""},"video_movie_settings":{"vid_m_director":"","vid_m_actor":"","vid_m_imdb_ratings":"","vid_m_amazon_associates":""},"vid_youtube_broadcasts_settings":{"vid_yb_broadcast_title":"","vid_yb_q":"","vid_yb_channelid":"","vid_yb_videocategoryid":"","vid_yb_maxresults":"","vid_yb_order":"","vid_yb_regioncode":"","vid_yb_videosyndicated":"","vid_yb_style":"","vid_yb_reload_first":""},"video_series_settings":{"vid_m_director":"","vid_m_actor":"","vid_m_imdb_ratings":"","video_series_group":""},"amazon_associates_settings":{"amazon_associates":"","amazon_native_ad":""},"vid_youtube_automatic_settings":{"vid_ya_youtube_source":"","vid_ya_update_every":"","vid_ya_update_unit":"","vid_ya_categories":"","vid_ya_published_after":"","vid_ya_published_before":"","vid_ya_playlists":"","vid_ya_channels":"","vid_ya_director":"","vid_ya_actor":"","vid_ya_author":"","vid_ya_import_post_date":"","vid_ya_status":"","vid_ya_sub_api_key":""},"vid_ads_m_videoads_settings_post":{"vid_ads_m_video_ads":"","vid_ads_m_video_ads_type":"","vid_ads_m_group_google_ima":"","vid_ads_m_group_image":"","vid_ads_m_group_html5_video":"","vid_ads_m_group_html":"","vid_ads_m_vast_preroll":"","vid_ads_m_vast_postroll":"","vid_ads_m_vast_pauseroll":"","vid_ads_m_vast_midroll":[{"vid_ads_m_vast_timer_seconds":"50"}],"vid_ads_m_time_to_show_ads":"","vid_ads_m_time_skip_ads":"","vid_ads_m_time_to_hide_ads":""},"page_slider_settings":{"display_slider_group":"","page_slider_group":""},"blog_page_settings":{"blog_page_title":"","blog_page_heading":"","blog_page_ic":"","blog_page_it":"","blog_page_ec":"","blog_page_ip":"","archive_loop_style":"","blog_image_ratio":"","blog_show_categories":"","blog_show_excerpt":"","blog_show_author":"","blog_show_date":"","blog_show_comment_count":"","blog_show_view_count":"","blog_show_like_count":"","blog_show_dislike_count":"","blog_items_per_page":"","blog_pag_type":""},"page_options":{"get_page_template":"","color_mode":"","main_layout":"","main_layout_full_with":"","main_logo":"","main_logo_retina":"","main_logo_mobile":"","main_logo_mobile_retina":"","sticky_logo":"","sticky_logo_retina":"","main_nav_layout":"","ajax_search":"","header_background":"","theme_sidebar":"","instagram_feed":"","instagram_feed_position":"","popular_videos":"","popular_videos_title_1":"","popular_videos_title_2":"","popular_videos_ic":"","popular_videos_it":"","theme_background":"","page_custom_css":""},"feature_image_settings":{"feature_image_position":""},"video_player_settings":{"single_video_style":"","video_player_position":"","vm_video_url":"","video_player_library":"","video_streaming":"","vm_media_sources":"","vid_auto_play":"","vm_video_shortcode":"","vid_p_sync_playlist":"","vid_c_sync_channel":"","get_post_format":"","multiple_links_structure":"default","multi_links_title":"","vm_video_multi_links":"","vm_duration":"","vid_social_locker":"off","vid_social_locker_id":"","vid_membership_action":"content-video","vm_video_trailer_url":"","vid_download_type":"free","vid_download_target":"download","vid_woo_product":"","vm_media_download":"","user_rating":"","user_rating_position":"","user_rating_mode":"","user_rating_multi_sets":""},"video_auto_fetch_settings":{"vm_video_fetch":"on"},"video_fake_views_likes":{"vm_fake_views":"","vm_fake_likes":"","vm_fake_dislikes":""},"gallery_settings":{"gallery_position":""},"quote_settings":{"quote_position":""},"post_options":{"main_layout":"","main_logo":"","main_logo_retina":"","main_logo_mobile":"","main_logo_mobile_retina":"","sticky_logo":"","sticky_logo_retina":"","main_nav_layout":"","header_background":"","theme_sidebar":"","single_post_comment_type":"","theme_background":""}},"_links":{"self":[{"href":"https:\/\/canal7slp.tv\/2019\/wp-json\/wp\/v2\/posts\/46767","targetHints":{"allow":["GET"]}}],"collection":[{"href":"https:\/\/canal7slp.tv\/2019\/wp-json\/wp\/v2\/posts"}],"about":[{"href":"https:\/\/canal7slp.tv\/2019\/wp-json\/wp\/v2\/types\/post"}],"author":[{"embeddable":true,"href":"https:\/\/canal7slp.tv\/2019\/wp-json\/wp\/v2\/users\/2"}],"replies":[{"embeddable":true,"href":"https:\/\/canal7slp.tv\/2019\/wp-json\/wp\/v2\/comments?post=46767"}],"version-history":[{"count":0,"href":"https:\/\/canal7slp.tv\/2019\/wp-json\/wp\/v2\/posts\/46767\/revisions"}],"wp:featuredmedia":[{"embeddable":true,"href":"https:\/\/canal7slp.tv\/2019\/wp-json\/wp\/v2\/media\/46780"}],"wp:attachment":[{"href":"https:\/\/canal7slp.tv\/2019\/wp-json\/wp\/v2\/media?parent=46767"}],"wp:term":[{"taxonomy":"category","embeddable":true,"href":"https:\/\/canal7slp.tv\/2019\/wp-json\/wp\/v2\/categories?post=46767"},{"taxonomy":"post_tag","embeddable":true,"href":"https:\/\/canal7slp.tv\/2019\/wp-json\/wp\/v2\/tags?post=46767"}],"curies":[{"name":"wp","href":"https:\/\/api.w.org\/{rel}","templated":true}]}}